{"id":88659,"date":"2018-01-23T16:42:23","date_gmt":"2018-01-23T16:42:23","guid":{"rendered":"http:\/\/candas365.es\/noticias\/?p=88659"},"modified":"2018-01-23T16:59:59","modified_gmt":"2018-01-23T16:59:59","slug":"adjudicadas-las-mejoras-de-la-nave-municipal-de-la-matiella","status":"publish","type":"post","link":"https:\/\/candas365.es\/noticias\/adjudicadas-las-mejoras-de-la-nave-municipal-de-la-matiella\/","title":{"rendered":"Adjudicadas las mejoras de la nave municipal de La Matiella"},"content":{"rendered":"<p><img fetchpriority=\"high\" decoding=\"async\" class=\"alignleft size-medium wp-image-88660\" src=\"https:\/\/candas365.es\/noticias\/wp-content\/uploads\/2018\/01\/IMG_7250-360x270.jpg\" alt=\"\" width=\"360\" height=\"270\" srcset=\"https:\/\/candas365.es\/noticias\/wp-content\/uploads\/2018\/01\/IMG_7250-360x270.jpg 360w, https:\/\/candas365.es\/noticias\/wp-content\/uploads\/2018\/01\/IMG_7250-80x60.jpg 80w, https:\/\/candas365.es\/noticias\/wp-content\/uploads\/2018\/01\/IMG_7250-265x198.jpg 265w, https:\/\/candas365.es\/noticias\/wp-content\/uploads\/2018\/01\/IMG_7250-696x522.jpg 696w, https:\/\/candas365.es\/noticias\/wp-content\/uploads\/2018\/01\/IMG_7250-1068x801.jpg 1068w, https:\/\/candas365.es\/noticias\/wp-content\/uploads\/2018\/01\/IMG_7250-560x420.jpg 560w, https:\/\/candas365.es\/noticias\/wp-content\/uploads\/2018\/01\/IMG_7250-768x576.jpg 768w, https:\/\/candas365.es\/noticias\/wp-content\/uploads\/2018\/01\/IMG_7250-640x480.jpg 640w, https:\/\/candas365.es\/noticias\/wp-content\/uploads\/2018\/01\/IMG_7250-90x67.jpg 90w, https:\/\/candas365.es\/noticias\/wp-content\/uploads\/2018\/01\/IMG_7250.jpg 1280w\" sizes=\"(max-width: 360px) 100vw, 360px\" \/>\u201cLa intervenci\u00f3n en el inmueble responde a la finalidad de mejorar la impermeabilizaci\u00f3n del edificio mediante la aplicaci\u00f3n en la cubierta met\u00e1lica de una membrana de poliurea para formar una membrana s\u00f3lida, completamente continua, sin juntas ni solapes, de alta densidad, resistencia, elasticidad y excelentes cualidades mec\u00e1nicas. Se sustituir\u00e1n los pesebrones por otros de chapa que servir\u00e1n para rematar los petos de las fachadas\u201d \u2013 explic\u00f3 Simi Velasco, edil de obras.<\/p>\n<p>\u201cIgualmente se pretenden sustituir todas las carpinter\u00edas exteriores que se encuentran en muy mal estado de conservaci\u00f3n y picar las cargas de los cerramientos exteriores que est\u00e1n llenos de humedad debido a las filtraciones de la cubierta para posteriormente volver a enfoscar los cerramientos y aplicarles un acabado en pintura\u201d \u2013 a\u00f1adi\u00f3 el edil.<\/p>\n<p>La nave municipal situada en La Matiella es una construcci\u00f3n industrial que en su origen fue almac\u00e9n frigor\u00edfico de una marca de helados, y que conserva de esa \u00e9poca unas m\u00e9nsulas en los pilares de hormig\u00f3n que sustentaban un puente gr\u00faa. En el a\u00f1o 2009 fue sometida a obras de refuerzo y reparaci\u00f3n de la estructura tanto de cubierta como de refuerzo de la cimentaci\u00f3n. El edificio tiene una planta sensiblemente rectangular, de dimensiones aproximadas de 50.4 x 13.5m, adosado por su lado izquierdo al cierre de la parcela colindante. Se distribuye en una sola planta di\u00e1fana, aunque cuenta con tres peque\u00f1as edificaciones en el interior, dos en la zona de acceso destinadas a almac\u00e9n y oficinas, esta \u00faltima dispone de dos alturas y la tercera situada al fondo de la nave destinada a ba\u00f1os y aseos. La estructura del edificio se compone de pilares rectangulares de hormig\u00f3n sobre los que se apoyan cerchas met\u00e1licas. La cimentaci\u00f3n est\u00e1 formada por zapatas corridas medianeras bajo el murete de hormig\u00f3n armado del que nacen los pilares. La cubierta se resuelve con chapa grecada dispuesta sobre las correas met\u00e1licas que se apoyan en las cerchas. Entre los pilares se desarrolla el cerramiento de una hoja de f\u00e1brica de ladrillo.<\/p>\n<p>La solera de la nave tiene dos niveles, la zona de acceso desde la calle se encuentra al nivel de la acera, a este nivel se encuentran las dos edificaciones antes descritas, unida por una rampa con una pendiente del 15%, se dispone un segundo nivel 30 cm m\u00e1s alto que ocupa el resto de la nave a excepci\u00f3n de un foso de 1,50 metros de ancho situado adosado al cierre lateral suroeste. Al fondo de la nave en el lateral de la edificaci\u00f3n de los vestuarios la solera vuelve a bajar a la cota inferior a trav\u00e9s de otra rampa tal y como se refleja en los planos del estado actual.<\/p>\n<p>\u201c En el interior de la nave se ejecutar\u00e1 una solera de 30 cent\u00edmetros para igualar la rasante interior actual eliminando pelda\u00f1os y fosos existentes. Desde las dos zonas de acceso de la nave tanto la delantera como la trasera, que se mantienen con la rasante exterior se proyectan unas rampas de hormig\u00f3n que cumplen con el decreto de accesibilidad. Sobre todo el espacio interior de la nave se aplicar\u00e1 un pavimento continuo de hormig\u00f3n semicurado, fratasado y pulido a m\u00e1quina, con aditivo de cuarzo y corind\u00f3n endurecedor, de color gris. Y por \u00faltimo se demoler\u00e1n los actuales vestuarios para ejecutar unos nuevos que cumplan con la normativa de accesibilidad\u201d &#8211; \u201d \u2013 a\u00f1adi\u00f3 el concejal.<\/p>\n<p>En primer lugar ser\u00e1 necesaria la limpieza de la cubierta mediante chorro de arena, el desmontaje de todas las carpinter\u00edas exteriores a excepci\u00f3n del port\u00f3n principal y la demolici\u00f3n de los tabiques interiores de los actuales vestuarios, los vest\u00edbulos previos a dichos vestuarios as\u00ed como el almac\u00e9n de la entrada. Se levantar\u00e1n los revestimientos de los tabiques que no se demuelen y los pavimentos de la zona de aseos incluso su solera para dejar vistas las instalaciones de saneamiento.<\/p>\n<p>Ser\u00e1 necesario demoler parcialmente la actual solera para posteriormente ejecutar las rampas con las pendientes accesibles y necesarias. Se proceder\u00e1 a la retirada y limpieza total de escombros para su posterior traslado a vertedero autorizado y se vallar\u00e1 la zona de acceso, localizando en el lugar m\u00e1s adecuado la entrada para el paso de personal de obra y materiales. Igualmente se colocar\u00e1n, en lugar visible y junto al citado acceso, se\u00f1ales indicativas de prohibici\u00f3n de paso a toda persona ajena a la obra, as\u00ed como del uso obligatorio del casco de seguridad.<\/p>\n<p>Para la ejecuci\u00f3n de estas obras de rehabilitaci\u00f3n y reparaci\u00f3n de la nave municipal se realiz\u00f3 la licitaci\u00f3n correspondiente. Resultando adjudicataria de dichas obras la empresa Ingenieros, Construcciones y Naves, S.L. El importe de adjudicaci\u00f3n resultante asciende a 113.901,03 \u20ac IVA incluido.<\/p>\n<p>El plazo m\u00e1ximo de ejecuci\u00f3n de las obras ser\u00e1 de 2 meses, a contar a partir de la fecha de la firma del acta de comprobaci\u00f3n y replanteo de las mismas.<\/p>\n<p>&nbsp;<\/p>\n","protected":false},"excerpt":{"rendered":"<p>\u201cLa intervenci\u00f3n en el inmueble responde a la finalidad de mejorar la impermeabilizaci\u00f3n del edificio mediante la aplicaci\u00f3n en la cubierta met\u00e1lica de una membrana de poliurea para formar una membrana s\u00f3lida, completamente continua, sin juntas ni solapes, de alta densidad, resistencia, elasticidad y excelentes cualidades mec\u00e1nicas. Se sustituir\u00e1n los pesebrones por otros de chapa<\/p>\n","protected":false},"author":1,"featured_media":88660,"comment_status":"closed","ping_status":"closed","sticky":false,"template":"","format":"standard","meta":{"footnotes":""},"categories":[316,2],"tags":[],"class_list":{"0":"post-88659","1":"post","2":"type-post","3":"status-publish","4":"format-standard","5":"has-post-thumbnail","7":"category-destacadas","8":"category-noticias-carreno"},"aioseo_notices":[],"aioseo_head":"\n\t\t<!-- All in One SEO Pro 4.9.6.2 - aioseo.com -->\n\t<meta name=\"description\" content=\"\u201cLa intervenci\u00f3n en el inmueble responde a la finalidad de mejorar la impermeabilizaci\u00f3n del edificio mediante la aplicaci\u00f3n en la cubierta met\u00e1lica de una membrana de poliurea para formar una membrana s\u00f3lida, completamente continua, sin juntas ni solapes, de alta densidad, resistencia, elasticidad y excelentes cualidades mec\u00e1nicas. Se sustituir\u00e1n los pesebrones por otros de chapa\" \/>\n\t<meta name=\"robots\" content=\"max-image-preview:large\" \/>\n\t<meta name=\"author\" content=\"Cand\u00e1s 365\"\/>\n\t<meta name=\"google-site-verification\" content=\"UA-32230408-1\" \/>\n\t<meta name=\"msvalidate.01\" content=\"354F3CDFB2DA171B47FBE9ABF1F88D5\" \/>\n\t<meta name=\"keywords\" content=\"destacadas,noticias carre\u00f1o\" \/>\n\t<link rel=\"canonical\" href=\"https:\/\/candas365.es\/noticias\/adjudicadas-las-mejoras-de-la-nave-municipal-de-la-matiella\/\" \/>\n\t<meta name=\"generator\" content=\"All in One SEO Pro (AIOSEO) 4.9.6.2\" \/>\n\t\t<meta property=\"og:locale\" content=\"es_ES\" \/>\n\t\t<meta property=\"og:site_name\" content=\"Cand\u00e1s 365\" \/>\n\t\t<meta property=\"og:type\" content=\"article\" \/>\n\t\t<meta property=\"og:title\" content=\"Adjudicadas las mejoras de la nave municipal de La Matiella | Cand\u00e1s 365\" \/>\n\t\t<meta property=\"og:description\" content=\"\u201cLa intervenci\u00f3n en el inmueble responde a la finalidad de mejorar la impermeabilizaci\u00f3n del edificio mediante la aplicaci\u00f3n en la cubierta met\u00e1lica de una membrana de poliurea para formar una membrana s\u00f3lida, completamente continua, sin juntas ni solapes, de alta densidad, resistencia, elasticidad y excelentes cualidades mec\u00e1nicas. Se sustituir\u00e1n los pesebrones por otros de chapa\" \/>\n\t\t<meta property=\"og:url\" content=\"https:\/\/candas365.es\/noticias\/adjudicadas-las-mejoras-de-la-nave-municipal-de-la-matiella\/\" \/>\n\t\t<meta property=\"og:image\" content=\"https:\/\/candas365.es\/noticias\/wp-content\/uploads\/2018\/01\/IMG_7250.jpg\" \/>\n\t\t<meta property=\"og:image:secure_url\" content=\"https:\/\/candas365.es\/noticias\/wp-content\/uploads\/2018\/01\/IMG_7250.jpg\" \/>\n\t\t<meta property=\"og:image:width\" content=\"1280\" \/>\n\t\t<meta property=\"og:image:height\" content=\"960\" \/>\n\t\t<meta property=\"article:published_time\" content=\"2018-01-23T16:42:23+00:00\" \/>\n\t\t<meta property=\"article:modified_time\" content=\"2018-01-23T16:59:59+00:00\" \/>\n\t\t<meta property=\"article:publisher\" content=\"https:\/\/www.facebook.com\/Nachofdezber\" \/>\n\t\t<meta property=\"article:author\" content=\"https:\/\/www.facebook.com\/carrenoactualidad\" \/>\n\t\t<meta name=\"twitter:card\" content=\"summary_large_image\" \/>\n\t\t<meta name=\"twitter:site\" content=\"@NabercoDigital\" \/>\n\t\t<meta name=\"twitter:title\" content=\"Adjudicadas las mejoras de la nave municipal de La Matiella | Cand\u00e1s 365\" \/>\n\t\t<meta name=\"twitter:description\" content=\"\u201cLa intervenci\u00f3n en el inmueble responde a la finalidad de mejorar la impermeabilizaci\u00f3n del edificio mediante la aplicaci\u00f3n en la cubierta met\u00e1lica de una membrana de poliurea para formar una membrana s\u00f3lida, completamente continua, sin juntas ni solapes, de alta densidad, resistencia, elasticidad y excelentes cualidades mec\u00e1nicas. Se sustituir\u00e1n los pesebrones por otros de chapa\" \/>\n\t\t<meta name=\"twitter:creator\" content=\"@nbasturias\" \/>\n\t\t<meta name=\"twitter:image\" content=\"https:\/\/candas365.es\/noticias\/wp-content\/uploads\/2018\/01\/IMG_7250.jpg\" \/>\n\t\t<meta name=\"twitter:label1\" content=\"Escrito por\" \/>\n\t\t<meta name=\"twitter:data1\" content=\"Cand\u00e1s 365\" \/>\n\t\t<meta name=\"twitter:label2\" content=\"Tiempo de lectura estimado\" \/>\n\t\t<meta name=\"twitter:data2\" content=\"4 minutos\" \/>\n\t\t<script type=\"application\/ld+json\" class=\"aioseo-schema\">\n\t\t\t{\"@context\":\"https:\\\/\\\/schema.org\",\"@graph\":[{\"@type\":\"BreadcrumbList\",\"@id\":\"https:\\\/\\\/candas365.es\\\/noticias\\\/adjudicadas-las-mejoras-de-la-nave-municipal-de-la-matiella\\\/#breadcrumblist\",\"itemListElement\":[{\"@type\":\"ListItem\",\"@id\":\"https:\\\/\\\/candas365.es\\\/noticias#listItem\",\"position\":1,\"name\":\"Home\",\"item\":\"https:\\\/\\\/candas365.es\\\/noticias\",\"nextItem\":{\"@type\":\"ListItem\",\"@id\":\"https:\\\/\\\/candas365.es\\\/noticias\\\/category\\\/noticias-carreno\\\/#listItem\",\"name\":\"Noticias Carre\\u00f1o\"}},{\"@type\":\"ListItem\",\"@id\":\"https:\\\/\\\/candas365.es\\\/noticias\\\/category\\\/noticias-carreno\\\/#listItem\",\"position\":2,\"name\":\"Noticias Carre\\u00f1o\",\"item\":\"https:\\\/\\\/candas365.es\\\/noticias\\\/category\\\/noticias-carreno\\\/\",\"nextItem\":{\"@type\":\"ListItem\",\"@id\":\"https:\\\/\\\/candas365.es\\\/noticias\\\/adjudicadas-las-mejoras-de-la-nave-municipal-de-la-matiella\\\/#listItem\",\"name\":\"Adjudicadas las mejoras de la nave municipal de La Matiella\"},\"previousItem\":{\"@type\":\"ListItem\",\"@id\":\"https:\\\/\\\/candas365.es\\\/noticias#listItem\",\"name\":\"Home\"}},{\"@type\":\"ListItem\",\"@id\":\"https:\\\/\\\/candas365.es\\\/noticias\\\/adjudicadas-las-mejoras-de-la-nave-municipal-de-la-matiella\\\/#listItem\",\"position\":3,\"name\":\"Adjudicadas las mejoras de la nave municipal de La Matiella\",\"previousItem\":{\"@type\":\"ListItem\",\"@id\":\"https:\\\/\\\/candas365.es\\\/noticias\\\/category\\\/noticias-carreno\\\/#listItem\",\"name\":\"Noticias Carre\\u00f1o\"}}]},{\"@type\":\"NewsArticle\",\"@id\":\"https:\\\/\\\/candas365.es\\\/noticias\\\/adjudicadas-las-mejoras-de-la-nave-municipal-de-la-matiella\\\/#newsarticle\",\"name\":\"Adjudicadas las mejoras de la nave municipal de La Matiella | Cand\\u00e1s 365\",\"headline\":\"Adjudicadas las mejoras de la nave municipal de La Matiella\",\"author\":{\"@id\":\"https:\\\/\\\/candas365.es\\\/noticias\\\/author\\\/admin\\\/#author\"},\"publisher\":{\"@id\":\"https:\\\/\\\/candas365.es\\\/noticias\\\/#organization\"},\"image\":{\"@type\":\"ImageObject\",\"url\":\"https:\\\/\\\/candas365.es\\\/noticias\\\/wp-content\\\/uploads\\\/2018\\\/01\\\/IMG_7250.jpg\",\"width\":1280,\"height\":960},\"datePublished\":\"2018-01-23T16:42:23+01:00\",\"dateModified\":\"2018-01-23T16:59:59+01:00\",\"inLanguage\":\"es-ES\",\"mainEntityOfPage\":{\"@id\":\"https:\\\/\\\/candas365.es\\\/noticias\\\/adjudicadas-las-mejoras-de-la-nave-municipal-de-la-matiella\\\/#webpage\"},\"isPartOf\":{\"@id\":\"https:\\\/\\\/candas365.es\\\/noticias\\\/adjudicadas-las-mejoras-de-la-nave-municipal-de-la-matiella\\\/#webpage\"},\"articleSection\":\"Destacadas, Noticias Carre\\u00f1o\",\"dateline\":\"Publicado el enero 23, 2018.\"},{\"@type\":\"Organization\",\"@id\":\"https:\\\/\\\/candas365.es\\\/noticias\\\/#organization\",\"name\":\"Cand\\u00e1s 365\",\"description\":\"Cand\\u00e1s 365 es un diario digital independiente, fundado en 2012, con base en Asturias. Informamos con rigor sobre actualidad, sociedad, cultura y ocio, con una mirada local y global.\",\"url\":\"https:\\\/\\\/candas365.es\\\/noticias\\\/\",\"email\":\"info@candas365.es\",\"telephone\":\"+34652131393\",\"foundingDate\":\"2012-06-10\",\"logo\":{\"@type\":\"ImageObject\",\"url\":\"https:\\\/\\\/candas365.es\\\/noticias\\\/wp-content\\\/uploads\\\/2024\\\/09\\\/Candas-365-Redes.jpg\",\"@id\":\"https:\\\/\\\/candas365.es\\\/noticias\\\/adjudicadas-las-mejoras-de-la-nave-municipal-de-la-matiella\\\/#organizationLogo\",\"width\":1152,\"height\":864,\"caption\":\"Cand\\u00e1s 365 Redes\"},\"image\":{\"@id\":\"https:\\\/\\\/candas365.es\\\/noticias\\\/adjudicadas-las-mejoras-de-la-nave-municipal-de-la-matiella\\\/#organizationLogo\"},\"sameAs\":[\"https:\\\/\\\/www.facebook.com\\\/Nachofdezber\",\"https:\\\/\\\/x.com\\\/NabercoDigital\",\"https:\\\/\\\/www.instagram.com\\\/nachofdezber\\\/\",\"https:\\\/\\\/www.youtube.com\\\/channel\\\/UCZP-2wLEB9Rv6erhFmqVnvg\"],\"address\":{\"@id\":\"https:\\\/\\\/candas365.es\\\/noticias\\\/#postaladdress\",\"@type\":\"PostalAddress\",\"streetAddress\":\"san antonio 4, san antonio 4\",\"postalCode\":\"33430\",\"addressLocality\":\"Cand\\u00e1s\",\"addressRegion\":\"Asturias\",\"addressCountry\":\"ES\"}},{\"@type\":\"Person\",\"@id\":\"https:\\\/\\\/candas365.es\\\/noticias\\\/author\\\/admin\\\/#author\",\"url\":\"https:\\\/\\\/candas365.es\\\/noticias\\\/author\\\/admin\\\/\",\"name\":\"Cand\\u00e1s 365\",\"image\":{\"@type\":\"ImageObject\",\"@id\":\"https:\\\/\\\/candas365.es\\\/noticias\\\/adjudicadas-las-mejoras-de-la-nave-municipal-de-la-matiella\\\/#authorImage\",\"url\":\"https:\\\/\\\/secure.gravatar.com\\\/avatar\\\/496a8e03d0c493ede1718b7934145dbdf8d89be1036b0eec9544e1094c9de390?s=96&d=mm&r=g\",\"width\":96,\"height\":96,\"caption\":\"Cand\\u00e1s 365\"},\"sameAs\":[\"https:\\\/\\\/www.facebook.com\\\/carrenoactualidad\",\"https:\\\/\\\/twitter.com\\\/nbasturias\",\"https:\\\/\\\/www.instagram.com\\\/nachofdezber\\\/\",\"https:\\\/\\\/www.youtube.com\\\/channel\\\/UCZP-2wLEB9Rv6erhFmqVnvg\"]},{\"@type\":\"WebPage\",\"@id\":\"https:\\\/\\\/candas365.es\\\/noticias\\\/adjudicadas-las-mejoras-de-la-nave-municipal-de-la-matiella\\\/#webpage\",\"url\":\"https:\\\/\\\/candas365.es\\\/noticias\\\/adjudicadas-las-mejoras-de-la-nave-municipal-de-la-matiella\\\/\",\"name\":\"Adjudicadas las mejoras de la nave municipal de La Matiella | Cand\\u00e1s 365\",\"description\":\"\\u201cLa intervenci\\u00f3n en el inmueble responde a la finalidad de mejorar la impermeabilizaci\\u00f3n del edificio mediante la aplicaci\\u00f3n en la cubierta met\\u00e1lica de una membrana de poliurea para formar una membrana s\\u00f3lida, completamente continua, sin juntas ni solapes, de alta densidad, resistencia, elasticidad y excelentes cualidades mec\\u00e1nicas. Se sustituir\\u00e1n los pesebrones por otros de chapa\",\"inLanguage\":\"es-ES\",\"isPartOf\":{\"@id\":\"https:\\\/\\\/candas365.es\\\/noticias\\\/#website\"},\"breadcrumb\":{\"@id\":\"https:\\\/\\\/candas365.es\\\/noticias\\\/adjudicadas-las-mejoras-de-la-nave-municipal-de-la-matiella\\\/#breadcrumblist\"},\"author\":{\"@id\":\"https:\\\/\\\/candas365.es\\\/noticias\\\/author\\\/admin\\\/#author\"},\"creator\":{\"@id\":\"https:\\\/\\\/candas365.es\\\/noticias\\\/author\\\/admin\\\/#author\"},\"image\":{\"@type\":\"ImageObject\",\"url\":\"https:\\\/\\\/candas365.es\\\/noticias\\\/wp-content\\\/uploads\\\/2018\\\/01\\\/IMG_7250.jpg\",\"@id\":\"https:\\\/\\\/candas365.es\\\/noticias\\\/adjudicadas-las-mejoras-de-la-nave-municipal-de-la-matiella\\\/#mainImage\",\"width\":1280,\"height\":960},\"primaryImageOfPage\":{\"@id\":\"https:\\\/\\\/candas365.es\\\/noticias\\\/adjudicadas-las-mejoras-de-la-nave-municipal-de-la-matiella\\\/#mainImage\"},\"datePublished\":\"2018-01-23T16:42:23+01:00\",\"dateModified\":\"2018-01-23T16:59:59+01:00\"},{\"@type\":\"WebSite\",\"@id\":\"https:\\\/\\\/candas365.es\\\/noticias\\\/#website\",\"url\":\"https:\\\/\\\/candas365.es\\\/noticias\\\/\",\"name\":\"Cand\\u00e1s 365\",\"alternateName\":\"Cand\\u00e1s 365 Noticias\",\"description\":\"Actualidad desde Carre\\u00f1o para el mundo\",\"inLanguage\":\"es-ES\",\"publisher\":{\"@id\":\"https:\\\/\\\/candas365.es\\\/noticias\\\/#organization\"}}]}\n\t\t<\/script>\n\t\t<!-- All in One SEO Pro -->\r\n\t\t<title>Adjudicadas las mejoras de la nave municipal de La Matiella | Cand\u00e1s 365<\/title>\n\n","aioseo_head_json":{"title":"Adjudicadas las mejoras de la nave municipal de La Matiella | Cand\u00e1s 365","description":"\u201cLa intervenci\u00f3n en el inmueble responde a la finalidad de mejorar la impermeabilizaci\u00f3n del edificio mediante la aplicaci\u00f3n en la cubierta met\u00e1lica de una membrana de poliurea para formar una membrana s\u00f3lida, completamente continua, sin juntas ni solapes, de alta densidad, resistencia, elasticidad y excelentes cualidades mec\u00e1nicas. Se sustituir\u00e1n los pesebrones por otros de chapa","canonical_url":"https:\/\/candas365.es\/noticias\/adjudicadas-las-mejoras-de-la-nave-municipal-de-la-matiella\/","robots":"max-image-preview:large","keywords":"destacadas,noticias carre\u00f1o","webmasterTools":{"google-site-verification":"UA-32230408-1","msvalidate.01":"354F3CDFB2DA171B47FBE9ABF1F88D5","miscellaneous":""},"schema":{"@context":"https:\/\/schema.org","@graph":[{"@type":"BreadcrumbList","@id":"https:\/\/candas365.es\/noticias\/adjudicadas-las-mejoras-de-la-nave-municipal-de-la-matiella\/#breadcrumblist","itemListElement":[{"@type":"ListItem","@id":"https:\/\/candas365.es\/noticias#listItem","position":1,"name":"Home","item":"https:\/\/candas365.es\/noticias","nextItem":{"@type":"ListItem","@id":"https:\/\/candas365.es\/noticias\/category\/noticias-carreno\/#listItem","name":"Noticias Carre\u00f1o"}},{"@type":"ListItem","@id":"https:\/\/candas365.es\/noticias\/category\/noticias-carreno\/#listItem","position":2,"name":"Noticias Carre\u00f1o","item":"https:\/\/candas365.es\/noticias\/category\/noticias-carreno\/","nextItem":{"@type":"ListItem","@id":"https:\/\/candas365.es\/noticias\/adjudicadas-las-mejoras-de-la-nave-municipal-de-la-matiella\/#listItem","name":"Adjudicadas las mejoras de la nave municipal de La Matiella"},"previousItem":{"@type":"ListItem","@id":"https:\/\/candas365.es\/noticias#listItem","name":"Home"}},{"@type":"ListItem","@id":"https:\/\/candas365.es\/noticias\/adjudicadas-las-mejoras-de-la-nave-municipal-de-la-matiella\/#listItem","position":3,"name":"Adjudicadas las mejoras de la nave municipal de La Matiella","previousItem":{"@type":"ListItem","@id":"https:\/\/candas365.es\/noticias\/category\/noticias-carreno\/#listItem","name":"Noticias Carre\u00f1o"}}]},{"@type":"NewsArticle","@id":"https:\/\/candas365.es\/noticias\/adjudicadas-las-mejoras-de-la-nave-municipal-de-la-matiella\/#newsarticle","name":"Adjudicadas las mejoras de la nave municipal de La Matiella | Cand\u00e1s 365","headline":"Adjudicadas las mejoras de la nave municipal de La Matiella","author":{"@id":"https:\/\/candas365.es\/noticias\/author\/admin\/#author"},"publisher":{"@id":"https:\/\/candas365.es\/noticias\/#organization"},"image":{"@type":"ImageObject","url":"https:\/\/candas365.es\/noticias\/wp-content\/uploads\/2018\/01\/IMG_7250.jpg","width":1280,"height":960},"datePublished":"2018-01-23T16:42:23+01:00","dateModified":"2018-01-23T16:59:59+01:00","inLanguage":"es-ES","mainEntityOfPage":{"@id":"https:\/\/candas365.es\/noticias\/adjudicadas-las-mejoras-de-la-nave-municipal-de-la-matiella\/#webpage"},"isPartOf":{"@id":"https:\/\/candas365.es\/noticias\/adjudicadas-las-mejoras-de-la-nave-municipal-de-la-matiella\/#webpage"},"articleSection":"Destacadas, Noticias Carre\u00f1o","dateline":"Publicado el enero 23, 2018."},{"@type":"Organization","@id":"https:\/\/candas365.es\/noticias\/#organization","name":"Cand\u00e1s 365","description":"Cand\u00e1s 365 es un diario digital independiente, fundado en 2012, con base en Asturias. Informamos con rigor sobre actualidad, sociedad, cultura y ocio, con una mirada local y global.","url":"https:\/\/candas365.es\/noticias\/","email":"info@candas365.es","telephone":"+34652131393","foundingDate":"2012-06-10","logo":{"@type":"ImageObject","url":"https:\/\/candas365.es\/noticias\/wp-content\/uploads\/2024\/09\/Candas-365-Redes.jpg","@id":"https:\/\/candas365.es\/noticias\/adjudicadas-las-mejoras-de-la-nave-municipal-de-la-matiella\/#organizationLogo","width":1152,"height":864,"caption":"Cand\u00e1s 365 Redes"},"image":{"@id":"https:\/\/candas365.es\/noticias\/adjudicadas-las-mejoras-de-la-nave-municipal-de-la-matiella\/#organizationLogo"},"sameAs":["https:\/\/www.facebook.com\/Nachofdezber","https:\/\/x.com\/NabercoDigital","https:\/\/www.instagram.com\/nachofdezber\/","https:\/\/www.youtube.com\/channel\/UCZP-2wLEB9Rv6erhFmqVnvg"],"address":{"@id":"https:\/\/candas365.es\/noticias\/#postaladdress","@type":"PostalAddress","streetAddress":"san antonio 4, san antonio 4","postalCode":"33430","addressLocality":"Cand\u00e1s","addressRegion":"Asturias","addressCountry":"ES"}},{"@type":"Person","@id":"https:\/\/candas365.es\/noticias\/author\/admin\/#author","url":"https:\/\/candas365.es\/noticias\/author\/admin\/","name":"Cand\u00e1s 365","image":{"@type":"ImageObject","@id":"https:\/\/candas365.es\/noticias\/adjudicadas-las-mejoras-de-la-nave-municipal-de-la-matiella\/#authorImage","url":"https:\/\/secure.gravatar.com\/avatar\/496a8e03d0c493ede1718b7934145dbdf8d89be1036b0eec9544e1094c9de390?s=96&d=mm&r=g","width":96,"height":96,"caption":"Cand\u00e1s 365"},"sameAs":["https:\/\/www.facebook.com\/carrenoactualidad","https:\/\/twitter.com\/nbasturias","https:\/\/www.instagram.com\/nachofdezber\/","https:\/\/www.youtube.com\/channel\/UCZP-2wLEB9Rv6erhFmqVnvg"]},{"@type":"WebPage","@id":"https:\/\/candas365.es\/noticias\/adjudicadas-las-mejoras-de-la-nave-municipal-de-la-matiella\/#webpage","url":"https:\/\/candas365.es\/noticias\/adjudicadas-las-mejoras-de-la-nave-municipal-de-la-matiella\/","name":"Adjudicadas las mejoras de la nave municipal de La Matiella | Cand\u00e1s 365","description":"\u201cLa intervenci\u00f3n en el inmueble responde a la finalidad de mejorar la impermeabilizaci\u00f3n del edificio mediante la aplicaci\u00f3n en la cubierta met\u00e1lica de una membrana de poliurea para formar una membrana s\u00f3lida, completamente continua, sin juntas ni solapes, de alta densidad, resistencia, elasticidad y excelentes cualidades mec\u00e1nicas. Se sustituir\u00e1n los pesebrones por otros de chapa","inLanguage":"es-ES","isPartOf":{"@id":"https:\/\/candas365.es\/noticias\/#website"},"breadcrumb":{"@id":"https:\/\/candas365.es\/noticias\/adjudicadas-las-mejoras-de-la-nave-municipal-de-la-matiella\/#breadcrumblist"},"author":{"@id":"https:\/\/candas365.es\/noticias\/author\/admin\/#author"},"creator":{"@id":"https:\/\/candas365.es\/noticias\/author\/admin\/#author"},"image":{"@type":"ImageObject","url":"https:\/\/candas365.es\/noticias\/wp-content\/uploads\/2018\/01\/IMG_7250.jpg","@id":"https:\/\/candas365.es\/noticias\/adjudicadas-las-mejoras-de-la-nave-municipal-de-la-matiella\/#mainImage","width":1280,"height":960},"primaryImageOfPage":{"@id":"https:\/\/candas365.es\/noticias\/adjudicadas-las-mejoras-de-la-nave-municipal-de-la-matiella\/#mainImage"},"datePublished":"2018-01-23T16:42:23+01:00","dateModified":"2018-01-23T16:59:59+01:00"},{"@type":"WebSite","@id":"https:\/\/candas365.es\/noticias\/#website","url":"https:\/\/candas365.es\/noticias\/","name":"Cand\u00e1s 365","alternateName":"Cand\u00e1s 365 Noticias","description":"Actualidad desde Carre\u00f1o para el mundo","inLanguage":"es-ES","publisher":{"@id":"https:\/\/candas365.es\/noticias\/#organization"}}]},"og:locale":"es_ES","og:site_name":"Cand\u00e1s 365","og:type":"article","og:title":"Adjudicadas las mejoras de la nave municipal de La Matiella | Cand\u00e1s 365","og:description":"\u201cLa intervenci\u00f3n en el inmueble responde a la finalidad de mejorar la impermeabilizaci\u00f3n del edificio mediante la aplicaci\u00f3n en la cubierta met\u00e1lica de una membrana de poliurea para formar una membrana s\u00f3lida, completamente continua, sin juntas ni solapes, de alta densidad, resistencia, elasticidad y excelentes cualidades mec\u00e1nicas. Se sustituir\u00e1n los pesebrones por otros de chapa","og:url":"https:\/\/candas365.es\/noticias\/adjudicadas-las-mejoras-de-la-nave-municipal-de-la-matiella\/","og:image":"https:\/\/candas365.es\/noticias\/wp-content\/uploads\/2018\/01\/IMG_7250.jpg","og:image:secure_url":"https:\/\/candas365.es\/noticias\/wp-content\/uploads\/2018\/01\/IMG_7250.jpg","og:image:width":1280,"og:image:height":960,"article:published_time":"2018-01-23T16:42:23+00:00","article:modified_time":"2018-01-23T16:59:59+00:00","article:publisher":"https:\/\/www.facebook.com\/Nachofdezber","article:author":"https:\/\/www.facebook.com\/carrenoactualidad","twitter:card":"summary_large_image","twitter:site":"@NabercoDigital","twitter:title":"Adjudicadas las mejoras de la nave municipal de La Matiella | Cand\u00e1s 365","twitter:description":"\u201cLa intervenci\u00f3n en el inmueble responde a la finalidad de mejorar la impermeabilizaci\u00f3n del edificio mediante la aplicaci\u00f3n en la cubierta met\u00e1lica de una membrana de poliurea para formar una membrana s\u00f3lida, completamente continua, sin juntas ni solapes, de alta densidad, resistencia, elasticidad y excelentes cualidades mec\u00e1nicas. Se sustituir\u00e1n los pesebrones por otros de chapa","twitter:creator":"@nbasturias","twitter:image":"https:\/\/candas365.es\/noticias\/wp-content\/uploads\/2018\/01\/IMG_7250.jpg","twitter:label1":"Escrito por","twitter:data1":"Cand\u00e1s 365","twitter:label2":"Tiempo de lectura estimado","twitter:data2":"4 minutos"},"aioseo_meta_data":{"post_id":"88659","title":null,"description":null,"keywords":null,"keyphrases":null,"primary_term":null,"canonical_url":null,"og_title":null,"og_description":null,"og_object_type":"default","og_image_type":"default","og_image_url":null,"og_image_width":null,"og_image_height":null,"og_image_custom_url":null,"og_image_custom_fields":null,"og_video":null,"og_custom_url":null,"og_article_section":null,"og_article_tags":null,"twitter_use_og":false,"twitter_card":"default","twitter_image_type":"default","twitter_image_url":null,"twitter_image_custom_url":null,"twitter_image_custom_fields":null,"twitter_title":null,"twitter_description":null,"schema":{"blockGraphs":[],"customGraphs":[],"default":{"data":{"Article":[],"Course":[],"Dataset":[],"FAQPage":[],"Movie":[],"Person":[],"Product":[],"ProductReview":[],"Car":[],"Recipe":[],"Service":[],"SoftwareApplication":[],"WebPage":[]},"graphName":"","isEnabled":true},"graphs":[]},"schema_type":null,"schema_type_options":null,"pillar_content":false,"robots_default":true,"robots_noindex":false,"robots_noarchive":false,"robots_nosnippet":false,"robots_nofollow":false,"robots_noimageindex":false,"robots_noodp":false,"robots_notranslate":false,"robots_max_snippet":null,"robots_max_videopreview":null,"robots_max_imagepreview":"large","priority":null,"frequency":null,"location":null,"local_seo":null,"seo_analyzer_scan_date":"2025-08-26 11:02:18","breadcrumb_settings":null,"limit_modified_date":false,"reviewed_by":null,"open_ai":null,"ai":null,"created":"2020-12-21 12:02:55","updated":"2025-08-26 11:02:18"},"aioseo_breadcrumb":"<div class=\"aioseo-breadcrumbs\"><span class=\"aioseo-breadcrumb\">\n\t<a href=\"https:\/\/candas365.es\/noticias\" title=\"Home\">Home<\/a>\n<\/span><span class=\"aioseo-breadcrumb-separator\">&ndash;<\/span><span class=\"aioseo-breadcrumb\">\n\t<a href=\"https:\/\/candas365.es\/noticias\/category\/noticias-carreno\/\" title=\"Noticias Carre\u00f1o\">Noticias Carre\u00f1o<\/a>\n<\/span><span class=\"aioseo-breadcrumb-separator\">&ndash;<\/span><span class=\"aioseo-breadcrumb\">\n\tAdjudicadas las mejoras de la nave municipal de La Matiella\n<\/span><\/div>","aioseo_breadcrumb_json":[{"label":"Home","link":"https:\/\/candas365.es\/noticias"},{"label":"Noticias Carre\u00f1o","link":"https:\/\/candas365.es\/noticias\/category\/noticias-carreno\/"},{"label":"Adjudicadas las mejoras de la nave municipal de La Matiella","link":"https:\/\/candas365.es\/noticias\/adjudicadas-las-mejoras-de-la-nave-municipal-de-la-matiella\/"}],"_links":{"self":[{"href":"https:\/\/candas365.es\/noticias\/wp-json\/wp\/v2\/posts\/88659","targetHints":{"allow":["GET"]}}],"collection":[{"href":"https:\/\/candas365.es\/noticias\/wp-json\/wp\/v2\/posts"}],"about":[{"href":"https:\/\/candas365.es\/noticias\/wp-json\/wp\/v2\/types\/post"}],"author":[{"embeddable":true,"href":"https:\/\/candas365.es\/noticias\/wp-json\/wp\/v2\/users\/1"}],"replies":[{"embeddable":true,"href":"https:\/\/candas365.es\/noticias\/wp-json\/wp\/v2\/comments?post=88659"}],"version-history":[{"count":0,"href":"https:\/\/candas365.es\/noticias\/wp-json\/wp\/v2\/posts\/88659\/revisions"}],"wp:featuredmedia":[{"embeddable":true,"href":"https:\/\/candas365.es\/noticias\/wp-json\/wp\/v2\/media\/88660"}],"wp:attachment":[{"href":"https:\/\/candas365.es\/noticias\/wp-json\/wp\/v2\/media?parent=88659"}],"wp:term":[{"taxonomy":"category","embeddable":true,"href":"https:\/\/candas365.es\/noticias\/wp-json\/wp\/v2\/categories?post=88659"},{"taxonomy":"post_tag","embeddable":true,"href":"https:\/\/candas365.es\/noticias\/wp-json\/wp\/v2\/tags?post=88659"}],"curies":[{"name":"wp","href":"https:\/\/api.w.org\/{rel}","templated":true}]}}