{"id":88573,"date":"2018-01-21T00:00:15","date_gmt":"2018-01-21T00:00:15","guid":{"rendered":"http:\/\/candas365.es\/noticias\/?p=88573"},"modified":"2018-01-21T00:01:48","modified_gmt":"2018-01-21T00:01:48","slug":"comienza-la-xiii-edicion-de-la-ronda-teatral-por-carreno","status":"publish","type":"post","link":"https:\/\/candas365.es\/noticias\/comienza-la-xiii-edicion-de-la-ronda-teatral-por-carreno\/","title":{"rendered":"Comienza la XIII edici\u00f3n de la Ronda Teatral por Carre\u00f1o"},"content":{"rendered":"<p><img fetchpriority=\"high\" decoding=\"async\" class=\"alignleft size-medium wp-image-88575\" src=\"https:\/\/candas365.es\/noticias\/wp-content\/uploads\/2018\/01\/teatro-360x214.jpg\" alt=\"\" width=\"360\" height=\"214\" srcset=\"https:\/\/candas365.es\/noticias\/wp-content\/uploads\/2018\/01\/teatro-360x214.jpg 360w, https:\/\/candas365.es\/noticias\/wp-content\/uploads\/2018\/01\/teatro-655x390.jpg 655w, https:\/\/candas365.es\/noticias\/wp-content\/uploads\/2018\/01\/teatro.jpg 685w\" sizes=\"(max-width: 360px) 100vw, 360px\" \/>El s\u00e1bado, a las 19 horas. arranc\u00f3 en la parroquia de LLorgozana la XIII edici\u00f3n de la Ronda Teatral por Carre\u00f1o. En esta nueva edici\u00f3n el Consistorio vuelve a contar con la colaboraci\u00f3n de tres entidades: Feteas, la Federaci\u00f3n de Teatro Amateur de Asturias,\u00a0Aica, la Asociaci\u00f3n de Int\u00e9rpretes de la Canci\u00f3n Asturiana y la asociaci\u00f3n cultural de la canci\u00f3n asturiana del Narcea.<\/p>\n<p>Adem\u00e1s de la implicaci\u00f3n y colaboraci\u00f3n de los grupos locales de teatro, Xana de Perlora y \u201cLes Ayalgues\u201d de Carre\u00f1o.<\/p>\n<p>En esta primera funci\u00f3n, intervinieron el Grupo de Teatro Santa B\u00e1rbara de Llaranes con la escenificaci\u00f3n de \u201cCoses del m\u00e1s all\u00e1\u201d y \u201c<\/p>\n<p>Les Ayalgues\u201d de Carre\u00f1o con sus mon\u00f3logos.<\/p>\n<p>\u201cLes Ayalgues\u201d de Carre\u00f1o son un grupo de mujeres del concejo de Carre\u00f1o, que tras participar en un taller de iniciaci\u00f3n al teatro dentro del programa regional \u201cTiempo propio\u201d, descubrieron su inter\u00e9s en las artes esc\u00e9nicas y solicitaron a la Concejal\u00eda de Igualdad el impulsar una actividad teatral para ellas en el concejo. As\u00ed comenzaron un taller de teatro con la profesional asturiana Gemma de Luis. De ah\u00ed surgi\u00f3 la creaci\u00f3n de su grupo de teatro. En la actualidad siguen ensayando en la Casa de Encuentros de Cand\u00e1s y est\u00e1n inmersas en la preparaci\u00f3n de una nueva obra teatral \u201c El Secreto de les mara\u00f1ueles\u201d. Un texto de Jos\u00e9 Ram\u00f3n Oliva que estrenar\u00e1n el pr\u00f3ximo verano en el Sal\u00f3n de teatro costumbrista de Cand\u00e1s. Esta tarde, dos de Les Ayalgues escenificaron uno de sus sketch c\u00f3micos que lleva por t\u00edtulo \u201cT\u00e9 para dos\u201d.<\/p>\n<p>A continuaci\u00f3n, Santa B\u00e1rbara de Llaranes, bajo la direcci\u00f3n de Carmen Campo, represent\u00f3 la obra \u201cCoses del m\u00e1s all\u00e1\u201d cuya autora es la propia Carmen. Esta obra fue estrenada en el Teatro Prendes de Cand\u00e1s, hace dos a\u00f1os, en el sal\u00f3n de teatro costumbrista, consiguiendo con ella el premio Aurora al mejor decorado e iluminaci\u00f3n.<\/p>\n<p>Este grupo naci\u00f3 en el 2001 coincidiendo con la Ia jornada solidaria que se llev\u00f3 a cabo en el Barrio de Llaranes ( Avil\u00e9s) para conseguir fondos para proyectos de cooperaci\u00f3n en Guatemala. En un principio, las actuaciones s\u00f3lo eran para el vecindario de la zona pero poco a poco, paso a paso, fueron haciendo cam\u00edn hasta forma parte de la escena asturiana y ser una compa\u00f1\u00eda muy demandada y querida por el p\u00fablico.<\/p>\n<p>La obra representada \u201cCoses del m\u00e1s all\u00e1\u201d es una obra costumbrista asturiana, con elementos sat\u00edricos y picarescos. En ella los personajes van a ser capaces de urdir varias tetras, sacadas de la picaresca popular asturiana vinculadas con la religi\u00f3n y la hechicer\u00eda. Y que para salir de esas situaciones van a tener que usar todo su ingenio.<\/p>\n<p>La pr\u00f3xima funci\u00f3n de teatro de esta Ronda ser\u00e1 el pr\u00f3ximo s\u00e1bado, 27 de enero en la parroquia de Carri\u00f3, en sus antiguas escuelas en el barrio de El Band\u00edn. A as 19:00 horas actuar\u00e1n el GT Rosario Trabanco de Gij\u00f3n en la obra \u201cLa Magdalena y San Roque\u201d y de nuevo volver\u00e1n a escena con mon\u00f3logos \u201cLes Ayalgues\u201d de Carre\u00f1o.<\/p>\n","protected":false},"excerpt":{"rendered":"<p>El s\u00e1bado, a las 19 horas. arranc\u00f3 en la parroquia de LLorgozana la XIII edici\u00f3n de la Ronda Teatral por Carre\u00f1o. En esta nueva edici\u00f3n el Consistorio vuelve a contar con la colaboraci\u00f3n de tres entidades: Feteas, la Federaci\u00f3n de Teatro Amateur de Asturias,\u00a0Aica, la Asociaci\u00f3n de Int\u00e9rpretes de la Canci\u00f3n Asturiana y la asociaci\u00f3n<\/p>\n","protected":false},"author":1,"featured_media":88575,"comment_status":"closed","ping_status":"closed","sticky":false,"template":"","format":"standard","meta":{"footnotes":""},"categories":[2],"tags":[],"class_list":{"0":"post-88573","1":"post","2":"type-post","3":"status-publish","4":"format-standard","5":"has-post-thumbnail","7":"category-noticias-carreno"},"aioseo_notices":[],"aioseo_head":"\n\t\t<!-- All in One SEO Pro 4.9.6.2 - aioseo.com -->\n\t<meta name=\"description\" content=\"El s\u00e1bado, a las 19 horas. arranc\u00f3 en la parroquia de LLorgozana la XIII edici\u00f3n de la Ronda Teatral por Carre\u00f1o. En esta nueva edici\u00f3n el Consistorio vuelve a contar con la colaboraci\u00f3n de tres entidades: Feteas, la Federaci\u00f3n de Teatro Amateur de Asturias, Aica, la Asociaci\u00f3n de Int\u00e9rpretes de la Canci\u00f3n Asturiana y la asociaci\u00f3n\" \/>\n\t<meta name=\"robots\" content=\"max-image-preview:large\" \/>\n\t<meta name=\"author\" content=\"Cand\u00e1s 365\"\/>\n\t<meta name=\"google-site-verification\" content=\"UA-32230408-1\" \/>\n\t<meta name=\"msvalidate.01\" content=\"354F3CDFB2DA171B47FBE9ABF1F88D5\" \/>\n\t<meta name=\"keywords\" content=\"noticias carre\u00f1o\" \/>\n\t<link rel=\"canonical\" href=\"https:\/\/candas365.es\/noticias\/comienza-la-xiii-edicion-de-la-ronda-teatral-por-carreno\/\" \/>\n\t<meta name=\"generator\" content=\"All in One SEO Pro (AIOSEO) 4.9.6.2\" \/>\n\t\t<meta property=\"og:locale\" content=\"es_ES\" \/>\n\t\t<meta property=\"og:site_name\" content=\"Cand\u00e1s 365\" \/>\n\t\t<meta property=\"og:type\" content=\"article\" \/>\n\t\t<meta property=\"og:title\" content=\"Comienza la XIII edici\u00f3n de la Ronda Teatral por Carre\u00f1o | Cand\u00e1s 365\" \/>\n\t\t<meta property=\"og:description\" content=\"El s\u00e1bado, a las 19 horas. arranc\u00f3 en la parroquia de LLorgozana la XIII edici\u00f3n de la Ronda Teatral por Carre\u00f1o. En esta nueva edici\u00f3n el Consistorio vuelve a contar con la colaboraci\u00f3n de tres entidades: Feteas, la Federaci\u00f3n de Teatro Amateur de Asturias, Aica, la Asociaci\u00f3n de Int\u00e9rpretes de la Canci\u00f3n Asturiana y la asociaci\u00f3n\" \/>\n\t\t<meta property=\"og:url\" content=\"https:\/\/candas365.es\/noticias\/comienza-la-xiii-edicion-de-la-ronda-teatral-por-carreno\/\" \/>\n\t\t<meta property=\"og:image\" content=\"https:\/\/candas365.es\/noticias\/wp-content\/uploads\/2018\/01\/teatro.jpg\" \/>\n\t\t<meta property=\"og:image:secure_url\" content=\"https:\/\/candas365.es\/noticias\/wp-content\/uploads\/2018\/01\/teatro.jpg\" \/>\n\t\t<meta property=\"og:image:width\" content=\"685\" \/>\n\t\t<meta property=\"og:image:height\" content=\"408\" \/>\n\t\t<meta property=\"article:published_time\" content=\"2018-01-21T00:00:15+00:00\" \/>\n\t\t<meta property=\"article:modified_time\" content=\"2018-01-21T00:01:48+00:00\" \/>\n\t\t<meta property=\"article:publisher\" content=\"https:\/\/www.facebook.com\/Nachofdezber\" \/>\n\t\t<meta property=\"article:author\" content=\"https:\/\/www.facebook.com\/carrenoactualidad\" \/>\n\t\t<meta name=\"twitter:card\" content=\"summary_large_image\" \/>\n\t\t<meta name=\"twitter:site\" content=\"@NabercoDigital\" \/>\n\t\t<meta name=\"twitter:title\" content=\"Comienza la XIII edici\u00f3n de la Ronda Teatral por Carre\u00f1o | Cand\u00e1s 365\" \/>\n\t\t<meta name=\"twitter:description\" content=\"El s\u00e1bado, a las 19 horas. arranc\u00f3 en la parroquia de LLorgozana la XIII edici\u00f3n de la Ronda Teatral por Carre\u00f1o. En esta nueva edici\u00f3n el Consistorio vuelve a contar con la colaboraci\u00f3n de tres entidades: Feteas, la Federaci\u00f3n de Teatro Amateur de Asturias, Aica, la Asociaci\u00f3n de Int\u00e9rpretes de la Canci\u00f3n Asturiana y la asociaci\u00f3n\" \/>\n\t\t<meta name=\"twitter:creator\" content=\"@nbasturias\" \/>\n\t\t<meta name=\"twitter:image\" content=\"https:\/\/candas365.es\/noticias\/wp-content\/uploads\/2018\/01\/teatro.jpg\" \/>\n\t\t<meta name=\"twitter:label1\" content=\"Escrito por\" \/>\n\t\t<meta name=\"twitter:data1\" content=\"Cand\u00e1s 365\" \/>\n\t\t<meta name=\"twitter:label2\" content=\"Tiempo de lectura estimado\" \/>\n\t\t<meta name=\"twitter:data2\" content=\"3 minutos\" \/>\n\t\t<script type=\"application\/ld+json\" class=\"aioseo-schema\">\n\t\t\t{\"@context\":\"https:\\\/\\\/schema.org\",\"@graph\":[{\"@type\":\"BreadcrumbList\",\"@id\":\"https:\\\/\\\/candas365.es\\\/noticias\\\/comienza-la-xiii-edicion-de-la-ronda-teatral-por-carreno\\\/#breadcrumblist\",\"itemListElement\":[{\"@type\":\"ListItem\",\"@id\":\"https:\\\/\\\/candas365.es\\\/noticias#listItem\",\"position\":1,\"name\":\"Home\",\"item\":\"https:\\\/\\\/candas365.es\\\/noticias\",\"nextItem\":{\"@type\":\"ListItem\",\"@id\":\"https:\\\/\\\/candas365.es\\\/noticias\\\/category\\\/noticias-carreno\\\/#listItem\",\"name\":\"Noticias Carre\\u00f1o\"}},{\"@type\":\"ListItem\",\"@id\":\"https:\\\/\\\/candas365.es\\\/noticias\\\/category\\\/noticias-carreno\\\/#listItem\",\"position\":2,\"name\":\"Noticias Carre\\u00f1o\",\"item\":\"https:\\\/\\\/candas365.es\\\/noticias\\\/category\\\/noticias-carreno\\\/\",\"nextItem\":{\"@type\":\"ListItem\",\"@id\":\"https:\\\/\\\/candas365.es\\\/noticias\\\/comienza-la-xiii-edicion-de-la-ronda-teatral-por-carreno\\\/#listItem\",\"name\":\"Comienza la XIII edici\\u00f3n de la Ronda Teatral por Carre\\u00f1o\"},\"previousItem\":{\"@type\":\"ListItem\",\"@id\":\"https:\\\/\\\/candas365.es\\\/noticias#listItem\",\"name\":\"Home\"}},{\"@type\":\"ListItem\",\"@id\":\"https:\\\/\\\/candas365.es\\\/noticias\\\/comienza-la-xiii-edicion-de-la-ronda-teatral-por-carreno\\\/#listItem\",\"position\":3,\"name\":\"Comienza la XIII edici\\u00f3n de la Ronda Teatral por Carre\\u00f1o\",\"previousItem\":{\"@type\":\"ListItem\",\"@id\":\"https:\\\/\\\/candas365.es\\\/noticias\\\/category\\\/noticias-carreno\\\/#listItem\",\"name\":\"Noticias Carre\\u00f1o\"}}]},{\"@type\":\"NewsArticle\",\"@id\":\"https:\\\/\\\/candas365.es\\\/noticias\\\/comienza-la-xiii-edicion-de-la-ronda-teatral-por-carreno\\\/#newsarticle\",\"name\":\"Comienza la XIII edici\\u00f3n de la Ronda Teatral por Carre\\u00f1o | Cand\\u00e1s 365\",\"headline\":\"Comienza la XIII edici\\u00f3n de la Ronda Teatral por Carre\\u00f1o\",\"author\":{\"@id\":\"https:\\\/\\\/candas365.es\\\/noticias\\\/author\\\/admin\\\/#author\"},\"publisher\":{\"@id\":\"https:\\\/\\\/candas365.es\\\/noticias\\\/#organization\"},\"image\":{\"@type\":\"ImageObject\",\"url\":\"https:\\\/\\\/candas365.es\\\/noticias\\\/wp-content\\\/uploads\\\/2018\\\/01\\\/teatro.jpg\",\"width\":685,\"height\":408},\"datePublished\":\"2018-01-21T00:00:15+01:00\",\"dateModified\":\"2018-01-21T00:01:48+01:00\",\"inLanguage\":\"es-ES\",\"mainEntityOfPage\":{\"@id\":\"https:\\\/\\\/candas365.es\\\/noticias\\\/comienza-la-xiii-edicion-de-la-ronda-teatral-por-carreno\\\/#webpage\"},\"isPartOf\":{\"@id\":\"https:\\\/\\\/candas365.es\\\/noticias\\\/comienza-la-xiii-edicion-de-la-ronda-teatral-por-carreno\\\/#webpage\"},\"articleSection\":\"Noticias Carre\\u00f1o\",\"dateline\":\"Publicado el enero 21, 2018.\"},{\"@type\":\"Organization\",\"@id\":\"https:\\\/\\\/candas365.es\\\/noticias\\\/#organization\",\"name\":\"Cand\\u00e1s 365\",\"description\":\"Cand\\u00e1s 365 es un diario digital independiente, fundado en 2012, con base en Asturias. Informamos con rigor sobre actualidad, sociedad, cultura y ocio, con una mirada local y global.\",\"url\":\"https:\\\/\\\/candas365.es\\\/noticias\\\/\",\"email\":\"info@candas365.es\",\"telephone\":\"+34652131393\",\"foundingDate\":\"2012-06-10\",\"logo\":{\"@type\":\"ImageObject\",\"url\":\"https:\\\/\\\/candas365.es\\\/noticias\\\/wp-content\\\/uploads\\\/2024\\\/09\\\/Candas-365-Redes.jpg\",\"@id\":\"https:\\\/\\\/candas365.es\\\/noticias\\\/comienza-la-xiii-edicion-de-la-ronda-teatral-por-carreno\\\/#organizationLogo\",\"width\":1152,\"height\":864,\"caption\":\"Cand\\u00e1s 365 Redes\"},\"image\":{\"@id\":\"https:\\\/\\\/candas365.es\\\/noticias\\\/comienza-la-xiii-edicion-de-la-ronda-teatral-por-carreno\\\/#organizationLogo\"},\"sameAs\":[\"https:\\\/\\\/www.facebook.com\\\/Nachofdezber\",\"https:\\\/\\\/x.com\\\/NabercoDigital\",\"https:\\\/\\\/www.instagram.com\\\/nachofdezber\\\/\",\"https:\\\/\\\/www.youtube.com\\\/channel\\\/UCZP-2wLEB9Rv6erhFmqVnvg\"],\"address\":{\"@id\":\"https:\\\/\\\/candas365.es\\\/noticias\\\/#postaladdress\",\"@type\":\"PostalAddress\",\"streetAddress\":\"san antonio 4, san antonio 4\",\"postalCode\":\"33430\",\"addressLocality\":\"Cand\\u00e1s\",\"addressRegion\":\"Asturias\",\"addressCountry\":\"ES\"}},{\"@type\":\"Person\",\"@id\":\"https:\\\/\\\/candas365.es\\\/noticias\\\/author\\\/admin\\\/#author\",\"url\":\"https:\\\/\\\/candas365.es\\\/noticias\\\/author\\\/admin\\\/\",\"name\":\"Cand\\u00e1s 365\",\"image\":{\"@type\":\"ImageObject\",\"@id\":\"https:\\\/\\\/candas365.es\\\/noticias\\\/comienza-la-xiii-edicion-de-la-ronda-teatral-por-carreno\\\/#authorImage\",\"url\":\"https:\\\/\\\/secure.gravatar.com\\\/avatar\\\/496a8e03d0c493ede1718b7934145dbdf8d89be1036b0eec9544e1094c9de390?s=96&d=mm&r=g\",\"width\":96,\"height\":96,\"caption\":\"Cand\\u00e1s 365\"},\"sameAs\":[\"https:\\\/\\\/www.facebook.com\\\/carrenoactualidad\",\"https:\\\/\\\/twitter.com\\\/nbasturias\",\"https:\\\/\\\/www.instagram.com\\\/nachofdezber\\\/\",\"https:\\\/\\\/www.youtube.com\\\/channel\\\/UCZP-2wLEB9Rv6erhFmqVnvg\"]},{\"@type\":\"WebPage\",\"@id\":\"https:\\\/\\\/candas365.es\\\/noticias\\\/comienza-la-xiii-edicion-de-la-ronda-teatral-por-carreno\\\/#webpage\",\"url\":\"https:\\\/\\\/candas365.es\\\/noticias\\\/comienza-la-xiii-edicion-de-la-ronda-teatral-por-carreno\\\/\",\"name\":\"Comienza la XIII edici\\u00f3n de la Ronda Teatral por Carre\\u00f1o | Cand\\u00e1s 365\",\"description\":\"El s\\u00e1bado, a las 19 horas. arranc\\u00f3 en la parroquia de LLorgozana la XIII edici\\u00f3n de la Ronda Teatral por Carre\\u00f1o. En esta nueva edici\\u00f3n el Consistorio vuelve a contar con la colaboraci\\u00f3n de tres entidades: Feteas, la Federaci\\u00f3n de Teatro Amateur de Asturias, Aica, la Asociaci\\u00f3n de Int\\u00e9rpretes de la Canci\\u00f3n Asturiana y la asociaci\\u00f3n\",\"inLanguage\":\"es-ES\",\"isPartOf\":{\"@id\":\"https:\\\/\\\/candas365.es\\\/noticias\\\/#website\"},\"breadcrumb\":{\"@id\":\"https:\\\/\\\/candas365.es\\\/noticias\\\/comienza-la-xiii-edicion-de-la-ronda-teatral-por-carreno\\\/#breadcrumblist\"},\"author\":{\"@id\":\"https:\\\/\\\/candas365.es\\\/noticias\\\/author\\\/admin\\\/#author\"},\"creator\":{\"@id\":\"https:\\\/\\\/candas365.es\\\/noticias\\\/author\\\/admin\\\/#author\"},\"image\":{\"@type\":\"ImageObject\",\"url\":\"https:\\\/\\\/candas365.es\\\/noticias\\\/wp-content\\\/uploads\\\/2018\\\/01\\\/teatro.jpg\",\"@id\":\"https:\\\/\\\/candas365.es\\\/noticias\\\/comienza-la-xiii-edicion-de-la-ronda-teatral-por-carreno\\\/#mainImage\",\"width\":685,\"height\":408},\"primaryImageOfPage\":{\"@id\":\"https:\\\/\\\/candas365.es\\\/noticias\\\/comienza-la-xiii-edicion-de-la-ronda-teatral-por-carreno\\\/#mainImage\"},\"datePublished\":\"2018-01-21T00:00:15+01:00\",\"dateModified\":\"2018-01-21T00:01:48+01:00\"},{\"@type\":\"WebSite\",\"@id\":\"https:\\\/\\\/candas365.es\\\/noticias\\\/#website\",\"url\":\"https:\\\/\\\/candas365.es\\\/noticias\\\/\",\"name\":\"Cand\\u00e1s 365\",\"alternateName\":\"Cand\\u00e1s 365 Noticias\",\"description\":\"Actualidad desde Carre\\u00f1o para el mundo\",\"inLanguage\":\"es-ES\",\"publisher\":{\"@id\":\"https:\\\/\\\/candas365.es\\\/noticias\\\/#organization\"}}]}\n\t\t<\/script>\n\t\t<!-- All in One SEO Pro -->\r\n\t\t<title>Comienza la XIII edici\u00f3n de la Ronda Teatral por Carre\u00f1o | Cand\u00e1s 365<\/title>\n\n","aioseo_head_json":{"title":"Comienza la XIII edici\u00f3n de la Ronda Teatral por Carre\u00f1o | Cand\u00e1s 365","description":"El s\u00e1bado, a las 19 horas. arranc\u00f3 en la parroquia de LLorgozana la XIII edici\u00f3n de la Ronda Teatral por Carre\u00f1o. En esta nueva edici\u00f3n el Consistorio vuelve a contar con la colaboraci\u00f3n de tres entidades: Feteas, la Federaci\u00f3n de Teatro Amateur de Asturias, Aica, la Asociaci\u00f3n de Int\u00e9rpretes de la Canci\u00f3n Asturiana y la asociaci\u00f3n","canonical_url":"https:\/\/candas365.es\/noticias\/comienza-la-xiii-edicion-de-la-ronda-teatral-por-carreno\/","robots":"max-image-preview:large","keywords":"noticias carre\u00f1o","webmasterTools":{"google-site-verification":"UA-32230408-1","msvalidate.01":"354F3CDFB2DA171B47FBE9ABF1F88D5","miscellaneous":""},"schema":{"@context":"https:\/\/schema.org","@graph":[{"@type":"BreadcrumbList","@id":"https:\/\/candas365.es\/noticias\/comienza-la-xiii-edicion-de-la-ronda-teatral-por-carreno\/#breadcrumblist","itemListElement":[{"@type":"ListItem","@id":"https:\/\/candas365.es\/noticias#listItem","position":1,"name":"Home","item":"https:\/\/candas365.es\/noticias","nextItem":{"@type":"ListItem","@id":"https:\/\/candas365.es\/noticias\/category\/noticias-carreno\/#listItem","name":"Noticias Carre\u00f1o"}},{"@type":"ListItem","@id":"https:\/\/candas365.es\/noticias\/category\/noticias-carreno\/#listItem","position":2,"name":"Noticias Carre\u00f1o","item":"https:\/\/candas365.es\/noticias\/category\/noticias-carreno\/","nextItem":{"@type":"ListItem","@id":"https:\/\/candas365.es\/noticias\/comienza-la-xiii-edicion-de-la-ronda-teatral-por-carreno\/#listItem","name":"Comienza la XIII edici\u00f3n de la Ronda Teatral por Carre\u00f1o"},"previousItem":{"@type":"ListItem","@id":"https:\/\/candas365.es\/noticias#listItem","name":"Home"}},{"@type":"ListItem","@id":"https:\/\/candas365.es\/noticias\/comienza-la-xiii-edicion-de-la-ronda-teatral-por-carreno\/#listItem","position":3,"name":"Comienza la XIII edici\u00f3n de la Ronda Teatral por Carre\u00f1o","previousItem":{"@type":"ListItem","@id":"https:\/\/candas365.es\/noticias\/category\/noticias-carreno\/#listItem","name":"Noticias Carre\u00f1o"}}]},{"@type":"NewsArticle","@id":"https:\/\/candas365.es\/noticias\/comienza-la-xiii-edicion-de-la-ronda-teatral-por-carreno\/#newsarticle","name":"Comienza la XIII edici\u00f3n de la Ronda Teatral por Carre\u00f1o | Cand\u00e1s 365","headline":"Comienza la XIII edici\u00f3n de la Ronda Teatral por Carre\u00f1o","author":{"@id":"https:\/\/candas365.es\/noticias\/author\/admin\/#author"},"publisher":{"@id":"https:\/\/candas365.es\/noticias\/#organization"},"image":{"@type":"ImageObject","url":"https:\/\/candas365.es\/noticias\/wp-content\/uploads\/2018\/01\/teatro.jpg","width":685,"height":408},"datePublished":"2018-01-21T00:00:15+01:00","dateModified":"2018-01-21T00:01:48+01:00","inLanguage":"es-ES","mainEntityOfPage":{"@id":"https:\/\/candas365.es\/noticias\/comienza-la-xiii-edicion-de-la-ronda-teatral-por-carreno\/#webpage"},"isPartOf":{"@id":"https:\/\/candas365.es\/noticias\/comienza-la-xiii-edicion-de-la-ronda-teatral-por-carreno\/#webpage"},"articleSection":"Noticias Carre\u00f1o","dateline":"Publicado el enero 21, 2018."},{"@type":"Organization","@id":"https:\/\/candas365.es\/noticias\/#organization","name":"Cand\u00e1s 365","description":"Cand\u00e1s 365 es un diario digital independiente, fundado en 2012, con base en Asturias. Informamos con rigor sobre actualidad, sociedad, cultura y ocio, con una mirada local y global.","url":"https:\/\/candas365.es\/noticias\/","email":"info@candas365.es","telephone":"+34652131393","foundingDate":"2012-06-10","logo":{"@type":"ImageObject","url":"https:\/\/candas365.es\/noticias\/wp-content\/uploads\/2024\/09\/Candas-365-Redes.jpg","@id":"https:\/\/candas365.es\/noticias\/comienza-la-xiii-edicion-de-la-ronda-teatral-por-carreno\/#organizationLogo","width":1152,"height":864,"caption":"Cand\u00e1s 365 Redes"},"image":{"@id":"https:\/\/candas365.es\/noticias\/comienza-la-xiii-edicion-de-la-ronda-teatral-por-carreno\/#organizationLogo"},"sameAs":["https:\/\/www.facebook.com\/Nachofdezber","https:\/\/x.com\/NabercoDigital","https:\/\/www.instagram.com\/nachofdezber\/","https:\/\/www.youtube.com\/channel\/UCZP-2wLEB9Rv6erhFmqVnvg"],"address":{"@id":"https:\/\/candas365.es\/noticias\/#postaladdress","@type":"PostalAddress","streetAddress":"san antonio 4, san antonio 4","postalCode":"33430","addressLocality":"Cand\u00e1s","addressRegion":"Asturias","addressCountry":"ES"}},{"@type":"Person","@id":"https:\/\/candas365.es\/noticias\/author\/admin\/#author","url":"https:\/\/candas365.es\/noticias\/author\/admin\/","name":"Cand\u00e1s 365","image":{"@type":"ImageObject","@id":"https:\/\/candas365.es\/noticias\/comienza-la-xiii-edicion-de-la-ronda-teatral-por-carreno\/#authorImage","url":"https:\/\/secure.gravatar.com\/avatar\/496a8e03d0c493ede1718b7934145dbdf8d89be1036b0eec9544e1094c9de390?s=96&d=mm&r=g","width":96,"height":96,"caption":"Cand\u00e1s 365"},"sameAs":["https:\/\/www.facebook.com\/carrenoactualidad","https:\/\/twitter.com\/nbasturias","https:\/\/www.instagram.com\/nachofdezber\/","https:\/\/www.youtube.com\/channel\/UCZP-2wLEB9Rv6erhFmqVnvg"]},{"@type":"WebPage","@id":"https:\/\/candas365.es\/noticias\/comienza-la-xiii-edicion-de-la-ronda-teatral-por-carreno\/#webpage","url":"https:\/\/candas365.es\/noticias\/comienza-la-xiii-edicion-de-la-ronda-teatral-por-carreno\/","name":"Comienza la XIII edici\u00f3n de la Ronda Teatral por Carre\u00f1o | Cand\u00e1s 365","description":"El s\u00e1bado, a las 19 horas. arranc\u00f3 en la parroquia de LLorgozana la XIII edici\u00f3n de la Ronda Teatral por Carre\u00f1o. En esta nueva edici\u00f3n el Consistorio vuelve a contar con la colaboraci\u00f3n de tres entidades: Feteas, la Federaci\u00f3n de Teatro Amateur de Asturias, Aica, la Asociaci\u00f3n de Int\u00e9rpretes de la Canci\u00f3n Asturiana y la asociaci\u00f3n","inLanguage":"es-ES","isPartOf":{"@id":"https:\/\/candas365.es\/noticias\/#website"},"breadcrumb":{"@id":"https:\/\/candas365.es\/noticias\/comienza-la-xiii-edicion-de-la-ronda-teatral-por-carreno\/#breadcrumblist"},"author":{"@id":"https:\/\/candas365.es\/noticias\/author\/admin\/#author"},"creator":{"@id":"https:\/\/candas365.es\/noticias\/author\/admin\/#author"},"image":{"@type":"ImageObject","url":"https:\/\/candas365.es\/noticias\/wp-content\/uploads\/2018\/01\/teatro.jpg","@id":"https:\/\/candas365.es\/noticias\/comienza-la-xiii-edicion-de-la-ronda-teatral-por-carreno\/#mainImage","width":685,"height":408},"primaryImageOfPage":{"@id":"https:\/\/candas365.es\/noticias\/comienza-la-xiii-edicion-de-la-ronda-teatral-por-carreno\/#mainImage"},"datePublished":"2018-01-21T00:00:15+01:00","dateModified":"2018-01-21T00:01:48+01:00"},{"@type":"WebSite","@id":"https:\/\/candas365.es\/noticias\/#website","url":"https:\/\/candas365.es\/noticias\/","name":"Cand\u00e1s 365","alternateName":"Cand\u00e1s 365 Noticias","description":"Actualidad desde Carre\u00f1o para el mundo","inLanguage":"es-ES","publisher":{"@id":"https:\/\/candas365.es\/noticias\/#organization"}}]},"og:locale":"es_ES","og:site_name":"Cand\u00e1s 365","og:type":"article","og:title":"Comienza la XIII edici\u00f3n de la Ronda Teatral por Carre\u00f1o | Cand\u00e1s 365","og:description":"El s\u00e1bado, a las 19 horas. arranc\u00f3 en la parroquia de LLorgozana la XIII edici\u00f3n de la Ronda Teatral por Carre\u00f1o. En esta nueva edici\u00f3n el Consistorio vuelve a contar con la colaboraci\u00f3n de tres entidades: Feteas, la Federaci\u00f3n de Teatro Amateur de Asturias, Aica, la Asociaci\u00f3n de Int\u00e9rpretes de la Canci\u00f3n Asturiana y la asociaci\u00f3n","og:url":"https:\/\/candas365.es\/noticias\/comienza-la-xiii-edicion-de-la-ronda-teatral-por-carreno\/","og:image":"https:\/\/candas365.es\/noticias\/wp-content\/uploads\/2018\/01\/teatro.jpg","og:image:secure_url":"https:\/\/candas365.es\/noticias\/wp-content\/uploads\/2018\/01\/teatro.jpg","og:image:width":685,"og:image:height":408,"article:published_time":"2018-01-21T00:00:15+00:00","article:modified_time":"2018-01-21T00:01:48+00:00","article:publisher":"https:\/\/www.facebook.com\/Nachofdezber","article:author":"https:\/\/www.facebook.com\/carrenoactualidad","twitter:card":"summary_large_image","twitter:site":"@NabercoDigital","twitter:title":"Comienza la XIII edici\u00f3n de la Ronda Teatral por Carre\u00f1o | Cand\u00e1s 365","twitter:description":"El s\u00e1bado, a las 19 horas. arranc\u00f3 en la parroquia de LLorgozana la XIII edici\u00f3n de la Ronda Teatral por Carre\u00f1o. En esta nueva edici\u00f3n el Consistorio vuelve a contar con la colaboraci\u00f3n de tres entidades: Feteas, la Federaci\u00f3n de Teatro Amateur de Asturias, Aica, la Asociaci\u00f3n de Int\u00e9rpretes de la Canci\u00f3n Asturiana y la asociaci\u00f3n","twitter:creator":"@nbasturias","twitter:image":"https:\/\/candas365.es\/noticias\/wp-content\/uploads\/2018\/01\/teatro.jpg","twitter:label1":"Escrito por","twitter:data1":"Cand\u00e1s 365","twitter:label2":"Tiempo de lectura estimado","twitter:data2":"3 minutos"},"aioseo_meta_data":{"post_id":"88573","title":null,"description":null,"keywords":null,"keyphrases":null,"primary_term":null,"canonical_url":null,"og_title":null,"og_description":null,"og_object_type":"default","og_image_type":"default","og_image_url":null,"og_image_width":null,"og_image_height":null,"og_image_custom_url":null,"og_image_custom_fields":null,"og_video":null,"og_custom_url":null,"og_article_section":null,"og_article_tags":null,"twitter_use_og":false,"twitter_card":"default","twitter_image_type":"default","twitter_image_url":null,"twitter_image_custom_url":null,"twitter_image_custom_fields":null,"twitter_title":null,"twitter_description":null,"schema":{"blockGraphs":[],"customGraphs":[],"default":{"data":{"Article":[],"Course":[],"Dataset":[],"FAQPage":[],"Movie":[],"Person":[],"Product":[],"ProductReview":[],"Car":[],"Recipe":[],"Service":[],"SoftwareApplication":[],"WebPage":[]},"graphName":"","isEnabled":true},"graphs":[]},"schema_type":null,"schema_type_options":null,"pillar_content":false,"robots_default":true,"robots_noindex":false,"robots_noarchive":false,"robots_nosnippet":false,"robots_nofollow":false,"robots_noimageindex":false,"robots_noodp":false,"robots_notranslate":false,"robots_max_snippet":null,"robots_max_videopreview":null,"robots_max_imagepreview":"large","priority":null,"frequency":null,"location":null,"local_seo":null,"seo_analyzer_scan_date":"2025-08-26 10:56:10","breadcrumb_settings":null,"limit_modified_date":false,"reviewed_by":null,"open_ai":null,"ai":null,"created":"2020-12-21 12:03:55","updated":"2025-08-26 10:56:10"},"aioseo_breadcrumb":"<div class=\"aioseo-breadcrumbs\"><span class=\"aioseo-breadcrumb\">\n\t<a href=\"https:\/\/candas365.es\/noticias\" title=\"Home\">Home<\/a>\n<\/span><span class=\"aioseo-breadcrumb-separator\">&ndash;<\/span><span class=\"aioseo-breadcrumb\">\n\t<a href=\"https:\/\/candas365.es\/noticias\/category\/noticias-carreno\/\" title=\"Noticias Carre\u00f1o\">Noticias Carre\u00f1o<\/a>\n<\/span><span class=\"aioseo-breadcrumb-separator\">&ndash;<\/span><span class=\"aioseo-breadcrumb\">\n\tComienza la XIII edici\u00f3n de la Ronda Teatral por Carre\u00f1o\n<\/span><\/div>","aioseo_breadcrumb_json":[{"label":"Home","link":"https:\/\/candas365.es\/noticias"},{"label":"Noticias Carre\u00f1o","link":"https:\/\/candas365.es\/noticias\/category\/noticias-carreno\/"},{"label":"Comienza la XIII edici\u00f3n de la Ronda Teatral por Carre\u00f1o","link":"https:\/\/candas365.es\/noticias\/comienza-la-xiii-edicion-de-la-ronda-teatral-por-carreno\/"}],"_links":{"self":[{"href":"https:\/\/candas365.es\/noticias\/wp-json\/wp\/v2\/posts\/88573","targetHints":{"allow":["GET"]}}],"collection":[{"href":"https:\/\/candas365.es\/noticias\/wp-json\/wp\/v2\/posts"}],"about":[{"href":"https:\/\/candas365.es\/noticias\/wp-json\/wp\/v2\/types\/post"}],"author":[{"embeddable":true,"href":"https:\/\/candas365.es\/noticias\/wp-json\/wp\/v2\/users\/1"}],"replies":[{"embeddable":true,"href":"https:\/\/candas365.es\/noticias\/wp-json\/wp\/v2\/comments?post=88573"}],"version-history":[{"count":0,"href":"https:\/\/candas365.es\/noticias\/wp-json\/wp\/v2\/posts\/88573\/revisions"}],"wp:featuredmedia":[{"embeddable":true,"href":"https:\/\/candas365.es\/noticias\/wp-json\/wp\/v2\/media\/88575"}],"wp:attachment":[{"href":"https:\/\/candas365.es\/noticias\/wp-json\/wp\/v2\/media?parent=88573"}],"wp:term":[{"taxonomy":"category","embeddable":true,"href":"https:\/\/candas365.es\/noticias\/wp-json\/wp\/v2\/categories?post=88573"},{"taxonomy":"post_tag","embeddable":true,"href":"https:\/\/candas365.es\/noticias\/wp-json\/wp\/v2\/tags?post=88573"}],"curies":[{"name":"wp","href":"https:\/\/api.w.org\/{rel}","templated":true}]}}