{"id":88191,"date":"2018-01-11T22:44:23","date_gmt":"2018-01-11T22:44:23","guid":{"rendered":"http:\/\/candas365.es\/noticias\/?p=88191"},"modified":"2018-01-11T22:44:23","modified_gmt":"2018-01-11T22:44:23","slug":"la-cinemateca-ambulante-crece-en-2018","status":"publish","type":"post","link":"https:\/\/candas365.es\/noticias\/la-cinemateca-ambulante-crece-en-2018\/","title":{"rendered":"La Cinemateca Ambulante crece en 2018"},"content":{"rendered":"<p><img fetchpriority=\"high\" decoding=\"async\" class=\"alignleft size-medium wp-image-77992\" src=\"https:\/\/candas365.es\/noticias\/wp-content\/uploads\/2017\/08\/cine-2233692_960_720-360x248.jpg\" alt=\"\" width=\"360\" height=\"248\" srcset=\"https:\/\/candas365.es\/noticias\/wp-content\/uploads\/2017\/08\/cine-2233692_960_720-360x248.jpg 360w, https:\/\/candas365.es\/noticias\/wp-content\/uploads\/2017\/08\/cine-2233692_960_720-768x528.jpg 768w, https:\/\/candas365.es\/noticias\/wp-content\/uploads\/2017\/08\/cine-2233692_960_720-655x450.jpg 655w, https:\/\/candas365.es\/noticias\/wp-content\/uploads\/2017\/08\/cine-2233692_960_720-100x70.jpg 100w, https:\/\/candas365.es\/noticias\/wp-content\/uploads\/2017\/08\/cine-2233692_960_720-218x150.jpg 218w, https:\/\/candas365.es\/noticias\/wp-content\/uploads\/2017\/08\/cine-2233692_960_720-696x479.jpg 696w, https:\/\/candas365.es\/noticias\/wp-content\/uploads\/2017\/08\/cine-2233692_960_720-611x420.jpg 611w, https:\/\/candas365.es\/noticias\/wp-content\/uploads\/2017\/08\/cine-2233692_960_720.jpg 960w\" sizes=\"(max-width: 360px) 100vw, 360px\" \/>Laboral Cinemateca arranca 2018 presentando la nueva programaci\u00f3n del ciclo de cine itinerante La Cinemateca Ambulante, que llevar\u00e1 a diez concejos asturianos una selecci\u00f3n de lo mejor del cine contempor\u00e1neo. Vegadeo, Cangas del Narcea, Tineo, Nore\u00f1a, Siero, Llanera, Colunga, Villaviciosa, Cangas de On\u00eds y Nava, que se incorpora este trimestre al programa, exhibir\u00e1n diez destacadas pel\u00edculas del panorama actual, adem\u00e1s de contar con un pase especial de los cortometrajes seleccionados para su distribuci\u00f3n por Laboral Cinemateca.<\/p>\n<p>Como novedad este a\u00f1o, el programa se articula en dos ciclos. El primero est\u00e1 dedicado al cine contempor\u00e1neo hecho en Asturias y cuenta con la proyecci\u00f3n de la pel\u00edcula Escor\u00e9u, 24 d\u00b4Advientu de 1937 en la que el director gijon\u00e9s Ram\u00f3n Llu\u00eds Bande vuelve demostrar una vez m\u00e1s su compromiso con la recuperaci\u00f3n de la memoria hist\u00f3rica. Tambi\u00e9n de Bande es el corto A\u00fan me quedan balas para dibujar, un trabajo en el que recupera la memoria de presos del franquismo a trav\u00e9s de los muros de la prisi\u00f3n del Juzgado de Cangas del Narcea. Ambos filmes fueron presentados en el pasado Festival de Cine de Gij\u00f3n.<\/p>\n<p>Forma parte tambi\u00e9n de este ciclo La Plomada, de Luis Argeo y James D. Fern\u00e1ndez que, tras el exitoso Un legado de humo, vuelven a servirse de peque\u00f1as historias cotidianas y recuerdos para seguir las huellas de la emigraci\u00f3n espa\u00f1ola y asturiana que trabaj\u00f3 en las f\u00e1bricas de tabaco de Estados Unidos. Nominado al Goya al mejor documental, Cinemateca Ambulante exhibir\u00e1 el documental rodado en Asturias Cant\u00e1brico, los dominios del oso pardo, de Joaqu\u00edn Guti\u00e9rrez Acha; Neckan, una historia sobre los \u201cni\u00f1os robados\u201d de Gonzalo Tapia; y The Maus, la inquietante \u00f3pera prima del ovetense Yayo Herrero, un thriller fant\u00e1stico en torno al horror del conflicto b\u00e9lico en los Balcanes que se present\u00f3 internacionalmente en el festival de Sitges.<\/p>\n<p>La programaci\u00f3n de la Cinemateca Ambulante se complementa con cinco pel\u00edculas de referencia como la ganadora del Festival de Cannes y de los Premios del Cine Europeo y candidata al Oscar The square de Ruben \u00d6stlund, una \u00e1cida y cr\u00edtica comedia sobre el mundo del arte y contra la sociedad de lo pol\u00edticamente correcto; 120 pulsaciones por minuto de Robin Campillo, a quien Pedro Almod\u00f3var entreg\u00f3 el premio a la mejor direcci\u00f3n en Cannes, una pel\u00edcula militante sobre aquellos que \u201cen los tiempos m\u00e1s duros del SIDA, a trav\u00e9s de su lucha, salvaron muchas vidas\u201d.<\/p>\n<p>Muy diferente en su reivindicaci\u00f3n de la diversidad sexual es Tierra de Dios de Francis Lee, mejor pel\u00edcula en el Festival de Sundance, en los British Independent Awards y premiada, adem\u00e1s en Berl\u00edn. Tierra firme es la esperada segunda pel\u00edcula del director de 100.000 kil\u00f3metros, Carlos Marques-Marcet, y est\u00e1 protagonizada por Natalia Tena, Oona Chaplin (Juego de Tronos) y Dani Verdaguer (Verano 1993). Marcet aborda con humor y sentimiento los nuevos modelos de familia y c\u00f3mo afrontarlos. Cierra la cartelera una de las pel\u00edculas m\u00e1s relevantes del pasado Festival de San Sebasti\u00e1n, la sorprendente Alanis de Anah\u00ed Berneri que, desde una mirada de g\u00e9nero, propone, a trav\u00e9s de la vida de una prostituta, una reflexi\u00f3n sobre la \u00e9tica del trabajo.<\/p>\n<p>Completa la programaci\u00f3n de la Cinemateca Ambulante la proyecci\u00f3n de cinco de los cortometrajes que han sido seleccionados para formar parte del cat\u00e1logo de distribuci\u00f3n Cortometrajes Laboral Cinemateca, selecci\u00f3n que est\u00e1 formada por Agostu de Diego Llorente, No Jungle! de Carmen Men\u00e9ndez, Negrea de Juan Luis Ruiz, Y Nadia m\u00e1s que t\u00fa de Pablo Vijande y Marcus de Fernando Lorenzana. La entrada para todas las pel\u00edculas, que se proyectar\u00e1n en versi\u00f3n original subtitulada en castellano, ser\u00e1 gratuita.<\/p>\n","protected":false},"excerpt":{"rendered":"<p>Laboral Cinemateca arranca 2018 presentando la nueva programaci\u00f3n del ciclo de cine itinerante La Cinemateca Ambulante, que llevar\u00e1 a diez concejos asturianos una selecci\u00f3n de lo mejor del cine contempor\u00e1neo. Vegadeo, Cangas del Narcea, Tineo, Nore\u00f1a, Siero, Llanera, Colunga, Villaviciosa, Cangas de On\u00eds y Nava, que se incorpora este trimestre al programa, exhibir\u00e1n diez destacadas<\/p>\n","protected":false},"author":1,"featured_media":77992,"comment_status":"closed","ping_status":"closed","sticky":false,"template":"","format":"standard","meta":{"footnotes":""},"categories":[1],"tags":[],"class_list":{"0":"post-88191","1":"post","2":"type-post","3":"status-publish","4":"format-standard","5":"has-post-thumbnail","7":"category-agenda"},"aioseo_notices":[],"aioseo_head":"\n\t\t<!-- All in One SEO Pro 4.9.6.2 - aioseo.com -->\n\t<meta name=\"description\" content=\"Laboral Cinemateca arranca 2018 presentando la nueva programaci\u00f3n del ciclo de cine itinerante La Cinemateca Ambulante, que llevar\u00e1 a diez concejos asturianos una selecci\u00f3n de lo mejor del cine contempor\u00e1neo. Vegadeo, Cangas del Narcea, Tineo, Nore\u00f1a, Siero, Llanera, Colunga, Villaviciosa, Cangas de On\u00eds y Nava, que se incorpora este trimestre al programa, exhibir\u00e1n diez destacadas\" \/>\n\t<meta name=\"robots\" content=\"max-image-preview:large\" \/>\n\t<meta name=\"author\" content=\"Cand\u00e1s 365\"\/>\n\t<meta name=\"google-site-verification\" content=\"UA-32230408-1\" \/>\n\t<meta name=\"msvalidate.01\" content=\"354F3CDFB2DA171B47FBE9ABF1F88D5\" \/>\n\t<meta name=\"keywords\" content=\"agenda\" \/>\n\t<link rel=\"canonical\" href=\"https:\/\/candas365.es\/noticias\/la-cinemateca-ambulante-crece-en-2018\/\" \/>\n\t<meta name=\"generator\" content=\"All in One SEO Pro (AIOSEO) 4.9.6.2\" \/>\n\t\t<meta property=\"og:locale\" content=\"es_ES\" \/>\n\t\t<meta property=\"og:site_name\" content=\"Cand\u00e1s 365\" \/>\n\t\t<meta property=\"og:type\" content=\"article\" \/>\n\t\t<meta property=\"og:title\" content=\"La Cinemateca Ambulante crece en 2018 | Cand\u00e1s 365\" \/>\n\t\t<meta property=\"og:description\" content=\"Laboral Cinemateca arranca 2018 presentando la nueva programaci\u00f3n del ciclo de cine itinerante La Cinemateca Ambulante, que llevar\u00e1 a diez concejos asturianos una selecci\u00f3n de lo mejor del cine contempor\u00e1neo. Vegadeo, Cangas del Narcea, Tineo, Nore\u00f1a, Siero, Llanera, Colunga, Villaviciosa, Cangas de On\u00eds y Nava, que se incorpora este trimestre al programa, exhibir\u00e1n diez destacadas\" \/>\n\t\t<meta property=\"og:url\" content=\"https:\/\/candas365.es\/noticias\/la-cinemateca-ambulante-crece-en-2018\/\" \/>\n\t\t<meta property=\"og:image\" content=\"https:\/\/candas365.es\/noticias\/wp-content\/uploads\/2017\/08\/cine-2233692_960_720.jpg\" \/>\n\t\t<meta property=\"og:image:secure_url\" content=\"https:\/\/candas365.es\/noticias\/wp-content\/uploads\/2017\/08\/cine-2233692_960_720.jpg\" \/>\n\t\t<meta property=\"og:image:width\" content=\"960\" \/>\n\t\t<meta property=\"og:image:height\" content=\"660\" \/>\n\t\t<meta property=\"article:published_time\" content=\"2018-01-11T22:44:23+00:00\" \/>\n\t\t<meta property=\"article:modified_time\" content=\"2018-01-11T22:44:23+00:00\" \/>\n\t\t<meta property=\"article:publisher\" content=\"https:\/\/www.facebook.com\/Nachofdezber\" \/>\n\t\t<meta property=\"article:author\" content=\"https:\/\/www.facebook.com\/carrenoactualidad\" \/>\n\t\t<meta name=\"twitter:card\" content=\"summary_large_image\" \/>\n\t\t<meta name=\"twitter:site\" content=\"@NabercoDigital\" \/>\n\t\t<meta name=\"twitter:title\" content=\"La Cinemateca Ambulante crece en 2018 | Cand\u00e1s 365\" \/>\n\t\t<meta name=\"twitter:description\" content=\"Laboral Cinemateca arranca 2018 presentando la nueva programaci\u00f3n del ciclo de cine itinerante La Cinemateca Ambulante, que llevar\u00e1 a diez concejos asturianos una selecci\u00f3n de lo mejor del cine contempor\u00e1neo. Vegadeo, Cangas del Narcea, Tineo, Nore\u00f1a, Siero, Llanera, Colunga, Villaviciosa, Cangas de On\u00eds y Nava, que se incorpora este trimestre al programa, exhibir\u00e1n diez destacadas\" \/>\n\t\t<meta name=\"twitter:creator\" content=\"@nbasturias\" \/>\n\t\t<meta name=\"twitter:image\" content=\"https:\/\/candas365.es\/noticias\/wp-content\/uploads\/2017\/08\/cine-2233692_960_720.jpg\" \/>\n\t\t<meta name=\"twitter:label1\" content=\"Escrito por\" \/>\n\t\t<meta name=\"twitter:data1\" content=\"Cand\u00e1s 365\" \/>\n\t\t<meta name=\"twitter:label2\" content=\"Tiempo de lectura estimado\" \/>\n\t\t<meta name=\"twitter:data2\" content=\"3 minutos\" \/>\n\t\t<script type=\"application\/ld+json\" class=\"aioseo-schema\">\n\t\t\t{\"@context\":\"https:\\\/\\\/schema.org\",\"@graph\":[{\"@type\":\"BreadcrumbList\",\"@id\":\"https:\\\/\\\/candas365.es\\\/noticias\\\/la-cinemateca-ambulante-crece-en-2018\\\/#breadcrumblist\",\"itemListElement\":[{\"@type\":\"ListItem\",\"@id\":\"https:\\\/\\\/candas365.es\\\/noticias#listItem\",\"position\":1,\"name\":\"Home\",\"item\":\"https:\\\/\\\/candas365.es\\\/noticias\",\"nextItem\":{\"@type\":\"ListItem\",\"@id\":\"https:\\\/\\\/candas365.es\\\/noticias\\\/category\\\/agenda\\\/#listItem\",\"name\":\"Agenda\"}},{\"@type\":\"ListItem\",\"@id\":\"https:\\\/\\\/candas365.es\\\/noticias\\\/category\\\/agenda\\\/#listItem\",\"position\":2,\"name\":\"Agenda\",\"item\":\"https:\\\/\\\/candas365.es\\\/noticias\\\/category\\\/agenda\\\/\",\"nextItem\":{\"@type\":\"ListItem\",\"@id\":\"https:\\\/\\\/candas365.es\\\/noticias\\\/la-cinemateca-ambulante-crece-en-2018\\\/#listItem\",\"name\":\"La Cinemateca Ambulante crece en 2018\"},\"previousItem\":{\"@type\":\"ListItem\",\"@id\":\"https:\\\/\\\/candas365.es\\\/noticias#listItem\",\"name\":\"Home\"}},{\"@type\":\"ListItem\",\"@id\":\"https:\\\/\\\/candas365.es\\\/noticias\\\/la-cinemateca-ambulante-crece-en-2018\\\/#listItem\",\"position\":3,\"name\":\"La Cinemateca Ambulante crece en 2018\",\"previousItem\":{\"@type\":\"ListItem\",\"@id\":\"https:\\\/\\\/candas365.es\\\/noticias\\\/category\\\/agenda\\\/#listItem\",\"name\":\"Agenda\"}}]},{\"@type\":\"NewsArticle\",\"@id\":\"https:\\\/\\\/candas365.es\\\/noticias\\\/la-cinemateca-ambulante-crece-en-2018\\\/#newsarticle\",\"name\":\"La Cinemateca Ambulante crece en 2018 | Cand\\u00e1s 365\",\"headline\":\"La Cinemateca Ambulante crece en 2018\",\"author\":{\"@id\":\"https:\\\/\\\/candas365.es\\\/noticias\\\/author\\\/admin\\\/#author\"},\"publisher\":{\"@id\":\"https:\\\/\\\/candas365.es\\\/noticias\\\/#organization\"},\"image\":{\"@type\":\"ImageObject\",\"url\":\"https:\\\/\\\/candas365.es\\\/noticias\\\/wp-content\\\/uploads\\\/2017\\\/08\\\/cine-2233692_960_720.jpg\",\"width\":960,\"height\":660},\"datePublished\":\"2018-01-11T22:44:23+01:00\",\"dateModified\":\"2018-01-11T22:44:23+01:00\",\"inLanguage\":\"es-ES\",\"mainEntityOfPage\":{\"@id\":\"https:\\\/\\\/candas365.es\\\/noticias\\\/la-cinemateca-ambulante-crece-en-2018\\\/#webpage\"},\"isPartOf\":{\"@id\":\"https:\\\/\\\/candas365.es\\\/noticias\\\/la-cinemateca-ambulante-crece-en-2018\\\/#webpage\"},\"articleSection\":\"Agenda\",\"dateline\":\"Publicado el enero 11, 2018.\"},{\"@type\":\"Organization\",\"@id\":\"https:\\\/\\\/candas365.es\\\/noticias\\\/#organization\",\"name\":\"Cand\\u00e1s 365\",\"description\":\"Cand\\u00e1s 365 es un diario digital independiente, fundado en 2012, con base en Asturias. Informamos con rigor sobre actualidad, sociedad, cultura y ocio, con una mirada local y global.\",\"url\":\"https:\\\/\\\/candas365.es\\\/noticias\\\/\",\"email\":\"info@candas365.es\",\"telephone\":\"+34652131393\",\"foundingDate\":\"2012-06-10\",\"logo\":{\"@type\":\"ImageObject\",\"url\":\"https:\\\/\\\/candas365.es\\\/noticias\\\/wp-content\\\/uploads\\\/2024\\\/09\\\/Candas-365-Redes.jpg\",\"@id\":\"https:\\\/\\\/candas365.es\\\/noticias\\\/la-cinemateca-ambulante-crece-en-2018\\\/#organizationLogo\",\"width\":1152,\"height\":864,\"caption\":\"Cand\\u00e1s 365 Redes\"},\"image\":{\"@id\":\"https:\\\/\\\/candas365.es\\\/noticias\\\/la-cinemateca-ambulante-crece-en-2018\\\/#organizationLogo\"},\"sameAs\":[\"https:\\\/\\\/www.facebook.com\\\/Nachofdezber\",\"https:\\\/\\\/x.com\\\/NabercoDigital\",\"https:\\\/\\\/www.instagram.com\\\/nachofdezber\\\/\",\"https:\\\/\\\/www.youtube.com\\\/channel\\\/UCZP-2wLEB9Rv6erhFmqVnvg\"],\"address\":{\"@id\":\"https:\\\/\\\/candas365.es\\\/noticias\\\/#postaladdress\",\"@type\":\"PostalAddress\",\"streetAddress\":\"san antonio 4, san antonio 4\",\"postalCode\":\"33430\",\"addressLocality\":\"Cand\\u00e1s\",\"addressRegion\":\"Asturias\",\"addressCountry\":\"ES\"}},{\"@type\":\"Person\",\"@id\":\"https:\\\/\\\/candas365.es\\\/noticias\\\/author\\\/admin\\\/#author\",\"url\":\"https:\\\/\\\/candas365.es\\\/noticias\\\/author\\\/admin\\\/\",\"name\":\"Cand\\u00e1s 365\",\"image\":{\"@type\":\"ImageObject\",\"@id\":\"https:\\\/\\\/candas365.es\\\/noticias\\\/la-cinemateca-ambulante-crece-en-2018\\\/#authorImage\",\"url\":\"https:\\\/\\\/secure.gravatar.com\\\/avatar\\\/496a8e03d0c493ede1718b7934145dbdf8d89be1036b0eec9544e1094c9de390?s=96&d=mm&r=g\",\"width\":96,\"height\":96,\"caption\":\"Cand\\u00e1s 365\"},\"sameAs\":[\"https:\\\/\\\/www.facebook.com\\\/carrenoactualidad\",\"https:\\\/\\\/twitter.com\\\/nbasturias\",\"https:\\\/\\\/www.instagram.com\\\/nachofdezber\\\/\",\"https:\\\/\\\/www.youtube.com\\\/channel\\\/UCZP-2wLEB9Rv6erhFmqVnvg\"]},{\"@type\":\"WebPage\",\"@id\":\"https:\\\/\\\/candas365.es\\\/noticias\\\/la-cinemateca-ambulante-crece-en-2018\\\/#webpage\",\"url\":\"https:\\\/\\\/candas365.es\\\/noticias\\\/la-cinemateca-ambulante-crece-en-2018\\\/\",\"name\":\"La Cinemateca Ambulante crece en 2018 | Cand\\u00e1s 365\",\"description\":\"Laboral Cinemateca arranca 2018 presentando la nueva programaci\\u00f3n del ciclo de cine itinerante La Cinemateca Ambulante, que llevar\\u00e1 a diez concejos asturianos una selecci\\u00f3n de lo mejor del cine contempor\\u00e1neo. Vegadeo, Cangas del Narcea, Tineo, Nore\\u00f1a, Siero, Llanera, Colunga, Villaviciosa, Cangas de On\\u00eds y Nava, que se incorpora este trimestre al programa, exhibir\\u00e1n diez destacadas\",\"inLanguage\":\"es-ES\",\"isPartOf\":{\"@id\":\"https:\\\/\\\/candas365.es\\\/noticias\\\/#website\"},\"breadcrumb\":{\"@id\":\"https:\\\/\\\/candas365.es\\\/noticias\\\/la-cinemateca-ambulante-crece-en-2018\\\/#breadcrumblist\"},\"author\":{\"@id\":\"https:\\\/\\\/candas365.es\\\/noticias\\\/author\\\/admin\\\/#author\"},\"creator\":{\"@id\":\"https:\\\/\\\/candas365.es\\\/noticias\\\/author\\\/admin\\\/#author\"},\"image\":{\"@type\":\"ImageObject\",\"url\":\"https:\\\/\\\/candas365.es\\\/noticias\\\/wp-content\\\/uploads\\\/2017\\\/08\\\/cine-2233692_960_720.jpg\",\"@id\":\"https:\\\/\\\/candas365.es\\\/noticias\\\/la-cinemateca-ambulante-crece-en-2018\\\/#mainImage\",\"width\":960,\"height\":660},\"primaryImageOfPage\":{\"@id\":\"https:\\\/\\\/candas365.es\\\/noticias\\\/la-cinemateca-ambulante-crece-en-2018\\\/#mainImage\"},\"datePublished\":\"2018-01-11T22:44:23+01:00\",\"dateModified\":\"2018-01-11T22:44:23+01:00\"},{\"@type\":\"WebSite\",\"@id\":\"https:\\\/\\\/candas365.es\\\/noticias\\\/#website\",\"url\":\"https:\\\/\\\/candas365.es\\\/noticias\\\/\",\"name\":\"Cand\\u00e1s 365\",\"alternateName\":\"Cand\\u00e1s 365 Noticias\",\"description\":\"Actualidad desde Carre\\u00f1o para el mundo\",\"inLanguage\":\"es-ES\",\"publisher\":{\"@id\":\"https:\\\/\\\/candas365.es\\\/noticias\\\/#organization\"}}]}\n\t\t<\/script>\n\t\t<!-- All in One SEO Pro -->\r\n\t\t<title>La Cinemateca Ambulante crece en 2018 | Cand\u00e1s 365<\/title>\n\n","aioseo_head_json":{"title":"La Cinemateca Ambulante crece en 2018 | Cand\u00e1s 365","description":"Laboral Cinemateca arranca 2018 presentando la nueva programaci\u00f3n del ciclo de cine itinerante La Cinemateca Ambulante, que llevar\u00e1 a diez concejos asturianos una selecci\u00f3n de lo mejor del cine contempor\u00e1neo. Vegadeo, Cangas del Narcea, Tineo, Nore\u00f1a, Siero, Llanera, Colunga, Villaviciosa, Cangas de On\u00eds y Nava, que se incorpora este trimestre al programa, exhibir\u00e1n diez destacadas","canonical_url":"https:\/\/candas365.es\/noticias\/la-cinemateca-ambulante-crece-en-2018\/","robots":"max-image-preview:large","keywords":"agenda","webmasterTools":{"google-site-verification":"UA-32230408-1","msvalidate.01":"354F3CDFB2DA171B47FBE9ABF1F88D5","miscellaneous":""},"schema":{"@context":"https:\/\/schema.org","@graph":[{"@type":"BreadcrumbList","@id":"https:\/\/candas365.es\/noticias\/la-cinemateca-ambulante-crece-en-2018\/#breadcrumblist","itemListElement":[{"@type":"ListItem","@id":"https:\/\/candas365.es\/noticias#listItem","position":1,"name":"Home","item":"https:\/\/candas365.es\/noticias","nextItem":{"@type":"ListItem","@id":"https:\/\/candas365.es\/noticias\/category\/agenda\/#listItem","name":"Agenda"}},{"@type":"ListItem","@id":"https:\/\/candas365.es\/noticias\/category\/agenda\/#listItem","position":2,"name":"Agenda","item":"https:\/\/candas365.es\/noticias\/category\/agenda\/","nextItem":{"@type":"ListItem","@id":"https:\/\/candas365.es\/noticias\/la-cinemateca-ambulante-crece-en-2018\/#listItem","name":"La Cinemateca Ambulante crece en 2018"},"previousItem":{"@type":"ListItem","@id":"https:\/\/candas365.es\/noticias#listItem","name":"Home"}},{"@type":"ListItem","@id":"https:\/\/candas365.es\/noticias\/la-cinemateca-ambulante-crece-en-2018\/#listItem","position":3,"name":"La Cinemateca Ambulante crece en 2018","previousItem":{"@type":"ListItem","@id":"https:\/\/candas365.es\/noticias\/category\/agenda\/#listItem","name":"Agenda"}}]},{"@type":"NewsArticle","@id":"https:\/\/candas365.es\/noticias\/la-cinemateca-ambulante-crece-en-2018\/#newsarticle","name":"La Cinemateca Ambulante crece en 2018 | Cand\u00e1s 365","headline":"La Cinemateca Ambulante crece en 2018","author":{"@id":"https:\/\/candas365.es\/noticias\/author\/admin\/#author"},"publisher":{"@id":"https:\/\/candas365.es\/noticias\/#organization"},"image":{"@type":"ImageObject","url":"https:\/\/candas365.es\/noticias\/wp-content\/uploads\/2017\/08\/cine-2233692_960_720.jpg","width":960,"height":660},"datePublished":"2018-01-11T22:44:23+01:00","dateModified":"2018-01-11T22:44:23+01:00","inLanguage":"es-ES","mainEntityOfPage":{"@id":"https:\/\/candas365.es\/noticias\/la-cinemateca-ambulante-crece-en-2018\/#webpage"},"isPartOf":{"@id":"https:\/\/candas365.es\/noticias\/la-cinemateca-ambulante-crece-en-2018\/#webpage"},"articleSection":"Agenda","dateline":"Publicado el enero 11, 2018."},{"@type":"Organization","@id":"https:\/\/candas365.es\/noticias\/#organization","name":"Cand\u00e1s 365","description":"Cand\u00e1s 365 es un diario digital independiente, fundado en 2012, con base en Asturias. Informamos con rigor sobre actualidad, sociedad, cultura y ocio, con una mirada local y global.","url":"https:\/\/candas365.es\/noticias\/","email":"info@candas365.es","telephone":"+34652131393","foundingDate":"2012-06-10","logo":{"@type":"ImageObject","url":"https:\/\/candas365.es\/noticias\/wp-content\/uploads\/2024\/09\/Candas-365-Redes.jpg","@id":"https:\/\/candas365.es\/noticias\/la-cinemateca-ambulante-crece-en-2018\/#organizationLogo","width":1152,"height":864,"caption":"Cand\u00e1s 365 Redes"},"image":{"@id":"https:\/\/candas365.es\/noticias\/la-cinemateca-ambulante-crece-en-2018\/#organizationLogo"},"sameAs":["https:\/\/www.facebook.com\/Nachofdezber","https:\/\/x.com\/NabercoDigital","https:\/\/www.instagram.com\/nachofdezber\/","https:\/\/www.youtube.com\/channel\/UCZP-2wLEB9Rv6erhFmqVnvg"],"address":{"@id":"https:\/\/candas365.es\/noticias\/#postaladdress","@type":"PostalAddress","streetAddress":"san antonio 4, san antonio 4","postalCode":"33430","addressLocality":"Cand\u00e1s","addressRegion":"Asturias","addressCountry":"ES"}},{"@type":"Person","@id":"https:\/\/candas365.es\/noticias\/author\/admin\/#author","url":"https:\/\/candas365.es\/noticias\/author\/admin\/","name":"Cand\u00e1s 365","image":{"@type":"ImageObject","@id":"https:\/\/candas365.es\/noticias\/la-cinemateca-ambulante-crece-en-2018\/#authorImage","url":"https:\/\/secure.gravatar.com\/avatar\/496a8e03d0c493ede1718b7934145dbdf8d89be1036b0eec9544e1094c9de390?s=96&d=mm&r=g","width":96,"height":96,"caption":"Cand\u00e1s 365"},"sameAs":["https:\/\/www.facebook.com\/carrenoactualidad","https:\/\/twitter.com\/nbasturias","https:\/\/www.instagram.com\/nachofdezber\/","https:\/\/www.youtube.com\/channel\/UCZP-2wLEB9Rv6erhFmqVnvg"]},{"@type":"WebPage","@id":"https:\/\/candas365.es\/noticias\/la-cinemateca-ambulante-crece-en-2018\/#webpage","url":"https:\/\/candas365.es\/noticias\/la-cinemateca-ambulante-crece-en-2018\/","name":"La Cinemateca Ambulante crece en 2018 | Cand\u00e1s 365","description":"Laboral Cinemateca arranca 2018 presentando la nueva programaci\u00f3n del ciclo de cine itinerante La Cinemateca Ambulante, que llevar\u00e1 a diez concejos asturianos una selecci\u00f3n de lo mejor del cine contempor\u00e1neo. Vegadeo, Cangas del Narcea, Tineo, Nore\u00f1a, Siero, Llanera, Colunga, Villaviciosa, Cangas de On\u00eds y Nava, que se incorpora este trimestre al programa, exhibir\u00e1n diez destacadas","inLanguage":"es-ES","isPartOf":{"@id":"https:\/\/candas365.es\/noticias\/#website"},"breadcrumb":{"@id":"https:\/\/candas365.es\/noticias\/la-cinemateca-ambulante-crece-en-2018\/#breadcrumblist"},"author":{"@id":"https:\/\/candas365.es\/noticias\/author\/admin\/#author"},"creator":{"@id":"https:\/\/candas365.es\/noticias\/author\/admin\/#author"},"image":{"@type":"ImageObject","url":"https:\/\/candas365.es\/noticias\/wp-content\/uploads\/2017\/08\/cine-2233692_960_720.jpg","@id":"https:\/\/candas365.es\/noticias\/la-cinemateca-ambulante-crece-en-2018\/#mainImage","width":960,"height":660},"primaryImageOfPage":{"@id":"https:\/\/candas365.es\/noticias\/la-cinemateca-ambulante-crece-en-2018\/#mainImage"},"datePublished":"2018-01-11T22:44:23+01:00","dateModified":"2018-01-11T22:44:23+01:00"},{"@type":"WebSite","@id":"https:\/\/candas365.es\/noticias\/#website","url":"https:\/\/candas365.es\/noticias\/","name":"Cand\u00e1s 365","alternateName":"Cand\u00e1s 365 Noticias","description":"Actualidad desde Carre\u00f1o para el mundo","inLanguage":"es-ES","publisher":{"@id":"https:\/\/candas365.es\/noticias\/#organization"}}]},"og:locale":"es_ES","og:site_name":"Cand\u00e1s 365","og:type":"article","og:title":"La Cinemateca Ambulante crece en 2018 | Cand\u00e1s 365","og:description":"Laboral Cinemateca arranca 2018 presentando la nueva programaci\u00f3n del ciclo de cine itinerante La Cinemateca Ambulante, que llevar\u00e1 a diez concejos asturianos una selecci\u00f3n de lo mejor del cine contempor\u00e1neo. Vegadeo, Cangas del Narcea, Tineo, Nore\u00f1a, Siero, Llanera, Colunga, Villaviciosa, Cangas de On\u00eds y Nava, que se incorpora este trimestre al programa, exhibir\u00e1n diez destacadas","og:url":"https:\/\/candas365.es\/noticias\/la-cinemateca-ambulante-crece-en-2018\/","og:image":"https:\/\/candas365.es\/noticias\/wp-content\/uploads\/2017\/08\/cine-2233692_960_720.jpg","og:image:secure_url":"https:\/\/candas365.es\/noticias\/wp-content\/uploads\/2017\/08\/cine-2233692_960_720.jpg","og:image:width":960,"og:image:height":660,"article:published_time":"2018-01-11T22:44:23+00:00","article:modified_time":"2018-01-11T22:44:23+00:00","article:publisher":"https:\/\/www.facebook.com\/Nachofdezber","article:author":"https:\/\/www.facebook.com\/carrenoactualidad","twitter:card":"summary_large_image","twitter:site":"@NabercoDigital","twitter:title":"La Cinemateca Ambulante crece en 2018 | Cand\u00e1s 365","twitter:description":"Laboral Cinemateca arranca 2018 presentando la nueva programaci\u00f3n del ciclo de cine itinerante La Cinemateca Ambulante, que llevar\u00e1 a diez concejos asturianos una selecci\u00f3n de lo mejor del cine contempor\u00e1neo. Vegadeo, Cangas del Narcea, Tineo, Nore\u00f1a, Siero, Llanera, Colunga, Villaviciosa, Cangas de On\u00eds y Nava, que se incorpora este trimestre al programa, exhibir\u00e1n diez destacadas","twitter:creator":"@nbasturias","twitter:image":"https:\/\/candas365.es\/noticias\/wp-content\/uploads\/2017\/08\/cine-2233692_960_720.jpg","twitter:label1":"Escrito por","twitter:data1":"Cand\u00e1s 365","twitter:label2":"Tiempo de lectura estimado","twitter:data2":"3 minutos"},"aioseo_meta_data":{"post_id":"88191","title":null,"description":null,"keywords":null,"keyphrases":null,"primary_term":null,"canonical_url":null,"og_title":null,"og_description":null,"og_object_type":"default","og_image_type":"default","og_image_url":null,"og_image_width":null,"og_image_height":null,"og_image_custom_url":null,"og_image_custom_fields":null,"og_video":null,"og_custom_url":null,"og_article_section":null,"og_article_tags":null,"twitter_use_og":false,"twitter_card":"default","twitter_image_type":"default","twitter_image_url":null,"twitter_image_custom_url":null,"twitter_image_custom_fields":null,"twitter_title":null,"twitter_description":null,"schema":{"blockGraphs":[],"customGraphs":[],"default":{"data":{"Article":[],"Course":[],"Dataset":[],"FAQPage":[],"Movie":[],"Person":[],"Product":[],"ProductReview":[],"Car":[],"Recipe":[],"Service":[],"SoftwareApplication":[],"WebPage":[]},"graphName":"","isEnabled":true},"graphs":[]},"schema_type":null,"schema_type_options":null,"pillar_content":false,"robots_default":true,"robots_noindex":false,"robots_noarchive":false,"robots_nosnippet":false,"robots_nofollow":false,"robots_noimageindex":false,"robots_noodp":false,"robots_notranslate":false,"robots_max_snippet":null,"robots_max_videopreview":null,"robots_max_imagepreview":"large","priority":null,"frequency":null,"location":null,"local_seo":null,"seo_analyzer_scan_date":"2025-08-26 10:36:07","breadcrumb_settings":null,"limit_modified_date":false,"reviewed_by":null,"open_ai":null,"ai":null,"created":"2020-12-21 12:05:05","updated":"2025-08-26 10:36:07"},"aioseo_breadcrumb":"<div class=\"aioseo-breadcrumbs\"><span class=\"aioseo-breadcrumb\">\n\t<a href=\"https:\/\/candas365.es\/noticias\" title=\"Home\">Home<\/a>\n<\/span><span class=\"aioseo-breadcrumb-separator\">&ndash;<\/span><span class=\"aioseo-breadcrumb\">\n\t<a href=\"https:\/\/candas365.es\/noticias\/category\/agenda\/\" title=\"Agenda\">Agenda<\/a>\n<\/span><span class=\"aioseo-breadcrumb-separator\">&ndash;<\/span><span class=\"aioseo-breadcrumb\">\n\tLa Cinemateca Ambulante crece en 2018\n<\/span><\/div>","aioseo_breadcrumb_json":[{"label":"Home","link":"https:\/\/candas365.es\/noticias"},{"label":"Agenda","link":"https:\/\/candas365.es\/noticias\/category\/agenda\/"},{"label":"La Cinemateca Ambulante crece en 2018","link":"https:\/\/candas365.es\/noticias\/la-cinemateca-ambulante-crece-en-2018\/"}],"_links":{"self":[{"href":"https:\/\/candas365.es\/noticias\/wp-json\/wp\/v2\/posts\/88191","targetHints":{"allow":["GET"]}}],"collection":[{"href":"https:\/\/candas365.es\/noticias\/wp-json\/wp\/v2\/posts"}],"about":[{"href":"https:\/\/candas365.es\/noticias\/wp-json\/wp\/v2\/types\/post"}],"author":[{"embeddable":true,"href":"https:\/\/candas365.es\/noticias\/wp-json\/wp\/v2\/users\/1"}],"replies":[{"embeddable":true,"href":"https:\/\/candas365.es\/noticias\/wp-json\/wp\/v2\/comments?post=88191"}],"version-history":[{"count":0,"href":"https:\/\/candas365.es\/noticias\/wp-json\/wp\/v2\/posts\/88191\/revisions"}],"wp:featuredmedia":[{"embeddable":true,"href":"https:\/\/candas365.es\/noticias\/wp-json\/wp\/v2\/media\/77992"}],"wp:attachment":[{"href":"https:\/\/candas365.es\/noticias\/wp-json\/wp\/v2\/media?parent=88191"}],"wp:term":[{"taxonomy":"category","embeddable":true,"href":"https:\/\/candas365.es\/noticias\/wp-json\/wp\/v2\/categories?post=88191"},{"taxonomy":"post_tag","embeddable":true,"href":"https:\/\/candas365.es\/noticias\/wp-json\/wp\/v2\/tags?post=88191"}],"curies":[{"name":"wp","href":"https:\/\/api.w.org\/{rel}","templated":true}]}}