{"id":88161,"date":"2018-01-11T16:15:34","date_gmt":"2018-01-11T16:15:34","guid":{"rendered":"http:\/\/candas365.es\/noticias\/?p=88161"},"modified":"2018-01-11T16:15:34","modified_gmt":"2018-01-11T16:15:34","slug":"cuando-se-puede-renovar-el-dni-en-candas","status":"publish","type":"post","link":"https:\/\/candas365.es\/noticias\/cuando-se-puede-renovar-el-dni-en-candas\/","title":{"rendered":"\u00bfCu\u00e1ndo se puede renovar el DNI en Cand\u00e1s?"},"content":{"rendered":"<p><img fetchpriority=\"high\" decoding=\"async\" class=\"alignleft size-medium wp-image-6453\" src=\"https:\/\/candas365.es\/noticias\/wp-content\/uploads\/2015\/01\/ayuntamiento-360x270.jpg\" alt=\"\" width=\"360\" height=\"270\" srcset=\"https:\/\/candas365.es\/noticias\/wp-content\/uploads\/2015\/01\/ayuntamiento-360x270.jpg 360w, https:\/\/candas365.es\/noticias\/wp-content\/uploads\/2015\/01\/ayuntamiento-640x480.jpg 640w, https:\/\/candas365.es\/noticias\/wp-content\/uploads\/2015\/01\/ayuntamiento-768x576.jpg 768w, https:\/\/candas365.es\/noticias\/wp-content\/uploads\/2015\/01\/ayuntamiento-150x113.jpg 150w, https:\/\/candas365.es\/noticias\/wp-content\/uploads\/2015\/01\/ayuntamiento-450x338.jpg 450w, https:\/\/candas365.es\/noticias\/wp-content\/uploads\/2015\/01\/ayuntamiento-80x60.jpg 80w, https:\/\/candas365.es\/noticias\/wp-content\/uploads\/2015\/01\/ayuntamiento-265x198.jpg 265w, https:\/\/candas365.es\/noticias\/wp-content\/uploads\/2015\/01\/ayuntamiento-696x522.jpg 696w, https:\/\/candas365.es\/noticias\/wp-content\/uploads\/2015\/01\/ayuntamiento-560x420.jpg 560w, https:\/\/candas365.es\/noticias\/wp-content\/uploads\/2015\/01\/ayuntamiento-90x67.jpg 90w, https:\/\/candas365.es\/noticias\/wp-content\/uploads\/2015\/01\/ayuntamiento.jpg 800w\" sizes=\"(max-width: 360px) 100vw, 360px\" \/>\u00abHemos recibido el comunicado de la Comisar\u00eda del Cuerpo Nacional de Polic\u00eda de Avil\u00e9s con el calendario de desplazamientos para tramitar la Expedici\u00f3n o Renovaci\u00f3n de los documentos Nacionales de Identidad (DNI) en Carre\u00f1o. Esta prestaci\u00f3n se pone a disposici\u00f3n del vecindario del concejo, para que lo renueven en Cand\u00e1s sin tener que desplazarse a otras localidades. Este servicio es fruto del acuerdo de colaboraci\u00f3n establecido entre el Ayuntamiento y el Ministerio de Interior\u201d \u2013 se\u00f1al\u00f3 el edil de Seguridad Ciudadana, <strong>Simi Velasco<\/strong>.<\/p>\n<p><strong>Los d\u00edas de renovaci\u00f3n del DNI este a\u00f1o en Carre\u00f1o ser\u00e1n los siguientes:<\/strong><\/p>\n<p>-19 de Febrero de 2018. Fecha de recogida el 22 de Febrero.<br \/>\n-16 de Abril de 2018. Fecha de recogida el 19 de Abril.<br \/>\n-28 de Mayo de 2018. Fecha de recogida el 31 de Mayo.<br \/>\n-24 de Septiembre de 2018. Fecha de recogida el 27 de Septiembre.<br \/>\n-5 de Noviembre de 2018. Fecha de recogida el 8 de Noviembre.<\/p>\n<p><strong>Lugar: Ayuntamiento de Carre\u00f1o<\/strong>.<\/p>\n<p>Se requiere para acceder al mismo solicitar cita previa e informaci\u00f3n: Ayuntamiento de Carre\u00f1o. Tel\u00e9fono 985870205 \u2013 06 (Inmaculada-Secretar\u00eda; Jos\u00e9 Manuel \u2013 Alcald\u00eda.). Existe l\u00edmite de tramitaci\u00f3n para cada d\u00eda.<\/p>\n<p>Importe abonar: 11 \u20ac. Cambio de datos, gratuito.<\/p>\n<p>Obtener DNI es obligatorio desde los 14 a\u00f1os, pero puede hacerse desde el nacimiento.<\/p>\n<p>Los DNI obtenidos despu\u00e9s de los 70 a\u00f1os ya son definitivos.<\/p>\n<p>Algunas compa\u00f1\u00edas a\u00e9reas no permiten viajar sin documentar y no consideran v\u00e1lido el Libro de Familia.<\/p>\n<p>Personas impedidas para desplazamiento: Posible en cualquier fecha. Informarse sobre requisitos para DNI a domicilio.<\/p>\n<p>Pueden renovarse con duraci\u00f3n normal los que caduquen antes de 90 d\u00edas de la fecha indicada. Los que sobrepasen solo vigencia hasta la fecha del anterior (sustra\u00eddo, extraviado o deteriorado).<\/p>\n<p>Este a\u00f1o, previa acreditaci\u00f3n documental, la expedici\u00f3n es gratuita para las familias numerosas. (Carnet Individual en vigor emitido por la Consejer\u00eda de Bienestar Social del Principado de Asturias).<\/p>\n<p>Durante el a\u00f1o 2018 no se prev\u00e9n m\u00e1s desplazamientos a Carre\u00f1o, no obstante, las personas interesadas podr\u00e1n realizar habitualmente los tr\u00e1mites en cualquier Comisar\u00eda con cita concertada previamente, obteniendo el DNIe en el mismo d\u00eda, llamando al 902247364, o bien a trav\u00e9s de Internet: <strong>www.citapreviadnie.es<\/strong>.<\/p>\n","protected":false},"excerpt":{"rendered":"<p>\u00abHemos recibido el comunicado de la Comisar\u00eda del Cuerpo Nacional de Polic\u00eda de Avil\u00e9s con el calendario de desplazamientos para tramitar la Expedici\u00f3n o Renovaci\u00f3n de los documentos Nacionales de Identidad (DNI) en Carre\u00f1o. Esta prestaci\u00f3n se pone a disposici\u00f3n del vecindario del concejo, para que lo renueven en Cand\u00e1s sin tener que desplazarse a<\/p>\n","protected":false},"author":1,"featured_media":6453,"comment_status":"closed","ping_status":"closed","sticky":false,"template":"","format":"standard","meta":{"footnotes":""},"categories":[2],"tags":[],"class_list":{"0":"post-88161","1":"post","2":"type-post","3":"status-publish","4":"format-standard","5":"has-post-thumbnail","7":"category-noticias-carreno"},"aioseo_notices":[],"aioseo_head":"\n\t\t<!-- All in One SEO Pro 4.9.6.2 - aioseo.com -->\n\t<meta name=\"description\" content=\"&quot;Hemos recibido el comunicado de la Comisar\u00eda del Cuerpo Nacional de Polic\u00eda de Avil\u00e9s con el calendario de desplazamientos para tramitar la Expedici\u00f3n o Renovaci\u00f3n de los documentos Nacionales de Identidad (DNI) en Carre\u00f1o. Esta prestaci\u00f3n se pone a disposici\u00f3n del vecindario del concejo, para que lo renueven en Cand\u00e1s sin tener que desplazarse a\" \/>\n\t<meta name=\"robots\" content=\"max-image-preview:large\" \/>\n\t<meta name=\"author\" content=\"Cand\u00e1s 365\"\/>\n\t<meta name=\"google-site-verification\" content=\"UA-32230408-1\" \/>\n\t<meta name=\"msvalidate.01\" content=\"354F3CDFB2DA171B47FBE9ABF1F88D5\" \/>\n\t<meta name=\"keywords\" content=\"noticias carre\u00f1o\" \/>\n\t<link rel=\"canonical\" href=\"https:\/\/candas365.es\/noticias\/cuando-se-puede-renovar-el-dni-en-candas\/\" \/>\n\t<meta name=\"generator\" content=\"All in One SEO Pro (AIOSEO) 4.9.6.2\" \/>\n\t\t<meta property=\"og:locale\" content=\"es_ES\" \/>\n\t\t<meta property=\"og:site_name\" content=\"Cand\u00e1s 365\" \/>\n\t\t<meta property=\"og:type\" content=\"article\" \/>\n\t\t<meta property=\"og:title\" content=\"\u00bfCu\u00e1ndo se puede renovar el DNI en Cand\u00e1s? | Cand\u00e1s 365\" \/>\n\t\t<meta property=\"og:description\" content=\"&quot;Hemos recibido el comunicado de la Comisar\u00eda del Cuerpo Nacional de Polic\u00eda de Avil\u00e9s con el calendario de desplazamientos para tramitar la Expedici\u00f3n o Renovaci\u00f3n de los documentos Nacionales de Identidad (DNI) en Carre\u00f1o. Esta prestaci\u00f3n se pone a disposici\u00f3n del vecindario del concejo, para que lo renueven en Cand\u00e1s sin tener que desplazarse a\" \/>\n\t\t<meta property=\"og:url\" content=\"https:\/\/candas365.es\/noticias\/cuando-se-puede-renovar-el-dni-en-candas\/\" \/>\n\t\t<meta property=\"og:image\" content=\"https:\/\/candas365.es\/noticias\/wp-content\/uploads\/2015\/01\/ayuntamiento.jpg\" \/>\n\t\t<meta property=\"og:image:secure_url\" content=\"https:\/\/candas365.es\/noticias\/wp-content\/uploads\/2015\/01\/ayuntamiento.jpg\" \/>\n\t\t<meta property=\"og:image:width\" content=\"800\" \/>\n\t\t<meta property=\"og:image:height\" content=\"600\" \/>\n\t\t<meta property=\"article:published_time\" content=\"2018-01-11T16:15:34+00:00\" \/>\n\t\t<meta property=\"article:modified_time\" content=\"2018-01-11T16:15:34+00:00\" \/>\n\t\t<meta property=\"article:publisher\" content=\"https:\/\/www.facebook.com\/Nachofdezber\" \/>\n\t\t<meta property=\"article:author\" content=\"https:\/\/www.facebook.com\/carrenoactualidad\" \/>\n\t\t<meta name=\"twitter:card\" content=\"summary_large_image\" \/>\n\t\t<meta name=\"twitter:site\" content=\"@NabercoDigital\" \/>\n\t\t<meta name=\"twitter:title\" content=\"\u00bfCu\u00e1ndo se puede renovar el DNI en Cand\u00e1s? | Cand\u00e1s 365\" \/>\n\t\t<meta name=\"twitter:description\" content=\"&quot;Hemos recibido el comunicado de la Comisar\u00eda del Cuerpo Nacional de Polic\u00eda de Avil\u00e9s con el calendario de desplazamientos para tramitar la Expedici\u00f3n o Renovaci\u00f3n de los documentos Nacionales de Identidad (DNI) en Carre\u00f1o. Esta prestaci\u00f3n se pone a disposici\u00f3n del vecindario del concejo, para que lo renueven en Cand\u00e1s sin tener que desplazarse a\" \/>\n\t\t<meta name=\"twitter:creator\" content=\"@nbasturias\" \/>\n\t\t<meta name=\"twitter:image\" content=\"https:\/\/candas365.es\/noticias\/wp-content\/uploads\/2015\/01\/ayuntamiento.jpg\" \/>\n\t\t<meta name=\"twitter:label1\" content=\"Escrito por\" \/>\n\t\t<meta name=\"twitter:data1\" content=\"Cand\u00e1s 365\" \/>\n\t\t<meta name=\"twitter:label2\" content=\"Tiempo de lectura estimado\" \/>\n\t\t<meta name=\"twitter:data2\" content=\"2 minutos\" \/>\n\t\t<script type=\"application\/ld+json\" class=\"aioseo-schema\">\n\t\t\t{\"@context\":\"https:\\\/\\\/schema.org\",\"@graph\":[{\"@type\":\"BreadcrumbList\",\"@id\":\"https:\\\/\\\/candas365.es\\\/noticias\\\/cuando-se-puede-renovar-el-dni-en-candas\\\/#breadcrumblist\",\"itemListElement\":[{\"@type\":\"ListItem\",\"@id\":\"https:\\\/\\\/candas365.es\\\/noticias#listItem\",\"position\":1,\"name\":\"Home\",\"item\":\"https:\\\/\\\/candas365.es\\\/noticias\",\"nextItem\":{\"@type\":\"ListItem\",\"@id\":\"https:\\\/\\\/candas365.es\\\/noticias\\\/category\\\/noticias-carreno\\\/#listItem\",\"name\":\"Noticias Carre\\u00f1o\"}},{\"@type\":\"ListItem\",\"@id\":\"https:\\\/\\\/candas365.es\\\/noticias\\\/category\\\/noticias-carreno\\\/#listItem\",\"position\":2,\"name\":\"Noticias Carre\\u00f1o\",\"item\":\"https:\\\/\\\/candas365.es\\\/noticias\\\/category\\\/noticias-carreno\\\/\",\"nextItem\":{\"@type\":\"ListItem\",\"@id\":\"https:\\\/\\\/candas365.es\\\/noticias\\\/cuando-se-puede-renovar-el-dni-en-candas\\\/#listItem\",\"name\":\"\\u00bfCu\\u00e1ndo se puede renovar el DNI en Cand\\u00e1s?\"},\"previousItem\":{\"@type\":\"ListItem\",\"@id\":\"https:\\\/\\\/candas365.es\\\/noticias#listItem\",\"name\":\"Home\"}},{\"@type\":\"ListItem\",\"@id\":\"https:\\\/\\\/candas365.es\\\/noticias\\\/cuando-se-puede-renovar-el-dni-en-candas\\\/#listItem\",\"position\":3,\"name\":\"\\u00bfCu\\u00e1ndo se puede renovar el DNI en Cand\\u00e1s?\",\"previousItem\":{\"@type\":\"ListItem\",\"@id\":\"https:\\\/\\\/candas365.es\\\/noticias\\\/category\\\/noticias-carreno\\\/#listItem\",\"name\":\"Noticias Carre\\u00f1o\"}}]},{\"@type\":\"NewsArticle\",\"@id\":\"https:\\\/\\\/candas365.es\\\/noticias\\\/cuando-se-puede-renovar-el-dni-en-candas\\\/#newsarticle\",\"name\":\"\\u00bfCu\\u00e1ndo se puede renovar el DNI en Cand\\u00e1s? | Cand\\u00e1s 365\",\"headline\":\"\\u00bfCu\\u00e1ndo se puede renovar el DNI en Cand\\u00e1s?\",\"author\":{\"@id\":\"https:\\\/\\\/candas365.es\\\/noticias\\\/author\\\/admin\\\/#author\"},\"publisher\":{\"@id\":\"https:\\\/\\\/candas365.es\\\/noticias\\\/#organization\"},\"image\":{\"@type\":\"ImageObject\",\"url\":\"https:\\\/\\\/candas365.es\\\/noticias\\\/wp-content\\\/uploads\\\/2015\\\/01\\\/ayuntamiento.jpg\",\"width\":800,\"height\":600,\"caption\":\"Carre\\u00f1o\"},\"datePublished\":\"2018-01-11T16:15:34+01:00\",\"dateModified\":\"2018-01-11T16:15:34+01:00\",\"inLanguage\":\"es-ES\",\"mainEntityOfPage\":{\"@id\":\"https:\\\/\\\/candas365.es\\\/noticias\\\/cuando-se-puede-renovar-el-dni-en-candas\\\/#webpage\"},\"isPartOf\":{\"@id\":\"https:\\\/\\\/candas365.es\\\/noticias\\\/cuando-se-puede-renovar-el-dni-en-candas\\\/#webpage\"},\"articleSection\":\"Noticias Carre\\u00f1o\",\"dateline\":\"Publicado el enero 11, 2018.\"},{\"@type\":\"Organization\",\"@id\":\"https:\\\/\\\/candas365.es\\\/noticias\\\/#organization\",\"name\":\"Cand\\u00e1s 365\",\"description\":\"Cand\\u00e1s 365 es un diario digital independiente, fundado en 2012, con base en Asturias. Informamos con rigor sobre actualidad, sociedad, cultura y ocio, con una mirada local y global.\",\"url\":\"https:\\\/\\\/candas365.es\\\/noticias\\\/\",\"email\":\"info@candas365.es\",\"telephone\":\"+34652131393\",\"foundingDate\":\"2012-06-10\",\"logo\":{\"@type\":\"ImageObject\",\"url\":\"https:\\\/\\\/candas365.es\\\/noticias\\\/wp-content\\\/uploads\\\/2024\\\/09\\\/Candas-365-Redes.jpg\",\"@id\":\"https:\\\/\\\/candas365.es\\\/noticias\\\/cuando-se-puede-renovar-el-dni-en-candas\\\/#organizationLogo\",\"width\":1152,\"height\":864,\"caption\":\"Cand\\u00e1s 365 Redes\"},\"image\":{\"@id\":\"https:\\\/\\\/candas365.es\\\/noticias\\\/cuando-se-puede-renovar-el-dni-en-candas\\\/#organizationLogo\"},\"sameAs\":[\"https:\\\/\\\/www.facebook.com\\\/Nachofdezber\",\"https:\\\/\\\/x.com\\\/NabercoDigital\",\"https:\\\/\\\/www.instagram.com\\\/nachofdezber\\\/\",\"https:\\\/\\\/www.youtube.com\\\/channel\\\/UCZP-2wLEB9Rv6erhFmqVnvg\"],\"address\":{\"@id\":\"https:\\\/\\\/candas365.es\\\/noticias\\\/#postaladdress\",\"@type\":\"PostalAddress\",\"streetAddress\":\"san antonio 4, san antonio 4\",\"postalCode\":\"33430\",\"addressLocality\":\"Cand\\u00e1s\",\"addressRegion\":\"Asturias\",\"addressCountry\":\"ES\"}},{\"@type\":\"Person\",\"@id\":\"https:\\\/\\\/candas365.es\\\/noticias\\\/author\\\/admin\\\/#author\",\"url\":\"https:\\\/\\\/candas365.es\\\/noticias\\\/author\\\/admin\\\/\",\"name\":\"Cand\\u00e1s 365\",\"image\":{\"@type\":\"ImageObject\",\"@id\":\"https:\\\/\\\/candas365.es\\\/noticias\\\/cuando-se-puede-renovar-el-dni-en-candas\\\/#authorImage\",\"url\":\"https:\\\/\\\/secure.gravatar.com\\\/avatar\\\/496a8e03d0c493ede1718b7934145dbdf8d89be1036b0eec9544e1094c9de390?s=96&d=mm&r=g\",\"width\":96,\"height\":96,\"caption\":\"Cand\\u00e1s 365\"},\"sameAs\":[\"https:\\\/\\\/www.facebook.com\\\/carrenoactualidad\",\"https:\\\/\\\/twitter.com\\\/nbasturias\",\"https:\\\/\\\/www.instagram.com\\\/nachofdezber\\\/\",\"https:\\\/\\\/www.youtube.com\\\/channel\\\/UCZP-2wLEB9Rv6erhFmqVnvg\"]},{\"@type\":\"WebPage\",\"@id\":\"https:\\\/\\\/candas365.es\\\/noticias\\\/cuando-se-puede-renovar-el-dni-en-candas\\\/#webpage\",\"url\":\"https:\\\/\\\/candas365.es\\\/noticias\\\/cuando-se-puede-renovar-el-dni-en-candas\\\/\",\"name\":\"\\u00bfCu\\u00e1ndo se puede renovar el DNI en Cand\\u00e1s? | Cand\\u00e1s 365\",\"description\":\"\\\"Hemos recibido el comunicado de la Comisar\\u00eda del Cuerpo Nacional de Polic\\u00eda de Avil\\u00e9s con el calendario de desplazamientos para tramitar la Expedici\\u00f3n o Renovaci\\u00f3n de los documentos Nacionales de Identidad (DNI) en Carre\\u00f1o. Esta prestaci\\u00f3n se pone a disposici\\u00f3n del vecindario del concejo, para que lo renueven en Cand\\u00e1s sin tener que desplazarse a\",\"inLanguage\":\"es-ES\",\"isPartOf\":{\"@id\":\"https:\\\/\\\/candas365.es\\\/noticias\\\/#website\"},\"breadcrumb\":{\"@id\":\"https:\\\/\\\/candas365.es\\\/noticias\\\/cuando-se-puede-renovar-el-dni-en-candas\\\/#breadcrumblist\"},\"author\":{\"@id\":\"https:\\\/\\\/candas365.es\\\/noticias\\\/author\\\/admin\\\/#author\"},\"creator\":{\"@id\":\"https:\\\/\\\/candas365.es\\\/noticias\\\/author\\\/admin\\\/#author\"},\"image\":{\"@type\":\"ImageObject\",\"url\":\"https:\\\/\\\/candas365.es\\\/noticias\\\/wp-content\\\/uploads\\\/2015\\\/01\\\/ayuntamiento.jpg\",\"@id\":\"https:\\\/\\\/candas365.es\\\/noticias\\\/cuando-se-puede-renovar-el-dni-en-candas\\\/#mainImage\",\"width\":800,\"height\":600,\"caption\":\"Carre\\u00f1o\"},\"primaryImageOfPage\":{\"@id\":\"https:\\\/\\\/candas365.es\\\/noticias\\\/cuando-se-puede-renovar-el-dni-en-candas\\\/#mainImage\"},\"datePublished\":\"2018-01-11T16:15:34+01:00\",\"dateModified\":\"2018-01-11T16:15:34+01:00\"},{\"@type\":\"WebSite\",\"@id\":\"https:\\\/\\\/candas365.es\\\/noticias\\\/#website\",\"url\":\"https:\\\/\\\/candas365.es\\\/noticias\\\/\",\"name\":\"Cand\\u00e1s 365\",\"alternateName\":\"Cand\\u00e1s 365 Noticias\",\"description\":\"Actualidad desde Carre\\u00f1o para el mundo\",\"inLanguage\":\"es-ES\",\"publisher\":{\"@id\":\"https:\\\/\\\/candas365.es\\\/noticias\\\/#organization\"}}]}\n\t\t<\/script>\n\t\t<!-- All in One SEO Pro -->\r\n\t\t<title>\u00bfCu\u00e1ndo se puede renovar el DNI en Cand\u00e1s? | Cand\u00e1s 365<\/title>\n\n","aioseo_head_json":{"title":"\u00bfCu\u00e1ndo se puede renovar el DNI en Cand\u00e1s? | Cand\u00e1s 365","description":"\"Hemos recibido el comunicado de la Comisar\u00eda del Cuerpo Nacional de Polic\u00eda de Avil\u00e9s con el calendario de desplazamientos para tramitar la Expedici\u00f3n o Renovaci\u00f3n de los documentos Nacionales de Identidad (DNI) en Carre\u00f1o. Esta prestaci\u00f3n se pone a disposici\u00f3n del vecindario del concejo, para que lo renueven en Cand\u00e1s sin tener que desplazarse a","canonical_url":"https:\/\/candas365.es\/noticias\/cuando-se-puede-renovar-el-dni-en-candas\/","robots":"max-image-preview:large","keywords":"noticias carre\u00f1o","webmasterTools":{"google-site-verification":"UA-32230408-1","msvalidate.01":"354F3CDFB2DA171B47FBE9ABF1F88D5","miscellaneous":""},"schema":{"@context":"https:\/\/schema.org","@graph":[{"@type":"BreadcrumbList","@id":"https:\/\/candas365.es\/noticias\/cuando-se-puede-renovar-el-dni-en-candas\/#breadcrumblist","itemListElement":[{"@type":"ListItem","@id":"https:\/\/candas365.es\/noticias#listItem","position":1,"name":"Home","item":"https:\/\/candas365.es\/noticias","nextItem":{"@type":"ListItem","@id":"https:\/\/candas365.es\/noticias\/category\/noticias-carreno\/#listItem","name":"Noticias Carre\u00f1o"}},{"@type":"ListItem","@id":"https:\/\/candas365.es\/noticias\/category\/noticias-carreno\/#listItem","position":2,"name":"Noticias Carre\u00f1o","item":"https:\/\/candas365.es\/noticias\/category\/noticias-carreno\/","nextItem":{"@type":"ListItem","@id":"https:\/\/candas365.es\/noticias\/cuando-se-puede-renovar-el-dni-en-candas\/#listItem","name":"\u00bfCu\u00e1ndo se puede renovar el DNI en Cand\u00e1s?"},"previousItem":{"@type":"ListItem","@id":"https:\/\/candas365.es\/noticias#listItem","name":"Home"}},{"@type":"ListItem","@id":"https:\/\/candas365.es\/noticias\/cuando-se-puede-renovar-el-dni-en-candas\/#listItem","position":3,"name":"\u00bfCu\u00e1ndo se puede renovar el DNI en Cand\u00e1s?","previousItem":{"@type":"ListItem","@id":"https:\/\/candas365.es\/noticias\/category\/noticias-carreno\/#listItem","name":"Noticias Carre\u00f1o"}}]},{"@type":"NewsArticle","@id":"https:\/\/candas365.es\/noticias\/cuando-se-puede-renovar-el-dni-en-candas\/#newsarticle","name":"\u00bfCu\u00e1ndo se puede renovar el DNI en Cand\u00e1s? | Cand\u00e1s 365","headline":"\u00bfCu\u00e1ndo se puede renovar el DNI en Cand\u00e1s?","author":{"@id":"https:\/\/candas365.es\/noticias\/author\/admin\/#author"},"publisher":{"@id":"https:\/\/candas365.es\/noticias\/#organization"},"image":{"@type":"ImageObject","url":"https:\/\/candas365.es\/noticias\/wp-content\/uploads\/2015\/01\/ayuntamiento.jpg","width":800,"height":600,"caption":"Carre\u00f1o"},"datePublished":"2018-01-11T16:15:34+01:00","dateModified":"2018-01-11T16:15:34+01:00","inLanguage":"es-ES","mainEntityOfPage":{"@id":"https:\/\/candas365.es\/noticias\/cuando-se-puede-renovar-el-dni-en-candas\/#webpage"},"isPartOf":{"@id":"https:\/\/candas365.es\/noticias\/cuando-se-puede-renovar-el-dni-en-candas\/#webpage"},"articleSection":"Noticias Carre\u00f1o","dateline":"Publicado el enero 11, 2018."},{"@type":"Organization","@id":"https:\/\/candas365.es\/noticias\/#organization","name":"Cand\u00e1s 365","description":"Cand\u00e1s 365 es un diario digital independiente, fundado en 2012, con base en Asturias. Informamos con rigor sobre actualidad, sociedad, cultura y ocio, con una mirada local y global.","url":"https:\/\/candas365.es\/noticias\/","email":"info@candas365.es","telephone":"+34652131393","foundingDate":"2012-06-10","logo":{"@type":"ImageObject","url":"https:\/\/candas365.es\/noticias\/wp-content\/uploads\/2024\/09\/Candas-365-Redes.jpg","@id":"https:\/\/candas365.es\/noticias\/cuando-se-puede-renovar-el-dni-en-candas\/#organizationLogo","width":1152,"height":864,"caption":"Cand\u00e1s 365 Redes"},"image":{"@id":"https:\/\/candas365.es\/noticias\/cuando-se-puede-renovar-el-dni-en-candas\/#organizationLogo"},"sameAs":["https:\/\/www.facebook.com\/Nachofdezber","https:\/\/x.com\/NabercoDigital","https:\/\/www.instagram.com\/nachofdezber\/","https:\/\/www.youtube.com\/channel\/UCZP-2wLEB9Rv6erhFmqVnvg"],"address":{"@id":"https:\/\/candas365.es\/noticias\/#postaladdress","@type":"PostalAddress","streetAddress":"san antonio 4, san antonio 4","postalCode":"33430","addressLocality":"Cand\u00e1s","addressRegion":"Asturias","addressCountry":"ES"}},{"@type":"Person","@id":"https:\/\/candas365.es\/noticias\/author\/admin\/#author","url":"https:\/\/candas365.es\/noticias\/author\/admin\/","name":"Cand\u00e1s 365","image":{"@type":"ImageObject","@id":"https:\/\/candas365.es\/noticias\/cuando-se-puede-renovar-el-dni-en-candas\/#authorImage","url":"https:\/\/secure.gravatar.com\/avatar\/496a8e03d0c493ede1718b7934145dbdf8d89be1036b0eec9544e1094c9de390?s=96&d=mm&r=g","width":96,"height":96,"caption":"Cand\u00e1s 365"},"sameAs":["https:\/\/www.facebook.com\/carrenoactualidad","https:\/\/twitter.com\/nbasturias","https:\/\/www.instagram.com\/nachofdezber\/","https:\/\/www.youtube.com\/channel\/UCZP-2wLEB9Rv6erhFmqVnvg"]},{"@type":"WebPage","@id":"https:\/\/candas365.es\/noticias\/cuando-se-puede-renovar-el-dni-en-candas\/#webpage","url":"https:\/\/candas365.es\/noticias\/cuando-se-puede-renovar-el-dni-en-candas\/","name":"\u00bfCu\u00e1ndo se puede renovar el DNI en Cand\u00e1s? | Cand\u00e1s 365","description":"\"Hemos recibido el comunicado de la Comisar\u00eda del Cuerpo Nacional de Polic\u00eda de Avil\u00e9s con el calendario de desplazamientos para tramitar la Expedici\u00f3n o Renovaci\u00f3n de los documentos Nacionales de Identidad (DNI) en Carre\u00f1o. Esta prestaci\u00f3n se pone a disposici\u00f3n del vecindario del concejo, para que lo renueven en Cand\u00e1s sin tener que desplazarse a","inLanguage":"es-ES","isPartOf":{"@id":"https:\/\/candas365.es\/noticias\/#website"},"breadcrumb":{"@id":"https:\/\/candas365.es\/noticias\/cuando-se-puede-renovar-el-dni-en-candas\/#breadcrumblist"},"author":{"@id":"https:\/\/candas365.es\/noticias\/author\/admin\/#author"},"creator":{"@id":"https:\/\/candas365.es\/noticias\/author\/admin\/#author"},"image":{"@type":"ImageObject","url":"https:\/\/candas365.es\/noticias\/wp-content\/uploads\/2015\/01\/ayuntamiento.jpg","@id":"https:\/\/candas365.es\/noticias\/cuando-se-puede-renovar-el-dni-en-candas\/#mainImage","width":800,"height":600,"caption":"Carre\u00f1o"},"primaryImageOfPage":{"@id":"https:\/\/candas365.es\/noticias\/cuando-se-puede-renovar-el-dni-en-candas\/#mainImage"},"datePublished":"2018-01-11T16:15:34+01:00","dateModified":"2018-01-11T16:15:34+01:00"},{"@type":"WebSite","@id":"https:\/\/candas365.es\/noticias\/#website","url":"https:\/\/candas365.es\/noticias\/","name":"Cand\u00e1s 365","alternateName":"Cand\u00e1s 365 Noticias","description":"Actualidad desde Carre\u00f1o para el mundo","inLanguage":"es-ES","publisher":{"@id":"https:\/\/candas365.es\/noticias\/#organization"}}]},"og:locale":"es_ES","og:site_name":"Cand\u00e1s 365","og:type":"article","og:title":"\u00bfCu\u00e1ndo se puede renovar el DNI en Cand\u00e1s? | Cand\u00e1s 365","og:description":"&quot;Hemos recibido el comunicado de la Comisar\u00eda del Cuerpo Nacional de Polic\u00eda de Avil\u00e9s con el calendario de desplazamientos para tramitar la Expedici\u00f3n o Renovaci\u00f3n de los documentos Nacionales de Identidad (DNI) en Carre\u00f1o. Esta prestaci\u00f3n se pone a disposici\u00f3n del vecindario del concejo, para que lo renueven en Cand\u00e1s sin tener que desplazarse a","og:url":"https:\/\/candas365.es\/noticias\/cuando-se-puede-renovar-el-dni-en-candas\/","og:image":"https:\/\/candas365.es\/noticias\/wp-content\/uploads\/2015\/01\/ayuntamiento.jpg","og:image:secure_url":"https:\/\/candas365.es\/noticias\/wp-content\/uploads\/2015\/01\/ayuntamiento.jpg","og:image:width":800,"og:image:height":600,"article:published_time":"2018-01-11T16:15:34+00:00","article:modified_time":"2018-01-11T16:15:34+00:00","article:publisher":"https:\/\/www.facebook.com\/Nachofdezber","article:author":"https:\/\/www.facebook.com\/carrenoactualidad","twitter:card":"summary_large_image","twitter:site":"@NabercoDigital","twitter:title":"\u00bfCu\u00e1ndo se puede renovar el DNI en Cand\u00e1s? | Cand\u00e1s 365","twitter:description":"&quot;Hemos recibido el comunicado de la Comisar\u00eda del Cuerpo Nacional de Polic\u00eda de Avil\u00e9s con el calendario de desplazamientos para tramitar la Expedici\u00f3n o Renovaci\u00f3n de los documentos Nacionales de Identidad (DNI) en Carre\u00f1o. Esta prestaci\u00f3n se pone a disposici\u00f3n del vecindario del concejo, para que lo renueven en Cand\u00e1s sin tener que desplazarse a","twitter:creator":"@nbasturias","twitter:image":"https:\/\/candas365.es\/noticias\/wp-content\/uploads\/2015\/01\/ayuntamiento.jpg","twitter:label1":"Escrito por","twitter:data1":"Cand\u00e1s 365","twitter:label2":"Tiempo de lectura estimado","twitter:data2":"2 minutos"},"aioseo_meta_data":{"post_id":"88161","title":null,"description":null,"keywords":null,"keyphrases":null,"primary_term":null,"canonical_url":null,"og_title":null,"og_description":null,"og_object_type":"default","og_image_type":"default","og_image_url":null,"og_image_width":null,"og_image_height":null,"og_image_custom_url":null,"og_image_custom_fields":null,"og_video":null,"og_custom_url":null,"og_article_section":null,"og_article_tags":null,"twitter_use_og":false,"twitter_card":"default","twitter_image_type":"default","twitter_image_url":null,"twitter_image_custom_url":null,"twitter_image_custom_fields":null,"twitter_title":null,"twitter_description":null,"schema":{"blockGraphs":[],"customGraphs":[],"default":{"data":{"Article":[],"Course":[],"Dataset":[],"FAQPage":[],"Movie":[],"Person":[],"Product":[],"ProductReview":[],"Car":[],"Recipe":[],"Service":[],"SoftwareApplication":[],"WebPage":[]},"graphName":"","isEnabled":true},"graphs":[],"defaultGraph":"","defaultPostTypeGraph":""},"schema_type":null,"schema_type_options":null,"pillar_content":false,"robots_default":true,"robots_noindex":false,"robots_noarchive":false,"robots_nosnippet":false,"robots_nofollow":false,"robots_noimageindex":false,"robots_noodp":false,"robots_notranslate":false,"robots_max_snippet":null,"robots_max_videopreview":null,"robots_max_imagepreview":"large","priority":null,"frequency":null,"location":null,"local_seo":null,"seo_analyzer_scan_date":"2025-08-26 10:32:14","breadcrumb_settings":null,"limit_modified_date":false,"reviewed_by":null,"open_ai":null,"ai":null,"created":"2020-12-21 12:05:05","updated":"2025-08-26 10:32:14"},"aioseo_breadcrumb":"<div class=\"aioseo-breadcrumbs\"><span class=\"aioseo-breadcrumb\">\n\t<a href=\"https:\/\/candas365.es\/noticias\" title=\"Home\">Home<\/a>\n<\/span><span class=\"aioseo-breadcrumb-separator\">&ndash;<\/span><span class=\"aioseo-breadcrumb\">\n\t<a href=\"https:\/\/candas365.es\/noticias\/category\/noticias-carreno\/\" title=\"Noticias Carre\u00f1o\">Noticias Carre\u00f1o<\/a>\n<\/span><span class=\"aioseo-breadcrumb-separator\">&ndash;<\/span><span class=\"aioseo-breadcrumb\">\n\t\u00bfCu\u00e1ndo se puede renovar el DNI en Cand\u00e1s?\n<\/span><\/div>","aioseo_breadcrumb_json":[{"label":"Home","link":"https:\/\/candas365.es\/noticias"},{"label":"Noticias Carre\u00f1o","link":"https:\/\/candas365.es\/noticias\/category\/noticias-carreno\/"},{"label":"\u00bfCu\u00e1ndo se puede renovar el DNI en Cand\u00e1s?","link":"https:\/\/candas365.es\/noticias\/cuando-se-puede-renovar-el-dni-en-candas\/"}],"_links":{"self":[{"href":"https:\/\/candas365.es\/noticias\/wp-json\/wp\/v2\/posts\/88161","targetHints":{"allow":["GET"]}}],"collection":[{"href":"https:\/\/candas365.es\/noticias\/wp-json\/wp\/v2\/posts"}],"about":[{"href":"https:\/\/candas365.es\/noticias\/wp-json\/wp\/v2\/types\/post"}],"author":[{"embeddable":true,"href":"https:\/\/candas365.es\/noticias\/wp-json\/wp\/v2\/users\/1"}],"replies":[{"embeddable":true,"href":"https:\/\/candas365.es\/noticias\/wp-json\/wp\/v2\/comments?post=88161"}],"version-history":[{"count":0,"href":"https:\/\/candas365.es\/noticias\/wp-json\/wp\/v2\/posts\/88161\/revisions"}],"wp:featuredmedia":[{"embeddable":true,"href":"https:\/\/candas365.es\/noticias\/wp-json\/wp\/v2\/media\/6453"}],"wp:attachment":[{"href":"https:\/\/candas365.es\/noticias\/wp-json\/wp\/v2\/media?parent=88161"}],"wp:term":[{"taxonomy":"category","embeddable":true,"href":"https:\/\/candas365.es\/noticias\/wp-json\/wp\/v2\/categories?post=88161"},{"taxonomy":"post_tag","embeddable":true,"href":"https:\/\/candas365.es\/noticias\/wp-json\/wp\/v2\/tags?post=88161"}],"curies":[{"name":"wp","href":"https:\/\/api.w.org\/{rel}","templated":true}]}}