{"id":88128,"date":"2018-01-10T20:57:59","date_gmt":"2018-01-10T20:57:59","guid":{"rendered":"http:\/\/candas365.es\/noticias\/?p=88128"},"modified":"2018-01-10T20:57:59","modified_gmt":"2018-01-10T20:57:59","slug":"exposicion-esperanza-y-soledad-son-nombres-de-mujer-en-oviedo","status":"publish","type":"post","link":"https:\/\/candas365.es\/noticias\/exposicion-esperanza-y-soledad-son-nombres-de-mujer-en-oviedo\/","title":{"rendered":"Exposici\u00f3n \u201cEsperanza y Soledad son nombres de mujer\u201d, en Oviedo"},"content":{"rendered":"<p><img fetchpriority=\"high\" decoding=\"async\" class=\"alignleft size-medium wp-image-88129\" src=\"https:\/\/candas365.es\/noticias\/wp-content\/uploads\/2018\/01\/book-1421097_1280-360x241.jpg\" alt=\"\" width=\"360\" height=\"241\" srcset=\"https:\/\/candas365.es\/noticias\/wp-content\/uploads\/2018\/01\/book-1421097_1280-360x241.jpg 360w, https:\/\/candas365.es\/noticias\/wp-content\/uploads\/2018\/01\/book-1421097_1280-768x514.jpg 768w, https:\/\/candas365.es\/noticias\/wp-content\/uploads\/2018\/01\/book-1421097_1280-655x438.jpg 655w, https:\/\/candas365.es\/noticias\/wp-content\/uploads\/2018\/01\/book-1421097_1280-696x465.jpg 696w, https:\/\/candas365.es\/noticias\/wp-content\/uploads\/2018\/01\/book-1421097_1280-1068x714.jpg 1068w, https:\/\/candas365.es\/noticias\/wp-content\/uploads\/2018\/01\/book-1421097_1280-628x420.jpg 628w, https:\/\/candas365.es\/noticias\/wp-content\/uploads\/2018\/01\/book-1421097_1280-84x55.jpg 84w, https:\/\/candas365.es\/noticias\/wp-content\/uploads\/2018\/01\/book-1421097_1280.jpg 1280w\" sizes=\"(max-width: 360px) 100vw, 360px\" \/>El pasado 28 de Noviembre de 2017 se celebr\u00f3 la II Jornada D\u00eda de las Personas sin Hogar: G\u00e9nero y Exclusi\u00f3n Social, actividad organizada por el Grupo de Trabajo de Personas sin Hogar constituido por el Programa de Incorporaci\u00f3n Social del Ayuntamiento de Oviedo y por varias entidades que trabajan con este colectivo: ACCEM, Albeniz, Caritas, Cocina Econ\u00f3mica, Cruz Roja, EAPN, Equipo Territorial del \u00e1rea IV, Luar, Manos Extendidas, Colectivo Nacai y el Plan Municipal de Drogas del Ayuntamiento de Oviedo.<\/p>\n<p>En dicha Jornada, se abord\u00f3 la situaci\u00f3n de las mujeres sin hogar, y con motivo de la misma, se desarrollaron distintas actividades complementarias; una de ellas, fue la realizaci\u00f3n de la Exposici\u00f3n Fotogr\u00e1fica \u201cEsperanza y Soledad son nombres de mujer\u201d, que permaneci\u00f3 en el Palacio de Exposiciones y Congresos Ciudad de Oviedo, del 28 de noviembre al 4 de diciembre de 2017.<\/p>\n<p>Esta exposici\u00f3n refleja vida, soledad, calle, manos, esperanza, experiencia de mujeres en la calle. Las fotos que la componen han sido realizadas por mujeres y hombres que han pasado o pasan por esta situaci\u00f3n, con el apoyo de los miembros de la Asociaci\u00f3n Fotogr\u00e1fica \u00c1gora de Oviedo y en la misma, han logrado expresar sus emociones y sentimientos, plasmarlos para compartirlos con el resto de la sociedad.<\/p>\n<p>Por ello, pretendemos acercar a la poblaci\u00f3n ovetense la realidad de las personas sin hogar que viven en nuestra ciudad, y en especial, la de las<\/p>\n<p>mujeres en esta situaci\u00f3n. Buscando sensibilizar y generar lazos sociales que unir\u00e1n a los miembros de esta sociedad.<\/p>\n<p>Con este fin de que el mayor n\u00famero posible de ciudadanos pueda conocer estas obras, una selecci\u00f3n de 12 de ellas se expondr\u00e1n en distintos centros municipales, en una primera programaci\u00f3n los centros y fechas ser\u00e1n los siguientes:<\/p>\n<p>Centro Social El Cortijo (La Corredoria) 9 \u2013 22 enero<\/p>\n<p>Centro Social Naranco 23 enero \u2013 5 febrero<\/p>\n<p>Centro Social Villa Magdalena 6 \u2013 20 febrero<\/p>\n","protected":false},"excerpt":{"rendered":"<p>El pasado 28 de Noviembre de 2017 se celebr\u00f3 la II Jornada D\u00eda de las Personas sin Hogar: G\u00e9nero y Exclusi\u00f3n Social, actividad organizada por el Grupo de Trabajo de Personas sin Hogar constituido por el Programa de Incorporaci\u00f3n Social del Ayuntamiento de Oviedo y por varias entidades que trabajan con este colectivo: ACCEM, Albeniz,<\/p>\n","protected":false},"author":1,"featured_media":88129,"comment_status":"closed","ping_status":"closed","sticky":false,"template":"","format":"standard","meta":{"footnotes":""},"categories":[1],"tags":[],"class_list":{"0":"post-88128","1":"post","2":"type-post","3":"status-publish","4":"format-standard","5":"has-post-thumbnail","7":"category-agenda"},"aioseo_notices":[],"aioseo_head":"\n\t\t<!-- All in One SEO Pro 4.9.6.2 - aioseo.com -->\n\t<meta name=\"description\" content=\"El pasado 28 de Noviembre de 2017 se celebr\u00f3 la II Jornada D\u00eda de las Personas sin Hogar: G\u00e9nero y Exclusi\u00f3n Social, actividad organizada por el Grupo de Trabajo de Personas sin Hogar constituido por el Programa de Incorporaci\u00f3n Social del Ayuntamiento de Oviedo y por varias entidades que trabajan con este colectivo: ACCEM, Albeniz,\" \/>\n\t<meta name=\"robots\" content=\"max-image-preview:large\" \/>\n\t<meta name=\"author\" content=\"Cand\u00e1s 365\"\/>\n\t<meta name=\"google-site-verification\" content=\"UA-32230408-1\" \/>\n\t<meta name=\"msvalidate.01\" content=\"354F3CDFB2DA171B47FBE9ABF1F88D5\" \/>\n\t<meta name=\"keywords\" content=\"agenda\" \/>\n\t<link rel=\"canonical\" href=\"https:\/\/candas365.es\/noticias\/exposicion-esperanza-y-soledad-son-nombres-de-mujer-en-oviedo\/\" \/>\n\t<meta name=\"generator\" content=\"All in One SEO Pro (AIOSEO) 4.9.6.2\" \/>\n\t\t<meta property=\"og:locale\" content=\"es_ES\" \/>\n\t\t<meta property=\"og:site_name\" content=\"Cand\u00e1s 365\" \/>\n\t\t<meta property=\"og:type\" content=\"article\" \/>\n\t\t<meta property=\"og:title\" content=\"Exposici\u00f3n \u201cEsperanza y Soledad son nombres de mujer\u201d, en Oviedo | Cand\u00e1s 365\" \/>\n\t\t<meta property=\"og:description\" content=\"El pasado 28 de Noviembre de 2017 se celebr\u00f3 la II Jornada D\u00eda de las Personas sin Hogar: G\u00e9nero y Exclusi\u00f3n Social, actividad organizada por el Grupo de Trabajo de Personas sin Hogar constituido por el Programa de Incorporaci\u00f3n Social del Ayuntamiento de Oviedo y por varias entidades que trabajan con este colectivo: ACCEM, Albeniz,\" \/>\n\t\t<meta property=\"og:url\" content=\"https:\/\/candas365.es\/noticias\/exposicion-esperanza-y-soledad-son-nombres-de-mujer-en-oviedo\/\" \/>\n\t\t<meta property=\"og:image\" content=\"https:\/\/candas365.es\/noticias\/wp-content\/uploads\/2018\/01\/book-1421097_1280.jpg\" \/>\n\t\t<meta property=\"og:image:secure_url\" content=\"https:\/\/candas365.es\/noticias\/wp-content\/uploads\/2018\/01\/book-1421097_1280.jpg\" \/>\n\t\t<meta property=\"og:image:width\" content=\"1280\" \/>\n\t\t<meta property=\"og:image:height\" content=\"856\" \/>\n\t\t<meta property=\"article:published_time\" content=\"2018-01-10T20:57:59+00:00\" \/>\n\t\t<meta property=\"article:modified_time\" content=\"2018-01-10T20:57:59+00:00\" \/>\n\t\t<meta property=\"article:publisher\" content=\"https:\/\/www.facebook.com\/Nachofdezber\" \/>\n\t\t<meta property=\"article:author\" content=\"https:\/\/www.facebook.com\/carrenoactualidad\" \/>\n\t\t<meta name=\"twitter:card\" content=\"summary_large_image\" \/>\n\t\t<meta name=\"twitter:site\" content=\"@NabercoDigital\" \/>\n\t\t<meta name=\"twitter:title\" content=\"Exposici\u00f3n \u201cEsperanza y Soledad son nombres de mujer\u201d, en Oviedo | Cand\u00e1s 365\" \/>\n\t\t<meta name=\"twitter:description\" content=\"El pasado 28 de Noviembre de 2017 se celebr\u00f3 la II Jornada D\u00eda de las Personas sin Hogar: G\u00e9nero y Exclusi\u00f3n Social, actividad organizada por el Grupo de Trabajo de Personas sin Hogar constituido por el Programa de Incorporaci\u00f3n Social del Ayuntamiento de Oviedo y por varias entidades que trabajan con este colectivo: ACCEM, Albeniz,\" \/>\n\t\t<meta name=\"twitter:creator\" content=\"@nbasturias\" \/>\n\t\t<meta name=\"twitter:image\" content=\"https:\/\/candas365.es\/noticias\/wp-content\/uploads\/2018\/01\/book-1421097_1280.jpg\" \/>\n\t\t<meta name=\"twitter:label1\" content=\"Escrito por\" \/>\n\t\t<meta name=\"twitter:data1\" content=\"Cand\u00e1s 365\" \/>\n\t\t<meta name=\"twitter:label2\" content=\"Tiempo de lectura estimado\" \/>\n\t\t<meta name=\"twitter:data2\" content=\"2 minutos\" \/>\n\t\t<script type=\"application\/ld+json\" class=\"aioseo-schema\">\n\t\t\t{\"@context\":\"https:\\\/\\\/schema.org\",\"@graph\":[{\"@type\":\"BreadcrumbList\",\"@id\":\"https:\\\/\\\/candas365.es\\\/noticias\\\/exposicion-esperanza-y-soledad-son-nombres-de-mujer-en-oviedo\\\/#breadcrumblist\",\"itemListElement\":[{\"@type\":\"ListItem\",\"@id\":\"https:\\\/\\\/candas365.es\\\/noticias#listItem\",\"position\":1,\"name\":\"Home\",\"item\":\"https:\\\/\\\/candas365.es\\\/noticias\",\"nextItem\":{\"@type\":\"ListItem\",\"@id\":\"https:\\\/\\\/candas365.es\\\/noticias\\\/category\\\/agenda\\\/#listItem\",\"name\":\"Agenda\"}},{\"@type\":\"ListItem\",\"@id\":\"https:\\\/\\\/candas365.es\\\/noticias\\\/category\\\/agenda\\\/#listItem\",\"position\":2,\"name\":\"Agenda\",\"item\":\"https:\\\/\\\/candas365.es\\\/noticias\\\/category\\\/agenda\\\/\",\"nextItem\":{\"@type\":\"ListItem\",\"@id\":\"https:\\\/\\\/candas365.es\\\/noticias\\\/exposicion-esperanza-y-soledad-son-nombres-de-mujer-en-oviedo\\\/#listItem\",\"name\":\"Exposici\\u00f3n \\u201cEsperanza y Soledad son nombres de mujer\\u201d, en Oviedo\"},\"previousItem\":{\"@type\":\"ListItem\",\"@id\":\"https:\\\/\\\/candas365.es\\\/noticias#listItem\",\"name\":\"Home\"}},{\"@type\":\"ListItem\",\"@id\":\"https:\\\/\\\/candas365.es\\\/noticias\\\/exposicion-esperanza-y-soledad-son-nombres-de-mujer-en-oviedo\\\/#listItem\",\"position\":3,\"name\":\"Exposici\\u00f3n \\u201cEsperanza y Soledad son nombres de mujer\\u201d, en Oviedo\",\"previousItem\":{\"@type\":\"ListItem\",\"@id\":\"https:\\\/\\\/candas365.es\\\/noticias\\\/category\\\/agenda\\\/#listItem\",\"name\":\"Agenda\"}}]},{\"@type\":\"NewsArticle\",\"@id\":\"https:\\\/\\\/candas365.es\\\/noticias\\\/exposicion-esperanza-y-soledad-son-nombres-de-mujer-en-oviedo\\\/#newsarticle\",\"name\":\"Exposici\\u00f3n \\u201cEsperanza y Soledad son nombres de mujer\\u201d, en Oviedo | Cand\\u00e1s 365\",\"headline\":\"Exposici\\u00f3n \\u201cEsperanza y Soledad son nombres de mujer\\u201d, en Oviedo\",\"author\":{\"@id\":\"https:\\\/\\\/candas365.es\\\/noticias\\\/author\\\/admin\\\/#author\"},\"publisher\":{\"@id\":\"https:\\\/\\\/candas365.es\\\/noticias\\\/#organization\"},\"image\":{\"@type\":\"ImageObject\",\"url\":\"https:\\\/\\\/candas365.es\\\/noticias\\\/wp-content\\\/uploads\\\/2018\\\/01\\\/book-1421097_1280.jpg\",\"width\":1280,\"height\":856},\"datePublished\":\"2018-01-10T20:57:59+01:00\",\"dateModified\":\"2018-01-10T20:57:59+01:00\",\"inLanguage\":\"es-ES\",\"mainEntityOfPage\":{\"@id\":\"https:\\\/\\\/candas365.es\\\/noticias\\\/exposicion-esperanza-y-soledad-son-nombres-de-mujer-en-oviedo\\\/#webpage\"},\"isPartOf\":{\"@id\":\"https:\\\/\\\/candas365.es\\\/noticias\\\/exposicion-esperanza-y-soledad-son-nombres-de-mujer-en-oviedo\\\/#webpage\"},\"articleSection\":\"Agenda\",\"dateline\":\"Publicado el enero 10, 2018.\"},{\"@type\":\"Organization\",\"@id\":\"https:\\\/\\\/candas365.es\\\/noticias\\\/#organization\",\"name\":\"Cand\\u00e1s 365\",\"description\":\"Cand\\u00e1s 365 es un diario digital independiente, fundado en 2012, con base en Asturias. Informamos con rigor sobre actualidad, sociedad, cultura y ocio, con una mirada local y global.\",\"url\":\"https:\\\/\\\/candas365.es\\\/noticias\\\/\",\"email\":\"info@candas365.es\",\"telephone\":\"+34652131393\",\"foundingDate\":\"2012-06-10\",\"logo\":{\"@type\":\"ImageObject\",\"url\":\"https:\\\/\\\/candas365.es\\\/noticias\\\/wp-content\\\/uploads\\\/2024\\\/09\\\/Candas-365-Redes.jpg\",\"@id\":\"https:\\\/\\\/candas365.es\\\/noticias\\\/exposicion-esperanza-y-soledad-son-nombres-de-mujer-en-oviedo\\\/#organizationLogo\",\"width\":1152,\"height\":864,\"caption\":\"Cand\\u00e1s 365 Redes\"},\"image\":{\"@id\":\"https:\\\/\\\/candas365.es\\\/noticias\\\/exposicion-esperanza-y-soledad-son-nombres-de-mujer-en-oviedo\\\/#organizationLogo\"},\"sameAs\":[\"https:\\\/\\\/www.facebook.com\\\/Nachofdezber\",\"https:\\\/\\\/x.com\\\/NabercoDigital\",\"https:\\\/\\\/www.instagram.com\\\/nachofdezber\\\/\",\"https:\\\/\\\/www.youtube.com\\\/channel\\\/UCZP-2wLEB9Rv6erhFmqVnvg\"],\"address\":{\"@id\":\"https:\\\/\\\/candas365.es\\\/noticias\\\/#postaladdress\",\"@type\":\"PostalAddress\",\"streetAddress\":\"san antonio 4, san antonio 4\",\"postalCode\":\"33430\",\"addressLocality\":\"Cand\\u00e1s\",\"addressRegion\":\"Asturias\",\"addressCountry\":\"ES\"}},{\"@type\":\"Person\",\"@id\":\"https:\\\/\\\/candas365.es\\\/noticias\\\/author\\\/admin\\\/#author\",\"url\":\"https:\\\/\\\/candas365.es\\\/noticias\\\/author\\\/admin\\\/\",\"name\":\"Cand\\u00e1s 365\",\"image\":{\"@type\":\"ImageObject\",\"@id\":\"https:\\\/\\\/candas365.es\\\/noticias\\\/exposicion-esperanza-y-soledad-son-nombres-de-mujer-en-oviedo\\\/#authorImage\",\"url\":\"https:\\\/\\\/secure.gravatar.com\\\/avatar\\\/496a8e03d0c493ede1718b7934145dbdf8d89be1036b0eec9544e1094c9de390?s=96&d=mm&r=g\",\"width\":96,\"height\":96,\"caption\":\"Cand\\u00e1s 365\"},\"sameAs\":[\"https:\\\/\\\/www.facebook.com\\\/carrenoactualidad\",\"https:\\\/\\\/twitter.com\\\/nbasturias\",\"https:\\\/\\\/www.instagram.com\\\/nachofdezber\\\/\",\"https:\\\/\\\/www.youtube.com\\\/channel\\\/UCZP-2wLEB9Rv6erhFmqVnvg\"]},{\"@type\":\"WebPage\",\"@id\":\"https:\\\/\\\/candas365.es\\\/noticias\\\/exposicion-esperanza-y-soledad-son-nombres-de-mujer-en-oviedo\\\/#webpage\",\"url\":\"https:\\\/\\\/candas365.es\\\/noticias\\\/exposicion-esperanza-y-soledad-son-nombres-de-mujer-en-oviedo\\\/\",\"name\":\"Exposici\\u00f3n \\u201cEsperanza y Soledad son nombres de mujer\\u201d, en Oviedo | Cand\\u00e1s 365\",\"description\":\"El pasado 28 de Noviembre de 2017 se celebr\\u00f3 la II Jornada D\\u00eda de las Personas sin Hogar: G\\u00e9nero y Exclusi\\u00f3n Social, actividad organizada por el Grupo de Trabajo de Personas sin Hogar constituido por el Programa de Incorporaci\\u00f3n Social del Ayuntamiento de Oviedo y por varias entidades que trabajan con este colectivo: ACCEM, Albeniz,\",\"inLanguage\":\"es-ES\",\"isPartOf\":{\"@id\":\"https:\\\/\\\/candas365.es\\\/noticias\\\/#website\"},\"breadcrumb\":{\"@id\":\"https:\\\/\\\/candas365.es\\\/noticias\\\/exposicion-esperanza-y-soledad-son-nombres-de-mujer-en-oviedo\\\/#breadcrumblist\"},\"author\":{\"@id\":\"https:\\\/\\\/candas365.es\\\/noticias\\\/author\\\/admin\\\/#author\"},\"creator\":{\"@id\":\"https:\\\/\\\/candas365.es\\\/noticias\\\/author\\\/admin\\\/#author\"},\"image\":{\"@type\":\"ImageObject\",\"url\":\"https:\\\/\\\/candas365.es\\\/noticias\\\/wp-content\\\/uploads\\\/2018\\\/01\\\/book-1421097_1280.jpg\",\"@id\":\"https:\\\/\\\/candas365.es\\\/noticias\\\/exposicion-esperanza-y-soledad-son-nombres-de-mujer-en-oviedo\\\/#mainImage\",\"width\":1280,\"height\":856},\"primaryImageOfPage\":{\"@id\":\"https:\\\/\\\/candas365.es\\\/noticias\\\/exposicion-esperanza-y-soledad-son-nombres-de-mujer-en-oviedo\\\/#mainImage\"},\"datePublished\":\"2018-01-10T20:57:59+01:00\",\"dateModified\":\"2018-01-10T20:57:59+01:00\"},{\"@type\":\"WebSite\",\"@id\":\"https:\\\/\\\/candas365.es\\\/noticias\\\/#website\",\"url\":\"https:\\\/\\\/candas365.es\\\/noticias\\\/\",\"name\":\"Cand\\u00e1s 365\",\"alternateName\":\"Cand\\u00e1s 365 Noticias\",\"description\":\"Actualidad desde Carre\\u00f1o para el mundo\",\"inLanguage\":\"es-ES\",\"publisher\":{\"@id\":\"https:\\\/\\\/candas365.es\\\/noticias\\\/#organization\"}}]}\n\t\t<\/script>\n\t\t<!-- All in One SEO Pro -->\r\n\t\t<title>Exposici\u00f3n \u201cEsperanza y Soledad son nombres de mujer\u201d, en Oviedo | Cand\u00e1s 365<\/title>\n\n","aioseo_head_json":{"title":"Exposici\u00f3n \u201cEsperanza y Soledad son nombres de mujer\u201d, en Oviedo | Cand\u00e1s 365","description":"El pasado 28 de Noviembre de 2017 se celebr\u00f3 la II Jornada D\u00eda de las Personas sin Hogar: G\u00e9nero y Exclusi\u00f3n Social, actividad organizada por el Grupo de Trabajo de Personas sin Hogar constituido por el Programa de Incorporaci\u00f3n Social del Ayuntamiento de Oviedo y por varias entidades que trabajan con este colectivo: ACCEM, Albeniz,","canonical_url":"https:\/\/candas365.es\/noticias\/exposicion-esperanza-y-soledad-son-nombres-de-mujer-en-oviedo\/","robots":"max-image-preview:large","keywords":"agenda","webmasterTools":{"google-site-verification":"UA-32230408-1","msvalidate.01":"354F3CDFB2DA171B47FBE9ABF1F88D5","miscellaneous":""},"schema":{"@context":"https:\/\/schema.org","@graph":[{"@type":"BreadcrumbList","@id":"https:\/\/candas365.es\/noticias\/exposicion-esperanza-y-soledad-son-nombres-de-mujer-en-oviedo\/#breadcrumblist","itemListElement":[{"@type":"ListItem","@id":"https:\/\/candas365.es\/noticias#listItem","position":1,"name":"Home","item":"https:\/\/candas365.es\/noticias","nextItem":{"@type":"ListItem","@id":"https:\/\/candas365.es\/noticias\/category\/agenda\/#listItem","name":"Agenda"}},{"@type":"ListItem","@id":"https:\/\/candas365.es\/noticias\/category\/agenda\/#listItem","position":2,"name":"Agenda","item":"https:\/\/candas365.es\/noticias\/category\/agenda\/","nextItem":{"@type":"ListItem","@id":"https:\/\/candas365.es\/noticias\/exposicion-esperanza-y-soledad-son-nombres-de-mujer-en-oviedo\/#listItem","name":"Exposici\u00f3n \u201cEsperanza y Soledad son nombres de mujer\u201d, en Oviedo"},"previousItem":{"@type":"ListItem","@id":"https:\/\/candas365.es\/noticias#listItem","name":"Home"}},{"@type":"ListItem","@id":"https:\/\/candas365.es\/noticias\/exposicion-esperanza-y-soledad-son-nombres-de-mujer-en-oviedo\/#listItem","position":3,"name":"Exposici\u00f3n \u201cEsperanza y Soledad son nombres de mujer\u201d, en Oviedo","previousItem":{"@type":"ListItem","@id":"https:\/\/candas365.es\/noticias\/category\/agenda\/#listItem","name":"Agenda"}}]},{"@type":"NewsArticle","@id":"https:\/\/candas365.es\/noticias\/exposicion-esperanza-y-soledad-son-nombres-de-mujer-en-oviedo\/#newsarticle","name":"Exposici\u00f3n \u201cEsperanza y Soledad son nombres de mujer\u201d, en Oviedo | Cand\u00e1s 365","headline":"Exposici\u00f3n \u201cEsperanza y Soledad son nombres de mujer\u201d, en Oviedo","author":{"@id":"https:\/\/candas365.es\/noticias\/author\/admin\/#author"},"publisher":{"@id":"https:\/\/candas365.es\/noticias\/#organization"},"image":{"@type":"ImageObject","url":"https:\/\/candas365.es\/noticias\/wp-content\/uploads\/2018\/01\/book-1421097_1280.jpg","width":1280,"height":856},"datePublished":"2018-01-10T20:57:59+01:00","dateModified":"2018-01-10T20:57:59+01:00","inLanguage":"es-ES","mainEntityOfPage":{"@id":"https:\/\/candas365.es\/noticias\/exposicion-esperanza-y-soledad-son-nombres-de-mujer-en-oviedo\/#webpage"},"isPartOf":{"@id":"https:\/\/candas365.es\/noticias\/exposicion-esperanza-y-soledad-son-nombres-de-mujer-en-oviedo\/#webpage"},"articleSection":"Agenda","dateline":"Publicado el enero 10, 2018."},{"@type":"Organization","@id":"https:\/\/candas365.es\/noticias\/#organization","name":"Cand\u00e1s 365","description":"Cand\u00e1s 365 es un diario digital independiente, fundado en 2012, con base en Asturias. Informamos con rigor sobre actualidad, sociedad, cultura y ocio, con una mirada local y global.","url":"https:\/\/candas365.es\/noticias\/","email":"info@candas365.es","telephone":"+34652131393","foundingDate":"2012-06-10","logo":{"@type":"ImageObject","url":"https:\/\/candas365.es\/noticias\/wp-content\/uploads\/2024\/09\/Candas-365-Redes.jpg","@id":"https:\/\/candas365.es\/noticias\/exposicion-esperanza-y-soledad-son-nombres-de-mujer-en-oviedo\/#organizationLogo","width":1152,"height":864,"caption":"Cand\u00e1s 365 Redes"},"image":{"@id":"https:\/\/candas365.es\/noticias\/exposicion-esperanza-y-soledad-son-nombres-de-mujer-en-oviedo\/#organizationLogo"},"sameAs":["https:\/\/www.facebook.com\/Nachofdezber","https:\/\/x.com\/NabercoDigital","https:\/\/www.instagram.com\/nachofdezber\/","https:\/\/www.youtube.com\/channel\/UCZP-2wLEB9Rv6erhFmqVnvg"],"address":{"@id":"https:\/\/candas365.es\/noticias\/#postaladdress","@type":"PostalAddress","streetAddress":"san antonio 4, san antonio 4","postalCode":"33430","addressLocality":"Cand\u00e1s","addressRegion":"Asturias","addressCountry":"ES"}},{"@type":"Person","@id":"https:\/\/candas365.es\/noticias\/author\/admin\/#author","url":"https:\/\/candas365.es\/noticias\/author\/admin\/","name":"Cand\u00e1s 365","image":{"@type":"ImageObject","@id":"https:\/\/candas365.es\/noticias\/exposicion-esperanza-y-soledad-son-nombres-de-mujer-en-oviedo\/#authorImage","url":"https:\/\/secure.gravatar.com\/avatar\/496a8e03d0c493ede1718b7934145dbdf8d89be1036b0eec9544e1094c9de390?s=96&d=mm&r=g","width":96,"height":96,"caption":"Cand\u00e1s 365"},"sameAs":["https:\/\/www.facebook.com\/carrenoactualidad","https:\/\/twitter.com\/nbasturias","https:\/\/www.instagram.com\/nachofdezber\/","https:\/\/www.youtube.com\/channel\/UCZP-2wLEB9Rv6erhFmqVnvg"]},{"@type":"WebPage","@id":"https:\/\/candas365.es\/noticias\/exposicion-esperanza-y-soledad-son-nombres-de-mujer-en-oviedo\/#webpage","url":"https:\/\/candas365.es\/noticias\/exposicion-esperanza-y-soledad-son-nombres-de-mujer-en-oviedo\/","name":"Exposici\u00f3n \u201cEsperanza y Soledad son nombres de mujer\u201d, en Oviedo | Cand\u00e1s 365","description":"El pasado 28 de Noviembre de 2017 se celebr\u00f3 la II Jornada D\u00eda de las Personas sin Hogar: G\u00e9nero y Exclusi\u00f3n Social, actividad organizada por el Grupo de Trabajo de Personas sin Hogar constituido por el Programa de Incorporaci\u00f3n Social del Ayuntamiento de Oviedo y por varias entidades que trabajan con este colectivo: ACCEM, Albeniz,","inLanguage":"es-ES","isPartOf":{"@id":"https:\/\/candas365.es\/noticias\/#website"},"breadcrumb":{"@id":"https:\/\/candas365.es\/noticias\/exposicion-esperanza-y-soledad-son-nombres-de-mujer-en-oviedo\/#breadcrumblist"},"author":{"@id":"https:\/\/candas365.es\/noticias\/author\/admin\/#author"},"creator":{"@id":"https:\/\/candas365.es\/noticias\/author\/admin\/#author"},"image":{"@type":"ImageObject","url":"https:\/\/candas365.es\/noticias\/wp-content\/uploads\/2018\/01\/book-1421097_1280.jpg","@id":"https:\/\/candas365.es\/noticias\/exposicion-esperanza-y-soledad-son-nombres-de-mujer-en-oviedo\/#mainImage","width":1280,"height":856},"primaryImageOfPage":{"@id":"https:\/\/candas365.es\/noticias\/exposicion-esperanza-y-soledad-son-nombres-de-mujer-en-oviedo\/#mainImage"},"datePublished":"2018-01-10T20:57:59+01:00","dateModified":"2018-01-10T20:57:59+01:00"},{"@type":"WebSite","@id":"https:\/\/candas365.es\/noticias\/#website","url":"https:\/\/candas365.es\/noticias\/","name":"Cand\u00e1s 365","alternateName":"Cand\u00e1s 365 Noticias","description":"Actualidad desde Carre\u00f1o para el mundo","inLanguage":"es-ES","publisher":{"@id":"https:\/\/candas365.es\/noticias\/#organization"}}]},"og:locale":"es_ES","og:site_name":"Cand\u00e1s 365","og:type":"article","og:title":"Exposici\u00f3n \u201cEsperanza y Soledad son nombres de mujer\u201d, en Oviedo | Cand\u00e1s 365","og:description":"El pasado 28 de Noviembre de 2017 se celebr\u00f3 la II Jornada D\u00eda de las Personas sin Hogar: G\u00e9nero y Exclusi\u00f3n Social, actividad organizada por el Grupo de Trabajo de Personas sin Hogar constituido por el Programa de Incorporaci\u00f3n Social del Ayuntamiento de Oviedo y por varias entidades que trabajan con este colectivo: ACCEM, Albeniz,","og:url":"https:\/\/candas365.es\/noticias\/exposicion-esperanza-y-soledad-son-nombres-de-mujer-en-oviedo\/","og:image":"https:\/\/candas365.es\/noticias\/wp-content\/uploads\/2018\/01\/book-1421097_1280.jpg","og:image:secure_url":"https:\/\/candas365.es\/noticias\/wp-content\/uploads\/2018\/01\/book-1421097_1280.jpg","og:image:width":1280,"og:image:height":856,"article:published_time":"2018-01-10T20:57:59+00:00","article:modified_time":"2018-01-10T20:57:59+00:00","article:publisher":"https:\/\/www.facebook.com\/Nachofdezber","article:author":"https:\/\/www.facebook.com\/carrenoactualidad","twitter:card":"summary_large_image","twitter:site":"@NabercoDigital","twitter:title":"Exposici\u00f3n \u201cEsperanza y Soledad son nombres de mujer\u201d, en Oviedo | Cand\u00e1s 365","twitter:description":"El pasado 28 de Noviembre de 2017 se celebr\u00f3 la II Jornada D\u00eda de las Personas sin Hogar: G\u00e9nero y Exclusi\u00f3n Social, actividad organizada por el Grupo de Trabajo de Personas sin Hogar constituido por el Programa de Incorporaci\u00f3n Social del Ayuntamiento de Oviedo y por varias entidades que trabajan con este colectivo: ACCEM, Albeniz,","twitter:creator":"@nbasturias","twitter:image":"https:\/\/candas365.es\/noticias\/wp-content\/uploads\/2018\/01\/book-1421097_1280.jpg","twitter:label1":"Escrito por","twitter:data1":"Cand\u00e1s 365","twitter:label2":"Tiempo de lectura estimado","twitter:data2":"2 minutos"},"aioseo_meta_data":{"post_id":"88128","title":null,"description":null,"keywords":null,"keyphrases":null,"primary_term":null,"canonical_url":null,"og_title":null,"og_description":null,"og_object_type":"default","og_image_type":"default","og_image_url":null,"og_image_width":null,"og_image_height":null,"og_image_custom_url":null,"og_image_custom_fields":null,"og_video":null,"og_custom_url":null,"og_article_section":null,"og_article_tags":null,"twitter_use_og":false,"twitter_card":"default","twitter_image_type":"default","twitter_image_url":null,"twitter_image_custom_url":null,"twitter_image_custom_fields":null,"twitter_title":null,"twitter_description":null,"schema":{"blockGraphs":[],"customGraphs":[],"default":{"data":{"Article":[],"Course":[],"Dataset":[],"FAQPage":[],"Movie":[],"Person":[],"Product":[],"ProductReview":[],"Car":[],"Recipe":[],"Service":[],"SoftwareApplication":[],"WebPage":[]},"graphName":"","isEnabled":true},"graphs":[],"defaultGraph":"","defaultPostTypeGraph":""},"schema_type":null,"schema_type_options":null,"pillar_content":false,"robots_default":true,"robots_noindex":false,"robots_noarchive":false,"robots_nosnippet":false,"robots_nofollow":false,"robots_noimageindex":false,"robots_noodp":false,"robots_notranslate":false,"robots_max_snippet":null,"robots_max_videopreview":null,"robots_max_imagepreview":"large","priority":null,"frequency":null,"location":null,"local_seo":null,"seo_analyzer_scan_date":"2025-08-26 10:30:49","breadcrumb_settings":null,"limit_modified_date":false,"reviewed_by":null,"open_ai":null,"ai":null,"created":"2020-12-21 12:05:05","updated":"2025-08-26 10:30:49"},"aioseo_breadcrumb":"<div class=\"aioseo-breadcrumbs\"><span class=\"aioseo-breadcrumb\">\n\t<a href=\"https:\/\/candas365.es\/noticias\" title=\"Home\">Home<\/a>\n<\/span><span class=\"aioseo-breadcrumb-separator\">&ndash;<\/span><span class=\"aioseo-breadcrumb\">\n\t<a href=\"https:\/\/candas365.es\/noticias\/category\/agenda\/\" title=\"Agenda\">Agenda<\/a>\n<\/span><span class=\"aioseo-breadcrumb-separator\">&ndash;<\/span><span class=\"aioseo-breadcrumb\">\n\tExposici\u00f3n \u201cEsperanza y Soledad son nombres de mujer\u201d, en Oviedo\n<\/span><\/div>","aioseo_breadcrumb_json":[{"label":"Home","link":"https:\/\/candas365.es\/noticias"},{"label":"Agenda","link":"https:\/\/candas365.es\/noticias\/category\/agenda\/"},{"label":"Exposici\u00f3n \u201cEsperanza y Soledad son nombres de mujer\u201d, en Oviedo","link":"https:\/\/candas365.es\/noticias\/exposicion-esperanza-y-soledad-son-nombres-de-mujer-en-oviedo\/"}],"_links":{"self":[{"href":"https:\/\/candas365.es\/noticias\/wp-json\/wp\/v2\/posts\/88128","targetHints":{"allow":["GET"]}}],"collection":[{"href":"https:\/\/candas365.es\/noticias\/wp-json\/wp\/v2\/posts"}],"about":[{"href":"https:\/\/candas365.es\/noticias\/wp-json\/wp\/v2\/types\/post"}],"author":[{"embeddable":true,"href":"https:\/\/candas365.es\/noticias\/wp-json\/wp\/v2\/users\/1"}],"replies":[{"embeddable":true,"href":"https:\/\/candas365.es\/noticias\/wp-json\/wp\/v2\/comments?post=88128"}],"version-history":[{"count":0,"href":"https:\/\/candas365.es\/noticias\/wp-json\/wp\/v2\/posts\/88128\/revisions"}],"wp:featuredmedia":[{"embeddable":true,"href":"https:\/\/candas365.es\/noticias\/wp-json\/wp\/v2\/media\/88129"}],"wp:attachment":[{"href":"https:\/\/candas365.es\/noticias\/wp-json\/wp\/v2\/media?parent=88128"}],"wp:term":[{"taxonomy":"category","embeddable":true,"href":"https:\/\/candas365.es\/noticias\/wp-json\/wp\/v2\/categories?post=88128"},{"taxonomy":"post_tag","embeddable":true,"href":"https:\/\/candas365.es\/noticias\/wp-json\/wp\/v2\/tags?post=88128"}],"curies":[{"name":"wp","href":"https:\/\/api.w.org\/{rel}","templated":true}]}}