{"id":88064,"date":"2018-01-07T16:09:40","date_gmt":"2018-01-07T16:09:40","guid":{"rendered":"http:\/\/candas365.es\/noticias\/?p=88064"},"modified":"2018-01-07T16:09:40","modified_gmt":"2018-01-07T16:09:40","slug":"teresa-gonzalez-la-alcaldesa-unicamente-persigue-la-defensa-de-los-intereses-de-carreno","status":"publish","type":"post","link":"https:\/\/candas365.es\/noticias\/teresa-gonzalez-la-alcaldesa-unicamente-persigue-la-defensa-de-los-intereses-de-carreno\/","title":{"rendered":"Teresa Gonz\u00e1lez: \u201cLa Alcaldesa \u00fanicamente persigue la defensa de los intereses de Carre\u00f1o\u201d"},"content":{"rendered":"<p><img fetchpriority=\"high\" decoding=\"async\" class=\"alignleft size-medium wp-image-6453\" src=\"https:\/\/candas365.es\/noticias\/wp-content\/uploads\/2015\/01\/ayuntamiento-360x270.jpg\" alt=\"\" width=\"360\" height=\"270\" srcset=\"https:\/\/candas365.es\/noticias\/wp-content\/uploads\/2015\/01\/ayuntamiento-360x270.jpg 360w, https:\/\/candas365.es\/noticias\/wp-content\/uploads\/2015\/01\/ayuntamiento-640x480.jpg 640w, https:\/\/candas365.es\/noticias\/wp-content\/uploads\/2015\/01\/ayuntamiento-768x576.jpg 768w, https:\/\/candas365.es\/noticias\/wp-content\/uploads\/2015\/01\/ayuntamiento-150x113.jpg 150w, https:\/\/candas365.es\/noticias\/wp-content\/uploads\/2015\/01\/ayuntamiento-450x338.jpg 450w, https:\/\/candas365.es\/noticias\/wp-content\/uploads\/2015\/01\/ayuntamiento-80x60.jpg 80w, https:\/\/candas365.es\/noticias\/wp-content\/uploads\/2015\/01\/ayuntamiento-265x198.jpg 265w, https:\/\/candas365.es\/noticias\/wp-content\/uploads\/2015\/01\/ayuntamiento-696x522.jpg 696w, https:\/\/candas365.es\/noticias\/wp-content\/uploads\/2015\/01\/ayuntamiento-560x420.jpg 560w, https:\/\/candas365.es\/noticias\/wp-content\/uploads\/2015\/01\/ayuntamiento-90x67.jpg 90w, https:\/\/candas365.es\/noticias\/wp-content\/uploads\/2015\/01\/ayuntamiento.jpg 800w\" sizes=\"(max-width: 360px) 100vw, 360px\" \/>Ante las \u00faltimas declaraciones hechas p\u00fablicas por el portavoz del grupo municipal de <strong>Izquierda Unida en Carre\u00f1o<\/strong>, la ejecutiva local del Partido Socialista sale al paso de las acusaciones vertidas sobre la actitud de la Alcaldesa de Carre\u00f1o, Amelia Fern\u00e1ndez, en relaci\u00f3n a la situaci\u00f3n que atraviesa la Mancomunidad Cabo Pe\u00f1as.<\/p>\n<p>\u00abLa posici\u00f3n de la Alcaldesa de Carre\u00f1o \u00fanicamente persigue la defensa de los intereses de Carre\u00f1o en el ente supramunicipal. El portavoz de la coalici\u00f3n deber\u00eda hacer lo mismo y evitar que sea el vecindario de Carre\u00f1o quien asuma y pague las consecuencias de la nefasta gesti\u00f3n de los anteriores gobiernos de Goz\u00f3n, que han llevado a la mancomunidad a la situaci\u00f3n que vive hoy\u00bb, explic\u00f3 Teresa Gonz\u00e1lez, secretaria de pol\u00edtica municipal de la agrupaci\u00f3n socialista de Carre\u00f1o.<\/p>\n<p>\u00abTendr\u00e1 que explicar IU el porqu\u00e9 del cheque en blanco a asumir una Presidencia antes de (por ejemplo) aclarar las cuentas y de que Goz\u00f3n reconozca el total de deuda contra\u00edda con la Mancomunidad y se comprometa de forma efectiva a abonarla al igual que los intereses de demora derivados de los impagos de Goz\u00f3n. Resulta cuanto menos triste, que sean los propios grupos municipales de Carre\u00f1o quienes defiendan sin ton ni son, los intereses de Goz\u00f3n, precisamente el socio que ha llevado a la Mancomunidad a una situaci\u00f3n l\u00edmite. Quiz\u00e1 no recuerden que adem\u00e1s de la situaci\u00f3n econ\u00f3mica, en los \u00faltimos a\u00f1os se han agravado los conflictos laborales en el seno del ente supramunicipal, y los impagos a las empresas que prestan servicios est\u00e1n generado reclamaciones de pagos e inter\u00e9s. No ser\u00eda de recibo que despu\u00e9s de varios a\u00f1os en los que pudieron darse pasos para buscar soluciones, tenga que ser Carre\u00f1o quien asuma las consecuencias, todas ellas negativas, por cierto\u00bb, a\u00f1adi\u00f3 Gonz\u00e1lez.<\/p>\n<p>\u201cTampoco estar\u00eda de m\u00e1s que IU explicase por qu\u00e9 no pidi\u00f3 la rotaci\u00f3n durante la legislatura pasada en la que el PP de Goz\u00f3n ostent\u00f3 la presidencia y la propia IU la concejal\u00eda delegada durante los cuatro a\u00f1os y porqu\u00e9 abandon\u00f3 la representaci\u00f3n como vocal delegado\u201d, se\u00f1al\u00f3 la secretaria de pol\u00edtica municipal socialista de Carre\u00f1o.<\/p>\n<p>\u00abM\u00e1s all\u00e1 de cuestiones de interpretaci\u00f3n de los estatutos de la Mancomunidad, Carre\u00f1o asumir\u00e1 su presidencia en el mismo instante en que Goz\u00f3n reconozca y se comprometa a abonar de forma efectiva la deuda contra\u00edda con el ente supramunicipal. Compromiso que deber\u00e1 ir debidamente reflejado en sus presupuestos municipales. Los grupos municipales de Carre\u00f1o deber\u00e1n explicar qu\u00e9 intereses defienden realmente\u201d, concluy\u00f3 la secretaria de pol\u00edtica municipal de la agrupaci\u00f3n socialista de Carre\u00f1o.<\/p>\n","protected":false},"excerpt":{"rendered":"<p>Ante las \u00faltimas declaraciones hechas p\u00fablicas por el portavoz del grupo municipal de Izquierda Unida en Carre\u00f1o, la ejecutiva local del Partido Socialista sale al paso de las acusaciones vertidas sobre la actitud de la Alcaldesa de Carre\u00f1o, Amelia Fern\u00e1ndez, en relaci\u00f3n a la situaci\u00f3n que atraviesa la Mancomunidad Cabo Pe\u00f1as. \u00abLa posici\u00f3n de la<\/p>\n","protected":false},"author":1,"featured_media":6453,"comment_status":"closed","ping_status":"closed","sticky":false,"template":"","format":"standard","meta":{"footnotes":""},"categories":[2],"tags":[],"class_list":{"0":"post-88064","1":"post","2":"type-post","3":"status-publish","4":"format-standard","5":"has-post-thumbnail","7":"category-noticias-carreno"},"aioseo_notices":[],"aioseo_head":"\n\t\t<!-- All in One SEO Pro 4.9.6.2 - aioseo.com -->\n\t<meta name=\"description\" content=\"Ante las \u00faltimas declaraciones hechas p\u00fablicas por el portavoz del grupo municipal de Izquierda Unida en Carre\u00f1o, la ejecutiva local del Partido Socialista sale al paso de las acusaciones vertidas sobre la actitud de la Alcaldesa de Carre\u00f1o, Amelia Fern\u00e1ndez, en relaci\u00f3n a la situaci\u00f3n que atraviesa la Mancomunidad Cabo Pe\u00f1as. &quot;La posici\u00f3n de la\" \/>\n\t<meta name=\"robots\" content=\"max-image-preview:large\" \/>\n\t<meta name=\"author\" content=\"Cand\u00e1s 365\"\/>\n\t<meta name=\"google-site-verification\" content=\"UA-32230408-1\" \/>\n\t<meta name=\"msvalidate.01\" content=\"354F3CDFB2DA171B47FBE9ABF1F88D5\" \/>\n\t<meta name=\"keywords\" content=\"noticias carre\u00f1o\" \/>\n\t<link rel=\"canonical\" href=\"https:\/\/candas365.es\/noticias\/teresa-gonzalez-la-alcaldesa-unicamente-persigue-la-defensa-de-los-intereses-de-carreno\/\" \/>\n\t<meta name=\"generator\" content=\"All in One SEO Pro (AIOSEO) 4.9.6.2\" \/>\n\t\t<meta property=\"og:locale\" content=\"es_ES\" \/>\n\t\t<meta property=\"og:site_name\" content=\"Cand\u00e1s 365\" \/>\n\t\t<meta property=\"og:type\" content=\"article\" \/>\n\t\t<meta property=\"og:title\" content=\"Teresa Gonz\u00e1lez: \u201cLa Alcaldesa \u00fanicamente persigue la defensa de los intereses de Carre\u00f1o\u201d | Cand\u00e1s 365\" \/>\n\t\t<meta property=\"og:description\" content=\"Ante las \u00faltimas declaraciones hechas p\u00fablicas por el portavoz del grupo municipal de Izquierda Unida en Carre\u00f1o, la ejecutiva local del Partido Socialista sale al paso de las acusaciones vertidas sobre la actitud de la Alcaldesa de Carre\u00f1o, Amelia Fern\u00e1ndez, en relaci\u00f3n a la situaci\u00f3n que atraviesa la Mancomunidad Cabo Pe\u00f1as. &quot;La posici\u00f3n de la\" \/>\n\t\t<meta property=\"og:url\" content=\"https:\/\/candas365.es\/noticias\/teresa-gonzalez-la-alcaldesa-unicamente-persigue-la-defensa-de-los-intereses-de-carreno\/\" \/>\n\t\t<meta property=\"og:image\" content=\"https:\/\/candas365.es\/noticias\/wp-content\/uploads\/2015\/01\/ayuntamiento.jpg\" \/>\n\t\t<meta property=\"og:image:secure_url\" content=\"https:\/\/candas365.es\/noticias\/wp-content\/uploads\/2015\/01\/ayuntamiento.jpg\" \/>\n\t\t<meta property=\"og:image:width\" content=\"800\" \/>\n\t\t<meta property=\"og:image:height\" content=\"600\" \/>\n\t\t<meta property=\"article:published_time\" content=\"2018-01-07T16:09:40+00:00\" \/>\n\t\t<meta property=\"article:modified_time\" content=\"2018-01-07T16:09:40+00:00\" \/>\n\t\t<meta property=\"article:publisher\" content=\"https:\/\/www.facebook.com\/Nachofdezber\" \/>\n\t\t<meta property=\"article:author\" content=\"https:\/\/www.facebook.com\/carrenoactualidad\" \/>\n\t\t<meta name=\"twitter:card\" content=\"summary_large_image\" \/>\n\t\t<meta name=\"twitter:site\" content=\"@NabercoDigital\" \/>\n\t\t<meta name=\"twitter:title\" content=\"Teresa Gonz\u00e1lez: \u201cLa Alcaldesa \u00fanicamente persigue la defensa de los intereses de Carre\u00f1o\u201d | Cand\u00e1s 365\" \/>\n\t\t<meta name=\"twitter:description\" content=\"Ante las \u00faltimas declaraciones hechas p\u00fablicas por el portavoz del grupo municipal de Izquierda Unida en Carre\u00f1o, la ejecutiva local del Partido Socialista sale al paso de las acusaciones vertidas sobre la actitud de la Alcaldesa de Carre\u00f1o, Amelia Fern\u00e1ndez, en relaci\u00f3n a la situaci\u00f3n que atraviesa la Mancomunidad Cabo Pe\u00f1as. &quot;La posici\u00f3n de la\" \/>\n\t\t<meta name=\"twitter:creator\" content=\"@nbasturias\" \/>\n\t\t<meta name=\"twitter:image\" content=\"https:\/\/candas365.es\/noticias\/wp-content\/uploads\/2015\/01\/ayuntamiento.jpg\" \/>\n\t\t<meta name=\"twitter:label1\" content=\"Escrito por\" \/>\n\t\t<meta name=\"twitter:data1\" content=\"Cand\u00e1s 365\" \/>\n\t\t<meta name=\"twitter:label2\" content=\"Tiempo de lectura estimado\" \/>\n\t\t<meta name=\"twitter:data2\" content=\"2 minutos\" \/>\n\t\t<script type=\"application\/ld+json\" class=\"aioseo-schema\">\n\t\t\t{\"@context\":\"https:\\\/\\\/schema.org\",\"@graph\":[{\"@type\":\"BreadcrumbList\",\"@id\":\"https:\\\/\\\/candas365.es\\\/noticias\\\/teresa-gonzalez-la-alcaldesa-unicamente-persigue-la-defensa-de-los-intereses-de-carreno\\\/#breadcrumblist\",\"itemListElement\":[{\"@type\":\"ListItem\",\"@id\":\"https:\\\/\\\/candas365.es\\\/noticias#listItem\",\"position\":1,\"name\":\"Home\",\"item\":\"https:\\\/\\\/candas365.es\\\/noticias\",\"nextItem\":{\"@type\":\"ListItem\",\"@id\":\"https:\\\/\\\/candas365.es\\\/noticias\\\/category\\\/noticias-carreno\\\/#listItem\",\"name\":\"Noticias Carre\\u00f1o\"}},{\"@type\":\"ListItem\",\"@id\":\"https:\\\/\\\/candas365.es\\\/noticias\\\/category\\\/noticias-carreno\\\/#listItem\",\"position\":2,\"name\":\"Noticias Carre\\u00f1o\",\"item\":\"https:\\\/\\\/candas365.es\\\/noticias\\\/category\\\/noticias-carreno\\\/\",\"nextItem\":{\"@type\":\"ListItem\",\"@id\":\"https:\\\/\\\/candas365.es\\\/noticias\\\/teresa-gonzalez-la-alcaldesa-unicamente-persigue-la-defensa-de-los-intereses-de-carreno\\\/#listItem\",\"name\":\"Teresa Gonz\\u00e1lez: \\u201cLa Alcaldesa \\u00fanicamente persigue la defensa de los intereses de Carre\\u00f1o\\u201d\"},\"previousItem\":{\"@type\":\"ListItem\",\"@id\":\"https:\\\/\\\/candas365.es\\\/noticias#listItem\",\"name\":\"Home\"}},{\"@type\":\"ListItem\",\"@id\":\"https:\\\/\\\/candas365.es\\\/noticias\\\/teresa-gonzalez-la-alcaldesa-unicamente-persigue-la-defensa-de-los-intereses-de-carreno\\\/#listItem\",\"position\":3,\"name\":\"Teresa Gonz\\u00e1lez: \\u201cLa Alcaldesa \\u00fanicamente persigue la defensa de los intereses de Carre\\u00f1o\\u201d\",\"previousItem\":{\"@type\":\"ListItem\",\"@id\":\"https:\\\/\\\/candas365.es\\\/noticias\\\/category\\\/noticias-carreno\\\/#listItem\",\"name\":\"Noticias Carre\\u00f1o\"}}]},{\"@type\":\"NewsArticle\",\"@id\":\"https:\\\/\\\/candas365.es\\\/noticias\\\/teresa-gonzalez-la-alcaldesa-unicamente-persigue-la-defensa-de-los-intereses-de-carreno\\\/#newsarticle\",\"name\":\"Teresa Gonz\\u00e1lez: \\u201cLa Alcaldesa \\u00fanicamente persigue la defensa de los intereses de Carre\\u00f1o\\u201d | Cand\\u00e1s 365\",\"headline\":\"Teresa Gonz\\u00e1lez: \\u201cLa Alcaldesa \\u00fanicamente persigue la defensa de los intereses de Carre\\u00f1o\\u201d\",\"author\":{\"@id\":\"https:\\\/\\\/candas365.es\\\/noticias\\\/author\\\/admin\\\/#author\"},\"publisher\":{\"@id\":\"https:\\\/\\\/candas365.es\\\/noticias\\\/#organization\"},\"image\":{\"@type\":\"ImageObject\",\"url\":\"https:\\\/\\\/candas365.es\\\/noticias\\\/wp-content\\\/uploads\\\/2015\\\/01\\\/ayuntamiento.jpg\",\"width\":800,\"height\":600,\"caption\":\"Carre\\u00f1o\"},\"datePublished\":\"2018-01-07T16:09:40+01:00\",\"dateModified\":\"2018-01-07T16:09:40+01:00\",\"inLanguage\":\"es-ES\",\"mainEntityOfPage\":{\"@id\":\"https:\\\/\\\/candas365.es\\\/noticias\\\/teresa-gonzalez-la-alcaldesa-unicamente-persigue-la-defensa-de-los-intereses-de-carreno\\\/#webpage\"},\"isPartOf\":{\"@id\":\"https:\\\/\\\/candas365.es\\\/noticias\\\/teresa-gonzalez-la-alcaldesa-unicamente-persigue-la-defensa-de-los-intereses-de-carreno\\\/#webpage\"},\"articleSection\":\"Noticias Carre\\u00f1o\",\"dateline\":\"Publicado el enero 7, 2018.\"},{\"@type\":\"Organization\",\"@id\":\"https:\\\/\\\/candas365.es\\\/noticias\\\/#organization\",\"name\":\"Cand\\u00e1s 365\",\"description\":\"Cand\\u00e1s 365 es un diario digital independiente, fundado en 2012, con base en Asturias. Informamos con rigor sobre actualidad, sociedad, cultura y ocio, con una mirada local y global.\",\"url\":\"https:\\\/\\\/candas365.es\\\/noticias\\\/\",\"email\":\"info@candas365.es\",\"telephone\":\"+34652131393\",\"foundingDate\":\"2012-06-10\",\"logo\":{\"@type\":\"ImageObject\",\"url\":\"https:\\\/\\\/candas365.es\\\/noticias\\\/wp-content\\\/uploads\\\/2024\\\/09\\\/Candas-365-Redes.jpg\",\"@id\":\"https:\\\/\\\/candas365.es\\\/noticias\\\/teresa-gonzalez-la-alcaldesa-unicamente-persigue-la-defensa-de-los-intereses-de-carreno\\\/#organizationLogo\",\"width\":1152,\"height\":864,\"caption\":\"Cand\\u00e1s 365 Redes\"},\"image\":{\"@id\":\"https:\\\/\\\/candas365.es\\\/noticias\\\/teresa-gonzalez-la-alcaldesa-unicamente-persigue-la-defensa-de-los-intereses-de-carreno\\\/#organizationLogo\"},\"sameAs\":[\"https:\\\/\\\/www.facebook.com\\\/Nachofdezber\",\"https:\\\/\\\/x.com\\\/NabercoDigital\",\"https:\\\/\\\/www.instagram.com\\\/nachofdezber\\\/\",\"https:\\\/\\\/www.youtube.com\\\/channel\\\/UCZP-2wLEB9Rv6erhFmqVnvg\"],\"address\":{\"@id\":\"https:\\\/\\\/candas365.es\\\/noticias\\\/#postaladdress\",\"@type\":\"PostalAddress\",\"streetAddress\":\"san antonio 4, san antonio 4\",\"postalCode\":\"33430\",\"addressLocality\":\"Cand\\u00e1s\",\"addressRegion\":\"Asturias\",\"addressCountry\":\"ES\"}},{\"@type\":\"Person\",\"@id\":\"https:\\\/\\\/candas365.es\\\/noticias\\\/author\\\/admin\\\/#author\",\"url\":\"https:\\\/\\\/candas365.es\\\/noticias\\\/author\\\/admin\\\/\",\"name\":\"Cand\\u00e1s 365\",\"image\":{\"@type\":\"ImageObject\",\"@id\":\"https:\\\/\\\/candas365.es\\\/noticias\\\/teresa-gonzalez-la-alcaldesa-unicamente-persigue-la-defensa-de-los-intereses-de-carreno\\\/#authorImage\",\"url\":\"https:\\\/\\\/secure.gravatar.com\\\/avatar\\\/496a8e03d0c493ede1718b7934145dbdf8d89be1036b0eec9544e1094c9de390?s=96&d=mm&r=g\",\"width\":96,\"height\":96,\"caption\":\"Cand\\u00e1s 365\"},\"sameAs\":[\"https:\\\/\\\/www.facebook.com\\\/carrenoactualidad\",\"https:\\\/\\\/twitter.com\\\/nbasturias\",\"https:\\\/\\\/www.instagram.com\\\/nachofdezber\\\/\",\"https:\\\/\\\/www.youtube.com\\\/channel\\\/UCZP-2wLEB9Rv6erhFmqVnvg\"]},{\"@type\":\"WebPage\",\"@id\":\"https:\\\/\\\/candas365.es\\\/noticias\\\/teresa-gonzalez-la-alcaldesa-unicamente-persigue-la-defensa-de-los-intereses-de-carreno\\\/#webpage\",\"url\":\"https:\\\/\\\/candas365.es\\\/noticias\\\/teresa-gonzalez-la-alcaldesa-unicamente-persigue-la-defensa-de-los-intereses-de-carreno\\\/\",\"name\":\"Teresa Gonz\\u00e1lez: \\u201cLa Alcaldesa \\u00fanicamente persigue la defensa de los intereses de Carre\\u00f1o\\u201d | Cand\\u00e1s 365\",\"description\":\"Ante las \\u00faltimas declaraciones hechas p\\u00fablicas por el portavoz del grupo municipal de Izquierda Unida en Carre\\u00f1o, la ejecutiva local del Partido Socialista sale al paso de las acusaciones vertidas sobre la actitud de la Alcaldesa de Carre\\u00f1o, Amelia Fern\\u00e1ndez, en relaci\\u00f3n a la situaci\\u00f3n que atraviesa la Mancomunidad Cabo Pe\\u00f1as. \\\"La posici\\u00f3n de la\",\"inLanguage\":\"es-ES\",\"isPartOf\":{\"@id\":\"https:\\\/\\\/candas365.es\\\/noticias\\\/#website\"},\"breadcrumb\":{\"@id\":\"https:\\\/\\\/candas365.es\\\/noticias\\\/teresa-gonzalez-la-alcaldesa-unicamente-persigue-la-defensa-de-los-intereses-de-carreno\\\/#breadcrumblist\"},\"author\":{\"@id\":\"https:\\\/\\\/candas365.es\\\/noticias\\\/author\\\/admin\\\/#author\"},\"creator\":{\"@id\":\"https:\\\/\\\/candas365.es\\\/noticias\\\/author\\\/admin\\\/#author\"},\"image\":{\"@type\":\"ImageObject\",\"url\":\"https:\\\/\\\/candas365.es\\\/noticias\\\/wp-content\\\/uploads\\\/2015\\\/01\\\/ayuntamiento.jpg\",\"@id\":\"https:\\\/\\\/candas365.es\\\/noticias\\\/teresa-gonzalez-la-alcaldesa-unicamente-persigue-la-defensa-de-los-intereses-de-carreno\\\/#mainImage\",\"width\":800,\"height\":600,\"caption\":\"Carre\\u00f1o\"},\"primaryImageOfPage\":{\"@id\":\"https:\\\/\\\/candas365.es\\\/noticias\\\/teresa-gonzalez-la-alcaldesa-unicamente-persigue-la-defensa-de-los-intereses-de-carreno\\\/#mainImage\"},\"datePublished\":\"2018-01-07T16:09:40+01:00\",\"dateModified\":\"2018-01-07T16:09:40+01:00\"},{\"@type\":\"WebSite\",\"@id\":\"https:\\\/\\\/candas365.es\\\/noticias\\\/#website\",\"url\":\"https:\\\/\\\/candas365.es\\\/noticias\\\/\",\"name\":\"Cand\\u00e1s 365\",\"alternateName\":\"Cand\\u00e1s 365 Noticias\",\"description\":\"Actualidad desde Carre\\u00f1o para el mundo\",\"inLanguage\":\"es-ES\",\"publisher\":{\"@id\":\"https:\\\/\\\/candas365.es\\\/noticias\\\/#organization\"}}]}\n\t\t<\/script>\n\t\t<!-- All in One SEO Pro -->\r\n\t\t<title>Teresa Gonz\u00e1lez: \u201cLa Alcaldesa \u00fanicamente persigue la defensa de los intereses de Carre\u00f1o\u201d | Cand\u00e1s 365<\/title>\n\n","aioseo_head_json":{"title":"Teresa Gonz\u00e1lez: \u201cLa Alcaldesa \u00fanicamente persigue la defensa de los intereses de Carre\u00f1o\u201d | Cand\u00e1s 365","description":"Ante las \u00faltimas declaraciones hechas p\u00fablicas por el portavoz del grupo municipal de Izquierda Unida en Carre\u00f1o, la ejecutiva local del Partido Socialista sale al paso de las acusaciones vertidas sobre la actitud de la Alcaldesa de Carre\u00f1o, Amelia Fern\u00e1ndez, en relaci\u00f3n a la situaci\u00f3n que atraviesa la Mancomunidad Cabo Pe\u00f1as. \"La posici\u00f3n de la","canonical_url":"https:\/\/candas365.es\/noticias\/teresa-gonzalez-la-alcaldesa-unicamente-persigue-la-defensa-de-los-intereses-de-carreno\/","robots":"max-image-preview:large","keywords":"noticias carre\u00f1o","webmasterTools":{"google-site-verification":"UA-32230408-1","msvalidate.01":"354F3CDFB2DA171B47FBE9ABF1F88D5","miscellaneous":""},"schema":{"@context":"https:\/\/schema.org","@graph":[{"@type":"BreadcrumbList","@id":"https:\/\/candas365.es\/noticias\/teresa-gonzalez-la-alcaldesa-unicamente-persigue-la-defensa-de-los-intereses-de-carreno\/#breadcrumblist","itemListElement":[{"@type":"ListItem","@id":"https:\/\/candas365.es\/noticias#listItem","position":1,"name":"Home","item":"https:\/\/candas365.es\/noticias","nextItem":{"@type":"ListItem","@id":"https:\/\/candas365.es\/noticias\/category\/noticias-carreno\/#listItem","name":"Noticias Carre\u00f1o"}},{"@type":"ListItem","@id":"https:\/\/candas365.es\/noticias\/category\/noticias-carreno\/#listItem","position":2,"name":"Noticias Carre\u00f1o","item":"https:\/\/candas365.es\/noticias\/category\/noticias-carreno\/","nextItem":{"@type":"ListItem","@id":"https:\/\/candas365.es\/noticias\/teresa-gonzalez-la-alcaldesa-unicamente-persigue-la-defensa-de-los-intereses-de-carreno\/#listItem","name":"Teresa Gonz\u00e1lez: \u201cLa Alcaldesa \u00fanicamente persigue la defensa de los intereses de Carre\u00f1o\u201d"},"previousItem":{"@type":"ListItem","@id":"https:\/\/candas365.es\/noticias#listItem","name":"Home"}},{"@type":"ListItem","@id":"https:\/\/candas365.es\/noticias\/teresa-gonzalez-la-alcaldesa-unicamente-persigue-la-defensa-de-los-intereses-de-carreno\/#listItem","position":3,"name":"Teresa Gonz\u00e1lez: \u201cLa Alcaldesa \u00fanicamente persigue la defensa de los intereses de Carre\u00f1o\u201d","previousItem":{"@type":"ListItem","@id":"https:\/\/candas365.es\/noticias\/category\/noticias-carreno\/#listItem","name":"Noticias Carre\u00f1o"}}]},{"@type":"NewsArticle","@id":"https:\/\/candas365.es\/noticias\/teresa-gonzalez-la-alcaldesa-unicamente-persigue-la-defensa-de-los-intereses-de-carreno\/#newsarticle","name":"Teresa Gonz\u00e1lez: \u201cLa Alcaldesa \u00fanicamente persigue la defensa de los intereses de Carre\u00f1o\u201d | Cand\u00e1s 365","headline":"Teresa Gonz\u00e1lez: \u201cLa Alcaldesa \u00fanicamente persigue la defensa de los intereses de Carre\u00f1o\u201d","author":{"@id":"https:\/\/candas365.es\/noticias\/author\/admin\/#author"},"publisher":{"@id":"https:\/\/candas365.es\/noticias\/#organization"},"image":{"@type":"ImageObject","url":"https:\/\/candas365.es\/noticias\/wp-content\/uploads\/2015\/01\/ayuntamiento.jpg","width":800,"height":600,"caption":"Carre\u00f1o"},"datePublished":"2018-01-07T16:09:40+01:00","dateModified":"2018-01-07T16:09:40+01:00","inLanguage":"es-ES","mainEntityOfPage":{"@id":"https:\/\/candas365.es\/noticias\/teresa-gonzalez-la-alcaldesa-unicamente-persigue-la-defensa-de-los-intereses-de-carreno\/#webpage"},"isPartOf":{"@id":"https:\/\/candas365.es\/noticias\/teresa-gonzalez-la-alcaldesa-unicamente-persigue-la-defensa-de-los-intereses-de-carreno\/#webpage"},"articleSection":"Noticias Carre\u00f1o","dateline":"Publicado el enero 7, 2018."},{"@type":"Organization","@id":"https:\/\/candas365.es\/noticias\/#organization","name":"Cand\u00e1s 365","description":"Cand\u00e1s 365 es un diario digital independiente, fundado en 2012, con base en Asturias. Informamos con rigor sobre actualidad, sociedad, cultura y ocio, con una mirada local y global.","url":"https:\/\/candas365.es\/noticias\/","email":"info@candas365.es","telephone":"+34652131393","foundingDate":"2012-06-10","logo":{"@type":"ImageObject","url":"https:\/\/candas365.es\/noticias\/wp-content\/uploads\/2024\/09\/Candas-365-Redes.jpg","@id":"https:\/\/candas365.es\/noticias\/teresa-gonzalez-la-alcaldesa-unicamente-persigue-la-defensa-de-los-intereses-de-carreno\/#organizationLogo","width":1152,"height":864,"caption":"Cand\u00e1s 365 Redes"},"image":{"@id":"https:\/\/candas365.es\/noticias\/teresa-gonzalez-la-alcaldesa-unicamente-persigue-la-defensa-de-los-intereses-de-carreno\/#organizationLogo"},"sameAs":["https:\/\/www.facebook.com\/Nachofdezber","https:\/\/x.com\/NabercoDigital","https:\/\/www.instagram.com\/nachofdezber\/","https:\/\/www.youtube.com\/channel\/UCZP-2wLEB9Rv6erhFmqVnvg"],"address":{"@id":"https:\/\/candas365.es\/noticias\/#postaladdress","@type":"PostalAddress","streetAddress":"san antonio 4, san antonio 4","postalCode":"33430","addressLocality":"Cand\u00e1s","addressRegion":"Asturias","addressCountry":"ES"}},{"@type":"Person","@id":"https:\/\/candas365.es\/noticias\/author\/admin\/#author","url":"https:\/\/candas365.es\/noticias\/author\/admin\/","name":"Cand\u00e1s 365","image":{"@type":"ImageObject","@id":"https:\/\/candas365.es\/noticias\/teresa-gonzalez-la-alcaldesa-unicamente-persigue-la-defensa-de-los-intereses-de-carreno\/#authorImage","url":"https:\/\/secure.gravatar.com\/avatar\/496a8e03d0c493ede1718b7934145dbdf8d89be1036b0eec9544e1094c9de390?s=96&d=mm&r=g","width":96,"height":96,"caption":"Cand\u00e1s 365"},"sameAs":["https:\/\/www.facebook.com\/carrenoactualidad","https:\/\/twitter.com\/nbasturias","https:\/\/www.instagram.com\/nachofdezber\/","https:\/\/www.youtube.com\/channel\/UCZP-2wLEB9Rv6erhFmqVnvg"]},{"@type":"WebPage","@id":"https:\/\/candas365.es\/noticias\/teresa-gonzalez-la-alcaldesa-unicamente-persigue-la-defensa-de-los-intereses-de-carreno\/#webpage","url":"https:\/\/candas365.es\/noticias\/teresa-gonzalez-la-alcaldesa-unicamente-persigue-la-defensa-de-los-intereses-de-carreno\/","name":"Teresa Gonz\u00e1lez: \u201cLa Alcaldesa \u00fanicamente persigue la defensa de los intereses de Carre\u00f1o\u201d | Cand\u00e1s 365","description":"Ante las \u00faltimas declaraciones hechas p\u00fablicas por el portavoz del grupo municipal de Izquierda Unida en Carre\u00f1o, la ejecutiva local del Partido Socialista sale al paso de las acusaciones vertidas sobre la actitud de la Alcaldesa de Carre\u00f1o, Amelia Fern\u00e1ndez, en relaci\u00f3n a la situaci\u00f3n que atraviesa la Mancomunidad Cabo Pe\u00f1as. \"La posici\u00f3n de la","inLanguage":"es-ES","isPartOf":{"@id":"https:\/\/candas365.es\/noticias\/#website"},"breadcrumb":{"@id":"https:\/\/candas365.es\/noticias\/teresa-gonzalez-la-alcaldesa-unicamente-persigue-la-defensa-de-los-intereses-de-carreno\/#breadcrumblist"},"author":{"@id":"https:\/\/candas365.es\/noticias\/author\/admin\/#author"},"creator":{"@id":"https:\/\/candas365.es\/noticias\/author\/admin\/#author"},"image":{"@type":"ImageObject","url":"https:\/\/candas365.es\/noticias\/wp-content\/uploads\/2015\/01\/ayuntamiento.jpg","@id":"https:\/\/candas365.es\/noticias\/teresa-gonzalez-la-alcaldesa-unicamente-persigue-la-defensa-de-los-intereses-de-carreno\/#mainImage","width":800,"height":600,"caption":"Carre\u00f1o"},"primaryImageOfPage":{"@id":"https:\/\/candas365.es\/noticias\/teresa-gonzalez-la-alcaldesa-unicamente-persigue-la-defensa-de-los-intereses-de-carreno\/#mainImage"},"datePublished":"2018-01-07T16:09:40+01:00","dateModified":"2018-01-07T16:09:40+01:00"},{"@type":"WebSite","@id":"https:\/\/candas365.es\/noticias\/#website","url":"https:\/\/candas365.es\/noticias\/","name":"Cand\u00e1s 365","alternateName":"Cand\u00e1s 365 Noticias","description":"Actualidad desde Carre\u00f1o para el mundo","inLanguage":"es-ES","publisher":{"@id":"https:\/\/candas365.es\/noticias\/#organization"}}]},"og:locale":"es_ES","og:site_name":"Cand\u00e1s 365","og:type":"article","og:title":"Teresa Gonz\u00e1lez: \u201cLa Alcaldesa \u00fanicamente persigue la defensa de los intereses de Carre\u00f1o\u201d | Cand\u00e1s 365","og:description":"Ante las \u00faltimas declaraciones hechas p\u00fablicas por el portavoz del grupo municipal de Izquierda Unida en Carre\u00f1o, la ejecutiva local del Partido Socialista sale al paso de las acusaciones vertidas sobre la actitud de la Alcaldesa de Carre\u00f1o, Amelia Fern\u00e1ndez, en relaci\u00f3n a la situaci\u00f3n que atraviesa la Mancomunidad Cabo Pe\u00f1as. &quot;La posici\u00f3n de la","og:url":"https:\/\/candas365.es\/noticias\/teresa-gonzalez-la-alcaldesa-unicamente-persigue-la-defensa-de-los-intereses-de-carreno\/","og:image":"https:\/\/candas365.es\/noticias\/wp-content\/uploads\/2015\/01\/ayuntamiento.jpg","og:image:secure_url":"https:\/\/candas365.es\/noticias\/wp-content\/uploads\/2015\/01\/ayuntamiento.jpg","og:image:width":800,"og:image:height":600,"article:published_time":"2018-01-07T16:09:40+00:00","article:modified_time":"2018-01-07T16:09:40+00:00","article:publisher":"https:\/\/www.facebook.com\/Nachofdezber","article:author":"https:\/\/www.facebook.com\/carrenoactualidad","twitter:card":"summary_large_image","twitter:site":"@NabercoDigital","twitter:title":"Teresa Gonz\u00e1lez: \u201cLa Alcaldesa \u00fanicamente persigue la defensa de los intereses de Carre\u00f1o\u201d | Cand\u00e1s 365","twitter:description":"Ante las \u00faltimas declaraciones hechas p\u00fablicas por el portavoz del grupo municipal de Izquierda Unida en Carre\u00f1o, la ejecutiva local del Partido Socialista sale al paso de las acusaciones vertidas sobre la actitud de la Alcaldesa de Carre\u00f1o, Amelia Fern\u00e1ndez, en relaci\u00f3n a la situaci\u00f3n que atraviesa la Mancomunidad Cabo Pe\u00f1as. &quot;La posici\u00f3n de la","twitter:creator":"@nbasturias","twitter:image":"https:\/\/candas365.es\/noticias\/wp-content\/uploads\/2015\/01\/ayuntamiento.jpg","twitter:label1":"Escrito por","twitter:data1":"Cand\u00e1s 365","twitter:label2":"Tiempo de lectura estimado","twitter:data2":"2 minutos"},"aioseo_meta_data":{"post_id":"88064","title":null,"description":null,"keywords":null,"keyphrases":null,"primary_term":null,"canonical_url":null,"og_title":null,"og_description":null,"og_object_type":"default","og_image_type":"default","og_image_url":null,"og_image_width":null,"og_image_height":null,"og_image_custom_url":null,"og_image_custom_fields":null,"og_video":null,"og_custom_url":null,"og_article_section":null,"og_article_tags":null,"twitter_use_og":false,"twitter_card":"default","twitter_image_type":"default","twitter_image_url":null,"twitter_image_custom_url":null,"twitter_image_custom_fields":null,"twitter_title":null,"twitter_description":null,"schema":{"blockGraphs":[],"customGraphs":[],"default":{"data":{"Article":[],"Course":[],"Dataset":[],"FAQPage":[],"Movie":[],"Person":[],"Product":[],"ProductReview":[],"Car":[],"Recipe":[],"Service":[],"SoftwareApplication":[],"WebPage":[]},"graphName":"","isEnabled":true},"graphs":[]},"schema_type":null,"schema_type_options":null,"pillar_content":false,"robots_default":true,"robots_noindex":false,"robots_noarchive":false,"robots_nosnippet":false,"robots_nofollow":false,"robots_noimageindex":false,"robots_noodp":false,"robots_notranslate":false,"robots_max_snippet":null,"robots_max_videopreview":null,"robots_max_imagepreview":"large","priority":null,"frequency":null,"location":null,"local_seo":null,"seo_analyzer_scan_date":"2025-08-26 10:26:08","breadcrumb_settings":null,"limit_modified_date":false,"reviewed_by":null,"open_ai":null,"ai":null,"created":"2020-12-21 12:05:56","updated":"2025-08-26 10:26:08"},"aioseo_breadcrumb":"<div class=\"aioseo-breadcrumbs\"><span class=\"aioseo-breadcrumb\">\n\t<a href=\"https:\/\/candas365.es\/noticias\" title=\"Home\">Home<\/a>\n<\/span><span class=\"aioseo-breadcrumb-separator\">&ndash;<\/span><span class=\"aioseo-breadcrumb\">\n\t<a href=\"https:\/\/candas365.es\/noticias\/category\/noticias-carreno\/\" title=\"Noticias Carre\u00f1o\">Noticias Carre\u00f1o<\/a>\n<\/span><span class=\"aioseo-breadcrumb-separator\">&ndash;<\/span><span class=\"aioseo-breadcrumb\">\n\tTeresa Gonz\u00e1lez: \u201cLa Alcaldesa \u00fanicamente persigue la defensa de los intereses de Carre\u00f1o\u201d\n<\/span><\/div>","aioseo_breadcrumb_json":[{"label":"Home","link":"https:\/\/candas365.es\/noticias"},{"label":"Noticias Carre\u00f1o","link":"https:\/\/candas365.es\/noticias\/category\/noticias-carreno\/"},{"label":"Teresa Gonz\u00e1lez: \u201cLa Alcaldesa \u00fanicamente persigue la defensa de los intereses de Carre\u00f1o\u201d","link":"https:\/\/candas365.es\/noticias\/teresa-gonzalez-la-alcaldesa-unicamente-persigue-la-defensa-de-los-intereses-de-carreno\/"}],"_links":{"self":[{"href":"https:\/\/candas365.es\/noticias\/wp-json\/wp\/v2\/posts\/88064","targetHints":{"allow":["GET"]}}],"collection":[{"href":"https:\/\/candas365.es\/noticias\/wp-json\/wp\/v2\/posts"}],"about":[{"href":"https:\/\/candas365.es\/noticias\/wp-json\/wp\/v2\/types\/post"}],"author":[{"embeddable":true,"href":"https:\/\/candas365.es\/noticias\/wp-json\/wp\/v2\/users\/1"}],"replies":[{"embeddable":true,"href":"https:\/\/candas365.es\/noticias\/wp-json\/wp\/v2\/comments?post=88064"}],"version-history":[{"count":0,"href":"https:\/\/candas365.es\/noticias\/wp-json\/wp\/v2\/posts\/88064\/revisions"}],"wp:featuredmedia":[{"embeddable":true,"href":"https:\/\/candas365.es\/noticias\/wp-json\/wp\/v2\/media\/6453"}],"wp:attachment":[{"href":"https:\/\/candas365.es\/noticias\/wp-json\/wp\/v2\/media?parent=88064"}],"wp:term":[{"taxonomy":"category","embeddable":true,"href":"https:\/\/candas365.es\/noticias\/wp-json\/wp\/v2\/categories?post=88064"},{"taxonomy":"post_tag","embeddable":true,"href":"https:\/\/candas365.es\/noticias\/wp-json\/wp\/v2\/tags?post=88064"}],"curies":[{"name":"wp","href":"https:\/\/api.w.org\/{rel}","templated":true}]}}