{"id":88025,"date":"2018-01-06T11:49:41","date_gmt":"2018-01-06T11:49:41","guid":{"rendered":"http:\/\/candas365.es\/noticias\/?p=88025"},"modified":"2018-01-06T11:49:41","modified_gmt":"2018-01-06T11:49:41","slug":"silvia-intxaurrondo-presentara-desaparecidos-en-la-1","status":"publish","type":"post","link":"https:\/\/candas365.es\/noticias\/silvia-intxaurrondo-presentara-desaparecidos-en-la-1\/","title":{"rendered":"Silvia Intxaurrondo presentar\u00e1 &#8216;Desaparecidos&#8217; en La 1"},"content":{"rendered":"<p><img fetchpriority=\"high\" decoding=\"async\" class=\"alignleft size-medium wp-image-88026\" src=\"https:\/\/candas365.es\/noticias\/wp-content\/uploads\/2018\/01\/1514459310327-286x300.jpg\" alt=\"\" width=\"286\" height=\"300\" srcset=\"https:\/\/candas365.es\/noticias\/wp-content\/uploads\/2018\/01\/1514459310327-286x300.jpg 286w, https:\/\/candas365.es\/noticias\/wp-content\/uploads\/2018\/01\/1514459310327-768x804.jpg 768w, https:\/\/candas365.es\/noticias\/wp-content\/uploads\/2018\/01\/1514459310327-458x480.jpg 458w, https:\/\/candas365.es\/noticias\/wp-content\/uploads\/2018\/01\/1514459310327-696x729.jpg 696w, https:\/\/candas365.es\/noticias\/wp-content\/uploads\/2018\/01\/1514459310327-401x420.jpg 401w, https:\/\/candas365.es\/noticias\/wp-content\/uploads\/2018\/01\/1514459310327.jpg 800w\" sizes=\"(max-width: 286px) 100vw, 286px\" \/>Silvia Intxaurrondo (Baracaldo, 1979) es licenciada en Periodismo por la Universidad de Navarra y en Filolog\u00eda \u00c1rabe por la Universidad Aut\u00f3noma de Madrid y M\u00e1ster en Estudios \u00c1rabes e Isl\u00e1micos Contempor\u00e1neos. Inici\u00f3 en 2001 su carrera en &#8216;Hoy por hoy&#8217;, de la Cadena SER, y en 2005 pas\u00f3 a la televisi\u00f3n en CNN+. Desde la temporada 2006-2007 copresent\u00f3 Noticias Cuatro en prime time con I\u00f1aki Gabilondo, junto al que tambi\u00e9n present\u00f3 a partir de 2010 el programa de actualidad &#8216;Hoy&#8217; de CNN+<\/p>\n<p>En 2011 regres\u00f3 a la radio y form\u00f3 parte de la mesa de trabajo de la W Radio de Colombia, y desde septiembre de 2012 hasta mayo de 2013 fue subdirectora de &#8216;Hoy por hoy&#8217;.<\/p>\n<p>En 2014 present\u00f3 el programa diario de actualidad &#8216;ETB hoy&#8217; de ETB2 y en 2015 el espacio semanal &#8216;\u00a1Por fin, viernes!&#8217;. En septiembre de ese a\u00f1o regres\u00f3 a Cuatro para encargarse del programa semanal de debate &#8216;Un tiempo nuevo&#8217;. Desde septiembre de 2017 dirige y presenta Telenoticias Fin de Semana en Telemadrid.<\/p>\n<p>&#8216;Desaparecidos&#8217;, dirigido por Paco Lobat\u00f3n, referente en nuestro pa\u00eds en materia de desapariciones, es una producci\u00f3n de RTVE en colaboraci\u00f3n con Prisa TV y REDacci\u00f3n7. Un formato plenamente actual que contar\u00e1 con un equipo de &#8216;buscadores&#8217; que abordar\u00e1n cada uno de los casos en los lugares donde ocurri\u00f3. Reportajes, entrevistas, localizaciones&#8230; todo un despliegue de informaci\u00f3n para solicitar la colaboraci\u00f3n ciudadana y su participaci\u00f3n activa, utilizando recursos innovadores.<\/p>\n<p>Un espacio riguroso y cuidadoso con las emociones que cuenta con la colaboraci\u00f3n del Centro Nacional de Desaparecidos. En Espa\u00f1a hay en la actualidad m\u00e1s de 4.164 desapariciones no resueltas. De ellas, 214 de alto riesgo<\/p>\n","protected":false},"excerpt":{"rendered":"<p>Silvia Intxaurrondo (Baracaldo, 1979) es licenciada en Periodismo por la Universidad de Navarra y en Filolog\u00eda \u00c1rabe por la Universidad Aut\u00f3noma de Madrid y M\u00e1ster en Estudios \u00c1rabes e Isl\u00e1micos Contempor\u00e1neos. Inici\u00f3 en 2001 su carrera en &#8216;Hoy por hoy&#8217;, de la Cadena SER, y en 2005 pas\u00f3 a la televisi\u00f3n en CNN+. Desde la<\/p>\n","protected":false},"author":1,"featured_media":88026,"comment_status":"closed","ping_status":"closed","sticky":false,"template":"","format":"standard","meta":{"footnotes":""},"categories":[1],"tags":[],"class_list":{"0":"post-88025","1":"post","2":"type-post","3":"status-publish","4":"format-standard","5":"has-post-thumbnail","7":"category-agenda"},"aioseo_notices":[],"aioseo_head":"\n\t\t<!-- All in One SEO Pro 4.9.6.2 - aioseo.com -->\n\t<meta name=\"description\" content=\"Silvia Intxaurrondo (Baracaldo, 1979) es licenciada en Periodismo por la Universidad de Navarra y en Filolog\u00eda \u00c1rabe por la Universidad Aut\u00f3noma de Madrid y M\u00e1ster en Estudios \u00c1rabes e Isl\u00e1micos Contempor\u00e1neos. Inici\u00f3 en 2001 su carrera en &#039;Hoy por hoy&#039;, de la Cadena SER, y en 2005 pas\u00f3 a la televisi\u00f3n en CNN+. Desde la\" \/>\n\t<meta name=\"robots\" content=\"max-image-preview:large\" \/>\n\t<meta name=\"author\" content=\"Cand\u00e1s 365\"\/>\n\t<meta name=\"google-site-verification\" content=\"UA-32230408-1\" \/>\n\t<meta name=\"msvalidate.01\" content=\"354F3CDFB2DA171B47FBE9ABF1F88D5\" \/>\n\t<meta name=\"keywords\" content=\"agenda\" \/>\n\t<link rel=\"canonical\" href=\"https:\/\/candas365.es\/noticias\/silvia-intxaurrondo-presentara-desaparecidos-en-la-1\/\" \/>\n\t<meta name=\"generator\" content=\"All in One SEO Pro (AIOSEO) 4.9.6.2\" \/>\n\t\t<meta property=\"og:locale\" content=\"es_ES\" \/>\n\t\t<meta property=\"og:site_name\" content=\"Cand\u00e1s 365\" \/>\n\t\t<meta property=\"og:type\" content=\"article\" \/>\n\t\t<meta property=\"og:title\" content=\"Silvia Intxaurrondo presentar\u00e1 \u2018Desaparecidos\u2019 en La 1 | Cand\u00e1s 365\" \/>\n\t\t<meta property=\"og:description\" content=\"Silvia Intxaurrondo (Baracaldo, 1979) es licenciada en Periodismo por la Universidad de Navarra y en Filolog\u00eda \u00c1rabe por la Universidad Aut\u00f3noma de Madrid y M\u00e1ster en Estudios \u00c1rabes e Isl\u00e1micos Contempor\u00e1neos. Inici\u00f3 en 2001 su carrera en &#039;Hoy por hoy&#039;, de la Cadena SER, y en 2005 pas\u00f3 a la televisi\u00f3n en CNN+. Desde la\" \/>\n\t\t<meta property=\"og:url\" content=\"https:\/\/candas365.es\/noticias\/silvia-intxaurrondo-presentara-desaparecidos-en-la-1\/\" \/>\n\t\t<meta property=\"og:image\" content=\"https:\/\/candas365.es\/noticias\/wp-content\/uploads\/2018\/01\/1514459310327.jpg\" \/>\n\t\t<meta property=\"og:image:secure_url\" content=\"https:\/\/candas365.es\/noticias\/wp-content\/uploads\/2018\/01\/1514459310327.jpg\" \/>\n\t\t<meta property=\"og:image:width\" content=\"800\" \/>\n\t\t<meta property=\"og:image:height\" content=\"838\" \/>\n\t\t<meta property=\"article:published_time\" content=\"2018-01-06T11:49:41+00:00\" \/>\n\t\t<meta property=\"article:modified_time\" content=\"2018-01-06T11:49:41+00:00\" \/>\n\t\t<meta property=\"article:publisher\" content=\"https:\/\/www.facebook.com\/Nachofdezber\" \/>\n\t\t<meta property=\"article:author\" content=\"https:\/\/www.facebook.com\/carrenoactualidad\" \/>\n\t\t<meta name=\"twitter:card\" content=\"summary_large_image\" \/>\n\t\t<meta name=\"twitter:site\" content=\"@NabercoDigital\" \/>\n\t\t<meta name=\"twitter:title\" content=\"Silvia Intxaurrondo presentar\u00e1 \u2018Desaparecidos\u2019 en La 1 | Cand\u00e1s 365\" \/>\n\t\t<meta name=\"twitter:description\" content=\"Silvia Intxaurrondo (Baracaldo, 1979) es licenciada en Periodismo por la Universidad de Navarra y en Filolog\u00eda \u00c1rabe por la Universidad Aut\u00f3noma de Madrid y M\u00e1ster en Estudios \u00c1rabes e Isl\u00e1micos Contempor\u00e1neos. Inici\u00f3 en 2001 su carrera en &#039;Hoy por hoy&#039;, de la Cadena SER, y en 2005 pas\u00f3 a la televisi\u00f3n en CNN+. Desde la\" \/>\n\t\t<meta name=\"twitter:creator\" content=\"@nbasturias\" \/>\n\t\t<meta name=\"twitter:image\" content=\"https:\/\/candas365.es\/noticias\/wp-content\/uploads\/2018\/01\/1514459310327.jpg\" \/>\n\t\t<meta name=\"twitter:label1\" content=\"Escrito por\" \/>\n\t\t<meta name=\"twitter:data1\" content=\"Cand\u00e1s 365\" \/>\n\t\t<meta name=\"twitter:label2\" content=\"Tiempo de lectura estimado\" \/>\n\t\t<meta name=\"twitter:data2\" content=\"1 minuto\" \/>\n\t\t<script type=\"application\/ld+json\" class=\"aioseo-schema\">\n\t\t\t{\"@context\":\"https:\\\/\\\/schema.org\",\"@graph\":[{\"@type\":\"BreadcrumbList\",\"@id\":\"https:\\\/\\\/candas365.es\\\/noticias\\\/silvia-intxaurrondo-presentara-desaparecidos-en-la-1\\\/#breadcrumblist\",\"itemListElement\":[{\"@type\":\"ListItem\",\"@id\":\"https:\\\/\\\/candas365.es\\\/noticias#listItem\",\"position\":1,\"name\":\"Home\",\"item\":\"https:\\\/\\\/candas365.es\\\/noticias\",\"nextItem\":{\"@type\":\"ListItem\",\"@id\":\"https:\\\/\\\/candas365.es\\\/noticias\\\/category\\\/agenda\\\/#listItem\",\"name\":\"Agenda\"}},{\"@type\":\"ListItem\",\"@id\":\"https:\\\/\\\/candas365.es\\\/noticias\\\/category\\\/agenda\\\/#listItem\",\"position\":2,\"name\":\"Agenda\",\"item\":\"https:\\\/\\\/candas365.es\\\/noticias\\\/category\\\/agenda\\\/\",\"nextItem\":{\"@type\":\"ListItem\",\"@id\":\"https:\\\/\\\/candas365.es\\\/noticias\\\/silvia-intxaurrondo-presentara-desaparecidos-en-la-1\\\/#listItem\",\"name\":\"Silvia Intxaurrondo presentar\\u00e1 &#8216;Desaparecidos&#8217; en La 1\"},\"previousItem\":{\"@type\":\"ListItem\",\"@id\":\"https:\\\/\\\/candas365.es\\\/noticias#listItem\",\"name\":\"Home\"}},{\"@type\":\"ListItem\",\"@id\":\"https:\\\/\\\/candas365.es\\\/noticias\\\/silvia-intxaurrondo-presentara-desaparecidos-en-la-1\\\/#listItem\",\"position\":3,\"name\":\"Silvia Intxaurrondo presentar\\u00e1 &#8216;Desaparecidos&#8217; en La 1\",\"previousItem\":{\"@type\":\"ListItem\",\"@id\":\"https:\\\/\\\/candas365.es\\\/noticias\\\/category\\\/agenda\\\/#listItem\",\"name\":\"Agenda\"}}]},{\"@type\":\"NewsArticle\",\"@id\":\"https:\\\/\\\/candas365.es\\\/noticias\\\/silvia-intxaurrondo-presentara-desaparecidos-en-la-1\\\/#newsarticle\",\"name\":\"Silvia Intxaurrondo presentar\\u00e1 \\u2018Desaparecidos\\u2019 en La 1 | Cand\\u00e1s 365\",\"headline\":\"Silvia Intxaurrondo presentar\\u00e1 &#8216;Desaparecidos&#8217; en La 1\",\"author\":{\"@id\":\"https:\\\/\\\/candas365.es\\\/noticias\\\/author\\\/admin\\\/#author\"},\"publisher\":{\"@id\":\"https:\\\/\\\/candas365.es\\\/noticias\\\/#organization\"},\"image\":{\"@type\":\"ImageObject\",\"url\":\"https:\\\/\\\/candas365.es\\\/noticias\\\/wp-content\\\/uploads\\\/2018\\\/01\\\/1514459310327.jpg\",\"width\":800,\"height\":838},\"datePublished\":\"2018-01-06T11:49:41+01:00\",\"dateModified\":\"2018-01-06T11:49:41+01:00\",\"inLanguage\":\"es-ES\",\"mainEntityOfPage\":{\"@id\":\"https:\\\/\\\/candas365.es\\\/noticias\\\/silvia-intxaurrondo-presentara-desaparecidos-en-la-1\\\/#webpage\"},\"isPartOf\":{\"@id\":\"https:\\\/\\\/candas365.es\\\/noticias\\\/silvia-intxaurrondo-presentara-desaparecidos-en-la-1\\\/#webpage\"},\"articleSection\":\"Agenda\",\"dateline\":\"Publicado el enero 6, 2018.\"},{\"@type\":\"Organization\",\"@id\":\"https:\\\/\\\/candas365.es\\\/noticias\\\/#organization\",\"name\":\"Cand\\u00e1s 365\",\"description\":\"Cand\\u00e1s 365 es un diario digital independiente, fundado en 2012, con base en Asturias. Informamos con rigor sobre actualidad, sociedad, cultura y ocio, con una mirada local y global.\",\"url\":\"https:\\\/\\\/candas365.es\\\/noticias\\\/\",\"email\":\"info@candas365.es\",\"telephone\":\"+34652131393\",\"foundingDate\":\"2012-06-10\",\"logo\":{\"@type\":\"ImageObject\",\"url\":\"https:\\\/\\\/candas365.es\\\/noticias\\\/wp-content\\\/uploads\\\/2024\\\/09\\\/Candas-365-Redes.jpg\",\"@id\":\"https:\\\/\\\/candas365.es\\\/noticias\\\/silvia-intxaurrondo-presentara-desaparecidos-en-la-1\\\/#organizationLogo\",\"width\":1152,\"height\":864,\"caption\":\"Cand\\u00e1s 365 Redes\"},\"image\":{\"@id\":\"https:\\\/\\\/candas365.es\\\/noticias\\\/silvia-intxaurrondo-presentara-desaparecidos-en-la-1\\\/#organizationLogo\"},\"sameAs\":[\"https:\\\/\\\/www.facebook.com\\\/Nachofdezber\",\"https:\\\/\\\/x.com\\\/NabercoDigital\",\"https:\\\/\\\/www.instagram.com\\\/nachofdezber\\\/\",\"https:\\\/\\\/www.youtube.com\\\/channel\\\/UCZP-2wLEB9Rv6erhFmqVnvg\"],\"address\":{\"@id\":\"https:\\\/\\\/candas365.es\\\/noticias\\\/#postaladdress\",\"@type\":\"PostalAddress\",\"streetAddress\":\"san antonio 4, san antonio 4\",\"postalCode\":\"33430\",\"addressLocality\":\"Cand\\u00e1s\",\"addressRegion\":\"Asturias\",\"addressCountry\":\"ES\"}},{\"@type\":\"Person\",\"@id\":\"https:\\\/\\\/candas365.es\\\/noticias\\\/author\\\/admin\\\/#author\",\"url\":\"https:\\\/\\\/candas365.es\\\/noticias\\\/author\\\/admin\\\/\",\"name\":\"Cand\\u00e1s 365\",\"image\":{\"@type\":\"ImageObject\",\"@id\":\"https:\\\/\\\/candas365.es\\\/noticias\\\/silvia-intxaurrondo-presentara-desaparecidos-en-la-1\\\/#authorImage\",\"url\":\"https:\\\/\\\/secure.gravatar.com\\\/avatar\\\/496a8e03d0c493ede1718b7934145dbdf8d89be1036b0eec9544e1094c9de390?s=96&d=mm&r=g\",\"width\":96,\"height\":96,\"caption\":\"Cand\\u00e1s 365\"},\"sameAs\":[\"https:\\\/\\\/www.facebook.com\\\/carrenoactualidad\",\"https:\\\/\\\/twitter.com\\\/nbasturias\",\"https:\\\/\\\/www.instagram.com\\\/nachofdezber\\\/\",\"https:\\\/\\\/www.youtube.com\\\/channel\\\/UCZP-2wLEB9Rv6erhFmqVnvg\"]},{\"@type\":\"WebPage\",\"@id\":\"https:\\\/\\\/candas365.es\\\/noticias\\\/silvia-intxaurrondo-presentara-desaparecidos-en-la-1\\\/#webpage\",\"url\":\"https:\\\/\\\/candas365.es\\\/noticias\\\/silvia-intxaurrondo-presentara-desaparecidos-en-la-1\\\/\",\"name\":\"Silvia Intxaurrondo presentar\\u00e1 \\u2018Desaparecidos\\u2019 en La 1 | Cand\\u00e1s 365\",\"description\":\"Silvia Intxaurrondo (Baracaldo, 1979) es licenciada en Periodismo por la Universidad de Navarra y en Filolog\\u00eda \\u00c1rabe por la Universidad Aut\\u00f3noma de Madrid y M\\u00e1ster en Estudios \\u00c1rabes e Isl\\u00e1micos Contempor\\u00e1neos. Inici\\u00f3 en 2001 su carrera en 'Hoy por hoy', de la Cadena SER, y en 2005 pas\\u00f3 a la televisi\\u00f3n en CNN+. Desde la\",\"inLanguage\":\"es-ES\",\"isPartOf\":{\"@id\":\"https:\\\/\\\/candas365.es\\\/noticias\\\/#website\"},\"breadcrumb\":{\"@id\":\"https:\\\/\\\/candas365.es\\\/noticias\\\/silvia-intxaurrondo-presentara-desaparecidos-en-la-1\\\/#breadcrumblist\"},\"author\":{\"@id\":\"https:\\\/\\\/candas365.es\\\/noticias\\\/author\\\/admin\\\/#author\"},\"creator\":{\"@id\":\"https:\\\/\\\/candas365.es\\\/noticias\\\/author\\\/admin\\\/#author\"},\"image\":{\"@type\":\"ImageObject\",\"url\":\"https:\\\/\\\/candas365.es\\\/noticias\\\/wp-content\\\/uploads\\\/2018\\\/01\\\/1514459310327.jpg\",\"@id\":\"https:\\\/\\\/candas365.es\\\/noticias\\\/silvia-intxaurrondo-presentara-desaparecidos-en-la-1\\\/#mainImage\",\"width\":800,\"height\":838},\"primaryImageOfPage\":{\"@id\":\"https:\\\/\\\/candas365.es\\\/noticias\\\/silvia-intxaurrondo-presentara-desaparecidos-en-la-1\\\/#mainImage\"},\"datePublished\":\"2018-01-06T11:49:41+01:00\",\"dateModified\":\"2018-01-06T11:49:41+01:00\"},{\"@type\":\"WebSite\",\"@id\":\"https:\\\/\\\/candas365.es\\\/noticias\\\/#website\",\"url\":\"https:\\\/\\\/candas365.es\\\/noticias\\\/\",\"name\":\"Cand\\u00e1s 365\",\"alternateName\":\"Cand\\u00e1s 365 Noticias\",\"description\":\"Actualidad desde Carre\\u00f1o para el mundo\",\"inLanguage\":\"es-ES\",\"publisher\":{\"@id\":\"https:\\\/\\\/candas365.es\\\/noticias\\\/#organization\"}}]}\n\t\t<\/script>\n\t\t<!-- All in One SEO Pro -->\r\n\t\t<title>Silvia Intxaurrondo presentar\u00e1 \u2018Desaparecidos\u2019 en La 1 | Cand\u00e1s 365<\/title>\n\n","aioseo_head_json":{"title":"Silvia Intxaurrondo presentar\u00e1 \u2018Desaparecidos\u2019 en La 1 | Cand\u00e1s 365","description":"Silvia Intxaurrondo (Baracaldo, 1979) es licenciada en Periodismo por la Universidad de Navarra y en Filolog\u00eda \u00c1rabe por la Universidad Aut\u00f3noma de Madrid y M\u00e1ster en Estudios \u00c1rabes e Isl\u00e1micos Contempor\u00e1neos. Inici\u00f3 en 2001 su carrera en 'Hoy por hoy', de la Cadena SER, y en 2005 pas\u00f3 a la televisi\u00f3n en CNN+. Desde la","canonical_url":"https:\/\/candas365.es\/noticias\/silvia-intxaurrondo-presentara-desaparecidos-en-la-1\/","robots":"max-image-preview:large","keywords":"agenda","webmasterTools":{"google-site-verification":"UA-32230408-1","msvalidate.01":"354F3CDFB2DA171B47FBE9ABF1F88D5","miscellaneous":""},"schema":{"@context":"https:\/\/schema.org","@graph":[{"@type":"BreadcrumbList","@id":"https:\/\/candas365.es\/noticias\/silvia-intxaurrondo-presentara-desaparecidos-en-la-1\/#breadcrumblist","itemListElement":[{"@type":"ListItem","@id":"https:\/\/candas365.es\/noticias#listItem","position":1,"name":"Home","item":"https:\/\/candas365.es\/noticias","nextItem":{"@type":"ListItem","@id":"https:\/\/candas365.es\/noticias\/category\/agenda\/#listItem","name":"Agenda"}},{"@type":"ListItem","@id":"https:\/\/candas365.es\/noticias\/category\/agenda\/#listItem","position":2,"name":"Agenda","item":"https:\/\/candas365.es\/noticias\/category\/agenda\/","nextItem":{"@type":"ListItem","@id":"https:\/\/candas365.es\/noticias\/silvia-intxaurrondo-presentara-desaparecidos-en-la-1\/#listItem","name":"Silvia Intxaurrondo presentar\u00e1 &#8216;Desaparecidos&#8217; en La 1"},"previousItem":{"@type":"ListItem","@id":"https:\/\/candas365.es\/noticias#listItem","name":"Home"}},{"@type":"ListItem","@id":"https:\/\/candas365.es\/noticias\/silvia-intxaurrondo-presentara-desaparecidos-en-la-1\/#listItem","position":3,"name":"Silvia Intxaurrondo presentar\u00e1 &#8216;Desaparecidos&#8217; en La 1","previousItem":{"@type":"ListItem","@id":"https:\/\/candas365.es\/noticias\/category\/agenda\/#listItem","name":"Agenda"}}]},{"@type":"NewsArticle","@id":"https:\/\/candas365.es\/noticias\/silvia-intxaurrondo-presentara-desaparecidos-en-la-1\/#newsarticle","name":"Silvia Intxaurrondo presentar\u00e1 \u2018Desaparecidos\u2019 en La 1 | Cand\u00e1s 365","headline":"Silvia Intxaurrondo presentar\u00e1 &#8216;Desaparecidos&#8217; en La 1","author":{"@id":"https:\/\/candas365.es\/noticias\/author\/admin\/#author"},"publisher":{"@id":"https:\/\/candas365.es\/noticias\/#organization"},"image":{"@type":"ImageObject","url":"https:\/\/candas365.es\/noticias\/wp-content\/uploads\/2018\/01\/1514459310327.jpg","width":800,"height":838},"datePublished":"2018-01-06T11:49:41+01:00","dateModified":"2018-01-06T11:49:41+01:00","inLanguage":"es-ES","mainEntityOfPage":{"@id":"https:\/\/candas365.es\/noticias\/silvia-intxaurrondo-presentara-desaparecidos-en-la-1\/#webpage"},"isPartOf":{"@id":"https:\/\/candas365.es\/noticias\/silvia-intxaurrondo-presentara-desaparecidos-en-la-1\/#webpage"},"articleSection":"Agenda","dateline":"Publicado el enero 6, 2018."},{"@type":"Organization","@id":"https:\/\/candas365.es\/noticias\/#organization","name":"Cand\u00e1s 365","description":"Cand\u00e1s 365 es un diario digital independiente, fundado en 2012, con base en Asturias. Informamos con rigor sobre actualidad, sociedad, cultura y ocio, con una mirada local y global.","url":"https:\/\/candas365.es\/noticias\/","email":"info@candas365.es","telephone":"+34652131393","foundingDate":"2012-06-10","logo":{"@type":"ImageObject","url":"https:\/\/candas365.es\/noticias\/wp-content\/uploads\/2024\/09\/Candas-365-Redes.jpg","@id":"https:\/\/candas365.es\/noticias\/silvia-intxaurrondo-presentara-desaparecidos-en-la-1\/#organizationLogo","width":1152,"height":864,"caption":"Cand\u00e1s 365 Redes"},"image":{"@id":"https:\/\/candas365.es\/noticias\/silvia-intxaurrondo-presentara-desaparecidos-en-la-1\/#organizationLogo"},"sameAs":["https:\/\/www.facebook.com\/Nachofdezber","https:\/\/x.com\/NabercoDigital","https:\/\/www.instagram.com\/nachofdezber\/","https:\/\/www.youtube.com\/channel\/UCZP-2wLEB9Rv6erhFmqVnvg"],"address":{"@id":"https:\/\/candas365.es\/noticias\/#postaladdress","@type":"PostalAddress","streetAddress":"san antonio 4, san antonio 4","postalCode":"33430","addressLocality":"Cand\u00e1s","addressRegion":"Asturias","addressCountry":"ES"}},{"@type":"Person","@id":"https:\/\/candas365.es\/noticias\/author\/admin\/#author","url":"https:\/\/candas365.es\/noticias\/author\/admin\/","name":"Cand\u00e1s 365","image":{"@type":"ImageObject","@id":"https:\/\/candas365.es\/noticias\/silvia-intxaurrondo-presentara-desaparecidos-en-la-1\/#authorImage","url":"https:\/\/secure.gravatar.com\/avatar\/496a8e03d0c493ede1718b7934145dbdf8d89be1036b0eec9544e1094c9de390?s=96&d=mm&r=g","width":96,"height":96,"caption":"Cand\u00e1s 365"},"sameAs":["https:\/\/www.facebook.com\/carrenoactualidad","https:\/\/twitter.com\/nbasturias","https:\/\/www.instagram.com\/nachofdezber\/","https:\/\/www.youtube.com\/channel\/UCZP-2wLEB9Rv6erhFmqVnvg"]},{"@type":"WebPage","@id":"https:\/\/candas365.es\/noticias\/silvia-intxaurrondo-presentara-desaparecidos-en-la-1\/#webpage","url":"https:\/\/candas365.es\/noticias\/silvia-intxaurrondo-presentara-desaparecidos-en-la-1\/","name":"Silvia Intxaurrondo presentar\u00e1 \u2018Desaparecidos\u2019 en La 1 | Cand\u00e1s 365","description":"Silvia Intxaurrondo (Baracaldo, 1979) es licenciada en Periodismo por la Universidad de Navarra y en Filolog\u00eda \u00c1rabe por la Universidad Aut\u00f3noma de Madrid y M\u00e1ster en Estudios \u00c1rabes e Isl\u00e1micos Contempor\u00e1neos. Inici\u00f3 en 2001 su carrera en 'Hoy por hoy', de la Cadena SER, y en 2005 pas\u00f3 a la televisi\u00f3n en CNN+. Desde la","inLanguage":"es-ES","isPartOf":{"@id":"https:\/\/candas365.es\/noticias\/#website"},"breadcrumb":{"@id":"https:\/\/candas365.es\/noticias\/silvia-intxaurrondo-presentara-desaparecidos-en-la-1\/#breadcrumblist"},"author":{"@id":"https:\/\/candas365.es\/noticias\/author\/admin\/#author"},"creator":{"@id":"https:\/\/candas365.es\/noticias\/author\/admin\/#author"},"image":{"@type":"ImageObject","url":"https:\/\/candas365.es\/noticias\/wp-content\/uploads\/2018\/01\/1514459310327.jpg","@id":"https:\/\/candas365.es\/noticias\/silvia-intxaurrondo-presentara-desaparecidos-en-la-1\/#mainImage","width":800,"height":838},"primaryImageOfPage":{"@id":"https:\/\/candas365.es\/noticias\/silvia-intxaurrondo-presentara-desaparecidos-en-la-1\/#mainImage"},"datePublished":"2018-01-06T11:49:41+01:00","dateModified":"2018-01-06T11:49:41+01:00"},{"@type":"WebSite","@id":"https:\/\/candas365.es\/noticias\/#website","url":"https:\/\/candas365.es\/noticias\/","name":"Cand\u00e1s 365","alternateName":"Cand\u00e1s 365 Noticias","description":"Actualidad desde Carre\u00f1o para el mundo","inLanguage":"es-ES","publisher":{"@id":"https:\/\/candas365.es\/noticias\/#organization"}}]},"og:locale":"es_ES","og:site_name":"Cand\u00e1s 365","og:type":"article","og:title":"Silvia Intxaurrondo presentar\u00e1 \u2018Desaparecidos\u2019 en La 1 | Cand\u00e1s 365","og:description":"Silvia Intxaurrondo (Baracaldo, 1979) es licenciada en Periodismo por la Universidad de Navarra y en Filolog\u00eda \u00c1rabe por la Universidad Aut\u00f3noma de Madrid y M\u00e1ster en Estudios \u00c1rabes e Isl\u00e1micos Contempor\u00e1neos. Inici\u00f3 en 2001 su carrera en 'Hoy por hoy', de la Cadena SER, y en 2005 pas\u00f3 a la televisi\u00f3n en CNN+. Desde la","og:url":"https:\/\/candas365.es\/noticias\/silvia-intxaurrondo-presentara-desaparecidos-en-la-1\/","og:image":"https:\/\/candas365.es\/noticias\/wp-content\/uploads\/2018\/01\/1514459310327.jpg","og:image:secure_url":"https:\/\/candas365.es\/noticias\/wp-content\/uploads\/2018\/01\/1514459310327.jpg","og:image:width":800,"og:image:height":838,"article:published_time":"2018-01-06T11:49:41+00:00","article:modified_time":"2018-01-06T11:49:41+00:00","article:publisher":"https:\/\/www.facebook.com\/Nachofdezber","article:author":"https:\/\/www.facebook.com\/carrenoactualidad","twitter:card":"summary_large_image","twitter:site":"@NabercoDigital","twitter:title":"Silvia Intxaurrondo presentar\u00e1 \u2018Desaparecidos\u2019 en La 1 | Cand\u00e1s 365","twitter:description":"Silvia Intxaurrondo (Baracaldo, 1979) es licenciada en Periodismo por la Universidad de Navarra y en Filolog\u00eda \u00c1rabe por la Universidad Aut\u00f3noma de Madrid y M\u00e1ster en Estudios \u00c1rabes e Isl\u00e1micos Contempor\u00e1neos. Inici\u00f3 en 2001 su carrera en 'Hoy por hoy', de la Cadena SER, y en 2005 pas\u00f3 a la televisi\u00f3n en CNN+. Desde la","twitter:creator":"@nbasturias","twitter:image":"https:\/\/candas365.es\/noticias\/wp-content\/uploads\/2018\/01\/1514459310327.jpg","twitter:label1":"Escrito por","twitter:data1":"Cand\u00e1s 365","twitter:label2":"Tiempo de lectura estimado","twitter:data2":"1 minuto"},"aioseo_meta_data":{"post_id":"88025","title":null,"description":null,"keywords":null,"keyphrases":null,"primary_term":null,"canonical_url":null,"og_title":null,"og_description":null,"og_object_type":"default","og_image_type":"default","og_image_url":null,"og_image_width":null,"og_image_height":null,"og_image_custom_url":null,"og_image_custom_fields":null,"og_video":null,"og_custom_url":null,"og_article_section":null,"og_article_tags":null,"twitter_use_og":false,"twitter_card":"default","twitter_image_type":"default","twitter_image_url":null,"twitter_image_custom_url":null,"twitter_image_custom_fields":null,"twitter_title":null,"twitter_description":null,"schema":{"blockGraphs":[],"customGraphs":[],"default":{"data":{"Article":[],"Course":[],"Dataset":[],"FAQPage":[],"Movie":[],"Person":[],"Product":[],"ProductReview":[],"Car":[],"Recipe":[],"Service":[],"SoftwareApplication":[],"WebPage":[]},"graphName":"","isEnabled":true},"graphs":[]},"schema_type":null,"schema_type_options":null,"pillar_content":false,"robots_default":true,"robots_noindex":false,"robots_noarchive":false,"robots_nosnippet":false,"robots_nofollow":false,"robots_noimageindex":false,"robots_noodp":false,"robots_notranslate":false,"robots_max_snippet":null,"robots_max_videopreview":null,"robots_max_imagepreview":"large","priority":null,"frequency":null,"location":null,"local_seo":null,"seo_analyzer_scan_date":"2025-08-26 10:22:45","breadcrumb_settings":null,"limit_modified_date":false,"reviewed_by":null,"open_ai":null,"ai":null,"created":"2020-12-21 12:05:57","updated":"2025-08-26 10:22:45"},"aioseo_breadcrumb":"<div class=\"aioseo-breadcrumbs\"><span class=\"aioseo-breadcrumb\">\n\t<a href=\"https:\/\/candas365.es\/noticias\" title=\"Home\">Home<\/a>\n<\/span><span class=\"aioseo-breadcrumb-separator\">&ndash;<\/span><span class=\"aioseo-breadcrumb\">\n\t<a href=\"https:\/\/candas365.es\/noticias\/category\/agenda\/\" title=\"Agenda\">Agenda<\/a>\n<\/span><span class=\"aioseo-breadcrumb-separator\">&ndash;<\/span><span class=\"aioseo-breadcrumb\">\n\tSilvia Intxaurrondo presentar\u00e1 \u2018Desaparecidos\u2019 en La 1\n<\/span><\/div>","aioseo_breadcrumb_json":[{"label":"Home","link":"https:\/\/candas365.es\/noticias"},{"label":"Agenda","link":"https:\/\/candas365.es\/noticias\/category\/agenda\/"},{"label":"Silvia Intxaurrondo presentar\u00e1 &#8216;Desaparecidos&#8217; en La 1","link":"https:\/\/candas365.es\/noticias\/silvia-intxaurrondo-presentara-desaparecidos-en-la-1\/"}],"_links":{"self":[{"href":"https:\/\/candas365.es\/noticias\/wp-json\/wp\/v2\/posts\/88025","targetHints":{"allow":["GET"]}}],"collection":[{"href":"https:\/\/candas365.es\/noticias\/wp-json\/wp\/v2\/posts"}],"about":[{"href":"https:\/\/candas365.es\/noticias\/wp-json\/wp\/v2\/types\/post"}],"author":[{"embeddable":true,"href":"https:\/\/candas365.es\/noticias\/wp-json\/wp\/v2\/users\/1"}],"replies":[{"embeddable":true,"href":"https:\/\/candas365.es\/noticias\/wp-json\/wp\/v2\/comments?post=88025"}],"version-history":[{"count":0,"href":"https:\/\/candas365.es\/noticias\/wp-json\/wp\/v2\/posts\/88025\/revisions"}],"wp:featuredmedia":[{"embeddable":true,"href":"https:\/\/candas365.es\/noticias\/wp-json\/wp\/v2\/media\/88026"}],"wp:attachment":[{"href":"https:\/\/candas365.es\/noticias\/wp-json\/wp\/v2\/media?parent=88025"}],"wp:term":[{"taxonomy":"category","embeddable":true,"href":"https:\/\/candas365.es\/noticias\/wp-json\/wp\/v2\/categories?post=88025"},{"taxonomy":"post_tag","embeddable":true,"href":"https:\/\/candas365.es\/noticias\/wp-json\/wp\/v2\/tags?post=88025"}],"curies":[{"name":"wp","href":"https:\/\/api.w.org\/{rel}","templated":true}]}}