{"id":87988,"date":"2018-01-04T21:34:21","date_gmt":"2018-01-04T21:34:21","guid":{"rendered":"http:\/\/candas365.es\/noticias\/?p=87988"},"modified":"2018-01-04T21:34:21","modified_gmt":"2018-01-04T21:34:21","slug":"alerta-por-frio-y-nieve-en-espana","status":"publish","type":"post","link":"https:\/\/candas365.es\/noticias\/alerta-por-frio-y-nieve-en-espana\/","title":{"rendered":"Alerta por fr\u00edo y nieve en Espa\u00f1a"},"content":{"rendered":"<p><img fetchpriority=\"high\" decoding=\"async\" class=\"alignleft size-medium wp-image-5754\" src=\"https:\/\/candas365.es\/noticias\/wp-content\/uploads\/2014\/12\/nieve-360x238.jpg\" alt=\"\" width=\"360\" height=\"238\" srcset=\"https:\/\/candas365.es\/noticias\/wp-content\/uploads\/2014\/12\/nieve.jpg 360w, https:\/\/candas365.es\/noticias\/wp-content\/uploads\/2014\/12\/nieve-150x99.jpg 150w, https:\/\/candas365.es\/noticias\/wp-content\/uploads\/2014\/12\/nieve-84x55.jpg 84w\" sizes=\"(max-width: 360px) 100vw, 360px\" \/>El s\u00e1bado la borrasca dejar\u00e1 precipitaciones abundantes y generalizadas sobre la Pen\u00ednsula,\u00a0exceptuando el oeste de Castilla y le\u00f3n, de Extremadura y de Andaluc\u00eda donde ser\u00e1n poco probables. Se\u00a0espera que sean especialmente intensas en el Cant\u00e1brico oriental, Pirineo occidental, Alto Ebro y norte\u00a0del sistema Ib\u00e9rico y, a partir de la tarde, en el litoral de Catalu\u00f1a. El domingo las precipitaciones se\u00a0producir\u00e1n, con mayor probabilidad, en la mitad norte e interior del cuadrante suroriental peninsular,\u00a0aunque no se descarta que de forma d\u00e9bil puedan afectar al resto de la Pen\u00ednsula. Las m\u00e1s intensas se\u00a0esperan en al \u00e1rea cant\u00e1brica, norte del Sistema Ib\u00e9rico, este del Sistema Central y, al principio, en el\u00a0litoral catal\u00e1n.<\/p>\n<p>Durante el s\u00e1bado y domingo las temperaturas ser\u00e1n muy bajas sobre la Pen\u00ednsula, continuando el acusado descenso ya iniciado el viernes d\u00eda 5, por lo que la cota de nieve ser\u00e1 muy baja, situ\u00e1ndose en\u00a0el entorno de los 500-800 m en la mitad norte de la Pen\u00ednsula y de los 700-1000 m en el sur.<\/p>\n<p>Las\u00a0precipitaciones ser\u00e1n en forma de nieve, con espesores superiores a 5 cm, en amplias zonas de la mitad\u00a0norte y del interior del cuadrante suroriental de la Pen\u00ednsula, esper\u00e1ndose espesores superiores a 20 cm\u00a0en zonas pr\u00f3ximas a la Cordillera Cant\u00e1brica, Pirineos, Sistema Ib\u00e9rico, centro y este del Sistema Central\u00a0y sistemas monta\u00f1osos del sureste, y super\u00e1ndose muy probablemente los 40 cm en zonas altas de los\u00a0anteriores sistemas monta\u00f1osos.<\/p>\n<p>Se espera a partir del lunes una mejor\u00eda, transitoria, de las condiciones meteorol\u00f3gicas que han dado\u00a0lugar a este aviso especial.<\/p>\n","protected":false},"excerpt":{"rendered":"<p>El s\u00e1bado la borrasca dejar\u00e1 precipitaciones abundantes y generalizadas sobre la Pen\u00ednsula,\u00a0exceptuando el oeste de Castilla y le\u00f3n, de Extremadura y de Andaluc\u00eda donde ser\u00e1n poco probables. Se\u00a0espera que sean especialmente intensas en el Cant\u00e1brico oriental, Pirineo occidental, Alto Ebro y norte\u00a0del sistema Ib\u00e9rico y, a partir de la tarde, en el litoral de Catalu\u00f1a.<\/p>\n","protected":false},"author":1,"featured_media":5754,"comment_status":"closed","ping_status":"closed","sticky":false,"template":"","format":"standard","meta":{"footnotes":""},"categories":[1],"tags":[],"class_list":{"0":"post-87988","1":"post","2":"type-post","3":"status-publish","4":"format-standard","5":"has-post-thumbnail","7":"category-agenda"},"aioseo_notices":[],"aioseo_head":"\n\t\t<!-- All in One SEO Pro 4.9.6.2 - aioseo.com -->\n\t<meta name=\"description\" content=\"El s\u00e1bado la borrasca dejar\u00e1 precipitaciones abundantes y generalizadas sobre la Pen\u00ednsula, exceptuando el oeste de Castilla y le\u00f3n, de Extremadura y de Andaluc\u00eda donde ser\u00e1n poco probables. Se espera que sean especialmente intensas en el Cant\u00e1brico oriental, Pirineo occidental, Alto Ebro y norte del sistema Ib\u00e9rico y, a partir de la tarde, en el litoral de Catalu\u00f1a.\" \/>\n\t<meta name=\"robots\" content=\"max-image-preview:large\" \/>\n\t<meta name=\"author\" content=\"Cand\u00e1s 365\"\/>\n\t<meta name=\"google-site-verification\" content=\"UA-32230408-1\" \/>\n\t<meta name=\"msvalidate.01\" content=\"354F3CDFB2DA171B47FBE9ABF1F88D5\" \/>\n\t<meta name=\"keywords\" content=\"agenda\" \/>\n\t<link rel=\"canonical\" href=\"https:\/\/candas365.es\/noticias\/alerta-por-frio-y-nieve-en-espana\/\" \/>\n\t<meta name=\"generator\" content=\"All in One SEO Pro (AIOSEO) 4.9.6.2\" \/>\n\t\t<meta property=\"og:locale\" content=\"es_ES\" \/>\n\t\t<meta property=\"og:site_name\" content=\"Cand\u00e1s 365\" \/>\n\t\t<meta property=\"og:type\" content=\"article\" \/>\n\t\t<meta property=\"og:title\" content=\"Alerta por fr\u00edo y nieve en Espa\u00f1a | Cand\u00e1s 365\" \/>\n\t\t<meta property=\"og:description\" content=\"El s\u00e1bado la borrasca dejar\u00e1 precipitaciones abundantes y generalizadas sobre la Pen\u00ednsula, exceptuando el oeste de Castilla y le\u00f3n, de Extremadura y de Andaluc\u00eda donde ser\u00e1n poco probables. Se espera que sean especialmente intensas en el Cant\u00e1brico oriental, Pirineo occidental, Alto Ebro y norte del sistema Ib\u00e9rico y, a partir de la tarde, en el litoral de Catalu\u00f1a.\" \/>\n\t\t<meta property=\"og:url\" content=\"https:\/\/candas365.es\/noticias\/alerta-por-frio-y-nieve-en-espana\/\" \/>\n\t\t<meta property=\"og:image\" content=\"https:\/\/candas365.es\/noticias\/wp-content\/uploads\/2014\/12\/nieve.jpg\" \/>\n\t\t<meta property=\"og:image:secure_url\" content=\"https:\/\/candas365.es\/noticias\/wp-content\/uploads\/2014\/12\/nieve.jpg\" \/>\n\t\t<meta property=\"og:image:width\" content=\"360\" \/>\n\t\t<meta property=\"og:image:height\" content=\"238\" \/>\n\t\t<meta property=\"article:published_time\" content=\"2018-01-04T21:34:21+00:00\" \/>\n\t\t<meta property=\"article:modified_time\" content=\"2018-01-04T21:34:21+00:00\" \/>\n\t\t<meta property=\"article:publisher\" content=\"https:\/\/www.facebook.com\/Nachofdezber\" \/>\n\t\t<meta property=\"article:author\" content=\"https:\/\/www.facebook.com\/carrenoactualidad\" \/>\n\t\t<meta name=\"twitter:card\" content=\"summary_large_image\" \/>\n\t\t<meta name=\"twitter:site\" content=\"@NabercoDigital\" \/>\n\t\t<meta name=\"twitter:title\" content=\"Alerta por fr\u00edo y nieve en Espa\u00f1a | Cand\u00e1s 365\" \/>\n\t\t<meta name=\"twitter:description\" content=\"El s\u00e1bado la borrasca dejar\u00e1 precipitaciones abundantes y generalizadas sobre la Pen\u00ednsula, exceptuando el oeste de Castilla y le\u00f3n, de Extremadura y de Andaluc\u00eda donde ser\u00e1n poco probables. Se espera que sean especialmente intensas en el Cant\u00e1brico oriental, Pirineo occidental, Alto Ebro y norte del sistema Ib\u00e9rico y, a partir de la tarde, en el litoral de Catalu\u00f1a.\" \/>\n\t\t<meta name=\"twitter:creator\" content=\"@nbasturias\" \/>\n\t\t<meta name=\"twitter:image\" content=\"https:\/\/candas365.es\/noticias\/wp-content\/uploads\/2014\/12\/nieve.jpg\" \/>\n\t\t<meta name=\"twitter:label1\" content=\"Escrito por\" \/>\n\t\t<meta name=\"twitter:data1\" content=\"Cand\u00e1s 365\" \/>\n\t\t<meta name=\"twitter:label2\" content=\"Tiempo de lectura estimado\" \/>\n\t\t<meta name=\"twitter:data2\" content=\"1 minuto\" \/>\n\t\t<script type=\"application\/ld+json\" class=\"aioseo-schema\">\n\t\t\t{\"@context\":\"https:\\\/\\\/schema.org\",\"@graph\":[{\"@type\":\"BreadcrumbList\",\"@id\":\"https:\\\/\\\/candas365.es\\\/noticias\\\/alerta-por-frio-y-nieve-en-espana\\\/#breadcrumblist\",\"itemListElement\":[{\"@type\":\"ListItem\",\"@id\":\"https:\\\/\\\/candas365.es\\\/noticias#listItem\",\"position\":1,\"name\":\"Home\",\"item\":\"https:\\\/\\\/candas365.es\\\/noticias\",\"nextItem\":{\"@type\":\"ListItem\",\"@id\":\"https:\\\/\\\/candas365.es\\\/noticias\\\/category\\\/agenda\\\/#listItem\",\"name\":\"Agenda\"}},{\"@type\":\"ListItem\",\"@id\":\"https:\\\/\\\/candas365.es\\\/noticias\\\/category\\\/agenda\\\/#listItem\",\"position\":2,\"name\":\"Agenda\",\"item\":\"https:\\\/\\\/candas365.es\\\/noticias\\\/category\\\/agenda\\\/\",\"nextItem\":{\"@type\":\"ListItem\",\"@id\":\"https:\\\/\\\/candas365.es\\\/noticias\\\/alerta-por-frio-y-nieve-en-espana\\\/#listItem\",\"name\":\"Alerta por fr\\u00edo y nieve en Espa\\u00f1a\"},\"previousItem\":{\"@type\":\"ListItem\",\"@id\":\"https:\\\/\\\/candas365.es\\\/noticias#listItem\",\"name\":\"Home\"}},{\"@type\":\"ListItem\",\"@id\":\"https:\\\/\\\/candas365.es\\\/noticias\\\/alerta-por-frio-y-nieve-en-espana\\\/#listItem\",\"position\":3,\"name\":\"Alerta por fr\\u00edo y nieve en Espa\\u00f1a\",\"previousItem\":{\"@type\":\"ListItem\",\"@id\":\"https:\\\/\\\/candas365.es\\\/noticias\\\/category\\\/agenda\\\/#listItem\",\"name\":\"Agenda\"}}]},{\"@type\":\"NewsArticle\",\"@id\":\"https:\\\/\\\/candas365.es\\\/noticias\\\/alerta-por-frio-y-nieve-en-espana\\\/#newsarticle\",\"name\":\"Alerta por fr\\u00edo y nieve en Espa\\u00f1a | Cand\\u00e1s 365\",\"headline\":\"Alerta por fr\\u00edo y nieve en Espa\\u00f1a\",\"author\":{\"@id\":\"https:\\\/\\\/candas365.es\\\/noticias\\\/author\\\/admin\\\/#author\"},\"publisher\":{\"@id\":\"https:\\\/\\\/candas365.es\\\/noticias\\\/#organization\"},\"image\":{\"@type\":\"ImageObject\",\"url\":\"https:\\\/\\\/candas365.es\\\/noticias\\\/wp-content\\\/uploads\\\/2014\\\/12\\\/nieve.jpg\",\"width\":360,\"height\":238},\"datePublished\":\"2018-01-04T21:34:21+01:00\",\"dateModified\":\"2018-01-04T21:34:21+01:00\",\"inLanguage\":\"es-ES\",\"mainEntityOfPage\":{\"@id\":\"https:\\\/\\\/candas365.es\\\/noticias\\\/alerta-por-frio-y-nieve-en-espana\\\/#webpage\"},\"isPartOf\":{\"@id\":\"https:\\\/\\\/candas365.es\\\/noticias\\\/alerta-por-frio-y-nieve-en-espana\\\/#webpage\"},\"articleSection\":\"Agenda\",\"dateline\":\"Publicado el enero 4, 2018.\"},{\"@type\":\"Organization\",\"@id\":\"https:\\\/\\\/candas365.es\\\/noticias\\\/#organization\",\"name\":\"Cand\\u00e1s 365\",\"description\":\"Cand\\u00e1s 365 es un diario digital independiente, fundado en 2012, con base en Asturias. Informamos con rigor sobre actualidad, sociedad, cultura y ocio, con una mirada local y global.\",\"url\":\"https:\\\/\\\/candas365.es\\\/noticias\\\/\",\"email\":\"info@candas365.es\",\"telephone\":\"+34652131393\",\"foundingDate\":\"2012-06-10\",\"logo\":{\"@type\":\"ImageObject\",\"url\":\"https:\\\/\\\/candas365.es\\\/noticias\\\/wp-content\\\/uploads\\\/2024\\\/09\\\/Candas-365-Redes.jpg\",\"@id\":\"https:\\\/\\\/candas365.es\\\/noticias\\\/alerta-por-frio-y-nieve-en-espana\\\/#organizationLogo\",\"width\":1152,\"height\":864,\"caption\":\"Cand\\u00e1s 365 Redes\"},\"image\":{\"@id\":\"https:\\\/\\\/candas365.es\\\/noticias\\\/alerta-por-frio-y-nieve-en-espana\\\/#organizationLogo\"},\"sameAs\":[\"https:\\\/\\\/www.facebook.com\\\/Nachofdezber\",\"https:\\\/\\\/x.com\\\/NabercoDigital\",\"https:\\\/\\\/www.instagram.com\\\/nachofdezber\\\/\",\"https:\\\/\\\/www.youtube.com\\\/channel\\\/UCZP-2wLEB9Rv6erhFmqVnvg\"],\"address\":{\"@id\":\"https:\\\/\\\/candas365.es\\\/noticias\\\/#postaladdress\",\"@type\":\"PostalAddress\",\"streetAddress\":\"san antonio 4, san antonio 4\",\"postalCode\":\"33430\",\"addressLocality\":\"Cand\\u00e1s\",\"addressRegion\":\"Asturias\",\"addressCountry\":\"ES\"}},{\"@type\":\"Person\",\"@id\":\"https:\\\/\\\/candas365.es\\\/noticias\\\/author\\\/admin\\\/#author\",\"url\":\"https:\\\/\\\/candas365.es\\\/noticias\\\/author\\\/admin\\\/\",\"name\":\"Cand\\u00e1s 365\",\"image\":{\"@type\":\"ImageObject\",\"@id\":\"https:\\\/\\\/candas365.es\\\/noticias\\\/alerta-por-frio-y-nieve-en-espana\\\/#authorImage\",\"url\":\"https:\\\/\\\/secure.gravatar.com\\\/avatar\\\/496a8e03d0c493ede1718b7934145dbdf8d89be1036b0eec9544e1094c9de390?s=96&d=mm&r=g\",\"width\":96,\"height\":96,\"caption\":\"Cand\\u00e1s 365\"},\"sameAs\":[\"https:\\\/\\\/www.facebook.com\\\/carrenoactualidad\",\"https:\\\/\\\/twitter.com\\\/nbasturias\",\"https:\\\/\\\/www.instagram.com\\\/nachofdezber\\\/\",\"https:\\\/\\\/www.youtube.com\\\/channel\\\/UCZP-2wLEB9Rv6erhFmqVnvg\"]},{\"@type\":\"WebPage\",\"@id\":\"https:\\\/\\\/candas365.es\\\/noticias\\\/alerta-por-frio-y-nieve-en-espana\\\/#webpage\",\"url\":\"https:\\\/\\\/candas365.es\\\/noticias\\\/alerta-por-frio-y-nieve-en-espana\\\/\",\"name\":\"Alerta por fr\\u00edo y nieve en Espa\\u00f1a | Cand\\u00e1s 365\",\"description\":\"El s\\u00e1bado la borrasca dejar\\u00e1 precipitaciones abundantes y generalizadas sobre la Pen\\u00ednsula, exceptuando el oeste de Castilla y le\\u00f3n, de Extremadura y de Andaluc\\u00eda donde ser\\u00e1n poco probables. Se espera que sean especialmente intensas en el Cant\\u00e1brico oriental, Pirineo occidental, Alto Ebro y norte del sistema Ib\\u00e9rico y, a partir de la tarde, en el litoral de Catalu\\u00f1a.\",\"inLanguage\":\"es-ES\",\"isPartOf\":{\"@id\":\"https:\\\/\\\/candas365.es\\\/noticias\\\/#website\"},\"breadcrumb\":{\"@id\":\"https:\\\/\\\/candas365.es\\\/noticias\\\/alerta-por-frio-y-nieve-en-espana\\\/#breadcrumblist\"},\"author\":{\"@id\":\"https:\\\/\\\/candas365.es\\\/noticias\\\/author\\\/admin\\\/#author\"},\"creator\":{\"@id\":\"https:\\\/\\\/candas365.es\\\/noticias\\\/author\\\/admin\\\/#author\"},\"image\":{\"@type\":\"ImageObject\",\"url\":\"https:\\\/\\\/candas365.es\\\/noticias\\\/wp-content\\\/uploads\\\/2014\\\/12\\\/nieve.jpg\",\"@id\":\"https:\\\/\\\/candas365.es\\\/noticias\\\/alerta-por-frio-y-nieve-en-espana\\\/#mainImage\",\"width\":360,\"height\":238},\"primaryImageOfPage\":{\"@id\":\"https:\\\/\\\/candas365.es\\\/noticias\\\/alerta-por-frio-y-nieve-en-espana\\\/#mainImage\"},\"datePublished\":\"2018-01-04T21:34:21+01:00\",\"dateModified\":\"2018-01-04T21:34:21+01:00\"},{\"@type\":\"WebSite\",\"@id\":\"https:\\\/\\\/candas365.es\\\/noticias\\\/#website\",\"url\":\"https:\\\/\\\/candas365.es\\\/noticias\\\/\",\"name\":\"Cand\\u00e1s 365\",\"alternateName\":\"Cand\\u00e1s 365 Noticias\",\"description\":\"Actualidad desde Carre\\u00f1o para el mundo\",\"inLanguage\":\"es-ES\",\"publisher\":{\"@id\":\"https:\\\/\\\/candas365.es\\\/noticias\\\/#organization\"}}]}\n\t\t<\/script>\n\t\t<!-- All in One SEO Pro -->\r\n\t\t<title>Alerta por fr\u00edo y nieve en Espa\u00f1a | Cand\u00e1s 365<\/title>\n\n","aioseo_head_json":{"title":"Alerta por fr\u00edo y nieve en Espa\u00f1a | Cand\u00e1s 365","description":"El s\u00e1bado la borrasca dejar\u00e1 precipitaciones abundantes y generalizadas sobre la Pen\u00ednsula, exceptuando el oeste de Castilla y le\u00f3n, de Extremadura y de Andaluc\u00eda donde ser\u00e1n poco probables. Se espera que sean especialmente intensas en el Cant\u00e1brico oriental, Pirineo occidental, Alto Ebro y norte del sistema Ib\u00e9rico y, a partir de la tarde, en el litoral de Catalu\u00f1a.","canonical_url":"https:\/\/candas365.es\/noticias\/alerta-por-frio-y-nieve-en-espana\/","robots":"max-image-preview:large","keywords":"agenda","webmasterTools":{"google-site-verification":"UA-32230408-1","msvalidate.01":"354F3CDFB2DA171B47FBE9ABF1F88D5","miscellaneous":""},"schema":{"@context":"https:\/\/schema.org","@graph":[{"@type":"BreadcrumbList","@id":"https:\/\/candas365.es\/noticias\/alerta-por-frio-y-nieve-en-espana\/#breadcrumblist","itemListElement":[{"@type":"ListItem","@id":"https:\/\/candas365.es\/noticias#listItem","position":1,"name":"Home","item":"https:\/\/candas365.es\/noticias","nextItem":{"@type":"ListItem","@id":"https:\/\/candas365.es\/noticias\/category\/agenda\/#listItem","name":"Agenda"}},{"@type":"ListItem","@id":"https:\/\/candas365.es\/noticias\/category\/agenda\/#listItem","position":2,"name":"Agenda","item":"https:\/\/candas365.es\/noticias\/category\/agenda\/","nextItem":{"@type":"ListItem","@id":"https:\/\/candas365.es\/noticias\/alerta-por-frio-y-nieve-en-espana\/#listItem","name":"Alerta por fr\u00edo y nieve en Espa\u00f1a"},"previousItem":{"@type":"ListItem","@id":"https:\/\/candas365.es\/noticias#listItem","name":"Home"}},{"@type":"ListItem","@id":"https:\/\/candas365.es\/noticias\/alerta-por-frio-y-nieve-en-espana\/#listItem","position":3,"name":"Alerta por fr\u00edo y nieve en Espa\u00f1a","previousItem":{"@type":"ListItem","@id":"https:\/\/candas365.es\/noticias\/category\/agenda\/#listItem","name":"Agenda"}}]},{"@type":"NewsArticle","@id":"https:\/\/candas365.es\/noticias\/alerta-por-frio-y-nieve-en-espana\/#newsarticle","name":"Alerta por fr\u00edo y nieve en Espa\u00f1a | Cand\u00e1s 365","headline":"Alerta por fr\u00edo y nieve en Espa\u00f1a","author":{"@id":"https:\/\/candas365.es\/noticias\/author\/admin\/#author"},"publisher":{"@id":"https:\/\/candas365.es\/noticias\/#organization"},"image":{"@type":"ImageObject","url":"https:\/\/candas365.es\/noticias\/wp-content\/uploads\/2014\/12\/nieve.jpg","width":360,"height":238},"datePublished":"2018-01-04T21:34:21+01:00","dateModified":"2018-01-04T21:34:21+01:00","inLanguage":"es-ES","mainEntityOfPage":{"@id":"https:\/\/candas365.es\/noticias\/alerta-por-frio-y-nieve-en-espana\/#webpage"},"isPartOf":{"@id":"https:\/\/candas365.es\/noticias\/alerta-por-frio-y-nieve-en-espana\/#webpage"},"articleSection":"Agenda","dateline":"Publicado el enero 4, 2018."},{"@type":"Organization","@id":"https:\/\/candas365.es\/noticias\/#organization","name":"Cand\u00e1s 365","description":"Cand\u00e1s 365 es un diario digital independiente, fundado en 2012, con base en Asturias. Informamos con rigor sobre actualidad, sociedad, cultura y ocio, con una mirada local y global.","url":"https:\/\/candas365.es\/noticias\/","email":"info@candas365.es","telephone":"+34652131393","foundingDate":"2012-06-10","logo":{"@type":"ImageObject","url":"https:\/\/candas365.es\/noticias\/wp-content\/uploads\/2024\/09\/Candas-365-Redes.jpg","@id":"https:\/\/candas365.es\/noticias\/alerta-por-frio-y-nieve-en-espana\/#organizationLogo","width":1152,"height":864,"caption":"Cand\u00e1s 365 Redes"},"image":{"@id":"https:\/\/candas365.es\/noticias\/alerta-por-frio-y-nieve-en-espana\/#organizationLogo"},"sameAs":["https:\/\/www.facebook.com\/Nachofdezber","https:\/\/x.com\/NabercoDigital","https:\/\/www.instagram.com\/nachofdezber\/","https:\/\/www.youtube.com\/channel\/UCZP-2wLEB9Rv6erhFmqVnvg"],"address":{"@id":"https:\/\/candas365.es\/noticias\/#postaladdress","@type":"PostalAddress","streetAddress":"san antonio 4, san antonio 4","postalCode":"33430","addressLocality":"Cand\u00e1s","addressRegion":"Asturias","addressCountry":"ES"}},{"@type":"Person","@id":"https:\/\/candas365.es\/noticias\/author\/admin\/#author","url":"https:\/\/candas365.es\/noticias\/author\/admin\/","name":"Cand\u00e1s 365","image":{"@type":"ImageObject","@id":"https:\/\/candas365.es\/noticias\/alerta-por-frio-y-nieve-en-espana\/#authorImage","url":"https:\/\/secure.gravatar.com\/avatar\/496a8e03d0c493ede1718b7934145dbdf8d89be1036b0eec9544e1094c9de390?s=96&d=mm&r=g","width":96,"height":96,"caption":"Cand\u00e1s 365"},"sameAs":["https:\/\/www.facebook.com\/carrenoactualidad","https:\/\/twitter.com\/nbasturias","https:\/\/www.instagram.com\/nachofdezber\/","https:\/\/www.youtube.com\/channel\/UCZP-2wLEB9Rv6erhFmqVnvg"]},{"@type":"WebPage","@id":"https:\/\/candas365.es\/noticias\/alerta-por-frio-y-nieve-en-espana\/#webpage","url":"https:\/\/candas365.es\/noticias\/alerta-por-frio-y-nieve-en-espana\/","name":"Alerta por fr\u00edo y nieve en Espa\u00f1a | Cand\u00e1s 365","description":"El s\u00e1bado la borrasca dejar\u00e1 precipitaciones abundantes y generalizadas sobre la Pen\u00ednsula, exceptuando el oeste de Castilla y le\u00f3n, de Extremadura y de Andaluc\u00eda donde ser\u00e1n poco probables. Se espera que sean especialmente intensas en el Cant\u00e1brico oriental, Pirineo occidental, Alto Ebro y norte del sistema Ib\u00e9rico y, a partir de la tarde, en el litoral de Catalu\u00f1a.","inLanguage":"es-ES","isPartOf":{"@id":"https:\/\/candas365.es\/noticias\/#website"},"breadcrumb":{"@id":"https:\/\/candas365.es\/noticias\/alerta-por-frio-y-nieve-en-espana\/#breadcrumblist"},"author":{"@id":"https:\/\/candas365.es\/noticias\/author\/admin\/#author"},"creator":{"@id":"https:\/\/candas365.es\/noticias\/author\/admin\/#author"},"image":{"@type":"ImageObject","url":"https:\/\/candas365.es\/noticias\/wp-content\/uploads\/2014\/12\/nieve.jpg","@id":"https:\/\/candas365.es\/noticias\/alerta-por-frio-y-nieve-en-espana\/#mainImage","width":360,"height":238},"primaryImageOfPage":{"@id":"https:\/\/candas365.es\/noticias\/alerta-por-frio-y-nieve-en-espana\/#mainImage"},"datePublished":"2018-01-04T21:34:21+01:00","dateModified":"2018-01-04T21:34:21+01:00"},{"@type":"WebSite","@id":"https:\/\/candas365.es\/noticias\/#website","url":"https:\/\/candas365.es\/noticias\/","name":"Cand\u00e1s 365","alternateName":"Cand\u00e1s 365 Noticias","description":"Actualidad desde Carre\u00f1o para el mundo","inLanguage":"es-ES","publisher":{"@id":"https:\/\/candas365.es\/noticias\/#organization"}}]},"og:locale":"es_ES","og:site_name":"Cand\u00e1s 365","og:type":"article","og:title":"Alerta por fr\u00edo y nieve en Espa\u00f1a | Cand\u00e1s 365","og:description":"El s\u00e1bado la borrasca dejar\u00e1 precipitaciones abundantes y generalizadas sobre la Pen\u00ednsula, exceptuando el oeste de Castilla y le\u00f3n, de Extremadura y de Andaluc\u00eda donde ser\u00e1n poco probables. Se espera que sean especialmente intensas en el Cant\u00e1brico oriental, Pirineo occidental, Alto Ebro y norte del sistema Ib\u00e9rico y, a partir de la tarde, en el litoral de Catalu\u00f1a.","og:url":"https:\/\/candas365.es\/noticias\/alerta-por-frio-y-nieve-en-espana\/","og:image":"https:\/\/candas365.es\/noticias\/wp-content\/uploads\/2014\/12\/nieve.jpg","og:image:secure_url":"https:\/\/candas365.es\/noticias\/wp-content\/uploads\/2014\/12\/nieve.jpg","og:image:width":360,"og:image:height":238,"article:published_time":"2018-01-04T21:34:21+00:00","article:modified_time":"2018-01-04T21:34:21+00:00","article:publisher":"https:\/\/www.facebook.com\/Nachofdezber","article:author":"https:\/\/www.facebook.com\/carrenoactualidad","twitter:card":"summary_large_image","twitter:site":"@NabercoDigital","twitter:title":"Alerta por fr\u00edo y nieve en Espa\u00f1a | Cand\u00e1s 365","twitter:description":"El s\u00e1bado la borrasca dejar\u00e1 precipitaciones abundantes y generalizadas sobre la Pen\u00ednsula, exceptuando el oeste de Castilla y le\u00f3n, de Extremadura y de Andaluc\u00eda donde ser\u00e1n poco probables. Se espera que sean especialmente intensas en el Cant\u00e1brico oriental, Pirineo occidental, Alto Ebro y norte del sistema Ib\u00e9rico y, a partir de la tarde, en el litoral de Catalu\u00f1a.","twitter:creator":"@nbasturias","twitter:image":"https:\/\/candas365.es\/noticias\/wp-content\/uploads\/2014\/12\/nieve.jpg","twitter:label1":"Escrito por","twitter:data1":"Cand\u00e1s 365","twitter:label2":"Tiempo de lectura estimado","twitter:data2":"1 minuto"},"aioseo_meta_data":{"post_id":"87988","title":null,"description":null,"keywords":null,"keyphrases":null,"primary_term":null,"canonical_url":null,"og_title":null,"og_description":null,"og_object_type":"default","og_image_type":"default","og_image_url":null,"og_image_width":null,"og_image_height":null,"og_image_custom_url":null,"og_image_custom_fields":null,"og_video":null,"og_custom_url":null,"og_article_section":null,"og_article_tags":null,"twitter_use_og":false,"twitter_card":"default","twitter_image_type":"default","twitter_image_url":null,"twitter_image_custom_url":null,"twitter_image_custom_fields":null,"twitter_title":null,"twitter_description":null,"schema":{"blockGraphs":[],"customGraphs":[],"default":{"data":{"Article":[],"Course":[],"Dataset":[],"FAQPage":[],"Movie":[],"Person":[],"Product":[],"ProductReview":[],"Car":[],"Recipe":[],"Service":[],"SoftwareApplication":[],"WebPage":[]},"graphName":"","isEnabled":true},"graphs":[]},"schema_type":null,"schema_type_options":null,"pillar_content":false,"robots_default":true,"robots_noindex":false,"robots_noarchive":false,"robots_nosnippet":false,"robots_nofollow":false,"robots_noimageindex":false,"robots_noodp":false,"robots_notranslate":false,"robots_max_snippet":null,"robots_max_videopreview":null,"robots_max_imagepreview":"large","priority":null,"frequency":null,"location":null,"local_seo":null,"seo_analyzer_scan_date":"2025-08-26 10:20:46","breadcrumb_settings":null,"limit_modified_date":false,"reviewed_by":null,"open_ai":null,"ai":null,"created":"2020-12-21 12:05:57","updated":"2025-08-26 10:20:46"},"aioseo_breadcrumb":"<div class=\"aioseo-breadcrumbs\"><span class=\"aioseo-breadcrumb\">\n\t<a href=\"https:\/\/candas365.es\/noticias\" title=\"Home\">Home<\/a>\n<\/span><span class=\"aioseo-breadcrumb-separator\">&ndash;<\/span><span class=\"aioseo-breadcrumb\">\n\t<a href=\"https:\/\/candas365.es\/noticias\/category\/agenda\/\" title=\"Agenda\">Agenda<\/a>\n<\/span><span class=\"aioseo-breadcrumb-separator\">&ndash;<\/span><span class=\"aioseo-breadcrumb\">\n\tAlerta por fr\u00edo y nieve en Espa\u00f1a\n<\/span><\/div>","aioseo_breadcrumb_json":[{"label":"Home","link":"https:\/\/candas365.es\/noticias"},{"label":"Agenda","link":"https:\/\/candas365.es\/noticias\/category\/agenda\/"},{"label":"Alerta por fr\u00edo y nieve en Espa\u00f1a","link":"https:\/\/candas365.es\/noticias\/alerta-por-frio-y-nieve-en-espana\/"}],"_links":{"self":[{"href":"https:\/\/candas365.es\/noticias\/wp-json\/wp\/v2\/posts\/87988","targetHints":{"allow":["GET"]}}],"collection":[{"href":"https:\/\/candas365.es\/noticias\/wp-json\/wp\/v2\/posts"}],"about":[{"href":"https:\/\/candas365.es\/noticias\/wp-json\/wp\/v2\/types\/post"}],"author":[{"embeddable":true,"href":"https:\/\/candas365.es\/noticias\/wp-json\/wp\/v2\/users\/1"}],"replies":[{"embeddable":true,"href":"https:\/\/candas365.es\/noticias\/wp-json\/wp\/v2\/comments?post=87988"}],"version-history":[{"count":0,"href":"https:\/\/candas365.es\/noticias\/wp-json\/wp\/v2\/posts\/87988\/revisions"}],"wp:featuredmedia":[{"embeddable":true,"href":"https:\/\/candas365.es\/noticias\/wp-json\/wp\/v2\/media\/5754"}],"wp:attachment":[{"href":"https:\/\/candas365.es\/noticias\/wp-json\/wp\/v2\/media?parent=87988"}],"wp:term":[{"taxonomy":"category","embeddable":true,"href":"https:\/\/candas365.es\/noticias\/wp-json\/wp\/v2\/categories?post=87988"},{"taxonomy":"post_tag","embeddable":true,"href":"https:\/\/candas365.es\/noticias\/wp-json\/wp\/v2\/tags?post=87988"}],"curies":[{"name":"wp","href":"https:\/\/api.w.org\/{rel}","templated":true}]}}