{"id":87979,"date":"2018-01-04T19:49:47","date_gmt":"2018-01-04T19:49:47","guid":{"rendered":"http:\/\/candas365.es\/noticias\/?p=87979"},"modified":"2018-01-04T19:49:47","modified_gmt":"2018-01-04T19:49:47","slug":"el-teatro-de-la-laboral-apuesta-por-la-musica-para-todos-los-publicos","status":"publish","type":"post","link":"https:\/\/candas365.es\/noticias\/el-teatro-de-la-laboral-apuesta-por-la-musica-para-todos-los-publicos\/","title":{"rendered":"El Teatro de la Laboral apuesta por la m\u00fasica para todos los p\u00fablicos"},"content":{"rendered":"<p><img fetchpriority=\"high\" decoding=\"async\" class=\"alignleft size-medium wp-image-80268\" src=\"https:\/\/candas365.es\/noticias\/wp-content\/uploads\/2017\/09\/Laboral-360x239.jpg\" alt=\"\" width=\"360\" height=\"239\" srcset=\"https:\/\/candas365.es\/noticias\/wp-content\/uploads\/2017\/09\/Laboral-360x239.jpg 360w, https:\/\/candas365.es\/noticias\/wp-content\/uploads\/2017\/09\/Laboral-768x511.jpg 768w, https:\/\/candas365.es\/noticias\/wp-content\/uploads\/2017\/09\/Laboral-655x435.jpg 655w, https:\/\/candas365.es\/noticias\/wp-content\/uploads\/2017\/09\/Laboral-696x463.jpg 696w, https:\/\/candas365.es\/noticias\/wp-content\/uploads\/2017\/09\/Laboral-1068x710.jpg 1068w, https:\/\/candas365.es\/noticias\/wp-content\/uploads\/2017\/09\/Laboral-632x420.jpg 632w, https:\/\/candas365.es\/noticias\/wp-content\/uploads\/2017\/09\/Laboral-84x55.jpg 84w, https:\/\/candas365.es\/noticias\/wp-content\/uploads\/2017\/09\/Laboral.jpg 1280w\" sizes=\"(max-width: 360px) 100vw, 360px\" \/>La m\u00fasica y la magia centrar\u00e1n las propuestas de este invierno en el Teatro de la Laboral con nombres tan destacados como Pasi\u00f3n Vega, Rozal\u00e9n, Maceo Parker, Pablo L\u00f3pez o Jorge Blass.<\/p>\n<p>El 19 de enero se rendir\u00e1 un particular homenaje a Chavela Vargas dentro de la programaci\u00f3n de la VI Muestra de Cine Social y Derechos Humanos. Anabel Santiago, Silvia Quesada y Buen Suceso interpretar\u00e1n varios temas de Vargas antes de la proyecci\u00f3n de Chavela, un documental dirigido por Catherine Gund y Daresha Kyi. Al d\u00eda siguiente, el 20 de enero, Pasi\u00f3n Vega vuelve a la Laboral para presentar 40 Quilates, su nuevo \u00e1lbum de estudio, con el que celebra sus 25 a\u00f1os de carrera con canciones de algunos de sus autores fetiches como Antonio Mart\u00ednez Ares, Jes\u00fas Bienvenido, Antonio Romera \u201cChipi\u201d o de Armando Manzanero y con temas de otros autores emergentes como El Kanka, Jorge Marazu o Fernando Arduan.<\/p>\n<p>Javier Laband\u00f3n, El Arrebato, que ya cuenta con diez discos de platino y con un disco de diamante por la venta de m\u00e1s de un mill\u00f3n de copias a lo largo de su carrera, regresa el 27 de enero a Gij\u00f3n con los nuevos temas de M\u00fasico de Guardia. Rozal\u00e9n tambi\u00e9n repite en las tablas de la Laboral para presentar su tercer trabajo discogr\u00e1fico, Cuando el r\u00edo suena\u2026, el pr\u00f3ximo 2 de febrero, en un concierto en el que tampoco faltar\u00e1n sus composiciones ya memorables como Comi\u00e9ndote a besos, Ser\u00e1 Mejor o Girasoles, uno de sus \u00faltimos \u00e9xitos. Luar Na Lubre, una de las bandas de referencia de la m\u00fasica folk de nuestro pa\u00eds, celebrar\u00e1 sus tres d\u00e9cadas de trayectoria el 3 de febrero con una selecci\u00f3n de temas que incluye nuevas versiones y arreglos de temas como Fonte do Ara\u00f1o, Morrison\u00b4s jig, O soldado desgraciado y Dum tempo para sempre.<\/p>\n<p>Rosal\u00eda, una de las voces m\u00e1s prometedoras y personales del flamenco actual, que ya ha trabajado con la Fura dels Baus, Chicuelo o Roc\u00edo M\u00e1rquez, presentar\u00e1 el 17 de febrero junto a Ra\u00fcl Refree su primer disco, Los \u00c1ngeles, por el que ya ha recibido una nominaci\u00f3n a los Latin Grammys.<\/p>\n<p>El mes de marzo comenzar\u00e1 con los Objetos Perdidos de Rulo y la Contrabanda, su nueva gira, con la que ir\u00e1 llevando al p\u00fablico por algunas de sus reflexiones, buscando su complicidad mientras va presentando sus canciones el d\u00eda 3. El 16 de marzo Maceo Parker ofrecer\u00e1 \u201cun 2% de jazz y un 98% de funky\u201d, en un concierto de este mito del jazz, conocido por ser el saxofonista de James Brown, por acompa\u00f1ar a la banda de George Clinton, Parliament-Funkadelic, o por participar en las giras hist\u00f3ricas de Prince, sin hablar de su brillante carrera como solista.<\/p>\n<p>Pablo L\u00f3pez volver\u00e1 a llenar el Teatro de la Laboral interpretando los nuevos temas de Camino, fuego y libertad, su \u00faltimo y m\u00e1s \u00edntimo y emocional trabajo, el 17 de marzo, y Jorge Blass reflexionar\u00e1 sobre el apasionante mundo de la magia en Palabra de mago el 23 y 24 de marzo, con nuevas ilusiones que prometen sorprender a todos los espectadores.<\/p>\n<p>Adem\u00e1s ya est\u00e1n disponibles las entradas para los conciertos de abril de Caf\u00e9 Quijano el d\u00eda 6, de los rockeros filandeses Apocalyptica el 7, de Sergio Dalma el d\u00eda 21, y est\u00e1n confirmadas las fechas de la pr\u00f3xima edici\u00f3n del L.E.V. Festival, que se celebrar\u00e1 del 26 al 29 de abril.<\/p>\n<p>Las actividades para el p\u00fablico juvenil y adulto en la Laboral se completan con un curso de iniciaci\u00f3n a la marroquiner\u00eda el 25 de enero, 22 de febrero y 22 de marzo; de agricultura org\u00e1nica y horticultura en bancal biointensivo el 24 de febrero; un taller de vegetales fermentados el 17 de marzo; un taller para cultivar un huerto arom\u00e1tico y terap\u00e9utico el 24 de marzo; y las Perma Andechas, para aprendemos a dise\u00f1ar e implantar un espacio permacultural, los d\u00edas 14 de enero, 4 de febrero y 4 y 25 de marzo.<\/p>\n<p>Laboral Ciudad de la Cultura tambi\u00e9n ofrece talleres y espect\u00e1culos dirigidos al p\u00fablico infantil y familiar en el programa Vamos! que se puede consultar en la web <strong>www.laboralciudaddelacultura.com.<\/strong><\/p>\n<p>Las localidades para los conciertos y actividades se pueden adquirir en la Recepci\u00f3n de Laboral Ciudad de la Cultura, en la Oficina de Informaci\u00f3n Tur\u00edstica de Asturias en Oviedo (CITPA) en Oviedo, en el Centro Niemeyer en Avil\u00e9s, entradas.liberbank.es, en el 902 106 601 y en la red de cajeros Liberbank. Para el concierto de Pablo L\u00f3pez las entradas est\u00e1n agotadas y se ha puesto a disposici\u00f3n del p\u00fablico localidades de visual reducida, con un 40% de descuento sobre el precio de la entrada, disponibles \u00fanicamente en la Recepci\u00f3n de la Laboral, el CITPA y el Centro Niemeyer.<\/p>\n","protected":false},"excerpt":{"rendered":"<p>La m\u00fasica y la magia centrar\u00e1n las propuestas de este invierno en el Teatro de la Laboral con nombres tan destacados como Pasi\u00f3n Vega, Rozal\u00e9n, Maceo Parker, Pablo L\u00f3pez o Jorge Blass. El 19 de enero se rendir\u00e1 un particular homenaje a Chavela Vargas dentro de la programaci\u00f3n de la VI Muestra de Cine Social<\/p>\n","protected":false},"author":1,"featured_media":80268,"comment_status":"closed","ping_status":"closed","sticky":false,"template":"","format":"standard","meta":{"footnotes":""},"categories":[1],"tags":[],"class_list":{"0":"post-87979","1":"post","2":"type-post","3":"status-publish","4":"format-standard","5":"has-post-thumbnail","7":"category-agenda"},"aioseo_notices":[],"aioseo_head":"\n\t\t<!-- All in One SEO Pro 4.9.6.2 - aioseo.com -->\n\t<meta name=\"description\" content=\"La m\u00fasica y la magia centrar\u00e1n las propuestas de este invierno en el Teatro de la Laboral con nombres tan destacados como Pasi\u00f3n Vega, Rozal\u00e9n, Maceo Parker, Pablo L\u00f3pez o Jorge Blass. El 19 de enero se rendir\u00e1 un particular homenaje a Chavela Vargas dentro de la programaci\u00f3n de la VI Muestra de Cine Social\" \/>\n\t<meta name=\"robots\" content=\"max-image-preview:large\" \/>\n\t<meta name=\"author\" content=\"Cand\u00e1s 365\"\/>\n\t<meta name=\"google-site-verification\" content=\"UA-32230408-1\" \/>\n\t<meta name=\"msvalidate.01\" content=\"354F3CDFB2DA171B47FBE9ABF1F88D5\" \/>\n\t<meta name=\"keywords\" content=\"agenda\" \/>\n\t<link rel=\"canonical\" href=\"https:\/\/candas365.es\/noticias\/el-teatro-de-la-laboral-apuesta-por-la-musica-para-todos-los-publicos\/\" \/>\n\t<meta name=\"generator\" content=\"All in One SEO Pro (AIOSEO) 4.9.6.2\" \/>\n\t\t<meta property=\"og:locale\" content=\"es_ES\" \/>\n\t\t<meta property=\"og:site_name\" content=\"Cand\u00e1s 365\" \/>\n\t\t<meta property=\"og:type\" content=\"article\" \/>\n\t\t<meta property=\"og:title\" content=\"El Teatro de la Laboral apuesta por la m\u00fasica para todos los p\u00fablicos | Cand\u00e1s 365\" \/>\n\t\t<meta property=\"og:description\" content=\"La m\u00fasica y la magia centrar\u00e1n las propuestas de este invierno en el Teatro de la Laboral con nombres tan destacados como Pasi\u00f3n Vega, Rozal\u00e9n, Maceo Parker, Pablo L\u00f3pez o Jorge Blass. El 19 de enero se rendir\u00e1 un particular homenaje a Chavela Vargas dentro de la programaci\u00f3n de la VI Muestra de Cine Social\" \/>\n\t\t<meta property=\"og:url\" content=\"https:\/\/candas365.es\/noticias\/el-teatro-de-la-laboral-apuesta-por-la-musica-para-todos-los-publicos\/\" \/>\n\t\t<meta property=\"og:image\" content=\"https:\/\/candas365.es\/noticias\/wp-content\/uploads\/2017\/09\/Laboral.jpg\" \/>\n\t\t<meta property=\"og:image:secure_url\" content=\"https:\/\/candas365.es\/noticias\/wp-content\/uploads\/2017\/09\/Laboral.jpg\" \/>\n\t\t<meta property=\"og:image:width\" content=\"1280\" \/>\n\t\t<meta property=\"og:image:height\" content=\"851\" \/>\n\t\t<meta property=\"article:published_time\" content=\"2018-01-04T19:49:47+00:00\" \/>\n\t\t<meta property=\"article:modified_time\" content=\"2018-01-04T19:49:47+00:00\" \/>\n\t\t<meta property=\"article:publisher\" content=\"https:\/\/www.facebook.com\/Nachofdezber\" \/>\n\t\t<meta property=\"article:author\" content=\"https:\/\/www.facebook.com\/carrenoactualidad\" \/>\n\t\t<meta name=\"twitter:card\" content=\"summary_large_image\" \/>\n\t\t<meta name=\"twitter:site\" content=\"@NabercoDigital\" \/>\n\t\t<meta name=\"twitter:title\" content=\"El Teatro de la Laboral apuesta por la m\u00fasica para todos los p\u00fablicos | Cand\u00e1s 365\" \/>\n\t\t<meta name=\"twitter:description\" content=\"La m\u00fasica y la magia centrar\u00e1n las propuestas de este invierno en el Teatro de la Laboral con nombres tan destacados como Pasi\u00f3n Vega, Rozal\u00e9n, Maceo Parker, Pablo L\u00f3pez o Jorge Blass. El 19 de enero se rendir\u00e1 un particular homenaje a Chavela Vargas dentro de la programaci\u00f3n de la VI Muestra de Cine Social\" \/>\n\t\t<meta name=\"twitter:creator\" content=\"@nbasturias\" \/>\n\t\t<meta name=\"twitter:image\" content=\"https:\/\/candas365.es\/noticias\/wp-content\/uploads\/2017\/09\/Laboral.jpg\" \/>\n\t\t<meta name=\"twitter:label1\" content=\"Escrito por\" \/>\n\t\t<meta name=\"twitter:data1\" content=\"Cand\u00e1s 365\" \/>\n\t\t<meta name=\"twitter:label2\" content=\"Tiempo de lectura estimado\" \/>\n\t\t<meta name=\"twitter:data2\" content=\"4 minutos\" \/>\n\t\t<script type=\"application\/ld+json\" class=\"aioseo-schema\">\n\t\t\t{\"@context\":\"https:\\\/\\\/schema.org\",\"@graph\":[{\"@type\":\"BreadcrumbList\",\"@id\":\"https:\\\/\\\/candas365.es\\\/noticias\\\/el-teatro-de-la-laboral-apuesta-por-la-musica-para-todos-los-publicos\\\/#breadcrumblist\",\"itemListElement\":[{\"@type\":\"ListItem\",\"@id\":\"https:\\\/\\\/candas365.es\\\/noticias#listItem\",\"position\":1,\"name\":\"Home\",\"item\":\"https:\\\/\\\/candas365.es\\\/noticias\",\"nextItem\":{\"@type\":\"ListItem\",\"@id\":\"https:\\\/\\\/candas365.es\\\/noticias\\\/category\\\/agenda\\\/#listItem\",\"name\":\"Agenda\"}},{\"@type\":\"ListItem\",\"@id\":\"https:\\\/\\\/candas365.es\\\/noticias\\\/category\\\/agenda\\\/#listItem\",\"position\":2,\"name\":\"Agenda\",\"item\":\"https:\\\/\\\/candas365.es\\\/noticias\\\/category\\\/agenda\\\/\",\"nextItem\":{\"@type\":\"ListItem\",\"@id\":\"https:\\\/\\\/candas365.es\\\/noticias\\\/el-teatro-de-la-laboral-apuesta-por-la-musica-para-todos-los-publicos\\\/#listItem\",\"name\":\"El Teatro de la Laboral apuesta por la m\\u00fasica para todos los p\\u00fablicos\"},\"previousItem\":{\"@type\":\"ListItem\",\"@id\":\"https:\\\/\\\/candas365.es\\\/noticias#listItem\",\"name\":\"Home\"}},{\"@type\":\"ListItem\",\"@id\":\"https:\\\/\\\/candas365.es\\\/noticias\\\/el-teatro-de-la-laboral-apuesta-por-la-musica-para-todos-los-publicos\\\/#listItem\",\"position\":3,\"name\":\"El Teatro de la Laboral apuesta por la m\\u00fasica para todos los p\\u00fablicos\",\"previousItem\":{\"@type\":\"ListItem\",\"@id\":\"https:\\\/\\\/candas365.es\\\/noticias\\\/category\\\/agenda\\\/#listItem\",\"name\":\"Agenda\"}}]},{\"@type\":\"NewsArticle\",\"@id\":\"https:\\\/\\\/candas365.es\\\/noticias\\\/el-teatro-de-la-laboral-apuesta-por-la-musica-para-todos-los-publicos\\\/#newsarticle\",\"name\":\"El Teatro de la Laboral apuesta por la m\\u00fasica para todos los p\\u00fablicos | Cand\\u00e1s 365\",\"headline\":\"El Teatro de la Laboral apuesta por la m\\u00fasica para todos los p\\u00fablicos\",\"author\":{\"@id\":\"https:\\\/\\\/candas365.es\\\/noticias\\\/author\\\/admin\\\/#author\"},\"publisher\":{\"@id\":\"https:\\\/\\\/candas365.es\\\/noticias\\\/#organization\"},\"image\":{\"@type\":\"ImageObject\",\"url\":\"https:\\\/\\\/candas365.es\\\/noticias\\\/wp-content\\\/uploads\\\/2017\\\/09\\\/Laboral.jpg\",\"width\":1280,\"height\":851},\"datePublished\":\"2018-01-04T19:49:47+01:00\",\"dateModified\":\"2018-01-04T19:49:47+01:00\",\"inLanguage\":\"es-ES\",\"mainEntityOfPage\":{\"@id\":\"https:\\\/\\\/candas365.es\\\/noticias\\\/el-teatro-de-la-laboral-apuesta-por-la-musica-para-todos-los-publicos\\\/#webpage\"},\"isPartOf\":{\"@id\":\"https:\\\/\\\/candas365.es\\\/noticias\\\/el-teatro-de-la-laboral-apuesta-por-la-musica-para-todos-los-publicos\\\/#webpage\"},\"articleSection\":\"Agenda\",\"dateline\":\"Publicado el enero 4, 2018.\"},{\"@type\":\"Organization\",\"@id\":\"https:\\\/\\\/candas365.es\\\/noticias\\\/#organization\",\"name\":\"Cand\\u00e1s 365\",\"description\":\"Cand\\u00e1s 365 es un diario digital independiente, fundado en 2012, con base en Asturias. Informamos con rigor sobre actualidad, sociedad, cultura y ocio, con una mirada local y global.\",\"url\":\"https:\\\/\\\/candas365.es\\\/noticias\\\/\",\"email\":\"info@candas365.es\",\"telephone\":\"+34652131393\",\"foundingDate\":\"2012-06-10\",\"logo\":{\"@type\":\"ImageObject\",\"url\":\"https:\\\/\\\/candas365.es\\\/noticias\\\/wp-content\\\/uploads\\\/2024\\\/09\\\/Candas-365-Redes.jpg\",\"@id\":\"https:\\\/\\\/candas365.es\\\/noticias\\\/el-teatro-de-la-laboral-apuesta-por-la-musica-para-todos-los-publicos\\\/#organizationLogo\",\"width\":1152,\"height\":864,\"caption\":\"Cand\\u00e1s 365 Redes\"},\"image\":{\"@id\":\"https:\\\/\\\/candas365.es\\\/noticias\\\/el-teatro-de-la-laboral-apuesta-por-la-musica-para-todos-los-publicos\\\/#organizationLogo\"},\"sameAs\":[\"https:\\\/\\\/www.facebook.com\\\/Nachofdezber\",\"https:\\\/\\\/x.com\\\/NabercoDigital\",\"https:\\\/\\\/www.instagram.com\\\/nachofdezber\\\/\",\"https:\\\/\\\/www.youtube.com\\\/channel\\\/UCZP-2wLEB9Rv6erhFmqVnvg\"],\"address\":{\"@id\":\"https:\\\/\\\/candas365.es\\\/noticias\\\/#postaladdress\",\"@type\":\"PostalAddress\",\"streetAddress\":\"san antonio 4, san antonio 4\",\"postalCode\":\"33430\",\"addressLocality\":\"Cand\\u00e1s\",\"addressRegion\":\"Asturias\",\"addressCountry\":\"ES\"}},{\"@type\":\"Person\",\"@id\":\"https:\\\/\\\/candas365.es\\\/noticias\\\/author\\\/admin\\\/#author\",\"url\":\"https:\\\/\\\/candas365.es\\\/noticias\\\/author\\\/admin\\\/\",\"name\":\"Cand\\u00e1s 365\",\"image\":{\"@type\":\"ImageObject\",\"@id\":\"https:\\\/\\\/candas365.es\\\/noticias\\\/el-teatro-de-la-laboral-apuesta-por-la-musica-para-todos-los-publicos\\\/#authorImage\",\"url\":\"https:\\\/\\\/secure.gravatar.com\\\/avatar\\\/496a8e03d0c493ede1718b7934145dbdf8d89be1036b0eec9544e1094c9de390?s=96&d=mm&r=g\",\"width\":96,\"height\":96,\"caption\":\"Cand\\u00e1s 365\"},\"sameAs\":[\"https:\\\/\\\/www.facebook.com\\\/carrenoactualidad\",\"https:\\\/\\\/twitter.com\\\/nbasturias\",\"https:\\\/\\\/www.instagram.com\\\/nachofdezber\\\/\",\"https:\\\/\\\/www.youtube.com\\\/channel\\\/UCZP-2wLEB9Rv6erhFmqVnvg\"]},{\"@type\":\"WebPage\",\"@id\":\"https:\\\/\\\/candas365.es\\\/noticias\\\/el-teatro-de-la-laboral-apuesta-por-la-musica-para-todos-los-publicos\\\/#webpage\",\"url\":\"https:\\\/\\\/candas365.es\\\/noticias\\\/el-teatro-de-la-laboral-apuesta-por-la-musica-para-todos-los-publicos\\\/\",\"name\":\"El Teatro de la Laboral apuesta por la m\\u00fasica para todos los p\\u00fablicos | Cand\\u00e1s 365\",\"description\":\"La m\\u00fasica y la magia centrar\\u00e1n las propuestas de este invierno en el Teatro de la Laboral con nombres tan destacados como Pasi\\u00f3n Vega, Rozal\\u00e9n, Maceo Parker, Pablo L\\u00f3pez o Jorge Blass. El 19 de enero se rendir\\u00e1 un particular homenaje a Chavela Vargas dentro de la programaci\\u00f3n de la VI Muestra de Cine Social\",\"inLanguage\":\"es-ES\",\"isPartOf\":{\"@id\":\"https:\\\/\\\/candas365.es\\\/noticias\\\/#website\"},\"breadcrumb\":{\"@id\":\"https:\\\/\\\/candas365.es\\\/noticias\\\/el-teatro-de-la-laboral-apuesta-por-la-musica-para-todos-los-publicos\\\/#breadcrumblist\"},\"author\":{\"@id\":\"https:\\\/\\\/candas365.es\\\/noticias\\\/author\\\/admin\\\/#author\"},\"creator\":{\"@id\":\"https:\\\/\\\/candas365.es\\\/noticias\\\/author\\\/admin\\\/#author\"},\"image\":{\"@type\":\"ImageObject\",\"url\":\"https:\\\/\\\/candas365.es\\\/noticias\\\/wp-content\\\/uploads\\\/2017\\\/09\\\/Laboral.jpg\",\"@id\":\"https:\\\/\\\/candas365.es\\\/noticias\\\/el-teatro-de-la-laboral-apuesta-por-la-musica-para-todos-los-publicos\\\/#mainImage\",\"width\":1280,\"height\":851},\"primaryImageOfPage\":{\"@id\":\"https:\\\/\\\/candas365.es\\\/noticias\\\/el-teatro-de-la-laboral-apuesta-por-la-musica-para-todos-los-publicos\\\/#mainImage\"},\"datePublished\":\"2018-01-04T19:49:47+01:00\",\"dateModified\":\"2018-01-04T19:49:47+01:00\"},{\"@type\":\"WebSite\",\"@id\":\"https:\\\/\\\/candas365.es\\\/noticias\\\/#website\",\"url\":\"https:\\\/\\\/candas365.es\\\/noticias\\\/\",\"name\":\"Cand\\u00e1s 365\",\"alternateName\":\"Cand\\u00e1s 365 Noticias\",\"description\":\"Actualidad desde Carre\\u00f1o para el mundo\",\"inLanguage\":\"es-ES\",\"publisher\":{\"@id\":\"https:\\\/\\\/candas365.es\\\/noticias\\\/#organization\"}}]}\n\t\t<\/script>\n\t\t<!-- All in One SEO Pro -->\r\n\t\t<title>El Teatro de la Laboral apuesta por la m\u00fasica para todos los p\u00fablicos | Cand\u00e1s 365<\/title>\n\n","aioseo_head_json":{"title":"El Teatro de la Laboral apuesta por la m\u00fasica para todos los p\u00fablicos | Cand\u00e1s 365","description":"La m\u00fasica y la magia centrar\u00e1n las propuestas de este invierno en el Teatro de la Laboral con nombres tan destacados como Pasi\u00f3n Vega, Rozal\u00e9n, Maceo Parker, Pablo L\u00f3pez o Jorge Blass. El 19 de enero se rendir\u00e1 un particular homenaje a Chavela Vargas dentro de la programaci\u00f3n de la VI Muestra de Cine Social","canonical_url":"https:\/\/candas365.es\/noticias\/el-teatro-de-la-laboral-apuesta-por-la-musica-para-todos-los-publicos\/","robots":"max-image-preview:large","keywords":"agenda","webmasterTools":{"google-site-verification":"UA-32230408-1","msvalidate.01":"354F3CDFB2DA171B47FBE9ABF1F88D5","miscellaneous":""},"schema":{"@context":"https:\/\/schema.org","@graph":[{"@type":"BreadcrumbList","@id":"https:\/\/candas365.es\/noticias\/el-teatro-de-la-laboral-apuesta-por-la-musica-para-todos-los-publicos\/#breadcrumblist","itemListElement":[{"@type":"ListItem","@id":"https:\/\/candas365.es\/noticias#listItem","position":1,"name":"Home","item":"https:\/\/candas365.es\/noticias","nextItem":{"@type":"ListItem","@id":"https:\/\/candas365.es\/noticias\/category\/agenda\/#listItem","name":"Agenda"}},{"@type":"ListItem","@id":"https:\/\/candas365.es\/noticias\/category\/agenda\/#listItem","position":2,"name":"Agenda","item":"https:\/\/candas365.es\/noticias\/category\/agenda\/","nextItem":{"@type":"ListItem","@id":"https:\/\/candas365.es\/noticias\/el-teatro-de-la-laboral-apuesta-por-la-musica-para-todos-los-publicos\/#listItem","name":"El Teatro de la Laboral apuesta por la m\u00fasica para todos los p\u00fablicos"},"previousItem":{"@type":"ListItem","@id":"https:\/\/candas365.es\/noticias#listItem","name":"Home"}},{"@type":"ListItem","@id":"https:\/\/candas365.es\/noticias\/el-teatro-de-la-laboral-apuesta-por-la-musica-para-todos-los-publicos\/#listItem","position":3,"name":"El Teatro de la Laboral apuesta por la m\u00fasica para todos los p\u00fablicos","previousItem":{"@type":"ListItem","@id":"https:\/\/candas365.es\/noticias\/category\/agenda\/#listItem","name":"Agenda"}}]},{"@type":"NewsArticle","@id":"https:\/\/candas365.es\/noticias\/el-teatro-de-la-laboral-apuesta-por-la-musica-para-todos-los-publicos\/#newsarticle","name":"El Teatro de la Laboral apuesta por la m\u00fasica para todos los p\u00fablicos | Cand\u00e1s 365","headline":"El Teatro de la Laboral apuesta por la m\u00fasica para todos los p\u00fablicos","author":{"@id":"https:\/\/candas365.es\/noticias\/author\/admin\/#author"},"publisher":{"@id":"https:\/\/candas365.es\/noticias\/#organization"},"image":{"@type":"ImageObject","url":"https:\/\/candas365.es\/noticias\/wp-content\/uploads\/2017\/09\/Laboral.jpg","width":1280,"height":851},"datePublished":"2018-01-04T19:49:47+01:00","dateModified":"2018-01-04T19:49:47+01:00","inLanguage":"es-ES","mainEntityOfPage":{"@id":"https:\/\/candas365.es\/noticias\/el-teatro-de-la-laboral-apuesta-por-la-musica-para-todos-los-publicos\/#webpage"},"isPartOf":{"@id":"https:\/\/candas365.es\/noticias\/el-teatro-de-la-laboral-apuesta-por-la-musica-para-todos-los-publicos\/#webpage"},"articleSection":"Agenda","dateline":"Publicado el enero 4, 2018."},{"@type":"Organization","@id":"https:\/\/candas365.es\/noticias\/#organization","name":"Cand\u00e1s 365","description":"Cand\u00e1s 365 es un diario digital independiente, fundado en 2012, con base en Asturias. Informamos con rigor sobre actualidad, sociedad, cultura y ocio, con una mirada local y global.","url":"https:\/\/candas365.es\/noticias\/","email":"info@candas365.es","telephone":"+34652131393","foundingDate":"2012-06-10","logo":{"@type":"ImageObject","url":"https:\/\/candas365.es\/noticias\/wp-content\/uploads\/2024\/09\/Candas-365-Redes.jpg","@id":"https:\/\/candas365.es\/noticias\/el-teatro-de-la-laboral-apuesta-por-la-musica-para-todos-los-publicos\/#organizationLogo","width":1152,"height":864,"caption":"Cand\u00e1s 365 Redes"},"image":{"@id":"https:\/\/candas365.es\/noticias\/el-teatro-de-la-laboral-apuesta-por-la-musica-para-todos-los-publicos\/#organizationLogo"},"sameAs":["https:\/\/www.facebook.com\/Nachofdezber","https:\/\/x.com\/NabercoDigital","https:\/\/www.instagram.com\/nachofdezber\/","https:\/\/www.youtube.com\/channel\/UCZP-2wLEB9Rv6erhFmqVnvg"],"address":{"@id":"https:\/\/candas365.es\/noticias\/#postaladdress","@type":"PostalAddress","streetAddress":"san antonio 4, san antonio 4","postalCode":"33430","addressLocality":"Cand\u00e1s","addressRegion":"Asturias","addressCountry":"ES"}},{"@type":"Person","@id":"https:\/\/candas365.es\/noticias\/author\/admin\/#author","url":"https:\/\/candas365.es\/noticias\/author\/admin\/","name":"Cand\u00e1s 365","image":{"@type":"ImageObject","@id":"https:\/\/candas365.es\/noticias\/el-teatro-de-la-laboral-apuesta-por-la-musica-para-todos-los-publicos\/#authorImage","url":"https:\/\/secure.gravatar.com\/avatar\/496a8e03d0c493ede1718b7934145dbdf8d89be1036b0eec9544e1094c9de390?s=96&d=mm&r=g","width":96,"height":96,"caption":"Cand\u00e1s 365"},"sameAs":["https:\/\/www.facebook.com\/carrenoactualidad","https:\/\/twitter.com\/nbasturias","https:\/\/www.instagram.com\/nachofdezber\/","https:\/\/www.youtube.com\/channel\/UCZP-2wLEB9Rv6erhFmqVnvg"]},{"@type":"WebPage","@id":"https:\/\/candas365.es\/noticias\/el-teatro-de-la-laboral-apuesta-por-la-musica-para-todos-los-publicos\/#webpage","url":"https:\/\/candas365.es\/noticias\/el-teatro-de-la-laboral-apuesta-por-la-musica-para-todos-los-publicos\/","name":"El Teatro de la Laboral apuesta por la m\u00fasica para todos los p\u00fablicos | Cand\u00e1s 365","description":"La m\u00fasica y la magia centrar\u00e1n las propuestas de este invierno en el Teatro de la Laboral con nombres tan destacados como Pasi\u00f3n Vega, Rozal\u00e9n, Maceo Parker, Pablo L\u00f3pez o Jorge Blass. El 19 de enero se rendir\u00e1 un particular homenaje a Chavela Vargas dentro de la programaci\u00f3n de la VI Muestra de Cine Social","inLanguage":"es-ES","isPartOf":{"@id":"https:\/\/candas365.es\/noticias\/#website"},"breadcrumb":{"@id":"https:\/\/candas365.es\/noticias\/el-teatro-de-la-laboral-apuesta-por-la-musica-para-todos-los-publicos\/#breadcrumblist"},"author":{"@id":"https:\/\/candas365.es\/noticias\/author\/admin\/#author"},"creator":{"@id":"https:\/\/candas365.es\/noticias\/author\/admin\/#author"},"image":{"@type":"ImageObject","url":"https:\/\/candas365.es\/noticias\/wp-content\/uploads\/2017\/09\/Laboral.jpg","@id":"https:\/\/candas365.es\/noticias\/el-teatro-de-la-laboral-apuesta-por-la-musica-para-todos-los-publicos\/#mainImage","width":1280,"height":851},"primaryImageOfPage":{"@id":"https:\/\/candas365.es\/noticias\/el-teatro-de-la-laboral-apuesta-por-la-musica-para-todos-los-publicos\/#mainImage"},"datePublished":"2018-01-04T19:49:47+01:00","dateModified":"2018-01-04T19:49:47+01:00"},{"@type":"WebSite","@id":"https:\/\/candas365.es\/noticias\/#website","url":"https:\/\/candas365.es\/noticias\/","name":"Cand\u00e1s 365","alternateName":"Cand\u00e1s 365 Noticias","description":"Actualidad desde Carre\u00f1o para el mundo","inLanguage":"es-ES","publisher":{"@id":"https:\/\/candas365.es\/noticias\/#organization"}}]},"og:locale":"es_ES","og:site_name":"Cand\u00e1s 365","og:type":"article","og:title":"El Teatro de la Laboral apuesta por la m\u00fasica para todos los p\u00fablicos | Cand\u00e1s 365","og:description":"La m\u00fasica y la magia centrar\u00e1n las propuestas de este invierno en el Teatro de la Laboral con nombres tan destacados como Pasi\u00f3n Vega, Rozal\u00e9n, Maceo Parker, Pablo L\u00f3pez o Jorge Blass. El 19 de enero se rendir\u00e1 un particular homenaje a Chavela Vargas dentro de la programaci\u00f3n de la VI Muestra de Cine Social","og:url":"https:\/\/candas365.es\/noticias\/el-teatro-de-la-laboral-apuesta-por-la-musica-para-todos-los-publicos\/","og:image":"https:\/\/candas365.es\/noticias\/wp-content\/uploads\/2017\/09\/Laboral.jpg","og:image:secure_url":"https:\/\/candas365.es\/noticias\/wp-content\/uploads\/2017\/09\/Laboral.jpg","og:image:width":1280,"og:image:height":851,"article:published_time":"2018-01-04T19:49:47+00:00","article:modified_time":"2018-01-04T19:49:47+00:00","article:publisher":"https:\/\/www.facebook.com\/Nachofdezber","article:author":"https:\/\/www.facebook.com\/carrenoactualidad","twitter:card":"summary_large_image","twitter:site":"@NabercoDigital","twitter:title":"El Teatro de la Laboral apuesta por la m\u00fasica para todos los p\u00fablicos | Cand\u00e1s 365","twitter:description":"La m\u00fasica y la magia centrar\u00e1n las propuestas de este invierno en el Teatro de la Laboral con nombres tan destacados como Pasi\u00f3n Vega, Rozal\u00e9n, Maceo Parker, Pablo L\u00f3pez o Jorge Blass. El 19 de enero se rendir\u00e1 un particular homenaje a Chavela Vargas dentro de la programaci\u00f3n de la VI Muestra de Cine Social","twitter:creator":"@nbasturias","twitter:image":"https:\/\/candas365.es\/noticias\/wp-content\/uploads\/2017\/09\/Laboral.jpg","twitter:label1":"Escrito por","twitter:data1":"Cand\u00e1s 365","twitter:label2":"Tiempo de lectura estimado","twitter:data2":"4 minutos"},"aioseo_meta_data":{"post_id":"87979","title":null,"description":null,"keywords":null,"keyphrases":null,"primary_term":null,"canonical_url":null,"og_title":null,"og_description":null,"og_object_type":"default","og_image_type":"default","og_image_url":null,"og_image_width":null,"og_image_height":null,"og_image_custom_url":null,"og_image_custom_fields":null,"og_video":null,"og_custom_url":null,"og_article_section":null,"og_article_tags":null,"twitter_use_og":false,"twitter_card":"default","twitter_image_type":"default","twitter_image_url":null,"twitter_image_custom_url":null,"twitter_image_custom_fields":null,"twitter_title":null,"twitter_description":null,"schema":{"blockGraphs":[],"customGraphs":[],"default":{"data":{"Article":[],"Course":[],"Dataset":[],"FAQPage":[],"Movie":[],"Person":[],"Product":[],"ProductReview":[],"Car":[],"Recipe":[],"Service":[],"SoftwareApplication":[],"WebPage":[]},"graphName":"","isEnabled":true},"graphs":[]},"schema_type":null,"schema_type_options":null,"pillar_content":false,"robots_default":true,"robots_noindex":false,"robots_noarchive":false,"robots_nosnippet":false,"robots_nofollow":false,"robots_noimageindex":false,"robots_noodp":false,"robots_notranslate":false,"robots_max_snippet":null,"robots_max_videopreview":null,"robots_max_imagepreview":"large","priority":null,"frequency":null,"location":null,"local_seo":null,"seo_analyzer_scan_date":"2025-08-26 10:19:14","breadcrumb_settings":null,"limit_modified_date":false,"reviewed_by":null,"open_ai":null,"ai":null,"created":"2020-12-21 12:05:57","updated":"2025-08-26 10:19:14"},"aioseo_breadcrumb":"<div class=\"aioseo-breadcrumbs\"><span class=\"aioseo-breadcrumb\">\n\t<a href=\"https:\/\/candas365.es\/noticias\" title=\"Home\">Home<\/a>\n<\/span><span class=\"aioseo-breadcrumb-separator\">&ndash;<\/span><span class=\"aioseo-breadcrumb\">\n\t<a href=\"https:\/\/candas365.es\/noticias\/category\/agenda\/\" title=\"Agenda\">Agenda<\/a>\n<\/span><span class=\"aioseo-breadcrumb-separator\">&ndash;<\/span><span class=\"aioseo-breadcrumb\">\n\tEl Teatro de la Laboral apuesta por la m\u00fasica para todos los p\u00fablicos\n<\/span><\/div>","aioseo_breadcrumb_json":[{"label":"Home","link":"https:\/\/candas365.es\/noticias"},{"label":"Agenda","link":"https:\/\/candas365.es\/noticias\/category\/agenda\/"},{"label":"El Teatro de la Laboral apuesta por la m\u00fasica para todos los p\u00fablicos","link":"https:\/\/candas365.es\/noticias\/el-teatro-de-la-laboral-apuesta-por-la-musica-para-todos-los-publicos\/"}],"_links":{"self":[{"href":"https:\/\/candas365.es\/noticias\/wp-json\/wp\/v2\/posts\/87979","targetHints":{"allow":["GET"]}}],"collection":[{"href":"https:\/\/candas365.es\/noticias\/wp-json\/wp\/v2\/posts"}],"about":[{"href":"https:\/\/candas365.es\/noticias\/wp-json\/wp\/v2\/types\/post"}],"author":[{"embeddable":true,"href":"https:\/\/candas365.es\/noticias\/wp-json\/wp\/v2\/users\/1"}],"replies":[{"embeddable":true,"href":"https:\/\/candas365.es\/noticias\/wp-json\/wp\/v2\/comments?post=87979"}],"version-history":[{"count":0,"href":"https:\/\/candas365.es\/noticias\/wp-json\/wp\/v2\/posts\/87979\/revisions"}],"wp:featuredmedia":[{"embeddable":true,"href":"https:\/\/candas365.es\/noticias\/wp-json\/wp\/v2\/media\/80268"}],"wp:attachment":[{"href":"https:\/\/candas365.es\/noticias\/wp-json\/wp\/v2\/media?parent=87979"}],"wp:term":[{"taxonomy":"category","embeddable":true,"href":"https:\/\/candas365.es\/noticias\/wp-json\/wp\/v2\/categories?post=87979"},{"taxonomy":"post_tag","embeddable":true,"href":"https:\/\/candas365.es\/noticias\/wp-json\/wp\/v2\/tags?post=87979"}],"curies":[{"name":"wp","href":"https:\/\/api.w.org\/{rel}","templated":true}]}}