{"id":87586,"date":"2017-12-28T06:03:55","date_gmt":"2017-12-28T06:03:55","guid":{"rendered":"http:\/\/candas365.es\/noticias\/?p=87586"},"modified":"2017-12-28T06:03:55","modified_gmt":"2017-12-28T06:03:55","slug":"los-inocentes-de-2017-en-la-1","status":"publish","type":"post","link":"https:\/\/candas365.es\/noticias\/los-inocentes-de-2017-en-la-1\/","title":{"rendered":"Los \u201cinocentes\u201d de 2017, en La 1"},"content":{"rendered":"<p><img fetchpriority=\"high\" decoding=\"async\" class=\"alignleft size-medium wp-image-87587\" src=\"https:\/\/candas365.es\/noticias\/wp-content\/uploads\/2017\/12\/1514371663162-360x240.jpg\" alt=\"\" width=\"360\" height=\"240\" srcset=\"https:\/\/candas365.es\/noticias\/wp-content\/uploads\/2017\/12\/1514371663162-360x240.jpg 360w, https:\/\/candas365.es\/noticias\/wp-content\/uploads\/2017\/12\/1514371663162-768x512.jpg 768w, https:\/\/candas365.es\/noticias\/wp-content\/uploads\/2017\/12\/1514371663162-655x436.jpg 655w, https:\/\/candas365.es\/noticias\/wp-content\/uploads\/2017\/12\/1514371663162-696x464.jpg 696w, https:\/\/candas365.es\/noticias\/wp-content\/uploads\/2017\/12\/1514371663162-630x420.jpg 630w, https:\/\/candas365.es\/noticias\/wp-content\/uploads\/2017\/12\/1514371663162-84x55.jpg 84w, https:\/\/candas365.es\/noticias\/wp-content\/uploads\/2017\/12\/1514371663162.jpg 800w\" sizes=\"(max-width: 360px) 100vw, 360px\" \/>La Gala Inocente, Inocente 2017 regresa este jueves a La 1 cargada de solidaridad. La presentadora de \u2018Masterchef\u2019, Eva Gonz\u00e1lez; el presidente del Atl\u00e9tico de Madrid, Enrique Cerezo; el periodista deportivo Manolo Lama; la actriz y presentadora Ana Obreg\u00f3n; el cantautor El Arrebato; el campe\u00f3n del mundo de patinaje sobre hielo Javier Fern\u00e1ndez; la bailaora Cecilia G\u00f3mez; y la presentadora y humorista Berta Collado, son los famosos que protagonizar\u00e1n las bromas de la gala de este a\u00f1o, que estar\u00e1 presentada por Juanma Iturriaga, Anne Igartiburu, Jacob Petrus y Marta Solano, y que contar\u00e1 con la colaboraci\u00f3n especial de Juan y Medio.<\/p>\n<p>Tras 22 a\u00f1os de emisi\u00f3n, esta Navidad la Gala Inocente, Inocente pedir\u00e1 la colaboraci\u00f3n de los espectadores para ayudar a los ni\u00f1os con c\u00e1ncer a mejorar su calidad de vida y la de sus familias, adem\u00e1s de apoyar proyectos de investigaci\u00f3n sobre c\u00e1ncer infantil.<\/p>\n<p>Adem\u00e1s de las bromas a los famosos inocentes y de las actuaciones en plat\u00f3 de Mar\u00eda Parrado, Los Vivancos, Adexe y Nau, Fito y La Cuadri del Hospi y El Arrebato, este a\u00f1o el programa se acercar\u00e1 con personajes famosos a varios proyectos para conocer el d\u00eda a d\u00eda de los ni\u00f1os con c\u00e1ncer y llevar\u00e1 la gala a la calle con una actuaci\u00f3n musical de Los Secretos y el coro del Colegio Tajamar.<\/p>\n<p>Este a\u00f1o, La 1 dedicar\u00e1 todo el d\u00eda a esta acci\u00f3n solidaria y todos los programas dedicar\u00e1n menciones o secciones para reforzar la gala y conseguir el mayor apoyo de los espectadores. Los donativos podr\u00e1n realizarse en el 900 30 30 52 o en www.inocente.com. Tras la gala se abrir\u00e1 la convocatoria de proyectos asistenciales y de investigaci\u00f3n, para seleccionar las entidades a las que se destinar\u00e1n las ayudas.<\/p>\n<p>El a\u00f1o pasado, m\u00e1s de 1,8 millones de espectadores (16,6% de cuota) siguieron de media el programa en La 1, y m\u00e1s de 8,7 millones de personas vieron alg\u00fan minuto de la Gala que obtuvo una recaudaci\u00f3n de m\u00e1s de 1.161.000 euros que se destinaron a 77 proyectos asistenciales y 10 proyectos de investigaci\u00f3n de enfermedades raras.<\/p>\n<p>En Espa\u00f1a, alrededor de 1.400 ni\u00f1os y adolescentes son diagnosticados de c\u00e1ncer cada a\u00f1o. Cerca del 80% de los ni\u00f1os diagnosticados con c\u00e1ncer sobreviven, aunque sigue siendo la primera causa de muerte por enfermedad de los ni\u00f1os menores de 14 a\u00f1os.<\/p>\n<p>La Gala Inocente, Inocente 2017 cuenta con el patrocinio cultural de Pandora y la colaboraci\u00f3n de la Fundaci\u00f3n Telef\u00f3nica.<\/p>\n<p><strong>Los \u201cinocentes\u201d 2017<\/strong><\/p>\n<p>Enrique Cerezo, el presidente del Atl\u00e9tico de Madrid, es capaz de defender su nuevo estadio, el Wanda Metropolitano, ante cualquier incidencia, aunque sea de lo m\u00e1s surrealista.<\/p>\n<p>Manolo Lama, el popular periodista deportivo, se ver\u00e1 envuelto en una situaci\u00f3n rocambolesca en un restaurante, donde nadie es lo que parece y nada es lo que debe ser.<\/p>\n<p>Eva Gonz\u00e1lez, presentadora de \u2018MasterChef\u2019, se meter\u00e1 en un buen l\u00edo por culpa de las nuevas tecnolog\u00edas.<\/p>\n<p>Ana Obreg\u00f3n, la popular actriz y presentadora, se enfrentar\u00e1 a una amenaza extraterrestre. \u00bfC\u00f3mo reaccionar\u00e1?<\/p>\n<p>Berta Collado, presentadora y humorista, tendr\u00e1 que hacer gala de todo su desparpajo al conocer en persona al mism\u00edsimo Cervantes.<\/p>\n<p>El Arrebato, el espont\u00e1neo cantante se ver\u00e1 involucrado en un peculiar conflicto internacional.<\/p>\n<p>Javier Fern\u00e1ndez, campe\u00f3n del mundo de patinaje sobre hielo y 5 veces campe\u00f3n de Europa, se enfrentar\u00e1 a su m\u00e1s dif\u00edcil pirueta para demostrar su inocencia ante el robo de una obra de arte.<\/p>\n<p>Cecilia G\u00f3mez, la famosa bailaora, visitar\u00e1 el Centro Nacional de Investigaci\u00f3n Oncol\u00f3gica (CNIO) y realizar\u00e1 un curioso viaje en el tiempo.<\/p>\n<p><strong>La Fundaci\u00f3n Inocente, Inocente<\/strong><\/p>\n<p>Desde su creaci\u00f3n, el trabajo y esfuerzo de la Fundaci\u00f3n Inocente, Inocente se ha centrado principalmente la recaudaci\u00f3n de fondos para ayudar a aquellas entidades que dedican su esfuerzo a los m\u00e1s inocentes, los ni\u00f1os y ni\u00f1as con problemas de car\u00e1cter f\u00edsico, ps\u00edquico o en riesgo de marginaci\u00f3n y exclusi\u00f3n social. Adem\u00e1s de concienciar e involucrar a toda la sociedad espa\u00f1ola sobre los problemas y situaciones dif\u00edciles que afectan a la poblaci\u00f3n infantil.<\/p>\n","protected":false},"excerpt":{"rendered":"<p>La Gala Inocente, Inocente 2017 regresa este jueves a La 1 cargada de solidaridad. La presentadora de \u2018Masterchef\u2019, Eva Gonz\u00e1lez; el presidente del Atl\u00e9tico de Madrid, Enrique Cerezo; el periodista deportivo Manolo Lama; la actriz y presentadora Ana Obreg\u00f3n; el cantautor El Arrebato; el campe\u00f3n del mundo de patinaje sobre hielo Javier Fern\u00e1ndez; la bailaora<\/p>\n","protected":false},"author":1,"featured_media":87587,"comment_status":"closed","ping_status":"closed","sticky":false,"template":"","format":"standard","meta":{"footnotes":""},"categories":[1],"tags":[],"class_list":{"0":"post-87586","1":"post","2":"type-post","3":"status-publish","4":"format-standard","5":"has-post-thumbnail","7":"category-agenda"},"aioseo_notices":[],"aioseo_head":"\n\t\t<!-- All in One SEO Pro 4.9.6.2 - aioseo.com -->\n\t<meta name=\"description\" content=\"La Gala Inocente, Inocente 2017 regresa este jueves a La 1 cargada de solidaridad. La presentadora de \u2018Masterchef\u2019, Eva Gonz\u00e1lez; el presidente del Atl\u00e9tico de Madrid, Enrique Cerezo; el periodista deportivo Manolo Lama; la actriz y presentadora Ana Obreg\u00f3n; el cantautor El Arrebato; el campe\u00f3n del mundo de patinaje sobre hielo Javier Fern\u00e1ndez; la bailaora\" \/>\n\t<meta name=\"robots\" content=\"max-image-preview:large\" \/>\n\t<meta name=\"author\" content=\"Cand\u00e1s 365\"\/>\n\t<meta name=\"google-site-verification\" content=\"UA-32230408-1\" \/>\n\t<meta name=\"msvalidate.01\" content=\"354F3CDFB2DA171B47FBE9ABF1F88D5\" \/>\n\t<meta name=\"keywords\" content=\"agenda\" \/>\n\t<link rel=\"canonical\" href=\"https:\/\/candas365.es\/noticias\/los-inocentes-de-2017-en-la-1\/\" \/>\n\t<meta name=\"generator\" content=\"All in One SEO Pro (AIOSEO) 4.9.6.2\" \/>\n\t\t<meta property=\"og:locale\" content=\"es_ES\" \/>\n\t\t<meta property=\"og:site_name\" content=\"Cand\u00e1s 365\" \/>\n\t\t<meta property=\"og:type\" content=\"article\" \/>\n\t\t<meta property=\"og:title\" content=\"Los \u201cinocentes\u201d de 2017, en La 1 | Cand\u00e1s 365\" \/>\n\t\t<meta property=\"og:description\" content=\"La Gala Inocente, Inocente 2017 regresa este jueves a La 1 cargada de solidaridad. La presentadora de \u2018Masterchef\u2019, Eva Gonz\u00e1lez; el presidente del Atl\u00e9tico de Madrid, Enrique Cerezo; el periodista deportivo Manolo Lama; la actriz y presentadora Ana Obreg\u00f3n; el cantautor El Arrebato; el campe\u00f3n del mundo de patinaje sobre hielo Javier Fern\u00e1ndez; la bailaora\" \/>\n\t\t<meta property=\"og:url\" content=\"https:\/\/candas365.es\/noticias\/los-inocentes-de-2017-en-la-1\/\" \/>\n\t\t<meta property=\"og:image\" content=\"https:\/\/candas365.es\/noticias\/wp-content\/uploads\/2017\/12\/1514371663162.jpg\" \/>\n\t\t<meta property=\"og:image:secure_url\" content=\"https:\/\/candas365.es\/noticias\/wp-content\/uploads\/2017\/12\/1514371663162.jpg\" \/>\n\t\t<meta property=\"og:image:width\" content=\"800\" \/>\n\t\t<meta property=\"og:image:height\" content=\"533\" \/>\n\t\t<meta property=\"article:published_time\" content=\"2017-12-28T06:03:55+00:00\" \/>\n\t\t<meta property=\"article:modified_time\" content=\"2017-12-28T06:03:55+00:00\" \/>\n\t\t<meta property=\"article:publisher\" content=\"https:\/\/www.facebook.com\/Nachofdezber\" \/>\n\t\t<meta property=\"article:author\" content=\"https:\/\/www.facebook.com\/carrenoactualidad\" \/>\n\t\t<meta name=\"twitter:card\" content=\"summary_large_image\" \/>\n\t\t<meta name=\"twitter:site\" content=\"@NabercoDigital\" \/>\n\t\t<meta name=\"twitter:title\" content=\"Los \u201cinocentes\u201d de 2017, en La 1 | Cand\u00e1s 365\" \/>\n\t\t<meta name=\"twitter:description\" content=\"La Gala Inocente, Inocente 2017 regresa este jueves a La 1 cargada de solidaridad. La presentadora de \u2018Masterchef\u2019, Eva Gonz\u00e1lez; el presidente del Atl\u00e9tico de Madrid, Enrique Cerezo; el periodista deportivo Manolo Lama; la actriz y presentadora Ana Obreg\u00f3n; el cantautor El Arrebato; el campe\u00f3n del mundo de patinaje sobre hielo Javier Fern\u00e1ndez; la bailaora\" \/>\n\t\t<meta name=\"twitter:creator\" content=\"@nbasturias\" \/>\n\t\t<meta name=\"twitter:image\" content=\"https:\/\/candas365.es\/noticias\/wp-content\/uploads\/2017\/12\/1514371663162.jpg\" \/>\n\t\t<meta name=\"twitter:label1\" content=\"Escrito por\" \/>\n\t\t<meta name=\"twitter:data1\" content=\"Cand\u00e1s 365\" \/>\n\t\t<meta name=\"twitter:label2\" content=\"Tiempo de lectura estimado\" \/>\n\t\t<meta name=\"twitter:data2\" content=\"4 minutos\" \/>\n\t\t<script type=\"application\/ld+json\" class=\"aioseo-schema\">\n\t\t\t{\"@context\":\"https:\\\/\\\/schema.org\",\"@graph\":[{\"@type\":\"BreadcrumbList\",\"@id\":\"https:\\\/\\\/candas365.es\\\/noticias\\\/los-inocentes-de-2017-en-la-1\\\/#breadcrumblist\",\"itemListElement\":[{\"@type\":\"ListItem\",\"@id\":\"https:\\\/\\\/candas365.es\\\/noticias#listItem\",\"position\":1,\"name\":\"Home\",\"item\":\"https:\\\/\\\/candas365.es\\\/noticias\",\"nextItem\":{\"@type\":\"ListItem\",\"@id\":\"https:\\\/\\\/candas365.es\\\/noticias\\\/category\\\/agenda\\\/#listItem\",\"name\":\"Agenda\"}},{\"@type\":\"ListItem\",\"@id\":\"https:\\\/\\\/candas365.es\\\/noticias\\\/category\\\/agenda\\\/#listItem\",\"position\":2,\"name\":\"Agenda\",\"item\":\"https:\\\/\\\/candas365.es\\\/noticias\\\/category\\\/agenda\\\/\",\"nextItem\":{\"@type\":\"ListItem\",\"@id\":\"https:\\\/\\\/candas365.es\\\/noticias\\\/los-inocentes-de-2017-en-la-1\\\/#listItem\",\"name\":\"Los \\u201cinocentes\\u201d de 2017, en La 1\"},\"previousItem\":{\"@type\":\"ListItem\",\"@id\":\"https:\\\/\\\/candas365.es\\\/noticias#listItem\",\"name\":\"Home\"}},{\"@type\":\"ListItem\",\"@id\":\"https:\\\/\\\/candas365.es\\\/noticias\\\/los-inocentes-de-2017-en-la-1\\\/#listItem\",\"position\":3,\"name\":\"Los \\u201cinocentes\\u201d de 2017, en La 1\",\"previousItem\":{\"@type\":\"ListItem\",\"@id\":\"https:\\\/\\\/candas365.es\\\/noticias\\\/category\\\/agenda\\\/#listItem\",\"name\":\"Agenda\"}}]},{\"@type\":\"NewsArticle\",\"@id\":\"https:\\\/\\\/candas365.es\\\/noticias\\\/los-inocentes-de-2017-en-la-1\\\/#newsarticle\",\"name\":\"Los \\u201cinocentes\\u201d de 2017, en La 1 | Cand\\u00e1s 365\",\"headline\":\"Los \\u201cinocentes\\u201d de 2017, en La 1\",\"author\":{\"@id\":\"https:\\\/\\\/candas365.es\\\/noticias\\\/author\\\/admin\\\/#author\"},\"publisher\":{\"@id\":\"https:\\\/\\\/candas365.es\\\/noticias\\\/#organization\"},\"image\":{\"@type\":\"ImageObject\",\"url\":\"https:\\\/\\\/candas365.es\\\/noticias\\\/wp-content\\\/uploads\\\/2017\\\/12\\\/1514371663162.jpg\",\"width\":800,\"height\":533},\"datePublished\":\"2017-12-28T06:03:55+01:00\",\"dateModified\":\"2017-12-28T06:03:55+01:00\",\"inLanguage\":\"es-ES\",\"mainEntityOfPage\":{\"@id\":\"https:\\\/\\\/candas365.es\\\/noticias\\\/los-inocentes-de-2017-en-la-1\\\/#webpage\"},\"isPartOf\":{\"@id\":\"https:\\\/\\\/candas365.es\\\/noticias\\\/los-inocentes-de-2017-en-la-1\\\/#webpage\"},\"articleSection\":\"Agenda\",\"dateline\":\"Publicado el diciembre 28, 2017.\"},{\"@type\":\"Organization\",\"@id\":\"https:\\\/\\\/candas365.es\\\/noticias\\\/#organization\",\"name\":\"Cand\\u00e1s 365\",\"description\":\"Cand\\u00e1s 365 es un diario digital independiente, fundado en 2012, con base en Asturias. Informamos con rigor sobre actualidad, sociedad, cultura y ocio, con una mirada local y global.\",\"url\":\"https:\\\/\\\/candas365.es\\\/noticias\\\/\",\"email\":\"info@candas365.es\",\"telephone\":\"+34652131393\",\"foundingDate\":\"2012-06-10\",\"logo\":{\"@type\":\"ImageObject\",\"url\":\"https:\\\/\\\/candas365.es\\\/noticias\\\/wp-content\\\/uploads\\\/2024\\\/09\\\/Candas-365-Redes.jpg\",\"@id\":\"https:\\\/\\\/candas365.es\\\/noticias\\\/los-inocentes-de-2017-en-la-1\\\/#organizationLogo\",\"width\":1152,\"height\":864,\"caption\":\"Cand\\u00e1s 365 Redes\"},\"image\":{\"@id\":\"https:\\\/\\\/candas365.es\\\/noticias\\\/los-inocentes-de-2017-en-la-1\\\/#organizationLogo\"},\"sameAs\":[\"https:\\\/\\\/www.facebook.com\\\/Nachofdezber\",\"https:\\\/\\\/x.com\\\/NabercoDigital\",\"https:\\\/\\\/www.instagram.com\\\/nachofdezber\\\/\",\"https:\\\/\\\/www.youtube.com\\\/channel\\\/UCZP-2wLEB9Rv6erhFmqVnvg\"],\"address\":{\"@id\":\"https:\\\/\\\/candas365.es\\\/noticias\\\/#postaladdress\",\"@type\":\"PostalAddress\",\"streetAddress\":\"san antonio 4, san antonio 4\",\"postalCode\":\"33430\",\"addressLocality\":\"Cand\\u00e1s\",\"addressRegion\":\"Asturias\",\"addressCountry\":\"ES\"}},{\"@type\":\"Person\",\"@id\":\"https:\\\/\\\/candas365.es\\\/noticias\\\/author\\\/admin\\\/#author\",\"url\":\"https:\\\/\\\/candas365.es\\\/noticias\\\/author\\\/admin\\\/\",\"name\":\"Cand\\u00e1s 365\",\"image\":{\"@type\":\"ImageObject\",\"@id\":\"https:\\\/\\\/candas365.es\\\/noticias\\\/los-inocentes-de-2017-en-la-1\\\/#authorImage\",\"url\":\"https:\\\/\\\/secure.gravatar.com\\\/avatar\\\/496a8e03d0c493ede1718b7934145dbdf8d89be1036b0eec9544e1094c9de390?s=96&d=mm&r=g\",\"width\":96,\"height\":96,\"caption\":\"Cand\\u00e1s 365\"},\"sameAs\":[\"https:\\\/\\\/www.facebook.com\\\/carrenoactualidad\",\"https:\\\/\\\/twitter.com\\\/nbasturias\",\"https:\\\/\\\/www.instagram.com\\\/nachofdezber\\\/\",\"https:\\\/\\\/www.youtube.com\\\/channel\\\/UCZP-2wLEB9Rv6erhFmqVnvg\"]},{\"@type\":\"WebPage\",\"@id\":\"https:\\\/\\\/candas365.es\\\/noticias\\\/los-inocentes-de-2017-en-la-1\\\/#webpage\",\"url\":\"https:\\\/\\\/candas365.es\\\/noticias\\\/los-inocentes-de-2017-en-la-1\\\/\",\"name\":\"Los \\u201cinocentes\\u201d de 2017, en La 1 | Cand\\u00e1s 365\",\"description\":\"La Gala Inocente, Inocente 2017 regresa este jueves a La 1 cargada de solidaridad. La presentadora de \\u2018Masterchef\\u2019, Eva Gonz\\u00e1lez; el presidente del Atl\\u00e9tico de Madrid, Enrique Cerezo; el periodista deportivo Manolo Lama; la actriz y presentadora Ana Obreg\\u00f3n; el cantautor El Arrebato; el campe\\u00f3n del mundo de patinaje sobre hielo Javier Fern\\u00e1ndez; la bailaora\",\"inLanguage\":\"es-ES\",\"isPartOf\":{\"@id\":\"https:\\\/\\\/candas365.es\\\/noticias\\\/#website\"},\"breadcrumb\":{\"@id\":\"https:\\\/\\\/candas365.es\\\/noticias\\\/los-inocentes-de-2017-en-la-1\\\/#breadcrumblist\"},\"author\":{\"@id\":\"https:\\\/\\\/candas365.es\\\/noticias\\\/author\\\/admin\\\/#author\"},\"creator\":{\"@id\":\"https:\\\/\\\/candas365.es\\\/noticias\\\/author\\\/admin\\\/#author\"},\"image\":{\"@type\":\"ImageObject\",\"url\":\"https:\\\/\\\/candas365.es\\\/noticias\\\/wp-content\\\/uploads\\\/2017\\\/12\\\/1514371663162.jpg\",\"@id\":\"https:\\\/\\\/candas365.es\\\/noticias\\\/los-inocentes-de-2017-en-la-1\\\/#mainImage\",\"width\":800,\"height\":533},\"primaryImageOfPage\":{\"@id\":\"https:\\\/\\\/candas365.es\\\/noticias\\\/los-inocentes-de-2017-en-la-1\\\/#mainImage\"},\"datePublished\":\"2017-12-28T06:03:55+01:00\",\"dateModified\":\"2017-12-28T06:03:55+01:00\"},{\"@type\":\"WebSite\",\"@id\":\"https:\\\/\\\/candas365.es\\\/noticias\\\/#website\",\"url\":\"https:\\\/\\\/candas365.es\\\/noticias\\\/\",\"name\":\"Cand\\u00e1s 365\",\"alternateName\":\"Cand\\u00e1s 365 Noticias\",\"description\":\"Actualidad desde Carre\\u00f1o para el mundo\",\"inLanguage\":\"es-ES\",\"publisher\":{\"@id\":\"https:\\\/\\\/candas365.es\\\/noticias\\\/#organization\"}}]}\n\t\t<\/script>\n\t\t<!-- All in One SEO Pro -->\r\n\t\t<title>Los \u201cinocentes\u201d de 2017, en La 1 | Cand\u00e1s 365<\/title>\n\n","aioseo_head_json":{"title":"Los \u201cinocentes\u201d de 2017, en La 1 | Cand\u00e1s 365","description":"La Gala Inocente, Inocente 2017 regresa este jueves a La 1 cargada de solidaridad. La presentadora de \u2018Masterchef\u2019, Eva Gonz\u00e1lez; el presidente del Atl\u00e9tico de Madrid, Enrique Cerezo; el periodista deportivo Manolo Lama; la actriz y presentadora Ana Obreg\u00f3n; el cantautor El Arrebato; el campe\u00f3n del mundo de patinaje sobre hielo Javier Fern\u00e1ndez; la bailaora","canonical_url":"https:\/\/candas365.es\/noticias\/los-inocentes-de-2017-en-la-1\/","robots":"max-image-preview:large","keywords":"agenda","webmasterTools":{"google-site-verification":"UA-32230408-1","msvalidate.01":"354F3CDFB2DA171B47FBE9ABF1F88D5","miscellaneous":""},"schema":{"@context":"https:\/\/schema.org","@graph":[{"@type":"BreadcrumbList","@id":"https:\/\/candas365.es\/noticias\/los-inocentes-de-2017-en-la-1\/#breadcrumblist","itemListElement":[{"@type":"ListItem","@id":"https:\/\/candas365.es\/noticias#listItem","position":1,"name":"Home","item":"https:\/\/candas365.es\/noticias","nextItem":{"@type":"ListItem","@id":"https:\/\/candas365.es\/noticias\/category\/agenda\/#listItem","name":"Agenda"}},{"@type":"ListItem","@id":"https:\/\/candas365.es\/noticias\/category\/agenda\/#listItem","position":2,"name":"Agenda","item":"https:\/\/candas365.es\/noticias\/category\/agenda\/","nextItem":{"@type":"ListItem","@id":"https:\/\/candas365.es\/noticias\/los-inocentes-de-2017-en-la-1\/#listItem","name":"Los \u201cinocentes\u201d de 2017, en La 1"},"previousItem":{"@type":"ListItem","@id":"https:\/\/candas365.es\/noticias#listItem","name":"Home"}},{"@type":"ListItem","@id":"https:\/\/candas365.es\/noticias\/los-inocentes-de-2017-en-la-1\/#listItem","position":3,"name":"Los \u201cinocentes\u201d de 2017, en La 1","previousItem":{"@type":"ListItem","@id":"https:\/\/candas365.es\/noticias\/category\/agenda\/#listItem","name":"Agenda"}}]},{"@type":"NewsArticle","@id":"https:\/\/candas365.es\/noticias\/los-inocentes-de-2017-en-la-1\/#newsarticle","name":"Los \u201cinocentes\u201d de 2017, en La 1 | Cand\u00e1s 365","headline":"Los \u201cinocentes\u201d de 2017, en La 1","author":{"@id":"https:\/\/candas365.es\/noticias\/author\/admin\/#author"},"publisher":{"@id":"https:\/\/candas365.es\/noticias\/#organization"},"image":{"@type":"ImageObject","url":"https:\/\/candas365.es\/noticias\/wp-content\/uploads\/2017\/12\/1514371663162.jpg","width":800,"height":533},"datePublished":"2017-12-28T06:03:55+01:00","dateModified":"2017-12-28T06:03:55+01:00","inLanguage":"es-ES","mainEntityOfPage":{"@id":"https:\/\/candas365.es\/noticias\/los-inocentes-de-2017-en-la-1\/#webpage"},"isPartOf":{"@id":"https:\/\/candas365.es\/noticias\/los-inocentes-de-2017-en-la-1\/#webpage"},"articleSection":"Agenda","dateline":"Publicado el diciembre 28, 2017."},{"@type":"Organization","@id":"https:\/\/candas365.es\/noticias\/#organization","name":"Cand\u00e1s 365","description":"Cand\u00e1s 365 es un diario digital independiente, fundado en 2012, con base en Asturias. Informamos con rigor sobre actualidad, sociedad, cultura y ocio, con una mirada local y global.","url":"https:\/\/candas365.es\/noticias\/","email":"info@candas365.es","telephone":"+34652131393","foundingDate":"2012-06-10","logo":{"@type":"ImageObject","url":"https:\/\/candas365.es\/noticias\/wp-content\/uploads\/2024\/09\/Candas-365-Redes.jpg","@id":"https:\/\/candas365.es\/noticias\/los-inocentes-de-2017-en-la-1\/#organizationLogo","width":1152,"height":864,"caption":"Cand\u00e1s 365 Redes"},"image":{"@id":"https:\/\/candas365.es\/noticias\/los-inocentes-de-2017-en-la-1\/#organizationLogo"},"sameAs":["https:\/\/www.facebook.com\/Nachofdezber","https:\/\/x.com\/NabercoDigital","https:\/\/www.instagram.com\/nachofdezber\/","https:\/\/www.youtube.com\/channel\/UCZP-2wLEB9Rv6erhFmqVnvg"],"address":{"@id":"https:\/\/candas365.es\/noticias\/#postaladdress","@type":"PostalAddress","streetAddress":"san antonio 4, san antonio 4","postalCode":"33430","addressLocality":"Cand\u00e1s","addressRegion":"Asturias","addressCountry":"ES"}},{"@type":"Person","@id":"https:\/\/candas365.es\/noticias\/author\/admin\/#author","url":"https:\/\/candas365.es\/noticias\/author\/admin\/","name":"Cand\u00e1s 365","image":{"@type":"ImageObject","@id":"https:\/\/candas365.es\/noticias\/los-inocentes-de-2017-en-la-1\/#authorImage","url":"https:\/\/secure.gravatar.com\/avatar\/496a8e03d0c493ede1718b7934145dbdf8d89be1036b0eec9544e1094c9de390?s=96&d=mm&r=g","width":96,"height":96,"caption":"Cand\u00e1s 365"},"sameAs":["https:\/\/www.facebook.com\/carrenoactualidad","https:\/\/twitter.com\/nbasturias","https:\/\/www.instagram.com\/nachofdezber\/","https:\/\/www.youtube.com\/channel\/UCZP-2wLEB9Rv6erhFmqVnvg"]},{"@type":"WebPage","@id":"https:\/\/candas365.es\/noticias\/los-inocentes-de-2017-en-la-1\/#webpage","url":"https:\/\/candas365.es\/noticias\/los-inocentes-de-2017-en-la-1\/","name":"Los \u201cinocentes\u201d de 2017, en La 1 | Cand\u00e1s 365","description":"La Gala Inocente, Inocente 2017 regresa este jueves a La 1 cargada de solidaridad. La presentadora de \u2018Masterchef\u2019, Eva Gonz\u00e1lez; el presidente del Atl\u00e9tico de Madrid, Enrique Cerezo; el periodista deportivo Manolo Lama; la actriz y presentadora Ana Obreg\u00f3n; el cantautor El Arrebato; el campe\u00f3n del mundo de patinaje sobre hielo Javier Fern\u00e1ndez; la bailaora","inLanguage":"es-ES","isPartOf":{"@id":"https:\/\/candas365.es\/noticias\/#website"},"breadcrumb":{"@id":"https:\/\/candas365.es\/noticias\/los-inocentes-de-2017-en-la-1\/#breadcrumblist"},"author":{"@id":"https:\/\/candas365.es\/noticias\/author\/admin\/#author"},"creator":{"@id":"https:\/\/candas365.es\/noticias\/author\/admin\/#author"},"image":{"@type":"ImageObject","url":"https:\/\/candas365.es\/noticias\/wp-content\/uploads\/2017\/12\/1514371663162.jpg","@id":"https:\/\/candas365.es\/noticias\/los-inocentes-de-2017-en-la-1\/#mainImage","width":800,"height":533},"primaryImageOfPage":{"@id":"https:\/\/candas365.es\/noticias\/los-inocentes-de-2017-en-la-1\/#mainImage"},"datePublished":"2017-12-28T06:03:55+01:00","dateModified":"2017-12-28T06:03:55+01:00"},{"@type":"WebSite","@id":"https:\/\/candas365.es\/noticias\/#website","url":"https:\/\/candas365.es\/noticias\/","name":"Cand\u00e1s 365","alternateName":"Cand\u00e1s 365 Noticias","description":"Actualidad desde Carre\u00f1o para el mundo","inLanguage":"es-ES","publisher":{"@id":"https:\/\/candas365.es\/noticias\/#organization"}}]},"og:locale":"es_ES","og:site_name":"Cand\u00e1s 365","og:type":"article","og:title":"Los \u201cinocentes\u201d de 2017, en La 1 | Cand\u00e1s 365","og:description":"La Gala Inocente, Inocente 2017 regresa este jueves a La 1 cargada de solidaridad. La presentadora de \u2018Masterchef\u2019, Eva Gonz\u00e1lez; el presidente del Atl\u00e9tico de Madrid, Enrique Cerezo; el periodista deportivo Manolo Lama; la actriz y presentadora Ana Obreg\u00f3n; el cantautor El Arrebato; el campe\u00f3n del mundo de patinaje sobre hielo Javier Fern\u00e1ndez; la bailaora","og:url":"https:\/\/candas365.es\/noticias\/los-inocentes-de-2017-en-la-1\/","og:image":"https:\/\/candas365.es\/noticias\/wp-content\/uploads\/2017\/12\/1514371663162.jpg","og:image:secure_url":"https:\/\/candas365.es\/noticias\/wp-content\/uploads\/2017\/12\/1514371663162.jpg","og:image:width":800,"og:image:height":533,"article:published_time":"2017-12-28T06:03:55+00:00","article:modified_time":"2017-12-28T06:03:55+00:00","article:publisher":"https:\/\/www.facebook.com\/Nachofdezber","article:author":"https:\/\/www.facebook.com\/carrenoactualidad","twitter:card":"summary_large_image","twitter:site":"@NabercoDigital","twitter:title":"Los \u201cinocentes\u201d de 2017, en La 1 | Cand\u00e1s 365","twitter:description":"La Gala Inocente, Inocente 2017 regresa este jueves a La 1 cargada de solidaridad. La presentadora de \u2018Masterchef\u2019, Eva Gonz\u00e1lez; el presidente del Atl\u00e9tico de Madrid, Enrique Cerezo; el periodista deportivo Manolo Lama; la actriz y presentadora Ana Obreg\u00f3n; el cantautor El Arrebato; el campe\u00f3n del mundo de patinaje sobre hielo Javier Fern\u00e1ndez; la bailaora","twitter:creator":"@nbasturias","twitter:image":"https:\/\/candas365.es\/noticias\/wp-content\/uploads\/2017\/12\/1514371663162.jpg","twitter:label1":"Escrito por","twitter:data1":"Cand\u00e1s 365","twitter:label2":"Tiempo de lectura estimado","twitter:data2":"4 minutos"},"aioseo_meta_data":{"post_id":"87586","title":null,"description":null,"keywords":null,"keyphrases":null,"primary_term":null,"canonical_url":null,"og_title":null,"og_description":null,"og_object_type":"default","og_image_type":"default","og_image_url":null,"og_image_width":null,"og_image_height":null,"og_image_custom_url":null,"og_image_custom_fields":null,"og_video":null,"og_custom_url":null,"og_article_section":null,"og_article_tags":null,"twitter_use_og":false,"twitter_card":"default","twitter_image_type":"default","twitter_image_url":null,"twitter_image_custom_url":null,"twitter_image_custom_fields":null,"twitter_title":null,"twitter_description":null,"schema":{"blockGraphs":[],"customGraphs":[],"default":{"data":{"Article":[],"Course":[],"Dataset":[],"FAQPage":[],"Movie":[],"Person":[],"Product":[],"ProductReview":[],"Car":[],"Recipe":[],"Service":[],"SoftwareApplication":[],"WebPage":[]},"graphName":"","isEnabled":true},"graphs":[],"defaultGraph":"","defaultPostTypeGraph":""},"schema_type":null,"schema_type_options":null,"pillar_content":false,"robots_default":true,"robots_noindex":false,"robots_noarchive":false,"robots_nosnippet":false,"robots_nofollow":false,"robots_noimageindex":false,"robots_noodp":false,"robots_notranslate":false,"robots_max_snippet":null,"robots_max_videopreview":null,"robots_max_imagepreview":"large","priority":null,"frequency":null,"location":null,"local_seo":null,"seo_analyzer_scan_date":"2025-08-26 09:50:16","breadcrumb_settings":null,"limit_modified_date":false,"reviewed_by":null,"open_ai":null,"ai":null,"created":"2020-12-21 12:07:57","updated":"2025-08-26 09:50:16"},"aioseo_breadcrumb":"<div class=\"aioseo-breadcrumbs\"><span class=\"aioseo-breadcrumb\">\n\t<a href=\"https:\/\/candas365.es\/noticias\" title=\"Home\">Home<\/a>\n<\/span><span class=\"aioseo-breadcrumb-separator\">&ndash;<\/span><span class=\"aioseo-breadcrumb\">\n\t<a href=\"https:\/\/candas365.es\/noticias\/category\/agenda\/\" title=\"Agenda\">Agenda<\/a>\n<\/span><span class=\"aioseo-breadcrumb-separator\">&ndash;<\/span><span class=\"aioseo-breadcrumb\">\n\tLos \u201cinocentes\u201d de 2017, en La 1\n<\/span><\/div>","aioseo_breadcrumb_json":[{"label":"Home","link":"https:\/\/candas365.es\/noticias"},{"label":"Agenda","link":"https:\/\/candas365.es\/noticias\/category\/agenda\/"},{"label":"Los \u201cinocentes\u201d de 2017, en La 1","link":"https:\/\/candas365.es\/noticias\/los-inocentes-de-2017-en-la-1\/"}],"_links":{"self":[{"href":"https:\/\/candas365.es\/noticias\/wp-json\/wp\/v2\/posts\/87586","targetHints":{"allow":["GET"]}}],"collection":[{"href":"https:\/\/candas365.es\/noticias\/wp-json\/wp\/v2\/posts"}],"about":[{"href":"https:\/\/candas365.es\/noticias\/wp-json\/wp\/v2\/types\/post"}],"author":[{"embeddable":true,"href":"https:\/\/candas365.es\/noticias\/wp-json\/wp\/v2\/users\/1"}],"replies":[{"embeddable":true,"href":"https:\/\/candas365.es\/noticias\/wp-json\/wp\/v2\/comments?post=87586"}],"version-history":[{"count":0,"href":"https:\/\/candas365.es\/noticias\/wp-json\/wp\/v2\/posts\/87586\/revisions"}],"wp:featuredmedia":[{"embeddable":true,"href":"https:\/\/candas365.es\/noticias\/wp-json\/wp\/v2\/media\/87587"}],"wp:attachment":[{"href":"https:\/\/candas365.es\/noticias\/wp-json\/wp\/v2\/media?parent=87586"}],"wp:term":[{"taxonomy":"category","embeddable":true,"href":"https:\/\/candas365.es\/noticias\/wp-json\/wp\/v2\/categories?post=87586"},{"taxonomy":"post_tag","embeddable":true,"href":"https:\/\/candas365.es\/noticias\/wp-json\/wp\/v2\/tags?post=87586"}],"curies":[{"name":"wp","href":"https:\/\/api.w.org\/{rel}","templated":true}]}}