{"id":87463,"date":"2017-12-22T10:01:07","date_gmt":"2017-12-22T10:01:07","guid":{"rendered":"http:\/\/candas365.es\/noticias\/?p=87463"},"modified":"2017-12-22T10:01:07","modified_gmt":"2017-12-22T10:01:07","slug":"el-tiempo-viernes-22-de-diciembre-de-2017","status":"publish","type":"post","link":"https:\/\/candas365.es\/noticias\/el-tiempo-viernes-22-de-diciembre-de-2017\/","title":{"rendered":"El tiempo, viernes 22 de diciembre de 2017"},"content":{"rendered":"<p><img fetchpriority=\"high\" decoding=\"async\" class=\"alignleft size-medium wp-image-84699\" src=\"https:\/\/candas365.es\/noticias\/wp-content\/uploads\/2017\/11\/Nubes-360x202.jpg\" alt=\"\" width=\"360\" height=\"202\" srcset=\"https:\/\/candas365.es\/noticias\/wp-content\/uploads\/2017\/11\/Nubes-360x202.jpg 360w, https:\/\/candas365.es\/noticias\/wp-content\/uploads\/2017\/11\/Nubes-768x431.jpg 768w, https:\/\/candas365.es\/noticias\/wp-content\/uploads\/2017\/11\/Nubes-655x368.jpg 655w, https:\/\/candas365.es\/noticias\/wp-content\/uploads\/2017\/11\/Nubes-696x391.jpg 696w, https:\/\/candas365.es\/noticias\/wp-content\/uploads\/2017\/11\/Nubes-748x420.jpg 748w, https:\/\/candas365.es\/noticias\/wp-content\/uploads\/2017\/11\/Nubes-499x280.jpg 499w, https:\/\/candas365.es\/noticias\/wp-content\/uploads\/2017\/11\/Nubes.jpg 960w\" sizes=\"(max-width: 360px) 100vw, 360px\" \/>En el Cant\u00e1brico oriental y Pirineos estar\u00e1 muy nuboso o cubierto con lluvias d\u00e9biles, m\u00e1s probables en la segunda mitad del d\u00eda. Nuboso con chubascos en Menorca. No se descarta alguna precipitaci\u00f3n d\u00e9bil y ocasional en puntos del alto Ebro, el norte de las islas Canarias occidentales, as\u00ed como en Mallorca. Intervalos nubosos al principio en el litoral de Albor\u00e1n, resto de Baleares, meseta Norte y depresiones del nordeste peninsular. Predominio de poco nuboso o despejado en el resto, con algunas nubes altas.<\/p>\n<p>Cota de nieve en Pirineos: en torno a los 1600\/2000 metros.<\/p>\n<p>Probables nieblas matinales en el valle del Duero y depresiones del nordeste, que podr\u00edan ser localmente persistentes, sin descartarlas en otras zonas del interior peninsular, especialmente en la meseta norte. A \u00faltimas horas podr\u00edan ser persistentes tambi\u00e9n en el Sistema Ib\u00e9rico.<\/p>\n<p>Las temperaturas diurnas subir\u00e1n en el \u00e1rea mediterr\u00e1nea, y bajar\u00e1n en el resto de la mitad norte de la Pen\u00ednsula. Pocos cambios en el resto. Heladas d\u00e9biles en la meseta Norte, este de Castilla-La Mancha, sierras del sureste y entorno de Pirineos, menos extensas que en d\u00edas anteriores.<\/p>\n<p>Viento de componente este en Canarias, suroeste en el litoral sur del Levante, nordeste en el litoral gallego, noroeste en el valle del Ebro, Baleares, Pirineos, con intervalos de fuerte en Ampurd\u00e1n y Menorca. Levante en el Estrecho, rolando a Poniente flojo. Flojo en el resto.<\/p>\n","protected":false},"excerpt":{"rendered":"<p>En el Cant\u00e1brico oriental y Pirineos estar\u00e1 muy nuboso o cubierto con lluvias d\u00e9biles, m\u00e1s probables en la segunda mitad del d\u00eda. Nuboso con chubascos en Menorca. No se descarta alguna precipitaci\u00f3n d\u00e9bil y ocasional en puntos del alto Ebro, el norte de las islas Canarias occidentales, as\u00ed como en Mallorca. Intervalos nubosos al principio<\/p>\n","protected":false},"author":1,"featured_media":84699,"comment_status":"closed","ping_status":"closed","sticky":false,"template":"","format":"standard","meta":{"footnotes":""},"categories":[1],"tags":[],"class_list":{"0":"post-87463","1":"post","2":"type-post","3":"status-publish","4":"format-standard","5":"has-post-thumbnail","7":"category-agenda"},"aioseo_notices":[],"aioseo_head":"\n\t\t<!-- All in One SEO Pro 4.9.6.2 - aioseo.com -->\n\t<meta name=\"description\" content=\"En el Cant\u00e1brico oriental y Pirineos estar\u00e1 muy nuboso o cubierto con lluvias d\u00e9biles, m\u00e1s probables en la segunda mitad del d\u00eda. Nuboso con chubascos en Menorca. No se descarta alguna precipitaci\u00f3n d\u00e9bil y ocasional en puntos del alto Ebro, el norte de las islas Canarias occidentales, as\u00ed como en Mallorca. Intervalos nubosos al principio\" \/>\n\t<meta name=\"robots\" content=\"max-image-preview:large\" \/>\n\t<meta name=\"author\" content=\"Cand\u00e1s 365\"\/>\n\t<meta name=\"google-site-verification\" content=\"UA-32230408-1\" \/>\n\t<meta name=\"msvalidate.01\" content=\"354F3CDFB2DA171B47FBE9ABF1F88D5\" \/>\n\t<meta name=\"keywords\" content=\"agenda\" \/>\n\t<link rel=\"canonical\" href=\"https:\/\/candas365.es\/noticias\/el-tiempo-viernes-22-de-diciembre-de-2017\/\" \/>\n\t<meta name=\"generator\" content=\"All in One SEO Pro (AIOSEO) 4.9.6.2\" \/>\n\t\t<meta property=\"og:locale\" content=\"es_ES\" \/>\n\t\t<meta property=\"og:site_name\" content=\"Cand\u00e1s 365\" \/>\n\t\t<meta property=\"og:type\" content=\"article\" \/>\n\t\t<meta property=\"og:title\" content=\"El tiempo, viernes 22 de diciembre de 2017 | Cand\u00e1s 365\" \/>\n\t\t<meta property=\"og:description\" content=\"En el Cant\u00e1brico oriental y Pirineos estar\u00e1 muy nuboso o cubierto con lluvias d\u00e9biles, m\u00e1s probables en la segunda mitad del d\u00eda. Nuboso con chubascos en Menorca. No se descarta alguna precipitaci\u00f3n d\u00e9bil y ocasional en puntos del alto Ebro, el norte de las islas Canarias occidentales, as\u00ed como en Mallorca. Intervalos nubosos al principio\" \/>\n\t\t<meta property=\"og:url\" content=\"https:\/\/candas365.es\/noticias\/el-tiempo-viernes-22-de-diciembre-de-2017\/\" \/>\n\t\t<meta property=\"og:image\" content=\"https:\/\/candas365.es\/noticias\/wp-content\/uploads\/2017\/11\/Nubes.jpg\" \/>\n\t\t<meta property=\"og:image:secure_url\" content=\"https:\/\/candas365.es\/noticias\/wp-content\/uploads\/2017\/11\/Nubes.jpg\" \/>\n\t\t<meta property=\"og:image:width\" content=\"960\" \/>\n\t\t<meta property=\"og:image:height\" content=\"539\" \/>\n\t\t<meta property=\"article:published_time\" content=\"2017-12-22T10:01:07+00:00\" \/>\n\t\t<meta property=\"article:modified_time\" content=\"2017-12-22T10:01:07+00:00\" \/>\n\t\t<meta property=\"article:publisher\" content=\"https:\/\/www.facebook.com\/Nachofdezber\" \/>\n\t\t<meta property=\"article:author\" content=\"https:\/\/www.facebook.com\/carrenoactualidad\" \/>\n\t\t<meta name=\"twitter:card\" content=\"summary_large_image\" \/>\n\t\t<meta name=\"twitter:site\" content=\"@NabercoDigital\" \/>\n\t\t<meta name=\"twitter:title\" content=\"El tiempo, viernes 22 de diciembre de 2017 | Cand\u00e1s 365\" \/>\n\t\t<meta name=\"twitter:description\" content=\"En el Cant\u00e1brico oriental y Pirineos estar\u00e1 muy nuboso o cubierto con lluvias d\u00e9biles, m\u00e1s probables en la segunda mitad del d\u00eda. Nuboso con chubascos en Menorca. No se descarta alguna precipitaci\u00f3n d\u00e9bil y ocasional en puntos del alto Ebro, el norte de las islas Canarias occidentales, as\u00ed como en Mallorca. Intervalos nubosos al principio\" \/>\n\t\t<meta name=\"twitter:creator\" content=\"@nbasturias\" \/>\n\t\t<meta name=\"twitter:image\" content=\"https:\/\/candas365.es\/noticias\/wp-content\/uploads\/2017\/11\/Nubes.jpg\" \/>\n\t\t<meta name=\"twitter:label1\" content=\"Escrito por\" \/>\n\t\t<meta name=\"twitter:data1\" content=\"Cand\u00e1s 365\" \/>\n\t\t<meta name=\"twitter:label2\" content=\"Tiempo de lectura estimado\" \/>\n\t\t<meta name=\"twitter:data2\" content=\"1 minuto\" \/>\n\t\t<script type=\"application\/ld+json\" class=\"aioseo-schema\">\n\t\t\t{\"@context\":\"https:\\\/\\\/schema.org\",\"@graph\":[{\"@type\":\"BreadcrumbList\",\"@id\":\"https:\\\/\\\/candas365.es\\\/noticias\\\/el-tiempo-viernes-22-de-diciembre-de-2017\\\/#breadcrumblist\",\"itemListElement\":[{\"@type\":\"ListItem\",\"@id\":\"https:\\\/\\\/candas365.es\\\/noticias#listItem\",\"position\":1,\"name\":\"Home\",\"item\":\"https:\\\/\\\/candas365.es\\\/noticias\",\"nextItem\":{\"@type\":\"ListItem\",\"@id\":\"https:\\\/\\\/candas365.es\\\/noticias\\\/category\\\/agenda\\\/#listItem\",\"name\":\"Agenda\"}},{\"@type\":\"ListItem\",\"@id\":\"https:\\\/\\\/candas365.es\\\/noticias\\\/category\\\/agenda\\\/#listItem\",\"position\":2,\"name\":\"Agenda\",\"item\":\"https:\\\/\\\/candas365.es\\\/noticias\\\/category\\\/agenda\\\/\",\"nextItem\":{\"@type\":\"ListItem\",\"@id\":\"https:\\\/\\\/candas365.es\\\/noticias\\\/el-tiempo-viernes-22-de-diciembre-de-2017\\\/#listItem\",\"name\":\"El tiempo, viernes 22 de diciembre de 2017\"},\"previousItem\":{\"@type\":\"ListItem\",\"@id\":\"https:\\\/\\\/candas365.es\\\/noticias#listItem\",\"name\":\"Home\"}},{\"@type\":\"ListItem\",\"@id\":\"https:\\\/\\\/candas365.es\\\/noticias\\\/el-tiempo-viernes-22-de-diciembre-de-2017\\\/#listItem\",\"position\":3,\"name\":\"El tiempo, viernes 22 de diciembre de 2017\",\"previousItem\":{\"@type\":\"ListItem\",\"@id\":\"https:\\\/\\\/candas365.es\\\/noticias\\\/category\\\/agenda\\\/#listItem\",\"name\":\"Agenda\"}}]},{\"@type\":\"NewsArticle\",\"@id\":\"https:\\\/\\\/candas365.es\\\/noticias\\\/el-tiempo-viernes-22-de-diciembre-de-2017\\\/#newsarticle\",\"name\":\"El tiempo, viernes 22 de diciembre de 2017 | Cand\\u00e1s 365\",\"headline\":\"El tiempo, viernes 22 de diciembre de 2017\",\"author\":{\"@id\":\"https:\\\/\\\/candas365.es\\\/noticias\\\/author\\\/admin\\\/#author\"},\"publisher\":{\"@id\":\"https:\\\/\\\/candas365.es\\\/noticias\\\/#organization\"},\"image\":{\"@type\":\"ImageObject\",\"url\":\"https:\\\/\\\/candas365.es\\\/noticias\\\/wp-content\\\/uploads\\\/2017\\\/11\\\/Nubes.jpg\",\"width\":960,\"height\":539},\"datePublished\":\"2017-12-22T10:01:07+01:00\",\"dateModified\":\"2017-12-22T10:01:07+01:00\",\"inLanguage\":\"es-ES\",\"mainEntityOfPage\":{\"@id\":\"https:\\\/\\\/candas365.es\\\/noticias\\\/el-tiempo-viernes-22-de-diciembre-de-2017\\\/#webpage\"},\"isPartOf\":{\"@id\":\"https:\\\/\\\/candas365.es\\\/noticias\\\/el-tiempo-viernes-22-de-diciembre-de-2017\\\/#webpage\"},\"articleSection\":\"Agenda\",\"dateline\":\"Publicado el diciembre 22, 2017.\"},{\"@type\":\"Organization\",\"@id\":\"https:\\\/\\\/candas365.es\\\/noticias\\\/#organization\",\"name\":\"Cand\\u00e1s 365\",\"description\":\"Cand\\u00e1s 365 es un diario digital independiente, fundado en 2012, con base en Asturias. Informamos con rigor sobre actualidad, sociedad, cultura y ocio, con una mirada local y global.\",\"url\":\"https:\\\/\\\/candas365.es\\\/noticias\\\/\",\"email\":\"info@candas365.es\",\"telephone\":\"+34652131393\",\"foundingDate\":\"2012-06-10\",\"logo\":{\"@type\":\"ImageObject\",\"url\":\"https:\\\/\\\/candas365.es\\\/noticias\\\/wp-content\\\/uploads\\\/2024\\\/09\\\/Candas-365-Redes.jpg\",\"@id\":\"https:\\\/\\\/candas365.es\\\/noticias\\\/el-tiempo-viernes-22-de-diciembre-de-2017\\\/#organizationLogo\",\"width\":1152,\"height\":864,\"caption\":\"Cand\\u00e1s 365 Redes\"},\"image\":{\"@id\":\"https:\\\/\\\/candas365.es\\\/noticias\\\/el-tiempo-viernes-22-de-diciembre-de-2017\\\/#organizationLogo\"},\"sameAs\":[\"https:\\\/\\\/www.facebook.com\\\/Nachofdezber\",\"https:\\\/\\\/x.com\\\/NabercoDigital\",\"https:\\\/\\\/www.instagram.com\\\/nachofdezber\\\/\",\"https:\\\/\\\/www.youtube.com\\\/channel\\\/UCZP-2wLEB9Rv6erhFmqVnvg\"],\"address\":{\"@id\":\"https:\\\/\\\/candas365.es\\\/noticias\\\/#postaladdress\",\"@type\":\"PostalAddress\",\"streetAddress\":\"san antonio 4, san antonio 4\",\"postalCode\":\"33430\",\"addressLocality\":\"Cand\\u00e1s\",\"addressRegion\":\"Asturias\",\"addressCountry\":\"ES\"}},{\"@type\":\"Person\",\"@id\":\"https:\\\/\\\/candas365.es\\\/noticias\\\/author\\\/admin\\\/#author\",\"url\":\"https:\\\/\\\/candas365.es\\\/noticias\\\/author\\\/admin\\\/\",\"name\":\"Cand\\u00e1s 365\",\"image\":{\"@type\":\"ImageObject\",\"@id\":\"https:\\\/\\\/candas365.es\\\/noticias\\\/el-tiempo-viernes-22-de-diciembre-de-2017\\\/#authorImage\",\"url\":\"https:\\\/\\\/secure.gravatar.com\\\/avatar\\\/496a8e03d0c493ede1718b7934145dbdf8d89be1036b0eec9544e1094c9de390?s=96&d=mm&r=g\",\"width\":96,\"height\":96,\"caption\":\"Cand\\u00e1s 365\"},\"sameAs\":[\"https:\\\/\\\/www.facebook.com\\\/carrenoactualidad\",\"https:\\\/\\\/twitter.com\\\/nbasturias\",\"https:\\\/\\\/www.instagram.com\\\/nachofdezber\\\/\",\"https:\\\/\\\/www.youtube.com\\\/channel\\\/UCZP-2wLEB9Rv6erhFmqVnvg\"]},{\"@type\":\"WebPage\",\"@id\":\"https:\\\/\\\/candas365.es\\\/noticias\\\/el-tiempo-viernes-22-de-diciembre-de-2017\\\/#webpage\",\"url\":\"https:\\\/\\\/candas365.es\\\/noticias\\\/el-tiempo-viernes-22-de-diciembre-de-2017\\\/\",\"name\":\"El tiempo, viernes 22 de diciembre de 2017 | Cand\\u00e1s 365\",\"description\":\"En el Cant\\u00e1brico oriental y Pirineos estar\\u00e1 muy nuboso o cubierto con lluvias d\\u00e9biles, m\\u00e1s probables en la segunda mitad del d\\u00eda. Nuboso con chubascos en Menorca. No se descarta alguna precipitaci\\u00f3n d\\u00e9bil y ocasional en puntos del alto Ebro, el norte de las islas Canarias occidentales, as\\u00ed como en Mallorca. Intervalos nubosos al principio\",\"inLanguage\":\"es-ES\",\"isPartOf\":{\"@id\":\"https:\\\/\\\/candas365.es\\\/noticias\\\/#website\"},\"breadcrumb\":{\"@id\":\"https:\\\/\\\/candas365.es\\\/noticias\\\/el-tiempo-viernes-22-de-diciembre-de-2017\\\/#breadcrumblist\"},\"author\":{\"@id\":\"https:\\\/\\\/candas365.es\\\/noticias\\\/author\\\/admin\\\/#author\"},\"creator\":{\"@id\":\"https:\\\/\\\/candas365.es\\\/noticias\\\/author\\\/admin\\\/#author\"},\"image\":{\"@type\":\"ImageObject\",\"url\":\"https:\\\/\\\/candas365.es\\\/noticias\\\/wp-content\\\/uploads\\\/2017\\\/11\\\/Nubes.jpg\",\"@id\":\"https:\\\/\\\/candas365.es\\\/noticias\\\/el-tiempo-viernes-22-de-diciembre-de-2017\\\/#mainImage\",\"width\":960,\"height\":539},\"primaryImageOfPage\":{\"@id\":\"https:\\\/\\\/candas365.es\\\/noticias\\\/el-tiempo-viernes-22-de-diciembre-de-2017\\\/#mainImage\"},\"datePublished\":\"2017-12-22T10:01:07+01:00\",\"dateModified\":\"2017-12-22T10:01:07+01:00\"},{\"@type\":\"WebSite\",\"@id\":\"https:\\\/\\\/candas365.es\\\/noticias\\\/#website\",\"url\":\"https:\\\/\\\/candas365.es\\\/noticias\\\/\",\"name\":\"Cand\\u00e1s 365\",\"alternateName\":\"Cand\\u00e1s 365 Noticias\",\"description\":\"Actualidad desde Carre\\u00f1o para el mundo\",\"inLanguage\":\"es-ES\",\"publisher\":{\"@id\":\"https:\\\/\\\/candas365.es\\\/noticias\\\/#organization\"}}]}\n\t\t<\/script>\n\t\t<!-- All in One SEO Pro -->\r\n\t\t<title>El tiempo, viernes 22 de diciembre de 2017 | Cand\u00e1s 365<\/title>\n\n","aioseo_head_json":{"title":"El tiempo, viernes 22 de diciembre de 2017 | Cand\u00e1s 365","description":"En el Cant\u00e1brico oriental y Pirineos estar\u00e1 muy nuboso o cubierto con lluvias d\u00e9biles, m\u00e1s probables en la segunda mitad del d\u00eda. Nuboso con chubascos en Menorca. No se descarta alguna precipitaci\u00f3n d\u00e9bil y ocasional en puntos del alto Ebro, el norte de las islas Canarias occidentales, as\u00ed como en Mallorca. Intervalos nubosos al principio","canonical_url":"https:\/\/candas365.es\/noticias\/el-tiempo-viernes-22-de-diciembre-de-2017\/","robots":"max-image-preview:large","keywords":"agenda","webmasterTools":{"google-site-verification":"UA-32230408-1","msvalidate.01":"354F3CDFB2DA171B47FBE9ABF1F88D5","miscellaneous":""},"schema":{"@context":"https:\/\/schema.org","@graph":[{"@type":"BreadcrumbList","@id":"https:\/\/candas365.es\/noticias\/el-tiempo-viernes-22-de-diciembre-de-2017\/#breadcrumblist","itemListElement":[{"@type":"ListItem","@id":"https:\/\/candas365.es\/noticias#listItem","position":1,"name":"Home","item":"https:\/\/candas365.es\/noticias","nextItem":{"@type":"ListItem","@id":"https:\/\/candas365.es\/noticias\/category\/agenda\/#listItem","name":"Agenda"}},{"@type":"ListItem","@id":"https:\/\/candas365.es\/noticias\/category\/agenda\/#listItem","position":2,"name":"Agenda","item":"https:\/\/candas365.es\/noticias\/category\/agenda\/","nextItem":{"@type":"ListItem","@id":"https:\/\/candas365.es\/noticias\/el-tiempo-viernes-22-de-diciembre-de-2017\/#listItem","name":"El tiempo, viernes 22 de diciembre de 2017"},"previousItem":{"@type":"ListItem","@id":"https:\/\/candas365.es\/noticias#listItem","name":"Home"}},{"@type":"ListItem","@id":"https:\/\/candas365.es\/noticias\/el-tiempo-viernes-22-de-diciembre-de-2017\/#listItem","position":3,"name":"El tiempo, viernes 22 de diciembre de 2017","previousItem":{"@type":"ListItem","@id":"https:\/\/candas365.es\/noticias\/category\/agenda\/#listItem","name":"Agenda"}}]},{"@type":"NewsArticle","@id":"https:\/\/candas365.es\/noticias\/el-tiempo-viernes-22-de-diciembre-de-2017\/#newsarticle","name":"El tiempo, viernes 22 de diciembre de 2017 | Cand\u00e1s 365","headline":"El tiempo, viernes 22 de diciembre de 2017","author":{"@id":"https:\/\/candas365.es\/noticias\/author\/admin\/#author"},"publisher":{"@id":"https:\/\/candas365.es\/noticias\/#organization"},"image":{"@type":"ImageObject","url":"https:\/\/candas365.es\/noticias\/wp-content\/uploads\/2017\/11\/Nubes.jpg","width":960,"height":539},"datePublished":"2017-12-22T10:01:07+01:00","dateModified":"2017-12-22T10:01:07+01:00","inLanguage":"es-ES","mainEntityOfPage":{"@id":"https:\/\/candas365.es\/noticias\/el-tiempo-viernes-22-de-diciembre-de-2017\/#webpage"},"isPartOf":{"@id":"https:\/\/candas365.es\/noticias\/el-tiempo-viernes-22-de-diciembre-de-2017\/#webpage"},"articleSection":"Agenda","dateline":"Publicado el diciembre 22, 2017."},{"@type":"Organization","@id":"https:\/\/candas365.es\/noticias\/#organization","name":"Cand\u00e1s 365","description":"Cand\u00e1s 365 es un diario digital independiente, fundado en 2012, con base en Asturias. Informamos con rigor sobre actualidad, sociedad, cultura y ocio, con una mirada local y global.","url":"https:\/\/candas365.es\/noticias\/","email":"info@candas365.es","telephone":"+34652131393","foundingDate":"2012-06-10","logo":{"@type":"ImageObject","url":"https:\/\/candas365.es\/noticias\/wp-content\/uploads\/2024\/09\/Candas-365-Redes.jpg","@id":"https:\/\/candas365.es\/noticias\/el-tiempo-viernes-22-de-diciembre-de-2017\/#organizationLogo","width":1152,"height":864,"caption":"Cand\u00e1s 365 Redes"},"image":{"@id":"https:\/\/candas365.es\/noticias\/el-tiempo-viernes-22-de-diciembre-de-2017\/#organizationLogo"},"sameAs":["https:\/\/www.facebook.com\/Nachofdezber","https:\/\/x.com\/NabercoDigital","https:\/\/www.instagram.com\/nachofdezber\/","https:\/\/www.youtube.com\/channel\/UCZP-2wLEB9Rv6erhFmqVnvg"],"address":{"@id":"https:\/\/candas365.es\/noticias\/#postaladdress","@type":"PostalAddress","streetAddress":"san antonio 4, san antonio 4","postalCode":"33430","addressLocality":"Cand\u00e1s","addressRegion":"Asturias","addressCountry":"ES"}},{"@type":"Person","@id":"https:\/\/candas365.es\/noticias\/author\/admin\/#author","url":"https:\/\/candas365.es\/noticias\/author\/admin\/","name":"Cand\u00e1s 365","image":{"@type":"ImageObject","@id":"https:\/\/candas365.es\/noticias\/el-tiempo-viernes-22-de-diciembre-de-2017\/#authorImage","url":"https:\/\/secure.gravatar.com\/avatar\/496a8e03d0c493ede1718b7934145dbdf8d89be1036b0eec9544e1094c9de390?s=96&d=mm&r=g","width":96,"height":96,"caption":"Cand\u00e1s 365"},"sameAs":["https:\/\/www.facebook.com\/carrenoactualidad","https:\/\/twitter.com\/nbasturias","https:\/\/www.instagram.com\/nachofdezber\/","https:\/\/www.youtube.com\/channel\/UCZP-2wLEB9Rv6erhFmqVnvg"]},{"@type":"WebPage","@id":"https:\/\/candas365.es\/noticias\/el-tiempo-viernes-22-de-diciembre-de-2017\/#webpage","url":"https:\/\/candas365.es\/noticias\/el-tiempo-viernes-22-de-diciembre-de-2017\/","name":"El tiempo, viernes 22 de diciembre de 2017 | Cand\u00e1s 365","description":"En el Cant\u00e1brico oriental y Pirineos estar\u00e1 muy nuboso o cubierto con lluvias d\u00e9biles, m\u00e1s probables en la segunda mitad del d\u00eda. Nuboso con chubascos en Menorca. No se descarta alguna precipitaci\u00f3n d\u00e9bil y ocasional en puntos del alto Ebro, el norte de las islas Canarias occidentales, as\u00ed como en Mallorca. Intervalos nubosos al principio","inLanguage":"es-ES","isPartOf":{"@id":"https:\/\/candas365.es\/noticias\/#website"},"breadcrumb":{"@id":"https:\/\/candas365.es\/noticias\/el-tiempo-viernes-22-de-diciembre-de-2017\/#breadcrumblist"},"author":{"@id":"https:\/\/candas365.es\/noticias\/author\/admin\/#author"},"creator":{"@id":"https:\/\/candas365.es\/noticias\/author\/admin\/#author"},"image":{"@type":"ImageObject","url":"https:\/\/candas365.es\/noticias\/wp-content\/uploads\/2017\/11\/Nubes.jpg","@id":"https:\/\/candas365.es\/noticias\/el-tiempo-viernes-22-de-diciembre-de-2017\/#mainImage","width":960,"height":539},"primaryImageOfPage":{"@id":"https:\/\/candas365.es\/noticias\/el-tiempo-viernes-22-de-diciembre-de-2017\/#mainImage"},"datePublished":"2017-12-22T10:01:07+01:00","dateModified":"2017-12-22T10:01:07+01:00"},{"@type":"WebSite","@id":"https:\/\/candas365.es\/noticias\/#website","url":"https:\/\/candas365.es\/noticias\/","name":"Cand\u00e1s 365","alternateName":"Cand\u00e1s 365 Noticias","description":"Actualidad desde Carre\u00f1o para el mundo","inLanguage":"es-ES","publisher":{"@id":"https:\/\/candas365.es\/noticias\/#organization"}}]},"og:locale":"es_ES","og:site_name":"Cand\u00e1s 365","og:type":"article","og:title":"El tiempo, viernes 22 de diciembre de 2017 | Cand\u00e1s 365","og:description":"En el Cant\u00e1brico oriental y Pirineos estar\u00e1 muy nuboso o cubierto con lluvias d\u00e9biles, m\u00e1s probables en la segunda mitad del d\u00eda. Nuboso con chubascos en Menorca. No se descarta alguna precipitaci\u00f3n d\u00e9bil y ocasional en puntos del alto Ebro, el norte de las islas Canarias occidentales, as\u00ed como en Mallorca. Intervalos nubosos al principio","og:url":"https:\/\/candas365.es\/noticias\/el-tiempo-viernes-22-de-diciembre-de-2017\/","og:image":"https:\/\/candas365.es\/noticias\/wp-content\/uploads\/2017\/11\/Nubes.jpg","og:image:secure_url":"https:\/\/candas365.es\/noticias\/wp-content\/uploads\/2017\/11\/Nubes.jpg","og:image:width":960,"og:image:height":539,"article:published_time":"2017-12-22T10:01:07+00:00","article:modified_time":"2017-12-22T10:01:07+00:00","article:publisher":"https:\/\/www.facebook.com\/Nachofdezber","article:author":"https:\/\/www.facebook.com\/carrenoactualidad","twitter:card":"summary_large_image","twitter:site":"@NabercoDigital","twitter:title":"El tiempo, viernes 22 de diciembre de 2017 | Cand\u00e1s 365","twitter:description":"En el Cant\u00e1brico oriental y Pirineos estar\u00e1 muy nuboso o cubierto con lluvias d\u00e9biles, m\u00e1s probables en la segunda mitad del d\u00eda. Nuboso con chubascos en Menorca. No se descarta alguna precipitaci\u00f3n d\u00e9bil y ocasional en puntos del alto Ebro, el norte de las islas Canarias occidentales, as\u00ed como en Mallorca. Intervalos nubosos al principio","twitter:creator":"@nbasturias","twitter:image":"https:\/\/candas365.es\/noticias\/wp-content\/uploads\/2017\/11\/Nubes.jpg","twitter:label1":"Escrito por","twitter:data1":"Cand\u00e1s 365","twitter:label2":"Tiempo de lectura estimado","twitter:data2":"1 minuto"},"aioseo_meta_data":{"post_id":"87463","title":null,"description":null,"keywords":null,"keyphrases":null,"primary_term":null,"canonical_url":null,"og_title":null,"og_description":null,"og_object_type":"default","og_image_type":"default","og_image_url":null,"og_image_width":null,"og_image_height":null,"og_image_custom_url":null,"og_image_custom_fields":null,"og_video":null,"og_custom_url":null,"og_article_section":null,"og_article_tags":null,"twitter_use_og":false,"twitter_card":"default","twitter_image_type":"default","twitter_image_url":null,"twitter_image_custom_url":null,"twitter_image_custom_fields":null,"twitter_title":null,"twitter_description":null,"schema":{"blockGraphs":[],"customGraphs":[],"default":{"data":{"Article":[],"Course":[],"Dataset":[],"FAQPage":[],"Movie":[],"Person":[],"Product":[],"ProductReview":[],"Car":[],"Recipe":[],"Service":[],"SoftwareApplication":[],"WebPage":[]},"graphName":"","isEnabled":true},"graphs":[]},"schema_type":null,"schema_type_options":null,"pillar_content":false,"robots_default":true,"robots_noindex":false,"robots_noarchive":false,"robots_nosnippet":false,"robots_nofollow":false,"robots_noimageindex":false,"robots_noodp":false,"robots_notranslate":false,"robots_max_snippet":null,"robots_max_videopreview":null,"robots_max_imagepreview":"large","priority":null,"frequency":null,"location":null,"local_seo":null,"seo_analyzer_scan_date":"2025-08-26 09:40:30","breadcrumb_settings":null,"limit_modified_date":false,"reviewed_by":null,"open_ai":null,"ai":null,"created":"2020-12-21 12:09:00","updated":"2025-08-26 09:40:30"},"aioseo_breadcrumb":"<div class=\"aioseo-breadcrumbs\"><span class=\"aioseo-breadcrumb\">\n\t<a href=\"https:\/\/candas365.es\/noticias\" title=\"Home\">Home<\/a>\n<\/span><span class=\"aioseo-breadcrumb-separator\">&ndash;<\/span><span class=\"aioseo-breadcrumb\">\n\t<a href=\"https:\/\/candas365.es\/noticias\/category\/agenda\/\" title=\"Agenda\">Agenda<\/a>\n<\/span><span class=\"aioseo-breadcrumb-separator\">&ndash;<\/span><span class=\"aioseo-breadcrumb\">\n\tEl tiempo, viernes 22 de diciembre de 2017\n<\/span><\/div>","aioseo_breadcrumb_json":[{"label":"Home","link":"https:\/\/candas365.es\/noticias"},{"label":"Agenda","link":"https:\/\/candas365.es\/noticias\/category\/agenda\/"},{"label":"El tiempo, viernes 22 de diciembre de 2017","link":"https:\/\/candas365.es\/noticias\/el-tiempo-viernes-22-de-diciembre-de-2017\/"}],"_links":{"self":[{"href":"https:\/\/candas365.es\/noticias\/wp-json\/wp\/v2\/posts\/87463","targetHints":{"allow":["GET"]}}],"collection":[{"href":"https:\/\/candas365.es\/noticias\/wp-json\/wp\/v2\/posts"}],"about":[{"href":"https:\/\/candas365.es\/noticias\/wp-json\/wp\/v2\/types\/post"}],"author":[{"embeddable":true,"href":"https:\/\/candas365.es\/noticias\/wp-json\/wp\/v2\/users\/1"}],"replies":[{"embeddable":true,"href":"https:\/\/candas365.es\/noticias\/wp-json\/wp\/v2\/comments?post=87463"}],"version-history":[{"count":0,"href":"https:\/\/candas365.es\/noticias\/wp-json\/wp\/v2\/posts\/87463\/revisions"}],"wp:featuredmedia":[{"embeddable":true,"href":"https:\/\/candas365.es\/noticias\/wp-json\/wp\/v2\/media\/84699"}],"wp:attachment":[{"href":"https:\/\/candas365.es\/noticias\/wp-json\/wp\/v2\/media?parent=87463"}],"wp:term":[{"taxonomy":"category","embeddable":true,"href":"https:\/\/candas365.es\/noticias\/wp-json\/wp\/v2\/categories?post=87463"},{"taxonomy":"post_tag","embeddable":true,"href":"https:\/\/candas365.es\/noticias\/wp-json\/wp\/v2\/tags?post=87463"}],"curies":[{"name":"wp","href":"https:\/\/api.w.org\/{rel}","templated":true}]}}