{"id":87254,"date":"2017-12-20T00:19:29","date_gmt":"2017-12-20T00:19:29","guid":{"rendered":"http:\/\/candas365.es\/noticias\/?p=87254"},"modified":"2017-12-20T00:19:29","modified_gmt":"2017-12-20T00:19:29","slug":"presentacion-de-la-obra-manuscrita-del-escritor-xixones-pachin-de-melas","status":"publish","type":"post","link":"https:\/\/candas365.es\/noticias\/presentacion-de-la-obra-manuscrita-del-escritor-xixones-pachin-de-melas\/","title":{"rendered":"Presentaci\u00f3n de la \u201cObra manuscrita\u201d del escritor xixon\u00e9s Pach\u00edn de Mel\u00e1s"},"content":{"rendered":"<p><img fetchpriority=\"high\" decoding=\"async\" class=\"alignleft size-medium wp-image-84082\" src=\"https:\/\/candas365.es\/noticias\/wp-content\/uploads\/2017\/11\/antiguo-instituto-1-360x270.jpg\" alt=\"\" width=\"360\" height=\"270\" srcset=\"https:\/\/candas365.es\/noticias\/wp-content\/uploads\/2017\/11\/antiguo-instituto-1.jpg 360w, https:\/\/candas365.es\/noticias\/wp-content\/uploads\/2017\/11\/antiguo-instituto-1-80x60.jpg 80w, https:\/\/candas365.es\/noticias\/wp-content\/uploads\/2017\/11\/antiguo-instituto-1-265x198.jpg 265w, https:\/\/candas365.es\/noticias\/wp-content\/uploads\/2017\/11\/antiguo-instituto-1-90x67.jpg 90w\" sizes=\"(max-width: 360px) 100vw, 360px\" \/>El mi\u00e9rcoles 20 d\u2019avientu, a les 19:30 hores nel Centru de Cultura Antiguu Institutu, va tener llugar la presentaci\u00f3n de la OBRA MANUSCRITA del escritor xixon\u00e9s Pach\u00edn de Mel\u00e1s.<\/p>\n<p>Con esta \u00abObra manuscrita\u00bb, quier celebrase\u2019l 140 aniversariu de la nacencia del autor y completar asina la publicaci\u00f3n de la obra ensin asoleyar. La obra ta compuesta por un estudiu preliminar de los autores Clara y Ramiro Gonz\u00e1lez Delgado y once testos dram\u00e1ticos.<\/p>\n<p>Emilio Robles Mu\u00f1iz, el popular Pach\u00edn de Mel\u00e1s (Xix\u00f3n, 1877), autodidacta, trabay\u00f3 de torneru y ye l\u2019escritor m\u00e1s popular del primer terciu del sieglu XX; tien cultivaos tolos x\u00e9neros lliterarios y tami\u00e9n la zarzuela. Rescampla sobremanera no teatral, siendo consider\u00e1u\u2019l padre de la Compa\u00f1\u00eda asturiana de Comedies. Muerre na c\u00e1rcel d\u2019El Coto\u2019l 6 de marzu de 1938, tres ser deten\u00edu depu\u00e9s de la toma de Xix\u00f3n poles tropes franquistes<\/p>\n<p>Nel actu van intervenir la Conceyala d&#8217; Educaci\u00f3n y Cultura, Ana Monserrat L\u00f3pez Moro, el Secretariu de l&#8217;Academia de la Llingua, Xose Ram\u00f3n Iglesias Cueva y Ramiro Gonz\u00e1lez Delgado, editor del volumen.<\/p>\n","protected":false},"excerpt":{"rendered":"<p>El mi\u00e9rcoles 20 d\u2019avientu, a les 19:30 hores nel Centru de Cultura Antiguu Institutu, va tener llugar la presentaci\u00f3n de la OBRA MANUSCRITA del escritor xixon\u00e9s Pach\u00edn de Mel\u00e1s. Con esta \u00abObra manuscrita\u00bb, quier celebrase\u2019l 140 aniversariu de la nacencia del autor y completar asina la publicaci\u00f3n de la obra ensin asoleyar. La obra ta<\/p>\n","protected":false},"author":1,"featured_media":22984,"comment_status":"closed","ping_status":"closed","sticky":false,"template":"","format":"standard","meta":{"footnotes":""},"categories":[1],"tags":[],"class_list":{"0":"post-87254","1":"post","2":"type-post","3":"status-publish","4":"format-standard","5":"has-post-thumbnail","7":"category-agenda"},"aioseo_notices":[],"aioseo_head":"\n\t\t<!-- All in One SEO Pro 4.9.6.2 - aioseo.com -->\n\t<meta name=\"description\" content=\"El mi\u00e9rcoles 20 d\u2019avientu, a les 19:30 hores nel Centru de Cultura Antiguu Institutu, va tener llugar la presentaci\u00f3n de la OBRA MANUSCRITA del escritor xixon\u00e9s Pach\u00edn de Mel\u00e1s. Con esta \u00abObra manuscrita\u00bb, quier celebrase\u2019l 140 aniversariu de la nacencia del autor y completar asina la publicaci\u00f3n de la obra ensin asoleyar. La obra ta\" \/>\n\t<meta name=\"robots\" content=\"max-image-preview:large\" \/>\n\t<meta name=\"author\" content=\"Cand\u00e1s 365\"\/>\n\t<meta name=\"google-site-verification\" content=\"UA-32230408-1\" \/>\n\t<meta name=\"msvalidate.01\" content=\"354F3CDFB2DA171B47FBE9ABF1F88D5\" \/>\n\t<meta name=\"keywords\" content=\"agenda\" \/>\n\t<link rel=\"canonical\" href=\"https:\/\/candas365.es\/noticias\/presentacion-de-la-obra-manuscrita-del-escritor-xixones-pachin-de-melas\/\" \/>\n\t<meta name=\"generator\" content=\"All in One SEO Pro (AIOSEO) 4.9.6.2\" \/>\n\t\t<meta property=\"og:locale\" content=\"es_ES\" \/>\n\t\t<meta property=\"og:site_name\" content=\"Cand\u00e1s 365\" \/>\n\t\t<meta property=\"og:type\" content=\"article\" \/>\n\t\t<meta property=\"og:title\" content=\"Presentaci\u00f3n de la \u201cObra manuscrita\u201d del escritor xixon\u00e9s Pach\u00edn de Mel\u00e1s | Cand\u00e1s 365\" \/>\n\t\t<meta property=\"og:description\" content=\"El mi\u00e9rcoles 20 d\u2019avientu, a les 19:30 hores nel Centru de Cultura Antiguu Institutu, va tener llugar la presentaci\u00f3n de la OBRA MANUSCRITA del escritor xixon\u00e9s Pach\u00edn de Mel\u00e1s. Con esta \u00abObra manuscrita\u00bb, quier celebrase\u2019l 140 aniversariu de la nacencia del autor y completar asina la publicaci\u00f3n de la obra ensin asoleyar. La obra ta\" \/>\n\t\t<meta property=\"og:url\" content=\"https:\/\/candas365.es\/noticias\/presentacion-de-la-obra-manuscrita-del-escritor-xixones-pachin-de-melas\/\" \/>\n\t\t<meta property=\"og:image\" content=\"https:\/\/candas365.es\/noticias\/wp-content\/uploads\/2015\/12\/libro1.jpg\" \/>\n\t\t<meta property=\"og:image:secure_url\" content=\"https:\/\/candas365.es\/noticias\/wp-content\/uploads\/2015\/12\/libro1.jpg\" \/>\n\t\t<meta property=\"og:image:width\" content=\"655\" \/>\n\t\t<meta property=\"og:image:height\" content=\"360\" \/>\n\t\t<meta property=\"article:published_time\" content=\"2017-12-20T00:19:29+00:00\" \/>\n\t\t<meta property=\"article:modified_time\" content=\"2017-12-20T00:19:29+00:00\" \/>\n\t\t<meta property=\"article:publisher\" content=\"https:\/\/www.facebook.com\/Nachofdezber\" \/>\n\t\t<meta property=\"article:author\" content=\"https:\/\/www.facebook.com\/carrenoactualidad\" \/>\n\t\t<meta name=\"twitter:card\" content=\"summary_large_image\" \/>\n\t\t<meta name=\"twitter:site\" content=\"@NabercoDigital\" \/>\n\t\t<meta name=\"twitter:title\" content=\"Presentaci\u00f3n de la \u201cObra manuscrita\u201d del escritor xixon\u00e9s Pach\u00edn de Mel\u00e1s | Cand\u00e1s 365\" \/>\n\t\t<meta name=\"twitter:description\" content=\"El mi\u00e9rcoles 20 d\u2019avientu, a les 19:30 hores nel Centru de Cultura Antiguu Institutu, va tener llugar la presentaci\u00f3n de la OBRA MANUSCRITA del escritor xixon\u00e9s Pach\u00edn de Mel\u00e1s. Con esta \u00abObra manuscrita\u00bb, quier celebrase\u2019l 140 aniversariu de la nacencia del autor y completar asina la publicaci\u00f3n de la obra ensin asoleyar. La obra ta\" \/>\n\t\t<meta name=\"twitter:creator\" content=\"@nbasturias\" \/>\n\t\t<meta name=\"twitter:image\" content=\"https:\/\/candas365.es\/noticias\/wp-content\/uploads\/2015\/12\/libro1.jpg\" \/>\n\t\t<meta name=\"twitter:label1\" content=\"Escrito por\" \/>\n\t\t<meta name=\"twitter:data1\" content=\"Cand\u00e1s 365\" \/>\n\t\t<meta name=\"twitter:label2\" content=\"Tiempo de lectura estimado\" \/>\n\t\t<meta name=\"twitter:data2\" content=\"1 minuto\" \/>\n\t\t<script type=\"application\/ld+json\" class=\"aioseo-schema\">\n\t\t\t{\"@context\":\"https:\\\/\\\/schema.org\",\"@graph\":[{\"@type\":\"BreadcrumbList\",\"@id\":\"https:\\\/\\\/candas365.es\\\/noticias\\\/presentacion-de-la-obra-manuscrita-del-escritor-xixones-pachin-de-melas\\\/#breadcrumblist\",\"itemListElement\":[{\"@type\":\"ListItem\",\"@id\":\"https:\\\/\\\/candas365.es\\\/noticias#listItem\",\"position\":1,\"name\":\"Home\",\"item\":\"https:\\\/\\\/candas365.es\\\/noticias\",\"nextItem\":{\"@type\":\"ListItem\",\"@id\":\"https:\\\/\\\/candas365.es\\\/noticias\\\/category\\\/agenda\\\/#listItem\",\"name\":\"Agenda\"}},{\"@type\":\"ListItem\",\"@id\":\"https:\\\/\\\/candas365.es\\\/noticias\\\/category\\\/agenda\\\/#listItem\",\"position\":2,\"name\":\"Agenda\",\"item\":\"https:\\\/\\\/candas365.es\\\/noticias\\\/category\\\/agenda\\\/\",\"nextItem\":{\"@type\":\"ListItem\",\"@id\":\"https:\\\/\\\/candas365.es\\\/noticias\\\/presentacion-de-la-obra-manuscrita-del-escritor-xixones-pachin-de-melas\\\/#listItem\",\"name\":\"Presentaci\\u00f3n de la \\u201cObra manuscrita\\u201d del escritor xixon\\u00e9s Pach\\u00edn de Mel\\u00e1s\"},\"previousItem\":{\"@type\":\"ListItem\",\"@id\":\"https:\\\/\\\/candas365.es\\\/noticias#listItem\",\"name\":\"Home\"}},{\"@type\":\"ListItem\",\"@id\":\"https:\\\/\\\/candas365.es\\\/noticias\\\/presentacion-de-la-obra-manuscrita-del-escritor-xixones-pachin-de-melas\\\/#listItem\",\"position\":3,\"name\":\"Presentaci\\u00f3n de la \\u201cObra manuscrita\\u201d del escritor xixon\\u00e9s Pach\\u00edn de Mel\\u00e1s\",\"previousItem\":{\"@type\":\"ListItem\",\"@id\":\"https:\\\/\\\/candas365.es\\\/noticias\\\/category\\\/agenda\\\/#listItem\",\"name\":\"Agenda\"}}]},{\"@type\":\"NewsArticle\",\"@id\":\"https:\\\/\\\/candas365.es\\\/noticias\\\/presentacion-de-la-obra-manuscrita-del-escritor-xixones-pachin-de-melas\\\/#newsarticle\",\"name\":\"Presentaci\\u00f3n de la \\u201cObra manuscrita\\u201d del escritor xixon\\u00e9s Pach\\u00edn de Mel\\u00e1s | Cand\\u00e1s 365\",\"headline\":\"Presentaci\\u00f3n de la \\u201cObra manuscrita\\u201d del escritor xixon\\u00e9s Pach\\u00edn de Mel\\u00e1s\",\"author\":{\"@id\":\"https:\\\/\\\/candas365.es\\\/noticias\\\/author\\\/admin\\\/#author\"},\"publisher\":{\"@id\":\"https:\\\/\\\/candas365.es\\\/noticias\\\/#organization\"},\"image\":{\"@type\":\"ImageObject\",\"url\":\"https:\\\/\\\/candas365.es\\\/noticias\\\/wp-content\\\/uploads\\\/2015\\\/12\\\/libro1.jpg\",\"width\":655,\"height\":360},\"datePublished\":\"2017-12-20T00:19:29+01:00\",\"dateModified\":\"2017-12-20T00:19:29+01:00\",\"inLanguage\":\"es-ES\",\"mainEntityOfPage\":{\"@id\":\"https:\\\/\\\/candas365.es\\\/noticias\\\/presentacion-de-la-obra-manuscrita-del-escritor-xixones-pachin-de-melas\\\/#webpage\"},\"isPartOf\":{\"@id\":\"https:\\\/\\\/candas365.es\\\/noticias\\\/presentacion-de-la-obra-manuscrita-del-escritor-xixones-pachin-de-melas\\\/#webpage\"},\"articleSection\":\"Agenda\",\"dateline\":\"Publicado el diciembre 20, 2017.\"},{\"@type\":\"Organization\",\"@id\":\"https:\\\/\\\/candas365.es\\\/noticias\\\/#organization\",\"name\":\"Cand\\u00e1s 365\",\"description\":\"Cand\\u00e1s 365 es un diario digital independiente, fundado en 2012, con base en Asturias. Informamos con rigor sobre actualidad, sociedad, cultura y ocio, con una mirada local y global.\",\"url\":\"https:\\\/\\\/candas365.es\\\/noticias\\\/\",\"email\":\"info@candas365.es\",\"telephone\":\"+34652131393\",\"foundingDate\":\"2012-06-10\",\"logo\":{\"@type\":\"ImageObject\",\"url\":\"https:\\\/\\\/candas365.es\\\/noticias\\\/wp-content\\\/uploads\\\/2024\\\/09\\\/Candas-365-Redes.jpg\",\"@id\":\"https:\\\/\\\/candas365.es\\\/noticias\\\/presentacion-de-la-obra-manuscrita-del-escritor-xixones-pachin-de-melas\\\/#organizationLogo\",\"width\":1152,\"height\":864,\"caption\":\"Cand\\u00e1s 365 Redes\"},\"image\":{\"@id\":\"https:\\\/\\\/candas365.es\\\/noticias\\\/presentacion-de-la-obra-manuscrita-del-escritor-xixones-pachin-de-melas\\\/#organizationLogo\"},\"sameAs\":[\"https:\\\/\\\/www.facebook.com\\\/Nachofdezber\",\"https:\\\/\\\/x.com\\\/NabercoDigital\",\"https:\\\/\\\/www.instagram.com\\\/nachofdezber\\\/\",\"https:\\\/\\\/www.youtube.com\\\/channel\\\/UCZP-2wLEB9Rv6erhFmqVnvg\"],\"address\":{\"@id\":\"https:\\\/\\\/candas365.es\\\/noticias\\\/#postaladdress\",\"@type\":\"PostalAddress\",\"streetAddress\":\"san antonio 4, san antonio 4\",\"postalCode\":\"33430\",\"addressLocality\":\"Cand\\u00e1s\",\"addressRegion\":\"Asturias\",\"addressCountry\":\"ES\"}},{\"@type\":\"Person\",\"@id\":\"https:\\\/\\\/candas365.es\\\/noticias\\\/author\\\/admin\\\/#author\",\"url\":\"https:\\\/\\\/candas365.es\\\/noticias\\\/author\\\/admin\\\/\",\"name\":\"Cand\\u00e1s 365\",\"image\":{\"@type\":\"ImageObject\",\"@id\":\"https:\\\/\\\/candas365.es\\\/noticias\\\/presentacion-de-la-obra-manuscrita-del-escritor-xixones-pachin-de-melas\\\/#authorImage\",\"url\":\"https:\\\/\\\/secure.gravatar.com\\\/avatar\\\/496a8e03d0c493ede1718b7934145dbdf8d89be1036b0eec9544e1094c9de390?s=96&d=mm&r=g\",\"width\":96,\"height\":96,\"caption\":\"Cand\\u00e1s 365\"},\"sameAs\":[\"https:\\\/\\\/www.facebook.com\\\/carrenoactualidad\",\"https:\\\/\\\/twitter.com\\\/nbasturias\",\"https:\\\/\\\/www.instagram.com\\\/nachofdezber\\\/\",\"https:\\\/\\\/www.youtube.com\\\/channel\\\/UCZP-2wLEB9Rv6erhFmqVnvg\"]},{\"@type\":\"WebPage\",\"@id\":\"https:\\\/\\\/candas365.es\\\/noticias\\\/presentacion-de-la-obra-manuscrita-del-escritor-xixones-pachin-de-melas\\\/#webpage\",\"url\":\"https:\\\/\\\/candas365.es\\\/noticias\\\/presentacion-de-la-obra-manuscrita-del-escritor-xixones-pachin-de-melas\\\/\",\"name\":\"Presentaci\\u00f3n de la \\u201cObra manuscrita\\u201d del escritor xixon\\u00e9s Pach\\u00edn de Mel\\u00e1s | Cand\\u00e1s 365\",\"description\":\"El mi\\u00e9rcoles 20 d\\u2019avientu, a les 19:30 hores nel Centru de Cultura Antiguu Institutu, va tener llugar la presentaci\\u00f3n de la OBRA MANUSCRITA del escritor xixon\\u00e9s Pach\\u00edn de Mel\\u00e1s. Con esta \\u00abObra manuscrita\\u00bb, quier celebrase\\u2019l 140 aniversariu de la nacencia del autor y completar asina la publicaci\\u00f3n de la obra ensin asoleyar. La obra ta\",\"inLanguage\":\"es-ES\",\"isPartOf\":{\"@id\":\"https:\\\/\\\/candas365.es\\\/noticias\\\/#website\"},\"breadcrumb\":{\"@id\":\"https:\\\/\\\/candas365.es\\\/noticias\\\/presentacion-de-la-obra-manuscrita-del-escritor-xixones-pachin-de-melas\\\/#breadcrumblist\"},\"author\":{\"@id\":\"https:\\\/\\\/candas365.es\\\/noticias\\\/author\\\/admin\\\/#author\"},\"creator\":{\"@id\":\"https:\\\/\\\/candas365.es\\\/noticias\\\/author\\\/admin\\\/#author\"},\"image\":{\"@type\":\"ImageObject\",\"url\":\"https:\\\/\\\/candas365.es\\\/noticias\\\/wp-content\\\/uploads\\\/2015\\\/12\\\/libro1.jpg\",\"@id\":\"https:\\\/\\\/candas365.es\\\/noticias\\\/presentacion-de-la-obra-manuscrita-del-escritor-xixones-pachin-de-melas\\\/#mainImage\",\"width\":655,\"height\":360},\"primaryImageOfPage\":{\"@id\":\"https:\\\/\\\/candas365.es\\\/noticias\\\/presentacion-de-la-obra-manuscrita-del-escritor-xixones-pachin-de-melas\\\/#mainImage\"},\"datePublished\":\"2017-12-20T00:19:29+01:00\",\"dateModified\":\"2017-12-20T00:19:29+01:00\"},{\"@type\":\"WebSite\",\"@id\":\"https:\\\/\\\/candas365.es\\\/noticias\\\/#website\",\"url\":\"https:\\\/\\\/candas365.es\\\/noticias\\\/\",\"name\":\"Cand\\u00e1s 365\",\"alternateName\":\"Cand\\u00e1s 365 Noticias\",\"description\":\"Actualidad desde Carre\\u00f1o para el mundo\",\"inLanguage\":\"es-ES\",\"publisher\":{\"@id\":\"https:\\\/\\\/candas365.es\\\/noticias\\\/#organization\"}}]}\n\t\t<\/script>\n\t\t<!-- All in One SEO Pro -->\r\n\t\t<title>Presentaci\u00f3n de la \u201cObra manuscrita\u201d del escritor xixon\u00e9s Pach\u00edn de Mel\u00e1s | Cand\u00e1s 365<\/title>\n\n","aioseo_head_json":{"title":"Presentaci\u00f3n de la \u201cObra manuscrita\u201d del escritor xixon\u00e9s Pach\u00edn de Mel\u00e1s | Cand\u00e1s 365","description":"El mi\u00e9rcoles 20 d\u2019avientu, a les 19:30 hores nel Centru de Cultura Antiguu Institutu, va tener llugar la presentaci\u00f3n de la OBRA MANUSCRITA del escritor xixon\u00e9s Pach\u00edn de Mel\u00e1s. Con esta \u00abObra manuscrita\u00bb, quier celebrase\u2019l 140 aniversariu de la nacencia del autor y completar asina la publicaci\u00f3n de la obra ensin asoleyar. La obra ta","canonical_url":"https:\/\/candas365.es\/noticias\/presentacion-de-la-obra-manuscrita-del-escritor-xixones-pachin-de-melas\/","robots":"max-image-preview:large","keywords":"agenda","webmasterTools":{"google-site-verification":"UA-32230408-1","msvalidate.01":"354F3CDFB2DA171B47FBE9ABF1F88D5","miscellaneous":""},"schema":{"@context":"https:\/\/schema.org","@graph":[{"@type":"BreadcrumbList","@id":"https:\/\/candas365.es\/noticias\/presentacion-de-la-obra-manuscrita-del-escritor-xixones-pachin-de-melas\/#breadcrumblist","itemListElement":[{"@type":"ListItem","@id":"https:\/\/candas365.es\/noticias#listItem","position":1,"name":"Home","item":"https:\/\/candas365.es\/noticias","nextItem":{"@type":"ListItem","@id":"https:\/\/candas365.es\/noticias\/category\/agenda\/#listItem","name":"Agenda"}},{"@type":"ListItem","@id":"https:\/\/candas365.es\/noticias\/category\/agenda\/#listItem","position":2,"name":"Agenda","item":"https:\/\/candas365.es\/noticias\/category\/agenda\/","nextItem":{"@type":"ListItem","@id":"https:\/\/candas365.es\/noticias\/presentacion-de-la-obra-manuscrita-del-escritor-xixones-pachin-de-melas\/#listItem","name":"Presentaci\u00f3n de la \u201cObra manuscrita\u201d del escritor xixon\u00e9s Pach\u00edn de Mel\u00e1s"},"previousItem":{"@type":"ListItem","@id":"https:\/\/candas365.es\/noticias#listItem","name":"Home"}},{"@type":"ListItem","@id":"https:\/\/candas365.es\/noticias\/presentacion-de-la-obra-manuscrita-del-escritor-xixones-pachin-de-melas\/#listItem","position":3,"name":"Presentaci\u00f3n de la \u201cObra manuscrita\u201d del escritor xixon\u00e9s Pach\u00edn de Mel\u00e1s","previousItem":{"@type":"ListItem","@id":"https:\/\/candas365.es\/noticias\/category\/agenda\/#listItem","name":"Agenda"}}]},{"@type":"NewsArticle","@id":"https:\/\/candas365.es\/noticias\/presentacion-de-la-obra-manuscrita-del-escritor-xixones-pachin-de-melas\/#newsarticle","name":"Presentaci\u00f3n de la \u201cObra manuscrita\u201d del escritor xixon\u00e9s Pach\u00edn de Mel\u00e1s | Cand\u00e1s 365","headline":"Presentaci\u00f3n de la \u201cObra manuscrita\u201d del escritor xixon\u00e9s Pach\u00edn de Mel\u00e1s","author":{"@id":"https:\/\/candas365.es\/noticias\/author\/admin\/#author"},"publisher":{"@id":"https:\/\/candas365.es\/noticias\/#organization"},"image":{"@type":"ImageObject","url":"https:\/\/candas365.es\/noticias\/wp-content\/uploads\/2015\/12\/libro1.jpg","width":655,"height":360},"datePublished":"2017-12-20T00:19:29+01:00","dateModified":"2017-12-20T00:19:29+01:00","inLanguage":"es-ES","mainEntityOfPage":{"@id":"https:\/\/candas365.es\/noticias\/presentacion-de-la-obra-manuscrita-del-escritor-xixones-pachin-de-melas\/#webpage"},"isPartOf":{"@id":"https:\/\/candas365.es\/noticias\/presentacion-de-la-obra-manuscrita-del-escritor-xixones-pachin-de-melas\/#webpage"},"articleSection":"Agenda","dateline":"Publicado el diciembre 20, 2017."},{"@type":"Organization","@id":"https:\/\/candas365.es\/noticias\/#organization","name":"Cand\u00e1s 365","description":"Cand\u00e1s 365 es un diario digital independiente, fundado en 2012, con base en Asturias. Informamos con rigor sobre actualidad, sociedad, cultura y ocio, con una mirada local y global.","url":"https:\/\/candas365.es\/noticias\/","email":"info@candas365.es","telephone":"+34652131393","foundingDate":"2012-06-10","logo":{"@type":"ImageObject","url":"https:\/\/candas365.es\/noticias\/wp-content\/uploads\/2024\/09\/Candas-365-Redes.jpg","@id":"https:\/\/candas365.es\/noticias\/presentacion-de-la-obra-manuscrita-del-escritor-xixones-pachin-de-melas\/#organizationLogo","width":1152,"height":864,"caption":"Cand\u00e1s 365 Redes"},"image":{"@id":"https:\/\/candas365.es\/noticias\/presentacion-de-la-obra-manuscrita-del-escritor-xixones-pachin-de-melas\/#organizationLogo"},"sameAs":["https:\/\/www.facebook.com\/Nachofdezber","https:\/\/x.com\/NabercoDigital","https:\/\/www.instagram.com\/nachofdezber\/","https:\/\/www.youtube.com\/channel\/UCZP-2wLEB9Rv6erhFmqVnvg"],"address":{"@id":"https:\/\/candas365.es\/noticias\/#postaladdress","@type":"PostalAddress","streetAddress":"san antonio 4, san antonio 4","postalCode":"33430","addressLocality":"Cand\u00e1s","addressRegion":"Asturias","addressCountry":"ES"}},{"@type":"Person","@id":"https:\/\/candas365.es\/noticias\/author\/admin\/#author","url":"https:\/\/candas365.es\/noticias\/author\/admin\/","name":"Cand\u00e1s 365","image":{"@type":"ImageObject","@id":"https:\/\/candas365.es\/noticias\/presentacion-de-la-obra-manuscrita-del-escritor-xixones-pachin-de-melas\/#authorImage","url":"https:\/\/secure.gravatar.com\/avatar\/496a8e03d0c493ede1718b7934145dbdf8d89be1036b0eec9544e1094c9de390?s=96&d=mm&r=g","width":96,"height":96,"caption":"Cand\u00e1s 365"},"sameAs":["https:\/\/www.facebook.com\/carrenoactualidad","https:\/\/twitter.com\/nbasturias","https:\/\/www.instagram.com\/nachofdezber\/","https:\/\/www.youtube.com\/channel\/UCZP-2wLEB9Rv6erhFmqVnvg"]},{"@type":"WebPage","@id":"https:\/\/candas365.es\/noticias\/presentacion-de-la-obra-manuscrita-del-escritor-xixones-pachin-de-melas\/#webpage","url":"https:\/\/candas365.es\/noticias\/presentacion-de-la-obra-manuscrita-del-escritor-xixones-pachin-de-melas\/","name":"Presentaci\u00f3n de la \u201cObra manuscrita\u201d del escritor xixon\u00e9s Pach\u00edn de Mel\u00e1s | Cand\u00e1s 365","description":"El mi\u00e9rcoles 20 d\u2019avientu, a les 19:30 hores nel Centru de Cultura Antiguu Institutu, va tener llugar la presentaci\u00f3n de la OBRA MANUSCRITA del escritor xixon\u00e9s Pach\u00edn de Mel\u00e1s. Con esta \u00abObra manuscrita\u00bb, quier celebrase\u2019l 140 aniversariu de la nacencia del autor y completar asina la publicaci\u00f3n de la obra ensin asoleyar. La obra ta","inLanguage":"es-ES","isPartOf":{"@id":"https:\/\/candas365.es\/noticias\/#website"},"breadcrumb":{"@id":"https:\/\/candas365.es\/noticias\/presentacion-de-la-obra-manuscrita-del-escritor-xixones-pachin-de-melas\/#breadcrumblist"},"author":{"@id":"https:\/\/candas365.es\/noticias\/author\/admin\/#author"},"creator":{"@id":"https:\/\/candas365.es\/noticias\/author\/admin\/#author"},"image":{"@type":"ImageObject","url":"https:\/\/candas365.es\/noticias\/wp-content\/uploads\/2015\/12\/libro1.jpg","@id":"https:\/\/candas365.es\/noticias\/presentacion-de-la-obra-manuscrita-del-escritor-xixones-pachin-de-melas\/#mainImage","width":655,"height":360},"primaryImageOfPage":{"@id":"https:\/\/candas365.es\/noticias\/presentacion-de-la-obra-manuscrita-del-escritor-xixones-pachin-de-melas\/#mainImage"},"datePublished":"2017-12-20T00:19:29+01:00","dateModified":"2017-12-20T00:19:29+01:00"},{"@type":"WebSite","@id":"https:\/\/candas365.es\/noticias\/#website","url":"https:\/\/candas365.es\/noticias\/","name":"Cand\u00e1s 365","alternateName":"Cand\u00e1s 365 Noticias","description":"Actualidad desde Carre\u00f1o para el mundo","inLanguage":"es-ES","publisher":{"@id":"https:\/\/candas365.es\/noticias\/#organization"}}]},"og:locale":"es_ES","og:site_name":"Cand\u00e1s 365","og:type":"article","og:title":"Presentaci\u00f3n de la \u201cObra manuscrita\u201d del escritor xixon\u00e9s Pach\u00edn de Mel\u00e1s | Cand\u00e1s 365","og:description":"El mi\u00e9rcoles 20 d\u2019avientu, a les 19:30 hores nel Centru de Cultura Antiguu Institutu, va tener llugar la presentaci\u00f3n de la OBRA MANUSCRITA del escritor xixon\u00e9s Pach\u00edn de Mel\u00e1s. Con esta \u00abObra manuscrita\u00bb, quier celebrase\u2019l 140 aniversariu de la nacencia del autor y completar asina la publicaci\u00f3n de la obra ensin asoleyar. La obra ta","og:url":"https:\/\/candas365.es\/noticias\/presentacion-de-la-obra-manuscrita-del-escritor-xixones-pachin-de-melas\/","og:image":"https:\/\/candas365.es\/noticias\/wp-content\/uploads\/2015\/12\/libro1.jpg","og:image:secure_url":"https:\/\/candas365.es\/noticias\/wp-content\/uploads\/2015\/12\/libro1.jpg","og:image:width":655,"og:image:height":360,"article:published_time":"2017-12-20T00:19:29+00:00","article:modified_time":"2017-12-20T00:19:29+00:00","article:publisher":"https:\/\/www.facebook.com\/Nachofdezber","article:author":"https:\/\/www.facebook.com\/carrenoactualidad","twitter:card":"summary_large_image","twitter:site":"@NabercoDigital","twitter:title":"Presentaci\u00f3n de la \u201cObra manuscrita\u201d del escritor xixon\u00e9s Pach\u00edn de Mel\u00e1s | Cand\u00e1s 365","twitter:description":"El mi\u00e9rcoles 20 d\u2019avientu, a les 19:30 hores nel Centru de Cultura Antiguu Institutu, va tener llugar la presentaci\u00f3n de la OBRA MANUSCRITA del escritor xixon\u00e9s Pach\u00edn de Mel\u00e1s. Con esta \u00abObra manuscrita\u00bb, quier celebrase\u2019l 140 aniversariu de la nacencia del autor y completar asina la publicaci\u00f3n de la obra ensin asoleyar. La obra ta","twitter:creator":"@nbasturias","twitter:image":"https:\/\/candas365.es\/noticias\/wp-content\/uploads\/2015\/12\/libro1.jpg","twitter:label1":"Escrito por","twitter:data1":"Cand\u00e1s 365","twitter:label2":"Tiempo de lectura estimado","twitter:data2":"1 minuto"},"aioseo_meta_data":{"post_id":"87254","title":null,"description":null,"keywords":null,"keyphrases":null,"primary_term":null,"canonical_url":null,"og_title":null,"og_description":null,"og_object_type":"default","og_image_type":"default","og_image_url":null,"og_image_width":null,"og_image_height":null,"og_image_custom_url":null,"og_image_custom_fields":null,"og_video":null,"og_custom_url":null,"og_article_section":null,"og_article_tags":null,"twitter_use_og":false,"twitter_card":"default","twitter_image_type":"default","twitter_image_url":null,"twitter_image_custom_url":null,"twitter_image_custom_fields":null,"twitter_title":null,"twitter_description":null,"schema":{"blockGraphs":[],"customGraphs":[],"default":{"data":{"Article":[],"Course":[],"Dataset":[],"FAQPage":[],"Movie":[],"Person":[],"Product":[],"ProductReview":[],"Car":[],"Recipe":[],"Service":[],"SoftwareApplication":[],"WebPage":[]},"graphName":"","isEnabled":true},"graphs":[],"defaultGraph":"","defaultPostTypeGraph":""},"schema_type":null,"schema_type_options":null,"pillar_content":false,"robots_default":true,"robots_noindex":false,"robots_noarchive":false,"robots_nosnippet":false,"robots_nofollow":false,"robots_noimageindex":false,"robots_noodp":false,"robots_notranslate":false,"robots_max_snippet":null,"robots_max_videopreview":null,"robots_max_imagepreview":"large","priority":null,"frequency":null,"location":null,"local_seo":null,"seo_analyzer_scan_date":"2025-08-26 09:22:15","breadcrumb_settings":null,"limit_modified_date":false,"reviewed_by":null,"open_ai":null,"ai":null,"created":"2020-12-21 12:09:57","updated":"2025-08-26 09:22:15"},"aioseo_breadcrumb":"<div class=\"aioseo-breadcrumbs\"><span class=\"aioseo-breadcrumb\">\n\t<a href=\"https:\/\/candas365.es\/noticias\" title=\"Home\">Home<\/a>\n<\/span><span class=\"aioseo-breadcrumb-separator\">&ndash;<\/span><span class=\"aioseo-breadcrumb\">\n\t<a href=\"https:\/\/candas365.es\/noticias\/category\/agenda\/\" title=\"Agenda\">Agenda<\/a>\n<\/span><span class=\"aioseo-breadcrumb-separator\">&ndash;<\/span><span class=\"aioseo-breadcrumb\">\n\tPresentaci\u00f3n de la \u201cObra manuscrita\u201d del escritor xixon\u00e9s Pach\u00edn de Mel\u00e1s\n<\/span><\/div>","aioseo_breadcrumb_json":[{"label":"Home","link":"https:\/\/candas365.es\/noticias"},{"label":"Agenda","link":"https:\/\/candas365.es\/noticias\/category\/agenda\/"},{"label":"Presentaci\u00f3n de la \u201cObra manuscrita\u201d del escritor xixon\u00e9s Pach\u00edn de Mel\u00e1s","link":"https:\/\/candas365.es\/noticias\/presentacion-de-la-obra-manuscrita-del-escritor-xixones-pachin-de-melas\/"}],"_links":{"self":[{"href":"https:\/\/candas365.es\/noticias\/wp-json\/wp\/v2\/posts\/87254","targetHints":{"allow":["GET"]}}],"collection":[{"href":"https:\/\/candas365.es\/noticias\/wp-json\/wp\/v2\/posts"}],"about":[{"href":"https:\/\/candas365.es\/noticias\/wp-json\/wp\/v2\/types\/post"}],"author":[{"embeddable":true,"href":"https:\/\/candas365.es\/noticias\/wp-json\/wp\/v2\/users\/1"}],"replies":[{"embeddable":true,"href":"https:\/\/candas365.es\/noticias\/wp-json\/wp\/v2\/comments?post=87254"}],"version-history":[{"count":0,"href":"https:\/\/candas365.es\/noticias\/wp-json\/wp\/v2\/posts\/87254\/revisions"}],"wp:featuredmedia":[{"embeddable":true,"href":"https:\/\/candas365.es\/noticias\/wp-json\/wp\/v2\/media\/22984"}],"wp:attachment":[{"href":"https:\/\/candas365.es\/noticias\/wp-json\/wp\/v2\/media?parent=87254"}],"wp:term":[{"taxonomy":"category","embeddable":true,"href":"https:\/\/candas365.es\/noticias\/wp-json\/wp\/v2\/categories?post=87254"},{"taxonomy":"post_tag","embeddable":true,"href":"https:\/\/candas365.es\/noticias\/wp-json\/wp\/v2\/tags?post=87254"}],"curies":[{"name":"wp","href":"https:\/\/api.w.org\/{rel}","templated":true}]}}