{"id":86928,"date":"2017-12-14T20:00:45","date_gmt":"2017-12-14T20:00:45","guid":{"rendered":"http:\/\/candas365.es\/noticias\/?p=86928"},"modified":"2017-12-14T20:00:45","modified_gmt":"2017-12-14T20:00:45","slug":"carreno-apuesta-por-el-desarrollo-sostenible","status":"publish","type":"post","link":"https:\/\/candas365.es\/noticias\/carreno-apuesta-por-el-desarrollo-sostenible\/","title":{"rendered":"Carre\u00f1o apuesta por el desarrollo sostenible"},"content":{"rendered":"<p><img fetchpriority=\"high\" decoding=\"async\" class=\"alignleft size-medium wp-image-86929\" src=\"https:\/\/candas365.es\/noticias\/wp-content\/uploads\/2017\/12\/IMG_3904-225x300.jpg\" alt=\"\" width=\"225\" height=\"300\" srcset=\"https:\/\/candas365.es\/noticias\/wp-content\/uploads\/2017\/12\/IMG_3904-225x300.jpg 225w, https:\/\/candas365.es\/noticias\/wp-content\/uploads\/2017\/12\/IMG_3904-768x1024.jpg 768w, https:\/\/candas365.es\/noticias\/wp-content\/uploads\/2017\/12\/IMG_3904-360x480.jpg 360w, https:\/\/candas365.es\/noticias\/wp-content\/uploads\/2017\/12\/IMG_3904-696x928.jpg 696w, https:\/\/candas365.es\/noticias\/wp-content\/uploads\/2017\/12\/IMG_3904-1068x1424.jpg 1068w, https:\/\/candas365.es\/noticias\/wp-content\/uploads\/2017\/12\/IMG_3904-315x420.jpg 315w, https:\/\/candas365.es\/noticias\/wp-content\/uploads\/2017\/12\/IMG_3904.jpg 1200w\" sizes=\"(max-width: 225px) 100vw, 225px\" \/>El Farolero, encendi\u00f3 este a\u00f1o la iluminaci\u00f3n de led y decoraciones de la villa marinera de Cand\u00e1s, y en torno a su figura y el desarrollo sostenible, se desarrollan diversas actividades, promovidas por el Ayuntamiento de Carre\u00f1o.<\/p>\n<p>Son actividades de sensibilizaci\u00f3n que se realizan en los centros educativos relacionadas con el desarrollo sostenible y sus objetivos para las que se cuenta con la colaboraci\u00f3n de la Federaci\u00f3n Asturiana de Concejos.<\/p>\n<p>\u201cEl objetivo de estos talleres es difundir el mensaje de consumo responsable y de navidades responsables, dando a conocer los objetivos que los pa\u00edses se han marcado y hacerles reflexionar que todos\/as tenemos parte en el cambio, ya que consumir de manera responsable, incluye entre otras muchas cosas:<\/p>\n<p>&#8211; no desperdiciar alimentos en nuestras casas, ya que repercute tanto en los desperdicios de que generamos y que hay que reciclar o eliminar y que comer alimentos procesados gasta m\u00e1s energ\u00eda en su elaboraci\u00f3n y envasado, y en estas fechas de navidad es muy habitual<\/p>\n<p>&#8211; Otra manera de consumir de forma responsable, es reutilizar cosas que ya no nos sirven, pero que pueden tener otros usos. Por ejemplo, en navidad, hacer adornos, en vez de comprarlos.<\/p>\n<p>Se realizar\u00e1n 23 mensajes diferentes, para 23 faroles. Repartidos de la siguiente forma:<\/p>\n<p>&#8211; 12 en el colegio San F\u00e9lix<\/p>\n<p>&#8211; 8 en el colegio Poeta Ant\u00f3n<\/p>\n<p>&#8211; 3 el grupo de los colegios Guimar\u00e1n- El Valle y Escuela Rural de Llorgozana<\/p>\n<p>Estos mensajes y el farol correspondiente se colocar\u00e1n el pr\u00f3ximo d\u00eda, 23 en los establecimientos hosteleros con la llegada del Farolero a Cand\u00e1s para recoger las cartas de sue\u00f1os y deseos de los ni\u00f1os y las ni\u00f1as de Carre\u00f1o\u201d &#8211; explic\u00f3 la edil de Juventud, Paula Cuervo.<\/p>\n<p>Cada taller comienza con el visionado de el V\u00eddeo \u201c La tierra est\u00e1 enferma\u201d. Seguidamente el alumnado realiza con los\/as monitores\/as reflexiones y comentarios sobre su contenido. A continuaci\u00f3n, trabajan sobre el concepto de desarrollo sostenible y sus 17 objetivos<\/p>\n<p>\u201cDestacar que en los centros educativos de Carre\u00f1o estamos centr\u00e1ndonos estos d\u00edas en trabajar con la poblaci\u00f3n escolar de en tres de esos 17 objetivos de desarrollo sostenible. Hemos fijado las acciones de sensibilizaci\u00f3n en estos que siguen como prioritarios:<\/p>\n<p>&#8211; Poner fin al hambre, lograr la seguridad alimentaria y la mejora de la nutrici\u00f3n.<br \/>\n(Objetivo 2)<\/p>\n<p>&#8211; Garantizar una vida sana y promover el bienestar para todos en todas las edades. ( Objetivo 3)<\/p>\n<p>&#8211; Garantizar modalidades de consumo y producci\u00f3n sostenibles, para que los ni\u00f1os y las ni\u00f1as entiendan que en estas fechas no s\u00f3lo es necesario consumir por consumir. ( Objetivo 12)<\/p>\n<p>\u201cSe divide a la clase en 3 grupos y se les pide que formulen mensajes sobre el desarrollo sostenible relacionados con lo que han trabajado previamente. Por grupo, con los mensajes elaborados realizar\u00e1n con hueveras recicladas mensajes y adornos para las calles de Cand\u00e1s\u201d &#8211; a\u00f1adi\u00f3 la concejala<\/p>\n<p>\u201cCon los y las m\u00e1s peque\u00f1os\/as empleamos la figura de El Farolero, un rapaz de barco que faena en la mar, la respeta y la cuida para reflexionar con ellos\/as y hacer hincapi\u00e9 en como estos objetivos de desarrollo sostenible tambi\u00e9n est\u00e1n muy relacionados con ellos\/as. Se les explica c\u00f3mo pueden ayudar a que se cumplan con sus h\u00e1bitos de vida\u201d &#8211; prosigui\u00f3 la edil.<\/p>\n<p>\u201cLes ense\u00f1amos a construir de adornos navide\u00f1os sostenibles con material reciclado y reutilizado. Partiendo de un tarro de vidrio reciclado realizan un farol para recibir el 23 al Farolero. Y con otros materiales de deshecho (conchas, trozos de red inservible, corchos, hueveras, cintas lazo usadas etc realizan adornos navide\u00f1os para sus casas y para colocar en el \u00e1rbol com\u00fan emplazado en Vald\u00e9s Pumarino. El 22 colocaremos todos los adornos navide\u00f1os sostenibles en el \u00e1rbol\u201d &#8211; concluy\u00f3 Paula Cuervo.<\/p>\n","protected":false},"excerpt":{"rendered":"<p>El Farolero, encendi\u00f3 este a\u00f1o la iluminaci\u00f3n de led y decoraciones de la villa marinera de Cand\u00e1s, y en torno a su figura y el desarrollo sostenible, se desarrollan diversas actividades, promovidas por el Ayuntamiento de Carre\u00f1o. Son actividades de sensibilizaci\u00f3n que se realizan en los centros educativos relacionadas con el desarrollo sostenible y sus<\/p>\n","protected":false},"author":1,"featured_media":86929,"comment_status":"closed","ping_status":"closed","sticky":false,"template":"","format":"standard","meta":{"footnotes":""},"categories":[2],"tags":[],"class_list":{"0":"post-86928","1":"post","2":"type-post","3":"status-publish","4":"format-standard","5":"has-post-thumbnail","7":"category-noticias-carreno"},"aioseo_notices":[],"aioseo_head":"\n\t\t<!-- All in One SEO Pro 4.9.6.2 - aioseo.com -->\n\t<meta name=\"description\" content=\"El Farolero, encendi\u00f3 este a\u00f1o la iluminaci\u00f3n de led y decoraciones de la villa marinera de Cand\u00e1s, y en torno a su figura y el desarrollo sostenible, se desarrollan diversas actividades, promovidas por el Ayuntamiento de Carre\u00f1o. Son actividades de sensibilizaci\u00f3n que se realizan en los centros educativos relacionadas con el desarrollo sostenible y sus\" \/>\n\t<meta name=\"robots\" content=\"max-image-preview:large\" \/>\n\t<meta name=\"author\" content=\"Cand\u00e1s 365\"\/>\n\t<meta name=\"google-site-verification\" content=\"UA-32230408-1\" \/>\n\t<meta name=\"msvalidate.01\" content=\"354F3CDFB2DA171B47FBE9ABF1F88D5\" \/>\n\t<meta name=\"keywords\" content=\"noticias carre\u00f1o\" \/>\n\t<link rel=\"canonical\" href=\"https:\/\/candas365.es\/noticias\/carreno-apuesta-por-el-desarrollo-sostenible\/\" \/>\n\t<meta name=\"generator\" content=\"All in One SEO Pro (AIOSEO) 4.9.6.2\" \/>\n\t\t<meta property=\"og:locale\" content=\"es_ES\" \/>\n\t\t<meta property=\"og:site_name\" content=\"Cand\u00e1s 365\" \/>\n\t\t<meta property=\"og:type\" content=\"article\" \/>\n\t\t<meta property=\"og:title\" content=\"Carre\u00f1o apuesta por el desarrollo sostenible | Cand\u00e1s 365\" \/>\n\t\t<meta property=\"og:description\" content=\"El Farolero, encendi\u00f3 este a\u00f1o la iluminaci\u00f3n de led y decoraciones de la villa marinera de Cand\u00e1s, y en torno a su figura y el desarrollo sostenible, se desarrollan diversas actividades, promovidas por el Ayuntamiento de Carre\u00f1o. Son actividades de sensibilizaci\u00f3n que se realizan en los centros educativos relacionadas con el desarrollo sostenible y sus\" \/>\n\t\t<meta property=\"og:url\" content=\"https:\/\/candas365.es\/noticias\/carreno-apuesta-por-el-desarrollo-sostenible\/\" \/>\n\t\t<meta property=\"og:image\" content=\"https:\/\/candas365.es\/noticias\/wp-content\/uploads\/2017\/12\/IMG_3904.jpg\" \/>\n\t\t<meta property=\"og:image:secure_url\" content=\"https:\/\/candas365.es\/noticias\/wp-content\/uploads\/2017\/12\/IMG_3904.jpg\" \/>\n\t\t<meta property=\"og:image:width\" content=\"1200\" \/>\n\t\t<meta property=\"og:image:height\" content=\"1600\" \/>\n\t\t<meta property=\"article:published_time\" content=\"2017-12-14T20:00:45+00:00\" \/>\n\t\t<meta property=\"article:modified_time\" content=\"2017-12-14T20:00:45+00:00\" \/>\n\t\t<meta property=\"article:publisher\" content=\"https:\/\/www.facebook.com\/Nachofdezber\" \/>\n\t\t<meta property=\"article:author\" content=\"https:\/\/www.facebook.com\/carrenoactualidad\" \/>\n\t\t<meta name=\"twitter:card\" content=\"summary_large_image\" \/>\n\t\t<meta name=\"twitter:site\" content=\"@NabercoDigital\" \/>\n\t\t<meta name=\"twitter:title\" content=\"Carre\u00f1o apuesta por el desarrollo sostenible | Cand\u00e1s 365\" \/>\n\t\t<meta name=\"twitter:description\" content=\"El Farolero, encendi\u00f3 este a\u00f1o la iluminaci\u00f3n de led y decoraciones de la villa marinera de Cand\u00e1s, y en torno a su figura y el desarrollo sostenible, se desarrollan diversas actividades, promovidas por el Ayuntamiento de Carre\u00f1o. Son actividades de sensibilizaci\u00f3n que se realizan en los centros educativos relacionadas con el desarrollo sostenible y sus\" \/>\n\t\t<meta name=\"twitter:creator\" content=\"@nbasturias\" \/>\n\t\t<meta name=\"twitter:image\" content=\"https:\/\/candas365.es\/noticias\/wp-content\/uploads\/2017\/12\/IMG_3904.jpg\" \/>\n\t\t<meta name=\"twitter:label1\" content=\"Escrito por\" \/>\n\t\t<meta name=\"twitter:data1\" content=\"Cand\u00e1s 365\" \/>\n\t\t<meta name=\"twitter:label2\" content=\"Tiempo de lectura estimado\" \/>\n\t\t<meta name=\"twitter:data2\" content=\"3 minutos\" \/>\n\t\t<script type=\"application\/ld+json\" class=\"aioseo-schema\">\n\t\t\t{\"@context\":\"https:\\\/\\\/schema.org\",\"@graph\":[{\"@type\":\"BreadcrumbList\",\"@id\":\"https:\\\/\\\/candas365.es\\\/noticias\\\/carreno-apuesta-por-el-desarrollo-sostenible\\\/#breadcrumblist\",\"itemListElement\":[{\"@type\":\"ListItem\",\"@id\":\"https:\\\/\\\/candas365.es\\\/noticias#listItem\",\"position\":1,\"name\":\"Home\",\"item\":\"https:\\\/\\\/candas365.es\\\/noticias\",\"nextItem\":{\"@type\":\"ListItem\",\"@id\":\"https:\\\/\\\/candas365.es\\\/noticias\\\/category\\\/noticias-carreno\\\/#listItem\",\"name\":\"Noticias Carre\\u00f1o\"}},{\"@type\":\"ListItem\",\"@id\":\"https:\\\/\\\/candas365.es\\\/noticias\\\/category\\\/noticias-carreno\\\/#listItem\",\"position\":2,\"name\":\"Noticias Carre\\u00f1o\",\"item\":\"https:\\\/\\\/candas365.es\\\/noticias\\\/category\\\/noticias-carreno\\\/\",\"nextItem\":{\"@type\":\"ListItem\",\"@id\":\"https:\\\/\\\/candas365.es\\\/noticias\\\/carreno-apuesta-por-el-desarrollo-sostenible\\\/#listItem\",\"name\":\"Carre\\u00f1o apuesta por el desarrollo sostenible\"},\"previousItem\":{\"@type\":\"ListItem\",\"@id\":\"https:\\\/\\\/candas365.es\\\/noticias#listItem\",\"name\":\"Home\"}},{\"@type\":\"ListItem\",\"@id\":\"https:\\\/\\\/candas365.es\\\/noticias\\\/carreno-apuesta-por-el-desarrollo-sostenible\\\/#listItem\",\"position\":3,\"name\":\"Carre\\u00f1o apuesta por el desarrollo sostenible\",\"previousItem\":{\"@type\":\"ListItem\",\"@id\":\"https:\\\/\\\/candas365.es\\\/noticias\\\/category\\\/noticias-carreno\\\/#listItem\",\"name\":\"Noticias Carre\\u00f1o\"}}]},{\"@type\":\"NewsArticle\",\"@id\":\"https:\\\/\\\/candas365.es\\\/noticias\\\/carreno-apuesta-por-el-desarrollo-sostenible\\\/#newsarticle\",\"name\":\"Carre\\u00f1o apuesta por el desarrollo sostenible | Cand\\u00e1s 365\",\"headline\":\"Carre\\u00f1o apuesta por el desarrollo sostenible\",\"author\":{\"@id\":\"https:\\\/\\\/candas365.es\\\/noticias\\\/author\\\/admin\\\/#author\"},\"publisher\":{\"@id\":\"https:\\\/\\\/candas365.es\\\/noticias\\\/#organization\"},\"image\":{\"@type\":\"ImageObject\",\"url\":\"https:\\\/\\\/candas365.es\\\/noticias\\\/wp-content\\\/uploads\\\/2017\\\/12\\\/IMG_3904.jpg\",\"width\":1200,\"height\":1600},\"datePublished\":\"2017-12-14T20:00:45+01:00\",\"dateModified\":\"2017-12-14T20:00:45+01:00\",\"inLanguage\":\"es-ES\",\"mainEntityOfPage\":{\"@id\":\"https:\\\/\\\/candas365.es\\\/noticias\\\/carreno-apuesta-por-el-desarrollo-sostenible\\\/#webpage\"},\"isPartOf\":{\"@id\":\"https:\\\/\\\/candas365.es\\\/noticias\\\/carreno-apuesta-por-el-desarrollo-sostenible\\\/#webpage\"},\"articleSection\":\"Noticias Carre\\u00f1o\",\"dateline\":\"Publicado el diciembre 14, 2017.\"},{\"@type\":\"Organization\",\"@id\":\"https:\\\/\\\/candas365.es\\\/noticias\\\/#organization\",\"name\":\"Cand\\u00e1s 365\",\"description\":\"Cand\\u00e1s 365 es un diario digital independiente, fundado en 2012, con base en Asturias. Informamos con rigor sobre actualidad, sociedad, cultura y ocio, con una mirada local y global.\",\"url\":\"https:\\\/\\\/candas365.es\\\/noticias\\\/\",\"email\":\"info@candas365.es\",\"telephone\":\"+34652131393\",\"foundingDate\":\"2012-06-10\",\"logo\":{\"@type\":\"ImageObject\",\"url\":\"https:\\\/\\\/candas365.es\\\/noticias\\\/wp-content\\\/uploads\\\/2024\\\/09\\\/Candas-365-Redes.jpg\",\"@id\":\"https:\\\/\\\/candas365.es\\\/noticias\\\/carreno-apuesta-por-el-desarrollo-sostenible\\\/#organizationLogo\",\"width\":1152,\"height\":864,\"caption\":\"Cand\\u00e1s 365 Redes\"},\"image\":{\"@id\":\"https:\\\/\\\/candas365.es\\\/noticias\\\/carreno-apuesta-por-el-desarrollo-sostenible\\\/#organizationLogo\"},\"sameAs\":[\"https:\\\/\\\/www.facebook.com\\\/Nachofdezber\",\"https:\\\/\\\/x.com\\\/NabercoDigital\",\"https:\\\/\\\/www.instagram.com\\\/nachofdezber\\\/\",\"https:\\\/\\\/www.youtube.com\\\/channel\\\/UCZP-2wLEB9Rv6erhFmqVnvg\"],\"address\":{\"@id\":\"https:\\\/\\\/candas365.es\\\/noticias\\\/#postaladdress\",\"@type\":\"PostalAddress\",\"streetAddress\":\"san antonio 4, san antonio 4\",\"postalCode\":\"33430\",\"addressLocality\":\"Cand\\u00e1s\",\"addressRegion\":\"Asturias\",\"addressCountry\":\"ES\"}},{\"@type\":\"Person\",\"@id\":\"https:\\\/\\\/candas365.es\\\/noticias\\\/author\\\/admin\\\/#author\",\"url\":\"https:\\\/\\\/candas365.es\\\/noticias\\\/author\\\/admin\\\/\",\"name\":\"Cand\\u00e1s 365\",\"image\":{\"@type\":\"ImageObject\",\"@id\":\"https:\\\/\\\/candas365.es\\\/noticias\\\/carreno-apuesta-por-el-desarrollo-sostenible\\\/#authorImage\",\"url\":\"https:\\\/\\\/secure.gravatar.com\\\/avatar\\\/496a8e03d0c493ede1718b7934145dbdf8d89be1036b0eec9544e1094c9de390?s=96&d=mm&r=g\",\"width\":96,\"height\":96,\"caption\":\"Cand\\u00e1s 365\"},\"sameAs\":[\"https:\\\/\\\/www.facebook.com\\\/carrenoactualidad\",\"https:\\\/\\\/twitter.com\\\/nbasturias\",\"https:\\\/\\\/www.instagram.com\\\/nachofdezber\\\/\",\"https:\\\/\\\/www.youtube.com\\\/channel\\\/UCZP-2wLEB9Rv6erhFmqVnvg\"]},{\"@type\":\"WebPage\",\"@id\":\"https:\\\/\\\/candas365.es\\\/noticias\\\/carreno-apuesta-por-el-desarrollo-sostenible\\\/#webpage\",\"url\":\"https:\\\/\\\/candas365.es\\\/noticias\\\/carreno-apuesta-por-el-desarrollo-sostenible\\\/\",\"name\":\"Carre\\u00f1o apuesta por el desarrollo sostenible | Cand\\u00e1s 365\",\"description\":\"El Farolero, encendi\\u00f3 este a\\u00f1o la iluminaci\\u00f3n de led y decoraciones de la villa marinera de Cand\\u00e1s, y en torno a su figura y el desarrollo sostenible, se desarrollan diversas actividades, promovidas por el Ayuntamiento de Carre\\u00f1o. Son actividades de sensibilizaci\\u00f3n que se realizan en los centros educativos relacionadas con el desarrollo sostenible y sus\",\"inLanguage\":\"es-ES\",\"isPartOf\":{\"@id\":\"https:\\\/\\\/candas365.es\\\/noticias\\\/#website\"},\"breadcrumb\":{\"@id\":\"https:\\\/\\\/candas365.es\\\/noticias\\\/carreno-apuesta-por-el-desarrollo-sostenible\\\/#breadcrumblist\"},\"author\":{\"@id\":\"https:\\\/\\\/candas365.es\\\/noticias\\\/author\\\/admin\\\/#author\"},\"creator\":{\"@id\":\"https:\\\/\\\/candas365.es\\\/noticias\\\/author\\\/admin\\\/#author\"},\"image\":{\"@type\":\"ImageObject\",\"url\":\"https:\\\/\\\/candas365.es\\\/noticias\\\/wp-content\\\/uploads\\\/2017\\\/12\\\/IMG_3904.jpg\",\"@id\":\"https:\\\/\\\/candas365.es\\\/noticias\\\/carreno-apuesta-por-el-desarrollo-sostenible\\\/#mainImage\",\"width\":1200,\"height\":1600},\"primaryImageOfPage\":{\"@id\":\"https:\\\/\\\/candas365.es\\\/noticias\\\/carreno-apuesta-por-el-desarrollo-sostenible\\\/#mainImage\"},\"datePublished\":\"2017-12-14T20:00:45+01:00\",\"dateModified\":\"2017-12-14T20:00:45+01:00\"},{\"@type\":\"WebSite\",\"@id\":\"https:\\\/\\\/candas365.es\\\/noticias\\\/#website\",\"url\":\"https:\\\/\\\/candas365.es\\\/noticias\\\/\",\"name\":\"Cand\\u00e1s 365\",\"alternateName\":\"Cand\\u00e1s 365 Noticias\",\"description\":\"Actualidad desde Carre\\u00f1o para el mundo\",\"inLanguage\":\"es-ES\",\"publisher\":{\"@id\":\"https:\\\/\\\/candas365.es\\\/noticias\\\/#organization\"}}]}\n\t\t<\/script>\n\t\t<!-- All in One SEO Pro -->\r\n\t\t<title>Carre\u00f1o apuesta por el desarrollo sostenible | Cand\u00e1s 365<\/title>\n\n","aioseo_head_json":{"title":"Carre\u00f1o apuesta por el desarrollo sostenible | Cand\u00e1s 365","description":"El Farolero, encendi\u00f3 este a\u00f1o la iluminaci\u00f3n de led y decoraciones de la villa marinera de Cand\u00e1s, y en torno a su figura y el desarrollo sostenible, se desarrollan diversas actividades, promovidas por el Ayuntamiento de Carre\u00f1o. Son actividades de sensibilizaci\u00f3n que se realizan en los centros educativos relacionadas con el desarrollo sostenible y sus","canonical_url":"https:\/\/candas365.es\/noticias\/carreno-apuesta-por-el-desarrollo-sostenible\/","robots":"max-image-preview:large","keywords":"noticias carre\u00f1o","webmasterTools":{"google-site-verification":"UA-32230408-1","msvalidate.01":"354F3CDFB2DA171B47FBE9ABF1F88D5","miscellaneous":""},"schema":{"@context":"https:\/\/schema.org","@graph":[{"@type":"BreadcrumbList","@id":"https:\/\/candas365.es\/noticias\/carreno-apuesta-por-el-desarrollo-sostenible\/#breadcrumblist","itemListElement":[{"@type":"ListItem","@id":"https:\/\/candas365.es\/noticias#listItem","position":1,"name":"Home","item":"https:\/\/candas365.es\/noticias","nextItem":{"@type":"ListItem","@id":"https:\/\/candas365.es\/noticias\/category\/noticias-carreno\/#listItem","name":"Noticias Carre\u00f1o"}},{"@type":"ListItem","@id":"https:\/\/candas365.es\/noticias\/category\/noticias-carreno\/#listItem","position":2,"name":"Noticias Carre\u00f1o","item":"https:\/\/candas365.es\/noticias\/category\/noticias-carreno\/","nextItem":{"@type":"ListItem","@id":"https:\/\/candas365.es\/noticias\/carreno-apuesta-por-el-desarrollo-sostenible\/#listItem","name":"Carre\u00f1o apuesta por el desarrollo sostenible"},"previousItem":{"@type":"ListItem","@id":"https:\/\/candas365.es\/noticias#listItem","name":"Home"}},{"@type":"ListItem","@id":"https:\/\/candas365.es\/noticias\/carreno-apuesta-por-el-desarrollo-sostenible\/#listItem","position":3,"name":"Carre\u00f1o apuesta por el desarrollo sostenible","previousItem":{"@type":"ListItem","@id":"https:\/\/candas365.es\/noticias\/category\/noticias-carreno\/#listItem","name":"Noticias Carre\u00f1o"}}]},{"@type":"NewsArticle","@id":"https:\/\/candas365.es\/noticias\/carreno-apuesta-por-el-desarrollo-sostenible\/#newsarticle","name":"Carre\u00f1o apuesta por el desarrollo sostenible | Cand\u00e1s 365","headline":"Carre\u00f1o apuesta por el desarrollo sostenible","author":{"@id":"https:\/\/candas365.es\/noticias\/author\/admin\/#author"},"publisher":{"@id":"https:\/\/candas365.es\/noticias\/#organization"},"image":{"@type":"ImageObject","url":"https:\/\/candas365.es\/noticias\/wp-content\/uploads\/2017\/12\/IMG_3904.jpg","width":1200,"height":1600},"datePublished":"2017-12-14T20:00:45+01:00","dateModified":"2017-12-14T20:00:45+01:00","inLanguage":"es-ES","mainEntityOfPage":{"@id":"https:\/\/candas365.es\/noticias\/carreno-apuesta-por-el-desarrollo-sostenible\/#webpage"},"isPartOf":{"@id":"https:\/\/candas365.es\/noticias\/carreno-apuesta-por-el-desarrollo-sostenible\/#webpage"},"articleSection":"Noticias Carre\u00f1o","dateline":"Publicado el diciembre 14, 2017."},{"@type":"Organization","@id":"https:\/\/candas365.es\/noticias\/#organization","name":"Cand\u00e1s 365","description":"Cand\u00e1s 365 es un diario digital independiente, fundado en 2012, con base en Asturias. Informamos con rigor sobre actualidad, sociedad, cultura y ocio, con una mirada local y global.","url":"https:\/\/candas365.es\/noticias\/","email":"info@candas365.es","telephone":"+34652131393","foundingDate":"2012-06-10","logo":{"@type":"ImageObject","url":"https:\/\/candas365.es\/noticias\/wp-content\/uploads\/2024\/09\/Candas-365-Redes.jpg","@id":"https:\/\/candas365.es\/noticias\/carreno-apuesta-por-el-desarrollo-sostenible\/#organizationLogo","width":1152,"height":864,"caption":"Cand\u00e1s 365 Redes"},"image":{"@id":"https:\/\/candas365.es\/noticias\/carreno-apuesta-por-el-desarrollo-sostenible\/#organizationLogo"},"sameAs":["https:\/\/www.facebook.com\/Nachofdezber","https:\/\/x.com\/NabercoDigital","https:\/\/www.instagram.com\/nachofdezber\/","https:\/\/www.youtube.com\/channel\/UCZP-2wLEB9Rv6erhFmqVnvg"],"address":{"@id":"https:\/\/candas365.es\/noticias\/#postaladdress","@type":"PostalAddress","streetAddress":"san antonio 4, san antonio 4","postalCode":"33430","addressLocality":"Cand\u00e1s","addressRegion":"Asturias","addressCountry":"ES"}},{"@type":"Person","@id":"https:\/\/candas365.es\/noticias\/author\/admin\/#author","url":"https:\/\/candas365.es\/noticias\/author\/admin\/","name":"Cand\u00e1s 365","image":{"@type":"ImageObject","@id":"https:\/\/candas365.es\/noticias\/carreno-apuesta-por-el-desarrollo-sostenible\/#authorImage","url":"https:\/\/secure.gravatar.com\/avatar\/496a8e03d0c493ede1718b7934145dbdf8d89be1036b0eec9544e1094c9de390?s=96&d=mm&r=g","width":96,"height":96,"caption":"Cand\u00e1s 365"},"sameAs":["https:\/\/www.facebook.com\/carrenoactualidad","https:\/\/twitter.com\/nbasturias","https:\/\/www.instagram.com\/nachofdezber\/","https:\/\/www.youtube.com\/channel\/UCZP-2wLEB9Rv6erhFmqVnvg"]},{"@type":"WebPage","@id":"https:\/\/candas365.es\/noticias\/carreno-apuesta-por-el-desarrollo-sostenible\/#webpage","url":"https:\/\/candas365.es\/noticias\/carreno-apuesta-por-el-desarrollo-sostenible\/","name":"Carre\u00f1o apuesta por el desarrollo sostenible | Cand\u00e1s 365","description":"El Farolero, encendi\u00f3 este a\u00f1o la iluminaci\u00f3n de led y decoraciones de la villa marinera de Cand\u00e1s, y en torno a su figura y el desarrollo sostenible, se desarrollan diversas actividades, promovidas por el Ayuntamiento de Carre\u00f1o. Son actividades de sensibilizaci\u00f3n que se realizan en los centros educativos relacionadas con el desarrollo sostenible y sus","inLanguage":"es-ES","isPartOf":{"@id":"https:\/\/candas365.es\/noticias\/#website"},"breadcrumb":{"@id":"https:\/\/candas365.es\/noticias\/carreno-apuesta-por-el-desarrollo-sostenible\/#breadcrumblist"},"author":{"@id":"https:\/\/candas365.es\/noticias\/author\/admin\/#author"},"creator":{"@id":"https:\/\/candas365.es\/noticias\/author\/admin\/#author"},"image":{"@type":"ImageObject","url":"https:\/\/candas365.es\/noticias\/wp-content\/uploads\/2017\/12\/IMG_3904.jpg","@id":"https:\/\/candas365.es\/noticias\/carreno-apuesta-por-el-desarrollo-sostenible\/#mainImage","width":1200,"height":1600},"primaryImageOfPage":{"@id":"https:\/\/candas365.es\/noticias\/carreno-apuesta-por-el-desarrollo-sostenible\/#mainImage"},"datePublished":"2017-12-14T20:00:45+01:00","dateModified":"2017-12-14T20:00:45+01:00"},{"@type":"WebSite","@id":"https:\/\/candas365.es\/noticias\/#website","url":"https:\/\/candas365.es\/noticias\/","name":"Cand\u00e1s 365","alternateName":"Cand\u00e1s 365 Noticias","description":"Actualidad desde Carre\u00f1o para el mundo","inLanguage":"es-ES","publisher":{"@id":"https:\/\/candas365.es\/noticias\/#organization"}}]},"og:locale":"es_ES","og:site_name":"Cand\u00e1s 365","og:type":"article","og:title":"Carre\u00f1o apuesta por el desarrollo sostenible | Cand\u00e1s 365","og:description":"El Farolero, encendi\u00f3 este a\u00f1o la iluminaci\u00f3n de led y decoraciones de la villa marinera de Cand\u00e1s, y en torno a su figura y el desarrollo sostenible, se desarrollan diversas actividades, promovidas por el Ayuntamiento de Carre\u00f1o. Son actividades de sensibilizaci\u00f3n que se realizan en los centros educativos relacionadas con el desarrollo sostenible y sus","og:url":"https:\/\/candas365.es\/noticias\/carreno-apuesta-por-el-desarrollo-sostenible\/","og:image":"https:\/\/candas365.es\/noticias\/wp-content\/uploads\/2017\/12\/IMG_3904.jpg","og:image:secure_url":"https:\/\/candas365.es\/noticias\/wp-content\/uploads\/2017\/12\/IMG_3904.jpg","og:image:width":1200,"og:image:height":1600,"article:published_time":"2017-12-14T20:00:45+00:00","article:modified_time":"2017-12-14T20:00:45+00:00","article:publisher":"https:\/\/www.facebook.com\/Nachofdezber","article:author":"https:\/\/www.facebook.com\/carrenoactualidad","twitter:card":"summary_large_image","twitter:site":"@NabercoDigital","twitter:title":"Carre\u00f1o apuesta por el desarrollo sostenible | Cand\u00e1s 365","twitter:description":"El Farolero, encendi\u00f3 este a\u00f1o la iluminaci\u00f3n de led y decoraciones de la villa marinera de Cand\u00e1s, y en torno a su figura y el desarrollo sostenible, se desarrollan diversas actividades, promovidas por el Ayuntamiento de Carre\u00f1o. Son actividades de sensibilizaci\u00f3n que se realizan en los centros educativos relacionadas con el desarrollo sostenible y sus","twitter:creator":"@nbasturias","twitter:image":"https:\/\/candas365.es\/noticias\/wp-content\/uploads\/2017\/12\/IMG_3904.jpg","twitter:label1":"Escrito por","twitter:data1":"Cand\u00e1s 365","twitter:label2":"Tiempo de lectura estimado","twitter:data2":"3 minutos"},"aioseo_meta_data":{"post_id":"86928","title":null,"description":null,"keywords":null,"keyphrases":null,"primary_term":null,"canonical_url":null,"og_title":null,"og_description":null,"og_object_type":"default","og_image_type":"default","og_image_url":null,"og_image_width":null,"og_image_height":null,"og_image_custom_url":null,"og_image_custom_fields":null,"og_video":null,"og_custom_url":null,"og_article_section":null,"og_article_tags":null,"twitter_use_og":false,"twitter_card":"default","twitter_image_type":"default","twitter_image_url":null,"twitter_image_custom_url":null,"twitter_image_custom_fields":null,"twitter_title":null,"twitter_description":null,"schema":{"blockGraphs":[],"customGraphs":[],"default":{"data":{"Article":[],"Course":[],"Dataset":[],"FAQPage":[],"Movie":[],"Person":[],"Product":[],"ProductReview":[],"Car":[],"Recipe":[],"Service":[],"SoftwareApplication":[],"WebPage":[]},"graphName":"","isEnabled":true},"graphs":[],"defaultGraph":"","defaultPostTypeGraph":""},"schema_type":null,"schema_type_options":null,"pillar_content":false,"robots_default":true,"robots_noindex":false,"robots_noarchive":false,"robots_nosnippet":false,"robots_nofollow":false,"robots_noimageindex":false,"robots_noodp":false,"robots_notranslate":false,"robots_max_snippet":null,"robots_max_videopreview":null,"robots_max_imagepreview":"large","priority":null,"frequency":null,"location":null,"local_seo":null,"seo_analyzer_scan_date":"2025-08-26 08:57:09","breadcrumb_settings":null,"limit_modified_date":false,"reviewed_by":null,"open_ai":null,"ai":null,"created":"2020-12-21 12:11:57","updated":"2025-08-26 08:57:09"},"aioseo_breadcrumb":"<div class=\"aioseo-breadcrumbs\"><span class=\"aioseo-breadcrumb\">\n\t<a href=\"https:\/\/candas365.es\/noticias\" title=\"Home\">Home<\/a>\n<\/span><span class=\"aioseo-breadcrumb-separator\">&ndash;<\/span><span class=\"aioseo-breadcrumb\">\n\t<a href=\"https:\/\/candas365.es\/noticias\/category\/noticias-carreno\/\" title=\"Noticias Carre\u00f1o\">Noticias Carre\u00f1o<\/a>\n<\/span><span class=\"aioseo-breadcrumb-separator\">&ndash;<\/span><span class=\"aioseo-breadcrumb\">\n\tCarre\u00f1o apuesta por el desarrollo sostenible\n<\/span><\/div>","aioseo_breadcrumb_json":[{"label":"Home","link":"https:\/\/candas365.es\/noticias"},{"label":"Noticias Carre\u00f1o","link":"https:\/\/candas365.es\/noticias\/category\/noticias-carreno\/"},{"label":"Carre\u00f1o apuesta por el desarrollo sostenible","link":"https:\/\/candas365.es\/noticias\/carreno-apuesta-por-el-desarrollo-sostenible\/"}],"_links":{"self":[{"href":"https:\/\/candas365.es\/noticias\/wp-json\/wp\/v2\/posts\/86928","targetHints":{"allow":["GET"]}}],"collection":[{"href":"https:\/\/candas365.es\/noticias\/wp-json\/wp\/v2\/posts"}],"about":[{"href":"https:\/\/candas365.es\/noticias\/wp-json\/wp\/v2\/types\/post"}],"author":[{"embeddable":true,"href":"https:\/\/candas365.es\/noticias\/wp-json\/wp\/v2\/users\/1"}],"replies":[{"embeddable":true,"href":"https:\/\/candas365.es\/noticias\/wp-json\/wp\/v2\/comments?post=86928"}],"version-history":[{"count":0,"href":"https:\/\/candas365.es\/noticias\/wp-json\/wp\/v2\/posts\/86928\/revisions"}],"wp:featuredmedia":[{"embeddable":true,"href":"https:\/\/candas365.es\/noticias\/wp-json\/wp\/v2\/media\/86929"}],"wp:attachment":[{"href":"https:\/\/candas365.es\/noticias\/wp-json\/wp\/v2\/media?parent=86928"}],"wp:term":[{"taxonomy":"category","embeddable":true,"href":"https:\/\/candas365.es\/noticias\/wp-json\/wp\/v2\/categories?post=86928"},{"taxonomy":"post_tag","embeddable":true,"href":"https:\/\/candas365.es\/noticias\/wp-json\/wp\/v2\/tags?post=86928"}],"curies":[{"name":"wp","href":"https:\/\/api.w.org\/{rel}","templated":true}]}}