{"id":86919,"date":"2017-12-14T17:57:22","date_gmt":"2017-12-14T17:57:22","guid":{"rendered":"http:\/\/candas365.es\/noticias\/?p=86919"},"modified":"2017-12-14T17:57:45","modified_gmt":"2017-12-14T17:57:45","slug":"nieve-y-mas-frio-en-el-comienzo-del-fin-de-semana","status":"publish","type":"post","link":"https:\/\/candas365.es\/noticias\/nieve-y-mas-frio-en-el-comienzo-del-fin-de-semana\/","title":{"rendered":"Nieve y m\u00e1s fr\u00edo en el comienzo del fin de semana"},"content":{"rendered":"<p><strong><img fetchpriority=\"high\" decoding=\"async\" class=\"alignleft size-medium wp-image-5754\" src=\"https:\/\/candas365.es\/noticias\/wp-content\/uploads\/2014\/12\/nieve-360x238.jpg\" alt=\"\" width=\"360\" height=\"238\" srcset=\"https:\/\/candas365.es\/noticias\/wp-content\/uploads\/2014\/12\/nieve.jpg 360w, https:\/\/candas365.es\/noticias\/wp-content\/uploads\/2014\/12\/nieve-150x99.jpg 150w, https:\/\/candas365.es\/noticias\/wp-content\/uploads\/2014\/12\/nieve-84x55.jpg 84w\" sizes=\"(max-width: 360px) 100vw, 360px\" \/>Las lluvias continuar\u00e1n en el Cant\u00e1brico y Pirineos durante el viernes<\/strong>, siendo m\u00e1s fuertes en el Cant\u00e1brico m\u00e1s oriental y norte de Navarra. La probabilidad de lluvia d\u00e9bil es alta en gran parte de Espa\u00f1a, a excepci\u00f3n de la costa mediterr\u00e1nea, es decir, puede llover en muchas zonas, pero de forma d\u00e9bil. Tambi\u00e9n se esperan chubascos en Baleares, as\u00ed como en Ceuta y Melilla. En Canarias podr\u00eda llover al norte de las islas, seg\u00fan avanza\u00a0<a href=\"https:\/\/www.eltiempo.es\/\" target=\"_blank\" rel=\"nofollow noopener\"><span style=\"color: #ff6600;\"><strong>Eltiempo.es<\/strong><\/span><\/a><span style=\"color: #ff6600;\"><strong>.<\/strong><\/span><\/p>\n<p>La nieve puede aparecer en Pirineos en cotas por encima de los 500-700 metros y en otras zonas de la mitad norte por encima de los 900-1100 metros. Hay avisos por nevadas en el Pirineo y la Cordillera Cant\u00e1brica de hasta 7 cm de espesor y de 5 cm en Cantabria.<\/p>\n<p>Las temperaturas m\u00ednimas bajar\u00e1n en toda la mitad norte y volver\u00e1n las heladas a zonas de interior y de monta\u00f1a. Las m\u00e1ximas tambi\u00e9n bajar\u00e1n en el norte peninsular.<\/p>\n<p>El viento soplar\u00e1 con fuerza en toda la costa cant\u00e1brica y por ello est\u00e1n activos los avisos por riesgos costeros. Olas de hasta 6 metros de altura en toda la zona.<\/p>\n<p>Se esperan rachas de viento de 80 km\/h en la desembocadura del Ebro.<\/p>\n<p><strong>S\u00e1bado<\/strong><\/p>\n<p>Las precipitaciones continuar\u00e1n en el Cant\u00e1brico y en \u00e1reas del Estrecho, especialmente en Ceuta y Melilla y en algunos puntos del mar de Albor\u00e1n. Tambi\u00e9n pueden darse al norte de Baleares muy d\u00e9bilmente.<\/p>\n<p>Seguir\u00e1 nevando en el Pirineo, Cordillera Cant\u00e1brica y Picos de Europa.<\/p>\n<p>Aparecer\u00e1n nieblas en el interior peninsular pero el resto del d\u00eda predominar\u00e1 el sol en el resto de Espa\u00f1a; con nubes al norte de las islas Canarias.<\/p>\n<p>En cuanto a los term\u00f3metros seguir\u00e1n en descenso en la Pen\u00ednsula y Baleares. Las heladas se extender\u00e1n a zonas del sur y este peninsular.<\/p>\n<p>A primeras horas del d\u00eda continuar\u00e1 el oleaje en la costa cant\u00e1brica con olas de hasta 5 metros. Tambi\u00e9n en Menorca puede haber olas de hasta 4 metros.<\/p>\n<p>El viento en Tarragona, Castell\u00f3n, Girona y Huesca puede seguir por la ma\u00f1ana soplando con fuerza.<\/p>\n<p><strong>Domingo<\/strong><\/p>\n<p>La lluvia seguir\u00e1 en Cantabria o Pa\u00eds Vasco, aunque cada vez m\u00e1s d\u00e9biles a medida que avance el d\u00eda. En el resto de Espa\u00f1a brillar\u00e1 el sol con posibilidad de nieblas matinales en el interior norte.<\/p>\n<p>En Canarias pueden darse unas lluvias d\u00e9biles.<\/p>\n<p>Las temperaturas no variar\u00e1n demasiado, aunque pueden subir en el Cant\u00e1brico.<\/p>\n<p>&nbsp;<\/p>\n","protected":false},"excerpt":{"rendered":"<p>Las lluvias continuar\u00e1n en el Cant\u00e1brico y Pirineos durante el viernes, siendo m\u00e1s fuertes en el Cant\u00e1brico m\u00e1s oriental y norte de Navarra. La probabilidad de lluvia d\u00e9bil es alta en gran parte de Espa\u00f1a, a excepci\u00f3n de la costa mediterr\u00e1nea, es decir, puede llover en muchas zonas, pero de forma d\u00e9bil. Tambi\u00e9n se esperan<\/p>\n","protected":false},"author":1,"featured_media":5754,"comment_status":"closed","ping_status":"closed","sticky":false,"template":"","format":"standard","meta":{"footnotes":""},"categories":[1],"tags":[],"class_list":{"0":"post-86919","1":"post","2":"type-post","3":"status-publish","4":"format-standard","5":"has-post-thumbnail","7":"category-agenda"},"aioseo_notices":[],"aioseo_head":"\n\t\t<!-- All in One SEO Pro 4.9.6.2 - aioseo.com -->\n\t<meta name=\"description\" content=\"Las lluvias continuar\u00e1n en el Cant\u00e1brico y Pirineos durante el viernes, siendo m\u00e1s fuertes en el Cant\u00e1brico m\u00e1s oriental y norte de Navarra. La probabilidad de lluvia d\u00e9bil es alta en gran parte de Espa\u00f1a, a excepci\u00f3n de la costa mediterr\u00e1nea, es decir, puede llover en muchas zonas, pero de forma d\u00e9bil. Tambi\u00e9n se esperan\" \/>\n\t<meta name=\"robots\" content=\"max-image-preview:large\" \/>\n\t<meta name=\"author\" content=\"Cand\u00e1s 365\"\/>\n\t<meta name=\"google-site-verification\" content=\"UA-32230408-1\" \/>\n\t<meta name=\"msvalidate.01\" content=\"354F3CDFB2DA171B47FBE9ABF1F88D5\" \/>\n\t<meta name=\"keywords\" content=\"agenda\" \/>\n\t<link rel=\"canonical\" href=\"https:\/\/candas365.es\/noticias\/nieve-y-mas-frio-en-el-comienzo-del-fin-de-semana\/\" \/>\n\t<meta name=\"generator\" content=\"All in One SEO Pro (AIOSEO) 4.9.6.2\" \/>\n\t\t<meta property=\"og:locale\" content=\"es_ES\" \/>\n\t\t<meta property=\"og:site_name\" content=\"Cand\u00e1s 365\" \/>\n\t\t<meta property=\"og:type\" content=\"article\" \/>\n\t\t<meta property=\"og:title\" content=\"Nieve y m\u00e1s fr\u00edo en el comienzo del fin de semana | Cand\u00e1s 365\" \/>\n\t\t<meta property=\"og:description\" content=\"Las lluvias continuar\u00e1n en el Cant\u00e1brico y Pirineos durante el viernes, siendo m\u00e1s fuertes en el Cant\u00e1brico m\u00e1s oriental y norte de Navarra. La probabilidad de lluvia d\u00e9bil es alta en gran parte de Espa\u00f1a, a excepci\u00f3n de la costa mediterr\u00e1nea, es decir, puede llover en muchas zonas, pero de forma d\u00e9bil. Tambi\u00e9n se esperan\" \/>\n\t\t<meta property=\"og:url\" content=\"https:\/\/candas365.es\/noticias\/nieve-y-mas-frio-en-el-comienzo-del-fin-de-semana\/\" \/>\n\t\t<meta property=\"og:image\" content=\"https:\/\/candas365.es\/noticias\/wp-content\/uploads\/2014\/12\/nieve.jpg\" \/>\n\t\t<meta property=\"og:image:secure_url\" content=\"https:\/\/candas365.es\/noticias\/wp-content\/uploads\/2014\/12\/nieve.jpg\" \/>\n\t\t<meta property=\"og:image:width\" content=\"360\" \/>\n\t\t<meta property=\"og:image:height\" content=\"238\" \/>\n\t\t<meta property=\"article:published_time\" content=\"2017-12-14T17:57:22+00:00\" \/>\n\t\t<meta property=\"article:modified_time\" content=\"2017-12-14T17:57:45+00:00\" \/>\n\t\t<meta property=\"article:publisher\" content=\"https:\/\/www.facebook.com\/Nachofdezber\" \/>\n\t\t<meta property=\"article:author\" content=\"https:\/\/www.facebook.com\/carrenoactualidad\" \/>\n\t\t<meta name=\"twitter:card\" content=\"summary_large_image\" \/>\n\t\t<meta name=\"twitter:site\" content=\"@NabercoDigital\" \/>\n\t\t<meta name=\"twitter:title\" content=\"Nieve y m\u00e1s fr\u00edo en el comienzo del fin de semana | Cand\u00e1s 365\" \/>\n\t\t<meta name=\"twitter:description\" content=\"Las lluvias continuar\u00e1n en el Cant\u00e1brico y Pirineos durante el viernes, siendo m\u00e1s fuertes en el Cant\u00e1brico m\u00e1s oriental y norte de Navarra. La probabilidad de lluvia d\u00e9bil es alta en gran parte de Espa\u00f1a, a excepci\u00f3n de la costa mediterr\u00e1nea, es decir, puede llover en muchas zonas, pero de forma d\u00e9bil. Tambi\u00e9n se esperan\" \/>\n\t\t<meta name=\"twitter:creator\" content=\"@nbasturias\" \/>\n\t\t<meta name=\"twitter:image\" content=\"https:\/\/candas365.es\/noticias\/wp-content\/uploads\/2014\/12\/nieve.jpg\" \/>\n\t\t<meta name=\"twitter:label1\" content=\"Escrito por\" \/>\n\t\t<meta name=\"twitter:data1\" content=\"Cand\u00e1s 365\" \/>\n\t\t<meta name=\"twitter:label2\" content=\"Tiempo de lectura estimado\" \/>\n\t\t<meta name=\"twitter:data2\" content=\"2 minutos\" \/>\n\t\t<script type=\"application\/ld+json\" class=\"aioseo-schema\">\n\t\t\t{\"@context\":\"https:\\\/\\\/schema.org\",\"@graph\":[{\"@type\":\"BreadcrumbList\",\"@id\":\"https:\\\/\\\/candas365.es\\\/noticias\\\/nieve-y-mas-frio-en-el-comienzo-del-fin-de-semana\\\/#breadcrumblist\",\"itemListElement\":[{\"@type\":\"ListItem\",\"@id\":\"https:\\\/\\\/candas365.es\\\/noticias#listItem\",\"position\":1,\"name\":\"Home\",\"item\":\"https:\\\/\\\/candas365.es\\\/noticias\",\"nextItem\":{\"@type\":\"ListItem\",\"@id\":\"https:\\\/\\\/candas365.es\\\/noticias\\\/category\\\/agenda\\\/#listItem\",\"name\":\"Agenda\"}},{\"@type\":\"ListItem\",\"@id\":\"https:\\\/\\\/candas365.es\\\/noticias\\\/category\\\/agenda\\\/#listItem\",\"position\":2,\"name\":\"Agenda\",\"item\":\"https:\\\/\\\/candas365.es\\\/noticias\\\/category\\\/agenda\\\/\",\"nextItem\":{\"@type\":\"ListItem\",\"@id\":\"https:\\\/\\\/candas365.es\\\/noticias\\\/nieve-y-mas-frio-en-el-comienzo-del-fin-de-semana\\\/#listItem\",\"name\":\"Nieve y m\\u00e1s fr\\u00edo en el comienzo del fin de semana\"},\"previousItem\":{\"@type\":\"ListItem\",\"@id\":\"https:\\\/\\\/candas365.es\\\/noticias#listItem\",\"name\":\"Home\"}},{\"@type\":\"ListItem\",\"@id\":\"https:\\\/\\\/candas365.es\\\/noticias\\\/nieve-y-mas-frio-en-el-comienzo-del-fin-de-semana\\\/#listItem\",\"position\":3,\"name\":\"Nieve y m\\u00e1s fr\\u00edo en el comienzo del fin de semana\",\"previousItem\":{\"@type\":\"ListItem\",\"@id\":\"https:\\\/\\\/candas365.es\\\/noticias\\\/category\\\/agenda\\\/#listItem\",\"name\":\"Agenda\"}}]},{\"@type\":\"NewsArticle\",\"@id\":\"https:\\\/\\\/candas365.es\\\/noticias\\\/nieve-y-mas-frio-en-el-comienzo-del-fin-de-semana\\\/#newsarticle\",\"name\":\"Nieve y m\\u00e1s fr\\u00edo en el comienzo del fin de semana | Cand\\u00e1s 365\",\"headline\":\"Nieve y m\\u00e1s fr\\u00edo en el comienzo del fin de semana\",\"author\":{\"@id\":\"https:\\\/\\\/candas365.es\\\/noticias\\\/author\\\/admin\\\/#author\"},\"publisher\":{\"@id\":\"https:\\\/\\\/candas365.es\\\/noticias\\\/#organization\"},\"image\":{\"@type\":\"ImageObject\",\"url\":\"https:\\\/\\\/candas365.es\\\/noticias\\\/wp-content\\\/uploads\\\/2014\\\/12\\\/nieve.jpg\",\"width\":360,\"height\":238},\"datePublished\":\"2017-12-14T17:57:22+01:00\",\"dateModified\":\"2017-12-14T17:57:45+01:00\",\"inLanguage\":\"es-ES\",\"mainEntityOfPage\":{\"@id\":\"https:\\\/\\\/candas365.es\\\/noticias\\\/nieve-y-mas-frio-en-el-comienzo-del-fin-de-semana\\\/#webpage\"},\"isPartOf\":{\"@id\":\"https:\\\/\\\/candas365.es\\\/noticias\\\/nieve-y-mas-frio-en-el-comienzo-del-fin-de-semana\\\/#webpage\"},\"articleSection\":\"Agenda\",\"dateline\":\"Publicado el diciembre 14, 2017.\"},{\"@type\":\"Organization\",\"@id\":\"https:\\\/\\\/candas365.es\\\/noticias\\\/#organization\",\"name\":\"Cand\\u00e1s 365\",\"description\":\"Cand\\u00e1s 365 es un diario digital independiente, fundado en 2012, con base en Asturias. Informamos con rigor sobre actualidad, sociedad, cultura y ocio, con una mirada local y global.\",\"url\":\"https:\\\/\\\/candas365.es\\\/noticias\\\/\",\"email\":\"info@candas365.es\",\"telephone\":\"+34652131393\",\"foundingDate\":\"2012-06-10\",\"logo\":{\"@type\":\"ImageObject\",\"url\":\"https:\\\/\\\/candas365.es\\\/noticias\\\/wp-content\\\/uploads\\\/2024\\\/09\\\/Candas-365-Redes.jpg\",\"@id\":\"https:\\\/\\\/candas365.es\\\/noticias\\\/nieve-y-mas-frio-en-el-comienzo-del-fin-de-semana\\\/#organizationLogo\",\"width\":1152,\"height\":864,\"caption\":\"Cand\\u00e1s 365 Redes\"},\"image\":{\"@id\":\"https:\\\/\\\/candas365.es\\\/noticias\\\/nieve-y-mas-frio-en-el-comienzo-del-fin-de-semana\\\/#organizationLogo\"},\"sameAs\":[\"https:\\\/\\\/www.facebook.com\\\/Nachofdezber\",\"https:\\\/\\\/x.com\\\/NabercoDigital\",\"https:\\\/\\\/www.instagram.com\\\/nachofdezber\\\/\",\"https:\\\/\\\/www.youtube.com\\\/channel\\\/UCZP-2wLEB9Rv6erhFmqVnvg\"],\"address\":{\"@id\":\"https:\\\/\\\/candas365.es\\\/noticias\\\/#postaladdress\",\"@type\":\"PostalAddress\",\"streetAddress\":\"san antonio 4, san antonio 4\",\"postalCode\":\"33430\",\"addressLocality\":\"Cand\\u00e1s\",\"addressRegion\":\"Asturias\",\"addressCountry\":\"ES\"}},{\"@type\":\"Person\",\"@id\":\"https:\\\/\\\/candas365.es\\\/noticias\\\/author\\\/admin\\\/#author\",\"url\":\"https:\\\/\\\/candas365.es\\\/noticias\\\/author\\\/admin\\\/\",\"name\":\"Cand\\u00e1s 365\",\"image\":{\"@type\":\"ImageObject\",\"@id\":\"https:\\\/\\\/candas365.es\\\/noticias\\\/nieve-y-mas-frio-en-el-comienzo-del-fin-de-semana\\\/#authorImage\",\"url\":\"https:\\\/\\\/secure.gravatar.com\\\/avatar\\\/496a8e03d0c493ede1718b7934145dbdf8d89be1036b0eec9544e1094c9de390?s=96&d=mm&r=g\",\"width\":96,\"height\":96,\"caption\":\"Cand\\u00e1s 365\"},\"sameAs\":[\"https:\\\/\\\/www.facebook.com\\\/carrenoactualidad\",\"https:\\\/\\\/twitter.com\\\/nbasturias\",\"https:\\\/\\\/www.instagram.com\\\/nachofdezber\\\/\",\"https:\\\/\\\/www.youtube.com\\\/channel\\\/UCZP-2wLEB9Rv6erhFmqVnvg\"]},{\"@type\":\"WebPage\",\"@id\":\"https:\\\/\\\/candas365.es\\\/noticias\\\/nieve-y-mas-frio-en-el-comienzo-del-fin-de-semana\\\/#webpage\",\"url\":\"https:\\\/\\\/candas365.es\\\/noticias\\\/nieve-y-mas-frio-en-el-comienzo-del-fin-de-semana\\\/\",\"name\":\"Nieve y m\\u00e1s fr\\u00edo en el comienzo del fin de semana | Cand\\u00e1s 365\",\"description\":\"Las lluvias continuar\\u00e1n en el Cant\\u00e1brico y Pirineos durante el viernes, siendo m\\u00e1s fuertes en el Cant\\u00e1brico m\\u00e1s oriental y norte de Navarra. La probabilidad de lluvia d\\u00e9bil es alta en gran parte de Espa\\u00f1a, a excepci\\u00f3n de la costa mediterr\\u00e1nea, es decir, puede llover en muchas zonas, pero de forma d\\u00e9bil. Tambi\\u00e9n se esperan\",\"inLanguage\":\"es-ES\",\"isPartOf\":{\"@id\":\"https:\\\/\\\/candas365.es\\\/noticias\\\/#website\"},\"breadcrumb\":{\"@id\":\"https:\\\/\\\/candas365.es\\\/noticias\\\/nieve-y-mas-frio-en-el-comienzo-del-fin-de-semana\\\/#breadcrumblist\"},\"author\":{\"@id\":\"https:\\\/\\\/candas365.es\\\/noticias\\\/author\\\/admin\\\/#author\"},\"creator\":{\"@id\":\"https:\\\/\\\/candas365.es\\\/noticias\\\/author\\\/admin\\\/#author\"},\"image\":{\"@type\":\"ImageObject\",\"url\":\"https:\\\/\\\/candas365.es\\\/noticias\\\/wp-content\\\/uploads\\\/2014\\\/12\\\/nieve.jpg\",\"@id\":\"https:\\\/\\\/candas365.es\\\/noticias\\\/nieve-y-mas-frio-en-el-comienzo-del-fin-de-semana\\\/#mainImage\",\"width\":360,\"height\":238},\"primaryImageOfPage\":{\"@id\":\"https:\\\/\\\/candas365.es\\\/noticias\\\/nieve-y-mas-frio-en-el-comienzo-del-fin-de-semana\\\/#mainImage\"},\"datePublished\":\"2017-12-14T17:57:22+01:00\",\"dateModified\":\"2017-12-14T17:57:45+01:00\"},{\"@type\":\"WebSite\",\"@id\":\"https:\\\/\\\/candas365.es\\\/noticias\\\/#website\",\"url\":\"https:\\\/\\\/candas365.es\\\/noticias\\\/\",\"name\":\"Cand\\u00e1s 365\",\"alternateName\":\"Cand\\u00e1s 365 Noticias\",\"description\":\"Actualidad desde Carre\\u00f1o para el mundo\",\"inLanguage\":\"es-ES\",\"publisher\":{\"@id\":\"https:\\\/\\\/candas365.es\\\/noticias\\\/#organization\"}}]}\n\t\t<\/script>\n\t\t<!-- All in One SEO Pro -->\r\n\t\t<title>Nieve y m\u00e1s fr\u00edo en el comienzo del fin de semana | Cand\u00e1s 365<\/title>\n\n","aioseo_head_json":{"title":"Nieve y m\u00e1s fr\u00edo en el comienzo del fin de semana | Cand\u00e1s 365","description":"Las lluvias continuar\u00e1n en el Cant\u00e1brico y Pirineos durante el viernes, siendo m\u00e1s fuertes en el Cant\u00e1brico m\u00e1s oriental y norte de Navarra. La probabilidad de lluvia d\u00e9bil es alta en gran parte de Espa\u00f1a, a excepci\u00f3n de la costa mediterr\u00e1nea, es decir, puede llover en muchas zonas, pero de forma d\u00e9bil. Tambi\u00e9n se esperan","canonical_url":"https:\/\/candas365.es\/noticias\/nieve-y-mas-frio-en-el-comienzo-del-fin-de-semana\/","robots":"max-image-preview:large","keywords":"agenda","webmasterTools":{"google-site-verification":"UA-32230408-1","msvalidate.01":"354F3CDFB2DA171B47FBE9ABF1F88D5","miscellaneous":""},"schema":{"@context":"https:\/\/schema.org","@graph":[{"@type":"BreadcrumbList","@id":"https:\/\/candas365.es\/noticias\/nieve-y-mas-frio-en-el-comienzo-del-fin-de-semana\/#breadcrumblist","itemListElement":[{"@type":"ListItem","@id":"https:\/\/candas365.es\/noticias#listItem","position":1,"name":"Home","item":"https:\/\/candas365.es\/noticias","nextItem":{"@type":"ListItem","@id":"https:\/\/candas365.es\/noticias\/category\/agenda\/#listItem","name":"Agenda"}},{"@type":"ListItem","@id":"https:\/\/candas365.es\/noticias\/category\/agenda\/#listItem","position":2,"name":"Agenda","item":"https:\/\/candas365.es\/noticias\/category\/agenda\/","nextItem":{"@type":"ListItem","@id":"https:\/\/candas365.es\/noticias\/nieve-y-mas-frio-en-el-comienzo-del-fin-de-semana\/#listItem","name":"Nieve y m\u00e1s fr\u00edo en el comienzo del fin de semana"},"previousItem":{"@type":"ListItem","@id":"https:\/\/candas365.es\/noticias#listItem","name":"Home"}},{"@type":"ListItem","@id":"https:\/\/candas365.es\/noticias\/nieve-y-mas-frio-en-el-comienzo-del-fin-de-semana\/#listItem","position":3,"name":"Nieve y m\u00e1s fr\u00edo en el comienzo del fin de semana","previousItem":{"@type":"ListItem","@id":"https:\/\/candas365.es\/noticias\/category\/agenda\/#listItem","name":"Agenda"}}]},{"@type":"NewsArticle","@id":"https:\/\/candas365.es\/noticias\/nieve-y-mas-frio-en-el-comienzo-del-fin-de-semana\/#newsarticle","name":"Nieve y m\u00e1s fr\u00edo en el comienzo del fin de semana | Cand\u00e1s 365","headline":"Nieve y m\u00e1s fr\u00edo en el comienzo del fin de semana","author":{"@id":"https:\/\/candas365.es\/noticias\/author\/admin\/#author"},"publisher":{"@id":"https:\/\/candas365.es\/noticias\/#organization"},"image":{"@type":"ImageObject","url":"https:\/\/candas365.es\/noticias\/wp-content\/uploads\/2014\/12\/nieve.jpg","width":360,"height":238},"datePublished":"2017-12-14T17:57:22+01:00","dateModified":"2017-12-14T17:57:45+01:00","inLanguage":"es-ES","mainEntityOfPage":{"@id":"https:\/\/candas365.es\/noticias\/nieve-y-mas-frio-en-el-comienzo-del-fin-de-semana\/#webpage"},"isPartOf":{"@id":"https:\/\/candas365.es\/noticias\/nieve-y-mas-frio-en-el-comienzo-del-fin-de-semana\/#webpage"},"articleSection":"Agenda","dateline":"Publicado el diciembre 14, 2017."},{"@type":"Organization","@id":"https:\/\/candas365.es\/noticias\/#organization","name":"Cand\u00e1s 365","description":"Cand\u00e1s 365 es un diario digital independiente, fundado en 2012, con base en Asturias. Informamos con rigor sobre actualidad, sociedad, cultura y ocio, con una mirada local y global.","url":"https:\/\/candas365.es\/noticias\/","email":"info@candas365.es","telephone":"+34652131393","foundingDate":"2012-06-10","logo":{"@type":"ImageObject","url":"https:\/\/candas365.es\/noticias\/wp-content\/uploads\/2024\/09\/Candas-365-Redes.jpg","@id":"https:\/\/candas365.es\/noticias\/nieve-y-mas-frio-en-el-comienzo-del-fin-de-semana\/#organizationLogo","width":1152,"height":864,"caption":"Cand\u00e1s 365 Redes"},"image":{"@id":"https:\/\/candas365.es\/noticias\/nieve-y-mas-frio-en-el-comienzo-del-fin-de-semana\/#organizationLogo"},"sameAs":["https:\/\/www.facebook.com\/Nachofdezber","https:\/\/x.com\/NabercoDigital","https:\/\/www.instagram.com\/nachofdezber\/","https:\/\/www.youtube.com\/channel\/UCZP-2wLEB9Rv6erhFmqVnvg"],"address":{"@id":"https:\/\/candas365.es\/noticias\/#postaladdress","@type":"PostalAddress","streetAddress":"san antonio 4, san antonio 4","postalCode":"33430","addressLocality":"Cand\u00e1s","addressRegion":"Asturias","addressCountry":"ES"}},{"@type":"Person","@id":"https:\/\/candas365.es\/noticias\/author\/admin\/#author","url":"https:\/\/candas365.es\/noticias\/author\/admin\/","name":"Cand\u00e1s 365","image":{"@type":"ImageObject","@id":"https:\/\/candas365.es\/noticias\/nieve-y-mas-frio-en-el-comienzo-del-fin-de-semana\/#authorImage","url":"https:\/\/secure.gravatar.com\/avatar\/496a8e03d0c493ede1718b7934145dbdf8d89be1036b0eec9544e1094c9de390?s=96&d=mm&r=g","width":96,"height":96,"caption":"Cand\u00e1s 365"},"sameAs":["https:\/\/www.facebook.com\/carrenoactualidad","https:\/\/twitter.com\/nbasturias","https:\/\/www.instagram.com\/nachofdezber\/","https:\/\/www.youtube.com\/channel\/UCZP-2wLEB9Rv6erhFmqVnvg"]},{"@type":"WebPage","@id":"https:\/\/candas365.es\/noticias\/nieve-y-mas-frio-en-el-comienzo-del-fin-de-semana\/#webpage","url":"https:\/\/candas365.es\/noticias\/nieve-y-mas-frio-en-el-comienzo-del-fin-de-semana\/","name":"Nieve y m\u00e1s fr\u00edo en el comienzo del fin de semana | Cand\u00e1s 365","description":"Las lluvias continuar\u00e1n en el Cant\u00e1brico y Pirineos durante el viernes, siendo m\u00e1s fuertes en el Cant\u00e1brico m\u00e1s oriental y norte de Navarra. La probabilidad de lluvia d\u00e9bil es alta en gran parte de Espa\u00f1a, a excepci\u00f3n de la costa mediterr\u00e1nea, es decir, puede llover en muchas zonas, pero de forma d\u00e9bil. Tambi\u00e9n se esperan","inLanguage":"es-ES","isPartOf":{"@id":"https:\/\/candas365.es\/noticias\/#website"},"breadcrumb":{"@id":"https:\/\/candas365.es\/noticias\/nieve-y-mas-frio-en-el-comienzo-del-fin-de-semana\/#breadcrumblist"},"author":{"@id":"https:\/\/candas365.es\/noticias\/author\/admin\/#author"},"creator":{"@id":"https:\/\/candas365.es\/noticias\/author\/admin\/#author"},"image":{"@type":"ImageObject","url":"https:\/\/candas365.es\/noticias\/wp-content\/uploads\/2014\/12\/nieve.jpg","@id":"https:\/\/candas365.es\/noticias\/nieve-y-mas-frio-en-el-comienzo-del-fin-de-semana\/#mainImage","width":360,"height":238},"primaryImageOfPage":{"@id":"https:\/\/candas365.es\/noticias\/nieve-y-mas-frio-en-el-comienzo-del-fin-de-semana\/#mainImage"},"datePublished":"2017-12-14T17:57:22+01:00","dateModified":"2017-12-14T17:57:45+01:00"},{"@type":"WebSite","@id":"https:\/\/candas365.es\/noticias\/#website","url":"https:\/\/candas365.es\/noticias\/","name":"Cand\u00e1s 365","alternateName":"Cand\u00e1s 365 Noticias","description":"Actualidad desde Carre\u00f1o para el mundo","inLanguage":"es-ES","publisher":{"@id":"https:\/\/candas365.es\/noticias\/#organization"}}]},"og:locale":"es_ES","og:site_name":"Cand\u00e1s 365","og:type":"article","og:title":"Nieve y m\u00e1s fr\u00edo en el comienzo del fin de semana | Cand\u00e1s 365","og:description":"Las lluvias continuar\u00e1n en el Cant\u00e1brico y Pirineos durante el viernes, siendo m\u00e1s fuertes en el Cant\u00e1brico m\u00e1s oriental y norte de Navarra. La probabilidad de lluvia d\u00e9bil es alta en gran parte de Espa\u00f1a, a excepci\u00f3n de la costa mediterr\u00e1nea, es decir, puede llover en muchas zonas, pero de forma d\u00e9bil. Tambi\u00e9n se esperan","og:url":"https:\/\/candas365.es\/noticias\/nieve-y-mas-frio-en-el-comienzo-del-fin-de-semana\/","og:image":"https:\/\/candas365.es\/noticias\/wp-content\/uploads\/2014\/12\/nieve.jpg","og:image:secure_url":"https:\/\/candas365.es\/noticias\/wp-content\/uploads\/2014\/12\/nieve.jpg","og:image:width":360,"og:image:height":238,"article:published_time":"2017-12-14T17:57:22+00:00","article:modified_time":"2017-12-14T17:57:45+00:00","article:publisher":"https:\/\/www.facebook.com\/Nachofdezber","article:author":"https:\/\/www.facebook.com\/carrenoactualidad","twitter:card":"summary_large_image","twitter:site":"@NabercoDigital","twitter:title":"Nieve y m\u00e1s fr\u00edo en el comienzo del fin de semana | Cand\u00e1s 365","twitter:description":"Las lluvias continuar\u00e1n en el Cant\u00e1brico y Pirineos durante el viernes, siendo m\u00e1s fuertes en el Cant\u00e1brico m\u00e1s oriental y norte de Navarra. La probabilidad de lluvia d\u00e9bil es alta en gran parte de Espa\u00f1a, a excepci\u00f3n de la costa mediterr\u00e1nea, es decir, puede llover en muchas zonas, pero de forma d\u00e9bil. Tambi\u00e9n se esperan","twitter:creator":"@nbasturias","twitter:image":"https:\/\/candas365.es\/noticias\/wp-content\/uploads\/2014\/12\/nieve.jpg","twitter:label1":"Escrito por","twitter:data1":"Cand\u00e1s 365","twitter:label2":"Tiempo de lectura estimado","twitter:data2":"2 minutos"},"aioseo_meta_data":{"post_id":"86919","title":null,"description":null,"keywords":null,"keyphrases":null,"primary_term":null,"canonical_url":null,"og_title":null,"og_description":null,"og_object_type":"default","og_image_type":"default","og_image_url":null,"og_image_width":null,"og_image_height":null,"og_image_custom_url":null,"og_image_custom_fields":null,"og_video":null,"og_custom_url":null,"og_article_section":null,"og_article_tags":null,"twitter_use_og":false,"twitter_card":"default","twitter_image_type":"default","twitter_image_url":null,"twitter_image_custom_url":null,"twitter_image_custom_fields":null,"twitter_title":null,"twitter_description":null,"schema":{"blockGraphs":[],"customGraphs":[],"default":{"data":{"Article":[],"Course":[],"Dataset":[],"FAQPage":[],"Movie":[],"Person":[],"Product":[],"ProductReview":[],"Car":[],"Recipe":[],"Service":[],"SoftwareApplication":[],"WebPage":[]},"graphName":"","isEnabled":true},"graphs":[]},"schema_type":null,"schema_type_options":null,"pillar_content":false,"robots_default":true,"robots_noindex":false,"robots_noarchive":false,"robots_nosnippet":false,"robots_nofollow":false,"robots_noimageindex":false,"robots_noodp":false,"robots_notranslate":false,"robots_max_snippet":null,"robots_max_videopreview":null,"robots_max_imagepreview":"large","priority":null,"frequency":null,"location":null,"local_seo":null,"seo_analyzer_scan_date":"2025-08-26 08:56:07","breadcrumb_settings":null,"limit_modified_date":false,"reviewed_by":null,"open_ai":null,"ai":null,"created":"2020-12-21 12:11:57","updated":"2025-08-26 08:56:07"},"aioseo_breadcrumb":"<div class=\"aioseo-breadcrumbs\"><span class=\"aioseo-breadcrumb\">\n\t<a href=\"https:\/\/candas365.es\/noticias\" title=\"Home\">Home<\/a>\n<\/span><span class=\"aioseo-breadcrumb-separator\">&ndash;<\/span><span class=\"aioseo-breadcrumb\">\n\t<a href=\"https:\/\/candas365.es\/noticias\/category\/agenda\/\" title=\"Agenda\">Agenda<\/a>\n<\/span><span class=\"aioseo-breadcrumb-separator\">&ndash;<\/span><span class=\"aioseo-breadcrumb\">\n\tNieve y m\u00e1s fr\u00edo en el comienzo del fin de semana\n<\/span><\/div>","aioseo_breadcrumb_json":[{"label":"Home","link":"https:\/\/candas365.es\/noticias"},{"label":"Agenda","link":"https:\/\/candas365.es\/noticias\/category\/agenda\/"},{"label":"Nieve y m\u00e1s fr\u00edo en el comienzo del fin de semana","link":"https:\/\/candas365.es\/noticias\/nieve-y-mas-frio-en-el-comienzo-del-fin-de-semana\/"}],"_links":{"self":[{"href":"https:\/\/candas365.es\/noticias\/wp-json\/wp\/v2\/posts\/86919","targetHints":{"allow":["GET"]}}],"collection":[{"href":"https:\/\/candas365.es\/noticias\/wp-json\/wp\/v2\/posts"}],"about":[{"href":"https:\/\/candas365.es\/noticias\/wp-json\/wp\/v2\/types\/post"}],"author":[{"embeddable":true,"href":"https:\/\/candas365.es\/noticias\/wp-json\/wp\/v2\/users\/1"}],"replies":[{"embeddable":true,"href":"https:\/\/candas365.es\/noticias\/wp-json\/wp\/v2\/comments?post=86919"}],"version-history":[{"count":0,"href":"https:\/\/candas365.es\/noticias\/wp-json\/wp\/v2\/posts\/86919\/revisions"}],"wp:featuredmedia":[{"embeddable":true,"href":"https:\/\/candas365.es\/noticias\/wp-json\/wp\/v2\/media\/5754"}],"wp:attachment":[{"href":"https:\/\/candas365.es\/noticias\/wp-json\/wp\/v2\/media?parent=86919"}],"wp:term":[{"taxonomy":"category","embeddable":true,"href":"https:\/\/candas365.es\/noticias\/wp-json\/wp\/v2\/categories?post=86919"},{"taxonomy":"post_tag","embeddable":true,"href":"https:\/\/candas365.es\/noticias\/wp-json\/wp\/v2\/tags?post=86919"}],"curies":[{"name":"wp","href":"https:\/\/api.w.org\/{rel}","templated":true}]}}