{"id":86882,"date":"2017-12-14T12:00:57","date_gmt":"2017-12-14T12:00:57","guid":{"rendered":"http:\/\/candas365.es\/noticias\/?p=86882"},"modified":"2017-12-14T12:00:57","modified_gmt":"2017-12-14T12:00:57","slug":"carreno-mejorara-la-banda-ancha-en-sus-centros-educativos","status":"publish","type":"post","link":"https:\/\/candas365.es\/noticias\/carreno-mejorara-la-banda-ancha-en-sus-centros-educativos\/","title":{"rendered":"Carre\u00f1o mejorar\u00e1 la banda ancha en sus centros educativos"},"content":{"rendered":"<p><img fetchpriority=\"high\" decoding=\"async\" class=\"alignleft size-medium wp-image-6453\" src=\"https:\/\/candas365.es\/noticias\/wp-content\/uploads\/2015\/01\/ayuntamiento-360x270.jpg\" alt=\"\" width=\"360\" height=\"270\" srcset=\"https:\/\/candas365.es\/noticias\/wp-content\/uploads\/2015\/01\/ayuntamiento-360x270.jpg 360w, https:\/\/candas365.es\/noticias\/wp-content\/uploads\/2015\/01\/ayuntamiento-640x480.jpg 640w, https:\/\/candas365.es\/noticias\/wp-content\/uploads\/2015\/01\/ayuntamiento-768x576.jpg 768w, https:\/\/candas365.es\/noticias\/wp-content\/uploads\/2015\/01\/ayuntamiento-150x113.jpg 150w, https:\/\/candas365.es\/noticias\/wp-content\/uploads\/2015\/01\/ayuntamiento-450x338.jpg 450w, https:\/\/candas365.es\/noticias\/wp-content\/uploads\/2015\/01\/ayuntamiento-80x60.jpg 80w, https:\/\/candas365.es\/noticias\/wp-content\/uploads\/2015\/01\/ayuntamiento-265x198.jpg 265w, https:\/\/candas365.es\/noticias\/wp-content\/uploads\/2015\/01\/ayuntamiento-696x522.jpg 696w, https:\/\/candas365.es\/noticias\/wp-content\/uploads\/2015\/01\/ayuntamiento-560x420.jpg 560w, https:\/\/candas365.es\/noticias\/wp-content\/uploads\/2015\/01\/ayuntamiento-90x67.jpg 90w, https:\/\/candas365.es\/noticias\/wp-content\/uploads\/2015\/01\/ayuntamiento.jpg 800w\" sizes=\"(max-width: 360px) 100vw, 360px\" \/>Con las actuaciones previstas en el proyecto \u00abEscuelas conectadas\u00bb se garantizar\u00e1 un ancho de banda m\u00ednimo importante y un acceso por wifi desde la mayor\u00eda de aulas de los 5 centros educativos de Carre\u00f1o.<\/p>\n<p>Las velocidades garantizadas oscilar\u00e1n entre los 150 Mb asim\u00e9tricos, hasta los casi 1GB sim\u00e9tricos dependiendo de la ubicaci\u00f3n del centro.<\/p>\n<p>\u00abEscuelas conectadas\u00bb es un convenio trilateral de colaboraci\u00f3n entre el Ministerio de Educaci\u00f3n, Cultura y Deporte, el Gobierno del Principado de Asturias y la entidad p\u00fablica empresarial RED.ES para la extensi\u00f3n del acceso a la banda ancha Ultrarr\u00e1pida de los centros docentes espa\u00f1oles. Luis Llano Garc\u00eda, Coordinador de Tecnolog\u00edas Educativas del Servicio de Orientaci\u00f3n educativa y formaci\u00f3n del profesorado de la Consejer\u00eda de Educaci\u00f3n y Cultura traslad\u00f3 al Ayuntamiento de Carre\u00f1o los pormenores de las actuaciones previstas en el concejo. El Servicio de Obras y el Centro de Dinamizaci\u00f3n Tecnol\u00f3gica Local del consistorio carre\u00f1ese se coordinar\u00e1n con la Consejer\u00eda y la empresa en la dotaci\u00f3n tecnol\u00f3gica.<\/p>\n<p>\u00abEste convenio est\u00e1 dentro del convenio marco que el Ministerio de Educaci\u00f3n, Cultura y Deporte, el Ministerio de Industria, Energ\u00eda y Turismo, el Ministerio de Econom\u00eda y Competitividad, y Red.es suscribieron para la extensi\u00f3n del acceso a la banda ancha ultrarr\u00e1pida de los centros docentes espa\u00f1oles. Dicho Convenio Marco recoge que las Comunidades Aut\u00f3nomas que as\u00ed lo deseen podr\u00e1n participar en el desarrollo de las acciones previstas y as\u00ed lo ha hecho la nuestra\u201d \u2013 explic\u00f3 Amelia Fern\u00e1ndez, Alcaldesa de Carre\u00f1o.<\/p>\n<p>Las actuaciones que Red.es realizar\u00e1 en ejecuci\u00f3n de este convenio contar\u00e1n con fondos de la UE, a trav\u00e9s de los Fondos Europeos de Desarrollo Regional (FEDER) correspondientes al Programa Operativo Crecimiento Inteligente 2014-2020.<\/p>\n<p>\u201cEl proyecto lleva varias fases, las primeras preparatorias donde se hizo un an\u00e1lisis de la dotaci\u00f3n tecnol\u00f3gica de los centros docentes sostenidos con fondos p\u00fablicos y se elabor\u00f3 un plan de trabajo. De ah\u00ed sali\u00f3 el listado de alrededor de 400 centros que se incluyeron en el proyecto en Asturias. En el caso del concejo de Carre\u00f1o, se ver\u00e1n beneficiados los 5 centros: los dos colegios San F\u00e9lix y el Poeta Ant\u00f3n de Mari Reguera, el IES Cand\u00e1s, y las dos escuelas rurales (la ubicada en Llorgozana y la de El Valle). Todos ellos, tendr\u00e1n un ancho de banda de 500Mb sim\u00e9tricos (tanto de subida como de bajada). Ahora mismo estamos en fase de replanteo de las infraestructuras a colocar y est\u00e1 previsto que finalicen todas las instalaciones en junio-julio de 2018\u201d \u2013 a\u00f1adi\u00f3 la Alcaldesa.<\/p>\n<p>A nivel institucional, la Direcci\u00f3n General de Tecnolog\u00eda de la Informaci\u00f3n y las Comunicaciones de la Consejer\u00eda de Empleo, industria y Turismo es la responsable del proyecto en nuestra comunidad aut\u00f3noma, con la que Direcci\u00f3n General de Ordenaci\u00f3n acad\u00e9mica e innovaci\u00f3n educativa<\/p>\n<p>Nuestra, a trav\u00e9s del Servicio de Orientaci\u00f3n educativa y formaci\u00f3n del profesorado colabora activamente.<\/p>\n<p>En la fase en la que actualmente nos encontramos, se van visitando los centros por parte de la empresa adjudicataria, en este caso Orange, planificando d\u00f3nde y c\u00f3mo se instalar\u00e1n los diferentes elementos del a infraestructura y equipamiento que ser\u00e1n necesarios (fase llamada de replanteo) para luego pasar fases posteriores de instalaci\u00f3n, validaci\u00f3n, etc.<\/p>\n","protected":false},"excerpt":{"rendered":"<p>Con las actuaciones previstas en el proyecto \u00abEscuelas conectadas\u00bb se garantizar\u00e1 un ancho de banda m\u00ednimo importante y un acceso por wifi desde la mayor\u00eda de aulas de los 5 centros educativos de Carre\u00f1o. Las velocidades garantizadas oscilar\u00e1n entre los 150 Mb asim\u00e9tricos, hasta los casi 1GB sim\u00e9tricos dependiendo de la ubicaci\u00f3n del centro. \u00abEscuelas<\/p>\n","protected":false},"author":1,"featured_media":6453,"comment_status":"closed","ping_status":"closed","sticky":false,"template":"","format":"standard","meta":{"footnotes":""},"categories":[316,2],"tags":[],"class_list":{"0":"post-86882","1":"post","2":"type-post","3":"status-publish","4":"format-standard","5":"has-post-thumbnail","7":"category-destacadas","8":"category-noticias-carreno"},"aioseo_notices":[],"aioseo_head":"\n\t\t<!-- All in One SEO Pro 4.9.6.2 - aioseo.com -->\n\t<meta name=\"description\" content=\"Con las actuaciones previstas en el proyecto &quot;Escuelas conectadas&quot; se garantizar\u00e1 un ancho de banda m\u00ednimo importante y un acceso por wifi desde la mayor\u00eda de aulas de los 5 centros educativos de Carre\u00f1o. Las velocidades garantizadas oscilar\u00e1n entre los 150 Mb asim\u00e9tricos, hasta los casi 1GB sim\u00e9tricos dependiendo de la ubicaci\u00f3n del centro. &quot;Escuelas\" \/>\n\t<meta name=\"robots\" content=\"max-image-preview:large\" \/>\n\t<meta name=\"author\" content=\"Cand\u00e1s 365\"\/>\n\t<meta name=\"google-site-verification\" content=\"UA-32230408-1\" \/>\n\t<meta name=\"msvalidate.01\" content=\"354F3CDFB2DA171B47FBE9ABF1F88D5\" \/>\n\t<meta name=\"keywords\" content=\"destacadas,noticias carre\u00f1o\" \/>\n\t<link rel=\"canonical\" href=\"https:\/\/candas365.es\/noticias\/carreno-mejorara-la-banda-ancha-en-sus-centros-educativos\/\" \/>\n\t<meta name=\"generator\" content=\"All in One SEO Pro (AIOSEO) 4.9.6.2\" \/>\n\t\t<meta property=\"og:locale\" content=\"es_ES\" \/>\n\t\t<meta property=\"og:site_name\" content=\"Cand\u00e1s 365\" \/>\n\t\t<meta property=\"og:type\" content=\"article\" \/>\n\t\t<meta property=\"og:title\" content=\"Carre\u00f1o mejorar\u00e1 la banda ancha en sus centros educativos | Cand\u00e1s 365\" \/>\n\t\t<meta property=\"og:description\" content=\"Con las actuaciones previstas en el proyecto &quot;Escuelas conectadas&quot; se garantizar\u00e1 un ancho de banda m\u00ednimo importante y un acceso por wifi desde la mayor\u00eda de aulas de los 5 centros educativos de Carre\u00f1o. Las velocidades garantizadas oscilar\u00e1n entre los 150 Mb asim\u00e9tricos, hasta los casi 1GB sim\u00e9tricos dependiendo de la ubicaci\u00f3n del centro. &quot;Escuelas\" \/>\n\t\t<meta property=\"og:url\" content=\"https:\/\/candas365.es\/noticias\/carreno-mejorara-la-banda-ancha-en-sus-centros-educativos\/\" \/>\n\t\t<meta property=\"og:image\" content=\"https:\/\/candas365.es\/noticias\/wp-content\/uploads\/2015\/01\/ayuntamiento.jpg\" \/>\n\t\t<meta property=\"og:image:secure_url\" content=\"https:\/\/candas365.es\/noticias\/wp-content\/uploads\/2015\/01\/ayuntamiento.jpg\" \/>\n\t\t<meta property=\"og:image:width\" content=\"800\" \/>\n\t\t<meta property=\"og:image:height\" content=\"600\" \/>\n\t\t<meta property=\"article:published_time\" content=\"2017-12-14T12:00:57+00:00\" \/>\n\t\t<meta property=\"article:modified_time\" content=\"2017-12-14T12:00:57+00:00\" \/>\n\t\t<meta property=\"article:publisher\" content=\"https:\/\/www.facebook.com\/Nachofdezber\" \/>\n\t\t<meta property=\"article:author\" content=\"https:\/\/www.facebook.com\/carrenoactualidad\" \/>\n\t\t<meta name=\"twitter:card\" content=\"summary_large_image\" \/>\n\t\t<meta name=\"twitter:site\" content=\"@NabercoDigital\" \/>\n\t\t<meta name=\"twitter:title\" content=\"Carre\u00f1o mejorar\u00e1 la banda ancha en sus centros educativos | Cand\u00e1s 365\" \/>\n\t\t<meta name=\"twitter:description\" content=\"Con las actuaciones previstas en el proyecto &quot;Escuelas conectadas&quot; se garantizar\u00e1 un ancho de banda m\u00ednimo importante y un acceso por wifi desde la mayor\u00eda de aulas de los 5 centros educativos de Carre\u00f1o. Las velocidades garantizadas oscilar\u00e1n entre los 150 Mb asim\u00e9tricos, hasta los casi 1GB sim\u00e9tricos dependiendo de la ubicaci\u00f3n del centro. &quot;Escuelas\" \/>\n\t\t<meta name=\"twitter:creator\" content=\"@nbasturias\" \/>\n\t\t<meta name=\"twitter:image\" content=\"https:\/\/candas365.es\/noticias\/wp-content\/uploads\/2015\/01\/ayuntamiento.jpg\" \/>\n\t\t<meta name=\"twitter:label1\" content=\"Escrito por\" \/>\n\t\t<meta name=\"twitter:data1\" content=\"Cand\u00e1s 365\" \/>\n\t\t<meta name=\"twitter:label2\" content=\"Tiempo de lectura estimado\" \/>\n\t\t<meta name=\"twitter:data2\" content=\"3 minutos\" \/>\n\t\t<script type=\"application\/ld+json\" class=\"aioseo-schema\">\n\t\t\t{\"@context\":\"https:\\\/\\\/schema.org\",\"@graph\":[{\"@type\":\"BreadcrumbList\",\"@id\":\"https:\\\/\\\/candas365.es\\\/noticias\\\/carreno-mejorara-la-banda-ancha-en-sus-centros-educativos\\\/#breadcrumblist\",\"itemListElement\":[{\"@type\":\"ListItem\",\"@id\":\"https:\\\/\\\/candas365.es\\\/noticias#listItem\",\"position\":1,\"name\":\"Home\",\"item\":\"https:\\\/\\\/candas365.es\\\/noticias\",\"nextItem\":{\"@type\":\"ListItem\",\"@id\":\"https:\\\/\\\/candas365.es\\\/noticias\\\/category\\\/noticias-carreno\\\/#listItem\",\"name\":\"Noticias Carre\\u00f1o\"}},{\"@type\":\"ListItem\",\"@id\":\"https:\\\/\\\/candas365.es\\\/noticias\\\/category\\\/noticias-carreno\\\/#listItem\",\"position\":2,\"name\":\"Noticias Carre\\u00f1o\",\"item\":\"https:\\\/\\\/candas365.es\\\/noticias\\\/category\\\/noticias-carreno\\\/\",\"nextItem\":{\"@type\":\"ListItem\",\"@id\":\"https:\\\/\\\/candas365.es\\\/noticias\\\/carreno-mejorara-la-banda-ancha-en-sus-centros-educativos\\\/#listItem\",\"name\":\"Carre\\u00f1o mejorar\\u00e1 la banda ancha en sus centros educativos\"},\"previousItem\":{\"@type\":\"ListItem\",\"@id\":\"https:\\\/\\\/candas365.es\\\/noticias#listItem\",\"name\":\"Home\"}},{\"@type\":\"ListItem\",\"@id\":\"https:\\\/\\\/candas365.es\\\/noticias\\\/carreno-mejorara-la-banda-ancha-en-sus-centros-educativos\\\/#listItem\",\"position\":3,\"name\":\"Carre\\u00f1o mejorar\\u00e1 la banda ancha en sus centros educativos\",\"previousItem\":{\"@type\":\"ListItem\",\"@id\":\"https:\\\/\\\/candas365.es\\\/noticias\\\/category\\\/noticias-carreno\\\/#listItem\",\"name\":\"Noticias Carre\\u00f1o\"}}]},{\"@type\":\"NewsArticle\",\"@id\":\"https:\\\/\\\/candas365.es\\\/noticias\\\/carreno-mejorara-la-banda-ancha-en-sus-centros-educativos\\\/#newsarticle\",\"name\":\"Carre\\u00f1o mejorar\\u00e1 la banda ancha en sus centros educativos | Cand\\u00e1s 365\",\"headline\":\"Carre\\u00f1o mejorar\\u00e1 la banda ancha en sus centros educativos\",\"author\":{\"@id\":\"https:\\\/\\\/candas365.es\\\/noticias\\\/author\\\/admin\\\/#author\"},\"publisher\":{\"@id\":\"https:\\\/\\\/candas365.es\\\/noticias\\\/#organization\"},\"image\":{\"@type\":\"ImageObject\",\"url\":\"https:\\\/\\\/candas365.es\\\/noticias\\\/wp-content\\\/uploads\\\/2015\\\/01\\\/ayuntamiento.jpg\",\"width\":800,\"height\":600,\"caption\":\"Carre\\u00f1o\"},\"datePublished\":\"2017-12-14T12:00:57+01:00\",\"dateModified\":\"2017-12-14T12:00:57+01:00\",\"inLanguage\":\"es-ES\",\"mainEntityOfPage\":{\"@id\":\"https:\\\/\\\/candas365.es\\\/noticias\\\/carreno-mejorara-la-banda-ancha-en-sus-centros-educativos\\\/#webpage\"},\"isPartOf\":{\"@id\":\"https:\\\/\\\/candas365.es\\\/noticias\\\/carreno-mejorara-la-banda-ancha-en-sus-centros-educativos\\\/#webpage\"},\"articleSection\":\"Destacadas, Noticias Carre\\u00f1o\",\"dateline\":\"Publicado el diciembre 14, 2017.\"},{\"@type\":\"Organization\",\"@id\":\"https:\\\/\\\/candas365.es\\\/noticias\\\/#organization\",\"name\":\"Cand\\u00e1s 365\",\"description\":\"Cand\\u00e1s 365 es un diario digital independiente, fundado en 2012, con base en Asturias. Informamos con rigor sobre actualidad, sociedad, cultura y ocio, con una mirada local y global.\",\"url\":\"https:\\\/\\\/candas365.es\\\/noticias\\\/\",\"email\":\"info@candas365.es\",\"telephone\":\"+34652131393\",\"foundingDate\":\"2012-06-10\",\"logo\":{\"@type\":\"ImageObject\",\"url\":\"https:\\\/\\\/candas365.es\\\/noticias\\\/wp-content\\\/uploads\\\/2024\\\/09\\\/Candas-365-Redes.jpg\",\"@id\":\"https:\\\/\\\/candas365.es\\\/noticias\\\/carreno-mejorara-la-banda-ancha-en-sus-centros-educativos\\\/#organizationLogo\",\"width\":1152,\"height\":864,\"caption\":\"Cand\\u00e1s 365 Redes\"},\"image\":{\"@id\":\"https:\\\/\\\/candas365.es\\\/noticias\\\/carreno-mejorara-la-banda-ancha-en-sus-centros-educativos\\\/#organizationLogo\"},\"sameAs\":[\"https:\\\/\\\/www.facebook.com\\\/Nachofdezber\",\"https:\\\/\\\/x.com\\\/NabercoDigital\",\"https:\\\/\\\/www.instagram.com\\\/nachofdezber\\\/\",\"https:\\\/\\\/www.youtube.com\\\/channel\\\/UCZP-2wLEB9Rv6erhFmqVnvg\"],\"address\":{\"@id\":\"https:\\\/\\\/candas365.es\\\/noticias\\\/#postaladdress\",\"@type\":\"PostalAddress\",\"streetAddress\":\"san antonio 4, san antonio 4\",\"postalCode\":\"33430\",\"addressLocality\":\"Cand\\u00e1s\",\"addressRegion\":\"Asturias\",\"addressCountry\":\"ES\"}},{\"@type\":\"Person\",\"@id\":\"https:\\\/\\\/candas365.es\\\/noticias\\\/author\\\/admin\\\/#author\",\"url\":\"https:\\\/\\\/candas365.es\\\/noticias\\\/author\\\/admin\\\/\",\"name\":\"Cand\\u00e1s 365\",\"image\":{\"@type\":\"ImageObject\",\"@id\":\"https:\\\/\\\/candas365.es\\\/noticias\\\/carreno-mejorara-la-banda-ancha-en-sus-centros-educativos\\\/#authorImage\",\"url\":\"https:\\\/\\\/secure.gravatar.com\\\/avatar\\\/496a8e03d0c493ede1718b7934145dbdf8d89be1036b0eec9544e1094c9de390?s=96&d=mm&r=g\",\"width\":96,\"height\":96,\"caption\":\"Cand\\u00e1s 365\"},\"sameAs\":[\"https:\\\/\\\/www.facebook.com\\\/carrenoactualidad\",\"https:\\\/\\\/twitter.com\\\/nbasturias\",\"https:\\\/\\\/www.instagram.com\\\/nachofdezber\\\/\",\"https:\\\/\\\/www.youtube.com\\\/channel\\\/UCZP-2wLEB9Rv6erhFmqVnvg\"]},{\"@type\":\"WebPage\",\"@id\":\"https:\\\/\\\/candas365.es\\\/noticias\\\/carreno-mejorara-la-banda-ancha-en-sus-centros-educativos\\\/#webpage\",\"url\":\"https:\\\/\\\/candas365.es\\\/noticias\\\/carreno-mejorara-la-banda-ancha-en-sus-centros-educativos\\\/\",\"name\":\"Carre\\u00f1o mejorar\\u00e1 la banda ancha en sus centros educativos | Cand\\u00e1s 365\",\"description\":\"Con las actuaciones previstas en el proyecto \\\"Escuelas conectadas\\\" se garantizar\\u00e1 un ancho de banda m\\u00ednimo importante y un acceso por wifi desde la mayor\\u00eda de aulas de los 5 centros educativos de Carre\\u00f1o. Las velocidades garantizadas oscilar\\u00e1n entre los 150 Mb asim\\u00e9tricos, hasta los casi 1GB sim\\u00e9tricos dependiendo de la ubicaci\\u00f3n del centro. \\\"Escuelas\",\"inLanguage\":\"es-ES\",\"isPartOf\":{\"@id\":\"https:\\\/\\\/candas365.es\\\/noticias\\\/#website\"},\"breadcrumb\":{\"@id\":\"https:\\\/\\\/candas365.es\\\/noticias\\\/carreno-mejorara-la-banda-ancha-en-sus-centros-educativos\\\/#breadcrumblist\"},\"author\":{\"@id\":\"https:\\\/\\\/candas365.es\\\/noticias\\\/author\\\/admin\\\/#author\"},\"creator\":{\"@id\":\"https:\\\/\\\/candas365.es\\\/noticias\\\/author\\\/admin\\\/#author\"},\"image\":{\"@type\":\"ImageObject\",\"url\":\"https:\\\/\\\/candas365.es\\\/noticias\\\/wp-content\\\/uploads\\\/2015\\\/01\\\/ayuntamiento.jpg\",\"@id\":\"https:\\\/\\\/candas365.es\\\/noticias\\\/carreno-mejorara-la-banda-ancha-en-sus-centros-educativos\\\/#mainImage\",\"width\":800,\"height\":600,\"caption\":\"Carre\\u00f1o\"},\"primaryImageOfPage\":{\"@id\":\"https:\\\/\\\/candas365.es\\\/noticias\\\/carreno-mejorara-la-banda-ancha-en-sus-centros-educativos\\\/#mainImage\"},\"datePublished\":\"2017-12-14T12:00:57+01:00\",\"dateModified\":\"2017-12-14T12:00:57+01:00\"},{\"@type\":\"WebSite\",\"@id\":\"https:\\\/\\\/candas365.es\\\/noticias\\\/#website\",\"url\":\"https:\\\/\\\/candas365.es\\\/noticias\\\/\",\"name\":\"Cand\\u00e1s 365\",\"alternateName\":\"Cand\\u00e1s 365 Noticias\",\"description\":\"Actualidad desde Carre\\u00f1o para el mundo\",\"inLanguage\":\"es-ES\",\"publisher\":{\"@id\":\"https:\\\/\\\/candas365.es\\\/noticias\\\/#organization\"}}]}\n\t\t<\/script>\n\t\t<!-- All in One SEO Pro -->\r\n\t\t<title>Carre\u00f1o mejorar\u00e1 la banda ancha en sus centros educativos | Cand\u00e1s 365<\/title>\n\n","aioseo_head_json":{"title":"Carre\u00f1o mejorar\u00e1 la banda ancha en sus centros educativos | Cand\u00e1s 365","description":"Con las actuaciones previstas en el proyecto \"Escuelas conectadas\" se garantizar\u00e1 un ancho de banda m\u00ednimo importante y un acceso por wifi desde la mayor\u00eda de aulas de los 5 centros educativos de Carre\u00f1o. Las velocidades garantizadas oscilar\u00e1n entre los 150 Mb asim\u00e9tricos, hasta los casi 1GB sim\u00e9tricos dependiendo de la ubicaci\u00f3n del centro. \"Escuelas","canonical_url":"https:\/\/candas365.es\/noticias\/carreno-mejorara-la-banda-ancha-en-sus-centros-educativos\/","robots":"max-image-preview:large","keywords":"destacadas,noticias carre\u00f1o","webmasterTools":{"google-site-verification":"UA-32230408-1","msvalidate.01":"354F3CDFB2DA171B47FBE9ABF1F88D5","miscellaneous":""},"schema":{"@context":"https:\/\/schema.org","@graph":[{"@type":"BreadcrumbList","@id":"https:\/\/candas365.es\/noticias\/carreno-mejorara-la-banda-ancha-en-sus-centros-educativos\/#breadcrumblist","itemListElement":[{"@type":"ListItem","@id":"https:\/\/candas365.es\/noticias#listItem","position":1,"name":"Home","item":"https:\/\/candas365.es\/noticias","nextItem":{"@type":"ListItem","@id":"https:\/\/candas365.es\/noticias\/category\/noticias-carreno\/#listItem","name":"Noticias Carre\u00f1o"}},{"@type":"ListItem","@id":"https:\/\/candas365.es\/noticias\/category\/noticias-carreno\/#listItem","position":2,"name":"Noticias Carre\u00f1o","item":"https:\/\/candas365.es\/noticias\/category\/noticias-carreno\/","nextItem":{"@type":"ListItem","@id":"https:\/\/candas365.es\/noticias\/carreno-mejorara-la-banda-ancha-en-sus-centros-educativos\/#listItem","name":"Carre\u00f1o mejorar\u00e1 la banda ancha en sus centros educativos"},"previousItem":{"@type":"ListItem","@id":"https:\/\/candas365.es\/noticias#listItem","name":"Home"}},{"@type":"ListItem","@id":"https:\/\/candas365.es\/noticias\/carreno-mejorara-la-banda-ancha-en-sus-centros-educativos\/#listItem","position":3,"name":"Carre\u00f1o mejorar\u00e1 la banda ancha en sus centros educativos","previousItem":{"@type":"ListItem","@id":"https:\/\/candas365.es\/noticias\/category\/noticias-carreno\/#listItem","name":"Noticias Carre\u00f1o"}}]},{"@type":"NewsArticle","@id":"https:\/\/candas365.es\/noticias\/carreno-mejorara-la-banda-ancha-en-sus-centros-educativos\/#newsarticle","name":"Carre\u00f1o mejorar\u00e1 la banda ancha en sus centros educativos | Cand\u00e1s 365","headline":"Carre\u00f1o mejorar\u00e1 la banda ancha en sus centros educativos","author":{"@id":"https:\/\/candas365.es\/noticias\/author\/admin\/#author"},"publisher":{"@id":"https:\/\/candas365.es\/noticias\/#organization"},"image":{"@type":"ImageObject","url":"https:\/\/candas365.es\/noticias\/wp-content\/uploads\/2015\/01\/ayuntamiento.jpg","width":800,"height":600,"caption":"Carre\u00f1o"},"datePublished":"2017-12-14T12:00:57+01:00","dateModified":"2017-12-14T12:00:57+01:00","inLanguage":"es-ES","mainEntityOfPage":{"@id":"https:\/\/candas365.es\/noticias\/carreno-mejorara-la-banda-ancha-en-sus-centros-educativos\/#webpage"},"isPartOf":{"@id":"https:\/\/candas365.es\/noticias\/carreno-mejorara-la-banda-ancha-en-sus-centros-educativos\/#webpage"},"articleSection":"Destacadas, Noticias Carre\u00f1o","dateline":"Publicado el diciembre 14, 2017."},{"@type":"Organization","@id":"https:\/\/candas365.es\/noticias\/#organization","name":"Cand\u00e1s 365","description":"Cand\u00e1s 365 es un diario digital independiente, fundado en 2012, con base en Asturias. Informamos con rigor sobre actualidad, sociedad, cultura y ocio, con una mirada local y global.","url":"https:\/\/candas365.es\/noticias\/","email":"info@candas365.es","telephone":"+34652131393","foundingDate":"2012-06-10","logo":{"@type":"ImageObject","url":"https:\/\/candas365.es\/noticias\/wp-content\/uploads\/2024\/09\/Candas-365-Redes.jpg","@id":"https:\/\/candas365.es\/noticias\/carreno-mejorara-la-banda-ancha-en-sus-centros-educativos\/#organizationLogo","width":1152,"height":864,"caption":"Cand\u00e1s 365 Redes"},"image":{"@id":"https:\/\/candas365.es\/noticias\/carreno-mejorara-la-banda-ancha-en-sus-centros-educativos\/#organizationLogo"},"sameAs":["https:\/\/www.facebook.com\/Nachofdezber","https:\/\/x.com\/NabercoDigital","https:\/\/www.instagram.com\/nachofdezber\/","https:\/\/www.youtube.com\/channel\/UCZP-2wLEB9Rv6erhFmqVnvg"],"address":{"@id":"https:\/\/candas365.es\/noticias\/#postaladdress","@type":"PostalAddress","streetAddress":"san antonio 4, san antonio 4","postalCode":"33430","addressLocality":"Cand\u00e1s","addressRegion":"Asturias","addressCountry":"ES"}},{"@type":"Person","@id":"https:\/\/candas365.es\/noticias\/author\/admin\/#author","url":"https:\/\/candas365.es\/noticias\/author\/admin\/","name":"Cand\u00e1s 365","image":{"@type":"ImageObject","@id":"https:\/\/candas365.es\/noticias\/carreno-mejorara-la-banda-ancha-en-sus-centros-educativos\/#authorImage","url":"https:\/\/secure.gravatar.com\/avatar\/496a8e03d0c493ede1718b7934145dbdf8d89be1036b0eec9544e1094c9de390?s=96&d=mm&r=g","width":96,"height":96,"caption":"Cand\u00e1s 365"},"sameAs":["https:\/\/www.facebook.com\/carrenoactualidad","https:\/\/twitter.com\/nbasturias","https:\/\/www.instagram.com\/nachofdezber\/","https:\/\/www.youtube.com\/channel\/UCZP-2wLEB9Rv6erhFmqVnvg"]},{"@type":"WebPage","@id":"https:\/\/candas365.es\/noticias\/carreno-mejorara-la-banda-ancha-en-sus-centros-educativos\/#webpage","url":"https:\/\/candas365.es\/noticias\/carreno-mejorara-la-banda-ancha-en-sus-centros-educativos\/","name":"Carre\u00f1o mejorar\u00e1 la banda ancha en sus centros educativos | Cand\u00e1s 365","description":"Con las actuaciones previstas en el proyecto \"Escuelas conectadas\" se garantizar\u00e1 un ancho de banda m\u00ednimo importante y un acceso por wifi desde la mayor\u00eda de aulas de los 5 centros educativos de Carre\u00f1o. Las velocidades garantizadas oscilar\u00e1n entre los 150 Mb asim\u00e9tricos, hasta los casi 1GB sim\u00e9tricos dependiendo de la ubicaci\u00f3n del centro. \"Escuelas","inLanguage":"es-ES","isPartOf":{"@id":"https:\/\/candas365.es\/noticias\/#website"},"breadcrumb":{"@id":"https:\/\/candas365.es\/noticias\/carreno-mejorara-la-banda-ancha-en-sus-centros-educativos\/#breadcrumblist"},"author":{"@id":"https:\/\/candas365.es\/noticias\/author\/admin\/#author"},"creator":{"@id":"https:\/\/candas365.es\/noticias\/author\/admin\/#author"},"image":{"@type":"ImageObject","url":"https:\/\/candas365.es\/noticias\/wp-content\/uploads\/2015\/01\/ayuntamiento.jpg","@id":"https:\/\/candas365.es\/noticias\/carreno-mejorara-la-banda-ancha-en-sus-centros-educativos\/#mainImage","width":800,"height":600,"caption":"Carre\u00f1o"},"primaryImageOfPage":{"@id":"https:\/\/candas365.es\/noticias\/carreno-mejorara-la-banda-ancha-en-sus-centros-educativos\/#mainImage"},"datePublished":"2017-12-14T12:00:57+01:00","dateModified":"2017-12-14T12:00:57+01:00"},{"@type":"WebSite","@id":"https:\/\/candas365.es\/noticias\/#website","url":"https:\/\/candas365.es\/noticias\/","name":"Cand\u00e1s 365","alternateName":"Cand\u00e1s 365 Noticias","description":"Actualidad desde Carre\u00f1o para el mundo","inLanguage":"es-ES","publisher":{"@id":"https:\/\/candas365.es\/noticias\/#organization"}}]},"og:locale":"es_ES","og:site_name":"Cand\u00e1s 365","og:type":"article","og:title":"Carre\u00f1o mejorar\u00e1 la banda ancha en sus centros educativos | Cand\u00e1s 365","og:description":"Con las actuaciones previstas en el proyecto &quot;Escuelas conectadas&quot; se garantizar\u00e1 un ancho de banda m\u00ednimo importante y un acceso por wifi desde la mayor\u00eda de aulas de los 5 centros educativos de Carre\u00f1o. Las velocidades garantizadas oscilar\u00e1n entre los 150 Mb asim\u00e9tricos, hasta los casi 1GB sim\u00e9tricos dependiendo de la ubicaci\u00f3n del centro. &quot;Escuelas","og:url":"https:\/\/candas365.es\/noticias\/carreno-mejorara-la-banda-ancha-en-sus-centros-educativos\/","og:image":"https:\/\/candas365.es\/noticias\/wp-content\/uploads\/2015\/01\/ayuntamiento.jpg","og:image:secure_url":"https:\/\/candas365.es\/noticias\/wp-content\/uploads\/2015\/01\/ayuntamiento.jpg","og:image:width":800,"og:image:height":600,"article:published_time":"2017-12-14T12:00:57+00:00","article:modified_time":"2017-12-14T12:00:57+00:00","article:publisher":"https:\/\/www.facebook.com\/Nachofdezber","article:author":"https:\/\/www.facebook.com\/carrenoactualidad","twitter:card":"summary_large_image","twitter:site":"@NabercoDigital","twitter:title":"Carre\u00f1o mejorar\u00e1 la banda ancha en sus centros educativos | Cand\u00e1s 365","twitter:description":"Con las actuaciones previstas en el proyecto &quot;Escuelas conectadas&quot; se garantizar\u00e1 un ancho de banda m\u00ednimo importante y un acceso por wifi desde la mayor\u00eda de aulas de los 5 centros educativos de Carre\u00f1o. Las velocidades garantizadas oscilar\u00e1n entre los 150 Mb asim\u00e9tricos, hasta los casi 1GB sim\u00e9tricos dependiendo de la ubicaci\u00f3n del centro. &quot;Escuelas","twitter:creator":"@nbasturias","twitter:image":"https:\/\/candas365.es\/noticias\/wp-content\/uploads\/2015\/01\/ayuntamiento.jpg","twitter:label1":"Escrito por","twitter:data1":"Cand\u00e1s 365","twitter:label2":"Tiempo de lectura estimado","twitter:data2":"3 minutos"},"aioseo_meta_data":{"post_id":"86882","title":null,"description":null,"keywords":null,"keyphrases":null,"primary_term":null,"canonical_url":null,"og_title":null,"og_description":null,"og_object_type":"default","og_image_type":"default","og_image_url":null,"og_image_width":null,"og_image_height":null,"og_image_custom_url":null,"og_image_custom_fields":null,"og_video":null,"og_custom_url":null,"og_article_section":null,"og_article_tags":null,"twitter_use_og":false,"twitter_card":"default","twitter_image_type":"default","twitter_image_url":null,"twitter_image_custom_url":null,"twitter_image_custom_fields":null,"twitter_title":null,"twitter_description":null,"schema":{"blockGraphs":[],"customGraphs":[],"default":{"data":{"Article":[],"Course":[],"Dataset":[],"FAQPage":[],"Movie":[],"Person":[],"Product":[],"ProductReview":[],"Car":[],"Recipe":[],"Service":[],"SoftwareApplication":[],"WebPage":[]},"graphName":"","isEnabled":true},"graphs":[]},"schema_type":null,"schema_type_options":null,"pillar_content":false,"robots_default":true,"robots_noindex":false,"robots_noarchive":false,"robots_nosnippet":false,"robots_nofollow":false,"robots_noimageindex":false,"robots_noodp":false,"robots_notranslate":false,"robots_max_snippet":null,"robots_max_videopreview":null,"robots_max_imagepreview":"large","priority":null,"frequency":null,"location":null,"local_seo":null,"seo_analyzer_scan_date":"2025-08-26 08:53:09","breadcrumb_settings":null,"limit_modified_date":false,"reviewed_by":null,"open_ai":null,"ai":null,"created":"2020-12-21 12:11:57","updated":"2025-08-26 08:53:09"},"aioseo_breadcrumb":"<div class=\"aioseo-breadcrumbs\"><span class=\"aioseo-breadcrumb\">\n\t<a href=\"https:\/\/candas365.es\/noticias\" title=\"Home\">Home<\/a>\n<\/span><span class=\"aioseo-breadcrumb-separator\">&ndash;<\/span><span class=\"aioseo-breadcrumb\">\n\t<a href=\"https:\/\/candas365.es\/noticias\/category\/noticias-carreno\/\" title=\"Noticias Carre\u00f1o\">Noticias Carre\u00f1o<\/a>\n<\/span><span class=\"aioseo-breadcrumb-separator\">&ndash;<\/span><span class=\"aioseo-breadcrumb\">\n\tCarre\u00f1o mejorar\u00e1 la banda ancha en sus centros educativos\n<\/span><\/div>","aioseo_breadcrumb_json":[{"label":"Home","link":"https:\/\/candas365.es\/noticias"},{"label":"Noticias Carre\u00f1o","link":"https:\/\/candas365.es\/noticias\/category\/noticias-carreno\/"},{"label":"Carre\u00f1o mejorar\u00e1 la banda ancha en sus centros educativos","link":"https:\/\/candas365.es\/noticias\/carreno-mejorara-la-banda-ancha-en-sus-centros-educativos\/"}],"_links":{"self":[{"href":"https:\/\/candas365.es\/noticias\/wp-json\/wp\/v2\/posts\/86882","targetHints":{"allow":["GET"]}}],"collection":[{"href":"https:\/\/candas365.es\/noticias\/wp-json\/wp\/v2\/posts"}],"about":[{"href":"https:\/\/candas365.es\/noticias\/wp-json\/wp\/v2\/types\/post"}],"author":[{"embeddable":true,"href":"https:\/\/candas365.es\/noticias\/wp-json\/wp\/v2\/users\/1"}],"replies":[{"embeddable":true,"href":"https:\/\/candas365.es\/noticias\/wp-json\/wp\/v2\/comments?post=86882"}],"version-history":[{"count":0,"href":"https:\/\/candas365.es\/noticias\/wp-json\/wp\/v2\/posts\/86882\/revisions"}],"wp:featuredmedia":[{"embeddable":true,"href":"https:\/\/candas365.es\/noticias\/wp-json\/wp\/v2\/media\/6453"}],"wp:attachment":[{"href":"https:\/\/candas365.es\/noticias\/wp-json\/wp\/v2\/media?parent=86882"}],"wp:term":[{"taxonomy":"category","embeddable":true,"href":"https:\/\/candas365.es\/noticias\/wp-json\/wp\/v2\/categories?post=86882"},{"taxonomy":"post_tag","embeddable":true,"href":"https:\/\/candas365.es\/noticias\/wp-json\/wp\/v2\/tags?post=86882"}],"curies":[{"name":"wp","href":"https:\/\/api.w.org\/{rel}","templated":true}]}}