{"id":86775,"date":"2017-12-12T16:01:40","date_gmt":"2017-12-12T16:01:40","guid":{"rendered":"http:\/\/candas365.es\/noticias\/?p=86775"},"modified":"2017-12-12T16:01:40","modified_gmt":"2017-12-12T16:01:40","slug":"un-vecino-de-la-rebollada-obtiene-tres-titulos-en-cunicultura","status":"publish","type":"post","link":"https:\/\/candas365.es\/noticias\/un-vecino-de-la-rebollada-obtiene-tres-titulos-en-cunicultura\/","title":{"rendered":"Un vecino de La Rebollada obtiene tres t\u00edtulos en cunicultura"},"content":{"rendered":"<p><img fetchpriority=\"high\" decoding=\"async\" class=\"alignleft size-medium wp-image-86776\" src=\"https:\/\/candas365.es\/noticias\/wp-content\/uploads\/2017\/12\/Campe\u00f3ndeEspa\u00f1a-316x300.jpg\" alt=\"\" width=\"316\" height=\"300\" srcset=\"https:\/\/candas365.es\/noticias\/wp-content\/uploads\/2017\/12\/Campe\u00f3ndeEspa\u00f1a-316x300.jpg 316w, https:\/\/candas365.es\/noticias\/wp-content\/uploads\/2017\/12\/Campe\u00f3ndeEspa\u00f1a-768x730.jpg 768w, https:\/\/candas365.es\/noticias\/wp-content\/uploads\/2017\/12\/Campe\u00f3ndeEspa\u00f1a-505x480.jpg 505w, https:\/\/candas365.es\/noticias\/wp-content\/uploads\/2017\/12\/Campe\u00f3ndeEspa\u00f1a-696x662.jpg 696w, https:\/\/candas365.es\/noticias\/wp-content\/uploads\/2017\/12\/Campe\u00f3ndeEspa\u00f1a-442x420.jpg 442w, https:\/\/candas365.es\/noticias\/wp-content\/uploads\/2017\/12\/Campe\u00f3ndeEspa\u00f1a-396x377.jpg 396w, https:\/\/candas365.es\/noticias\/wp-content\/uploads\/2017\/12\/Campe\u00f3ndeEspa\u00f1a.jpg 974w\" sizes=\"(max-width: 316px) 100vw, 316px\" \/>La Federaci\u00f3n Espa\u00f1ola de Avicultura, Colombicultura y Cunicultura de Raza destac\u00f3 al carre\u00f1ense como Campe\u00f3n de Raza Gigante Espa\u00f1ol, Subcampe\u00f3n de Raza Gigante Espa\u00f1ol y como mejor Cunicultor del a\u00f1o 2017, en reconocimiento a su trabajo y trayectoria.<\/p>\n<p>Jos\u00e9 Mar\u00eda particip\u00f3 en este concurso nacional con 6 ejemplares: 4 hembras y dos machos en una cita, que ha reunido a m\u00e1s de 1.000 ejemplares procedentes de toda Espa\u00f1a en un evento organizado por el Ayuntamiento de \u00c1lora y Fesacocur.<\/p>\n<p>En \u00c1lora se han reunido m\u00e1s de 1.000 animales en el Campeonato de Espa\u00f1a de Avicultura, Colombicultura y Cunicultura (aves, conejos y palomos) procedentes de toda la geograf\u00eda espa\u00f1ola, adem\u00e1s de haber ofertado un amplio programa con clases did\u00e1cticas para escolares, concursos morfol\u00f3gicos, jornadas t\u00e9cnicas, visitas guiadas por los monumentos del municipio, y la presencia m\u00e1s de 20 empresas relacionadas con el sector.<\/p>\n<p><strong>Jos\u00e9 Mar\u00eda Vega<\/strong>, de 74 a\u00f1os, natural de Tam\u00f3n y <strong>residente en La Rebollada<\/strong> parroquia de Guimar\u00e1n <strong>particip\u00f3 este a\u00f1o 2017 en tres concursos de cunicultura<\/strong> alcanzado primeros premios en todos ellos:<\/p>\n<p>\u00b7 AGROPEC, durante el mes de Septiembre del a\u00f1o en curso, resultando ganador con 97 puntos y obteniendo el diploma \u201cMEJOR CONEJO GIGANTE ESPA\u00d1OL\u201d.<\/p>\n<p>\u00b7 XIII FERIA INTERNACIONAL DE AVICULTURA, COLOMBICULTURA Y CUNICULTURA \u201c VILLA DE GIJ\u00d3N\u201d 2017, que se celebr\u00f3 en Octubre en Gij\u00f3n alcanzando el 1 \u00ba Premio \u201c MEJOR GIGANTE ESPA\u00d1OL\u201d.<\/p>\n<p>\u00b7 XII CAMPEONATO DE ESPA\u00d1A DE AVICULTURA, COLOMBICULTURA Y CUNICULTURA DE RAZA, celebrado en el Pabell\u00f3n cubierto Antonio Henares de \u00c1lora, M\u00e1laga, d\u00f3nde consigui\u00f3 los tres t\u00edtulos anteriormente se\u00f1alados.<\/p>\n<p>La consecuci\u00f3n de estos tres \u00faltimos premios coincidieron con la celebraci\u00f3n de su cumplea\u00f1os.<\/p>\n","protected":false},"excerpt":{"rendered":"<p>La Federaci\u00f3n Espa\u00f1ola de Avicultura, Colombicultura y Cunicultura de Raza destac\u00f3 al carre\u00f1ense como Campe\u00f3n de Raza Gigante Espa\u00f1ol, Subcampe\u00f3n de Raza Gigante Espa\u00f1ol y como mejor Cunicultor del a\u00f1o 2017, en reconocimiento a su trabajo y trayectoria. Jos\u00e9 Mar\u00eda particip\u00f3 en este concurso nacional con 6 ejemplares: 4 hembras y dos machos en una<\/p>\n","protected":false},"author":1,"featured_media":86776,"comment_status":"closed","ping_status":"closed","sticky":false,"template":"","format":"standard","meta":{"footnotes":""},"categories":[2],"tags":[],"class_list":{"0":"post-86775","1":"post","2":"type-post","3":"status-publish","4":"format-standard","5":"has-post-thumbnail","7":"category-noticias-carreno"},"aioseo_notices":[],"aioseo_head":"\n\t\t<!-- All in One SEO Pro 4.9.6.2 - aioseo.com -->\n\t<meta name=\"description\" content=\"La Federaci\u00f3n Espa\u00f1ola de Avicultura, Colombicultura y Cunicultura de Raza destac\u00f3 al carre\u00f1ense como Campe\u00f3n de Raza Gigante Espa\u00f1ol, Subcampe\u00f3n de Raza Gigante Espa\u00f1ol y como mejor Cunicultor del a\u00f1o 2017, en reconocimiento a su trabajo y trayectoria. Jos\u00e9 Mar\u00eda particip\u00f3 en este concurso nacional con 6 ejemplares: 4 hembras y dos machos en una\" \/>\n\t<meta name=\"robots\" content=\"max-image-preview:large\" \/>\n\t<meta name=\"author\" content=\"Cand\u00e1s 365\"\/>\n\t<meta name=\"google-site-verification\" content=\"UA-32230408-1\" \/>\n\t<meta name=\"msvalidate.01\" content=\"354F3CDFB2DA171B47FBE9ABF1F88D5\" \/>\n\t<meta name=\"keywords\" content=\"noticias carre\u00f1o\" \/>\n\t<link rel=\"canonical\" href=\"https:\/\/candas365.es\/noticias\/un-vecino-de-la-rebollada-obtiene-tres-titulos-en-cunicultura\/\" \/>\n\t<meta name=\"generator\" content=\"All in One SEO Pro (AIOSEO) 4.9.6.2\" \/>\n\t\t<meta property=\"og:locale\" content=\"es_ES\" \/>\n\t\t<meta property=\"og:site_name\" content=\"Cand\u00e1s 365\" \/>\n\t\t<meta property=\"og:type\" content=\"article\" \/>\n\t\t<meta property=\"og:title\" content=\"Un vecino de La Rebollada obtiene tres t\u00edtulos en cunicultura | Cand\u00e1s 365\" \/>\n\t\t<meta property=\"og:description\" content=\"La Federaci\u00f3n Espa\u00f1ola de Avicultura, Colombicultura y Cunicultura de Raza destac\u00f3 al carre\u00f1ense como Campe\u00f3n de Raza Gigante Espa\u00f1ol, Subcampe\u00f3n de Raza Gigante Espa\u00f1ol y como mejor Cunicultor del a\u00f1o 2017, en reconocimiento a su trabajo y trayectoria. Jos\u00e9 Mar\u00eda particip\u00f3 en este concurso nacional con 6 ejemplares: 4 hembras y dos machos en una\" \/>\n\t\t<meta property=\"og:url\" content=\"https:\/\/candas365.es\/noticias\/un-vecino-de-la-rebollada-obtiene-tres-titulos-en-cunicultura\/\" \/>\n\t\t<meta property=\"og:image\" content=\"https:\/\/candas365.es\/noticias\/wp-content\/uploads\/2017\/12\/Campe\u00f3ndeEspa\u00f1a.jpg\" \/>\n\t\t<meta property=\"og:image:secure_url\" content=\"https:\/\/candas365.es\/noticias\/wp-content\/uploads\/2017\/12\/Campe\u00f3ndeEspa\u00f1a.jpg\" \/>\n\t\t<meta property=\"og:image:width\" content=\"974\" \/>\n\t\t<meta property=\"og:image:height\" content=\"926\" \/>\n\t\t<meta property=\"article:published_time\" content=\"2017-12-12T16:01:40+00:00\" \/>\n\t\t<meta property=\"article:modified_time\" content=\"2017-12-12T16:01:40+00:00\" \/>\n\t\t<meta property=\"article:publisher\" content=\"https:\/\/www.facebook.com\/Nachofdezber\" \/>\n\t\t<meta property=\"article:author\" content=\"https:\/\/www.facebook.com\/carrenoactualidad\" \/>\n\t\t<meta name=\"twitter:card\" content=\"summary_large_image\" \/>\n\t\t<meta name=\"twitter:site\" content=\"@NabercoDigital\" \/>\n\t\t<meta name=\"twitter:title\" content=\"Un vecino de La Rebollada obtiene tres t\u00edtulos en cunicultura | Cand\u00e1s 365\" \/>\n\t\t<meta name=\"twitter:description\" content=\"La Federaci\u00f3n Espa\u00f1ola de Avicultura, Colombicultura y Cunicultura de Raza destac\u00f3 al carre\u00f1ense como Campe\u00f3n de Raza Gigante Espa\u00f1ol, Subcampe\u00f3n de Raza Gigante Espa\u00f1ol y como mejor Cunicultor del a\u00f1o 2017, en reconocimiento a su trabajo y trayectoria. Jos\u00e9 Mar\u00eda particip\u00f3 en este concurso nacional con 6 ejemplares: 4 hembras y dos machos en una\" \/>\n\t\t<meta name=\"twitter:creator\" content=\"@nbasturias\" \/>\n\t\t<meta name=\"twitter:image\" content=\"https:\/\/candas365.es\/noticias\/wp-content\/uploads\/2017\/12\/Campe\u00f3ndeEspa\u00f1a.jpg\" \/>\n\t\t<meta name=\"twitter:label1\" content=\"Escrito por\" \/>\n\t\t<meta name=\"twitter:data1\" content=\"Cand\u00e1s 365\" \/>\n\t\t<meta name=\"twitter:label2\" content=\"Tiempo de lectura estimado\" \/>\n\t\t<meta name=\"twitter:data2\" content=\"1 minuto\" \/>\n\t\t<script type=\"application\/ld+json\" class=\"aioseo-schema\">\n\t\t\t{\"@context\":\"https:\\\/\\\/schema.org\",\"@graph\":[{\"@type\":\"BreadcrumbList\",\"@id\":\"https:\\\/\\\/candas365.es\\\/noticias\\\/un-vecino-de-la-rebollada-obtiene-tres-titulos-en-cunicultura\\\/#breadcrumblist\",\"itemListElement\":[{\"@type\":\"ListItem\",\"@id\":\"https:\\\/\\\/candas365.es\\\/noticias#listItem\",\"position\":1,\"name\":\"Home\",\"item\":\"https:\\\/\\\/candas365.es\\\/noticias\",\"nextItem\":{\"@type\":\"ListItem\",\"@id\":\"https:\\\/\\\/candas365.es\\\/noticias\\\/category\\\/noticias-carreno\\\/#listItem\",\"name\":\"Noticias Carre\\u00f1o\"}},{\"@type\":\"ListItem\",\"@id\":\"https:\\\/\\\/candas365.es\\\/noticias\\\/category\\\/noticias-carreno\\\/#listItem\",\"position\":2,\"name\":\"Noticias Carre\\u00f1o\",\"item\":\"https:\\\/\\\/candas365.es\\\/noticias\\\/category\\\/noticias-carreno\\\/\",\"nextItem\":{\"@type\":\"ListItem\",\"@id\":\"https:\\\/\\\/candas365.es\\\/noticias\\\/un-vecino-de-la-rebollada-obtiene-tres-titulos-en-cunicultura\\\/#listItem\",\"name\":\"Un vecino de La Rebollada obtiene tres t\\u00edtulos en cunicultura\"},\"previousItem\":{\"@type\":\"ListItem\",\"@id\":\"https:\\\/\\\/candas365.es\\\/noticias#listItem\",\"name\":\"Home\"}},{\"@type\":\"ListItem\",\"@id\":\"https:\\\/\\\/candas365.es\\\/noticias\\\/un-vecino-de-la-rebollada-obtiene-tres-titulos-en-cunicultura\\\/#listItem\",\"position\":3,\"name\":\"Un vecino de La Rebollada obtiene tres t\\u00edtulos en cunicultura\",\"previousItem\":{\"@type\":\"ListItem\",\"@id\":\"https:\\\/\\\/candas365.es\\\/noticias\\\/category\\\/noticias-carreno\\\/#listItem\",\"name\":\"Noticias Carre\\u00f1o\"}}]},{\"@type\":\"NewsArticle\",\"@id\":\"https:\\\/\\\/candas365.es\\\/noticias\\\/un-vecino-de-la-rebollada-obtiene-tres-titulos-en-cunicultura\\\/#newsarticle\",\"name\":\"Un vecino de La Rebollada obtiene tres t\\u00edtulos en cunicultura | Cand\\u00e1s 365\",\"headline\":\"Un vecino de La Rebollada obtiene tres t\\u00edtulos en cunicultura\",\"author\":{\"@id\":\"https:\\\/\\\/candas365.es\\\/noticias\\\/author\\\/admin\\\/#author\"},\"publisher\":{\"@id\":\"https:\\\/\\\/candas365.es\\\/noticias\\\/#organization\"},\"image\":{\"@type\":\"ImageObject\",\"url\":\"https:\\\/\\\/candas365.es\\\/noticias\\\/wp-content\\\/uploads\\\/2017\\\/12\\\/Campe\\u00f3ndeEspa\\u00f1a.jpg\",\"width\":974,\"height\":926},\"datePublished\":\"2017-12-12T16:01:40+01:00\",\"dateModified\":\"2017-12-12T16:01:40+01:00\",\"inLanguage\":\"es-ES\",\"mainEntityOfPage\":{\"@id\":\"https:\\\/\\\/candas365.es\\\/noticias\\\/un-vecino-de-la-rebollada-obtiene-tres-titulos-en-cunicultura\\\/#webpage\"},\"isPartOf\":{\"@id\":\"https:\\\/\\\/candas365.es\\\/noticias\\\/un-vecino-de-la-rebollada-obtiene-tres-titulos-en-cunicultura\\\/#webpage\"},\"articleSection\":\"Noticias Carre\\u00f1o\",\"dateline\":\"Publicado el diciembre 12, 2017.\"},{\"@type\":\"Organization\",\"@id\":\"https:\\\/\\\/candas365.es\\\/noticias\\\/#organization\",\"name\":\"Cand\\u00e1s 365\",\"description\":\"Cand\\u00e1s 365 es un diario digital independiente, fundado en 2012, con base en Asturias. Informamos con rigor sobre actualidad, sociedad, cultura y ocio, con una mirada local y global.\",\"url\":\"https:\\\/\\\/candas365.es\\\/noticias\\\/\",\"email\":\"info@candas365.es\",\"telephone\":\"+34652131393\",\"foundingDate\":\"2012-06-10\",\"logo\":{\"@type\":\"ImageObject\",\"url\":\"https:\\\/\\\/candas365.es\\\/noticias\\\/wp-content\\\/uploads\\\/2024\\\/09\\\/Candas-365-Redes.jpg\",\"@id\":\"https:\\\/\\\/candas365.es\\\/noticias\\\/un-vecino-de-la-rebollada-obtiene-tres-titulos-en-cunicultura\\\/#organizationLogo\",\"width\":1152,\"height\":864,\"caption\":\"Cand\\u00e1s 365 Redes\"},\"image\":{\"@id\":\"https:\\\/\\\/candas365.es\\\/noticias\\\/un-vecino-de-la-rebollada-obtiene-tres-titulos-en-cunicultura\\\/#organizationLogo\"},\"sameAs\":[\"https:\\\/\\\/www.facebook.com\\\/Nachofdezber\",\"https:\\\/\\\/x.com\\\/NabercoDigital\",\"https:\\\/\\\/www.instagram.com\\\/nachofdezber\\\/\",\"https:\\\/\\\/www.youtube.com\\\/channel\\\/UCZP-2wLEB9Rv6erhFmqVnvg\"],\"address\":{\"@id\":\"https:\\\/\\\/candas365.es\\\/noticias\\\/#postaladdress\",\"@type\":\"PostalAddress\",\"streetAddress\":\"san antonio 4, san antonio 4\",\"postalCode\":\"33430\",\"addressLocality\":\"Cand\\u00e1s\",\"addressRegion\":\"Asturias\",\"addressCountry\":\"ES\"}},{\"@type\":\"Person\",\"@id\":\"https:\\\/\\\/candas365.es\\\/noticias\\\/author\\\/admin\\\/#author\",\"url\":\"https:\\\/\\\/candas365.es\\\/noticias\\\/author\\\/admin\\\/\",\"name\":\"Cand\\u00e1s 365\",\"image\":{\"@type\":\"ImageObject\",\"@id\":\"https:\\\/\\\/candas365.es\\\/noticias\\\/un-vecino-de-la-rebollada-obtiene-tres-titulos-en-cunicultura\\\/#authorImage\",\"url\":\"https:\\\/\\\/secure.gravatar.com\\\/avatar\\\/496a8e03d0c493ede1718b7934145dbdf8d89be1036b0eec9544e1094c9de390?s=96&d=mm&r=g\",\"width\":96,\"height\":96,\"caption\":\"Cand\\u00e1s 365\"},\"sameAs\":[\"https:\\\/\\\/www.facebook.com\\\/carrenoactualidad\",\"https:\\\/\\\/twitter.com\\\/nbasturias\",\"https:\\\/\\\/www.instagram.com\\\/nachofdezber\\\/\",\"https:\\\/\\\/www.youtube.com\\\/channel\\\/UCZP-2wLEB9Rv6erhFmqVnvg\"]},{\"@type\":\"WebPage\",\"@id\":\"https:\\\/\\\/candas365.es\\\/noticias\\\/un-vecino-de-la-rebollada-obtiene-tres-titulos-en-cunicultura\\\/#webpage\",\"url\":\"https:\\\/\\\/candas365.es\\\/noticias\\\/un-vecino-de-la-rebollada-obtiene-tres-titulos-en-cunicultura\\\/\",\"name\":\"Un vecino de La Rebollada obtiene tres t\\u00edtulos en cunicultura | Cand\\u00e1s 365\",\"description\":\"La Federaci\\u00f3n Espa\\u00f1ola de Avicultura, Colombicultura y Cunicultura de Raza destac\\u00f3 al carre\\u00f1ense como Campe\\u00f3n de Raza Gigante Espa\\u00f1ol, Subcampe\\u00f3n de Raza Gigante Espa\\u00f1ol y como mejor Cunicultor del a\\u00f1o 2017, en reconocimiento a su trabajo y trayectoria. Jos\\u00e9 Mar\\u00eda particip\\u00f3 en este concurso nacional con 6 ejemplares: 4 hembras y dos machos en una\",\"inLanguage\":\"es-ES\",\"isPartOf\":{\"@id\":\"https:\\\/\\\/candas365.es\\\/noticias\\\/#website\"},\"breadcrumb\":{\"@id\":\"https:\\\/\\\/candas365.es\\\/noticias\\\/un-vecino-de-la-rebollada-obtiene-tres-titulos-en-cunicultura\\\/#breadcrumblist\"},\"author\":{\"@id\":\"https:\\\/\\\/candas365.es\\\/noticias\\\/author\\\/admin\\\/#author\"},\"creator\":{\"@id\":\"https:\\\/\\\/candas365.es\\\/noticias\\\/author\\\/admin\\\/#author\"},\"image\":{\"@type\":\"ImageObject\",\"url\":\"https:\\\/\\\/candas365.es\\\/noticias\\\/wp-content\\\/uploads\\\/2017\\\/12\\\/Campe\\u00f3ndeEspa\\u00f1a.jpg\",\"@id\":\"https:\\\/\\\/candas365.es\\\/noticias\\\/un-vecino-de-la-rebollada-obtiene-tres-titulos-en-cunicultura\\\/#mainImage\",\"width\":974,\"height\":926},\"primaryImageOfPage\":{\"@id\":\"https:\\\/\\\/candas365.es\\\/noticias\\\/un-vecino-de-la-rebollada-obtiene-tres-titulos-en-cunicultura\\\/#mainImage\"},\"datePublished\":\"2017-12-12T16:01:40+01:00\",\"dateModified\":\"2017-12-12T16:01:40+01:00\"},{\"@type\":\"WebSite\",\"@id\":\"https:\\\/\\\/candas365.es\\\/noticias\\\/#website\",\"url\":\"https:\\\/\\\/candas365.es\\\/noticias\\\/\",\"name\":\"Cand\\u00e1s 365\",\"alternateName\":\"Cand\\u00e1s 365 Noticias\",\"description\":\"Actualidad desde Carre\\u00f1o para el mundo\",\"inLanguage\":\"es-ES\",\"publisher\":{\"@id\":\"https:\\\/\\\/candas365.es\\\/noticias\\\/#organization\"}}]}\n\t\t<\/script>\n\t\t<!-- All in One SEO Pro -->\r\n\t\t<title>Un vecino de La Rebollada obtiene tres t\u00edtulos en cunicultura | Cand\u00e1s 365<\/title>\n\n","aioseo_head_json":{"title":"Un vecino de La Rebollada obtiene tres t\u00edtulos en cunicultura | Cand\u00e1s 365","description":"La Federaci\u00f3n Espa\u00f1ola de Avicultura, Colombicultura y Cunicultura de Raza destac\u00f3 al carre\u00f1ense como Campe\u00f3n de Raza Gigante Espa\u00f1ol, Subcampe\u00f3n de Raza Gigante Espa\u00f1ol y como mejor Cunicultor del a\u00f1o 2017, en reconocimiento a su trabajo y trayectoria. Jos\u00e9 Mar\u00eda particip\u00f3 en este concurso nacional con 6 ejemplares: 4 hembras y dos machos en una","canonical_url":"https:\/\/candas365.es\/noticias\/un-vecino-de-la-rebollada-obtiene-tres-titulos-en-cunicultura\/","robots":"max-image-preview:large","keywords":"noticias carre\u00f1o","webmasterTools":{"google-site-verification":"UA-32230408-1","msvalidate.01":"354F3CDFB2DA171B47FBE9ABF1F88D5","miscellaneous":""},"schema":{"@context":"https:\/\/schema.org","@graph":[{"@type":"BreadcrumbList","@id":"https:\/\/candas365.es\/noticias\/un-vecino-de-la-rebollada-obtiene-tres-titulos-en-cunicultura\/#breadcrumblist","itemListElement":[{"@type":"ListItem","@id":"https:\/\/candas365.es\/noticias#listItem","position":1,"name":"Home","item":"https:\/\/candas365.es\/noticias","nextItem":{"@type":"ListItem","@id":"https:\/\/candas365.es\/noticias\/category\/noticias-carreno\/#listItem","name":"Noticias Carre\u00f1o"}},{"@type":"ListItem","@id":"https:\/\/candas365.es\/noticias\/category\/noticias-carreno\/#listItem","position":2,"name":"Noticias Carre\u00f1o","item":"https:\/\/candas365.es\/noticias\/category\/noticias-carreno\/","nextItem":{"@type":"ListItem","@id":"https:\/\/candas365.es\/noticias\/un-vecino-de-la-rebollada-obtiene-tres-titulos-en-cunicultura\/#listItem","name":"Un vecino de La Rebollada obtiene tres t\u00edtulos en cunicultura"},"previousItem":{"@type":"ListItem","@id":"https:\/\/candas365.es\/noticias#listItem","name":"Home"}},{"@type":"ListItem","@id":"https:\/\/candas365.es\/noticias\/un-vecino-de-la-rebollada-obtiene-tres-titulos-en-cunicultura\/#listItem","position":3,"name":"Un vecino de La Rebollada obtiene tres t\u00edtulos en cunicultura","previousItem":{"@type":"ListItem","@id":"https:\/\/candas365.es\/noticias\/category\/noticias-carreno\/#listItem","name":"Noticias Carre\u00f1o"}}]},{"@type":"NewsArticle","@id":"https:\/\/candas365.es\/noticias\/un-vecino-de-la-rebollada-obtiene-tres-titulos-en-cunicultura\/#newsarticle","name":"Un vecino de La Rebollada obtiene tres t\u00edtulos en cunicultura | Cand\u00e1s 365","headline":"Un vecino de La Rebollada obtiene tres t\u00edtulos en cunicultura","author":{"@id":"https:\/\/candas365.es\/noticias\/author\/admin\/#author"},"publisher":{"@id":"https:\/\/candas365.es\/noticias\/#organization"},"image":{"@type":"ImageObject","url":"https:\/\/candas365.es\/noticias\/wp-content\/uploads\/2017\/12\/Campe\u00f3ndeEspa\u00f1a.jpg","width":974,"height":926},"datePublished":"2017-12-12T16:01:40+01:00","dateModified":"2017-12-12T16:01:40+01:00","inLanguage":"es-ES","mainEntityOfPage":{"@id":"https:\/\/candas365.es\/noticias\/un-vecino-de-la-rebollada-obtiene-tres-titulos-en-cunicultura\/#webpage"},"isPartOf":{"@id":"https:\/\/candas365.es\/noticias\/un-vecino-de-la-rebollada-obtiene-tres-titulos-en-cunicultura\/#webpage"},"articleSection":"Noticias Carre\u00f1o","dateline":"Publicado el diciembre 12, 2017."},{"@type":"Organization","@id":"https:\/\/candas365.es\/noticias\/#organization","name":"Cand\u00e1s 365","description":"Cand\u00e1s 365 es un diario digital independiente, fundado en 2012, con base en Asturias. Informamos con rigor sobre actualidad, sociedad, cultura y ocio, con una mirada local y global.","url":"https:\/\/candas365.es\/noticias\/","email":"info@candas365.es","telephone":"+34652131393","foundingDate":"2012-06-10","logo":{"@type":"ImageObject","url":"https:\/\/candas365.es\/noticias\/wp-content\/uploads\/2024\/09\/Candas-365-Redes.jpg","@id":"https:\/\/candas365.es\/noticias\/un-vecino-de-la-rebollada-obtiene-tres-titulos-en-cunicultura\/#organizationLogo","width":1152,"height":864,"caption":"Cand\u00e1s 365 Redes"},"image":{"@id":"https:\/\/candas365.es\/noticias\/un-vecino-de-la-rebollada-obtiene-tres-titulos-en-cunicultura\/#organizationLogo"},"sameAs":["https:\/\/www.facebook.com\/Nachofdezber","https:\/\/x.com\/NabercoDigital","https:\/\/www.instagram.com\/nachofdezber\/","https:\/\/www.youtube.com\/channel\/UCZP-2wLEB9Rv6erhFmqVnvg"],"address":{"@id":"https:\/\/candas365.es\/noticias\/#postaladdress","@type":"PostalAddress","streetAddress":"san antonio 4, san antonio 4","postalCode":"33430","addressLocality":"Cand\u00e1s","addressRegion":"Asturias","addressCountry":"ES"}},{"@type":"Person","@id":"https:\/\/candas365.es\/noticias\/author\/admin\/#author","url":"https:\/\/candas365.es\/noticias\/author\/admin\/","name":"Cand\u00e1s 365","image":{"@type":"ImageObject","@id":"https:\/\/candas365.es\/noticias\/un-vecino-de-la-rebollada-obtiene-tres-titulos-en-cunicultura\/#authorImage","url":"https:\/\/secure.gravatar.com\/avatar\/496a8e03d0c493ede1718b7934145dbdf8d89be1036b0eec9544e1094c9de390?s=96&d=mm&r=g","width":96,"height":96,"caption":"Cand\u00e1s 365"},"sameAs":["https:\/\/www.facebook.com\/carrenoactualidad","https:\/\/twitter.com\/nbasturias","https:\/\/www.instagram.com\/nachofdezber\/","https:\/\/www.youtube.com\/channel\/UCZP-2wLEB9Rv6erhFmqVnvg"]},{"@type":"WebPage","@id":"https:\/\/candas365.es\/noticias\/un-vecino-de-la-rebollada-obtiene-tres-titulos-en-cunicultura\/#webpage","url":"https:\/\/candas365.es\/noticias\/un-vecino-de-la-rebollada-obtiene-tres-titulos-en-cunicultura\/","name":"Un vecino de La Rebollada obtiene tres t\u00edtulos en cunicultura | Cand\u00e1s 365","description":"La Federaci\u00f3n Espa\u00f1ola de Avicultura, Colombicultura y Cunicultura de Raza destac\u00f3 al carre\u00f1ense como Campe\u00f3n de Raza Gigante Espa\u00f1ol, Subcampe\u00f3n de Raza Gigante Espa\u00f1ol y como mejor Cunicultor del a\u00f1o 2017, en reconocimiento a su trabajo y trayectoria. Jos\u00e9 Mar\u00eda particip\u00f3 en este concurso nacional con 6 ejemplares: 4 hembras y dos machos en una","inLanguage":"es-ES","isPartOf":{"@id":"https:\/\/candas365.es\/noticias\/#website"},"breadcrumb":{"@id":"https:\/\/candas365.es\/noticias\/un-vecino-de-la-rebollada-obtiene-tres-titulos-en-cunicultura\/#breadcrumblist"},"author":{"@id":"https:\/\/candas365.es\/noticias\/author\/admin\/#author"},"creator":{"@id":"https:\/\/candas365.es\/noticias\/author\/admin\/#author"},"image":{"@type":"ImageObject","url":"https:\/\/candas365.es\/noticias\/wp-content\/uploads\/2017\/12\/Campe\u00f3ndeEspa\u00f1a.jpg","@id":"https:\/\/candas365.es\/noticias\/un-vecino-de-la-rebollada-obtiene-tres-titulos-en-cunicultura\/#mainImage","width":974,"height":926},"primaryImageOfPage":{"@id":"https:\/\/candas365.es\/noticias\/un-vecino-de-la-rebollada-obtiene-tres-titulos-en-cunicultura\/#mainImage"},"datePublished":"2017-12-12T16:01:40+01:00","dateModified":"2017-12-12T16:01:40+01:00"},{"@type":"WebSite","@id":"https:\/\/candas365.es\/noticias\/#website","url":"https:\/\/candas365.es\/noticias\/","name":"Cand\u00e1s 365","alternateName":"Cand\u00e1s 365 Noticias","description":"Actualidad desde Carre\u00f1o para el mundo","inLanguage":"es-ES","publisher":{"@id":"https:\/\/candas365.es\/noticias\/#organization"}}]},"og:locale":"es_ES","og:site_name":"Cand\u00e1s 365","og:type":"article","og:title":"Un vecino de La Rebollada obtiene tres t\u00edtulos en cunicultura | Cand\u00e1s 365","og:description":"La Federaci\u00f3n Espa\u00f1ola de Avicultura, Colombicultura y Cunicultura de Raza destac\u00f3 al carre\u00f1ense como Campe\u00f3n de Raza Gigante Espa\u00f1ol, Subcampe\u00f3n de Raza Gigante Espa\u00f1ol y como mejor Cunicultor del a\u00f1o 2017, en reconocimiento a su trabajo y trayectoria. Jos\u00e9 Mar\u00eda particip\u00f3 en este concurso nacional con 6 ejemplares: 4 hembras y dos machos en una","og:url":"https:\/\/candas365.es\/noticias\/un-vecino-de-la-rebollada-obtiene-tres-titulos-en-cunicultura\/","og:image":"https:\/\/candas365.es\/noticias\/wp-content\/uploads\/2017\/12\/Campe\u00f3ndeEspa\u00f1a.jpg","og:image:secure_url":"https:\/\/candas365.es\/noticias\/wp-content\/uploads\/2017\/12\/Campe\u00f3ndeEspa\u00f1a.jpg","og:image:width":974,"og:image:height":926,"article:published_time":"2017-12-12T16:01:40+00:00","article:modified_time":"2017-12-12T16:01:40+00:00","article:publisher":"https:\/\/www.facebook.com\/Nachofdezber","article:author":"https:\/\/www.facebook.com\/carrenoactualidad","twitter:card":"summary_large_image","twitter:site":"@NabercoDigital","twitter:title":"Un vecino de La Rebollada obtiene tres t\u00edtulos en cunicultura | Cand\u00e1s 365","twitter:description":"La Federaci\u00f3n Espa\u00f1ola de Avicultura, Colombicultura y Cunicultura de Raza destac\u00f3 al carre\u00f1ense como Campe\u00f3n de Raza Gigante Espa\u00f1ol, Subcampe\u00f3n de Raza Gigante Espa\u00f1ol y como mejor Cunicultor del a\u00f1o 2017, en reconocimiento a su trabajo y trayectoria. Jos\u00e9 Mar\u00eda particip\u00f3 en este concurso nacional con 6 ejemplares: 4 hembras y dos machos en una","twitter:creator":"@nbasturias","twitter:image":"https:\/\/candas365.es\/noticias\/wp-content\/uploads\/2017\/12\/Campe\u00f3ndeEspa\u00f1a.jpg","twitter:label1":"Escrito por","twitter:data1":"Cand\u00e1s 365","twitter:label2":"Tiempo de lectura estimado","twitter:data2":"1 minuto"},"aioseo_meta_data":{"post_id":"86775","title":null,"description":null,"keywords":null,"keyphrases":null,"primary_term":null,"canonical_url":null,"og_title":null,"og_description":null,"og_object_type":"default","og_image_type":"default","og_image_url":null,"og_image_width":null,"og_image_height":null,"og_image_custom_url":null,"og_image_custom_fields":null,"og_video":null,"og_custom_url":null,"og_article_section":null,"og_article_tags":null,"twitter_use_og":false,"twitter_card":"default","twitter_image_type":"default","twitter_image_url":null,"twitter_image_custom_url":null,"twitter_image_custom_fields":null,"twitter_title":null,"twitter_description":null,"schema":{"blockGraphs":[],"customGraphs":[],"default":{"data":{"Article":[],"Course":[],"Dataset":[],"FAQPage":[],"Movie":[],"Person":[],"Product":[],"ProductReview":[],"Car":[],"Recipe":[],"Service":[],"SoftwareApplication":[],"WebPage":[]},"graphName":"","isEnabled":true},"graphs":[]},"schema_type":null,"schema_type_options":null,"pillar_content":false,"robots_default":true,"robots_noindex":false,"robots_noarchive":false,"robots_nosnippet":false,"robots_nofollow":false,"robots_noimageindex":false,"robots_noodp":false,"robots_notranslate":false,"robots_max_snippet":null,"robots_max_videopreview":null,"robots_max_imagepreview":"large","priority":null,"frequency":null,"location":null,"local_seo":null,"seo_analyzer_scan_date":"2025-08-26 08:45:18","breadcrumb_settings":null,"limit_modified_date":false,"reviewed_by":null,"open_ai":null,"ai":null,"created":"2020-12-21 12:12:59","updated":"2025-08-26 08:45:18"},"aioseo_breadcrumb":"<div class=\"aioseo-breadcrumbs\"><span class=\"aioseo-breadcrumb\">\n\t<a href=\"https:\/\/candas365.es\/noticias\" title=\"Home\">Home<\/a>\n<\/span><span class=\"aioseo-breadcrumb-separator\">&ndash;<\/span><span class=\"aioseo-breadcrumb\">\n\t<a href=\"https:\/\/candas365.es\/noticias\/category\/noticias-carreno\/\" title=\"Noticias Carre\u00f1o\">Noticias Carre\u00f1o<\/a>\n<\/span><span class=\"aioseo-breadcrumb-separator\">&ndash;<\/span><span class=\"aioseo-breadcrumb\">\n\tUn vecino de La Rebollada obtiene tres t\u00edtulos en cunicultura\n<\/span><\/div>","aioseo_breadcrumb_json":[{"label":"Home","link":"https:\/\/candas365.es\/noticias"},{"label":"Noticias Carre\u00f1o","link":"https:\/\/candas365.es\/noticias\/category\/noticias-carreno\/"},{"label":"Un vecino de La Rebollada obtiene tres t\u00edtulos en cunicultura","link":"https:\/\/candas365.es\/noticias\/un-vecino-de-la-rebollada-obtiene-tres-titulos-en-cunicultura\/"}],"_links":{"self":[{"href":"https:\/\/candas365.es\/noticias\/wp-json\/wp\/v2\/posts\/86775","targetHints":{"allow":["GET"]}}],"collection":[{"href":"https:\/\/candas365.es\/noticias\/wp-json\/wp\/v2\/posts"}],"about":[{"href":"https:\/\/candas365.es\/noticias\/wp-json\/wp\/v2\/types\/post"}],"author":[{"embeddable":true,"href":"https:\/\/candas365.es\/noticias\/wp-json\/wp\/v2\/users\/1"}],"replies":[{"embeddable":true,"href":"https:\/\/candas365.es\/noticias\/wp-json\/wp\/v2\/comments?post=86775"}],"version-history":[{"count":0,"href":"https:\/\/candas365.es\/noticias\/wp-json\/wp\/v2\/posts\/86775\/revisions"}],"wp:featuredmedia":[{"embeddable":true,"href":"https:\/\/candas365.es\/noticias\/wp-json\/wp\/v2\/media\/86776"}],"wp:attachment":[{"href":"https:\/\/candas365.es\/noticias\/wp-json\/wp\/v2\/media?parent=86775"}],"wp:term":[{"taxonomy":"category","embeddable":true,"href":"https:\/\/candas365.es\/noticias\/wp-json\/wp\/v2\/categories?post=86775"},{"taxonomy":"post_tag","embeddable":true,"href":"https:\/\/candas365.es\/noticias\/wp-json\/wp\/v2\/tags?post=86775"}],"curies":[{"name":"wp","href":"https:\/\/api.w.org\/{rel}","templated":true}]}}