{"id":86767,"date":"2017-12-11T17:53:59","date_gmt":"2017-12-11T17:53:59","guid":{"rendered":"http:\/\/candas365.es\/noticias\/?p=86767"},"modified":"2017-12-11T17:53:59","modified_gmt":"2017-12-11T17:53:59","slug":"nickolas-butler-presenta-su-ultima-novela-en-pagina-dos","status":"publish","type":"post","link":"https:\/\/candas365.es\/noticias\/nickolas-butler-presenta-su-ultima-novela-en-pagina-dos\/","title":{"rendered":"Nickolas Butler presenta su \u00faltima novela en &#8216;P\u00e1gina Dos&#8217;"},"content":{"rendered":"<p><img fetchpriority=\"high\" decoding=\"async\" class=\"alignleft size-medium wp-image-22984\" src=\"https:\/\/candas365.es\/noticias\/wp-content\/uploads\/2015\/12\/libro1-360x198.jpg\" alt=\"\" width=\"360\" height=\"198\" srcset=\"https:\/\/candas365.es\/noticias\/wp-content\/uploads\/2015\/12\/libro1-360x198.jpg 360w, https:\/\/candas365.es\/noticias\/wp-content\/uploads\/2015\/12\/libro1-650x357.jpg 650w, https:\/\/candas365.es\/noticias\/wp-content\/uploads\/2015\/12\/libro1-150x82.jpg 150w, https:\/\/candas365.es\/noticias\/wp-content\/uploads\/2015\/12\/libro1-450x247.jpg 450w, https:\/\/candas365.es\/noticias\/wp-content\/uploads\/2015\/12\/libro1.jpg 655w\" sizes=\"(max-width: 360px) 100vw, 360px\" \/>\u2018P\u00e1gina Dos\u2019, el programa literario de La 2 que dirige y presenta \u00d3scar L\u00f3pez, entrevista al escritor norteamericano Nickolas Butler sobre su \u00faltima novela \u2018El coraz\u00f3n de los hombres\u2019. Adem\u00e1s, el programa se centrar\u00e1 en el fen\u00f3meno booktuber, analizar\u00e1 la adaptaci\u00f3n al cine de \u2018El sentido de un final\u2019 y Vicente Lu\u00eds Mora ser\u00e1 el protagonista del Cuestionario.<\/p>\n<p>&#8216;P\u00e1gina Dos&#8217; se adentra en el mundo de los Boy Scouts de la mano de Nickolas Butler. Oscar L\u00f3pez entrevistar\u00e1 al escritor norteamericano sobre su \u00faltima novela \u2018El coraz\u00f3n de los hombres\u2019, en la que retrata tres generaciones de chicos que van todos los veranos a un campamento de Wisconsin. La obra, ambientado en 1962, refleja las relaciones y tensiones que mantienen estos j\u00f3venes con el mundo adulto, especialmente con sus padres, aunque siempre est\u00e9n presentes los valores de los Boy Scouts.<\/p>\n<p>Una novela que aborda c\u00f3mo han ido cambiando los valores sociales desde los a\u00f1os sesenta hasta la actualidad.<\/p>\n<p>A continuaci\u00f3n la cr\u00edtica Desir\u00e9e de Fez ir\u00e1 al cine para analizar la pel\u00edcula \u2018El sentido de un final\u2019, basada en una novela de Julian Barnes.<\/p>\n<p>Esta semana el reportaje se centrar\u00e1 en el fen\u00f3meno booktuber, cuando la literatura se hace un hueco en Youtube. Son youtubers cuyos canales est\u00e1n dedicados a los libros y a la literatura, en los que animan con sus v\u00eddeos a otros j\u00f3venes a leer, adem\u00e1s de informar de la actualidad editorial y recomendar libros.<\/p>\n<p>El programa finalizar\u00e1 su emisi\u00f3n con el Cuestionario que responder\u00e1, el poeta, ensayista y cr\u00edtico literario, Vicente Luis Mora.<\/p>\n","protected":false},"excerpt":{"rendered":"<p>\u2018P\u00e1gina Dos\u2019, el programa literario de La 2 que dirige y presenta \u00d3scar L\u00f3pez, entrevista al escritor norteamericano Nickolas Butler sobre su \u00faltima novela \u2018El coraz\u00f3n de los hombres\u2019. Adem\u00e1s, el programa se centrar\u00e1 en el fen\u00f3meno booktuber, analizar\u00e1 la adaptaci\u00f3n al cine de \u2018El sentido de un final\u2019 y Vicente Lu\u00eds Mora ser\u00e1 el<\/p>\n","protected":false},"author":1,"featured_media":22984,"comment_status":"closed","ping_status":"closed","sticky":false,"template":"","format":"standard","meta":{"footnotes":""},"categories":[1],"tags":[],"class_list":{"0":"post-86767","1":"post","2":"type-post","3":"status-publish","4":"format-standard","5":"has-post-thumbnail","7":"category-agenda"},"aioseo_notices":[],"aioseo_head":"\n\t\t<!-- All in One SEO Pro 4.9.6.2 - aioseo.com -->\n\t<meta name=\"description\" content=\"\u2018P\u00e1gina Dos\u2019, el programa literario de La 2 que dirige y presenta \u00d3scar L\u00f3pez, entrevista al escritor norteamericano Nickolas Butler sobre su \u00faltima novela \u2018El coraz\u00f3n de los hombres\u2019. Adem\u00e1s, el programa se centrar\u00e1 en el fen\u00f3meno booktuber, analizar\u00e1 la adaptaci\u00f3n al cine de \u2018El sentido de un final\u2019 y Vicente Lu\u00eds Mora ser\u00e1 el\" \/>\n\t<meta name=\"robots\" content=\"max-image-preview:large\" \/>\n\t<meta name=\"author\" content=\"Cand\u00e1s 365\"\/>\n\t<meta name=\"google-site-verification\" content=\"UA-32230408-1\" \/>\n\t<meta name=\"msvalidate.01\" content=\"354F3CDFB2DA171B47FBE9ABF1F88D5\" \/>\n\t<meta name=\"keywords\" content=\"agenda\" \/>\n\t<link rel=\"canonical\" href=\"https:\/\/candas365.es\/noticias\/nickolas-butler-presenta-su-ultima-novela-en-pagina-dos\/\" \/>\n\t<meta name=\"generator\" content=\"All in One SEO Pro (AIOSEO) 4.9.6.2\" \/>\n\t\t<meta property=\"og:locale\" content=\"es_ES\" \/>\n\t\t<meta property=\"og:site_name\" content=\"Cand\u00e1s 365\" \/>\n\t\t<meta property=\"og:type\" content=\"article\" \/>\n\t\t<meta property=\"og:title\" content=\"Nickolas Butler presenta su \u00faltima novela en \u2018P\u00e1gina Dos\u2019 | Cand\u00e1s 365\" \/>\n\t\t<meta property=\"og:description\" content=\"\u2018P\u00e1gina Dos\u2019, el programa literario de La 2 que dirige y presenta \u00d3scar L\u00f3pez, entrevista al escritor norteamericano Nickolas Butler sobre su \u00faltima novela \u2018El coraz\u00f3n de los hombres\u2019. Adem\u00e1s, el programa se centrar\u00e1 en el fen\u00f3meno booktuber, analizar\u00e1 la adaptaci\u00f3n al cine de \u2018El sentido de un final\u2019 y Vicente Lu\u00eds Mora ser\u00e1 el\" \/>\n\t\t<meta property=\"og:url\" content=\"https:\/\/candas365.es\/noticias\/nickolas-butler-presenta-su-ultima-novela-en-pagina-dos\/\" \/>\n\t\t<meta property=\"og:image\" content=\"https:\/\/candas365.es\/noticias\/wp-content\/uploads\/2015\/12\/libro1.jpg\" \/>\n\t\t<meta property=\"og:image:secure_url\" content=\"https:\/\/candas365.es\/noticias\/wp-content\/uploads\/2015\/12\/libro1.jpg\" \/>\n\t\t<meta property=\"og:image:width\" content=\"655\" \/>\n\t\t<meta property=\"og:image:height\" content=\"360\" \/>\n\t\t<meta property=\"article:published_time\" content=\"2017-12-11T17:53:59+00:00\" \/>\n\t\t<meta property=\"article:modified_time\" content=\"2017-12-11T17:53:59+00:00\" \/>\n\t\t<meta property=\"article:publisher\" content=\"https:\/\/www.facebook.com\/Nachofdezber\" \/>\n\t\t<meta property=\"article:author\" content=\"https:\/\/www.facebook.com\/carrenoactualidad\" \/>\n\t\t<meta name=\"twitter:card\" content=\"summary_large_image\" \/>\n\t\t<meta name=\"twitter:site\" content=\"@NabercoDigital\" \/>\n\t\t<meta name=\"twitter:title\" content=\"Nickolas Butler presenta su \u00faltima novela en \u2018P\u00e1gina Dos\u2019 | Cand\u00e1s 365\" \/>\n\t\t<meta name=\"twitter:description\" content=\"\u2018P\u00e1gina Dos\u2019, el programa literario de La 2 que dirige y presenta \u00d3scar L\u00f3pez, entrevista al escritor norteamericano Nickolas Butler sobre su \u00faltima novela \u2018El coraz\u00f3n de los hombres\u2019. Adem\u00e1s, el programa se centrar\u00e1 en el fen\u00f3meno booktuber, analizar\u00e1 la adaptaci\u00f3n al cine de \u2018El sentido de un final\u2019 y Vicente Lu\u00eds Mora ser\u00e1 el\" \/>\n\t\t<meta name=\"twitter:creator\" content=\"@nbasturias\" \/>\n\t\t<meta name=\"twitter:image\" content=\"https:\/\/candas365.es\/noticias\/wp-content\/uploads\/2015\/12\/libro1.jpg\" \/>\n\t\t<meta name=\"twitter:label1\" content=\"Escrito por\" \/>\n\t\t<meta name=\"twitter:data1\" content=\"Cand\u00e1s 365\" \/>\n\t\t<meta name=\"twitter:label2\" content=\"Tiempo de lectura estimado\" \/>\n\t\t<meta name=\"twitter:data2\" content=\"1 minuto\" \/>\n\t\t<script type=\"application\/ld+json\" class=\"aioseo-schema\">\n\t\t\t{\"@context\":\"https:\\\/\\\/schema.org\",\"@graph\":[{\"@type\":\"BreadcrumbList\",\"@id\":\"https:\\\/\\\/candas365.es\\\/noticias\\\/nickolas-butler-presenta-su-ultima-novela-en-pagina-dos\\\/#breadcrumblist\",\"itemListElement\":[{\"@type\":\"ListItem\",\"@id\":\"https:\\\/\\\/candas365.es\\\/noticias#listItem\",\"position\":1,\"name\":\"Home\",\"item\":\"https:\\\/\\\/candas365.es\\\/noticias\",\"nextItem\":{\"@type\":\"ListItem\",\"@id\":\"https:\\\/\\\/candas365.es\\\/noticias\\\/category\\\/agenda\\\/#listItem\",\"name\":\"Agenda\"}},{\"@type\":\"ListItem\",\"@id\":\"https:\\\/\\\/candas365.es\\\/noticias\\\/category\\\/agenda\\\/#listItem\",\"position\":2,\"name\":\"Agenda\",\"item\":\"https:\\\/\\\/candas365.es\\\/noticias\\\/category\\\/agenda\\\/\",\"nextItem\":{\"@type\":\"ListItem\",\"@id\":\"https:\\\/\\\/candas365.es\\\/noticias\\\/nickolas-butler-presenta-su-ultima-novela-en-pagina-dos\\\/#listItem\",\"name\":\"Nickolas Butler presenta su \\u00faltima novela en &#8216;P\\u00e1gina Dos&#8217;\"},\"previousItem\":{\"@type\":\"ListItem\",\"@id\":\"https:\\\/\\\/candas365.es\\\/noticias#listItem\",\"name\":\"Home\"}},{\"@type\":\"ListItem\",\"@id\":\"https:\\\/\\\/candas365.es\\\/noticias\\\/nickolas-butler-presenta-su-ultima-novela-en-pagina-dos\\\/#listItem\",\"position\":3,\"name\":\"Nickolas Butler presenta su \\u00faltima novela en &#8216;P\\u00e1gina Dos&#8217;\",\"previousItem\":{\"@type\":\"ListItem\",\"@id\":\"https:\\\/\\\/candas365.es\\\/noticias\\\/category\\\/agenda\\\/#listItem\",\"name\":\"Agenda\"}}]},{\"@type\":\"NewsArticle\",\"@id\":\"https:\\\/\\\/candas365.es\\\/noticias\\\/nickolas-butler-presenta-su-ultima-novela-en-pagina-dos\\\/#newsarticle\",\"name\":\"Nickolas Butler presenta su \\u00faltima novela en \\u2018P\\u00e1gina Dos\\u2019 | Cand\\u00e1s 365\",\"headline\":\"Nickolas Butler presenta su \\u00faltima novela en &#8216;P\\u00e1gina Dos&#8217;\",\"author\":{\"@id\":\"https:\\\/\\\/candas365.es\\\/noticias\\\/author\\\/admin\\\/#author\"},\"publisher\":{\"@id\":\"https:\\\/\\\/candas365.es\\\/noticias\\\/#organization\"},\"image\":{\"@type\":\"ImageObject\",\"url\":\"https:\\\/\\\/candas365.es\\\/noticias\\\/wp-content\\\/uploads\\\/2015\\\/12\\\/libro1.jpg\",\"width\":655,\"height\":360},\"datePublished\":\"2017-12-11T17:53:59+01:00\",\"dateModified\":\"2017-12-11T17:53:59+01:00\",\"inLanguage\":\"es-ES\",\"mainEntityOfPage\":{\"@id\":\"https:\\\/\\\/candas365.es\\\/noticias\\\/nickolas-butler-presenta-su-ultima-novela-en-pagina-dos\\\/#webpage\"},\"isPartOf\":{\"@id\":\"https:\\\/\\\/candas365.es\\\/noticias\\\/nickolas-butler-presenta-su-ultima-novela-en-pagina-dos\\\/#webpage\"},\"articleSection\":\"Agenda\",\"dateline\":\"Publicado el diciembre 11, 2017.\"},{\"@type\":\"Organization\",\"@id\":\"https:\\\/\\\/candas365.es\\\/noticias\\\/#organization\",\"name\":\"Cand\\u00e1s 365\",\"description\":\"Cand\\u00e1s 365 es un diario digital independiente, fundado en 2012, con base en Asturias. Informamos con rigor sobre actualidad, sociedad, cultura y ocio, con una mirada local y global.\",\"url\":\"https:\\\/\\\/candas365.es\\\/noticias\\\/\",\"email\":\"info@candas365.es\",\"telephone\":\"+34652131393\",\"foundingDate\":\"2012-06-10\",\"logo\":{\"@type\":\"ImageObject\",\"url\":\"https:\\\/\\\/candas365.es\\\/noticias\\\/wp-content\\\/uploads\\\/2024\\\/09\\\/Candas-365-Redes.jpg\",\"@id\":\"https:\\\/\\\/candas365.es\\\/noticias\\\/nickolas-butler-presenta-su-ultima-novela-en-pagina-dos\\\/#organizationLogo\",\"width\":1152,\"height\":864,\"caption\":\"Cand\\u00e1s 365 Redes\"},\"image\":{\"@id\":\"https:\\\/\\\/candas365.es\\\/noticias\\\/nickolas-butler-presenta-su-ultima-novela-en-pagina-dos\\\/#organizationLogo\"},\"sameAs\":[\"https:\\\/\\\/www.facebook.com\\\/Nachofdezber\",\"https:\\\/\\\/x.com\\\/NabercoDigital\",\"https:\\\/\\\/www.instagram.com\\\/nachofdezber\\\/\",\"https:\\\/\\\/www.youtube.com\\\/channel\\\/UCZP-2wLEB9Rv6erhFmqVnvg\"],\"address\":{\"@id\":\"https:\\\/\\\/candas365.es\\\/noticias\\\/#postaladdress\",\"@type\":\"PostalAddress\",\"streetAddress\":\"san antonio 4, san antonio 4\",\"postalCode\":\"33430\",\"addressLocality\":\"Cand\\u00e1s\",\"addressRegion\":\"Asturias\",\"addressCountry\":\"ES\"}},{\"@type\":\"Person\",\"@id\":\"https:\\\/\\\/candas365.es\\\/noticias\\\/author\\\/admin\\\/#author\",\"url\":\"https:\\\/\\\/candas365.es\\\/noticias\\\/author\\\/admin\\\/\",\"name\":\"Cand\\u00e1s 365\",\"image\":{\"@type\":\"ImageObject\",\"@id\":\"https:\\\/\\\/candas365.es\\\/noticias\\\/nickolas-butler-presenta-su-ultima-novela-en-pagina-dos\\\/#authorImage\",\"url\":\"https:\\\/\\\/secure.gravatar.com\\\/avatar\\\/496a8e03d0c493ede1718b7934145dbdf8d89be1036b0eec9544e1094c9de390?s=96&d=mm&r=g\",\"width\":96,\"height\":96,\"caption\":\"Cand\\u00e1s 365\"},\"sameAs\":[\"https:\\\/\\\/www.facebook.com\\\/carrenoactualidad\",\"https:\\\/\\\/twitter.com\\\/nbasturias\",\"https:\\\/\\\/www.instagram.com\\\/nachofdezber\\\/\",\"https:\\\/\\\/www.youtube.com\\\/channel\\\/UCZP-2wLEB9Rv6erhFmqVnvg\"]},{\"@type\":\"WebPage\",\"@id\":\"https:\\\/\\\/candas365.es\\\/noticias\\\/nickolas-butler-presenta-su-ultima-novela-en-pagina-dos\\\/#webpage\",\"url\":\"https:\\\/\\\/candas365.es\\\/noticias\\\/nickolas-butler-presenta-su-ultima-novela-en-pagina-dos\\\/\",\"name\":\"Nickolas Butler presenta su \\u00faltima novela en \\u2018P\\u00e1gina Dos\\u2019 | Cand\\u00e1s 365\",\"description\":\"\\u2018P\\u00e1gina Dos\\u2019, el programa literario de La 2 que dirige y presenta \\u00d3scar L\\u00f3pez, entrevista al escritor norteamericano Nickolas Butler sobre su \\u00faltima novela \\u2018El coraz\\u00f3n de los hombres\\u2019. Adem\\u00e1s, el programa se centrar\\u00e1 en el fen\\u00f3meno booktuber, analizar\\u00e1 la adaptaci\\u00f3n al cine de \\u2018El sentido de un final\\u2019 y Vicente Lu\\u00eds Mora ser\\u00e1 el\",\"inLanguage\":\"es-ES\",\"isPartOf\":{\"@id\":\"https:\\\/\\\/candas365.es\\\/noticias\\\/#website\"},\"breadcrumb\":{\"@id\":\"https:\\\/\\\/candas365.es\\\/noticias\\\/nickolas-butler-presenta-su-ultima-novela-en-pagina-dos\\\/#breadcrumblist\"},\"author\":{\"@id\":\"https:\\\/\\\/candas365.es\\\/noticias\\\/author\\\/admin\\\/#author\"},\"creator\":{\"@id\":\"https:\\\/\\\/candas365.es\\\/noticias\\\/author\\\/admin\\\/#author\"},\"image\":{\"@type\":\"ImageObject\",\"url\":\"https:\\\/\\\/candas365.es\\\/noticias\\\/wp-content\\\/uploads\\\/2015\\\/12\\\/libro1.jpg\",\"@id\":\"https:\\\/\\\/candas365.es\\\/noticias\\\/nickolas-butler-presenta-su-ultima-novela-en-pagina-dos\\\/#mainImage\",\"width\":655,\"height\":360},\"primaryImageOfPage\":{\"@id\":\"https:\\\/\\\/candas365.es\\\/noticias\\\/nickolas-butler-presenta-su-ultima-novela-en-pagina-dos\\\/#mainImage\"},\"datePublished\":\"2017-12-11T17:53:59+01:00\",\"dateModified\":\"2017-12-11T17:53:59+01:00\"},{\"@type\":\"WebSite\",\"@id\":\"https:\\\/\\\/candas365.es\\\/noticias\\\/#website\",\"url\":\"https:\\\/\\\/candas365.es\\\/noticias\\\/\",\"name\":\"Cand\\u00e1s 365\",\"alternateName\":\"Cand\\u00e1s 365 Noticias\",\"description\":\"Actualidad desde Carre\\u00f1o para el mundo\",\"inLanguage\":\"es-ES\",\"publisher\":{\"@id\":\"https:\\\/\\\/candas365.es\\\/noticias\\\/#organization\"}}]}\n\t\t<\/script>\n\t\t<!-- All in One SEO Pro -->\r\n\t\t<title>Nickolas Butler presenta su \u00faltima novela en \u2018P\u00e1gina Dos\u2019 | Cand\u00e1s 365<\/title>\n\n","aioseo_head_json":{"title":"Nickolas Butler presenta su \u00faltima novela en \u2018P\u00e1gina Dos\u2019 | Cand\u00e1s 365","description":"\u2018P\u00e1gina Dos\u2019, el programa literario de La 2 que dirige y presenta \u00d3scar L\u00f3pez, entrevista al escritor norteamericano Nickolas Butler sobre su \u00faltima novela \u2018El coraz\u00f3n de los hombres\u2019. Adem\u00e1s, el programa se centrar\u00e1 en el fen\u00f3meno booktuber, analizar\u00e1 la adaptaci\u00f3n al cine de \u2018El sentido de un final\u2019 y Vicente Lu\u00eds Mora ser\u00e1 el","canonical_url":"https:\/\/candas365.es\/noticias\/nickolas-butler-presenta-su-ultima-novela-en-pagina-dos\/","robots":"max-image-preview:large","keywords":"agenda","webmasterTools":{"google-site-verification":"UA-32230408-1","msvalidate.01":"354F3CDFB2DA171B47FBE9ABF1F88D5","miscellaneous":""},"schema":{"@context":"https:\/\/schema.org","@graph":[{"@type":"BreadcrumbList","@id":"https:\/\/candas365.es\/noticias\/nickolas-butler-presenta-su-ultima-novela-en-pagina-dos\/#breadcrumblist","itemListElement":[{"@type":"ListItem","@id":"https:\/\/candas365.es\/noticias#listItem","position":1,"name":"Home","item":"https:\/\/candas365.es\/noticias","nextItem":{"@type":"ListItem","@id":"https:\/\/candas365.es\/noticias\/category\/agenda\/#listItem","name":"Agenda"}},{"@type":"ListItem","@id":"https:\/\/candas365.es\/noticias\/category\/agenda\/#listItem","position":2,"name":"Agenda","item":"https:\/\/candas365.es\/noticias\/category\/agenda\/","nextItem":{"@type":"ListItem","@id":"https:\/\/candas365.es\/noticias\/nickolas-butler-presenta-su-ultima-novela-en-pagina-dos\/#listItem","name":"Nickolas Butler presenta su \u00faltima novela en &#8216;P\u00e1gina Dos&#8217;"},"previousItem":{"@type":"ListItem","@id":"https:\/\/candas365.es\/noticias#listItem","name":"Home"}},{"@type":"ListItem","@id":"https:\/\/candas365.es\/noticias\/nickolas-butler-presenta-su-ultima-novela-en-pagina-dos\/#listItem","position":3,"name":"Nickolas Butler presenta su \u00faltima novela en &#8216;P\u00e1gina Dos&#8217;","previousItem":{"@type":"ListItem","@id":"https:\/\/candas365.es\/noticias\/category\/agenda\/#listItem","name":"Agenda"}}]},{"@type":"NewsArticle","@id":"https:\/\/candas365.es\/noticias\/nickolas-butler-presenta-su-ultima-novela-en-pagina-dos\/#newsarticle","name":"Nickolas Butler presenta su \u00faltima novela en \u2018P\u00e1gina Dos\u2019 | Cand\u00e1s 365","headline":"Nickolas Butler presenta su \u00faltima novela en &#8216;P\u00e1gina Dos&#8217;","author":{"@id":"https:\/\/candas365.es\/noticias\/author\/admin\/#author"},"publisher":{"@id":"https:\/\/candas365.es\/noticias\/#organization"},"image":{"@type":"ImageObject","url":"https:\/\/candas365.es\/noticias\/wp-content\/uploads\/2015\/12\/libro1.jpg","width":655,"height":360},"datePublished":"2017-12-11T17:53:59+01:00","dateModified":"2017-12-11T17:53:59+01:00","inLanguage":"es-ES","mainEntityOfPage":{"@id":"https:\/\/candas365.es\/noticias\/nickolas-butler-presenta-su-ultima-novela-en-pagina-dos\/#webpage"},"isPartOf":{"@id":"https:\/\/candas365.es\/noticias\/nickolas-butler-presenta-su-ultima-novela-en-pagina-dos\/#webpage"},"articleSection":"Agenda","dateline":"Publicado el diciembre 11, 2017."},{"@type":"Organization","@id":"https:\/\/candas365.es\/noticias\/#organization","name":"Cand\u00e1s 365","description":"Cand\u00e1s 365 es un diario digital independiente, fundado en 2012, con base en Asturias. Informamos con rigor sobre actualidad, sociedad, cultura y ocio, con una mirada local y global.","url":"https:\/\/candas365.es\/noticias\/","email":"info@candas365.es","telephone":"+34652131393","foundingDate":"2012-06-10","logo":{"@type":"ImageObject","url":"https:\/\/candas365.es\/noticias\/wp-content\/uploads\/2024\/09\/Candas-365-Redes.jpg","@id":"https:\/\/candas365.es\/noticias\/nickolas-butler-presenta-su-ultima-novela-en-pagina-dos\/#organizationLogo","width":1152,"height":864,"caption":"Cand\u00e1s 365 Redes"},"image":{"@id":"https:\/\/candas365.es\/noticias\/nickolas-butler-presenta-su-ultima-novela-en-pagina-dos\/#organizationLogo"},"sameAs":["https:\/\/www.facebook.com\/Nachofdezber","https:\/\/x.com\/NabercoDigital","https:\/\/www.instagram.com\/nachofdezber\/","https:\/\/www.youtube.com\/channel\/UCZP-2wLEB9Rv6erhFmqVnvg"],"address":{"@id":"https:\/\/candas365.es\/noticias\/#postaladdress","@type":"PostalAddress","streetAddress":"san antonio 4, san antonio 4","postalCode":"33430","addressLocality":"Cand\u00e1s","addressRegion":"Asturias","addressCountry":"ES"}},{"@type":"Person","@id":"https:\/\/candas365.es\/noticias\/author\/admin\/#author","url":"https:\/\/candas365.es\/noticias\/author\/admin\/","name":"Cand\u00e1s 365","image":{"@type":"ImageObject","@id":"https:\/\/candas365.es\/noticias\/nickolas-butler-presenta-su-ultima-novela-en-pagina-dos\/#authorImage","url":"https:\/\/secure.gravatar.com\/avatar\/496a8e03d0c493ede1718b7934145dbdf8d89be1036b0eec9544e1094c9de390?s=96&d=mm&r=g","width":96,"height":96,"caption":"Cand\u00e1s 365"},"sameAs":["https:\/\/www.facebook.com\/carrenoactualidad","https:\/\/twitter.com\/nbasturias","https:\/\/www.instagram.com\/nachofdezber\/","https:\/\/www.youtube.com\/channel\/UCZP-2wLEB9Rv6erhFmqVnvg"]},{"@type":"WebPage","@id":"https:\/\/candas365.es\/noticias\/nickolas-butler-presenta-su-ultima-novela-en-pagina-dos\/#webpage","url":"https:\/\/candas365.es\/noticias\/nickolas-butler-presenta-su-ultima-novela-en-pagina-dos\/","name":"Nickolas Butler presenta su \u00faltima novela en \u2018P\u00e1gina Dos\u2019 | Cand\u00e1s 365","description":"\u2018P\u00e1gina Dos\u2019, el programa literario de La 2 que dirige y presenta \u00d3scar L\u00f3pez, entrevista al escritor norteamericano Nickolas Butler sobre su \u00faltima novela \u2018El coraz\u00f3n de los hombres\u2019. Adem\u00e1s, el programa se centrar\u00e1 en el fen\u00f3meno booktuber, analizar\u00e1 la adaptaci\u00f3n al cine de \u2018El sentido de un final\u2019 y Vicente Lu\u00eds Mora ser\u00e1 el","inLanguage":"es-ES","isPartOf":{"@id":"https:\/\/candas365.es\/noticias\/#website"},"breadcrumb":{"@id":"https:\/\/candas365.es\/noticias\/nickolas-butler-presenta-su-ultima-novela-en-pagina-dos\/#breadcrumblist"},"author":{"@id":"https:\/\/candas365.es\/noticias\/author\/admin\/#author"},"creator":{"@id":"https:\/\/candas365.es\/noticias\/author\/admin\/#author"},"image":{"@type":"ImageObject","url":"https:\/\/candas365.es\/noticias\/wp-content\/uploads\/2015\/12\/libro1.jpg","@id":"https:\/\/candas365.es\/noticias\/nickolas-butler-presenta-su-ultima-novela-en-pagina-dos\/#mainImage","width":655,"height":360},"primaryImageOfPage":{"@id":"https:\/\/candas365.es\/noticias\/nickolas-butler-presenta-su-ultima-novela-en-pagina-dos\/#mainImage"},"datePublished":"2017-12-11T17:53:59+01:00","dateModified":"2017-12-11T17:53:59+01:00"},{"@type":"WebSite","@id":"https:\/\/candas365.es\/noticias\/#website","url":"https:\/\/candas365.es\/noticias\/","name":"Cand\u00e1s 365","alternateName":"Cand\u00e1s 365 Noticias","description":"Actualidad desde Carre\u00f1o para el mundo","inLanguage":"es-ES","publisher":{"@id":"https:\/\/candas365.es\/noticias\/#organization"}}]},"og:locale":"es_ES","og:site_name":"Cand\u00e1s 365","og:type":"article","og:title":"Nickolas Butler presenta su \u00faltima novela en \u2018P\u00e1gina Dos\u2019 | Cand\u00e1s 365","og:description":"\u2018P\u00e1gina Dos\u2019, el programa literario de La 2 que dirige y presenta \u00d3scar L\u00f3pez, entrevista al escritor norteamericano Nickolas Butler sobre su \u00faltima novela \u2018El coraz\u00f3n de los hombres\u2019. Adem\u00e1s, el programa se centrar\u00e1 en el fen\u00f3meno booktuber, analizar\u00e1 la adaptaci\u00f3n al cine de \u2018El sentido de un final\u2019 y Vicente Lu\u00eds Mora ser\u00e1 el","og:url":"https:\/\/candas365.es\/noticias\/nickolas-butler-presenta-su-ultima-novela-en-pagina-dos\/","og:image":"https:\/\/candas365.es\/noticias\/wp-content\/uploads\/2015\/12\/libro1.jpg","og:image:secure_url":"https:\/\/candas365.es\/noticias\/wp-content\/uploads\/2015\/12\/libro1.jpg","og:image:width":655,"og:image:height":360,"article:published_time":"2017-12-11T17:53:59+00:00","article:modified_time":"2017-12-11T17:53:59+00:00","article:publisher":"https:\/\/www.facebook.com\/Nachofdezber","article:author":"https:\/\/www.facebook.com\/carrenoactualidad","twitter:card":"summary_large_image","twitter:site":"@NabercoDigital","twitter:title":"Nickolas Butler presenta su \u00faltima novela en \u2018P\u00e1gina Dos\u2019 | Cand\u00e1s 365","twitter:description":"\u2018P\u00e1gina Dos\u2019, el programa literario de La 2 que dirige y presenta \u00d3scar L\u00f3pez, entrevista al escritor norteamericano Nickolas Butler sobre su \u00faltima novela \u2018El coraz\u00f3n de los hombres\u2019. Adem\u00e1s, el programa se centrar\u00e1 en el fen\u00f3meno booktuber, analizar\u00e1 la adaptaci\u00f3n al cine de \u2018El sentido de un final\u2019 y Vicente Lu\u00eds Mora ser\u00e1 el","twitter:creator":"@nbasturias","twitter:image":"https:\/\/candas365.es\/noticias\/wp-content\/uploads\/2015\/12\/libro1.jpg","twitter:label1":"Escrito por","twitter:data1":"Cand\u00e1s 365","twitter:label2":"Tiempo de lectura estimado","twitter:data2":"1 minuto"},"aioseo_meta_data":{"post_id":"86767","title":null,"description":null,"keywords":null,"keyphrases":null,"primary_term":null,"canonical_url":null,"og_title":null,"og_description":null,"og_object_type":"default","og_image_type":"default","og_image_url":null,"og_image_width":null,"og_image_height":null,"og_image_custom_url":null,"og_image_custom_fields":null,"og_video":null,"og_custom_url":null,"og_article_section":null,"og_article_tags":null,"twitter_use_og":false,"twitter_card":"default","twitter_image_type":"default","twitter_image_url":null,"twitter_image_custom_url":null,"twitter_image_custom_fields":null,"twitter_title":null,"twitter_description":null,"schema":{"blockGraphs":[],"customGraphs":[],"default":{"data":{"Article":[],"Course":[],"Dataset":[],"FAQPage":[],"Movie":[],"Person":[],"Product":[],"ProductReview":[],"Car":[],"Recipe":[],"Service":[],"SoftwareApplication":[],"WebPage":[]},"graphName":"","isEnabled":true},"graphs":[],"defaultGraph":"","defaultPostTypeGraph":""},"schema_type":null,"schema_type_options":null,"pillar_content":false,"robots_default":true,"robots_noindex":false,"robots_noarchive":false,"robots_nosnippet":false,"robots_nofollow":false,"robots_noimageindex":false,"robots_noodp":false,"robots_notranslate":false,"robots_max_snippet":null,"robots_max_videopreview":null,"robots_max_imagepreview":"large","priority":null,"frequency":null,"location":null,"local_seo":null,"seo_analyzer_scan_date":"2025-08-26 08:45:12","breadcrumb_settings":null,"limit_modified_date":false,"reviewed_by":null,"open_ai":null,"ai":null,"created":"2020-12-21 12:12:59","updated":"2025-08-26 08:45:12"},"aioseo_breadcrumb":"<div class=\"aioseo-breadcrumbs\"><span class=\"aioseo-breadcrumb\">\n\t<a href=\"https:\/\/candas365.es\/noticias\" title=\"Home\">Home<\/a>\n<\/span><span class=\"aioseo-breadcrumb-separator\">&ndash;<\/span><span class=\"aioseo-breadcrumb\">\n\t<a href=\"https:\/\/candas365.es\/noticias\/category\/agenda\/\" title=\"Agenda\">Agenda<\/a>\n<\/span><span class=\"aioseo-breadcrumb-separator\">&ndash;<\/span><span class=\"aioseo-breadcrumb\">\n\tNickolas Butler presenta su \u00faltima novela en \u2018P\u00e1gina Dos\u2019\n<\/span><\/div>","aioseo_breadcrumb_json":[{"label":"Home","link":"https:\/\/candas365.es\/noticias"},{"label":"Agenda","link":"https:\/\/candas365.es\/noticias\/category\/agenda\/"},{"label":"Nickolas Butler presenta su \u00faltima novela en &#8216;P\u00e1gina Dos&#8217;","link":"https:\/\/candas365.es\/noticias\/nickolas-butler-presenta-su-ultima-novela-en-pagina-dos\/"}],"_links":{"self":[{"href":"https:\/\/candas365.es\/noticias\/wp-json\/wp\/v2\/posts\/86767","targetHints":{"allow":["GET"]}}],"collection":[{"href":"https:\/\/candas365.es\/noticias\/wp-json\/wp\/v2\/posts"}],"about":[{"href":"https:\/\/candas365.es\/noticias\/wp-json\/wp\/v2\/types\/post"}],"author":[{"embeddable":true,"href":"https:\/\/candas365.es\/noticias\/wp-json\/wp\/v2\/users\/1"}],"replies":[{"embeddable":true,"href":"https:\/\/candas365.es\/noticias\/wp-json\/wp\/v2\/comments?post=86767"}],"version-history":[{"count":0,"href":"https:\/\/candas365.es\/noticias\/wp-json\/wp\/v2\/posts\/86767\/revisions"}],"wp:featuredmedia":[{"embeddable":true,"href":"https:\/\/candas365.es\/noticias\/wp-json\/wp\/v2\/media\/22984"}],"wp:attachment":[{"href":"https:\/\/candas365.es\/noticias\/wp-json\/wp\/v2\/media?parent=86767"}],"wp:term":[{"taxonomy":"category","embeddable":true,"href":"https:\/\/candas365.es\/noticias\/wp-json\/wp\/v2\/categories?post=86767"},{"taxonomy":"post_tag","embeddable":true,"href":"https:\/\/candas365.es\/noticias\/wp-json\/wp\/v2\/tags?post=86767"}],"curies":[{"name":"wp","href":"https:\/\/api.w.org\/{rel}","templated":true}]}}