{"id":86764,"date":"2017-12-11T17:50:13","date_gmt":"2017-12-11T17:50:13","guid":{"rendered":"http:\/\/candas365.es\/noticias\/?p=86764"},"modified":"2017-12-11T17:50:13","modified_gmt":"2017-12-11T17:50:13","slug":"el-emprendimiento-femenino-esta-semana-en-emprende","status":"publish","type":"post","link":"https:\/\/candas365.es\/noticias\/el-emprendimiento-femenino-esta-semana-en-emprende\/","title":{"rendered":"El emprendimiento femenino esta semana en \u201cEmprende\u201d"},"content":{"rendered":"<p><img fetchpriority=\"high\" decoding=\"async\" class=\"alignleft size-medium wp-image-86765\" src=\"https:\/\/candas365.es\/noticias\/wp-content\/uploads\/2017\/12\/analytics-2697949_1280-360x240.jpg\" alt=\"\" width=\"360\" height=\"240\" srcset=\"https:\/\/candas365.es\/noticias\/wp-content\/uploads\/2017\/12\/analytics-2697949_1280-360x240.jpg 360w, https:\/\/candas365.es\/noticias\/wp-content\/uploads\/2017\/12\/analytics-2697949_1280-768x512.jpg 768w, https:\/\/candas365.es\/noticias\/wp-content\/uploads\/2017\/12\/analytics-2697949_1280-655x437.jpg 655w, https:\/\/candas365.es\/noticias\/wp-content\/uploads\/2017\/12\/analytics-2697949_1280-696x464.jpg 696w, https:\/\/candas365.es\/noticias\/wp-content\/uploads\/2017\/12\/analytics-2697949_1280-1068x713.jpg 1068w, https:\/\/candas365.es\/noticias\/wp-content\/uploads\/2017\/12\/analytics-2697949_1280-630x420.jpg 630w, https:\/\/candas365.es\/noticias\/wp-content\/uploads\/2017\/12\/analytics-2697949_1280-84x55.jpg 84w, https:\/\/candas365.es\/noticias\/wp-content\/uploads\/2017\/12\/analytics-2697949_1280.jpg 1280w\" sizes=\"(max-width: 360px) 100vw, 360px\" \/>&#8216;Emprende&#8217; se centra esta semana en el emprendimiento femenino y en las ayudas que recibe de la Uni\u00f3n Europea. Adem\u00e1s, el programa viaja a Bilbao para presentar una aplicaci\u00f3n para los entrenadores de futbol que ya ha llegado a 50 pa\u00edses. &#8216;Emprende&#8217; tratar\u00e1 tambi\u00e9n del funcionamiento de la primera red social dedicada al talento art\u00edstico y hablar\u00e1 con un joven catal\u00e1n que ha sido nombrado por la revista Forbes, como uno de los 300 j\u00f3venes m\u00e1s influyentes de Europa.<\/p>\n<p>&#8216;Emprende&#8217; dedica un espacio al emprendimiento femenino y a los distintos programas que tiene la Comisi\u00f3n Europea para fomentar la innovaci\u00f3n y la investigaci\u00f3n lideradas por mujeres. El programa recibe a Raquel Cabezudo, presidenta de Profesional Women&#8217;s Network Madrid.<\/p>\n<p>&#8216;Emprende&#8217; se desplaza a Bilbao para presentar una app pensada para que los entrenadores de f\u00fatbol planifiquen la temporada: Kimet-Planing, que ya ha llegado a 50 pa\u00edses y en Espa\u00f1a ya la utilizan 5.000 t\u00e9cnicos.<\/p>\n<p>El programa contar\u00e1 con la presencia de \u00c1lex Sicart, un joven barcelon\u00e9s que con solo 18 a\u00f1os, ha sido incluido por la revista Forbes entre los 300 j\u00f3venes m\u00e1s influyentes de Europa.<\/p>\n<p>Adem\u00e1s, &#8216;Emprende&#8217; visita la sede de Vibuk, una startup espa\u00f1ola que se ha convertido en la primera red social dedicada al talento art\u00edstico y al empleo. El actor Antonio Banderas es socio y accionista de este proyecto.<\/p>\n<p>El programa dedica un espacio a la historia de Cipri Quintas, un empresario de Madrid, que mont\u00f3 su primer negocio con 18 a\u00f1os y que treinta a\u00f1os despu\u00e9s posee 25 locales de ocio abiertos y ha creado 2.000 puestos de trabajo.<\/p>\n<p>&#8216;Emprende&#8217; entrevista a los consultores Jes\u00fas de la Corte y Fernando Lallana, del espacio semanal &#8216;Sorbos de Emprendimiento&#8217; en Radio 5. Ambos hablan de sus publicaciones sobre las herramientas que facilitan el emprendimiento y sobre su blog, en el que vuelcan sus reflexiones en torno a las capacidades y habilidades que debe desarrollar cualquier emprendedor.<\/p>\n","protected":false},"excerpt":{"rendered":"<p>&#8216;Emprende&#8217; se centra esta semana en el emprendimiento femenino y en las ayudas que recibe de la Uni\u00f3n Europea. Adem\u00e1s, el programa viaja a Bilbao para presentar una aplicaci\u00f3n para los entrenadores de futbol que ya ha llegado a 50 pa\u00edses. &#8216;Emprende&#8217; tratar\u00e1 tambi\u00e9n del funcionamiento de la primera red social dedicada al talento art\u00edstico<\/p>\n","protected":false},"author":1,"featured_media":86765,"comment_status":"closed","ping_status":"closed","sticky":false,"template":"","format":"standard","meta":{"footnotes":""},"categories":[1],"tags":[],"class_list":{"0":"post-86764","1":"post","2":"type-post","3":"status-publish","4":"format-standard","5":"has-post-thumbnail","7":"category-agenda"},"aioseo_notices":[],"aioseo_head":"\n\t\t<!-- All in One SEO Pro 4.9.6.2 - aioseo.com -->\n\t<meta name=\"description\" content=\"&#039;Emprende&#039; se centra esta semana en el emprendimiento femenino y en las ayudas que recibe de la Uni\u00f3n Europea. Adem\u00e1s, el programa viaja a Bilbao para presentar una aplicaci\u00f3n para los entrenadores de futbol que ya ha llegado a 50 pa\u00edses. &#039;Emprende&#039; tratar\u00e1 tambi\u00e9n del funcionamiento de la primera red social dedicada al talento art\u00edstico\" \/>\n\t<meta name=\"robots\" content=\"max-image-preview:large\" \/>\n\t<meta name=\"author\" content=\"Cand\u00e1s 365\"\/>\n\t<meta name=\"google-site-verification\" content=\"UA-32230408-1\" \/>\n\t<meta name=\"msvalidate.01\" content=\"354F3CDFB2DA171B47FBE9ABF1F88D5\" \/>\n\t<meta name=\"keywords\" content=\"agenda\" \/>\n\t<link rel=\"canonical\" href=\"https:\/\/candas365.es\/noticias\/el-emprendimiento-femenino-esta-semana-en-emprende\/\" \/>\n\t<meta name=\"generator\" content=\"All in One SEO Pro (AIOSEO) 4.9.6.2\" \/>\n\t\t<meta property=\"og:locale\" content=\"es_ES\" \/>\n\t\t<meta property=\"og:site_name\" content=\"Cand\u00e1s 365\" \/>\n\t\t<meta property=\"og:type\" content=\"article\" \/>\n\t\t<meta property=\"og:title\" content=\"El emprendimiento femenino esta semana en \u201cEmprende\u201d | Cand\u00e1s 365\" \/>\n\t\t<meta property=\"og:description\" content=\"&#039;Emprende&#039; se centra esta semana en el emprendimiento femenino y en las ayudas que recibe de la Uni\u00f3n Europea. Adem\u00e1s, el programa viaja a Bilbao para presentar una aplicaci\u00f3n para los entrenadores de futbol que ya ha llegado a 50 pa\u00edses. &#039;Emprende&#039; tratar\u00e1 tambi\u00e9n del funcionamiento de la primera red social dedicada al talento art\u00edstico\" \/>\n\t\t<meta property=\"og:url\" content=\"https:\/\/candas365.es\/noticias\/el-emprendimiento-femenino-esta-semana-en-emprende\/\" \/>\n\t\t<meta property=\"og:image\" content=\"https:\/\/candas365.es\/noticias\/wp-content\/uploads\/2017\/12\/analytics-2697949_1280.jpg\" \/>\n\t\t<meta property=\"og:image:secure_url\" content=\"https:\/\/candas365.es\/noticias\/wp-content\/uploads\/2017\/12\/analytics-2697949_1280.jpg\" \/>\n\t\t<meta property=\"og:image:width\" content=\"1280\" \/>\n\t\t<meta property=\"og:image:height\" content=\"854\" \/>\n\t\t<meta property=\"article:published_time\" content=\"2017-12-11T17:50:13+00:00\" \/>\n\t\t<meta property=\"article:modified_time\" content=\"2017-12-11T17:50:13+00:00\" \/>\n\t\t<meta property=\"article:publisher\" content=\"https:\/\/www.facebook.com\/Nachofdezber\" \/>\n\t\t<meta property=\"article:author\" content=\"https:\/\/www.facebook.com\/carrenoactualidad\" \/>\n\t\t<meta name=\"twitter:card\" content=\"summary_large_image\" \/>\n\t\t<meta name=\"twitter:site\" content=\"@NabercoDigital\" \/>\n\t\t<meta name=\"twitter:title\" content=\"El emprendimiento femenino esta semana en \u201cEmprende\u201d | Cand\u00e1s 365\" \/>\n\t\t<meta name=\"twitter:description\" content=\"&#039;Emprende&#039; se centra esta semana en el emprendimiento femenino y en las ayudas que recibe de la Uni\u00f3n Europea. Adem\u00e1s, el programa viaja a Bilbao para presentar una aplicaci\u00f3n para los entrenadores de futbol que ya ha llegado a 50 pa\u00edses. &#039;Emprende&#039; tratar\u00e1 tambi\u00e9n del funcionamiento de la primera red social dedicada al talento art\u00edstico\" \/>\n\t\t<meta name=\"twitter:creator\" content=\"@nbasturias\" \/>\n\t\t<meta name=\"twitter:image\" content=\"https:\/\/candas365.es\/noticias\/wp-content\/uploads\/2017\/12\/analytics-2697949_1280.jpg\" \/>\n\t\t<meta name=\"twitter:label1\" content=\"Escrito por\" \/>\n\t\t<meta name=\"twitter:data1\" content=\"Cand\u00e1s 365\" \/>\n\t\t<meta name=\"twitter:label2\" content=\"Tiempo de lectura estimado\" \/>\n\t\t<meta name=\"twitter:data2\" content=\"2 minutos\" \/>\n\t\t<script type=\"application\/ld+json\" class=\"aioseo-schema\">\n\t\t\t{\"@context\":\"https:\\\/\\\/schema.org\",\"@graph\":[{\"@type\":\"BreadcrumbList\",\"@id\":\"https:\\\/\\\/candas365.es\\\/noticias\\\/el-emprendimiento-femenino-esta-semana-en-emprende\\\/#breadcrumblist\",\"itemListElement\":[{\"@type\":\"ListItem\",\"@id\":\"https:\\\/\\\/candas365.es\\\/noticias#listItem\",\"position\":1,\"name\":\"Home\",\"item\":\"https:\\\/\\\/candas365.es\\\/noticias\",\"nextItem\":{\"@type\":\"ListItem\",\"@id\":\"https:\\\/\\\/candas365.es\\\/noticias\\\/category\\\/agenda\\\/#listItem\",\"name\":\"Agenda\"}},{\"@type\":\"ListItem\",\"@id\":\"https:\\\/\\\/candas365.es\\\/noticias\\\/category\\\/agenda\\\/#listItem\",\"position\":2,\"name\":\"Agenda\",\"item\":\"https:\\\/\\\/candas365.es\\\/noticias\\\/category\\\/agenda\\\/\",\"nextItem\":{\"@type\":\"ListItem\",\"@id\":\"https:\\\/\\\/candas365.es\\\/noticias\\\/el-emprendimiento-femenino-esta-semana-en-emprende\\\/#listItem\",\"name\":\"El emprendimiento femenino esta semana en \\u201cEmprende\\u201d\"},\"previousItem\":{\"@type\":\"ListItem\",\"@id\":\"https:\\\/\\\/candas365.es\\\/noticias#listItem\",\"name\":\"Home\"}},{\"@type\":\"ListItem\",\"@id\":\"https:\\\/\\\/candas365.es\\\/noticias\\\/el-emprendimiento-femenino-esta-semana-en-emprende\\\/#listItem\",\"position\":3,\"name\":\"El emprendimiento femenino esta semana en \\u201cEmprende\\u201d\",\"previousItem\":{\"@type\":\"ListItem\",\"@id\":\"https:\\\/\\\/candas365.es\\\/noticias\\\/category\\\/agenda\\\/#listItem\",\"name\":\"Agenda\"}}]},{\"@type\":\"NewsArticle\",\"@id\":\"https:\\\/\\\/candas365.es\\\/noticias\\\/el-emprendimiento-femenino-esta-semana-en-emprende\\\/#newsarticle\",\"name\":\"El emprendimiento femenino esta semana en \\u201cEmprende\\u201d | Cand\\u00e1s 365\",\"headline\":\"El emprendimiento femenino esta semana en \\u201cEmprende\\u201d\",\"author\":{\"@id\":\"https:\\\/\\\/candas365.es\\\/noticias\\\/author\\\/admin\\\/#author\"},\"publisher\":{\"@id\":\"https:\\\/\\\/candas365.es\\\/noticias\\\/#organization\"},\"image\":{\"@type\":\"ImageObject\",\"url\":\"https:\\\/\\\/candas365.es\\\/noticias\\\/wp-content\\\/uploads\\\/2017\\\/12\\\/analytics-2697949_1280.jpg\",\"width\":1280,\"height\":854},\"datePublished\":\"2017-12-11T17:50:13+01:00\",\"dateModified\":\"2017-12-11T17:50:13+01:00\",\"inLanguage\":\"es-ES\",\"mainEntityOfPage\":{\"@id\":\"https:\\\/\\\/candas365.es\\\/noticias\\\/el-emprendimiento-femenino-esta-semana-en-emprende\\\/#webpage\"},\"isPartOf\":{\"@id\":\"https:\\\/\\\/candas365.es\\\/noticias\\\/el-emprendimiento-femenino-esta-semana-en-emprende\\\/#webpage\"},\"articleSection\":\"Agenda\",\"dateline\":\"Publicado el diciembre 11, 2017.\"},{\"@type\":\"Organization\",\"@id\":\"https:\\\/\\\/candas365.es\\\/noticias\\\/#organization\",\"name\":\"Cand\\u00e1s 365\",\"description\":\"Cand\\u00e1s 365 es un diario digital independiente, fundado en 2012, con base en Asturias. Informamos con rigor sobre actualidad, sociedad, cultura y ocio, con una mirada local y global.\",\"url\":\"https:\\\/\\\/candas365.es\\\/noticias\\\/\",\"email\":\"info@candas365.es\",\"telephone\":\"+34652131393\",\"foundingDate\":\"2012-06-10\",\"logo\":{\"@type\":\"ImageObject\",\"url\":\"https:\\\/\\\/candas365.es\\\/noticias\\\/wp-content\\\/uploads\\\/2024\\\/09\\\/Candas-365-Redes.jpg\",\"@id\":\"https:\\\/\\\/candas365.es\\\/noticias\\\/el-emprendimiento-femenino-esta-semana-en-emprende\\\/#organizationLogo\",\"width\":1152,\"height\":864,\"caption\":\"Cand\\u00e1s 365 Redes\"},\"image\":{\"@id\":\"https:\\\/\\\/candas365.es\\\/noticias\\\/el-emprendimiento-femenino-esta-semana-en-emprende\\\/#organizationLogo\"},\"sameAs\":[\"https:\\\/\\\/www.facebook.com\\\/Nachofdezber\",\"https:\\\/\\\/x.com\\\/NabercoDigital\",\"https:\\\/\\\/www.instagram.com\\\/nachofdezber\\\/\",\"https:\\\/\\\/www.youtube.com\\\/channel\\\/UCZP-2wLEB9Rv6erhFmqVnvg\"],\"address\":{\"@id\":\"https:\\\/\\\/candas365.es\\\/noticias\\\/#postaladdress\",\"@type\":\"PostalAddress\",\"streetAddress\":\"san antonio 4, san antonio 4\",\"postalCode\":\"33430\",\"addressLocality\":\"Cand\\u00e1s\",\"addressRegion\":\"Asturias\",\"addressCountry\":\"ES\"}},{\"@type\":\"Person\",\"@id\":\"https:\\\/\\\/candas365.es\\\/noticias\\\/author\\\/admin\\\/#author\",\"url\":\"https:\\\/\\\/candas365.es\\\/noticias\\\/author\\\/admin\\\/\",\"name\":\"Cand\\u00e1s 365\",\"image\":{\"@type\":\"ImageObject\",\"@id\":\"https:\\\/\\\/candas365.es\\\/noticias\\\/el-emprendimiento-femenino-esta-semana-en-emprende\\\/#authorImage\",\"url\":\"https:\\\/\\\/secure.gravatar.com\\\/avatar\\\/496a8e03d0c493ede1718b7934145dbdf8d89be1036b0eec9544e1094c9de390?s=96&d=mm&r=g\",\"width\":96,\"height\":96,\"caption\":\"Cand\\u00e1s 365\"},\"sameAs\":[\"https:\\\/\\\/www.facebook.com\\\/carrenoactualidad\",\"https:\\\/\\\/twitter.com\\\/nbasturias\",\"https:\\\/\\\/www.instagram.com\\\/nachofdezber\\\/\",\"https:\\\/\\\/www.youtube.com\\\/channel\\\/UCZP-2wLEB9Rv6erhFmqVnvg\"]},{\"@type\":\"WebPage\",\"@id\":\"https:\\\/\\\/candas365.es\\\/noticias\\\/el-emprendimiento-femenino-esta-semana-en-emprende\\\/#webpage\",\"url\":\"https:\\\/\\\/candas365.es\\\/noticias\\\/el-emprendimiento-femenino-esta-semana-en-emprende\\\/\",\"name\":\"El emprendimiento femenino esta semana en \\u201cEmprende\\u201d | Cand\\u00e1s 365\",\"description\":\"'Emprende' se centra esta semana en el emprendimiento femenino y en las ayudas que recibe de la Uni\\u00f3n Europea. Adem\\u00e1s, el programa viaja a Bilbao para presentar una aplicaci\\u00f3n para los entrenadores de futbol que ya ha llegado a 50 pa\\u00edses. 'Emprende' tratar\\u00e1 tambi\\u00e9n del funcionamiento de la primera red social dedicada al talento art\\u00edstico\",\"inLanguage\":\"es-ES\",\"isPartOf\":{\"@id\":\"https:\\\/\\\/candas365.es\\\/noticias\\\/#website\"},\"breadcrumb\":{\"@id\":\"https:\\\/\\\/candas365.es\\\/noticias\\\/el-emprendimiento-femenino-esta-semana-en-emprende\\\/#breadcrumblist\"},\"author\":{\"@id\":\"https:\\\/\\\/candas365.es\\\/noticias\\\/author\\\/admin\\\/#author\"},\"creator\":{\"@id\":\"https:\\\/\\\/candas365.es\\\/noticias\\\/author\\\/admin\\\/#author\"},\"image\":{\"@type\":\"ImageObject\",\"url\":\"https:\\\/\\\/candas365.es\\\/noticias\\\/wp-content\\\/uploads\\\/2017\\\/12\\\/analytics-2697949_1280.jpg\",\"@id\":\"https:\\\/\\\/candas365.es\\\/noticias\\\/el-emprendimiento-femenino-esta-semana-en-emprende\\\/#mainImage\",\"width\":1280,\"height\":854},\"primaryImageOfPage\":{\"@id\":\"https:\\\/\\\/candas365.es\\\/noticias\\\/el-emprendimiento-femenino-esta-semana-en-emprende\\\/#mainImage\"},\"datePublished\":\"2017-12-11T17:50:13+01:00\",\"dateModified\":\"2017-12-11T17:50:13+01:00\"},{\"@type\":\"WebSite\",\"@id\":\"https:\\\/\\\/candas365.es\\\/noticias\\\/#website\",\"url\":\"https:\\\/\\\/candas365.es\\\/noticias\\\/\",\"name\":\"Cand\\u00e1s 365\",\"alternateName\":\"Cand\\u00e1s 365 Noticias\",\"description\":\"Actualidad desde Carre\\u00f1o para el mundo\",\"inLanguage\":\"es-ES\",\"publisher\":{\"@id\":\"https:\\\/\\\/candas365.es\\\/noticias\\\/#organization\"}}]}\n\t\t<\/script>\n\t\t<!-- All in One SEO Pro -->\r\n\t\t<title>El emprendimiento femenino esta semana en \u201cEmprende\u201d | Cand\u00e1s 365<\/title>\n\n","aioseo_head_json":{"title":"El emprendimiento femenino esta semana en \u201cEmprende\u201d | Cand\u00e1s 365","description":"'Emprende' se centra esta semana en el emprendimiento femenino y en las ayudas que recibe de la Uni\u00f3n Europea. Adem\u00e1s, el programa viaja a Bilbao para presentar una aplicaci\u00f3n para los entrenadores de futbol que ya ha llegado a 50 pa\u00edses. 'Emprende' tratar\u00e1 tambi\u00e9n del funcionamiento de la primera red social dedicada al talento art\u00edstico","canonical_url":"https:\/\/candas365.es\/noticias\/el-emprendimiento-femenino-esta-semana-en-emprende\/","robots":"max-image-preview:large","keywords":"agenda","webmasterTools":{"google-site-verification":"UA-32230408-1","msvalidate.01":"354F3CDFB2DA171B47FBE9ABF1F88D5","miscellaneous":""},"schema":{"@context":"https:\/\/schema.org","@graph":[{"@type":"BreadcrumbList","@id":"https:\/\/candas365.es\/noticias\/el-emprendimiento-femenino-esta-semana-en-emprende\/#breadcrumblist","itemListElement":[{"@type":"ListItem","@id":"https:\/\/candas365.es\/noticias#listItem","position":1,"name":"Home","item":"https:\/\/candas365.es\/noticias","nextItem":{"@type":"ListItem","@id":"https:\/\/candas365.es\/noticias\/category\/agenda\/#listItem","name":"Agenda"}},{"@type":"ListItem","@id":"https:\/\/candas365.es\/noticias\/category\/agenda\/#listItem","position":2,"name":"Agenda","item":"https:\/\/candas365.es\/noticias\/category\/agenda\/","nextItem":{"@type":"ListItem","@id":"https:\/\/candas365.es\/noticias\/el-emprendimiento-femenino-esta-semana-en-emprende\/#listItem","name":"El emprendimiento femenino esta semana en \u201cEmprende\u201d"},"previousItem":{"@type":"ListItem","@id":"https:\/\/candas365.es\/noticias#listItem","name":"Home"}},{"@type":"ListItem","@id":"https:\/\/candas365.es\/noticias\/el-emprendimiento-femenino-esta-semana-en-emprende\/#listItem","position":3,"name":"El emprendimiento femenino esta semana en \u201cEmprende\u201d","previousItem":{"@type":"ListItem","@id":"https:\/\/candas365.es\/noticias\/category\/agenda\/#listItem","name":"Agenda"}}]},{"@type":"NewsArticle","@id":"https:\/\/candas365.es\/noticias\/el-emprendimiento-femenino-esta-semana-en-emprende\/#newsarticle","name":"El emprendimiento femenino esta semana en \u201cEmprende\u201d | Cand\u00e1s 365","headline":"El emprendimiento femenino esta semana en \u201cEmprende\u201d","author":{"@id":"https:\/\/candas365.es\/noticias\/author\/admin\/#author"},"publisher":{"@id":"https:\/\/candas365.es\/noticias\/#organization"},"image":{"@type":"ImageObject","url":"https:\/\/candas365.es\/noticias\/wp-content\/uploads\/2017\/12\/analytics-2697949_1280.jpg","width":1280,"height":854},"datePublished":"2017-12-11T17:50:13+01:00","dateModified":"2017-12-11T17:50:13+01:00","inLanguage":"es-ES","mainEntityOfPage":{"@id":"https:\/\/candas365.es\/noticias\/el-emprendimiento-femenino-esta-semana-en-emprende\/#webpage"},"isPartOf":{"@id":"https:\/\/candas365.es\/noticias\/el-emprendimiento-femenino-esta-semana-en-emprende\/#webpage"},"articleSection":"Agenda","dateline":"Publicado el diciembre 11, 2017."},{"@type":"Organization","@id":"https:\/\/candas365.es\/noticias\/#organization","name":"Cand\u00e1s 365","description":"Cand\u00e1s 365 es un diario digital independiente, fundado en 2012, con base en Asturias. Informamos con rigor sobre actualidad, sociedad, cultura y ocio, con una mirada local y global.","url":"https:\/\/candas365.es\/noticias\/","email":"info@candas365.es","telephone":"+34652131393","foundingDate":"2012-06-10","logo":{"@type":"ImageObject","url":"https:\/\/candas365.es\/noticias\/wp-content\/uploads\/2024\/09\/Candas-365-Redes.jpg","@id":"https:\/\/candas365.es\/noticias\/el-emprendimiento-femenino-esta-semana-en-emprende\/#organizationLogo","width":1152,"height":864,"caption":"Cand\u00e1s 365 Redes"},"image":{"@id":"https:\/\/candas365.es\/noticias\/el-emprendimiento-femenino-esta-semana-en-emprende\/#organizationLogo"},"sameAs":["https:\/\/www.facebook.com\/Nachofdezber","https:\/\/x.com\/NabercoDigital","https:\/\/www.instagram.com\/nachofdezber\/","https:\/\/www.youtube.com\/channel\/UCZP-2wLEB9Rv6erhFmqVnvg"],"address":{"@id":"https:\/\/candas365.es\/noticias\/#postaladdress","@type":"PostalAddress","streetAddress":"san antonio 4, san antonio 4","postalCode":"33430","addressLocality":"Cand\u00e1s","addressRegion":"Asturias","addressCountry":"ES"}},{"@type":"Person","@id":"https:\/\/candas365.es\/noticias\/author\/admin\/#author","url":"https:\/\/candas365.es\/noticias\/author\/admin\/","name":"Cand\u00e1s 365","image":{"@type":"ImageObject","@id":"https:\/\/candas365.es\/noticias\/el-emprendimiento-femenino-esta-semana-en-emprende\/#authorImage","url":"https:\/\/secure.gravatar.com\/avatar\/496a8e03d0c493ede1718b7934145dbdf8d89be1036b0eec9544e1094c9de390?s=96&d=mm&r=g","width":96,"height":96,"caption":"Cand\u00e1s 365"},"sameAs":["https:\/\/www.facebook.com\/carrenoactualidad","https:\/\/twitter.com\/nbasturias","https:\/\/www.instagram.com\/nachofdezber\/","https:\/\/www.youtube.com\/channel\/UCZP-2wLEB9Rv6erhFmqVnvg"]},{"@type":"WebPage","@id":"https:\/\/candas365.es\/noticias\/el-emprendimiento-femenino-esta-semana-en-emprende\/#webpage","url":"https:\/\/candas365.es\/noticias\/el-emprendimiento-femenino-esta-semana-en-emprende\/","name":"El emprendimiento femenino esta semana en \u201cEmprende\u201d | Cand\u00e1s 365","description":"'Emprende' se centra esta semana en el emprendimiento femenino y en las ayudas que recibe de la Uni\u00f3n Europea. Adem\u00e1s, el programa viaja a Bilbao para presentar una aplicaci\u00f3n para los entrenadores de futbol que ya ha llegado a 50 pa\u00edses. 'Emprende' tratar\u00e1 tambi\u00e9n del funcionamiento de la primera red social dedicada al talento art\u00edstico","inLanguage":"es-ES","isPartOf":{"@id":"https:\/\/candas365.es\/noticias\/#website"},"breadcrumb":{"@id":"https:\/\/candas365.es\/noticias\/el-emprendimiento-femenino-esta-semana-en-emprende\/#breadcrumblist"},"author":{"@id":"https:\/\/candas365.es\/noticias\/author\/admin\/#author"},"creator":{"@id":"https:\/\/candas365.es\/noticias\/author\/admin\/#author"},"image":{"@type":"ImageObject","url":"https:\/\/candas365.es\/noticias\/wp-content\/uploads\/2017\/12\/analytics-2697949_1280.jpg","@id":"https:\/\/candas365.es\/noticias\/el-emprendimiento-femenino-esta-semana-en-emprende\/#mainImage","width":1280,"height":854},"primaryImageOfPage":{"@id":"https:\/\/candas365.es\/noticias\/el-emprendimiento-femenino-esta-semana-en-emprende\/#mainImage"},"datePublished":"2017-12-11T17:50:13+01:00","dateModified":"2017-12-11T17:50:13+01:00"},{"@type":"WebSite","@id":"https:\/\/candas365.es\/noticias\/#website","url":"https:\/\/candas365.es\/noticias\/","name":"Cand\u00e1s 365","alternateName":"Cand\u00e1s 365 Noticias","description":"Actualidad desde Carre\u00f1o para el mundo","inLanguage":"es-ES","publisher":{"@id":"https:\/\/candas365.es\/noticias\/#organization"}}]},"og:locale":"es_ES","og:site_name":"Cand\u00e1s 365","og:type":"article","og:title":"El emprendimiento femenino esta semana en \u201cEmprende\u201d | Cand\u00e1s 365","og:description":"'Emprende' se centra esta semana en el emprendimiento femenino y en las ayudas que recibe de la Uni\u00f3n Europea. Adem\u00e1s, el programa viaja a Bilbao para presentar una aplicaci\u00f3n para los entrenadores de futbol que ya ha llegado a 50 pa\u00edses. 'Emprende' tratar\u00e1 tambi\u00e9n del funcionamiento de la primera red social dedicada al talento art\u00edstico","og:url":"https:\/\/candas365.es\/noticias\/el-emprendimiento-femenino-esta-semana-en-emprende\/","og:image":"https:\/\/candas365.es\/noticias\/wp-content\/uploads\/2017\/12\/analytics-2697949_1280.jpg","og:image:secure_url":"https:\/\/candas365.es\/noticias\/wp-content\/uploads\/2017\/12\/analytics-2697949_1280.jpg","og:image:width":1280,"og:image:height":854,"article:published_time":"2017-12-11T17:50:13+00:00","article:modified_time":"2017-12-11T17:50:13+00:00","article:publisher":"https:\/\/www.facebook.com\/Nachofdezber","article:author":"https:\/\/www.facebook.com\/carrenoactualidad","twitter:card":"summary_large_image","twitter:site":"@NabercoDigital","twitter:title":"El emprendimiento femenino esta semana en \u201cEmprende\u201d | Cand\u00e1s 365","twitter:description":"'Emprende' se centra esta semana en el emprendimiento femenino y en las ayudas que recibe de la Uni\u00f3n Europea. Adem\u00e1s, el programa viaja a Bilbao para presentar una aplicaci\u00f3n para los entrenadores de futbol que ya ha llegado a 50 pa\u00edses. 'Emprende' tratar\u00e1 tambi\u00e9n del funcionamiento de la primera red social dedicada al talento art\u00edstico","twitter:creator":"@nbasturias","twitter:image":"https:\/\/candas365.es\/noticias\/wp-content\/uploads\/2017\/12\/analytics-2697949_1280.jpg","twitter:label1":"Escrito por","twitter:data1":"Cand\u00e1s 365","twitter:label2":"Tiempo de lectura estimado","twitter:data2":"2 minutos"},"aioseo_meta_data":{"post_id":"86764","title":null,"description":null,"keywords":null,"keyphrases":null,"primary_term":null,"canonical_url":null,"og_title":null,"og_description":null,"og_object_type":"default","og_image_type":"default","og_image_url":null,"og_image_width":null,"og_image_height":null,"og_image_custom_url":null,"og_image_custom_fields":null,"og_video":null,"og_custom_url":null,"og_article_section":null,"og_article_tags":null,"twitter_use_og":false,"twitter_card":"default","twitter_image_type":"default","twitter_image_url":null,"twitter_image_custom_url":null,"twitter_image_custom_fields":null,"twitter_title":null,"twitter_description":null,"schema":{"blockGraphs":[],"customGraphs":[],"default":{"data":{"Article":[],"Course":[],"Dataset":[],"FAQPage":[],"Movie":[],"Person":[],"Product":[],"ProductReview":[],"Car":[],"Recipe":[],"Service":[],"SoftwareApplication":[],"WebPage":[]},"graphName":"","isEnabled":true},"graphs":[],"defaultGraph":"","defaultPostTypeGraph":""},"schema_type":null,"schema_type_options":null,"pillar_content":false,"robots_default":true,"robots_noindex":false,"robots_noarchive":false,"robots_nosnippet":false,"robots_nofollow":false,"robots_noimageindex":false,"robots_noodp":false,"robots_notranslate":false,"robots_max_snippet":null,"robots_max_videopreview":null,"robots_max_imagepreview":"large","priority":null,"frequency":null,"location":null,"local_seo":null,"seo_analyzer_scan_date":"2025-08-26 08:44:17","breadcrumb_settings":null,"limit_modified_date":false,"reviewed_by":null,"open_ai":null,"ai":null,"created":"2020-12-21 12:12:59","updated":"2025-08-26 08:44:17"},"aioseo_breadcrumb":"<div class=\"aioseo-breadcrumbs\"><span class=\"aioseo-breadcrumb\">\n\t<a href=\"https:\/\/candas365.es\/noticias\" title=\"Home\">Home<\/a>\n<\/span><span class=\"aioseo-breadcrumb-separator\">&ndash;<\/span><span class=\"aioseo-breadcrumb\">\n\t<a href=\"https:\/\/candas365.es\/noticias\/category\/agenda\/\" title=\"Agenda\">Agenda<\/a>\n<\/span><span class=\"aioseo-breadcrumb-separator\">&ndash;<\/span><span class=\"aioseo-breadcrumb\">\n\tEl emprendimiento femenino esta semana en \u201cEmprende\u201d\n<\/span><\/div>","aioseo_breadcrumb_json":[{"label":"Home","link":"https:\/\/candas365.es\/noticias"},{"label":"Agenda","link":"https:\/\/candas365.es\/noticias\/category\/agenda\/"},{"label":"El emprendimiento femenino esta semana en \u201cEmprende\u201d","link":"https:\/\/candas365.es\/noticias\/el-emprendimiento-femenino-esta-semana-en-emprende\/"}],"_links":{"self":[{"href":"https:\/\/candas365.es\/noticias\/wp-json\/wp\/v2\/posts\/86764","targetHints":{"allow":["GET"]}}],"collection":[{"href":"https:\/\/candas365.es\/noticias\/wp-json\/wp\/v2\/posts"}],"about":[{"href":"https:\/\/candas365.es\/noticias\/wp-json\/wp\/v2\/types\/post"}],"author":[{"embeddable":true,"href":"https:\/\/candas365.es\/noticias\/wp-json\/wp\/v2\/users\/1"}],"replies":[{"embeddable":true,"href":"https:\/\/candas365.es\/noticias\/wp-json\/wp\/v2\/comments?post=86764"}],"version-history":[{"count":0,"href":"https:\/\/candas365.es\/noticias\/wp-json\/wp\/v2\/posts\/86764\/revisions"}],"wp:featuredmedia":[{"embeddable":true,"href":"https:\/\/candas365.es\/noticias\/wp-json\/wp\/v2\/media\/86765"}],"wp:attachment":[{"href":"https:\/\/candas365.es\/noticias\/wp-json\/wp\/v2\/media?parent=86764"}],"wp:term":[{"taxonomy":"category","embeddable":true,"href":"https:\/\/candas365.es\/noticias\/wp-json\/wp\/v2\/categories?post=86764"},{"taxonomy":"post_tag","embeddable":true,"href":"https:\/\/candas365.es\/noticias\/wp-json\/wp\/v2\/tags?post=86764"}],"curies":[{"name":"wp","href":"https:\/\/api.w.org\/{rel}","templated":true}]}}