{"id":86522,"date":"2017-12-07T21:23:25","date_gmt":"2017-12-07T21:23:25","guid":{"rendered":"http:\/\/candas365.es\/noticias\/?p=86522"},"modified":"2017-12-07T21:23:25","modified_gmt":"2017-12-07T21:23:25","slug":"clasicos-y-reverentes-el-domingo-en-la-2","status":"publish","type":"post","link":"https:\/\/candas365.es\/noticias\/clasicos-y-reverentes-el-domingo-en-la-2\/","title":{"rendered":"\u201cCl\u00e1sicos y Reverentes\u201d, el domingo en La 2"},"content":{"rendered":"<p><img fetchpriority=\"high\" decoding=\"async\" class=\"alignleft size-medium wp-image-86523\" src=\"https:\/\/candas365.es\/noticias\/wp-content\/uploads\/2017\/12\/1512642117874-360x240.jpg\" alt=\"\" width=\"360\" height=\"240\" srcset=\"https:\/\/candas365.es\/noticias\/wp-content\/uploads\/2017\/12\/1512642117874-360x240.jpg 360w, https:\/\/candas365.es\/noticias\/wp-content\/uploads\/2017\/12\/1512642117874-768x512.jpg 768w, https:\/\/candas365.es\/noticias\/wp-content\/uploads\/2017\/12\/1512642117874-655x436.jpg 655w, https:\/\/candas365.es\/noticias\/wp-content\/uploads\/2017\/12\/1512642117874-696x464.jpg 696w, https:\/\/candas365.es\/noticias\/wp-content\/uploads\/2017\/12\/1512642117874-630x420.jpg 630w, https:\/\/candas365.es\/noticias\/wp-content\/uploads\/2017\/12\/1512642117874-84x55.jpg 84w, https:\/\/candas365.es\/noticias\/wp-content\/uploads\/2017\/12\/1512642117874.jpg 800w\" sizes=\"(max-width: 360px) 100vw, 360px\" \/>Este domingo arranca en La 2 el talent musical &#8216;Cl\u00e1sicos y Reverentes&#8217;. Participar\u00e1n j\u00f3venes talentos capaces de actuar con la Orquesta Sinf\u00f3nica RTVE, en un gran concierto en el que se abordar\u00e1 un amplio y variado repertorio, con algunas de las obras m\u00e1s emblem\u00e1ticas de la historia de la m\u00fasica cl\u00e1sica universal. Al frente del tribunal de las finales del programa est\u00e1 el director titular de la Orquesta Sinf\u00f3nica RTVE, Miguel \u00c1ngel G\u00f3mez-Mart\u00ednez, que tambi\u00e9n dirigir\u00e1 la gran gala final de este espacio de La 2. El espacio est\u00e1 presentado por Sheila Izquierdo y cuenta con un jurado especializado que se encargar\u00e1 de la selecci\u00f3n.<\/p>\n<p>En total ser\u00e1n 13 programas. La valoraci\u00f3n de los candidatos correr\u00e1 a cargo del maestro Ram\u00f3n Torrelled\u00f3, la violinista Judith Mateo, el subdelegado art\u00edstico de la Orquesta y Coro RTVE, Albert Batalla; y el periodista M\u00e1ximo Pradera, que integran el jurado.<\/p>\n<p>Durante los 10 primeros programas de &#8216;Cl\u00e1sicos y Reverentes&#8217;, pasar\u00e1n por el plat\u00f3 un total de 50 candidatos, previamente elegidos en un proceso de audiciones similar al que se emplea en una Orquesta profesional. De entre ellos, s\u00f3lo 10 podr\u00e1n participar en los dos programas finales.<\/p>\n<p>A lo largo de los programas, los j\u00f3venes que superen la primera ronda eliminatoria, recibir\u00e1n clases magistrales de 3 profesores de la Orquesta Sinf\u00f3nica RTVE. Yulia Iglinova (ayuda de concertino), Mario Torrijo (solista de tuba) y Ra\u00fal Benavent (solista de percusi\u00f3n).<\/p>\n<p>Tras las diferentes eliminatorias, los j\u00f3venes seleccionados compartir\u00e1n la experiencia de participar en una gala final con la Orquesta Sinf\u00f3nica RTVE.<\/p>\n<p><strong>La mec\u00e1nica<\/strong><\/p>\n<p>En los 10 primeros programas participar\u00e1n 5 concursantes; en cada uno (2 ser\u00e1n eliminados en la primera parte del programa, donde tendr\u00e1n que interpretar una obra de su libre elecci\u00f3n. Los 3 seleccionados recibir\u00e1n una clase magistral con 3 profesores de la Orquesta RTVE, e interpretar\u00e1n una pieza obligada). De \u00e9stos, s\u00f3lo uno y excepcionalmente dos, en caso de empate, pasar\u00e1n a las semifinales. De estas semifinales saldr\u00e1n los elegidos para participar en la gala final, que ser\u00e1 presentada por Anne Igartiburu.<\/p>\n<p>Una delegaci\u00f3n de la Comisi\u00f3n Art\u00edstica de la Orquesta, encabezada por el maestro Miguel \u00c1ngel G\u00f3mez-Mart\u00ednez, elegir\u00e1 a los candidatos que considere con un nivel art\u00edstico suficiente para interpretar m\u00fasica junto a la Orquesta y Coro de RTVE, en la gala final, en la que interpretar\u00e1n un repertorio de m\u00fasica cl\u00e1sica que ha sido utilizada en bandas sonoras cinematogr\u00e1ficas.<\/p>\n<p>La 2 y la Orquesta Sinf\u00f3nica y Coro RTVE, desarrollan en este programa una colaboraci\u00f3n esencial, donde el papel de servicio p\u00fablico y la pasi\u00f3n por la m\u00fasica cl\u00e1sica, ser\u00e1n los elementos fundamentales de este espacio, que mostrar\u00e1 el esp\u00edritu de superaci\u00f3n de un grupo de j\u00f3venes int\u00e9rpretes del m\u00e1s alto nivel.<\/p>\n","protected":false},"excerpt":{"rendered":"<p>Este domingo arranca en La 2 el talent musical &#8216;Cl\u00e1sicos y Reverentes&#8217;. Participar\u00e1n j\u00f3venes talentos capaces de actuar con la Orquesta Sinf\u00f3nica RTVE, en un gran concierto en el que se abordar\u00e1 un amplio y variado repertorio, con algunas de las obras m\u00e1s emblem\u00e1ticas de la historia de la m\u00fasica cl\u00e1sica universal. Al frente del<\/p>\n","protected":false},"author":1,"featured_media":86523,"comment_status":"closed","ping_status":"closed","sticky":false,"template":"","format":"standard","meta":{"footnotes":""},"categories":[1],"tags":[],"class_list":{"0":"post-86522","1":"post","2":"type-post","3":"status-publish","4":"format-standard","5":"has-post-thumbnail","7":"category-agenda"},"aioseo_notices":[],"aioseo_head":"\n\t\t<!-- All in One SEO Pro 4.9.6.2 - aioseo.com -->\n\t<meta name=\"description\" content=\"Este domingo arranca en La 2 el talent musical &#039;Cl\u00e1sicos y Reverentes&#039;. Participar\u00e1n j\u00f3venes talentos capaces de actuar con la Orquesta Sinf\u00f3nica RTVE, en un gran concierto en el que se abordar\u00e1 un amplio y variado repertorio, con algunas de las obras m\u00e1s emblem\u00e1ticas de la historia de la m\u00fasica cl\u00e1sica universal. Al frente del\" \/>\n\t<meta name=\"robots\" content=\"max-image-preview:large\" \/>\n\t<meta name=\"author\" content=\"Cand\u00e1s 365\"\/>\n\t<meta name=\"google-site-verification\" content=\"UA-32230408-1\" \/>\n\t<meta name=\"msvalidate.01\" content=\"354F3CDFB2DA171B47FBE9ABF1F88D5\" \/>\n\t<meta name=\"keywords\" content=\"agenda\" \/>\n\t<link rel=\"canonical\" href=\"https:\/\/candas365.es\/noticias\/clasicos-y-reverentes-el-domingo-en-la-2\/\" \/>\n\t<meta name=\"generator\" content=\"All in One SEO Pro (AIOSEO) 4.9.6.2\" \/>\n\t\t<meta property=\"og:locale\" content=\"es_ES\" \/>\n\t\t<meta property=\"og:site_name\" content=\"Cand\u00e1s 365\" \/>\n\t\t<meta property=\"og:type\" content=\"article\" \/>\n\t\t<meta property=\"og:title\" content=\"\u201cCl\u00e1sicos y Reverentes\u201d, el domingo en La 2 | Cand\u00e1s 365\" \/>\n\t\t<meta property=\"og:description\" content=\"Este domingo arranca en La 2 el talent musical &#039;Cl\u00e1sicos y Reverentes&#039;. Participar\u00e1n j\u00f3venes talentos capaces de actuar con la Orquesta Sinf\u00f3nica RTVE, en un gran concierto en el que se abordar\u00e1 un amplio y variado repertorio, con algunas de las obras m\u00e1s emblem\u00e1ticas de la historia de la m\u00fasica cl\u00e1sica universal. Al frente del\" \/>\n\t\t<meta property=\"og:url\" content=\"https:\/\/candas365.es\/noticias\/clasicos-y-reverentes-el-domingo-en-la-2\/\" \/>\n\t\t<meta property=\"og:image\" content=\"https:\/\/candas365.es\/noticias\/wp-content\/uploads\/2017\/12\/1512642117874.jpg\" \/>\n\t\t<meta property=\"og:image:secure_url\" content=\"https:\/\/candas365.es\/noticias\/wp-content\/uploads\/2017\/12\/1512642117874.jpg\" \/>\n\t\t<meta property=\"og:image:width\" content=\"800\" \/>\n\t\t<meta property=\"og:image:height\" content=\"533\" \/>\n\t\t<meta property=\"article:published_time\" content=\"2017-12-07T21:23:25+00:00\" \/>\n\t\t<meta property=\"article:modified_time\" content=\"2017-12-07T21:23:25+00:00\" \/>\n\t\t<meta property=\"article:publisher\" content=\"https:\/\/www.facebook.com\/Nachofdezber\" \/>\n\t\t<meta property=\"article:author\" content=\"https:\/\/www.facebook.com\/carrenoactualidad\" \/>\n\t\t<meta name=\"twitter:card\" content=\"summary_large_image\" \/>\n\t\t<meta name=\"twitter:site\" content=\"@NabercoDigital\" \/>\n\t\t<meta name=\"twitter:title\" content=\"\u201cCl\u00e1sicos y Reverentes\u201d, el domingo en La 2 | Cand\u00e1s 365\" \/>\n\t\t<meta name=\"twitter:description\" content=\"Este domingo arranca en La 2 el talent musical &#039;Cl\u00e1sicos y Reverentes&#039;. Participar\u00e1n j\u00f3venes talentos capaces de actuar con la Orquesta Sinf\u00f3nica RTVE, en un gran concierto en el que se abordar\u00e1 un amplio y variado repertorio, con algunas de las obras m\u00e1s emblem\u00e1ticas de la historia de la m\u00fasica cl\u00e1sica universal. Al frente del\" \/>\n\t\t<meta name=\"twitter:creator\" content=\"@nbasturias\" \/>\n\t\t<meta name=\"twitter:image\" content=\"https:\/\/candas365.es\/noticias\/wp-content\/uploads\/2017\/12\/1512642117874.jpg\" \/>\n\t\t<meta name=\"twitter:label1\" content=\"Escrito por\" \/>\n\t\t<meta name=\"twitter:data1\" content=\"Cand\u00e1s 365\" \/>\n\t\t<meta name=\"twitter:label2\" content=\"Tiempo de lectura estimado\" \/>\n\t\t<meta name=\"twitter:data2\" content=\"2 minutos\" \/>\n\t\t<script type=\"application\/ld+json\" class=\"aioseo-schema\">\n\t\t\t{\"@context\":\"https:\\\/\\\/schema.org\",\"@graph\":[{\"@type\":\"BreadcrumbList\",\"@id\":\"https:\\\/\\\/candas365.es\\\/noticias\\\/clasicos-y-reverentes-el-domingo-en-la-2\\\/#breadcrumblist\",\"itemListElement\":[{\"@type\":\"ListItem\",\"@id\":\"https:\\\/\\\/candas365.es\\\/noticias#listItem\",\"position\":1,\"name\":\"Home\",\"item\":\"https:\\\/\\\/candas365.es\\\/noticias\",\"nextItem\":{\"@type\":\"ListItem\",\"@id\":\"https:\\\/\\\/candas365.es\\\/noticias\\\/category\\\/agenda\\\/#listItem\",\"name\":\"Agenda\"}},{\"@type\":\"ListItem\",\"@id\":\"https:\\\/\\\/candas365.es\\\/noticias\\\/category\\\/agenda\\\/#listItem\",\"position\":2,\"name\":\"Agenda\",\"item\":\"https:\\\/\\\/candas365.es\\\/noticias\\\/category\\\/agenda\\\/\",\"nextItem\":{\"@type\":\"ListItem\",\"@id\":\"https:\\\/\\\/candas365.es\\\/noticias\\\/clasicos-y-reverentes-el-domingo-en-la-2\\\/#listItem\",\"name\":\"\\u201cCl\\u00e1sicos y Reverentes\\u201d, el domingo en La 2\"},\"previousItem\":{\"@type\":\"ListItem\",\"@id\":\"https:\\\/\\\/candas365.es\\\/noticias#listItem\",\"name\":\"Home\"}},{\"@type\":\"ListItem\",\"@id\":\"https:\\\/\\\/candas365.es\\\/noticias\\\/clasicos-y-reverentes-el-domingo-en-la-2\\\/#listItem\",\"position\":3,\"name\":\"\\u201cCl\\u00e1sicos y Reverentes\\u201d, el domingo en La 2\",\"previousItem\":{\"@type\":\"ListItem\",\"@id\":\"https:\\\/\\\/candas365.es\\\/noticias\\\/category\\\/agenda\\\/#listItem\",\"name\":\"Agenda\"}}]},{\"@type\":\"NewsArticle\",\"@id\":\"https:\\\/\\\/candas365.es\\\/noticias\\\/clasicos-y-reverentes-el-domingo-en-la-2\\\/#newsarticle\",\"name\":\"\\u201cCl\\u00e1sicos y Reverentes\\u201d, el domingo en La 2 | Cand\\u00e1s 365\",\"headline\":\"\\u201cCl\\u00e1sicos y Reverentes\\u201d, el domingo en La 2\",\"author\":{\"@id\":\"https:\\\/\\\/candas365.es\\\/noticias\\\/author\\\/admin\\\/#author\"},\"publisher\":{\"@id\":\"https:\\\/\\\/candas365.es\\\/noticias\\\/#organization\"},\"image\":{\"@type\":\"ImageObject\",\"url\":\"https:\\\/\\\/candas365.es\\\/noticias\\\/wp-content\\\/uploads\\\/2017\\\/12\\\/1512642117874.jpg\",\"width\":800,\"height\":533},\"datePublished\":\"2017-12-07T21:23:25+01:00\",\"dateModified\":\"2017-12-07T21:23:25+01:00\",\"inLanguage\":\"es-ES\",\"mainEntityOfPage\":{\"@id\":\"https:\\\/\\\/candas365.es\\\/noticias\\\/clasicos-y-reverentes-el-domingo-en-la-2\\\/#webpage\"},\"isPartOf\":{\"@id\":\"https:\\\/\\\/candas365.es\\\/noticias\\\/clasicos-y-reverentes-el-domingo-en-la-2\\\/#webpage\"},\"articleSection\":\"Agenda\",\"dateline\":\"Publicado el diciembre 7, 2017.\"},{\"@type\":\"Organization\",\"@id\":\"https:\\\/\\\/candas365.es\\\/noticias\\\/#organization\",\"name\":\"Cand\\u00e1s 365\",\"description\":\"Cand\\u00e1s 365 es un diario digital independiente, fundado en 2012, con base en Asturias. Informamos con rigor sobre actualidad, sociedad, cultura y ocio, con una mirada local y global.\",\"url\":\"https:\\\/\\\/candas365.es\\\/noticias\\\/\",\"email\":\"info@candas365.es\",\"telephone\":\"+34652131393\",\"foundingDate\":\"2012-06-10\",\"logo\":{\"@type\":\"ImageObject\",\"url\":\"https:\\\/\\\/candas365.es\\\/noticias\\\/wp-content\\\/uploads\\\/2024\\\/09\\\/Candas-365-Redes.jpg\",\"@id\":\"https:\\\/\\\/candas365.es\\\/noticias\\\/clasicos-y-reverentes-el-domingo-en-la-2\\\/#organizationLogo\",\"width\":1152,\"height\":864,\"caption\":\"Cand\\u00e1s 365 Redes\"},\"image\":{\"@id\":\"https:\\\/\\\/candas365.es\\\/noticias\\\/clasicos-y-reverentes-el-domingo-en-la-2\\\/#organizationLogo\"},\"sameAs\":[\"https:\\\/\\\/www.facebook.com\\\/Nachofdezber\",\"https:\\\/\\\/x.com\\\/NabercoDigital\",\"https:\\\/\\\/www.instagram.com\\\/nachofdezber\\\/\",\"https:\\\/\\\/www.youtube.com\\\/channel\\\/UCZP-2wLEB9Rv6erhFmqVnvg\"],\"address\":{\"@id\":\"https:\\\/\\\/candas365.es\\\/noticias\\\/#postaladdress\",\"@type\":\"PostalAddress\",\"streetAddress\":\"san antonio 4, san antonio 4\",\"postalCode\":\"33430\",\"addressLocality\":\"Cand\\u00e1s\",\"addressRegion\":\"Asturias\",\"addressCountry\":\"ES\"}},{\"@type\":\"Person\",\"@id\":\"https:\\\/\\\/candas365.es\\\/noticias\\\/author\\\/admin\\\/#author\",\"url\":\"https:\\\/\\\/candas365.es\\\/noticias\\\/author\\\/admin\\\/\",\"name\":\"Cand\\u00e1s 365\",\"image\":{\"@type\":\"ImageObject\",\"@id\":\"https:\\\/\\\/candas365.es\\\/noticias\\\/clasicos-y-reverentes-el-domingo-en-la-2\\\/#authorImage\",\"url\":\"https:\\\/\\\/secure.gravatar.com\\\/avatar\\\/496a8e03d0c493ede1718b7934145dbdf8d89be1036b0eec9544e1094c9de390?s=96&d=mm&r=g\",\"width\":96,\"height\":96,\"caption\":\"Cand\\u00e1s 365\"},\"sameAs\":[\"https:\\\/\\\/www.facebook.com\\\/carrenoactualidad\",\"https:\\\/\\\/twitter.com\\\/nbasturias\",\"https:\\\/\\\/www.instagram.com\\\/nachofdezber\\\/\",\"https:\\\/\\\/www.youtube.com\\\/channel\\\/UCZP-2wLEB9Rv6erhFmqVnvg\"]},{\"@type\":\"WebPage\",\"@id\":\"https:\\\/\\\/candas365.es\\\/noticias\\\/clasicos-y-reverentes-el-domingo-en-la-2\\\/#webpage\",\"url\":\"https:\\\/\\\/candas365.es\\\/noticias\\\/clasicos-y-reverentes-el-domingo-en-la-2\\\/\",\"name\":\"\\u201cCl\\u00e1sicos y Reverentes\\u201d, el domingo en La 2 | Cand\\u00e1s 365\",\"description\":\"Este domingo arranca en La 2 el talent musical 'Cl\\u00e1sicos y Reverentes'. Participar\\u00e1n j\\u00f3venes talentos capaces de actuar con la Orquesta Sinf\\u00f3nica RTVE, en un gran concierto en el que se abordar\\u00e1 un amplio y variado repertorio, con algunas de las obras m\\u00e1s emblem\\u00e1ticas de la historia de la m\\u00fasica cl\\u00e1sica universal. Al frente del\",\"inLanguage\":\"es-ES\",\"isPartOf\":{\"@id\":\"https:\\\/\\\/candas365.es\\\/noticias\\\/#website\"},\"breadcrumb\":{\"@id\":\"https:\\\/\\\/candas365.es\\\/noticias\\\/clasicos-y-reverentes-el-domingo-en-la-2\\\/#breadcrumblist\"},\"author\":{\"@id\":\"https:\\\/\\\/candas365.es\\\/noticias\\\/author\\\/admin\\\/#author\"},\"creator\":{\"@id\":\"https:\\\/\\\/candas365.es\\\/noticias\\\/author\\\/admin\\\/#author\"},\"image\":{\"@type\":\"ImageObject\",\"url\":\"https:\\\/\\\/candas365.es\\\/noticias\\\/wp-content\\\/uploads\\\/2017\\\/12\\\/1512642117874.jpg\",\"@id\":\"https:\\\/\\\/candas365.es\\\/noticias\\\/clasicos-y-reverentes-el-domingo-en-la-2\\\/#mainImage\",\"width\":800,\"height\":533},\"primaryImageOfPage\":{\"@id\":\"https:\\\/\\\/candas365.es\\\/noticias\\\/clasicos-y-reverentes-el-domingo-en-la-2\\\/#mainImage\"},\"datePublished\":\"2017-12-07T21:23:25+01:00\",\"dateModified\":\"2017-12-07T21:23:25+01:00\"},{\"@type\":\"WebSite\",\"@id\":\"https:\\\/\\\/candas365.es\\\/noticias\\\/#website\",\"url\":\"https:\\\/\\\/candas365.es\\\/noticias\\\/\",\"name\":\"Cand\\u00e1s 365\",\"alternateName\":\"Cand\\u00e1s 365 Noticias\",\"description\":\"Actualidad desde Carre\\u00f1o para el mundo\",\"inLanguage\":\"es-ES\",\"publisher\":{\"@id\":\"https:\\\/\\\/candas365.es\\\/noticias\\\/#organization\"}}]}\n\t\t<\/script>\n\t\t<!-- All in One SEO Pro -->\r\n\t\t<title>\u201cCl\u00e1sicos y Reverentes\u201d, el domingo en La 2 | Cand\u00e1s 365<\/title>\n\n","aioseo_head_json":{"title":"\u201cCl\u00e1sicos y Reverentes\u201d, el domingo en La 2 | Cand\u00e1s 365","description":"Este domingo arranca en La 2 el talent musical 'Cl\u00e1sicos y Reverentes'. Participar\u00e1n j\u00f3venes talentos capaces de actuar con la Orquesta Sinf\u00f3nica RTVE, en un gran concierto en el que se abordar\u00e1 un amplio y variado repertorio, con algunas de las obras m\u00e1s emblem\u00e1ticas de la historia de la m\u00fasica cl\u00e1sica universal. Al frente del","canonical_url":"https:\/\/candas365.es\/noticias\/clasicos-y-reverentes-el-domingo-en-la-2\/","robots":"max-image-preview:large","keywords":"agenda","webmasterTools":{"google-site-verification":"UA-32230408-1","msvalidate.01":"354F3CDFB2DA171B47FBE9ABF1F88D5","miscellaneous":""},"schema":{"@context":"https:\/\/schema.org","@graph":[{"@type":"BreadcrumbList","@id":"https:\/\/candas365.es\/noticias\/clasicos-y-reverentes-el-domingo-en-la-2\/#breadcrumblist","itemListElement":[{"@type":"ListItem","@id":"https:\/\/candas365.es\/noticias#listItem","position":1,"name":"Home","item":"https:\/\/candas365.es\/noticias","nextItem":{"@type":"ListItem","@id":"https:\/\/candas365.es\/noticias\/category\/agenda\/#listItem","name":"Agenda"}},{"@type":"ListItem","@id":"https:\/\/candas365.es\/noticias\/category\/agenda\/#listItem","position":2,"name":"Agenda","item":"https:\/\/candas365.es\/noticias\/category\/agenda\/","nextItem":{"@type":"ListItem","@id":"https:\/\/candas365.es\/noticias\/clasicos-y-reverentes-el-domingo-en-la-2\/#listItem","name":"\u201cCl\u00e1sicos y Reverentes\u201d, el domingo en La 2"},"previousItem":{"@type":"ListItem","@id":"https:\/\/candas365.es\/noticias#listItem","name":"Home"}},{"@type":"ListItem","@id":"https:\/\/candas365.es\/noticias\/clasicos-y-reverentes-el-domingo-en-la-2\/#listItem","position":3,"name":"\u201cCl\u00e1sicos y Reverentes\u201d, el domingo en La 2","previousItem":{"@type":"ListItem","@id":"https:\/\/candas365.es\/noticias\/category\/agenda\/#listItem","name":"Agenda"}}]},{"@type":"NewsArticle","@id":"https:\/\/candas365.es\/noticias\/clasicos-y-reverentes-el-domingo-en-la-2\/#newsarticle","name":"\u201cCl\u00e1sicos y Reverentes\u201d, el domingo en La 2 | Cand\u00e1s 365","headline":"\u201cCl\u00e1sicos y Reverentes\u201d, el domingo en La 2","author":{"@id":"https:\/\/candas365.es\/noticias\/author\/admin\/#author"},"publisher":{"@id":"https:\/\/candas365.es\/noticias\/#organization"},"image":{"@type":"ImageObject","url":"https:\/\/candas365.es\/noticias\/wp-content\/uploads\/2017\/12\/1512642117874.jpg","width":800,"height":533},"datePublished":"2017-12-07T21:23:25+01:00","dateModified":"2017-12-07T21:23:25+01:00","inLanguage":"es-ES","mainEntityOfPage":{"@id":"https:\/\/candas365.es\/noticias\/clasicos-y-reverentes-el-domingo-en-la-2\/#webpage"},"isPartOf":{"@id":"https:\/\/candas365.es\/noticias\/clasicos-y-reverentes-el-domingo-en-la-2\/#webpage"},"articleSection":"Agenda","dateline":"Publicado el diciembre 7, 2017."},{"@type":"Organization","@id":"https:\/\/candas365.es\/noticias\/#organization","name":"Cand\u00e1s 365","description":"Cand\u00e1s 365 es un diario digital independiente, fundado en 2012, con base en Asturias. Informamos con rigor sobre actualidad, sociedad, cultura y ocio, con una mirada local y global.","url":"https:\/\/candas365.es\/noticias\/","email":"info@candas365.es","telephone":"+34652131393","foundingDate":"2012-06-10","logo":{"@type":"ImageObject","url":"https:\/\/candas365.es\/noticias\/wp-content\/uploads\/2024\/09\/Candas-365-Redes.jpg","@id":"https:\/\/candas365.es\/noticias\/clasicos-y-reverentes-el-domingo-en-la-2\/#organizationLogo","width":1152,"height":864,"caption":"Cand\u00e1s 365 Redes"},"image":{"@id":"https:\/\/candas365.es\/noticias\/clasicos-y-reverentes-el-domingo-en-la-2\/#organizationLogo"},"sameAs":["https:\/\/www.facebook.com\/Nachofdezber","https:\/\/x.com\/NabercoDigital","https:\/\/www.instagram.com\/nachofdezber\/","https:\/\/www.youtube.com\/channel\/UCZP-2wLEB9Rv6erhFmqVnvg"],"address":{"@id":"https:\/\/candas365.es\/noticias\/#postaladdress","@type":"PostalAddress","streetAddress":"san antonio 4, san antonio 4","postalCode":"33430","addressLocality":"Cand\u00e1s","addressRegion":"Asturias","addressCountry":"ES"}},{"@type":"Person","@id":"https:\/\/candas365.es\/noticias\/author\/admin\/#author","url":"https:\/\/candas365.es\/noticias\/author\/admin\/","name":"Cand\u00e1s 365","image":{"@type":"ImageObject","@id":"https:\/\/candas365.es\/noticias\/clasicos-y-reverentes-el-domingo-en-la-2\/#authorImage","url":"https:\/\/secure.gravatar.com\/avatar\/496a8e03d0c493ede1718b7934145dbdf8d89be1036b0eec9544e1094c9de390?s=96&d=mm&r=g","width":96,"height":96,"caption":"Cand\u00e1s 365"},"sameAs":["https:\/\/www.facebook.com\/carrenoactualidad","https:\/\/twitter.com\/nbasturias","https:\/\/www.instagram.com\/nachofdezber\/","https:\/\/www.youtube.com\/channel\/UCZP-2wLEB9Rv6erhFmqVnvg"]},{"@type":"WebPage","@id":"https:\/\/candas365.es\/noticias\/clasicos-y-reverentes-el-domingo-en-la-2\/#webpage","url":"https:\/\/candas365.es\/noticias\/clasicos-y-reverentes-el-domingo-en-la-2\/","name":"\u201cCl\u00e1sicos y Reverentes\u201d, el domingo en La 2 | Cand\u00e1s 365","description":"Este domingo arranca en La 2 el talent musical 'Cl\u00e1sicos y Reverentes'. Participar\u00e1n j\u00f3venes talentos capaces de actuar con la Orquesta Sinf\u00f3nica RTVE, en un gran concierto en el que se abordar\u00e1 un amplio y variado repertorio, con algunas de las obras m\u00e1s emblem\u00e1ticas de la historia de la m\u00fasica cl\u00e1sica universal. Al frente del","inLanguage":"es-ES","isPartOf":{"@id":"https:\/\/candas365.es\/noticias\/#website"},"breadcrumb":{"@id":"https:\/\/candas365.es\/noticias\/clasicos-y-reverentes-el-domingo-en-la-2\/#breadcrumblist"},"author":{"@id":"https:\/\/candas365.es\/noticias\/author\/admin\/#author"},"creator":{"@id":"https:\/\/candas365.es\/noticias\/author\/admin\/#author"},"image":{"@type":"ImageObject","url":"https:\/\/candas365.es\/noticias\/wp-content\/uploads\/2017\/12\/1512642117874.jpg","@id":"https:\/\/candas365.es\/noticias\/clasicos-y-reverentes-el-domingo-en-la-2\/#mainImage","width":800,"height":533},"primaryImageOfPage":{"@id":"https:\/\/candas365.es\/noticias\/clasicos-y-reverentes-el-domingo-en-la-2\/#mainImage"},"datePublished":"2017-12-07T21:23:25+01:00","dateModified":"2017-12-07T21:23:25+01:00"},{"@type":"WebSite","@id":"https:\/\/candas365.es\/noticias\/#website","url":"https:\/\/candas365.es\/noticias\/","name":"Cand\u00e1s 365","alternateName":"Cand\u00e1s 365 Noticias","description":"Actualidad desde Carre\u00f1o para el mundo","inLanguage":"es-ES","publisher":{"@id":"https:\/\/candas365.es\/noticias\/#organization"}}]},"og:locale":"es_ES","og:site_name":"Cand\u00e1s 365","og:type":"article","og:title":"\u201cCl\u00e1sicos y Reverentes\u201d, el domingo en La 2 | Cand\u00e1s 365","og:description":"Este domingo arranca en La 2 el talent musical 'Cl\u00e1sicos y Reverentes'. Participar\u00e1n j\u00f3venes talentos capaces de actuar con la Orquesta Sinf\u00f3nica RTVE, en un gran concierto en el que se abordar\u00e1 un amplio y variado repertorio, con algunas de las obras m\u00e1s emblem\u00e1ticas de la historia de la m\u00fasica cl\u00e1sica universal. Al frente del","og:url":"https:\/\/candas365.es\/noticias\/clasicos-y-reverentes-el-domingo-en-la-2\/","og:image":"https:\/\/candas365.es\/noticias\/wp-content\/uploads\/2017\/12\/1512642117874.jpg","og:image:secure_url":"https:\/\/candas365.es\/noticias\/wp-content\/uploads\/2017\/12\/1512642117874.jpg","og:image:width":800,"og:image:height":533,"article:published_time":"2017-12-07T21:23:25+00:00","article:modified_time":"2017-12-07T21:23:25+00:00","article:publisher":"https:\/\/www.facebook.com\/Nachofdezber","article:author":"https:\/\/www.facebook.com\/carrenoactualidad","twitter:card":"summary_large_image","twitter:site":"@NabercoDigital","twitter:title":"\u201cCl\u00e1sicos y Reverentes\u201d, el domingo en La 2 | Cand\u00e1s 365","twitter:description":"Este domingo arranca en La 2 el talent musical 'Cl\u00e1sicos y Reverentes'. Participar\u00e1n j\u00f3venes talentos capaces de actuar con la Orquesta Sinf\u00f3nica RTVE, en un gran concierto en el que se abordar\u00e1 un amplio y variado repertorio, con algunas de las obras m\u00e1s emblem\u00e1ticas de la historia de la m\u00fasica cl\u00e1sica universal. Al frente del","twitter:creator":"@nbasturias","twitter:image":"https:\/\/candas365.es\/noticias\/wp-content\/uploads\/2017\/12\/1512642117874.jpg","twitter:label1":"Escrito por","twitter:data1":"Cand\u00e1s 365","twitter:label2":"Tiempo de lectura estimado","twitter:data2":"2 minutos"},"aioseo_meta_data":{"post_id":"86522","title":null,"description":null,"keywords":null,"keyphrases":null,"primary_term":null,"canonical_url":null,"og_title":null,"og_description":null,"og_object_type":"default","og_image_type":"default","og_image_url":null,"og_image_width":null,"og_image_height":null,"og_image_custom_url":null,"og_image_custom_fields":null,"og_video":null,"og_custom_url":null,"og_article_section":null,"og_article_tags":null,"twitter_use_og":false,"twitter_card":"default","twitter_image_type":"default","twitter_image_url":null,"twitter_image_custom_url":null,"twitter_image_custom_fields":null,"twitter_title":null,"twitter_description":null,"schema":{"blockGraphs":[],"customGraphs":[],"default":{"data":{"Article":[],"Course":[],"Dataset":[],"FAQPage":[],"Movie":[],"Person":[],"Product":[],"ProductReview":[],"Car":[],"Recipe":[],"Service":[],"SoftwareApplication":[],"WebPage":[]},"graphName":"","isEnabled":true},"graphs":[]},"schema_type":null,"schema_type_options":null,"pillar_content":false,"robots_default":true,"robots_noindex":false,"robots_noarchive":false,"robots_nosnippet":false,"robots_nofollow":false,"robots_noimageindex":false,"robots_noodp":false,"robots_notranslate":false,"robots_max_snippet":null,"robots_max_videopreview":null,"robots_max_imagepreview":"large","priority":null,"frequency":null,"location":null,"local_seo":null,"seo_analyzer_scan_date":"2025-08-26 08:23:15","breadcrumb_settings":null,"limit_modified_date":false,"reviewed_by":null,"open_ai":null,"ai":null,"created":"2020-12-21 12:13:58","updated":"2025-08-26 08:23:15"},"aioseo_breadcrumb":"<div class=\"aioseo-breadcrumbs\"><span class=\"aioseo-breadcrumb\">\n\t<a href=\"https:\/\/candas365.es\/noticias\" title=\"Home\">Home<\/a>\n<\/span><span class=\"aioseo-breadcrumb-separator\">&ndash;<\/span><span class=\"aioseo-breadcrumb\">\n\t<a href=\"https:\/\/candas365.es\/noticias\/category\/agenda\/\" title=\"Agenda\">Agenda<\/a>\n<\/span><span class=\"aioseo-breadcrumb-separator\">&ndash;<\/span><span class=\"aioseo-breadcrumb\">\n\t\u201cCl\u00e1sicos y Reverentes\u201d, el domingo en La 2\n<\/span><\/div>","aioseo_breadcrumb_json":[{"label":"Home","link":"https:\/\/candas365.es\/noticias"},{"label":"Agenda","link":"https:\/\/candas365.es\/noticias\/category\/agenda\/"},{"label":"\u201cCl\u00e1sicos y Reverentes\u201d, el domingo en La 2","link":"https:\/\/candas365.es\/noticias\/clasicos-y-reverentes-el-domingo-en-la-2\/"}],"_links":{"self":[{"href":"https:\/\/candas365.es\/noticias\/wp-json\/wp\/v2\/posts\/86522","targetHints":{"allow":["GET"]}}],"collection":[{"href":"https:\/\/candas365.es\/noticias\/wp-json\/wp\/v2\/posts"}],"about":[{"href":"https:\/\/candas365.es\/noticias\/wp-json\/wp\/v2\/types\/post"}],"author":[{"embeddable":true,"href":"https:\/\/candas365.es\/noticias\/wp-json\/wp\/v2\/users\/1"}],"replies":[{"embeddable":true,"href":"https:\/\/candas365.es\/noticias\/wp-json\/wp\/v2\/comments?post=86522"}],"version-history":[{"count":0,"href":"https:\/\/candas365.es\/noticias\/wp-json\/wp\/v2\/posts\/86522\/revisions"}],"wp:featuredmedia":[{"embeddable":true,"href":"https:\/\/candas365.es\/noticias\/wp-json\/wp\/v2\/media\/86523"}],"wp:attachment":[{"href":"https:\/\/candas365.es\/noticias\/wp-json\/wp\/v2\/media?parent=86522"}],"wp:term":[{"taxonomy":"category","embeddable":true,"href":"https:\/\/candas365.es\/noticias\/wp-json\/wp\/v2\/categories?post=86522"},{"taxonomy":"post_tag","embeddable":true,"href":"https:\/\/candas365.es\/noticias\/wp-json\/wp\/v2\/tags?post=86522"}],"curies":[{"name":"wp","href":"https:\/\/api.w.org\/{rel}","templated":true}]}}