{"id":86519,"date":"2017-12-07T21:21:13","date_gmt":"2017-12-07T21:21:13","guid":{"rendered":"http:\/\/candas365.es\/noticias\/?p=86519"},"modified":"2017-12-07T21:21:13","modified_gmt":"2017-12-07T21:21:13","slug":"rosa-se-suma-a-la-gala-de-navidad-de-ot-2017","status":"publish","type":"post","link":"https:\/\/candas365.es\/noticias\/rosa-se-suma-a-la-gala-de-navidad-de-ot-2017\/","title":{"rendered":"Rosa se suma a la gala de Navidad de &#8216;OT 2017&#8217;"},"content":{"rendered":"<p><img fetchpriority=\"high\" decoding=\"async\" class=\"alignleft size-medium wp-image-86520\" src=\"https:\/\/candas365.es\/noticias\/wp-content\/uploads\/2017\/12\/1512651287766-360x240.jpg\" alt=\"\" width=\"360\" height=\"240\" srcset=\"https:\/\/candas365.es\/noticias\/wp-content\/uploads\/2017\/12\/1512651287766-360x240.jpg 360w, https:\/\/candas365.es\/noticias\/wp-content\/uploads\/2017\/12\/1512651287766-768x512.jpg 768w, https:\/\/candas365.es\/noticias\/wp-content\/uploads\/2017\/12\/1512651287766-655x436.jpg 655w, https:\/\/candas365.es\/noticias\/wp-content\/uploads\/2017\/12\/1512651287766-696x464.jpg 696w, https:\/\/candas365.es\/noticias\/wp-content\/uploads\/2017\/12\/1512651287766-630x420.jpg 630w, https:\/\/candas365.es\/noticias\/wp-content\/uploads\/2017\/12\/1512651287766-84x55.jpg 84w, https:\/\/candas365.es\/noticias\/wp-content\/uploads\/2017\/12\/1512651287766.jpg 800w\" sizes=\"(max-width: 360px) 100vw, 360px\" \/>&#8216;Operaci\u00f3n Triunfo 2017&#8217; se prepara para celebrar las navidades por todo lo alto con una gala especial que contar\u00e1 con algunos de los participantes de la primera edici\u00f3n. La ganadora de &#8216;OT 1&#8217;, Rosa L\u00f3pez, es el \u00faltimo nombre que se ha sumado. Junto a ella, Bustamante, Manu Tenorio, Naim Thomas, Gisela, Nuria Ferg\u00f3, \u00c1lex, Natalia, Alejandro Parre\u00f1o, Vero y Geno.<\/p>\n<p>Los espectadores podr\u00e1n revivir algunos de los d\u00faos m\u00e1s memorables de &#8216;OT 1&#8217;, en los que se unir\u00e1n las voces de los participantes actuales y los artistas de la primera edici\u00f3n del talent show. La gala contar\u00e1 con varias actuaciones, incluidas las interpretaciones conjuntas de los himnos de &#8216;OT 1&#8217; y &#8216;OT 2017: &#8216;Mi m\u00fasica es tu voz&#8217; y &#8216;Camina&#8217;.<\/p>\n<p>Tras la incorporaci\u00f3n de Rosa, el repertorio musical de la gala queda as\u00ed: Rosa y Amaia cantar\u00e1n &#8216;Gracias por la m\u00fasica&#8217; (Abba), Nerea y Bustamante interpretar\u00e1n &#8216;Vivo por ella&#8217; de (Andrea Bocelli), Gisela y Agoney cantar\u00e1n &#8216;Somebody else&#8217;s guy&#8217; (Jocelyn Brown), Raoul y Alejandro Parre\u00f1o se subir\u00e1n al escenario con &#8216;Don&#8217;t let the sun go down on me&#8217; (Elthon Jon), Cepeda y Manu Tenorio unir\u00e1n sus voces para cantar &#8216;Luc\u00eda&#8217; (Joan Manuel Serrat), Alfred y Naim Thomas recuperar\u00e1n el tema &#8216;Adoro'(Armando Manzanero), Mireya y Nuria Ferg\u00f3 pondr\u00e1n acento flamenco con &#8216;Noches de Bohemia&#8217; (Navajita Plate\u00e1).<\/p>\n<p>Tambi\u00e9n llegar\u00e1n los n\u00fameros de Ana Guerra, Mimi, Gisela y Vero que cantar\u00e1n &#8216;Lady Marmalade&#8217; (Christina Aguilera), el de Marina, Thal\u00eda, Natalia y Geno que defender\u00e1n &#8216;Eternal Flame&#8217; (The Bangles), o Ricky, Juan Antonio y \u00c1lex con &#8216;Coraz\u00f3n espinado&#8217; (Man\u00e1). Aitana y Natalia cantar\u00e1n &#8216;Walking on sunshine&#8217; (Katrina &amp; the Waves), Miriam actuar\u00e1 junto a Bustamante con el tema &#8216;Te quiero, te quiero&#8217; (Nino Bravo), y Roi y Vero cantar\u00e1n a d\u00fao &#8216;I finally found someone&#8217; (Barbra Streisand)<\/p>\n<p>Adem\u00e1s, los concursantes recibir\u00e1n regalos de Navidad del programa y de sus familiares, y muchas sorpresas m\u00e1s en esta gala producida por RTVE en colaboraci\u00f3n con Gestmusic.<\/p>\n<p>Con 2,7 millones de espectadores en su regreso el pasado mes de octubre, el talent show musical de La 1 suma millones de espectadores cada semana con los v\u00eddeos de las actuaciones de los concursantes, que se convierten en virales. Adem\u00e1s, &#8216;OT 2017&#8217; reina en las redes sociales, donde cada jornada es trending topic gracias a los miles de usuarios que siguen el d\u00eda a d\u00eda del concurso en el canal 24 Horas de la Academia.<\/p>\n","protected":false},"excerpt":{"rendered":"<p>&#8216;Operaci\u00f3n Triunfo 2017&#8217; se prepara para celebrar las navidades por todo lo alto con una gala especial que contar\u00e1 con algunos de los participantes de la primera edici\u00f3n. La ganadora de &#8216;OT 1&#8217;, Rosa L\u00f3pez, es el \u00faltimo nombre que se ha sumado. Junto a ella, Bustamante, Manu Tenorio, Naim Thomas, Gisela, Nuria Ferg\u00f3, \u00c1lex,<\/p>\n","protected":false},"author":1,"featured_media":86520,"comment_status":"closed","ping_status":"closed","sticky":false,"template":"","format":"standard","meta":{"footnotes":""},"categories":[1],"tags":[],"class_list":{"0":"post-86519","1":"post","2":"type-post","3":"status-publish","4":"format-standard","5":"has-post-thumbnail","7":"category-agenda"},"aioseo_notices":[],"aioseo_head":"\n\t\t<!-- All in One SEO Pro 4.9.6.2 - aioseo.com -->\n\t<meta name=\"description\" content=\"&#039;Operaci\u00f3n Triunfo 2017&#039; se prepara para celebrar las navidades por todo lo alto con una gala especial que contar\u00e1 con algunos de los participantes de la primera edici\u00f3n. La ganadora de &#039;OT 1&#039;, Rosa L\u00f3pez, es el \u00faltimo nombre que se ha sumado. Junto a ella, Bustamante, Manu Tenorio, Naim Thomas, Gisela, Nuria Ferg\u00f3, \u00c1lex,\" \/>\n\t<meta name=\"robots\" content=\"max-image-preview:large\" \/>\n\t<meta name=\"author\" content=\"Cand\u00e1s 365\"\/>\n\t<meta name=\"google-site-verification\" content=\"UA-32230408-1\" \/>\n\t<meta name=\"msvalidate.01\" content=\"354F3CDFB2DA171B47FBE9ABF1F88D5\" \/>\n\t<meta name=\"keywords\" content=\"agenda\" \/>\n\t<link rel=\"canonical\" href=\"https:\/\/candas365.es\/noticias\/rosa-se-suma-a-la-gala-de-navidad-de-ot-2017\/\" \/>\n\t<meta name=\"generator\" content=\"All in One SEO Pro (AIOSEO) 4.9.6.2\" \/>\n\t\t<meta property=\"og:locale\" content=\"es_ES\" \/>\n\t\t<meta property=\"og:site_name\" content=\"Cand\u00e1s 365\" \/>\n\t\t<meta property=\"og:type\" content=\"article\" \/>\n\t\t<meta property=\"og:title\" content=\"Rosa se suma a la gala de Navidad de \u2018OT 2017\u2019 | Cand\u00e1s 365\" \/>\n\t\t<meta property=\"og:description\" content=\"&#039;Operaci\u00f3n Triunfo 2017&#039; se prepara para celebrar las navidades por todo lo alto con una gala especial que contar\u00e1 con algunos de los participantes de la primera edici\u00f3n. La ganadora de &#039;OT 1&#039;, Rosa L\u00f3pez, es el \u00faltimo nombre que se ha sumado. Junto a ella, Bustamante, Manu Tenorio, Naim Thomas, Gisela, Nuria Ferg\u00f3, \u00c1lex,\" \/>\n\t\t<meta property=\"og:url\" content=\"https:\/\/candas365.es\/noticias\/rosa-se-suma-a-la-gala-de-navidad-de-ot-2017\/\" \/>\n\t\t<meta property=\"og:image\" content=\"https:\/\/candas365.es\/noticias\/wp-content\/uploads\/2017\/12\/1512651287766.jpg\" \/>\n\t\t<meta property=\"og:image:secure_url\" content=\"https:\/\/candas365.es\/noticias\/wp-content\/uploads\/2017\/12\/1512651287766.jpg\" \/>\n\t\t<meta property=\"og:image:width\" content=\"800\" \/>\n\t\t<meta property=\"og:image:height\" content=\"533\" \/>\n\t\t<meta property=\"article:published_time\" content=\"2017-12-07T21:21:13+00:00\" \/>\n\t\t<meta property=\"article:modified_time\" content=\"2017-12-07T21:21:13+00:00\" \/>\n\t\t<meta property=\"article:publisher\" content=\"https:\/\/www.facebook.com\/Nachofdezber\" \/>\n\t\t<meta property=\"article:author\" content=\"https:\/\/www.facebook.com\/carrenoactualidad\" \/>\n\t\t<meta name=\"twitter:card\" content=\"summary_large_image\" \/>\n\t\t<meta name=\"twitter:site\" content=\"@NabercoDigital\" \/>\n\t\t<meta name=\"twitter:title\" content=\"Rosa se suma a la gala de Navidad de \u2018OT 2017\u2019 | Cand\u00e1s 365\" \/>\n\t\t<meta name=\"twitter:description\" content=\"&#039;Operaci\u00f3n Triunfo 2017&#039; se prepara para celebrar las navidades por todo lo alto con una gala especial que contar\u00e1 con algunos de los participantes de la primera edici\u00f3n. La ganadora de &#039;OT 1&#039;, Rosa L\u00f3pez, es el \u00faltimo nombre que se ha sumado. Junto a ella, Bustamante, Manu Tenorio, Naim Thomas, Gisela, Nuria Ferg\u00f3, \u00c1lex,\" \/>\n\t\t<meta name=\"twitter:creator\" content=\"@nbasturias\" \/>\n\t\t<meta name=\"twitter:image\" content=\"https:\/\/candas365.es\/noticias\/wp-content\/uploads\/2017\/12\/1512651287766.jpg\" \/>\n\t\t<meta name=\"twitter:label1\" content=\"Escrito por\" \/>\n\t\t<meta name=\"twitter:data1\" content=\"Cand\u00e1s 365\" \/>\n\t\t<meta name=\"twitter:label2\" content=\"Tiempo de lectura estimado\" \/>\n\t\t<meta name=\"twitter:data2\" content=\"2 minutos\" \/>\n\t\t<script type=\"application\/ld+json\" class=\"aioseo-schema\">\n\t\t\t{\"@context\":\"https:\\\/\\\/schema.org\",\"@graph\":[{\"@type\":\"BreadcrumbList\",\"@id\":\"https:\\\/\\\/candas365.es\\\/noticias\\\/rosa-se-suma-a-la-gala-de-navidad-de-ot-2017\\\/#breadcrumblist\",\"itemListElement\":[{\"@type\":\"ListItem\",\"@id\":\"https:\\\/\\\/candas365.es\\\/noticias#listItem\",\"position\":1,\"name\":\"Home\",\"item\":\"https:\\\/\\\/candas365.es\\\/noticias\",\"nextItem\":{\"@type\":\"ListItem\",\"@id\":\"https:\\\/\\\/candas365.es\\\/noticias\\\/category\\\/agenda\\\/#listItem\",\"name\":\"Agenda\"}},{\"@type\":\"ListItem\",\"@id\":\"https:\\\/\\\/candas365.es\\\/noticias\\\/category\\\/agenda\\\/#listItem\",\"position\":2,\"name\":\"Agenda\",\"item\":\"https:\\\/\\\/candas365.es\\\/noticias\\\/category\\\/agenda\\\/\",\"nextItem\":{\"@type\":\"ListItem\",\"@id\":\"https:\\\/\\\/candas365.es\\\/noticias\\\/rosa-se-suma-a-la-gala-de-navidad-de-ot-2017\\\/#listItem\",\"name\":\"Rosa se suma a la gala de Navidad de &#8216;OT 2017&#8217;\"},\"previousItem\":{\"@type\":\"ListItem\",\"@id\":\"https:\\\/\\\/candas365.es\\\/noticias#listItem\",\"name\":\"Home\"}},{\"@type\":\"ListItem\",\"@id\":\"https:\\\/\\\/candas365.es\\\/noticias\\\/rosa-se-suma-a-la-gala-de-navidad-de-ot-2017\\\/#listItem\",\"position\":3,\"name\":\"Rosa se suma a la gala de Navidad de &#8216;OT 2017&#8217;\",\"previousItem\":{\"@type\":\"ListItem\",\"@id\":\"https:\\\/\\\/candas365.es\\\/noticias\\\/category\\\/agenda\\\/#listItem\",\"name\":\"Agenda\"}}]},{\"@type\":\"NewsArticle\",\"@id\":\"https:\\\/\\\/candas365.es\\\/noticias\\\/rosa-se-suma-a-la-gala-de-navidad-de-ot-2017\\\/#newsarticle\",\"name\":\"Rosa se suma a la gala de Navidad de \\u2018OT 2017\\u2019 | Cand\\u00e1s 365\",\"headline\":\"Rosa se suma a la gala de Navidad de &#8216;OT 2017&#8217;\",\"author\":{\"@id\":\"https:\\\/\\\/candas365.es\\\/noticias\\\/author\\\/admin\\\/#author\"},\"publisher\":{\"@id\":\"https:\\\/\\\/candas365.es\\\/noticias\\\/#organization\"},\"image\":{\"@type\":\"ImageObject\",\"url\":\"https:\\\/\\\/candas365.es\\\/noticias\\\/wp-content\\\/uploads\\\/2017\\\/12\\\/1512651287766.jpg\",\"width\":800,\"height\":533},\"datePublished\":\"2017-12-07T21:21:13+01:00\",\"dateModified\":\"2017-12-07T21:21:13+01:00\",\"inLanguage\":\"es-ES\",\"mainEntityOfPage\":{\"@id\":\"https:\\\/\\\/candas365.es\\\/noticias\\\/rosa-se-suma-a-la-gala-de-navidad-de-ot-2017\\\/#webpage\"},\"isPartOf\":{\"@id\":\"https:\\\/\\\/candas365.es\\\/noticias\\\/rosa-se-suma-a-la-gala-de-navidad-de-ot-2017\\\/#webpage\"},\"articleSection\":\"Agenda\",\"dateline\":\"Publicado el diciembre 7, 2017.\"},{\"@type\":\"Organization\",\"@id\":\"https:\\\/\\\/candas365.es\\\/noticias\\\/#organization\",\"name\":\"Cand\\u00e1s 365\",\"description\":\"Cand\\u00e1s 365 es un diario digital independiente, fundado en 2012, con base en Asturias. Informamos con rigor sobre actualidad, sociedad, cultura y ocio, con una mirada local y global.\",\"url\":\"https:\\\/\\\/candas365.es\\\/noticias\\\/\",\"email\":\"info@candas365.es\",\"telephone\":\"+34652131393\",\"foundingDate\":\"2012-06-10\",\"logo\":{\"@type\":\"ImageObject\",\"url\":\"https:\\\/\\\/candas365.es\\\/noticias\\\/wp-content\\\/uploads\\\/2024\\\/09\\\/Candas-365-Redes.jpg\",\"@id\":\"https:\\\/\\\/candas365.es\\\/noticias\\\/rosa-se-suma-a-la-gala-de-navidad-de-ot-2017\\\/#organizationLogo\",\"width\":1152,\"height\":864,\"caption\":\"Cand\\u00e1s 365 Redes\"},\"image\":{\"@id\":\"https:\\\/\\\/candas365.es\\\/noticias\\\/rosa-se-suma-a-la-gala-de-navidad-de-ot-2017\\\/#organizationLogo\"},\"sameAs\":[\"https:\\\/\\\/www.facebook.com\\\/Nachofdezber\",\"https:\\\/\\\/x.com\\\/NabercoDigital\",\"https:\\\/\\\/www.instagram.com\\\/nachofdezber\\\/\",\"https:\\\/\\\/www.youtube.com\\\/channel\\\/UCZP-2wLEB9Rv6erhFmqVnvg\"],\"address\":{\"@id\":\"https:\\\/\\\/candas365.es\\\/noticias\\\/#postaladdress\",\"@type\":\"PostalAddress\",\"streetAddress\":\"san antonio 4, san antonio 4\",\"postalCode\":\"33430\",\"addressLocality\":\"Cand\\u00e1s\",\"addressRegion\":\"Asturias\",\"addressCountry\":\"ES\"}},{\"@type\":\"Person\",\"@id\":\"https:\\\/\\\/candas365.es\\\/noticias\\\/author\\\/admin\\\/#author\",\"url\":\"https:\\\/\\\/candas365.es\\\/noticias\\\/author\\\/admin\\\/\",\"name\":\"Cand\\u00e1s 365\",\"image\":{\"@type\":\"ImageObject\",\"@id\":\"https:\\\/\\\/candas365.es\\\/noticias\\\/rosa-se-suma-a-la-gala-de-navidad-de-ot-2017\\\/#authorImage\",\"url\":\"https:\\\/\\\/secure.gravatar.com\\\/avatar\\\/496a8e03d0c493ede1718b7934145dbdf8d89be1036b0eec9544e1094c9de390?s=96&d=mm&r=g\",\"width\":96,\"height\":96,\"caption\":\"Cand\\u00e1s 365\"},\"sameAs\":[\"https:\\\/\\\/www.facebook.com\\\/carrenoactualidad\",\"https:\\\/\\\/twitter.com\\\/nbasturias\",\"https:\\\/\\\/www.instagram.com\\\/nachofdezber\\\/\",\"https:\\\/\\\/www.youtube.com\\\/channel\\\/UCZP-2wLEB9Rv6erhFmqVnvg\"]},{\"@type\":\"WebPage\",\"@id\":\"https:\\\/\\\/candas365.es\\\/noticias\\\/rosa-se-suma-a-la-gala-de-navidad-de-ot-2017\\\/#webpage\",\"url\":\"https:\\\/\\\/candas365.es\\\/noticias\\\/rosa-se-suma-a-la-gala-de-navidad-de-ot-2017\\\/\",\"name\":\"Rosa se suma a la gala de Navidad de \\u2018OT 2017\\u2019 | Cand\\u00e1s 365\",\"description\":\"'Operaci\\u00f3n Triunfo 2017' se prepara para celebrar las navidades por todo lo alto con una gala especial que contar\\u00e1 con algunos de los participantes de la primera edici\\u00f3n. La ganadora de 'OT 1', Rosa L\\u00f3pez, es el \\u00faltimo nombre que se ha sumado. Junto a ella, Bustamante, Manu Tenorio, Naim Thomas, Gisela, Nuria Ferg\\u00f3, \\u00c1lex,\",\"inLanguage\":\"es-ES\",\"isPartOf\":{\"@id\":\"https:\\\/\\\/candas365.es\\\/noticias\\\/#website\"},\"breadcrumb\":{\"@id\":\"https:\\\/\\\/candas365.es\\\/noticias\\\/rosa-se-suma-a-la-gala-de-navidad-de-ot-2017\\\/#breadcrumblist\"},\"author\":{\"@id\":\"https:\\\/\\\/candas365.es\\\/noticias\\\/author\\\/admin\\\/#author\"},\"creator\":{\"@id\":\"https:\\\/\\\/candas365.es\\\/noticias\\\/author\\\/admin\\\/#author\"},\"image\":{\"@type\":\"ImageObject\",\"url\":\"https:\\\/\\\/candas365.es\\\/noticias\\\/wp-content\\\/uploads\\\/2017\\\/12\\\/1512651287766.jpg\",\"@id\":\"https:\\\/\\\/candas365.es\\\/noticias\\\/rosa-se-suma-a-la-gala-de-navidad-de-ot-2017\\\/#mainImage\",\"width\":800,\"height\":533},\"primaryImageOfPage\":{\"@id\":\"https:\\\/\\\/candas365.es\\\/noticias\\\/rosa-se-suma-a-la-gala-de-navidad-de-ot-2017\\\/#mainImage\"},\"datePublished\":\"2017-12-07T21:21:13+01:00\",\"dateModified\":\"2017-12-07T21:21:13+01:00\"},{\"@type\":\"WebSite\",\"@id\":\"https:\\\/\\\/candas365.es\\\/noticias\\\/#website\",\"url\":\"https:\\\/\\\/candas365.es\\\/noticias\\\/\",\"name\":\"Cand\\u00e1s 365\",\"alternateName\":\"Cand\\u00e1s 365 Noticias\",\"description\":\"Actualidad desde Carre\\u00f1o para el mundo\",\"inLanguage\":\"es-ES\",\"publisher\":{\"@id\":\"https:\\\/\\\/candas365.es\\\/noticias\\\/#organization\"}}]}\n\t\t<\/script>\n\t\t<!-- All in One SEO Pro -->\r\n\t\t<title>Rosa se suma a la gala de Navidad de \u2018OT 2017\u2019 | Cand\u00e1s 365<\/title>\n\n","aioseo_head_json":{"title":"Rosa se suma a la gala de Navidad de \u2018OT 2017\u2019 | Cand\u00e1s 365","description":"'Operaci\u00f3n Triunfo 2017' se prepara para celebrar las navidades por todo lo alto con una gala especial que contar\u00e1 con algunos de los participantes de la primera edici\u00f3n. La ganadora de 'OT 1', Rosa L\u00f3pez, es el \u00faltimo nombre que se ha sumado. Junto a ella, Bustamante, Manu Tenorio, Naim Thomas, Gisela, Nuria Ferg\u00f3, \u00c1lex,","canonical_url":"https:\/\/candas365.es\/noticias\/rosa-se-suma-a-la-gala-de-navidad-de-ot-2017\/","robots":"max-image-preview:large","keywords":"agenda","webmasterTools":{"google-site-verification":"UA-32230408-1","msvalidate.01":"354F3CDFB2DA171B47FBE9ABF1F88D5","miscellaneous":""},"schema":{"@context":"https:\/\/schema.org","@graph":[{"@type":"BreadcrumbList","@id":"https:\/\/candas365.es\/noticias\/rosa-se-suma-a-la-gala-de-navidad-de-ot-2017\/#breadcrumblist","itemListElement":[{"@type":"ListItem","@id":"https:\/\/candas365.es\/noticias#listItem","position":1,"name":"Home","item":"https:\/\/candas365.es\/noticias","nextItem":{"@type":"ListItem","@id":"https:\/\/candas365.es\/noticias\/category\/agenda\/#listItem","name":"Agenda"}},{"@type":"ListItem","@id":"https:\/\/candas365.es\/noticias\/category\/agenda\/#listItem","position":2,"name":"Agenda","item":"https:\/\/candas365.es\/noticias\/category\/agenda\/","nextItem":{"@type":"ListItem","@id":"https:\/\/candas365.es\/noticias\/rosa-se-suma-a-la-gala-de-navidad-de-ot-2017\/#listItem","name":"Rosa se suma a la gala de Navidad de &#8216;OT 2017&#8217;"},"previousItem":{"@type":"ListItem","@id":"https:\/\/candas365.es\/noticias#listItem","name":"Home"}},{"@type":"ListItem","@id":"https:\/\/candas365.es\/noticias\/rosa-se-suma-a-la-gala-de-navidad-de-ot-2017\/#listItem","position":3,"name":"Rosa se suma a la gala de Navidad de &#8216;OT 2017&#8217;","previousItem":{"@type":"ListItem","@id":"https:\/\/candas365.es\/noticias\/category\/agenda\/#listItem","name":"Agenda"}}]},{"@type":"NewsArticle","@id":"https:\/\/candas365.es\/noticias\/rosa-se-suma-a-la-gala-de-navidad-de-ot-2017\/#newsarticle","name":"Rosa se suma a la gala de Navidad de \u2018OT 2017\u2019 | Cand\u00e1s 365","headline":"Rosa se suma a la gala de Navidad de &#8216;OT 2017&#8217;","author":{"@id":"https:\/\/candas365.es\/noticias\/author\/admin\/#author"},"publisher":{"@id":"https:\/\/candas365.es\/noticias\/#organization"},"image":{"@type":"ImageObject","url":"https:\/\/candas365.es\/noticias\/wp-content\/uploads\/2017\/12\/1512651287766.jpg","width":800,"height":533},"datePublished":"2017-12-07T21:21:13+01:00","dateModified":"2017-12-07T21:21:13+01:00","inLanguage":"es-ES","mainEntityOfPage":{"@id":"https:\/\/candas365.es\/noticias\/rosa-se-suma-a-la-gala-de-navidad-de-ot-2017\/#webpage"},"isPartOf":{"@id":"https:\/\/candas365.es\/noticias\/rosa-se-suma-a-la-gala-de-navidad-de-ot-2017\/#webpage"},"articleSection":"Agenda","dateline":"Publicado el diciembre 7, 2017."},{"@type":"Organization","@id":"https:\/\/candas365.es\/noticias\/#organization","name":"Cand\u00e1s 365","description":"Cand\u00e1s 365 es un diario digital independiente, fundado en 2012, con base en Asturias. Informamos con rigor sobre actualidad, sociedad, cultura y ocio, con una mirada local y global.","url":"https:\/\/candas365.es\/noticias\/","email":"info@candas365.es","telephone":"+34652131393","foundingDate":"2012-06-10","logo":{"@type":"ImageObject","url":"https:\/\/candas365.es\/noticias\/wp-content\/uploads\/2024\/09\/Candas-365-Redes.jpg","@id":"https:\/\/candas365.es\/noticias\/rosa-se-suma-a-la-gala-de-navidad-de-ot-2017\/#organizationLogo","width":1152,"height":864,"caption":"Cand\u00e1s 365 Redes"},"image":{"@id":"https:\/\/candas365.es\/noticias\/rosa-se-suma-a-la-gala-de-navidad-de-ot-2017\/#organizationLogo"},"sameAs":["https:\/\/www.facebook.com\/Nachofdezber","https:\/\/x.com\/NabercoDigital","https:\/\/www.instagram.com\/nachofdezber\/","https:\/\/www.youtube.com\/channel\/UCZP-2wLEB9Rv6erhFmqVnvg"],"address":{"@id":"https:\/\/candas365.es\/noticias\/#postaladdress","@type":"PostalAddress","streetAddress":"san antonio 4, san antonio 4","postalCode":"33430","addressLocality":"Cand\u00e1s","addressRegion":"Asturias","addressCountry":"ES"}},{"@type":"Person","@id":"https:\/\/candas365.es\/noticias\/author\/admin\/#author","url":"https:\/\/candas365.es\/noticias\/author\/admin\/","name":"Cand\u00e1s 365","image":{"@type":"ImageObject","@id":"https:\/\/candas365.es\/noticias\/rosa-se-suma-a-la-gala-de-navidad-de-ot-2017\/#authorImage","url":"https:\/\/secure.gravatar.com\/avatar\/496a8e03d0c493ede1718b7934145dbdf8d89be1036b0eec9544e1094c9de390?s=96&d=mm&r=g","width":96,"height":96,"caption":"Cand\u00e1s 365"},"sameAs":["https:\/\/www.facebook.com\/carrenoactualidad","https:\/\/twitter.com\/nbasturias","https:\/\/www.instagram.com\/nachofdezber\/","https:\/\/www.youtube.com\/channel\/UCZP-2wLEB9Rv6erhFmqVnvg"]},{"@type":"WebPage","@id":"https:\/\/candas365.es\/noticias\/rosa-se-suma-a-la-gala-de-navidad-de-ot-2017\/#webpage","url":"https:\/\/candas365.es\/noticias\/rosa-se-suma-a-la-gala-de-navidad-de-ot-2017\/","name":"Rosa se suma a la gala de Navidad de \u2018OT 2017\u2019 | Cand\u00e1s 365","description":"'Operaci\u00f3n Triunfo 2017' se prepara para celebrar las navidades por todo lo alto con una gala especial que contar\u00e1 con algunos de los participantes de la primera edici\u00f3n. La ganadora de 'OT 1', Rosa L\u00f3pez, es el \u00faltimo nombre que se ha sumado. Junto a ella, Bustamante, Manu Tenorio, Naim Thomas, Gisela, Nuria Ferg\u00f3, \u00c1lex,","inLanguage":"es-ES","isPartOf":{"@id":"https:\/\/candas365.es\/noticias\/#website"},"breadcrumb":{"@id":"https:\/\/candas365.es\/noticias\/rosa-se-suma-a-la-gala-de-navidad-de-ot-2017\/#breadcrumblist"},"author":{"@id":"https:\/\/candas365.es\/noticias\/author\/admin\/#author"},"creator":{"@id":"https:\/\/candas365.es\/noticias\/author\/admin\/#author"},"image":{"@type":"ImageObject","url":"https:\/\/candas365.es\/noticias\/wp-content\/uploads\/2017\/12\/1512651287766.jpg","@id":"https:\/\/candas365.es\/noticias\/rosa-se-suma-a-la-gala-de-navidad-de-ot-2017\/#mainImage","width":800,"height":533},"primaryImageOfPage":{"@id":"https:\/\/candas365.es\/noticias\/rosa-se-suma-a-la-gala-de-navidad-de-ot-2017\/#mainImage"},"datePublished":"2017-12-07T21:21:13+01:00","dateModified":"2017-12-07T21:21:13+01:00"},{"@type":"WebSite","@id":"https:\/\/candas365.es\/noticias\/#website","url":"https:\/\/candas365.es\/noticias\/","name":"Cand\u00e1s 365","alternateName":"Cand\u00e1s 365 Noticias","description":"Actualidad desde Carre\u00f1o para el mundo","inLanguage":"es-ES","publisher":{"@id":"https:\/\/candas365.es\/noticias\/#organization"}}]},"og:locale":"es_ES","og:site_name":"Cand\u00e1s 365","og:type":"article","og:title":"Rosa se suma a la gala de Navidad de \u2018OT 2017\u2019 | Cand\u00e1s 365","og:description":"'Operaci\u00f3n Triunfo 2017' se prepara para celebrar las navidades por todo lo alto con una gala especial que contar\u00e1 con algunos de los participantes de la primera edici\u00f3n. La ganadora de 'OT 1', Rosa L\u00f3pez, es el \u00faltimo nombre que se ha sumado. Junto a ella, Bustamante, Manu Tenorio, Naim Thomas, Gisela, Nuria Ferg\u00f3, \u00c1lex,","og:url":"https:\/\/candas365.es\/noticias\/rosa-se-suma-a-la-gala-de-navidad-de-ot-2017\/","og:image":"https:\/\/candas365.es\/noticias\/wp-content\/uploads\/2017\/12\/1512651287766.jpg","og:image:secure_url":"https:\/\/candas365.es\/noticias\/wp-content\/uploads\/2017\/12\/1512651287766.jpg","og:image:width":800,"og:image:height":533,"article:published_time":"2017-12-07T21:21:13+00:00","article:modified_time":"2017-12-07T21:21:13+00:00","article:publisher":"https:\/\/www.facebook.com\/Nachofdezber","article:author":"https:\/\/www.facebook.com\/carrenoactualidad","twitter:card":"summary_large_image","twitter:site":"@NabercoDigital","twitter:title":"Rosa se suma a la gala de Navidad de \u2018OT 2017\u2019 | Cand\u00e1s 365","twitter:description":"'Operaci\u00f3n Triunfo 2017' se prepara para celebrar las navidades por todo lo alto con una gala especial que contar\u00e1 con algunos de los participantes de la primera edici\u00f3n. La ganadora de 'OT 1', Rosa L\u00f3pez, es el \u00faltimo nombre que se ha sumado. Junto a ella, Bustamante, Manu Tenorio, Naim Thomas, Gisela, Nuria Ferg\u00f3, \u00c1lex,","twitter:creator":"@nbasturias","twitter:image":"https:\/\/candas365.es\/noticias\/wp-content\/uploads\/2017\/12\/1512651287766.jpg","twitter:label1":"Escrito por","twitter:data1":"Cand\u00e1s 365","twitter:label2":"Tiempo de lectura estimado","twitter:data2":"2 minutos"},"aioseo_meta_data":{"post_id":"86519","title":null,"description":null,"keywords":null,"keyphrases":null,"primary_term":null,"canonical_url":null,"og_title":null,"og_description":null,"og_object_type":"default","og_image_type":"default","og_image_url":null,"og_image_width":null,"og_image_height":null,"og_image_custom_url":null,"og_image_custom_fields":null,"og_video":null,"og_custom_url":null,"og_article_section":null,"og_article_tags":null,"twitter_use_og":false,"twitter_card":"default","twitter_image_type":"default","twitter_image_url":null,"twitter_image_custom_url":null,"twitter_image_custom_fields":null,"twitter_title":null,"twitter_description":null,"schema":{"blockGraphs":[],"customGraphs":[],"default":{"data":{"Article":[],"Course":[],"Dataset":[],"FAQPage":[],"Movie":[],"Person":[],"Product":[],"ProductReview":[],"Car":[],"Recipe":[],"Service":[],"SoftwareApplication":[],"WebPage":[]},"graphName":"","isEnabled":true},"graphs":[],"defaultGraph":"","defaultPostTypeGraph":""},"schema_type":null,"schema_type_options":null,"pillar_content":false,"robots_default":true,"robots_noindex":false,"robots_noarchive":false,"robots_nosnippet":false,"robots_nofollow":false,"robots_noimageindex":false,"robots_noodp":false,"robots_notranslate":false,"robots_max_snippet":null,"robots_max_videopreview":null,"robots_max_imagepreview":"large","priority":null,"frequency":null,"location":null,"local_seo":null,"seo_analyzer_scan_date":"2025-08-26 08:23:14","breadcrumb_settings":null,"limit_modified_date":false,"reviewed_by":null,"open_ai":null,"ai":null,"created":"2020-12-21 12:13:58","updated":"2025-08-26 08:23:14"},"aioseo_breadcrumb":"<div class=\"aioseo-breadcrumbs\"><span class=\"aioseo-breadcrumb\">\n\t<a href=\"https:\/\/candas365.es\/noticias\" title=\"Home\">Home<\/a>\n<\/span><span class=\"aioseo-breadcrumb-separator\">&ndash;<\/span><span class=\"aioseo-breadcrumb\">\n\t<a href=\"https:\/\/candas365.es\/noticias\/category\/agenda\/\" title=\"Agenda\">Agenda<\/a>\n<\/span><span class=\"aioseo-breadcrumb-separator\">&ndash;<\/span><span class=\"aioseo-breadcrumb\">\n\tRosa se suma a la gala de Navidad de \u2018OT 2017\u2019\n<\/span><\/div>","aioseo_breadcrumb_json":[{"label":"Home","link":"https:\/\/candas365.es\/noticias"},{"label":"Agenda","link":"https:\/\/candas365.es\/noticias\/category\/agenda\/"},{"label":"Rosa se suma a la gala de Navidad de &#8216;OT 2017&#8217;","link":"https:\/\/candas365.es\/noticias\/rosa-se-suma-a-la-gala-de-navidad-de-ot-2017\/"}],"_links":{"self":[{"href":"https:\/\/candas365.es\/noticias\/wp-json\/wp\/v2\/posts\/86519","targetHints":{"allow":["GET"]}}],"collection":[{"href":"https:\/\/candas365.es\/noticias\/wp-json\/wp\/v2\/posts"}],"about":[{"href":"https:\/\/candas365.es\/noticias\/wp-json\/wp\/v2\/types\/post"}],"author":[{"embeddable":true,"href":"https:\/\/candas365.es\/noticias\/wp-json\/wp\/v2\/users\/1"}],"replies":[{"embeddable":true,"href":"https:\/\/candas365.es\/noticias\/wp-json\/wp\/v2\/comments?post=86519"}],"version-history":[{"count":0,"href":"https:\/\/candas365.es\/noticias\/wp-json\/wp\/v2\/posts\/86519\/revisions"}],"wp:featuredmedia":[{"embeddable":true,"href":"https:\/\/candas365.es\/noticias\/wp-json\/wp\/v2\/media\/86520"}],"wp:attachment":[{"href":"https:\/\/candas365.es\/noticias\/wp-json\/wp\/v2\/media?parent=86519"}],"wp:term":[{"taxonomy":"category","embeddable":true,"href":"https:\/\/candas365.es\/noticias\/wp-json\/wp\/v2\/categories?post=86519"},{"taxonomy":"post_tag","embeddable":true,"href":"https:\/\/candas365.es\/noticias\/wp-json\/wp\/v2\/tags?post=86519"}],"curies":[{"name":"wp","href":"https:\/\/api.w.org\/{rel}","templated":true}]}}