{"id":86297,"date":"2017-12-05T22:44:14","date_gmt":"2017-12-05T22:44:14","guid":{"rendered":"http:\/\/candas365.es\/noticias\/?p=86297"},"modified":"2017-12-05T22:44:14","modified_gmt":"2017-12-05T22:44:14","slug":"la-1-estrena-el-viernes-si-fueras-tu","status":"publish","type":"post","link":"https:\/\/candas365.es\/noticias\/la-1-estrena-el-viernes-si-fueras-tu\/","title":{"rendered":"La 1 estrena el viernes \u00abSi fueras t\u00fa\u00bb"},"content":{"rendered":"<p><img fetchpriority=\"high\" decoding=\"async\" class=\"alignleft size-medium wp-image-86298\" src=\"https:\/\/candas365.es\/noticias\/wp-content\/uploads\/2017\/12\/1512404214726-360x203.jpg\" alt=\"\" width=\"360\" height=\"203\" srcset=\"https:\/\/candas365.es\/noticias\/wp-content\/uploads\/2017\/12\/1512404214726-360x203.jpg 360w, https:\/\/candas365.es\/noticias\/wp-content\/uploads\/2017\/12\/1512404214726-768x432.jpg 768w, https:\/\/candas365.es\/noticias\/wp-content\/uploads\/2017\/12\/1512404214726-655x368.jpg 655w, https:\/\/candas365.es\/noticias\/wp-content\/uploads\/2017\/12\/1512404214726-696x392.jpg 696w, https:\/\/candas365.es\/noticias\/wp-content\/uploads\/2017\/12\/1512404214726-747x420.jpg 747w, https:\/\/candas365.es\/noticias\/wp-content\/uploads\/2017\/12\/1512404214726-499x280.jpg 499w, https:\/\/candas365.es\/noticias\/wp-content\/uploads\/2017\/12\/1512404214726.jpg 800w\" sizes=\"(max-width: 360px) 100vw, 360px\" \/>\u2018Si fueras t\u00fa\u2019, la primera serie transmedia interactiva que se produce en Espa\u00f1a, estrena este viernes su tvmovie en La 1. El thriller juvenil protagonizado por Mar\u00eda Pedraza y \u00d3scar Casas salta a la televisi\u00f3n tras su \u00e9xito en Playz y redes sociales, donde ha superado los tres millones de visualizaciones. Con una duraci\u00f3n de 80 minutos, la tvmovie une los ocho cap\u00edtulos de la serie digital y a\u00f1ade secuencias in\u00e9ditas. La trama ha contado semanalmente con la participaci\u00f3n de los espectadores, quienes han ayudado a la protagonista en su toma de decisiones. Este lunes, 4 de diciembre, la tvmovie se podr\u00e1 ver a las 21:00 horas en Playz y en el perfil de Facebook de la serie.<\/p>\n<p>\u2018Si fueras t\u00fa\u2019 es un proyecto innovador, producido por RTVE en colaboraci\u00f3n con Atomis Media, en el que el p\u00fablico ha decidido el curso de la trama a trav\u00e9s de las redes sociales. Mar\u00eda Pedraza encabeza el reparto junto a \u00d3scar Casas, Adri\u00e1 Collado, Ingrid Rubio, Ruth D\u00edaz, Juan Blanco, Luc\u00eda D\u00edez, Jorge Motos, Nerea Elizalde y Daniel Ib\u00e1\u00f1ez.<\/p>\n<p>La serie es una adaptaci\u00f3n libre de la serie neozelandesa \u2018Reservoir Hill\u2019 que cuenta con la firma de Javier Olivares, Ana\u00efs Schaaff y Javier Pascual. La direcci\u00f3n es de Joaqu\u00edn Llamas, la producci\u00f3n ejecutiva de Isabel Ravent\u00f3s, y la compleja e innovadora estrategia interactiva corre a cargo de RTVE Digital.<\/p>\n<p>En sus emisiones en Playz y redes sociales, la serie transmedia de RTVE ha superado los tres millones de visualizaciones, convirti\u00e9ndose en todo un fen\u00f3meno entre los j\u00f3venes, ya que el 71% de la audiencia son menores de 34 a\u00f1os.<\/p>\n<p>La consultora internacional The Wit seleccion\u00f3 a la serie interactiva como uno de los productos m\u00e1s destacados de la temporada presentados en el reciente MIPCOM de Cannes.<\/p>\n<p><strong>Sinopsis<\/strong><\/p>\n<p>Alba es una joven de 17 a\u00f1os que se muda con su t\u00edo Miguel a una urbanizaci\u00f3n en busca de una nueva vida. Los padres de Alba se han trasladado a Nueva Zelanda por trabajo, pero ella tiene que terminar el curso en Espa\u00f1a. Sin embargo, nada m\u00e1s llegar al instituto se da cuenta de que no va a ser tan f\u00e1cil adaptarse. \u00bfLa causa? Su parecido con Cris, una muchacha desaparecida hace justo medio a\u00f1o.<\/p>\n<p>Poco a poco, Alba se acercar\u00e1 a los habitantes de Sotocruz m\u00e1s relacionados con Cris: sus amigos, su familia, sus profesores y compa\u00f1eros de clase. Alba decide averiguar qu\u00e9 le sucedi\u00f3 a Cris y qui\u00e9nes son los culpables de su desaparici\u00f3n: pudo haber sido asesinada, v\u00edctima del acoso escolar o forzada al suicidio\u2026 En esa b\u00fasqueda de la verdad, descubrir\u00e1 algo que jam\u00e1s hubiera sospechado.<\/p>\n","protected":false},"excerpt":{"rendered":"<p>\u2018Si fueras t\u00fa\u2019, la primera serie transmedia interactiva que se produce en Espa\u00f1a, estrena este viernes su tvmovie en La 1. El thriller juvenil protagonizado por Mar\u00eda Pedraza y \u00d3scar Casas salta a la televisi\u00f3n tras su \u00e9xito en Playz y redes sociales, donde ha superado los tres millones de visualizaciones. Con una duraci\u00f3n de<\/p>\n","protected":false},"author":1,"featured_media":86298,"comment_status":"closed","ping_status":"closed","sticky":false,"template":"","format":"standard","meta":{"footnotes":""},"categories":[1],"tags":[],"class_list":{"0":"post-86297","1":"post","2":"type-post","3":"status-publish","4":"format-standard","5":"has-post-thumbnail","7":"category-agenda"},"aioseo_notices":[],"aioseo_head":"\n\t\t<!-- All in One SEO Pro 4.9.6.2 - aioseo.com -->\n\t<meta name=\"description\" content=\"\u2018Si fueras t\u00fa\u2019, la primera serie transmedia interactiva que se produce en Espa\u00f1a, estrena este viernes su tvmovie en La 1. El thriller juvenil protagonizado por Mar\u00eda Pedraza y \u00d3scar Casas salta a la televisi\u00f3n tras su \u00e9xito en Playz y redes sociales, donde ha superado los tres millones de visualizaciones. Con una duraci\u00f3n de\" \/>\n\t<meta name=\"robots\" content=\"max-image-preview:large\" \/>\n\t<meta name=\"author\" content=\"Cand\u00e1s 365\"\/>\n\t<meta name=\"google-site-verification\" content=\"UA-32230408-1\" \/>\n\t<meta name=\"msvalidate.01\" content=\"354F3CDFB2DA171B47FBE9ABF1F88D5\" \/>\n\t<meta name=\"keywords\" content=\"agenda\" \/>\n\t<link rel=\"canonical\" href=\"https:\/\/candas365.es\/noticias\/la-1-estrena-el-viernes-si-fueras-tu\/\" \/>\n\t<meta name=\"generator\" content=\"All in One SEO Pro (AIOSEO) 4.9.6.2\" \/>\n\t\t<meta property=\"og:locale\" content=\"es_ES\" \/>\n\t\t<meta property=\"og:site_name\" content=\"Cand\u00e1s 365\" \/>\n\t\t<meta property=\"og:type\" content=\"article\" \/>\n\t\t<meta property=\"og:title\" content=\"La 1 estrena el viernes \u00abSi fueras t\u00fa\u00bb | Cand\u00e1s 365\" \/>\n\t\t<meta property=\"og:description\" content=\"\u2018Si fueras t\u00fa\u2019, la primera serie transmedia interactiva que se produce en Espa\u00f1a, estrena este viernes su tvmovie en La 1. El thriller juvenil protagonizado por Mar\u00eda Pedraza y \u00d3scar Casas salta a la televisi\u00f3n tras su \u00e9xito en Playz y redes sociales, donde ha superado los tres millones de visualizaciones. Con una duraci\u00f3n de\" \/>\n\t\t<meta property=\"og:url\" content=\"https:\/\/candas365.es\/noticias\/la-1-estrena-el-viernes-si-fueras-tu\/\" \/>\n\t\t<meta property=\"og:image\" content=\"https:\/\/candas365.es\/noticias\/wp-content\/uploads\/2017\/12\/1512404214726.jpg\" \/>\n\t\t<meta property=\"og:image:secure_url\" content=\"https:\/\/candas365.es\/noticias\/wp-content\/uploads\/2017\/12\/1512404214726.jpg\" \/>\n\t\t<meta property=\"og:image:width\" content=\"800\" \/>\n\t\t<meta property=\"og:image:height\" content=\"450\" \/>\n\t\t<meta property=\"article:published_time\" content=\"2017-12-05T22:44:14+00:00\" \/>\n\t\t<meta property=\"article:modified_time\" content=\"2017-12-05T22:44:14+00:00\" \/>\n\t\t<meta property=\"article:publisher\" content=\"https:\/\/www.facebook.com\/Nachofdezber\" \/>\n\t\t<meta property=\"article:author\" content=\"https:\/\/www.facebook.com\/carrenoactualidad\" \/>\n\t\t<meta name=\"twitter:card\" content=\"summary_large_image\" \/>\n\t\t<meta name=\"twitter:site\" content=\"@NabercoDigital\" \/>\n\t\t<meta name=\"twitter:title\" content=\"La 1 estrena el viernes \u00abSi fueras t\u00fa\u00bb | Cand\u00e1s 365\" \/>\n\t\t<meta name=\"twitter:description\" content=\"\u2018Si fueras t\u00fa\u2019, la primera serie transmedia interactiva que se produce en Espa\u00f1a, estrena este viernes su tvmovie en La 1. El thriller juvenil protagonizado por Mar\u00eda Pedraza y \u00d3scar Casas salta a la televisi\u00f3n tras su \u00e9xito en Playz y redes sociales, donde ha superado los tres millones de visualizaciones. Con una duraci\u00f3n de\" \/>\n\t\t<meta name=\"twitter:creator\" content=\"@nbasturias\" \/>\n\t\t<meta name=\"twitter:image\" content=\"https:\/\/candas365.es\/noticias\/wp-content\/uploads\/2017\/12\/1512404214726.jpg\" \/>\n\t\t<meta name=\"twitter:label1\" content=\"Escrito por\" \/>\n\t\t<meta name=\"twitter:data1\" content=\"Cand\u00e1s 365\" \/>\n\t\t<meta name=\"twitter:label2\" content=\"Tiempo de lectura estimado\" \/>\n\t\t<meta name=\"twitter:data2\" content=\"2 minutos\" \/>\n\t\t<script type=\"application\/ld+json\" class=\"aioseo-schema\">\n\t\t\t{\"@context\":\"https:\\\/\\\/schema.org\",\"@graph\":[{\"@type\":\"BreadcrumbList\",\"@id\":\"https:\\\/\\\/candas365.es\\\/noticias\\\/la-1-estrena-el-viernes-si-fueras-tu\\\/#breadcrumblist\",\"itemListElement\":[{\"@type\":\"ListItem\",\"@id\":\"https:\\\/\\\/candas365.es\\\/noticias#listItem\",\"position\":1,\"name\":\"Home\",\"item\":\"https:\\\/\\\/candas365.es\\\/noticias\",\"nextItem\":{\"@type\":\"ListItem\",\"@id\":\"https:\\\/\\\/candas365.es\\\/noticias\\\/category\\\/agenda\\\/#listItem\",\"name\":\"Agenda\"}},{\"@type\":\"ListItem\",\"@id\":\"https:\\\/\\\/candas365.es\\\/noticias\\\/category\\\/agenda\\\/#listItem\",\"position\":2,\"name\":\"Agenda\",\"item\":\"https:\\\/\\\/candas365.es\\\/noticias\\\/category\\\/agenda\\\/\",\"nextItem\":{\"@type\":\"ListItem\",\"@id\":\"https:\\\/\\\/candas365.es\\\/noticias\\\/la-1-estrena-el-viernes-si-fueras-tu\\\/#listItem\",\"name\":\"La 1 estrena el viernes \\u00abSi fueras t\\u00fa\\u00bb\"},\"previousItem\":{\"@type\":\"ListItem\",\"@id\":\"https:\\\/\\\/candas365.es\\\/noticias#listItem\",\"name\":\"Home\"}},{\"@type\":\"ListItem\",\"@id\":\"https:\\\/\\\/candas365.es\\\/noticias\\\/la-1-estrena-el-viernes-si-fueras-tu\\\/#listItem\",\"position\":3,\"name\":\"La 1 estrena el viernes \\u00abSi fueras t\\u00fa\\u00bb\",\"previousItem\":{\"@type\":\"ListItem\",\"@id\":\"https:\\\/\\\/candas365.es\\\/noticias\\\/category\\\/agenda\\\/#listItem\",\"name\":\"Agenda\"}}]},{\"@type\":\"NewsArticle\",\"@id\":\"https:\\\/\\\/candas365.es\\\/noticias\\\/la-1-estrena-el-viernes-si-fueras-tu\\\/#newsarticle\",\"name\":\"La 1 estrena el viernes \\u00abSi fueras t\\u00fa\\u00bb | Cand\\u00e1s 365\",\"headline\":\"La 1 estrena el viernes \\u00abSi fueras t\\u00fa\\u00bb\",\"author\":{\"@id\":\"https:\\\/\\\/candas365.es\\\/noticias\\\/author\\\/admin\\\/#author\"},\"publisher\":{\"@id\":\"https:\\\/\\\/candas365.es\\\/noticias\\\/#organization\"},\"image\":{\"@type\":\"ImageObject\",\"url\":\"https:\\\/\\\/candas365.es\\\/noticias\\\/wp-content\\\/uploads\\\/2017\\\/12\\\/1512404214726.jpg\",\"width\":800,\"height\":450},\"datePublished\":\"2017-12-05T22:44:14+01:00\",\"dateModified\":\"2017-12-05T22:44:14+01:00\",\"inLanguage\":\"es-ES\",\"mainEntityOfPage\":{\"@id\":\"https:\\\/\\\/candas365.es\\\/noticias\\\/la-1-estrena-el-viernes-si-fueras-tu\\\/#webpage\"},\"isPartOf\":{\"@id\":\"https:\\\/\\\/candas365.es\\\/noticias\\\/la-1-estrena-el-viernes-si-fueras-tu\\\/#webpage\"},\"articleSection\":\"Agenda\",\"dateline\":\"Publicado el diciembre 5, 2017.\"},{\"@type\":\"Organization\",\"@id\":\"https:\\\/\\\/candas365.es\\\/noticias\\\/#organization\",\"name\":\"Cand\\u00e1s 365\",\"description\":\"Cand\\u00e1s 365 es un diario digital independiente, fundado en 2012, con base en Asturias. Informamos con rigor sobre actualidad, sociedad, cultura y ocio, con una mirada local y global.\",\"url\":\"https:\\\/\\\/candas365.es\\\/noticias\\\/\",\"email\":\"info@candas365.es\",\"telephone\":\"+34652131393\",\"foundingDate\":\"2012-06-10\",\"logo\":{\"@type\":\"ImageObject\",\"url\":\"https:\\\/\\\/candas365.es\\\/noticias\\\/wp-content\\\/uploads\\\/2024\\\/09\\\/Candas-365-Redes.jpg\",\"@id\":\"https:\\\/\\\/candas365.es\\\/noticias\\\/la-1-estrena-el-viernes-si-fueras-tu\\\/#organizationLogo\",\"width\":1152,\"height\":864,\"caption\":\"Cand\\u00e1s 365 Redes\"},\"image\":{\"@id\":\"https:\\\/\\\/candas365.es\\\/noticias\\\/la-1-estrena-el-viernes-si-fueras-tu\\\/#organizationLogo\"},\"sameAs\":[\"https:\\\/\\\/www.facebook.com\\\/Nachofdezber\",\"https:\\\/\\\/x.com\\\/NabercoDigital\",\"https:\\\/\\\/www.instagram.com\\\/nachofdezber\\\/\",\"https:\\\/\\\/www.youtube.com\\\/channel\\\/UCZP-2wLEB9Rv6erhFmqVnvg\"],\"address\":{\"@id\":\"https:\\\/\\\/candas365.es\\\/noticias\\\/#postaladdress\",\"@type\":\"PostalAddress\",\"streetAddress\":\"san antonio 4, san antonio 4\",\"postalCode\":\"33430\",\"addressLocality\":\"Cand\\u00e1s\",\"addressRegion\":\"Asturias\",\"addressCountry\":\"ES\"}},{\"@type\":\"Person\",\"@id\":\"https:\\\/\\\/candas365.es\\\/noticias\\\/author\\\/admin\\\/#author\",\"url\":\"https:\\\/\\\/candas365.es\\\/noticias\\\/author\\\/admin\\\/\",\"name\":\"Cand\\u00e1s 365\",\"image\":{\"@type\":\"ImageObject\",\"@id\":\"https:\\\/\\\/candas365.es\\\/noticias\\\/la-1-estrena-el-viernes-si-fueras-tu\\\/#authorImage\",\"url\":\"https:\\\/\\\/secure.gravatar.com\\\/avatar\\\/496a8e03d0c493ede1718b7934145dbdf8d89be1036b0eec9544e1094c9de390?s=96&d=mm&r=g\",\"width\":96,\"height\":96,\"caption\":\"Cand\\u00e1s 365\"},\"sameAs\":[\"https:\\\/\\\/www.facebook.com\\\/carrenoactualidad\",\"https:\\\/\\\/twitter.com\\\/nbasturias\",\"https:\\\/\\\/www.instagram.com\\\/nachofdezber\\\/\",\"https:\\\/\\\/www.youtube.com\\\/channel\\\/UCZP-2wLEB9Rv6erhFmqVnvg\"]},{\"@type\":\"WebPage\",\"@id\":\"https:\\\/\\\/candas365.es\\\/noticias\\\/la-1-estrena-el-viernes-si-fueras-tu\\\/#webpage\",\"url\":\"https:\\\/\\\/candas365.es\\\/noticias\\\/la-1-estrena-el-viernes-si-fueras-tu\\\/\",\"name\":\"La 1 estrena el viernes \\u00abSi fueras t\\u00fa\\u00bb | Cand\\u00e1s 365\",\"description\":\"\\u2018Si fueras t\\u00fa\\u2019, la primera serie transmedia interactiva que se produce en Espa\\u00f1a, estrena este viernes su tvmovie en La 1. El thriller juvenil protagonizado por Mar\\u00eda Pedraza y \\u00d3scar Casas salta a la televisi\\u00f3n tras su \\u00e9xito en Playz y redes sociales, donde ha superado los tres millones de visualizaciones. Con una duraci\\u00f3n de\",\"inLanguage\":\"es-ES\",\"isPartOf\":{\"@id\":\"https:\\\/\\\/candas365.es\\\/noticias\\\/#website\"},\"breadcrumb\":{\"@id\":\"https:\\\/\\\/candas365.es\\\/noticias\\\/la-1-estrena-el-viernes-si-fueras-tu\\\/#breadcrumblist\"},\"author\":{\"@id\":\"https:\\\/\\\/candas365.es\\\/noticias\\\/author\\\/admin\\\/#author\"},\"creator\":{\"@id\":\"https:\\\/\\\/candas365.es\\\/noticias\\\/author\\\/admin\\\/#author\"},\"image\":{\"@type\":\"ImageObject\",\"url\":\"https:\\\/\\\/candas365.es\\\/noticias\\\/wp-content\\\/uploads\\\/2017\\\/12\\\/1512404214726.jpg\",\"@id\":\"https:\\\/\\\/candas365.es\\\/noticias\\\/la-1-estrena-el-viernes-si-fueras-tu\\\/#mainImage\",\"width\":800,\"height\":450},\"primaryImageOfPage\":{\"@id\":\"https:\\\/\\\/candas365.es\\\/noticias\\\/la-1-estrena-el-viernes-si-fueras-tu\\\/#mainImage\"},\"datePublished\":\"2017-12-05T22:44:14+01:00\",\"dateModified\":\"2017-12-05T22:44:14+01:00\"},{\"@type\":\"WebSite\",\"@id\":\"https:\\\/\\\/candas365.es\\\/noticias\\\/#website\",\"url\":\"https:\\\/\\\/candas365.es\\\/noticias\\\/\",\"name\":\"Cand\\u00e1s 365\",\"alternateName\":\"Cand\\u00e1s 365 Noticias\",\"description\":\"Actualidad desde Carre\\u00f1o para el mundo\",\"inLanguage\":\"es-ES\",\"publisher\":{\"@id\":\"https:\\\/\\\/candas365.es\\\/noticias\\\/#organization\"}}]}\n\t\t<\/script>\n\t\t<!-- All in One SEO Pro -->\r\n\t\t<title>La 1 estrena el viernes \u00abSi fueras t\u00fa\u00bb | Cand\u00e1s 365<\/title>\n\n","aioseo_head_json":{"title":"La 1 estrena el viernes \u00abSi fueras t\u00fa\u00bb | Cand\u00e1s 365","description":"\u2018Si fueras t\u00fa\u2019, la primera serie transmedia interactiva que se produce en Espa\u00f1a, estrena este viernes su tvmovie en La 1. El thriller juvenil protagonizado por Mar\u00eda Pedraza y \u00d3scar Casas salta a la televisi\u00f3n tras su \u00e9xito en Playz y redes sociales, donde ha superado los tres millones de visualizaciones. Con una duraci\u00f3n de","canonical_url":"https:\/\/candas365.es\/noticias\/la-1-estrena-el-viernes-si-fueras-tu\/","robots":"max-image-preview:large","keywords":"agenda","webmasterTools":{"google-site-verification":"UA-32230408-1","msvalidate.01":"354F3CDFB2DA171B47FBE9ABF1F88D5","miscellaneous":""},"schema":{"@context":"https:\/\/schema.org","@graph":[{"@type":"BreadcrumbList","@id":"https:\/\/candas365.es\/noticias\/la-1-estrena-el-viernes-si-fueras-tu\/#breadcrumblist","itemListElement":[{"@type":"ListItem","@id":"https:\/\/candas365.es\/noticias#listItem","position":1,"name":"Home","item":"https:\/\/candas365.es\/noticias","nextItem":{"@type":"ListItem","@id":"https:\/\/candas365.es\/noticias\/category\/agenda\/#listItem","name":"Agenda"}},{"@type":"ListItem","@id":"https:\/\/candas365.es\/noticias\/category\/agenda\/#listItem","position":2,"name":"Agenda","item":"https:\/\/candas365.es\/noticias\/category\/agenda\/","nextItem":{"@type":"ListItem","@id":"https:\/\/candas365.es\/noticias\/la-1-estrena-el-viernes-si-fueras-tu\/#listItem","name":"La 1 estrena el viernes \u00abSi fueras t\u00fa\u00bb"},"previousItem":{"@type":"ListItem","@id":"https:\/\/candas365.es\/noticias#listItem","name":"Home"}},{"@type":"ListItem","@id":"https:\/\/candas365.es\/noticias\/la-1-estrena-el-viernes-si-fueras-tu\/#listItem","position":3,"name":"La 1 estrena el viernes \u00abSi fueras t\u00fa\u00bb","previousItem":{"@type":"ListItem","@id":"https:\/\/candas365.es\/noticias\/category\/agenda\/#listItem","name":"Agenda"}}]},{"@type":"NewsArticle","@id":"https:\/\/candas365.es\/noticias\/la-1-estrena-el-viernes-si-fueras-tu\/#newsarticle","name":"La 1 estrena el viernes \u00abSi fueras t\u00fa\u00bb | Cand\u00e1s 365","headline":"La 1 estrena el viernes \u00abSi fueras t\u00fa\u00bb","author":{"@id":"https:\/\/candas365.es\/noticias\/author\/admin\/#author"},"publisher":{"@id":"https:\/\/candas365.es\/noticias\/#organization"},"image":{"@type":"ImageObject","url":"https:\/\/candas365.es\/noticias\/wp-content\/uploads\/2017\/12\/1512404214726.jpg","width":800,"height":450},"datePublished":"2017-12-05T22:44:14+01:00","dateModified":"2017-12-05T22:44:14+01:00","inLanguage":"es-ES","mainEntityOfPage":{"@id":"https:\/\/candas365.es\/noticias\/la-1-estrena-el-viernes-si-fueras-tu\/#webpage"},"isPartOf":{"@id":"https:\/\/candas365.es\/noticias\/la-1-estrena-el-viernes-si-fueras-tu\/#webpage"},"articleSection":"Agenda","dateline":"Publicado el diciembre 5, 2017."},{"@type":"Organization","@id":"https:\/\/candas365.es\/noticias\/#organization","name":"Cand\u00e1s 365","description":"Cand\u00e1s 365 es un diario digital independiente, fundado en 2012, con base en Asturias. Informamos con rigor sobre actualidad, sociedad, cultura y ocio, con una mirada local y global.","url":"https:\/\/candas365.es\/noticias\/","email":"info@candas365.es","telephone":"+34652131393","foundingDate":"2012-06-10","logo":{"@type":"ImageObject","url":"https:\/\/candas365.es\/noticias\/wp-content\/uploads\/2024\/09\/Candas-365-Redes.jpg","@id":"https:\/\/candas365.es\/noticias\/la-1-estrena-el-viernes-si-fueras-tu\/#organizationLogo","width":1152,"height":864,"caption":"Cand\u00e1s 365 Redes"},"image":{"@id":"https:\/\/candas365.es\/noticias\/la-1-estrena-el-viernes-si-fueras-tu\/#organizationLogo"},"sameAs":["https:\/\/www.facebook.com\/Nachofdezber","https:\/\/x.com\/NabercoDigital","https:\/\/www.instagram.com\/nachofdezber\/","https:\/\/www.youtube.com\/channel\/UCZP-2wLEB9Rv6erhFmqVnvg"],"address":{"@id":"https:\/\/candas365.es\/noticias\/#postaladdress","@type":"PostalAddress","streetAddress":"san antonio 4, san antonio 4","postalCode":"33430","addressLocality":"Cand\u00e1s","addressRegion":"Asturias","addressCountry":"ES"}},{"@type":"Person","@id":"https:\/\/candas365.es\/noticias\/author\/admin\/#author","url":"https:\/\/candas365.es\/noticias\/author\/admin\/","name":"Cand\u00e1s 365","image":{"@type":"ImageObject","@id":"https:\/\/candas365.es\/noticias\/la-1-estrena-el-viernes-si-fueras-tu\/#authorImage","url":"https:\/\/secure.gravatar.com\/avatar\/496a8e03d0c493ede1718b7934145dbdf8d89be1036b0eec9544e1094c9de390?s=96&d=mm&r=g","width":96,"height":96,"caption":"Cand\u00e1s 365"},"sameAs":["https:\/\/www.facebook.com\/carrenoactualidad","https:\/\/twitter.com\/nbasturias","https:\/\/www.instagram.com\/nachofdezber\/","https:\/\/www.youtube.com\/channel\/UCZP-2wLEB9Rv6erhFmqVnvg"]},{"@type":"WebPage","@id":"https:\/\/candas365.es\/noticias\/la-1-estrena-el-viernes-si-fueras-tu\/#webpage","url":"https:\/\/candas365.es\/noticias\/la-1-estrena-el-viernes-si-fueras-tu\/","name":"La 1 estrena el viernes \u00abSi fueras t\u00fa\u00bb | Cand\u00e1s 365","description":"\u2018Si fueras t\u00fa\u2019, la primera serie transmedia interactiva que se produce en Espa\u00f1a, estrena este viernes su tvmovie en La 1. El thriller juvenil protagonizado por Mar\u00eda Pedraza y \u00d3scar Casas salta a la televisi\u00f3n tras su \u00e9xito en Playz y redes sociales, donde ha superado los tres millones de visualizaciones. Con una duraci\u00f3n de","inLanguage":"es-ES","isPartOf":{"@id":"https:\/\/candas365.es\/noticias\/#website"},"breadcrumb":{"@id":"https:\/\/candas365.es\/noticias\/la-1-estrena-el-viernes-si-fueras-tu\/#breadcrumblist"},"author":{"@id":"https:\/\/candas365.es\/noticias\/author\/admin\/#author"},"creator":{"@id":"https:\/\/candas365.es\/noticias\/author\/admin\/#author"},"image":{"@type":"ImageObject","url":"https:\/\/candas365.es\/noticias\/wp-content\/uploads\/2017\/12\/1512404214726.jpg","@id":"https:\/\/candas365.es\/noticias\/la-1-estrena-el-viernes-si-fueras-tu\/#mainImage","width":800,"height":450},"primaryImageOfPage":{"@id":"https:\/\/candas365.es\/noticias\/la-1-estrena-el-viernes-si-fueras-tu\/#mainImage"},"datePublished":"2017-12-05T22:44:14+01:00","dateModified":"2017-12-05T22:44:14+01:00"},{"@type":"WebSite","@id":"https:\/\/candas365.es\/noticias\/#website","url":"https:\/\/candas365.es\/noticias\/","name":"Cand\u00e1s 365","alternateName":"Cand\u00e1s 365 Noticias","description":"Actualidad desde Carre\u00f1o para el mundo","inLanguage":"es-ES","publisher":{"@id":"https:\/\/candas365.es\/noticias\/#organization"}}]},"og:locale":"es_ES","og:site_name":"Cand\u00e1s 365","og:type":"article","og:title":"La 1 estrena el viernes \u00abSi fueras t\u00fa\u00bb | Cand\u00e1s 365","og:description":"\u2018Si fueras t\u00fa\u2019, la primera serie transmedia interactiva que se produce en Espa\u00f1a, estrena este viernes su tvmovie en La 1. El thriller juvenil protagonizado por Mar\u00eda Pedraza y \u00d3scar Casas salta a la televisi\u00f3n tras su \u00e9xito en Playz y redes sociales, donde ha superado los tres millones de visualizaciones. Con una duraci\u00f3n de","og:url":"https:\/\/candas365.es\/noticias\/la-1-estrena-el-viernes-si-fueras-tu\/","og:image":"https:\/\/candas365.es\/noticias\/wp-content\/uploads\/2017\/12\/1512404214726.jpg","og:image:secure_url":"https:\/\/candas365.es\/noticias\/wp-content\/uploads\/2017\/12\/1512404214726.jpg","og:image:width":800,"og:image:height":450,"article:published_time":"2017-12-05T22:44:14+00:00","article:modified_time":"2017-12-05T22:44:14+00:00","article:publisher":"https:\/\/www.facebook.com\/Nachofdezber","article:author":"https:\/\/www.facebook.com\/carrenoactualidad","twitter:card":"summary_large_image","twitter:site":"@NabercoDigital","twitter:title":"La 1 estrena el viernes \u00abSi fueras t\u00fa\u00bb | Cand\u00e1s 365","twitter:description":"\u2018Si fueras t\u00fa\u2019, la primera serie transmedia interactiva que se produce en Espa\u00f1a, estrena este viernes su tvmovie en La 1. El thriller juvenil protagonizado por Mar\u00eda Pedraza y \u00d3scar Casas salta a la televisi\u00f3n tras su \u00e9xito en Playz y redes sociales, donde ha superado los tres millones de visualizaciones. Con una duraci\u00f3n de","twitter:creator":"@nbasturias","twitter:image":"https:\/\/candas365.es\/noticias\/wp-content\/uploads\/2017\/12\/1512404214726.jpg","twitter:label1":"Escrito por","twitter:data1":"Cand\u00e1s 365","twitter:label2":"Tiempo de lectura estimado","twitter:data2":"2 minutos"},"aioseo_meta_data":{"post_id":"86297","title":null,"description":null,"keywords":null,"keyphrases":null,"primary_term":null,"canonical_url":null,"og_title":null,"og_description":null,"og_object_type":"default","og_image_type":"default","og_image_url":null,"og_image_width":null,"og_image_height":null,"og_image_custom_url":null,"og_image_custom_fields":null,"og_video":null,"og_custom_url":null,"og_article_section":null,"og_article_tags":null,"twitter_use_og":false,"twitter_card":"default","twitter_image_type":"default","twitter_image_url":null,"twitter_image_custom_url":null,"twitter_image_custom_fields":null,"twitter_title":null,"twitter_description":null,"schema":{"blockGraphs":[],"customGraphs":[],"default":{"data":{"Article":[],"Course":[],"Dataset":[],"FAQPage":[],"Movie":[],"Person":[],"Product":[],"ProductReview":[],"Car":[],"Recipe":[],"Service":[],"SoftwareApplication":[],"WebPage":[]},"graphName":"","isEnabled":true},"graphs":[]},"schema_type":null,"schema_type_options":null,"pillar_content":false,"robots_default":true,"robots_noindex":false,"robots_noarchive":false,"robots_nosnippet":false,"robots_nofollow":false,"robots_noimageindex":false,"robots_noodp":false,"robots_notranslate":false,"robots_max_snippet":null,"robots_max_videopreview":null,"robots_max_imagepreview":"large","priority":null,"frequency":null,"location":null,"local_seo":null,"seo_analyzer_scan_date":"2025-08-26 08:08:10","breadcrumb_settings":null,"limit_modified_date":false,"reviewed_by":null,"open_ai":null,"ai":null,"created":"2020-12-21 12:14:57","updated":"2025-08-26 08:08:10"},"aioseo_breadcrumb":"<div class=\"aioseo-breadcrumbs\"><span class=\"aioseo-breadcrumb\">\n\t<a href=\"https:\/\/candas365.es\/noticias\" title=\"Home\">Home<\/a>\n<\/span><span class=\"aioseo-breadcrumb-separator\">&ndash;<\/span><span class=\"aioseo-breadcrumb\">\n\t<a href=\"https:\/\/candas365.es\/noticias\/category\/agenda\/\" title=\"Agenda\">Agenda<\/a>\n<\/span><span class=\"aioseo-breadcrumb-separator\">&ndash;<\/span><span class=\"aioseo-breadcrumb\">\n\tLa 1 estrena el viernes \u00abSi fueras t\u00fa\u00bb\n<\/span><\/div>","aioseo_breadcrumb_json":[{"label":"Home","link":"https:\/\/candas365.es\/noticias"},{"label":"Agenda","link":"https:\/\/candas365.es\/noticias\/category\/agenda\/"},{"label":"La 1 estrena el viernes \u00abSi fueras t\u00fa\u00bb","link":"https:\/\/candas365.es\/noticias\/la-1-estrena-el-viernes-si-fueras-tu\/"}],"_links":{"self":[{"href":"https:\/\/candas365.es\/noticias\/wp-json\/wp\/v2\/posts\/86297","targetHints":{"allow":["GET"]}}],"collection":[{"href":"https:\/\/candas365.es\/noticias\/wp-json\/wp\/v2\/posts"}],"about":[{"href":"https:\/\/candas365.es\/noticias\/wp-json\/wp\/v2\/types\/post"}],"author":[{"embeddable":true,"href":"https:\/\/candas365.es\/noticias\/wp-json\/wp\/v2\/users\/1"}],"replies":[{"embeddable":true,"href":"https:\/\/candas365.es\/noticias\/wp-json\/wp\/v2\/comments?post=86297"}],"version-history":[{"count":0,"href":"https:\/\/candas365.es\/noticias\/wp-json\/wp\/v2\/posts\/86297\/revisions"}],"wp:featuredmedia":[{"embeddable":true,"href":"https:\/\/candas365.es\/noticias\/wp-json\/wp\/v2\/media\/86298"}],"wp:attachment":[{"href":"https:\/\/candas365.es\/noticias\/wp-json\/wp\/v2\/media?parent=86297"}],"wp:term":[{"taxonomy":"category","embeddable":true,"href":"https:\/\/candas365.es\/noticias\/wp-json\/wp\/v2\/categories?post=86297"},{"taxonomy":"post_tag","embeddable":true,"href":"https:\/\/candas365.es\/noticias\/wp-json\/wp\/v2\/tags?post=86297"}],"curies":[{"name":"wp","href":"https:\/\/api.w.org\/{rel}","templated":true}]}}