{"id":86295,"date":"2017-12-05T22:34:43","date_gmt":"2017-12-05T22:34:43","guid":{"rendered":"http:\/\/candas365.es\/noticias\/?p=86295"},"modified":"2017-12-05T22:34:43","modified_gmt":"2017-12-05T22:34:43","slug":"dias-de-cine-repasa-este-jueves-los-estrenos-de-la-semana","status":"publish","type":"post","link":"https:\/\/candas365.es\/noticias\/dias-de-cine-repasa-este-jueves-los-estrenos-de-la-semana\/","title":{"rendered":"\u2018D\u00edas de cine\u2019 repasa este jueves los estrenos de la semana"},"content":{"rendered":"<p><img fetchpriority=\"high\" decoding=\"async\" class=\"alignleft size-medium wp-image-83555\" src=\"https:\/\/candas365.es\/noticias\/wp-content\/uploads\/2017\/11\/TV-2559790_960_720-360x240.jpg\" alt=\"\" width=\"360\" height=\"240\" srcset=\"https:\/\/candas365.es\/noticias\/wp-content\/uploads\/2017\/11\/TV-2559790_960_720-360x240.jpg 360w, https:\/\/candas365.es\/noticias\/wp-content\/uploads\/2017\/11\/TV-2559790_960_720-768x512.jpg 768w, https:\/\/candas365.es\/noticias\/wp-content\/uploads\/2017\/11\/TV-2559790_960_720-655x437.jpg 655w, https:\/\/candas365.es\/noticias\/wp-content\/uploads\/2017\/11\/TV-2559790_960_720-696x464.jpg 696w, https:\/\/candas365.es\/noticias\/wp-content\/uploads\/2017\/11\/TV-2559790_960_720-630x420.jpg 630w, https:\/\/candas365.es\/noticias\/wp-content\/uploads\/2017\/11\/TV-2559790_960_720-84x55.jpg 84w, https:\/\/candas365.es\/noticias\/wp-content\/uploads\/2017\/11\/TV-2559790_960_720.jpg 960w\" sizes=\"(max-width: 360px) 100vw, 360px\" \/>\u2018D\u00edas de cine\u2019 repasa este jueves los estrenos de la semana, entre los que destaca la brit\u00e1nica \u2018El viaje\u2019, la espa\u00f1ola \u2018Fe de etarras\u2019 y \u2018El gran desmadre\u2019. Adem\u00e1s, el programa que presenta Elena S. S\u00e1nchez hablar\u00e1 con los protagonistas de \u2018El viaje\u2019 durante el preestreno de la pel\u00edcula en Madrid, y entrevistar\u00e1 a Mitch Lowe, cofundador de Netflix.<\/p>\n<p>\u2018El viaje\u2019 es una pel\u00edcula brit\u00e1nica protagonizada por Timothy Spall y Colm Meaney, que interpretan, respectivamente, al reverendo Ian Paisley y a Martin Mcguinness, antiguos enemigos ac\u00e9rrimos. Uno es l\u00edder unionista en el Ulster, y el otro, l\u00edder del Sinn Fein y antiguo miembro del IRA. Ambos lograron el hist\u00f3rico acuerdo del Vienes Santo que acab\u00f3 con el conflicto de Irlanda del Norte. Los dos actores han estado en Madrid para un preestreno y han sido entrevistados por el programa. Adem\u00e1s, esta pel\u00edcula cuenta con la \u00faltima aparici\u00f3n en pantalla de John Hurt.<\/p>\n<p>Tras dos meses disponible en video bajo demanda, llega a la gran pantalla \u2018Fe de etarras\u2019, la nueva pel\u00edcula de Borja Cobeaga. El programa ha hablado con Mitch Lowe, cofundador de Netflix, sobre la relaci\u00f3n entre plataformas de VOD, su labor como productoras de cine, y sobre la distribuci\u00f3n de pel\u00edculas.<\/p>\n<p>Entre los estrenos de esta semana tambi\u00e9n est\u00e1 \u2018El gran desmadre\u2019, que retoma a las protagonistas de \u2018Malas madres\u2019 para seguir ri\u00e9ndose de ese papel de supermadres que la civilizaci\u00f3n se ha empe\u00f1ado en otorgar a las mujeres que quieren tener hijos.<\/p>\n<p>Adem\u00e1s, el programa hablar\u00e1 de \u2018Coraz\u00f3n puro\u2019, pel\u00edcula italiana dirigida por Roberto de Paolis; de \u2018En la playa sola de noche\u2019, del coreano Hong Sang-soo; del documental \u2018La isla de los monjes\u2019; de la pel\u00edcula espa\u00f1ola \u2018Llueven vacas\u2019; de la brit\u00e1nica \u2018El sentido de un final\u2019, con Jim Broadbent y Charlotte Rampling; y de la nueva pel\u00edcula como director de George Clooney, \u2018Suburbicon\u2019, que cuenta con guion de los hermanos Coen.<\/p>\n<p>Las recomendaciones de \u2018D\u00edas de cine\u2019, \u2018Planeta Cine\u2019 y las novedades para ver cine en casa completar\u00e1n el programa de esta semana.<\/p>\n","protected":false},"excerpt":{"rendered":"<p>\u2018D\u00edas de cine\u2019 repasa este jueves los estrenos de la semana, entre los que destaca la brit\u00e1nica \u2018El viaje\u2019, la espa\u00f1ola \u2018Fe de etarras\u2019 y \u2018El gran desmadre\u2019. Adem\u00e1s, el programa que presenta Elena S. S\u00e1nchez hablar\u00e1 con los protagonistas de \u2018El viaje\u2019 durante el preestreno de la pel\u00edcula en Madrid, y entrevistar\u00e1 a Mitch<\/p>\n","protected":false},"author":1,"featured_media":83555,"comment_status":"closed","ping_status":"closed","sticky":false,"template":"","format":"standard","meta":{"footnotes":""},"categories":[1],"tags":[],"class_list":{"0":"post-86295","1":"post","2":"type-post","3":"status-publish","4":"format-standard","5":"has-post-thumbnail","7":"category-agenda"},"aioseo_notices":[],"aioseo_head":"\n\t\t<!-- All in One SEO Pro 4.9.6.2 - aioseo.com -->\n\t<meta name=\"description\" content=\"\u2018D\u00edas de cine\u2019 repasa este jueves los estrenos de la semana, entre los que destaca la brit\u00e1nica \u2018El viaje\u2019, la espa\u00f1ola \u2018Fe de etarras\u2019 y \u2018El gran desmadre\u2019. Adem\u00e1s, el programa que presenta Elena S. S\u00e1nchez hablar\u00e1 con los protagonistas de \u2018El viaje\u2019 durante el preestreno de la pel\u00edcula en Madrid, y entrevistar\u00e1 a Mitch\" \/>\n\t<meta name=\"robots\" content=\"max-image-preview:large\" \/>\n\t<meta name=\"author\" content=\"Cand\u00e1s 365\"\/>\n\t<meta name=\"google-site-verification\" content=\"UA-32230408-1\" \/>\n\t<meta name=\"msvalidate.01\" content=\"354F3CDFB2DA171B47FBE9ABF1F88D5\" \/>\n\t<meta name=\"keywords\" content=\"agenda\" \/>\n\t<link rel=\"canonical\" href=\"https:\/\/candas365.es\/noticias\/dias-de-cine-repasa-este-jueves-los-estrenos-de-la-semana\/\" \/>\n\t<meta name=\"generator\" content=\"All in One SEO Pro (AIOSEO) 4.9.6.2\" \/>\n\t\t<meta property=\"og:locale\" content=\"es_ES\" \/>\n\t\t<meta property=\"og:site_name\" content=\"Cand\u00e1s 365\" \/>\n\t\t<meta property=\"og:type\" content=\"article\" \/>\n\t\t<meta property=\"og:title\" content=\"\u2018D\u00edas de cine\u2019 repasa este jueves los estrenos de la semana | Cand\u00e1s 365\" \/>\n\t\t<meta property=\"og:description\" content=\"\u2018D\u00edas de cine\u2019 repasa este jueves los estrenos de la semana, entre los que destaca la brit\u00e1nica \u2018El viaje\u2019, la espa\u00f1ola \u2018Fe de etarras\u2019 y \u2018El gran desmadre\u2019. Adem\u00e1s, el programa que presenta Elena S. S\u00e1nchez hablar\u00e1 con los protagonistas de \u2018El viaje\u2019 durante el preestreno de la pel\u00edcula en Madrid, y entrevistar\u00e1 a Mitch\" \/>\n\t\t<meta property=\"og:url\" content=\"https:\/\/candas365.es\/noticias\/dias-de-cine-repasa-este-jueves-los-estrenos-de-la-semana\/\" \/>\n\t\t<meta property=\"og:image\" content=\"https:\/\/candas365.es\/noticias\/wp-content\/uploads\/2017\/11\/TV-2559790_960_720.jpg\" \/>\n\t\t<meta property=\"og:image:secure_url\" content=\"https:\/\/candas365.es\/noticias\/wp-content\/uploads\/2017\/11\/TV-2559790_960_720.jpg\" \/>\n\t\t<meta property=\"og:image:width\" content=\"960\" \/>\n\t\t<meta property=\"og:image:height\" content=\"640\" \/>\n\t\t<meta property=\"article:published_time\" content=\"2017-12-05T22:34:43+00:00\" \/>\n\t\t<meta property=\"article:modified_time\" content=\"2017-12-05T22:34:43+00:00\" \/>\n\t\t<meta property=\"article:publisher\" content=\"https:\/\/www.facebook.com\/Nachofdezber\" \/>\n\t\t<meta property=\"article:author\" content=\"https:\/\/www.facebook.com\/carrenoactualidad\" \/>\n\t\t<meta name=\"twitter:card\" content=\"summary_large_image\" \/>\n\t\t<meta name=\"twitter:site\" content=\"@NabercoDigital\" \/>\n\t\t<meta name=\"twitter:title\" content=\"\u2018D\u00edas de cine\u2019 repasa este jueves los estrenos de la semana | Cand\u00e1s 365\" \/>\n\t\t<meta name=\"twitter:description\" content=\"\u2018D\u00edas de cine\u2019 repasa este jueves los estrenos de la semana, entre los que destaca la brit\u00e1nica \u2018El viaje\u2019, la espa\u00f1ola \u2018Fe de etarras\u2019 y \u2018El gran desmadre\u2019. Adem\u00e1s, el programa que presenta Elena S. S\u00e1nchez hablar\u00e1 con los protagonistas de \u2018El viaje\u2019 durante el preestreno de la pel\u00edcula en Madrid, y entrevistar\u00e1 a Mitch\" \/>\n\t\t<meta name=\"twitter:creator\" content=\"@nbasturias\" \/>\n\t\t<meta name=\"twitter:image\" content=\"https:\/\/candas365.es\/noticias\/wp-content\/uploads\/2017\/11\/TV-2559790_960_720.jpg\" \/>\n\t\t<meta name=\"twitter:label1\" content=\"Escrito por\" \/>\n\t\t<meta name=\"twitter:data1\" content=\"Cand\u00e1s 365\" \/>\n\t\t<meta name=\"twitter:label2\" content=\"Tiempo de lectura estimado\" \/>\n\t\t<meta name=\"twitter:data2\" content=\"2 minutos\" \/>\n\t\t<script type=\"application\/ld+json\" class=\"aioseo-schema\">\n\t\t\t{\"@context\":\"https:\\\/\\\/schema.org\",\"@graph\":[{\"@type\":\"BreadcrumbList\",\"@id\":\"https:\\\/\\\/candas365.es\\\/noticias\\\/dias-de-cine-repasa-este-jueves-los-estrenos-de-la-semana\\\/#breadcrumblist\",\"itemListElement\":[{\"@type\":\"ListItem\",\"@id\":\"https:\\\/\\\/candas365.es\\\/noticias#listItem\",\"position\":1,\"name\":\"Home\",\"item\":\"https:\\\/\\\/candas365.es\\\/noticias\",\"nextItem\":{\"@type\":\"ListItem\",\"@id\":\"https:\\\/\\\/candas365.es\\\/noticias\\\/category\\\/agenda\\\/#listItem\",\"name\":\"Agenda\"}},{\"@type\":\"ListItem\",\"@id\":\"https:\\\/\\\/candas365.es\\\/noticias\\\/category\\\/agenda\\\/#listItem\",\"position\":2,\"name\":\"Agenda\",\"item\":\"https:\\\/\\\/candas365.es\\\/noticias\\\/category\\\/agenda\\\/\",\"nextItem\":{\"@type\":\"ListItem\",\"@id\":\"https:\\\/\\\/candas365.es\\\/noticias\\\/dias-de-cine-repasa-este-jueves-los-estrenos-de-la-semana\\\/#listItem\",\"name\":\"\\u2018D\\u00edas de cine\\u2019 repasa este jueves los estrenos de la semana\"},\"previousItem\":{\"@type\":\"ListItem\",\"@id\":\"https:\\\/\\\/candas365.es\\\/noticias#listItem\",\"name\":\"Home\"}},{\"@type\":\"ListItem\",\"@id\":\"https:\\\/\\\/candas365.es\\\/noticias\\\/dias-de-cine-repasa-este-jueves-los-estrenos-de-la-semana\\\/#listItem\",\"position\":3,\"name\":\"\\u2018D\\u00edas de cine\\u2019 repasa este jueves los estrenos de la semana\",\"previousItem\":{\"@type\":\"ListItem\",\"@id\":\"https:\\\/\\\/candas365.es\\\/noticias\\\/category\\\/agenda\\\/#listItem\",\"name\":\"Agenda\"}}]},{\"@type\":\"NewsArticle\",\"@id\":\"https:\\\/\\\/candas365.es\\\/noticias\\\/dias-de-cine-repasa-este-jueves-los-estrenos-de-la-semana\\\/#newsarticle\",\"name\":\"\\u2018D\\u00edas de cine\\u2019 repasa este jueves los estrenos de la semana | Cand\\u00e1s 365\",\"headline\":\"\\u2018D\\u00edas de cine\\u2019 repasa este jueves los estrenos de la semana\",\"author\":{\"@id\":\"https:\\\/\\\/candas365.es\\\/noticias\\\/author\\\/admin\\\/#author\"},\"publisher\":{\"@id\":\"https:\\\/\\\/candas365.es\\\/noticias\\\/#organization\"},\"image\":{\"@type\":\"ImageObject\",\"url\":\"https:\\\/\\\/candas365.es\\\/noticias\\\/wp-content\\\/uploads\\\/2017\\\/11\\\/TV-2559790_960_720.jpg\",\"width\":960,\"height\":640},\"datePublished\":\"2017-12-05T22:34:43+01:00\",\"dateModified\":\"2017-12-05T22:34:43+01:00\",\"inLanguage\":\"es-ES\",\"mainEntityOfPage\":{\"@id\":\"https:\\\/\\\/candas365.es\\\/noticias\\\/dias-de-cine-repasa-este-jueves-los-estrenos-de-la-semana\\\/#webpage\"},\"isPartOf\":{\"@id\":\"https:\\\/\\\/candas365.es\\\/noticias\\\/dias-de-cine-repasa-este-jueves-los-estrenos-de-la-semana\\\/#webpage\"},\"articleSection\":\"Agenda\",\"dateline\":\"Publicado el diciembre 5, 2017.\"},{\"@type\":\"Organization\",\"@id\":\"https:\\\/\\\/candas365.es\\\/noticias\\\/#organization\",\"name\":\"Cand\\u00e1s 365\",\"description\":\"Cand\\u00e1s 365 es un diario digital independiente, fundado en 2012, con base en Asturias. Informamos con rigor sobre actualidad, sociedad, cultura y ocio, con una mirada local y global.\",\"url\":\"https:\\\/\\\/candas365.es\\\/noticias\\\/\",\"email\":\"info@candas365.es\",\"telephone\":\"+34652131393\",\"foundingDate\":\"2012-06-10\",\"logo\":{\"@type\":\"ImageObject\",\"url\":\"https:\\\/\\\/candas365.es\\\/noticias\\\/wp-content\\\/uploads\\\/2024\\\/09\\\/Candas-365-Redes.jpg\",\"@id\":\"https:\\\/\\\/candas365.es\\\/noticias\\\/dias-de-cine-repasa-este-jueves-los-estrenos-de-la-semana\\\/#organizationLogo\",\"width\":1152,\"height\":864,\"caption\":\"Cand\\u00e1s 365 Redes\"},\"image\":{\"@id\":\"https:\\\/\\\/candas365.es\\\/noticias\\\/dias-de-cine-repasa-este-jueves-los-estrenos-de-la-semana\\\/#organizationLogo\"},\"sameAs\":[\"https:\\\/\\\/www.facebook.com\\\/Nachofdezber\",\"https:\\\/\\\/x.com\\\/NabercoDigital\",\"https:\\\/\\\/www.instagram.com\\\/nachofdezber\\\/\",\"https:\\\/\\\/www.youtube.com\\\/channel\\\/UCZP-2wLEB9Rv6erhFmqVnvg\"],\"address\":{\"@id\":\"https:\\\/\\\/candas365.es\\\/noticias\\\/#postaladdress\",\"@type\":\"PostalAddress\",\"streetAddress\":\"san antonio 4, san antonio 4\",\"postalCode\":\"33430\",\"addressLocality\":\"Cand\\u00e1s\",\"addressRegion\":\"Asturias\",\"addressCountry\":\"ES\"}},{\"@type\":\"Person\",\"@id\":\"https:\\\/\\\/candas365.es\\\/noticias\\\/author\\\/admin\\\/#author\",\"url\":\"https:\\\/\\\/candas365.es\\\/noticias\\\/author\\\/admin\\\/\",\"name\":\"Cand\\u00e1s 365\",\"image\":{\"@type\":\"ImageObject\",\"@id\":\"https:\\\/\\\/candas365.es\\\/noticias\\\/dias-de-cine-repasa-este-jueves-los-estrenos-de-la-semana\\\/#authorImage\",\"url\":\"https:\\\/\\\/secure.gravatar.com\\\/avatar\\\/496a8e03d0c493ede1718b7934145dbdf8d89be1036b0eec9544e1094c9de390?s=96&d=mm&r=g\",\"width\":96,\"height\":96,\"caption\":\"Cand\\u00e1s 365\"},\"sameAs\":[\"https:\\\/\\\/www.facebook.com\\\/carrenoactualidad\",\"https:\\\/\\\/twitter.com\\\/nbasturias\",\"https:\\\/\\\/www.instagram.com\\\/nachofdezber\\\/\",\"https:\\\/\\\/www.youtube.com\\\/channel\\\/UCZP-2wLEB9Rv6erhFmqVnvg\"]},{\"@type\":\"WebPage\",\"@id\":\"https:\\\/\\\/candas365.es\\\/noticias\\\/dias-de-cine-repasa-este-jueves-los-estrenos-de-la-semana\\\/#webpage\",\"url\":\"https:\\\/\\\/candas365.es\\\/noticias\\\/dias-de-cine-repasa-este-jueves-los-estrenos-de-la-semana\\\/\",\"name\":\"\\u2018D\\u00edas de cine\\u2019 repasa este jueves los estrenos de la semana | Cand\\u00e1s 365\",\"description\":\"\\u2018D\\u00edas de cine\\u2019 repasa este jueves los estrenos de la semana, entre los que destaca la brit\\u00e1nica \\u2018El viaje\\u2019, la espa\\u00f1ola \\u2018Fe de etarras\\u2019 y \\u2018El gran desmadre\\u2019. Adem\\u00e1s, el programa que presenta Elena S. S\\u00e1nchez hablar\\u00e1 con los protagonistas de \\u2018El viaje\\u2019 durante el preestreno de la pel\\u00edcula en Madrid, y entrevistar\\u00e1 a Mitch\",\"inLanguage\":\"es-ES\",\"isPartOf\":{\"@id\":\"https:\\\/\\\/candas365.es\\\/noticias\\\/#website\"},\"breadcrumb\":{\"@id\":\"https:\\\/\\\/candas365.es\\\/noticias\\\/dias-de-cine-repasa-este-jueves-los-estrenos-de-la-semana\\\/#breadcrumblist\"},\"author\":{\"@id\":\"https:\\\/\\\/candas365.es\\\/noticias\\\/author\\\/admin\\\/#author\"},\"creator\":{\"@id\":\"https:\\\/\\\/candas365.es\\\/noticias\\\/author\\\/admin\\\/#author\"},\"image\":{\"@type\":\"ImageObject\",\"url\":\"https:\\\/\\\/candas365.es\\\/noticias\\\/wp-content\\\/uploads\\\/2017\\\/11\\\/TV-2559790_960_720.jpg\",\"@id\":\"https:\\\/\\\/candas365.es\\\/noticias\\\/dias-de-cine-repasa-este-jueves-los-estrenos-de-la-semana\\\/#mainImage\",\"width\":960,\"height\":640},\"primaryImageOfPage\":{\"@id\":\"https:\\\/\\\/candas365.es\\\/noticias\\\/dias-de-cine-repasa-este-jueves-los-estrenos-de-la-semana\\\/#mainImage\"},\"datePublished\":\"2017-12-05T22:34:43+01:00\",\"dateModified\":\"2017-12-05T22:34:43+01:00\"},{\"@type\":\"WebSite\",\"@id\":\"https:\\\/\\\/candas365.es\\\/noticias\\\/#website\",\"url\":\"https:\\\/\\\/candas365.es\\\/noticias\\\/\",\"name\":\"Cand\\u00e1s 365\",\"alternateName\":\"Cand\\u00e1s 365 Noticias\",\"description\":\"Actualidad desde Carre\\u00f1o para el mundo\",\"inLanguage\":\"es-ES\",\"publisher\":{\"@id\":\"https:\\\/\\\/candas365.es\\\/noticias\\\/#organization\"}}]}\n\t\t<\/script>\n\t\t<!-- All in One SEO Pro -->\r\n\t\t<title>\u2018D\u00edas de cine\u2019 repasa este jueves los estrenos de la semana | Cand\u00e1s 365<\/title>\n\n","aioseo_head_json":{"title":"\u2018D\u00edas de cine\u2019 repasa este jueves los estrenos de la semana | Cand\u00e1s 365","description":"\u2018D\u00edas de cine\u2019 repasa este jueves los estrenos de la semana, entre los que destaca la brit\u00e1nica \u2018El viaje\u2019, la espa\u00f1ola \u2018Fe de etarras\u2019 y \u2018El gran desmadre\u2019. Adem\u00e1s, el programa que presenta Elena S. S\u00e1nchez hablar\u00e1 con los protagonistas de \u2018El viaje\u2019 durante el preestreno de la pel\u00edcula en Madrid, y entrevistar\u00e1 a Mitch","canonical_url":"https:\/\/candas365.es\/noticias\/dias-de-cine-repasa-este-jueves-los-estrenos-de-la-semana\/","robots":"max-image-preview:large","keywords":"agenda","webmasterTools":{"google-site-verification":"UA-32230408-1","msvalidate.01":"354F3CDFB2DA171B47FBE9ABF1F88D5","miscellaneous":""},"schema":{"@context":"https:\/\/schema.org","@graph":[{"@type":"BreadcrumbList","@id":"https:\/\/candas365.es\/noticias\/dias-de-cine-repasa-este-jueves-los-estrenos-de-la-semana\/#breadcrumblist","itemListElement":[{"@type":"ListItem","@id":"https:\/\/candas365.es\/noticias#listItem","position":1,"name":"Home","item":"https:\/\/candas365.es\/noticias","nextItem":{"@type":"ListItem","@id":"https:\/\/candas365.es\/noticias\/category\/agenda\/#listItem","name":"Agenda"}},{"@type":"ListItem","@id":"https:\/\/candas365.es\/noticias\/category\/agenda\/#listItem","position":2,"name":"Agenda","item":"https:\/\/candas365.es\/noticias\/category\/agenda\/","nextItem":{"@type":"ListItem","@id":"https:\/\/candas365.es\/noticias\/dias-de-cine-repasa-este-jueves-los-estrenos-de-la-semana\/#listItem","name":"\u2018D\u00edas de cine\u2019 repasa este jueves los estrenos de la semana"},"previousItem":{"@type":"ListItem","@id":"https:\/\/candas365.es\/noticias#listItem","name":"Home"}},{"@type":"ListItem","@id":"https:\/\/candas365.es\/noticias\/dias-de-cine-repasa-este-jueves-los-estrenos-de-la-semana\/#listItem","position":3,"name":"\u2018D\u00edas de cine\u2019 repasa este jueves los estrenos de la semana","previousItem":{"@type":"ListItem","@id":"https:\/\/candas365.es\/noticias\/category\/agenda\/#listItem","name":"Agenda"}}]},{"@type":"NewsArticle","@id":"https:\/\/candas365.es\/noticias\/dias-de-cine-repasa-este-jueves-los-estrenos-de-la-semana\/#newsarticle","name":"\u2018D\u00edas de cine\u2019 repasa este jueves los estrenos de la semana | Cand\u00e1s 365","headline":"\u2018D\u00edas de cine\u2019 repasa este jueves los estrenos de la semana","author":{"@id":"https:\/\/candas365.es\/noticias\/author\/admin\/#author"},"publisher":{"@id":"https:\/\/candas365.es\/noticias\/#organization"},"image":{"@type":"ImageObject","url":"https:\/\/candas365.es\/noticias\/wp-content\/uploads\/2017\/11\/TV-2559790_960_720.jpg","width":960,"height":640},"datePublished":"2017-12-05T22:34:43+01:00","dateModified":"2017-12-05T22:34:43+01:00","inLanguage":"es-ES","mainEntityOfPage":{"@id":"https:\/\/candas365.es\/noticias\/dias-de-cine-repasa-este-jueves-los-estrenos-de-la-semana\/#webpage"},"isPartOf":{"@id":"https:\/\/candas365.es\/noticias\/dias-de-cine-repasa-este-jueves-los-estrenos-de-la-semana\/#webpage"},"articleSection":"Agenda","dateline":"Publicado el diciembre 5, 2017."},{"@type":"Organization","@id":"https:\/\/candas365.es\/noticias\/#organization","name":"Cand\u00e1s 365","description":"Cand\u00e1s 365 es un diario digital independiente, fundado en 2012, con base en Asturias. Informamos con rigor sobre actualidad, sociedad, cultura y ocio, con una mirada local y global.","url":"https:\/\/candas365.es\/noticias\/","email":"info@candas365.es","telephone":"+34652131393","foundingDate":"2012-06-10","logo":{"@type":"ImageObject","url":"https:\/\/candas365.es\/noticias\/wp-content\/uploads\/2024\/09\/Candas-365-Redes.jpg","@id":"https:\/\/candas365.es\/noticias\/dias-de-cine-repasa-este-jueves-los-estrenos-de-la-semana\/#organizationLogo","width":1152,"height":864,"caption":"Cand\u00e1s 365 Redes"},"image":{"@id":"https:\/\/candas365.es\/noticias\/dias-de-cine-repasa-este-jueves-los-estrenos-de-la-semana\/#organizationLogo"},"sameAs":["https:\/\/www.facebook.com\/Nachofdezber","https:\/\/x.com\/NabercoDigital","https:\/\/www.instagram.com\/nachofdezber\/","https:\/\/www.youtube.com\/channel\/UCZP-2wLEB9Rv6erhFmqVnvg"],"address":{"@id":"https:\/\/candas365.es\/noticias\/#postaladdress","@type":"PostalAddress","streetAddress":"san antonio 4, san antonio 4","postalCode":"33430","addressLocality":"Cand\u00e1s","addressRegion":"Asturias","addressCountry":"ES"}},{"@type":"Person","@id":"https:\/\/candas365.es\/noticias\/author\/admin\/#author","url":"https:\/\/candas365.es\/noticias\/author\/admin\/","name":"Cand\u00e1s 365","image":{"@type":"ImageObject","@id":"https:\/\/candas365.es\/noticias\/dias-de-cine-repasa-este-jueves-los-estrenos-de-la-semana\/#authorImage","url":"https:\/\/secure.gravatar.com\/avatar\/496a8e03d0c493ede1718b7934145dbdf8d89be1036b0eec9544e1094c9de390?s=96&d=mm&r=g","width":96,"height":96,"caption":"Cand\u00e1s 365"},"sameAs":["https:\/\/www.facebook.com\/carrenoactualidad","https:\/\/twitter.com\/nbasturias","https:\/\/www.instagram.com\/nachofdezber\/","https:\/\/www.youtube.com\/channel\/UCZP-2wLEB9Rv6erhFmqVnvg"]},{"@type":"WebPage","@id":"https:\/\/candas365.es\/noticias\/dias-de-cine-repasa-este-jueves-los-estrenos-de-la-semana\/#webpage","url":"https:\/\/candas365.es\/noticias\/dias-de-cine-repasa-este-jueves-los-estrenos-de-la-semana\/","name":"\u2018D\u00edas de cine\u2019 repasa este jueves los estrenos de la semana | Cand\u00e1s 365","description":"\u2018D\u00edas de cine\u2019 repasa este jueves los estrenos de la semana, entre los que destaca la brit\u00e1nica \u2018El viaje\u2019, la espa\u00f1ola \u2018Fe de etarras\u2019 y \u2018El gran desmadre\u2019. Adem\u00e1s, el programa que presenta Elena S. S\u00e1nchez hablar\u00e1 con los protagonistas de \u2018El viaje\u2019 durante el preestreno de la pel\u00edcula en Madrid, y entrevistar\u00e1 a Mitch","inLanguage":"es-ES","isPartOf":{"@id":"https:\/\/candas365.es\/noticias\/#website"},"breadcrumb":{"@id":"https:\/\/candas365.es\/noticias\/dias-de-cine-repasa-este-jueves-los-estrenos-de-la-semana\/#breadcrumblist"},"author":{"@id":"https:\/\/candas365.es\/noticias\/author\/admin\/#author"},"creator":{"@id":"https:\/\/candas365.es\/noticias\/author\/admin\/#author"},"image":{"@type":"ImageObject","url":"https:\/\/candas365.es\/noticias\/wp-content\/uploads\/2017\/11\/TV-2559790_960_720.jpg","@id":"https:\/\/candas365.es\/noticias\/dias-de-cine-repasa-este-jueves-los-estrenos-de-la-semana\/#mainImage","width":960,"height":640},"primaryImageOfPage":{"@id":"https:\/\/candas365.es\/noticias\/dias-de-cine-repasa-este-jueves-los-estrenos-de-la-semana\/#mainImage"},"datePublished":"2017-12-05T22:34:43+01:00","dateModified":"2017-12-05T22:34:43+01:00"},{"@type":"WebSite","@id":"https:\/\/candas365.es\/noticias\/#website","url":"https:\/\/candas365.es\/noticias\/","name":"Cand\u00e1s 365","alternateName":"Cand\u00e1s 365 Noticias","description":"Actualidad desde Carre\u00f1o para el mundo","inLanguage":"es-ES","publisher":{"@id":"https:\/\/candas365.es\/noticias\/#organization"}}]},"og:locale":"es_ES","og:site_name":"Cand\u00e1s 365","og:type":"article","og:title":"\u2018D\u00edas de cine\u2019 repasa este jueves los estrenos de la semana | Cand\u00e1s 365","og:description":"\u2018D\u00edas de cine\u2019 repasa este jueves los estrenos de la semana, entre los que destaca la brit\u00e1nica \u2018El viaje\u2019, la espa\u00f1ola \u2018Fe de etarras\u2019 y \u2018El gran desmadre\u2019. Adem\u00e1s, el programa que presenta Elena S. S\u00e1nchez hablar\u00e1 con los protagonistas de \u2018El viaje\u2019 durante el preestreno de la pel\u00edcula en Madrid, y entrevistar\u00e1 a Mitch","og:url":"https:\/\/candas365.es\/noticias\/dias-de-cine-repasa-este-jueves-los-estrenos-de-la-semana\/","og:image":"https:\/\/candas365.es\/noticias\/wp-content\/uploads\/2017\/11\/TV-2559790_960_720.jpg","og:image:secure_url":"https:\/\/candas365.es\/noticias\/wp-content\/uploads\/2017\/11\/TV-2559790_960_720.jpg","og:image:width":960,"og:image:height":640,"article:published_time":"2017-12-05T22:34:43+00:00","article:modified_time":"2017-12-05T22:34:43+00:00","article:publisher":"https:\/\/www.facebook.com\/Nachofdezber","article:author":"https:\/\/www.facebook.com\/carrenoactualidad","twitter:card":"summary_large_image","twitter:site":"@NabercoDigital","twitter:title":"\u2018D\u00edas de cine\u2019 repasa este jueves los estrenos de la semana | Cand\u00e1s 365","twitter:description":"\u2018D\u00edas de cine\u2019 repasa este jueves los estrenos de la semana, entre los que destaca la brit\u00e1nica \u2018El viaje\u2019, la espa\u00f1ola \u2018Fe de etarras\u2019 y \u2018El gran desmadre\u2019. Adem\u00e1s, el programa que presenta Elena S. S\u00e1nchez hablar\u00e1 con los protagonistas de \u2018El viaje\u2019 durante el preestreno de la pel\u00edcula en Madrid, y entrevistar\u00e1 a Mitch","twitter:creator":"@nbasturias","twitter:image":"https:\/\/candas365.es\/noticias\/wp-content\/uploads\/2017\/11\/TV-2559790_960_720.jpg","twitter:label1":"Escrito por","twitter:data1":"Cand\u00e1s 365","twitter:label2":"Tiempo de lectura estimado","twitter:data2":"2 minutos"},"aioseo_meta_data":{"post_id":"86295","title":null,"description":null,"keywords":null,"keyphrases":null,"primary_term":null,"canonical_url":null,"og_title":null,"og_description":null,"og_object_type":"default","og_image_type":"default","og_image_url":null,"og_image_width":null,"og_image_height":null,"og_image_custom_url":null,"og_image_custom_fields":null,"og_video":null,"og_custom_url":null,"og_article_section":null,"og_article_tags":null,"twitter_use_og":false,"twitter_card":"default","twitter_image_type":"default","twitter_image_url":null,"twitter_image_custom_url":null,"twitter_image_custom_fields":null,"twitter_title":null,"twitter_description":null,"schema":{"blockGraphs":[],"customGraphs":[],"default":{"data":{"Article":[],"Course":[],"Dataset":[],"FAQPage":[],"Movie":[],"Person":[],"Product":[],"ProductReview":[],"Car":[],"Recipe":[],"Service":[],"SoftwareApplication":[],"WebPage":[]},"graphName":"","isEnabled":true},"graphs":[]},"schema_type":null,"schema_type_options":null,"pillar_content":false,"robots_default":true,"robots_noindex":false,"robots_noarchive":false,"robots_nosnippet":false,"robots_nofollow":false,"robots_noimageindex":false,"robots_noodp":false,"robots_notranslate":false,"robots_max_snippet":null,"robots_max_videopreview":null,"robots_max_imagepreview":"large","priority":null,"frequency":null,"location":null,"local_seo":null,"seo_analyzer_scan_date":"2025-08-26 08:08:09","breadcrumb_settings":null,"limit_modified_date":false,"reviewed_by":null,"open_ai":null,"ai":null,"created":"2020-12-21 12:14:57","updated":"2025-08-26 08:08:09"},"aioseo_breadcrumb":"<div class=\"aioseo-breadcrumbs\"><span class=\"aioseo-breadcrumb\">\n\t<a href=\"https:\/\/candas365.es\/noticias\" title=\"Home\">Home<\/a>\n<\/span><span class=\"aioseo-breadcrumb-separator\">&ndash;<\/span><span class=\"aioseo-breadcrumb\">\n\t<a href=\"https:\/\/candas365.es\/noticias\/category\/agenda\/\" title=\"Agenda\">Agenda<\/a>\n<\/span><span class=\"aioseo-breadcrumb-separator\">&ndash;<\/span><span class=\"aioseo-breadcrumb\">\n\t\u2018D\u00edas de cine\u2019 repasa este jueves los estrenos de la semana\n<\/span><\/div>","aioseo_breadcrumb_json":[{"label":"Home","link":"https:\/\/candas365.es\/noticias"},{"label":"Agenda","link":"https:\/\/candas365.es\/noticias\/category\/agenda\/"},{"label":"\u2018D\u00edas de cine\u2019 repasa este jueves los estrenos de la semana","link":"https:\/\/candas365.es\/noticias\/dias-de-cine-repasa-este-jueves-los-estrenos-de-la-semana\/"}],"_links":{"self":[{"href":"https:\/\/candas365.es\/noticias\/wp-json\/wp\/v2\/posts\/86295","targetHints":{"allow":["GET"]}}],"collection":[{"href":"https:\/\/candas365.es\/noticias\/wp-json\/wp\/v2\/posts"}],"about":[{"href":"https:\/\/candas365.es\/noticias\/wp-json\/wp\/v2\/types\/post"}],"author":[{"embeddable":true,"href":"https:\/\/candas365.es\/noticias\/wp-json\/wp\/v2\/users\/1"}],"replies":[{"embeddable":true,"href":"https:\/\/candas365.es\/noticias\/wp-json\/wp\/v2\/comments?post=86295"}],"version-history":[{"count":0,"href":"https:\/\/candas365.es\/noticias\/wp-json\/wp\/v2\/posts\/86295\/revisions"}],"wp:featuredmedia":[{"embeddable":true,"href":"https:\/\/candas365.es\/noticias\/wp-json\/wp\/v2\/media\/83555"}],"wp:attachment":[{"href":"https:\/\/candas365.es\/noticias\/wp-json\/wp\/v2\/media?parent=86295"}],"wp:term":[{"taxonomy":"category","embeddable":true,"href":"https:\/\/candas365.es\/noticias\/wp-json\/wp\/v2\/categories?post=86295"},{"taxonomy":"post_tag","embeddable":true,"href":"https:\/\/candas365.es\/noticias\/wp-json\/wp\/v2\/tags?post=86295"}],"curies":[{"name":"wp","href":"https:\/\/api.w.org\/{rel}","templated":true}]}}