{"id":86292,"date":"2017-12-05T22:23:56","date_gmt":"2017-12-05T22:23:56","guid":{"rendered":"http:\/\/candas365.es\/noticias\/?p=86292"},"modified":"2017-12-05T22:23:56","modified_gmt":"2017-12-05T22:23:56","slug":"alfredo-sanzol-en-atencion-obras","status":"publish","type":"post","link":"https:\/\/candas365.es\/noticias\/alfredo-sanzol-en-atencion-obras\/","title":{"rendered":"Alfredo Sanzol en &#8216;\u00a1Atenci\u00f3n Obras!&#8217;"},"content":{"rendered":"<p><img fetchpriority=\"high\" decoding=\"async\" class=\"alignleft size-medium wp-image-86293\" src=\"https:\/\/candas365.es\/noticias\/wp-content\/uploads\/2017\/12\/1512489031211-360x244.jpg\" alt=\"\" width=\"360\" height=\"244\" srcset=\"https:\/\/candas365.es\/noticias\/wp-content\/uploads\/2017\/12\/1512489031211-360x244.jpg 360w, https:\/\/candas365.es\/noticias\/wp-content\/uploads\/2017\/12\/1512489031211-768x521.jpg 768w, https:\/\/candas365.es\/noticias\/wp-content\/uploads\/2017\/12\/1512489031211-655x445.jpg 655w, https:\/\/candas365.es\/noticias\/wp-content\/uploads\/2017\/12\/1512489031211-696x472.jpg 696w, https:\/\/candas365.es\/noticias\/wp-content\/uploads\/2017\/12\/1512489031211-619x420.jpg 619w, https:\/\/candas365.es\/noticias\/wp-content\/uploads\/2017\/12\/1512489031211.jpg 800w\" sizes=\"(max-width: 360px) 100vw, 360px\" \/>Alfredo Sanzol visita esta semana el plat\u00f3 de &#8216;\u00a1Atenci\u00f3n Obras!&#8217; para hablar de su \u00faltimo trabajo como dramaturgo en &#8216;La dama boba&#8217;, que se representa estos d\u00edas en el Teatro de la Comedia de Madrid. El programa cultural de La 2 presentado por Cayetana Guill\u00e9n Cuervo adem\u00e1s hablar\u00e1 de la puesta en escena de &#8216;Troyanas&#8217; de Carme Portaceli, de la nueva instalaci\u00f3n de la artista colombiana Doris Salcedo y de la m\u00fasica del grupo Neuman, de gira con su nuevo disco &#8216;Crashpad&#8217;.<\/p>\n<p>El dramaturgo Alfredo Sanzol recibi\u00f3 la noticia de que le hab\u00edan otorgado el Premio Nacional de Literatura Dram\u00e1tica en medio de los ensayos de &#8216;La dama boba&#8217;, una de las obras m\u00e1s feministas de Lope de Vega. En &#8216;\u00a1Atenci\u00f3n Obras!&#8217; hablar\u00e1 de este texto que dirige hasta finales de mes en el Teatro de la Comedia de Madrid y sobre ese importante galard\u00f3n.<\/p>\n<p>Tambi\u00e9n en clave feminista se hablar\u00e1 de &#8216;Troyanas&#8217;. Tras su paso por el \u00faltimo festival de M\u00e9rida, ha llegado a la capital la adaptaci\u00f3n de Alberto Conejero del famoso texto de Eur\u00edpides. Dirige Carmen Portaceli y el elenco est\u00e1 encabezado por Aitana S\u00e1nchez Gij\u00f3n.<\/p>\n<p>Y m\u00e1s mujeres poderosas, en este caso la artista colombiana Doris Salcedo, figura destacada del arte contempor\u00e1neo internacional. El Palacio de Cristal de Madrid acoge estos d\u00edas una de sus instalaciones, dedicada a los inmigrantes que pierden la vida en el mar.<\/p>\n<p>En clave musical, &#8216;\u00a1Atenci\u00f3n Obras!&#8217; presentar\u00e1 el \u00faltimo trabajo de Neuman, uno de los grupos m\u00e1s solventes del panorama nacional y que estos d\u00edas est\u00e1n girando con su \u00faltimo disco, &#8216;Crashpad&#8217;. Los murcianos han regalado al programa un tema en ac\u00fastico en exclusiva.<\/p>\n<p>&#8216;\u00a1Atenci\u00f3n Obras!&#8217; se completar\u00e1 este mi\u00e9rcoles con m\u00e1s propuestas musicales: las del colaborador de esta semana, el director de Radio 3, Tom\u00e1s Fernando Flores.<\/p>\n","protected":false},"excerpt":{"rendered":"<p>Alfredo Sanzol visita esta semana el plat\u00f3 de &#8216;\u00a1Atenci\u00f3n Obras!&#8217; para hablar de su \u00faltimo trabajo como dramaturgo en &#8216;La dama boba&#8217;, que se representa estos d\u00edas en el Teatro de la Comedia de Madrid. El programa cultural de La 2 presentado por Cayetana Guill\u00e9n Cuervo adem\u00e1s hablar\u00e1 de la puesta en escena de &#8216;Troyanas&#8217;<\/p>\n","protected":false},"author":1,"featured_media":86293,"comment_status":"closed","ping_status":"closed","sticky":false,"template":"","format":"standard","meta":{"footnotes":""},"categories":[1],"tags":[],"class_list":{"0":"post-86292","1":"post","2":"type-post","3":"status-publish","4":"format-standard","5":"has-post-thumbnail","7":"category-agenda"},"aioseo_notices":[],"aioseo_head":"\n\t\t<!-- All in One SEO Pro 4.9.6.2 - aioseo.com -->\n\t<meta name=\"description\" content=\"Alfredo Sanzol visita esta semana el plat\u00f3 de &#039;\u00a1Atenci\u00f3n Obras!&#039; para hablar de su \u00faltimo trabajo como dramaturgo en &#039;La dama boba&#039;, que se representa estos d\u00edas en el Teatro de la Comedia de Madrid. El programa cultural de La 2 presentado por Cayetana Guill\u00e9n Cuervo adem\u00e1s hablar\u00e1 de la puesta en escena de &#039;Troyanas&#039;\" \/>\n\t<meta name=\"robots\" content=\"max-image-preview:large\" \/>\n\t<meta name=\"author\" content=\"Cand\u00e1s 365\"\/>\n\t<meta name=\"google-site-verification\" content=\"UA-32230408-1\" \/>\n\t<meta name=\"msvalidate.01\" content=\"354F3CDFB2DA171B47FBE9ABF1F88D5\" \/>\n\t<meta name=\"keywords\" content=\"agenda\" \/>\n\t<link rel=\"canonical\" href=\"https:\/\/candas365.es\/noticias\/alfredo-sanzol-en-atencion-obras\/\" \/>\n\t<meta name=\"generator\" content=\"All in One SEO Pro (AIOSEO) 4.9.6.2\" \/>\n\t\t<meta property=\"og:locale\" content=\"es_ES\" \/>\n\t\t<meta property=\"og:site_name\" content=\"Cand\u00e1s 365\" \/>\n\t\t<meta property=\"og:type\" content=\"article\" \/>\n\t\t<meta property=\"og:title\" content=\"Alfredo Sanzol en \u2018\u00a1Atenci\u00f3n Obras!\u2019 | Cand\u00e1s 365\" \/>\n\t\t<meta property=\"og:description\" content=\"Alfredo Sanzol visita esta semana el plat\u00f3 de &#039;\u00a1Atenci\u00f3n Obras!&#039; para hablar de su \u00faltimo trabajo como dramaturgo en &#039;La dama boba&#039;, que se representa estos d\u00edas en el Teatro de la Comedia de Madrid. El programa cultural de La 2 presentado por Cayetana Guill\u00e9n Cuervo adem\u00e1s hablar\u00e1 de la puesta en escena de &#039;Troyanas&#039;\" \/>\n\t\t<meta property=\"og:url\" content=\"https:\/\/candas365.es\/noticias\/alfredo-sanzol-en-atencion-obras\/\" \/>\n\t\t<meta property=\"og:image\" content=\"https:\/\/candas365.es\/noticias\/wp-content\/uploads\/2017\/12\/1512489031211.jpg\" \/>\n\t\t<meta property=\"og:image:secure_url\" content=\"https:\/\/candas365.es\/noticias\/wp-content\/uploads\/2017\/12\/1512489031211.jpg\" \/>\n\t\t<meta property=\"og:image:width\" content=\"800\" \/>\n\t\t<meta property=\"og:image:height\" content=\"543\" \/>\n\t\t<meta property=\"article:published_time\" content=\"2017-12-05T22:23:56+00:00\" \/>\n\t\t<meta property=\"article:modified_time\" content=\"2017-12-05T22:23:56+00:00\" \/>\n\t\t<meta property=\"article:publisher\" content=\"https:\/\/www.facebook.com\/Nachofdezber\" \/>\n\t\t<meta property=\"article:author\" content=\"https:\/\/www.facebook.com\/carrenoactualidad\" \/>\n\t\t<meta name=\"twitter:card\" content=\"summary_large_image\" \/>\n\t\t<meta name=\"twitter:site\" content=\"@NabercoDigital\" \/>\n\t\t<meta name=\"twitter:title\" content=\"Alfredo Sanzol en \u2018\u00a1Atenci\u00f3n Obras!\u2019 | Cand\u00e1s 365\" \/>\n\t\t<meta name=\"twitter:description\" content=\"Alfredo Sanzol visita esta semana el plat\u00f3 de &#039;\u00a1Atenci\u00f3n Obras!&#039; para hablar de su \u00faltimo trabajo como dramaturgo en &#039;La dama boba&#039;, que se representa estos d\u00edas en el Teatro de la Comedia de Madrid. El programa cultural de La 2 presentado por Cayetana Guill\u00e9n Cuervo adem\u00e1s hablar\u00e1 de la puesta en escena de &#039;Troyanas&#039;\" \/>\n\t\t<meta name=\"twitter:creator\" content=\"@nbasturias\" \/>\n\t\t<meta name=\"twitter:image\" content=\"https:\/\/candas365.es\/noticias\/wp-content\/uploads\/2017\/12\/1512489031211.jpg\" \/>\n\t\t<meta name=\"twitter:label1\" content=\"Escrito por\" \/>\n\t\t<meta name=\"twitter:data1\" content=\"Cand\u00e1s 365\" \/>\n\t\t<meta name=\"twitter:label2\" content=\"Tiempo de lectura estimado\" \/>\n\t\t<meta name=\"twitter:data2\" content=\"2 minutos\" \/>\n\t\t<script type=\"application\/ld+json\" class=\"aioseo-schema\">\n\t\t\t{\"@context\":\"https:\\\/\\\/schema.org\",\"@graph\":[{\"@type\":\"BreadcrumbList\",\"@id\":\"https:\\\/\\\/candas365.es\\\/noticias\\\/alfredo-sanzol-en-atencion-obras\\\/#breadcrumblist\",\"itemListElement\":[{\"@type\":\"ListItem\",\"@id\":\"https:\\\/\\\/candas365.es\\\/noticias#listItem\",\"position\":1,\"name\":\"Home\",\"item\":\"https:\\\/\\\/candas365.es\\\/noticias\",\"nextItem\":{\"@type\":\"ListItem\",\"@id\":\"https:\\\/\\\/candas365.es\\\/noticias\\\/category\\\/agenda\\\/#listItem\",\"name\":\"Agenda\"}},{\"@type\":\"ListItem\",\"@id\":\"https:\\\/\\\/candas365.es\\\/noticias\\\/category\\\/agenda\\\/#listItem\",\"position\":2,\"name\":\"Agenda\",\"item\":\"https:\\\/\\\/candas365.es\\\/noticias\\\/category\\\/agenda\\\/\",\"nextItem\":{\"@type\":\"ListItem\",\"@id\":\"https:\\\/\\\/candas365.es\\\/noticias\\\/alfredo-sanzol-en-atencion-obras\\\/#listItem\",\"name\":\"Alfredo Sanzol en &#8216;\\u00a1Atenci\\u00f3n Obras!&#8217;\"},\"previousItem\":{\"@type\":\"ListItem\",\"@id\":\"https:\\\/\\\/candas365.es\\\/noticias#listItem\",\"name\":\"Home\"}},{\"@type\":\"ListItem\",\"@id\":\"https:\\\/\\\/candas365.es\\\/noticias\\\/alfredo-sanzol-en-atencion-obras\\\/#listItem\",\"position\":3,\"name\":\"Alfredo Sanzol en &#8216;\\u00a1Atenci\\u00f3n Obras!&#8217;\",\"previousItem\":{\"@type\":\"ListItem\",\"@id\":\"https:\\\/\\\/candas365.es\\\/noticias\\\/category\\\/agenda\\\/#listItem\",\"name\":\"Agenda\"}}]},{\"@type\":\"NewsArticle\",\"@id\":\"https:\\\/\\\/candas365.es\\\/noticias\\\/alfredo-sanzol-en-atencion-obras\\\/#newsarticle\",\"name\":\"Alfredo Sanzol en \\u2018\\u00a1Atenci\\u00f3n Obras!\\u2019 | Cand\\u00e1s 365\",\"headline\":\"Alfredo Sanzol en &#8216;\\u00a1Atenci\\u00f3n Obras!&#8217;\",\"author\":{\"@id\":\"https:\\\/\\\/candas365.es\\\/noticias\\\/author\\\/admin\\\/#author\"},\"publisher\":{\"@id\":\"https:\\\/\\\/candas365.es\\\/noticias\\\/#organization\"},\"image\":{\"@type\":\"ImageObject\",\"url\":\"https:\\\/\\\/candas365.es\\\/noticias\\\/wp-content\\\/uploads\\\/2017\\\/12\\\/1512489031211.jpg\",\"width\":800,\"height\":543},\"datePublished\":\"2017-12-05T22:23:56+01:00\",\"dateModified\":\"2017-12-05T22:23:56+01:00\",\"inLanguage\":\"es-ES\",\"mainEntityOfPage\":{\"@id\":\"https:\\\/\\\/candas365.es\\\/noticias\\\/alfredo-sanzol-en-atencion-obras\\\/#webpage\"},\"isPartOf\":{\"@id\":\"https:\\\/\\\/candas365.es\\\/noticias\\\/alfredo-sanzol-en-atencion-obras\\\/#webpage\"},\"articleSection\":\"Agenda\",\"dateline\":\"Publicado el diciembre 5, 2017.\"},{\"@type\":\"Organization\",\"@id\":\"https:\\\/\\\/candas365.es\\\/noticias\\\/#organization\",\"name\":\"Cand\\u00e1s 365\",\"description\":\"Cand\\u00e1s 365 es un diario digital independiente, fundado en 2012, con base en Asturias. Informamos con rigor sobre actualidad, sociedad, cultura y ocio, con una mirada local y global.\",\"url\":\"https:\\\/\\\/candas365.es\\\/noticias\\\/\",\"email\":\"info@candas365.es\",\"telephone\":\"+34652131393\",\"foundingDate\":\"2012-06-10\",\"logo\":{\"@type\":\"ImageObject\",\"url\":\"https:\\\/\\\/candas365.es\\\/noticias\\\/wp-content\\\/uploads\\\/2024\\\/09\\\/Candas-365-Redes.jpg\",\"@id\":\"https:\\\/\\\/candas365.es\\\/noticias\\\/alfredo-sanzol-en-atencion-obras\\\/#organizationLogo\",\"width\":1152,\"height\":864,\"caption\":\"Cand\\u00e1s 365 Redes\"},\"image\":{\"@id\":\"https:\\\/\\\/candas365.es\\\/noticias\\\/alfredo-sanzol-en-atencion-obras\\\/#organizationLogo\"},\"sameAs\":[\"https:\\\/\\\/www.facebook.com\\\/Nachofdezber\",\"https:\\\/\\\/x.com\\\/NabercoDigital\",\"https:\\\/\\\/www.instagram.com\\\/nachofdezber\\\/\",\"https:\\\/\\\/www.youtube.com\\\/channel\\\/UCZP-2wLEB9Rv6erhFmqVnvg\"],\"address\":{\"@id\":\"https:\\\/\\\/candas365.es\\\/noticias\\\/#postaladdress\",\"@type\":\"PostalAddress\",\"streetAddress\":\"san antonio 4, san antonio 4\",\"postalCode\":\"33430\",\"addressLocality\":\"Cand\\u00e1s\",\"addressRegion\":\"Asturias\",\"addressCountry\":\"ES\"}},{\"@type\":\"Person\",\"@id\":\"https:\\\/\\\/candas365.es\\\/noticias\\\/author\\\/admin\\\/#author\",\"url\":\"https:\\\/\\\/candas365.es\\\/noticias\\\/author\\\/admin\\\/\",\"name\":\"Cand\\u00e1s 365\",\"image\":{\"@type\":\"ImageObject\",\"@id\":\"https:\\\/\\\/candas365.es\\\/noticias\\\/alfredo-sanzol-en-atencion-obras\\\/#authorImage\",\"url\":\"https:\\\/\\\/secure.gravatar.com\\\/avatar\\\/496a8e03d0c493ede1718b7934145dbdf8d89be1036b0eec9544e1094c9de390?s=96&d=mm&r=g\",\"width\":96,\"height\":96,\"caption\":\"Cand\\u00e1s 365\"},\"sameAs\":[\"https:\\\/\\\/www.facebook.com\\\/carrenoactualidad\",\"https:\\\/\\\/twitter.com\\\/nbasturias\",\"https:\\\/\\\/www.instagram.com\\\/nachofdezber\\\/\",\"https:\\\/\\\/www.youtube.com\\\/channel\\\/UCZP-2wLEB9Rv6erhFmqVnvg\"]},{\"@type\":\"WebPage\",\"@id\":\"https:\\\/\\\/candas365.es\\\/noticias\\\/alfredo-sanzol-en-atencion-obras\\\/#webpage\",\"url\":\"https:\\\/\\\/candas365.es\\\/noticias\\\/alfredo-sanzol-en-atencion-obras\\\/\",\"name\":\"Alfredo Sanzol en \\u2018\\u00a1Atenci\\u00f3n Obras!\\u2019 | Cand\\u00e1s 365\",\"description\":\"Alfredo Sanzol visita esta semana el plat\\u00f3 de '\\u00a1Atenci\\u00f3n Obras!' para hablar de su \\u00faltimo trabajo como dramaturgo en 'La dama boba', que se representa estos d\\u00edas en el Teatro de la Comedia de Madrid. El programa cultural de La 2 presentado por Cayetana Guill\\u00e9n Cuervo adem\\u00e1s hablar\\u00e1 de la puesta en escena de 'Troyanas'\",\"inLanguage\":\"es-ES\",\"isPartOf\":{\"@id\":\"https:\\\/\\\/candas365.es\\\/noticias\\\/#website\"},\"breadcrumb\":{\"@id\":\"https:\\\/\\\/candas365.es\\\/noticias\\\/alfredo-sanzol-en-atencion-obras\\\/#breadcrumblist\"},\"author\":{\"@id\":\"https:\\\/\\\/candas365.es\\\/noticias\\\/author\\\/admin\\\/#author\"},\"creator\":{\"@id\":\"https:\\\/\\\/candas365.es\\\/noticias\\\/author\\\/admin\\\/#author\"},\"image\":{\"@type\":\"ImageObject\",\"url\":\"https:\\\/\\\/candas365.es\\\/noticias\\\/wp-content\\\/uploads\\\/2017\\\/12\\\/1512489031211.jpg\",\"@id\":\"https:\\\/\\\/candas365.es\\\/noticias\\\/alfredo-sanzol-en-atencion-obras\\\/#mainImage\",\"width\":800,\"height\":543},\"primaryImageOfPage\":{\"@id\":\"https:\\\/\\\/candas365.es\\\/noticias\\\/alfredo-sanzol-en-atencion-obras\\\/#mainImage\"},\"datePublished\":\"2017-12-05T22:23:56+01:00\",\"dateModified\":\"2017-12-05T22:23:56+01:00\"},{\"@type\":\"WebSite\",\"@id\":\"https:\\\/\\\/candas365.es\\\/noticias\\\/#website\",\"url\":\"https:\\\/\\\/candas365.es\\\/noticias\\\/\",\"name\":\"Cand\\u00e1s 365\",\"alternateName\":\"Cand\\u00e1s 365 Noticias\",\"description\":\"Actualidad desde Carre\\u00f1o para el mundo\",\"inLanguage\":\"es-ES\",\"publisher\":{\"@id\":\"https:\\\/\\\/candas365.es\\\/noticias\\\/#organization\"}}]}\n\t\t<\/script>\n\t\t<!-- All in One SEO Pro -->\r\n\t\t<title>Alfredo Sanzol en \u2018\u00a1Atenci\u00f3n Obras!\u2019 | Cand\u00e1s 365<\/title>\n\n","aioseo_head_json":{"title":"Alfredo Sanzol en \u2018\u00a1Atenci\u00f3n Obras!\u2019 | Cand\u00e1s 365","description":"Alfredo Sanzol visita esta semana el plat\u00f3 de '\u00a1Atenci\u00f3n Obras!' para hablar de su \u00faltimo trabajo como dramaturgo en 'La dama boba', que se representa estos d\u00edas en el Teatro de la Comedia de Madrid. El programa cultural de La 2 presentado por Cayetana Guill\u00e9n Cuervo adem\u00e1s hablar\u00e1 de la puesta en escena de 'Troyanas'","canonical_url":"https:\/\/candas365.es\/noticias\/alfredo-sanzol-en-atencion-obras\/","robots":"max-image-preview:large","keywords":"agenda","webmasterTools":{"google-site-verification":"UA-32230408-1","msvalidate.01":"354F3CDFB2DA171B47FBE9ABF1F88D5","miscellaneous":""},"schema":{"@context":"https:\/\/schema.org","@graph":[{"@type":"BreadcrumbList","@id":"https:\/\/candas365.es\/noticias\/alfredo-sanzol-en-atencion-obras\/#breadcrumblist","itemListElement":[{"@type":"ListItem","@id":"https:\/\/candas365.es\/noticias#listItem","position":1,"name":"Home","item":"https:\/\/candas365.es\/noticias","nextItem":{"@type":"ListItem","@id":"https:\/\/candas365.es\/noticias\/category\/agenda\/#listItem","name":"Agenda"}},{"@type":"ListItem","@id":"https:\/\/candas365.es\/noticias\/category\/agenda\/#listItem","position":2,"name":"Agenda","item":"https:\/\/candas365.es\/noticias\/category\/agenda\/","nextItem":{"@type":"ListItem","@id":"https:\/\/candas365.es\/noticias\/alfredo-sanzol-en-atencion-obras\/#listItem","name":"Alfredo Sanzol en &#8216;\u00a1Atenci\u00f3n Obras!&#8217;"},"previousItem":{"@type":"ListItem","@id":"https:\/\/candas365.es\/noticias#listItem","name":"Home"}},{"@type":"ListItem","@id":"https:\/\/candas365.es\/noticias\/alfredo-sanzol-en-atencion-obras\/#listItem","position":3,"name":"Alfredo Sanzol en &#8216;\u00a1Atenci\u00f3n Obras!&#8217;","previousItem":{"@type":"ListItem","@id":"https:\/\/candas365.es\/noticias\/category\/agenda\/#listItem","name":"Agenda"}}]},{"@type":"NewsArticle","@id":"https:\/\/candas365.es\/noticias\/alfredo-sanzol-en-atencion-obras\/#newsarticle","name":"Alfredo Sanzol en \u2018\u00a1Atenci\u00f3n Obras!\u2019 | Cand\u00e1s 365","headline":"Alfredo Sanzol en &#8216;\u00a1Atenci\u00f3n Obras!&#8217;","author":{"@id":"https:\/\/candas365.es\/noticias\/author\/admin\/#author"},"publisher":{"@id":"https:\/\/candas365.es\/noticias\/#organization"},"image":{"@type":"ImageObject","url":"https:\/\/candas365.es\/noticias\/wp-content\/uploads\/2017\/12\/1512489031211.jpg","width":800,"height":543},"datePublished":"2017-12-05T22:23:56+01:00","dateModified":"2017-12-05T22:23:56+01:00","inLanguage":"es-ES","mainEntityOfPage":{"@id":"https:\/\/candas365.es\/noticias\/alfredo-sanzol-en-atencion-obras\/#webpage"},"isPartOf":{"@id":"https:\/\/candas365.es\/noticias\/alfredo-sanzol-en-atencion-obras\/#webpage"},"articleSection":"Agenda","dateline":"Publicado el diciembre 5, 2017."},{"@type":"Organization","@id":"https:\/\/candas365.es\/noticias\/#organization","name":"Cand\u00e1s 365","description":"Cand\u00e1s 365 es un diario digital independiente, fundado en 2012, con base en Asturias. Informamos con rigor sobre actualidad, sociedad, cultura y ocio, con una mirada local y global.","url":"https:\/\/candas365.es\/noticias\/","email":"info@candas365.es","telephone":"+34652131393","foundingDate":"2012-06-10","logo":{"@type":"ImageObject","url":"https:\/\/candas365.es\/noticias\/wp-content\/uploads\/2024\/09\/Candas-365-Redes.jpg","@id":"https:\/\/candas365.es\/noticias\/alfredo-sanzol-en-atencion-obras\/#organizationLogo","width":1152,"height":864,"caption":"Cand\u00e1s 365 Redes"},"image":{"@id":"https:\/\/candas365.es\/noticias\/alfredo-sanzol-en-atencion-obras\/#organizationLogo"},"sameAs":["https:\/\/www.facebook.com\/Nachofdezber","https:\/\/x.com\/NabercoDigital","https:\/\/www.instagram.com\/nachofdezber\/","https:\/\/www.youtube.com\/channel\/UCZP-2wLEB9Rv6erhFmqVnvg"],"address":{"@id":"https:\/\/candas365.es\/noticias\/#postaladdress","@type":"PostalAddress","streetAddress":"san antonio 4, san antonio 4","postalCode":"33430","addressLocality":"Cand\u00e1s","addressRegion":"Asturias","addressCountry":"ES"}},{"@type":"Person","@id":"https:\/\/candas365.es\/noticias\/author\/admin\/#author","url":"https:\/\/candas365.es\/noticias\/author\/admin\/","name":"Cand\u00e1s 365","image":{"@type":"ImageObject","@id":"https:\/\/candas365.es\/noticias\/alfredo-sanzol-en-atencion-obras\/#authorImage","url":"https:\/\/secure.gravatar.com\/avatar\/496a8e03d0c493ede1718b7934145dbdf8d89be1036b0eec9544e1094c9de390?s=96&d=mm&r=g","width":96,"height":96,"caption":"Cand\u00e1s 365"},"sameAs":["https:\/\/www.facebook.com\/carrenoactualidad","https:\/\/twitter.com\/nbasturias","https:\/\/www.instagram.com\/nachofdezber\/","https:\/\/www.youtube.com\/channel\/UCZP-2wLEB9Rv6erhFmqVnvg"]},{"@type":"WebPage","@id":"https:\/\/candas365.es\/noticias\/alfredo-sanzol-en-atencion-obras\/#webpage","url":"https:\/\/candas365.es\/noticias\/alfredo-sanzol-en-atencion-obras\/","name":"Alfredo Sanzol en \u2018\u00a1Atenci\u00f3n Obras!\u2019 | Cand\u00e1s 365","description":"Alfredo Sanzol visita esta semana el plat\u00f3 de '\u00a1Atenci\u00f3n Obras!' para hablar de su \u00faltimo trabajo como dramaturgo en 'La dama boba', que se representa estos d\u00edas en el Teatro de la Comedia de Madrid. El programa cultural de La 2 presentado por Cayetana Guill\u00e9n Cuervo adem\u00e1s hablar\u00e1 de la puesta en escena de 'Troyanas'","inLanguage":"es-ES","isPartOf":{"@id":"https:\/\/candas365.es\/noticias\/#website"},"breadcrumb":{"@id":"https:\/\/candas365.es\/noticias\/alfredo-sanzol-en-atencion-obras\/#breadcrumblist"},"author":{"@id":"https:\/\/candas365.es\/noticias\/author\/admin\/#author"},"creator":{"@id":"https:\/\/candas365.es\/noticias\/author\/admin\/#author"},"image":{"@type":"ImageObject","url":"https:\/\/candas365.es\/noticias\/wp-content\/uploads\/2017\/12\/1512489031211.jpg","@id":"https:\/\/candas365.es\/noticias\/alfredo-sanzol-en-atencion-obras\/#mainImage","width":800,"height":543},"primaryImageOfPage":{"@id":"https:\/\/candas365.es\/noticias\/alfredo-sanzol-en-atencion-obras\/#mainImage"},"datePublished":"2017-12-05T22:23:56+01:00","dateModified":"2017-12-05T22:23:56+01:00"},{"@type":"WebSite","@id":"https:\/\/candas365.es\/noticias\/#website","url":"https:\/\/candas365.es\/noticias\/","name":"Cand\u00e1s 365","alternateName":"Cand\u00e1s 365 Noticias","description":"Actualidad desde Carre\u00f1o para el mundo","inLanguage":"es-ES","publisher":{"@id":"https:\/\/candas365.es\/noticias\/#organization"}}]},"og:locale":"es_ES","og:site_name":"Cand\u00e1s 365","og:type":"article","og:title":"Alfredo Sanzol en \u2018\u00a1Atenci\u00f3n Obras!\u2019 | Cand\u00e1s 365","og:description":"Alfredo Sanzol visita esta semana el plat\u00f3 de '\u00a1Atenci\u00f3n Obras!' para hablar de su \u00faltimo trabajo como dramaturgo en 'La dama boba', que se representa estos d\u00edas en el Teatro de la Comedia de Madrid. El programa cultural de La 2 presentado por Cayetana Guill\u00e9n Cuervo adem\u00e1s hablar\u00e1 de la puesta en escena de 'Troyanas'","og:url":"https:\/\/candas365.es\/noticias\/alfredo-sanzol-en-atencion-obras\/","og:image":"https:\/\/candas365.es\/noticias\/wp-content\/uploads\/2017\/12\/1512489031211.jpg","og:image:secure_url":"https:\/\/candas365.es\/noticias\/wp-content\/uploads\/2017\/12\/1512489031211.jpg","og:image:width":800,"og:image:height":543,"article:published_time":"2017-12-05T22:23:56+00:00","article:modified_time":"2017-12-05T22:23:56+00:00","article:publisher":"https:\/\/www.facebook.com\/Nachofdezber","article:author":"https:\/\/www.facebook.com\/carrenoactualidad","twitter:card":"summary_large_image","twitter:site":"@NabercoDigital","twitter:title":"Alfredo Sanzol en \u2018\u00a1Atenci\u00f3n Obras!\u2019 | Cand\u00e1s 365","twitter:description":"Alfredo Sanzol visita esta semana el plat\u00f3 de '\u00a1Atenci\u00f3n Obras!' para hablar de su \u00faltimo trabajo como dramaturgo en 'La dama boba', que se representa estos d\u00edas en el Teatro de la Comedia de Madrid. El programa cultural de La 2 presentado por Cayetana Guill\u00e9n Cuervo adem\u00e1s hablar\u00e1 de la puesta en escena de 'Troyanas'","twitter:creator":"@nbasturias","twitter:image":"https:\/\/candas365.es\/noticias\/wp-content\/uploads\/2017\/12\/1512489031211.jpg","twitter:label1":"Escrito por","twitter:data1":"Cand\u00e1s 365","twitter:label2":"Tiempo de lectura estimado","twitter:data2":"2 minutos"},"aioseo_meta_data":{"post_id":"86292","title":null,"description":null,"keywords":null,"keyphrases":null,"primary_term":null,"canonical_url":null,"og_title":null,"og_description":null,"og_object_type":"default","og_image_type":"default","og_image_url":null,"og_image_width":null,"og_image_height":null,"og_image_custom_url":null,"og_image_custom_fields":null,"og_video":null,"og_custom_url":null,"og_article_section":null,"og_article_tags":null,"twitter_use_og":false,"twitter_card":"default","twitter_image_type":"default","twitter_image_url":null,"twitter_image_custom_url":null,"twitter_image_custom_fields":null,"twitter_title":null,"twitter_description":null,"schema":{"blockGraphs":[],"customGraphs":[],"default":{"data":{"Article":[],"Course":[],"Dataset":[],"FAQPage":[],"Movie":[],"Person":[],"Product":[],"ProductReview":[],"Car":[],"Recipe":[],"Service":[],"SoftwareApplication":[],"WebPage":[]},"graphName":"","isEnabled":true},"graphs":[]},"schema_type":null,"schema_type_options":null,"pillar_content":false,"robots_default":true,"robots_noindex":false,"robots_noarchive":false,"robots_nosnippet":false,"robots_nofollow":false,"robots_noimageindex":false,"robots_noodp":false,"robots_notranslate":false,"robots_max_snippet":null,"robots_max_videopreview":null,"robots_max_imagepreview":"large","priority":null,"frequency":null,"location":null,"local_seo":null,"seo_analyzer_scan_date":"2025-08-26 08:08:08","breadcrumb_settings":null,"limit_modified_date":false,"reviewed_by":null,"open_ai":null,"ai":null,"created":"2020-12-21 12:14:57","updated":"2025-08-26 08:08:08"},"aioseo_breadcrumb":"<div class=\"aioseo-breadcrumbs\"><span class=\"aioseo-breadcrumb\">\n\t<a href=\"https:\/\/candas365.es\/noticias\" title=\"Home\">Home<\/a>\n<\/span><span class=\"aioseo-breadcrumb-separator\">&ndash;<\/span><span class=\"aioseo-breadcrumb\">\n\t<a href=\"https:\/\/candas365.es\/noticias\/category\/agenda\/\" title=\"Agenda\">Agenda<\/a>\n<\/span><span class=\"aioseo-breadcrumb-separator\">&ndash;<\/span><span class=\"aioseo-breadcrumb\">\n\tAlfredo Sanzol en \u2018\u00a1Atenci\u00f3n Obras!\u2019\n<\/span><\/div>","aioseo_breadcrumb_json":[{"label":"Home","link":"https:\/\/candas365.es\/noticias"},{"label":"Agenda","link":"https:\/\/candas365.es\/noticias\/category\/agenda\/"},{"label":"Alfredo Sanzol en &#8216;\u00a1Atenci\u00f3n Obras!&#8217;","link":"https:\/\/candas365.es\/noticias\/alfredo-sanzol-en-atencion-obras\/"}],"_links":{"self":[{"href":"https:\/\/candas365.es\/noticias\/wp-json\/wp\/v2\/posts\/86292","targetHints":{"allow":["GET"]}}],"collection":[{"href":"https:\/\/candas365.es\/noticias\/wp-json\/wp\/v2\/posts"}],"about":[{"href":"https:\/\/candas365.es\/noticias\/wp-json\/wp\/v2\/types\/post"}],"author":[{"embeddable":true,"href":"https:\/\/candas365.es\/noticias\/wp-json\/wp\/v2\/users\/1"}],"replies":[{"embeddable":true,"href":"https:\/\/candas365.es\/noticias\/wp-json\/wp\/v2\/comments?post=86292"}],"version-history":[{"count":0,"href":"https:\/\/candas365.es\/noticias\/wp-json\/wp\/v2\/posts\/86292\/revisions"}],"wp:featuredmedia":[{"embeddable":true,"href":"https:\/\/candas365.es\/noticias\/wp-json\/wp\/v2\/media\/86293"}],"wp:attachment":[{"href":"https:\/\/candas365.es\/noticias\/wp-json\/wp\/v2\/media?parent=86292"}],"wp:term":[{"taxonomy":"category","embeddable":true,"href":"https:\/\/candas365.es\/noticias\/wp-json\/wp\/v2\/categories?post=86292"},{"taxonomy":"post_tag","embeddable":true,"href":"https:\/\/candas365.es\/noticias\/wp-json\/wp\/v2\/tags?post=86292"}],"curies":[{"name":"wp","href":"https:\/\/api.w.org\/{rel}","templated":true}]}}