{"id":86236,"date":"2017-12-05T14:25:12","date_gmt":"2017-12-05T14:25:12","guid":{"rendered":"http:\/\/candas365.es\/noticias\/?p=86236"},"modified":"2017-12-05T14:25:12","modified_gmt":"2017-12-05T14:25:12","slug":"concierto-de-la-ospa-el-dia-20-de-diciembre-en-el-huca","status":"publish","type":"post","link":"https:\/\/candas365.es\/noticias\/concierto-de-la-ospa-el-dia-20-de-diciembre-en-el-huca\/","title":{"rendered":"Concierto de la Ospa, el d\u00eda 20 de diciembre en el HUCA"},"content":{"rendered":"<p><img fetchpriority=\"high\" decoding=\"async\" class=\"alignleft size-medium wp-image-86237\" src=\"https:\/\/candas365.es\/noticias\/wp-content\/uploads\/2017\/12\/Presentacion-concierto-ospa-huca-360x237.jpg\" alt=\"\" width=\"360\" height=\"237\" srcset=\"https:\/\/candas365.es\/noticias\/wp-content\/uploads\/2017\/12\/Presentacion-concierto-ospa-huca-360x237.jpg 360w, https:\/\/candas365.es\/noticias\/wp-content\/uploads\/2017\/12\/Presentacion-concierto-ospa-huca-768x505.jpg 768w, https:\/\/candas365.es\/noticias\/wp-content\/uploads\/2017\/12\/Presentacion-concierto-ospa-huca-655x431.jpg 655w, https:\/\/candas365.es\/noticias\/wp-content\/uploads\/2017\/12\/Presentacion-concierto-ospa-huca-696x458.jpg 696w, https:\/\/candas365.es\/noticias\/wp-content\/uploads\/2017\/12\/Presentacion-concierto-ospa-huca-741x486.jpg 741w, https:\/\/candas365.es\/noticias\/wp-content\/uploads\/2017\/12\/Presentacion-concierto-ospa-huca-1068x703.jpg 1068w, https:\/\/candas365.es\/noticias\/wp-content\/uploads\/2017\/12\/Presentacion-concierto-ospa-huca-638x420.jpg 638w, https:\/\/candas365.es\/noticias\/wp-content\/uploads\/2017\/12\/Presentacion-concierto-ospa-huca-84x55.jpg 84w, https:\/\/candas365.es\/noticias\/wp-content\/uploads\/2017\/12\/Presentacion-concierto-ospa-huca.jpg 1280w\" sizes=\"(max-width: 360px) 100vw, 360px\" \/>El Hospital Universitario Central de Asturias (HUCA) acoger\u00e1 el pr\u00f3ximo d\u00eda 20, a las 17.30 horas, un concierto de la Orquesta Sinf\u00f3nica del Principado de Asturias (Ospa) que incluir\u00e1 en su repertorio diez obras de j\u00f3venes compositores, alumnos de las aulas hospitalarias.<\/p>\n<p>Esta actuaci\u00f3n forma parte del proyecto Escalas inventadas que el \u00e1rea social de la Ospa desarrolla desde hace meses con once alumnos, ni\u00f1os y adolescentes, ingresados en el centro sanitario. Desde el mes de octubre, un grupo de profesores liderados por John Falcone y Juan Ferriol trabajan con once j\u00f3venes pacientes del HUCA en talleres y sesiones individuales, ayud\u00e1ndolos en el proceso de composici\u00f3n.<\/p>\n<p>El objetivo de la iniciativa es ofrecer a los j\u00f3venes compositores la oportunidad de crear sus propias obras y poder escucharlas en concierto tocadas por m\u00fasicos profesionales.<\/p>\n<p>El resultado de Escalas inventadas son las siguientes diez piezas, incluidas en el repertorio del concierto del d\u00eda 20:<\/p>\n<p>&#8211; Cazando un mamut (con narraci\u00f3n), de Lucas Folgueira Riesgo.<\/p>\n<p>&#8211; El despertar de las hadas, de Cecilia Zapico Polo.<\/p>\n<p>&#8211; So\u00f1ando con volar, de Alba Fern\u00e1ndez \u00c1lvarez.<\/p>\n<p>&#8211; Composiciones sentimentales, de Mauro Diez Fern\u00e1ndez.<\/p>\n<p>&#8211; Canci\u00f3n de Iris, de Iris Su\u00e1rez Trelles.<\/p>\n<p>&#8211; S\u00e9ptima fantas\u00eda, de Beatriz Alonso Ma\u00f1ueco.<\/p>\n<p>&#8211; Oda de despertar, de V\u00edctor Manuel Pardias Men\u00e9ndez.<\/p>\n<p>&#8211; Tres episodios novedosos, de Mar\u00eda Su\u00e1rez Fern\u00e1ndez.<\/p>\n<p>&#8211; Tigua, de Isina Rico Rodr\u00edguez.<\/p>\n<p>&#8211; El elefante de colores (con narraci\u00f3n), de Yassine Laourigua \u00c1lvarez y Aar\u00f3n Thekwendu V\u00e1zquez.<\/p>\n<p>Las edades de los compositores van desde los 2 hasta los 18 a\u00f1os. Todos crearon una obra, salvo dos ni\u00f1os de cinco a\u00f1os que decidieron componer juntos su pieza.<\/p>\n<p>Las obras ser\u00e1n interpretadas por un grupo de c\u00e1mara de la Ospa que incluye la participaci\u00f3n de John Falcone (fagot), Juan Ferriol (oboe), Marcos Fern\u00e1ndez (viol\u00edn), Gustavo Fern\u00e1ndez (viol\u00edn), Pablo de la Carrera (viol\u00edn), Mar\u00eda Moros (viola), Ana Montoro (viola) y Francisco Mestre (contrabajo). En el recital participar\u00e1n tambi\u00e9n Jeanette Riesgo y Ver\u00f3nica \u00c1lvarez, dos de las madres de los j\u00f3venes compositores, que har\u00e1n de narradoras en las obras de sus hijos que incorporan texto.<\/p>\n<p>Esta ma\u00f1ana se ha presentado el concierto en el HUCA, en una rueda de prensa en la que han participado el gerente del \u00e1rea sanitaria IV, Luis Hevia; la gerente de la Ospa, Ana Mateo; la coordinadora de aulas hospitalarias del HUCA, Rosa Garc\u00eda, y el profesor John Falcone.<\/p>\n","protected":false},"excerpt":{"rendered":"<p>El Hospital Universitario Central de Asturias (HUCA) acoger\u00e1 el pr\u00f3ximo d\u00eda 20, a las 17.30 horas, un concierto de la Orquesta Sinf\u00f3nica del Principado de Asturias (Ospa) que incluir\u00e1 en su repertorio diez obras de j\u00f3venes compositores, alumnos de las aulas hospitalarias. Esta actuaci\u00f3n forma parte del proyecto Escalas inventadas que el \u00e1rea social de<\/p>\n","protected":false},"author":1,"featured_media":86237,"comment_status":"closed","ping_status":"closed","sticky":false,"template":"","format":"standard","meta":{"footnotes":""},"categories":[1],"tags":[],"class_list":{"0":"post-86236","1":"post","2":"type-post","3":"status-publish","4":"format-standard","5":"has-post-thumbnail","7":"category-agenda"},"aioseo_notices":[],"aioseo_head":"\n\t\t<!-- All in One SEO Pro 4.9.6.2 - aioseo.com -->\n\t<meta name=\"description\" content=\"El Hospital Universitario Central de Asturias (HUCA) acoger\u00e1 el pr\u00f3ximo d\u00eda 20, a las 17.30 horas, un concierto de la Orquesta Sinf\u00f3nica del Principado de Asturias (Ospa) que incluir\u00e1 en su repertorio diez obras de j\u00f3venes compositores, alumnos de las aulas hospitalarias. Esta actuaci\u00f3n forma parte del proyecto Escalas inventadas que el \u00e1rea social de\" \/>\n\t<meta name=\"robots\" content=\"max-image-preview:large\" \/>\n\t<meta name=\"author\" content=\"Cand\u00e1s 365\"\/>\n\t<meta name=\"google-site-verification\" content=\"UA-32230408-1\" \/>\n\t<meta name=\"msvalidate.01\" content=\"354F3CDFB2DA171B47FBE9ABF1F88D5\" \/>\n\t<meta name=\"keywords\" content=\"agenda\" \/>\n\t<link rel=\"canonical\" href=\"https:\/\/candas365.es\/noticias\/concierto-de-la-ospa-el-dia-20-de-diciembre-en-el-huca\/\" \/>\n\t<meta name=\"generator\" content=\"All in One SEO Pro (AIOSEO) 4.9.6.2\" \/>\n\t\t<meta property=\"og:locale\" content=\"es_ES\" \/>\n\t\t<meta property=\"og:site_name\" content=\"Cand\u00e1s 365\" \/>\n\t\t<meta property=\"og:type\" content=\"article\" \/>\n\t\t<meta property=\"og:title\" content=\"Concierto de la Ospa, el d\u00eda 20 de diciembre en el HUCA | Cand\u00e1s 365\" \/>\n\t\t<meta property=\"og:description\" content=\"El Hospital Universitario Central de Asturias (HUCA) acoger\u00e1 el pr\u00f3ximo d\u00eda 20, a las 17.30 horas, un concierto de la Orquesta Sinf\u00f3nica del Principado de Asturias (Ospa) que incluir\u00e1 en su repertorio diez obras de j\u00f3venes compositores, alumnos de las aulas hospitalarias. Esta actuaci\u00f3n forma parte del proyecto Escalas inventadas que el \u00e1rea social de\" \/>\n\t\t<meta property=\"og:url\" content=\"https:\/\/candas365.es\/noticias\/concierto-de-la-ospa-el-dia-20-de-diciembre-en-el-huca\/\" \/>\n\t\t<meta property=\"og:image\" content=\"https:\/\/candas365.es\/noticias\/wp-content\/uploads\/2017\/12\/Presentacion-concierto-ospa-huca.jpg\" \/>\n\t\t<meta property=\"og:image:secure_url\" content=\"https:\/\/candas365.es\/noticias\/wp-content\/uploads\/2017\/12\/Presentacion-concierto-ospa-huca.jpg\" \/>\n\t\t<meta property=\"og:image:width\" content=\"1280\" \/>\n\t\t<meta property=\"og:image:height\" content=\"842\" \/>\n\t\t<meta property=\"article:published_time\" content=\"2017-12-05T14:25:12+00:00\" \/>\n\t\t<meta property=\"article:modified_time\" content=\"2017-12-05T14:25:12+00:00\" \/>\n\t\t<meta property=\"article:publisher\" content=\"https:\/\/www.facebook.com\/Nachofdezber\" \/>\n\t\t<meta property=\"article:author\" content=\"https:\/\/www.facebook.com\/carrenoactualidad\" \/>\n\t\t<meta name=\"twitter:card\" content=\"summary_large_image\" \/>\n\t\t<meta name=\"twitter:site\" content=\"@NabercoDigital\" \/>\n\t\t<meta name=\"twitter:title\" content=\"Concierto de la Ospa, el d\u00eda 20 de diciembre en el HUCA | Cand\u00e1s 365\" \/>\n\t\t<meta name=\"twitter:description\" content=\"El Hospital Universitario Central de Asturias (HUCA) acoger\u00e1 el pr\u00f3ximo d\u00eda 20, a las 17.30 horas, un concierto de la Orquesta Sinf\u00f3nica del Principado de Asturias (Ospa) que incluir\u00e1 en su repertorio diez obras de j\u00f3venes compositores, alumnos de las aulas hospitalarias. Esta actuaci\u00f3n forma parte del proyecto Escalas inventadas que el \u00e1rea social de\" \/>\n\t\t<meta name=\"twitter:creator\" content=\"@nbasturias\" \/>\n\t\t<meta name=\"twitter:image\" content=\"https:\/\/candas365.es\/noticias\/wp-content\/uploads\/2017\/12\/Presentacion-concierto-ospa-huca.jpg\" \/>\n\t\t<meta name=\"twitter:label1\" content=\"Escrito por\" \/>\n\t\t<meta name=\"twitter:data1\" content=\"Cand\u00e1s 365\" \/>\n\t\t<meta name=\"twitter:label2\" content=\"Tiempo de lectura estimado\" \/>\n\t\t<meta name=\"twitter:data2\" content=\"2 minutos\" \/>\n\t\t<script type=\"application\/ld+json\" class=\"aioseo-schema\">\n\t\t\t{\"@context\":\"https:\\\/\\\/schema.org\",\"@graph\":[{\"@type\":\"BreadcrumbList\",\"@id\":\"https:\\\/\\\/candas365.es\\\/noticias\\\/concierto-de-la-ospa-el-dia-20-de-diciembre-en-el-huca\\\/#breadcrumblist\",\"itemListElement\":[{\"@type\":\"ListItem\",\"@id\":\"https:\\\/\\\/candas365.es\\\/noticias#listItem\",\"position\":1,\"name\":\"Home\",\"item\":\"https:\\\/\\\/candas365.es\\\/noticias\",\"nextItem\":{\"@type\":\"ListItem\",\"@id\":\"https:\\\/\\\/candas365.es\\\/noticias\\\/category\\\/agenda\\\/#listItem\",\"name\":\"Agenda\"}},{\"@type\":\"ListItem\",\"@id\":\"https:\\\/\\\/candas365.es\\\/noticias\\\/category\\\/agenda\\\/#listItem\",\"position\":2,\"name\":\"Agenda\",\"item\":\"https:\\\/\\\/candas365.es\\\/noticias\\\/category\\\/agenda\\\/\",\"nextItem\":{\"@type\":\"ListItem\",\"@id\":\"https:\\\/\\\/candas365.es\\\/noticias\\\/concierto-de-la-ospa-el-dia-20-de-diciembre-en-el-huca\\\/#listItem\",\"name\":\"Concierto de la Ospa, el d\\u00eda 20 de diciembre en el HUCA\"},\"previousItem\":{\"@type\":\"ListItem\",\"@id\":\"https:\\\/\\\/candas365.es\\\/noticias#listItem\",\"name\":\"Home\"}},{\"@type\":\"ListItem\",\"@id\":\"https:\\\/\\\/candas365.es\\\/noticias\\\/concierto-de-la-ospa-el-dia-20-de-diciembre-en-el-huca\\\/#listItem\",\"position\":3,\"name\":\"Concierto de la Ospa, el d\\u00eda 20 de diciembre en el HUCA\",\"previousItem\":{\"@type\":\"ListItem\",\"@id\":\"https:\\\/\\\/candas365.es\\\/noticias\\\/category\\\/agenda\\\/#listItem\",\"name\":\"Agenda\"}}]},{\"@type\":\"NewsArticle\",\"@id\":\"https:\\\/\\\/candas365.es\\\/noticias\\\/concierto-de-la-ospa-el-dia-20-de-diciembre-en-el-huca\\\/#newsarticle\",\"name\":\"Concierto de la Ospa, el d\\u00eda 20 de diciembre en el HUCA | Cand\\u00e1s 365\",\"headline\":\"Concierto de la Ospa, el d\\u00eda 20 de diciembre en el HUCA\",\"author\":{\"@id\":\"https:\\\/\\\/candas365.es\\\/noticias\\\/author\\\/admin\\\/#author\"},\"publisher\":{\"@id\":\"https:\\\/\\\/candas365.es\\\/noticias\\\/#organization\"},\"image\":{\"@type\":\"ImageObject\",\"url\":\"https:\\\/\\\/candas365.es\\\/noticias\\\/wp-content\\\/uploads\\\/2017\\\/12\\\/Presentacion-concierto-ospa-huca.jpg\",\"width\":1280,\"height\":842},\"datePublished\":\"2017-12-05T14:25:12+01:00\",\"dateModified\":\"2017-12-05T14:25:12+01:00\",\"inLanguage\":\"es-ES\",\"mainEntityOfPage\":{\"@id\":\"https:\\\/\\\/candas365.es\\\/noticias\\\/concierto-de-la-ospa-el-dia-20-de-diciembre-en-el-huca\\\/#webpage\"},\"isPartOf\":{\"@id\":\"https:\\\/\\\/candas365.es\\\/noticias\\\/concierto-de-la-ospa-el-dia-20-de-diciembre-en-el-huca\\\/#webpage\"},\"articleSection\":\"Agenda\",\"dateline\":\"Publicado el diciembre 5, 2017.\"},{\"@type\":\"Organization\",\"@id\":\"https:\\\/\\\/candas365.es\\\/noticias\\\/#organization\",\"name\":\"Cand\\u00e1s 365\",\"description\":\"Cand\\u00e1s 365 es un diario digital independiente, fundado en 2012, con base en Asturias. Informamos con rigor sobre actualidad, sociedad, cultura y ocio, con una mirada local y global.\",\"url\":\"https:\\\/\\\/candas365.es\\\/noticias\\\/\",\"email\":\"info@candas365.es\",\"telephone\":\"+34652131393\",\"foundingDate\":\"2012-06-10\",\"logo\":{\"@type\":\"ImageObject\",\"url\":\"https:\\\/\\\/candas365.es\\\/noticias\\\/wp-content\\\/uploads\\\/2024\\\/09\\\/Candas-365-Redes.jpg\",\"@id\":\"https:\\\/\\\/candas365.es\\\/noticias\\\/concierto-de-la-ospa-el-dia-20-de-diciembre-en-el-huca\\\/#organizationLogo\",\"width\":1152,\"height\":864,\"caption\":\"Cand\\u00e1s 365 Redes\"},\"image\":{\"@id\":\"https:\\\/\\\/candas365.es\\\/noticias\\\/concierto-de-la-ospa-el-dia-20-de-diciembre-en-el-huca\\\/#organizationLogo\"},\"sameAs\":[\"https:\\\/\\\/www.facebook.com\\\/Nachofdezber\",\"https:\\\/\\\/x.com\\\/NabercoDigital\",\"https:\\\/\\\/www.instagram.com\\\/nachofdezber\\\/\",\"https:\\\/\\\/www.youtube.com\\\/channel\\\/UCZP-2wLEB9Rv6erhFmqVnvg\"],\"address\":{\"@id\":\"https:\\\/\\\/candas365.es\\\/noticias\\\/#postaladdress\",\"@type\":\"PostalAddress\",\"streetAddress\":\"san antonio 4, san antonio 4\",\"postalCode\":\"33430\",\"addressLocality\":\"Cand\\u00e1s\",\"addressRegion\":\"Asturias\",\"addressCountry\":\"ES\"}},{\"@type\":\"Person\",\"@id\":\"https:\\\/\\\/candas365.es\\\/noticias\\\/author\\\/admin\\\/#author\",\"url\":\"https:\\\/\\\/candas365.es\\\/noticias\\\/author\\\/admin\\\/\",\"name\":\"Cand\\u00e1s 365\",\"image\":{\"@type\":\"ImageObject\",\"@id\":\"https:\\\/\\\/candas365.es\\\/noticias\\\/concierto-de-la-ospa-el-dia-20-de-diciembre-en-el-huca\\\/#authorImage\",\"url\":\"https:\\\/\\\/secure.gravatar.com\\\/avatar\\\/496a8e03d0c493ede1718b7934145dbdf8d89be1036b0eec9544e1094c9de390?s=96&d=mm&r=g\",\"width\":96,\"height\":96,\"caption\":\"Cand\\u00e1s 365\"},\"sameAs\":[\"https:\\\/\\\/www.facebook.com\\\/carrenoactualidad\",\"https:\\\/\\\/twitter.com\\\/nbasturias\",\"https:\\\/\\\/www.instagram.com\\\/nachofdezber\\\/\",\"https:\\\/\\\/www.youtube.com\\\/channel\\\/UCZP-2wLEB9Rv6erhFmqVnvg\"]},{\"@type\":\"WebPage\",\"@id\":\"https:\\\/\\\/candas365.es\\\/noticias\\\/concierto-de-la-ospa-el-dia-20-de-diciembre-en-el-huca\\\/#webpage\",\"url\":\"https:\\\/\\\/candas365.es\\\/noticias\\\/concierto-de-la-ospa-el-dia-20-de-diciembre-en-el-huca\\\/\",\"name\":\"Concierto de la Ospa, el d\\u00eda 20 de diciembre en el HUCA | Cand\\u00e1s 365\",\"description\":\"El Hospital Universitario Central de Asturias (HUCA) acoger\\u00e1 el pr\\u00f3ximo d\\u00eda 20, a las 17.30 horas, un concierto de la Orquesta Sinf\\u00f3nica del Principado de Asturias (Ospa) que incluir\\u00e1 en su repertorio diez obras de j\\u00f3venes compositores, alumnos de las aulas hospitalarias. Esta actuaci\\u00f3n forma parte del proyecto Escalas inventadas que el \\u00e1rea social de\",\"inLanguage\":\"es-ES\",\"isPartOf\":{\"@id\":\"https:\\\/\\\/candas365.es\\\/noticias\\\/#website\"},\"breadcrumb\":{\"@id\":\"https:\\\/\\\/candas365.es\\\/noticias\\\/concierto-de-la-ospa-el-dia-20-de-diciembre-en-el-huca\\\/#breadcrumblist\"},\"author\":{\"@id\":\"https:\\\/\\\/candas365.es\\\/noticias\\\/author\\\/admin\\\/#author\"},\"creator\":{\"@id\":\"https:\\\/\\\/candas365.es\\\/noticias\\\/author\\\/admin\\\/#author\"},\"image\":{\"@type\":\"ImageObject\",\"url\":\"https:\\\/\\\/candas365.es\\\/noticias\\\/wp-content\\\/uploads\\\/2017\\\/12\\\/Presentacion-concierto-ospa-huca.jpg\",\"@id\":\"https:\\\/\\\/candas365.es\\\/noticias\\\/concierto-de-la-ospa-el-dia-20-de-diciembre-en-el-huca\\\/#mainImage\",\"width\":1280,\"height\":842},\"primaryImageOfPage\":{\"@id\":\"https:\\\/\\\/candas365.es\\\/noticias\\\/concierto-de-la-ospa-el-dia-20-de-diciembre-en-el-huca\\\/#mainImage\"},\"datePublished\":\"2017-12-05T14:25:12+01:00\",\"dateModified\":\"2017-12-05T14:25:12+01:00\"},{\"@type\":\"WebSite\",\"@id\":\"https:\\\/\\\/candas365.es\\\/noticias\\\/#website\",\"url\":\"https:\\\/\\\/candas365.es\\\/noticias\\\/\",\"name\":\"Cand\\u00e1s 365\",\"alternateName\":\"Cand\\u00e1s 365 Noticias\",\"description\":\"Actualidad desde Carre\\u00f1o para el mundo\",\"inLanguage\":\"es-ES\",\"publisher\":{\"@id\":\"https:\\\/\\\/candas365.es\\\/noticias\\\/#organization\"}}]}\n\t\t<\/script>\n\t\t<!-- All in One SEO Pro -->\r\n\t\t<title>Concierto de la Ospa, el d\u00eda 20 de diciembre en el HUCA | Cand\u00e1s 365<\/title>\n\n","aioseo_head_json":{"title":"Concierto de la Ospa, el d\u00eda 20 de diciembre en el HUCA | Cand\u00e1s 365","description":"El Hospital Universitario Central de Asturias (HUCA) acoger\u00e1 el pr\u00f3ximo d\u00eda 20, a las 17.30 horas, un concierto de la Orquesta Sinf\u00f3nica del Principado de Asturias (Ospa) que incluir\u00e1 en su repertorio diez obras de j\u00f3venes compositores, alumnos de las aulas hospitalarias. Esta actuaci\u00f3n forma parte del proyecto Escalas inventadas que el \u00e1rea social de","canonical_url":"https:\/\/candas365.es\/noticias\/concierto-de-la-ospa-el-dia-20-de-diciembre-en-el-huca\/","robots":"max-image-preview:large","keywords":"agenda","webmasterTools":{"google-site-verification":"UA-32230408-1","msvalidate.01":"354F3CDFB2DA171B47FBE9ABF1F88D5","miscellaneous":""},"schema":{"@context":"https:\/\/schema.org","@graph":[{"@type":"BreadcrumbList","@id":"https:\/\/candas365.es\/noticias\/concierto-de-la-ospa-el-dia-20-de-diciembre-en-el-huca\/#breadcrumblist","itemListElement":[{"@type":"ListItem","@id":"https:\/\/candas365.es\/noticias#listItem","position":1,"name":"Home","item":"https:\/\/candas365.es\/noticias","nextItem":{"@type":"ListItem","@id":"https:\/\/candas365.es\/noticias\/category\/agenda\/#listItem","name":"Agenda"}},{"@type":"ListItem","@id":"https:\/\/candas365.es\/noticias\/category\/agenda\/#listItem","position":2,"name":"Agenda","item":"https:\/\/candas365.es\/noticias\/category\/agenda\/","nextItem":{"@type":"ListItem","@id":"https:\/\/candas365.es\/noticias\/concierto-de-la-ospa-el-dia-20-de-diciembre-en-el-huca\/#listItem","name":"Concierto de la Ospa, el d\u00eda 20 de diciembre en el HUCA"},"previousItem":{"@type":"ListItem","@id":"https:\/\/candas365.es\/noticias#listItem","name":"Home"}},{"@type":"ListItem","@id":"https:\/\/candas365.es\/noticias\/concierto-de-la-ospa-el-dia-20-de-diciembre-en-el-huca\/#listItem","position":3,"name":"Concierto de la Ospa, el d\u00eda 20 de diciembre en el HUCA","previousItem":{"@type":"ListItem","@id":"https:\/\/candas365.es\/noticias\/category\/agenda\/#listItem","name":"Agenda"}}]},{"@type":"NewsArticle","@id":"https:\/\/candas365.es\/noticias\/concierto-de-la-ospa-el-dia-20-de-diciembre-en-el-huca\/#newsarticle","name":"Concierto de la Ospa, el d\u00eda 20 de diciembre en el HUCA | Cand\u00e1s 365","headline":"Concierto de la Ospa, el d\u00eda 20 de diciembre en el HUCA","author":{"@id":"https:\/\/candas365.es\/noticias\/author\/admin\/#author"},"publisher":{"@id":"https:\/\/candas365.es\/noticias\/#organization"},"image":{"@type":"ImageObject","url":"https:\/\/candas365.es\/noticias\/wp-content\/uploads\/2017\/12\/Presentacion-concierto-ospa-huca.jpg","width":1280,"height":842},"datePublished":"2017-12-05T14:25:12+01:00","dateModified":"2017-12-05T14:25:12+01:00","inLanguage":"es-ES","mainEntityOfPage":{"@id":"https:\/\/candas365.es\/noticias\/concierto-de-la-ospa-el-dia-20-de-diciembre-en-el-huca\/#webpage"},"isPartOf":{"@id":"https:\/\/candas365.es\/noticias\/concierto-de-la-ospa-el-dia-20-de-diciembre-en-el-huca\/#webpage"},"articleSection":"Agenda","dateline":"Publicado el diciembre 5, 2017."},{"@type":"Organization","@id":"https:\/\/candas365.es\/noticias\/#organization","name":"Cand\u00e1s 365","description":"Cand\u00e1s 365 es un diario digital independiente, fundado en 2012, con base en Asturias. Informamos con rigor sobre actualidad, sociedad, cultura y ocio, con una mirada local y global.","url":"https:\/\/candas365.es\/noticias\/","email":"info@candas365.es","telephone":"+34652131393","foundingDate":"2012-06-10","logo":{"@type":"ImageObject","url":"https:\/\/candas365.es\/noticias\/wp-content\/uploads\/2024\/09\/Candas-365-Redes.jpg","@id":"https:\/\/candas365.es\/noticias\/concierto-de-la-ospa-el-dia-20-de-diciembre-en-el-huca\/#organizationLogo","width":1152,"height":864,"caption":"Cand\u00e1s 365 Redes"},"image":{"@id":"https:\/\/candas365.es\/noticias\/concierto-de-la-ospa-el-dia-20-de-diciembre-en-el-huca\/#organizationLogo"},"sameAs":["https:\/\/www.facebook.com\/Nachofdezber","https:\/\/x.com\/NabercoDigital","https:\/\/www.instagram.com\/nachofdezber\/","https:\/\/www.youtube.com\/channel\/UCZP-2wLEB9Rv6erhFmqVnvg"],"address":{"@id":"https:\/\/candas365.es\/noticias\/#postaladdress","@type":"PostalAddress","streetAddress":"san antonio 4, san antonio 4","postalCode":"33430","addressLocality":"Cand\u00e1s","addressRegion":"Asturias","addressCountry":"ES"}},{"@type":"Person","@id":"https:\/\/candas365.es\/noticias\/author\/admin\/#author","url":"https:\/\/candas365.es\/noticias\/author\/admin\/","name":"Cand\u00e1s 365","image":{"@type":"ImageObject","@id":"https:\/\/candas365.es\/noticias\/concierto-de-la-ospa-el-dia-20-de-diciembre-en-el-huca\/#authorImage","url":"https:\/\/secure.gravatar.com\/avatar\/496a8e03d0c493ede1718b7934145dbdf8d89be1036b0eec9544e1094c9de390?s=96&d=mm&r=g","width":96,"height":96,"caption":"Cand\u00e1s 365"},"sameAs":["https:\/\/www.facebook.com\/carrenoactualidad","https:\/\/twitter.com\/nbasturias","https:\/\/www.instagram.com\/nachofdezber\/","https:\/\/www.youtube.com\/channel\/UCZP-2wLEB9Rv6erhFmqVnvg"]},{"@type":"WebPage","@id":"https:\/\/candas365.es\/noticias\/concierto-de-la-ospa-el-dia-20-de-diciembre-en-el-huca\/#webpage","url":"https:\/\/candas365.es\/noticias\/concierto-de-la-ospa-el-dia-20-de-diciembre-en-el-huca\/","name":"Concierto de la Ospa, el d\u00eda 20 de diciembre en el HUCA | Cand\u00e1s 365","description":"El Hospital Universitario Central de Asturias (HUCA) acoger\u00e1 el pr\u00f3ximo d\u00eda 20, a las 17.30 horas, un concierto de la Orquesta Sinf\u00f3nica del Principado de Asturias (Ospa) que incluir\u00e1 en su repertorio diez obras de j\u00f3venes compositores, alumnos de las aulas hospitalarias. Esta actuaci\u00f3n forma parte del proyecto Escalas inventadas que el \u00e1rea social de","inLanguage":"es-ES","isPartOf":{"@id":"https:\/\/candas365.es\/noticias\/#website"},"breadcrumb":{"@id":"https:\/\/candas365.es\/noticias\/concierto-de-la-ospa-el-dia-20-de-diciembre-en-el-huca\/#breadcrumblist"},"author":{"@id":"https:\/\/candas365.es\/noticias\/author\/admin\/#author"},"creator":{"@id":"https:\/\/candas365.es\/noticias\/author\/admin\/#author"},"image":{"@type":"ImageObject","url":"https:\/\/candas365.es\/noticias\/wp-content\/uploads\/2017\/12\/Presentacion-concierto-ospa-huca.jpg","@id":"https:\/\/candas365.es\/noticias\/concierto-de-la-ospa-el-dia-20-de-diciembre-en-el-huca\/#mainImage","width":1280,"height":842},"primaryImageOfPage":{"@id":"https:\/\/candas365.es\/noticias\/concierto-de-la-ospa-el-dia-20-de-diciembre-en-el-huca\/#mainImage"},"datePublished":"2017-12-05T14:25:12+01:00","dateModified":"2017-12-05T14:25:12+01:00"},{"@type":"WebSite","@id":"https:\/\/candas365.es\/noticias\/#website","url":"https:\/\/candas365.es\/noticias\/","name":"Cand\u00e1s 365","alternateName":"Cand\u00e1s 365 Noticias","description":"Actualidad desde Carre\u00f1o para el mundo","inLanguage":"es-ES","publisher":{"@id":"https:\/\/candas365.es\/noticias\/#organization"}}]},"og:locale":"es_ES","og:site_name":"Cand\u00e1s 365","og:type":"article","og:title":"Concierto de la Ospa, el d\u00eda 20 de diciembre en el HUCA | Cand\u00e1s 365","og:description":"El Hospital Universitario Central de Asturias (HUCA) acoger\u00e1 el pr\u00f3ximo d\u00eda 20, a las 17.30 horas, un concierto de la Orquesta Sinf\u00f3nica del Principado de Asturias (Ospa) que incluir\u00e1 en su repertorio diez obras de j\u00f3venes compositores, alumnos de las aulas hospitalarias. Esta actuaci\u00f3n forma parte del proyecto Escalas inventadas que el \u00e1rea social de","og:url":"https:\/\/candas365.es\/noticias\/concierto-de-la-ospa-el-dia-20-de-diciembre-en-el-huca\/","og:image":"https:\/\/candas365.es\/noticias\/wp-content\/uploads\/2017\/12\/Presentacion-concierto-ospa-huca.jpg","og:image:secure_url":"https:\/\/candas365.es\/noticias\/wp-content\/uploads\/2017\/12\/Presentacion-concierto-ospa-huca.jpg","og:image:width":1280,"og:image:height":842,"article:published_time":"2017-12-05T14:25:12+00:00","article:modified_time":"2017-12-05T14:25:12+00:00","article:publisher":"https:\/\/www.facebook.com\/Nachofdezber","article:author":"https:\/\/www.facebook.com\/carrenoactualidad","twitter:card":"summary_large_image","twitter:site":"@NabercoDigital","twitter:title":"Concierto de la Ospa, el d\u00eda 20 de diciembre en el HUCA | Cand\u00e1s 365","twitter:description":"El Hospital Universitario Central de Asturias (HUCA) acoger\u00e1 el pr\u00f3ximo d\u00eda 20, a las 17.30 horas, un concierto de la Orquesta Sinf\u00f3nica del Principado de Asturias (Ospa) que incluir\u00e1 en su repertorio diez obras de j\u00f3venes compositores, alumnos de las aulas hospitalarias. Esta actuaci\u00f3n forma parte del proyecto Escalas inventadas que el \u00e1rea social de","twitter:creator":"@nbasturias","twitter:image":"https:\/\/candas365.es\/noticias\/wp-content\/uploads\/2017\/12\/Presentacion-concierto-ospa-huca.jpg","twitter:label1":"Escrito por","twitter:data1":"Cand\u00e1s 365","twitter:label2":"Tiempo de lectura estimado","twitter:data2":"2 minutos"},"aioseo_meta_data":{"post_id":"86236","title":null,"description":null,"keywords":null,"keyphrases":null,"primary_term":null,"canonical_url":null,"og_title":null,"og_description":null,"og_object_type":"default","og_image_type":"default","og_image_url":null,"og_image_width":null,"og_image_height":null,"og_image_custom_url":null,"og_image_custom_fields":null,"og_video":null,"og_custom_url":null,"og_article_section":null,"og_article_tags":null,"twitter_use_og":false,"twitter_card":"default","twitter_image_type":"default","twitter_image_url":null,"twitter_image_custom_url":null,"twitter_image_custom_fields":null,"twitter_title":null,"twitter_description":null,"schema":{"blockGraphs":[],"customGraphs":[],"default":{"data":{"Article":[],"Course":[],"Dataset":[],"FAQPage":[],"Movie":[],"Person":[],"Product":[],"ProductReview":[],"Car":[],"Recipe":[],"Service":[],"SoftwareApplication":[],"WebPage":[]},"graphName":"","isEnabled":true},"graphs":[]},"schema_type":null,"schema_type_options":null,"pillar_content":false,"robots_default":true,"robots_noindex":false,"robots_noarchive":false,"robots_nosnippet":false,"robots_nofollow":false,"robots_noimageindex":false,"robots_noodp":false,"robots_notranslate":false,"robots_max_snippet":null,"robots_max_videopreview":null,"robots_max_imagepreview":"large","priority":null,"frequency":null,"location":null,"local_seo":null,"seo_analyzer_scan_date":"2025-08-26 08:03:43","breadcrumb_settings":null,"limit_modified_date":false,"reviewed_by":null,"open_ai":null,"ai":null,"created":"2020-12-21 12:15:58","updated":"2025-08-26 08:03:43"},"aioseo_breadcrumb":"<div class=\"aioseo-breadcrumbs\"><span class=\"aioseo-breadcrumb\">\n\t<a href=\"https:\/\/candas365.es\/noticias\" title=\"Home\">Home<\/a>\n<\/span><span class=\"aioseo-breadcrumb-separator\">&ndash;<\/span><span class=\"aioseo-breadcrumb\">\n\t<a href=\"https:\/\/candas365.es\/noticias\/category\/agenda\/\" title=\"Agenda\">Agenda<\/a>\n<\/span><span class=\"aioseo-breadcrumb-separator\">&ndash;<\/span><span class=\"aioseo-breadcrumb\">\n\tConcierto de la Ospa, el d\u00eda 20 de diciembre en el HUCA\n<\/span><\/div>","aioseo_breadcrumb_json":[{"label":"Home","link":"https:\/\/candas365.es\/noticias"},{"label":"Agenda","link":"https:\/\/candas365.es\/noticias\/category\/agenda\/"},{"label":"Concierto de la Ospa, el d\u00eda 20 de diciembre en el HUCA","link":"https:\/\/candas365.es\/noticias\/concierto-de-la-ospa-el-dia-20-de-diciembre-en-el-huca\/"}],"_links":{"self":[{"href":"https:\/\/candas365.es\/noticias\/wp-json\/wp\/v2\/posts\/86236","targetHints":{"allow":["GET"]}}],"collection":[{"href":"https:\/\/candas365.es\/noticias\/wp-json\/wp\/v2\/posts"}],"about":[{"href":"https:\/\/candas365.es\/noticias\/wp-json\/wp\/v2\/types\/post"}],"author":[{"embeddable":true,"href":"https:\/\/candas365.es\/noticias\/wp-json\/wp\/v2\/users\/1"}],"replies":[{"embeddable":true,"href":"https:\/\/candas365.es\/noticias\/wp-json\/wp\/v2\/comments?post=86236"}],"version-history":[{"count":0,"href":"https:\/\/candas365.es\/noticias\/wp-json\/wp\/v2\/posts\/86236\/revisions"}],"wp:featuredmedia":[{"embeddable":true,"href":"https:\/\/candas365.es\/noticias\/wp-json\/wp\/v2\/media\/86237"}],"wp:attachment":[{"href":"https:\/\/candas365.es\/noticias\/wp-json\/wp\/v2\/media?parent=86236"}],"wp:term":[{"taxonomy":"category","embeddable":true,"href":"https:\/\/candas365.es\/noticias\/wp-json\/wp\/v2\/categories?post=86236"},{"taxonomy":"post_tag","embeddable":true,"href":"https:\/\/candas365.es\/noticias\/wp-json\/wp\/v2\/tags?post=86236"}],"curies":[{"name":"wp","href":"https:\/\/api.w.org\/{rel}","templated":true}]}}