{"id":86176,"date":"2017-12-04T12:53:31","date_gmt":"2017-12-04T12:53:31","guid":{"rendered":"http:\/\/candas365.es\/noticias\/?p=86176"},"modified":"2017-12-04T12:53:31","modified_gmt":"2017-12-04T12:53:31","slug":"laboral-cinemateca-proyecta-la-pelicula-de-nuestra-vida","status":"publish","type":"post","link":"https:\/\/candas365.es\/noticias\/laboral-cinemateca-proyecta-la-pelicula-de-nuestra-vida\/","title":{"rendered":"Laboral Cinemateca proyecta \u00abLa pel\u00edcula de nuestra vida\u00bb"},"content":{"rendered":"<p><img fetchpriority=\"high\" decoding=\"async\" class=\"alignleft size-medium wp-image-86177\" src=\"https:\/\/candas365.es\/noticias\/wp-content\/uploads\/2017\/12\/Lapel\u00edculadenuestravida-360x225.jpg\" alt=\"\" width=\"360\" height=\"225\" srcset=\"https:\/\/candas365.es\/noticias\/wp-content\/uploads\/2017\/12\/Lapel\u00edculadenuestravida-360x225.jpg 360w, https:\/\/candas365.es\/noticias\/wp-content\/uploads\/2017\/12\/Lapel\u00edculadenuestravida-768x480.jpg 768w, https:\/\/candas365.es\/noticias\/wp-content\/uploads\/2017\/12\/Lapel\u00edculadenuestravida-655x409.jpg 655w, https:\/\/candas365.es\/noticias\/wp-content\/uploads\/2017\/12\/Lapel\u00edculadenuestravida-696x435.jpg 696w, https:\/\/candas365.es\/noticias\/wp-content\/uploads\/2017\/12\/Lapel\u00edculadenuestravida-1068x668.jpg 1068w, https:\/\/candas365.es\/noticias\/wp-content\/uploads\/2017\/12\/Lapel\u00edculadenuestravida-672x420.jpg 672w, https:\/\/candas365.es\/noticias\/wp-content\/uploads\/2017\/12\/Lapel\u00edculadenuestravida-279x173.jpg 279w, https:\/\/candas365.es\/noticias\/wp-content\/uploads\/2017\/12\/Lapel\u00edculadenuestravida.jpg 1280w\" sizes=\"(max-width: 360px) 100vw, 360px\" \/>Laboral Cinemateca acoge esta semana la proyecci\u00f3n de La pel\u00edcula de nuestra vida, el primer largometraje de Enrique Bar\u00f3 que se estren\u00f3 con gran \u00e9xito en la secci\u00f3n competitiva Nuevas Olas del pasado Festival de Cine Europeo de Sevilla. La proyecci\u00f3n tendr\u00e1 lugar el s\u00e1bado 9 a las 20:00 horas en el Paraninfo de la Laboral.<\/p>\n<p>Bar\u00f3 mira al pasado en su \u00f3pera prima en la que utiliza viejas pel\u00edculas dom\u00e9sticas de la familia \u2013las primeras grabaciones datan de 1953- para reflexionar sobre el paso del tiempo. Lo \u00edntimo y lo universal conviven en esta pel\u00edcula que narra la historia de una vida, la historia de una casa, la historia de un verano contada a trav\u00e9s de tres hombres: un anciano, un adulto y un joven (o quiz\u00e1 uno solo). La recreaci\u00f3n de una vida pasada que cobra vida, escena tras escena, a trav\u00e9s de pel\u00edculas dom\u00e9sticas, canciones, veranos felices, fiestas, tardes de agosto, una piscina\u2026 Una vida real que comenz\u00f3 en 1953 y que ahora cobra vida de nuevo.<\/p>\n<p>El Paraninfo de la Laboral acoger\u00e1, adem\u00e1s, la proyecci\u00f3n de dos nuevos t\u00edtulos del ciclo \u201cDragones voladores, espadas errantes, King Hu y otros maestros del cine wuxia\u201d. El viernes 8, a las 20:00 horas, podr\u00e1 verse la pel\u00edcula El monte del drag\u00f3n volador (The fly dragon mountain) en la que Cheng Hung-Min se volc\u00f3 en el dise\u00f1o y la coreograf\u00eda de cada escena de acci\u00f3n para contar la historia de Er-Hu, un joven mendigo al que le regalan un collar de jade blanco. Una noche, el collar es robado y la madre de Er-Hu asesinada por el ladr\u00f3n. Diez a\u00f1os despu\u00e9s, Er-Hu se convierte en un guerrero famoso por combatir las injusticias y proteger a los d\u00e9biles. Un d\u00eda, ve a un forastero que lleva el collar de jade blanco colgado del cuello.<\/p>\n<p>El domingo 10, las 20:00 horas, cierra el ciclo dedicado al cine wuxia la proyecci\u00f3n de Una gran pasi\u00f3n (The grand passion) de Yang Shih-Ching, un tenso drama hist\u00f3rico que logra reconstruir la arriesgada rebeli\u00f3n contra los Jin durante la Dinast\u00eda Song del Sur, conduciendo a los espectadores a trav\u00e9s de una serie de escenas de suspense y un relato v\u00edvido lleno de giros y sorpresas.<\/p>\n<p>Completa la cartelera de Laboral Cinemateca para este fin de semana la comedia familiar francesa Les malheurs de Sophie de Christophe Honor\u00e9, una adaptaci\u00f3n libre del relato de la condesa de S\u00e9gur que se podr\u00e1 ver el domingo a las 17:30 horas en el Paraninfo de la Laboral. Sophie vive en Francia en un castillo sin preocupaciones y se divierte haciendo trastadas junto a su primo Paul. Cuando sus padres deciden marcharse a Am\u00e9rica, Sophie est\u00e1 encantada. Pero un a\u00f1o m\u00e1s tarde se ve obligada a volver a su pa\u00eds natal junto a su terrible madrastra, Madame Fichini.<\/p>\n<p>Las entradas para todas las pel\u00edculas est\u00e1n ya a la venta, a un precio general de 4 euros y reducido de 3 euros, en la Recepci\u00f3n de Laboral Ciudad de la Cultura en Gij\u00f3n, en la Recepci\u00f3n del Centro Niemeyer en Avil\u00e9s, en el Centro de Informaci\u00f3n Tur\u00edstica del Principado en Oviedo, en <span style=\"color: #ff6600;\"><strong>entradas.liberbank.es<\/strong><\/span>, en el tel\u00e9fono 902 106 601 y en la red de cajeros Liberbank.<\/p>\n","protected":false},"excerpt":{"rendered":"<p>Laboral Cinemateca acoge esta semana la proyecci\u00f3n de La pel\u00edcula de nuestra vida, el primer largometraje de Enrique Bar\u00f3 que se estren\u00f3 con gran \u00e9xito en la secci\u00f3n competitiva Nuevas Olas del pasado Festival de Cine Europeo de Sevilla. La proyecci\u00f3n tendr\u00e1 lugar el s\u00e1bado 9 a las 20:00 horas en el Paraninfo de la<\/p>\n","protected":false},"author":1,"featured_media":86177,"comment_status":"closed","ping_status":"closed","sticky":false,"template":"","format":"standard","meta":{"footnotes":""},"categories":[1],"tags":[],"class_list":{"0":"post-86176","1":"post","2":"type-post","3":"status-publish","4":"format-standard","5":"has-post-thumbnail","7":"category-agenda"},"aioseo_notices":[],"aioseo_head":"\n\t\t<!-- All in One SEO Pro 4.9.6.2 - aioseo.com -->\n\t<meta name=\"description\" content=\"Laboral Cinemateca acoge esta semana la proyecci\u00f3n de La pel\u00edcula de nuestra vida, el primer largometraje de Enrique Bar\u00f3 que se estren\u00f3 con gran \u00e9xito en la secci\u00f3n competitiva Nuevas Olas del pasado Festival de Cine Europeo de Sevilla. La proyecci\u00f3n tendr\u00e1 lugar el s\u00e1bado 9 a las 20:00 horas en el Paraninfo de la\" \/>\n\t<meta name=\"robots\" content=\"max-image-preview:large\" \/>\n\t<meta name=\"author\" content=\"Cand\u00e1s 365\"\/>\n\t<meta name=\"google-site-verification\" content=\"UA-32230408-1\" \/>\n\t<meta name=\"msvalidate.01\" content=\"354F3CDFB2DA171B47FBE9ABF1F88D5\" \/>\n\t<meta name=\"keywords\" content=\"agenda\" \/>\n\t<link rel=\"canonical\" href=\"https:\/\/candas365.es\/noticias\/laboral-cinemateca-proyecta-la-pelicula-de-nuestra-vida\/\" \/>\n\t<meta name=\"generator\" content=\"All in One SEO Pro (AIOSEO) 4.9.6.2\" \/>\n\t\t<meta property=\"og:locale\" content=\"es_ES\" \/>\n\t\t<meta property=\"og:site_name\" content=\"Cand\u00e1s 365\" \/>\n\t\t<meta property=\"og:type\" content=\"article\" \/>\n\t\t<meta property=\"og:title\" content=\"Laboral Cinemateca proyecta \u00abLa pel\u00edcula de nuestra vida\u00bb | Cand\u00e1s 365\" \/>\n\t\t<meta property=\"og:description\" content=\"Laboral Cinemateca acoge esta semana la proyecci\u00f3n de La pel\u00edcula de nuestra vida, el primer largometraje de Enrique Bar\u00f3 que se estren\u00f3 con gran \u00e9xito en la secci\u00f3n competitiva Nuevas Olas del pasado Festival de Cine Europeo de Sevilla. La proyecci\u00f3n tendr\u00e1 lugar el s\u00e1bado 9 a las 20:00 horas en el Paraninfo de la\" \/>\n\t\t<meta property=\"og:url\" content=\"https:\/\/candas365.es\/noticias\/laboral-cinemateca-proyecta-la-pelicula-de-nuestra-vida\/\" \/>\n\t\t<meta property=\"og:image\" content=\"https:\/\/candas365.es\/noticias\/wp-content\/uploads\/2017\/12\/Lapel\u00edculadenuestravida.jpg\" \/>\n\t\t<meta property=\"og:image:secure_url\" content=\"https:\/\/candas365.es\/noticias\/wp-content\/uploads\/2017\/12\/Lapel\u00edculadenuestravida.jpg\" \/>\n\t\t<meta property=\"og:image:width\" content=\"1280\" \/>\n\t\t<meta property=\"og:image:height\" content=\"800\" \/>\n\t\t<meta property=\"article:published_time\" content=\"2017-12-04T12:53:31+00:00\" \/>\n\t\t<meta property=\"article:modified_time\" content=\"2017-12-04T12:53:31+00:00\" \/>\n\t\t<meta property=\"article:publisher\" content=\"https:\/\/www.facebook.com\/Nachofdezber\" \/>\n\t\t<meta property=\"article:author\" content=\"https:\/\/www.facebook.com\/carrenoactualidad\" \/>\n\t\t<meta name=\"twitter:card\" content=\"summary_large_image\" \/>\n\t\t<meta name=\"twitter:site\" content=\"@NabercoDigital\" \/>\n\t\t<meta name=\"twitter:title\" content=\"Laboral Cinemateca proyecta \u00abLa pel\u00edcula de nuestra vida\u00bb | Cand\u00e1s 365\" \/>\n\t\t<meta name=\"twitter:description\" content=\"Laboral Cinemateca acoge esta semana la proyecci\u00f3n de La pel\u00edcula de nuestra vida, el primer largometraje de Enrique Bar\u00f3 que se estren\u00f3 con gran \u00e9xito en la secci\u00f3n competitiva Nuevas Olas del pasado Festival de Cine Europeo de Sevilla. La proyecci\u00f3n tendr\u00e1 lugar el s\u00e1bado 9 a las 20:00 horas en el Paraninfo de la\" \/>\n\t\t<meta name=\"twitter:creator\" content=\"@nbasturias\" \/>\n\t\t<meta name=\"twitter:image\" content=\"https:\/\/candas365.es\/noticias\/wp-content\/uploads\/2017\/12\/Lapel\u00edculadenuestravida.jpg\" \/>\n\t\t<meta name=\"twitter:label1\" content=\"Escrito por\" \/>\n\t\t<meta name=\"twitter:data1\" content=\"Cand\u00e1s 365\" \/>\n\t\t<meta name=\"twitter:label2\" content=\"Tiempo de lectura estimado\" \/>\n\t\t<meta name=\"twitter:data2\" content=\"3 minutos\" \/>\n\t\t<script type=\"application\/ld+json\" class=\"aioseo-schema\">\n\t\t\t{\"@context\":\"https:\\\/\\\/schema.org\",\"@graph\":[{\"@type\":\"BreadcrumbList\",\"@id\":\"https:\\\/\\\/candas365.es\\\/noticias\\\/laboral-cinemateca-proyecta-la-pelicula-de-nuestra-vida\\\/#breadcrumblist\",\"itemListElement\":[{\"@type\":\"ListItem\",\"@id\":\"https:\\\/\\\/candas365.es\\\/noticias#listItem\",\"position\":1,\"name\":\"Home\",\"item\":\"https:\\\/\\\/candas365.es\\\/noticias\",\"nextItem\":{\"@type\":\"ListItem\",\"@id\":\"https:\\\/\\\/candas365.es\\\/noticias\\\/category\\\/agenda\\\/#listItem\",\"name\":\"Agenda\"}},{\"@type\":\"ListItem\",\"@id\":\"https:\\\/\\\/candas365.es\\\/noticias\\\/category\\\/agenda\\\/#listItem\",\"position\":2,\"name\":\"Agenda\",\"item\":\"https:\\\/\\\/candas365.es\\\/noticias\\\/category\\\/agenda\\\/\",\"nextItem\":{\"@type\":\"ListItem\",\"@id\":\"https:\\\/\\\/candas365.es\\\/noticias\\\/laboral-cinemateca-proyecta-la-pelicula-de-nuestra-vida\\\/#listItem\",\"name\":\"Laboral Cinemateca proyecta \\u00abLa pel\\u00edcula de nuestra vida\\u00bb\"},\"previousItem\":{\"@type\":\"ListItem\",\"@id\":\"https:\\\/\\\/candas365.es\\\/noticias#listItem\",\"name\":\"Home\"}},{\"@type\":\"ListItem\",\"@id\":\"https:\\\/\\\/candas365.es\\\/noticias\\\/laboral-cinemateca-proyecta-la-pelicula-de-nuestra-vida\\\/#listItem\",\"position\":3,\"name\":\"Laboral Cinemateca proyecta \\u00abLa pel\\u00edcula de nuestra vida\\u00bb\",\"previousItem\":{\"@type\":\"ListItem\",\"@id\":\"https:\\\/\\\/candas365.es\\\/noticias\\\/category\\\/agenda\\\/#listItem\",\"name\":\"Agenda\"}}]},{\"@type\":\"NewsArticle\",\"@id\":\"https:\\\/\\\/candas365.es\\\/noticias\\\/laboral-cinemateca-proyecta-la-pelicula-de-nuestra-vida\\\/#newsarticle\",\"name\":\"Laboral Cinemateca proyecta \\u00abLa pel\\u00edcula de nuestra vida\\u00bb | Cand\\u00e1s 365\",\"headline\":\"Laboral Cinemateca proyecta \\u00abLa pel\\u00edcula de nuestra vida\\u00bb\",\"author\":{\"@id\":\"https:\\\/\\\/candas365.es\\\/noticias\\\/author\\\/admin\\\/#author\"},\"publisher\":{\"@id\":\"https:\\\/\\\/candas365.es\\\/noticias\\\/#organization\"},\"image\":{\"@type\":\"ImageObject\",\"url\":\"https:\\\/\\\/candas365.es\\\/noticias\\\/wp-content\\\/uploads\\\/2017\\\/12\\\/Lapel\\u00edculadenuestravida.jpg\",\"width\":1280,\"height\":800},\"datePublished\":\"2017-12-04T12:53:31+01:00\",\"dateModified\":\"2017-12-04T12:53:31+01:00\",\"inLanguage\":\"es-ES\",\"mainEntityOfPage\":{\"@id\":\"https:\\\/\\\/candas365.es\\\/noticias\\\/laboral-cinemateca-proyecta-la-pelicula-de-nuestra-vida\\\/#webpage\"},\"isPartOf\":{\"@id\":\"https:\\\/\\\/candas365.es\\\/noticias\\\/laboral-cinemateca-proyecta-la-pelicula-de-nuestra-vida\\\/#webpage\"},\"articleSection\":\"Agenda\",\"dateline\":\"Publicado el diciembre 4, 2017.\"},{\"@type\":\"Organization\",\"@id\":\"https:\\\/\\\/candas365.es\\\/noticias\\\/#organization\",\"name\":\"Cand\\u00e1s 365\",\"description\":\"Cand\\u00e1s 365 es un diario digital independiente, fundado en 2012, con base en Asturias. Informamos con rigor sobre actualidad, sociedad, cultura y ocio, con una mirada local y global.\",\"url\":\"https:\\\/\\\/candas365.es\\\/noticias\\\/\",\"email\":\"info@candas365.es\",\"telephone\":\"+34652131393\",\"foundingDate\":\"2012-06-10\",\"logo\":{\"@type\":\"ImageObject\",\"url\":\"https:\\\/\\\/candas365.es\\\/noticias\\\/wp-content\\\/uploads\\\/2024\\\/09\\\/Candas-365-Redes.jpg\",\"@id\":\"https:\\\/\\\/candas365.es\\\/noticias\\\/laboral-cinemateca-proyecta-la-pelicula-de-nuestra-vida\\\/#organizationLogo\",\"width\":1152,\"height\":864,\"caption\":\"Cand\\u00e1s 365 Redes\"},\"image\":{\"@id\":\"https:\\\/\\\/candas365.es\\\/noticias\\\/laboral-cinemateca-proyecta-la-pelicula-de-nuestra-vida\\\/#organizationLogo\"},\"sameAs\":[\"https:\\\/\\\/www.facebook.com\\\/Nachofdezber\",\"https:\\\/\\\/x.com\\\/NabercoDigital\",\"https:\\\/\\\/www.instagram.com\\\/nachofdezber\\\/\",\"https:\\\/\\\/www.youtube.com\\\/channel\\\/UCZP-2wLEB9Rv6erhFmqVnvg\"],\"address\":{\"@id\":\"https:\\\/\\\/candas365.es\\\/noticias\\\/#postaladdress\",\"@type\":\"PostalAddress\",\"streetAddress\":\"san antonio 4, san antonio 4\",\"postalCode\":\"33430\",\"addressLocality\":\"Cand\\u00e1s\",\"addressRegion\":\"Asturias\",\"addressCountry\":\"ES\"}},{\"@type\":\"Person\",\"@id\":\"https:\\\/\\\/candas365.es\\\/noticias\\\/author\\\/admin\\\/#author\",\"url\":\"https:\\\/\\\/candas365.es\\\/noticias\\\/author\\\/admin\\\/\",\"name\":\"Cand\\u00e1s 365\",\"image\":{\"@type\":\"ImageObject\",\"@id\":\"https:\\\/\\\/candas365.es\\\/noticias\\\/laboral-cinemateca-proyecta-la-pelicula-de-nuestra-vida\\\/#authorImage\",\"url\":\"https:\\\/\\\/secure.gravatar.com\\\/avatar\\\/496a8e03d0c493ede1718b7934145dbdf8d89be1036b0eec9544e1094c9de390?s=96&d=mm&r=g\",\"width\":96,\"height\":96,\"caption\":\"Cand\\u00e1s 365\"},\"sameAs\":[\"https:\\\/\\\/www.facebook.com\\\/carrenoactualidad\",\"https:\\\/\\\/twitter.com\\\/nbasturias\",\"https:\\\/\\\/www.instagram.com\\\/nachofdezber\\\/\",\"https:\\\/\\\/www.youtube.com\\\/channel\\\/UCZP-2wLEB9Rv6erhFmqVnvg\"]},{\"@type\":\"WebPage\",\"@id\":\"https:\\\/\\\/candas365.es\\\/noticias\\\/laboral-cinemateca-proyecta-la-pelicula-de-nuestra-vida\\\/#webpage\",\"url\":\"https:\\\/\\\/candas365.es\\\/noticias\\\/laboral-cinemateca-proyecta-la-pelicula-de-nuestra-vida\\\/\",\"name\":\"Laboral Cinemateca proyecta \\u00abLa pel\\u00edcula de nuestra vida\\u00bb | Cand\\u00e1s 365\",\"description\":\"Laboral Cinemateca acoge esta semana la proyecci\\u00f3n de La pel\\u00edcula de nuestra vida, el primer largometraje de Enrique Bar\\u00f3 que se estren\\u00f3 con gran \\u00e9xito en la secci\\u00f3n competitiva Nuevas Olas del pasado Festival de Cine Europeo de Sevilla. La proyecci\\u00f3n tendr\\u00e1 lugar el s\\u00e1bado 9 a las 20:00 horas en el Paraninfo de la\",\"inLanguage\":\"es-ES\",\"isPartOf\":{\"@id\":\"https:\\\/\\\/candas365.es\\\/noticias\\\/#website\"},\"breadcrumb\":{\"@id\":\"https:\\\/\\\/candas365.es\\\/noticias\\\/laboral-cinemateca-proyecta-la-pelicula-de-nuestra-vida\\\/#breadcrumblist\"},\"author\":{\"@id\":\"https:\\\/\\\/candas365.es\\\/noticias\\\/author\\\/admin\\\/#author\"},\"creator\":{\"@id\":\"https:\\\/\\\/candas365.es\\\/noticias\\\/author\\\/admin\\\/#author\"},\"image\":{\"@type\":\"ImageObject\",\"url\":\"https:\\\/\\\/candas365.es\\\/noticias\\\/wp-content\\\/uploads\\\/2017\\\/12\\\/Lapel\\u00edculadenuestravida.jpg\",\"@id\":\"https:\\\/\\\/candas365.es\\\/noticias\\\/laboral-cinemateca-proyecta-la-pelicula-de-nuestra-vida\\\/#mainImage\",\"width\":1280,\"height\":800},\"primaryImageOfPage\":{\"@id\":\"https:\\\/\\\/candas365.es\\\/noticias\\\/laboral-cinemateca-proyecta-la-pelicula-de-nuestra-vida\\\/#mainImage\"},\"datePublished\":\"2017-12-04T12:53:31+01:00\",\"dateModified\":\"2017-12-04T12:53:31+01:00\"},{\"@type\":\"WebSite\",\"@id\":\"https:\\\/\\\/candas365.es\\\/noticias\\\/#website\",\"url\":\"https:\\\/\\\/candas365.es\\\/noticias\\\/\",\"name\":\"Cand\\u00e1s 365\",\"alternateName\":\"Cand\\u00e1s 365 Noticias\",\"description\":\"Actualidad desde Carre\\u00f1o para el mundo\",\"inLanguage\":\"es-ES\",\"publisher\":{\"@id\":\"https:\\\/\\\/candas365.es\\\/noticias\\\/#organization\"}}]}\n\t\t<\/script>\n\t\t<!-- All in One SEO Pro -->\r\n\t\t<title>Laboral Cinemateca proyecta \u00abLa pel\u00edcula de nuestra vida\u00bb | Cand\u00e1s 365<\/title>\n\n","aioseo_head_json":{"title":"Laboral Cinemateca proyecta \u00abLa pel\u00edcula de nuestra vida\u00bb | Cand\u00e1s 365","description":"Laboral Cinemateca acoge esta semana la proyecci\u00f3n de La pel\u00edcula de nuestra vida, el primer largometraje de Enrique Bar\u00f3 que se estren\u00f3 con gran \u00e9xito en la secci\u00f3n competitiva Nuevas Olas del pasado Festival de Cine Europeo de Sevilla. La proyecci\u00f3n tendr\u00e1 lugar el s\u00e1bado 9 a las 20:00 horas en el Paraninfo de la","canonical_url":"https:\/\/candas365.es\/noticias\/laboral-cinemateca-proyecta-la-pelicula-de-nuestra-vida\/","robots":"max-image-preview:large","keywords":"agenda","webmasterTools":{"google-site-verification":"UA-32230408-1","msvalidate.01":"354F3CDFB2DA171B47FBE9ABF1F88D5","miscellaneous":""},"schema":{"@context":"https:\/\/schema.org","@graph":[{"@type":"BreadcrumbList","@id":"https:\/\/candas365.es\/noticias\/laboral-cinemateca-proyecta-la-pelicula-de-nuestra-vida\/#breadcrumblist","itemListElement":[{"@type":"ListItem","@id":"https:\/\/candas365.es\/noticias#listItem","position":1,"name":"Home","item":"https:\/\/candas365.es\/noticias","nextItem":{"@type":"ListItem","@id":"https:\/\/candas365.es\/noticias\/category\/agenda\/#listItem","name":"Agenda"}},{"@type":"ListItem","@id":"https:\/\/candas365.es\/noticias\/category\/agenda\/#listItem","position":2,"name":"Agenda","item":"https:\/\/candas365.es\/noticias\/category\/agenda\/","nextItem":{"@type":"ListItem","@id":"https:\/\/candas365.es\/noticias\/laboral-cinemateca-proyecta-la-pelicula-de-nuestra-vida\/#listItem","name":"Laboral Cinemateca proyecta \u00abLa pel\u00edcula de nuestra vida\u00bb"},"previousItem":{"@type":"ListItem","@id":"https:\/\/candas365.es\/noticias#listItem","name":"Home"}},{"@type":"ListItem","@id":"https:\/\/candas365.es\/noticias\/laboral-cinemateca-proyecta-la-pelicula-de-nuestra-vida\/#listItem","position":3,"name":"Laboral Cinemateca proyecta \u00abLa pel\u00edcula de nuestra vida\u00bb","previousItem":{"@type":"ListItem","@id":"https:\/\/candas365.es\/noticias\/category\/agenda\/#listItem","name":"Agenda"}}]},{"@type":"NewsArticle","@id":"https:\/\/candas365.es\/noticias\/laboral-cinemateca-proyecta-la-pelicula-de-nuestra-vida\/#newsarticle","name":"Laboral Cinemateca proyecta \u00abLa pel\u00edcula de nuestra vida\u00bb | Cand\u00e1s 365","headline":"Laboral Cinemateca proyecta \u00abLa pel\u00edcula de nuestra vida\u00bb","author":{"@id":"https:\/\/candas365.es\/noticias\/author\/admin\/#author"},"publisher":{"@id":"https:\/\/candas365.es\/noticias\/#organization"},"image":{"@type":"ImageObject","url":"https:\/\/candas365.es\/noticias\/wp-content\/uploads\/2017\/12\/Lapel\u00edculadenuestravida.jpg","width":1280,"height":800},"datePublished":"2017-12-04T12:53:31+01:00","dateModified":"2017-12-04T12:53:31+01:00","inLanguage":"es-ES","mainEntityOfPage":{"@id":"https:\/\/candas365.es\/noticias\/laboral-cinemateca-proyecta-la-pelicula-de-nuestra-vida\/#webpage"},"isPartOf":{"@id":"https:\/\/candas365.es\/noticias\/laboral-cinemateca-proyecta-la-pelicula-de-nuestra-vida\/#webpage"},"articleSection":"Agenda","dateline":"Publicado el diciembre 4, 2017."},{"@type":"Organization","@id":"https:\/\/candas365.es\/noticias\/#organization","name":"Cand\u00e1s 365","description":"Cand\u00e1s 365 es un diario digital independiente, fundado en 2012, con base en Asturias. Informamos con rigor sobre actualidad, sociedad, cultura y ocio, con una mirada local y global.","url":"https:\/\/candas365.es\/noticias\/","email":"info@candas365.es","telephone":"+34652131393","foundingDate":"2012-06-10","logo":{"@type":"ImageObject","url":"https:\/\/candas365.es\/noticias\/wp-content\/uploads\/2024\/09\/Candas-365-Redes.jpg","@id":"https:\/\/candas365.es\/noticias\/laboral-cinemateca-proyecta-la-pelicula-de-nuestra-vida\/#organizationLogo","width":1152,"height":864,"caption":"Cand\u00e1s 365 Redes"},"image":{"@id":"https:\/\/candas365.es\/noticias\/laboral-cinemateca-proyecta-la-pelicula-de-nuestra-vida\/#organizationLogo"},"sameAs":["https:\/\/www.facebook.com\/Nachofdezber","https:\/\/x.com\/NabercoDigital","https:\/\/www.instagram.com\/nachofdezber\/","https:\/\/www.youtube.com\/channel\/UCZP-2wLEB9Rv6erhFmqVnvg"],"address":{"@id":"https:\/\/candas365.es\/noticias\/#postaladdress","@type":"PostalAddress","streetAddress":"san antonio 4, san antonio 4","postalCode":"33430","addressLocality":"Cand\u00e1s","addressRegion":"Asturias","addressCountry":"ES"}},{"@type":"Person","@id":"https:\/\/candas365.es\/noticias\/author\/admin\/#author","url":"https:\/\/candas365.es\/noticias\/author\/admin\/","name":"Cand\u00e1s 365","image":{"@type":"ImageObject","@id":"https:\/\/candas365.es\/noticias\/laboral-cinemateca-proyecta-la-pelicula-de-nuestra-vida\/#authorImage","url":"https:\/\/secure.gravatar.com\/avatar\/496a8e03d0c493ede1718b7934145dbdf8d89be1036b0eec9544e1094c9de390?s=96&d=mm&r=g","width":96,"height":96,"caption":"Cand\u00e1s 365"},"sameAs":["https:\/\/www.facebook.com\/carrenoactualidad","https:\/\/twitter.com\/nbasturias","https:\/\/www.instagram.com\/nachofdezber\/","https:\/\/www.youtube.com\/channel\/UCZP-2wLEB9Rv6erhFmqVnvg"]},{"@type":"WebPage","@id":"https:\/\/candas365.es\/noticias\/laboral-cinemateca-proyecta-la-pelicula-de-nuestra-vida\/#webpage","url":"https:\/\/candas365.es\/noticias\/laboral-cinemateca-proyecta-la-pelicula-de-nuestra-vida\/","name":"Laboral Cinemateca proyecta \u00abLa pel\u00edcula de nuestra vida\u00bb | Cand\u00e1s 365","description":"Laboral Cinemateca acoge esta semana la proyecci\u00f3n de La pel\u00edcula de nuestra vida, el primer largometraje de Enrique Bar\u00f3 que se estren\u00f3 con gran \u00e9xito en la secci\u00f3n competitiva Nuevas Olas del pasado Festival de Cine Europeo de Sevilla. La proyecci\u00f3n tendr\u00e1 lugar el s\u00e1bado 9 a las 20:00 horas en el Paraninfo de la","inLanguage":"es-ES","isPartOf":{"@id":"https:\/\/candas365.es\/noticias\/#website"},"breadcrumb":{"@id":"https:\/\/candas365.es\/noticias\/laboral-cinemateca-proyecta-la-pelicula-de-nuestra-vida\/#breadcrumblist"},"author":{"@id":"https:\/\/candas365.es\/noticias\/author\/admin\/#author"},"creator":{"@id":"https:\/\/candas365.es\/noticias\/author\/admin\/#author"},"image":{"@type":"ImageObject","url":"https:\/\/candas365.es\/noticias\/wp-content\/uploads\/2017\/12\/Lapel\u00edculadenuestravida.jpg","@id":"https:\/\/candas365.es\/noticias\/laboral-cinemateca-proyecta-la-pelicula-de-nuestra-vida\/#mainImage","width":1280,"height":800},"primaryImageOfPage":{"@id":"https:\/\/candas365.es\/noticias\/laboral-cinemateca-proyecta-la-pelicula-de-nuestra-vida\/#mainImage"},"datePublished":"2017-12-04T12:53:31+01:00","dateModified":"2017-12-04T12:53:31+01:00"},{"@type":"WebSite","@id":"https:\/\/candas365.es\/noticias\/#website","url":"https:\/\/candas365.es\/noticias\/","name":"Cand\u00e1s 365","alternateName":"Cand\u00e1s 365 Noticias","description":"Actualidad desde Carre\u00f1o para el mundo","inLanguage":"es-ES","publisher":{"@id":"https:\/\/candas365.es\/noticias\/#organization"}}]},"og:locale":"es_ES","og:site_name":"Cand\u00e1s 365","og:type":"article","og:title":"Laboral Cinemateca proyecta \u00abLa pel\u00edcula de nuestra vida\u00bb | Cand\u00e1s 365","og:description":"Laboral Cinemateca acoge esta semana la proyecci\u00f3n de La pel\u00edcula de nuestra vida, el primer largometraje de Enrique Bar\u00f3 que se estren\u00f3 con gran \u00e9xito en la secci\u00f3n competitiva Nuevas Olas del pasado Festival de Cine Europeo de Sevilla. La proyecci\u00f3n tendr\u00e1 lugar el s\u00e1bado 9 a las 20:00 horas en el Paraninfo de la","og:url":"https:\/\/candas365.es\/noticias\/laboral-cinemateca-proyecta-la-pelicula-de-nuestra-vida\/","og:image":"https:\/\/candas365.es\/noticias\/wp-content\/uploads\/2017\/12\/Lapel\u00edculadenuestravida.jpg","og:image:secure_url":"https:\/\/candas365.es\/noticias\/wp-content\/uploads\/2017\/12\/Lapel\u00edculadenuestravida.jpg","og:image:width":1280,"og:image:height":800,"article:published_time":"2017-12-04T12:53:31+00:00","article:modified_time":"2017-12-04T12:53:31+00:00","article:publisher":"https:\/\/www.facebook.com\/Nachofdezber","article:author":"https:\/\/www.facebook.com\/carrenoactualidad","twitter:card":"summary_large_image","twitter:site":"@NabercoDigital","twitter:title":"Laboral Cinemateca proyecta \u00abLa pel\u00edcula de nuestra vida\u00bb | Cand\u00e1s 365","twitter:description":"Laboral Cinemateca acoge esta semana la proyecci\u00f3n de La pel\u00edcula de nuestra vida, el primer largometraje de Enrique Bar\u00f3 que se estren\u00f3 con gran \u00e9xito en la secci\u00f3n competitiva Nuevas Olas del pasado Festival de Cine Europeo de Sevilla. La proyecci\u00f3n tendr\u00e1 lugar el s\u00e1bado 9 a las 20:00 horas en el Paraninfo de la","twitter:creator":"@nbasturias","twitter:image":"https:\/\/candas365.es\/noticias\/wp-content\/uploads\/2017\/12\/Lapel\u00edculadenuestravida.jpg","twitter:label1":"Escrito por","twitter:data1":"Cand\u00e1s 365","twitter:label2":"Tiempo de lectura estimado","twitter:data2":"3 minutos"},"aioseo_meta_data":{"post_id":"86176","title":null,"description":null,"keywords":null,"keyphrases":null,"primary_term":null,"canonical_url":null,"og_title":null,"og_description":null,"og_object_type":"default","og_image_type":"default","og_image_url":null,"og_image_width":null,"og_image_height":null,"og_image_custom_url":null,"og_image_custom_fields":null,"og_video":null,"og_custom_url":null,"og_article_section":null,"og_article_tags":null,"twitter_use_og":false,"twitter_card":"default","twitter_image_type":"default","twitter_image_url":null,"twitter_image_custom_url":null,"twitter_image_custom_fields":null,"twitter_title":null,"twitter_description":null,"schema":{"blockGraphs":[],"customGraphs":[],"default":{"data":{"Article":[],"Course":[],"Dataset":[],"FAQPage":[],"Movie":[],"Person":[],"Product":[],"ProductReview":[],"Car":[],"Recipe":[],"Service":[],"SoftwareApplication":[],"WebPage":[]},"graphName":"","isEnabled":true},"graphs":[],"defaultGraph":"","defaultPostTypeGraph":""},"schema_type":null,"schema_type_options":null,"pillar_content":false,"robots_default":true,"robots_noindex":false,"robots_noarchive":false,"robots_nosnippet":false,"robots_nofollow":false,"robots_noimageindex":false,"robots_noodp":false,"robots_notranslate":false,"robots_max_snippet":null,"robots_max_videopreview":null,"robots_max_imagepreview":"large","priority":null,"frequency":null,"location":null,"local_seo":null,"seo_analyzer_scan_date":"2025-08-26 07:59:10","breadcrumb_settings":null,"limit_modified_date":false,"reviewed_by":null,"open_ai":null,"ai":null,"created":"2020-12-21 12:15:58","updated":"2025-08-26 07:59:10"},"aioseo_breadcrumb":"<div class=\"aioseo-breadcrumbs\"><span class=\"aioseo-breadcrumb\">\n\t<a href=\"https:\/\/candas365.es\/noticias\" title=\"Home\">Home<\/a>\n<\/span><span class=\"aioseo-breadcrumb-separator\">&ndash;<\/span><span class=\"aioseo-breadcrumb\">\n\t<a href=\"https:\/\/candas365.es\/noticias\/category\/agenda\/\" title=\"Agenda\">Agenda<\/a>\n<\/span><span class=\"aioseo-breadcrumb-separator\">&ndash;<\/span><span class=\"aioseo-breadcrumb\">\n\tLaboral Cinemateca proyecta \u00abLa pel\u00edcula de nuestra vida\u00bb\n<\/span><\/div>","aioseo_breadcrumb_json":[{"label":"Home","link":"https:\/\/candas365.es\/noticias"},{"label":"Agenda","link":"https:\/\/candas365.es\/noticias\/category\/agenda\/"},{"label":"Laboral Cinemateca proyecta \u00abLa pel\u00edcula de nuestra vida\u00bb","link":"https:\/\/candas365.es\/noticias\/laboral-cinemateca-proyecta-la-pelicula-de-nuestra-vida\/"}],"_links":{"self":[{"href":"https:\/\/candas365.es\/noticias\/wp-json\/wp\/v2\/posts\/86176","targetHints":{"allow":["GET"]}}],"collection":[{"href":"https:\/\/candas365.es\/noticias\/wp-json\/wp\/v2\/posts"}],"about":[{"href":"https:\/\/candas365.es\/noticias\/wp-json\/wp\/v2\/types\/post"}],"author":[{"embeddable":true,"href":"https:\/\/candas365.es\/noticias\/wp-json\/wp\/v2\/users\/1"}],"replies":[{"embeddable":true,"href":"https:\/\/candas365.es\/noticias\/wp-json\/wp\/v2\/comments?post=86176"}],"version-history":[{"count":0,"href":"https:\/\/candas365.es\/noticias\/wp-json\/wp\/v2\/posts\/86176\/revisions"}],"wp:featuredmedia":[{"embeddable":true,"href":"https:\/\/candas365.es\/noticias\/wp-json\/wp\/v2\/media\/86177"}],"wp:attachment":[{"href":"https:\/\/candas365.es\/noticias\/wp-json\/wp\/v2\/media?parent=86176"}],"wp:term":[{"taxonomy":"category","embeddable":true,"href":"https:\/\/candas365.es\/noticias\/wp-json\/wp\/v2\/categories?post=86176"},{"taxonomy":"post_tag","embeddable":true,"href":"https:\/\/candas365.es\/noticias\/wp-json\/wp\/v2\/tags?post=86176"}],"curies":[{"name":"wp","href":"https:\/\/api.w.org\/{rel}","templated":true}]}}