{"id":86160,"date":"2017-12-03T21:28:04","date_gmt":"2017-12-03T21:28:04","guid":{"rendered":"http:\/\/candas365.es\/noticias\/?p=86160"},"modified":"2017-12-03T21:28:04","modified_gmt":"2017-12-03T21:28:04","slug":"exposicion-en-berlin-sobre-rodin-rilke-y-hofmannsthal","status":"publish","type":"post","link":"https:\/\/candas365.es\/noticias\/exposicion-en-berlin-sobre-rodin-rilke-y-hofmannsthal\/","title":{"rendered":"Exposici\u00f3n en Berl\u00edn sobre Rodin, Rilke y Hofmannsthal"},"content":{"rendered":"<p>(dpa) &#8211; Con motivo del centenario de la muerte de Auguste Rodin (1840-1917), el museo nacional de Bellas Artes de Berl\u00edn, la Alte Nationalgalerie, presenta una muestra que entrelaza al gran escultor franc\u00e9s con Rainer Maria Rilke y Hugo von Hofmannsthal, dos grandes representantes de la literatura en alem\u00e1n.<\/p>\n<p>Punto central de la exposici\u00f3n es la estatuilla de bronce \u00abLe H\u00e9ros (Le penseur et le g\u00e9nie)\u00bb, una obra de Rodin hasta ahora poco conocida que sirvi\u00f3 de nexo entre los tres artistas.<\/p>\n<p>Con cartas, escritos, fotograf\u00edas y otras piezas similares a modo de complemento, la exposici\u00f3n permite ingresar en el mundo art\u00edstico del 1900, se\u00f1al\u00f3 el museo en la inauguraci\u00f3n de la exhibici\u00f3n.<\/p>\n<p>La escultura representa un hombre del que se escapa un genio femenino con alas, como s\u00edmbolo de la inspiraci\u00f3n art\u00edstica. El poeta alem\u00e1n Rainer Maria Rilke escribi\u00f3 el poema \u00abNike\u00bb en relaci\u00f3n a esta estatuilla. El austr\u00edaco Hofmannsthal fue quien encontr\u00f3 el esbozo en el a\u00f1o 1900 en el atelier de Rodin durante un viaje a Par\u00eds y le encarg\u00f3 una pieza.<\/p>\n<p>\u00abLa estatuilla permaneci\u00f3 20 a\u00f1os sobre el escritorio de Hofmannsthal en Rodaun, en las afueras de Viena, como su fuente de inspiraci\u00f3n\u00bb, indica el museo.<\/p>\n<p>Cuando Hofmannsthal se vio en aprietos econ\u00f3micos, Rilke gestion\u00f3 la venta de la pieza al coleccionista suizo Werner Reinhart. De all\u00ed, la obra lleg\u00f3 m\u00e1s tarde a la colecci\u00f3n del museo de Berl\u00edn.<\/p>\n<p>En la muestra se exhiben adem\u00e1s fragmentos de la correspondencia mantenida entre Rilke, Hofmannsthal y Reinhart.<\/p>\n<p>La asociaci\u00f3n \u00abAmigos de la Nationalgalerie\u00bb ha posibilitado esta exposici\u00f3n, que podr\u00e1 ser visitada hasta el 18 de marzo.<\/p>\n","protected":false},"excerpt":{"rendered":"<p>(dpa) &#8211; Con motivo del centenario de la muerte de Auguste Rodin (1840-1917), el museo nacional de Bellas Artes de Berl\u00edn, la Alte Nationalgalerie, presenta una muestra que entrelaza al gran escultor franc\u00e9s con Rainer Maria Rilke y Hugo von Hofmannsthal, dos grandes representantes de la literatura en alem\u00e1n. Punto central de la exposici\u00f3n es<\/p>\n","protected":false},"author":1,"featured_media":270,"comment_status":"closed","ping_status":"closed","sticky":false,"template":"","format":"standard","meta":{"footnotes":""},"categories":[1],"tags":[],"class_list":{"0":"post-86160","1":"post","2":"type-post","3":"status-publish","4":"format-standard","5":"has-post-thumbnail","7":"category-agenda"},"aioseo_notices":[],"aioseo_head":"\n\t\t<!-- All in One SEO Pro 4.9.6.2 - aioseo.com -->\n\t<meta name=\"description\" content=\"(dpa) - Con motivo del centenario de la muerte de Auguste Rodin (1840-1917), el museo nacional de Bellas Artes de Berl\u00edn, la Alte Nationalgalerie, presenta una muestra que entrelaza al gran escultor franc\u00e9s con Rainer Maria Rilke y Hugo von Hofmannsthal, dos grandes representantes de la literatura en alem\u00e1n. Punto central de la exposici\u00f3n es\" \/>\n\t<meta name=\"robots\" content=\"max-image-preview:large\" \/>\n\t<meta name=\"author\" content=\"Cand\u00e1s 365\"\/>\n\t<meta name=\"google-site-verification\" content=\"UA-32230408-1\" \/>\n\t<meta name=\"msvalidate.01\" content=\"354F3CDFB2DA171B47FBE9ABF1F88D5\" \/>\n\t<meta name=\"keywords\" content=\"agenda\" \/>\n\t<link rel=\"canonical\" href=\"https:\/\/candas365.es\/noticias\/exposicion-en-berlin-sobre-rodin-rilke-y-hofmannsthal\/\" \/>\n\t<meta name=\"generator\" content=\"All in One SEO Pro (AIOSEO) 4.9.6.2\" \/>\n\t\t<meta property=\"og:locale\" content=\"es_ES\" \/>\n\t\t<meta property=\"og:site_name\" content=\"Cand\u00e1s 365\" \/>\n\t\t<meta property=\"og:type\" content=\"article\" \/>\n\t\t<meta property=\"og:title\" content=\"Exposici\u00f3n en Berl\u00edn sobre Rodin, Rilke y Hofmannsthal | Cand\u00e1s 365\" \/>\n\t\t<meta property=\"og:description\" content=\"(dpa) - Con motivo del centenario de la muerte de Auguste Rodin (1840-1917), el museo nacional de Bellas Artes de Berl\u00edn, la Alte Nationalgalerie, presenta una muestra que entrelaza al gran escultor franc\u00e9s con Rainer Maria Rilke y Hugo von Hofmannsthal, dos grandes representantes de la literatura en alem\u00e1n. Punto central de la exposici\u00f3n es\" \/>\n\t\t<meta property=\"og:url\" content=\"https:\/\/candas365.es\/noticias\/exposicion-en-berlin-sobre-rodin-rilke-y-hofmannsthal\/\" \/>\n\t\t<meta property=\"og:image\" content=\"https:\/\/candas365.es\/noticias\/wp-content\/uploads\/2014\/09\/agenda.jpg\" \/>\n\t\t<meta property=\"og:image:secure_url\" content=\"https:\/\/candas365.es\/noticias\/wp-content\/uploads\/2014\/09\/agenda.jpg\" \/>\n\t\t<meta property=\"og:image:width\" content=\"500\" \/>\n\t\t<meta property=\"og:image:height\" content=\"331\" \/>\n\t\t<meta property=\"article:published_time\" content=\"2017-12-03T21:28:04+00:00\" \/>\n\t\t<meta property=\"article:modified_time\" content=\"2017-12-03T21:28:04+00:00\" \/>\n\t\t<meta property=\"article:publisher\" content=\"https:\/\/www.facebook.com\/Nachofdezber\" \/>\n\t\t<meta property=\"article:author\" content=\"https:\/\/www.facebook.com\/carrenoactualidad\" \/>\n\t\t<meta name=\"twitter:card\" content=\"summary_large_image\" \/>\n\t\t<meta name=\"twitter:site\" content=\"@NabercoDigital\" \/>\n\t\t<meta name=\"twitter:title\" content=\"Exposici\u00f3n en Berl\u00edn sobre Rodin, Rilke y Hofmannsthal | Cand\u00e1s 365\" \/>\n\t\t<meta name=\"twitter:description\" content=\"(dpa) - Con motivo del centenario de la muerte de Auguste Rodin (1840-1917), el museo nacional de Bellas Artes de Berl\u00edn, la Alte Nationalgalerie, presenta una muestra que entrelaza al gran escultor franc\u00e9s con Rainer Maria Rilke y Hugo von Hofmannsthal, dos grandes representantes de la literatura en alem\u00e1n. Punto central de la exposici\u00f3n es\" \/>\n\t\t<meta name=\"twitter:creator\" content=\"@nbasturias\" \/>\n\t\t<meta name=\"twitter:image\" content=\"https:\/\/candas365.es\/noticias\/wp-content\/uploads\/2014\/09\/agenda.jpg\" \/>\n\t\t<meta name=\"twitter:label1\" content=\"Escrito por\" \/>\n\t\t<meta name=\"twitter:data1\" content=\"Cand\u00e1s 365\" \/>\n\t\t<meta name=\"twitter:label2\" content=\"Tiempo de lectura estimado\" \/>\n\t\t<meta name=\"twitter:data2\" content=\"1 minuto\" \/>\n\t\t<script type=\"application\/ld+json\" class=\"aioseo-schema\">\n\t\t\t{\"@context\":\"https:\\\/\\\/schema.org\",\"@graph\":[{\"@type\":\"BreadcrumbList\",\"@id\":\"https:\\\/\\\/candas365.es\\\/noticias\\\/exposicion-en-berlin-sobre-rodin-rilke-y-hofmannsthal\\\/#breadcrumblist\",\"itemListElement\":[{\"@type\":\"ListItem\",\"@id\":\"https:\\\/\\\/candas365.es\\\/noticias#listItem\",\"position\":1,\"name\":\"Home\",\"item\":\"https:\\\/\\\/candas365.es\\\/noticias\",\"nextItem\":{\"@type\":\"ListItem\",\"@id\":\"https:\\\/\\\/candas365.es\\\/noticias\\\/category\\\/agenda\\\/#listItem\",\"name\":\"Agenda\"}},{\"@type\":\"ListItem\",\"@id\":\"https:\\\/\\\/candas365.es\\\/noticias\\\/category\\\/agenda\\\/#listItem\",\"position\":2,\"name\":\"Agenda\",\"item\":\"https:\\\/\\\/candas365.es\\\/noticias\\\/category\\\/agenda\\\/\",\"nextItem\":{\"@type\":\"ListItem\",\"@id\":\"https:\\\/\\\/candas365.es\\\/noticias\\\/exposicion-en-berlin-sobre-rodin-rilke-y-hofmannsthal\\\/#listItem\",\"name\":\"Exposici\\u00f3n en Berl\\u00edn sobre Rodin, Rilke y Hofmannsthal\"},\"previousItem\":{\"@type\":\"ListItem\",\"@id\":\"https:\\\/\\\/candas365.es\\\/noticias#listItem\",\"name\":\"Home\"}},{\"@type\":\"ListItem\",\"@id\":\"https:\\\/\\\/candas365.es\\\/noticias\\\/exposicion-en-berlin-sobre-rodin-rilke-y-hofmannsthal\\\/#listItem\",\"position\":3,\"name\":\"Exposici\\u00f3n en Berl\\u00edn sobre Rodin, Rilke y Hofmannsthal\",\"previousItem\":{\"@type\":\"ListItem\",\"@id\":\"https:\\\/\\\/candas365.es\\\/noticias\\\/category\\\/agenda\\\/#listItem\",\"name\":\"Agenda\"}}]},{\"@type\":\"NewsArticle\",\"@id\":\"https:\\\/\\\/candas365.es\\\/noticias\\\/exposicion-en-berlin-sobre-rodin-rilke-y-hofmannsthal\\\/#newsarticle\",\"name\":\"Exposici\\u00f3n en Berl\\u00edn sobre Rodin, Rilke y Hofmannsthal | Cand\\u00e1s 365\",\"headline\":\"Exposici\\u00f3n en Berl\\u00edn sobre Rodin, Rilke y Hofmannsthal\",\"author\":{\"@id\":\"https:\\\/\\\/candas365.es\\\/noticias\\\/author\\\/admin\\\/#author\"},\"publisher\":{\"@id\":\"https:\\\/\\\/candas365.es\\\/noticias\\\/#organization\"},\"image\":{\"@type\":\"ImageObject\",\"url\":\"https:\\\/\\\/candas365.es\\\/noticias\\\/wp-content\\\/uploads\\\/2014\\\/09\\\/agenda.jpg\",\"width\":500,\"height\":331},\"datePublished\":\"2017-12-03T21:28:04+01:00\",\"dateModified\":\"2017-12-03T21:28:04+01:00\",\"inLanguage\":\"es-ES\",\"mainEntityOfPage\":{\"@id\":\"https:\\\/\\\/candas365.es\\\/noticias\\\/exposicion-en-berlin-sobre-rodin-rilke-y-hofmannsthal\\\/#webpage\"},\"isPartOf\":{\"@id\":\"https:\\\/\\\/candas365.es\\\/noticias\\\/exposicion-en-berlin-sobre-rodin-rilke-y-hofmannsthal\\\/#webpage\"},\"articleSection\":\"Agenda\",\"dateline\":\"Publicado el diciembre 3, 2017.\"},{\"@type\":\"Organization\",\"@id\":\"https:\\\/\\\/candas365.es\\\/noticias\\\/#organization\",\"name\":\"Cand\\u00e1s 365\",\"description\":\"Cand\\u00e1s 365 es un diario digital independiente, fundado en 2012, con base en Asturias. Informamos con rigor sobre actualidad, sociedad, cultura y ocio, con una mirada local y global.\",\"url\":\"https:\\\/\\\/candas365.es\\\/noticias\\\/\",\"email\":\"info@candas365.es\",\"telephone\":\"+34652131393\",\"foundingDate\":\"2012-06-10\",\"logo\":{\"@type\":\"ImageObject\",\"url\":\"https:\\\/\\\/candas365.es\\\/noticias\\\/wp-content\\\/uploads\\\/2024\\\/09\\\/Candas-365-Redes.jpg\",\"@id\":\"https:\\\/\\\/candas365.es\\\/noticias\\\/exposicion-en-berlin-sobre-rodin-rilke-y-hofmannsthal\\\/#organizationLogo\",\"width\":1152,\"height\":864,\"caption\":\"Cand\\u00e1s 365 Redes\"},\"image\":{\"@id\":\"https:\\\/\\\/candas365.es\\\/noticias\\\/exposicion-en-berlin-sobre-rodin-rilke-y-hofmannsthal\\\/#organizationLogo\"},\"sameAs\":[\"https:\\\/\\\/www.facebook.com\\\/Nachofdezber\",\"https:\\\/\\\/x.com\\\/NabercoDigital\",\"https:\\\/\\\/www.instagram.com\\\/nachofdezber\\\/\",\"https:\\\/\\\/www.youtube.com\\\/channel\\\/UCZP-2wLEB9Rv6erhFmqVnvg\"],\"address\":{\"@id\":\"https:\\\/\\\/candas365.es\\\/noticias\\\/#postaladdress\",\"@type\":\"PostalAddress\",\"streetAddress\":\"san antonio 4, san antonio 4\",\"postalCode\":\"33430\",\"addressLocality\":\"Cand\\u00e1s\",\"addressRegion\":\"Asturias\",\"addressCountry\":\"ES\"}},{\"@type\":\"Person\",\"@id\":\"https:\\\/\\\/candas365.es\\\/noticias\\\/author\\\/admin\\\/#author\",\"url\":\"https:\\\/\\\/candas365.es\\\/noticias\\\/author\\\/admin\\\/\",\"name\":\"Cand\\u00e1s 365\",\"image\":{\"@type\":\"ImageObject\",\"@id\":\"https:\\\/\\\/candas365.es\\\/noticias\\\/exposicion-en-berlin-sobre-rodin-rilke-y-hofmannsthal\\\/#authorImage\",\"url\":\"https:\\\/\\\/secure.gravatar.com\\\/avatar\\\/496a8e03d0c493ede1718b7934145dbdf8d89be1036b0eec9544e1094c9de390?s=96&d=mm&r=g\",\"width\":96,\"height\":96,\"caption\":\"Cand\\u00e1s 365\"},\"sameAs\":[\"https:\\\/\\\/www.facebook.com\\\/carrenoactualidad\",\"https:\\\/\\\/twitter.com\\\/nbasturias\",\"https:\\\/\\\/www.instagram.com\\\/nachofdezber\\\/\",\"https:\\\/\\\/www.youtube.com\\\/channel\\\/UCZP-2wLEB9Rv6erhFmqVnvg\"]},{\"@type\":\"WebPage\",\"@id\":\"https:\\\/\\\/candas365.es\\\/noticias\\\/exposicion-en-berlin-sobre-rodin-rilke-y-hofmannsthal\\\/#webpage\",\"url\":\"https:\\\/\\\/candas365.es\\\/noticias\\\/exposicion-en-berlin-sobre-rodin-rilke-y-hofmannsthal\\\/\",\"name\":\"Exposici\\u00f3n en Berl\\u00edn sobre Rodin, Rilke y Hofmannsthal | Cand\\u00e1s 365\",\"description\":\"(dpa) - Con motivo del centenario de la muerte de Auguste Rodin (1840-1917), el museo nacional de Bellas Artes de Berl\\u00edn, la Alte Nationalgalerie, presenta una muestra que entrelaza al gran escultor franc\\u00e9s con Rainer Maria Rilke y Hugo von Hofmannsthal, dos grandes representantes de la literatura en alem\\u00e1n. Punto central de la exposici\\u00f3n es\",\"inLanguage\":\"es-ES\",\"isPartOf\":{\"@id\":\"https:\\\/\\\/candas365.es\\\/noticias\\\/#website\"},\"breadcrumb\":{\"@id\":\"https:\\\/\\\/candas365.es\\\/noticias\\\/exposicion-en-berlin-sobre-rodin-rilke-y-hofmannsthal\\\/#breadcrumblist\"},\"author\":{\"@id\":\"https:\\\/\\\/candas365.es\\\/noticias\\\/author\\\/admin\\\/#author\"},\"creator\":{\"@id\":\"https:\\\/\\\/candas365.es\\\/noticias\\\/author\\\/admin\\\/#author\"},\"image\":{\"@type\":\"ImageObject\",\"url\":\"https:\\\/\\\/candas365.es\\\/noticias\\\/wp-content\\\/uploads\\\/2014\\\/09\\\/agenda.jpg\",\"@id\":\"https:\\\/\\\/candas365.es\\\/noticias\\\/exposicion-en-berlin-sobre-rodin-rilke-y-hofmannsthal\\\/#mainImage\",\"width\":500,\"height\":331},\"primaryImageOfPage\":{\"@id\":\"https:\\\/\\\/candas365.es\\\/noticias\\\/exposicion-en-berlin-sobre-rodin-rilke-y-hofmannsthal\\\/#mainImage\"},\"datePublished\":\"2017-12-03T21:28:04+01:00\",\"dateModified\":\"2017-12-03T21:28:04+01:00\"},{\"@type\":\"WebSite\",\"@id\":\"https:\\\/\\\/candas365.es\\\/noticias\\\/#website\",\"url\":\"https:\\\/\\\/candas365.es\\\/noticias\\\/\",\"name\":\"Cand\\u00e1s 365\",\"alternateName\":\"Cand\\u00e1s 365 Noticias\",\"description\":\"Actualidad desde Carre\\u00f1o para el mundo\",\"inLanguage\":\"es-ES\",\"publisher\":{\"@id\":\"https:\\\/\\\/candas365.es\\\/noticias\\\/#organization\"}}]}\n\t\t<\/script>\n\t\t<!-- All in One SEO Pro -->\r\n\t\t<title>Exposici\u00f3n en Berl\u00edn sobre Rodin, Rilke y Hofmannsthal | Cand\u00e1s 365<\/title>\n\n","aioseo_head_json":{"title":"Exposici\u00f3n en Berl\u00edn sobre Rodin, Rilke y Hofmannsthal | Cand\u00e1s 365","description":"(dpa) - Con motivo del centenario de la muerte de Auguste Rodin (1840-1917), el museo nacional de Bellas Artes de Berl\u00edn, la Alte Nationalgalerie, presenta una muestra que entrelaza al gran escultor franc\u00e9s con Rainer Maria Rilke y Hugo von Hofmannsthal, dos grandes representantes de la literatura en alem\u00e1n. Punto central de la exposici\u00f3n es","canonical_url":"https:\/\/candas365.es\/noticias\/exposicion-en-berlin-sobre-rodin-rilke-y-hofmannsthal\/","robots":"max-image-preview:large","keywords":"agenda","webmasterTools":{"google-site-verification":"UA-32230408-1","msvalidate.01":"354F3CDFB2DA171B47FBE9ABF1F88D5","miscellaneous":""},"schema":{"@context":"https:\/\/schema.org","@graph":[{"@type":"BreadcrumbList","@id":"https:\/\/candas365.es\/noticias\/exposicion-en-berlin-sobre-rodin-rilke-y-hofmannsthal\/#breadcrumblist","itemListElement":[{"@type":"ListItem","@id":"https:\/\/candas365.es\/noticias#listItem","position":1,"name":"Home","item":"https:\/\/candas365.es\/noticias","nextItem":{"@type":"ListItem","@id":"https:\/\/candas365.es\/noticias\/category\/agenda\/#listItem","name":"Agenda"}},{"@type":"ListItem","@id":"https:\/\/candas365.es\/noticias\/category\/agenda\/#listItem","position":2,"name":"Agenda","item":"https:\/\/candas365.es\/noticias\/category\/agenda\/","nextItem":{"@type":"ListItem","@id":"https:\/\/candas365.es\/noticias\/exposicion-en-berlin-sobre-rodin-rilke-y-hofmannsthal\/#listItem","name":"Exposici\u00f3n en Berl\u00edn sobre Rodin, Rilke y Hofmannsthal"},"previousItem":{"@type":"ListItem","@id":"https:\/\/candas365.es\/noticias#listItem","name":"Home"}},{"@type":"ListItem","@id":"https:\/\/candas365.es\/noticias\/exposicion-en-berlin-sobre-rodin-rilke-y-hofmannsthal\/#listItem","position":3,"name":"Exposici\u00f3n en Berl\u00edn sobre Rodin, Rilke y Hofmannsthal","previousItem":{"@type":"ListItem","@id":"https:\/\/candas365.es\/noticias\/category\/agenda\/#listItem","name":"Agenda"}}]},{"@type":"NewsArticle","@id":"https:\/\/candas365.es\/noticias\/exposicion-en-berlin-sobre-rodin-rilke-y-hofmannsthal\/#newsarticle","name":"Exposici\u00f3n en Berl\u00edn sobre Rodin, Rilke y Hofmannsthal | Cand\u00e1s 365","headline":"Exposici\u00f3n en Berl\u00edn sobre Rodin, Rilke y Hofmannsthal","author":{"@id":"https:\/\/candas365.es\/noticias\/author\/admin\/#author"},"publisher":{"@id":"https:\/\/candas365.es\/noticias\/#organization"},"image":{"@type":"ImageObject","url":"https:\/\/candas365.es\/noticias\/wp-content\/uploads\/2014\/09\/agenda.jpg","width":500,"height":331},"datePublished":"2017-12-03T21:28:04+01:00","dateModified":"2017-12-03T21:28:04+01:00","inLanguage":"es-ES","mainEntityOfPage":{"@id":"https:\/\/candas365.es\/noticias\/exposicion-en-berlin-sobre-rodin-rilke-y-hofmannsthal\/#webpage"},"isPartOf":{"@id":"https:\/\/candas365.es\/noticias\/exposicion-en-berlin-sobre-rodin-rilke-y-hofmannsthal\/#webpage"},"articleSection":"Agenda","dateline":"Publicado el diciembre 3, 2017."},{"@type":"Organization","@id":"https:\/\/candas365.es\/noticias\/#organization","name":"Cand\u00e1s 365","description":"Cand\u00e1s 365 es un diario digital independiente, fundado en 2012, con base en Asturias. Informamos con rigor sobre actualidad, sociedad, cultura y ocio, con una mirada local y global.","url":"https:\/\/candas365.es\/noticias\/","email":"info@candas365.es","telephone":"+34652131393","foundingDate":"2012-06-10","logo":{"@type":"ImageObject","url":"https:\/\/candas365.es\/noticias\/wp-content\/uploads\/2024\/09\/Candas-365-Redes.jpg","@id":"https:\/\/candas365.es\/noticias\/exposicion-en-berlin-sobre-rodin-rilke-y-hofmannsthal\/#organizationLogo","width":1152,"height":864,"caption":"Cand\u00e1s 365 Redes"},"image":{"@id":"https:\/\/candas365.es\/noticias\/exposicion-en-berlin-sobre-rodin-rilke-y-hofmannsthal\/#organizationLogo"},"sameAs":["https:\/\/www.facebook.com\/Nachofdezber","https:\/\/x.com\/NabercoDigital","https:\/\/www.instagram.com\/nachofdezber\/","https:\/\/www.youtube.com\/channel\/UCZP-2wLEB9Rv6erhFmqVnvg"],"address":{"@id":"https:\/\/candas365.es\/noticias\/#postaladdress","@type":"PostalAddress","streetAddress":"san antonio 4, san antonio 4","postalCode":"33430","addressLocality":"Cand\u00e1s","addressRegion":"Asturias","addressCountry":"ES"}},{"@type":"Person","@id":"https:\/\/candas365.es\/noticias\/author\/admin\/#author","url":"https:\/\/candas365.es\/noticias\/author\/admin\/","name":"Cand\u00e1s 365","image":{"@type":"ImageObject","@id":"https:\/\/candas365.es\/noticias\/exposicion-en-berlin-sobre-rodin-rilke-y-hofmannsthal\/#authorImage","url":"https:\/\/secure.gravatar.com\/avatar\/496a8e03d0c493ede1718b7934145dbdf8d89be1036b0eec9544e1094c9de390?s=96&d=mm&r=g","width":96,"height":96,"caption":"Cand\u00e1s 365"},"sameAs":["https:\/\/www.facebook.com\/carrenoactualidad","https:\/\/twitter.com\/nbasturias","https:\/\/www.instagram.com\/nachofdezber\/","https:\/\/www.youtube.com\/channel\/UCZP-2wLEB9Rv6erhFmqVnvg"]},{"@type":"WebPage","@id":"https:\/\/candas365.es\/noticias\/exposicion-en-berlin-sobre-rodin-rilke-y-hofmannsthal\/#webpage","url":"https:\/\/candas365.es\/noticias\/exposicion-en-berlin-sobre-rodin-rilke-y-hofmannsthal\/","name":"Exposici\u00f3n en Berl\u00edn sobre Rodin, Rilke y Hofmannsthal | Cand\u00e1s 365","description":"(dpa) - Con motivo del centenario de la muerte de Auguste Rodin (1840-1917), el museo nacional de Bellas Artes de Berl\u00edn, la Alte Nationalgalerie, presenta una muestra que entrelaza al gran escultor franc\u00e9s con Rainer Maria Rilke y Hugo von Hofmannsthal, dos grandes representantes de la literatura en alem\u00e1n. Punto central de la exposici\u00f3n es","inLanguage":"es-ES","isPartOf":{"@id":"https:\/\/candas365.es\/noticias\/#website"},"breadcrumb":{"@id":"https:\/\/candas365.es\/noticias\/exposicion-en-berlin-sobre-rodin-rilke-y-hofmannsthal\/#breadcrumblist"},"author":{"@id":"https:\/\/candas365.es\/noticias\/author\/admin\/#author"},"creator":{"@id":"https:\/\/candas365.es\/noticias\/author\/admin\/#author"},"image":{"@type":"ImageObject","url":"https:\/\/candas365.es\/noticias\/wp-content\/uploads\/2014\/09\/agenda.jpg","@id":"https:\/\/candas365.es\/noticias\/exposicion-en-berlin-sobre-rodin-rilke-y-hofmannsthal\/#mainImage","width":500,"height":331},"primaryImageOfPage":{"@id":"https:\/\/candas365.es\/noticias\/exposicion-en-berlin-sobre-rodin-rilke-y-hofmannsthal\/#mainImage"},"datePublished":"2017-12-03T21:28:04+01:00","dateModified":"2017-12-03T21:28:04+01:00"},{"@type":"WebSite","@id":"https:\/\/candas365.es\/noticias\/#website","url":"https:\/\/candas365.es\/noticias\/","name":"Cand\u00e1s 365","alternateName":"Cand\u00e1s 365 Noticias","description":"Actualidad desde Carre\u00f1o para el mundo","inLanguage":"es-ES","publisher":{"@id":"https:\/\/candas365.es\/noticias\/#organization"}}]},"og:locale":"es_ES","og:site_name":"Cand\u00e1s 365","og:type":"article","og:title":"Exposici\u00f3n en Berl\u00edn sobre Rodin, Rilke y Hofmannsthal | Cand\u00e1s 365","og:description":"(dpa) - Con motivo del centenario de la muerte de Auguste Rodin (1840-1917), el museo nacional de Bellas Artes de Berl\u00edn, la Alte Nationalgalerie, presenta una muestra que entrelaza al gran escultor franc\u00e9s con Rainer Maria Rilke y Hugo von Hofmannsthal, dos grandes representantes de la literatura en alem\u00e1n. Punto central de la exposici\u00f3n es","og:url":"https:\/\/candas365.es\/noticias\/exposicion-en-berlin-sobre-rodin-rilke-y-hofmannsthal\/","og:image":"https:\/\/candas365.es\/noticias\/wp-content\/uploads\/2014\/09\/agenda.jpg","og:image:secure_url":"https:\/\/candas365.es\/noticias\/wp-content\/uploads\/2014\/09\/agenda.jpg","og:image:width":500,"og:image:height":331,"article:published_time":"2017-12-03T21:28:04+00:00","article:modified_time":"2017-12-03T21:28:04+00:00","article:publisher":"https:\/\/www.facebook.com\/Nachofdezber","article:author":"https:\/\/www.facebook.com\/carrenoactualidad","twitter:card":"summary_large_image","twitter:site":"@NabercoDigital","twitter:title":"Exposici\u00f3n en Berl\u00edn sobre Rodin, Rilke y Hofmannsthal | Cand\u00e1s 365","twitter:description":"(dpa) - Con motivo del centenario de la muerte de Auguste Rodin (1840-1917), el museo nacional de Bellas Artes de Berl\u00edn, la Alte Nationalgalerie, presenta una muestra que entrelaza al gran escultor franc\u00e9s con Rainer Maria Rilke y Hugo von Hofmannsthal, dos grandes representantes de la literatura en alem\u00e1n. Punto central de la exposici\u00f3n es","twitter:creator":"@nbasturias","twitter:image":"https:\/\/candas365.es\/noticias\/wp-content\/uploads\/2014\/09\/agenda.jpg","twitter:label1":"Escrito por","twitter:data1":"Cand\u00e1s 365","twitter:label2":"Tiempo de lectura estimado","twitter:data2":"1 minuto"},"aioseo_meta_data":{"post_id":"86160","title":null,"description":null,"keywords":null,"keyphrases":null,"primary_term":null,"canonical_url":null,"og_title":null,"og_description":null,"og_object_type":"default","og_image_type":"default","og_image_url":null,"og_image_width":null,"og_image_height":null,"og_image_custom_url":null,"og_image_custom_fields":null,"og_video":null,"og_custom_url":null,"og_article_section":null,"og_article_tags":null,"twitter_use_og":false,"twitter_card":"default","twitter_image_type":"default","twitter_image_url":null,"twitter_image_custom_url":null,"twitter_image_custom_fields":null,"twitter_title":null,"twitter_description":null,"schema":{"blockGraphs":[],"customGraphs":[],"default":{"data":{"Article":[],"Course":[],"Dataset":[],"FAQPage":[],"Movie":[],"Person":[],"Product":[],"ProductReview":[],"Car":[],"Recipe":[],"Service":[],"SoftwareApplication":[],"WebPage":[]},"graphName":"","isEnabled":true},"graphs":[]},"schema_type":null,"schema_type_options":null,"pillar_content":false,"robots_default":true,"robots_noindex":false,"robots_noarchive":false,"robots_nosnippet":false,"robots_nofollow":false,"robots_noimageindex":false,"robots_noodp":false,"robots_notranslate":false,"robots_max_snippet":null,"robots_max_videopreview":null,"robots_max_imagepreview":"large","priority":null,"frequency":null,"location":null,"local_seo":null,"seo_analyzer_scan_date":"2025-08-26 07:57:13","breadcrumb_settings":null,"limit_modified_date":false,"reviewed_by":null,"open_ai":null,"ai":null,"created":"2020-12-21 12:15:58","updated":"2025-08-26 07:57:13"},"aioseo_breadcrumb":"<div class=\"aioseo-breadcrumbs\"><span class=\"aioseo-breadcrumb\">\n\t<a href=\"https:\/\/candas365.es\/noticias\" title=\"Home\">Home<\/a>\n<\/span><span class=\"aioseo-breadcrumb-separator\">&ndash;<\/span><span class=\"aioseo-breadcrumb\">\n\t<a href=\"https:\/\/candas365.es\/noticias\/category\/agenda\/\" title=\"Agenda\">Agenda<\/a>\n<\/span><span class=\"aioseo-breadcrumb-separator\">&ndash;<\/span><span class=\"aioseo-breadcrumb\">\n\tExposici\u00f3n en Berl\u00edn sobre Rodin, Rilke y Hofmannsthal\n<\/span><\/div>","aioseo_breadcrumb_json":[{"label":"Home","link":"https:\/\/candas365.es\/noticias"},{"label":"Agenda","link":"https:\/\/candas365.es\/noticias\/category\/agenda\/"},{"label":"Exposici\u00f3n en Berl\u00edn sobre Rodin, Rilke y Hofmannsthal","link":"https:\/\/candas365.es\/noticias\/exposicion-en-berlin-sobre-rodin-rilke-y-hofmannsthal\/"}],"_links":{"self":[{"href":"https:\/\/candas365.es\/noticias\/wp-json\/wp\/v2\/posts\/86160","targetHints":{"allow":["GET"]}}],"collection":[{"href":"https:\/\/candas365.es\/noticias\/wp-json\/wp\/v2\/posts"}],"about":[{"href":"https:\/\/candas365.es\/noticias\/wp-json\/wp\/v2\/types\/post"}],"author":[{"embeddable":true,"href":"https:\/\/candas365.es\/noticias\/wp-json\/wp\/v2\/users\/1"}],"replies":[{"embeddable":true,"href":"https:\/\/candas365.es\/noticias\/wp-json\/wp\/v2\/comments?post=86160"}],"version-history":[{"count":0,"href":"https:\/\/candas365.es\/noticias\/wp-json\/wp\/v2\/posts\/86160\/revisions"}],"wp:featuredmedia":[{"embeddable":true,"href":"https:\/\/candas365.es\/noticias\/wp-json\/wp\/v2\/media\/270"}],"wp:attachment":[{"href":"https:\/\/candas365.es\/noticias\/wp-json\/wp\/v2\/media?parent=86160"}],"wp:term":[{"taxonomy":"category","embeddable":true,"href":"https:\/\/candas365.es\/noticias\/wp-json\/wp\/v2\/categories?post=86160"},{"taxonomy":"post_tag","embeddable":true,"href":"https:\/\/candas365.es\/noticias\/wp-json\/wp\/v2\/tags?post=86160"}],"curies":[{"name":"wp","href":"https:\/\/api.w.org\/{rel}","templated":true}]}}