{"id":8600,"date":"2015-03-12T20:48:43","date_gmt":"2015-03-12T22:48:43","guid":{"rendered":"http:\/\/candas365.es\/noticias\/?p=8600"},"modified":"2015-03-12T20:48:54","modified_gmt":"2015-03-12T22:48:54","slug":"asturias-duplica-este-2015-su-aportacion-al-fondo-de-pobreza-infantil-con-11-millones","status":"publish","type":"post","link":"https:\/\/candas365.es\/noticias\/asturias-duplica-este-2015-su-aportacion-al-fondo-de-pobreza-infantil-con-11-millones\/","title":{"rendered":"Asturias duplica este 2015 su aportaci\u00f3n al fondo de pobreza infantil con 1,1 millones"},"content":{"rendered":"<p><img fetchpriority=\"high\" decoding=\"async\" class=\"alignleft size-medium wp-image-8601\" src=\"https:\/\/candas365.es\/noticias\/wp-content\/uploads\/2015\/03\/2015_03_12-visita-Miraflores-360x225.jpg\" alt=\"2015_03_12  visita Miraflores\" width=\"360\" height=\"225\" srcset=\"https:\/\/candas365.es\/noticias\/wp-content\/uploads\/2015\/03\/2015_03_12-visita-Miraflores-360x225.jpg 360w, https:\/\/candas365.es\/noticias\/wp-content\/uploads\/2015\/03\/2015_03_12-visita-Miraflores-650x406.jpg 650w, https:\/\/candas365.es\/noticias\/wp-content\/uploads\/2015\/03\/2015_03_12-visita-Miraflores-768x480.jpg 768w, https:\/\/candas365.es\/noticias\/wp-content\/uploads\/2015\/03\/2015_03_12-visita-Miraflores-1536x960.jpg 1536w, https:\/\/candas365.es\/noticias\/wp-content\/uploads\/2015\/03\/2015_03_12-visita-Miraflores-2048x1280.jpg 2048w, https:\/\/candas365.es\/noticias\/wp-content\/uploads\/2015\/03\/2015_03_12-visita-Miraflores-150x94.jpg 150w, https:\/\/candas365.es\/noticias\/wp-content\/uploads\/2015\/03\/2015_03_12-visita-Miraflores-450x281.jpg 450w, https:\/\/candas365.es\/noticias\/wp-content\/uploads\/2015\/03\/2015_03_12-visita-Miraflores-1200x750.jpg 1200w, https:\/\/candas365.es\/noticias\/wp-content\/uploads\/2015\/03\/2015_03_12-visita-Miraflores-1920x1200.jpg 1920w, https:\/\/candas365.es\/noticias\/wp-content\/uploads\/2015\/03\/2015_03_12-visita-Miraflores-655x409.jpg 655w, https:\/\/candas365.es\/noticias\/wp-content\/uploads\/2015\/03\/2015_03_12-visita-Miraflores-696x435.jpg 696w, https:\/\/candas365.es\/noticias\/wp-content\/uploads\/2015\/03\/2015_03_12-visita-Miraflores-1068x668.jpg 1068w, https:\/\/candas365.es\/noticias\/wp-content\/uploads\/2015\/03\/2015_03_12-visita-Miraflores-672x420.jpg 672w, https:\/\/candas365.es\/noticias\/wp-content\/uploads\/2015\/03\/2015_03_12-visita-Miraflores-279x173.jpg 279w\" sizes=\"(max-width: 360px) 100vw, 360px\" \/>El Gobierno del Principado ha duplicado en 2015 su aportaci\u00f3n al fondo para la lucha contra la pobreza infantil, superando la cuant\u00eda que el Gobierno de Mariano Rajoy ha destinado a Asturias para el mismo fin, dentro del reparto establecido para las comunidades aut\u00f3nomas. El Ejecutivo central apenas aumenta la ayuda a las familias asturianas en situaci\u00f3n vulnerable con menores a su cargo en un 36% respecto a 2014.<\/p>\n<p>La consejera de Bienestar Social y Vivienda, Graciela Blanco, ha destacado hoy el esfuerzo presupuestario del Gobierno asturiano, que aporta este a\u00f1o 1,1 millones frente a los 600.000 euros de 2014, mientras que la Administraci\u00f3n central pas\u00f3 de 800.000 euros en 2014 a tan s\u00f3lo 1,08 millones en 2015. Blanco se ha mostrado, por tanto, contraria a la actual distribuci\u00f3n territorial de los 32 millones de fondo estatal.<\/p>\n<p>Seg\u00fan la consejera, \u201ccon esa f\u00f3rmula de reparto, Asturias sale mal parada, porque adem\u00e1s de seguir los criterios del \u00edndice AROPE (tasa de riesgo de pobreza y exclusi\u00f3n social), el 80% del reparto se ha hecho sobre el Plan Concertado de Servicios Sociales, donde ya salimos perjudicados\u201d. La consejera ha recordado que el Principado es el \u00fanico gobierno auton\u00f3mico que ha hecho una aportaci\u00f3n propia a este fondo, que, en el pasado ejercicio, alcanz\u00f3 a 2.000 familias en situaci\u00f3n de riesgo.<\/p>\n<p>La titular de Bienestar Social ha realizado estas declaraciones durante su visita al Centro de Menores de Miraflores, en Nore\u00f1a, donde se trabaja la sociabilizaci\u00f3n de j\u00f3venes con problemas. All\u00ed, ha anunciado que el pr\u00f3ximo mes de abril, la Universidad de Oviedo iniciar\u00e1 un estudio a petici\u00f3n de la consejer\u00eda sobre la evoluci\u00f3n y la incorporaci\u00f3n a la vida cotidiana de los menores que han estado bajo la protecci\u00f3n del Principado. Un tipo de estudio, ha recordado, que no se realiza desde hace diez a\u00f1os.<\/p>\n<p>Graciela Blanco ha asegurado que Asturias est\u00e1 cumpliendo el III Plan de la Infancia, aprobado en 2013, y que est\u00e1 movilizando 241,4 millones hasta 2016. Este a\u00f1o, la consejer\u00eda ha destinado m\u00e1s de 30 millones para reforzar la pol\u00edtica de infancia, de los que 8,7 se dirigen a las entidades del tercer sector para el mantenimiento de pol\u00edticas sociales relacionadas con los menores y las familias.<\/p>\n<p>La consejera se ha referido tambi\u00e9n a la consolidada red de servicios del Principado, formada por 45 centros (p\u00fablicos y concertados), entre los que se incluyen centros de d\u00eda y alojamientos, que suman 770 plazas. De \u00e9stos, 37 est\u00e1n concertados con las entidades del tercer sector.<\/p>\n<p>El refuerzo de las pol\u00edticas en materia de infancia del Principado ha sido reconocido en \u00faltimo informe de UNICEF, que sit\u00faa a Asturias entre las tres primeras comunidades aut\u00f3nomas espa\u00f1olas con un gasto de 1.125 euros por ni\u00f1o, concepto en el que la media nacional es de 370 euros.<\/p>\n<p>Otra de las apuestas del Gobierno asturiano es el acogimiento familiar, al que la consejer\u00eda destina un mill\u00f3n de euros en 2015, con ayudas directas a las familias acogedoras. Actualmente, hay 33 menores en acogimiento en familia ajena y 455 en familia extensa.<\/p>\n<p>Otra de las novedades presentadas hoy por Graciela Blanco es la puesta en marcha en abril de la plataforma digital en la que se est\u00e1 trabajando con el departamento de Psicolog\u00eda de la Universidad de Oviedo, para fomentar la l\u00ednea de buenas pr\u00e1cticas parentales en Asturias.<\/p>\n","protected":false},"excerpt":{"rendered":"<p>El Gobierno del Principado ha duplicado en 2015 su aportaci\u00f3n al fondo para la lucha contra la pobreza infantil, superando la cuant\u00eda que el Gobierno de Mariano Rajoy ha destinado a Asturias para el mismo fin, dentro del reparto establecido para las comunidades aut\u00f3nomas. El Ejecutivo central apenas aumenta la ayuda a las familias asturianas<\/p>\n","protected":false},"author":1,"featured_media":8601,"comment_status":"open","ping_status":"closed","sticky":false,"template":"","format":"standard","meta":{"footnotes":""},"categories":[7],"tags":[],"class_list":{"0":"post-8600","1":"post","2":"type-post","3":"status-publish","4":"format-standard","5":"has-post-thumbnail","7":"category-asturias"},"aioseo_notices":[],"aioseo_head":"\n\t\t<!-- All in One SEO Pro 4.9.6.2 - aioseo.com -->\n\t<meta name=\"description\" content=\"El Gobierno del Principado ha duplicado en 2015 su aportaci\u00f3n al fondo para la lucha contra la pobreza infantil, superando la cuant\u00eda que el Gobierno de Mariano Rajoy ha destinado a Asturias para el mismo fin, dentro del reparto establecido para las comunidades aut\u00f3nomas. El Ejecutivo central apenas aumenta la ayuda a las familias asturianas\" \/>\n\t<meta name=\"robots\" content=\"max-image-preview:large\" \/>\n\t<meta name=\"author\" content=\"Cand\u00e1s 365\"\/>\n\t<meta name=\"google-site-verification\" content=\"UA-32230408-1\" \/>\n\t<meta name=\"msvalidate.01\" content=\"354F3CDFB2DA171B47FBE9ABF1F88D5\" \/>\n\t<meta name=\"keywords\" content=\"asturias\" \/>\n\t<link rel=\"canonical\" href=\"https:\/\/candas365.es\/noticias\/asturias-duplica-este-2015-su-aportacion-al-fondo-de-pobreza-infantil-con-11-millones\/\" \/>\n\t<meta name=\"generator\" content=\"All in One SEO Pro (AIOSEO) 4.9.6.2\" \/>\n\t\t<meta property=\"og:locale\" content=\"es_ES\" \/>\n\t\t<meta property=\"og:site_name\" content=\"Cand\u00e1s 365\" \/>\n\t\t<meta property=\"og:type\" content=\"article\" \/>\n\t\t<meta property=\"og:title\" content=\"Asturias duplica este 2015 su aportaci\u00f3n al fondo de pobreza infantil con 1,1 millones | Cand\u00e1s 365\" \/>\n\t\t<meta property=\"og:description\" content=\"El Gobierno del Principado ha duplicado en 2015 su aportaci\u00f3n al fondo para la lucha contra la pobreza infantil, superando la cuant\u00eda que el Gobierno de Mariano Rajoy ha destinado a Asturias para el mismo fin, dentro del reparto establecido para las comunidades aut\u00f3nomas. El Ejecutivo central apenas aumenta la ayuda a las familias asturianas\" \/>\n\t\t<meta property=\"og:url\" content=\"https:\/\/candas365.es\/noticias\/asturias-duplica-este-2015-su-aportacion-al-fondo-de-pobreza-infantil-con-11-millones\/\" \/>\n\t\t<meta property=\"og:image\" content=\"https:\/\/candas365.es\/noticias\/wp-content\/uploads\/2015\/03\/2015_03_12-visita-Miraflores-scaled.jpg\" \/>\n\t\t<meta property=\"og:image:secure_url\" content=\"https:\/\/candas365.es\/noticias\/wp-content\/uploads\/2015\/03\/2015_03_12-visita-Miraflores-scaled.jpg\" \/>\n\t\t<meta property=\"og:image:width\" content=\"2560\" \/>\n\t\t<meta property=\"og:image:height\" content=\"1600\" \/>\n\t\t<meta property=\"article:published_time\" content=\"2015-03-12T22:48:43+00:00\" \/>\n\t\t<meta property=\"article:modified_time\" content=\"2015-03-12T22:48:54+00:00\" \/>\n\t\t<meta property=\"article:publisher\" content=\"https:\/\/www.facebook.com\/Nachofdezber\" \/>\n\t\t<meta property=\"article:author\" content=\"https:\/\/www.facebook.com\/carrenoactualidad\" \/>\n\t\t<meta name=\"twitter:card\" content=\"summary_large_image\" \/>\n\t\t<meta name=\"twitter:site\" content=\"@NabercoDigital\" \/>\n\t\t<meta name=\"twitter:title\" content=\"Asturias duplica este 2015 su aportaci\u00f3n al fondo de pobreza infantil con 1,1 millones | Cand\u00e1s 365\" \/>\n\t\t<meta name=\"twitter:description\" content=\"El Gobierno del Principado ha duplicado en 2015 su aportaci\u00f3n al fondo para la lucha contra la pobreza infantil, superando la cuant\u00eda que el Gobierno de Mariano Rajoy ha destinado a Asturias para el mismo fin, dentro del reparto establecido para las comunidades aut\u00f3nomas. El Ejecutivo central apenas aumenta la ayuda a las familias asturianas\" \/>\n\t\t<meta name=\"twitter:creator\" content=\"@nbasturias\" \/>\n\t\t<meta name=\"twitter:image\" content=\"https:\/\/candas365.es\/noticias\/wp-content\/uploads\/2015\/03\/2015_03_12-visita-Miraflores-scaled.jpg\" \/>\n\t\t<meta name=\"twitter:label1\" content=\"Escrito por\" \/>\n\t\t<meta name=\"twitter:data1\" content=\"Cand\u00e1s 365\" \/>\n\t\t<meta name=\"twitter:label2\" content=\"Tiempo de lectura estimado\" \/>\n\t\t<meta name=\"twitter:data2\" content=\"3 minutos\" \/>\n\t\t<script type=\"application\/ld+json\" class=\"aioseo-schema\">\n\t\t\t{\"@context\":\"https:\\\/\\\/schema.org\",\"@graph\":[{\"@type\":\"BreadcrumbList\",\"@id\":\"https:\\\/\\\/candas365.es\\\/noticias\\\/asturias-duplica-este-2015-su-aportacion-al-fondo-de-pobreza-infantil-con-11-millones\\\/#breadcrumblist\",\"itemListElement\":[{\"@type\":\"ListItem\",\"@id\":\"https:\\\/\\\/candas365.es\\\/noticias#listItem\",\"position\":1,\"name\":\"Home\",\"item\":\"https:\\\/\\\/candas365.es\\\/noticias\",\"nextItem\":{\"@type\":\"ListItem\",\"@id\":\"https:\\\/\\\/candas365.es\\\/noticias\\\/category\\\/asturias\\\/#listItem\",\"name\":\"Asturias\"}},{\"@type\":\"ListItem\",\"@id\":\"https:\\\/\\\/candas365.es\\\/noticias\\\/category\\\/asturias\\\/#listItem\",\"position\":2,\"name\":\"Asturias\",\"item\":\"https:\\\/\\\/candas365.es\\\/noticias\\\/category\\\/asturias\\\/\",\"nextItem\":{\"@type\":\"ListItem\",\"@id\":\"https:\\\/\\\/candas365.es\\\/noticias\\\/asturias-duplica-este-2015-su-aportacion-al-fondo-de-pobreza-infantil-con-11-millones\\\/#listItem\",\"name\":\"Asturias duplica este 2015 su aportaci\\u00f3n al fondo de pobreza infantil con 1,1 millones\"},\"previousItem\":{\"@type\":\"ListItem\",\"@id\":\"https:\\\/\\\/candas365.es\\\/noticias#listItem\",\"name\":\"Home\"}},{\"@type\":\"ListItem\",\"@id\":\"https:\\\/\\\/candas365.es\\\/noticias\\\/asturias-duplica-este-2015-su-aportacion-al-fondo-de-pobreza-infantil-con-11-millones\\\/#listItem\",\"position\":3,\"name\":\"Asturias duplica este 2015 su aportaci\\u00f3n al fondo de pobreza infantil con 1,1 millones\",\"previousItem\":{\"@type\":\"ListItem\",\"@id\":\"https:\\\/\\\/candas365.es\\\/noticias\\\/category\\\/asturias\\\/#listItem\",\"name\":\"Asturias\"}}]},{\"@type\":\"NewsArticle\",\"@id\":\"https:\\\/\\\/candas365.es\\\/noticias\\\/asturias-duplica-este-2015-su-aportacion-al-fondo-de-pobreza-infantil-con-11-millones\\\/#newsarticle\",\"name\":\"Asturias duplica este 2015 su aportaci\\u00f3n al fondo de pobreza infantil con 1,1 millones | Cand\\u00e1s 365\",\"headline\":\"Asturias duplica este 2015 su aportaci\\u00f3n al fondo de pobreza infantil con 1,1 millones\",\"author\":{\"@id\":\"https:\\\/\\\/candas365.es\\\/noticias\\\/author\\\/admin\\\/#author\"},\"publisher\":{\"@id\":\"https:\\\/\\\/candas365.es\\\/noticias\\\/#organization\"},\"image\":{\"@type\":\"ImageObject\",\"url\":\"https:\\\/\\\/candas365.es\\\/noticias\\\/wp-content\\\/uploads\\\/2015\\\/03\\\/2015_03_12-visita-Miraflores-scaled.jpg\",\"width\":2560,\"height\":1600},\"datePublished\":\"2015-03-12T20:48:43+01:00\",\"dateModified\":\"2015-03-12T20:48:54+01:00\",\"inLanguage\":\"es-ES\",\"mainEntityOfPage\":{\"@id\":\"https:\\\/\\\/candas365.es\\\/noticias\\\/asturias-duplica-este-2015-su-aportacion-al-fondo-de-pobreza-infantil-con-11-millones\\\/#webpage\"},\"isPartOf\":{\"@id\":\"https:\\\/\\\/candas365.es\\\/noticias\\\/asturias-duplica-este-2015-su-aportacion-al-fondo-de-pobreza-infantil-con-11-millones\\\/#webpage\"},\"articleSection\":\"Asturias\",\"dateline\":\"Publicado el marzo 12, 2015.\"},{\"@type\":\"Organization\",\"@id\":\"https:\\\/\\\/candas365.es\\\/noticias\\\/#organization\",\"name\":\"Cand\\u00e1s 365\",\"description\":\"Cand\\u00e1s 365 es un diario digital independiente, fundado en 2012, con base en Asturias. Informamos con rigor sobre actualidad, sociedad, cultura y ocio, con una mirada local y global.\",\"url\":\"https:\\\/\\\/candas365.es\\\/noticias\\\/\",\"email\":\"info@candas365.es\",\"telephone\":\"+34652131393\",\"foundingDate\":\"2012-06-10\",\"logo\":{\"@type\":\"ImageObject\",\"url\":\"https:\\\/\\\/candas365.es\\\/noticias\\\/wp-content\\\/uploads\\\/2024\\\/09\\\/Candas-365-Redes.jpg\",\"@id\":\"https:\\\/\\\/candas365.es\\\/noticias\\\/asturias-duplica-este-2015-su-aportacion-al-fondo-de-pobreza-infantil-con-11-millones\\\/#organizationLogo\",\"width\":1152,\"height\":864,\"caption\":\"Cand\\u00e1s 365 Redes\"},\"image\":{\"@id\":\"https:\\\/\\\/candas365.es\\\/noticias\\\/asturias-duplica-este-2015-su-aportacion-al-fondo-de-pobreza-infantil-con-11-millones\\\/#organizationLogo\"},\"sameAs\":[\"https:\\\/\\\/www.facebook.com\\\/Nachofdezber\",\"https:\\\/\\\/x.com\\\/NabercoDigital\",\"https:\\\/\\\/www.instagram.com\\\/nachofdezber\\\/\",\"https:\\\/\\\/www.youtube.com\\\/channel\\\/UCZP-2wLEB9Rv6erhFmqVnvg\"],\"address\":{\"@id\":\"https:\\\/\\\/candas365.es\\\/noticias\\\/#postaladdress\",\"@type\":\"PostalAddress\",\"streetAddress\":\"san antonio 4, san antonio 4\",\"postalCode\":\"33430\",\"addressLocality\":\"Cand\\u00e1s\",\"addressRegion\":\"Asturias\",\"addressCountry\":\"ES\"}},{\"@type\":\"Person\",\"@id\":\"https:\\\/\\\/candas365.es\\\/noticias\\\/author\\\/admin\\\/#author\",\"url\":\"https:\\\/\\\/candas365.es\\\/noticias\\\/author\\\/admin\\\/\",\"name\":\"Cand\\u00e1s 365\",\"image\":{\"@type\":\"ImageObject\",\"@id\":\"https:\\\/\\\/candas365.es\\\/noticias\\\/asturias-duplica-este-2015-su-aportacion-al-fondo-de-pobreza-infantil-con-11-millones\\\/#authorImage\",\"url\":\"https:\\\/\\\/secure.gravatar.com\\\/avatar\\\/496a8e03d0c493ede1718b7934145dbdf8d89be1036b0eec9544e1094c9de390?s=96&d=mm&r=g\",\"width\":96,\"height\":96,\"caption\":\"Cand\\u00e1s 365\"},\"sameAs\":[\"https:\\\/\\\/www.facebook.com\\\/carrenoactualidad\",\"https:\\\/\\\/twitter.com\\\/nbasturias\",\"https:\\\/\\\/www.instagram.com\\\/nachofdezber\\\/\",\"https:\\\/\\\/www.youtube.com\\\/channel\\\/UCZP-2wLEB9Rv6erhFmqVnvg\"]},{\"@type\":\"WebPage\",\"@id\":\"https:\\\/\\\/candas365.es\\\/noticias\\\/asturias-duplica-este-2015-su-aportacion-al-fondo-de-pobreza-infantil-con-11-millones\\\/#webpage\",\"url\":\"https:\\\/\\\/candas365.es\\\/noticias\\\/asturias-duplica-este-2015-su-aportacion-al-fondo-de-pobreza-infantil-con-11-millones\\\/\",\"name\":\"Asturias duplica este 2015 su aportaci\\u00f3n al fondo de pobreza infantil con 1,1 millones | Cand\\u00e1s 365\",\"description\":\"El Gobierno del Principado ha duplicado en 2015 su aportaci\\u00f3n al fondo para la lucha contra la pobreza infantil, superando la cuant\\u00eda que el Gobierno de Mariano Rajoy ha destinado a Asturias para el mismo fin, dentro del reparto establecido para las comunidades aut\\u00f3nomas. El Ejecutivo central apenas aumenta la ayuda a las familias asturianas\",\"inLanguage\":\"es-ES\",\"isPartOf\":{\"@id\":\"https:\\\/\\\/candas365.es\\\/noticias\\\/#website\"},\"breadcrumb\":{\"@id\":\"https:\\\/\\\/candas365.es\\\/noticias\\\/asturias-duplica-este-2015-su-aportacion-al-fondo-de-pobreza-infantil-con-11-millones\\\/#breadcrumblist\"},\"author\":{\"@id\":\"https:\\\/\\\/candas365.es\\\/noticias\\\/author\\\/admin\\\/#author\"},\"creator\":{\"@id\":\"https:\\\/\\\/candas365.es\\\/noticias\\\/author\\\/admin\\\/#author\"},\"image\":{\"@type\":\"ImageObject\",\"url\":\"https:\\\/\\\/candas365.es\\\/noticias\\\/wp-content\\\/uploads\\\/2015\\\/03\\\/2015_03_12-visita-Miraflores-scaled.jpg\",\"@id\":\"https:\\\/\\\/candas365.es\\\/noticias\\\/asturias-duplica-este-2015-su-aportacion-al-fondo-de-pobreza-infantil-con-11-millones\\\/#mainImage\",\"width\":2560,\"height\":1600},\"primaryImageOfPage\":{\"@id\":\"https:\\\/\\\/candas365.es\\\/noticias\\\/asturias-duplica-este-2015-su-aportacion-al-fondo-de-pobreza-infantil-con-11-millones\\\/#mainImage\"},\"datePublished\":\"2015-03-12T20:48:43+01:00\",\"dateModified\":\"2015-03-12T20:48:54+01:00\"},{\"@type\":\"WebSite\",\"@id\":\"https:\\\/\\\/candas365.es\\\/noticias\\\/#website\",\"url\":\"https:\\\/\\\/candas365.es\\\/noticias\\\/\",\"name\":\"Cand\\u00e1s 365\",\"alternateName\":\"Cand\\u00e1s 365 Noticias\",\"description\":\"Actualidad desde Carre\\u00f1o para el mundo\",\"inLanguage\":\"es-ES\",\"publisher\":{\"@id\":\"https:\\\/\\\/candas365.es\\\/noticias\\\/#organization\"}}]}\n\t\t<\/script>\n\t\t<!-- All in One SEO Pro -->\r\n\t\t<title>Asturias duplica este 2015 su aportaci\u00f3n al fondo de pobreza infantil con 1,1 millones | Cand\u00e1s 365<\/title>\n\n","aioseo_head_json":{"title":"Asturias duplica este 2015 su aportaci\u00f3n al fondo de pobreza infantil con 1,1 millones | Cand\u00e1s 365","description":"El Gobierno del Principado ha duplicado en 2015 su aportaci\u00f3n al fondo para la lucha contra la pobreza infantil, superando la cuant\u00eda que el Gobierno de Mariano Rajoy ha destinado a Asturias para el mismo fin, dentro del reparto establecido para las comunidades aut\u00f3nomas. El Ejecutivo central apenas aumenta la ayuda a las familias asturianas","canonical_url":"https:\/\/candas365.es\/noticias\/asturias-duplica-este-2015-su-aportacion-al-fondo-de-pobreza-infantil-con-11-millones\/","robots":"max-image-preview:large","keywords":"asturias","webmasterTools":{"google-site-verification":"UA-32230408-1","msvalidate.01":"354F3CDFB2DA171B47FBE9ABF1F88D5","miscellaneous":""},"schema":{"@context":"https:\/\/schema.org","@graph":[{"@type":"BreadcrumbList","@id":"https:\/\/candas365.es\/noticias\/asturias-duplica-este-2015-su-aportacion-al-fondo-de-pobreza-infantil-con-11-millones\/#breadcrumblist","itemListElement":[{"@type":"ListItem","@id":"https:\/\/candas365.es\/noticias#listItem","position":1,"name":"Home","item":"https:\/\/candas365.es\/noticias","nextItem":{"@type":"ListItem","@id":"https:\/\/candas365.es\/noticias\/category\/asturias\/#listItem","name":"Asturias"}},{"@type":"ListItem","@id":"https:\/\/candas365.es\/noticias\/category\/asturias\/#listItem","position":2,"name":"Asturias","item":"https:\/\/candas365.es\/noticias\/category\/asturias\/","nextItem":{"@type":"ListItem","@id":"https:\/\/candas365.es\/noticias\/asturias-duplica-este-2015-su-aportacion-al-fondo-de-pobreza-infantil-con-11-millones\/#listItem","name":"Asturias duplica este 2015 su aportaci\u00f3n al fondo de pobreza infantil con 1,1 millones"},"previousItem":{"@type":"ListItem","@id":"https:\/\/candas365.es\/noticias#listItem","name":"Home"}},{"@type":"ListItem","@id":"https:\/\/candas365.es\/noticias\/asturias-duplica-este-2015-su-aportacion-al-fondo-de-pobreza-infantil-con-11-millones\/#listItem","position":3,"name":"Asturias duplica este 2015 su aportaci\u00f3n al fondo de pobreza infantil con 1,1 millones","previousItem":{"@type":"ListItem","@id":"https:\/\/candas365.es\/noticias\/category\/asturias\/#listItem","name":"Asturias"}}]},{"@type":"NewsArticle","@id":"https:\/\/candas365.es\/noticias\/asturias-duplica-este-2015-su-aportacion-al-fondo-de-pobreza-infantil-con-11-millones\/#newsarticle","name":"Asturias duplica este 2015 su aportaci\u00f3n al fondo de pobreza infantil con 1,1 millones | Cand\u00e1s 365","headline":"Asturias duplica este 2015 su aportaci\u00f3n al fondo de pobreza infantil con 1,1 millones","author":{"@id":"https:\/\/candas365.es\/noticias\/author\/admin\/#author"},"publisher":{"@id":"https:\/\/candas365.es\/noticias\/#organization"},"image":{"@type":"ImageObject","url":"https:\/\/candas365.es\/noticias\/wp-content\/uploads\/2015\/03\/2015_03_12-visita-Miraflores-scaled.jpg","width":2560,"height":1600},"datePublished":"2015-03-12T20:48:43+01:00","dateModified":"2015-03-12T20:48:54+01:00","inLanguage":"es-ES","mainEntityOfPage":{"@id":"https:\/\/candas365.es\/noticias\/asturias-duplica-este-2015-su-aportacion-al-fondo-de-pobreza-infantil-con-11-millones\/#webpage"},"isPartOf":{"@id":"https:\/\/candas365.es\/noticias\/asturias-duplica-este-2015-su-aportacion-al-fondo-de-pobreza-infantil-con-11-millones\/#webpage"},"articleSection":"Asturias","dateline":"Publicado el marzo 12, 2015."},{"@type":"Organization","@id":"https:\/\/candas365.es\/noticias\/#organization","name":"Cand\u00e1s 365","description":"Cand\u00e1s 365 es un diario digital independiente, fundado en 2012, con base en Asturias. Informamos con rigor sobre actualidad, sociedad, cultura y ocio, con una mirada local y global.","url":"https:\/\/candas365.es\/noticias\/","email":"info@candas365.es","telephone":"+34652131393","foundingDate":"2012-06-10","logo":{"@type":"ImageObject","url":"https:\/\/candas365.es\/noticias\/wp-content\/uploads\/2024\/09\/Candas-365-Redes.jpg","@id":"https:\/\/candas365.es\/noticias\/asturias-duplica-este-2015-su-aportacion-al-fondo-de-pobreza-infantil-con-11-millones\/#organizationLogo","width":1152,"height":864,"caption":"Cand\u00e1s 365 Redes"},"image":{"@id":"https:\/\/candas365.es\/noticias\/asturias-duplica-este-2015-su-aportacion-al-fondo-de-pobreza-infantil-con-11-millones\/#organizationLogo"},"sameAs":["https:\/\/www.facebook.com\/Nachofdezber","https:\/\/x.com\/NabercoDigital","https:\/\/www.instagram.com\/nachofdezber\/","https:\/\/www.youtube.com\/channel\/UCZP-2wLEB9Rv6erhFmqVnvg"],"address":{"@id":"https:\/\/candas365.es\/noticias\/#postaladdress","@type":"PostalAddress","streetAddress":"san antonio 4, san antonio 4","postalCode":"33430","addressLocality":"Cand\u00e1s","addressRegion":"Asturias","addressCountry":"ES"}},{"@type":"Person","@id":"https:\/\/candas365.es\/noticias\/author\/admin\/#author","url":"https:\/\/candas365.es\/noticias\/author\/admin\/","name":"Cand\u00e1s 365","image":{"@type":"ImageObject","@id":"https:\/\/candas365.es\/noticias\/asturias-duplica-este-2015-su-aportacion-al-fondo-de-pobreza-infantil-con-11-millones\/#authorImage","url":"https:\/\/secure.gravatar.com\/avatar\/496a8e03d0c493ede1718b7934145dbdf8d89be1036b0eec9544e1094c9de390?s=96&d=mm&r=g","width":96,"height":96,"caption":"Cand\u00e1s 365"},"sameAs":["https:\/\/www.facebook.com\/carrenoactualidad","https:\/\/twitter.com\/nbasturias","https:\/\/www.instagram.com\/nachofdezber\/","https:\/\/www.youtube.com\/channel\/UCZP-2wLEB9Rv6erhFmqVnvg"]},{"@type":"WebPage","@id":"https:\/\/candas365.es\/noticias\/asturias-duplica-este-2015-su-aportacion-al-fondo-de-pobreza-infantil-con-11-millones\/#webpage","url":"https:\/\/candas365.es\/noticias\/asturias-duplica-este-2015-su-aportacion-al-fondo-de-pobreza-infantil-con-11-millones\/","name":"Asturias duplica este 2015 su aportaci\u00f3n al fondo de pobreza infantil con 1,1 millones | Cand\u00e1s 365","description":"El Gobierno del Principado ha duplicado en 2015 su aportaci\u00f3n al fondo para la lucha contra la pobreza infantil, superando la cuant\u00eda que el Gobierno de Mariano Rajoy ha destinado a Asturias para el mismo fin, dentro del reparto establecido para las comunidades aut\u00f3nomas. El Ejecutivo central apenas aumenta la ayuda a las familias asturianas","inLanguage":"es-ES","isPartOf":{"@id":"https:\/\/candas365.es\/noticias\/#website"},"breadcrumb":{"@id":"https:\/\/candas365.es\/noticias\/asturias-duplica-este-2015-su-aportacion-al-fondo-de-pobreza-infantil-con-11-millones\/#breadcrumblist"},"author":{"@id":"https:\/\/candas365.es\/noticias\/author\/admin\/#author"},"creator":{"@id":"https:\/\/candas365.es\/noticias\/author\/admin\/#author"},"image":{"@type":"ImageObject","url":"https:\/\/candas365.es\/noticias\/wp-content\/uploads\/2015\/03\/2015_03_12-visita-Miraflores-scaled.jpg","@id":"https:\/\/candas365.es\/noticias\/asturias-duplica-este-2015-su-aportacion-al-fondo-de-pobreza-infantil-con-11-millones\/#mainImage","width":2560,"height":1600},"primaryImageOfPage":{"@id":"https:\/\/candas365.es\/noticias\/asturias-duplica-este-2015-su-aportacion-al-fondo-de-pobreza-infantil-con-11-millones\/#mainImage"},"datePublished":"2015-03-12T20:48:43+01:00","dateModified":"2015-03-12T20:48:54+01:00"},{"@type":"WebSite","@id":"https:\/\/candas365.es\/noticias\/#website","url":"https:\/\/candas365.es\/noticias\/","name":"Cand\u00e1s 365","alternateName":"Cand\u00e1s 365 Noticias","description":"Actualidad desde Carre\u00f1o para el mundo","inLanguage":"es-ES","publisher":{"@id":"https:\/\/candas365.es\/noticias\/#organization"}}]},"og:locale":"es_ES","og:site_name":"Cand\u00e1s 365","og:type":"article","og:title":"Asturias duplica este 2015 su aportaci\u00f3n al fondo de pobreza infantil con 1,1 millones | Cand\u00e1s 365","og:description":"El Gobierno del Principado ha duplicado en 2015 su aportaci\u00f3n al fondo para la lucha contra la pobreza infantil, superando la cuant\u00eda que el Gobierno de Mariano Rajoy ha destinado a Asturias para el mismo fin, dentro del reparto establecido para las comunidades aut\u00f3nomas. El Ejecutivo central apenas aumenta la ayuda a las familias asturianas","og:url":"https:\/\/candas365.es\/noticias\/asturias-duplica-este-2015-su-aportacion-al-fondo-de-pobreza-infantil-con-11-millones\/","og:image":"https:\/\/candas365.es\/noticias\/wp-content\/uploads\/2015\/03\/2015_03_12-visita-Miraflores-scaled.jpg","og:image:secure_url":"https:\/\/candas365.es\/noticias\/wp-content\/uploads\/2015\/03\/2015_03_12-visita-Miraflores-scaled.jpg","og:image:width":2560,"og:image:height":1600,"article:published_time":"2015-03-12T22:48:43+00:00","article:modified_time":"2015-03-12T22:48:54+00:00","article:publisher":"https:\/\/www.facebook.com\/Nachofdezber","article:author":"https:\/\/www.facebook.com\/carrenoactualidad","twitter:card":"summary_large_image","twitter:site":"@NabercoDigital","twitter:title":"Asturias duplica este 2015 su aportaci\u00f3n al fondo de pobreza infantil con 1,1 millones | Cand\u00e1s 365","twitter:description":"El Gobierno del Principado ha duplicado en 2015 su aportaci\u00f3n al fondo para la lucha contra la pobreza infantil, superando la cuant\u00eda que el Gobierno de Mariano Rajoy ha destinado a Asturias para el mismo fin, dentro del reparto establecido para las comunidades aut\u00f3nomas. El Ejecutivo central apenas aumenta la ayuda a las familias asturianas","twitter:creator":"@nbasturias","twitter:image":"https:\/\/candas365.es\/noticias\/wp-content\/uploads\/2015\/03\/2015_03_12-visita-Miraflores-scaled.jpg","twitter:label1":"Escrito por","twitter:data1":"Cand\u00e1s 365","twitter:label2":"Tiempo de lectura estimado","twitter:data2":"3 minutos"},"aioseo_meta_data":{"post_id":"8600","title":null,"description":null,"keywords":null,"keyphrases":null,"primary_term":null,"canonical_url":null,"og_title":null,"og_description":null,"og_object_type":"default","og_image_type":"default","og_image_url":null,"og_image_width":null,"og_image_height":null,"og_image_custom_url":null,"og_image_custom_fields":null,"og_video":null,"og_custom_url":null,"og_article_section":null,"og_article_tags":null,"twitter_use_og":false,"twitter_card":"default","twitter_image_type":"default","twitter_image_url":null,"twitter_image_custom_url":null,"twitter_image_custom_fields":null,"twitter_title":null,"twitter_description":null,"schema":{"blockGraphs":[],"customGraphs":[],"default":{"data":{"Article":[],"Course":[],"Dataset":[],"FAQPage":[],"Movie":[],"Person":[],"Product":[],"ProductReview":[],"Car":[],"Recipe":[],"Service":[],"SoftwareApplication":[],"WebPage":[]},"graphName":"","isEnabled":true},"graphs":[],"defaultGraph":"","defaultPostTypeGraph":""},"schema_type":null,"schema_type_options":null,"pillar_content":false,"robots_default":true,"robots_noindex":false,"robots_noarchive":false,"robots_nosnippet":false,"robots_nofollow":false,"robots_noimageindex":false,"robots_noodp":false,"robots_notranslate":false,"robots_max_snippet":null,"robots_max_videopreview":null,"robots_max_imagepreview":"large","priority":null,"frequency":null,"location":null,"local_seo":null,"seo_analyzer_scan_date":"2025-08-23 07:03:14","breadcrumb_settings":null,"limit_modified_date":false,"reviewed_by":null,"open_ai":null,"ai":null,"created":"2020-12-21 10:58:12","updated":"2025-08-23 07:03:14"},"aioseo_breadcrumb":"<div class=\"aioseo-breadcrumbs\"><span class=\"aioseo-breadcrumb\">\n\t<a href=\"https:\/\/candas365.es\/noticias\" title=\"Home\">Home<\/a>\n<\/span><span class=\"aioseo-breadcrumb-separator\">&ndash;<\/span><span class=\"aioseo-breadcrumb\">\n\t<a href=\"https:\/\/candas365.es\/noticias\/category\/asturias\/\" title=\"Asturias\">Asturias<\/a>\n<\/span><span class=\"aioseo-breadcrumb-separator\">&ndash;<\/span><span class=\"aioseo-breadcrumb\">\n\tAsturias duplica este 2015 su aportaci\u00f3n al fondo de pobreza infantil con 1,1 millones\n<\/span><\/div>","aioseo_breadcrumb_json":[{"label":"Home","link":"https:\/\/candas365.es\/noticias"},{"label":"Asturias","link":"https:\/\/candas365.es\/noticias\/category\/asturias\/"},{"label":"Asturias duplica este 2015 su aportaci\u00f3n al fondo de pobreza infantil con 1,1 millones","link":"https:\/\/candas365.es\/noticias\/asturias-duplica-este-2015-su-aportacion-al-fondo-de-pobreza-infantil-con-11-millones\/"}],"_links":{"self":[{"href":"https:\/\/candas365.es\/noticias\/wp-json\/wp\/v2\/posts\/8600","targetHints":{"allow":["GET"]}}],"collection":[{"href":"https:\/\/candas365.es\/noticias\/wp-json\/wp\/v2\/posts"}],"about":[{"href":"https:\/\/candas365.es\/noticias\/wp-json\/wp\/v2\/types\/post"}],"author":[{"embeddable":true,"href":"https:\/\/candas365.es\/noticias\/wp-json\/wp\/v2\/users\/1"}],"replies":[{"embeddable":true,"href":"https:\/\/candas365.es\/noticias\/wp-json\/wp\/v2\/comments?post=8600"}],"version-history":[{"count":0,"href":"https:\/\/candas365.es\/noticias\/wp-json\/wp\/v2\/posts\/8600\/revisions"}],"wp:featuredmedia":[{"embeddable":true,"href":"https:\/\/candas365.es\/noticias\/wp-json\/wp\/v2\/media\/8601"}],"wp:attachment":[{"href":"https:\/\/candas365.es\/noticias\/wp-json\/wp\/v2\/media?parent=8600"}],"wp:term":[{"taxonomy":"category","embeddable":true,"href":"https:\/\/candas365.es\/noticias\/wp-json\/wp\/v2\/categories?post=8600"},{"taxonomy":"post_tag","embeddable":true,"href":"https:\/\/candas365.es\/noticias\/wp-json\/wp\/v2\/tags?post=8600"}],"curies":[{"name":"wp","href":"https:\/\/api.w.org\/{rel}","templated":true}]}}