{"id":8598,"date":"2015-03-12T19:58:30","date_gmt":"2015-03-12T21:58:30","guid":{"rendered":"http:\/\/candas365.es\/noticias\/?p=8598"},"modified":"2015-03-12T19:58:30","modified_gmt":"2015-03-12T21:58:30","slug":"guillermo-martinez-afirma-que-el-principado-ha-intensificado-las-politicas-de-igualdad-laboral","status":"publish","type":"post","link":"https:\/\/candas365.es\/noticias\/guillermo-martinez-afirma-que-el-principado-ha-intensificado-las-politicas-de-igualdad-laboral\/","title":{"rendered":"Guillermo Mart\u00ednez afirma que el Principado ha intensificado las pol\u00edticas de igualdad laboral"},"content":{"rendered":"<p><img fetchpriority=\"high\" decoding=\"async\" class=\"alignleft size-medium wp-image-8549\" src=\"https:\/\/candas365.es\/noticias\/wp-content\/uploads\/2015\/03\/2015_03_11-RP-Consejo-de-Gobierno-1-360x239.jpg\" alt=\"2015_03_11 RP Consejo de Gobierno 1\" width=\"360\" height=\"239\" srcset=\"https:\/\/candas365.es\/noticias\/wp-content\/uploads\/2015\/03\/2015_03_11-RP-Consejo-de-Gobierno-1-360x239.jpg 360w, https:\/\/candas365.es\/noticias\/wp-content\/uploads\/2015\/03\/2015_03_11-RP-Consejo-de-Gobierno-1-650x432.jpg 650w, https:\/\/candas365.es\/noticias\/wp-content\/uploads\/2015\/03\/2015_03_11-RP-Consejo-de-Gobierno-1-768x510.jpg 768w, https:\/\/candas365.es\/noticias\/wp-content\/uploads\/2015\/03\/2015_03_11-RP-Consejo-de-Gobierno-1-1536x1021.jpg 1536w, https:\/\/candas365.es\/noticias\/wp-content\/uploads\/2015\/03\/2015_03_11-RP-Consejo-de-Gobierno-1-2048x1361.jpg 2048w, https:\/\/candas365.es\/noticias\/wp-content\/uploads\/2015\/03\/2015_03_11-RP-Consejo-de-Gobierno-1-150x100.jpg 150w, https:\/\/candas365.es\/noticias\/wp-content\/uploads\/2015\/03\/2015_03_11-RP-Consejo-de-Gobierno-1-450x299.jpg 450w, https:\/\/candas365.es\/noticias\/wp-content\/uploads\/2015\/03\/2015_03_11-RP-Consejo-de-Gobierno-1-1200x797.jpg 1200w, https:\/\/candas365.es\/noticias\/wp-content\/uploads\/2015\/03\/2015_03_11-RP-Consejo-de-Gobierno-1-1920x1276.jpg 1920w, https:\/\/candas365.es\/noticias\/wp-content\/uploads\/2015\/03\/2015_03_11-RP-Consejo-de-Gobierno-1-655x435.jpg 655w, https:\/\/candas365.es\/noticias\/wp-content\/uploads\/2015\/03\/2015_03_11-RP-Consejo-de-Gobierno-1-696x462.jpg 696w, https:\/\/candas365.es\/noticias\/wp-content\/uploads\/2015\/03\/2015_03_11-RP-Consejo-de-Gobierno-1-1068x710.jpg 1068w, https:\/\/candas365.es\/noticias\/wp-content\/uploads\/2015\/03\/2015_03_11-RP-Consejo-de-Gobierno-1-632x420.jpg 632w, https:\/\/candas365.es\/noticias\/wp-content\/uploads\/2015\/03\/2015_03_11-RP-Consejo-de-Gobierno-1-84x55.jpg 84w\" sizes=\"(max-width: 360px) 100vw, 360px\" \/>El consejero de Presidencia y portavoz del Principado, Guillermo Mart\u00ednez, ha afirmado hoy en la Junta General del Principado que el Gobierno asturiano ha intensificado desde 2012 las pol\u00edticas de igualdad laboral entre hombres y mujeres con el objeto de frenar las consecuencias de la crisis econ\u00f3mica y las contrarreformas sociales del Ejecutivo central, que han penalizado de forma m\u00e1s notoria a la poblaci\u00f3n femenina.<\/p>\n<p>El compromiso del Ejecutivo del Principado se ha traducido en la materializaci\u00f3n de una estrategia por la igualdad de g\u00e9nero, de la que son referencias la apertura de la Escuela de Emprendedoras y Empresarias de Asturias, de la que ya han salido 40 empresas lideradas por mujeres. Tambi\u00e9n destaca el programa M\u00e1s que un respiro, dirigido a las mujeres del medio rural y que ha tenido en los concejos de Vald\u00e9s, Navia y Tineo su primera experiencia piloto.<\/p>\n<p>Son actuaciones que se han complementado con la aprobaci\u00f3n del Plan Estrat\u00e9gico de Igualdad del Principado de Asturias (2013-2015), que incorpora una bater\u00eda de iniciativas para impulsar la equiparaci\u00f3n efectiva entre asturianos y asturianas en todos los \u00e1mbitos, con singular atenci\u00f3n a la formaci\u00f3n profesional, la inserci\u00f3n laboral y la reducci\u00f3n de la brecha salarial.<\/p>\n<p>El aumento de la brecha salarial se produce de forma paralela a la crisis, a los recortes aplicados por el Gobierno central y a la ca\u00edda de las retribuciones, seg\u00fan ha precisado el consejero de Presidencia. En 2012, \u00faltimos datos hechos p\u00fablicos por el Instituto Nacional de Estad\u00edstica, las empleadas asturianas cobran un 28% menos que los hombres, cuatro puntos por encima de la media espa\u00f1ola.<\/p>\n<p>Por eso el Plan de Igualdad, seg\u00fan Guillermo Mart\u00ednez, \u201cpresta especial atenci\u00f3n a la lucha contra la brecha salarial\u201d, una iniciativa novedosa del Principado que prev\u00e9 la cooperaci\u00f3n con otras instituciones y organizaciones sociales, empresariales y sindicales.<\/p>\n<p>Entre las diferentes acciones desarrolladas, Guillermo Mart\u00ednez ha destacado que el \u00e1rea de promoci\u00f3n de igualdad en el \u00e1mbito de trabajo se ha dotado con 1.397.000 euros para un conjunto de acciones, entre las que destacan un an\u00e1lisis acad\u00e9mico de las diferencias salariales en Asturias y de sus causas, el impulso a los planes de igualdad en las empresas y el apoyo a la Inspecci\u00f3n de Trabajo para el cumplimiento de los objetivos que tiene marcados en cuanto a la lucha contra la brecha salarial en las empresas asturianas.<\/p>\n<p>El consejero de Presidencia se ha referido tambi\u00e9n a la cooperaci\u00f3n con los sindicatos en acciones de informaci\u00f3n, formaci\u00f3n, y sensibilizaci\u00f3n sobre la brecha salarial, con una participaci\u00f3n aproximada de 600 personas en 26 concejos asturianos. Por otro lado, se ha puesto a disposici\u00f3n de las empresas asturianas un servicio de asesoramiento gratuito por parte de la Escuela de Emprendedoras y Empresarias, desde su sede de Avil\u00e9s, para la realizaci\u00f3n de planes de igualdad, como formaci\u00f3n del personal y de los responsables de la negociaci\u00f3n colectiva, como es el caso de HUNOSA y DuPont en la realizaci\u00f3n de su plan de igualdad.<\/p>\n<p>As\u00ed mismo, se ha formado a cuarenta personas entre cargos directivos y representantes de los y las trabajadoras, \u201cpues nos consta que es esencial apoyar la labor de sindicatos y patronal en el impulso de la negociaci\u00f3n colectiva, que es el marco donde se han de desarrollar las medidas de igualdad\u201d, ha destacado el consejero.<\/p>\n<p>La Escuela de Emprendedoras y Empresarias de Avil\u00e9s tambi\u00e9n ha tenido un importante papel: m\u00e1s de 150 personas han participado en los programas sobre la importancia de promover la incorporaci\u00f3n de mujeres a los puestos directivos en las empresas y de favorecer su incorporaci\u00f3n a sectores profesionales a\u00fan muy masculinizados, tanto a trav\u00e9s del empleo por cuenta ajena, como a trav\u00e9s de la creaci\u00f3n de empresas vinculadas a estos sectores.<\/p>\n","protected":false},"excerpt":{"rendered":"<p>El consejero de Presidencia y portavoz del Principado, Guillermo Mart\u00ednez, ha afirmado hoy en la Junta General del Principado que el Gobierno asturiano ha intensificado desde 2012 las pol\u00edticas de igualdad laboral entre hombres y mujeres con el objeto de frenar las consecuencias de la crisis econ\u00f3mica y las contrarreformas sociales del Ejecutivo central, que<\/p>\n","protected":false},"author":1,"featured_media":8549,"comment_status":"open","ping_status":"closed","sticky":false,"template":"","format":"standard","meta":{"footnotes":""},"categories":[7],"tags":[],"class_list":{"0":"post-8598","1":"post","2":"type-post","3":"status-publish","4":"format-standard","5":"has-post-thumbnail","7":"category-asturias"},"aioseo_notices":[],"aioseo_head":"\n\t\t<!-- All in One SEO Pro 4.9.6.2 - aioseo.com -->\n\t<meta name=\"description\" content=\"El consejero de Presidencia y portavoz del Principado, Guillermo Mart\u00ednez, ha afirmado hoy en la Junta General del Principado que el Gobierno asturiano ha intensificado desde 2012 las pol\u00edticas de igualdad laboral entre hombres y mujeres con el objeto de frenar las consecuencias de la crisis econ\u00f3mica y las contrarreformas sociales del Ejecutivo central, que\" \/>\n\t<meta name=\"robots\" content=\"max-image-preview:large\" \/>\n\t<meta name=\"author\" content=\"Cand\u00e1s 365\"\/>\n\t<meta name=\"google-site-verification\" content=\"UA-32230408-1\" \/>\n\t<meta name=\"msvalidate.01\" content=\"354F3CDFB2DA171B47FBE9ABF1F88D5\" \/>\n\t<meta name=\"keywords\" content=\"asturias\" \/>\n\t<link rel=\"canonical\" href=\"https:\/\/candas365.es\/noticias\/guillermo-martinez-afirma-que-el-principado-ha-intensificado-las-politicas-de-igualdad-laboral\/\" \/>\n\t<meta name=\"generator\" content=\"All in One SEO Pro (AIOSEO) 4.9.6.2\" \/>\n\t\t<meta property=\"og:locale\" content=\"es_ES\" \/>\n\t\t<meta property=\"og:site_name\" content=\"Cand\u00e1s 365\" \/>\n\t\t<meta property=\"og:type\" content=\"article\" \/>\n\t\t<meta property=\"og:title\" content=\"Guillermo Mart\u00ednez afirma que el Principado ha intensificado las pol\u00edticas de igualdad laboral | Cand\u00e1s 365\" \/>\n\t\t<meta property=\"og:description\" content=\"El consejero de Presidencia y portavoz del Principado, Guillermo Mart\u00ednez, ha afirmado hoy en la Junta General del Principado que el Gobierno asturiano ha intensificado desde 2012 las pol\u00edticas de igualdad laboral entre hombres y mujeres con el objeto de frenar las consecuencias de la crisis econ\u00f3mica y las contrarreformas sociales del Ejecutivo central, que\" \/>\n\t\t<meta property=\"og:url\" content=\"https:\/\/candas365.es\/noticias\/guillermo-martinez-afirma-que-el-principado-ha-intensificado-las-politicas-de-igualdad-laboral\/\" \/>\n\t\t<meta property=\"og:image\" content=\"https:\/\/candas365.es\/noticias\/wp-content\/uploads\/2015\/03\/2015_03_11-RP-Consejo-de-Gobierno-1-scaled.jpg\" \/>\n\t\t<meta property=\"og:image:secure_url\" content=\"https:\/\/candas365.es\/noticias\/wp-content\/uploads\/2015\/03\/2015_03_11-RP-Consejo-de-Gobierno-1-scaled.jpg\" \/>\n\t\t<meta property=\"og:image:width\" content=\"2560\" \/>\n\t\t<meta property=\"og:image:height\" content=\"1701\" \/>\n\t\t<meta property=\"article:published_time\" content=\"2015-03-12T21:58:30+00:00\" \/>\n\t\t<meta property=\"article:modified_time\" content=\"2015-03-12T21:58:30+00:00\" \/>\n\t\t<meta property=\"article:publisher\" content=\"https:\/\/www.facebook.com\/Nachofdezber\" \/>\n\t\t<meta property=\"article:author\" content=\"https:\/\/www.facebook.com\/carrenoactualidad\" \/>\n\t\t<meta name=\"twitter:card\" content=\"summary_large_image\" \/>\n\t\t<meta name=\"twitter:site\" content=\"@NabercoDigital\" \/>\n\t\t<meta name=\"twitter:title\" content=\"Guillermo Mart\u00ednez afirma que el Principado ha intensificado las pol\u00edticas de igualdad laboral | Cand\u00e1s 365\" \/>\n\t\t<meta name=\"twitter:description\" content=\"El consejero de Presidencia y portavoz del Principado, Guillermo Mart\u00ednez, ha afirmado hoy en la Junta General del Principado que el Gobierno asturiano ha intensificado desde 2012 las pol\u00edticas de igualdad laboral entre hombres y mujeres con el objeto de frenar las consecuencias de la crisis econ\u00f3mica y las contrarreformas sociales del Ejecutivo central, que\" \/>\n\t\t<meta name=\"twitter:creator\" content=\"@nbasturias\" \/>\n\t\t<meta name=\"twitter:image\" content=\"https:\/\/candas365.es\/noticias\/wp-content\/uploads\/2015\/03\/2015_03_11-RP-Consejo-de-Gobierno-1-scaled.jpg\" \/>\n\t\t<meta name=\"twitter:label1\" content=\"Escrito por\" \/>\n\t\t<meta name=\"twitter:data1\" content=\"Cand\u00e1s 365\" \/>\n\t\t<meta name=\"twitter:label2\" content=\"Tiempo de lectura estimado\" \/>\n\t\t<meta name=\"twitter:data2\" content=\"3 minutos\" \/>\n\t\t<script type=\"application\/ld+json\" class=\"aioseo-schema\">\n\t\t\t{\"@context\":\"https:\\\/\\\/schema.org\",\"@graph\":[{\"@type\":\"BreadcrumbList\",\"@id\":\"https:\\\/\\\/candas365.es\\\/noticias\\\/guillermo-martinez-afirma-que-el-principado-ha-intensificado-las-politicas-de-igualdad-laboral\\\/#breadcrumblist\",\"itemListElement\":[{\"@type\":\"ListItem\",\"@id\":\"https:\\\/\\\/candas365.es\\\/noticias#listItem\",\"position\":1,\"name\":\"Home\",\"item\":\"https:\\\/\\\/candas365.es\\\/noticias\",\"nextItem\":{\"@type\":\"ListItem\",\"@id\":\"https:\\\/\\\/candas365.es\\\/noticias\\\/category\\\/asturias\\\/#listItem\",\"name\":\"Asturias\"}},{\"@type\":\"ListItem\",\"@id\":\"https:\\\/\\\/candas365.es\\\/noticias\\\/category\\\/asturias\\\/#listItem\",\"position\":2,\"name\":\"Asturias\",\"item\":\"https:\\\/\\\/candas365.es\\\/noticias\\\/category\\\/asturias\\\/\",\"nextItem\":{\"@type\":\"ListItem\",\"@id\":\"https:\\\/\\\/candas365.es\\\/noticias\\\/guillermo-martinez-afirma-que-el-principado-ha-intensificado-las-politicas-de-igualdad-laboral\\\/#listItem\",\"name\":\"Guillermo Mart\\u00ednez afirma que el Principado ha intensificado las pol\\u00edticas de igualdad laboral\"},\"previousItem\":{\"@type\":\"ListItem\",\"@id\":\"https:\\\/\\\/candas365.es\\\/noticias#listItem\",\"name\":\"Home\"}},{\"@type\":\"ListItem\",\"@id\":\"https:\\\/\\\/candas365.es\\\/noticias\\\/guillermo-martinez-afirma-que-el-principado-ha-intensificado-las-politicas-de-igualdad-laboral\\\/#listItem\",\"position\":3,\"name\":\"Guillermo Mart\\u00ednez afirma que el Principado ha intensificado las pol\\u00edticas de igualdad laboral\",\"previousItem\":{\"@type\":\"ListItem\",\"@id\":\"https:\\\/\\\/candas365.es\\\/noticias\\\/category\\\/asturias\\\/#listItem\",\"name\":\"Asturias\"}}]},{\"@type\":\"NewsArticle\",\"@id\":\"https:\\\/\\\/candas365.es\\\/noticias\\\/guillermo-martinez-afirma-que-el-principado-ha-intensificado-las-politicas-de-igualdad-laboral\\\/#newsarticle\",\"name\":\"Guillermo Mart\\u00ednez afirma que el Principado ha intensificado las pol\\u00edticas de igualdad laboral | Cand\\u00e1s 365\",\"headline\":\"Guillermo Mart\\u00ednez afirma que el Principado ha intensificado las pol\\u00edticas de igualdad laboral\",\"author\":{\"@id\":\"https:\\\/\\\/candas365.es\\\/noticias\\\/author\\\/admin\\\/#author\"},\"publisher\":{\"@id\":\"https:\\\/\\\/candas365.es\\\/noticias\\\/#organization\"},\"image\":{\"@type\":\"ImageObject\",\"url\":\"https:\\\/\\\/candas365.es\\\/noticias\\\/wp-content\\\/uploads\\\/2015\\\/03\\\/2015_03_11-RP-Consejo-de-Gobierno-1-scaled.jpg\",\"width\":2560,\"height\":1701},\"datePublished\":\"2015-03-12T19:58:30+01:00\",\"dateModified\":\"2015-03-12T19:58:30+01:00\",\"inLanguage\":\"es-ES\",\"mainEntityOfPage\":{\"@id\":\"https:\\\/\\\/candas365.es\\\/noticias\\\/guillermo-martinez-afirma-que-el-principado-ha-intensificado-las-politicas-de-igualdad-laboral\\\/#webpage\"},\"isPartOf\":{\"@id\":\"https:\\\/\\\/candas365.es\\\/noticias\\\/guillermo-martinez-afirma-que-el-principado-ha-intensificado-las-politicas-de-igualdad-laboral\\\/#webpage\"},\"articleSection\":\"Asturias\",\"dateline\":\"Publicado el marzo 12, 2015.\"},{\"@type\":\"Organization\",\"@id\":\"https:\\\/\\\/candas365.es\\\/noticias\\\/#organization\",\"name\":\"Cand\\u00e1s 365\",\"description\":\"Cand\\u00e1s 365 es un diario digital independiente, fundado en 2012, con base en Asturias. Informamos con rigor sobre actualidad, sociedad, cultura y ocio, con una mirada local y global.\",\"url\":\"https:\\\/\\\/candas365.es\\\/noticias\\\/\",\"email\":\"info@candas365.es\",\"telephone\":\"+34652131393\",\"foundingDate\":\"2012-06-10\",\"logo\":{\"@type\":\"ImageObject\",\"url\":\"https:\\\/\\\/candas365.es\\\/noticias\\\/wp-content\\\/uploads\\\/2024\\\/09\\\/Candas-365-Redes.jpg\",\"@id\":\"https:\\\/\\\/candas365.es\\\/noticias\\\/guillermo-martinez-afirma-que-el-principado-ha-intensificado-las-politicas-de-igualdad-laboral\\\/#organizationLogo\",\"width\":1152,\"height\":864,\"caption\":\"Cand\\u00e1s 365 Redes\"},\"image\":{\"@id\":\"https:\\\/\\\/candas365.es\\\/noticias\\\/guillermo-martinez-afirma-que-el-principado-ha-intensificado-las-politicas-de-igualdad-laboral\\\/#organizationLogo\"},\"sameAs\":[\"https:\\\/\\\/www.facebook.com\\\/Nachofdezber\",\"https:\\\/\\\/x.com\\\/NabercoDigital\",\"https:\\\/\\\/www.instagram.com\\\/nachofdezber\\\/\",\"https:\\\/\\\/www.youtube.com\\\/channel\\\/UCZP-2wLEB9Rv6erhFmqVnvg\"],\"address\":{\"@id\":\"https:\\\/\\\/candas365.es\\\/noticias\\\/#postaladdress\",\"@type\":\"PostalAddress\",\"streetAddress\":\"san antonio 4, san antonio 4\",\"postalCode\":\"33430\",\"addressLocality\":\"Cand\\u00e1s\",\"addressRegion\":\"Asturias\",\"addressCountry\":\"ES\"}},{\"@type\":\"Person\",\"@id\":\"https:\\\/\\\/candas365.es\\\/noticias\\\/author\\\/admin\\\/#author\",\"url\":\"https:\\\/\\\/candas365.es\\\/noticias\\\/author\\\/admin\\\/\",\"name\":\"Cand\\u00e1s 365\",\"image\":{\"@type\":\"ImageObject\",\"@id\":\"https:\\\/\\\/candas365.es\\\/noticias\\\/guillermo-martinez-afirma-que-el-principado-ha-intensificado-las-politicas-de-igualdad-laboral\\\/#authorImage\",\"url\":\"https:\\\/\\\/secure.gravatar.com\\\/avatar\\\/496a8e03d0c493ede1718b7934145dbdf8d89be1036b0eec9544e1094c9de390?s=96&d=mm&r=g\",\"width\":96,\"height\":96,\"caption\":\"Cand\\u00e1s 365\"},\"sameAs\":[\"https:\\\/\\\/www.facebook.com\\\/carrenoactualidad\",\"https:\\\/\\\/twitter.com\\\/nbasturias\",\"https:\\\/\\\/www.instagram.com\\\/nachofdezber\\\/\",\"https:\\\/\\\/www.youtube.com\\\/channel\\\/UCZP-2wLEB9Rv6erhFmqVnvg\"]},{\"@type\":\"WebPage\",\"@id\":\"https:\\\/\\\/candas365.es\\\/noticias\\\/guillermo-martinez-afirma-que-el-principado-ha-intensificado-las-politicas-de-igualdad-laboral\\\/#webpage\",\"url\":\"https:\\\/\\\/candas365.es\\\/noticias\\\/guillermo-martinez-afirma-que-el-principado-ha-intensificado-las-politicas-de-igualdad-laboral\\\/\",\"name\":\"Guillermo Mart\\u00ednez afirma que el Principado ha intensificado las pol\\u00edticas de igualdad laboral | Cand\\u00e1s 365\",\"description\":\"El consejero de Presidencia y portavoz del Principado, Guillermo Mart\\u00ednez, ha afirmado hoy en la Junta General del Principado que el Gobierno asturiano ha intensificado desde 2012 las pol\\u00edticas de igualdad laboral entre hombres y mujeres con el objeto de frenar las consecuencias de la crisis econ\\u00f3mica y las contrarreformas sociales del Ejecutivo central, que\",\"inLanguage\":\"es-ES\",\"isPartOf\":{\"@id\":\"https:\\\/\\\/candas365.es\\\/noticias\\\/#website\"},\"breadcrumb\":{\"@id\":\"https:\\\/\\\/candas365.es\\\/noticias\\\/guillermo-martinez-afirma-que-el-principado-ha-intensificado-las-politicas-de-igualdad-laboral\\\/#breadcrumblist\"},\"author\":{\"@id\":\"https:\\\/\\\/candas365.es\\\/noticias\\\/author\\\/admin\\\/#author\"},\"creator\":{\"@id\":\"https:\\\/\\\/candas365.es\\\/noticias\\\/author\\\/admin\\\/#author\"},\"image\":{\"@type\":\"ImageObject\",\"url\":\"https:\\\/\\\/candas365.es\\\/noticias\\\/wp-content\\\/uploads\\\/2015\\\/03\\\/2015_03_11-RP-Consejo-de-Gobierno-1-scaled.jpg\",\"@id\":\"https:\\\/\\\/candas365.es\\\/noticias\\\/guillermo-martinez-afirma-que-el-principado-ha-intensificado-las-politicas-de-igualdad-laboral\\\/#mainImage\",\"width\":2560,\"height\":1701},\"primaryImageOfPage\":{\"@id\":\"https:\\\/\\\/candas365.es\\\/noticias\\\/guillermo-martinez-afirma-que-el-principado-ha-intensificado-las-politicas-de-igualdad-laboral\\\/#mainImage\"},\"datePublished\":\"2015-03-12T19:58:30+01:00\",\"dateModified\":\"2015-03-12T19:58:30+01:00\"},{\"@type\":\"WebSite\",\"@id\":\"https:\\\/\\\/candas365.es\\\/noticias\\\/#website\",\"url\":\"https:\\\/\\\/candas365.es\\\/noticias\\\/\",\"name\":\"Cand\\u00e1s 365\",\"alternateName\":\"Cand\\u00e1s 365 Noticias\",\"description\":\"Actualidad desde Carre\\u00f1o para el mundo\",\"inLanguage\":\"es-ES\",\"publisher\":{\"@id\":\"https:\\\/\\\/candas365.es\\\/noticias\\\/#organization\"}}]}\n\t\t<\/script>\n\t\t<!-- All in One SEO Pro -->\r\n\t\t<title>Guillermo Mart\u00ednez afirma que el Principado ha intensificado las pol\u00edticas de igualdad laboral | Cand\u00e1s 365<\/title>\n\n","aioseo_head_json":{"title":"Guillermo Mart\u00ednez afirma que el Principado ha intensificado las pol\u00edticas de igualdad laboral | Cand\u00e1s 365","description":"El consejero de Presidencia y portavoz del Principado, Guillermo Mart\u00ednez, ha afirmado hoy en la Junta General del Principado que el Gobierno asturiano ha intensificado desde 2012 las pol\u00edticas de igualdad laboral entre hombres y mujeres con el objeto de frenar las consecuencias de la crisis econ\u00f3mica y las contrarreformas sociales del Ejecutivo central, que","canonical_url":"https:\/\/candas365.es\/noticias\/guillermo-martinez-afirma-que-el-principado-ha-intensificado-las-politicas-de-igualdad-laboral\/","robots":"max-image-preview:large","keywords":"asturias","webmasterTools":{"google-site-verification":"UA-32230408-1","msvalidate.01":"354F3CDFB2DA171B47FBE9ABF1F88D5","miscellaneous":""},"schema":{"@context":"https:\/\/schema.org","@graph":[{"@type":"BreadcrumbList","@id":"https:\/\/candas365.es\/noticias\/guillermo-martinez-afirma-que-el-principado-ha-intensificado-las-politicas-de-igualdad-laboral\/#breadcrumblist","itemListElement":[{"@type":"ListItem","@id":"https:\/\/candas365.es\/noticias#listItem","position":1,"name":"Home","item":"https:\/\/candas365.es\/noticias","nextItem":{"@type":"ListItem","@id":"https:\/\/candas365.es\/noticias\/category\/asturias\/#listItem","name":"Asturias"}},{"@type":"ListItem","@id":"https:\/\/candas365.es\/noticias\/category\/asturias\/#listItem","position":2,"name":"Asturias","item":"https:\/\/candas365.es\/noticias\/category\/asturias\/","nextItem":{"@type":"ListItem","@id":"https:\/\/candas365.es\/noticias\/guillermo-martinez-afirma-que-el-principado-ha-intensificado-las-politicas-de-igualdad-laboral\/#listItem","name":"Guillermo Mart\u00ednez afirma que el Principado ha intensificado las pol\u00edticas de igualdad laboral"},"previousItem":{"@type":"ListItem","@id":"https:\/\/candas365.es\/noticias#listItem","name":"Home"}},{"@type":"ListItem","@id":"https:\/\/candas365.es\/noticias\/guillermo-martinez-afirma-que-el-principado-ha-intensificado-las-politicas-de-igualdad-laboral\/#listItem","position":3,"name":"Guillermo Mart\u00ednez afirma que el Principado ha intensificado las pol\u00edticas de igualdad laboral","previousItem":{"@type":"ListItem","@id":"https:\/\/candas365.es\/noticias\/category\/asturias\/#listItem","name":"Asturias"}}]},{"@type":"NewsArticle","@id":"https:\/\/candas365.es\/noticias\/guillermo-martinez-afirma-que-el-principado-ha-intensificado-las-politicas-de-igualdad-laboral\/#newsarticle","name":"Guillermo Mart\u00ednez afirma que el Principado ha intensificado las pol\u00edticas de igualdad laboral | Cand\u00e1s 365","headline":"Guillermo Mart\u00ednez afirma que el Principado ha intensificado las pol\u00edticas de igualdad laboral","author":{"@id":"https:\/\/candas365.es\/noticias\/author\/admin\/#author"},"publisher":{"@id":"https:\/\/candas365.es\/noticias\/#organization"},"image":{"@type":"ImageObject","url":"https:\/\/candas365.es\/noticias\/wp-content\/uploads\/2015\/03\/2015_03_11-RP-Consejo-de-Gobierno-1-scaled.jpg","width":2560,"height":1701},"datePublished":"2015-03-12T19:58:30+01:00","dateModified":"2015-03-12T19:58:30+01:00","inLanguage":"es-ES","mainEntityOfPage":{"@id":"https:\/\/candas365.es\/noticias\/guillermo-martinez-afirma-que-el-principado-ha-intensificado-las-politicas-de-igualdad-laboral\/#webpage"},"isPartOf":{"@id":"https:\/\/candas365.es\/noticias\/guillermo-martinez-afirma-que-el-principado-ha-intensificado-las-politicas-de-igualdad-laboral\/#webpage"},"articleSection":"Asturias","dateline":"Publicado el marzo 12, 2015."},{"@type":"Organization","@id":"https:\/\/candas365.es\/noticias\/#organization","name":"Cand\u00e1s 365","description":"Cand\u00e1s 365 es un diario digital independiente, fundado en 2012, con base en Asturias. Informamos con rigor sobre actualidad, sociedad, cultura y ocio, con una mirada local y global.","url":"https:\/\/candas365.es\/noticias\/","email":"info@candas365.es","telephone":"+34652131393","foundingDate":"2012-06-10","logo":{"@type":"ImageObject","url":"https:\/\/candas365.es\/noticias\/wp-content\/uploads\/2024\/09\/Candas-365-Redes.jpg","@id":"https:\/\/candas365.es\/noticias\/guillermo-martinez-afirma-que-el-principado-ha-intensificado-las-politicas-de-igualdad-laboral\/#organizationLogo","width":1152,"height":864,"caption":"Cand\u00e1s 365 Redes"},"image":{"@id":"https:\/\/candas365.es\/noticias\/guillermo-martinez-afirma-que-el-principado-ha-intensificado-las-politicas-de-igualdad-laboral\/#organizationLogo"},"sameAs":["https:\/\/www.facebook.com\/Nachofdezber","https:\/\/x.com\/NabercoDigital","https:\/\/www.instagram.com\/nachofdezber\/","https:\/\/www.youtube.com\/channel\/UCZP-2wLEB9Rv6erhFmqVnvg"],"address":{"@id":"https:\/\/candas365.es\/noticias\/#postaladdress","@type":"PostalAddress","streetAddress":"san antonio 4, san antonio 4","postalCode":"33430","addressLocality":"Cand\u00e1s","addressRegion":"Asturias","addressCountry":"ES"}},{"@type":"Person","@id":"https:\/\/candas365.es\/noticias\/author\/admin\/#author","url":"https:\/\/candas365.es\/noticias\/author\/admin\/","name":"Cand\u00e1s 365","image":{"@type":"ImageObject","@id":"https:\/\/candas365.es\/noticias\/guillermo-martinez-afirma-que-el-principado-ha-intensificado-las-politicas-de-igualdad-laboral\/#authorImage","url":"https:\/\/secure.gravatar.com\/avatar\/496a8e03d0c493ede1718b7934145dbdf8d89be1036b0eec9544e1094c9de390?s=96&d=mm&r=g","width":96,"height":96,"caption":"Cand\u00e1s 365"},"sameAs":["https:\/\/www.facebook.com\/carrenoactualidad","https:\/\/twitter.com\/nbasturias","https:\/\/www.instagram.com\/nachofdezber\/","https:\/\/www.youtube.com\/channel\/UCZP-2wLEB9Rv6erhFmqVnvg"]},{"@type":"WebPage","@id":"https:\/\/candas365.es\/noticias\/guillermo-martinez-afirma-que-el-principado-ha-intensificado-las-politicas-de-igualdad-laboral\/#webpage","url":"https:\/\/candas365.es\/noticias\/guillermo-martinez-afirma-que-el-principado-ha-intensificado-las-politicas-de-igualdad-laboral\/","name":"Guillermo Mart\u00ednez afirma que el Principado ha intensificado las pol\u00edticas de igualdad laboral | Cand\u00e1s 365","description":"El consejero de Presidencia y portavoz del Principado, Guillermo Mart\u00ednez, ha afirmado hoy en la Junta General del Principado que el Gobierno asturiano ha intensificado desde 2012 las pol\u00edticas de igualdad laboral entre hombres y mujeres con el objeto de frenar las consecuencias de la crisis econ\u00f3mica y las contrarreformas sociales del Ejecutivo central, que","inLanguage":"es-ES","isPartOf":{"@id":"https:\/\/candas365.es\/noticias\/#website"},"breadcrumb":{"@id":"https:\/\/candas365.es\/noticias\/guillermo-martinez-afirma-que-el-principado-ha-intensificado-las-politicas-de-igualdad-laboral\/#breadcrumblist"},"author":{"@id":"https:\/\/candas365.es\/noticias\/author\/admin\/#author"},"creator":{"@id":"https:\/\/candas365.es\/noticias\/author\/admin\/#author"},"image":{"@type":"ImageObject","url":"https:\/\/candas365.es\/noticias\/wp-content\/uploads\/2015\/03\/2015_03_11-RP-Consejo-de-Gobierno-1-scaled.jpg","@id":"https:\/\/candas365.es\/noticias\/guillermo-martinez-afirma-que-el-principado-ha-intensificado-las-politicas-de-igualdad-laboral\/#mainImage","width":2560,"height":1701},"primaryImageOfPage":{"@id":"https:\/\/candas365.es\/noticias\/guillermo-martinez-afirma-que-el-principado-ha-intensificado-las-politicas-de-igualdad-laboral\/#mainImage"},"datePublished":"2015-03-12T19:58:30+01:00","dateModified":"2015-03-12T19:58:30+01:00"},{"@type":"WebSite","@id":"https:\/\/candas365.es\/noticias\/#website","url":"https:\/\/candas365.es\/noticias\/","name":"Cand\u00e1s 365","alternateName":"Cand\u00e1s 365 Noticias","description":"Actualidad desde Carre\u00f1o para el mundo","inLanguage":"es-ES","publisher":{"@id":"https:\/\/candas365.es\/noticias\/#organization"}}]},"og:locale":"es_ES","og:site_name":"Cand\u00e1s 365","og:type":"article","og:title":"Guillermo Mart\u00ednez afirma que el Principado ha intensificado las pol\u00edticas de igualdad laboral | Cand\u00e1s 365","og:description":"El consejero de Presidencia y portavoz del Principado, Guillermo Mart\u00ednez, ha afirmado hoy en la Junta General del Principado que el Gobierno asturiano ha intensificado desde 2012 las pol\u00edticas de igualdad laboral entre hombres y mujeres con el objeto de frenar las consecuencias de la crisis econ\u00f3mica y las contrarreformas sociales del Ejecutivo central, que","og:url":"https:\/\/candas365.es\/noticias\/guillermo-martinez-afirma-que-el-principado-ha-intensificado-las-politicas-de-igualdad-laboral\/","og:image":"https:\/\/candas365.es\/noticias\/wp-content\/uploads\/2015\/03\/2015_03_11-RP-Consejo-de-Gobierno-1-scaled.jpg","og:image:secure_url":"https:\/\/candas365.es\/noticias\/wp-content\/uploads\/2015\/03\/2015_03_11-RP-Consejo-de-Gobierno-1-scaled.jpg","og:image:width":2560,"og:image:height":1701,"article:published_time":"2015-03-12T21:58:30+00:00","article:modified_time":"2015-03-12T21:58:30+00:00","article:publisher":"https:\/\/www.facebook.com\/Nachofdezber","article:author":"https:\/\/www.facebook.com\/carrenoactualidad","twitter:card":"summary_large_image","twitter:site":"@NabercoDigital","twitter:title":"Guillermo Mart\u00ednez afirma que el Principado ha intensificado las pol\u00edticas de igualdad laboral | Cand\u00e1s 365","twitter:description":"El consejero de Presidencia y portavoz del Principado, Guillermo Mart\u00ednez, ha afirmado hoy en la Junta General del Principado que el Gobierno asturiano ha intensificado desde 2012 las pol\u00edticas de igualdad laboral entre hombres y mujeres con el objeto de frenar las consecuencias de la crisis econ\u00f3mica y las contrarreformas sociales del Ejecutivo central, que","twitter:creator":"@nbasturias","twitter:image":"https:\/\/candas365.es\/noticias\/wp-content\/uploads\/2015\/03\/2015_03_11-RP-Consejo-de-Gobierno-1-scaled.jpg","twitter:label1":"Escrito por","twitter:data1":"Cand\u00e1s 365","twitter:label2":"Tiempo de lectura estimado","twitter:data2":"3 minutos"},"aioseo_meta_data":{"post_id":"8598","title":null,"description":null,"keywords":null,"keyphrases":null,"primary_term":null,"canonical_url":null,"og_title":null,"og_description":null,"og_object_type":"default","og_image_type":"default","og_image_url":null,"og_image_width":null,"og_image_height":null,"og_image_custom_url":null,"og_image_custom_fields":null,"og_video":null,"og_custom_url":null,"og_article_section":null,"og_article_tags":null,"twitter_use_og":false,"twitter_card":"default","twitter_image_type":"default","twitter_image_url":null,"twitter_image_custom_url":null,"twitter_image_custom_fields":null,"twitter_title":null,"twitter_description":null,"schema":{"blockGraphs":[],"customGraphs":[],"default":{"data":{"Article":[],"Course":[],"Dataset":[],"FAQPage":[],"Movie":[],"Person":[],"Product":[],"ProductReview":[],"Car":[],"Recipe":[],"Service":[],"SoftwareApplication":[],"WebPage":[]},"graphName":"","isEnabled":true},"graphs":[],"defaultGraph":"","defaultPostTypeGraph":""},"schema_type":null,"schema_type_options":null,"pillar_content":false,"robots_default":true,"robots_noindex":false,"robots_noarchive":false,"robots_nosnippet":false,"robots_nofollow":false,"robots_noimageindex":false,"robots_noodp":false,"robots_notranslate":false,"robots_max_snippet":null,"robots_max_videopreview":null,"robots_max_imagepreview":"large","priority":null,"frequency":null,"location":null,"local_seo":null,"seo_analyzer_scan_date":"2025-08-23 07:03:13","breadcrumb_settings":null,"limit_modified_date":false,"reviewed_by":null,"open_ai":null,"ai":null,"created":"2020-12-21 10:58:12","updated":"2025-08-23 07:03:13"},"aioseo_breadcrumb":"<div class=\"aioseo-breadcrumbs\"><span class=\"aioseo-breadcrumb\">\n\t<a href=\"https:\/\/candas365.es\/noticias\" title=\"Home\">Home<\/a>\n<\/span><span class=\"aioseo-breadcrumb-separator\">&ndash;<\/span><span class=\"aioseo-breadcrumb\">\n\t<a href=\"https:\/\/candas365.es\/noticias\/category\/asturias\/\" title=\"Asturias\">Asturias<\/a>\n<\/span><span class=\"aioseo-breadcrumb-separator\">&ndash;<\/span><span class=\"aioseo-breadcrumb\">\n\tGuillermo Mart\u00ednez afirma que el Principado ha intensificado las pol\u00edticas de igualdad laboral\n<\/span><\/div>","aioseo_breadcrumb_json":[{"label":"Home","link":"https:\/\/candas365.es\/noticias"},{"label":"Asturias","link":"https:\/\/candas365.es\/noticias\/category\/asturias\/"},{"label":"Guillermo Mart\u00ednez afirma que el Principado ha intensificado las pol\u00edticas de igualdad laboral","link":"https:\/\/candas365.es\/noticias\/guillermo-martinez-afirma-que-el-principado-ha-intensificado-las-politicas-de-igualdad-laboral\/"}],"_links":{"self":[{"href":"https:\/\/candas365.es\/noticias\/wp-json\/wp\/v2\/posts\/8598","targetHints":{"allow":["GET"]}}],"collection":[{"href":"https:\/\/candas365.es\/noticias\/wp-json\/wp\/v2\/posts"}],"about":[{"href":"https:\/\/candas365.es\/noticias\/wp-json\/wp\/v2\/types\/post"}],"author":[{"embeddable":true,"href":"https:\/\/candas365.es\/noticias\/wp-json\/wp\/v2\/users\/1"}],"replies":[{"embeddable":true,"href":"https:\/\/candas365.es\/noticias\/wp-json\/wp\/v2\/comments?post=8598"}],"version-history":[{"count":0,"href":"https:\/\/candas365.es\/noticias\/wp-json\/wp\/v2\/posts\/8598\/revisions"}],"wp:featuredmedia":[{"embeddable":true,"href":"https:\/\/candas365.es\/noticias\/wp-json\/wp\/v2\/media\/8549"}],"wp:attachment":[{"href":"https:\/\/candas365.es\/noticias\/wp-json\/wp\/v2\/media?parent=8598"}],"wp:term":[{"taxonomy":"category","embeddable":true,"href":"https:\/\/candas365.es\/noticias\/wp-json\/wp\/v2\/categories?post=8598"},{"taxonomy":"post_tag","embeddable":true,"href":"https:\/\/candas365.es\/noticias\/wp-json\/wp\/v2\/tags?post=8598"}],"curies":[{"name":"wp","href":"https:\/\/api.w.org\/{rel}","templated":true}]}}