{"id":85734,"date":"2017-11-28T16:01:57","date_gmt":"2017-11-28T16:01:57","guid":{"rendered":"http:\/\/candas365.es\/noticias\/?p=85734"},"modified":"2017-11-28T16:01:57","modified_gmt":"2017-11-28T16:01:57","slug":"colson-whitehead-este-martes-en-pagina-dos","status":"publish","type":"post","link":"https:\/\/candas365.es\/noticias\/colson-whitehead-este-martes-en-pagina-dos\/","title":{"rendered":"Colson Whitehead, este martes en &#8216;P\u00e1gina Dos&#8217;"},"content":{"rendered":"<p><img fetchpriority=\"high\" decoding=\"async\" class=\"alignleft size-medium wp-image-83555\" src=\"https:\/\/candas365.es\/noticias\/wp-content\/uploads\/2017\/11\/TV-2559790_960_720-360x240.jpg\" alt=\"\" width=\"360\" height=\"240\" srcset=\"https:\/\/candas365.es\/noticias\/wp-content\/uploads\/2017\/11\/TV-2559790_960_720-360x240.jpg 360w, https:\/\/candas365.es\/noticias\/wp-content\/uploads\/2017\/11\/TV-2559790_960_720-768x512.jpg 768w, https:\/\/candas365.es\/noticias\/wp-content\/uploads\/2017\/11\/TV-2559790_960_720-655x437.jpg 655w, https:\/\/candas365.es\/noticias\/wp-content\/uploads\/2017\/11\/TV-2559790_960_720-696x464.jpg 696w, https:\/\/candas365.es\/noticias\/wp-content\/uploads\/2017\/11\/TV-2559790_960_720-630x420.jpg 630w, https:\/\/candas365.es\/noticias\/wp-content\/uploads\/2017\/11\/TV-2559790_960_720-84x55.jpg 84w, https:\/\/candas365.es\/noticias\/wp-content\/uploads\/2017\/11\/TV-2559790_960_720.jpg 960w\" sizes=\"(max-width: 360px) 100vw, 360px\" \/>&#8216;P\u00e1gina Dos&#8217;recibe al escritor Colson Whitehead, que hablar\u00e1 con \u00d3scar L\u00f3pez sobre la novela que ha ganado el Pulitzer 2017. Adem\u00e1s, el programa hablar\u00e1 de los premios literarios de este oto\u00f1\u00f3 y de c\u00f3mo la industria editorial trabaja el papel de los libros.<\/p>\n<p>\u00d3scar L\u00f3pez viajar\u00e1 con Colson Whitehead en \u2018El ferrocarril subterr\u00e1neo\u2019, \u00faltimo Premio Pulitzer de novela. Esta obra trata sobre la esclavitud negra en Estados Unidos y cuenta la historia de una chica que huye de una plantaci\u00f3n de algod\u00f3n en el siglo XIX y que recorre diferentes zonas del pa\u00eds conociendo c\u00f3mo se vive all\u00ed la discriminaci\u00f3n racial. En la realidad, \u2018El ferrocarril subterr\u00e1neo\u2019 fue una organizaci\u00f3n abolicionista que oper\u00f3 durante aquellos a\u00f1os, ayudando a esclavos negros para que salieran del sur de Estados Unidos y pasaran a los estados \u00ablibres\u00bb del norte. En la novela, este \u00abferrocarril subterr\u00e1neo\u00bb se convierte en una met\u00e1fora.<\/p>\n<p>En la Red, el programa analizar\u00e1 c\u00f3mo se mov\u00edan las apuestas antes de los grandes premios de este oto\u00f1o: Nobel, Man Booker y Planeta. A continuaci\u00f3n, mostrar\u00e1 c\u00f3mo la industria editorial trabaja el papel de los libros. Y, finalmente, el escritor Jordi Punt\u00ed responder\u00e1 al Cuestionario.<\/p>\n","protected":false},"excerpt":{"rendered":"<p>&#8216;P\u00e1gina Dos&#8217;recibe al escritor Colson Whitehead, que hablar\u00e1 con \u00d3scar L\u00f3pez sobre la novela que ha ganado el Pulitzer 2017. Adem\u00e1s, el programa hablar\u00e1 de los premios literarios de este oto\u00f1\u00f3 y de c\u00f3mo la industria editorial trabaja el papel de los libros. \u00d3scar L\u00f3pez viajar\u00e1 con Colson Whitehead en \u2018El ferrocarril subterr\u00e1neo\u2019, \u00faltimo Premio<\/p>\n","protected":false},"author":1,"featured_media":83555,"comment_status":"closed","ping_status":"closed","sticky":false,"template":"","format":"standard","meta":{"footnotes":""},"categories":[1],"tags":[],"class_list":{"0":"post-85734","1":"post","2":"type-post","3":"status-publish","4":"format-standard","5":"has-post-thumbnail","7":"category-agenda"},"aioseo_notices":[],"aioseo_head":"\n\t\t<!-- All in One SEO Pro 4.9.6.2 - aioseo.com -->\n\t<meta name=\"description\" content=\"&#039;P\u00e1gina Dos&#039;recibe al escritor Colson Whitehead, que hablar\u00e1 con \u00d3scar L\u00f3pez sobre la novela que ha ganado el Pulitzer 2017. Adem\u00e1s, el programa hablar\u00e1 de los premios literarios de este oto\u00f1\u00f3 y de c\u00f3mo la industria editorial trabaja el papel de los libros. \u00d3scar L\u00f3pez viajar\u00e1 con Colson Whitehead en \u2018El ferrocarril subterr\u00e1neo\u2019, \u00faltimo Premio\" \/>\n\t<meta name=\"robots\" content=\"max-image-preview:large\" \/>\n\t<meta name=\"author\" content=\"Cand\u00e1s 365\"\/>\n\t<meta name=\"google-site-verification\" content=\"UA-32230408-1\" \/>\n\t<meta name=\"msvalidate.01\" content=\"354F3CDFB2DA171B47FBE9ABF1F88D5\" \/>\n\t<meta name=\"keywords\" content=\"agenda\" \/>\n\t<link rel=\"canonical\" href=\"https:\/\/candas365.es\/noticias\/colson-whitehead-este-martes-en-pagina-dos\/\" \/>\n\t<meta name=\"generator\" content=\"All in One SEO Pro (AIOSEO) 4.9.6.2\" \/>\n\t\t<meta property=\"og:locale\" content=\"es_ES\" \/>\n\t\t<meta property=\"og:site_name\" content=\"Cand\u00e1s 365\" \/>\n\t\t<meta property=\"og:type\" content=\"article\" \/>\n\t\t<meta property=\"og:title\" content=\"Colson Whitehead, este martes en \u2018P\u00e1gina Dos\u2019 | Cand\u00e1s 365\" \/>\n\t\t<meta property=\"og:description\" content=\"&#039;P\u00e1gina Dos&#039;recibe al escritor Colson Whitehead, que hablar\u00e1 con \u00d3scar L\u00f3pez sobre la novela que ha ganado el Pulitzer 2017. Adem\u00e1s, el programa hablar\u00e1 de los premios literarios de este oto\u00f1\u00f3 y de c\u00f3mo la industria editorial trabaja el papel de los libros. \u00d3scar L\u00f3pez viajar\u00e1 con Colson Whitehead en \u2018El ferrocarril subterr\u00e1neo\u2019, \u00faltimo Premio\" \/>\n\t\t<meta property=\"og:url\" content=\"https:\/\/candas365.es\/noticias\/colson-whitehead-este-martes-en-pagina-dos\/\" \/>\n\t\t<meta property=\"og:image\" content=\"https:\/\/candas365.es\/noticias\/wp-content\/uploads\/2017\/11\/TV-2559790_960_720.jpg\" \/>\n\t\t<meta property=\"og:image:secure_url\" content=\"https:\/\/candas365.es\/noticias\/wp-content\/uploads\/2017\/11\/TV-2559790_960_720.jpg\" \/>\n\t\t<meta property=\"og:image:width\" content=\"960\" \/>\n\t\t<meta property=\"og:image:height\" content=\"640\" \/>\n\t\t<meta property=\"article:published_time\" content=\"2017-11-28T16:01:57+00:00\" \/>\n\t\t<meta property=\"article:modified_time\" content=\"2017-11-28T16:01:57+00:00\" \/>\n\t\t<meta property=\"article:publisher\" content=\"https:\/\/www.facebook.com\/Nachofdezber\" \/>\n\t\t<meta property=\"article:author\" content=\"https:\/\/www.facebook.com\/carrenoactualidad\" \/>\n\t\t<meta name=\"twitter:card\" content=\"summary_large_image\" \/>\n\t\t<meta name=\"twitter:site\" content=\"@NabercoDigital\" \/>\n\t\t<meta name=\"twitter:title\" content=\"Colson Whitehead, este martes en \u2018P\u00e1gina Dos\u2019 | Cand\u00e1s 365\" \/>\n\t\t<meta name=\"twitter:description\" content=\"&#039;P\u00e1gina Dos&#039;recibe al escritor Colson Whitehead, que hablar\u00e1 con \u00d3scar L\u00f3pez sobre la novela que ha ganado el Pulitzer 2017. Adem\u00e1s, el programa hablar\u00e1 de los premios literarios de este oto\u00f1\u00f3 y de c\u00f3mo la industria editorial trabaja el papel de los libros. \u00d3scar L\u00f3pez viajar\u00e1 con Colson Whitehead en \u2018El ferrocarril subterr\u00e1neo\u2019, \u00faltimo Premio\" \/>\n\t\t<meta name=\"twitter:creator\" content=\"@nbasturias\" \/>\n\t\t<meta name=\"twitter:image\" content=\"https:\/\/candas365.es\/noticias\/wp-content\/uploads\/2017\/11\/TV-2559790_960_720.jpg\" \/>\n\t\t<meta name=\"twitter:label1\" content=\"Escrito por\" \/>\n\t\t<meta name=\"twitter:data1\" content=\"Cand\u00e1s 365\" \/>\n\t\t<meta name=\"twitter:label2\" content=\"Tiempo de lectura estimado\" \/>\n\t\t<meta name=\"twitter:data2\" content=\"1 minuto\" \/>\n\t\t<script type=\"application\/ld+json\" class=\"aioseo-schema\">\n\t\t\t{\"@context\":\"https:\\\/\\\/schema.org\",\"@graph\":[{\"@type\":\"BreadcrumbList\",\"@id\":\"https:\\\/\\\/candas365.es\\\/noticias\\\/colson-whitehead-este-martes-en-pagina-dos\\\/#breadcrumblist\",\"itemListElement\":[{\"@type\":\"ListItem\",\"@id\":\"https:\\\/\\\/candas365.es\\\/noticias#listItem\",\"position\":1,\"name\":\"Home\",\"item\":\"https:\\\/\\\/candas365.es\\\/noticias\",\"nextItem\":{\"@type\":\"ListItem\",\"@id\":\"https:\\\/\\\/candas365.es\\\/noticias\\\/category\\\/agenda\\\/#listItem\",\"name\":\"Agenda\"}},{\"@type\":\"ListItem\",\"@id\":\"https:\\\/\\\/candas365.es\\\/noticias\\\/category\\\/agenda\\\/#listItem\",\"position\":2,\"name\":\"Agenda\",\"item\":\"https:\\\/\\\/candas365.es\\\/noticias\\\/category\\\/agenda\\\/\",\"nextItem\":{\"@type\":\"ListItem\",\"@id\":\"https:\\\/\\\/candas365.es\\\/noticias\\\/colson-whitehead-este-martes-en-pagina-dos\\\/#listItem\",\"name\":\"Colson Whitehead, este martes en &#8216;P\\u00e1gina Dos&#8217;\"},\"previousItem\":{\"@type\":\"ListItem\",\"@id\":\"https:\\\/\\\/candas365.es\\\/noticias#listItem\",\"name\":\"Home\"}},{\"@type\":\"ListItem\",\"@id\":\"https:\\\/\\\/candas365.es\\\/noticias\\\/colson-whitehead-este-martes-en-pagina-dos\\\/#listItem\",\"position\":3,\"name\":\"Colson Whitehead, este martes en &#8216;P\\u00e1gina Dos&#8217;\",\"previousItem\":{\"@type\":\"ListItem\",\"@id\":\"https:\\\/\\\/candas365.es\\\/noticias\\\/category\\\/agenda\\\/#listItem\",\"name\":\"Agenda\"}}]},{\"@type\":\"NewsArticle\",\"@id\":\"https:\\\/\\\/candas365.es\\\/noticias\\\/colson-whitehead-este-martes-en-pagina-dos\\\/#newsarticle\",\"name\":\"Colson Whitehead, este martes en \\u2018P\\u00e1gina Dos\\u2019 | Cand\\u00e1s 365\",\"headline\":\"Colson Whitehead, este martes en &#8216;P\\u00e1gina Dos&#8217;\",\"author\":{\"@id\":\"https:\\\/\\\/candas365.es\\\/noticias\\\/author\\\/admin\\\/#author\"},\"publisher\":{\"@id\":\"https:\\\/\\\/candas365.es\\\/noticias\\\/#organization\"},\"image\":{\"@type\":\"ImageObject\",\"url\":\"https:\\\/\\\/candas365.es\\\/noticias\\\/wp-content\\\/uploads\\\/2017\\\/11\\\/TV-2559790_960_720.jpg\",\"width\":960,\"height\":640},\"datePublished\":\"2017-11-28T16:01:57+01:00\",\"dateModified\":\"2017-11-28T16:01:57+01:00\",\"inLanguage\":\"es-ES\",\"mainEntityOfPage\":{\"@id\":\"https:\\\/\\\/candas365.es\\\/noticias\\\/colson-whitehead-este-martes-en-pagina-dos\\\/#webpage\"},\"isPartOf\":{\"@id\":\"https:\\\/\\\/candas365.es\\\/noticias\\\/colson-whitehead-este-martes-en-pagina-dos\\\/#webpage\"},\"articleSection\":\"Agenda\",\"dateline\":\"Publicado el noviembre 28, 2017.\"},{\"@type\":\"Organization\",\"@id\":\"https:\\\/\\\/candas365.es\\\/noticias\\\/#organization\",\"name\":\"Cand\\u00e1s 365\",\"description\":\"Cand\\u00e1s 365 es un diario digital independiente, fundado en 2012, con base en Asturias. Informamos con rigor sobre actualidad, sociedad, cultura y ocio, con una mirada local y global.\",\"url\":\"https:\\\/\\\/candas365.es\\\/noticias\\\/\",\"email\":\"info@candas365.es\",\"telephone\":\"+34652131393\",\"foundingDate\":\"2012-06-10\",\"logo\":{\"@type\":\"ImageObject\",\"url\":\"https:\\\/\\\/candas365.es\\\/noticias\\\/wp-content\\\/uploads\\\/2024\\\/09\\\/Candas-365-Redes.jpg\",\"@id\":\"https:\\\/\\\/candas365.es\\\/noticias\\\/colson-whitehead-este-martes-en-pagina-dos\\\/#organizationLogo\",\"width\":1152,\"height\":864,\"caption\":\"Cand\\u00e1s 365 Redes\"},\"image\":{\"@id\":\"https:\\\/\\\/candas365.es\\\/noticias\\\/colson-whitehead-este-martes-en-pagina-dos\\\/#organizationLogo\"},\"sameAs\":[\"https:\\\/\\\/www.facebook.com\\\/Nachofdezber\",\"https:\\\/\\\/x.com\\\/NabercoDigital\",\"https:\\\/\\\/www.instagram.com\\\/nachofdezber\\\/\",\"https:\\\/\\\/www.youtube.com\\\/channel\\\/UCZP-2wLEB9Rv6erhFmqVnvg\"],\"address\":{\"@id\":\"https:\\\/\\\/candas365.es\\\/noticias\\\/#postaladdress\",\"@type\":\"PostalAddress\",\"streetAddress\":\"san antonio 4, san antonio 4\",\"postalCode\":\"33430\",\"addressLocality\":\"Cand\\u00e1s\",\"addressRegion\":\"Asturias\",\"addressCountry\":\"ES\"}},{\"@type\":\"Person\",\"@id\":\"https:\\\/\\\/candas365.es\\\/noticias\\\/author\\\/admin\\\/#author\",\"url\":\"https:\\\/\\\/candas365.es\\\/noticias\\\/author\\\/admin\\\/\",\"name\":\"Cand\\u00e1s 365\",\"image\":{\"@type\":\"ImageObject\",\"@id\":\"https:\\\/\\\/candas365.es\\\/noticias\\\/colson-whitehead-este-martes-en-pagina-dos\\\/#authorImage\",\"url\":\"https:\\\/\\\/secure.gravatar.com\\\/avatar\\\/496a8e03d0c493ede1718b7934145dbdf8d89be1036b0eec9544e1094c9de390?s=96&d=mm&r=g\",\"width\":96,\"height\":96,\"caption\":\"Cand\\u00e1s 365\"},\"sameAs\":[\"https:\\\/\\\/www.facebook.com\\\/carrenoactualidad\",\"https:\\\/\\\/twitter.com\\\/nbasturias\",\"https:\\\/\\\/www.instagram.com\\\/nachofdezber\\\/\",\"https:\\\/\\\/www.youtube.com\\\/channel\\\/UCZP-2wLEB9Rv6erhFmqVnvg\"]},{\"@type\":\"WebPage\",\"@id\":\"https:\\\/\\\/candas365.es\\\/noticias\\\/colson-whitehead-este-martes-en-pagina-dos\\\/#webpage\",\"url\":\"https:\\\/\\\/candas365.es\\\/noticias\\\/colson-whitehead-este-martes-en-pagina-dos\\\/\",\"name\":\"Colson Whitehead, este martes en \\u2018P\\u00e1gina Dos\\u2019 | Cand\\u00e1s 365\",\"description\":\"'P\\u00e1gina Dos'recibe al escritor Colson Whitehead, que hablar\\u00e1 con \\u00d3scar L\\u00f3pez sobre la novela que ha ganado el Pulitzer 2017. Adem\\u00e1s, el programa hablar\\u00e1 de los premios literarios de este oto\\u00f1\\u00f3 y de c\\u00f3mo la industria editorial trabaja el papel de los libros. \\u00d3scar L\\u00f3pez viajar\\u00e1 con Colson Whitehead en \\u2018El ferrocarril subterr\\u00e1neo\\u2019, \\u00faltimo Premio\",\"inLanguage\":\"es-ES\",\"isPartOf\":{\"@id\":\"https:\\\/\\\/candas365.es\\\/noticias\\\/#website\"},\"breadcrumb\":{\"@id\":\"https:\\\/\\\/candas365.es\\\/noticias\\\/colson-whitehead-este-martes-en-pagina-dos\\\/#breadcrumblist\"},\"author\":{\"@id\":\"https:\\\/\\\/candas365.es\\\/noticias\\\/author\\\/admin\\\/#author\"},\"creator\":{\"@id\":\"https:\\\/\\\/candas365.es\\\/noticias\\\/author\\\/admin\\\/#author\"},\"image\":{\"@type\":\"ImageObject\",\"url\":\"https:\\\/\\\/candas365.es\\\/noticias\\\/wp-content\\\/uploads\\\/2017\\\/11\\\/TV-2559790_960_720.jpg\",\"@id\":\"https:\\\/\\\/candas365.es\\\/noticias\\\/colson-whitehead-este-martes-en-pagina-dos\\\/#mainImage\",\"width\":960,\"height\":640},\"primaryImageOfPage\":{\"@id\":\"https:\\\/\\\/candas365.es\\\/noticias\\\/colson-whitehead-este-martes-en-pagina-dos\\\/#mainImage\"},\"datePublished\":\"2017-11-28T16:01:57+01:00\",\"dateModified\":\"2017-11-28T16:01:57+01:00\"},{\"@type\":\"WebSite\",\"@id\":\"https:\\\/\\\/candas365.es\\\/noticias\\\/#website\",\"url\":\"https:\\\/\\\/candas365.es\\\/noticias\\\/\",\"name\":\"Cand\\u00e1s 365\",\"alternateName\":\"Cand\\u00e1s 365 Noticias\",\"description\":\"Actualidad desde Carre\\u00f1o para el mundo\",\"inLanguage\":\"es-ES\",\"publisher\":{\"@id\":\"https:\\\/\\\/candas365.es\\\/noticias\\\/#organization\"}}]}\n\t\t<\/script>\n\t\t<!-- All in One SEO Pro -->\r\n\t\t<title>Colson Whitehead, este martes en \u2018P\u00e1gina Dos\u2019 | Cand\u00e1s 365<\/title>\n\n","aioseo_head_json":{"title":"Colson Whitehead, este martes en \u2018P\u00e1gina Dos\u2019 | Cand\u00e1s 365","description":"'P\u00e1gina Dos'recibe al escritor Colson Whitehead, que hablar\u00e1 con \u00d3scar L\u00f3pez sobre la novela que ha ganado el Pulitzer 2017. Adem\u00e1s, el programa hablar\u00e1 de los premios literarios de este oto\u00f1\u00f3 y de c\u00f3mo la industria editorial trabaja el papel de los libros. \u00d3scar L\u00f3pez viajar\u00e1 con Colson Whitehead en \u2018El ferrocarril subterr\u00e1neo\u2019, \u00faltimo Premio","canonical_url":"https:\/\/candas365.es\/noticias\/colson-whitehead-este-martes-en-pagina-dos\/","robots":"max-image-preview:large","keywords":"agenda","webmasterTools":{"google-site-verification":"UA-32230408-1","msvalidate.01":"354F3CDFB2DA171B47FBE9ABF1F88D5","miscellaneous":""},"schema":{"@context":"https:\/\/schema.org","@graph":[{"@type":"BreadcrumbList","@id":"https:\/\/candas365.es\/noticias\/colson-whitehead-este-martes-en-pagina-dos\/#breadcrumblist","itemListElement":[{"@type":"ListItem","@id":"https:\/\/candas365.es\/noticias#listItem","position":1,"name":"Home","item":"https:\/\/candas365.es\/noticias","nextItem":{"@type":"ListItem","@id":"https:\/\/candas365.es\/noticias\/category\/agenda\/#listItem","name":"Agenda"}},{"@type":"ListItem","@id":"https:\/\/candas365.es\/noticias\/category\/agenda\/#listItem","position":2,"name":"Agenda","item":"https:\/\/candas365.es\/noticias\/category\/agenda\/","nextItem":{"@type":"ListItem","@id":"https:\/\/candas365.es\/noticias\/colson-whitehead-este-martes-en-pagina-dos\/#listItem","name":"Colson Whitehead, este martes en &#8216;P\u00e1gina Dos&#8217;"},"previousItem":{"@type":"ListItem","@id":"https:\/\/candas365.es\/noticias#listItem","name":"Home"}},{"@type":"ListItem","@id":"https:\/\/candas365.es\/noticias\/colson-whitehead-este-martes-en-pagina-dos\/#listItem","position":3,"name":"Colson Whitehead, este martes en &#8216;P\u00e1gina Dos&#8217;","previousItem":{"@type":"ListItem","@id":"https:\/\/candas365.es\/noticias\/category\/agenda\/#listItem","name":"Agenda"}}]},{"@type":"NewsArticle","@id":"https:\/\/candas365.es\/noticias\/colson-whitehead-este-martes-en-pagina-dos\/#newsarticle","name":"Colson Whitehead, este martes en \u2018P\u00e1gina Dos\u2019 | Cand\u00e1s 365","headline":"Colson Whitehead, este martes en &#8216;P\u00e1gina Dos&#8217;","author":{"@id":"https:\/\/candas365.es\/noticias\/author\/admin\/#author"},"publisher":{"@id":"https:\/\/candas365.es\/noticias\/#organization"},"image":{"@type":"ImageObject","url":"https:\/\/candas365.es\/noticias\/wp-content\/uploads\/2017\/11\/TV-2559790_960_720.jpg","width":960,"height":640},"datePublished":"2017-11-28T16:01:57+01:00","dateModified":"2017-11-28T16:01:57+01:00","inLanguage":"es-ES","mainEntityOfPage":{"@id":"https:\/\/candas365.es\/noticias\/colson-whitehead-este-martes-en-pagina-dos\/#webpage"},"isPartOf":{"@id":"https:\/\/candas365.es\/noticias\/colson-whitehead-este-martes-en-pagina-dos\/#webpage"},"articleSection":"Agenda","dateline":"Publicado el noviembre 28, 2017."},{"@type":"Organization","@id":"https:\/\/candas365.es\/noticias\/#organization","name":"Cand\u00e1s 365","description":"Cand\u00e1s 365 es un diario digital independiente, fundado en 2012, con base en Asturias. Informamos con rigor sobre actualidad, sociedad, cultura y ocio, con una mirada local y global.","url":"https:\/\/candas365.es\/noticias\/","email":"info@candas365.es","telephone":"+34652131393","foundingDate":"2012-06-10","logo":{"@type":"ImageObject","url":"https:\/\/candas365.es\/noticias\/wp-content\/uploads\/2024\/09\/Candas-365-Redes.jpg","@id":"https:\/\/candas365.es\/noticias\/colson-whitehead-este-martes-en-pagina-dos\/#organizationLogo","width":1152,"height":864,"caption":"Cand\u00e1s 365 Redes"},"image":{"@id":"https:\/\/candas365.es\/noticias\/colson-whitehead-este-martes-en-pagina-dos\/#organizationLogo"},"sameAs":["https:\/\/www.facebook.com\/Nachofdezber","https:\/\/x.com\/NabercoDigital","https:\/\/www.instagram.com\/nachofdezber\/","https:\/\/www.youtube.com\/channel\/UCZP-2wLEB9Rv6erhFmqVnvg"],"address":{"@id":"https:\/\/candas365.es\/noticias\/#postaladdress","@type":"PostalAddress","streetAddress":"san antonio 4, san antonio 4","postalCode":"33430","addressLocality":"Cand\u00e1s","addressRegion":"Asturias","addressCountry":"ES"}},{"@type":"Person","@id":"https:\/\/candas365.es\/noticias\/author\/admin\/#author","url":"https:\/\/candas365.es\/noticias\/author\/admin\/","name":"Cand\u00e1s 365","image":{"@type":"ImageObject","@id":"https:\/\/candas365.es\/noticias\/colson-whitehead-este-martes-en-pagina-dos\/#authorImage","url":"https:\/\/secure.gravatar.com\/avatar\/496a8e03d0c493ede1718b7934145dbdf8d89be1036b0eec9544e1094c9de390?s=96&d=mm&r=g","width":96,"height":96,"caption":"Cand\u00e1s 365"},"sameAs":["https:\/\/www.facebook.com\/carrenoactualidad","https:\/\/twitter.com\/nbasturias","https:\/\/www.instagram.com\/nachofdezber\/","https:\/\/www.youtube.com\/channel\/UCZP-2wLEB9Rv6erhFmqVnvg"]},{"@type":"WebPage","@id":"https:\/\/candas365.es\/noticias\/colson-whitehead-este-martes-en-pagina-dos\/#webpage","url":"https:\/\/candas365.es\/noticias\/colson-whitehead-este-martes-en-pagina-dos\/","name":"Colson Whitehead, este martes en \u2018P\u00e1gina Dos\u2019 | Cand\u00e1s 365","description":"'P\u00e1gina Dos'recibe al escritor Colson Whitehead, que hablar\u00e1 con \u00d3scar L\u00f3pez sobre la novela que ha ganado el Pulitzer 2017. Adem\u00e1s, el programa hablar\u00e1 de los premios literarios de este oto\u00f1\u00f3 y de c\u00f3mo la industria editorial trabaja el papel de los libros. \u00d3scar L\u00f3pez viajar\u00e1 con Colson Whitehead en \u2018El ferrocarril subterr\u00e1neo\u2019, \u00faltimo Premio","inLanguage":"es-ES","isPartOf":{"@id":"https:\/\/candas365.es\/noticias\/#website"},"breadcrumb":{"@id":"https:\/\/candas365.es\/noticias\/colson-whitehead-este-martes-en-pagina-dos\/#breadcrumblist"},"author":{"@id":"https:\/\/candas365.es\/noticias\/author\/admin\/#author"},"creator":{"@id":"https:\/\/candas365.es\/noticias\/author\/admin\/#author"},"image":{"@type":"ImageObject","url":"https:\/\/candas365.es\/noticias\/wp-content\/uploads\/2017\/11\/TV-2559790_960_720.jpg","@id":"https:\/\/candas365.es\/noticias\/colson-whitehead-este-martes-en-pagina-dos\/#mainImage","width":960,"height":640},"primaryImageOfPage":{"@id":"https:\/\/candas365.es\/noticias\/colson-whitehead-este-martes-en-pagina-dos\/#mainImage"},"datePublished":"2017-11-28T16:01:57+01:00","dateModified":"2017-11-28T16:01:57+01:00"},{"@type":"WebSite","@id":"https:\/\/candas365.es\/noticias\/#website","url":"https:\/\/candas365.es\/noticias\/","name":"Cand\u00e1s 365","alternateName":"Cand\u00e1s 365 Noticias","description":"Actualidad desde Carre\u00f1o para el mundo","inLanguage":"es-ES","publisher":{"@id":"https:\/\/candas365.es\/noticias\/#organization"}}]},"og:locale":"es_ES","og:site_name":"Cand\u00e1s 365","og:type":"article","og:title":"Colson Whitehead, este martes en \u2018P\u00e1gina Dos\u2019 | Cand\u00e1s 365","og:description":"'P\u00e1gina Dos'recibe al escritor Colson Whitehead, que hablar\u00e1 con \u00d3scar L\u00f3pez sobre la novela que ha ganado el Pulitzer 2017. Adem\u00e1s, el programa hablar\u00e1 de los premios literarios de este oto\u00f1\u00f3 y de c\u00f3mo la industria editorial trabaja el papel de los libros. \u00d3scar L\u00f3pez viajar\u00e1 con Colson Whitehead en \u2018El ferrocarril subterr\u00e1neo\u2019, \u00faltimo Premio","og:url":"https:\/\/candas365.es\/noticias\/colson-whitehead-este-martes-en-pagina-dos\/","og:image":"https:\/\/candas365.es\/noticias\/wp-content\/uploads\/2017\/11\/TV-2559790_960_720.jpg","og:image:secure_url":"https:\/\/candas365.es\/noticias\/wp-content\/uploads\/2017\/11\/TV-2559790_960_720.jpg","og:image:width":960,"og:image:height":640,"article:published_time":"2017-11-28T16:01:57+00:00","article:modified_time":"2017-11-28T16:01:57+00:00","article:publisher":"https:\/\/www.facebook.com\/Nachofdezber","article:author":"https:\/\/www.facebook.com\/carrenoactualidad","twitter:card":"summary_large_image","twitter:site":"@NabercoDigital","twitter:title":"Colson Whitehead, este martes en \u2018P\u00e1gina Dos\u2019 | Cand\u00e1s 365","twitter:description":"'P\u00e1gina Dos'recibe al escritor Colson Whitehead, que hablar\u00e1 con \u00d3scar L\u00f3pez sobre la novela que ha ganado el Pulitzer 2017. Adem\u00e1s, el programa hablar\u00e1 de los premios literarios de este oto\u00f1\u00f3 y de c\u00f3mo la industria editorial trabaja el papel de los libros. \u00d3scar L\u00f3pez viajar\u00e1 con Colson Whitehead en \u2018El ferrocarril subterr\u00e1neo\u2019, \u00faltimo Premio","twitter:creator":"@nbasturias","twitter:image":"https:\/\/candas365.es\/noticias\/wp-content\/uploads\/2017\/11\/TV-2559790_960_720.jpg","twitter:label1":"Escrito por","twitter:data1":"Cand\u00e1s 365","twitter:label2":"Tiempo de lectura estimado","twitter:data2":"1 minuto"},"aioseo_meta_data":{"post_id":"85734","title":null,"description":null,"keywords":null,"keyphrases":null,"primary_term":null,"canonical_url":null,"og_title":null,"og_description":null,"og_object_type":"default","og_image_type":"default","og_image_url":null,"og_image_width":null,"og_image_height":null,"og_image_custom_url":null,"og_image_custom_fields":null,"og_video":null,"og_custom_url":null,"og_article_section":null,"og_article_tags":null,"twitter_use_og":false,"twitter_card":"default","twitter_image_type":"default","twitter_image_url":null,"twitter_image_custom_url":null,"twitter_image_custom_fields":null,"twitter_title":null,"twitter_description":null,"schema":{"blockGraphs":[],"customGraphs":[],"default":{"data":{"Article":[],"Course":[],"Dataset":[],"FAQPage":[],"Movie":[],"Person":[],"Product":[],"ProductReview":[],"Car":[],"Recipe":[],"Service":[],"SoftwareApplication":[],"WebPage":[]},"graphName":"","isEnabled":true},"graphs":[],"defaultGraph":"","defaultPostTypeGraph":""},"schema_type":null,"schema_type_options":null,"pillar_content":false,"robots_default":true,"robots_noindex":false,"robots_noarchive":false,"robots_nosnippet":false,"robots_nofollow":false,"robots_noimageindex":false,"robots_noodp":false,"robots_notranslate":false,"robots_max_snippet":null,"robots_max_videopreview":null,"robots_max_imagepreview":"large","priority":null,"frequency":null,"location":null,"local_seo":null,"seo_analyzer_scan_date":"2025-08-26 07:24:55","breadcrumb_settings":null,"limit_modified_date":false,"reviewed_by":null,"open_ai":null,"ai":null,"created":"2020-12-21 12:17:56","updated":"2025-08-26 07:24:55"},"aioseo_breadcrumb":"<div class=\"aioseo-breadcrumbs\"><span class=\"aioseo-breadcrumb\">\n\t<a href=\"https:\/\/candas365.es\/noticias\" title=\"Home\">Home<\/a>\n<\/span><span class=\"aioseo-breadcrumb-separator\">&ndash;<\/span><span class=\"aioseo-breadcrumb\">\n\t<a href=\"https:\/\/candas365.es\/noticias\/category\/agenda\/\" title=\"Agenda\">Agenda<\/a>\n<\/span><span class=\"aioseo-breadcrumb-separator\">&ndash;<\/span><span class=\"aioseo-breadcrumb\">\n\tColson Whitehead, este martes en \u2018P\u00e1gina Dos\u2019\n<\/span><\/div>","aioseo_breadcrumb_json":[{"label":"Home","link":"https:\/\/candas365.es\/noticias"},{"label":"Agenda","link":"https:\/\/candas365.es\/noticias\/category\/agenda\/"},{"label":"Colson Whitehead, este martes en &#8216;P\u00e1gina Dos&#8217;","link":"https:\/\/candas365.es\/noticias\/colson-whitehead-este-martes-en-pagina-dos\/"}],"_links":{"self":[{"href":"https:\/\/candas365.es\/noticias\/wp-json\/wp\/v2\/posts\/85734","targetHints":{"allow":["GET"]}}],"collection":[{"href":"https:\/\/candas365.es\/noticias\/wp-json\/wp\/v2\/posts"}],"about":[{"href":"https:\/\/candas365.es\/noticias\/wp-json\/wp\/v2\/types\/post"}],"author":[{"embeddable":true,"href":"https:\/\/candas365.es\/noticias\/wp-json\/wp\/v2\/users\/1"}],"replies":[{"embeddable":true,"href":"https:\/\/candas365.es\/noticias\/wp-json\/wp\/v2\/comments?post=85734"}],"version-history":[{"count":0,"href":"https:\/\/candas365.es\/noticias\/wp-json\/wp\/v2\/posts\/85734\/revisions"}],"wp:featuredmedia":[{"embeddable":true,"href":"https:\/\/candas365.es\/noticias\/wp-json\/wp\/v2\/media\/83555"}],"wp:attachment":[{"href":"https:\/\/candas365.es\/noticias\/wp-json\/wp\/v2\/media?parent=85734"}],"wp:term":[{"taxonomy":"category","embeddable":true,"href":"https:\/\/candas365.es\/noticias\/wp-json\/wp\/v2\/categories?post=85734"},{"taxonomy":"post_tag","embeddable":true,"href":"https:\/\/candas365.es\/noticias\/wp-json\/wp\/v2\/tags?post=85734"}],"curies":[{"name":"wp","href":"https:\/\/api.w.org\/{rel}","templated":true}]}}