{"id":85674,"date":"2017-11-27T17:37:25","date_gmt":"2017-11-27T17:37:25","guid":{"rendered":"http:\/\/candas365.es\/noticias\/?p=85674"},"modified":"2017-11-28T16:23:31","modified_gmt":"2017-11-28T16:23:31","slug":"jornadas-gastronomicas-del-pote-de-turon","status":"publish","type":"post","link":"https:\/\/candas365.es\/noticias\/jornadas-gastronomicas-del-pote-de-turon\/","title":{"rendered":"Jornadas Gastron\u00f3micas del Pote de Tur\u00f3n"},"content":{"rendered":"<p><img fetchpriority=\"high\" decoding=\"async\" class=\"alignleft size-medium wp-image-85675\" src=\"https:\/\/candas365.es\/noticias\/wp-content\/uploads\/2017\/11\/Consejero-pote-de-Turon-360x270.jpg\" alt=\"\" width=\"360\" height=\"270\" srcset=\"https:\/\/candas365.es\/noticias\/wp-content\/uploads\/2017\/11\/Consejero-pote-de-Turon-360x270.jpg 360w, https:\/\/candas365.es\/noticias\/wp-content\/uploads\/2017\/11\/Consejero-pote-de-Turon-768x576.jpg 768w, https:\/\/candas365.es\/noticias\/wp-content\/uploads\/2017\/11\/Consejero-pote-de-Turon-640x480.jpg 640w, https:\/\/candas365.es\/noticias\/wp-content\/uploads\/2017\/11\/Consejero-pote-de-Turon-80x60.jpg 80w, https:\/\/candas365.es\/noticias\/wp-content\/uploads\/2017\/11\/Consejero-pote-de-Turon-265x198.jpg 265w, https:\/\/candas365.es\/noticias\/wp-content\/uploads\/2017\/11\/Consejero-pote-de-Turon-696x522.jpg 696w, https:\/\/candas365.es\/noticias\/wp-content\/uploads\/2017\/11\/Consejero-pote-de-Turon-1068x801.jpg 1068w, https:\/\/candas365.es\/noticias\/wp-content\/uploads\/2017\/11\/Consejero-pote-de-Turon-560x420.jpg 560w, https:\/\/candas365.es\/noticias\/wp-content\/uploads\/2017\/11\/Consejero-pote-de-Turon-90x67.jpg 90w, https:\/\/candas365.es\/noticias\/wp-content\/uploads\/2017\/11\/Consejero-pote-de-Turon.jpg 1280w\" sizes=\"(max-width: 360px) 100vw, 360px\" \/>El consejero de Empleo, Industria y Turismo, Isaac Pola, ha destacado hoy el potencial de desarrollo que tiene el sector tur\u00edstico en las comarcas mineras, durante la presentaci\u00f3n en Mieres de las Jornadas Gastron\u00f3micas del Pote de Tur\u00f3n, que este a\u00f1o han sido declaradas fiesta de inter\u00e9s tur\u00edstico.<\/p>\n<p>Pola ha entregado el reconocimiento a los organizadores del certamen, que en esta ocasi\u00f3n se celebrar\u00e1 del 4 al 8 de diciembre.<\/p>\n<p>El consejero ha recordado que el Principado y el Gobierno central firmaron la semana pasada el convenio que permitir\u00e1 impulsar nuevas iniciativas con cargo a los fondos mineros y que incluye, entre otros, planes de optimizaci\u00f3n y diversificaci\u00f3n energ\u00e9tica en edificios p\u00fablicos, actuaciones de saneamiento y la restauraci\u00f3n de espacios afectados por la miner\u00eda para impulsar un desarrollo alternativo.<\/p>\n<p>\u201cEn este punto surge el turismo como oportunidad de reconversi\u00f3n. Asturias es un destino con gran posibilidad de diversificaci\u00f3n y muestra de ello son los nueve productos recogidos en el Plan de Turismo Sostenible 2020, de los que tres pueden desarrollarse en las cuencas\u201d, ha subrayado Pola. En este sentido, se ha referido al potencial del patrimonio industrial, la naturaleza y la gastronom\u00eda de la zona.<\/p>\n<p>Tambi\u00e9n ha valorado el car\u00e1cter desestacionalizador de iniciativas como las jornadas del pote de Tur\u00f3n, cuya celebraci\u00f3n coincide en temporada baja. \u201cRemamos hacia un nuevo modelo de turismo internacionalizado, sostenible y equilibrado, con el que aspiramos a mejorar la calidad de vida de todos los asturianos\u201d, ha se\u00f1alado.<\/p>\n<p>Asturias cuenta con 80 fiestas de inter\u00e9s tur\u00edstico, una distinci\u00f3n que el Principado pretende potenciar como factor de promoci\u00f3n de los distintos territorios.<\/p>\n","protected":false},"excerpt":{"rendered":"<p>El consejero de Empleo, Industria y Turismo, Isaac Pola, ha destacado hoy el potencial de desarrollo que tiene el sector tur\u00edstico en las comarcas mineras, durante la presentaci\u00f3n en Mieres de las Jornadas Gastron\u00f3micas del Pote de Tur\u00f3n, que este a\u00f1o han sido declaradas fiesta de inter\u00e9s tur\u00edstico. Pola ha entregado el reconocimiento a los<\/p>\n","protected":false},"author":1,"featured_media":85675,"comment_status":"closed","ping_status":"closed","sticky":false,"template":"","format":"standard","meta":{"footnotes":""},"categories":[1,316],"tags":[],"class_list":{"0":"post-85674","1":"post","2":"type-post","3":"status-publish","4":"format-standard","5":"has-post-thumbnail","7":"category-agenda","8":"category-destacadas"},"aioseo_notices":[],"aioseo_head":"\n\t\t<!-- All in One SEO Pro 4.9.6.2 - aioseo.com -->\n\t<meta name=\"description\" content=\"El consejero de Empleo, Industria y Turismo, Isaac Pola, ha destacado hoy el potencial de desarrollo que tiene el sector tur\u00edstico en las comarcas mineras, durante la presentaci\u00f3n en Mieres de las Jornadas Gastron\u00f3micas del Pote de Tur\u00f3n, que este a\u00f1o han sido declaradas fiesta de inter\u00e9s tur\u00edstico. Pola ha entregado el reconocimiento a los\" \/>\n\t<meta name=\"robots\" content=\"max-image-preview:large\" \/>\n\t<meta name=\"author\" content=\"Cand\u00e1s 365\"\/>\n\t<meta name=\"google-site-verification\" content=\"UA-32230408-1\" \/>\n\t<meta name=\"msvalidate.01\" content=\"354F3CDFB2DA171B47FBE9ABF1F88D5\" \/>\n\t<meta name=\"keywords\" content=\"agenda,destacadas\" \/>\n\t<link rel=\"canonical\" href=\"https:\/\/candas365.es\/noticias\/jornadas-gastronomicas-del-pote-de-turon\/\" \/>\n\t<meta name=\"generator\" content=\"All in One SEO Pro (AIOSEO) 4.9.6.2\" \/>\n\t\t<meta property=\"og:locale\" content=\"es_ES\" \/>\n\t\t<meta property=\"og:site_name\" content=\"Cand\u00e1s 365\" \/>\n\t\t<meta property=\"og:type\" content=\"article\" \/>\n\t\t<meta property=\"og:title\" content=\"Jornadas Gastron\u00f3micas del Pote de Tur\u00f3n | Cand\u00e1s 365\" \/>\n\t\t<meta property=\"og:description\" content=\"El consejero de Empleo, Industria y Turismo, Isaac Pola, ha destacado hoy el potencial de desarrollo que tiene el sector tur\u00edstico en las comarcas mineras, durante la presentaci\u00f3n en Mieres de las Jornadas Gastron\u00f3micas del Pote de Tur\u00f3n, que este a\u00f1o han sido declaradas fiesta de inter\u00e9s tur\u00edstico. Pola ha entregado el reconocimiento a los\" \/>\n\t\t<meta property=\"og:url\" content=\"https:\/\/candas365.es\/noticias\/jornadas-gastronomicas-del-pote-de-turon\/\" \/>\n\t\t<meta property=\"og:image\" content=\"https:\/\/candas365.es\/noticias\/wp-content\/uploads\/2017\/11\/Consejero-pote-de-Turon.jpg\" \/>\n\t\t<meta property=\"og:image:secure_url\" content=\"https:\/\/candas365.es\/noticias\/wp-content\/uploads\/2017\/11\/Consejero-pote-de-Turon.jpg\" \/>\n\t\t<meta property=\"og:image:width\" content=\"1280\" \/>\n\t\t<meta property=\"og:image:height\" content=\"960\" \/>\n\t\t<meta property=\"article:published_time\" content=\"2017-11-27T17:37:25+00:00\" \/>\n\t\t<meta property=\"article:modified_time\" content=\"2017-11-28T16:23:31+00:00\" \/>\n\t\t<meta property=\"article:publisher\" content=\"https:\/\/www.facebook.com\/Nachofdezber\" \/>\n\t\t<meta property=\"article:author\" content=\"https:\/\/www.facebook.com\/carrenoactualidad\" \/>\n\t\t<meta name=\"twitter:card\" content=\"summary_large_image\" \/>\n\t\t<meta name=\"twitter:site\" content=\"@NabercoDigital\" \/>\n\t\t<meta name=\"twitter:title\" content=\"Jornadas Gastron\u00f3micas del Pote de Tur\u00f3n | Cand\u00e1s 365\" \/>\n\t\t<meta name=\"twitter:description\" content=\"El consejero de Empleo, Industria y Turismo, Isaac Pola, ha destacado hoy el potencial de desarrollo que tiene el sector tur\u00edstico en las comarcas mineras, durante la presentaci\u00f3n en Mieres de las Jornadas Gastron\u00f3micas del Pote de Tur\u00f3n, que este a\u00f1o han sido declaradas fiesta de inter\u00e9s tur\u00edstico. Pola ha entregado el reconocimiento a los\" \/>\n\t\t<meta name=\"twitter:creator\" content=\"@nbasturias\" \/>\n\t\t<meta name=\"twitter:image\" content=\"https:\/\/candas365.es\/noticias\/wp-content\/uploads\/2017\/11\/Consejero-pote-de-Turon.jpg\" \/>\n\t\t<meta name=\"twitter:label1\" content=\"Escrito por\" \/>\n\t\t<meta name=\"twitter:data1\" content=\"Cand\u00e1s 365\" \/>\n\t\t<meta name=\"twitter:label2\" content=\"Tiempo de lectura estimado\" \/>\n\t\t<meta name=\"twitter:data2\" content=\"1 minuto\" \/>\n\t\t<script type=\"application\/ld+json\" class=\"aioseo-schema\">\n\t\t\t{\"@context\":\"https:\\\/\\\/schema.org\",\"@graph\":[{\"@type\":\"BreadcrumbList\",\"@id\":\"https:\\\/\\\/candas365.es\\\/noticias\\\/jornadas-gastronomicas-del-pote-de-turon\\\/#breadcrumblist\",\"itemListElement\":[{\"@type\":\"ListItem\",\"@id\":\"https:\\\/\\\/candas365.es\\\/noticias#listItem\",\"position\":1,\"name\":\"Home\",\"item\":\"https:\\\/\\\/candas365.es\\\/noticias\",\"nextItem\":{\"@type\":\"ListItem\",\"@id\":\"https:\\\/\\\/candas365.es\\\/noticias\\\/category\\\/agenda\\\/#listItem\",\"name\":\"Agenda\"}},{\"@type\":\"ListItem\",\"@id\":\"https:\\\/\\\/candas365.es\\\/noticias\\\/category\\\/agenda\\\/#listItem\",\"position\":2,\"name\":\"Agenda\",\"item\":\"https:\\\/\\\/candas365.es\\\/noticias\\\/category\\\/agenda\\\/\",\"nextItem\":{\"@type\":\"ListItem\",\"@id\":\"https:\\\/\\\/candas365.es\\\/noticias\\\/jornadas-gastronomicas-del-pote-de-turon\\\/#listItem\",\"name\":\"Jornadas Gastron\\u00f3micas del Pote de Tur\\u00f3n\"},\"previousItem\":{\"@type\":\"ListItem\",\"@id\":\"https:\\\/\\\/candas365.es\\\/noticias#listItem\",\"name\":\"Home\"}},{\"@type\":\"ListItem\",\"@id\":\"https:\\\/\\\/candas365.es\\\/noticias\\\/jornadas-gastronomicas-del-pote-de-turon\\\/#listItem\",\"position\":3,\"name\":\"Jornadas Gastron\\u00f3micas del Pote de Tur\\u00f3n\",\"previousItem\":{\"@type\":\"ListItem\",\"@id\":\"https:\\\/\\\/candas365.es\\\/noticias\\\/category\\\/agenda\\\/#listItem\",\"name\":\"Agenda\"}}]},{\"@type\":\"NewsArticle\",\"@id\":\"https:\\\/\\\/candas365.es\\\/noticias\\\/jornadas-gastronomicas-del-pote-de-turon\\\/#newsarticle\",\"name\":\"Jornadas Gastron\\u00f3micas del Pote de Tur\\u00f3n | Cand\\u00e1s 365\",\"headline\":\"Jornadas Gastron\\u00f3micas del Pote de Tur\\u00f3n\",\"author\":{\"@id\":\"https:\\\/\\\/candas365.es\\\/noticias\\\/author\\\/admin\\\/#author\"},\"publisher\":{\"@id\":\"https:\\\/\\\/candas365.es\\\/noticias\\\/#organization\"},\"image\":{\"@type\":\"ImageObject\",\"url\":\"https:\\\/\\\/candas365.es\\\/noticias\\\/wp-content\\\/uploads\\\/2017\\\/11\\\/Consejero-pote-de-Turon.jpg\",\"width\":1280,\"height\":960},\"datePublished\":\"2017-11-27T17:37:25+01:00\",\"dateModified\":\"2017-11-28T16:23:31+01:00\",\"inLanguage\":\"es-ES\",\"mainEntityOfPage\":{\"@id\":\"https:\\\/\\\/candas365.es\\\/noticias\\\/jornadas-gastronomicas-del-pote-de-turon\\\/#webpage\"},\"isPartOf\":{\"@id\":\"https:\\\/\\\/candas365.es\\\/noticias\\\/jornadas-gastronomicas-del-pote-de-turon\\\/#webpage\"},\"articleSection\":\"Agenda, Destacadas\",\"dateline\":\"Publicado el noviembre 27, 2017.\"},{\"@type\":\"Organization\",\"@id\":\"https:\\\/\\\/candas365.es\\\/noticias\\\/#organization\",\"name\":\"Cand\\u00e1s 365\",\"description\":\"Cand\\u00e1s 365 es un diario digital independiente, fundado en 2012, con base en Asturias. Informamos con rigor sobre actualidad, sociedad, cultura y ocio, con una mirada local y global.\",\"url\":\"https:\\\/\\\/candas365.es\\\/noticias\\\/\",\"email\":\"info@candas365.es\",\"telephone\":\"+34652131393\",\"foundingDate\":\"2012-06-10\",\"logo\":{\"@type\":\"ImageObject\",\"url\":\"https:\\\/\\\/candas365.es\\\/noticias\\\/wp-content\\\/uploads\\\/2024\\\/09\\\/Candas-365-Redes.jpg\",\"@id\":\"https:\\\/\\\/candas365.es\\\/noticias\\\/jornadas-gastronomicas-del-pote-de-turon\\\/#organizationLogo\",\"width\":1152,\"height\":864,\"caption\":\"Cand\\u00e1s 365 Redes\"},\"image\":{\"@id\":\"https:\\\/\\\/candas365.es\\\/noticias\\\/jornadas-gastronomicas-del-pote-de-turon\\\/#organizationLogo\"},\"sameAs\":[\"https:\\\/\\\/www.facebook.com\\\/Nachofdezber\",\"https:\\\/\\\/x.com\\\/NabercoDigital\",\"https:\\\/\\\/www.instagram.com\\\/nachofdezber\\\/\",\"https:\\\/\\\/www.youtube.com\\\/channel\\\/UCZP-2wLEB9Rv6erhFmqVnvg\"],\"address\":{\"@id\":\"https:\\\/\\\/candas365.es\\\/noticias\\\/#postaladdress\",\"@type\":\"PostalAddress\",\"streetAddress\":\"san antonio 4, san antonio 4\",\"postalCode\":\"33430\",\"addressLocality\":\"Cand\\u00e1s\",\"addressRegion\":\"Asturias\",\"addressCountry\":\"ES\"}},{\"@type\":\"Person\",\"@id\":\"https:\\\/\\\/candas365.es\\\/noticias\\\/author\\\/admin\\\/#author\",\"url\":\"https:\\\/\\\/candas365.es\\\/noticias\\\/author\\\/admin\\\/\",\"name\":\"Cand\\u00e1s 365\",\"image\":{\"@type\":\"ImageObject\",\"@id\":\"https:\\\/\\\/candas365.es\\\/noticias\\\/jornadas-gastronomicas-del-pote-de-turon\\\/#authorImage\",\"url\":\"https:\\\/\\\/secure.gravatar.com\\\/avatar\\\/496a8e03d0c493ede1718b7934145dbdf8d89be1036b0eec9544e1094c9de390?s=96&d=mm&r=g\",\"width\":96,\"height\":96,\"caption\":\"Cand\\u00e1s 365\"},\"sameAs\":[\"https:\\\/\\\/www.facebook.com\\\/carrenoactualidad\",\"https:\\\/\\\/twitter.com\\\/nbasturias\",\"https:\\\/\\\/www.instagram.com\\\/nachofdezber\\\/\",\"https:\\\/\\\/www.youtube.com\\\/channel\\\/UCZP-2wLEB9Rv6erhFmqVnvg\"]},{\"@type\":\"WebPage\",\"@id\":\"https:\\\/\\\/candas365.es\\\/noticias\\\/jornadas-gastronomicas-del-pote-de-turon\\\/#webpage\",\"url\":\"https:\\\/\\\/candas365.es\\\/noticias\\\/jornadas-gastronomicas-del-pote-de-turon\\\/\",\"name\":\"Jornadas Gastron\\u00f3micas del Pote de Tur\\u00f3n | Cand\\u00e1s 365\",\"description\":\"El consejero de Empleo, Industria y Turismo, Isaac Pola, ha destacado hoy el potencial de desarrollo que tiene el sector tur\\u00edstico en las comarcas mineras, durante la presentaci\\u00f3n en Mieres de las Jornadas Gastron\\u00f3micas del Pote de Tur\\u00f3n, que este a\\u00f1o han sido declaradas fiesta de inter\\u00e9s tur\\u00edstico. Pola ha entregado el reconocimiento a los\",\"inLanguage\":\"es-ES\",\"isPartOf\":{\"@id\":\"https:\\\/\\\/candas365.es\\\/noticias\\\/#website\"},\"breadcrumb\":{\"@id\":\"https:\\\/\\\/candas365.es\\\/noticias\\\/jornadas-gastronomicas-del-pote-de-turon\\\/#breadcrumblist\"},\"author\":{\"@id\":\"https:\\\/\\\/candas365.es\\\/noticias\\\/author\\\/admin\\\/#author\"},\"creator\":{\"@id\":\"https:\\\/\\\/candas365.es\\\/noticias\\\/author\\\/admin\\\/#author\"},\"image\":{\"@type\":\"ImageObject\",\"url\":\"https:\\\/\\\/candas365.es\\\/noticias\\\/wp-content\\\/uploads\\\/2017\\\/11\\\/Consejero-pote-de-Turon.jpg\",\"@id\":\"https:\\\/\\\/candas365.es\\\/noticias\\\/jornadas-gastronomicas-del-pote-de-turon\\\/#mainImage\",\"width\":1280,\"height\":960},\"primaryImageOfPage\":{\"@id\":\"https:\\\/\\\/candas365.es\\\/noticias\\\/jornadas-gastronomicas-del-pote-de-turon\\\/#mainImage\"},\"datePublished\":\"2017-11-27T17:37:25+01:00\",\"dateModified\":\"2017-11-28T16:23:31+01:00\"},{\"@type\":\"WebSite\",\"@id\":\"https:\\\/\\\/candas365.es\\\/noticias\\\/#website\",\"url\":\"https:\\\/\\\/candas365.es\\\/noticias\\\/\",\"name\":\"Cand\\u00e1s 365\",\"alternateName\":\"Cand\\u00e1s 365 Noticias\",\"description\":\"Actualidad desde Carre\\u00f1o para el mundo\",\"inLanguage\":\"es-ES\",\"publisher\":{\"@id\":\"https:\\\/\\\/candas365.es\\\/noticias\\\/#organization\"}}]}\n\t\t<\/script>\n\t\t<!-- All in One SEO Pro -->\r\n\t\t<title>Jornadas Gastron\u00f3micas del Pote de Tur\u00f3n | Cand\u00e1s 365<\/title>\n\n","aioseo_head_json":{"title":"Jornadas Gastron\u00f3micas del Pote de Tur\u00f3n | Cand\u00e1s 365","description":"El consejero de Empleo, Industria y Turismo, Isaac Pola, ha destacado hoy el potencial de desarrollo que tiene el sector tur\u00edstico en las comarcas mineras, durante la presentaci\u00f3n en Mieres de las Jornadas Gastron\u00f3micas del Pote de Tur\u00f3n, que este a\u00f1o han sido declaradas fiesta de inter\u00e9s tur\u00edstico. Pola ha entregado el reconocimiento a los","canonical_url":"https:\/\/candas365.es\/noticias\/jornadas-gastronomicas-del-pote-de-turon\/","robots":"max-image-preview:large","keywords":"agenda,destacadas","webmasterTools":{"google-site-verification":"UA-32230408-1","msvalidate.01":"354F3CDFB2DA171B47FBE9ABF1F88D5","miscellaneous":""},"schema":{"@context":"https:\/\/schema.org","@graph":[{"@type":"BreadcrumbList","@id":"https:\/\/candas365.es\/noticias\/jornadas-gastronomicas-del-pote-de-turon\/#breadcrumblist","itemListElement":[{"@type":"ListItem","@id":"https:\/\/candas365.es\/noticias#listItem","position":1,"name":"Home","item":"https:\/\/candas365.es\/noticias","nextItem":{"@type":"ListItem","@id":"https:\/\/candas365.es\/noticias\/category\/agenda\/#listItem","name":"Agenda"}},{"@type":"ListItem","@id":"https:\/\/candas365.es\/noticias\/category\/agenda\/#listItem","position":2,"name":"Agenda","item":"https:\/\/candas365.es\/noticias\/category\/agenda\/","nextItem":{"@type":"ListItem","@id":"https:\/\/candas365.es\/noticias\/jornadas-gastronomicas-del-pote-de-turon\/#listItem","name":"Jornadas Gastron\u00f3micas del Pote de Tur\u00f3n"},"previousItem":{"@type":"ListItem","@id":"https:\/\/candas365.es\/noticias#listItem","name":"Home"}},{"@type":"ListItem","@id":"https:\/\/candas365.es\/noticias\/jornadas-gastronomicas-del-pote-de-turon\/#listItem","position":3,"name":"Jornadas Gastron\u00f3micas del Pote de Tur\u00f3n","previousItem":{"@type":"ListItem","@id":"https:\/\/candas365.es\/noticias\/category\/agenda\/#listItem","name":"Agenda"}}]},{"@type":"NewsArticle","@id":"https:\/\/candas365.es\/noticias\/jornadas-gastronomicas-del-pote-de-turon\/#newsarticle","name":"Jornadas Gastron\u00f3micas del Pote de Tur\u00f3n | Cand\u00e1s 365","headline":"Jornadas Gastron\u00f3micas del Pote de Tur\u00f3n","author":{"@id":"https:\/\/candas365.es\/noticias\/author\/admin\/#author"},"publisher":{"@id":"https:\/\/candas365.es\/noticias\/#organization"},"image":{"@type":"ImageObject","url":"https:\/\/candas365.es\/noticias\/wp-content\/uploads\/2017\/11\/Consejero-pote-de-Turon.jpg","width":1280,"height":960},"datePublished":"2017-11-27T17:37:25+01:00","dateModified":"2017-11-28T16:23:31+01:00","inLanguage":"es-ES","mainEntityOfPage":{"@id":"https:\/\/candas365.es\/noticias\/jornadas-gastronomicas-del-pote-de-turon\/#webpage"},"isPartOf":{"@id":"https:\/\/candas365.es\/noticias\/jornadas-gastronomicas-del-pote-de-turon\/#webpage"},"articleSection":"Agenda, Destacadas","dateline":"Publicado el noviembre 27, 2017."},{"@type":"Organization","@id":"https:\/\/candas365.es\/noticias\/#organization","name":"Cand\u00e1s 365","description":"Cand\u00e1s 365 es un diario digital independiente, fundado en 2012, con base en Asturias. Informamos con rigor sobre actualidad, sociedad, cultura y ocio, con una mirada local y global.","url":"https:\/\/candas365.es\/noticias\/","email":"info@candas365.es","telephone":"+34652131393","foundingDate":"2012-06-10","logo":{"@type":"ImageObject","url":"https:\/\/candas365.es\/noticias\/wp-content\/uploads\/2024\/09\/Candas-365-Redes.jpg","@id":"https:\/\/candas365.es\/noticias\/jornadas-gastronomicas-del-pote-de-turon\/#organizationLogo","width":1152,"height":864,"caption":"Cand\u00e1s 365 Redes"},"image":{"@id":"https:\/\/candas365.es\/noticias\/jornadas-gastronomicas-del-pote-de-turon\/#organizationLogo"},"sameAs":["https:\/\/www.facebook.com\/Nachofdezber","https:\/\/x.com\/NabercoDigital","https:\/\/www.instagram.com\/nachofdezber\/","https:\/\/www.youtube.com\/channel\/UCZP-2wLEB9Rv6erhFmqVnvg"],"address":{"@id":"https:\/\/candas365.es\/noticias\/#postaladdress","@type":"PostalAddress","streetAddress":"san antonio 4, san antonio 4","postalCode":"33430","addressLocality":"Cand\u00e1s","addressRegion":"Asturias","addressCountry":"ES"}},{"@type":"Person","@id":"https:\/\/candas365.es\/noticias\/author\/admin\/#author","url":"https:\/\/candas365.es\/noticias\/author\/admin\/","name":"Cand\u00e1s 365","image":{"@type":"ImageObject","@id":"https:\/\/candas365.es\/noticias\/jornadas-gastronomicas-del-pote-de-turon\/#authorImage","url":"https:\/\/secure.gravatar.com\/avatar\/496a8e03d0c493ede1718b7934145dbdf8d89be1036b0eec9544e1094c9de390?s=96&d=mm&r=g","width":96,"height":96,"caption":"Cand\u00e1s 365"},"sameAs":["https:\/\/www.facebook.com\/carrenoactualidad","https:\/\/twitter.com\/nbasturias","https:\/\/www.instagram.com\/nachofdezber\/","https:\/\/www.youtube.com\/channel\/UCZP-2wLEB9Rv6erhFmqVnvg"]},{"@type":"WebPage","@id":"https:\/\/candas365.es\/noticias\/jornadas-gastronomicas-del-pote-de-turon\/#webpage","url":"https:\/\/candas365.es\/noticias\/jornadas-gastronomicas-del-pote-de-turon\/","name":"Jornadas Gastron\u00f3micas del Pote de Tur\u00f3n | Cand\u00e1s 365","description":"El consejero de Empleo, Industria y Turismo, Isaac Pola, ha destacado hoy el potencial de desarrollo que tiene el sector tur\u00edstico en las comarcas mineras, durante la presentaci\u00f3n en Mieres de las Jornadas Gastron\u00f3micas del Pote de Tur\u00f3n, que este a\u00f1o han sido declaradas fiesta de inter\u00e9s tur\u00edstico. Pola ha entregado el reconocimiento a los","inLanguage":"es-ES","isPartOf":{"@id":"https:\/\/candas365.es\/noticias\/#website"},"breadcrumb":{"@id":"https:\/\/candas365.es\/noticias\/jornadas-gastronomicas-del-pote-de-turon\/#breadcrumblist"},"author":{"@id":"https:\/\/candas365.es\/noticias\/author\/admin\/#author"},"creator":{"@id":"https:\/\/candas365.es\/noticias\/author\/admin\/#author"},"image":{"@type":"ImageObject","url":"https:\/\/candas365.es\/noticias\/wp-content\/uploads\/2017\/11\/Consejero-pote-de-Turon.jpg","@id":"https:\/\/candas365.es\/noticias\/jornadas-gastronomicas-del-pote-de-turon\/#mainImage","width":1280,"height":960},"primaryImageOfPage":{"@id":"https:\/\/candas365.es\/noticias\/jornadas-gastronomicas-del-pote-de-turon\/#mainImage"},"datePublished":"2017-11-27T17:37:25+01:00","dateModified":"2017-11-28T16:23:31+01:00"},{"@type":"WebSite","@id":"https:\/\/candas365.es\/noticias\/#website","url":"https:\/\/candas365.es\/noticias\/","name":"Cand\u00e1s 365","alternateName":"Cand\u00e1s 365 Noticias","description":"Actualidad desde Carre\u00f1o para el mundo","inLanguage":"es-ES","publisher":{"@id":"https:\/\/candas365.es\/noticias\/#organization"}}]},"og:locale":"es_ES","og:site_name":"Cand\u00e1s 365","og:type":"article","og:title":"Jornadas Gastron\u00f3micas del Pote de Tur\u00f3n | Cand\u00e1s 365","og:description":"El consejero de Empleo, Industria y Turismo, Isaac Pola, ha destacado hoy el potencial de desarrollo que tiene el sector tur\u00edstico en las comarcas mineras, durante la presentaci\u00f3n en Mieres de las Jornadas Gastron\u00f3micas del Pote de Tur\u00f3n, que este a\u00f1o han sido declaradas fiesta de inter\u00e9s tur\u00edstico. Pola ha entregado el reconocimiento a los","og:url":"https:\/\/candas365.es\/noticias\/jornadas-gastronomicas-del-pote-de-turon\/","og:image":"https:\/\/candas365.es\/noticias\/wp-content\/uploads\/2017\/11\/Consejero-pote-de-Turon.jpg","og:image:secure_url":"https:\/\/candas365.es\/noticias\/wp-content\/uploads\/2017\/11\/Consejero-pote-de-Turon.jpg","og:image:width":1280,"og:image:height":960,"article:published_time":"2017-11-27T17:37:25+00:00","article:modified_time":"2017-11-28T16:23:31+00:00","article:publisher":"https:\/\/www.facebook.com\/Nachofdezber","article:author":"https:\/\/www.facebook.com\/carrenoactualidad","twitter:card":"summary_large_image","twitter:site":"@NabercoDigital","twitter:title":"Jornadas Gastron\u00f3micas del Pote de Tur\u00f3n | Cand\u00e1s 365","twitter:description":"El consejero de Empleo, Industria y Turismo, Isaac Pola, ha destacado hoy el potencial de desarrollo que tiene el sector tur\u00edstico en las comarcas mineras, durante la presentaci\u00f3n en Mieres de las Jornadas Gastron\u00f3micas del Pote de Tur\u00f3n, que este a\u00f1o han sido declaradas fiesta de inter\u00e9s tur\u00edstico. Pola ha entregado el reconocimiento a los","twitter:creator":"@nbasturias","twitter:image":"https:\/\/candas365.es\/noticias\/wp-content\/uploads\/2017\/11\/Consejero-pote-de-Turon.jpg","twitter:label1":"Escrito por","twitter:data1":"Cand\u00e1s 365","twitter:label2":"Tiempo de lectura estimado","twitter:data2":"1 minuto"},"aioseo_meta_data":{"post_id":"85674","title":null,"description":null,"keywords":null,"keyphrases":null,"primary_term":null,"canonical_url":null,"og_title":null,"og_description":null,"og_object_type":"default","og_image_type":"default","og_image_url":null,"og_image_width":null,"og_image_height":null,"og_image_custom_url":null,"og_image_custom_fields":null,"og_video":null,"og_custom_url":null,"og_article_section":null,"og_article_tags":null,"twitter_use_og":false,"twitter_card":"default","twitter_image_type":"default","twitter_image_url":null,"twitter_image_custom_url":null,"twitter_image_custom_fields":null,"twitter_title":null,"twitter_description":null,"schema":{"blockGraphs":[],"customGraphs":[],"default":{"data":{"Article":[],"Course":[],"Dataset":[],"FAQPage":[],"Movie":[],"Person":[],"Product":[],"ProductReview":[],"Car":[],"Recipe":[],"Service":[],"SoftwareApplication":[],"WebPage":[]},"graphName":"","isEnabled":true},"graphs":[],"defaultGraph":"","defaultPostTypeGraph":""},"schema_type":null,"schema_type_options":null,"pillar_content":false,"robots_default":true,"robots_noindex":false,"robots_noarchive":false,"robots_nosnippet":false,"robots_nofollow":false,"robots_noimageindex":false,"robots_noodp":false,"robots_notranslate":false,"robots_max_snippet":null,"robots_max_videopreview":null,"robots_max_imagepreview":"large","priority":null,"frequency":null,"location":null,"local_seo":null,"seo_analyzer_scan_date":"2025-08-26 07:21:11","breadcrumb_settings":null,"limit_modified_date":false,"reviewed_by":null,"open_ai":null,"ai":null,"created":"2020-12-21 12:18:55","updated":"2025-08-26 07:21:11"},"aioseo_breadcrumb":"<div class=\"aioseo-breadcrumbs\"><span class=\"aioseo-breadcrumb\">\n\t<a href=\"https:\/\/candas365.es\/noticias\" title=\"Home\">Home<\/a>\n<\/span><span class=\"aioseo-breadcrumb-separator\">&ndash;<\/span><span class=\"aioseo-breadcrumb\">\n\t<a href=\"https:\/\/candas365.es\/noticias\/category\/agenda\/\" title=\"Agenda\">Agenda<\/a>\n<\/span><span class=\"aioseo-breadcrumb-separator\">&ndash;<\/span><span class=\"aioseo-breadcrumb\">\n\tJornadas Gastron\u00f3micas del Pote de Tur\u00f3n\n<\/span><\/div>","aioseo_breadcrumb_json":[{"label":"Home","link":"https:\/\/candas365.es\/noticias"},{"label":"Agenda","link":"https:\/\/candas365.es\/noticias\/category\/agenda\/"},{"label":"Jornadas Gastron\u00f3micas del Pote de Tur\u00f3n","link":"https:\/\/candas365.es\/noticias\/jornadas-gastronomicas-del-pote-de-turon\/"}],"_links":{"self":[{"href":"https:\/\/candas365.es\/noticias\/wp-json\/wp\/v2\/posts\/85674","targetHints":{"allow":["GET"]}}],"collection":[{"href":"https:\/\/candas365.es\/noticias\/wp-json\/wp\/v2\/posts"}],"about":[{"href":"https:\/\/candas365.es\/noticias\/wp-json\/wp\/v2\/types\/post"}],"author":[{"embeddable":true,"href":"https:\/\/candas365.es\/noticias\/wp-json\/wp\/v2\/users\/1"}],"replies":[{"embeddable":true,"href":"https:\/\/candas365.es\/noticias\/wp-json\/wp\/v2\/comments?post=85674"}],"version-history":[{"count":0,"href":"https:\/\/candas365.es\/noticias\/wp-json\/wp\/v2\/posts\/85674\/revisions"}],"wp:featuredmedia":[{"embeddable":true,"href":"https:\/\/candas365.es\/noticias\/wp-json\/wp\/v2\/media\/85675"}],"wp:attachment":[{"href":"https:\/\/candas365.es\/noticias\/wp-json\/wp\/v2\/media?parent=85674"}],"wp:term":[{"taxonomy":"category","embeddable":true,"href":"https:\/\/candas365.es\/noticias\/wp-json\/wp\/v2\/categories?post=85674"},{"taxonomy":"post_tag","embeddable":true,"href":"https:\/\/candas365.es\/noticias\/wp-json\/wp\/v2\/tags?post=85674"}],"curies":[{"name":"wp","href":"https:\/\/api.w.org\/{rel}","templated":true}]}}