{"id":85644,"date":"2017-11-27T12:17:33","date_gmt":"2017-11-27T12:17:33","guid":{"rendered":"http:\/\/candas365.es\/noticias\/?p=85644"},"modified":"2017-11-27T12:17:33","modified_gmt":"2017-11-27T12:17:33","slug":"jorge-drexler-actua-el-sabado-en-el-teatro-de-la-laboral","status":"publish","type":"post","link":"https:\/\/candas365.es\/noticias\/jorge-drexler-actua-el-sabado-en-el-teatro-de-la-laboral\/","title":{"rendered":"Jorge Drexler actu\u00e1 el s\u00e1bado en el Teatro de la Laboral"},"content":{"rendered":"<p><img fetchpriority=\"high\" decoding=\"async\" class=\"alignleft size-medium wp-image-85645\" src=\"https:\/\/candas365.es\/noticias\/wp-content\/uploads\/2017\/11\/JorgeDrexlercolor-200x300.jpg\" alt=\"\" width=\"200\" height=\"300\" srcset=\"https:\/\/candas365.es\/noticias\/wp-content\/uploads\/2017\/11\/JorgeDrexlercolor-200x300.jpg 200w, https:\/\/candas365.es\/noticias\/wp-content\/uploads\/2017\/11\/JorgeDrexlercolor-768x1151.jpg 768w, https:\/\/candas365.es\/noticias\/wp-content\/uploads\/2017\/11\/JorgeDrexlercolor-320x480.jpg 320w, https:\/\/candas365.es\/noticias\/wp-content\/uploads\/2017\/11\/JorgeDrexlercolor-696x1043.jpg 696w, https:\/\/candas365.es\/noticias\/wp-content\/uploads\/2017\/11\/JorgeDrexlercolor-280x420.jpg 280w, https:\/\/candas365.es\/noticias\/wp-content\/uploads\/2017\/11\/JorgeDrexlercolor.jpg 854w\" sizes=\"(max-width: 200px) 100vw, 200px\" \/>Jorge Drexler act\u00faa el s\u00e1bado 2 de diciembre, a las 21:00 horas, en el Teatro de la Laboral.<\/p>\n<p>El cantautor uruguayo llega a Asturias para presentar su nuevo \u00e1lbum, Salvavidas de hielo, su nuevo trabajo de estudio y el n\u00famero 13 de su carrera, grabado entre Ciudad de M\u00e9xico y Madrid y publicado el pasado septiembre. Salvavidas de hielo es una producci\u00f3n ac\u00fastica de voz y guitarra, que tambi\u00e9n est\u00e1 llena de ritmo, experimentaci\u00f3n, melod\u00edas y grandes letras, con percusiones, bater\u00edas, loops y sintetizadores creados con la guitarra y sus materiales y que reflejan su constante b\u00fasqueda de originalidad a la hora de crear y grabar m\u00fasica.<\/p>\n<p>Su nuevo \u00e1lbum llega tras el \u00e9xito de Bailar en la Cueva, con el que Drexler gan\u00f3 dos Grammy Latinos, a la Grabaci\u00f3n del A\u00f1o y Mejor \u00c1lbum de Cantautor, y fue nominado a un Grammy Awards, en la categor\u00eda de Mejor Disco de Rock Latino, Urbano o Alternativo. El cantautor, m\u00fasico y compositor obtuvo adem\u00e1s en 2005 el premio Oscar a la Mejor Canci\u00f3n Original por Al otro lado del r\u00edo y el premio Goya a la Mejor Canci\u00f3n Original por Que el soneto nos tome por sorpresa en 2011.<\/p>\n<p>Las localidades est\u00e1n disponibles a un precio de 30 \u20ac para foso, patio de butacas y palcos y de 25 \u20ac para anfiteatro. Las entradas se pueden adquirir en la Recepci\u00f3n de la Laboral, en la Oficina de Informaci\u00f3n Tur\u00edstica de Asturias en Oviedo, en el Centro Niemeyer en Avil\u00e9s, en <span style=\"color: #ff6600;\"><strong>entradas.liberbank.es<\/strong><\/span>, 902 106 601 y red de cajeros Liberbank.<\/p>\n","protected":false},"excerpt":{"rendered":"<p>Jorge Drexler act\u00faa el s\u00e1bado 2 de diciembre, a las 21:00 horas, en el Teatro de la Laboral. El cantautor uruguayo llega a Asturias para presentar su nuevo \u00e1lbum, Salvavidas de hielo, su nuevo trabajo de estudio y el n\u00famero 13 de su carrera, grabado entre Ciudad de M\u00e9xico y Madrid y publicado el pasado<\/p>\n","protected":false},"author":1,"featured_media":85645,"comment_status":"closed","ping_status":"closed","sticky":false,"template":"","format":"standard","meta":{"footnotes":""},"categories":[1],"tags":[],"class_list":{"0":"post-85644","1":"post","2":"type-post","3":"status-publish","4":"format-standard","5":"has-post-thumbnail","7":"category-agenda"},"aioseo_notices":[],"aioseo_head":"\n\t\t<!-- All in One SEO Pro 4.9.6.2 - aioseo.com -->\n\t<meta name=\"description\" content=\"Jorge Drexler act\u00faa el s\u00e1bado 2 de diciembre, a las 21:00 horas, en el Teatro de la Laboral. El cantautor uruguayo llega a Asturias para presentar su nuevo \u00e1lbum, Salvavidas de hielo, su nuevo trabajo de estudio y el n\u00famero 13 de su carrera, grabado entre Ciudad de M\u00e9xico y Madrid y publicado el pasado\" \/>\n\t<meta name=\"robots\" content=\"max-image-preview:large\" \/>\n\t<meta name=\"author\" content=\"Cand\u00e1s 365\"\/>\n\t<meta name=\"google-site-verification\" content=\"UA-32230408-1\" \/>\n\t<meta name=\"msvalidate.01\" content=\"354F3CDFB2DA171B47FBE9ABF1F88D5\" \/>\n\t<meta name=\"keywords\" content=\"agenda\" \/>\n\t<link rel=\"canonical\" href=\"https:\/\/candas365.es\/noticias\/jorge-drexler-actua-el-sabado-en-el-teatro-de-la-laboral\/\" \/>\n\t<meta name=\"generator\" content=\"All in One SEO Pro (AIOSEO) 4.9.6.2\" \/>\n\t\t<meta property=\"og:locale\" content=\"es_ES\" \/>\n\t\t<meta property=\"og:site_name\" content=\"Cand\u00e1s 365\" \/>\n\t\t<meta property=\"og:type\" content=\"article\" \/>\n\t\t<meta property=\"og:title\" content=\"Jorge Drexler actu\u00e1 el s\u00e1bado en el Teatro de la Laboral | Cand\u00e1s 365\" \/>\n\t\t<meta property=\"og:description\" content=\"Jorge Drexler act\u00faa el s\u00e1bado 2 de diciembre, a las 21:00 horas, en el Teatro de la Laboral. El cantautor uruguayo llega a Asturias para presentar su nuevo \u00e1lbum, Salvavidas de hielo, su nuevo trabajo de estudio y el n\u00famero 13 de su carrera, grabado entre Ciudad de M\u00e9xico y Madrid y publicado el pasado\" \/>\n\t\t<meta property=\"og:url\" content=\"https:\/\/candas365.es\/noticias\/jorge-drexler-actua-el-sabado-en-el-teatro-de-la-laboral\/\" \/>\n\t\t<meta property=\"og:image\" content=\"https:\/\/candas365.es\/noticias\/wp-content\/uploads\/2017\/11\/JorgeDrexlercolor.jpg\" \/>\n\t\t<meta property=\"og:image:secure_url\" content=\"https:\/\/candas365.es\/noticias\/wp-content\/uploads\/2017\/11\/JorgeDrexlercolor.jpg\" \/>\n\t\t<meta property=\"og:image:width\" content=\"854\" \/>\n\t\t<meta property=\"og:image:height\" content=\"1280\" \/>\n\t\t<meta property=\"article:published_time\" content=\"2017-11-27T12:17:33+00:00\" \/>\n\t\t<meta property=\"article:modified_time\" content=\"2017-11-27T12:17:33+00:00\" \/>\n\t\t<meta property=\"article:publisher\" content=\"https:\/\/www.facebook.com\/Nachofdezber\" \/>\n\t\t<meta property=\"article:author\" content=\"https:\/\/www.facebook.com\/carrenoactualidad\" \/>\n\t\t<meta name=\"twitter:card\" content=\"summary_large_image\" \/>\n\t\t<meta name=\"twitter:site\" content=\"@NabercoDigital\" \/>\n\t\t<meta name=\"twitter:title\" content=\"Jorge Drexler actu\u00e1 el s\u00e1bado en el Teatro de la Laboral | Cand\u00e1s 365\" \/>\n\t\t<meta name=\"twitter:description\" content=\"Jorge Drexler act\u00faa el s\u00e1bado 2 de diciembre, a las 21:00 horas, en el Teatro de la Laboral. El cantautor uruguayo llega a Asturias para presentar su nuevo \u00e1lbum, Salvavidas de hielo, su nuevo trabajo de estudio y el n\u00famero 13 de su carrera, grabado entre Ciudad de M\u00e9xico y Madrid y publicado el pasado\" \/>\n\t\t<meta name=\"twitter:creator\" content=\"@nbasturias\" \/>\n\t\t<meta name=\"twitter:image\" content=\"https:\/\/candas365.es\/noticias\/wp-content\/uploads\/2017\/11\/JorgeDrexlercolor.jpg\" \/>\n\t\t<meta name=\"twitter:label1\" content=\"Escrito por\" \/>\n\t\t<meta name=\"twitter:data1\" content=\"Cand\u00e1s 365\" \/>\n\t\t<meta name=\"twitter:label2\" content=\"Tiempo de lectura estimado\" \/>\n\t\t<meta name=\"twitter:data2\" content=\"1 minuto\" \/>\n\t\t<script type=\"application\/ld+json\" class=\"aioseo-schema\">\n\t\t\t{\"@context\":\"https:\\\/\\\/schema.org\",\"@graph\":[{\"@type\":\"BreadcrumbList\",\"@id\":\"https:\\\/\\\/candas365.es\\\/noticias\\\/jorge-drexler-actua-el-sabado-en-el-teatro-de-la-laboral\\\/#breadcrumblist\",\"itemListElement\":[{\"@type\":\"ListItem\",\"@id\":\"https:\\\/\\\/candas365.es\\\/noticias#listItem\",\"position\":1,\"name\":\"Home\",\"item\":\"https:\\\/\\\/candas365.es\\\/noticias\",\"nextItem\":{\"@type\":\"ListItem\",\"@id\":\"https:\\\/\\\/candas365.es\\\/noticias\\\/category\\\/agenda\\\/#listItem\",\"name\":\"Agenda\"}},{\"@type\":\"ListItem\",\"@id\":\"https:\\\/\\\/candas365.es\\\/noticias\\\/category\\\/agenda\\\/#listItem\",\"position\":2,\"name\":\"Agenda\",\"item\":\"https:\\\/\\\/candas365.es\\\/noticias\\\/category\\\/agenda\\\/\",\"nextItem\":{\"@type\":\"ListItem\",\"@id\":\"https:\\\/\\\/candas365.es\\\/noticias\\\/jorge-drexler-actua-el-sabado-en-el-teatro-de-la-laboral\\\/#listItem\",\"name\":\"Jorge Drexler actu\\u00e1 el s\\u00e1bado en el Teatro de la Laboral\"},\"previousItem\":{\"@type\":\"ListItem\",\"@id\":\"https:\\\/\\\/candas365.es\\\/noticias#listItem\",\"name\":\"Home\"}},{\"@type\":\"ListItem\",\"@id\":\"https:\\\/\\\/candas365.es\\\/noticias\\\/jorge-drexler-actua-el-sabado-en-el-teatro-de-la-laboral\\\/#listItem\",\"position\":3,\"name\":\"Jorge Drexler actu\\u00e1 el s\\u00e1bado en el Teatro de la Laboral\",\"previousItem\":{\"@type\":\"ListItem\",\"@id\":\"https:\\\/\\\/candas365.es\\\/noticias\\\/category\\\/agenda\\\/#listItem\",\"name\":\"Agenda\"}}]},{\"@type\":\"NewsArticle\",\"@id\":\"https:\\\/\\\/candas365.es\\\/noticias\\\/jorge-drexler-actua-el-sabado-en-el-teatro-de-la-laboral\\\/#newsarticle\",\"name\":\"Jorge Drexler actu\\u00e1 el s\\u00e1bado en el Teatro de la Laboral | Cand\\u00e1s 365\",\"headline\":\"Jorge Drexler actu\\u00e1 el s\\u00e1bado en el Teatro de la Laboral\",\"author\":{\"@id\":\"https:\\\/\\\/candas365.es\\\/noticias\\\/author\\\/admin\\\/#author\"},\"publisher\":{\"@id\":\"https:\\\/\\\/candas365.es\\\/noticias\\\/#organization\"},\"image\":{\"@type\":\"ImageObject\",\"url\":\"https:\\\/\\\/candas365.es\\\/noticias\\\/wp-content\\\/uploads\\\/2017\\\/11\\\/JorgeDrexlercolor.jpg\",\"width\":854,\"height\":1280},\"datePublished\":\"2017-11-27T12:17:33+01:00\",\"dateModified\":\"2017-11-27T12:17:33+01:00\",\"inLanguage\":\"es-ES\",\"mainEntityOfPage\":{\"@id\":\"https:\\\/\\\/candas365.es\\\/noticias\\\/jorge-drexler-actua-el-sabado-en-el-teatro-de-la-laboral\\\/#webpage\"},\"isPartOf\":{\"@id\":\"https:\\\/\\\/candas365.es\\\/noticias\\\/jorge-drexler-actua-el-sabado-en-el-teatro-de-la-laboral\\\/#webpage\"},\"articleSection\":\"Agenda\",\"dateline\":\"Publicado el noviembre 27, 2017.\"},{\"@type\":\"Organization\",\"@id\":\"https:\\\/\\\/candas365.es\\\/noticias\\\/#organization\",\"name\":\"Cand\\u00e1s 365\",\"description\":\"Cand\\u00e1s 365 es un diario digital independiente, fundado en 2012, con base en Asturias. Informamos con rigor sobre actualidad, sociedad, cultura y ocio, con una mirada local y global.\",\"url\":\"https:\\\/\\\/candas365.es\\\/noticias\\\/\",\"email\":\"info@candas365.es\",\"telephone\":\"+34652131393\",\"foundingDate\":\"2012-06-10\",\"logo\":{\"@type\":\"ImageObject\",\"url\":\"https:\\\/\\\/candas365.es\\\/noticias\\\/wp-content\\\/uploads\\\/2024\\\/09\\\/Candas-365-Redes.jpg\",\"@id\":\"https:\\\/\\\/candas365.es\\\/noticias\\\/jorge-drexler-actua-el-sabado-en-el-teatro-de-la-laboral\\\/#organizationLogo\",\"width\":1152,\"height\":864,\"caption\":\"Cand\\u00e1s 365 Redes\"},\"image\":{\"@id\":\"https:\\\/\\\/candas365.es\\\/noticias\\\/jorge-drexler-actua-el-sabado-en-el-teatro-de-la-laboral\\\/#organizationLogo\"},\"sameAs\":[\"https:\\\/\\\/www.facebook.com\\\/Nachofdezber\",\"https:\\\/\\\/x.com\\\/NabercoDigital\",\"https:\\\/\\\/www.instagram.com\\\/nachofdezber\\\/\",\"https:\\\/\\\/www.youtube.com\\\/channel\\\/UCZP-2wLEB9Rv6erhFmqVnvg\"],\"address\":{\"@id\":\"https:\\\/\\\/candas365.es\\\/noticias\\\/#postaladdress\",\"@type\":\"PostalAddress\",\"streetAddress\":\"san antonio 4, san antonio 4\",\"postalCode\":\"33430\",\"addressLocality\":\"Cand\\u00e1s\",\"addressRegion\":\"Asturias\",\"addressCountry\":\"ES\"}},{\"@type\":\"Person\",\"@id\":\"https:\\\/\\\/candas365.es\\\/noticias\\\/author\\\/admin\\\/#author\",\"url\":\"https:\\\/\\\/candas365.es\\\/noticias\\\/author\\\/admin\\\/\",\"name\":\"Cand\\u00e1s 365\",\"image\":{\"@type\":\"ImageObject\",\"@id\":\"https:\\\/\\\/candas365.es\\\/noticias\\\/jorge-drexler-actua-el-sabado-en-el-teatro-de-la-laboral\\\/#authorImage\",\"url\":\"https:\\\/\\\/secure.gravatar.com\\\/avatar\\\/496a8e03d0c493ede1718b7934145dbdf8d89be1036b0eec9544e1094c9de390?s=96&d=mm&r=g\",\"width\":96,\"height\":96,\"caption\":\"Cand\\u00e1s 365\"},\"sameAs\":[\"https:\\\/\\\/www.facebook.com\\\/carrenoactualidad\",\"https:\\\/\\\/twitter.com\\\/nbasturias\",\"https:\\\/\\\/www.instagram.com\\\/nachofdezber\\\/\",\"https:\\\/\\\/www.youtube.com\\\/channel\\\/UCZP-2wLEB9Rv6erhFmqVnvg\"]},{\"@type\":\"WebPage\",\"@id\":\"https:\\\/\\\/candas365.es\\\/noticias\\\/jorge-drexler-actua-el-sabado-en-el-teatro-de-la-laboral\\\/#webpage\",\"url\":\"https:\\\/\\\/candas365.es\\\/noticias\\\/jorge-drexler-actua-el-sabado-en-el-teatro-de-la-laboral\\\/\",\"name\":\"Jorge Drexler actu\\u00e1 el s\\u00e1bado en el Teatro de la Laboral | Cand\\u00e1s 365\",\"description\":\"Jorge Drexler act\\u00faa el s\\u00e1bado 2 de diciembre, a las 21:00 horas, en el Teatro de la Laboral. El cantautor uruguayo llega a Asturias para presentar su nuevo \\u00e1lbum, Salvavidas de hielo, su nuevo trabajo de estudio y el n\\u00famero 13 de su carrera, grabado entre Ciudad de M\\u00e9xico y Madrid y publicado el pasado\",\"inLanguage\":\"es-ES\",\"isPartOf\":{\"@id\":\"https:\\\/\\\/candas365.es\\\/noticias\\\/#website\"},\"breadcrumb\":{\"@id\":\"https:\\\/\\\/candas365.es\\\/noticias\\\/jorge-drexler-actua-el-sabado-en-el-teatro-de-la-laboral\\\/#breadcrumblist\"},\"author\":{\"@id\":\"https:\\\/\\\/candas365.es\\\/noticias\\\/author\\\/admin\\\/#author\"},\"creator\":{\"@id\":\"https:\\\/\\\/candas365.es\\\/noticias\\\/author\\\/admin\\\/#author\"},\"image\":{\"@type\":\"ImageObject\",\"url\":\"https:\\\/\\\/candas365.es\\\/noticias\\\/wp-content\\\/uploads\\\/2017\\\/11\\\/JorgeDrexlercolor.jpg\",\"@id\":\"https:\\\/\\\/candas365.es\\\/noticias\\\/jorge-drexler-actua-el-sabado-en-el-teatro-de-la-laboral\\\/#mainImage\",\"width\":854,\"height\":1280},\"primaryImageOfPage\":{\"@id\":\"https:\\\/\\\/candas365.es\\\/noticias\\\/jorge-drexler-actua-el-sabado-en-el-teatro-de-la-laboral\\\/#mainImage\"},\"datePublished\":\"2017-11-27T12:17:33+01:00\",\"dateModified\":\"2017-11-27T12:17:33+01:00\"},{\"@type\":\"WebSite\",\"@id\":\"https:\\\/\\\/candas365.es\\\/noticias\\\/#website\",\"url\":\"https:\\\/\\\/candas365.es\\\/noticias\\\/\",\"name\":\"Cand\\u00e1s 365\",\"alternateName\":\"Cand\\u00e1s 365 Noticias\",\"description\":\"Actualidad desde Carre\\u00f1o para el mundo\",\"inLanguage\":\"es-ES\",\"publisher\":{\"@id\":\"https:\\\/\\\/candas365.es\\\/noticias\\\/#organization\"}}]}\n\t\t<\/script>\n\t\t<!-- All in One SEO Pro -->\r\n\t\t<title>Jorge Drexler actu\u00e1 el s\u00e1bado en el Teatro de la Laboral | Cand\u00e1s 365<\/title>\n\n","aioseo_head_json":{"title":"Jorge Drexler actu\u00e1 el s\u00e1bado en el Teatro de la Laboral | Cand\u00e1s 365","description":"Jorge Drexler act\u00faa el s\u00e1bado 2 de diciembre, a las 21:00 horas, en el Teatro de la Laboral. El cantautor uruguayo llega a Asturias para presentar su nuevo \u00e1lbum, Salvavidas de hielo, su nuevo trabajo de estudio y el n\u00famero 13 de su carrera, grabado entre Ciudad de M\u00e9xico y Madrid y publicado el pasado","canonical_url":"https:\/\/candas365.es\/noticias\/jorge-drexler-actua-el-sabado-en-el-teatro-de-la-laboral\/","robots":"max-image-preview:large","keywords":"agenda","webmasterTools":{"google-site-verification":"UA-32230408-1","msvalidate.01":"354F3CDFB2DA171B47FBE9ABF1F88D5","miscellaneous":""},"schema":{"@context":"https:\/\/schema.org","@graph":[{"@type":"BreadcrumbList","@id":"https:\/\/candas365.es\/noticias\/jorge-drexler-actua-el-sabado-en-el-teatro-de-la-laboral\/#breadcrumblist","itemListElement":[{"@type":"ListItem","@id":"https:\/\/candas365.es\/noticias#listItem","position":1,"name":"Home","item":"https:\/\/candas365.es\/noticias","nextItem":{"@type":"ListItem","@id":"https:\/\/candas365.es\/noticias\/category\/agenda\/#listItem","name":"Agenda"}},{"@type":"ListItem","@id":"https:\/\/candas365.es\/noticias\/category\/agenda\/#listItem","position":2,"name":"Agenda","item":"https:\/\/candas365.es\/noticias\/category\/agenda\/","nextItem":{"@type":"ListItem","@id":"https:\/\/candas365.es\/noticias\/jorge-drexler-actua-el-sabado-en-el-teatro-de-la-laboral\/#listItem","name":"Jorge Drexler actu\u00e1 el s\u00e1bado en el Teatro de la Laboral"},"previousItem":{"@type":"ListItem","@id":"https:\/\/candas365.es\/noticias#listItem","name":"Home"}},{"@type":"ListItem","@id":"https:\/\/candas365.es\/noticias\/jorge-drexler-actua-el-sabado-en-el-teatro-de-la-laboral\/#listItem","position":3,"name":"Jorge Drexler actu\u00e1 el s\u00e1bado en el Teatro de la Laboral","previousItem":{"@type":"ListItem","@id":"https:\/\/candas365.es\/noticias\/category\/agenda\/#listItem","name":"Agenda"}}]},{"@type":"NewsArticle","@id":"https:\/\/candas365.es\/noticias\/jorge-drexler-actua-el-sabado-en-el-teatro-de-la-laboral\/#newsarticle","name":"Jorge Drexler actu\u00e1 el s\u00e1bado en el Teatro de la Laboral | Cand\u00e1s 365","headline":"Jorge Drexler actu\u00e1 el s\u00e1bado en el Teatro de la Laboral","author":{"@id":"https:\/\/candas365.es\/noticias\/author\/admin\/#author"},"publisher":{"@id":"https:\/\/candas365.es\/noticias\/#organization"},"image":{"@type":"ImageObject","url":"https:\/\/candas365.es\/noticias\/wp-content\/uploads\/2017\/11\/JorgeDrexlercolor.jpg","width":854,"height":1280},"datePublished":"2017-11-27T12:17:33+01:00","dateModified":"2017-11-27T12:17:33+01:00","inLanguage":"es-ES","mainEntityOfPage":{"@id":"https:\/\/candas365.es\/noticias\/jorge-drexler-actua-el-sabado-en-el-teatro-de-la-laboral\/#webpage"},"isPartOf":{"@id":"https:\/\/candas365.es\/noticias\/jorge-drexler-actua-el-sabado-en-el-teatro-de-la-laboral\/#webpage"},"articleSection":"Agenda","dateline":"Publicado el noviembre 27, 2017."},{"@type":"Organization","@id":"https:\/\/candas365.es\/noticias\/#organization","name":"Cand\u00e1s 365","description":"Cand\u00e1s 365 es un diario digital independiente, fundado en 2012, con base en Asturias. Informamos con rigor sobre actualidad, sociedad, cultura y ocio, con una mirada local y global.","url":"https:\/\/candas365.es\/noticias\/","email":"info@candas365.es","telephone":"+34652131393","foundingDate":"2012-06-10","logo":{"@type":"ImageObject","url":"https:\/\/candas365.es\/noticias\/wp-content\/uploads\/2024\/09\/Candas-365-Redes.jpg","@id":"https:\/\/candas365.es\/noticias\/jorge-drexler-actua-el-sabado-en-el-teatro-de-la-laboral\/#organizationLogo","width":1152,"height":864,"caption":"Cand\u00e1s 365 Redes"},"image":{"@id":"https:\/\/candas365.es\/noticias\/jorge-drexler-actua-el-sabado-en-el-teatro-de-la-laboral\/#organizationLogo"},"sameAs":["https:\/\/www.facebook.com\/Nachofdezber","https:\/\/x.com\/NabercoDigital","https:\/\/www.instagram.com\/nachofdezber\/","https:\/\/www.youtube.com\/channel\/UCZP-2wLEB9Rv6erhFmqVnvg"],"address":{"@id":"https:\/\/candas365.es\/noticias\/#postaladdress","@type":"PostalAddress","streetAddress":"san antonio 4, san antonio 4","postalCode":"33430","addressLocality":"Cand\u00e1s","addressRegion":"Asturias","addressCountry":"ES"}},{"@type":"Person","@id":"https:\/\/candas365.es\/noticias\/author\/admin\/#author","url":"https:\/\/candas365.es\/noticias\/author\/admin\/","name":"Cand\u00e1s 365","image":{"@type":"ImageObject","@id":"https:\/\/candas365.es\/noticias\/jorge-drexler-actua-el-sabado-en-el-teatro-de-la-laboral\/#authorImage","url":"https:\/\/secure.gravatar.com\/avatar\/496a8e03d0c493ede1718b7934145dbdf8d89be1036b0eec9544e1094c9de390?s=96&d=mm&r=g","width":96,"height":96,"caption":"Cand\u00e1s 365"},"sameAs":["https:\/\/www.facebook.com\/carrenoactualidad","https:\/\/twitter.com\/nbasturias","https:\/\/www.instagram.com\/nachofdezber\/","https:\/\/www.youtube.com\/channel\/UCZP-2wLEB9Rv6erhFmqVnvg"]},{"@type":"WebPage","@id":"https:\/\/candas365.es\/noticias\/jorge-drexler-actua-el-sabado-en-el-teatro-de-la-laboral\/#webpage","url":"https:\/\/candas365.es\/noticias\/jorge-drexler-actua-el-sabado-en-el-teatro-de-la-laboral\/","name":"Jorge Drexler actu\u00e1 el s\u00e1bado en el Teatro de la Laboral | Cand\u00e1s 365","description":"Jorge Drexler act\u00faa el s\u00e1bado 2 de diciembre, a las 21:00 horas, en el Teatro de la Laboral. El cantautor uruguayo llega a Asturias para presentar su nuevo \u00e1lbum, Salvavidas de hielo, su nuevo trabajo de estudio y el n\u00famero 13 de su carrera, grabado entre Ciudad de M\u00e9xico y Madrid y publicado el pasado","inLanguage":"es-ES","isPartOf":{"@id":"https:\/\/candas365.es\/noticias\/#website"},"breadcrumb":{"@id":"https:\/\/candas365.es\/noticias\/jorge-drexler-actua-el-sabado-en-el-teatro-de-la-laboral\/#breadcrumblist"},"author":{"@id":"https:\/\/candas365.es\/noticias\/author\/admin\/#author"},"creator":{"@id":"https:\/\/candas365.es\/noticias\/author\/admin\/#author"},"image":{"@type":"ImageObject","url":"https:\/\/candas365.es\/noticias\/wp-content\/uploads\/2017\/11\/JorgeDrexlercolor.jpg","@id":"https:\/\/candas365.es\/noticias\/jorge-drexler-actua-el-sabado-en-el-teatro-de-la-laboral\/#mainImage","width":854,"height":1280},"primaryImageOfPage":{"@id":"https:\/\/candas365.es\/noticias\/jorge-drexler-actua-el-sabado-en-el-teatro-de-la-laboral\/#mainImage"},"datePublished":"2017-11-27T12:17:33+01:00","dateModified":"2017-11-27T12:17:33+01:00"},{"@type":"WebSite","@id":"https:\/\/candas365.es\/noticias\/#website","url":"https:\/\/candas365.es\/noticias\/","name":"Cand\u00e1s 365","alternateName":"Cand\u00e1s 365 Noticias","description":"Actualidad desde Carre\u00f1o para el mundo","inLanguage":"es-ES","publisher":{"@id":"https:\/\/candas365.es\/noticias\/#organization"}}]},"og:locale":"es_ES","og:site_name":"Cand\u00e1s 365","og:type":"article","og:title":"Jorge Drexler actu\u00e1 el s\u00e1bado en el Teatro de la Laboral | Cand\u00e1s 365","og:description":"Jorge Drexler act\u00faa el s\u00e1bado 2 de diciembre, a las 21:00 horas, en el Teatro de la Laboral. El cantautor uruguayo llega a Asturias para presentar su nuevo \u00e1lbum, Salvavidas de hielo, su nuevo trabajo de estudio y el n\u00famero 13 de su carrera, grabado entre Ciudad de M\u00e9xico y Madrid y publicado el pasado","og:url":"https:\/\/candas365.es\/noticias\/jorge-drexler-actua-el-sabado-en-el-teatro-de-la-laboral\/","og:image":"https:\/\/candas365.es\/noticias\/wp-content\/uploads\/2017\/11\/JorgeDrexlercolor.jpg","og:image:secure_url":"https:\/\/candas365.es\/noticias\/wp-content\/uploads\/2017\/11\/JorgeDrexlercolor.jpg","og:image:width":854,"og:image:height":1280,"article:published_time":"2017-11-27T12:17:33+00:00","article:modified_time":"2017-11-27T12:17:33+00:00","article:publisher":"https:\/\/www.facebook.com\/Nachofdezber","article:author":"https:\/\/www.facebook.com\/carrenoactualidad","twitter:card":"summary_large_image","twitter:site":"@NabercoDigital","twitter:title":"Jorge Drexler actu\u00e1 el s\u00e1bado en el Teatro de la Laboral | Cand\u00e1s 365","twitter:description":"Jorge Drexler act\u00faa el s\u00e1bado 2 de diciembre, a las 21:00 horas, en el Teatro de la Laboral. El cantautor uruguayo llega a Asturias para presentar su nuevo \u00e1lbum, Salvavidas de hielo, su nuevo trabajo de estudio y el n\u00famero 13 de su carrera, grabado entre Ciudad de M\u00e9xico y Madrid y publicado el pasado","twitter:creator":"@nbasturias","twitter:image":"https:\/\/candas365.es\/noticias\/wp-content\/uploads\/2017\/11\/JorgeDrexlercolor.jpg","twitter:label1":"Escrito por","twitter:data1":"Cand\u00e1s 365","twitter:label2":"Tiempo de lectura estimado","twitter:data2":"1 minuto"},"aioseo_meta_data":{"post_id":"85644","title":null,"description":null,"keywords":null,"keyphrases":null,"primary_term":null,"canonical_url":null,"og_title":null,"og_description":null,"og_object_type":"default","og_image_type":"default","og_image_url":null,"og_image_width":null,"og_image_height":null,"og_image_custom_url":null,"og_image_custom_fields":null,"og_video":null,"og_custom_url":null,"og_article_section":null,"og_article_tags":null,"twitter_use_og":false,"twitter_card":"default","twitter_image_type":"default","twitter_image_url":null,"twitter_image_custom_url":null,"twitter_image_custom_fields":null,"twitter_title":null,"twitter_description":null,"schema":{"blockGraphs":[],"customGraphs":[],"default":{"data":{"Article":[],"Course":[],"Dataset":[],"FAQPage":[],"Movie":[],"Person":[],"Product":[],"ProductReview":[],"Car":[],"Recipe":[],"Service":[],"SoftwareApplication":[],"WebPage":[]},"graphName":"","isEnabled":true},"graphs":[],"defaultGraph":"","defaultPostTypeGraph":""},"schema_type":null,"schema_type_options":null,"pillar_content":false,"robots_default":true,"robots_noindex":false,"robots_noarchive":false,"robots_nosnippet":false,"robots_nofollow":false,"robots_noimageindex":false,"robots_noodp":false,"robots_notranslate":false,"robots_max_snippet":null,"robots_max_videopreview":null,"robots_max_imagepreview":"large","priority":null,"frequency":null,"location":null,"local_seo":null,"seo_analyzer_scan_date":"2025-08-26 07:19:10","breadcrumb_settings":null,"limit_modified_date":false,"reviewed_by":null,"open_ai":null,"ai":null,"created":"2020-12-21 12:18:55","updated":"2025-08-26 07:19:10"},"aioseo_breadcrumb":"<div class=\"aioseo-breadcrumbs\"><span class=\"aioseo-breadcrumb\">\n\t<a href=\"https:\/\/candas365.es\/noticias\" title=\"Home\">Home<\/a>\n<\/span><span class=\"aioseo-breadcrumb-separator\">&ndash;<\/span><span class=\"aioseo-breadcrumb\">\n\t<a href=\"https:\/\/candas365.es\/noticias\/category\/agenda\/\" title=\"Agenda\">Agenda<\/a>\n<\/span><span class=\"aioseo-breadcrumb-separator\">&ndash;<\/span><span class=\"aioseo-breadcrumb\">\n\tJorge Drexler actu\u00e1 el s\u00e1bado en el Teatro de la Laboral\n<\/span><\/div>","aioseo_breadcrumb_json":[{"label":"Home","link":"https:\/\/candas365.es\/noticias"},{"label":"Agenda","link":"https:\/\/candas365.es\/noticias\/category\/agenda\/"},{"label":"Jorge Drexler actu\u00e1 el s\u00e1bado en el Teatro de la Laboral","link":"https:\/\/candas365.es\/noticias\/jorge-drexler-actua-el-sabado-en-el-teatro-de-la-laboral\/"}],"_links":{"self":[{"href":"https:\/\/candas365.es\/noticias\/wp-json\/wp\/v2\/posts\/85644","targetHints":{"allow":["GET"]}}],"collection":[{"href":"https:\/\/candas365.es\/noticias\/wp-json\/wp\/v2\/posts"}],"about":[{"href":"https:\/\/candas365.es\/noticias\/wp-json\/wp\/v2\/types\/post"}],"author":[{"embeddable":true,"href":"https:\/\/candas365.es\/noticias\/wp-json\/wp\/v2\/users\/1"}],"replies":[{"embeddable":true,"href":"https:\/\/candas365.es\/noticias\/wp-json\/wp\/v2\/comments?post=85644"}],"version-history":[{"count":0,"href":"https:\/\/candas365.es\/noticias\/wp-json\/wp\/v2\/posts\/85644\/revisions"}],"wp:featuredmedia":[{"embeddable":true,"href":"https:\/\/candas365.es\/noticias\/wp-json\/wp\/v2\/media\/85645"}],"wp:attachment":[{"href":"https:\/\/candas365.es\/noticias\/wp-json\/wp\/v2\/media?parent=85644"}],"wp:term":[{"taxonomy":"category","embeddable":true,"href":"https:\/\/candas365.es\/noticias\/wp-json\/wp\/v2\/categories?post=85644"},{"taxonomy":"post_tag","embeddable":true,"href":"https:\/\/candas365.es\/noticias\/wp-json\/wp\/v2\/tags?post=85644"}],"curies":[{"name":"wp","href":"https:\/\/api.w.org\/{rel}","templated":true}]}}