{"id":85502,"date":"2017-11-25T13:41:07","date_gmt":"2017-11-25T13:41:07","guid":{"rendered":"http:\/\/candas365.es\/noticias\/?p=85502"},"modified":"2017-11-25T13:41:07","modified_gmt":"2017-11-25T13:41:07","slug":"el-dia-28-se-estrena-traicion-en-la-1","status":"publish","type":"post","link":"https:\/\/candas365.es\/noticias\/el-dia-28-se-estrena-traicion-en-la-1\/","title":{"rendered":"El d\u00eda 28 se estrena \u201cTraici\u00f3n\u201d en La 1"},"content":{"rendered":"<p><img fetchpriority=\"high\" decoding=\"async\" class=\"alignleft size-medium wp-image-85503\" src=\"https:\/\/candas365.es\/noticias\/wp-content\/uploads\/2017\/11\/notetele151108-360x225.jpg\" alt=\"\" width=\"360\" height=\"225\" srcset=\"https:\/\/candas365.es\/noticias\/wp-content\/uploads\/2017\/11\/notetele151108-360x225.jpg 360w, https:\/\/candas365.es\/noticias\/wp-content\/uploads\/2017\/11\/notetele151108-279x173.jpg 279w, https:\/\/candas365.es\/noticias\/wp-content\/uploads\/2017\/11\/notetele151108.jpg 400w\" sizes=\"(max-width: 360px) 100vw, 360px\" \/>Un gran secreto oculto durante a\u00f1os. Una gran familia aparentemente bien avenida. \u00c9ste es el punto de partida de &#8216;Traici\u00f3n&#8217;, la nueva ficci\u00f3n de RTVE en colaboraci\u00f3n con Bamb\u00fa Producciones. Ana Bel\u00e9n protagoniza, en su regreso a la televisi\u00f3n, este drama familiar que sumergir\u00e1 al espectador en las tramas e intrigas personales y profesionales de la familia Fuentes, propietaria de una de las firmas de abogados m\u00e1s importantes del pa\u00eds.<\/p>\n<p>Todo el reparto ha participado este lunes en la presentaci\u00f3n, en la que Fernando L\u00f3pez Puig, director de Cine y Ficci\u00f3n de TVE, ha explicado que con \u2018Traici\u00f3n\u2019 \u201cvolvemos a un g\u00e9nero con mucha fuerza: las grandes tramas de odios, pasiones y traiciones\u201d. Ram\u00f3n Campos, productor ejecutivo de Bamb\u00fa, ha expresado su confianza en esta serie \u201cmuy especial\u201d. \u201cTiene humor, thriller, drama, celos\u2026\u201d, ha explicado. Adem\u00e1s, se ha mostrado encantado del regreso de la productora a TVE: \u00abEs un placer volver a Televisi\u00f3n Espa\u00f1ola, donde naci\u00f3 Bamb\u00fa\u00bb.<\/p>\n<p>Los directores, Antonio Hern\u00e1ndez y Lino Escalera, han elogiado al elenco, en el que destaca Ana Bel\u00e9n en su regreso a la televisi\u00f3n. La int\u00e9rprete, que da vida a la matriarca Pilar del Riego, ha sido rotunda al definir a la familia: \u201cSomos malos, y para un actor es una riqueza interpretar a personajes as\u00ed\u201d. Sobre su personaje, asegura que \u201cla se\u00f1ora se las trae. Es una mujer que maneja la casa familiar y el bufete de abogados\u201d.<\/p>\n<p><strong>El principio\u2026 Un secreto desvelado<\/strong><\/p>\n<p>Julio (Helio Pedregal) re\u00fane a sus familiares para comunicarles que padece una enfermedad terminal y quiere realizar algunos cambios en la empresa. Adem\u00e1s, les desvelar\u00e1 un importante secreto. No todos est\u00e1n de acuerdo con determinadas decisiones, y las noticias sientan como un jarro de agua fr\u00eda. La aparentemente bien avenida familia comienza a resquebrajarse.<\/p>\n<p>Junto a Julio, a la cabeza del clan tambi\u00e9n se sit\u00faa Pilar (Ana Bel\u00e9n). Son los padres de Almudena (Nathalie Poza), hija mayor y abogada; Roberto (Pedro Alonso), segundo hijo, tambi\u00e9n abogado y actual director del bufete; Isabel (Manuela Velasco), socia del bufete, pero que no trabaja; y Claudia (Natalia Rodr\u00edguez), la peque\u00f1a de la familia y tambi\u00e9n abogada. Sus relaciones con otros miembros de sus entornos familiares o profesionales forman las tramas e intrigas de la ficci\u00f3n.<\/p>\n","protected":false},"excerpt":{"rendered":"<p>Un gran secreto oculto durante a\u00f1os. Una gran familia aparentemente bien avenida. \u00c9ste es el punto de partida de &#8216;Traici\u00f3n&#8217;, la nueva ficci\u00f3n de RTVE en colaboraci\u00f3n con Bamb\u00fa Producciones. Ana Bel\u00e9n protagoniza, en su regreso a la televisi\u00f3n, este drama familiar que sumergir\u00e1 al espectador en las tramas e intrigas personales y profesionales de<\/p>\n","protected":false},"author":1,"featured_media":85503,"comment_status":"closed","ping_status":"closed","sticky":false,"template":"","format":"standard","meta":{"footnotes":""},"categories":[1],"tags":[],"class_list":{"0":"post-85502","1":"post","2":"type-post","3":"status-publish","4":"format-standard","5":"has-post-thumbnail","7":"category-agenda"},"aioseo_notices":[],"aioseo_head":"\n\t\t<!-- All in One SEO Pro 4.9.6.2 - aioseo.com -->\n\t<meta name=\"description\" content=\"Un gran secreto oculto durante a\u00f1os. Una gran familia aparentemente bien avenida. \u00c9ste es el punto de partida de &#039;Traici\u00f3n&#039;, la nueva ficci\u00f3n de RTVE en colaboraci\u00f3n con Bamb\u00fa Producciones. Ana Bel\u00e9n protagoniza, en su regreso a la televisi\u00f3n, este drama familiar que sumergir\u00e1 al espectador en las tramas e intrigas personales y profesionales de\" \/>\n\t<meta name=\"robots\" content=\"max-image-preview:large\" \/>\n\t<meta name=\"author\" content=\"Cand\u00e1s 365\"\/>\n\t<meta name=\"google-site-verification\" content=\"UA-32230408-1\" \/>\n\t<meta name=\"msvalidate.01\" content=\"354F3CDFB2DA171B47FBE9ABF1F88D5\" \/>\n\t<meta name=\"keywords\" content=\"agenda\" \/>\n\t<link rel=\"canonical\" href=\"https:\/\/candas365.es\/noticias\/el-dia-28-se-estrena-traicion-en-la-1\/\" \/>\n\t<meta name=\"generator\" content=\"All in One SEO Pro (AIOSEO) 4.9.6.2\" \/>\n\t\t<meta property=\"og:locale\" content=\"es_ES\" \/>\n\t\t<meta property=\"og:site_name\" content=\"Cand\u00e1s 365\" \/>\n\t\t<meta property=\"og:type\" content=\"article\" \/>\n\t\t<meta property=\"og:title\" content=\"El d\u00eda 28 se estrena \u201cTraici\u00f3n\u201d en La 1 | Cand\u00e1s 365\" \/>\n\t\t<meta property=\"og:description\" content=\"Un gran secreto oculto durante a\u00f1os. Una gran familia aparentemente bien avenida. \u00c9ste es el punto de partida de &#039;Traici\u00f3n&#039;, la nueva ficci\u00f3n de RTVE en colaboraci\u00f3n con Bamb\u00fa Producciones. Ana Bel\u00e9n protagoniza, en su regreso a la televisi\u00f3n, este drama familiar que sumergir\u00e1 al espectador en las tramas e intrigas personales y profesionales de\" \/>\n\t\t<meta property=\"og:url\" content=\"https:\/\/candas365.es\/noticias\/el-dia-28-se-estrena-traicion-en-la-1\/\" \/>\n\t\t<meta property=\"og:image\" content=\"https:\/\/candas365.es\/noticias\/wp-content\/uploads\/2017\/11\/notetele151108.jpg\" \/>\n\t\t<meta property=\"og:image:secure_url\" content=\"https:\/\/candas365.es\/noticias\/wp-content\/uploads\/2017\/11\/notetele151108.jpg\" \/>\n\t\t<meta property=\"og:image:width\" content=\"400\" \/>\n\t\t<meta property=\"og:image:height\" content=\"250\" \/>\n\t\t<meta property=\"article:published_time\" content=\"2017-11-25T13:41:07+00:00\" \/>\n\t\t<meta property=\"article:modified_time\" content=\"2017-11-25T13:41:07+00:00\" \/>\n\t\t<meta property=\"article:publisher\" content=\"https:\/\/www.facebook.com\/Nachofdezber\" \/>\n\t\t<meta property=\"article:author\" content=\"https:\/\/www.facebook.com\/carrenoactualidad\" \/>\n\t\t<meta name=\"twitter:card\" content=\"summary_large_image\" \/>\n\t\t<meta name=\"twitter:site\" content=\"@NabercoDigital\" \/>\n\t\t<meta name=\"twitter:title\" content=\"El d\u00eda 28 se estrena \u201cTraici\u00f3n\u201d en La 1 | Cand\u00e1s 365\" \/>\n\t\t<meta name=\"twitter:description\" content=\"Un gran secreto oculto durante a\u00f1os. Una gran familia aparentemente bien avenida. \u00c9ste es el punto de partida de &#039;Traici\u00f3n&#039;, la nueva ficci\u00f3n de RTVE en colaboraci\u00f3n con Bamb\u00fa Producciones. Ana Bel\u00e9n protagoniza, en su regreso a la televisi\u00f3n, este drama familiar que sumergir\u00e1 al espectador en las tramas e intrigas personales y profesionales de\" \/>\n\t\t<meta name=\"twitter:creator\" content=\"@nbasturias\" \/>\n\t\t<meta name=\"twitter:image\" content=\"https:\/\/candas365.es\/noticias\/wp-content\/uploads\/2017\/11\/notetele151108.jpg\" \/>\n\t\t<meta name=\"twitter:label1\" content=\"Escrito por\" \/>\n\t\t<meta name=\"twitter:data1\" content=\"Cand\u00e1s 365\" \/>\n\t\t<meta name=\"twitter:label2\" content=\"Tiempo de lectura estimado\" \/>\n\t\t<meta name=\"twitter:data2\" content=\"2 minutos\" \/>\n\t\t<script type=\"application\/ld+json\" class=\"aioseo-schema\">\n\t\t\t{\"@context\":\"https:\\\/\\\/schema.org\",\"@graph\":[{\"@type\":\"BreadcrumbList\",\"@id\":\"https:\\\/\\\/candas365.es\\\/noticias\\\/el-dia-28-se-estrena-traicion-en-la-1\\\/#breadcrumblist\",\"itemListElement\":[{\"@type\":\"ListItem\",\"@id\":\"https:\\\/\\\/candas365.es\\\/noticias#listItem\",\"position\":1,\"name\":\"Home\",\"item\":\"https:\\\/\\\/candas365.es\\\/noticias\",\"nextItem\":{\"@type\":\"ListItem\",\"@id\":\"https:\\\/\\\/candas365.es\\\/noticias\\\/category\\\/agenda\\\/#listItem\",\"name\":\"Agenda\"}},{\"@type\":\"ListItem\",\"@id\":\"https:\\\/\\\/candas365.es\\\/noticias\\\/category\\\/agenda\\\/#listItem\",\"position\":2,\"name\":\"Agenda\",\"item\":\"https:\\\/\\\/candas365.es\\\/noticias\\\/category\\\/agenda\\\/\",\"nextItem\":{\"@type\":\"ListItem\",\"@id\":\"https:\\\/\\\/candas365.es\\\/noticias\\\/el-dia-28-se-estrena-traicion-en-la-1\\\/#listItem\",\"name\":\"El d\\u00eda 28 se estrena \\u201cTraici\\u00f3n\\u201d en La 1\"},\"previousItem\":{\"@type\":\"ListItem\",\"@id\":\"https:\\\/\\\/candas365.es\\\/noticias#listItem\",\"name\":\"Home\"}},{\"@type\":\"ListItem\",\"@id\":\"https:\\\/\\\/candas365.es\\\/noticias\\\/el-dia-28-se-estrena-traicion-en-la-1\\\/#listItem\",\"position\":3,\"name\":\"El d\\u00eda 28 se estrena \\u201cTraici\\u00f3n\\u201d en La 1\",\"previousItem\":{\"@type\":\"ListItem\",\"@id\":\"https:\\\/\\\/candas365.es\\\/noticias\\\/category\\\/agenda\\\/#listItem\",\"name\":\"Agenda\"}}]},{\"@type\":\"NewsArticle\",\"@id\":\"https:\\\/\\\/candas365.es\\\/noticias\\\/el-dia-28-se-estrena-traicion-en-la-1\\\/#newsarticle\",\"name\":\"El d\\u00eda 28 se estrena \\u201cTraici\\u00f3n\\u201d en La 1 | Cand\\u00e1s 365\",\"headline\":\"El d\\u00eda 28 se estrena \\u201cTraici\\u00f3n\\u201d en La 1\",\"author\":{\"@id\":\"https:\\\/\\\/candas365.es\\\/noticias\\\/author\\\/admin\\\/#author\"},\"publisher\":{\"@id\":\"https:\\\/\\\/candas365.es\\\/noticias\\\/#organization\"},\"image\":{\"@type\":\"ImageObject\",\"url\":\"https:\\\/\\\/candas365.es\\\/noticias\\\/wp-content\\\/uploads\\\/2017\\\/11\\\/notetele151108.jpg\",\"width\":400,\"height\":250},\"datePublished\":\"2017-11-25T13:41:07+01:00\",\"dateModified\":\"2017-11-25T13:41:07+01:00\",\"inLanguage\":\"es-ES\",\"mainEntityOfPage\":{\"@id\":\"https:\\\/\\\/candas365.es\\\/noticias\\\/el-dia-28-se-estrena-traicion-en-la-1\\\/#webpage\"},\"isPartOf\":{\"@id\":\"https:\\\/\\\/candas365.es\\\/noticias\\\/el-dia-28-se-estrena-traicion-en-la-1\\\/#webpage\"},\"articleSection\":\"Agenda\",\"dateline\":\"Publicado el noviembre 25, 2017.\"},{\"@type\":\"Organization\",\"@id\":\"https:\\\/\\\/candas365.es\\\/noticias\\\/#organization\",\"name\":\"Cand\\u00e1s 365\",\"description\":\"Cand\\u00e1s 365 es un diario digital independiente, fundado en 2012, con base en Asturias. Informamos con rigor sobre actualidad, sociedad, cultura y ocio, con una mirada local y global.\",\"url\":\"https:\\\/\\\/candas365.es\\\/noticias\\\/\",\"email\":\"info@candas365.es\",\"telephone\":\"+34652131393\",\"foundingDate\":\"2012-06-10\",\"logo\":{\"@type\":\"ImageObject\",\"url\":\"https:\\\/\\\/candas365.es\\\/noticias\\\/wp-content\\\/uploads\\\/2024\\\/09\\\/Candas-365-Redes.jpg\",\"@id\":\"https:\\\/\\\/candas365.es\\\/noticias\\\/el-dia-28-se-estrena-traicion-en-la-1\\\/#organizationLogo\",\"width\":1152,\"height\":864,\"caption\":\"Cand\\u00e1s 365 Redes\"},\"image\":{\"@id\":\"https:\\\/\\\/candas365.es\\\/noticias\\\/el-dia-28-se-estrena-traicion-en-la-1\\\/#organizationLogo\"},\"sameAs\":[\"https:\\\/\\\/www.facebook.com\\\/Nachofdezber\",\"https:\\\/\\\/x.com\\\/NabercoDigital\",\"https:\\\/\\\/www.instagram.com\\\/nachofdezber\\\/\",\"https:\\\/\\\/www.youtube.com\\\/channel\\\/UCZP-2wLEB9Rv6erhFmqVnvg\"],\"address\":{\"@id\":\"https:\\\/\\\/candas365.es\\\/noticias\\\/#postaladdress\",\"@type\":\"PostalAddress\",\"streetAddress\":\"san antonio 4, san antonio 4\",\"postalCode\":\"33430\",\"addressLocality\":\"Cand\\u00e1s\",\"addressRegion\":\"Asturias\",\"addressCountry\":\"ES\"}},{\"@type\":\"Person\",\"@id\":\"https:\\\/\\\/candas365.es\\\/noticias\\\/author\\\/admin\\\/#author\",\"url\":\"https:\\\/\\\/candas365.es\\\/noticias\\\/author\\\/admin\\\/\",\"name\":\"Cand\\u00e1s 365\",\"image\":{\"@type\":\"ImageObject\",\"@id\":\"https:\\\/\\\/candas365.es\\\/noticias\\\/el-dia-28-se-estrena-traicion-en-la-1\\\/#authorImage\",\"url\":\"https:\\\/\\\/secure.gravatar.com\\\/avatar\\\/496a8e03d0c493ede1718b7934145dbdf8d89be1036b0eec9544e1094c9de390?s=96&d=mm&r=g\",\"width\":96,\"height\":96,\"caption\":\"Cand\\u00e1s 365\"},\"sameAs\":[\"https:\\\/\\\/www.facebook.com\\\/carrenoactualidad\",\"https:\\\/\\\/twitter.com\\\/nbasturias\",\"https:\\\/\\\/www.instagram.com\\\/nachofdezber\\\/\",\"https:\\\/\\\/www.youtube.com\\\/channel\\\/UCZP-2wLEB9Rv6erhFmqVnvg\"]},{\"@type\":\"WebPage\",\"@id\":\"https:\\\/\\\/candas365.es\\\/noticias\\\/el-dia-28-se-estrena-traicion-en-la-1\\\/#webpage\",\"url\":\"https:\\\/\\\/candas365.es\\\/noticias\\\/el-dia-28-se-estrena-traicion-en-la-1\\\/\",\"name\":\"El d\\u00eda 28 se estrena \\u201cTraici\\u00f3n\\u201d en La 1 | Cand\\u00e1s 365\",\"description\":\"Un gran secreto oculto durante a\\u00f1os. Una gran familia aparentemente bien avenida. \\u00c9ste es el punto de partida de 'Traici\\u00f3n', la nueva ficci\\u00f3n de RTVE en colaboraci\\u00f3n con Bamb\\u00fa Producciones. Ana Bel\\u00e9n protagoniza, en su regreso a la televisi\\u00f3n, este drama familiar que sumergir\\u00e1 al espectador en las tramas e intrigas personales y profesionales de\",\"inLanguage\":\"es-ES\",\"isPartOf\":{\"@id\":\"https:\\\/\\\/candas365.es\\\/noticias\\\/#website\"},\"breadcrumb\":{\"@id\":\"https:\\\/\\\/candas365.es\\\/noticias\\\/el-dia-28-se-estrena-traicion-en-la-1\\\/#breadcrumblist\"},\"author\":{\"@id\":\"https:\\\/\\\/candas365.es\\\/noticias\\\/author\\\/admin\\\/#author\"},\"creator\":{\"@id\":\"https:\\\/\\\/candas365.es\\\/noticias\\\/author\\\/admin\\\/#author\"},\"image\":{\"@type\":\"ImageObject\",\"url\":\"https:\\\/\\\/candas365.es\\\/noticias\\\/wp-content\\\/uploads\\\/2017\\\/11\\\/notetele151108.jpg\",\"@id\":\"https:\\\/\\\/candas365.es\\\/noticias\\\/el-dia-28-se-estrena-traicion-en-la-1\\\/#mainImage\",\"width\":400,\"height\":250},\"primaryImageOfPage\":{\"@id\":\"https:\\\/\\\/candas365.es\\\/noticias\\\/el-dia-28-se-estrena-traicion-en-la-1\\\/#mainImage\"},\"datePublished\":\"2017-11-25T13:41:07+01:00\",\"dateModified\":\"2017-11-25T13:41:07+01:00\"},{\"@type\":\"WebSite\",\"@id\":\"https:\\\/\\\/candas365.es\\\/noticias\\\/#website\",\"url\":\"https:\\\/\\\/candas365.es\\\/noticias\\\/\",\"name\":\"Cand\\u00e1s 365\",\"alternateName\":\"Cand\\u00e1s 365 Noticias\",\"description\":\"Actualidad desde Carre\\u00f1o para el mundo\",\"inLanguage\":\"es-ES\",\"publisher\":{\"@id\":\"https:\\\/\\\/candas365.es\\\/noticias\\\/#organization\"}}]}\n\t\t<\/script>\n\t\t<!-- All in One SEO Pro -->\r\n\t\t<title>El d\u00eda 28 se estrena \u201cTraici\u00f3n\u201d en La 1 | Cand\u00e1s 365<\/title>\n\n","aioseo_head_json":{"title":"El d\u00eda 28 se estrena \u201cTraici\u00f3n\u201d en La 1 | Cand\u00e1s 365","description":"Un gran secreto oculto durante a\u00f1os. Una gran familia aparentemente bien avenida. \u00c9ste es el punto de partida de 'Traici\u00f3n', la nueva ficci\u00f3n de RTVE en colaboraci\u00f3n con Bamb\u00fa Producciones. Ana Bel\u00e9n protagoniza, en su regreso a la televisi\u00f3n, este drama familiar que sumergir\u00e1 al espectador en las tramas e intrigas personales y profesionales de","canonical_url":"https:\/\/candas365.es\/noticias\/el-dia-28-se-estrena-traicion-en-la-1\/","robots":"max-image-preview:large","keywords":"agenda","webmasterTools":{"google-site-verification":"UA-32230408-1","msvalidate.01":"354F3CDFB2DA171B47FBE9ABF1F88D5","miscellaneous":""},"schema":{"@context":"https:\/\/schema.org","@graph":[{"@type":"BreadcrumbList","@id":"https:\/\/candas365.es\/noticias\/el-dia-28-se-estrena-traicion-en-la-1\/#breadcrumblist","itemListElement":[{"@type":"ListItem","@id":"https:\/\/candas365.es\/noticias#listItem","position":1,"name":"Home","item":"https:\/\/candas365.es\/noticias","nextItem":{"@type":"ListItem","@id":"https:\/\/candas365.es\/noticias\/category\/agenda\/#listItem","name":"Agenda"}},{"@type":"ListItem","@id":"https:\/\/candas365.es\/noticias\/category\/agenda\/#listItem","position":2,"name":"Agenda","item":"https:\/\/candas365.es\/noticias\/category\/agenda\/","nextItem":{"@type":"ListItem","@id":"https:\/\/candas365.es\/noticias\/el-dia-28-se-estrena-traicion-en-la-1\/#listItem","name":"El d\u00eda 28 se estrena \u201cTraici\u00f3n\u201d en La 1"},"previousItem":{"@type":"ListItem","@id":"https:\/\/candas365.es\/noticias#listItem","name":"Home"}},{"@type":"ListItem","@id":"https:\/\/candas365.es\/noticias\/el-dia-28-se-estrena-traicion-en-la-1\/#listItem","position":3,"name":"El d\u00eda 28 se estrena \u201cTraici\u00f3n\u201d en La 1","previousItem":{"@type":"ListItem","@id":"https:\/\/candas365.es\/noticias\/category\/agenda\/#listItem","name":"Agenda"}}]},{"@type":"NewsArticle","@id":"https:\/\/candas365.es\/noticias\/el-dia-28-se-estrena-traicion-en-la-1\/#newsarticle","name":"El d\u00eda 28 se estrena \u201cTraici\u00f3n\u201d en La 1 | Cand\u00e1s 365","headline":"El d\u00eda 28 se estrena \u201cTraici\u00f3n\u201d en La 1","author":{"@id":"https:\/\/candas365.es\/noticias\/author\/admin\/#author"},"publisher":{"@id":"https:\/\/candas365.es\/noticias\/#organization"},"image":{"@type":"ImageObject","url":"https:\/\/candas365.es\/noticias\/wp-content\/uploads\/2017\/11\/notetele151108.jpg","width":400,"height":250},"datePublished":"2017-11-25T13:41:07+01:00","dateModified":"2017-11-25T13:41:07+01:00","inLanguage":"es-ES","mainEntityOfPage":{"@id":"https:\/\/candas365.es\/noticias\/el-dia-28-se-estrena-traicion-en-la-1\/#webpage"},"isPartOf":{"@id":"https:\/\/candas365.es\/noticias\/el-dia-28-se-estrena-traicion-en-la-1\/#webpage"},"articleSection":"Agenda","dateline":"Publicado el noviembre 25, 2017."},{"@type":"Organization","@id":"https:\/\/candas365.es\/noticias\/#organization","name":"Cand\u00e1s 365","description":"Cand\u00e1s 365 es un diario digital independiente, fundado en 2012, con base en Asturias. Informamos con rigor sobre actualidad, sociedad, cultura y ocio, con una mirada local y global.","url":"https:\/\/candas365.es\/noticias\/","email":"info@candas365.es","telephone":"+34652131393","foundingDate":"2012-06-10","logo":{"@type":"ImageObject","url":"https:\/\/candas365.es\/noticias\/wp-content\/uploads\/2024\/09\/Candas-365-Redes.jpg","@id":"https:\/\/candas365.es\/noticias\/el-dia-28-se-estrena-traicion-en-la-1\/#organizationLogo","width":1152,"height":864,"caption":"Cand\u00e1s 365 Redes"},"image":{"@id":"https:\/\/candas365.es\/noticias\/el-dia-28-se-estrena-traicion-en-la-1\/#organizationLogo"},"sameAs":["https:\/\/www.facebook.com\/Nachofdezber","https:\/\/x.com\/NabercoDigital","https:\/\/www.instagram.com\/nachofdezber\/","https:\/\/www.youtube.com\/channel\/UCZP-2wLEB9Rv6erhFmqVnvg"],"address":{"@id":"https:\/\/candas365.es\/noticias\/#postaladdress","@type":"PostalAddress","streetAddress":"san antonio 4, san antonio 4","postalCode":"33430","addressLocality":"Cand\u00e1s","addressRegion":"Asturias","addressCountry":"ES"}},{"@type":"Person","@id":"https:\/\/candas365.es\/noticias\/author\/admin\/#author","url":"https:\/\/candas365.es\/noticias\/author\/admin\/","name":"Cand\u00e1s 365","image":{"@type":"ImageObject","@id":"https:\/\/candas365.es\/noticias\/el-dia-28-se-estrena-traicion-en-la-1\/#authorImage","url":"https:\/\/secure.gravatar.com\/avatar\/496a8e03d0c493ede1718b7934145dbdf8d89be1036b0eec9544e1094c9de390?s=96&d=mm&r=g","width":96,"height":96,"caption":"Cand\u00e1s 365"},"sameAs":["https:\/\/www.facebook.com\/carrenoactualidad","https:\/\/twitter.com\/nbasturias","https:\/\/www.instagram.com\/nachofdezber\/","https:\/\/www.youtube.com\/channel\/UCZP-2wLEB9Rv6erhFmqVnvg"]},{"@type":"WebPage","@id":"https:\/\/candas365.es\/noticias\/el-dia-28-se-estrena-traicion-en-la-1\/#webpage","url":"https:\/\/candas365.es\/noticias\/el-dia-28-se-estrena-traicion-en-la-1\/","name":"El d\u00eda 28 se estrena \u201cTraici\u00f3n\u201d en La 1 | Cand\u00e1s 365","description":"Un gran secreto oculto durante a\u00f1os. Una gran familia aparentemente bien avenida. \u00c9ste es el punto de partida de 'Traici\u00f3n', la nueva ficci\u00f3n de RTVE en colaboraci\u00f3n con Bamb\u00fa Producciones. Ana Bel\u00e9n protagoniza, en su regreso a la televisi\u00f3n, este drama familiar que sumergir\u00e1 al espectador en las tramas e intrigas personales y profesionales de","inLanguage":"es-ES","isPartOf":{"@id":"https:\/\/candas365.es\/noticias\/#website"},"breadcrumb":{"@id":"https:\/\/candas365.es\/noticias\/el-dia-28-se-estrena-traicion-en-la-1\/#breadcrumblist"},"author":{"@id":"https:\/\/candas365.es\/noticias\/author\/admin\/#author"},"creator":{"@id":"https:\/\/candas365.es\/noticias\/author\/admin\/#author"},"image":{"@type":"ImageObject","url":"https:\/\/candas365.es\/noticias\/wp-content\/uploads\/2017\/11\/notetele151108.jpg","@id":"https:\/\/candas365.es\/noticias\/el-dia-28-se-estrena-traicion-en-la-1\/#mainImage","width":400,"height":250},"primaryImageOfPage":{"@id":"https:\/\/candas365.es\/noticias\/el-dia-28-se-estrena-traicion-en-la-1\/#mainImage"},"datePublished":"2017-11-25T13:41:07+01:00","dateModified":"2017-11-25T13:41:07+01:00"},{"@type":"WebSite","@id":"https:\/\/candas365.es\/noticias\/#website","url":"https:\/\/candas365.es\/noticias\/","name":"Cand\u00e1s 365","alternateName":"Cand\u00e1s 365 Noticias","description":"Actualidad desde Carre\u00f1o para el mundo","inLanguage":"es-ES","publisher":{"@id":"https:\/\/candas365.es\/noticias\/#organization"}}]},"og:locale":"es_ES","og:site_name":"Cand\u00e1s 365","og:type":"article","og:title":"El d\u00eda 28 se estrena \u201cTraici\u00f3n\u201d en La 1 | Cand\u00e1s 365","og:description":"Un gran secreto oculto durante a\u00f1os. Una gran familia aparentemente bien avenida. \u00c9ste es el punto de partida de 'Traici\u00f3n', la nueva ficci\u00f3n de RTVE en colaboraci\u00f3n con Bamb\u00fa Producciones. Ana Bel\u00e9n protagoniza, en su regreso a la televisi\u00f3n, este drama familiar que sumergir\u00e1 al espectador en las tramas e intrigas personales y profesionales de","og:url":"https:\/\/candas365.es\/noticias\/el-dia-28-se-estrena-traicion-en-la-1\/","og:image":"https:\/\/candas365.es\/noticias\/wp-content\/uploads\/2017\/11\/notetele151108.jpg","og:image:secure_url":"https:\/\/candas365.es\/noticias\/wp-content\/uploads\/2017\/11\/notetele151108.jpg","og:image:width":400,"og:image:height":250,"article:published_time":"2017-11-25T13:41:07+00:00","article:modified_time":"2017-11-25T13:41:07+00:00","article:publisher":"https:\/\/www.facebook.com\/Nachofdezber","article:author":"https:\/\/www.facebook.com\/carrenoactualidad","twitter:card":"summary_large_image","twitter:site":"@NabercoDigital","twitter:title":"El d\u00eda 28 se estrena \u201cTraici\u00f3n\u201d en La 1 | Cand\u00e1s 365","twitter:description":"Un gran secreto oculto durante a\u00f1os. Una gran familia aparentemente bien avenida. \u00c9ste es el punto de partida de 'Traici\u00f3n', la nueva ficci\u00f3n de RTVE en colaboraci\u00f3n con Bamb\u00fa Producciones. Ana Bel\u00e9n protagoniza, en su regreso a la televisi\u00f3n, este drama familiar que sumergir\u00e1 al espectador en las tramas e intrigas personales y profesionales de","twitter:creator":"@nbasturias","twitter:image":"https:\/\/candas365.es\/noticias\/wp-content\/uploads\/2017\/11\/notetele151108.jpg","twitter:label1":"Escrito por","twitter:data1":"Cand\u00e1s 365","twitter:label2":"Tiempo de lectura estimado","twitter:data2":"2 minutos"},"aioseo_meta_data":{"post_id":"85502","title":null,"description":null,"keywords":null,"keyphrases":null,"primary_term":null,"canonical_url":null,"og_title":null,"og_description":null,"og_object_type":"default","og_image_type":"default","og_image_url":null,"og_image_width":null,"og_image_height":null,"og_image_custom_url":null,"og_image_custom_fields":null,"og_video":null,"og_custom_url":null,"og_article_section":null,"og_article_tags":null,"twitter_use_og":false,"twitter_card":"default","twitter_image_type":"default","twitter_image_url":null,"twitter_image_custom_url":null,"twitter_image_custom_fields":null,"twitter_title":null,"twitter_description":null,"schema":{"blockGraphs":[],"customGraphs":[],"default":{"data":{"Article":[],"Course":[],"Dataset":[],"FAQPage":[],"Movie":[],"Person":[],"Product":[],"ProductReview":[],"Car":[],"Recipe":[],"Service":[],"SoftwareApplication":[],"WebPage":[]},"graphName":"","isEnabled":true},"graphs":[],"defaultGraph":"","defaultPostTypeGraph":""},"schema_type":null,"schema_type_options":null,"pillar_content":false,"robots_default":true,"robots_noindex":false,"robots_noarchive":false,"robots_nosnippet":false,"robots_nofollow":false,"robots_noimageindex":false,"robots_noodp":false,"robots_notranslate":false,"robots_max_snippet":null,"robots_max_videopreview":null,"robots_max_imagepreview":"large","priority":null,"frequency":null,"location":null,"local_seo":null,"seo_analyzer_scan_date":"2025-08-26 07:07:11","breadcrumb_settings":null,"limit_modified_date":false,"reviewed_by":null,"open_ai":null,"ai":null,"created":"2020-12-21 12:20:05","updated":"2025-08-26 07:07:11"},"aioseo_breadcrumb":"<div class=\"aioseo-breadcrumbs\"><span class=\"aioseo-breadcrumb\">\n\t<a href=\"https:\/\/candas365.es\/noticias\" title=\"Home\">Home<\/a>\n<\/span><span class=\"aioseo-breadcrumb-separator\">&ndash;<\/span><span class=\"aioseo-breadcrumb\">\n\t<a href=\"https:\/\/candas365.es\/noticias\/category\/agenda\/\" title=\"Agenda\">Agenda<\/a>\n<\/span><span class=\"aioseo-breadcrumb-separator\">&ndash;<\/span><span class=\"aioseo-breadcrumb\">\n\tEl d\u00eda 28 se estrena \u201cTraici\u00f3n\u201d en La 1\n<\/span><\/div>","aioseo_breadcrumb_json":[{"label":"Home","link":"https:\/\/candas365.es\/noticias"},{"label":"Agenda","link":"https:\/\/candas365.es\/noticias\/category\/agenda\/"},{"label":"El d\u00eda 28 se estrena \u201cTraici\u00f3n\u201d en La 1","link":"https:\/\/candas365.es\/noticias\/el-dia-28-se-estrena-traicion-en-la-1\/"}],"_links":{"self":[{"href":"https:\/\/candas365.es\/noticias\/wp-json\/wp\/v2\/posts\/85502","targetHints":{"allow":["GET"]}}],"collection":[{"href":"https:\/\/candas365.es\/noticias\/wp-json\/wp\/v2\/posts"}],"about":[{"href":"https:\/\/candas365.es\/noticias\/wp-json\/wp\/v2\/types\/post"}],"author":[{"embeddable":true,"href":"https:\/\/candas365.es\/noticias\/wp-json\/wp\/v2\/users\/1"}],"replies":[{"embeddable":true,"href":"https:\/\/candas365.es\/noticias\/wp-json\/wp\/v2\/comments?post=85502"}],"version-history":[{"count":0,"href":"https:\/\/candas365.es\/noticias\/wp-json\/wp\/v2\/posts\/85502\/revisions"}],"wp:featuredmedia":[{"embeddable":true,"href":"https:\/\/candas365.es\/noticias\/wp-json\/wp\/v2\/media\/85503"}],"wp:attachment":[{"href":"https:\/\/candas365.es\/noticias\/wp-json\/wp\/v2\/media?parent=85502"}],"wp:term":[{"taxonomy":"category","embeddable":true,"href":"https:\/\/candas365.es\/noticias\/wp-json\/wp\/v2\/categories?post=85502"},{"taxonomy":"post_tag","embeddable":true,"href":"https:\/\/candas365.es\/noticias\/wp-json\/wp\/v2\/tags?post=85502"}],"curies":[{"name":"wp","href":"https:\/\/api.w.org\/{rel}","templated":true}]}}