{"id":85493,"date":"2017-11-25T12:17:10","date_gmt":"2017-11-25T12:17:10","guid":{"rendered":"http:\/\/candas365.es\/noticias\/?p=85493"},"modified":"2017-11-25T12:17:10","modified_gmt":"2017-11-25T12:17:10","slug":"dastis-y-marcelino-oreja-hoy-en-informe-semanal","status":"publish","type":"post","link":"https:\/\/candas365.es\/noticias\/dastis-y-marcelino-oreja-hoy-en-informe-semanal\/","title":{"rendered":"Dastis y Marcelino Oreja, hoy en Informe Semanal"},"content":{"rendered":"<p><img fetchpriority=\"high\" decoding=\"async\" class=\"alignleft size-medium wp-image-83555\" src=\"https:\/\/candas365.es\/noticias\/wp-content\/uploads\/2017\/11\/TV-2559790_960_720-360x240.jpg\" alt=\"\" width=\"360\" height=\"240\" srcset=\"https:\/\/candas365.es\/noticias\/wp-content\/uploads\/2017\/11\/TV-2559790_960_720-360x240.jpg 360w, https:\/\/candas365.es\/noticias\/wp-content\/uploads\/2017\/11\/TV-2559790_960_720-768x512.jpg 768w, https:\/\/candas365.es\/noticias\/wp-content\/uploads\/2017\/11\/TV-2559790_960_720-655x437.jpg 655w, https:\/\/candas365.es\/noticias\/wp-content\/uploads\/2017\/11\/TV-2559790_960_720-696x464.jpg 696w, https:\/\/candas365.es\/noticias\/wp-content\/uploads\/2017\/11\/TV-2559790_960_720-630x420.jpg 630w, https:\/\/candas365.es\/noticias\/wp-content\/uploads\/2017\/11\/TV-2559790_960_720-84x55.jpg 84w, https:\/\/candas365.es\/noticias\/wp-content\/uploads\/2017\/11\/TV-2559790_960_720.jpg 960w\" sizes=\"(max-width: 360px) 100vw, 360px\" \/>&#8216;Informe Semanal&#8217; recuerda el 40 aniversario del ingreso de Espa\u00f1a en el Consejo de Europa. Adem\u00e1s, el informativo de gran formato que dirige y presenta Jenaro Castro analiza el boicot a los productos catalanes y se acerca al \u00c1rtico para comprobar c\u00f3mo se vive en condiciones extremas.<\/p>\n<p><strong>&#8216;Estado de derecho&#8217;<\/strong><\/p>\n<p>Se cumple el 40 aniversario del ingreso de Espa\u00f1a en el Consejo de Europa. Para celebrar estos 40 a\u00f1os de democracia, Estado de derecho y derechos humanos, &#8216;Informe Semanal&#8217; ha elaborado un reportaje sobre c\u00f3mo fue la adhesi\u00f3n de Espa\u00f1a a trav\u00e9s de los testimonios de Alfonso Dastis, ministro de Asuntos Exteriores; Marcelino Oreja, secretario general del Consejo de Europa en 1984; Isil KaraKas, juez del Tribunal Europeo de Derechos Humanos; y Gianni Buquicchio, presidente de la Comisi\u00f3n de Venecia.<\/p>\n<p><strong>&#8216;Boicot de ida y vuelta&#8217;<\/strong><\/p>\n<p>&#8216;Informe Semanal&#8217; analiza la reacci\u00f3n comercial motivada por el proceso independentista y trata de explicar la interrelaci\u00f3n productiva que existe entre empresas y regiones. Para entender el fen\u00f3meno del boicot y sus consecuencias, el programa entrevista a Javier Peinado, presidente de la Confederaci\u00f3n Regional Empresarial Extreme\u00f1a; Joaqu\u00edn Herreros de Tejada, directivo de Diam Bouchage; Jordi Guart, gerente de Ibelcap; Enrique Johnson, director general para Espa\u00f1a y Latinoam\u00e9rica de Reputation Institute; y con Jos\u00e9 Antonio Vega, director adjunto del peri\u00f3dico Cinco D\u00edas.<\/p>\n<p><strong>&#8216;Vivir en el desierto helado&#8217;<\/strong><\/p>\n<p>A 1.000 kil\u00f3metros del Polo Norte, en Longyearbyen, la ciudad m\u00e1s septentrional del mundo, apenas hay \u00e1rboles ni plantas. 2.000 personas conviven con 3.000 osos. Si uno sale de los l\u00edmites de la ciudad, es obligatorio ir armado. Un ciudadano noruego, un finland\u00e9s y una colombiana explican c\u00f3mo viven en estas condiciones tan extremas. A bordo de un trineo de huskies, el programa recorre parte de este paisaje helado. El \u00c1rtico es el lugar del mundo m\u00e1s afectado por el cambio clim\u00e1tico y por eso cientos de cient\u00edficos tienen ah\u00ed su centro de investigaci\u00f3n. Ahora los habitantes se enfrentan a uno de los per\u00edodos m\u00e1s duros: la noche polar, una oscuridad total, que durar\u00e1 m\u00e1s de tres meses.<\/p>\n","protected":false},"excerpt":{"rendered":"<p>&#8216;Informe Semanal&#8217; recuerda el 40 aniversario del ingreso de Espa\u00f1a en el Consejo de Europa. Adem\u00e1s, el informativo de gran formato que dirige y presenta Jenaro Castro analiza el boicot a los productos catalanes y se acerca al \u00c1rtico para comprobar c\u00f3mo se vive en condiciones extremas. &#8216;Estado de derecho&#8217; Se cumple el 40 aniversario<\/p>\n","protected":false},"author":1,"featured_media":76605,"comment_status":"closed","ping_status":"closed","sticky":false,"template":"","format":"standard","meta":{"footnotes":""},"categories":[1],"tags":[],"class_list":{"0":"post-85493","1":"post","2":"type-post","3":"status-publish","4":"format-standard","5":"has-post-thumbnail","7":"category-agenda"},"aioseo_notices":[],"aioseo_head":"\n\t\t<!-- All in One SEO Pro 4.9.6.2 - aioseo.com -->\n\t<meta name=\"description\" content=\"&#039;Informe Semanal&#039; recuerda el 40 aniversario del ingreso de Espa\u00f1a en el Consejo de Europa. Adem\u00e1s, el informativo de gran formato que dirige y presenta Jenaro Castro analiza el boicot a los productos catalanes y se acerca al \u00c1rtico para comprobar c\u00f3mo se vive en condiciones extremas. &#039;Estado de derecho&#039; Se cumple el 40 aniversario\" \/>\n\t<meta name=\"robots\" content=\"max-image-preview:large\" \/>\n\t<meta name=\"author\" content=\"Cand\u00e1s 365\"\/>\n\t<meta name=\"google-site-verification\" content=\"UA-32230408-1\" \/>\n\t<meta name=\"msvalidate.01\" content=\"354F3CDFB2DA171B47FBE9ABF1F88D5\" \/>\n\t<meta name=\"keywords\" content=\"agenda\" \/>\n\t<link rel=\"canonical\" href=\"https:\/\/candas365.es\/noticias\/dastis-y-marcelino-oreja-hoy-en-informe-semanal\/\" \/>\n\t<meta name=\"generator\" content=\"All in One SEO Pro (AIOSEO) 4.9.6.2\" \/>\n\t\t<meta property=\"og:locale\" content=\"es_ES\" \/>\n\t\t<meta property=\"og:site_name\" content=\"Cand\u00e1s 365\" \/>\n\t\t<meta property=\"og:type\" content=\"article\" \/>\n\t\t<meta property=\"og:title\" content=\"Dastis y Marcelino Oreja, hoy en Informe Semanal | Cand\u00e1s 365\" \/>\n\t\t<meta property=\"og:description\" content=\"&#039;Informe Semanal&#039; recuerda el 40 aniversario del ingreso de Espa\u00f1a en el Consejo de Europa. Adem\u00e1s, el informativo de gran formato que dirige y presenta Jenaro Castro analiza el boicot a los productos catalanes y se acerca al \u00c1rtico para comprobar c\u00f3mo se vive en condiciones extremas. &#039;Estado de derecho&#039; Se cumple el 40 aniversario\" \/>\n\t\t<meta property=\"og:url\" content=\"https:\/\/candas365.es\/noticias\/dastis-y-marcelino-oreja-hoy-en-informe-semanal\/\" \/>\n\t\t<meta property=\"og:image\" content=\"https:\/\/candas365.es\/noticias\/wp-content\/uploads\/2017\/07\/controls-1527175_960_720.jpg\" \/>\n\t\t<meta property=\"og:image:secure_url\" content=\"https:\/\/candas365.es\/noticias\/wp-content\/uploads\/2017\/07\/controls-1527175_960_720.jpg\" \/>\n\t\t<meta property=\"og:image:width\" content=\"960\" \/>\n\t\t<meta property=\"og:image:height\" content=\"720\" \/>\n\t\t<meta property=\"article:published_time\" content=\"2017-11-25T12:17:10+00:00\" \/>\n\t\t<meta property=\"article:modified_time\" content=\"2017-11-25T12:17:10+00:00\" \/>\n\t\t<meta property=\"article:publisher\" content=\"https:\/\/www.facebook.com\/Nachofdezber\" \/>\n\t\t<meta property=\"article:author\" content=\"https:\/\/www.facebook.com\/carrenoactualidad\" \/>\n\t\t<meta name=\"twitter:card\" content=\"summary_large_image\" \/>\n\t\t<meta name=\"twitter:site\" content=\"@NabercoDigital\" \/>\n\t\t<meta name=\"twitter:title\" content=\"Dastis y Marcelino Oreja, hoy en Informe Semanal | Cand\u00e1s 365\" \/>\n\t\t<meta name=\"twitter:description\" content=\"&#039;Informe Semanal&#039; recuerda el 40 aniversario del ingreso de Espa\u00f1a en el Consejo de Europa. Adem\u00e1s, el informativo de gran formato que dirige y presenta Jenaro Castro analiza el boicot a los productos catalanes y se acerca al \u00c1rtico para comprobar c\u00f3mo se vive en condiciones extremas. &#039;Estado de derecho&#039; Se cumple el 40 aniversario\" \/>\n\t\t<meta name=\"twitter:creator\" content=\"@nbasturias\" \/>\n\t\t<meta name=\"twitter:image\" content=\"https:\/\/candas365.es\/noticias\/wp-content\/uploads\/2017\/07\/controls-1527175_960_720.jpg\" \/>\n\t\t<meta name=\"twitter:label1\" content=\"Escrito por\" \/>\n\t\t<meta name=\"twitter:data1\" content=\"Cand\u00e1s 365\" \/>\n\t\t<meta name=\"twitter:label2\" content=\"Tiempo de lectura estimado\" \/>\n\t\t<meta name=\"twitter:data2\" content=\"2 minutos\" \/>\n\t\t<script type=\"application\/ld+json\" class=\"aioseo-schema\">\n\t\t\t{\"@context\":\"https:\\\/\\\/schema.org\",\"@graph\":[{\"@type\":\"BreadcrumbList\",\"@id\":\"https:\\\/\\\/candas365.es\\\/noticias\\\/dastis-y-marcelino-oreja-hoy-en-informe-semanal\\\/#breadcrumblist\",\"itemListElement\":[{\"@type\":\"ListItem\",\"@id\":\"https:\\\/\\\/candas365.es\\\/noticias#listItem\",\"position\":1,\"name\":\"Home\",\"item\":\"https:\\\/\\\/candas365.es\\\/noticias\",\"nextItem\":{\"@type\":\"ListItem\",\"@id\":\"https:\\\/\\\/candas365.es\\\/noticias\\\/category\\\/agenda\\\/#listItem\",\"name\":\"Agenda\"}},{\"@type\":\"ListItem\",\"@id\":\"https:\\\/\\\/candas365.es\\\/noticias\\\/category\\\/agenda\\\/#listItem\",\"position\":2,\"name\":\"Agenda\",\"item\":\"https:\\\/\\\/candas365.es\\\/noticias\\\/category\\\/agenda\\\/\",\"nextItem\":{\"@type\":\"ListItem\",\"@id\":\"https:\\\/\\\/candas365.es\\\/noticias\\\/dastis-y-marcelino-oreja-hoy-en-informe-semanal\\\/#listItem\",\"name\":\"Dastis y Marcelino Oreja, hoy en Informe Semanal\"},\"previousItem\":{\"@type\":\"ListItem\",\"@id\":\"https:\\\/\\\/candas365.es\\\/noticias#listItem\",\"name\":\"Home\"}},{\"@type\":\"ListItem\",\"@id\":\"https:\\\/\\\/candas365.es\\\/noticias\\\/dastis-y-marcelino-oreja-hoy-en-informe-semanal\\\/#listItem\",\"position\":3,\"name\":\"Dastis y Marcelino Oreja, hoy en Informe Semanal\",\"previousItem\":{\"@type\":\"ListItem\",\"@id\":\"https:\\\/\\\/candas365.es\\\/noticias\\\/category\\\/agenda\\\/#listItem\",\"name\":\"Agenda\"}}]},{\"@type\":\"NewsArticle\",\"@id\":\"https:\\\/\\\/candas365.es\\\/noticias\\\/dastis-y-marcelino-oreja-hoy-en-informe-semanal\\\/#newsarticle\",\"name\":\"Dastis y Marcelino Oreja, hoy en Informe Semanal | Cand\\u00e1s 365\",\"headline\":\"Dastis y Marcelino Oreja, hoy en Informe Semanal\",\"author\":{\"@id\":\"https:\\\/\\\/candas365.es\\\/noticias\\\/author\\\/admin\\\/#author\"},\"publisher\":{\"@id\":\"https:\\\/\\\/candas365.es\\\/noticias\\\/#organization\"},\"image\":{\"@type\":\"ImageObject\",\"url\":\"https:\\\/\\\/candas365.es\\\/noticias\\\/wp-content\\\/uploads\\\/2017\\\/07\\\/controls-1527175_960_720.jpg\",\"width\":960,\"height\":720},\"datePublished\":\"2017-11-25T12:17:10+01:00\",\"dateModified\":\"2017-11-25T12:17:10+01:00\",\"inLanguage\":\"es-ES\",\"mainEntityOfPage\":{\"@id\":\"https:\\\/\\\/candas365.es\\\/noticias\\\/dastis-y-marcelino-oreja-hoy-en-informe-semanal\\\/#webpage\"},\"isPartOf\":{\"@id\":\"https:\\\/\\\/candas365.es\\\/noticias\\\/dastis-y-marcelino-oreja-hoy-en-informe-semanal\\\/#webpage\"},\"articleSection\":\"Agenda\",\"dateline\":\"Publicado el noviembre 25, 2017.\"},{\"@type\":\"Organization\",\"@id\":\"https:\\\/\\\/candas365.es\\\/noticias\\\/#organization\",\"name\":\"Cand\\u00e1s 365\",\"description\":\"Cand\\u00e1s 365 es un diario digital independiente, fundado en 2012, con base en Asturias. Informamos con rigor sobre actualidad, sociedad, cultura y ocio, con una mirada local y global.\",\"url\":\"https:\\\/\\\/candas365.es\\\/noticias\\\/\",\"email\":\"info@candas365.es\",\"telephone\":\"+34652131393\",\"foundingDate\":\"2012-06-10\",\"logo\":{\"@type\":\"ImageObject\",\"url\":\"https:\\\/\\\/candas365.es\\\/noticias\\\/wp-content\\\/uploads\\\/2024\\\/09\\\/Candas-365-Redes.jpg\",\"@id\":\"https:\\\/\\\/candas365.es\\\/noticias\\\/dastis-y-marcelino-oreja-hoy-en-informe-semanal\\\/#organizationLogo\",\"width\":1152,\"height\":864,\"caption\":\"Cand\\u00e1s 365 Redes\"},\"image\":{\"@id\":\"https:\\\/\\\/candas365.es\\\/noticias\\\/dastis-y-marcelino-oreja-hoy-en-informe-semanal\\\/#organizationLogo\"},\"sameAs\":[\"https:\\\/\\\/www.facebook.com\\\/Nachofdezber\",\"https:\\\/\\\/x.com\\\/NabercoDigital\",\"https:\\\/\\\/www.instagram.com\\\/nachofdezber\\\/\",\"https:\\\/\\\/www.youtube.com\\\/channel\\\/UCZP-2wLEB9Rv6erhFmqVnvg\"],\"address\":{\"@id\":\"https:\\\/\\\/candas365.es\\\/noticias\\\/#postaladdress\",\"@type\":\"PostalAddress\",\"streetAddress\":\"san antonio 4, san antonio 4\",\"postalCode\":\"33430\",\"addressLocality\":\"Cand\\u00e1s\",\"addressRegion\":\"Asturias\",\"addressCountry\":\"ES\"}},{\"@type\":\"Person\",\"@id\":\"https:\\\/\\\/candas365.es\\\/noticias\\\/author\\\/admin\\\/#author\",\"url\":\"https:\\\/\\\/candas365.es\\\/noticias\\\/author\\\/admin\\\/\",\"name\":\"Cand\\u00e1s 365\",\"image\":{\"@type\":\"ImageObject\",\"@id\":\"https:\\\/\\\/candas365.es\\\/noticias\\\/dastis-y-marcelino-oreja-hoy-en-informe-semanal\\\/#authorImage\",\"url\":\"https:\\\/\\\/secure.gravatar.com\\\/avatar\\\/496a8e03d0c493ede1718b7934145dbdf8d89be1036b0eec9544e1094c9de390?s=96&d=mm&r=g\",\"width\":96,\"height\":96,\"caption\":\"Cand\\u00e1s 365\"},\"sameAs\":[\"https:\\\/\\\/www.facebook.com\\\/carrenoactualidad\",\"https:\\\/\\\/twitter.com\\\/nbasturias\",\"https:\\\/\\\/www.instagram.com\\\/nachofdezber\\\/\",\"https:\\\/\\\/www.youtube.com\\\/channel\\\/UCZP-2wLEB9Rv6erhFmqVnvg\"]},{\"@type\":\"WebPage\",\"@id\":\"https:\\\/\\\/candas365.es\\\/noticias\\\/dastis-y-marcelino-oreja-hoy-en-informe-semanal\\\/#webpage\",\"url\":\"https:\\\/\\\/candas365.es\\\/noticias\\\/dastis-y-marcelino-oreja-hoy-en-informe-semanal\\\/\",\"name\":\"Dastis y Marcelino Oreja, hoy en Informe Semanal | Cand\\u00e1s 365\",\"description\":\"'Informe Semanal' recuerda el 40 aniversario del ingreso de Espa\\u00f1a en el Consejo de Europa. Adem\\u00e1s, el informativo de gran formato que dirige y presenta Jenaro Castro analiza el boicot a los productos catalanes y se acerca al \\u00c1rtico para comprobar c\\u00f3mo se vive en condiciones extremas. 'Estado de derecho' Se cumple el 40 aniversario\",\"inLanguage\":\"es-ES\",\"isPartOf\":{\"@id\":\"https:\\\/\\\/candas365.es\\\/noticias\\\/#website\"},\"breadcrumb\":{\"@id\":\"https:\\\/\\\/candas365.es\\\/noticias\\\/dastis-y-marcelino-oreja-hoy-en-informe-semanal\\\/#breadcrumblist\"},\"author\":{\"@id\":\"https:\\\/\\\/candas365.es\\\/noticias\\\/author\\\/admin\\\/#author\"},\"creator\":{\"@id\":\"https:\\\/\\\/candas365.es\\\/noticias\\\/author\\\/admin\\\/#author\"},\"image\":{\"@type\":\"ImageObject\",\"url\":\"https:\\\/\\\/candas365.es\\\/noticias\\\/wp-content\\\/uploads\\\/2017\\\/07\\\/controls-1527175_960_720.jpg\",\"@id\":\"https:\\\/\\\/candas365.es\\\/noticias\\\/dastis-y-marcelino-oreja-hoy-en-informe-semanal\\\/#mainImage\",\"width\":960,\"height\":720},\"primaryImageOfPage\":{\"@id\":\"https:\\\/\\\/candas365.es\\\/noticias\\\/dastis-y-marcelino-oreja-hoy-en-informe-semanal\\\/#mainImage\"},\"datePublished\":\"2017-11-25T12:17:10+01:00\",\"dateModified\":\"2017-11-25T12:17:10+01:00\"},{\"@type\":\"WebSite\",\"@id\":\"https:\\\/\\\/candas365.es\\\/noticias\\\/#website\",\"url\":\"https:\\\/\\\/candas365.es\\\/noticias\\\/\",\"name\":\"Cand\\u00e1s 365\",\"alternateName\":\"Cand\\u00e1s 365 Noticias\",\"description\":\"Actualidad desde Carre\\u00f1o para el mundo\",\"inLanguage\":\"es-ES\",\"publisher\":{\"@id\":\"https:\\\/\\\/candas365.es\\\/noticias\\\/#organization\"}}]}\n\t\t<\/script>\n\t\t<!-- All in One SEO Pro -->\r\n\t\t<title>Dastis y Marcelino Oreja, hoy en Informe Semanal | Cand\u00e1s 365<\/title>\n\n","aioseo_head_json":{"title":"Dastis y Marcelino Oreja, hoy en Informe Semanal | Cand\u00e1s 365","description":"'Informe Semanal' recuerda el 40 aniversario del ingreso de Espa\u00f1a en el Consejo de Europa. Adem\u00e1s, el informativo de gran formato que dirige y presenta Jenaro Castro analiza el boicot a los productos catalanes y se acerca al \u00c1rtico para comprobar c\u00f3mo se vive en condiciones extremas. 'Estado de derecho' Se cumple el 40 aniversario","canonical_url":"https:\/\/candas365.es\/noticias\/dastis-y-marcelino-oreja-hoy-en-informe-semanal\/","robots":"max-image-preview:large","keywords":"agenda","webmasterTools":{"google-site-verification":"UA-32230408-1","msvalidate.01":"354F3CDFB2DA171B47FBE9ABF1F88D5","miscellaneous":""},"schema":{"@context":"https:\/\/schema.org","@graph":[{"@type":"BreadcrumbList","@id":"https:\/\/candas365.es\/noticias\/dastis-y-marcelino-oreja-hoy-en-informe-semanal\/#breadcrumblist","itemListElement":[{"@type":"ListItem","@id":"https:\/\/candas365.es\/noticias#listItem","position":1,"name":"Home","item":"https:\/\/candas365.es\/noticias","nextItem":{"@type":"ListItem","@id":"https:\/\/candas365.es\/noticias\/category\/agenda\/#listItem","name":"Agenda"}},{"@type":"ListItem","@id":"https:\/\/candas365.es\/noticias\/category\/agenda\/#listItem","position":2,"name":"Agenda","item":"https:\/\/candas365.es\/noticias\/category\/agenda\/","nextItem":{"@type":"ListItem","@id":"https:\/\/candas365.es\/noticias\/dastis-y-marcelino-oreja-hoy-en-informe-semanal\/#listItem","name":"Dastis y Marcelino Oreja, hoy en Informe Semanal"},"previousItem":{"@type":"ListItem","@id":"https:\/\/candas365.es\/noticias#listItem","name":"Home"}},{"@type":"ListItem","@id":"https:\/\/candas365.es\/noticias\/dastis-y-marcelino-oreja-hoy-en-informe-semanal\/#listItem","position":3,"name":"Dastis y Marcelino Oreja, hoy en Informe Semanal","previousItem":{"@type":"ListItem","@id":"https:\/\/candas365.es\/noticias\/category\/agenda\/#listItem","name":"Agenda"}}]},{"@type":"NewsArticle","@id":"https:\/\/candas365.es\/noticias\/dastis-y-marcelino-oreja-hoy-en-informe-semanal\/#newsarticle","name":"Dastis y Marcelino Oreja, hoy en Informe Semanal | Cand\u00e1s 365","headline":"Dastis y Marcelino Oreja, hoy en Informe Semanal","author":{"@id":"https:\/\/candas365.es\/noticias\/author\/admin\/#author"},"publisher":{"@id":"https:\/\/candas365.es\/noticias\/#organization"},"image":{"@type":"ImageObject","url":"https:\/\/candas365.es\/noticias\/wp-content\/uploads\/2017\/07\/controls-1527175_960_720.jpg","width":960,"height":720},"datePublished":"2017-11-25T12:17:10+01:00","dateModified":"2017-11-25T12:17:10+01:00","inLanguage":"es-ES","mainEntityOfPage":{"@id":"https:\/\/candas365.es\/noticias\/dastis-y-marcelino-oreja-hoy-en-informe-semanal\/#webpage"},"isPartOf":{"@id":"https:\/\/candas365.es\/noticias\/dastis-y-marcelino-oreja-hoy-en-informe-semanal\/#webpage"},"articleSection":"Agenda","dateline":"Publicado el noviembre 25, 2017."},{"@type":"Organization","@id":"https:\/\/candas365.es\/noticias\/#organization","name":"Cand\u00e1s 365","description":"Cand\u00e1s 365 es un diario digital independiente, fundado en 2012, con base en Asturias. Informamos con rigor sobre actualidad, sociedad, cultura y ocio, con una mirada local y global.","url":"https:\/\/candas365.es\/noticias\/","email":"info@candas365.es","telephone":"+34652131393","foundingDate":"2012-06-10","logo":{"@type":"ImageObject","url":"https:\/\/candas365.es\/noticias\/wp-content\/uploads\/2024\/09\/Candas-365-Redes.jpg","@id":"https:\/\/candas365.es\/noticias\/dastis-y-marcelino-oreja-hoy-en-informe-semanal\/#organizationLogo","width":1152,"height":864,"caption":"Cand\u00e1s 365 Redes"},"image":{"@id":"https:\/\/candas365.es\/noticias\/dastis-y-marcelino-oreja-hoy-en-informe-semanal\/#organizationLogo"},"sameAs":["https:\/\/www.facebook.com\/Nachofdezber","https:\/\/x.com\/NabercoDigital","https:\/\/www.instagram.com\/nachofdezber\/","https:\/\/www.youtube.com\/channel\/UCZP-2wLEB9Rv6erhFmqVnvg"],"address":{"@id":"https:\/\/candas365.es\/noticias\/#postaladdress","@type":"PostalAddress","streetAddress":"san antonio 4, san antonio 4","postalCode":"33430","addressLocality":"Cand\u00e1s","addressRegion":"Asturias","addressCountry":"ES"}},{"@type":"Person","@id":"https:\/\/candas365.es\/noticias\/author\/admin\/#author","url":"https:\/\/candas365.es\/noticias\/author\/admin\/","name":"Cand\u00e1s 365","image":{"@type":"ImageObject","@id":"https:\/\/candas365.es\/noticias\/dastis-y-marcelino-oreja-hoy-en-informe-semanal\/#authorImage","url":"https:\/\/secure.gravatar.com\/avatar\/496a8e03d0c493ede1718b7934145dbdf8d89be1036b0eec9544e1094c9de390?s=96&d=mm&r=g","width":96,"height":96,"caption":"Cand\u00e1s 365"},"sameAs":["https:\/\/www.facebook.com\/carrenoactualidad","https:\/\/twitter.com\/nbasturias","https:\/\/www.instagram.com\/nachofdezber\/","https:\/\/www.youtube.com\/channel\/UCZP-2wLEB9Rv6erhFmqVnvg"]},{"@type":"WebPage","@id":"https:\/\/candas365.es\/noticias\/dastis-y-marcelino-oreja-hoy-en-informe-semanal\/#webpage","url":"https:\/\/candas365.es\/noticias\/dastis-y-marcelino-oreja-hoy-en-informe-semanal\/","name":"Dastis y Marcelino Oreja, hoy en Informe Semanal | Cand\u00e1s 365","description":"'Informe Semanal' recuerda el 40 aniversario del ingreso de Espa\u00f1a en el Consejo de Europa. Adem\u00e1s, el informativo de gran formato que dirige y presenta Jenaro Castro analiza el boicot a los productos catalanes y se acerca al \u00c1rtico para comprobar c\u00f3mo se vive en condiciones extremas. 'Estado de derecho' Se cumple el 40 aniversario","inLanguage":"es-ES","isPartOf":{"@id":"https:\/\/candas365.es\/noticias\/#website"},"breadcrumb":{"@id":"https:\/\/candas365.es\/noticias\/dastis-y-marcelino-oreja-hoy-en-informe-semanal\/#breadcrumblist"},"author":{"@id":"https:\/\/candas365.es\/noticias\/author\/admin\/#author"},"creator":{"@id":"https:\/\/candas365.es\/noticias\/author\/admin\/#author"},"image":{"@type":"ImageObject","url":"https:\/\/candas365.es\/noticias\/wp-content\/uploads\/2017\/07\/controls-1527175_960_720.jpg","@id":"https:\/\/candas365.es\/noticias\/dastis-y-marcelino-oreja-hoy-en-informe-semanal\/#mainImage","width":960,"height":720},"primaryImageOfPage":{"@id":"https:\/\/candas365.es\/noticias\/dastis-y-marcelino-oreja-hoy-en-informe-semanal\/#mainImage"},"datePublished":"2017-11-25T12:17:10+01:00","dateModified":"2017-11-25T12:17:10+01:00"},{"@type":"WebSite","@id":"https:\/\/candas365.es\/noticias\/#website","url":"https:\/\/candas365.es\/noticias\/","name":"Cand\u00e1s 365","alternateName":"Cand\u00e1s 365 Noticias","description":"Actualidad desde Carre\u00f1o para el mundo","inLanguage":"es-ES","publisher":{"@id":"https:\/\/candas365.es\/noticias\/#organization"}}]},"og:locale":"es_ES","og:site_name":"Cand\u00e1s 365","og:type":"article","og:title":"Dastis y Marcelino Oreja, hoy en Informe Semanal | Cand\u00e1s 365","og:description":"'Informe Semanal' recuerda el 40 aniversario del ingreso de Espa\u00f1a en el Consejo de Europa. Adem\u00e1s, el informativo de gran formato que dirige y presenta Jenaro Castro analiza el boicot a los productos catalanes y se acerca al \u00c1rtico para comprobar c\u00f3mo se vive en condiciones extremas. 'Estado de derecho' Se cumple el 40 aniversario","og:url":"https:\/\/candas365.es\/noticias\/dastis-y-marcelino-oreja-hoy-en-informe-semanal\/","og:image":"https:\/\/candas365.es\/noticias\/wp-content\/uploads\/2017\/07\/controls-1527175_960_720.jpg","og:image:secure_url":"https:\/\/candas365.es\/noticias\/wp-content\/uploads\/2017\/07\/controls-1527175_960_720.jpg","og:image:width":960,"og:image:height":720,"article:published_time":"2017-11-25T12:17:10+00:00","article:modified_time":"2017-11-25T12:17:10+00:00","article:publisher":"https:\/\/www.facebook.com\/Nachofdezber","article:author":"https:\/\/www.facebook.com\/carrenoactualidad","twitter:card":"summary_large_image","twitter:site":"@NabercoDigital","twitter:title":"Dastis y Marcelino Oreja, hoy en Informe Semanal | Cand\u00e1s 365","twitter:description":"'Informe Semanal' recuerda el 40 aniversario del ingreso de Espa\u00f1a en el Consejo de Europa. Adem\u00e1s, el informativo de gran formato que dirige y presenta Jenaro Castro analiza el boicot a los productos catalanes y se acerca al \u00c1rtico para comprobar c\u00f3mo se vive en condiciones extremas. 'Estado de derecho' Se cumple el 40 aniversario","twitter:creator":"@nbasturias","twitter:image":"https:\/\/candas365.es\/noticias\/wp-content\/uploads\/2017\/07\/controls-1527175_960_720.jpg","twitter:label1":"Escrito por","twitter:data1":"Cand\u00e1s 365","twitter:label2":"Tiempo de lectura estimado","twitter:data2":"2 minutos"},"aioseo_meta_data":{"post_id":"85493","title":null,"description":null,"keywords":null,"keyphrases":null,"primary_term":null,"canonical_url":null,"og_title":null,"og_description":null,"og_object_type":"default","og_image_type":"default","og_image_url":null,"og_image_width":null,"og_image_height":null,"og_image_custom_url":null,"og_image_custom_fields":null,"og_video":null,"og_custom_url":null,"og_article_section":null,"og_article_tags":null,"twitter_use_og":false,"twitter_card":"default","twitter_image_type":"default","twitter_image_url":null,"twitter_image_custom_url":null,"twitter_image_custom_fields":null,"twitter_title":null,"twitter_description":null,"schema":{"blockGraphs":[],"customGraphs":[],"default":{"data":{"Article":[],"Course":[],"Dataset":[],"FAQPage":[],"Movie":[],"Person":[],"Product":[],"ProductReview":[],"Car":[],"Recipe":[],"Service":[],"SoftwareApplication":[],"WebPage":[]},"graphName":"","isEnabled":true},"graphs":[]},"schema_type":null,"schema_type_options":null,"pillar_content":false,"robots_default":true,"robots_noindex":false,"robots_noarchive":false,"robots_nosnippet":false,"robots_nofollow":false,"robots_noimageindex":false,"robots_noodp":false,"robots_notranslate":false,"robots_max_snippet":null,"robots_max_videopreview":null,"robots_max_imagepreview":"large","priority":null,"frequency":null,"location":null,"local_seo":null,"seo_analyzer_scan_date":"2025-08-26 07:07:09","breadcrumb_settings":null,"limit_modified_date":false,"reviewed_by":null,"open_ai":null,"ai":null,"created":"2020-12-21 12:20:05","updated":"2025-08-26 07:07:09"},"aioseo_breadcrumb":"<div class=\"aioseo-breadcrumbs\"><span class=\"aioseo-breadcrumb\">\n\t<a href=\"https:\/\/candas365.es\/noticias\" title=\"Home\">Home<\/a>\n<\/span><span class=\"aioseo-breadcrumb-separator\">&ndash;<\/span><span class=\"aioseo-breadcrumb\">\n\t<a href=\"https:\/\/candas365.es\/noticias\/category\/agenda\/\" title=\"Agenda\">Agenda<\/a>\n<\/span><span class=\"aioseo-breadcrumb-separator\">&ndash;<\/span><span class=\"aioseo-breadcrumb\">\n\tDastis y Marcelino Oreja, hoy en Informe Semanal\n<\/span><\/div>","aioseo_breadcrumb_json":[{"label":"Home","link":"https:\/\/candas365.es\/noticias"},{"label":"Agenda","link":"https:\/\/candas365.es\/noticias\/category\/agenda\/"},{"label":"Dastis y Marcelino Oreja, hoy en Informe Semanal","link":"https:\/\/candas365.es\/noticias\/dastis-y-marcelino-oreja-hoy-en-informe-semanal\/"}],"_links":{"self":[{"href":"https:\/\/candas365.es\/noticias\/wp-json\/wp\/v2\/posts\/85493","targetHints":{"allow":["GET"]}}],"collection":[{"href":"https:\/\/candas365.es\/noticias\/wp-json\/wp\/v2\/posts"}],"about":[{"href":"https:\/\/candas365.es\/noticias\/wp-json\/wp\/v2\/types\/post"}],"author":[{"embeddable":true,"href":"https:\/\/candas365.es\/noticias\/wp-json\/wp\/v2\/users\/1"}],"replies":[{"embeddable":true,"href":"https:\/\/candas365.es\/noticias\/wp-json\/wp\/v2\/comments?post=85493"}],"version-history":[{"count":0,"href":"https:\/\/candas365.es\/noticias\/wp-json\/wp\/v2\/posts\/85493\/revisions"}],"wp:featuredmedia":[{"embeddable":true,"href":"https:\/\/candas365.es\/noticias\/wp-json\/wp\/v2\/media\/76605"}],"wp:attachment":[{"href":"https:\/\/candas365.es\/noticias\/wp-json\/wp\/v2\/media?parent=85493"}],"wp:term":[{"taxonomy":"category","embeddable":true,"href":"https:\/\/candas365.es\/noticias\/wp-json\/wp\/v2\/categories?post=85493"},{"taxonomy":"post_tag","embeddable":true,"href":"https:\/\/candas365.es\/noticias\/wp-json\/wp\/v2\/tags?post=85493"}],"curies":[{"name":"wp","href":"https:\/\/api.w.org\/{rel}","templated":true}]}}