{"id":85485,"date":"2017-11-25T11:25:44","date_gmt":"2017-11-25T11:25:44","guid":{"rendered":"http:\/\/candas365.es\/noticias\/?p=85485"},"modified":"2017-11-25T11:25:44","modified_gmt":"2017-11-25T11:25:44","slug":"concienciados-contra-la-violencia-de-genero-en-rtve","status":"publish","type":"post","link":"https:\/\/candas365.es\/noticias\/concienciados-contra-la-violencia-de-genero-en-rtve\/","title":{"rendered":"\u00abConcienciados contra la violencia de g\u00e9nero\u00bb en RTVE"},"content":{"rendered":"<p><img fetchpriority=\"high\" decoding=\"async\" class=\"alignleft size-medium wp-image-85486\" src=\"https:\/\/candas365.es\/noticias\/wp-content\/uploads\/2017\/11\/tele251102-360x203.jpg\" alt=\"\" width=\"360\" height=\"203\" srcset=\"https:\/\/candas365.es\/noticias\/wp-content\/uploads\/2017\/11\/tele251102-360x203.jpg 360w, https:\/\/candas365.es\/noticias\/wp-content\/uploads\/2017\/11\/tele251102-768x433.jpg 768w, https:\/\/candas365.es\/noticias\/wp-content\/uploads\/2017\/11\/tele251102-655x370.jpg 655w, https:\/\/candas365.es\/noticias\/wp-content\/uploads\/2017\/11\/tele251102-696x393.jpg 696w, https:\/\/candas365.es\/noticias\/wp-content\/uploads\/2017\/11\/tele251102-1068x603.jpg 1068w, https:\/\/candas365.es\/noticias\/wp-content\/uploads\/2017\/11\/tele251102-744x420.jpg 744w, https:\/\/candas365.es\/noticias\/wp-content\/uploads\/2017\/11\/tele251102-499x280.jpg 499w, https:\/\/candas365.es\/noticias\/wp-content\/uploads\/2017\/11\/tele251102.jpg 1180w\" sizes=\"(max-width: 360px) 100vw, 360px\" \/>El s\u00e1bado 25, &#8216;El cine de La 2&#8217; estrena &#8216;Gett: el divorcio de Viviane Amsalem&#8217; (22:00 horas), pel\u00edcula israel\u00ed dirigida por Ronit y Shlomi Elkabetz que retrata los obst\u00e1culos legales a los que se enfrentan las mujeres para obtener el divorcio en Israel, donde no existe el matrimonio civil y seg\u00fan las leyes religiosas solo el marido solo puede conceder el divorcio.<\/p>\n<p>A continuaci\u00f3n, &#8216;La noche tem\u00e1tica&#8217;, titulada &#8216;Romper el silencio&#8217; emite primero el documental &#8216;Arenas de silencio&#8217;, una producci\u00f3n espa\u00f1ola dirigida por Chelo \u00c1lvarez-Stehle que muestra el submundo de la explotaci\u00f3n sexual y la trata de mujeres en Asia y Am\u00e9rica. La segunda emisi\u00f3n ser\u00e1 &#8216;Rotas&#8217;, una ficci\u00f3n documental dirigida por Luis Lorente que a\u00fana la dolorosa realidad de mujeres supervivientes, la emoci\u00f3n de la danza y el realismo del cine. Los testimonios son de Macarena Garc\u00eda, Mari Carmen Vera, Rosal\u00eda Vicente, Vanesa Calmen y Miriam Moraleda, que cuentan a c\u00e1mara su experiencia personal. La ficci\u00f3n est\u00e1 protagonizada por Raquel y Paloma G\u00f3mez, ex componentes del Ballet Nacional de Espa\u00f1a, y los actores Juanjo Artero, Andoni Ferre\u00f1o, Ram\u00f3n Langa, Luis Fernando Alv\u00e9s, Cristina Higueras, Paca Gabald\u00f3n, Amparo Climent, Javier Batanero, Luc\u00eda Lorente, Abigail Tomey, Gonzalo Ferre\u00f1o y Ram\u00f3n Robles.<\/p>\n<p>Otros programas de La 2 se unen a esta iniciativa. Entre ellos, &#8216;Aqu\u00ed hay trabajo&#8217;, con proyectos de orientaci\u00f3n laboral dirigidos a mujeres v\u00edctimas; &#8216;UNED&#8217;, con un reportaje sobre Celia Amor\u00f3s; &#8216;Saber y ganar&#8217;, que dedicar\u00e1 una secci\u00f3n del s\u00e1bado 25 a la denuncia contra los malos tratos; &#8216;La aventura del saber&#8217;; o &#8216;Documentos TV&#8217;, que el martes 28 recupera &#8216;Voces contra el silencio&#8217;, sobre acoso y violencia sexual.<\/p>\n","protected":false},"excerpt":{"rendered":"<p>El s\u00e1bado 25, &#8216;El cine de La 2&#8217; estrena &#8216;Gett: el divorcio de Viviane Amsalem&#8217; (22:00 horas), pel\u00edcula israel\u00ed dirigida por Ronit y Shlomi Elkabetz que retrata los obst\u00e1culos legales a los que se enfrentan las mujeres para obtener el divorcio en Israel, donde no existe el matrimonio civil y seg\u00fan las leyes religiosas solo<\/p>\n","protected":false},"author":1,"featured_media":85486,"comment_status":"closed","ping_status":"closed","sticky":false,"template":"","format":"standard","meta":{"footnotes":""},"categories":[1],"tags":[],"class_list":{"0":"post-85485","1":"post","2":"type-post","3":"status-publish","4":"format-standard","5":"has-post-thumbnail","7":"category-agenda"},"aioseo_notices":[],"aioseo_head":"\n\t\t<!-- All in One SEO Pro 4.9.6.2 - aioseo.com -->\n\t<meta name=\"description\" content=\"El s\u00e1bado 25, &#039;El cine de La 2&#039; estrena &#039;Gett: el divorcio de Viviane Amsalem&#039; (22:00 horas), pel\u00edcula israel\u00ed dirigida por Ronit y Shlomi Elkabetz que retrata los obst\u00e1culos legales a los que se enfrentan las mujeres para obtener el divorcio en Israel, donde no existe el matrimonio civil y seg\u00fan las leyes religiosas solo\" \/>\n\t<meta name=\"robots\" content=\"max-image-preview:large\" \/>\n\t<meta name=\"author\" content=\"Cand\u00e1s 365\"\/>\n\t<meta name=\"google-site-verification\" content=\"UA-32230408-1\" \/>\n\t<meta name=\"msvalidate.01\" content=\"354F3CDFB2DA171B47FBE9ABF1F88D5\" \/>\n\t<meta name=\"keywords\" content=\"agenda\" \/>\n\t<link rel=\"canonical\" href=\"https:\/\/candas365.es\/noticias\/concienciados-contra-la-violencia-de-genero-en-rtve\/\" \/>\n\t<meta name=\"generator\" content=\"All in One SEO Pro (AIOSEO) 4.9.6.2\" \/>\n\t\t<meta property=\"og:locale\" content=\"es_ES\" \/>\n\t\t<meta property=\"og:site_name\" content=\"Cand\u00e1s 365\" \/>\n\t\t<meta property=\"og:type\" content=\"article\" \/>\n\t\t<meta property=\"og:title\" content=\"\u00abConcienciados contra la violencia de g\u00e9nero\u00bb en RTVE | Cand\u00e1s 365\" \/>\n\t\t<meta property=\"og:description\" content=\"El s\u00e1bado 25, &#039;El cine de La 2&#039; estrena &#039;Gett: el divorcio de Viviane Amsalem&#039; (22:00 horas), pel\u00edcula israel\u00ed dirigida por Ronit y Shlomi Elkabetz que retrata los obst\u00e1culos legales a los que se enfrentan las mujeres para obtener el divorcio en Israel, donde no existe el matrimonio civil y seg\u00fan las leyes religiosas solo\" \/>\n\t\t<meta property=\"og:url\" content=\"https:\/\/candas365.es\/noticias\/concienciados-contra-la-violencia-de-genero-en-rtve\/\" \/>\n\t\t<meta property=\"og:image\" content=\"https:\/\/candas365.es\/noticias\/wp-content\/uploads\/2017\/11\/tele251102.jpg\" \/>\n\t\t<meta property=\"og:image:secure_url\" content=\"https:\/\/candas365.es\/noticias\/wp-content\/uploads\/2017\/11\/tele251102.jpg\" \/>\n\t\t<meta property=\"og:image:width\" content=\"1180\" \/>\n\t\t<meta property=\"og:image:height\" content=\"666\" \/>\n\t\t<meta property=\"article:published_time\" content=\"2017-11-25T11:25:44+00:00\" \/>\n\t\t<meta property=\"article:modified_time\" content=\"2017-11-25T11:25:44+00:00\" \/>\n\t\t<meta property=\"article:publisher\" content=\"https:\/\/www.facebook.com\/Nachofdezber\" \/>\n\t\t<meta property=\"article:author\" content=\"https:\/\/www.facebook.com\/carrenoactualidad\" \/>\n\t\t<meta name=\"twitter:card\" content=\"summary_large_image\" \/>\n\t\t<meta name=\"twitter:site\" content=\"@NabercoDigital\" \/>\n\t\t<meta name=\"twitter:title\" content=\"\u00abConcienciados contra la violencia de g\u00e9nero\u00bb en RTVE | Cand\u00e1s 365\" \/>\n\t\t<meta name=\"twitter:description\" content=\"El s\u00e1bado 25, &#039;El cine de La 2&#039; estrena &#039;Gett: el divorcio de Viviane Amsalem&#039; (22:00 horas), pel\u00edcula israel\u00ed dirigida por Ronit y Shlomi Elkabetz que retrata los obst\u00e1culos legales a los que se enfrentan las mujeres para obtener el divorcio en Israel, donde no existe el matrimonio civil y seg\u00fan las leyes religiosas solo\" \/>\n\t\t<meta name=\"twitter:creator\" content=\"@nbasturias\" \/>\n\t\t<meta name=\"twitter:image\" content=\"https:\/\/candas365.es\/noticias\/wp-content\/uploads\/2017\/11\/tele251102.jpg\" \/>\n\t\t<meta name=\"twitter:label1\" content=\"Escrito por\" \/>\n\t\t<meta name=\"twitter:data1\" content=\"Cand\u00e1s 365\" \/>\n\t\t<meta name=\"twitter:label2\" content=\"Tiempo de lectura estimado\" \/>\n\t\t<meta name=\"twitter:data2\" content=\"1 minuto\" \/>\n\t\t<script type=\"application\/ld+json\" class=\"aioseo-schema\">\n\t\t\t{\"@context\":\"https:\\\/\\\/schema.org\",\"@graph\":[{\"@type\":\"BreadcrumbList\",\"@id\":\"https:\\\/\\\/candas365.es\\\/noticias\\\/concienciados-contra-la-violencia-de-genero-en-rtve\\\/#breadcrumblist\",\"itemListElement\":[{\"@type\":\"ListItem\",\"@id\":\"https:\\\/\\\/candas365.es\\\/noticias#listItem\",\"position\":1,\"name\":\"Home\",\"item\":\"https:\\\/\\\/candas365.es\\\/noticias\",\"nextItem\":{\"@type\":\"ListItem\",\"@id\":\"https:\\\/\\\/candas365.es\\\/noticias\\\/category\\\/agenda\\\/#listItem\",\"name\":\"Agenda\"}},{\"@type\":\"ListItem\",\"@id\":\"https:\\\/\\\/candas365.es\\\/noticias\\\/category\\\/agenda\\\/#listItem\",\"position\":2,\"name\":\"Agenda\",\"item\":\"https:\\\/\\\/candas365.es\\\/noticias\\\/category\\\/agenda\\\/\",\"nextItem\":{\"@type\":\"ListItem\",\"@id\":\"https:\\\/\\\/candas365.es\\\/noticias\\\/concienciados-contra-la-violencia-de-genero-en-rtve\\\/#listItem\",\"name\":\"\\u00abConcienciados contra la violencia de g\\u00e9nero\\u00bb en RTVE\"},\"previousItem\":{\"@type\":\"ListItem\",\"@id\":\"https:\\\/\\\/candas365.es\\\/noticias#listItem\",\"name\":\"Home\"}},{\"@type\":\"ListItem\",\"@id\":\"https:\\\/\\\/candas365.es\\\/noticias\\\/concienciados-contra-la-violencia-de-genero-en-rtve\\\/#listItem\",\"position\":3,\"name\":\"\\u00abConcienciados contra la violencia de g\\u00e9nero\\u00bb en RTVE\",\"previousItem\":{\"@type\":\"ListItem\",\"@id\":\"https:\\\/\\\/candas365.es\\\/noticias\\\/category\\\/agenda\\\/#listItem\",\"name\":\"Agenda\"}}]},{\"@type\":\"NewsArticle\",\"@id\":\"https:\\\/\\\/candas365.es\\\/noticias\\\/concienciados-contra-la-violencia-de-genero-en-rtve\\\/#newsarticle\",\"name\":\"\\u00abConcienciados contra la violencia de g\\u00e9nero\\u00bb en RTVE | Cand\\u00e1s 365\",\"headline\":\"\\u00abConcienciados contra la violencia de g\\u00e9nero\\u00bb en RTVE\",\"author\":{\"@id\":\"https:\\\/\\\/candas365.es\\\/noticias\\\/author\\\/admin\\\/#author\"},\"publisher\":{\"@id\":\"https:\\\/\\\/candas365.es\\\/noticias\\\/#organization\"},\"image\":{\"@type\":\"ImageObject\",\"url\":\"https:\\\/\\\/candas365.es\\\/noticias\\\/wp-content\\\/uploads\\\/2017\\\/11\\\/tele251102.jpg\",\"width\":1180,\"height\":666},\"datePublished\":\"2017-11-25T11:25:44+01:00\",\"dateModified\":\"2017-11-25T11:25:44+01:00\",\"inLanguage\":\"es-ES\",\"mainEntityOfPage\":{\"@id\":\"https:\\\/\\\/candas365.es\\\/noticias\\\/concienciados-contra-la-violencia-de-genero-en-rtve\\\/#webpage\"},\"isPartOf\":{\"@id\":\"https:\\\/\\\/candas365.es\\\/noticias\\\/concienciados-contra-la-violencia-de-genero-en-rtve\\\/#webpage\"},\"articleSection\":\"Agenda\",\"dateline\":\"Publicado el noviembre 25, 2017.\"},{\"@type\":\"Organization\",\"@id\":\"https:\\\/\\\/candas365.es\\\/noticias\\\/#organization\",\"name\":\"Cand\\u00e1s 365\",\"description\":\"Cand\\u00e1s 365 es un diario digital independiente, fundado en 2012, con base en Asturias. Informamos con rigor sobre actualidad, sociedad, cultura y ocio, con una mirada local y global.\",\"url\":\"https:\\\/\\\/candas365.es\\\/noticias\\\/\",\"email\":\"info@candas365.es\",\"telephone\":\"+34652131393\",\"foundingDate\":\"2012-06-10\",\"logo\":{\"@type\":\"ImageObject\",\"url\":\"https:\\\/\\\/candas365.es\\\/noticias\\\/wp-content\\\/uploads\\\/2024\\\/09\\\/Candas-365-Redes.jpg\",\"@id\":\"https:\\\/\\\/candas365.es\\\/noticias\\\/concienciados-contra-la-violencia-de-genero-en-rtve\\\/#organizationLogo\",\"width\":1152,\"height\":864,\"caption\":\"Cand\\u00e1s 365 Redes\"},\"image\":{\"@id\":\"https:\\\/\\\/candas365.es\\\/noticias\\\/concienciados-contra-la-violencia-de-genero-en-rtve\\\/#organizationLogo\"},\"sameAs\":[\"https:\\\/\\\/www.facebook.com\\\/Nachofdezber\",\"https:\\\/\\\/x.com\\\/NabercoDigital\",\"https:\\\/\\\/www.instagram.com\\\/nachofdezber\\\/\",\"https:\\\/\\\/www.youtube.com\\\/channel\\\/UCZP-2wLEB9Rv6erhFmqVnvg\"],\"address\":{\"@id\":\"https:\\\/\\\/candas365.es\\\/noticias\\\/#postaladdress\",\"@type\":\"PostalAddress\",\"streetAddress\":\"san antonio 4, san antonio 4\",\"postalCode\":\"33430\",\"addressLocality\":\"Cand\\u00e1s\",\"addressRegion\":\"Asturias\",\"addressCountry\":\"ES\"}},{\"@type\":\"Person\",\"@id\":\"https:\\\/\\\/candas365.es\\\/noticias\\\/author\\\/admin\\\/#author\",\"url\":\"https:\\\/\\\/candas365.es\\\/noticias\\\/author\\\/admin\\\/\",\"name\":\"Cand\\u00e1s 365\",\"image\":{\"@type\":\"ImageObject\",\"@id\":\"https:\\\/\\\/candas365.es\\\/noticias\\\/concienciados-contra-la-violencia-de-genero-en-rtve\\\/#authorImage\",\"url\":\"https:\\\/\\\/secure.gravatar.com\\\/avatar\\\/496a8e03d0c493ede1718b7934145dbdf8d89be1036b0eec9544e1094c9de390?s=96&d=mm&r=g\",\"width\":96,\"height\":96,\"caption\":\"Cand\\u00e1s 365\"},\"sameAs\":[\"https:\\\/\\\/www.facebook.com\\\/carrenoactualidad\",\"https:\\\/\\\/twitter.com\\\/nbasturias\",\"https:\\\/\\\/www.instagram.com\\\/nachofdezber\\\/\",\"https:\\\/\\\/www.youtube.com\\\/channel\\\/UCZP-2wLEB9Rv6erhFmqVnvg\"]},{\"@type\":\"WebPage\",\"@id\":\"https:\\\/\\\/candas365.es\\\/noticias\\\/concienciados-contra-la-violencia-de-genero-en-rtve\\\/#webpage\",\"url\":\"https:\\\/\\\/candas365.es\\\/noticias\\\/concienciados-contra-la-violencia-de-genero-en-rtve\\\/\",\"name\":\"\\u00abConcienciados contra la violencia de g\\u00e9nero\\u00bb en RTVE | Cand\\u00e1s 365\",\"description\":\"El s\\u00e1bado 25, 'El cine de La 2' estrena 'Gett: el divorcio de Viviane Amsalem' (22:00 horas), pel\\u00edcula israel\\u00ed dirigida por Ronit y Shlomi Elkabetz que retrata los obst\\u00e1culos legales a los que se enfrentan las mujeres para obtener el divorcio en Israel, donde no existe el matrimonio civil y seg\\u00fan las leyes religiosas solo\",\"inLanguage\":\"es-ES\",\"isPartOf\":{\"@id\":\"https:\\\/\\\/candas365.es\\\/noticias\\\/#website\"},\"breadcrumb\":{\"@id\":\"https:\\\/\\\/candas365.es\\\/noticias\\\/concienciados-contra-la-violencia-de-genero-en-rtve\\\/#breadcrumblist\"},\"author\":{\"@id\":\"https:\\\/\\\/candas365.es\\\/noticias\\\/author\\\/admin\\\/#author\"},\"creator\":{\"@id\":\"https:\\\/\\\/candas365.es\\\/noticias\\\/author\\\/admin\\\/#author\"},\"image\":{\"@type\":\"ImageObject\",\"url\":\"https:\\\/\\\/candas365.es\\\/noticias\\\/wp-content\\\/uploads\\\/2017\\\/11\\\/tele251102.jpg\",\"@id\":\"https:\\\/\\\/candas365.es\\\/noticias\\\/concienciados-contra-la-violencia-de-genero-en-rtve\\\/#mainImage\",\"width\":1180,\"height\":666},\"primaryImageOfPage\":{\"@id\":\"https:\\\/\\\/candas365.es\\\/noticias\\\/concienciados-contra-la-violencia-de-genero-en-rtve\\\/#mainImage\"},\"datePublished\":\"2017-11-25T11:25:44+01:00\",\"dateModified\":\"2017-11-25T11:25:44+01:00\"},{\"@type\":\"WebSite\",\"@id\":\"https:\\\/\\\/candas365.es\\\/noticias\\\/#website\",\"url\":\"https:\\\/\\\/candas365.es\\\/noticias\\\/\",\"name\":\"Cand\\u00e1s 365\",\"alternateName\":\"Cand\\u00e1s 365 Noticias\",\"description\":\"Actualidad desde Carre\\u00f1o para el mundo\",\"inLanguage\":\"es-ES\",\"publisher\":{\"@id\":\"https:\\\/\\\/candas365.es\\\/noticias\\\/#organization\"}}]}\n\t\t<\/script>\n\t\t<!-- All in One SEO Pro -->\r\n\t\t<title>\u00abConcienciados contra la violencia de g\u00e9nero\u00bb en RTVE | Cand\u00e1s 365<\/title>\n\n","aioseo_head_json":{"title":"\u00abConcienciados contra la violencia de g\u00e9nero\u00bb en RTVE | Cand\u00e1s 365","description":"El s\u00e1bado 25, 'El cine de La 2' estrena 'Gett: el divorcio de Viviane Amsalem' (22:00 horas), pel\u00edcula israel\u00ed dirigida por Ronit y Shlomi Elkabetz que retrata los obst\u00e1culos legales a los que se enfrentan las mujeres para obtener el divorcio en Israel, donde no existe el matrimonio civil y seg\u00fan las leyes religiosas solo","canonical_url":"https:\/\/candas365.es\/noticias\/concienciados-contra-la-violencia-de-genero-en-rtve\/","robots":"max-image-preview:large","keywords":"agenda","webmasterTools":{"google-site-verification":"UA-32230408-1","msvalidate.01":"354F3CDFB2DA171B47FBE9ABF1F88D5","miscellaneous":""},"schema":{"@context":"https:\/\/schema.org","@graph":[{"@type":"BreadcrumbList","@id":"https:\/\/candas365.es\/noticias\/concienciados-contra-la-violencia-de-genero-en-rtve\/#breadcrumblist","itemListElement":[{"@type":"ListItem","@id":"https:\/\/candas365.es\/noticias#listItem","position":1,"name":"Home","item":"https:\/\/candas365.es\/noticias","nextItem":{"@type":"ListItem","@id":"https:\/\/candas365.es\/noticias\/category\/agenda\/#listItem","name":"Agenda"}},{"@type":"ListItem","@id":"https:\/\/candas365.es\/noticias\/category\/agenda\/#listItem","position":2,"name":"Agenda","item":"https:\/\/candas365.es\/noticias\/category\/agenda\/","nextItem":{"@type":"ListItem","@id":"https:\/\/candas365.es\/noticias\/concienciados-contra-la-violencia-de-genero-en-rtve\/#listItem","name":"\u00abConcienciados contra la violencia de g\u00e9nero\u00bb en RTVE"},"previousItem":{"@type":"ListItem","@id":"https:\/\/candas365.es\/noticias#listItem","name":"Home"}},{"@type":"ListItem","@id":"https:\/\/candas365.es\/noticias\/concienciados-contra-la-violencia-de-genero-en-rtve\/#listItem","position":3,"name":"\u00abConcienciados contra la violencia de g\u00e9nero\u00bb en RTVE","previousItem":{"@type":"ListItem","@id":"https:\/\/candas365.es\/noticias\/category\/agenda\/#listItem","name":"Agenda"}}]},{"@type":"NewsArticle","@id":"https:\/\/candas365.es\/noticias\/concienciados-contra-la-violencia-de-genero-en-rtve\/#newsarticle","name":"\u00abConcienciados contra la violencia de g\u00e9nero\u00bb en RTVE | Cand\u00e1s 365","headline":"\u00abConcienciados contra la violencia de g\u00e9nero\u00bb en RTVE","author":{"@id":"https:\/\/candas365.es\/noticias\/author\/admin\/#author"},"publisher":{"@id":"https:\/\/candas365.es\/noticias\/#organization"},"image":{"@type":"ImageObject","url":"https:\/\/candas365.es\/noticias\/wp-content\/uploads\/2017\/11\/tele251102.jpg","width":1180,"height":666},"datePublished":"2017-11-25T11:25:44+01:00","dateModified":"2017-11-25T11:25:44+01:00","inLanguage":"es-ES","mainEntityOfPage":{"@id":"https:\/\/candas365.es\/noticias\/concienciados-contra-la-violencia-de-genero-en-rtve\/#webpage"},"isPartOf":{"@id":"https:\/\/candas365.es\/noticias\/concienciados-contra-la-violencia-de-genero-en-rtve\/#webpage"},"articleSection":"Agenda","dateline":"Publicado el noviembre 25, 2017."},{"@type":"Organization","@id":"https:\/\/candas365.es\/noticias\/#organization","name":"Cand\u00e1s 365","description":"Cand\u00e1s 365 es un diario digital independiente, fundado en 2012, con base en Asturias. Informamos con rigor sobre actualidad, sociedad, cultura y ocio, con una mirada local y global.","url":"https:\/\/candas365.es\/noticias\/","email":"info@candas365.es","telephone":"+34652131393","foundingDate":"2012-06-10","logo":{"@type":"ImageObject","url":"https:\/\/candas365.es\/noticias\/wp-content\/uploads\/2024\/09\/Candas-365-Redes.jpg","@id":"https:\/\/candas365.es\/noticias\/concienciados-contra-la-violencia-de-genero-en-rtve\/#organizationLogo","width":1152,"height":864,"caption":"Cand\u00e1s 365 Redes"},"image":{"@id":"https:\/\/candas365.es\/noticias\/concienciados-contra-la-violencia-de-genero-en-rtve\/#organizationLogo"},"sameAs":["https:\/\/www.facebook.com\/Nachofdezber","https:\/\/x.com\/NabercoDigital","https:\/\/www.instagram.com\/nachofdezber\/","https:\/\/www.youtube.com\/channel\/UCZP-2wLEB9Rv6erhFmqVnvg"],"address":{"@id":"https:\/\/candas365.es\/noticias\/#postaladdress","@type":"PostalAddress","streetAddress":"san antonio 4, san antonio 4","postalCode":"33430","addressLocality":"Cand\u00e1s","addressRegion":"Asturias","addressCountry":"ES"}},{"@type":"Person","@id":"https:\/\/candas365.es\/noticias\/author\/admin\/#author","url":"https:\/\/candas365.es\/noticias\/author\/admin\/","name":"Cand\u00e1s 365","image":{"@type":"ImageObject","@id":"https:\/\/candas365.es\/noticias\/concienciados-contra-la-violencia-de-genero-en-rtve\/#authorImage","url":"https:\/\/secure.gravatar.com\/avatar\/496a8e03d0c493ede1718b7934145dbdf8d89be1036b0eec9544e1094c9de390?s=96&d=mm&r=g","width":96,"height":96,"caption":"Cand\u00e1s 365"},"sameAs":["https:\/\/www.facebook.com\/carrenoactualidad","https:\/\/twitter.com\/nbasturias","https:\/\/www.instagram.com\/nachofdezber\/","https:\/\/www.youtube.com\/channel\/UCZP-2wLEB9Rv6erhFmqVnvg"]},{"@type":"WebPage","@id":"https:\/\/candas365.es\/noticias\/concienciados-contra-la-violencia-de-genero-en-rtve\/#webpage","url":"https:\/\/candas365.es\/noticias\/concienciados-contra-la-violencia-de-genero-en-rtve\/","name":"\u00abConcienciados contra la violencia de g\u00e9nero\u00bb en RTVE | Cand\u00e1s 365","description":"El s\u00e1bado 25, 'El cine de La 2' estrena 'Gett: el divorcio de Viviane Amsalem' (22:00 horas), pel\u00edcula israel\u00ed dirigida por Ronit y Shlomi Elkabetz que retrata los obst\u00e1culos legales a los que se enfrentan las mujeres para obtener el divorcio en Israel, donde no existe el matrimonio civil y seg\u00fan las leyes religiosas solo","inLanguage":"es-ES","isPartOf":{"@id":"https:\/\/candas365.es\/noticias\/#website"},"breadcrumb":{"@id":"https:\/\/candas365.es\/noticias\/concienciados-contra-la-violencia-de-genero-en-rtve\/#breadcrumblist"},"author":{"@id":"https:\/\/candas365.es\/noticias\/author\/admin\/#author"},"creator":{"@id":"https:\/\/candas365.es\/noticias\/author\/admin\/#author"},"image":{"@type":"ImageObject","url":"https:\/\/candas365.es\/noticias\/wp-content\/uploads\/2017\/11\/tele251102.jpg","@id":"https:\/\/candas365.es\/noticias\/concienciados-contra-la-violencia-de-genero-en-rtve\/#mainImage","width":1180,"height":666},"primaryImageOfPage":{"@id":"https:\/\/candas365.es\/noticias\/concienciados-contra-la-violencia-de-genero-en-rtve\/#mainImage"},"datePublished":"2017-11-25T11:25:44+01:00","dateModified":"2017-11-25T11:25:44+01:00"},{"@type":"WebSite","@id":"https:\/\/candas365.es\/noticias\/#website","url":"https:\/\/candas365.es\/noticias\/","name":"Cand\u00e1s 365","alternateName":"Cand\u00e1s 365 Noticias","description":"Actualidad desde Carre\u00f1o para el mundo","inLanguage":"es-ES","publisher":{"@id":"https:\/\/candas365.es\/noticias\/#organization"}}]},"og:locale":"es_ES","og:site_name":"Cand\u00e1s 365","og:type":"article","og:title":"\u00abConcienciados contra la violencia de g\u00e9nero\u00bb en RTVE | Cand\u00e1s 365","og:description":"El s\u00e1bado 25, 'El cine de La 2' estrena 'Gett: el divorcio de Viviane Amsalem' (22:00 horas), pel\u00edcula israel\u00ed dirigida por Ronit y Shlomi Elkabetz que retrata los obst\u00e1culos legales a los que se enfrentan las mujeres para obtener el divorcio en Israel, donde no existe el matrimonio civil y seg\u00fan las leyes religiosas solo","og:url":"https:\/\/candas365.es\/noticias\/concienciados-contra-la-violencia-de-genero-en-rtve\/","og:image":"https:\/\/candas365.es\/noticias\/wp-content\/uploads\/2017\/11\/tele251102.jpg","og:image:secure_url":"https:\/\/candas365.es\/noticias\/wp-content\/uploads\/2017\/11\/tele251102.jpg","og:image:width":1180,"og:image:height":666,"article:published_time":"2017-11-25T11:25:44+00:00","article:modified_time":"2017-11-25T11:25:44+00:00","article:publisher":"https:\/\/www.facebook.com\/Nachofdezber","article:author":"https:\/\/www.facebook.com\/carrenoactualidad","twitter:card":"summary_large_image","twitter:site":"@NabercoDigital","twitter:title":"\u00abConcienciados contra la violencia de g\u00e9nero\u00bb en RTVE | Cand\u00e1s 365","twitter:description":"El s\u00e1bado 25, 'El cine de La 2' estrena 'Gett: el divorcio de Viviane Amsalem' (22:00 horas), pel\u00edcula israel\u00ed dirigida por Ronit y Shlomi Elkabetz que retrata los obst\u00e1culos legales a los que se enfrentan las mujeres para obtener el divorcio en Israel, donde no existe el matrimonio civil y seg\u00fan las leyes religiosas solo","twitter:creator":"@nbasturias","twitter:image":"https:\/\/candas365.es\/noticias\/wp-content\/uploads\/2017\/11\/tele251102.jpg","twitter:label1":"Escrito por","twitter:data1":"Cand\u00e1s 365","twitter:label2":"Tiempo de lectura estimado","twitter:data2":"1 minuto"},"aioseo_meta_data":{"post_id":"85485","title":null,"description":null,"keywords":null,"keyphrases":null,"primary_term":null,"canonical_url":null,"og_title":null,"og_description":null,"og_object_type":"default","og_image_type":"default","og_image_url":null,"og_image_width":null,"og_image_height":null,"og_image_custom_url":null,"og_image_custom_fields":null,"og_video":null,"og_custom_url":null,"og_article_section":null,"og_article_tags":null,"twitter_use_og":false,"twitter_card":"default","twitter_image_type":"default","twitter_image_url":null,"twitter_image_custom_url":null,"twitter_image_custom_fields":null,"twitter_title":null,"twitter_description":null,"schema":{"blockGraphs":[],"customGraphs":[],"default":{"data":{"Article":[],"Course":[],"Dataset":[],"FAQPage":[],"Movie":[],"Person":[],"Product":[],"ProductReview":[],"Car":[],"Recipe":[],"Service":[],"SoftwareApplication":[],"WebPage":[]},"graphName":"","isEnabled":true},"graphs":[]},"schema_type":null,"schema_type_options":null,"pillar_content":false,"robots_default":true,"robots_noindex":false,"robots_noarchive":false,"robots_nosnippet":false,"robots_nofollow":false,"robots_noimageindex":false,"robots_noodp":false,"robots_notranslate":false,"robots_max_snippet":null,"robots_max_videopreview":null,"robots_max_imagepreview":"large","priority":null,"frequency":null,"location":null,"local_seo":null,"seo_analyzer_scan_date":"2025-08-26 07:06:11","breadcrumb_settings":null,"limit_modified_date":false,"reviewed_by":null,"open_ai":null,"ai":null,"created":"2020-12-21 12:20:05","updated":"2025-08-26 07:06:11"},"aioseo_breadcrumb":"<div class=\"aioseo-breadcrumbs\"><span class=\"aioseo-breadcrumb\">\n\t<a href=\"https:\/\/candas365.es\/noticias\" title=\"Home\">Home<\/a>\n<\/span><span class=\"aioseo-breadcrumb-separator\">&ndash;<\/span><span class=\"aioseo-breadcrumb\">\n\t<a href=\"https:\/\/candas365.es\/noticias\/category\/agenda\/\" title=\"Agenda\">Agenda<\/a>\n<\/span><span class=\"aioseo-breadcrumb-separator\">&ndash;<\/span><span class=\"aioseo-breadcrumb\">\n\t\u00abConcienciados contra la violencia de g\u00e9nero\u00bb en RTVE\n<\/span><\/div>","aioseo_breadcrumb_json":[{"label":"Home","link":"https:\/\/candas365.es\/noticias"},{"label":"Agenda","link":"https:\/\/candas365.es\/noticias\/category\/agenda\/"},{"label":"\u00abConcienciados contra la violencia de g\u00e9nero\u00bb en RTVE","link":"https:\/\/candas365.es\/noticias\/concienciados-contra-la-violencia-de-genero-en-rtve\/"}],"_links":{"self":[{"href":"https:\/\/candas365.es\/noticias\/wp-json\/wp\/v2\/posts\/85485","targetHints":{"allow":["GET"]}}],"collection":[{"href":"https:\/\/candas365.es\/noticias\/wp-json\/wp\/v2\/posts"}],"about":[{"href":"https:\/\/candas365.es\/noticias\/wp-json\/wp\/v2\/types\/post"}],"author":[{"embeddable":true,"href":"https:\/\/candas365.es\/noticias\/wp-json\/wp\/v2\/users\/1"}],"replies":[{"embeddable":true,"href":"https:\/\/candas365.es\/noticias\/wp-json\/wp\/v2\/comments?post=85485"}],"version-history":[{"count":0,"href":"https:\/\/candas365.es\/noticias\/wp-json\/wp\/v2\/posts\/85485\/revisions"}],"wp:featuredmedia":[{"embeddable":true,"href":"https:\/\/candas365.es\/noticias\/wp-json\/wp\/v2\/media\/85486"}],"wp:attachment":[{"href":"https:\/\/candas365.es\/noticias\/wp-json\/wp\/v2\/media?parent=85485"}],"wp:term":[{"taxonomy":"category","embeddable":true,"href":"https:\/\/candas365.es\/noticias\/wp-json\/wp\/v2\/categories?post=85485"},{"taxonomy":"post_tag","embeddable":true,"href":"https:\/\/candas365.es\/noticias\/wp-json\/wp\/v2\/tags?post=85485"}],"curies":[{"name":"wp","href":"https:\/\/api.w.org\/{rel}","templated":true}]}}