{"id":85483,"date":"2017-11-25T11:11:05","date_gmt":"2017-11-25T11:11:05","guid":{"rendered":"http:\/\/candas365.es\/noticias\/?p=85483"},"modified":"2017-11-25T11:11:05","modified_gmt":"2017-11-25T11:11:05","slug":"burgos-y-palencia-hoy-sabado-en-un-pais-magico","status":"publish","type":"post","link":"https:\/\/candas365.es\/noticias\/burgos-y-palencia-hoy-sabado-en-un-pais-magico\/","title":{"rendered":"Burgos y Palencia, hoy s\u00e1bado en &#8216;Un pa\u00eds m\u00e1gico&#8217;"},"content":{"rendered":"<p><img fetchpriority=\"high\" decoding=\"async\" class=\"alignleft size-medium wp-image-83555\" src=\"https:\/\/candas365.es\/noticias\/wp-content\/uploads\/2017\/11\/TV-2559790_960_720-360x240.jpg\" alt=\"\" width=\"360\" height=\"240\" srcset=\"https:\/\/candas365.es\/noticias\/wp-content\/uploads\/2017\/11\/TV-2559790_960_720-360x240.jpg 360w, https:\/\/candas365.es\/noticias\/wp-content\/uploads\/2017\/11\/TV-2559790_960_720-768x512.jpg 768w, https:\/\/candas365.es\/noticias\/wp-content\/uploads\/2017\/11\/TV-2559790_960_720-655x437.jpg 655w, https:\/\/candas365.es\/noticias\/wp-content\/uploads\/2017\/11\/TV-2559790_960_720-696x464.jpg 696w, https:\/\/candas365.es\/noticias\/wp-content\/uploads\/2017\/11\/TV-2559790_960_720-630x420.jpg 630w, https:\/\/candas365.es\/noticias\/wp-content\/uploads\/2017\/11\/TV-2559790_960_720-84x55.jpg 84w, https:\/\/candas365.es\/noticias\/wp-content\/uploads\/2017\/11\/TV-2559790_960_720.jpg 960w\" sizes=\"(max-width: 360px) 100vw, 360px\" \/>Esta semana en \u2018Un pa\u00eds m\u00e1gico\u2019 el ilusionista Miguelillo contin\u00faa su recorrido por la geograf\u00eda espa\u00f1ola y hace parada en Burgos y Palencia. Con su \u201cTravel\u201d visitar\u00e1 el cementerio de Sad Hill, donde se rod\u00f3 el enfrentamiento de \u2018El bueno, el feo y el malo\u2019 y en Aranda de Duero hablar\u00e1 con el fundador del festival Sonorama Ribera. En Palencia har\u00e1 barranquismo en el Parque Natural de Fuentes Carrionas y mostrar\u00e1 la catedral de Palencia, tambi\u00e9n llamada \u201cla bella desconocida\u201d.<\/p>\n<p>Miguelillo comienza el recorrido en la Sierra de la Demanda, en Burgos, donde descubrir\u00e1 el cementerio de Sad Hill en el que se grab\u00f3 la m\u00edtica escena final de \u2018El bueno, el feo y el malo\u2019, de Sergio Leone. El ilusionista hablar\u00e1 con algunas personas que han rescatado del olvido esta cinta, y conocer\u00e1 a lberius, un hombre capaz de fabricar instrumentos musicales con cualquier cosa.<\/p>\n<p>En Aranda de Duero, Miguellillo entrevistar\u00e1 a Javier Ajenjo, fundador del Sonorama Ribera, uno de los festivales m\u00e1s populares de Espa\u00f1a. Ya en Burgos, los espectadores podr\u00e1n conocer parte de su gastronom\u00eda de la mano del periodista Javier P\u00e9rez Andr\u00e9s y algunas leyendas misteriosas que albergan sus rincones.<\/p>\n<p>En Palencia, Miguel pondr\u00e1 a prueba sus miedos y har\u00e1 barranquismo en el Parque Natural de Fuentes Carrionas. A continuaci\u00f3n, pondr\u00e1 rumbo a la capital, pero har\u00e1 una parada en camino para mostrar la iglesia de San Juan de Ba\u00f1os y contar la leyenda de su fuente.<\/p>\n<p>Y en Palencia capital, Miguelillo se reunir\u00e1 con Ram\u00f3n Arang\u00fcena para admirar la catedral de Palencia, \u201cla bella desconocida\u201d y sorprenderle con sus trucos de magia.<\/p>\n","protected":false},"excerpt":{"rendered":"<p>Esta semana en \u2018Un pa\u00eds m\u00e1gico\u2019 el ilusionista Miguelillo contin\u00faa su recorrido por la geograf\u00eda espa\u00f1ola y hace parada en Burgos y Palencia. Con su \u201cTravel\u201d visitar\u00e1 el cementerio de Sad Hill, donde se rod\u00f3 el enfrentamiento de \u2018El bueno, el feo y el malo\u2019 y en Aranda de Duero hablar\u00e1 con el fundador del<\/p>\n","protected":false},"author":1,"featured_media":83555,"comment_status":"closed","ping_status":"closed","sticky":false,"template":"","format":"standard","meta":{"footnotes":""},"categories":[1],"tags":[],"class_list":{"0":"post-85483","1":"post","2":"type-post","3":"status-publish","4":"format-standard","5":"has-post-thumbnail","7":"category-agenda"},"aioseo_notices":[],"aioseo_head":"\n\t\t<!-- All in One SEO Pro 4.9.6.2 - aioseo.com -->\n\t<meta name=\"description\" content=\"Esta semana en \u2018Un pa\u00eds m\u00e1gico\u2019 el ilusionista Miguelillo contin\u00faa su recorrido por la geograf\u00eda espa\u00f1ola y hace parada en Burgos y Palencia. Con su \u201cTravel\u201d visitar\u00e1 el cementerio de Sad Hill, donde se rod\u00f3 el enfrentamiento de \u2018El bueno, el feo y el malo\u2019 y en Aranda de Duero hablar\u00e1 con el fundador del\" \/>\n\t<meta name=\"robots\" content=\"max-image-preview:large\" \/>\n\t<meta name=\"author\" content=\"Cand\u00e1s 365\"\/>\n\t<meta name=\"google-site-verification\" content=\"UA-32230408-1\" \/>\n\t<meta name=\"msvalidate.01\" content=\"354F3CDFB2DA171B47FBE9ABF1F88D5\" \/>\n\t<meta name=\"keywords\" content=\"agenda\" \/>\n\t<link rel=\"canonical\" href=\"https:\/\/candas365.es\/noticias\/burgos-y-palencia-hoy-sabado-en-un-pais-magico\/\" \/>\n\t<meta name=\"generator\" content=\"All in One SEO Pro (AIOSEO) 4.9.6.2\" \/>\n\t\t<meta property=\"og:locale\" content=\"es_ES\" \/>\n\t\t<meta property=\"og:site_name\" content=\"Cand\u00e1s 365\" \/>\n\t\t<meta property=\"og:type\" content=\"article\" \/>\n\t\t<meta property=\"og:title\" content=\"Burgos y Palencia, hoy s\u00e1bado en \u2018Un pa\u00eds m\u00e1gico\u2019 | Cand\u00e1s 365\" \/>\n\t\t<meta property=\"og:description\" content=\"Esta semana en \u2018Un pa\u00eds m\u00e1gico\u2019 el ilusionista Miguelillo contin\u00faa su recorrido por la geograf\u00eda espa\u00f1ola y hace parada en Burgos y Palencia. Con su \u201cTravel\u201d visitar\u00e1 el cementerio de Sad Hill, donde se rod\u00f3 el enfrentamiento de \u2018El bueno, el feo y el malo\u2019 y en Aranda de Duero hablar\u00e1 con el fundador del\" \/>\n\t\t<meta property=\"og:url\" content=\"https:\/\/candas365.es\/noticias\/burgos-y-palencia-hoy-sabado-en-un-pais-magico\/\" \/>\n\t\t<meta property=\"og:image\" content=\"https:\/\/candas365.es\/noticias\/wp-content\/uploads\/2017\/11\/TV-2559790_960_720.jpg\" \/>\n\t\t<meta property=\"og:image:secure_url\" content=\"https:\/\/candas365.es\/noticias\/wp-content\/uploads\/2017\/11\/TV-2559790_960_720.jpg\" \/>\n\t\t<meta property=\"og:image:width\" content=\"960\" \/>\n\t\t<meta property=\"og:image:height\" content=\"640\" \/>\n\t\t<meta property=\"article:published_time\" content=\"2017-11-25T11:11:05+00:00\" \/>\n\t\t<meta property=\"article:modified_time\" content=\"2017-11-25T11:11:05+00:00\" \/>\n\t\t<meta property=\"article:publisher\" content=\"https:\/\/www.facebook.com\/Nachofdezber\" \/>\n\t\t<meta property=\"article:author\" content=\"https:\/\/www.facebook.com\/carrenoactualidad\" \/>\n\t\t<meta name=\"twitter:card\" content=\"summary_large_image\" \/>\n\t\t<meta name=\"twitter:site\" content=\"@NabercoDigital\" \/>\n\t\t<meta name=\"twitter:title\" content=\"Burgos y Palencia, hoy s\u00e1bado en \u2018Un pa\u00eds m\u00e1gico\u2019 | Cand\u00e1s 365\" \/>\n\t\t<meta name=\"twitter:description\" content=\"Esta semana en \u2018Un pa\u00eds m\u00e1gico\u2019 el ilusionista Miguelillo contin\u00faa su recorrido por la geograf\u00eda espa\u00f1ola y hace parada en Burgos y Palencia. Con su \u201cTravel\u201d visitar\u00e1 el cementerio de Sad Hill, donde se rod\u00f3 el enfrentamiento de \u2018El bueno, el feo y el malo\u2019 y en Aranda de Duero hablar\u00e1 con el fundador del\" \/>\n\t\t<meta name=\"twitter:creator\" content=\"@nbasturias\" \/>\n\t\t<meta name=\"twitter:image\" content=\"https:\/\/candas365.es\/noticias\/wp-content\/uploads\/2017\/11\/TV-2559790_960_720.jpg\" \/>\n\t\t<meta name=\"twitter:label1\" content=\"Escrito por\" \/>\n\t\t<meta name=\"twitter:data1\" content=\"Cand\u00e1s 365\" \/>\n\t\t<meta name=\"twitter:label2\" content=\"Tiempo de lectura estimado\" \/>\n\t\t<meta name=\"twitter:data2\" content=\"1 minuto\" \/>\n\t\t<script type=\"application\/ld+json\" class=\"aioseo-schema\">\n\t\t\t{\"@context\":\"https:\\\/\\\/schema.org\",\"@graph\":[{\"@type\":\"BreadcrumbList\",\"@id\":\"https:\\\/\\\/candas365.es\\\/noticias\\\/burgos-y-palencia-hoy-sabado-en-un-pais-magico\\\/#breadcrumblist\",\"itemListElement\":[{\"@type\":\"ListItem\",\"@id\":\"https:\\\/\\\/candas365.es\\\/noticias#listItem\",\"position\":1,\"name\":\"Home\",\"item\":\"https:\\\/\\\/candas365.es\\\/noticias\",\"nextItem\":{\"@type\":\"ListItem\",\"@id\":\"https:\\\/\\\/candas365.es\\\/noticias\\\/category\\\/agenda\\\/#listItem\",\"name\":\"Agenda\"}},{\"@type\":\"ListItem\",\"@id\":\"https:\\\/\\\/candas365.es\\\/noticias\\\/category\\\/agenda\\\/#listItem\",\"position\":2,\"name\":\"Agenda\",\"item\":\"https:\\\/\\\/candas365.es\\\/noticias\\\/category\\\/agenda\\\/\",\"nextItem\":{\"@type\":\"ListItem\",\"@id\":\"https:\\\/\\\/candas365.es\\\/noticias\\\/burgos-y-palencia-hoy-sabado-en-un-pais-magico\\\/#listItem\",\"name\":\"Burgos y Palencia, hoy s\\u00e1bado en &#8216;Un pa\\u00eds m\\u00e1gico&#8217;\"},\"previousItem\":{\"@type\":\"ListItem\",\"@id\":\"https:\\\/\\\/candas365.es\\\/noticias#listItem\",\"name\":\"Home\"}},{\"@type\":\"ListItem\",\"@id\":\"https:\\\/\\\/candas365.es\\\/noticias\\\/burgos-y-palencia-hoy-sabado-en-un-pais-magico\\\/#listItem\",\"position\":3,\"name\":\"Burgos y Palencia, hoy s\\u00e1bado en &#8216;Un pa\\u00eds m\\u00e1gico&#8217;\",\"previousItem\":{\"@type\":\"ListItem\",\"@id\":\"https:\\\/\\\/candas365.es\\\/noticias\\\/category\\\/agenda\\\/#listItem\",\"name\":\"Agenda\"}}]},{\"@type\":\"NewsArticle\",\"@id\":\"https:\\\/\\\/candas365.es\\\/noticias\\\/burgos-y-palencia-hoy-sabado-en-un-pais-magico\\\/#newsarticle\",\"name\":\"Burgos y Palencia, hoy s\\u00e1bado en \\u2018Un pa\\u00eds m\\u00e1gico\\u2019 | Cand\\u00e1s 365\",\"headline\":\"Burgos y Palencia, hoy s\\u00e1bado en &#8216;Un pa\\u00eds m\\u00e1gico&#8217;\",\"author\":{\"@id\":\"https:\\\/\\\/candas365.es\\\/noticias\\\/author\\\/admin\\\/#author\"},\"publisher\":{\"@id\":\"https:\\\/\\\/candas365.es\\\/noticias\\\/#organization\"},\"image\":{\"@type\":\"ImageObject\",\"url\":\"https:\\\/\\\/candas365.es\\\/noticias\\\/wp-content\\\/uploads\\\/2017\\\/11\\\/TV-2559790_960_720.jpg\",\"width\":960,\"height\":640},\"datePublished\":\"2017-11-25T11:11:05+01:00\",\"dateModified\":\"2017-11-25T11:11:05+01:00\",\"inLanguage\":\"es-ES\",\"mainEntityOfPage\":{\"@id\":\"https:\\\/\\\/candas365.es\\\/noticias\\\/burgos-y-palencia-hoy-sabado-en-un-pais-magico\\\/#webpage\"},\"isPartOf\":{\"@id\":\"https:\\\/\\\/candas365.es\\\/noticias\\\/burgos-y-palencia-hoy-sabado-en-un-pais-magico\\\/#webpage\"},\"articleSection\":\"Agenda\",\"dateline\":\"Publicado el noviembre 25, 2017.\"},{\"@type\":\"Organization\",\"@id\":\"https:\\\/\\\/candas365.es\\\/noticias\\\/#organization\",\"name\":\"Cand\\u00e1s 365\",\"description\":\"Cand\\u00e1s 365 es un diario digital independiente, fundado en 2012, con base en Asturias. Informamos con rigor sobre actualidad, sociedad, cultura y ocio, con una mirada local y global.\",\"url\":\"https:\\\/\\\/candas365.es\\\/noticias\\\/\",\"email\":\"info@candas365.es\",\"telephone\":\"+34652131393\",\"foundingDate\":\"2012-06-10\",\"logo\":{\"@type\":\"ImageObject\",\"url\":\"https:\\\/\\\/candas365.es\\\/noticias\\\/wp-content\\\/uploads\\\/2024\\\/09\\\/Candas-365-Redes.jpg\",\"@id\":\"https:\\\/\\\/candas365.es\\\/noticias\\\/burgos-y-palencia-hoy-sabado-en-un-pais-magico\\\/#organizationLogo\",\"width\":1152,\"height\":864,\"caption\":\"Cand\\u00e1s 365 Redes\"},\"image\":{\"@id\":\"https:\\\/\\\/candas365.es\\\/noticias\\\/burgos-y-palencia-hoy-sabado-en-un-pais-magico\\\/#organizationLogo\"},\"sameAs\":[\"https:\\\/\\\/www.facebook.com\\\/Nachofdezber\",\"https:\\\/\\\/x.com\\\/NabercoDigital\",\"https:\\\/\\\/www.instagram.com\\\/nachofdezber\\\/\",\"https:\\\/\\\/www.youtube.com\\\/channel\\\/UCZP-2wLEB9Rv6erhFmqVnvg\"],\"address\":{\"@id\":\"https:\\\/\\\/candas365.es\\\/noticias\\\/#postaladdress\",\"@type\":\"PostalAddress\",\"streetAddress\":\"san antonio 4, san antonio 4\",\"postalCode\":\"33430\",\"addressLocality\":\"Cand\\u00e1s\",\"addressRegion\":\"Asturias\",\"addressCountry\":\"ES\"}},{\"@type\":\"Person\",\"@id\":\"https:\\\/\\\/candas365.es\\\/noticias\\\/author\\\/admin\\\/#author\",\"url\":\"https:\\\/\\\/candas365.es\\\/noticias\\\/author\\\/admin\\\/\",\"name\":\"Cand\\u00e1s 365\",\"image\":{\"@type\":\"ImageObject\",\"@id\":\"https:\\\/\\\/candas365.es\\\/noticias\\\/burgos-y-palencia-hoy-sabado-en-un-pais-magico\\\/#authorImage\",\"url\":\"https:\\\/\\\/secure.gravatar.com\\\/avatar\\\/496a8e03d0c493ede1718b7934145dbdf8d89be1036b0eec9544e1094c9de390?s=96&d=mm&r=g\",\"width\":96,\"height\":96,\"caption\":\"Cand\\u00e1s 365\"},\"sameAs\":[\"https:\\\/\\\/www.facebook.com\\\/carrenoactualidad\",\"https:\\\/\\\/twitter.com\\\/nbasturias\",\"https:\\\/\\\/www.instagram.com\\\/nachofdezber\\\/\",\"https:\\\/\\\/www.youtube.com\\\/channel\\\/UCZP-2wLEB9Rv6erhFmqVnvg\"]},{\"@type\":\"WebPage\",\"@id\":\"https:\\\/\\\/candas365.es\\\/noticias\\\/burgos-y-palencia-hoy-sabado-en-un-pais-magico\\\/#webpage\",\"url\":\"https:\\\/\\\/candas365.es\\\/noticias\\\/burgos-y-palencia-hoy-sabado-en-un-pais-magico\\\/\",\"name\":\"Burgos y Palencia, hoy s\\u00e1bado en \\u2018Un pa\\u00eds m\\u00e1gico\\u2019 | Cand\\u00e1s 365\",\"description\":\"Esta semana en \\u2018Un pa\\u00eds m\\u00e1gico\\u2019 el ilusionista Miguelillo contin\\u00faa su recorrido por la geograf\\u00eda espa\\u00f1ola y hace parada en Burgos y Palencia. Con su \\u201cTravel\\u201d visitar\\u00e1 el cementerio de Sad Hill, donde se rod\\u00f3 el enfrentamiento de \\u2018El bueno, el feo y el malo\\u2019 y en Aranda de Duero hablar\\u00e1 con el fundador del\",\"inLanguage\":\"es-ES\",\"isPartOf\":{\"@id\":\"https:\\\/\\\/candas365.es\\\/noticias\\\/#website\"},\"breadcrumb\":{\"@id\":\"https:\\\/\\\/candas365.es\\\/noticias\\\/burgos-y-palencia-hoy-sabado-en-un-pais-magico\\\/#breadcrumblist\"},\"author\":{\"@id\":\"https:\\\/\\\/candas365.es\\\/noticias\\\/author\\\/admin\\\/#author\"},\"creator\":{\"@id\":\"https:\\\/\\\/candas365.es\\\/noticias\\\/author\\\/admin\\\/#author\"},\"image\":{\"@type\":\"ImageObject\",\"url\":\"https:\\\/\\\/candas365.es\\\/noticias\\\/wp-content\\\/uploads\\\/2017\\\/11\\\/TV-2559790_960_720.jpg\",\"@id\":\"https:\\\/\\\/candas365.es\\\/noticias\\\/burgos-y-palencia-hoy-sabado-en-un-pais-magico\\\/#mainImage\",\"width\":960,\"height\":640},\"primaryImageOfPage\":{\"@id\":\"https:\\\/\\\/candas365.es\\\/noticias\\\/burgos-y-palencia-hoy-sabado-en-un-pais-magico\\\/#mainImage\"},\"datePublished\":\"2017-11-25T11:11:05+01:00\",\"dateModified\":\"2017-11-25T11:11:05+01:00\"},{\"@type\":\"WebSite\",\"@id\":\"https:\\\/\\\/candas365.es\\\/noticias\\\/#website\",\"url\":\"https:\\\/\\\/candas365.es\\\/noticias\\\/\",\"name\":\"Cand\\u00e1s 365\",\"alternateName\":\"Cand\\u00e1s 365 Noticias\",\"description\":\"Actualidad desde Carre\\u00f1o para el mundo\",\"inLanguage\":\"es-ES\",\"publisher\":{\"@id\":\"https:\\\/\\\/candas365.es\\\/noticias\\\/#organization\"}}]}\n\t\t<\/script>\n\t\t<!-- All in One SEO Pro -->\r\n\t\t<title>Burgos y Palencia, hoy s\u00e1bado en \u2018Un pa\u00eds m\u00e1gico\u2019 | Cand\u00e1s 365<\/title>\n\n","aioseo_head_json":{"title":"Burgos y Palencia, hoy s\u00e1bado en \u2018Un pa\u00eds m\u00e1gico\u2019 | Cand\u00e1s 365","description":"Esta semana en \u2018Un pa\u00eds m\u00e1gico\u2019 el ilusionista Miguelillo contin\u00faa su recorrido por la geograf\u00eda espa\u00f1ola y hace parada en Burgos y Palencia. Con su \u201cTravel\u201d visitar\u00e1 el cementerio de Sad Hill, donde se rod\u00f3 el enfrentamiento de \u2018El bueno, el feo y el malo\u2019 y en Aranda de Duero hablar\u00e1 con el fundador del","canonical_url":"https:\/\/candas365.es\/noticias\/burgos-y-palencia-hoy-sabado-en-un-pais-magico\/","robots":"max-image-preview:large","keywords":"agenda","webmasterTools":{"google-site-verification":"UA-32230408-1","msvalidate.01":"354F3CDFB2DA171B47FBE9ABF1F88D5","miscellaneous":""},"schema":{"@context":"https:\/\/schema.org","@graph":[{"@type":"BreadcrumbList","@id":"https:\/\/candas365.es\/noticias\/burgos-y-palencia-hoy-sabado-en-un-pais-magico\/#breadcrumblist","itemListElement":[{"@type":"ListItem","@id":"https:\/\/candas365.es\/noticias#listItem","position":1,"name":"Home","item":"https:\/\/candas365.es\/noticias","nextItem":{"@type":"ListItem","@id":"https:\/\/candas365.es\/noticias\/category\/agenda\/#listItem","name":"Agenda"}},{"@type":"ListItem","@id":"https:\/\/candas365.es\/noticias\/category\/agenda\/#listItem","position":2,"name":"Agenda","item":"https:\/\/candas365.es\/noticias\/category\/agenda\/","nextItem":{"@type":"ListItem","@id":"https:\/\/candas365.es\/noticias\/burgos-y-palencia-hoy-sabado-en-un-pais-magico\/#listItem","name":"Burgos y Palencia, hoy s\u00e1bado en &#8216;Un pa\u00eds m\u00e1gico&#8217;"},"previousItem":{"@type":"ListItem","@id":"https:\/\/candas365.es\/noticias#listItem","name":"Home"}},{"@type":"ListItem","@id":"https:\/\/candas365.es\/noticias\/burgos-y-palencia-hoy-sabado-en-un-pais-magico\/#listItem","position":3,"name":"Burgos y Palencia, hoy s\u00e1bado en &#8216;Un pa\u00eds m\u00e1gico&#8217;","previousItem":{"@type":"ListItem","@id":"https:\/\/candas365.es\/noticias\/category\/agenda\/#listItem","name":"Agenda"}}]},{"@type":"NewsArticle","@id":"https:\/\/candas365.es\/noticias\/burgos-y-palencia-hoy-sabado-en-un-pais-magico\/#newsarticle","name":"Burgos y Palencia, hoy s\u00e1bado en \u2018Un pa\u00eds m\u00e1gico\u2019 | Cand\u00e1s 365","headline":"Burgos y Palencia, hoy s\u00e1bado en &#8216;Un pa\u00eds m\u00e1gico&#8217;","author":{"@id":"https:\/\/candas365.es\/noticias\/author\/admin\/#author"},"publisher":{"@id":"https:\/\/candas365.es\/noticias\/#organization"},"image":{"@type":"ImageObject","url":"https:\/\/candas365.es\/noticias\/wp-content\/uploads\/2017\/11\/TV-2559790_960_720.jpg","width":960,"height":640},"datePublished":"2017-11-25T11:11:05+01:00","dateModified":"2017-11-25T11:11:05+01:00","inLanguage":"es-ES","mainEntityOfPage":{"@id":"https:\/\/candas365.es\/noticias\/burgos-y-palencia-hoy-sabado-en-un-pais-magico\/#webpage"},"isPartOf":{"@id":"https:\/\/candas365.es\/noticias\/burgos-y-palencia-hoy-sabado-en-un-pais-magico\/#webpage"},"articleSection":"Agenda","dateline":"Publicado el noviembre 25, 2017."},{"@type":"Organization","@id":"https:\/\/candas365.es\/noticias\/#organization","name":"Cand\u00e1s 365","description":"Cand\u00e1s 365 es un diario digital independiente, fundado en 2012, con base en Asturias. Informamos con rigor sobre actualidad, sociedad, cultura y ocio, con una mirada local y global.","url":"https:\/\/candas365.es\/noticias\/","email":"info@candas365.es","telephone":"+34652131393","foundingDate":"2012-06-10","logo":{"@type":"ImageObject","url":"https:\/\/candas365.es\/noticias\/wp-content\/uploads\/2024\/09\/Candas-365-Redes.jpg","@id":"https:\/\/candas365.es\/noticias\/burgos-y-palencia-hoy-sabado-en-un-pais-magico\/#organizationLogo","width":1152,"height":864,"caption":"Cand\u00e1s 365 Redes"},"image":{"@id":"https:\/\/candas365.es\/noticias\/burgos-y-palencia-hoy-sabado-en-un-pais-magico\/#organizationLogo"},"sameAs":["https:\/\/www.facebook.com\/Nachofdezber","https:\/\/x.com\/NabercoDigital","https:\/\/www.instagram.com\/nachofdezber\/","https:\/\/www.youtube.com\/channel\/UCZP-2wLEB9Rv6erhFmqVnvg"],"address":{"@id":"https:\/\/candas365.es\/noticias\/#postaladdress","@type":"PostalAddress","streetAddress":"san antonio 4, san antonio 4","postalCode":"33430","addressLocality":"Cand\u00e1s","addressRegion":"Asturias","addressCountry":"ES"}},{"@type":"Person","@id":"https:\/\/candas365.es\/noticias\/author\/admin\/#author","url":"https:\/\/candas365.es\/noticias\/author\/admin\/","name":"Cand\u00e1s 365","image":{"@type":"ImageObject","@id":"https:\/\/candas365.es\/noticias\/burgos-y-palencia-hoy-sabado-en-un-pais-magico\/#authorImage","url":"https:\/\/secure.gravatar.com\/avatar\/496a8e03d0c493ede1718b7934145dbdf8d89be1036b0eec9544e1094c9de390?s=96&d=mm&r=g","width":96,"height":96,"caption":"Cand\u00e1s 365"},"sameAs":["https:\/\/www.facebook.com\/carrenoactualidad","https:\/\/twitter.com\/nbasturias","https:\/\/www.instagram.com\/nachofdezber\/","https:\/\/www.youtube.com\/channel\/UCZP-2wLEB9Rv6erhFmqVnvg"]},{"@type":"WebPage","@id":"https:\/\/candas365.es\/noticias\/burgos-y-palencia-hoy-sabado-en-un-pais-magico\/#webpage","url":"https:\/\/candas365.es\/noticias\/burgos-y-palencia-hoy-sabado-en-un-pais-magico\/","name":"Burgos y Palencia, hoy s\u00e1bado en \u2018Un pa\u00eds m\u00e1gico\u2019 | Cand\u00e1s 365","description":"Esta semana en \u2018Un pa\u00eds m\u00e1gico\u2019 el ilusionista Miguelillo contin\u00faa su recorrido por la geograf\u00eda espa\u00f1ola y hace parada en Burgos y Palencia. Con su \u201cTravel\u201d visitar\u00e1 el cementerio de Sad Hill, donde se rod\u00f3 el enfrentamiento de \u2018El bueno, el feo y el malo\u2019 y en Aranda de Duero hablar\u00e1 con el fundador del","inLanguage":"es-ES","isPartOf":{"@id":"https:\/\/candas365.es\/noticias\/#website"},"breadcrumb":{"@id":"https:\/\/candas365.es\/noticias\/burgos-y-palencia-hoy-sabado-en-un-pais-magico\/#breadcrumblist"},"author":{"@id":"https:\/\/candas365.es\/noticias\/author\/admin\/#author"},"creator":{"@id":"https:\/\/candas365.es\/noticias\/author\/admin\/#author"},"image":{"@type":"ImageObject","url":"https:\/\/candas365.es\/noticias\/wp-content\/uploads\/2017\/11\/TV-2559790_960_720.jpg","@id":"https:\/\/candas365.es\/noticias\/burgos-y-palencia-hoy-sabado-en-un-pais-magico\/#mainImage","width":960,"height":640},"primaryImageOfPage":{"@id":"https:\/\/candas365.es\/noticias\/burgos-y-palencia-hoy-sabado-en-un-pais-magico\/#mainImage"},"datePublished":"2017-11-25T11:11:05+01:00","dateModified":"2017-11-25T11:11:05+01:00"},{"@type":"WebSite","@id":"https:\/\/candas365.es\/noticias\/#website","url":"https:\/\/candas365.es\/noticias\/","name":"Cand\u00e1s 365","alternateName":"Cand\u00e1s 365 Noticias","description":"Actualidad desde Carre\u00f1o para el mundo","inLanguage":"es-ES","publisher":{"@id":"https:\/\/candas365.es\/noticias\/#organization"}}]},"og:locale":"es_ES","og:site_name":"Cand\u00e1s 365","og:type":"article","og:title":"Burgos y Palencia, hoy s\u00e1bado en \u2018Un pa\u00eds m\u00e1gico\u2019 | Cand\u00e1s 365","og:description":"Esta semana en \u2018Un pa\u00eds m\u00e1gico\u2019 el ilusionista Miguelillo contin\u00faa su recorrido por la geograf\u00eda espa\u00f1ola y hace parada en Burgos y Palencia. Con su \u201cTravel\u201d visitar\u00e1 el cementerio de Sad Hill, donde se rod\u00f3 el enfrentamiento de \u2018El bueno, el feo y el malo\u2019 y en Aranda de Duero hablar\u00e1 con el fundador del","og:url":"https:\/\/candas365.es\/noticias\/burgos-y-palencia-hoy-sabado-en-un-pais-magico\/","og:image":"https:\/\/candas365.es\/noticias\/wp-content\/uploads\/2017\/11\/TV-2559790_960_720.jpg","og:image:secure_url":"https:\/\/candas365.es\/noticias\/wp-content\/uploads\/2017\/11\/TV-2559790_960_720.jpg","og:image:width":960,"og:image:height":640,"article:published_time":"2017-11-25T11:11:05+00:00","article:modified_time":"2017-11-25T11:11:05+00:00","article:publisher":"https:\/\/www.facebook.com\/Nachofdezber","article:author":"https:\/\/www.facebook.com\/carrenoactualidad","twitter:card":"summary_large_image","twitter:site":"@NabercoDigital","twitter:title":"Burgos y Palencia, hoy s\u00e1bado en \u2018Un pa\u00eds m\u00e1gico\u2019 | Cand\u00e1s 365","twitter:description":"Esta semana en \u2018Un pa\u00eds m\u00e1gico\u2019 el ilusionista Miguelillo contin\u00faa su recorrido por la geograf\u00eda espa\u00f1ola y hace parada en Burgos y Palencia. Con su \u201cTravel\u201d visitar\u00e1 el cementerio de Sad Hill, donde se rod\u00f3 el enfrentamiento de \u2018El bueno, el feo y el malo\u2019 y en Aranda de Duero hablar\u00e1 con el fundador del","twitter:creator":"@nbasturias","twitter:image":"https:\/\/candas365.es\/noticias\/wp-content\/uploads\/2017\/11\/TV-2559790_960_720.jpg","twitter:label1":"Escrito por","twitter:data1":"Cand\u00e1s 365","twitter:label2":"Tiempo de lectura estimado","twitter:data2":"1 minuto"},"aioseo_meta_data":{"post_id":"85483","title":null,"description":null,"keywords":null,"keyphrases":null,"primary_term":null,"canonical_url":null,"og_title":null,"og_description":null,"og_object_type":"default","og_image_type":"default","og_image_url":null,"og_image_width":null,"og_image_height":null,"og_image_custom_url":null,"og_image_custom_fields":null,"og_video":null,"og_custom_url":null,"og_article_section":null,"og_article_tags":null,"twitter_use_og":false,"twitter_card":"default","twitter_image_type":"default","twitter_image_url":null,"twitter_image_custom_url":null,"twitter_image_custom_fields":null,"twitter_title":null,"twitter_description":null,"schema":{"blockGraphs":[],"customGraphs":[],"default":{"data":{"Article":[],"Course":[],"Dataset":[],"FAQPage":[],"Movie":[],"Person":[],"Product":[],"ProductReview":[],"Car":[],"Recipe":[],"Service":[],"SoftwareApplication":[],"WebPage":[]},"graphName":"","isEnabled":true},"graphs":[]},"schema_type":null,"schema_type_options":null,"pillar_content":false,"robots_default":true,"robots_noindex":false,"robots_noarchive":false,"robots_nosnippet":false,"robots_nofollow":false,"robots_noimageindex":false,"robots_noodp":false,"robots_notranslate":false,"robots_max_snippet":null,"robots_max_videopreview":null,"robots_max_imagepreview":"large","priority":null,"frequency":null,"location":null,"local_seo":null,"seo_analyzer_scan_date":"2025-08-26 07:06:10","breadcrumb_settings":null,"limit_modified_date":false,"reviewed_by":null,"open_ai":null,"ai":null,"created":"2020-12-21 12:20:05","updated":"2025-08-26 07:06:10"},"aioseo_breadcrumb":"<div class=\"aioseo-breadcrumbs\"><span class=\"aioseo-breadcrumb\">\n\t<a href=\"https:\/\/candas365.es\/noticias\" title=\"Home\">Home<\/a>\n<\/span><span class=\"aioseo-breadcrumb-separator\">&ndash;<\/span><span class=\"aioseo-breadcrumb\">\n\t<a href=\"https:\/\/candas365.es\/noticias\/category\/agenda\/\" title=\"Agenda\">Agenda<\/a>\n<\/span><span class=\"aioseo-breadcrumb-separator\">&ndash;<\/span><span class=\"aioseo-breadcrumb\">\n\tBurgos y Palencia, hoy s\u00e1bado en \u2018Un pa\u00eds m\u00e1gico\u2019\n<\/span><\/div>","aioseo_breadcrumb_json":[{"label":"Home","link":"https:\/\/candas365.es\/noticias"},{"label":"Agenda","link":"https:\/\/candas365.es\/noticias\/category\/agenda\/"},{"label":"Burgos y Palencia, hoy s\u00e1bado en &#8216;Un pa\u00eds m\u00e1gico&#8217;","link":"https:\/\/candas365.es\/noticias\/burgos-y-palencia-hoy-sabado-en-un-pais-magico\/"}],"_links":{"self":[{"href":"https:\/\/candas365.es\/noticias\/wp-json\/wp\/v2\/posts\/85483","targetHints":{"allow":["GET"]}}],"collection":[{"href":"https:\/\/candas365.es\/noticias\/wp-json\/wp\/v2\/posts"}],"about":[{"href":"https:\/\/candas365.es\/noticias\/wp-json\/wp\/v2\/types\/post"}],"author":[{"embeddable":true,"href":"https:\/\/candas365.es\/noticias\/wp-json\/wp\/v2\/users\/1"}],"replies":[{"embeddable":true,"href":"https:\/\/candas365.es\/noticias\/wp-json\/wp\/v2\/comments?post=85483"}],"version-history":[{"count":0,"href":"https:\/\/candas365.es\/noticias\/wp-json\/wp\/v2\/posts\/85483\/revisions"}],"wp:featuredmedia":[{"embeddable":true,"href":"https:\/\/candas365.es\/noticias\/wp-json\/wp\/v2\/media\/83555"}],"wp:attachment":[{"href":"https:\/\/candas365.es\/noticias\/wp-json\/wp\/v2\/media?parent=85483"}],"wp:term":[{"taxonomy":"category","embeddable":true,"href":"https:\/\/candas365.es\/noticias\/wp-json\/wp\/v2\/categories?post=85483"},{"taxonomy":"post_tag","embeddable":true,"href":"https:\/\/candas365.es\/noticias\/wp-json\/wp\/v2\/tags?post=85483"}],"curies":[{"name":"wp","href":"https:\/\/api.w.org\/{rel}","templated":true}]}}