{"id":85237,"date":"2017-11-22T15:41:31","date_gmt":"2017-11-22T15:41:31","guid":{"rendered":"http:\/\/candas365.es\/noticias\/?p=85237"},"modified":"2017-11-22T15:41:31","modified_gmt":"2017-11-22T15:41:31","slug":"comando-actualidad-calcula-esta-semana-el-valor-del-agua","status":"publish","type":"post","link":"https:\/\/candas365.es\/noticias\/comando-actualidad-calcula-esta-semana-el-valor-del-agua\/","title":{"rendered":"\u00abComando actualidad\u00bb calcula esta semana &#8216;El valor del agua&#8217;"},"content":{"rendered":"<p><img fetchpriority=\"high\" decoding=\"async\" class=\"alignleft size-medium wp-image-85238\" src=\"https:\/\/candas365.es\/noticias\/wp-content\/uploads\/2017\/11\/tele221101-360x201.jpg\" alt=\"\" width=\"360\" height=\"201\" srcset=\"https:\/\/candas365.es\/noticias\/wp-content\/uploads\/2017\/11\/tele221101-360x201.jpg 360w, https:\/\/candas365.es\/noticias\/wp-content\/uploads\/2017\/11\/tele221101-768x430.jpg 768w, https:\/\/candas365.es\/noticias\/wp-content\/uploads\/2017\/11\/tele221101-655x366.jpg 655w, https:\/\/candas365.es\/noticias\/wp-content\/uploads\/2017\/11\/tele221101-696x389.jpg 696w, https:\/\/candas365.es\/noticias\/wp-content\/uploads\/2017\/11\/tele221101-1068x597.jpg 1068w, https:\/\/candas365.es\/noticias\/wp-content\/uploads\/2017\/11\/tele221101-751x420.jpg 751w, https:\/\/candas365.es\/noticias\/wp-content\/uploads\/2017\/11\/tele221101-499x280.jpg 499w, https:\/\/candas365.es\/noticias\/wp-content\/uploads\/2017\/11\/tele221101.jpg 1180w\" sizes=\"(max-width: 360px) 100vw, 360px\" \/>En el a\u00f1o m\u00e1s seco de la \u00faltima d\u00e9cada, los reporteros de &#8216;Comando Actualidad&#8217; recorren Espa\u00f1a con el recibo del agua en la mano. \u00bfCu\u00e1nto y qu\u00e9 es lo que se paga? Uno de cada cinco litros no llega al grifo. \u00bfD\u00f3nde y por qu\u00e9 se pierde? El del agua embotellada es un negocio que no para de crecer, y se paga por ella hasta 1.000 veces m\u00e1s que lo que costar\u00eda el agua del grifo. \u00bfQu\u00e9 hay detr\u00e1s del mito de beber ocho vasos de agua al d\u00eda? Las c\u00e1maras del programa captar\u00e1n im\u00e1genes nunca vistas: cementerios que han salido a flote por la sequ\u00eda y pueblos fantasma que han emergido con la falta de agua.<\/p>\n<p>\u00bfCu\u00e1nto paga usted por el agua? Javier, Finuca y sus tres hijos viven en la Regi\u00f3n de Murcia, la comunidad con el recibo m\u00e1s caro. En la pila de la cocina tienen dos grifos: el del agua que llega directamente de las tuber\u00edas y un segundo del que sale el agua para cocinar o beber. La cal hace obligatorio instalar un filtro para quitar la dureza al agua. Aparatos que incrementan el coste de la factura. Se paga por las tuber\u00edas que transportan el agua hasta las casas, por el coste de las desaladoras y tambi\u00e9n se cobra la que se va por el sumidero.<\/p>\n<p>El detective del agua. Sergio acaba de descubrir una fuga en una ducha sin picar la pared. Pega una c\u00e1mara termogr\u00e1fica al azulejo y sabe d\u00f3nde est\u00e1 la filtraci\u00f3n que est\u00e1 encareciendo un 20% la factura del gimnasio de Carlos. Uno de cada cinco litros no llega al grifo, asegura. Es conocido en M\u00e1laga como \u201cel detective del agua\u201d y trabaja detectando fugas y enganches ilegales. Se encuentra con facturas de cincuenta y cinco mil euros o con cisternas que dejan escapar 2.500 euros por el sumidero gota a gota. Estos d\u00edas est\u00e1 sellando las tuber\u00edas de Pizarra. El ayuntamiento de esta localidad malague\u00f1a le ha contratado para que cierre las grietas por las que se filtra cerca de la mitad del agua antes de que llegue al grifo de los vecinos.<\/p>\n<p>El fabuloso negocio del agua envasada. El acu\u00edfero sobre el que se sustenta el pueblo de Sant Hilari de Sacalm es una mina de oro. Esta localidad de Girona es conocida como la villa de las cien fuentes. Hay hasta nueve plantas envasadoras que se nutren del mar que se esconde bajo la tierra. Lleva tres meses sin llover y de los manantiales sigue brotando l\u00edquido con el que se llenan buena parte de las botellas que venden 135 marcas diferentes de agua en Espa\u00f1a. El negocio del agua embotellada mueve 1.000 millones de euros al a\u00f1o en Espa\u00f1a. Carmen es sumiller de agua. Por su boca y su nariz pasan botellas que contienen agua de lluvia de Tasmania, de manantiales japoneses, de glaciares canadienses y hasta agua del grifo.<\/p>\n<p>La sequ\u00eda reflota pueblos fantasma. Rosa est\u00e1 pisando por primera vez el cementerio en el que fue enterrada su abuela. La sequ\u00eda ha sacado la tierra a la superficie el viejo Ria\u00f1o, un pueblo sepultado por las aguas del pantano hace 30 a\u00f1os. La iglesia de Santiago del siglo XII y su castillo medieval intacto est\u00e1n a la vista de los vecinos y visitantes que quieren ver, con sus propios ojos esta imagen in\u00e9dita.<\/p>\n","protected":false},"excerpt":{"rendered":"<p>En el a\u00f1o m\u00e1s seco de la \u00faltima d\u00e9cada, los reporteros de &#8216;Comando Actualidad&#8217; recorren Espa\u00f1a con el recibo del agua en la mano. \u00bfCu\u00e1nto y qu\u00e9 es lo que se paga? Uno de cada cinco litros no llega al grifo. \u00bfD\u00f3nde y por qu\u00e9 se pierde? El del agua embotellada es un negocio que<\/p>\n","protected":false},"author":1,"featured_media":85238,"comment_status":"closed","ping_status":"closed","sticky":false,"template":"","format":"standard","meta":{"footnotes":""},"categories":[1],"tags":[],"class_list":{"0":"post-85237","1":"post","2":"type-post","3":"status-publish","4":"format-standard","5":"has-post-thumbnail","7":"category-agenda"},"aioseo_notices":[],"aioseo_head":"\n\t\t<!-- All in One SEO Pro 4.9.6.2 - aioseo.com -->\n\t<meta name=\"description\" content=\"En el a\u00f1o m\u00e1s seco de la \u00faltima d\u00e9cada, los reporteros de &#039;Comando Actualidad&#039; recorren Espa\u00f1a con el recibo del agua en la mano. \u00bfCu\u00e1nto y qu\u00e9 es lo que se paga? Uno de cada cinco litros no llega al grifo. \u00bfD\u00f3nde y por qu\u00e9 se pierde? El del agua embotellada es un negocio que\" \/>\n\t<meta name=\"robots\" content=\"max-image-preview:large\" \/>\n\t<meta name=\"author\" content=\"Cand\u00e1s 365\"\/>\n\t<meta name=\"google-site-verification\" content=\"UA-32230408-1\" \/>\n\t<meta name=\"msvalidate.01\" content=\"354F3CDFB2DA171B47FBE9ABF1F88D5\" \/>\n\t<meta name=\"keywords\" content=\"agenda\" \/>\n\t<link rel=\"canonical\" href=\"https:\/\/candas365.es\/noticias\/comando-actualidad-calcula-esta-semana-el-valor-del-agua\/\" \/>\n\t<meta name=\"generator\" content=\"All in One SEO Pro (AIOSEO) 4.9.6.2\" \/>\n\t\t<meta property=\"og:locale\" content=\"es_ES\" \/>\n\t\t<meta property=\"og:site_name\" content=\"Cand\u00e1s 365\" \/>\n\t\t<meta property=\"og:type\" content=\"article\" \/>\n\t\t<meta property=\"og:title\" content=\"\u00abComando actualidad\u00bb calcula esta semana \u2018El valor del agua\u2019 | Cand\u00e1s 365\" \/>\n\t\t<meta property=\"og:description\" content=\"En el a\u00f1o m\u00e1s seco de la \u00faltima d\u00e9cada, los reporteros de &#039;Comando Actualidad&#039; recorren Espa\u00f1a con el recibo del agua en la mano. \u00bfCu\u00e1nto y qu\u00e9 es lo que se paga? Uno de cada cinco litros no llega al grifo. \u00bfD\u00f3nde y por qu\u00e9 se pierde? El del agua embotellada es un negocio que\" \/>\n\t\t<meta property=\"og:url\" content=\"https:\/\/candas365.es\/noticias\/comando-actualidad-calcula-esta-semana-el-valor-del-agua\/\" \/>\n\t\t<meta property=\"og:image\" content=\"https:\/\/candas365.es\/noticias\/wp-content\/uploads\/2017\/11\/tele221101.jpg\" \/>\n\t\t<meta property=\"og:image:secure_url\" content=\"https:\/\/candas365.es\/noticias\/wp-content\/uploads\/2017\/11\/tele221101.jpg\" \/>\n\t\t<meta property=\"og:image:width\" content=\"1180\" \/>\n\t\t<meta property=\"og:image:height\" content=\"660\" \/>\n\t\t<meta property=\"article:published_time\" content=\"2017-11-22T15:41:31+00:00\" \/>\n\t\t<meta property=\"article:modified_time\" content=\"2017-11-22T15:41:31+00:00\" \/>\n\t\t<meta property=\"article:publisher\" content=\"https:\/\/www.facebook.com\/Nachofdezber\" \/>\n\t\t<meta property=\"article:author\" content=\"https:\/\/www.facebook.com\/carrenoactualidad\" \/>\n\t\t<meta name=\"twitter:card\" content=\"summary_large_image\" \/>\n\t\t<meta name=\"twitter:site\" content=\"@NabercoDigital\" \/>\n\t\t<meta name=\"twitter:title\" content=\"\u00abComando actualidad\u00bb calcula esta semana \u2018El valor del agua\u2019 | Cand\u00e1s 365\" \/>\n\t\t<meta name=\"twitter:description\" content=\"En el a\u00f1o m\u00e1s seco de la \u00faltima d\u00e9cada, los reporteros de &#039;Comando Actualidad&#039; recorren Espa\u00f1a con el recibo del agua en la mano. \u00bfCu\u00e1nto y qu\u00e9 es lo que se paga? Uno de cada cinco litros no llega al grifo. \u00bfD\u00f3nde y por qu\u00e9 se pierde? El del agua embotellada es un negocio que\" \/>\n\t\t<meta name=\"twitter:creator\" content=\"@nbasturias\" \/>\n\t\t<meta name=\"twitter:image\" content=\"https:\/\/candas365.es\/noticias\/wp-content\/uploads\/2017\/11\/tele221101.jpg\" \/>\n\t\t<meta name=\"twitter:label1\" content=\"Escrito por\" \/>\n\t\t<meta name=\"twitter:data1\" content=\"Cand\u00e1s 365\" \/>\n\t\t<meta name=\"twitter:label2\" content=\"Tiempo de lectura estimado\" \/>\n\t\t<meta name=\"twitter:data2\" content=\"3 minutos\" \/>\n\t\t<script type=\"application\/ld+json\" class=\"aioseo-schema\">\n\t\t\t{\"@context\":\"https:\\\/\\\/schema.org\",\"@graph\":[{\"@type\":\"BreadcrumbList\",\"@id\":\"https:\\\/\\\/candas365.es\\\/noticias\\\/comando-actualidad-calcula-esta-semana-el-valor-del-agua\\\/#breadcrumblist\",\"itemListElement\":[{\"@type\":\"ListItem\",\"@id\":\"https:\\\/\\\/candas365.es\\\/noticias#listItem\",\"position\":1,\"name\":\"Home\",\"item\":\"https:\\\/\\\/candas365.es\\\/noticias\",\"nextItem\":{\"@type\":\"ListItem\",\"@id\":\"https:\\\/\\\/candas365.es\\\/noticias\\\/category\\\/agenda\\\/#listItem\",\"name\":\"Agenda\"}},{\"@type\":\"ListItem\",\"@id\":\"https:\\\/\\\/candas365.es\\\/noticias\\\/category\\\/agenda\\\/#listItem\",\"position\":2,\"name\":\"Agenda\",\"item\":\"https:\\\/\\\/candas365.es\\\/noticias\\\/category\\\/agenda\\\/\",\"nextItem\":{\"@type\":\"ListItem\",\"@id\":\"https:\\\/\\\/candas365.es\\\/noticias\\\/comando-actualidad-calcula-esta-semana-el-valor-del-agua\\\/#listItem\",\"name\":\"\\u00abComando actualidad\\u00bb calcula esta semana &#8216;El valor del agua&#8217;\"},\"previousItem\":{\"@type\":\"ListItem\",\"@id\":\"https:\\\/\\\/candas365.es\\\/noticias#listItem\",\"name\":\"Home\"}},{\"@type\":\"ListItem\",\"@id\":\"https:\\\/\\\/candas365.es\\\/noticias\\\/comando-actualidad-calcula-esta-semana-el-valor-del-agua\\\/#listItem\",\"position\":3,\"name\":\"\\u00abComando actualidad\\u00bb calcula esta semana &#8216;El valor del agua&#8217;\",\"previousItem\":{\"@type\":\"ListItem\",\"@id\":\"https:\\\/\\\/candas365.es\\\/noticias\\\/category\\\/agenda\\\/#listItem\",\"name\":\"Agenda\"}}]},{\"@type\":\"NewsArticle\",\"@id\":\"https:\\\/\\\/candas365.es\\\/noticias\\\/comando-actualidad-calcula-esta-semana-el-valor-del-agua\\\/#newsarticle\",\"name\":\"\\u00abComando actualidad\\u00bb calcula esta semana \\u2018El valor del agua\\u2019 | Cand\\u00e1s 365\",\"headline\":\"\\u00abComando actualidad\\u00bb calcula esta semana &#8216;El valor del agua&#8217;\",\"author\":{\"@id\":\"https:\\\/\\\/candas365.es\\\/noticias\\\/author\\\/admin\\\/#author\"},\"publisher\":{\"@id\":\"https:\\\/\\\/candas365.es\\\/noticias\\\/#organization\"},\"image\":{\"@type\":\"ImageObject\",\"url\":\"https:\\\/\\\/candas365.es\\\/noticias\\\/wp-content\\\/uploads\\\/2017\\\/11\\\/tele221101.jpg\",\"width\":1180,\"height\":660},\"datePublished\":\"2017-11-22T15:41:31+01:00\",\"dateModified\":\"2017-11-22T15:41:31+01:00\",\"inLanguage\":\"es-ES\",\"mainEntityOfPage\":{\"@id\":\"https:\\\/\\\/candas365.es\\\/noticias\\\/comando-actualidad-calcula-esta-semana-el-valor-del-agua\\\/#webpage\"},\"isPartOf\":{\"@id\":\"https:\\\/\\\/candas365.es\\\/noticias\\\/comando-actualidad-calcula-esta-semana-el-valor-del-agua\\\/#webpage\"},\"articleSection\":\"Agenda\",\"dateline\":\"Publicado el noviembre 22, 2017.\"},{\"@type\":\"Organization\",\"@id\":\"https:\\\/\\\/candas365.es\\\/noticias\\\/#organization\",\"name\":\"Cand\\u00e1s 365\",\"description\":\"Cand\\u00e1s 365 es un diario digital independiente, fundado en 2012, con base en Asturias. Informamos con rigor sobre actualidad, sociedad, cultura y ocio, con una mirada local y global.\",\"url\":\"https:\\\/\\\/candas365.es\\\/noticias\\\/\",\"email\":\"info@candas365.es\",\"telephone\":\"+34652131393\",\"foundingDate\":\"2012-06-10\",\"logo\":{\"@type\":\"ImageObject\",\"url\":\"https:\\\/\\\/candas365.es\\\/noticias\\\/wp-content\\\/uploads\\\/2024\\\/09\\\/Candas-365-Redes.jpg\",\"@id\":\"https:\\\/\\\/candas365.es\\\/noticias\\\/comando-actualidad-calcula-esta-semana-el-valor-del-agua\\\/#organizationLogo\",\"width\":1152,\"height\":864,\"caption\":\"Cand\\u00e1s 365 Redes\"},\"image\":{\"@id\":\"https:\\\/\\\/candas365.es\\\/noticias\\\/comando-actualidad-calcula-esta-semana-el-valor-del-agua\\\/#organizationLogo\"},\"sameAs\":[\"https:\\\/\\\/www.facebook.com\\\/Nachofdezber\",\"https:\\\/\\\/x.com\\\/NabercoDigital\",\"https:\\\/\\\/www.instagram.com\\\/nachofdezber\\\/\",\"https:\\\/\\\/www.youtube.com\\\/channel\\\/UCZP-2wLEB9Rv6erhFmqVnvg\"],\"address\":{\"@id\":\"https:\\\/\\\/candas365.es\\\/noticias\\\/#postaladdress\",\"@type\":\"PostalAddress\",\"streetAddress\":\"san antonio 4, san antonio 4\",\"postalCode\":\"33430\",\"addressLocality\":\"Cand\\u00e1s\",\"addressRegion\":\"Asturias\",\"addressCountry\":\"ES\"}},{\"@type\":\"Person\",\"@id\":\"https:\\\/\\\/candas365.es\\\/noticias\\\/author\\\/admin\\\/#author\",\"url\":\"https:\\\/\\\/candas365.es\\\/noticias\\\/author\\\/admin\\\/\",\"name\":\"Cand\\u00e1s 365\",\"image\":{\"@type\":\"ImageObject\",\"@id\":\"https:\\\/\\\/candas365.es\\\/noticias\\\/comando-actualidad-calcula-esta-semana-el-valor-del-agua\\\/#authorImage\",\"url\":\"https:\\\/\\\/secure.gravatar.com\\\/avatar\\\/496a8e03d0c493ede1718b7934145dbdf8d89be1036b0eec9544e1094c9de390?s=96&d=mm&r=g\",\"width\":96,\"height\":96,\"caption\":\"Cand\\u00e1s 365\"},\"sameAs\":[\"https:\\\/\\\/www.facebook.com\\\/carrenoactualidad\",\"https:\\\/\\\/twitter.com\\\/nbasturias\",\"https:\\\/\\\/www.instagram.com\\\/nachofdezber\\\/\",\"https:\\\/\\\/www.youtube.com\\\/channel\\\/UCZP-2wLEB9Rv6erhFmqVnvg\"]},{\"@type\":\"WebPage\",\"@id\":\"https:\\\/\\\/candas365.es\\\/noticias\\\/comando-actualidad-calcula-esta-semana-el-valor-del-agua\\\/#webpage\",\"url\":\"https:\\\/\\\/candas365.es\\\/noticias\\\/comando-actualidad-calcula-esta-semana-el-valor-del-agua\\\/\",\"name\":\"\\u00abComando actualidad\\u00bb calcula esta semana \\u2018El valor del agua\\u2019 | Cand\\u00e1s 365\",\"description\":\"En el a\\u00f1o m\\u00e1s seco de la \\u00faltima d\\u00e9cada, los reporteros de 'Comando Actualidad' recorren Espa\\u00f1a con el recibo del agua en la mano. \\u00bfCu\\u00e1nto y qu\\u00e9 es lo que se paga? Uno de cada cinco litros no llega al grifo. \\u00bfD\\u00f3nde y por qu\\u00e9 se pierde? El del agua embotellada es un negocio que\",\"inLanguage\":\"es-ES\",\"isPartOf\":{\"@id\":\"https:\\\/\\\/candas365.es\\\/noticias\\\/#website\"},\"breadcrumb\":{\"@id\":\"https:\\\/\\\/candas365.es\\\/noticias\\\/comando-actualidad-calcula-esta-semana-el-valor-del-agua\\\/#breadcrumblist\"},\"author\":{\"@id\":\"https:\\\/\\\/candas365.es\\\/noticias\\\/author\\\/admin\\\/#author\"},\"creator\":{\"@id\":\"https:\\\/\\\/candas365.es\\\/noticias\\\/author\\\/admin\\\/#author\"},\"image\":{\"@type\":\"ImageObject\",\"url\":\"https:\\\/\\\/candas365.es\\\/noticias\\\/wp-content\\\/uploads\\\/2017\\\/11\\\/tele221101.jpg\",\"@id\":\"https:\\\/\\\/candas365.es\\\/noticias\\\/comando-actualidad-calcula-esta-semana-el-valor-del-agua\\\/#mainImage\",\"width\":1180,\"height\":660},\"primaryImageOfPage\":{\"@id\":\"https:\\\/\\\/candas365.es\\\/noticias\\\/comando-actualidad-calcula-esta-semana-el-valor-del-agua\\\/#mainImage\"},\"datePublished\":\"2017-11-22T15:41:31+01:00\",\"dateModified\":\"2017-11-22T15:41:31+01:00\"},{\"@type\":\"WebSite\",\"@id\":\"https:\\\/\\\/candas365.es\\\/noticias\\\/#website\",\"url\":\"https:\\\/\\\/candas365.es\\\/noticias\\\/\",\"name\":\"Cand\\u00e1s 365\",\"alternateName\":\"Cand\\u00e1s 365 Noticias\",\"description\":\"Actualidad desde Carre\\u00f1o para el mundo\",\"inLanguage\":\"es-ES\",\"publisher\":{\"@id\":\"https:\\\/\\\/candas365.es\\\/noticias\\\/#organization\"}}]}\n\t\t<\/script>\n\t\t<!-- All in One SEO Pro -->\r\n\t\t<title>\u00abComando actualidad\u00bb calcula esta semana \u2018El valor del agua\u2019 | Cand\u00e1s 365<\/title>\n\n","aioseo_head_json":{"title":"\u00abComando actualidad\u00bb calcula esta semana \u2018El valor del agua\u2019 | Cand\u00e1s 365","description":"En el a\u00f1o m\u00e1s seco de la \u00faltima d\u00e9cada, los reporteros de 'Comando Actualidad' recorren Espa\u00f1a con el recibo del agua en la mano. \u00bfCu\u00e1nto y qu\u00e9 es lo que se paga? Uno de cada cinco litros no llega al grifo. \u00bfD\u00f3nde y por qu\u00e9 se pierde? El del agua embotellada es un negocio que","canonical_url":"https:\/\/candas365.es\/noticias\/comando-actualidad-calcula-esta-semana-el-valor-del-agua\/","robots":"max-image-preview:large","keywords":"agenda","webmasterTools":{"google-site-verification":"UA-32230408-1","msvalidate.01":"354F3CDFB2DA171B47FBE9ABF1F88D5","miscellaneous":""},"schema":{"@context":"https:\/\/schema.org","@graph":[{"@type":"BreadcrumbList","@id":"https:\/\/candas365.es\/noticias\/comando-actualidad-calcula-esta-semana-el-valor-del-agua\/#breadcrumblist","itemListElement":[{"@type":"ListItem","@id":"https:\/\/candas365.es\/noticias#listItem","position":1,"name":"Home","item":"https:\/\/candas365.es\/noticias","nextItem":{"@type":"ListItem","@id":"https:\/\/candas365.es\/noticias\/category\/agenda\/#listItem","name":"Agenda"}},{"@type":"ListItem","@id":"https:\/\/candas365.es\/noticias\/category\/agenda\/#listItem","position":2,"name":"Agenda","item":"https:\/\/candas365.es\/noticias\/category\/agenda\/","nextItem":{"@type":"ListItem","@id":"https:\/\/candas365.es\/noticias\/comando-actualidad-calcula-esta-semana-el-valor-del-agua\/#listItem","name":"\u00abComando actualidad\u00bb calcula esta semana &#8216;El valor del agua&#8217;"},"previousItem":{"@type":"ListItem","@id":"https:\/\/candas365.es\/noticias#listItem","name":"Home"}},{"@type":"ListItem","@id":"https:\/\/candas365.es\/noticias\/comando-actualidad-calcula-esta-semana-el-valor-del-agua\/#listItem","position":3,"name":"\u00abComando actualidad\u00bb calcula esta semana &#8216;El valor del agua&#8217;","previousItem":{"@type":"ListItem","@id":"https:\/\/candas365.es\/noticias\/category\/agenda\/#listItem","name":"Agenda"}}]},{"@type":"NewsArticle","@id":"https:\/\/candas365.es\/noticias\/comando-actualidad-calcula-esta-semana-el-valor-del-agua\/#newsarticle","name":"\u00abComando actualidad\u00bb calcula esta semana \u2018El valor del agua\u2019 | Cand\u00e1s 365","headline":"\u00abComando actualidad\u00bb calcula esta semana &#8216;El valor del agua&#8217;","author":{"@id":"https:\/\/candas365.es\/noticias\/author\/admin\/#author"},"publisher":{"@id":"https:\/\/candas365.es\/noticias\/#organization"},"image":{"@type":"ImageObject","url":"https:\/\/candas365.es\/noticias\/wp-content\/uploads\/2017\/11\/tele221101.jpg","width":1180,"height":660},"datePublished":"2017-11-22T15:41:31+01:00","dateModified":"2017-11-22T15:41:31+01:00","inLanguage":"es-ES","mainEntityOfPage":{"@id":"https:\/\/candas365.es\/noticias\/comando-actualidad-calcula-esta-semana-el-valor-del-agua\/#webpage"},"isPartOf":{"@id":"https:\/\/candas365.es\/noticias\/comando-actualidad-calcula-esta-semana-el-valor-del-agua\/#webpage"},"articleSection":"Agenda","dateline":"Publicado el noviembre 22, 2017."},{"@type":"Organization","@id":"https:\/\/candas365.es\/noticias\/#organization","name":"Cand\u00e1s 365","description":"Cand\u00e1s 365 es un diario digital independiente, fundado en 2012, con base en Asturias. Informamos con rigor sobre actualidad, sociedad, cultura y ocio, con una mirada local y global.","url":"https:\/\/candas365.es\/noticias\/","email":"info@candas365.es","telephone":"+34652131393","foundingDate":"2012-06-10","logo":{"@type":"ImageObject","url":"https:\/\/candas365.es\/noticias\/wp-content\/uploads\/2024\/09\/Candas-365-Redes.jpg","@id":"https:\/\/candas365.es\/noticias\/comando-actualidad-calcula-esta-semana-el-valor-del-agua\/#organizationLogo","width":1152,"height":864,"caption":"Cand\u00e1s 365 Redes"},"image":{"@id":"https:\/\/candas365.es\/noticias\/comando-actualidad-calcula-esta-semana-el-valor-del-agua\/#organizationLogo"},"sameAs":["https:\/\/www.facebook.com\/Nachofdezber","https:\/\/x.com\/NabercoDigital","https:\/\/www.instagram.com\/nachofdezber\/","https:\/\/www.youtube.com\/channel\/UCZP-2wLEB9Rv6erhFmqVnvg"],"address":{"@id":"https:\/\/candas365.es\/noticias\/#postaladdress","@type":"PostalAddress","streetAddress":"san antonio 4, san antonio 4","postalCode":"33430","addressLocality":"Cand\u00e1s","addressRegion":"Asturias","addressCountry":"ES"}},{"@type":"Person","@id":"https:\/\/candas365.es\/noticias\/author\/admin\/#author","url":"https:\/\/candas365.es\/noticias\/author\/admin\/","name":"Cand\u00e1s 365","image":{"@type":"ImageObject","@id":"https:\/\/candas365.es\/noticias\/comando-actualidad-calcula-esta-semana-el-valor-del-agua\/#authorImage","url":"https:\/\/secure.gravatar.com\/avatar\/496a8e03d0c493ede1718b7934145dbdf8d89be1036b0eec9544e1094c9de390?s=96&d=mm&r=g","width":96,"height":96,"caption":"Cand\u00e1s 365"},"sameAs":["https:\/\/www.facebook.com\/carrenoactualidad","https:\/\/twitter.com\/nbasturias","https:\/\/www.instagram.com\/nachofdezber\/","https:\/\/www.youtube.com\/channel\/UCZP-2wLEB9Rv6erhFmqVnvg"]},{"@type":"WebPage","@id":"https:\/\/candas365.es\/noticias\/comando-actualidad-calcula-esta-semana-el-valor-del-agua\/#webpage","url":"https:\/\/candas365.es\/noticias\/comando-actualidad-calcula-esta-semana-el-valor-del-agua\/","name":"\u00abComando actualidad\u00bb calcula esta semana \u2018El valor del agua\u2019 | Cand\u00e1s 365","description":"En el a\u00f1o m\u00e1s seco de la \u00faltima d\u00e9cada, los reporteros de 'Comando Actualidad' recorren Espa\u00f1a con el recibo del agua en la mano. \u00bfCu\u00e1nto y qu\u00e9 es lo que se paga? Uno de cada cinco litros no llega al grifo. \u00bfD\u00f3nde y por qu\u00e9 se pierde? El del agua embotellada es un negocio que","inLanguage":"es-ES","isPartOf":{"@id":"https:\/\/candas365.es\/noticias\/#website"},"breadcrumb":{"@id":"https:\/\/candas365.es\/noticias\/comando-actualidad-calcula-esta-semana-el-valor-del-agua\/#breadcrumblist"},"author":{"@id":"https:\/\/candas365.es\/noticias\/author\/admin\/#author"},"creator":{"@id":"https:\/\/candas365.es\/noticias\/author\/admin\/#author"},"image":{"@type":"ImageObject","url":"https:\/\/candas365.es\/noticias\/wp-content\/uploads\/2017\/11\/tele221101.jpg","@id":"https:\/\/candas365.es\/noticias\/comando-actualidad-calcula-esta-semana-el-valor-del-agua\/#mainImage","width":1180,"height":660},"primaryImageOfPage":{"@id":"https:\/\/candas365.es\/noticias\/comando-actualidad-calcula-esta-semana-el-valor-del-agua\/#mainImage"},"datePublished":"2017-11-22T15:41:31+01:00","dateModified":"2017-11-22T15:41:31+01:00"},{"@type":"WebSite","@id":"https:\/\/candas365.es\/noticias\/#website","url":"https:\/\/candas365.es\/noticias\/","name":"Cand\u00e1s 365","alternateName":"Cand\u00e1s 365 Noticias","description":"Actualidad desde Carre\u00f1o para el mundo","inLanguage":"es-ES","publisher":{"@id":"https:\/\/candas365.es\/noticias\/#organization"}}]},"og:locale":"es_ES","og:site_name":"Cand\u00e1s 365","og:type":"article","og:title":"\u00abComando actualidad\u00bb calcula esta semana \u2018El valor del agua\u2019 | Cand\u00e1s 365","og:description":"En el a\u00f1o m\u00e1s seco de la \u00faltima d\u00e9cada, los reporteros de 'Comando Actualidad' recorren Espa\u00f1a con el recibo del agua en la mano. \u00bfCu\u00e1nto y qu\u00e9 es lo que se paga? Uno de cada cinco litros no llega al grifo. \u00bfD\u00f3nde y por qu\u00e9 se pierde? El del agua embotellada es un negocio que","og:url":"https:\/\/candas365.es\/noticias\/comando-actualidad-calcula-esta-semana-el-valor-del-agua\/","og:image":"https:\/\/candas365.es\/noticias\/wp-content\/uploads\/2017\/11\/tele221101.jpg","og:image:secure_url":"https:\/\/candas365.es\/noticias\/wp-content\/uploads\/2017\/11\/tele221101.jpg","og:image:width":1180,"og:image:height":660,"article:published_time":"2017-11-22T15:41:31+00:00","article:modified_time":"2017-11-22T15:41:31+00:00","article:publisher":"https:\/\/www.facebook.com\/Nachofdezber","article:author":"https:\/\/www.facebook.com\/carrenoactualidad","twitter:card":"summary_large_image","twitter:site":"@NabercoDigital","twitter:title":"\u00abComando actualidad\u00bb calcula esta semana \u2018El valor del agua\u2019 | Cand\u00e1s 365","twitter:description":"En el a\u00f1o m\u00e1s seco de la \u00faltima d\u00e9cada, los reporteros de 'Comando Actualidad' recorren Espa\u00f1a con el recibo del agua en la mano. \u00bfCu\u00e1nto y qu\u00e9 es lo que se paga? Uno de cada cinco litros no llega al grifo. \u00bfD\u00f3nde y por qu\u00e9 se pierde? El del agua embotellada es un negocio que","twitter:creator":"@nbasturias","twitter:image":"https:\/\/candas365.es\/noticias\/wp-content\/uploads\/2017\/11\/tele221101.jpg","twitter:label1":"Escrito por","twitter:data1":"Cand\u00e1s 365","twitter:label2":"Tiempo de lectura estimado","twitter:data2":"3 minutos"},"aioseo_meta_data":{"post_id":"85237","title":null,"description":null,"keywords":null,"keyphrases":null,"primary_term":null,"canonical_url":null,"og_title":null,"og_description":null,"og_object_type":"default","og_image_type":"default","og_image_url":null,"og_image_width":null,"og_image_height":null,"og_image_custom_url":null,"og_image_custom_fields":null,"og_video":null,"og_custom_url":null,"og_article_section":null,"og_article_tags":null,"twitter_use_og":false,"twitter_card":"default","twitter_image_type":"default","twitter_image_url":null,"twitter_image_custom_url":null,"twitter_image_custom_fields":null,"twitter_title":null,"twitter_description":null,"schema":{"blockGraphs":[],"customGraphs":[],"default":{"data":{"Article":[],"Course":[],"Dataset":[],"FAQPage":[],"Movie":[],"Person":[],"Product":[],"ProductReview":[],"Car":[],"Recipe":[],"Service":[],"SoftwareApplication":[],"WebPage":[]},"graphName":"","isEnabled":true},"graphs":[],"defaultGraph":"","defaultPostTypeGraph":""},"schema_type":null,"schema_type_options":null,"pillar_content":false,"robots_default":true,"robots_noindex":false,"robots_noarchive":false,"robots_nosnippet":false,"robots_nofollow":false,"robots_noimageindex":false,"robots_noodp":false,"robots_notranslate":false,"robots_max_snippet":null,"robots_max_videopreview":null,"robots_max_imagepreview":"large","priority":null,"frequency":null,"location":null,"local_seo":null,"seo_analyzer_scan_date":"2025-08-26 06:44:12","breadcrumb_settings":null,"limit_modified_date":false,"reviewed_by":null,"open_ai":null,"ai":null,"created":"2020-12-21 12:20:56","updated":"2025-08-26 06:44:12"},"aioseo_breadcrumb":"<div class=\"aioseo-breadcrumbs\"><span class=\"aioseo-breadcrumb\">\n\t<a href=\"https:\/\/candas365.es\/noticias\" title=\"Home\">Home<\/a>\n<\/span><span class=\"aioseo-breadcrumb-separator\">&ndash;<\/span><span class=\"aioseo-breadcrumb\">\n\t<a href=\"https:\/\/candas365.es\/noticias\/category\/agenda\/\" title=\"Agenda\">Agenda<\/a>\n<\/span><span class=\"aioseo-breadcrumb-separator\">&ndash;<\/span><span class=\"aioseo-breadcrumb\">\n\t\u00abComando actualidad\u00bb calcula esta semana \u2018El valor del agua\u2019\n<\/span><\/div>","aioseo_breadcrumb_json":[{"label":"Home","link":"https:\/\/candas365.es\/noticias"},{"label":"Agenda","link":"https:\/\/candas365.es\/noticias\/category\/agenda\/"},{"label":"\u00abComando actualidad\u00bb calcula esta semana &#8216;El valor del agua&#8217;","link":"https:\/\/candas365.es\/noticias\/comando-actualidad-calcula-esta-semana-el-valor-del-agua\/"}],"_links":{"self":[{"href":"https:\/\/candas365.es\/noticias\/wp-json\/wp\/v2\/posts\/85237","targetHints":{"allow":["GET"]}}],"collection":[{"href":"https:\/\/candas365.es\/noticias\/wp-json\/wp\/v2\/posts"}],"about":[{"href":"https:\/\/candas365.es\/noticias\/wp-json\/wp\/v2\/types\/post"}],"author":[{"embeddable":true,"href":"https:\/\/candas365.es\/noticias\/wp-json\/wp\/v2\/users\/1"}],"replies":[{"embeddable":true,"href":"https:\/\/candas365.es\/noticias\/wp-json\/wp\/v2\/comments?post=85237"}],"version-history":[{"count":0,"href":"https:\/\/candas365.es\/noticias\/wp-json\/wp\/v2\/posts\/85237\/revisions"}],"wp:featuredmedia":[{"embeddable":true,"href":"https:\/\/candas365.es\/noticias\/wp-json\/wp\/v2\/media\/85238"}],"wp:attachment":[{"href":"https:\/\/candas365.es\/noticias\/wp-json\/wp\/v2\/media?parent=85237"}],"wp:term":[{"taxonomy":"category","embeddable":true,"href":"https:\/\/candas365.es\/noticias\/wp-json\/wp\/v2\/categories?post=85237"},{"taxonomy":"post_tag","embeddable":true,"href":"https:\/\/candas365.es\/noticias\/wp-json\/wp\/v2\/tags?post=85237"}],"curies":[{"name":"wp","href":"https:\/\/api.w.org\/{rel}","templated":true}]}}