{"id":85110,"date":"2017-11-21T19:24:40","date_gmt":"2017-11-21T19:24:40","guid":{"rendered":"http:\/\/candas365.es\/noticias\/?p=85110"},"modified":"2017-11-21T19:24:40","modified_gmt":"2017-11-21T19:24:40","slug":"simulacro-en-las-instalaciones-de-la-central-termica-de-abono","status":"publish","type":"post","link":"https:\/\/candas365.es\/noticias\/simulacro-en-las-instalaciones-de-la-central-termica-de-abono\/","title":{"rendered":"Simulacro en las instalaciones de la Central T\u00e9rmica de Abo\u00f1o"},"content":{"rendered":"<p><img fetchpriority=\"high\" decoding=\"async\" class=\"alignleft size-medium wp-image-5949\" src=\"https:\/\/candas365.es\/noticias\/wp-content\/uploads\/2014\/12\/Termica-Abo\u00f1o-360x270.jpg\" alt=\"\" width=\"360\" height=\"270\" srcset=\"https:\/\/candas365.es\/noticias\/wp-content\/uploads\/2014\/12\/Termica-Abo\u00f1o-360x270.jpg 360w, https:\/\/candas365.es\/noticias\/wp-content\/uploads\/2014\/12\/Termica-Abo\u00f1o-640x480.jpg 640w, https:\/\/candas365.es\/noticias\/wp-content\/uploads\/2014\/12\/Termica-Abo\u00f1o-768x576.jpg 768w, https:\/\/candas365.es\/noticias\/wp-content\/uploads\/2014\/12\/Termica-Abo\u00f1o-1536x1152.jpg 1536w, https:\/\/candas365.es\/noticias\/wp-content\/uploads\/2014\/12\/Termica-Abo\u00f1o-150x113.jpg 150w, https:\/\/candas365.es\/noticias\/wp-content\/uploads\/2014\/12\/Termica-Abo\u00f1o-450x338.jpg 450w, https:\/\/candas365.es\/noticias\/wp-content\/uploads\/2014\/12\/Termica-Abo\u00f1o-1200x900.jpg 1200w, https:\/\/candas365.es\/noticias\/wp-content\/uploads\/2014\/12\/Termica-Abo\u00f1o-1920x1440.jpg 1920w, https:\/\/candas365.es\/noticias\/wp-content\/uploads\/2014\/12\/Termica-Abo\u00f1o-80x60.jpg 80w, https:\/\/candas365.es\/noticias\/wp-content\/uploads\/2014\/12\/Termica-Abo\u00f1o-265x198.jpg 265w, https:\/\/candas365.es\/noticias\/wp-content\/uploads\/2014\/12\/Termica-Abo\u00f1o-696x522.jpg 696w, https:\/\/candas365.es\/noticias\/wp-content\/uploads\/2014\/12\/Termica-Abo\u00f1o-1068x801.jpg 1068w, https:\/\/candas365.es\/noticias\/wp-content\/uploads\/2014\/12\/Termica-Abo\u00f1o-560x420.jpg 560w, https:\/\/candas365.es\/noticias\/wp-content\/uploads\/2014\/12\/Termica-Abo\u00f1o-90x67.jpg 90w, https:\/\/candas365.es\/noticias\/wp-content\/uploads\/2014\/12\/Termica-Abo\u00f1o.jpg 2048w\" sizes=\"(max-width: 360px) 100vw, 360px\" \/>El Servicio de Emergencias del Principado de Asturias (SEPA), en colaboraci\u00f3n con los responsables de EDP, llevar\u00e1n cabo el pr\u00f3ximo jueves, d\u00eda 23 de noviembre, un simulacro de emergencia en las instalaciones de la Central T\u00e9rmica de Abo\u00f1o.<\/p>\n<p>La hip\u00f3tesis accidental ser\u00e1 la fuga de gas de horno alto por un agujero producido en la conducci\u00f3n que transporta este producto al gas\u00f3metro y la formaci\u00f3n de una nube t\u00f3xica. El incidente afectar\u00e1 a un total de 11 personas: 5 heridos de la empresa (traumatizados e intoxicados) y 6 intoxicados en el exterior de la factor\u00eda.<\/p>\n<p>Ante esta situaci\u00f3n el Consejero de Presidencia y Participaci\u00f3n Ciudadana, Guillermo Mart\u00ednez, activar\u00e1 el Plan de Emergencia Exterior de la Empresa (PLAQUIMPA), en SITUACION 1, por un accidente de categor\u00eda 3. En esta categor\u00eda, de las tres existentes, se enmarcan aquellos accidentes para los que se prev\u00e9n como consecuencias posibles v\u00edctimas, da\u00f1os materiales graves o alteraciones graves del medio ambiente en zonas extensas y en el exterior del establecimiento.<\/p>\n<p>En el simulacro que se desarrollar\u00e1 en tiempo real y comenzar\u00e1 en torno a las 10.00 horas, intervendr\u00e1n cerca de 200 personas de diferentes organismos, entre otros, SEPA, Ayuntamientos de Gij\u00f3n y Carre\u00f1o, Guardia Civil, Polic\u00eda Nacional y Local, personal de EDP, distintos servicios sanitarios como SAMU-Asturias o Cruz Roja y responsables de diversas consejer\u00edas del Gobierno del Principado de Asturias.<\/p>\n<p>En lo que se refiere a medios materiales el ejercicio supondr\u00e1 la movilizaci\u00f3n, entre otros, de los veh\u00edculos especiales de intervenci\u00f3n de emergencias de Bomberos del SEPA, el VAL (Veh\u00edculo de Apoyo Log\u00edstico) y el cami\u00f3n PMA (Puesto de Mando Avanzado), el helic\u00f3ptero medicalizado del organismo aut\u00f3nomo y la aeronave de la Guardia Civil y una UVI-m\u00f3vil, 3 ambulancias de soporte vital b\u00e1sico y una convencional del SAMU y cuatro veh\u00edculos de bomberos de Gij\u00f3n y de ArcelorMittal.<\/p>\n<p>Tras el simulacro se realizar\u00e1 una evaluaci\u00f3n por parte de todos los intervinientes con la que se pretende revisar y mejorar, si fuese necesario, la operatividad del plan.<\/p>\n","protected":false},"excerpt":{"rendered":"<p>El Servicio de Emergencias del Principado de Asturias (SEPA), en colaboraci\u00f3n con los responsables de EDP, llevar\u00e1n cabo el pr\u00f3ximo jueves, d\u00eda 23 de noviembre, un simulacro de emergencia en las instalaciones de la Central T\u00e9rmica de Abo\u00f1o. La hip\u00f3tesis accidental ser\u00e1 la fuga de gas de horno alto por un agujero producido en la<\/p>\n","protected":false},"author":1,"featured_media":5949,"comment_status":"closed","ping_status":"closed","sticky":false,"template":"","format":"standard","meta":{"footnotes":""},"categories":[2],"tags":[],"class_list":{"0":"post-85110","1":"post","2":"type-post","3":"status-publish","4":"format-standard","5":"has-post-thumbnail","7":"category-noticias-carreno"},"aioseo_notices":[],"aioseo_head":"\n\t\t<!-- All in One SEO Pro 4.9.6.2 - aioseo.com -->\n\t<meta name=\"description\" content=\"El Servicio de Emergencias del Principado de Asturias (SEPA), en colaboraci\u00f3n con los responsables de EDP, llevar\u00e1n cabo el pr\u00f3ximo jueves, d\u00eda 23 de noviembre, un simulacro de emergencia en las instalaciones de la Central T\u00e9rmica de Abo\u00f1o. La hip\u00f3tesis accidental ser\u00e1 la fuga de gas de horno alto por un agujero producido en la\" \/>\n\t<meta name=\"robots\" content=\"max-image-preview:large\" \/>\n\t<meta name=\"author\" content=\"Cand\u00e1s 365\"\/>\n\t<meta name=\"google-site-verification\" content=\"UA-32230408-1\" \/>\n\t<meta name=\"msvalidate.01\" content=\"354F3CDFB2DA171B47FBE9ABF1F88D5\" \/>\n\t<meta name=\"keywords\" content=\"noticias carre\u00f1o\" \/>\n\t<link rel=\"canonical\" href=\"https:\/\/candas365.es\/noticias\/simulacro-en-las-instalaciones-de-la-central-termica-de-abono\/\" \/>\n\t<meta name=\"generator\" content=\"All in One SEO Pro (AIOSEO) 4.9.6.2\" \/>\n\t\t<meta property=\"og:locale\" content=\"es_ES\" \/>\n\t\t<meta property=\"og:site_name\" content=\"Cand\u00e1s 365\" \/>\n\t\t<meta property=\"og:type\" content=\"article\" \/>\n\t\t<meta property=\"og:title\" content=\"Simulacro en las instalaciones de la Central T\u00e9rmica de Abo\u00f1o | Cand\u00e1s 365\" \/>\n\t\t<meta property=\"og:description\" content=\"El Servicio de Emergencias del Principado de Asturias (SEPA), en colaboraci\u00f3n con los responsables de EDP, llevar\u00e1n cabo el pr\u00f3ximo jueves, d\u00eda 23 de noviembre, un simulacro de emergencia en las instalaciones de la Central T\u00e9rmica de Abo\u00f1o. La hip\u00f3tesis accidental ser\u00e1 la fuga de gas de horno alto por un agujero producido en la\" \/>\n\t\t<meta property=\"og:url\" content=\"https:\/\/candas365.es\/noticias\/simulacro-en-las-instalaciones-de-la-central-termica-de-abono\/\" \/>\n\t\t<meta property=\"og:image\" content=\"https:\/\/candas365.es\/noticias\/wp-content\/uploads\/2014\/12\/Termica-Abo\u00f1o.jpg\" \/>\n\t\t<meta property=\"og:image:secure_url\" content=\"https:\/\/candas365.es\/noticias\/wp-content\/uploads\/2014\/12\/Termica-Abo\u00f1o.jpg\" \/>\n\t\t<meta property=\"og:image:width\" content=\"2048\" \/>\n\t\t<meta property=\"og:image:height\" content=\"1536\" \/>\n\t\t<meta property=\"article:published_time\" content=\"2017-11-21T19:24:40+00:00\" \/>\n\t\t<meta property=\"article:modified_time\" content=\"2017-11-21T19:24:40+00:00\" \/>\n\t\t<meta property=\"article:publisher\" content=\"https:\/\/www.facebook.com\/Nachofdezber\" \/>\n\t\t<meta property=\"article:author\" content=\"https:\/\/www.facebook.com\/carrenoactualidad\" \/>\n\t\t<meta name=\"twitter:card\" content=\"summary_large_image\" \/>\n\t\t<meta name=\"twitter:site\" content=\"@NabercoDigital\" \/>\n\t\t<meta name=\"twitter:title\" content=\"Simulacro en las instalaciones de la Central T\u00e9rmica de Abo\u00f1o | Cand\u00e1s 365\" \/>\n\t\t<meta name=\"twitter:description\" content=\"El Servicio de Emergencias del Principado de Asturias (SEPA), en colaboraci\u00f3n con los responsables de EDP, llevar\u00e1n cabo el pr\u00f3ximo jueves, d\u00eda 23 de noviembre, un simulacro de emergencia en las instalaciones de la Central T\u00e9rmica de Abo\u00f1o. La hip\u00f3tesis accidental ser\u00e1 la fuga de gas de horno alto por un agujero producido en la\" \/>\n\t\t<meta name=\"twitter:creator\" content=\"@nbasturias\" \/>\n\t\t<meta name=\"twitter:image\" content=\"https:\/\/candas365.es\/noticias\/wp-content\/uploads\/2014\/12\/Termica-Abo\u00f1o.jpg\" \/>\n\t\t<meta name=\"twitter:label1\" content=\"Escrito por\" \/>\n\t\t<meta name=\"twitter:data1\" content=\"Cand\u00e1s 365\" \/>\n\t\t<meta name=\"twitter:label2\" content=\"Tiempo de lectura estimado\" \/>\n\t\t<meta name=\"twitter:data2\" content=\"2 minutos\" \/>\n\t\t<script type=\"application\/ld+json\" class=\"aioseo-schema\">\n\t\t\t{\"@context\":\"https:\\\/\\\/schema.org\",\"@graph\":[{\"@type\":\"BreadcrumbList\",\"@id\":\"https:\\\/\\\/candas365.es\\\/noticias\\\/simulacro-en-las-instalaciones-de-la-central-termica-de-abono\\\/#breadcrumblist\",\"itemListElement\":[{\"@type\":\"ListItem\",\"@id\":\"https:\\\/\\\/candas365.es\\\/noticias#listItem\",\"position\":1,\"name\":\"Home\",\"item\":\"https:\\\/\\\/candas365.es\\\/noticias\",\"nextItem\":{\"@type\":\"ListItem\",\"@id\":\"https:\\\/\\\/candas365.es\\\/noticias\\\/category\\\/noticias-carreno\\\/#listItem\",\"name\":\"Noticias Carre\\u00f1o\"}},{\"@type\":\"ListItem\",\"@id\":\"https:\\\/\\\/candas365.es\\\/noticias\\\/category\\\/noticias-carreno\\\/#listItem\",\"position\":2,\"name\":\"Noticias Carre\\u00f1o\",\"item\":\"https:\\\/\\\/candas365.es\\\/noticias\\\/category\\\/noticias-carreno\\\/\",\"nextItem\":{\"@type\":\"ListItem\",\"@id\":\"https:\\\/\\\/candas365.es\\\/noticias\\\/simulacro-en-las-instalaciones-de-la-central-termica-de-abono\\\/#listItem\",\"name\":\"Simulacro en las instalaciones de la Central T\\u00e9rmica de Abo\\u00f1o\"},\"previousItem\":{\"@type\":\"ListItem\",\"@id\":\"https:\\\/\\\/candas365.es\\\/noticias#listItem\",\"name\":\"Home\"}},{\"@type\":\"ListItem\",\"@id\":\"https:\\\/\\\/candas365.es\\\/noticias\\\/simulacro-en-las-instalaciones-de-la-central-termica-de-abono\\\/#listItem\",\"position\":3,\"name\":\"Simulacro en las instalaciones de la Central T\\u00e9rmica de Abo\\u00f1o\",\"previousItem\":{\"@type\":\"ListItem\",\"@id\":\"https:\\\/\\\/candas365.es\\\/noticias\\\/category\\\/noticias-carreno\\\/#listItem\",\"name\":\"Noticias Carre\\u00f1o\"}}]},{\"@type\":\"NewsArticle\",\"@id\":\"https:\\\/\\\/candas365.es\\\/noticias\\\/simulacro-en-las-instalaciones-de-la-central-termica-de-abono\\\/#newsarticle\",\"name\":\"Simulacro en las instalaciones de la Central T\\u00e9rmica de Abo\\u00f1o | Cand\\u00e1s 365\",\"headline\":\"Simulacro en las instalaciones de la Central T\\u00e9rmica de Abo\\u00f1o\",\"author\":{\"@id\":\"https:\\\/\\\/candas365.es\\\/noticias\\\/author\\\/admin\\\/#author\"},\"publisher\":{\"@id\":\"https:\\\/\\\/candas365.es\\\/noticias\\\/#organization\"},\"image\":{\"@type\":\"ImageObject\",\"url\":\"https:\\\/\\\/candas365.es\\\/noticias\\\/wp-content\\\/uploads\\\/2014\\\/12\\\/Termica-Abo\\u00f1o.jpg\",\"width\":2048,\"height\":1536,\"caption\":\"Termica Abo\\u00f1o\"},\"datePublished\":\"2017-11-21T19:24:40+01:00\",\"dateModified\":\"2017-11-21T19:24:40+01:00\",\"inLanguage\":\"es-ES\",\"mainEntityOfPage\":{\"@id\":\"https:\\\/\\\/candas365.es\\\/noticias\\\/simulacro-en-las-instalaciones-de-la-central-termica-de-abono\\\/#webpage\"},\"isPartOf\":{\"@id\":\"https:\\\/\\\/candas365.es\\\/noticias\\\/simulacro-en-las-instalaciones-de-la-central-termica-de-abono\\\/#webpage\"},\"articleSection\":\"Noticias Carre\\u00f1o\",\"dateline\":\"Publicado el noviembre 21, 2017.\"},{\"@type\":\"Organization\",\"@id\":\"https:\\\/\\\/candas365.es\\\/noticias\\\/#organization\",\"name\":\"Cand\\u00e1s 365\",\"description\":\"Cand\\u00e1s 365 es un diario digital independiente, fundado en 2012, con base en Asturias. Informamos con rigor sobre actualidad, sociedad, cultura y ocio, con una mirada local y global.\",\"url\":\"https:\\\/\\\/candas365.es\\\/noticias\\\/\",\"email\":\"info@candas365.es\",\"telephone\":\"+34652131393\",\"foundingDate\":\"2012-06-10\",\"logo\":{\"@type\":\"ImageObject\",\"url\":\"https:\\\/\\\/candas365.es\\\/noticias\\\/wp-content\\\/uploads\\\/2024\\\/09\\\/Candas-365-Redes.jpg\",\"@id\":\"https:\\\/\\\/candas365.es\\\/noticias\\\/simulacro-en-las-instalaciones-de-la-central-termica-de-abono\\\/#organizationLogo\",\"width\":1152,\"height\":864,\"caption\":\"Cand\\u00e1s 365 Redes\"},\"image\":{\"@id\":\"https:\\\/\\\/candas365.es\\\/noticias\\\/simulacro-en-las-instalaciones-de-la-central-termica-de-abono\\\/#organizationLogo\"},\"sameAs\":[\"https:\\\/\\\/www.facebook.com\\\/Nachofdezber\",\"https:\\\/\\\/x.com\\\/NabercoDigital\",\"https:\\\/\\\/www.instagram.com\\\/nachofdezber\\\/\",\"https:\\\/\\\/www.youtube.com\\\/channel\\\/UCZP-2wLEB9Rv6erhFmqVnvg\"],\"address\":{\"@id\":\"https:\\\/\\\/candas365.es\\\/noticias\\\/#postaladdress\",\"@type\":\"PostalAddress\",\"streetAddress\":\"san antonio 4, san antonio 4\",\"postalCode\":\"33430\",\"addressLocality\":\"Cand\\u00e1s\",\"addressRegion\":\"Asturias\",\"addressCountry\":\"ES\"}},{\"@type\":\"Person\",\"@id\":\"https:\\\/\\\/candas365.es\\\/noticias\\\/author\\\/admin\\\/#author\",\"url\":\"https:\\\/\\\/candas365.es\\\/noticias\\\/author\\\/admin\\\/\",\"name\":\"Cand\\u00e1s 365\",\"image\":{\"@type\":\"ImageObject\",\"@id\":\"https:\\\/\\\/candas365.es\\\/noticias\\\/simulacro-en-las-instalaciones-de-la-central-termica-de-abono\\\/#authorImage\",\"url\":\"https:\\\/\\\/secure.gravatar.com\\\/avatar\\\/496a8e03d0c493ede1718b7934145dbdf8d89be1036b0eec9544e1094c9de390?s=96&d=mm&r=g\",\"width\":96,\"height\":96,\"caption\":\"Cand\\u00e1s 365\"},\"sameAs\":[\"https:\\\/\\\/www.facebook.com\\\/carrenoactualidad\",\"https:\\\/\\\/twitter.com\\\/nbasturias\",\"https:\\\/\\\/www.instagram.com\\\/nachofdezber\\\/\",\"https:\\\/\\\/www.youtube.com\\\/channel\\\/UCZP-2wLEB9Rv6erhFmqVnvg\"]},{\"@type\":\"WebPage\",\"@id\":\"https:\\\/\\\/candas365.es\\\/noticias\\\/simulacro-en-las-instalaciones-de-la-central-termica-de-abono\\\/#webpage\",\"url\":\"https:\\\/\\\/candas365.es\\\/noticias\\\/simulacro-en-las-instalaciones-de-la-central-termica-de-abono\\\/\",\"name\":\"Simulacro en las instalaciones de la Central T\\u00e9rmica de Abo\\u00f1o | Cand\\u00e1s 365\",\"description\":\"El Servicio de Emergencias del Principado de Asturias (SEPA), en colaboraci\\u00f3n con los responsables de EDP, llevar\\u00e1n cabo el pr\\u00f3ximo jueves, d\\u00eda 23 de noviembre, un simulacro de emergencia en las instalaciones de la Central T\\u00e9rmica de Abo\\u00f1o. La hip\\u00f3tesis accidental ser\\u00e1 la fuga de gas de horno alto por un agujero producido en la\",\"inLanguage\":\"es-ES\",\"isPartOf\":{\"@id\":\"https:\\\/\\\/candas365.es\\\/noticias\\\/#website\"},\"breadcrumb\":{\"@id\":\"https:\\\/\\\/candas365.es\\\/noticias\\\/simulacro-en-las-instalaciones-de-la-central-termica-de-abono\\\/#breadcrumblist\"},\"author\":{\"@id\":\"https:\\\/\\\/candas365.es\\\/noticias\\\/author\\\/admin\\\/#author\"},\"creator\":{\"@id\":\"https:\\\/\\\/candas365.es\\\/noticias\\\/author\\\/admin\\\/#author\"},\"image\":{\"@type\":\"ImageObject\",\"url\":\"https:\\\/\\\/candas365.es\\\/noticias\\\/wp-content\\\/uploads\\\/2014\\\/12\\\/Termica-Abo\\u00f1o.jpg\",\"@id\":\"https:\\\/\\\/candas365.es\\\/noticias\\\/simulacro-en-las-instalaciones-de-la-central-termica-de-abono\\\/#mainImage\",\"width\":2048,\"height\":1536,\"caption\":\"Termica Abo\\u00f1o\"},\"primaryImageOfPage\":{\"@id\":\"https:\\\/\\\/candas365.es\\\/noticias\\\/simulacro-en-las-instalaciones-de-la-central-termica-de-abono\\\/#mainImage\"},\"datePublished\":\"2017-11-21T19:24:40+01:00\",\"dateModified\":\"2017-11-21T19:24:40+01:00\"},{\"@type\":\"WebSite\",\"@id\":\"https:\\\/\\\/candas365.es\\\/noticias\\\/#website\",\"url\":\"https:\\\/\\\/candas365.es\\\/noticias\\\/\",\"name\":\"Cand\\u00e1s 365\",\"alternateName\":\"Cand\\u00e1s 365 Noticias\",\"description\":\"Actualidad desde Carre\\u00f1o para el mundo\",\"inLanguage\":\"es-ES\",\"publisher\":{\"@id\":\"https:\\\/\\\/candas365.es\\\/noticias\\\/#organization\"}}]}\n\t\t<\/script>\n\t\t<!-- All in One SEO Pro -->\r\n\t\t<title>Simulacro en las instalaciones de la Central T\u00e9rmica de Abo\u00f1o | Cand\u00e1s 365<\/title>\n\n","aioseo_head_json":{"title":"Simulacro en las instalaciones de la Central T\u00e9rmica de Abo\u00f1o | Cand\u00e1s 365","description":"El Servicio de Emergencias del Principado de Asturias (SEPA), en colaboraci\u00f3n con los responsables de EDP, llevar\u00e1n cabo el pr\u00f3ximo jueves, d\u00eda 23 de noviembre, un simulacro de emergencia en las instalaciones de la Central T\u00e9rmica de Abo\u00f1o. La hip\u00f3tesis accidental ser\u00e1 la fuga de gas de horno alto por un agujero producido en la","canonical_url":"https:\/\/candas365.es\/noticias\/simulacro-en-las-instalaciones-de-la-central-termica-de-abono\/","robots":"max-image-preview:large","keywords":"noticias carre\u00f1o","webmasterTools":{"google-site-verification":"UA-32230408-1","msvalidate.01":"354F3CDFB2DA171B47FBE9ABF1F88D5","miscellaneous":""},"schema":{"@context":"https:\/\/schema.org","@graph":[{"@type":"BreadcrumbList","@id":"https:\/\/candas365.es\/noticias\/simulacro-en-las-instalaciones-de-la-central-termica-de-abono\/#breadcrumblist","itemListElement":[{"@type":"ListItem","@id":"https:\/\/candas365.es\/noticias#listItem","position":1,"name":"Home","item":"https:\/\/candas365.es\/noticias","nextItem":{"@type":"ListItem","@id":"https:\/\/candas365.es\/noticias\/category\/noticias-carreno\/#listItem","name":"Noticias Carre\u00f1o"}},{"@type":"ListItem","@id":"https:\/\/candas365.es\/noticias\/category\/noticias-carreno\/#listItem","position":2,"name":"Noticias Carre\u00f1o","item":"https:\/\/candas365.es\/noticias\/category\/noticias-carreno\/","nextItem":{"@type":"ListItem","@id":"https:\/\/candas365.es\/noticias\/simulacro-en-las-instalaciones-de-la-central-termica-de-abono\/#listItem","name":"Simulacro en las instalaciones de la Central T\u00e9rmica de Abo\u00f1o"},"previousItem":{"@type":"ListItem","@id":"https:\/\/candas365.es\/noticias#listItem","name":"Home"}},{"@type":"ListItem","@id":"https:\/\/candas365.es\/noticias\/simulacro-en-las-instalaciones-de-la-central-termica-de-abono\/#listItem","position":3,"name":"Simulacro en las instalaciones de la Central T\u00e9rmica de Abo\u00f1o","previousItem":{"@type":"ListItem","@id":"https:\/\/candas365.es\/noticias\/category\/noticias-carreno\/#listItem","name":"Noticias Carre\u00f1o"}}]},{"@type":"NewsArticle","@id":"https:\/\/candas365.es\/noticias\/simulacro-en-las-instalaciones-de-la-central-termica-de-abono\/#newsarticle","name":"Simulacro en las instalaciones de la Central T\u00e9rmica de Abo\u00f1o | Cand\u00e1s 365","headline":"Simulacro en las instalaciones de la Central T\u00e9rmica de Abo\u00f1o","author":{"@id":"https:\/\/candas365.es\/noticias\/author\/admin\/#author"},"publisher":{"@id":"https:\/\/candas365.es\/noticias\/#organization"},"image":{"@type":"ImageObject","url":"https:\/\/candas365.es\/noticias\/wp-content\/uploads\/2014\/12\/Termica-Abo\u00f1o.jpg","width":2048,"height":1536,"caption":"Termica Abo\u00f1o"},"datePublished":"2017-11-21T19:24:40+01:00","dateModified":"2017-11-21T19:24:40+01:00","inLanguage":"es-ES","mainEntityOfPage":{"@id":"https:\/\/candas365.es\/noticias\/simulacro-en-las-instalaciones-de-la-central-termica-de-abono\/#webpage"},"isPartOf":{"@id":"https:\/\/candas365.es\/noticias\/simulacro-en-las-instalaciones-de-la-central-termica-de-abono\/#webpage"},"articleSection":"Noticias Carre\u00f1o","dateline":"Publicado el noviembre 21, 2017."},{"@type":"Organization","@id":"https:\/\/candas365.es\/noticias\/#organization","name":"Cand\u00e1s 365","description":"Cand\u00e1s 365 es un diario digital independiente, fundado en 2012, con base en Asturias. Informamos con rigor sobre actualidad, sociedad, cultura y ocio, con una mirada local y global.","url":"https:\/\/candas365.es\/noticias\/","email":"info@candas365.es","telephone":"+34652131393","foundingDate":"2012-06-10","logo":{"@type":"ImageObject","url":"https:\/\/candas365.es\/noticias\/wp-content\/uploads\/2024\/09\/Candas-365-Redes.jpg","@id":"https:\/\/candas365.es\/noticias\/simulacro-en-las-instalaciones-de-la-central-termica-de-abono\/#organizationLogo","width":1152,"height":864,"caption":"Cand\u00e1s 365 Redes"},"image":{"@id":"https:\/\/candas365.es\/noticias\/simulacro-en-las-instalaciones-de-la-central-termica-de-abono\/#organizationLogo"},"sameAs":["https:\/\/www.facebook.com\/Nachofdezber","https:\/\/x.com\/NabercoDigital","https:\/\/www.instagram.com\/nachofdezber\/","https:\/\/www.youtube.com\/channel\/UCZP-2wLEB9Rv6erhFmqVnvg"],"address":{"@id":"https:\/\/candas365.es\/noticias\/#postaladdress","@type":"PostalAddress","streetAddress":"san antonio 4, san antonio 4","postalCode":"33430","addressLocality":"Cand\u00e1s","addressRegion":"Asturias","addressCountry":"ES"}},{"@type":"Person","@id":"https:\/\/candas365.es\/noticias\/author\/admin\/#author","url":"https:\/\/candas365.es\/noticias\/author\/admin\/","name":"Cand\u00e1s 365","image":{"@type":"ImageObject","@id":"https:\/\/candas365.es\/noticias\/simulacro-en-las-instalaciones-de-la-central-termica-de-abono\/#authorImage","url":"https:\/\/secure.gravatar.com\/avatar\/496a8e03d0c493ede1718b7934145dbdf8d89be1036b0eec9544e1094c9de390?s=96&d=mm&r=g","width":96,"height":96,"caption":"Cand\u00e1s 365"},"sameAs":["https:\/\/www.facebook.com\/carrenoactualidad","https:\/\/twitter.com\/nbasturias","https:\/\/www.instagram.com\/nachofdezber\/","https:\/\/www.youtube.com\/channel\/UCZP-2wLEB9Rv6erhFmqVnvg"]},{"@type":"WebPage","@id":"https:\/\/candas365.es\/noticias\/simulacro-en-las-instalaciones-de-la-central-termica-de-abono\/#webpage","url":"https:\/\/candas365.es\/noticias\/simulacro-en-las-instalaciones-de-la-central-termica-de-abono\/","name":"Simulacro en las instalaciones de la Central T\u00e9rmica de Abo\u00f1o | Cand\u00e1s 365","description":"El Servicio de Emergencias del Principado de Asturias (SEPA), en colaboraci\u00f3n con los responsables de EDP, llevar\u00e1n cabo el pr\u00f3ximo jueves, d\u00eda 23 de noviembre, un simulacro de emergencia en las instalaciones de la Central T\u00e9rmica de Abo\u00f1o. La hip\u00f3tesis accidental ser\u00e1 la fuga de gas de horno alto por un agujero producido en la","inLanguage":"es-ES","isPartOf":{"@id":"https:\/\/candas365.es\/noticias\/#website"},"breadcrumb":{"@id":"https:\/\/candas365.es\/noticias\/simulacro-en-las-instalaciones-de-la-central-termica-de-abono\/#breadcrumblist"},"author":{"@id":"https:\/\/candas365.es\/noticias\/author\/admin\/#author"},"creator":{"@id":"https:\/\/candas365.es\/noticias\/author\/admin\/#author"},"image":{"@type":"ImageObject","url":"https:\/\/candas365.es\/noticias\/wp-content\/uploads\/2014\/12\/Termica-Abo\u00f1o.jpg","@id":"https:\/\/candas365.es\/noticias\/simulacro-en-las-instalaciones-de-la-central-termica-de-abono\/#mainImage","width":2048,"height":1536,"caption":"Termica Abo\u00f1o"},"primaryImageOfPage":{"@id":"https:\/\/candas365.es\/noticias\/simulacro-en-las-instalaciones-de-la-central-termica-de-abono\/#mainImage"},"datePublished":"2017-11-21T19:24:40+01:00","dateModified":"2017-11-21T19:24:40+01:00"},{"@type":"WebSite","@id":"https:\/\/candas365.es\/noticias\/#website","url":"https:\/\/candas365.es\/noticias\/","name":"Cand\u00e1s 365","alternateName":"Cand\u00e1s 365 Noticias","description":"Actualidad desde Carre\u00f1o para el mundo","inLanguage":"es-ES","publisher":{"@id":"https:\/\/candas365.es\/noticias\/#organization"}}]},"og:locale":"es_ES","og:site_name":"Cand\u00e1s 365","og:type":"article","og:title":"Simulacro en las instalaciones de la Central T\u00e9rmica de Abo\u00f1o | Cand\u00e1s 365","og:description":"El Servicio de Emergencias del Principado de Asturias (SEPA), en colaboraci\u00f3n con los responsables de EDP, llevar\u00e1n cabo el pr\u00f3ximo jueves, d\u00eda 23 de noviembre, un simulacro de emergencia en las instalaciones de la Central T\u00e9rmica de Abo\u00f1o. La hip\u00f3tesis accidental ser\u00e1 la fuga de gas de horno alto por un agujero producido en la","og:url":"https:\/\/candas365.es\/noticias\/simulacro-en-las-instalaciones-de-la-central-termica-de-abono\/","og:image":"https:\/\/candas365.es\/noticias\/wp-content\/uploads\/2014\/12\/Termica-Abo\u00f1o.jpg","og:image:secure_url":"https:\/\/candas365.es\/noticias\/wp-content\/uploads\/2014\/12\/Termica-Abo\u00f1o.jpg","og:image:width":2048,"og:image:height":1536,"article:published_time":"2017-11-21T19:24:40+00:00","article:modified_time":"2017-11-21T19:24:40+00:00","article:publisher":"https:\/\/www.facebook.com\/Nachofdezber","article:author":"https:\/\/www.facebook.com\/carrenoactualidad","twitter:card":"summary_large_image","twitter:site":"@NabercoDigital","twitter:title":"Simulacro en las instalaciones de la Central T\u00e9rmica de Abo\u00f1o | Cand\u00e1s 365","twitter:description":"El Servicio de Emergencias del Principado de Asturias (SEPA), en colaboraci\u00f3n con los responsables de EDP, llevar\u00e1n cabo el pr\u00f3ximo jueves, d\u00eda 23 de noviembre, un simulacro de emergencia en las instalaciones de la Central T\u00e9rmica de Abo\u00f1o. La hip\u00f3tesis accidental ser\u00e1 la fuga de gas de horno alto por un agujero producido en la","twitter:creator":"@nbasturias","twitter:image":"https:\/\/candas365.es\/noticias\/wp-content\/uploads\/2014\/12\/Termica-Abo\u00f1o.jpg","twitter:label1":"Escrito por","twitter:data1":"Cand\u00e1s 365","twitter:label2":"Tiempo de lectura estimado","twitter:data2":"2 minutos"},"aioseo_meta_data":{"post_id":"85110","title":null,"description":null,"keywords":null,"keyphrases":null,"primary_term":null,"canonical_url":null,"og_title":null,"og_description":null,"og_object_type":"default","og_image_type":"default","og_image_url":null,"og_image_width":null,"og_image_height":null,"og_image_custom_url":null,"og_image_custom_fields":null,"og_video":null,"og_custom_url":null,"og_article_section":null,"og_article_tags":null,"twitter_use_og":false,"twitter_card":"default","twitter_image_type":"default","twitter_image_url":null,"twitter_image_custom_url":null,"twitter_image_custom_fields":null,"twitter_title":null,"twitter_description":null,"schema":{"blockGraphs":[],"customGraphs":[],"default":{"data":{"Article":[],"Course":[],"Dataset":[],"FAQPage":[],"Movie":[],"Person":[],"Product":[],"ProductReview":[],"Car":[],"Recipe":[],"Service":[],"SoftwareApplication":[],"WebPage":[]},"graphName":"","isEnabled":true},"graphs":[],"defaultGraph":"","defaultPostTypeGraph":""},"schema_type":null,"schema_type_options":null,"pillar_content":false,"robots_default":true,"robots_noindex":false,"robots_noarchive":false,"robots_nosnippet":false,"robots_nofollow":false,"robots_noimageindex":false,"robots_noodp":false,"robots_notranslate":false,"robots_max_snippet":null,"robots_max_videopreview":null,"robots_max_imagepreview":"large","priority":null,"frequency":null,"location":null,"local_seo":null,"seo_analyzer_scan_date":"2025-08-26 06:34:14","breadcrumb_settings":null,"limit_modified_date":false,"reviewed_by":null,"open_ai":null,"ai":null,"created":"2020-12-21 12:21:54","updated":"2025-08-26 06:34:14"},"aioseo_breadcrumb":"<div class=\"aioseo-breadcrumbs\"><span class=\"aioseo-breadcrumb\">\n\t<a href=\"https:\/\/candas365.es\/noticias\" title=\"Home\">Home<\/a>\n<\/span><span class=\"aioseo-breadcrumb-separator\">&ndash;<\/span><span class=\"aioseo-breadcrumb\">\n\t<a href=\"https:\/\/candas365.es\/noticias\/category\/noticias-carreno\/\" title=\"Noticias Carre\u00f1o\">Noticias Carre\u00f1o<\/a>\n<\/span><span class=\"aioseo-breadcrumb-separator\">&ndash;<\/span><span class=\"aioseo-breadcrumb\">\n\tSimulacro en las instalaciones de la Central T\u00e9rmica de Abo\u00f1o\n<\/span><\/div>","aioseo_breadcrumb_json":[{"label":"Home","link":"https:\/\/candas365.es\/noticias"},{"label":"Noticias Carre\u00f1o","link":"https:\/\/candas365.es\/noticias\/category\/noticias-carreno\/"},{"label":"Simulacro en las instalaciones de la Central T\u00e9rmica de Abo\u00f1o","link":"https:\/\/candas365.es\/noticias\/simulacro-en-las-instalaciones-de-la-central-termica-de-abono\/"}],"_links":{"self":[{"href":"https:\/\/candas365.es\/noticias\/wp-json\/wp\/v2\/posts\/85110","targetHints":{"allow":["GET"]}}],"collection":[{"href":"https:\/\/candas365.es\/noticias\/wp-json\/wp\/v2\/posts"}],"about":[{"href":"https:\/\/candas365.es\/noticias\/wp-json\/wp\/v2\/types\/post"}],"author":[{"embeddable":true,"href":"https:\/\/candas365.es\/noticias\/wp-json\/wp\/v2\/users\/1"}],"replies":[{"embeddable":true,"href":"https:\/\/candas365.es\/noticias\/wp-json\/wp\/v2\/comments?post=85110"}],"version-history":[{"count":0,"href":"https:\/\/candas365.es\/noticias\/wp-json\/wp\/v2\/posts\/85110\/revisions"}],"wp:featuredmedia":[{"embeddable":true,"href":"https:\/\/candas365.es\/noticias\/wp-json\/wp\/v2\/media\/5949"}],"wp:attachment":[{"href":"https:\/\/candas365.es\/noticias\/wp-json\/wp\/v2\/media?parent=85110"}],"wp:term":[{"taxonomy":"category","embeddable":true,"href":"https:\/\/candas365.es\/noticias\/wp-json\/wp\/v2\/categories?post=85110"},{"taxonomy":"post_tag","embeddable":true,"href":"https:\/\/candas365.es\/noticias\/wp-json\/wp\/v2\/tags?post=85110"}],"curies":[{"name":"wp","href":"https:\/\/api.w.org\/{rel}","templated":true}]}}