{"id":84901,"date":"2017-11-18T08:50:18","date_gmt":"2017-11-18T08:50:18","guid":{"rendered":"http:\/\/candas365.es\/noticias\/?p=84901"},"modified":"2017-11-18T08:50:18","modified_gmt":"2017-11-18T08:50:18","slug":"agua-el-sabado-en-al-filo-de-lo-imposible","status":"publish","type":"post","link":"https:\/\/candas365.es\/noticias\/agua-el-sabado-en-al-filo-de-lo-imposible\/","title":{"rendered":"\u201cAgua\u201d el s\u00e1bado en &#8216;Al filo de lo imposible&#8217;"},"content":{"rendered":"<p><img fetchpriority=\"high\" decoding=\"async\" class=\"alignleft size-medium wp-image-84902\" src=\"https:\/\/candas365.es\/noticias\/wp-content\/uploads\/2017\/11\/1510915418090-360x270.jpg\" alt=\"\" width=\"360\" height=\"270\" srcset=\"https:\/\/candas365.es\/noticias\/wp-content\/uploads\/2017\/11\/1510915418090-360x270.jpg 360w, https:\/\/candas365.es\/noticias\/wp-content\/uploads\/2017\/11\/1510915418090-768x576.jpg 768w, https:\/\/candas365.es\/noticias\/wp-content\/uploads\/2017\/11\/1510915418090-640x480.jpg 640w, https:\/\/candas365.es\/noticias\/wp-content\/uploads\/2017\/11\/1510915418090-80x60.jpg 80w, https:\/\/candas365.es\/noticias\/wp-content\/uploads\/2017\/11\/1510915418090-265x198.jpg 265w, https:\/\/candas365.es\/noticias\/wp-content\/uploads\/2017\/11\/1510915418090-696x522.jpg 696w, https:\/\/candas365.es\/noticias\/wp-content\/uploads\/2017\/11\/1510915418090-560x420.jpg 560w, https:\/\/candas365.es\/noticias\/wp-content\/uploads\/2017\/11\/1510915418090-90x67.jpg 90w, https:\/\/candas365.es\/noticias\/wp-content\/uploads\/2017\/11\/1510915418090.jpg 800w\" sizes=\"(max-width: 360px) 100vw, 360px\" \/>&#8216;Al filo de lo imposible&#8217; emite esta semana una entrega monogr\u00e1fica con vivencias en el medio acu\u00e1tico que resultan toda una aventura submarina. Se muestran experiencias de espeleobuceo, apnea deportiva, kayak alpino en marcos excepcionales como la Fuentona de Muriel, los Cenotes Sagrados de Yucat\u00e1n, las aguas del Mediterr\u00e1neo o la bah\u00eda escocesa de Scapa Flow.<\/p>\n<p>Las grandes expediciones acu\u00e1ticas de &#8216;Al filo de lo imposible&#8217; tuvieron su primer contacto en uno de los tubos volc\u00e1nicos m\u00e1s largos e impresionantes del mundo: el t\u00fanel de la Atl\u00e1ntida.<\/p>\n<p>La Fuentona de Muriel, en Soria, es una cavidad \u00fanica en la Pen\u00ednsula Ib\u00e9rica solo al alcance de aquellos capaces de traspasar un sif\u00f3n a m\u00e1s de 50 metros de profundidad. Un lugar guardado por la oscuridad que siempre estar\u00e1 ligado al espeleobuceo y a sus espectaculares avances.<\/p>\n<p>Los Cenotes Sagrados de Yucat\u00e1n han sido durante siglos uno de los tesoros vitales para los mayas. Un universo desconocido de infinita belleza y misterio. Son cavidades que se originan por la filtraci\u00f3n constante de agua sobre la piedra caliza y que forman un gigantesco laberinto de galer\u00edas inundadas. Adem\u00e1s de atesorar un inmenso patrimonio natural, guarda la memoria de la civilizaci\u00f3n maya.<\/p>\n<p>En la bah\u00eda escocesa de Scapa Flow se viven una de las aventuras submarinas m\u00e1s emocionantes. En junio de 1919, al finalizar la primera guerra mundial, la bah\u00eda fue testigo de un hecho ins\u00f3lito: el hundimiento de toda la flota alemana que estaba fondeada all\u00ed. En ninguna otra parte del mundo hay un cementerio submarino con tal concentraci\u00f3n de buques de guerra.<\/p>\n<p>Las aguas del Mediterr\u00e1neo esconden desde hace siglos buques y nav\u00edos que en su d\u00eda surcaron los mares. Pero es en la costa de Tarragona donde se encuentran los restos de un barco que particip\u00f3 en una de las aventuras m\u00e1s asombrosas de la historia naval.<\/p>\n<p>En la historia de la apnea deportiva, solo seis hombres han sido capaces de descender por debajo de los 120 metros de profundidad con una sola bocanada de aire. Miguel Lozano, es uno de ellos. Con \u00e9l &#8216;Al filo&#8217; se sumerge en un viaje que lleva a descubrir los sorprendentes secretos que esconde la pr\u00e1ctica del buceo libre.<\/p>\n<p>El primer contacto con las aguas bravas fue en el Pirineo. El atractivo del kayak alpino, no es s\u00f3lo f\u00edsico. El descubrimiento de paisajes excepcionales forma parte de la aventura del descenso. Tras la vivencia pirenaica el equipo se propuso descender en kayak por los r\u00edos con las aguas m\u00e1s salvajes del mundo con la ayuda de Antxon Arza.<\/p>\n","protected":false},"excerpt":{"rendered":"<p>&#8216;Al filo de lo imposible&#8217; emite esta semana una entrega monogr\u00e1fica con vivencias en el medio acu\u00e1tico que resultan toda una aventura submarina. Se muestran experiencias de espeleobuceo, apnea deportiva, kayak alpino en marcos excepcionales como la Fuentona de Muriel, los Cenotes Sagrados de Yucat\u00e1n, las aguas del Mediterr\u00e1neo o la bah\u00eda escocesa de Scapa<\/p>\n","protected":false},"author":1,"featured_media":84902,"comment_status":"closed","ping_status":"closed","sticky":false,"template":"","format":"standard","meta":{"footnotes":""},"categories":[1],"tags":[],"class_list":{"0":"post-84901","1":"post","2":"type-post","3":"status-publish","4":"format-standard","5":"has-post-thumbnail","7":"category-agenda"},"aioseo_notices":[],"aioseo_head":"\n\t\t<!-- All in One SEO Pro 4.9.6.2 - aioseo.com -->\n\t<meta name=\"description\" content=\"&#039;Al filo de lo imposible&#039; emite esta semana una entrega monogr\u00e1fica con vivencias en el medio acu\u00e1tico que resultan toda una aventura submarina. Se muestran experiencias de espeleobuceo, apnea deportiva, kayak alpino en marcos excepcionales como la Fuentona de Muriel, los Cenotes Sagrados de Yucat\u00e1n, las aguas del Mediterr\u00e1neo o la bah\u00eda escocesa de Scapa\" \/>\n\t<meta name=\"robots\" content=\"max-image-preview:large\" \/>\n\t<meta name=\"author\" content=\"Cand\u00e1s 365\"\/>\n\t<meta name=\"google-site-verification\" content=\"UA-32230408-1\" \/>\n\t<meta name=\"msvalidate.01\" content=\"354F3CDFB2DA171B47FBE9ABF1F88D5\" \/>\n\t<meta name=\"keywords\" content=\"agenda\" \/>\n\t<link rel=\"canonical\" href=\"https:\/\/candas365.es\/noticias\/agua-el-sabado-en-al-filo-de-lo-imposible\/\" \/>\n\t<meta name=\"generator\" content=\"All in One SEO Pro (AIOSEO) 4.9.6.2\" \/>\n\t\t<meta property=\"og:locale\" content=\"es_ES\" \/>\n\t\t<meta property=\"og:site_name\" content=\"Cand\u00e1s 365\" \/>\n\t\t<meta property=\"og:type\" content=\"article\" \/>\n\t\t<meta property=\"og:title\" content=\"\u201cAgua\u201d el s\u00e1bado en \u2018Al filo de lo imposible\u2019 | Cand\u00e1s 365\" \/>\n\t\t<meta property=\"og:description\" content=\"&#039;Al filo de lo imposible&#039; emite esta semana una entrega monogr\u00e1fica con vivencias en el medio acu\u00e1tico que resultan toda una aventura submarina. Se muestran experiencias de espeleobuceo, apnea deportiva, kayak alpino en marcos excepcionales como la Fuentona de Muriel, los Cenotes Sagrados de Yucat\u00e1n, las aguas del Mediterr\u00e1neo o la bah\u00eda escocesa de Scapa\" \/>\n\t\t<meta property=\"og:url\" content=\"https:\/\/candas365.es\/noticias\/agua-el-sabado-en-al-filo-de-lo-imposible\/\" \/>\n\t\t<meta property=\"og:image\" content=\"https:\/\/candas365.es\/noticias\/wp-content\/uploads\/2017\/11\/1510915418090.jpg\" \/>\n\t\t<meta property=\"og:image:secure_url\" content=\"https:\/\/candas365.es\/noticias\/wp-content\/uploads\/2017\/11\/1510915418090.jpg\" \/>\n\t\t<meta property=\"og:image:width\" content=\"800\" \/>\n\t\t<meta property=\"og:image:height\" content=\"600\" \/>\n\t\t<meta property=\"article:published_time\" content=\"2017-11-18T08:50:18+00:00\" \/>\n\t\t<meta property=\"article:modified_time\" content=\"2017-11-18T08:50:18+00:00\" \/>\n\t\t<meta property=\"article:publisher\" content=\"https:\/\/www.facebook.com\/Nachofdezber\" \/>\n\t\t<meta property=\"article:author\" content=\"https:\/\/www.facebook.com\/carrenoactualidad\" \/>\n\t\t<meta name=\"twitter:card\" content=\"summary_large_image\" \/>\n\t\t<meta name=\"twitter:site\" content=\"@NabercoDigital\" \/>\n\t\t<meta name=\"twitter:title\" content=\"\u201cAgua\u201d el s\u00e1bado en \u2018Al filo de lo imposible\u2019 | Cand\u00e1s 365\" \/>\n\t\t<meta name=\"twitter:description\" content=\"&#039;Al filo de lo imposible&#039; emite esta semana una entrega monogr\u00e1fica con vivencias en el medio acu\u00e1tico que resultan toda una aventura submarina. Se muestran experiencias de espeleobuceo, apnea deportiva, kayak alpino en marcos excepcionales como la Fuentona de Muriel, los Cenotes Sagrados de Yucat\u00e1n, las aguas del Mediterr\u00e1neo o la bah\u00eda escocesa de Scapa\" \/>\n\t\t<meta name=\"twitter:creator\" content=\"@nbasturias\" \/>\n\t\t<meta name=\"twitter:image\" content=\"https:\/\/candas365.es\/noticias\/wp-content\/uploads\/2017\/11\/1510915418090.jpg\" \/>\n\t\t<meta name=\"twitter:label1\" content=\"Escrito por\" \/>\n\t\t<meta name=\"twitter:data1\" content=\"Cand\u00e1s 365\" \/>\n\t\t<meta name=\"twitter:label2\" content=\"Tiempo de lectura estimado\" \/>\n\t\t<meta name=\"twitter:data2\" content=\"2 minutos\" \/>\n\t\t<script type=\"application\/ld+json\" class=\"aioseo-schema\">\n\t\t\t{\"@context\":\"https:\\\/\\\/schema.org\",\"@graph\":[{\"@type\":\"BreadcrumbList\",\"@id\":\"https:\\\/\\\/candas365.es\\\/noticias\\\/agua-el-sabado-en-al-filo-de-lo-imposible\\\/#breadcrumblist\",\"itemListElement\":[{\"@type\":\"ListItem\",\"@id\":\"https:\\\/\\\/candas365.es\\\/noticias#listItem\",\"position\":1,\"name\":\"Home\",\"item\":\"https:\\\/\\\/candas365.es\\\/noticias\",\"nextItem\":{\"@type\":\"ListItem\",\"@id\":\"https:\\\/\\\/candas365.es\\\/noticias\\\/category\\\/agenda\\\/#listItem\",\"name\":\"Agenda\"}},{\"@type\":\"ListItem\",\"@id\":\"https:\\\/\\\/candas365.es\\\/noticias\\\/category\\\/agenda\\\/#listItem\",\"position\":2,\"name\":\"Agenda\",\"item\":\"https:\\\/\\\/candas365.es\\\/noticias\\\/category\\\/agenda\\\/\",\"nextItem\":{\"@type\":\"ListItem\",\"@id\":\"https:\\\/\\\/candas365.es\\\/noticias\\\/agua-el-sabado-en-al-filo-de-lo-imposible\\\/#listItem\",\"name\":\"\\u201cAgua\\u201d el s\\u00e1bado en &#8216;Al filo de lo imposible&#8217;\"},\"previousItem\":{\"@type\":\"ListItem\",\"@id\":\"https:\\\/\\\/candas365.es\\\/noticias#listItem\",\"name\":\"Home\"}},{\"@type\":\"ListItem\",\"@id\":\"https:\\\/\\\/candas365.es\\\/noticias\\\/agua-el-sabado-en-al-filo-de-lo-imposible\\\/#listItem\",\"position\":3,\"name\":\"\\u201cAgua\\u201d el s\\u00e1bado en &#8216;Al filo de lo imposible&#8217;\",\"previousItem\":{\"@type\":\"ListItem\",\"@id\":\"https:\\\/\\\/candas365.es\\\/noticias\\\/category\\\/agenda\\\/#listItem\",\"name\":\"Agenda\"}}]},{\"@type\":\"NewsArticle\",\"@id\":\"https:\\\/\\\/candas365.es\\\/noticias\\\/agua-el-sabado-en-al-filo-de-lo-imposible\\\/#newsarticle\",\"name\":\"\\u201cAgua\\u201d el s\\u00e1bado en \\u2018Al filo de lo imposible\\u2019 | Cand\\u00e1s 365\",\"headline\":\"\\u201cAgua\\u201d el s\\u00e1bado en &#8216;Al filo de lo imposible&#8217;\",\"author\":{\"@id\":\"https:\\\/\\\/candas365.es\\\/noticias\\\/author\\\/admin\\\/#author\"},\"publisher\":{\"@id\":\"https:\\\/\\\/candas365.es\\\/noticias\\\/#organization\"},\"image\":{\"@type\":\"ImageObject\",\"url\":\"https:\\\/\\\/candas365.es\\\/noticias\\\/wp-content\\\/uploads\\\/2017\\\/11\\\/1510915418090.jpg\",\"width\":800,\"height\":600},\"datePublished\":\"2017-11-18T08:50:18+01:00\",\"dateModified\":\"2017-11-18T08:50:18+01:00\",\"inLanguage\":\"es-ES\",\"mainEntityOfPage\":{\"@id\":\"https:\\\/\\\/candas365.es\\\/noticias\\\/agua-el-sabado-en-al-filo-de-lo-imposible\\\/#webpage\"},\"isPartOf\":{\"@id\":\"https:\\\/\\\/candas365.es\\\/noticias\\\/agua-el-sabado-en-al-filo-de-lo-imposible\\\/#webpage\"},\"articleSection\":\"Agenda\",\"dateline\":\"Publicado el noviembre 18, 2017.\"},{\"@type\":\"Organization\",\"@id\":\"https:\\\/\\\/candas365.es\\\/noticias\\\/#organization\",\"name\":\"Cand\\u00e1s 365\",\"description\":\"Cand\\u00e1s 365 es un diario digital independiente, fundado en 2012, con base en Asturias. Informamos con rigor sobre actualidad, sociedad, cultura y ocio, con una mirada local y global.\",\"url\":\"https:\\\/\\\/candas365.es\\\/noticias\\\/\",\"email\":\"info@candas365.es\",\"telephone\":\"+34652131393\",\"foundingDate\":\"2012-06-10\",\"logo\":{\"@type\":\"ImageObject\",\"url\":\"https:\\\/\\\/candas365.es\\\/noticias\\\/wp-content\\\/uploads\\\/2024\\\/09\\\/Candas-365-Redes.jpg\",\"@id\":\"https:\\\/\\\/candas365.es\\\/noticias\\\/agua-el-sabado-en-al-filo-de-lo-imposible\\\/#organizationLogo\",\"width\":1152,\"height\":864,\"caption\":\"Cand\\u00e1s 365 Redes\"},\"image\":{\"@id\":\"https:\\\/\\\/candas365.es\\\/noticias\\\/agua-el-sabado-en-al-filo-de-lo-imposible\\\/#organizationLogo\"},\"sameAs\":[\"https:\\\/\\\/www.facebook.com\\\/Nachofdezber\",\"https:\\\/\\\/x.com\\\/NabercoDigital\",\"https:\\\/\\\/www.instagram.com\\\/nachofdezber\\\/\",\"https:\\\/\\\/www.youtube.com\\\/channel\\\/UCZP-2wLEB9Rv6erhFmqVnvg\"],\"address\":{\"@id\":\"https:\\\/\\\/candas365.es\\\/noticias\\\/#postaladdress\",\"@type\":\"PostalAddress\",\"streetAddress\":\"san antonio 4, san antonio 4\",\"postalCode\":\"33430\",\"addressLocality\":\"Cand\\u00e1s\",\"addressRegion\":\"Asturias\",\"addressCountry\":\"ES\"}},{\"@type\":\"Person\",\"@id\":\"https:\\\/\\\/candas365.es\\\/noticias\\\/author\\\/admin\\\/#author\",\"url\":\"https:\\\/\\\/candas365.es\\\/noticias\\\/author\\\/admin\\\/\",\"name\":\"Cand\\u00e1s 365\",\"image\":{\"@type\":\"ImageObject\",\"@id\":\"https:\\\/\\\/candas365.es\\\/noticias\\\/agua-el-sabado-en-al-filo-de-lo-imposible\\\/#authorImage\",\"url\":\"https:\\\/\\\/secure.gravatar.com\\\/avatar\\\/496a8e03d0c493ede1718b7934145dbdf8d89be1036b0eec9544e1094c9de390?s=96&d=mm&r=g\",\"width\":96,\"height\":96,\"caption\":\"Cand\\u00e1s 365\"},\"sameAs\":[\"https:\\\/\\\/www.facebook.com\\\/carrenoactualidad\",\"https:\\\/\\\/twitter.com\\\/nbasturias\",\"https:\\\/\\\/www.instagram.com\\\/nachofdezber\\\/\",\"https:\\\/\\\/www.youtube.com\\\/channel\\\/UCZP-2wLEB9Rv6erhFmqVnvg\"]},{\"@type\":\"WebPage\",\"@id\":\"https:\\\/\\\/candas365.es\\\/noticias\\\/agua-el-sabado-en-al-filo-de-lo-imposible\\\/#webpage\",\"url\":\"https:\\\/\\\/candas365.es\\\/noticias\\\/agua-el-sabado-en-al-filo-de-lo-imposible\\\/\",\"name\":\"\\u201cAgua\\u201d el s\\u00e1bado en \\u2018Al filo de lo imposible\\u2019 | Cand\\u00e1s 365\",\"description\":\"'Al filo de lo imposible' emite esta semana una entrega monogr\\u00e1fica con vivencias en el medio acu\\u00e1tico que resultan toda una aventura submarina. Se muestran experiencias de espeleobuceo, apnea deportiva, kayak alpino en marcos excepcionales como la Fuentona de Muriel, los Cenotes Sagrados de Yucat\\u00e1n, las aguas del Mediterr\\u00e1neo o la bah\\u00eda escocesa de Scapa\",\"inLanguage\":\"es-ES\",\"isPartOf\":{\"@id\":\"https:\\\/\\\/candas365.es\\\/noticias\\\/#website\"},\"breadcrumb\":{\"@id\":\"https:\\\/\\\/candas365.es\\\/noticias\\\/agua-el-sabado-en-al-filo-de-lo-imposible\\\/#breadcrumblist\"},\"author\":{\"@id\":\"https:\\\/\\\/candas365.es\\\/noticias\\\/author\\\/admin\\\/#author\"},\"creator\":{\"@id\":\"https:\\\/\\\/candas365.es\\\/noticias\\\/author\\\/admin\\\/#author\"},\"image\":{\"@type\":\"ImageObject\",\"url\":\"https:\\\/\\\/candas365.es\\\/noticias\\\/wp-content\\\/uploads\\\/2017\\\/11\\\/1510915418090.jpg\",\"@id\":\"https:\\\/\\\/candas365.es\\\/noticias\\\/agua-el-sabado-en-al-filo-de-lo-imposible\\\/#mainImage\",\"width\":800,\"height\":600},\"primaryImageOfPage\":{\"@id\":\"https:\\\/\\\/candas365.es\\\/noticias\\\/agua-el-sabado-en-al-filo-de-lo-imposible\\\/#mainImage\"},\"datePublished\":\"2017-11-18T08:50:18+01:00\",\"dateModified\":\"2017-11-18T08:50:18+01:00\"},{\"@type\":\"WebSite\",\"@id\":\"https:\\\/\\\/candas365.es\\\/noticias\\\/#website\",\"url\":\"https:\\\/\\\/candas365.es\\\/noticias\\\/\",\"name\":\"Cand\\u00e1s 365\",\"alternateName\":\"Cand\\u00e1s 365 Noticias\",\"description\":\"Actualidad desde Carre\\u00f1o para el mundo\",\"inLanguage\":\"es-ES\",\"publisher\":{\"@id\":\"https:\\\/\\\/candas365.es\\\/noticias\\\/#organization\"}}]}\n\t\t<\/script>\n\t\t<!-- All in One SEO Pro -->\r\n\t\t<title>\u201cAgua\u201d el s\u00e1bado en \u2018Al filo de lo imposible\u2019 | Cand\u00e1s 365<\/title>\n\n","aioseo_head_json":{"title":"\u201cAgua\u201d el s\u00e1bado en \u2018Al filo de lo imposible\u2019 | Cand\u00e1s 365","description":"'Al filo de lo imposible' emite esta semana una entrega monogr\u00e1fica con vivencias en el medio acu\u00e1tico que resultan toda una aventura submarina. Se muestran experiencias de espeleobuceo, apnea deportiva, kayak alpino en marcos excepcionales como la Fuentona de Muriel, los Cenotes Sagrados de Yucat\u00e1n, las aguas del Mediterr\u00e1neo o la bah\u00eda escocesa de Scapa","canonical_url":"https:\/\/candas365.es\/noticias\/agua-el-sabado-en-al-filo-de-lo-imposible\/","robots":"max-image-preview:large","keywords":"agenda","webmasterTools":{"google-site-verification":"UA-32230408-1","msvalidate.01":"354F3CDFB2DA171B47FBE9ABF1F88D5","miscellaneous":""},"schema":{"@context":"https:\/\/schema.org","@graph":[{"@type":"BreadcrumbList","@id":"https:\/\/candas365.es\/noticias\/agua-el-sabado-en-al-filo-de-lo-imposible\/#breadcrumblist","itemListElement":[{"@type":"ListItem","@id":"https:\/\/candas365.es\/noticias#listItem","position":1,"name":"Home","item":"https:\/\/candas365.es\/noticias","nextItem":{"@type":"ListItem","@id":"https:\/\/candas365.es\/noticias\/category\/agenda\/#listItem","name":"Agenda"}},{"@type":"ListItem","@id":"https:\/\/candas365.es\/noticias\/category\/agenda\/#listItem","position":2,"name":"Agenda","item":"https:\/\/candas365.es\/noticias\/category\/agenda\/","nextItem":{"@type":"ListItem","@id":"https:\/\/candas365.es\/noticias\/agua-el-sabado-en-al-filo-de-lo-imposible\/#listItem","name":"\u201cAgua\u201d el s\u00e1bado en &#8216;Al filo de lo imposible&#8217;"},"previousItem":{"@type":"ListItem","@id":"https:\/\/candas365.es\/noticias#listItem","name":"Home"}},{"@type":"ListItem","@id":"https:\/\/candas365.es\/noticias\/agua-el-sabado-en-al-filo-de-lo-imposible\/#listItem","position":3,"name":"\u201cAgua\u201d el s\u00e1bado en &#8216;Al filo de lo imposible&#8217;","previousItem":{"@type":"ListItem","@id":"https:\/\/candas365.es\/noticias\/category\/agenda\/#listItem","name":"Agenda"}}]},{"@type":"NewsArticle","@id":"https:\/\/candas365.es\/noticias\/agua-el-sabado-en-al-filo-de-lo-imposible\/#newsarticle","name":"\u201cAgua\u201d el s\u00e1bado en \u2018Al filo de lo imposible\u2019 | Cand\u00e1s 365","headline":"\u201cAgua\u201d el s\u00e1bado en &#8216;Al filo de lo imposible&#8217;","author":{"@id":"https:\/\/candas365.es\/noticias\/author\/admin\/#author"},"publisher":{"@id":"https:\/\/candas365.es\/noticias\/#organization"},"image":{"@type":"ImageObject","url":"https:\/\/candas365.es\/noticias\/wp-content\/uploads\/2017\/11\/1510915418090.jpg","width":800,"height":600},"datePublished":"2017-11-18T08:50:18+01:00","dateModified":"2017-11-18T08:50:18+01:00","inLanguage":"es-ES","mainEntityOfPage":{"@id":"https:\/\/candas365.es\/noticias\/agua-el-sabado-en-al-filo-de-lo-imposible\/#webpage"},"isPartOf":{"@id":"https:\/\/candas365.es\/noticias\/agua-el-sabado-en-al-filo-de-lo-imposible\/#webpage"},"articleSection":"Agenda","dateline":"Publicado el noviembre 18, 2017."},{"@type":"Organization","@id":"https:\/\/candas365.es\/noticias\/#organization","name":"Cand\u00e1s 365","description":"Cand\u00e1s 365 es un diario digital independiente, fundado en 2012, con base en Asturias. Informamos con rigor sobre actualidad, sociedad, cultura y ocio, con una mirada local y global.","url":"https:\/\/candas365.es\/noticias\/","email":"info@candas365.es","telephone":"+34652131393","foundingDate":"2012-06-10","logo":{"@type":"ImageObject","url":"https:\/\/candas365.es\/noticias\/wp-content\/uploads\/2024\/09\/Candas-365-Redes.jpg","@id":"https:\/\/candas365.es\/noticias\/agua-el-sabado-en-al-filo-de-lo-imposible\/#organizationLogo","width":1152,"height":864,"caption":"Cand\u00e1s 365 Redes"},"image":{"@id":"https:\/\/candas365.es\/noticias\/agua-el-sabado-en-al-filo-de-lo-imposible\/#organizationLogo"},"sameAs":["https:\/\/www.facebook.com\/Nachofdezber","https:\/\/x.com\/NabercoDigital","https:\/\/www.instagram.com\/nachofdezber\/","https:\/\/www.youtube.com\/channel\/UCZP-2wLEB9Rv6erhFmqVnvg"],"address":{"@id":"https:\/\/candas365.es\/noticias\/#postaladdress","@type":"PostalAddress","streetAddress":"san antonio 4, san antonio 4","postalCode":"33430","addressLocality":"Cand\u00e1s","addressRegion":"Asturias","addressCountry":"ES"}},{"@type":"Person","@id":"https:\/\/candas365.es\/noticias\/author\/admin\/#author","url":"https:\/\/candas365.es\/noticias\/author\/admin\/","name":"Cand\u00e1s 365","image":{"@type":"ImageObject","@id":"https:\/\/candas365.es\/noticias\/agua-el-sabado-en-al-filo-de-lo-imposible\/#authorImage","url":"https:\/\/secure.gravatar.com\/avatar\/496a8e03d0c493ede1718b7934145dbdf8d89be1036b0eec9544e1094c9de390?s=96&d=mm&r=g","width":96,"height":96,"caption":"Cand\u00e1s 365"},"sameAs":["https:\/\/www.facebook.com\/carrenoactualidad","https:\/\/twitter.com\/nbasturias","https:\/\/www.instagram.com\/nachofdezber\/","https:\/\/www.youtube.com\/channel\/UCZP-2wLEB9Rv6erhFmqVnvg"]},{"@type":"WebPage","@id":"https:\/\/candas365.es\/noticias\/agua-el-sabado-en-al-filo-de-lo-imposible\/#webpage","url":"https:\/\/candas365.es\/noticias\/agua-el-sabado-en-al-filo-de-lo-imposible\/","name":"\u201cAgua\u201d el s\u00e1bado en \u2018Al filo de lo imposible\u2019 | Cand\u00e1s 365","description":"'Al filo de lo imposible' emite esta semana una entrega monogr\u00e1fica con vivencias en el medio acu\u00e1tico que resultan toda una aventura submarina. Se muestran experiencias de espeleobuceo, apnea deportiva, kayak alpino en marcos excepcionales como la Fuentona de Muriel, los Cenotes Sagrados de Yucat\u00e1n, las aguas del Mediterr\u00e1neo o la bah\u00eda escocesa de Scapa","inLanguage":"es-ES","isPartOf":{"@id":"https:\/\/candas365.es\/noticias\/#website"},"breadcrumb":{"@id":"https:\/\/candas365.es\/noticias\/agua-el-sabado-en-al-filo-de-lo-imposible\/#breadcrumblist"},"author":{"@id":"https:\/\/candas365.es\/noticias\/author\/admin\/#author"},"creator":{"@id":"https:\/\/candas365.es\/noticias\/author\/admin\/#author"},"image":{"@type":"ImageObject","url":"https:\/\/candas365.es\/noticias\/wp-content\/uploads\/2017\/11\/1510915418090.jpg","@id":"https:\/\/candas365.es\/noticias\/agua-el-sabado-en-al-filo-de-lo-imposible\/#mainImage","width":800,"height":600},"primaryImageOfPage":{"@id":"https:\/\/candas365.es\/noticias\/agua-el-sabado-en-al-filo-de-lo-imposible\/#mainImage"},"datePublished":"2017-11-18T08:50:18+01:00","dateModified":"2017-11-18T08:50:18+01:00"},{"@type":"WebSite","@id":"https:\/\/candas365.es\/noticias\/#website","url":"https:\/\/candas365.es\/noticias\/","name":"Cand\u00e1s 365","alternateName":"Cand\u00e1s 365 Noticias","description":"Actualidad desde Carre\u00f1o para el mundo","inLanguage":"es-ES","publisher":{"@id":"https:\/\/candas365.es\/noticias\/#organization"}}]},"og:locale":"es_ES","og:site_name":"Cand\u00e1s 365","og:type":"article","og:title":"\u201cAgua\u201d el s\u00e1bado en \u2018Al filo de lo imposible\u2019 | Cand\u00e1s 365","og:description":"'Al filo de lo imposible' emite esta semana una entrega monogr\u00e1fica con vivencias en el medio acu\u00e1tico que resultan toda una aventura submarina. Se muestran experiencias de espeleobuceo, apnea deportiva, kayak alpino en marcos excepcionales como la Fuentona de Muriel, los Cenotes Sagrados de Yucat\u00e1n, las aguas del Mediterr\u00e1neo o la bah\u00eda escocesa de Scapa","og:url":"https:\/\/candas365.es\/noticias\/agua-el-sabado-en-al-filo-de-lo-imposible\/","og:image":"https:\/\/candas365.es\/noticias\/wp-content\/uploads\/2017\/11\/1510915418090.jpg","og:image:secure_url":"https:\/\/candas365.es\/noticias\/wp-content\/uploads\/2017\/11\/1510915418090.jpg","og:image:width":800,"og:image:height":600,"article:published_time":"2017-11-18T08:50:18+00:00","article:modified_time":"2017-11-18T08:50:18+00:00","article:publisher":"https:\/\/www.facebook.com\/Nachofdezber","article:author":"https:\/\/www.facebook.com\/carrenoactualidad","twitter:card":"summary_large_image","twitter:site":"@NabercoDigital","twitter:title":"\u201cAgua\u201d el s\u00e1bado en \u2018Al filo de lo imposible\u2019 | Cand\u00e1s 365","twitter:description":"'Al filo de lo imposible' emite esta semana una entrega monogr\u00e1fica con vivencias en el medio acu\u00e1tico que resultan toda una aventura submarina. Se muestran experiencias de espeleobuceo, apnea deportiva, kayak alpino en marcos excepcionales como la Fuentona de Muriel, los Cenotes Sagrados de Yucat\u00e1n, las aguas del Mediterr\u00e1neo o la bah\u00eda escocesa de Scapa","twitter:creator":"@nbasturias","twitter:image":"https:\/\/candas365.es\/noticias\/wp-content\/uploads\/2017\/11\/1510915418090.jpg","twitter:label1":"Escrito por","twitter:data1":"Cand\u00e1s 365","twitter:label2":"Tiempo de lectura estimado","twitter:data2":"2 minutos"},"aioseo_meta_data":{"post_id":"84901","title":null,"description":null,"keywords":null,"keyphrases":null,"primary_term":null,"canonical_url":null,"og_title":null,"og_description":null,"og_object_type":"default","og_image_type":"default","og_image_url":null,"og_image_width":null,"og_image_height":null,"og_image_custom_url":null,"og_image_custom_fields":null,"og_video":null,"og_custom_url":null,"og_article_section":null,"og_article_tags":null,"twitter_use_og":false,"twitter_card":"default","twitter_image_type":"default","twitter_image_url":null,"twitter_image_custom_url":null,"twitter_image_custom_fields":null,"twitter_title":null,"twitter_description":null,"schema":{"blockGraphs":[],"customGraphs":[],"default":{"data":{"Article":[],"Course":[],"Dataset":[],"FAQPage":[],"Movie":[],"Person":[],"Product":[],"ProductReview":[],"Car":[],"Recipe":[],"Service":[],"SoftwareApplication":[],"WebPage":[]},"graphName":"","isEnabled":true},"graphs":[],"defaultGraph":"","defaultPostTypeGraph":""},"schema_type":null,"schema_type_options":null,"pillar_content":false,"robots_default":true,"robots_noindex":false,"robots_noarchive":false,"robots_nosnippet":false,"robots_nofollow":false,"robots_noimageindex":false,"robots_noodp":false,"robots_notranslate":false,"robots_max_snippet":null,"robots_max_videopreview":null,"robots_max_imagepreview":"large","priority":null,"frequency":null,"location":null,"local_seo":null,"seo_analyzer_scan_date":"2025-08-26 06:16:10","breadcrumb_settings":null,"limit_modified_date":false,"reviewed_by":null,"open_ai":null,"ai":null,"created":"2020-12-21 12:22:59","updated":"2025-08-26 06:16:10"},"aioseo_breadcrumb":"<div class=\"aioseo-breadcrumbs\"><span class=\"aioseo-breadcrumb\">\n\t<a href=\"https:\/\/candas365.es\/noticias\" title=\"Home\">Home<\/a>\n<\/span><span class=\"aioseo-breadcrumb-separator\">&ndash;<\/span><span class=\"aioseo-breadcrumb\">\n\t<a href=\"https:\/\/candas365.es\/noticias\/category\/agenda\/\" title=\"Agenda\">Agenda<\/a>\n<\/span><span class=\"aioseo-breadcrumb-separator\">&ndash;<\/span><span class=\"aioseo-breadcrumb\">\n\t\u201cAgua\u201d el s\u00e1bado en \u2018Al filo de lo imposible\u2019\n<\/span><\/div>","aioseo_breadcrumb_json":[{"label":"Home","link":"https:\/\/candas365.es\/noticias"},{"label":"Agenda","link":"https:\/\/candas365.es\/noticias\/category\/agenda\/"},{"label":"\u201cAgua\u201d el s\u00e1bado en &#8216;Al filo de lo imposible&#8217;","link":"https:\/\/candas365.es\/noticias\/agua-el-sabado-en-al-filo-de-lo-imposible\/"}],"_links":{"self":[{"href":"https:\/\/candas365.es\/noticias\/wp-json\/wp\/v2\/posts\/84901","targetHints":{"allow":["GET"]}}],"collection":[{"href":"https:\/\/candas365.es\/noticias\/wp-json\/wp\/v2\/posts"}],"about":[{"href":"https:\/\/candas365.es\/noticias\/wp-json\/wp\/v2\/types\/post"}],"author":[{"embeddable":true,"href":"https:\/\/candas365.es\/noticias\/wp-json\/wp\/v2\/users\/1"}],"replies":[{"embeddable":true,"href":"https:\/\/candas365.es\/noticias\/wp-json\/wp\/v2\/comments?post=84901"}],"version-history":[{"count":0,"href":"https:\/\/candas365.es\/noticias\/wp-json\/wp\/v2\/posts\/84901\/revisions"}],"wp:featuredmedia":[{"embeddable":true,"href":"https:\/\/candas365.es\/noticias\/wp-json\/wp\/v2\/media\/84902"}],"wp:attachment":[{"href":"https:\/\/candas365.es\/noticias\/wp-json\/wp\/v2\/media?parent=84901"}],"wp:term":[{"taxonomy":"category","embeddable":true,"href":"https:\/\/candas365.es\/noticias\/wp-json\/wp\/v2\/categories?post=84901"},{"taxonomy":"post_tag","embeddable":true,"href":"https:\/\/candas365.es\/noticias\/wp-json\/wp\/v2\/tags?post=84901"}],"curies":[{"name":"wp","href":"https:\/\/api.w.org\/{rel}","templated":true}]}}