{"id":84897,"date":"2017-11-18T08:46:45","date_gmt":"2017-11-18T08:46:45","guid":{"rendered":"http:\/\/candas365.es\/noticias\/?p=84897"},"modified":"2017-11-18T08:46:45","modified_gmt":"2017-11-18T08:46:45","slug":"homenaje-a-chiquito-de-la-calzada-en-informe-semanal","status":"publish","type":"post","link":"https:\/\/candas365.es\/noticias\/homenaje-a-chiquito-de-la-calzada-en-informe-semanal\/","title":{"rendered":"Homenaje a Chiquito de la Calzada en &#8216;Informe semanal&#8217;"},"content":{"rendered":"<p><img fetchpriority=\"high\" decoding=\"async\" class=\"alignleft size-medium wp-image-83555\" src=\"https:\/\/candas365.es\/noticias\/wp-content\/uploads\/2017\/11\/TV-2559790_960_720-360x240.jpg\" alt=\"\" width=\"360\" height=\"240\" srcset=\"https:\/\/candas365.es\/noticias\/wp-content\/uploads\/2017\/11\/TV-2559790_960_720-360x240.jpg 360w, https:\/\/candas365.es\/noticias\/wp-content\/uploads\/2017\/11\/TV-2559790_960_720-768x512.jpg 768w, https:\/\/candas365.es\/noticias\/wp-content\/uploads\/2017\/11\/TV-2559790_960_720-655x437.jpg 655w, https:\/\/candas365.es\/noticias\/wp-content\/uploads\/2017\/11\/TV-2559790_960_720-696x464.jpg 696w, https:\/\/candas365.es\/noticias\/wp-content\/uploads\/2017\/11\/TV-2559790_960_720-630x420.jpg 630w, https:\/\/candas365.es\/noticias\/wp-content\/uploads\/2017\/11\/TV-2559790_960_720-84x55.jpg 84w, https:\/\/candas365.es\/noticias\/wp-content\/uploads\/2017\/11\/TV-2559790_960_720.jpg 960w\" sizes=\"(max-width: 360px) 100vw, 360px\" \/>&#8216;Informe semanal&#8217; cuenta con expertos de distintas materias para analizar la situaci\u00f3n de Catalu\u00f1a a poco m\u00e1s de un mes del 21-D.<\/p>\n<p>Adem\u00e1s, el informativo de gran formato que dirige y presenta Jenaro Castro abordar\u00e1 la injerencia rusa en la crisis de Catalu\u00f1a y rendir\u00e1 homenaje a Chiquito de la Calzada tras su reciente fallecimiento.<\/p>\n<p><strong>&#8216;El arma perfecta&#8217;<\/strong><\/p>\n<p>Las autoridades europeas han decidido esta semana trabajar coordinadamente para neutralizar los efectos de la propaganda a trav\u00e9s de Internet. Este reportaje aborda la injerencia rusa en la crisis de Catalu\u00f1a y cuenta con la participaci\u00f3n de Andrei Soldatov, periodista de Investigaci\u00f3n experto en Servicios Secretos rusos; Serguei Lozhkin, investigador del Kaspersky Lab; Yaroslav Trakalo, portavoz de la Polic\u00eda de Ucrania; Dimitry Volkov, Jefe de Investigaci\u00f3n de Group IB; Vladimir Zhirinovski, l\u00edder del partido Liberal Democr\u00e1tico Ruso; y David Alandete, director adjunto de El Pa\u00eds.<\/p>\n<p><strong>&#8216;La balanza de la justicia&#8217;<\/strong><\/p>\n<p>La situaci\u00f3n legal de los componentes del \u00faltimo gobierno catal\u00e1n y de la Mesa del Parlament es analizada por &#8216;Informe Semanal&#8217; a poco m\u00e1s de un mes de las elecciones en Catalu\u00f1a. Prestigiosos juristas desvelan los pormenores de las causas abiertas y se pronuncian sobre la separaci\u00f3n de poderes en Espa\u00f1a y la independencia de la Justicia espa\u00f1ola. Intervienen Araceli Mangas, catedr\u00e1tica de Derecho Internacional P\u00fablico de la Universidad Complutense de Madrid; Ignacio Gordillo, Fiscal de la Audiencia Nacional en excedencia; y Juan Alberto Belloch, exministro de Justicia e Interior y actualmente juez.<\/p>\n<p><strong>&#8216;Universo Chiquito&#8217;<\/strong><\/p>\n<p>&#8216;Informe Semanal&#8217; rinde homenaje a Chiquito de la Calzada, fallecido hace una semana a los 85 a\u00f1os. El programa se ha desplazado a M\u00e1laga para entrevistar en exclusiva al \u00fanico hermano vivo de Chiquito, Tom\u00e1s S\u00e1nchez Fern\u00e1ndez, que junto a los testimonios de amigos reconstruye una vida cargada de an\u00e9cdotas y experiencias profesionales. Vicente Pitarch, su bi\u00f3grafo; &#8216;El Morta&#8217;, humorista; Manolo Medina, c\u00f3mico; Pepe de Campillos, cantaor y \u00c1ngel S\u00e1nchez-Rosso, propietario del restaurante &#8216;El Chinitas&#8217; donde Chiquito se form\u00f3 como cantaor flamenco y termin\u00f3 triunfando como humorista. Todos ayudan a glosar la figura de un artista que revolucion\u00f3 el humor y cre\u00f3 un lenguaje propio que conect\u00f3 con la sociedad espa\u00f1ola.<\/p>\n","protected":false},"excerpt":{"rendered":"<p>&#8216;Informe semanal&#8217; cuenta con expertos de distintas materias para analizar la situaci\u00f3n de Catalu\u00f1a a poco m\u00e1s de un mes del 21-D. Adem\u00e1s, el informativo de gran formato que dirige y presenta Jenaro Castro abordar\u00e1 la injerencia rusa en la crisis de Catalu\u00f1a y rendir\u00e1 homenaje a Chiquito de la Calzada tras su reciente fallecimiento.<\/p>\n","protected":false},"author":1,"featured_media":83555,"comment_status":"closed","ping_status":"closed","sticky":false,"template":"","format":"standard","meta":{"footnotes":""},"categories":[1],"tags":[],"class_list":{"0":"post-84897","1":"post","2":"type-post","3":"status-publish","4":"format-standard","5":"has-post-thumbnail","7":"category-agenda"},"aioseo_notices":[],"aioseo_head":"\n\t\t<!-- All in One SEO Pro 4.9.6.2 - aioseo.com -->\n\t<meta name=\"description\" content=\"&#039;Informe semanal&#039; cuenta con expertos de distintas materias para analizar la situaci\u00f3n de Catalu\u00f1a a poco m\u00e1s de un mes del 21-D. Adem\u00e1s, el informativo de gran formato que dirige y presenta Jenaro Castro abordar\u00e1 la injerencia rusa en la crisis de Catalu\u00f1a y rendir\u00e1 homenaje a Chiquito de la Calzada tras su reciente fallecimiento.\" \/>\n\t<meta name=\"robots\" content=\"max-image-preview:large\" \/>\n\t<meta name=\"author\" content=\"Cand\u00e1s 365\"\/>\n\t<meta name=\"google-site-verification\" content=\"UA-32230408-1\" \/>\n\t<meta name=\"msvalidate.01\" content=\"354F3CDFB2DA171B47FBE9ABF1F88D5\" \/>\n\t<meta name=\"keywords\" content=\"agenda\" \/>\n\t<link rel=\"canonical\" href=\"https:\/\/candas365.es\/noticias\/homenaje-a-chiquito-de-la-calzada-en-informe-semanal\/\" \/>\n\t<meta name=\"generator\" content=\"All in One SEO Pro (AIOSEO) 4.9.6.2\" \/>\n\t\t<meta property=\"og:locale\" content=\"es_ES\" \/>\n\t\t<meta property=\"og:site_name\" content=\"Cand\u00e1s 365\" \/>\n\t\t<meta property=\"og:type\" content=\"article\" \/>\n\t\t<meta property=\"og:title\" content=\"Homenaje a Chiquito de la Calzada en \u2018Informe semanal\u2019 | Cand\u00e1s 365\" \/>\n\t\t<meta property=\"og:description\" content=\"&#039;Informe semanal&#039; cuenta con expertos de distintas materias para analizar la situaci\u00f3n de Catalu\u00f1a a poco m\u00e1s de un mes del 21-D. Adem\u00e1s, el informativo de gran formato que dirige y presenta Jenaro Castro abordar\u00e1 la injerencia rusa en la crisis de Catalu\u00f1a y rendir\u00e1 homenaje a Chiquito de la Calzada tras su reciente fallecimiento.\" \/>\n\t\t<meta property=\"og:url\" content=\"https:\/\/candas365.es\/noticias\/homenaje-a-chiquito-de-la-calzada-en-informe-semanal\/\" \/>\n\t\t<meta property=\"og:image\" content=\"https:\/\/candas365.es\/noticias\/wp-content\/uploads\/2017\/11\/TV-2559790_960_720.jpg\" \/>\n\t\t<meta property=\"og:image:secure_url\" content=\"https:\/\/candas365.es\/noticias\/wp-content\/uploads\/2017\/11\/TV-2559790_960_720.jpg\" \/>\n\t\t<meta property=\"og:image:width\" content=\"960\" \/>\n\t\t<meta property=\"og:image:height\" content=\"640\" \/>\n\t\t<meta property=\"article:published_time\" content=\"2017-11-18T08:46:45+00:00\" \/>\n\t\t<meta property=\"article:modified_time\" content=\"2017-11-18T08:46:45+00:00\" \/>\n\t\t<meta property=\"article:publisher\" content=\"https:\/\/www.facebook.com\/Nachofdezber\" \/>\n\t\t<meta property=\"article:author\" content=\"https:\/\/www.facebook.com\/carrenoactualidad\" \/>\n\t\t<meta name=\"twitter:card\" content=\"summary_large_image\" \/>\n\t\t<meta name=\"twitter:site\" content=\"@NabercoDigital\" \/>\n\t\t<meta name=\"twitter:title\" content=\"Homenaje a Chiquito de la Calzada en \u2018Informe semanal\u2019 | Cand\u00e1s 365\" \/>\n\t\t<meta name=\"twitter:description\" content=\"&#039;Informe semanal&#039; cuenta con expertos de distintas materias para analizar la situaci\u00f3n de Catalu\u00f1a a poco m\u00e1s de un mes del 21-D. Adem\u00e1s, el informativo de gran formato que dirige y presenta Jenaro Castro abordar\u00e1 la injerencia rusa en la crisis de Catalu\u00f1a y rendir\u00e1 homenaje a Chiquito de la Calzada tras su reciente fallecimiento.\" \/>\n\t\t<meta name=\"twitter:creator\" content=\"@nbasturias\" \/>\n\t\t<meta name=\"twitter:image\" content=\"https:\/\/candas365.es\/noticias\/wp-content\/uploads\/2017\/11\/TV-2559790_960_720.jpg\" \/>\n\t\t<meta name=\"twitter:label1\" content=\"Escrito por\" \/>\n\t\t<meta name=\"twitter:data1\" content=\"Cand\u00e1s 365\" \/>\n\t\t<meta name=\"twitter:label2\" content=\"Tiempo de lectura estimado\" \/>\n\t\t<meta name=\"twitter:data2\" content=\"2 minutos\" \/>\n\t\t<script type=\"application\/ld+json\" class=\"aioseo-schema\">\n\t\t\t{\"@context\":\"https:\\\/\\\/schema.org\",\"@graph\":[{\"@type\":\"BreadcrumbList\",\"@id\":\"https:\\\/\\\/candas365.es\\\/noticias\\\/homenaje-a-chiquito-de-la-calzada-en-informe-semanal\\\/#breadcrumblist\",\"itemListElement\":[{\"@type\":\"ListItem\",\"@id\":\"https:\\\/\\\/candas365.es\\\/noticias#listItem\",\"position\":1,\"name\":\"Home\",\"item\":\"https:\\\/\\\/candas365.es\\\/noticias\",\"nextItem\":{\"@type\":\"ListItem\",\"@id\":\"https:\\\/\\\/candas365.es\\\/noticias\\\/category\\\/agenda\\\/#listItem\",\"name\":\"Agenda\"}},{\"@type\":\"ListItem\",\"@id\":\"https:\\\/\\\/candas365.es\\\/noticias\\\/category\\\/agenda\\\/#listItem\",\"position\":2,\"name\":\"Agenda\",\"item\":\"https:\\\/\\\/candas365.es\\\/noticias\\\/category\\\/agenda\\\/\",\"nextItem\":{\"@type\":\"ListItem\",\"@id\":\"https:\\\/\\\/candas365.es\\\/noticias\\\/homenaje-a-chiquito-de-la-calzada-en-informe-semanal\\\/#listItem\",\"name\":\"Homenaje a Chiquito de la Calzada en &#8216;Informe semanal&#8217;\"},\"previousItem\":{\"@type\":\"ListItem\",\"@id\":\"https:\\\/\\\/candas365.es\\\/noticias#listItem\",\"name\":\"Home\"}},{\"@type\":\"ListItem\",\"@id\":\"https:\\\/\\\/candas365.es\\\/noticias\\\/homenaje-a-chiquito-de-la-calzada-en-informe-semanal\\\/#listItem\",\"position\":3,\"name\":\"Homenaje a Chiquito de la Calzada en &#8216;Informe semanal&#8217;\",\"previousItem\":{\"@type\":\"ListItem\",\"@id\":\"https:\\\/\\\/candas365.es\\\/noticias\\\/category\\\/agenda\\\/#listItem\",\"name\":\"Agenda\"}}]},{\"@type\":\"NewsArticle\",\"@id\":\"https:\\\/\\\/candas365.es\\\/noticias\\\/homenaje-a-chiquito-de-la-calzada-en-informe-semanal\\\/#newsarticle\",\"name\":\"Homenaje a Chiquito de la Calzada en \\u2018Informe semanal\\u2019 | Cand\\u00e1s 365\",\"headline\":\"Homenaje a Chiquito de la Calzada en &#8216;Informe semanal&#8217;\",\"author\":{\"@id\":\"https:\\\/\\\/candas365.es\\\/noticias\\\/author\\\/admin\\\/#author\"},\"publisher\":{\"@id\":\"https:\\\/\\\/candas365.es\\\/noticias\\\/#organization\"},\"image\":{\"@type\":\"ImageObject\",\"url\":\"https:\\\/\\\/candas365.es\\\/noticias\\\/wp-content\\\/uploads\\\/2017\\\/11\\\/TV-2559790_960_720.jpg\",\"width\":960,\"height\":640},\"datePublished\":\"2017-11-18T08:46:45+01:00\",\"dateModified\":\"2017-11-18T08:46:45+01:00\",\"inLanguage\":\"es-ES\",\"mainEntityOfPage\":{\"@id\":\"https:\\\/\\\/candas365.es\\\/noticias\\\/homenaje-a-chiquito-de-la-calzada-en-informe-semanal\\\/#webpage\"},\"isPartOf\":{\"@id\":\"https:\\\/\\\/candas365.es\\\/noticias\\\/homenaje-a-chiquito-de-la-calzada-en-informe-semanal\\\/#webpage\"},\"articleSection\":\"Agenda\",\"dateline\":\"Publicado el noviembre 18, 2017.\"},{\"@type\":\"Organization\",\"@id\":\"https:\\\/\\\/candas365.es\\\/noticias\\\/#organization\",\"name\":\"Cand\\u00e1s 365\",\"description\":\"Cand\\u00e1s 365 es un diario digital independiente, fundado en 2012, con base en Asturias. Informamos con rigor sobre actualidad, sociedad, cultura y ocio, con una mirada local y global.\",\"url\":\"https:\\\/\\\/candas365.es\\\/noticias\\\/\",\"email\":\"info@candas365.es\",\"telephone\":\"+34652131393\",\"foundingDate\":\"2012-06-10\",\"logo\":{\"@type\":\"ImageObject\",\"url\":\"https:\\\/\\\/candas365.es\\\/noticias\\\/wp-content\\\/uploads\\\/2024\\\/09\\\/Candas-365-Redes.jpg\",\"@id\":\"https:\\\/\\\/candas365.es\\\/noticias\\\/homenaje-a-chiquito-de-la-calzada-en-informe-semanal\\\/#organizationLogo\",\"width\":1152,\"height\":864,\"caption\":\"Cand\\u00e1s 365 Redes\"},\"image\":{\"@id\":\"https:\\\/\\\/candas365.es\\\/noticias\\\/homenaje-a-chiquito-de-la-calzada-en-informe-semanal\\\/#organizationLogo\"},\"sameAs\":[\"https:\\\/\\\/www.facebook.com\\\/Nachofdezber\",\"https:\\\/\\\/x.com\\\/NabercoDigital\",\"https:\\\/\\\/www.instagram.com\\\/nachofdezber\\\/\",\"https:\\\/\\\/www.youtube.com\\\/channel\\\/UCZP-2wLEB9Rv6erhFmqVnvg\"],\"address\":{\"@id\":\"https:\\\/\\\/candas365.es\\\/noticias\\\/#postaladdress\",\"@type\":\"PostalAddress\",\"streetAddress\":\"san antonio 4, san antonio 4\",\"postalCode\":\"33430\",\"addressLocality\":\"Cand\\u00e1s\",\"addressRegion\":\"Asturias\",\"addressCountry\":\"ES\"}},{\"@type\":\"Person\",\"@id\":\"https:\\\/\\\/candas365.es\\\/noticias\\\/author\\\/admin\\\/#author\",\"url\":\"https:\\\/\\\/candas365.es\\\/noticias\\\/author\\\/admin\\\/\",\"name\":\"Cand\\u00e1s 365\",\"image\":{\"@type\":\"ImageObject\",\"@id\":\"https:\\\/\\\/candas365.es\\\/noticias\\\/homenaje-a-chiquito-de-la-calzada-en-informe-semanal\\\/#authorImage\",\"url\":\"https:\\\/\\\/secure.gravatar.com\\\/avatar\\\/496a8e03d0c493ede1718b7934145dbdf8d89be1036b0eec9544e1094c9de390?s=96&d=mm&r=g\",\"width\":96,\"height\":96,\"caption\":\"Cand\\u00e1s 365\"},\"sameAs\":[\"https:\\\/\\\/www.facebook.com\\\/carrenoactualidad\",\"https:\\\/\\\/twitter.com\\\/nbasturias\",\"https:\\\/\\\/www.instagram.com\\\/nachofdezber\\\/\",\"https:\\\/\\\/www.youtube.com\\\/channel\\\/UCZP-2wLEB9Rv6erhFmqVnvg\"]},{\"@type\":\"WebPage\",\"@id\":\"https:\\\/\\\/candas365.es\\\/noticias\\\/homenaje-a-chiquito-de-la-calzada-en-informe-semanal\\\/#webpage\",\"url\":\"https:\\\/\\\/candas365.es\\\/noticias\\\/homenaje-a-chiquito-de-la-calzada-en-informe-semanal\\\/\",\"name\":\"Homenaje a Chiquito de la Calzada en \\u2018Informe semanal\\u2019 | Cand\\u00e1s 365\",\"description\":\"'Informe semanal' cuenta con expertos de distintas materias para analizar la situaci\\u00f3n de Catalu\\u00f1a a poco m\\u00e1s de un mes del 21-D. Adem\\u00e1s, el informativo de gran formato que dirige y presenta Jenaro Castro abordar\\u00e1 la injerencia rusa en la crisis de Catalu\\u00f1a y rendir\\u00e1 homenaje a Chiquito de la Calzada tras su reciente fallecimiento.\",\"inLanguage\":\"es-ES\",\"isPartOf\":{\"@id\":\"https:\\\/\\\/candas365.es\\\/noticias\\\/#website\"},\"breadcrumb\":{\"@id\":\"https:\\\/\\\/candas365.es\\\/noticias\\\/homenaje-a-chiquito-de-la-calzada-en-informe-semanal\\\/#breadcrumblist\"},\"author\":{\"@id\":\"https:\\\/\\\/candas365.es\\\/noticias\\\/author\\\/admin\\\/#author\"},\"creator\":{\"@id\":\"https:\\\/\\\/candas365.es\\\/noticias\\\/author\\\/admin\\\/#author\"},\"image\":{\"@type\":\"ImageObject\",\"url\":\"https:\\\/\\\/candas365.es\\\/noticias\\\/wp-content\\\/uploads\\\/2017\\\/11\\\/TV-2559790_960_720.jpg\",\"@id\":\"https:\\\/\\\/candas365.es\\\/noticias\\\/homenaje-a-chiquito-de-la-calzada-en-informe-semanal\\\/#mainImage\",\"width\":960,\"height\":640},\"primaryImageOfPage\":{\"@id\":\"https:\\\/\\\/candas365.es\\\/noticias\\\/homenaje-a-chiquito-de-la-calzada-en-informe-semanal\\\/#mainImage\"},\"datePublished\":\"2017-11-18T08:46:45+01:00\",\"dateModified\":\"2017-11-18T08:46:45+01:00\"},{\"@type\":\"WebSite\",\"@id\":\"https:\\\/\\\/candas365.es\\\/noticias\\\/#website\",\"url\":\"https:\\\/\\\/candas365.es\\\/noticias\\\/\",\"name\":\"Cand\\u00e1s 365\",\"alternateName\":\"Cand\\u00e1s 365 Noticias\",\"description\":\"Actualidad desde Carre\\u00f1o para el mundo\",\"inLanguage\":\"es-ES\",\"publisher\":{\"@id\":\"https:\\\/\\\/candas365.es\\\/noticias\\\/#organization\"}}]}\n\t\t<\/script>\n\t\t<!-- All in One SEO Pro -->\r\n\t\t<title>Homenaje a Chiquito de la Calzada en \u2018Informe semanal\u2019 | Cand\u00e1s 365<\/title>\n\n","aioseo_head_json":{"title":"Homenaje a Chiquito de la Calzada en \u2018Informe semanal\u2019 | Cand\u00e1s 365","description":"'Informe semanal' cuenta con expertos de distintas materias para analizar la situaci\u00f3n de Catalu\u00f1a a poco m\u00e1s de un mes del 21-D. Adem\u00e1s, el informativo de gran formato que dirige y presenta Jenaro Castro abordar\u00e1 la injerencia rusa en la crisis de Catalu\u00f1a y rendir\u00e1 homenaje a Chiquito de la Calzada tras su reciente fallecimiento.","canonical_url":"https:\/\/candas365.es\/noticias\/homenaje-a-chiquito-de-la-calzada-en-informe-semanal\/","robots":"max-image-preview:large","keywords":"agenda","webmasterTools":{"google-site-verification":"UA-32230408-1","msvalidate.01":"354F3CDFB2DA171B47FBE9ABF1F88D5","miscellaneous":""},"schema":{"@context":"https:\/\/schema.org","@graph":[{"@type":"BreadcrumbList","@id":"https:\/\/candas365.es\/noticias\/homenaje-a-chiquito-de-la-calzada-en-informe-semanal\/#breadcrumblist","itemListElement":[{"@type":"ListItem","@id":"https:\/\/candas365.es\/noticias#listItem","position":1,"name":"Home","item":"https:\/\/candas365.es\/noticias","nextItem":{"@type":"ListItem","@id":"https:\/\/candas365.es\/noticias\/category\/agenda\/#listItem","name":"Agenda"}},{"@type":"ListItem","@id":"https:\/\/candas365.es\/noticias\/category\/agenda\/#listItem","position":2,"name":"Agenda","item":"https:\/\/candas365.es\/noticias\/category\/agenda\/","nextItem":{"@type":"ListItem","@id":"https:\/\/candas365.es\/noticias\/homenaje-a-chiquito-de-la-calzada-en-informe-semanal\/#listItem","name":"Homenaje a Chiquito de la Calzada en &#8216;Informe semanal&#8217;"},"previousItem":{"@type":"ListItem","@id":"https:\/\/candas365.es\/noticias#listItem","name":"Home"}},{"@type":"ListItem","@id":"https:\/\/candas365.es\/noticias\/homenaje-a-chiquito-de-la-calzada-en-informe-semanal\/#listItem","position":3,"name":"Homenaje a Chiquito de la Calzada en &#8216;Informe semanal&#8217;","previousItem":{"@type":"ListItem","@id":"https:\/\/candas365.es\/noticias\/category\/agenda\/#listItem","name":"Agenda"}}]},{"@type":"NewsArticle","@id":"https:\/\/candas365.es\/noticias\/homenaje-a-chiquito-de-la-calzada-en-informe-semanal\/#newsarticle","name":"Homenaje a Chiquito de la Calzada en \u2018Informe semanal\u2019 | Cand\u00e1s 365","headline":"Homenaje a Chiquito de la Calzada en &#8216;Informe semanal&#8217;","author":{"@id":"https:\/\/candas365.es\/noticias\/author\/admin\/#author"},"publisher":{"@id":"https:\/\/candas365.es\/noticias\/#organization"},"image":{"@type":"ImageObject","url":"https:\/\/candas365.es\/noticias\/wp-content\/uploads\/2017\/11\/TV-2559790_960_720.jpg","width":960,"height":640},"datePublished":"2017-11-18T08:46:45+01:00","dateModified":"2017-11-18T08:46:45+01:00","inLanguage":"es-ES","mainEntityOfPage":{"@id":"https:\/\/candas365.es\/noticias\/homenaje-a-chiquito-de-la-calzada-en-informe-semanal\/#webpage"},"isPartOf":{"@id":"https:\/\/candas365.es\/noticias\/homenaje-a-chiquito-de-la-calzada-en-informe-semanal\/#webpage"},"articleSection":"Agenda","dateline":"Publicado el noviembre 18, 2017."},{"@type":"Organization","@id":"https:\/\/candas365.es\/noticias\/#organization","name":"Cand\u00e1s 365","description":"Cand\u00e1s 365 es un diario digital independiente, fundado en 2012, con base en Asturias. Informamos con rigor sobre actualidad, sociedad, cultura y ocio, con una mirada local y global.","url":"https:\/\/candas365.es\/noticias\/","email":"info@candas365.es","telephone":"+34652131393","foundingDate":"2012-06-10","logo":{"@type":"ImageObject","url":"https:\/\/candas365.es\/noticias\/wp-content\/uploads\/2024\/09\/Candas-365-Redes.jpg","@id":"https:\/\/candas365.es\/noticias\/homenaje-a-chiquito-de-la-calzada-en-informe-semanal\/#organizationLogo","width":1152,"height":864,"caption":"Cand\u00e1s 365 Redes"},"image":{"@id":"https:\/\/candas365.es\/noticias\/homenaje-a-chiquito-de-la-calzada-en-informe-semanal\/#organizationLogo"},"sameAs":["https:\/\/www.facebook.com\/Nachofdezber","https:\/\/x.com\/NabercoDigital","https:\/\/www.instagram.com\/nachofdezber\/","https:\/\/www.youtube.com\/channel\/UCZP-2wLEB9Rv6erhFmqVnvg"],"address":{"@id":"https:\/\/candas365.es\/noticias\/#postaladdress","@type":"PostalAddress","streetAddress":"san antonio 4, san antonio 4","postalCode":"33430","addressLocality":"Cand\u00e1s","addressRegion":"Asturias","addressCountry":"ES"}},{"@type":"Person","@id":"https:\/\/candas365.es\/noticias\/author\/admin\/#author","url":"https:\/\/candas365.es\/noticias\/author\/admin\/","name":"Cand\u00e1s 365","image":{"@type":"ImageObject","@id":"https:\/\/candas365.es\/noticias\/homenaje-a-chiquito-de-la-calzada-en-informe-semanal\/#authorImage","url":"https:\/\/secure.gravatar.com\/avatar\/496a8e03d0c493ede1718b7934145dbdf8d89be1036b0eec9544e1094c9de390?s=96&d=mm&r=g","width":96,"height":96,"caption":"Cand\u00e1s 365"},"sameAs":["https:\/\/www.facebook.com\/carrenoactualidad","https:\/\/twitter.com\/nbasturias","https:\/\/www.instagram.com\/nachofdezber\/","https:\/\/www.youtube.com\/channel\/UCZP-2wLEB9Rv6erhFmqVnvg"]},{"@type":"WebPage","@id":"https:\/\/candas365.es\/noticias\/homenaje-a-chiquito-de-la-calzada-en-informe-semanal\/#webpage","url":"https:\/\/candas365.es\/noticias\/homenaje-a-chiquito-de-la-calzada-en-informe-semanal\/","name":"Homenaje a Chiquito de la Calzada en \u2018Informe semanal\u2019 | Cand\u00e1s 365","description":"'Informe semanal' cuenta con expertos de distintas materias para analizar la situaci\u00f3n de Catalu\u00f1a a poco m\u00e1s de un mes del 21-D. Adem\u00e1s, el informativo de gran formato que dirige y presenta Jenaro Castro abordar\u00e1 la injerencia rusa en la crisis de Catalu\u00f1a y rendir\u00e1 homenaje a Chiquito de la Calzada tras su reciente fallecimiento.","inLanguage":"es-ES","isPartOf":{"@id":"https:\/\/candas365.es\/noticias\/#website"},"breadcrumb":{"@id":"https:\/\/candas365.es\/noticias\/homenaje-a-chiquito-de-la-calzada-en-informe-semanal\/#breadcrumblist"},"author":{"@id":"https:\/\/candas365.es\/noticias\/author\/admin\/#author"},"creator":{"@id":"https:\/\/candas365.es\/noticias\/author\/admin\/#author"},"image":{"@type":"ImageObject","url":"https:\/\/candas365.es\/noticias\/wp-content\/uploads\/2017\/11\/TV-2559790_960_720.jpg","@id":"https:\/\/candas365.es\/noticias\/homenaje-a-chiquito-de-la-calzada-en-informe-semanal\/#mainImage","width":960,"height":640},"primaryImageOfPage":{"@id":"https:\/\/candas365.es\/noticias\/homenaje-a-chiquito-de-la-calzada-en-informe-semanal\/#mainImage"},"datePublished":"2017-11-18T08:46:45+01:00","dateModified":"2017-11-18T08:46:45+01:00"},{"@type":"WebSite","@id":"https:\/\/candas365.es\/noticias\/#website","url":"https:\/\/candas365.es\/noticias\/","name":"Cand\u00e1s 365","alternateName":"Cand\u00e1s 365 Noticias","description":"Actualidad desde Carre\u00f1o para el mundo","inLanguage":"es-ES","publisher":{"@id":"https:\/\/candas365.es\/noticias\/#organization"}}]},"og:locale":"es_ES","og:site_name":"Cand\u00e1s 365","og:type":"article","og:title":"Homenaje a Chiquito de la Calzada en \u2018Informe semanal\u2019 | Cand\u00e1s 365","og:description":"'Informe semanal' cuenta con expertos de distintas materias para analizar la situaci\u00f3n de Catalu\u00f1a a poco m\u00e1s de un mes del 21-D. Adem\u00e1s, el informativo de gran formato que dirige y presenta Jenaro Castro abordar\u00e1 la injerencia rusa en la crisis de Catalu\u00f1a y rendir\u00e1 homenaje a Chiquito de la Calzada tras su reciente fallecimiento.","og:url":"https:\/\/candas365.es\/noticias\/homenaje-a-chiquito-de-la-calzada-en-informe-semanal\/","og:image":"https:\/\/candas365.es\/noticias\/wp-content\/uploads\/2017\/11\/TV-2559790_960_720.jpg","og:image:secure_url":"https:\/\/candas365.es\/noticias\/wp-content\/uploads\/2017\/11\/TV-2559790_960_720.jpg","og:image:width":960,"og:image:height":640,"article:published_time":"2017-11-18T08:46:45+00:00","article:modified_time":"2017-11-18T08:46:45+00:00","article:publisher":"https:\/\/www.facebook.com\/Nachofdezber","article:author":"https:\/\/www.facebook.com\/carrenoactualidad","twitter:card":"summary_large_image","twitter:site":"@NabercoDigital","twitter:title":"Homenaje a Chiquito de la Calzada en \u2018Informe semanal\u2019 | Cand\u00e1s 365","twitter:description":"'Informe semanal' cuenta con expertos de distintas materias para analizar la situaci\u00f3n de Catalu\u00f1a a poco m\u00e1s de un mes del 21-D. Adem\u00e1s, el informativo de gran formato que dirige y presenta Jenaro Castro abordar\u00e1 la injerencia rusa en la crisis de Catalu\u00f1a y rendir\u00e1 homenaje a Chiquito de la Calzada tras su reciente fallecimiento.","twitter:creator":"@nbasturias","twitter:image":"https:\/\/candas365.es\/noticias\/wp-content\/uploads\/2017\/11\/TV-2559790_960_720.jpg","twitter:label1":"Escrito por","twitter:data1":"Cand\u00e1s 365","twitter:label2":"Tiempo de lectura estimado","twitter:data2":"2 minutos"},"aioseo_meta_data":{"post_id":"84897","title":null,"description":null,"keywords":null,"keyphrases":null,"primary_term":null,"canonical_url":null,"og_title":null,"og_description":null,"og_object_type":"default","og_image_type":"default","og_image_url":null,"og_image_width":null,"og_image_height":null,"og_image_custom_url":null,"og_image_custom_fields":null,"og_video":null,"og_custom_url":null,"og_article_section":null,"og_article_tags":null,"twitter_use_og":false,"twitter_card":"default","twitter_image_type":"default","twitter_image_url":null,"twitter_image_custom_url":null,"twitter_image_custom_fields":null,"twitter_title":null,"twitter_description":null,"schema":{"blockGraphs":[],"customGraphs":[],"default":{"data":{"Article":[],"Course":[],"Dataset":[],"FAQPage":[],"Movie":[],"Person":[],"Product":[],"ProductReview":[],"Car":[],"Recipe":[],"Service":[],"SoftwareApplication":[],"WebPage":[]},"graphName":"","isEnabled":true},"graphs":[],"defaultGraph":"","defaultPostTypeGraph":""},"schema_type":null,"schema_type_options":null,"pillar_content":false,"robots_default":true,"robots_noindex":false,"robots_noarchive":false,"robots_nosnippet":false,"robots_nofollow":false,"robots_noimageindex":false,"robots_noodp":false,"robots_notranslate":false,"robots_max_snippet":null,"robots_max_videopreview":null,"robots_max_imagepreview":"large","priority":null,"frequency":null,"location":null,"local_seo":null,"seo_analyzer_scan_date":"2025-08-26 06:16:08","breadcrumb_settings":null,"limit_modified_date":false,"reviewed_by":null,"open_ai":null,"ai":null,"created":"2020-12-21 12:22:59","updated":"2025-08-26 06:16:08"},"aioseo_breadcrumb":"<div class=\"aioseo-breadcrumbs\"><span class=\"aioseo-breadcrumb\">\n\t<a href=\"https:\/\/candas365.es\/noticias\" title=\"Home\">Home<\/a>\n<\/span><span class=\"aioseo-breadcrumb-separator\">&ndash;<\/span><span class=\"aioseo-breadcrumb\">\n\t<a href=\"https:\/\/candas365.es\/noticias\/category\/agenda\/\" title=\"Agenda\">Agenda<\/a>\n<\/span><span class=\"aioseo-breadcrumb-separator\">&ndash;<\/span><span class=\"aioseo-breadcrumb\">\n\tHomenaje a Chiquito de la Calzada en \u2018Informe semanal\u2019\n<\/span><\/div>","aioseo_breadcrumb_json":[{"label":"Home","link":"https:\/\/candas365.es\/noticias"},{"label":"Agenda","link":"https:\/\/candas365.es\/noticias\/category\/agenda\/"},{"label":"Homenaje a Chiquito de la Calzada en &#8216;Informe semanal&#8217;","link":"https:\/\/candas365.es\/noticias\/homenaje-a-chiquito-de-la-calzada-en-informe-semanal\/"}],"_links":{"self":[{"href":"https:\/\/candas365.es\/noticias\/wp-json\/wp\/v2\/posts\/84897","targetHints":{"allow":["GET"]}}],"collection":[{"href":"https:\/\/candas365.es\/noticias\/wp-json\/wp\/v2\/posts"}],"about":[{"href":"https:\/\/candas365.es\/noticias\/wp-json\/wp\/v2\/types\/post"}],"author":[{"embeddable":true,"href":"https:\/\/candas365.es\/noticias\/wp-json\/wp\/v2\/users\/1"}],"replies":[{"embeddable":true,"href":"https:\/\/candas365.es\/noticias\/wp-json\/wp\/v2\/comments?post=84897"}],"version-history":[{"count":0,"href":"https:\/\/candas365.es\/noticias\/wp-json\/wp\/v2\/posts\/84897\/revisions"}],"wp:featuredmedia":[{"embeddable":true,"href":"https:\/\/candas365.es\/noticias\/wp-json\/wp\/v2\/media\/83555"}],"wp:attachment":[{"href":"https:\/\/candas365.es\/noticias\/wp-json\/wp\/v2\/media?parent=84897"}],"wp:term":[{"taxonomy":"category","embeddable":true,"href":"https:\/\/candas365.es\/noticias\/wp-json\/wp\/v2\/categories?post=84897"},{"taxonomy":"post_tag","embeddable":true,"href":"https:\/\/candas365.es\/noticias\/wp-json\/wp\/v2\/tags?post=84897"}],"curies":[{"name":"wp","href":"https:\/\/api.w.org\/{rel}","templated":true}]}}