{"id":84747,"date":"2017-11-16T21:20:19","date_gmt":"2017-11-16T21:20:19","guid":{"rendered":"http:\/\/candas365.es\/noticias\/?p=84747"},"modified":"2017-11-16T21:20:19","modified_gmt":"2017-11-16T21:20:19","slug":"tareas-de-desbroce-en-la-zona-rural-de-carreno","status":"publish","type":"post","link":"https:\/\/candas365.es\/noticias\/tareas-de-desbroce-en-la-zona-rural-de-carreno\/","title":{"rendered":"Tareas de desbroce en la zona rural de Carre\u00f1o"},"content":{"rendered":"<p><img fetchpriority=\"high\" decoding=\"async\" class=\"alignleft size-medium wp-image-84748\" src=\"https:\/\/candas365.es\/noticias\/wp-content\/uploads\/2017\/11\/DSC_0030-360x202.jpg\" alt=\"\" width=\"360\" height=\"202\" srcset=\"https:\/\/candas365.es\/noticias\/wp-content\/uploads\/2017\/11\/DSC_0030-360x202.jpg 360w, https:\/\/candas365.es\/noticias\/wp-content\/uploads\/2017\/11\/DSC_0030-768x431.jpg 768w, https:\/\/candas365.es\/noticias\/wp-content\/uploads\/2017\/11\/DSC_0030-655x368.jpg 655w, https:\/\/candas365.es\/noticias\/wp-content\/uploads\/2017\/11\/DSC_0030-696x391.jpg 696w, https:\/\/candas365.es\/noticias\/wp-content\/uploads\/2017\/11\/DSC_0030-1068x600.jpg 1068w, https:\/\/candas365.es\/noticias\/wp-content\/uploads\/2017\/11\/DSC_0030-748x420.jpg 748w, https:\/\/candas365.es\/noticias\/wp-content\/uploads\/2017\/11\/DSC_0030-499x280.jpg 499w, https:\/\/candas365.es\/noticias\/wp-content\/uploads\/2017\/11\/DSC_0030.jpg 1280w\" sizes=\"(max-width: 360px) 100vw, 360px\" \/>Esta semana comenz\u00f3, en la zona rural de Carre\u00f1o, la segunda fase de la campa\u00f1a anual de desbroces.<\/p>\n<p>Los trabajos de desbroce y limpieza de taludes, terrenos, m\u00e1rgenes y cunetas adjudicados el pasado mes de Mayo, tras un proceso de licitaci\u00f3n en el que participaron 7 empresas, se adjudic\u00f3 a AGROFORESTAL GRADO S.L.U.<\/p>\n<p>\u201cA la labor que realiza el tractor municipal, se sum\u00f3, con esta contrataci\u00f3n, el refuerzo del trabajo de un tractor con brazo articulado y cabezal rotor de cuchillas. El conductor y cuatro operarios ( 2 trabajan con desbrozadora manual; 1 hace labores de soplado y 1 se\u00f1alista), adem\u00e1s de un todoterreno con remolque para trasladar materiales y residuos. Actuar\u00e1n en 116 kil\u00f3metros lineales de caminos y carreteras municipales. Al ir limpiando en ambos m\u00e1rgenes suponen, en realidad, una longitud real de 232 kil\u00f3metros\u201d \u2013 explic\u00f3 Manuel Noceda, edil de Medio Rural.<\/p>\n<p>Los trabajos que van a realizar, bajo la supervisi\u00f3n del Perito agr\u00f3nomo de la Mancomunidad Cabo Pe\u00f1as, consisten en:<\/p>\n<p>\u00b7 Desbroce de m\u00e1rgenes de caminos y taludes.<br \/>\n\u00b7 Desbroce y limpieza de terrenos municipales<br \/>\n\u00b7 Limpieza de cunetas y obras de f\u00e1brica.<\/p>\n<p>Las zonas a desbrozar se han programado siguiendo el orden realizado en el primer corte:<\/p>\n<p>\u00b7 Parroquia de LLorgozana: 1 semana de duraci\u00f3n estimada de los trabajos.<br \/>\n\u00b7 Parroquia de El Valle: 1 semana de duraci\u00f3n estimada de los trabajos.<br \/>\n\u00b7 Parroquia de Amb\u00e1s: 1 semana de duraci\u00f3n estimada de los trabajos.<br \/>\n\u00b7 Parroquia de Tam\u00f3n: 1 semana de duraci\u00f3n estimada de los trabajos.<br \/>\n\u00b7 Parroquia de Guimar\u00e1n: 1 semana de duraci\u00f3n estimada de los trabajos.<\/p>\n<p>Este primer cronograma de limpiezas se organiz\u00f3 en funci\u00f3n del calendario festivo de las parroquias. El resto de parroquias se desbrozan con medios propios municipales. Desde el gobierno municipal se recuerda que \u00e9sta es una de las tareas m\u00e1s laboriosas que realiza el ejecutivo, sobre todo teniendo en cuenta la extensi\u00f3n de la red viaria.<\/p>\n<p>La finalizaci\u00f3n de los trabajos est\u00e1 estimada para el d\u00eda 29 de diciembre de 2017.<\/p>\n<p>\u201cNo s\u00f3lo se desbroza en temporada estival. Sino que hacemos dos cortas al a\u00f1o. Todas estas actuaciones de limpieza y desbroces, como viene siendo habitual en el municipio, tienen como objetivo impedir percances en lugares en los que a partir del mes de septiembre, con la llegada de eventuales lluvias torrenciales puedan causarse da\u00f1os en viviendas de las zonas rurales o en la red viaria\u201d \u2013 concluy\u00f3 el edil.<\/p>\n","protected":false},"excerpt":{"rendered":"<p>Esta semana comenz\u00f3, en la zona rural de Carre\u00f1o, la segunda fase de la campa\u00f1a anual de desbroces. Los trabajos de desbroce y limpieza de taludes, terrenos, m\u00e1rgenes y cunetas adjudicados el pasado mes de Mayo, tras un proceso de licitaci\u00f3n en el que participaron 7 empresas, se adjudic\u00f3 a AGROFORESTAL GRADO S.L.U. \u201cA la<\/p>\n","protected":false},"author":1,"featured_media":84748,"comment_status":"closed","ping_status":"closed","sticky":false,"template":"","format":"standard","meta":{"footnotes":""},"categories":[2],"tags":[],"class_list":{"0":"post-84747","1":"post","2":"type-post","3":"status-publish","4":"format-standard","5":"has-post-thumbnail","7":"category-noticias-carreno"},"aioseo_notices":[],"aioseo_head":"\n\t\t<!-- All in One SEO Pro 4.9.6.2 - aioseo.com -->\n\t<meta name=\"description\" content=\"Esta semana comenz\u00f3, en la zona rural de Carre\u00f1o, la segunda fase de la campa\u00f1a anual de desbroces. Los trabajos de desbroce y limpieza de taludes, terrenos, m\u00e1rgenes y cunetas adjudicados el pasado mes de Mayo, tras un proceso de licitaci\u00f3n en el que participaron 7 empresas, se adjudic\u00f3 a AGROFORESTAL GRADO S.L.U. \u201cA la\" \/>\n\t<meta name=\"robots\" content=\"max-image-preview:large\" \/>\n\t<meta name=\"author\" content=\"Cand\u00e1s 365\"\/>\n\t<meta name=\"google-site-verification\" content=\"UA-32230408-1\" \/>\n\t<meta name=\"msvalidate.01\" content=\"354F3CDFB2DA171B47FBE9ABF1F88D5\" \/>\n\t<meta name=\"keywords\" content=\"noticias carre\u00f1o\" \/>\n\t<link rel=\"canonical\" href=\"https:\/\/candas365.es\/noticias\/tareas-de-desbroce-en-la-zona-rural-de-carreno\/\" \/>\n\t<meta name=\"generator\" content=\"All in One SEO Pro (AIOSEO) 4.9.6.2\" \/>\n\t\t<meta property=\"og:locale\" content=\"es_ES\" \/>\n\t\t<meta property=\"og:site_name\" content=\"Cand\u00e1s 365\" \/>\n\t\t<meta property=\"og:type\" content=\"article\" \/>\n\t\t<meta property=\"og:title\" content=\"Tareas de desbroce en la zona rural de Carre\u00f1o | Cand\u00e1s 365\" \/>\n\t\t<meta property=\"og:description\" content=\"Esta semana comenz\u00f3, en la zona rural de Carre\u00f1o, la segunda fase de la campa\u00f1a anual de desbroces. Los trabajos de desbroce y limpieza de taludes, terrenos, m\u00e1rgenes y cunetas adjudicados el pasado mes de Mayo, tras un proceso de licitaci\u00f3n en el que participaron 7 empresas, se adjudic\u00f3 a AGROFORESTAL GRADO S.L.U. \u201cA la\" \/>\n\t\t<meta property=\"og:url\" content=\"https:\/\/candas365.es\/noticias\/tareas-de-desbroce-en-la-zona-rural-de-carreno\/\" \/>\n\t\t<meta property=\"og:image\" content=\"https:\/\/candas365.es\/noticias\/wp-content\/uploads\/2017\/11\/DSC_0030.jpg\" \/>\n\t\t<meta property=\"og:image:secure_url\" content=\"https:\/\/candas365.es\/noticias\/wp-content\/uploads\/2017\/11\/DSC_0030.jpg\" \/>\n\t\t<meta property=\"og:image:width\" content=\"1280\" \/>\n\t\t<meta property=\"og:image:height\" content=\"719\" \/>\n\t\t<meta property=\"article:published_time\" content=\"2017-11-16T21:20:19+00:00\" \/>\n\t\t<meta property=\"article:modified_time\" content=\"2017-11-16T21:20:19+00:00\" \/>\n\t\t<meta property=\"article:publisher\" content=\"https:\/\/www.facebook.com\/Nachofdezber\" \/>\n\t\t<meta property=\"article:author\" content=\"https:\/\/www.facebook.com\/carrenoactualidad\" \/>\n\t\t<meta name=\"twitter:card\" content=\"summary_large_image\" \/>\n\t\t<meta name=\"twitter:site\" content=\"@NabercoDigital\" \/>\n\t\t<meta name=\"twitter:title\" content=\"Tareas de desbroce en la zona rural de Carre\u00f1o | Cand\u00e1s 365\" \/>\n\t\t<meta name=\"twitter:description\" content=\"Esta semana comenz\u00f3, en la zona rural de Carre\u00f1o, la segunda fase de la campa\u00f1a anual de desbroces. Los trabajos de desbroce y limpieza de taludes, terrenos, m\u00e1rgenes y cunetas adjudicados el pasado mes de Mayo, tras un proceso de licitaci\u00f3n en el que participaron 7 empresas, se adjudic\u00f3 a AGROFORESTAL GRADO S.L.U. \u201cA la\" \/>\n\t\t<meta name=\"twitter:creator\" content=\"@nbasturias\" \/>\n\t\t<meta name=\"twitter:image\" content=\"https:\/\/candas365.es\/noticias\/wp-content\/uploads\/2017\/11\/DSC_0030.jpg\" \/>\n\t\t<meta name=\"twitter:label1\" content=\"Escrito por\" \/>\n\t\t<meta name=\"twitter:data1\" content=\"Cand\u00e1s 365\" \/>\n\t\t<meta name=\"twitter:label2\" content=\"Tiempo de lectura estimado\" \/>\n\t\t<meta name=\"twitter:data2\" content=\"2 minutos\" \/>\n\t\t<script type=\"application\/ld+json\" class=\"aioseo-schema\">\n\t\t\t{\"@context\":\"https:\\\/\\\/schema.org\",\"@graph\":[{\"@type\":\"BreadcrumbList\",\"@id\":\"https:\\\/\\\/candas365.es\\\/noticias\\\/tareas-de-desbroce-en-la-zona-rural-de-carreno\\\/#breadcrumblist\",\"itemListElement\":[{\"@type\":\"ListItem\",\"@id\":\"https:\\\/\\\/candas365.es\\\/noticias#listItem\",\"position\":1,\"name\":\"Home\",\"item\":\"https:\\\/\\\/candas365.es\\\/noticias\",\"nextItem\":{\"@type\":\"ListItem\",\"@id\":\"https:\\\/\\\/candas365.es\\\/noticias\\\/category\\\/noticias-carreno\\\/#listItem\",\"name\":\"Noticias Carre\\u00f1o\"}},{\"@type\":\"ListItem\",\"@id\":\"https:\\\/\\\/candas365.es\\\/noticias\\\/category\\\/noticias-carreno\\\/#listItem\",\"position\":2,\"name\":\"Noticias Carre\\u00f1o\",\"item\":\"https:\\\/\\\/candas365.es\\\/noticias\\\/category\\\/noticias-carreno\\\/\",\"nextItem\":{\"@type\":\"ListItem\",\"@id\":\"https:\\\/\\\/candas365.es\\\/noticias\\\/tareas-de-desbroce-en-la-zona-rural-de-carreno\\\/#listItem\",\"name\":\"Tareas de desbroce en la zona rural de Carre\\u00f1o\"},\"previousItem\":{\"@type\":\"ListItem\",\"@id\":\"https:\\\/\\\/candas365.es\\\/noticias#listItem\",\"name\":\"Home\"}},{\"@type\":\"ListItem\",\"@id\":\"https:\\\/\\\/candas365.es\\\/noticias\\\/tareas-de-desbroce-en-la-zona-rural-de-carreno\\\/#listItem\",\"position\":3,\"name\":\"Tareas de desbroce en la zona rural de Carre\\u00f1o\",\"previousItem\":{\"@type\":\"ListItem\",\"@id\":\"https:\\\/\\\/candas365.es\\\/noticias\\\/category\\\/noticias-carreno\\\/#listItem\",\"name\":\"Noticias Carre\\u00f1o\"}}]},{\"@type\":\"NewsArticle\",\"@id\":\"https:\\\/\\\/candas365.es\\\/noticias\\\/tareas-de-desbroce-en-la-zona-rural-de-carreno\\\/#newsarticle\",\"name\":\"Tareas de desbroce en la zona rural de Carre\\u00f1o | Cand\\u00e1s 365\",\"headline\":\"Tareas de desbroce en la zona rural de Carre\\u00f1o\",\"author\":{\"@id\":\"https:\\\/\\\/candas365.es\\\/noticias\\\/author\\\/admin\\\/#author\"},\"publisher\":{\"@id\":\"https:\\\/\\\/candas365.es\\\/noticias\\\/#organization\"},\"image\":{\"@type\":\"ImageObject\",\"url\":\"https:\\\/\\\/candas365.es\\\/noticias\\\/wp-content\\\/uploads\\\/2017\\\/11\\\/DSC_0030.jpg\",\"width\":1280,\"height\":719},\"datePublished\":\"2017-11-16T21:20:19+01:00\",\"dateModified\":\"2017-11-16T21:20:19+01:00\",\"inLanguage\":\"es-ES\",\"mainEntityOfPage\":{\"@id\":\"https:\\\/\\\/candas365.es\\\/noticias\\\/tareas-de-desbroce-en-la-zona-rural-de-carreno\\\/#webpage\"},\"isPartOf\":{\"@id\":\"https:\\\/\\\/candas365.es\\\/noticias\\\/tareas-de-desbroce-en-la-zona-rural-de-carreno\\\/#webpage\"},\"articleSection\":\"Noticias Carre\\u00f1o\",\"dateline\":\"Publicado el noviembre 16, 2017.\"},{\"@type\":\"Organization\",\"@id\":\"https:\\\/\\\/candas365.es\\\/noticias\\\/#organization\",\"name\":\"Cand\\u00e1s 365\",\"description\":\"Cand\\u00e1s 365 es un diario digital independiente, fundado en 2012, con base en Asturias. Informamos con rigor sobre actualidad, sociedad, cultura y ocio, con una mirada local y global.\",\"url\":\"https:\\\/\\\/candas365.es\\\/noticias\\\/\",\"email\":\"info@candas365.es\",\"telephone\":\"+34652131393\",\"foundingDate\":\"2012-06-10\",\"logo\":{\"@type\":\"ImageObject\",\"url\":\"https:\\\/\\\/candas365.es\\\/noticias\\\/wp-content\\\/uploads\\\/2024\\\/09\\\/Candas-365-Redes.jpg\",\"@id\":\"https:\\\/\\\/candas365.es\\\/noticias\\\/tareas-de-desbroce-en-la-zona-rural-de-carreno\\\/#organizationLogo\",\"width\":1152,\"height\":864,\"caption\":\"Cand\\u00e1s 365 Redes\"},\"image\":{\"@id\":\"https:\\\/\\\/candas365.es\\\/noticias\\\/tareas-de-desbroce-en-la-zona-rural-de-carreno\\\/#organizationLogo\"},\"sameAs\":[\"https:\\\/\\\/www.facebook.com\\\/Nachofdezber\",\"https:\\\/\\\/x.com\\\/NabercoDigital\",\"https:\\\/\\\/www.instagram.com\\\/nachofdezber\\\/\",\"https:\\\/\\\/www.youtube.com\\\/channel\\\/UCZP-2wLEB9Rv6erhFmqVnvg\"],\"address\":{\"@id\":\"https:\\\/\\\/candas365.es\\\/noticias\\\/#postaladdress\",\"@type\":\"PostalAddress\",\"streetAddress\":\"san antonio 4, san antonio 4\",\"postalCode\":\"33430\",\"addressLocality\":\"Cand\\u00e1s\",\"addressRegion\":\"Asturias\",\"addressCountry\":\"ES\"}},{\"@type\":\"Person\",\"@id\":\"https:\\\/\\\/candas365.es\\\/noticias\\\/author\\\/admin\\\/#author\",\"url\":\"https:\\\/\\\/candas365.es\\\/noticias\\\/author\\\/admin\\\/\",\"name\":\"Cand\\u00e1s 365\",\"image\":{\"@type\":\"ImageObject\",\"@id\":\"https:\\\/\\\/candas365.es\\\/noticias\\\/tareas-de-desbroce-en-la-zona-rural-de-carreno\\\/#authorImage\",\"url\":\"https:\\\/\\\/secure.gravatar.com\\\/avatar\\\/496a8e03d0c493ede1718b7934145dbdf8d89be1036b0eec9544e1094c9de390?s=96&d=mm&r=g\",\"width\":96,\"height\":96,\"caption\":\"Cand\\u00e1s 365\"},\"sameAs\":[\"https:\\\/\\\/www.facebook.com\\\/carrenoactualidad\",\"https:\\\/\\\/twitter.com\\\/nbasturias\",\"https:\\\/\\\/www.instagram.com\\\/nachofdezber\\\/\",\"https:\\\/\\\/www.youtube.com\\\/channel\\\/UCZP-2wLEB9Rv6erhFmqVnvg\"]},{\"@type\":\"WebPage\",\"@id\":\"https:\\\/\\\/candas365.es\\\/noticias\\\/tareas-de-desbroce-en-la-zona-rural-de-carreno\\\/#webpage\",\"url\":\"https:\\\/\\\/candas365.es\\\/noticias\\\/tareas-de-desbroce-en-la-zona-rural-de-carreno\\\/\",\"name\":\"Tareas de desbroce en la zona rural de Carre\\u00f1o | Cand\\u00e1s 365\",\"description\":\"Esta semana comenz\\u00f3, en la zona rural de Carre\\u00f1o, la segunda fase de la campa\\u00f1a anual de desbroces. Los trabajos de desbroce y limpieza de taludes, terrenos, m\\u00e1rgenes y cunetas adjudicados el pasado mes de Mayo, tras un proceso de licitaci\\u00f3n en el que participaron 7 empresas, se adjudic\\u00f3 a AGROFORESTAL GRADO S.L.U. \\u201cA la\",\"inLanguage\":\"es-ES\",\"isPartOf\":{\"@id\":\"https:\\\/\\\/candas365.es\\\/noticias\\\/#website\"},\"breadcrumb\":{\"@id\":\"https:\\\/\\\/candas365.es\\\/noticias\\\/tareas-de-desbroce-en-la-zona-rural-de-carreno\\\/#breadcrumblist\"},\"author\":{\"@id\":\"https:\\\/\\\/candas365.es\\\/noticias\\\/author\\\/admin\\\/#author\"},\"creator\":{\"@id\":\"https:\\\/\\\/candas365.es\\\/noticias\\\/author\\\/admin\\\/#author\"},\"image\":{\"@type\":\"ImageObject\",\"url\":\"https:\\\/\\\/candas365.es\\\/noticias\\\/wp-content\\\/uploads\\\/2017\\\/11\\\/DSC_0030.jpg\",\"@id\":\"https:\\\/\\\/candas365.es\\\/noticias\\\/tareas-de-desbroce-en-la-zona-rural-de-carreno\\\/#mainImage\",\"width\":1280,\"height\":719},\"primaryImageOfPage\":{\"@id\":\"https:\\\/\\\/candas365.es\\\/noticias\\\/tareas-de-desbroce-en-la-zona-rural-de-carreno\\\/#mainImage\"},\"datePublished\":\"2017-11-16T21:20:19+01:00\",\"dateModified\":\"2017-11-16T21:20:19+01:00\"},{\"@type\":\"WebSite\",\"@id\":\"https:\\\/\\\/candas365.es\\\/noticias\\\/#website\",\"url\":\"https:\\\/\\\/candas365.es\\\/noticias\\\/\",\"name\":\"Cand\\u00e1s 365\",\"alternateName\":\"Cand\\u00e1s 365 Noticias\",\"description\":\"Actualidad desde Carre\\u00f1o para el mundo\",\"inLanguage\":\"es-ES\",\"publisher\":{\"@id\":\"https:\\\/\\\/candas365.es\\\/noticias\\\/#organization\"}}]}\n\t\t<\/script>\n\t\t<!-- All in One SEO Pro -->\r\n\t\t<title>Tareas de desbroce en la zona rural de Carre\u00f1o | Cand\u00e1s 365<\/title>\n\n","aioseo_head_json":{"title":"Tareas de desbroce en la zona rural de Carre\u00f1o | Cand\u00e1s 365","description":"Esta semana comenz\u00f3, en la zona rural de Carre\u00f1o, la segunda fase de la campa\u00f1a anual de desbroces. Los trabajos de desbroce y limpieza de taludes, terrenos, m\u00e1rgenes y cunetas adjudicados el pasado mes de Mayo, tras un proceso de licitaci\u00f3n en el que participaron 7 empresas, se adjudic\u00f3 a AGROFORESTAL GRADO S.L.U. \u201cA la","canonical_url":"https:\/\/candas365.es\/noticias\/tareas-de-desbroce-en-la-zona-rural-de-carreno\/","robots":"max-image-preview:large","keywords":"noticias carre\u00f1o","webmasterTools":{"google-site-verification":"UA-32230408-1","msvalidate.01":"354F3CDFB2DA171B47FBE9ABF1F88D5","miscellaneous":""},"schema":{"@context":"https:\/\/schema.org","@graph":[{"@type":"BreadcrumbList","@id":"https:\/\/candas365.es\/noticias\/tareas-de-desbroce-en-la-zona-rural-de-carreno\/#breadcrumblist","itemListElement":[{"@type":"ListItem","@id":"https:\/\/candas365.es\/noticias#listItem","position":1,"name":"Home","item":"https:\/\/candas365.es\/noticias","nextItem":{"@type":"ListItem","@id":"https:\/\/candas365.es\/noticias\/category\/noticias-carreno\/#listItem","name":"Noticias Carre\u00f1o"}},{"@type":"ListItem","@id":"https:\/\/candas365.es\/noticias\/category\/noticias-carreno\/#listItem","position":2,"name":"Noticias Carre\u00f1o","item":"https:\/\/candas365.es\/noticias\/category\/noticias-carreno\/","nextItem":{"@type":"ListItem","@id":"https:\/\/candas365.es\/noticias\/tareas-de-desbroce-en-la-zona-rural-de-carreno\/#listItem","name":"Tareas de desbroce en la zona rural de Carre\u00f1o"},"previousItem":{"@type":"ListItem","@id":"https:\/\/candas365.es\/noticias#listItem","name":"Home"}},{"@type":"ListItem","@id":"https:\/\/candas365.es\/noticias\/tareas-de-desbroce-en-la-zona-rural-de-carreno\/#listItem","position":3,"name":"Tareas de desbroce en la zona rural de Carre\u00f1o","previousItem":{"@type":"ListItem","@id":"https:\/\/candas365.es\/noticias\/category\/noticias-carreno\/#listItem","name":"Noticias Carre\u00f1o"}}]},{"@type":"NewsArticle","@id":"https:\/\/candas365.es\/noticias\/tareas-de-desbroce-en-la-zona-rural-de-carreno\/#newsarticle","name":"Tareas de desbroce en la zona rural de Carre\u00f1o | Cand\u00e1s 365","headline":"Tareas de desbroce en la zona rural de Carre\u00f1o","author":{"@id":"https:\/\/candas365.es\/noticias\/author\/admin\/#author"},"publisher":{"@id":"https:\/\/candas365.es\/noticias\/#organization"},"image":{"@type":"ImageObject","url":"https:\/\/candas365.es\/noticias\/wp-content\/uploads\/2017\/11\/DSC_0030.jpg","width":1280,"height":719},"datePublished":"2017-11-16T21:20:19+01:00","dateModified":"2017-11-16T21:20:19+01:00","inLanguage":"es-ES","mainEntityOfPage":{"@id":"https:\/\/candas365.es\/noticias\/tareas-de-desbroce-en-la-zona-rural-de-carreno\/#webpage"},"isPartOf":{"@id":"https:\/\/candas365.es\/noticias\/tareas-de-desbroce-en-la-zona-rural-de-carreno\/#webpage"},"articleSection":"Noticias Carre\u00f1o","dateline":"Publicado el noviembre 16, 2017."},{"@type":"Organization","@id":"https:\/\/candas365.es\/noticias\/#organization","name":"Cand\u00e1s 365","description":"Cand\u00e1s 365 es un diario digital independiente, fundado en 2012, con base en Asturias. Informamos con rigor sobre actualidad, sociedad, cultura y ocio, con una mirada local y global.","url":"https:\/\/candas365.es\/noticias\/","email":"info@candas365.es","telephone":"+34652131393","foundingDate":"2012-06-10","logo":{"@type":"ImageObject","url":"https:\/\/candas365.es\/noticias\/wp-content\/uploads\/2024\/09\/Candas-365-Redes.jpg","@id":"https:\/\/candas365.es\/noticias\/tareas-de-desbroce-en-la-zona-rural-de-carreno\/#organizationLogo","width":1152,"height":864,"caption":"Cand\u00e1s 365 Redes"},"image":{"@id":"https:\/\/candas365.es\/noticias\/tareas-de-desbroce-en-la-zona-rural-de-carreno\/#organizationLogo"},"sameAs":["https:\/\/www.facebook.com\/Nachofdezber","https:\/\/x.com\/NabercoDigital","https:\/\/www.instagram.com\/nachofdezber\/","https:\/\/www.youtube.com\/channel\/UCZP-2wLEB9Rv6erhFmqVnvg"],"address":{"@id":"https:\/\/candas365.es\/noticias\/#postaladdress","@type":"PostalAddress","streetAddress":"san antonio 4, san antonio 4","postalCode":"33430","addressLocality":"Cand\u00e1s","addressRegion":"Asturias","addressCountry":"ES"}},{"@type":"Person","@id":"https:\/\/candas365.es\/noticias\/author\/admin\/#author","url":"https:\/\/candas365.es\/noticias\/author\/admin\/","name":"Cand\u00e1s 365","image":{"@type":"ImageObject","@id":"https:\/\/candas365.es\/noticias\/tareas-de-desbroce-en-la-zona-rural-de-carreno\/#authorImage","url":"https:\/\/secure.gravatar.com\/avatar\/496a8e03d0c493ede1718b7934145dbdf8d89be1036b0eec9544e1094c9de390?s=96&d=mm&r=g","width":96,"height":96,"caption":"Cand\u00e1s 365"},"sameAs":["https:\/\/www.facebook.com\/carrenoactualidad","https:\/\/twitter.com\/nbasturias","https:\/\/www.instagram.com\/nachofdezber\/","https:\/\/www.youtube.com\/channel\/UCZP-2wLEB9Rv6erhFmqVnvg"]},{"@type":"WebPage","@id":"https:\/\/candas365.es\/noticias\/tareas-de-desbroce-en-la-zona-rural-de-carreno\/#webpage","url":"https:\/\/candas365.es\/noticias\/tareas-de-desbroce-en-la-zona-rural-de-carreno\/","name":"Tareas de desbroce en la zona rural de Carre\u00f1o | Cand\u00e1s 365","description":"Esta semana comenz\u00f3, en la zona rural de Carre\u00f1o, la segunda fase de la campa\u00f1a anual de desbroces. Los trabajos de desbroce y limpieza de taludes, terrenos, m\u00e1rgenes y cunetas adjudicados el pasado mes de Mayo, tras un proceso de licitaci\u00f3n en el que participaron 7 empresas, se adjudic\u00f3 a AGROFORESTAL GRADO S.L.U. \u201cA la","inLanguage":"es-ES","isPartOf":{"@id":"https:\/\/candas365.es\/noticias\/#website"},"breadcrumb":{"@id":"https:\/\/candas365.es\/noticias\/tareas-de-desbroce-en-la-zona-rural-de-carreno\/#breadcrumblist"},"author":{"@id":"https:\/\/candas365.es\/noticias\/author\/admin\/#author"},"creator":{"@id":"https:\/\/candas365.es\/noticias\/author\/admin\/#author"},"image":{"@type":"ImageObject","url":"https:\/\/candas365.es\/noticias\/wp-content\/uploads\/2017\/11\/DSC_0030.jpg","@id":"https:\/\/candas365.es\/noticias\/tareas-de-desbroce-en-la-zona-rural-de-carreno\/#mainImage","width":1280,"height":719},"primaryImageOfPage":{"@id":"https:\/\/candas365.es\/noticias\/tareas-de-desbroce-en-la-zona-rural-de-carreno\/#mainImage"},"datePublished":"2017-11-16T21:20:19+01:00","dateModified":"2017-11-16T21:20:19+01:00"},{"@type":"WebSite","@id":"https:\/\/candas365.es\/noticias\/#website","url":"https:\/\/candas365.es\/noticias\/","name":"Cand\u00e1s 365","alternateName":"Cand\u00e1s 365 Noticias","description":"Actualidad desde Carre\u00f1o para el mundo","inLanguage":"es-ES","publisher":{"@id":"https:\/\/candas365.es\/noticias\/#organization"}}]},"og:locale":"es_ES","og:site_name":"Cand\u00e1s 365","og:type":"article","og:title":"Tareas de desbroce en la zona rural de Carre\u00f1o | Cand\u00e1s 365","og:description":"Esta semana comenz\u00f3, en la zona rural de Carre\u00f1o, la segunda fase de la campa\u00f1a anual de desbroces. Los trabajos de desbroce y limpieza de taludes, terrenos, m\u00e1rgenes y cunetas adjudicados el pasado mes de Mayo, tras un proceso de licitaci\u00f3n en el que participaron 7 empresas, se adjudic\u00f3 a AGROFORESTAL GRADO S.L.U. \u201cA la","og:url":"https:\/\/candas365.es\/noticias\/tareas-de-desbroce-en-la-zona-rural-de-carreno\/","og:image":"https:\/\/candas365.es\/noticias\/wp-content\/uploads\/2017\/11\/DSC_0030.jpg","og:image:secure_url":"https:\/\/candas365.es\/noticias\/wp-content\/uploads\/2017\/11\/DSC_0030.jpg","og:image:width":1280,"og:image:height":719,"article:published_time":"2017-11-16T21:20:19+00:00","article:modified_time":"2017-11-16T21:20:19+00:00","article:publisher":"https:\/\/www.facebook.com\/Nachofdezber","article:author":"https:\/\/www.facebook.com\/carrenoactualidad","twitter:card":"summary_large_image","twitter:site":"@NabercoDigital","twitter:title":"Tareas de desbroce en la zona rural de Carre\u00f1o | Cand\u00e1s 365","twitter:description":"Esta semana comenz\u00f3, en la zona rural de Carre\u00f1o, la segunda fase de la campa\u00f1a anual de desbroces. Los trabajos de desbroce y limpieza de taludes, terrenos, m\u00e1rgenes y cunetas adjudicados el pasado mes de Mayo, tras un proceso de licitaci\u00f3n en el que participaron 7 empresas, se adjudic\u00f3 a AGROFORESTAL GRADO S.L.U. \u201cA la","twitter:creator":"@nbasturias","twitter:image":"https:\/\/candas365.es\/noticias\/wp-content\/uploads\/2017\/11\/DSC_0030.jpg","twitter:label1":"Escrito por","twitter:data1":"Cand\u00e1s 365","twitter:label2":"Tiempo de lectura estimado","twitter:data2":"2 minutos"},"aioseo_meta_data":{"post_id":"84747","title":null,"description":null,"keywords":null,"keyphrases":null,"primary_term":null,"canonical_url":null,"og_title":null,"og_description":null,"og_object_type":"default","og_image_type":"default","og_image_url":null,"og_image_width":null,"og_image_height":null,"og_image_custom_url":null,"og_image_custom_fields":null,"og_video":null,"og_custom_url":null,"og_article_section":null,"og_article_tags":null,"twitter_use_og":false,"twitter_card":"default","twitter_image_type":"default","twitter_image_url":null,"twitter_image_custom_url":null,"twitter_image_custom_fields":null,"twitter_title":null,"twitter_description":null,"schema":{"blockGraphs":[],"customGraphs":[],"default":{"data":{"Article":[],"Course":[],"Dataset":[],"FAQPage":[],"Movie":[],"Person":[],"Product":[],"ProductReview":[],"Car":[],"Recipe":[],"Service":[],"SoftwareApplication":[],"WebPage":[]},"graphName":"","isEnabled":true},"graphs":[]},"schema_type":null,"schema_type_options":null,"pillar_content":false,"robots_default":true,"robots_noindex":false,"robots_noarchive":false,"robots_nosnippet":false,"robots_nofollow":false,"robots_noimageindex":false,"robots_noodp":false,"robots_notranslate":false,"robots_max_snippet":null,"robots_max_videopreview":null,"robots_max_imagepreview":"large","priority":null,"frequency":null,"location":null,"local_seo":null,"seo_analyzer_scan_date":"2025-08-26 06:02:17","breadcrumb_settings":null,"limit_modified_date":false,"reviewed_by":null,"open_ai":null,"ai":null,"created":"2020-12-21 12:24:00","updated":"2025-08-26 06:02:17"},"aioseo_breadcrumb":"<div class=\"aioseo-breadcrumbs\"><span class=\"aioseo-breadcrumb\">\n\t<a href=\"https:\/\/candas365.es\/noticias\" title=\"Home\">Home<\/a>\n<\/span><span class=\"aioseo-breadcrumb-separator\">&ndash;<\/span><span class=\"aioseo-breadcrumb\">\n\t<a href=\"https:\/\/candas365.es\/noticias\/category\/noticias-carreno\/\" title=\"Noticias Carre\u00f1o\">Noticias Carre\u00f1o<\/a>\n<\/span><span class=\"aioseo-breadcrumb-separator\">&ndash;<\/span><span class=\"aioseo-breadcrumb\">\n\tTareas de desbroce en la zona rural de Carre\u00f1o\n<\/span><\/div>","aioseo_breadcrumb_json":[{"label":"Home","link":"https:\/\/candas365.es\/noticias"},{"label":"Noticias Carre\u00f1o","link":"https:\/\/candas365.es\/noticias\/category\/noticias-carreno\/"},{"label":"Tareas de desbroce en la zona rural de Carre\u00f1o","link":"https:\/\/candas365.es\/noticias\/tareas-de-desbroce-en-la-zona-rural-de-carreno\/"}],"_links":{"self":[{"href":"https:\/\/candas365.es\/noticias\/wp-json\/wp\/v2\/posts\/84747","targetHints":{"allow":["GET"]}}],"collection":[{"href":"https:\/\/candas365.es\/noticias\/wp-json\/wp\/v2\/posts"}],"about":[{"href":"https:\/\/candas365.es\/noticias\/wp-json\/wp\/v2\/types\/post"}],"author":[{"embeddable":true,"href":"https:\/\/candas365.es\/noticias\/wp-json\/wp\/v2\/users\/1"}],"replies":[{"embeddable":true,"href":"https:\/\/candas365.es\/noticias\/wp-json\/wp\/v2\/comments?post=84747"}],"version-history":[{"count":0,"href":"https:\/\/candas365.es\/noticias\/wp-json\/wp\/v2\/posts\/84747\/revisions"}],"wp:featuredmedia":[{"embeddable":true,"href":"https:\/\/candas365.es\/noticias\/wp-json\/wp\/v2\/media\/84748"}],"wp:attachment":[{"href":"https:\/\/candas365.es\/noticias\/wp-json\/wp\/v2\/media?parent=84747"}],"wp:term":[{"taxonomy":"category","embeddable":true,"href":"https:\/\/candas365.es\/noticias\/wp-json\/wp\/v2\/categories?post=84747"},{"taxonomy":"post_tag","embeddable":true,"href":"https:\/\/candas365.es\/noticias\/wp-json\/wp\/v2\/tags?post=84747"}],"curies":[{"name":"wp","href":"https:\/\/api.w.org\/{rel}","templated":true}]}}