{"id":84713,"date":"2017-11-16T12:07:52","date_gmt":"2017-11-16T12:07:52","guid":{"rendered":"http:\/\/candas365.es\/noticias\/?p=84713"},"modified":"2017-11-16T12:07:52","modified_gmt":"2017-11-16T12:07:52","slug":"candas-cada-dia-mas-accesible","status":"publish","type":"post","link":"https:\/\/candas365.es\/noticias\/candas-cada-dia-mas-accesible\/","title":{"rendered":"Cand\u00e1s cada d\u00eda m\u00e1s accesible"},"content":{"rendered":"<p><img fetchpriority=\"high\" decoding=\"async\" class=\"alignleft size-medium wp-image-84714\" src=\"https:\/\/candas365.es\/noticias\/wp-content\/uploads\/2017\/11\/CalleBarceloneta2017-360x234.jpg\" alt=\"\" width=\"360\" height=\"234\" srcset=\"https:\/\/candas365.es\/noticias\/wp-content\/uploads\/2017\/11\/CalleBarceloneta2017-360x234.jpg 360w, https:\/\/candas365.es\/noticias\/wp-content\/uploads\/2017\/11\/CalleBarceloneta2017-768x499.jpg 768w, https:\/\/candas365.es\/noticias\/wp-content\/uploads\/2017\/11\/CalleBarceloneta2017-655x426.jpg 655w, https:\/\/candas365.es\/noticias\/wp-content\/uploads\/2017\/11\/CalleBarceloneta2017-696x453.jpg 696w, https:\/\/candas365.es\/noticias\/wp-content\/uploads\/2017\/11\/CalleBarceloneta2017-1068x694.jpg 1068w, https:\/\/candas365.es\/noticias\/wp-content\/uploads\/2017\/11\/CalleBarceloneta2017-646x420.jpg 646w, https:\/\/candas365.es\/noticias\/wp-content\/uploads\/2017\/11\/CalleBarceloneta2017-84x55.jpg 84w, https:\/\/candas365.es\/noticias\/wp-content\/uploads\/2017\/11\/CalleBarceloneta2017.jpg 1178w\" sizes=\"(max-width: 360px) 100vw, 360px\" \/>El Ayuntamiento de Carre\u00f1o contrat\u00f3 el asesoramiento t\u00e9cnico para realizar el primer Plan de Accesibilidad de Cand\u00e1s, que se ejecutar\u00e1 en el periodo 2015-2019 . Este estudio, sirve como base y como soporte para futuras actuaciones municipales. La orograf\u00eda de Cand\u00e1s condiciona notablemente las soluciones o propuestas para la eliminaci\u00f3n de barreras f\u00edsicas tanto a las instalaciones como a los entornos, lo que obviamente repercutir\u00e1 en la cadena de accesibilidad hacia el transporte, la comunicaci\u00f3n y la informaci\u00f3n.<\/p>\n<p>El an\u00e1lisis diagn\u00f3stico realizado incluy\u00f3 algunas de las calles que forman el casco urbano y, sobre todo, aquellas vialidades que dan acceso a los principales edificios p\u00fablicos, as\u00ed como los edificios en s\u00ed mismos, por lo que se tratar\u00e1, hasta el 2019, de crear una cadena de accesibilidad que permita al vecindario, desplazarse por el municipio, acceder a los edificios, instalaciones, zonas de ocio etc. y usar y disfrutar de estos espacios y servicios.<\/p>\n<p>\u201cUn municipio accesible supone ventajas para todas las personas aportando una mayor calidad de vida para toda la poblaci\u00f3n en general y m\u00e1s concretamente personas mayores, personas con discapacidad y\/o con movilidad reducida, etc.\u201d \u2013 se\u00f1al\u00f3 el edil de urbanismo, Gabriel Rodr\u00edguez.<\/p>\n<p>El Ayuntamiento desea avanzar y garantizar el uso y disfrute de todos los espacios municipales y la posibilidad de acceso a todos los equipamientos y servicios. Por ello, tras el amplio estudio de campo realizado por ASPAYM, a fin de detectar las barreras y dificultades existentes y las posibilidades de supresi\u00f3n y soluci\u00f3n, analizando los condicionantes orogr\u00e1ficos de la ciudad, su estructura urbana, equipamientos, mobiliario urbano, informaci\u00f3n y se\u00f1alizaci\u00f3n, se van ejecutando cada a\u00f1o posibles soluciones, teniendo en cuenta su viabilidad y procurando obtener un conjunto integrado, congruente y equilibrado.<\/p>\n<p>\u201cSe puede decir, que el conjunto de acciones acometidas con el objeto de favorecer la promoci\u00f3n de la accesibilidad en el n\u00facleo urbano de Cand\u00e1s, han estado dirigidas hasta el momento a la supresi\u00f3n de barreras\u201d \u2013 afirm\u00f3 el concejal.<\/p>\n<p>En este marco de actuaci\u00f3n se dise\u00f1\u00f3, en colaboraci\u00f3n con la Oficina T\u00e9cnica municipal, un programa espec\u00edfico de formaci\u00f3n y empleo encaminado a la eliminaci\u00f3n de barreras. Reci\u00e9nteme operarios del Plan de empleo realizaron las obras de adecuaci\u00f3n necesarias para la accesibilidad de un paso de peatones situado en la calle Barceloneta en la zona que da acceso al parque de Santar\u00faa.<\/p>\n<p>\u201cLa adecuaci\u00f3n consisti\u00f3 en la ejecuci\u00f3n de sendos rebajes de las aceras, teniendo que realizar el picado y rebaje de la acera, levantado y recolocaci\u00f3n del bordillo, posterior ejecuci\u00f3n de solera y pavimentado de la zona\u201d \u2013 concluy\u00f3 Rodr\u00edguez.<\/p>\n","protected":false},"excerpt":{"rendered":"<p>El Ayuntamiento de Carre\u00f1o contrat\u00f3 el asesoramiento t\u00e9cnico para realizar el primer Plan de Accesibilidad de Cand\u00e1s, que se ejecutar\u00e1 en el periodo 2015-2019 . Este estudio, sirve como base y como soporte para futuras actuaciones municipales. La orograf\u00eda de Cand\u00e1s condiciona notablemente las soluciones o propuestas para la eliminaci\u00f3n de barreras f\u00edsicas tanto a<\/p>\n","protected":false},"author":1,"featured_media":84714,"comment_status":"closed","ping_status":"closed","sticky":false,"template":"","format":"standard","meta":{"footnotes":""},"categories":[2],"tags":[],"class_list":{"0":"post-84713","1":"post","2":"type-post","3":"status-publish","4":"format-standard","5":"has-post-thumbnail","7":"category-noticias-carreno"},"aioseo_notices":[],"aioseo_head":"\n\t\t<!-- All in One SEO Pro 4.9.6.2 - aioseo.com -->\n\t<meta name=\"description\" content=\"El Ayuntamiento de Carre\u00f1o contrat\u00f3 el asesoramiento t\u00e9cnico para realizar el primer Plan de Accesibilidad de Cand\u00e1s, que se ejecutar\u00e1 en el periodo 2015-2019 . Este estudio, sirve como base y como soporte para futuras actuaciones municipales. La orograf\u00eda de Cand\u00e1s condiciona notablemente las soluciones o propuestas para la eliminaci\u00f3n de barreras f\u00edsicas tanto a\" \/>\n\t<meta name=\"robots\" content=\"max-image-preview:large\" \/>\n\t<meta name=\"author\" content=\"Cand\u00e1s 365\"\/>\n\t<meta name=\"google-site-verification\" content=\"UA-32230408-1\" \/>\n\t<meta name=\"msvalidate.01\" content=\"354F3CDFB2DA171B47FBE9ABF1F88D5\" \/>\n\t<meta name=\"keywords\" content=\"noticias carre\u00f1o\" \/>\n\t<link rel=\"canonical\" href=\"https:\/\/candas365.es\/noticias\/candas-cada-dia-mas-accesible\/\" \/>\n\t<meta name=\"generator\" content=\"All in One SEO Pro (AIOSEO) 4.9.6.2\" \/>\n\t\t<meta property=\"og:locale\" content=\"es_ES\" \/>\n\t\t<meta property=\"og:site_name\" content=\"Cand\u00e1s 365\" \/>\n\t\t<meta property=\"og:type\" content=\"article\" \/>\n\t\t<meta property=\"og:title\" content=\"Cand\u00e1s cada d\u00eda m\u00e1s accesible | Cand\u00e1s 365\" \/>\n\t\t<meta property=\"og:description\" content=\"El Ayuntamiento de Carre\u00f1o contrat\u00f3 el asesoramiento t\u00e9cnico para realizar el primer Plan de Accesibilidad de Cand\u00e1s, que se ejecutar\u00e1 en el periodo 2015-2019 . Este estudio, sirve como base y como soporte para futuras actuaciones municipales. La orograf\u00eda de Cand\u00e1s condiciona notablemente las soluciones o propuestas para la eliminaci\u00f3n de barreras f\u00edsicas tanto a\" \/>\n\t\t<meta property=\"og:url\" content=\"https:\/\/candas365.es\/noticias\/candas-cada-dia-mas-accesible\/\" \/>\n\t\t<meta property=\"og:image\" content=\"https:\/\/candas365.es\/noticias\/wp-content\/uploads\/2017\/11\/CalleBarceloneta2017.jpg\" \/>\n\t\t<meta property=\"og:image:secure_url\" content=\"https:\/\/candas365.es\/noticias\/wp-content\/uploads\/2017\/11\/CalleBarceloneta2017.jpg\" \/>\n\t\t<meta property=\"og:image:width\" content=\"1178\" \/>\n\t\t<meta property=\"og:image:height\" content=\"766\" \/>\n\t\t<meta property=\"article:published_time\" content=\"2017-11-16T12:07:52+00:00\" \/>\n\t\t<meta property=\"article:modified_time\" content=\"2017-11-16T12:07:52+00:00\" \/>\n\t\t<meta property=\"article:publisher\" content=\"https:\/\/www.facebook.com\/Nachofdezber\" \/>\n\t\t<meta property=\"article:author\" content=\"https:\/\/www.facebook.com\/carrenoactualidad\" \/>\n\t\t<meta name=\"twitter:card\" content=\"summary_large_image\" \/>\n\t\t<meta name=\"twitter:site\" content=\"@NabercoDigital\" \/>\n\t\t<meta name=\"twitter:title\" content=\"Cand\u00e1s cada d\u00eda m\u00e1s accesible | Cand\u00e1s 365\" \/>\n\t\t<meta name=\"twitter:description\" content=\"El Ayuntamiento de Carre\u00f1o contrat\u00f3 el asesoramiento t\u00e9cnico para realizar el primer Plan de Accesibilidad de Cand\u00e1s, que se ejecutar\u00e1 en el periodo 2015-2019 . Este estudio, sirve como base y como soporte para futuras actuaciones municipales. La orograf\u00eda de Cand\u00e1s condiciona notablemente las soluciones o propuestas para la eliminaci\u00f3n de barreras f\u00edsicas tanto a\" \/>\n\t\t<meta name=\"twitter:creator\" content=\"@nbasturias\" \/>\n\t\t<meta name=\"twitter:image\" content=\"https:\/\/candas365.es\/noticias\/wp-content\/uploads\/2017\/11\/CalleBarceloneta2017.jpg\" \/>\n\t\t<meta name=\"twitter:label1\" content=\"Escrito por\" \/>\n\t\t<meta name=\"twitter:data1\" content=\"Cand\u00e1s 365\" \/>\n\t\t<meta name=\"twitter:label2\" content=\"Tiempo de lectura estimado\" \/>\n\t\t<meta name=\"twitter:data2\" content=\"2 minutos\" \/>\n\t\t<script type=\"application\/ld+json\" class=\"aioseo-schema\">\n\t\t\t{\"@context\":\"https:\\\/\\\/schema.org\",\"@graph\":[{\"@type\":\"BreadcrumbList\",\"@id\":\"https:\\\/\\\/candas365.es\\\/noticias\\\/candas-cada-dia-mas-accesible\\\/#breadcrumblist\",\"itemListElement\":[{\"@type\":\"ListItem\",\"@id\":\"https:\\\/\\\/candas365.es\\\/noticias#listItem\",\"position\":1,\"name\":\"Home\",\"item\":\"https:\\\/\\\/candas365.es\\\/noticias\",\"nextItem\":{\"@type\":\"ListItem\",\"@id\":\"https:\\\/\\\/candas365.es\\\/noticias\\\/category\\\/noticias-carreno\\\/#listItem\",\"name\":\"Noticias Carre\\u00f1o\"}},{\"@type\":\"ListItem\",\"@id\":\"https:\\\/\\\/candas365.es\\\/noticias\\\/category\\\/noticias-carreno\\\/#listItem\",\"position\":2,\"name\":\"Noticias Carre\\u00f1o\",\"item\":\"https:\\\/\\\/candas365.es\\\/noticias\\\/category\\\/noticias-carreno\\\/\",\"nextItem\":{\"@type\":\"ListItem\",\"@id\":\"https:\\\/\\\/candas365.es\\\/noticias\\\/candas-cada-dia-mas-accesible\\\/#listItem\",\"name\":\"Cand\\u00e1s cada d\\u00eda m\\u00e1s accesible\"},\"previousItem\":{\"@type\":\"ListItem\",\"@id\":\"https:\\\/\\\/candas365.es\\\/noticias#listItem\",\"name\":\"Home\"}},{\"@type\":\"ListItem\",\"@id\":\"https:\\\/\\\/candas365.es\\\/noticias\\\/candas-cada-dia-mas-accesible\\\/#listItem\",\"position\":3,\"name\":\"Cand\\u00e1s cada d\\u00eda m\\u00e1s accesible\",\"previousItem\":{\"@type\":\"ListItem\",\"@id\":\"https:\\\/\\\/candas365.es\\\/noticias\\\/category\\\/noticias-carreno\\\/#listItem\",\"name\":\"Noticias Carre\\u00f1o\"}}]},{\"@type\":\"NewsArticle\",\"@id\":\"https:\\\/\\\/candas365.es\\\/noticias\\\/candas-cada-dia-mas-accesible\\\/#newsarticle\",\"name\":\"Cand\\u00e1s cada d\\u00eda m\\u00e1s accesible | Cand\\u00e1s 365\",\"headline\":\"Cand\\u00e1s cada d\\u00eda m\\u00e1s accesible\",\"author\":{\"@id\":\"https:\\\/\\\/candas365.es\\\/noticias\\\/author\\\/admin\\\/#author\"},\"publisher\":{\"@id\":\"https:\\\/\\\/candas365.es\\\/noticias\\\/#organization\"},\"image\":{\"@type\":\"ImageObject\",\"url\":\"https:\\\/\\\/candas365.es\\\/noticias\\\/wp-content\\\/uploads\\\/2017\\\/11\\\/CalleBarceloneta2017.jpg\",\"width\":1178,\"height\":766},\"datePublished\":\"2017-11-16T12:07:52+01:00\",\"dateModified\":\"2017-11-16T12:07:52+01:00\",\"inLanguage\":\"es-ES\",\"mainEntityOfPage\":{\"@id\":\"https:\\\/\\\/candas365.es\\\/noticias\\\/candas-cada-dia-mas-accesible\\\/#webpage\"},\"isPartOf\":{\"@id\":\"https:\\\/\\\/candas365.es\\\/noticias\\\/candas-cada-dia-mas-accesible\\\/#webpage\"},\"articleSection\":\"Noticias Carre\\u00f1o\",\"dateline\":\"Publicado el noviembre 16, 2017.\"},{\"@type\":\"Organization\",\"@id\":\"https:\\\/\\\/candas365.es\\\/noticias\\\/#organization\",\"name\":\"Cand\\u00e1s 365\",\"description\":\"Cand\\u00e1s 365 es un diario digital independiente, fundado en 2012, con base en Asturias. Informamos con rigor sobre actualidad, sociedad, cultura y ocio, con una mirada local y global.\",\"url\":\"https:\\\/\\\/candas365.es\\\/noticias\\\/\",\"email\":\"info@candas365.es\",\"telephone\":\"+34652131393\",\"foundingDate\":\"2012-06-10\",\"logo\":{\"@type\":\"ImageObject\",\"url\":\"https:\\\/\\\/candas365.es\\\/noticias\\\/wp-content\\\/uploads\\\/2024\\\/09\\\/Candas-365-Redes.jpg\",\"@id\":\"https:\\\/\\\/candas365.es\\\/noticias\\\/candas-cada-dia-mas-accesible\\\/#organizationLogo\",\"width\":1152,\"height\":864,\"caption\":\"Cand\\u00e1s 365 Redes\"},\"image\":{\"@id\":\"https:\\\/\\\/candas365.es\\\/noticias\\\/candas-cada-dia-mas-accesible\\\/#organizationLogo\"},\"sameAs\":[\"https:\\\/\\\/www.facebook.com\\\/Nachofdezber\",\"https:\\\/\\\/x.com\\\/NabercoDigital\",\"https:\\\/\\\/www.instagram.com\\\/nachofdezber\\\/\",\"https:\\\/\\\/www.youtube.com\\\/channel\\\/UCZP-2wLEB9Rv6erhFmqVnvg\"],\"address\":{\"@id\":\"https:\\\/\\\/candas365.es\\\/noticias\\\/#postaladdress\",\"@type\":\"PostalAddress\",\"streetAddress\":\"san antonio 4, san antonio 4\",\"postalCode\":\"33430\",\"addressLocality\":\"Cand\\u00e1s\",\"addressRegion\":\"Asturias\",\"addressCountry\":\"ES\"}},{\"@type\":\"Person\",\"@id\":\"https:\\\/\\\/candas365.es\\\/noticias\\\/author\\\/admin\\\/#author\",\"url\":\"https:\\\/\\\/candas365.es\\\/noticias\\\/author\\\/admin\\\/\",\"name\":\"Cand\\u00e1s 365\",\"image\":{\"@type\":\"ImageObject\",\"@id\":\"https:\\\/\\\/candas365.es\\\/noticias\\\/candas-cada-dia-mas-accesible\\\/#authorImage\",\"url\":\"https:\\\/\\\/secure.gravatar.com\\\/avatar\\\/496a8e03d0c493ede1718b7934145dbdf8d89be1036b0eec9544e1094c9de390?s=96&d=mm&r=g\",\"width\":96,\"height\":96,\"caption\":\"Cand\\u00e1s 365\"},\"sameAs\":[\"https:\\\/\\\/www.facebook.com\\\/carrenoactualidad\",\"https:\\\/\\\/twitter.com\\\/nbasturias\",\"https:\\\/\\\/www.instagram.com\\\/nachofdezber\\\/\",\"https:\\\/\\\/www.youtube.com\\\/channel\\\/UCZP-2wLEB9Rv6erhFmqVnvg\"]},{\"@type\":\"WebPage\",\"@id\":\"https:\\\/\\\/candas365.es\\\/noticias\\\/candas-cada-dia-mas-accesible\\\/#webpage\",\"url\":\"https:\\\/\\\/candas365.es\\\/noticias\\\/candas-cada-dia-mas-accesible\\\/\",\"name\":\"Cand\\u00e1s cada d\\u00eda m\\u00e1s accesible | Cand\\u00e1s 365\",\"description\":\"El Ayuntamiento de Carre\\u00f1o contrat\\u00f3 el asesoramiento t\\u00e9cnico para realizar el primer Plan de Accesibilidad de Cand\\u00e1s, que se ejecutar\\u00e1 en el periodo 2015-2019 . Este estudio, sirve como base y como soporte para futuras actuaciones municipales. La orograf\\u00eda de Cand\\u00e1s condiciona notablemente las soluciones o propuestas para la eliminaci\\u00f3n de barreras f\\u00edsicas tanto a\",\"inLanguage\":\"es-ES\",\"isPartOf\":{\"@id\":\"https:\\\/\\\/candas365.es\\\/noticias\\\/#website\"},\"breadcrumb\":{\"@id\":\"https:\\\/\\\/candas365.es\\\/noticias\\\/candas-cada-dia-mas-accesible\\\/#breadcrumblist\"},\"author\":{\"@id\":\"https:\\\/\\\/candas365.es\\\/noticias\\\/author\\\/admin\\\/#author\"},\"creator\":{\"@id\":\"https:\\\/\\\/candas365.es\\\/noticias\\\/author\\\/admin\\\/#author\"},\"image\":{\"@type\":\"ImageObject\",\"url\":\"https:\\\/\\\/candas365.es\\\/noticias\\\/wp-content\\\/uploads\\\/2017\\\/11\\\/CalleBarceloneta2017.jpg\",\"@id\":\"https:\\\/\\\/candas365.es\\\/noticias\\\/candas-cada-dia-mas-accesible\\\/#mainImage\",\"width\":1178,\"height\":766},\"primaryImageOfPage\":{\"@id\":\"https:\\\/\\\/candas365.es\\\/noticias\\\/candas-cada-dia-mas-accesible\\\/#mainImage\"},\"datePublished\":\"2017-11-16T12:07:52+01:00\",\"dateModified\":\"2017-11-16T12:07:52+01:00\"},{\"@type\":\"WebSite\",\"@id\":\"https:\\\/\\\/candas365.es\\\/noticias\\\/#website\",\"url\":\"https:\\\/\\\/candas365.es\\\/noticias\\\/\",\"name\":\"Cand\\u00e1s 365\",\"alternateName\":\"Cand\\u00e1s 365 Noticias\",\"description\":\"Actualidad desde Carre\\u00f1o para el mundo\",\"inLanguage\":\"es-ES\",\"publisher\":{\"@id\":\"https:\\\/\\\/candas365.es\\\/noticias\\\/#organization\"}}]}\n\t\t<\/script>\n\t\t<!-- All in One SEO Pro -->\r\n\t\t<title>Cand\u00e1s cada d\u00eda m\u00e1s accesible | Cand\u00e1s 365<\/title>\n\n","aioseo_head_json":{"title":"Cand\u00e1s cada d\u00eda m\u00e1s accesible | Cand\u00e1s 365","description":"El Ayuntamiento de Carre\u00f1o contrat\u00f3 el asesoramiento t\u00e9cnico para realizar el primer Plan de Accesibilidad de Cand\u00e1s, que se ejecutar\u00e1 en el periodo 2015-2019 . Este estudio, sirve como base y como soporte para futuras actuaciones municipales. La orograf\u00eda de Cand\u00e1s condiciona notablemente las soluciones o propuestas para la eliminaci\u00f3n de barreras f\u00edsicas tanto a","canonical_url":"https:\/\/candas365.es\/noticias\/candas-cada-dia-mas-accesible\/","robots":"max-image-preview:large","keywords":"noticias carre\u00f1o","webmasterTools":{"google-site-verification":"UA-32230408-1","msvalidate.01":"354F3CDFB2DA171B47FBE9ABF1F88D5","miscellaneous":""},"schema":{"@context":"https:\/\/schema.org","@graph":[{"@type":"BreadcrumbList","@id":"https:\/\/candas365.es\/noticias\/candas-cada-dia-mas-accesible\/#breadcrumblist","itemListElement":[{"@type":"ListItem","@id":"https:\/\/candas365.es\/noticias#listItem","position":1,"name":"Home","item":"https:\/\/candas365.es\/noticias","nextItem":{"@type":"ListItem","@id":"https:\/\/candas365.es\/noticias\/category\/noticias-carreno\/#listItem","name":"Noticias Carre\u00f1o"}},{"@type":"ListItem","@id":"https:\/\/candas365.es\/noticias\/category\/noticias-carreno\/#listItem","position":2,"name":"Noticias Carre\u00f1o","item":"https:\/\/candas365.es\/noticias\/category\/noticias-carreno\/","nextItem":{"@type":"ListItem","@id":"https:\/\/candas365.es\/noticias\/candas-cada-dia-mas-accesible\/#listItem","name":"Cand\u00e1s cada d\u00eda m\u00e1s accesible"},"previousItem":{"@type":"ListItem","@id":"https:\/\/candas365.es\/noticias#listItem","name":"Home"}},{"@type":"ListItem","@id":"https:\/\/candas365.es\/noticias\/candas-cada-dia-mas-accesible\/#listItem","position":3,"name":"Cand\u00e1s cada d\u00eda m\u00e1s accesible","previousItem":{"@type":"ListItem","@id":"https:\/\/candas365.es\/noticias\/category\/noticias-carreno\/#listItem","name":"Noticias Carre\u00f1o"}}]},{"@type":"NewsArticle","@id":"https:\/\/candas365.es\/noticias\/candas-cada-dia-mas-accesible\/#newsarticle","name":"Cand\u00e1s cada d\u00eda m\u00e1s accesible | Cand\u00e1s 365","headline":"Cand\u00e1s cada d\u00eda m\u00e1s accesible","author":{"@id":"https:\/\/candas365.es\/noticias\/author\/admin\/#author"},"publisher":{"@id":"https:\/\/candas365.es\/noticias\/#organization"},"image":{"@type":"ImageObject","url":"https:\/\/candas365.es\/noticias\/wp-content\/uploads\/2017\/11\/CalleBarceloneta2017.jpg","width":1178,"height":766},"datePublished":"2017-11-16T12:07:52+01:00","dateModified":"2017-11-16T12:07:52+01:00","inLanguage":"es-ES","mainEntityOfPage":{"@id":"https:\/\/candas365.es\/noticias\/candas-cada-dia-mas-accesible\/#webpage"},"isPartOf":{"@id":"https:\/\/candas365.es\/noticias\/candas-cada-dia-mas-accesible\/#webpage"},"articleSection":"Noticias Carre\u00f1o","dateline":"Publicado el noviembre 16, 2017."},{"@type":"Organization","@id":"https:\/\/candas365.es\/noticias\/#organization","name":"Cand\u00e1s 365","description":"Cand\u00e1s 365 es un diario digital independiente, fundado en 2012, con base en Asturias. Informamos con rigor sobre actualidad, sociedad, cultura y ocio, con una mirada local y global.","url":"https:\/\/candas365.es\/noticias\/","email":"info@candas365.es","telephone":"+34652131393","foundingDate":"2012-06-10","logo":{"@type":"ImageObject","url":"https:\/\/candas365.es\/noticias\/wp-content\/uploads\/2024\/09\/Candas-365-Redes.jpg","@id":"https:\/\/candas365.es\/noticias\/candas-cada-dia-mas-accesible\/#organizationLogo","width":1152,"height":864,"caption":"Cand\u00e1s 365 Redes"},"image":{"@id":"https:\/\/candas365.es\/noticias\/candas-cada-dia-mas-accesible\/#organizationLogo"},"sameAs":["https:\/\/www.facebook.com\/Nachofdezber","https:\/\/x.com\/NabercoDigital","https:\/\/www.instagram.com\/nachofdezber\/","https:\/\/www.youtube.com\/channel\/UCZP-2wLEB9Rv6erhFmqVnvg"],"address":{"@id":"https:\/\/candas365.es\/noticias\/#postaladdress","@type":"PostalAddress","streetAddress":"san antonio 4, san antonio 4","postalCode":"33430","addressLocality":"Cand\u00e1s","addressRegion":"Asturias","addressCountry":"ES"}},{"@type":"Person","@id":"https:\/\/candas365.es\/noticias\/author\/admin\/#author","url":"https:\/\/candas365.es\/noticias\/author\/admin\/","name":"Cand\u00e1s 365","image":{"@type":"ImageObject","@id":"https:\/\/candas365.es\/noticias\/candas-cada-dia-mas-accesible\/#authorImage","url":"https:\/\/secure.gravatar.com\/avatar\/496a8e03d0c493ede1718b7934145dbdf8d89be1036b0eec9544e1094c9de390?s=96&d=mm&r=g","width":96,"height":96,"caption":"Cand\u00e1s 365"},"sameAs":["https:\/\/www.facebook.com\/carrenoactualidad","https:\/\/twitter.com\/nbasturias","https:\/\/www.instagram.com\/nachofdezber\/","https:\/\/www.youtube.com\/channel\/UCZP-2wLEB9Rv6erhFmqVnvg"]},{"@type":"WebPage","@id":"https:\/\/candas365.es\/noticias\/candas-cada-dia-mas-accesible\/#webpage","url":"https:\/\/candas365.es\/noticias\/candas-cada-dia-mas-accesible\/","name":"Cand\u00e1s cada d\u00eda m\u00e1s accesible | Cand\u00e1s 365","description":"El Ayuntamiento de Carre\u00f1o contrat\u00f3 el asesoramiento t\u00e9cnico para realizar el primer Plan de Accesibilidad de Cand\u00e1s, que se ejecutar\u00e1 en el periodo 2015-2019 . Este estudio, sirve como base y como soporte para futuras actuaciones municipales. La orograf\u00eda de Cand\u00e1s condiciona notablemente las soluciones o propuestas para la eliminaci\u00f3n de barreras f\u00edsicas tanto a","inLanguage":"es-ES","isPartOf":{"@id":"https:\/\/candas365.es\/noticias\/#website"},"breadcrumb":{"@id":"https:\/\/candas365.es\/noticias\/candas-cada-dia-mas-accesible\/#breadcrumblist"},"author":{"@id":"https:\/\/candas365.es\/noticias\/author\/admin\/#author"},"creator":{"@id":"https:\/\/candas365.es\/noticias\/author\/admin\/#author"},"image":{"@type":"ImageObject","url":"https:\/\/candas365.es\/noticias\/wp-content\/uploads\/2017\/11\/CalleBarceloneta2017.jpg","@id":"https:\/\/candas365.es\/noticias\/candas-cada-dia-mas-accesible\/#mainImage","width":1178,"height":766},"primaryImageOfPage":{"@id":"https:\/\/candas365.es\/noticias\/candas-cada-dia-mas-accesible\/#mainImage"},"datePublished":"2017-11-16T12:07:52+01:00","dateModified":"2017-11-16T12:07:52+01:00"},{"@type":"WebSite","@id":"https:\/\/candas365.es\/noticias\/#website","url":"https:\/\/candas365.es\/noticias\/","name":"Cand\u00e1s 365","alternateName":"Cand\u00e1s 365 Noticias","description":"Actualidad desde Carre\u00f1o para el mundo","inLanguage":"es-ES","publisher":{"@id":"https:\/\/candas365.es\/noticias\/#organization"}}]},"og:locale":"es_ES","og:site_name":"Cand\u00e1s 365","og:type":"article","og:title":"Cand\u00e1s cada d\u00eda m\u00e1s accesible | Cand\u00e1s 365","og:description":"El Ayuntamiento de Carre\u00f1o contrat\u00f3 el asesoramiento t\u00e9cnico para realizar el primer Plan de Accesibilidad de Cand\u00e1s, que se ejecutar\u00e1 en el periodo 2015-2019 . Este estudio, sirve como base y como soporte para futuras actuaciones municipales. La orograf\u00eda de Cand\u00e1s condiciona notablemente las soluciones o propuestas para la eliminaci\u00f3n de barreras f\u00edsicas tanto a","og:url":"https:\/\/candas365.es\/noticias\/candas-cada-dia-mas-accesible\/","og:image":"https:\/\/candas365.es\/noticias\/wp-content\/uploads\/2017\/11\/CalleBarceloneta2017.jpg","og:image:secure_url":"https:\/\/candas365.es\/noticias\/wp-content\/uploads\/2017\/11\/CalleBarceloneta2017.jpg","og:image:width":1178,"og:image:height":766,"article:published_time":"2017-11-16T12:07:52+00:00","article:modified_time":"2017-11-16T12:07:52+00:00","article:publisher":"https:\/\/www.facebook.com\/Nachofdezber","article:author":"https:\/\/www.facebook.com\/carrenoactualidad","twitter:card":"summary_large_image","twitter:site":"@NabercoDigital","twitter:title":"Cand\u00e1s cada d\u00eda m\u00e1s accesible | Cand\u00e1s 365","twitter:description":"El Ayuntamiento de Carre\u00f1o contrat\u00f3 el asesoramiento t\u00e9cnico para realizar el primer Plan de Accesibilidad de Cand\u00e1s, que se ejecutar\u00e1 en el periodo 2015-2019 . Este estudio, sirve como base y como soporte para futuras actuaciones municipales. La orograf\u00eda de Cand\u00e1s condiciona notablemente las soluciones o propuestas para la eliminaci\u00f3n de barreras f\u00edsicas tanto a","twitter:creator":"@nbasturias","twitter:image":"https:\/\/candas365.es\/noticias\/wp-content\/uploads\/2017\/11\/CalleBarceloneta2017.jpg","twitter:label1":"Escrito por","twitter:data1":"Cand\u00e1s 365","twitter:label2":"Tiempo de lectura estimado","twitter:data2":"2 minutos"},"aioseo_meta_data":{"post_id":"84713","title":null,"description":null,"keywords":null,"keyphrases":null,"primary_term":null,"canonical_url":null,"og_title":null,"og_description":null,"og_object_type":"default","og_image_type":"default","og_image_url":null,"og_image_width":null,"og_image_height":null,"og_image_custom_url":null,"og_image_custom_fields":null,"og_video":null,"og_custom_url":null,"og_article_section":null,"og_article_tags":null,"twitter_use_og":false,"twitter_card":"default","twitter_image_type":"default","twitter_image_url":null,"twitter_image_custom_url":null,"twitter_image_custom_fields":null,"twitter_title":null,"twitter_description":null,"schema":{"blockGraphs":[],"customGraphs":[],"default":{"data":{"Article":[],"Course":[],"Dataset":[],"FAQPage":[],"Movie":[],"Person":[],"Product":[],"ProductReview":[],"Car":[],"Recipe":[],"Service":[],"SoftwareApplication":[],"WebPage":[]},"graphName":"","isEnabled":true},"graphs":[],"defaultGraph":"","defaultPostTypeGraph":""},"schema_type":null,"schema_type_options":null,"pillar_content":false,"robots_default":true,"robots_noindex":false,"robots_noarchive":false,"robots_nosnippet":false,"robots_nofollow":false,"robots_noimageindex":false,"robots_noodp":false,"robots_notranslate":false,"robots_max_snippet":null,"robots_max_videopreview":null,"robots_max_imagepreview":"large","priority":null,"frequency":null,"location":null,"local_seo":null,"seo_analyzer_scan_date":"2025-08-26 06:00:14","breadcrumb_settings":null,"limit_modified_date":false,"reviewed_by":null,"open_ai":null,"ai":null,"created":"2020-12-21 12:24:00","updated":"2025-08-26 06:00:14"},"aioseo_breadcrumb":"<div class=\"aioseo-breadcrumbs\"><span class=\"aioseo-breadcrumb\">\n\t<a href=\"https:\/\/candas365.es\/noticias\" title=\"Home\">Home<\/a>\n<\/span><span class=\"aioseo-breadcrumb-separator\">&ndash;<\/span><span class=\"aioseo-breadcrumb\">\n\t<a href=\"https:\/\/candas365.es\/noticias\/category\/noticias-carreno\/\" title=\"Noticias Carre\u00f1o\">Noticias Carre\u00f1o<\/a>\n<\/span><span class=\"aioseo-breadcrumb-separator\">&ndash;<\/span><span class=\"aioseo-breadcrumb\">\n\tCand\u00e1s cada d\u00eda m\u00e1s accesible\n<\/span><\/div>","aioseo_breadcrumb_json":[{"label":"Home","link":"https:\/\/candas365.es\/noticias"},{"label":"Noticias Carre\u00f1o","link":"https:\/\/candas365.es\/noticias\/category\/noticias-carreno\/"},{"label":"Cand\u00e1s cada d\u00eda m\u00e1s accesible","link":"https:\/\/candas365.es\/noticias\/candas-cada-dia-mas-accesible\/"}],"_links":{"self":[{"href":"https:\/\/candas365.es\/noticias\/wp-json\/wp\/v2\/posts\/84713","targetHints":{"allow":["GET"]}}],"collection":[{"href":"https:\/\/candas365.es\/noticias\/wp-json\/wp\/v2\/posts"}],"about":[{"href":"https:\/\/candas365.es\/noticias\/wp-json\/wp\/v2\/types\/post"}],"author":[{"embeddable":true,"href":"https:\/\/candas365.es\/noticias\/wp-json\/wp\/v2\/users\/1"}],"replies":[{"embeddable":true,"href":"https:\/\/candas365.es\/noticias\/wp-json\/wp\/v2\/comments?post=84713"}],"version-history":[{"count":0,"href":"https:\/\/candas365.es\/noticias\/wp-json\/wp\/v2\/posts\/84713\/revisions"}],"wp:featuredmedia":[{"embeddable":true,"href":"https:\/\/candas365.es\/noticias\/wp-json\/wp\/v2\/media\/84714"}],"wp:attachment":[{"href":"https:\/\/candas365.es\/noticias\/wp-json\/wp\/v2\/media?parent=84713"}],"wp:term":[{"taxonomy":"category","embeddable":true,"href":"https:\/\/candas365.es\/noticias\/wp-json\/wp\/v2\/categories?post=84713"},{"taxonomy":"post_tag","embeddable":true,"href":"https:\/\/candas365.es\/noticias\/wp-json\/wp\/v2\/tags?post=84713"}],"curies":[{"name":"wp","href":"https:\/\/api.w.org\/{rel}","templated":true}]}}