{"id":84691,"date":"2017-11-15T23:26:07","date_gmt":"2017-11-15T23:26:07","guid":{"rendered":"http:\/\/candas365.es\/noticias\/?p=84691"},"modified":"2017-11-15T23:26:07","modified_gmt":"2017-11-15T23:26:07","slug":"inauguracion-de-una-exposicion-a-mas-voces-y-la-frontera-de-papel","status":"publish","type":"post","link":"https:\/\/candas365.es\/noticias\/inauguracion-de-una-exposicion-a-mas-voces-y-la-frontera-de-papel\/","title":{"rendered":"Inauguraci\u00f3n de &#8216;Una exposici\u00f3n a m\u00e1s voces&#8217; y &#8216;La frontera de papel&#8217;"},"content":{"rendered":"<p><img fetchpriority=\"high\" decoding=\"async\" class=\"alignleft size-medium wp-image-84692\" src=\"https:\/\/candas365.es\/noticias\/wp-content\/uploads\/2017\/11\/260917mostra-Espanha2-360x239.jpg\" alt=\"\" width=\"360\" height=\"239\" srcset=\"https:\/\/candas365.es\/noticias\/wp-content\/uploads\/2017\/11\/260917mostra-Espanha2-360x239.jpg 360w, https:\/\/candas365.es\/noticias\/wp-content\/uploads\/2017\/11\/260917mostra-Espanha2-84x55.jpg 84w, https:\/\/candas365.es\/noticias\/wp-content\/uploads\/2017\/11\/260917mostra-Espanha2.jpg 496w\" sizes=\"(max-width: 360px) 100vw, 360px\" \/>Las dos exposiciones, enmarcadas en el Programa Mostra Espanha, se inauguran el 16 de noviembre en Lisboa.<\/p>\n<p>El jueves 16 de noviembre tendr\u00e1 lugar en Lisboa la inauguraci\u00f3n de dos nuevas propuestas art\u00edstico-culturales del programa Mostra Espanha 2017: &#8216;Una exposici\u00f3n a m\u00e1s de dos voces&#8217;, en la Galer\u00eda Trasboavista de Lisboa, y &#8216;La frontera de papel&#8217;, en la Fundaci\u00f3n Saramago. Organizadas por la Secretar\u00eda de Estado de Cultura, ambas muestras buscan el fortalecimiento de los puentes entre la cultura espa\u00f1ola y portuguesa.<\/p>\n<p><strong>&#8216;Una exposici\u00f3n a dos voces&#8217;<\/strong><\/p>\n<p>El proyecto &#8216;Una exposici\u00f3n a m\u00e1s voces&#8217;, emprendido en colaboraci\u00f3n con Plataforma Rev\u00f3lver, se podr\u00e1 visitar en las salas de la Galer\u00eda Trasboavista de Lisboa hasta el 22 de enero de 2018.<\/p>\n<p>La exposici\u00f3n est\u00e1 comisariada por Andrea Rodr\u00edguez Novoa y Ver\u00f3nica Valentini y re\u00fane obras de Jon Mikel Euba, June Crespo, Leonor Serrano, Cristina Garrido, Anna Dot y Juan L\u00f3pez, artistas que trabajan en diferentes campos y mantienen opiniones dispares en todos los aspectos concernientes a la teor\u00eda y la praxis del arte actual, a su publicidad, venta, intercambio y generaci\u00f3n de debates.<\/p>\n<p>Compuesta por dos proyectos paralelos, el expositivo y el discursivo, &#8216;Una exposici\u00f3n a dos voces&#8217; pretende poner de manifiesto singularidades curatoriales y art\u00edsticas que exploran diferentes t\u00e9cnicas relativas a pr\u00e1cticas art\u00edsticas concretas. As\u00ed, en la inauguraci\u00f3n, cuatro artistas, las comisarias y el director de la Galer\u00eda, debatir\u00e1n sobre creaci\u00f3n, m\u00e9todo de trabajo, relaci\u00f3n artista y comisario.<\/p>\n<p>Con esta muestra, Mostra Espanha entra en contacto con el arte m\u00e1s actual y con el p\u00fablico que quiere acceder a un planteamiento global sobre la g\u00e9nesis del arte contempor\u00e1neo, sus formas de creaci\u00f3n y el acercamiento o distanciamiento de un nuevo tipo de p\u00fablico.<\/p>\n<p><strong>La frontera de papel<\/strong><\/p>\n<p>La exposici\u00f3n de libros &#8216;La Frontera de Papel&#8217;, que abrir\u00e1 sus puertas en la Fundaci\u00f3n Jos\u00e9 Saramago, sita en la Casa dos Bicos de Lisboa, pretende poner en di\u00e1logo a obras y autores espa\u00f1oles y portugueses de las primeras d\u00e9cadas del siglo XX.<\/p>\n<p>El Sal\u00f3n de Actos de la Fundaci\u00f3n Saramago, escenario de conferencias, talleres, ciclos de cine y encuentros literarios presentar\u00e1 unas mesas cubiertas por campanas de metacrilato, dise\u00f1adas y fabricadas especialmente para este evento, bajo las cuales se desplegar\u00e1n libros de autores portugueses de referencia como Eca de Queir\u00f3s, Teixeira de Pascoaes o Antonio Lobo Antunes.<\/p>\n<p>Las obras reunidas en la muestra pertenecen a la colecci\u00f3n privada de uno de los mayores especialistas en las relaciones literarias luso-espa\u00f1olas en los albores del pasado siglo, el profesor Antonio S\u00e1ez Delgado, de la Universidad de \u00c9vora, que act\u00faa tambi\u00e9n como comisario de la muestra.<\/p>\n<p>La exposici\u00f3n &#8216;La frontera de papel&#8217; se completar\u00e1 con una Mesa Redonda de autores espa\u00f1oles y portugueses, que tendr\u00e1 lugar en la sede de la Fundaci\u00f3n el 14 de diciembre de 2017. Contar\u00e1 con la participaci\u00f3n de Vasco Rosa, Carlos Reis, Jordi Cerd\u00e1 y Enrique de Andr\u00e9s, que debatir\u00e1n el intercambio de experiencias narrativas, argumentales, estil\u00edsticas y formales entre las literaturas de ambos pa\u00edses y el resultado de esas experiencias.<\/p>\n<p>&nbsp;<\/p>\n","protected":false},"excerpt":{"rendered":"<p>Las dos exposiciones, enmarcadas en el Programa Mostra Espanha, se inauguran el 16 de noviembre en Lisboa. El jueves 16 de noviembre tendr\u00e1 lugar en Lisboa la inauguraci\u00f3n de dos nuevas propuestas art\u00edstico-culturales del programa Mostra Espanha 2017: &#8216;Una exposici\u00f3n a m\u00e1s de dos voces&#8217;, en la Galer\u00eda Trasboavista de Lisboa, y &#8216;La frontera de<\/p>\n","protected":false},"author":1,"featured_media":84692,"comment_status":"closed","ping_status":"closed","sticky":false,"template":"","format":"standard","meta":{"footnotes":""},"categories":[1],"tags":[],"class_list":{"0":"post-84691","1":"post","2":"type-post","3":"status-publish","4":"format-standard","5":"has-post-thumbnail","7":"category-agenda"},"aioseo_notices":[],"aioseo_head":"\n\t\t<!-- All in One SEO Pro 4.9.6.2 - aioseo.com -->\n\t<meta name=\"description\" content=\"Las dos exposiciones, enmarcadas en el Programa Mostra Espanha, se inauguran el 16 de noviembre en Lisboa. El jueves 16 de noviembre tendr\u00e1 lugar en Lisboa la inauguraci\u00f3n de dos nuevas propuestas art\u00edstico-culturales del programa Mostra Espanha 2017: &#039;Una exposici\u00f3n a m\u00e1s de dos voces&#039;, en la Galer\u00eda Trasboavista de Lisboa, y &#039;La frontera de\" \/>\n\t<meta name=\"robots\" content=\"max-image-preview:large\" \/>\n\t<meta name=\"author\" content=\"Cand\u00e1s 365\"\/>\n\t<meta name=\"google-site-verification\" content=\"UA-32230408-1\" \/>\n\t<meta name=\"msvalidate.01\" content=\"354F3CDFB2DA171B47FBE9ABF1F88D5\" \/>\n\t<meta name=\"keywords\" content=\"agenda\" \/>\n\t<link rel=\"canonical\" href=\"https:\/\/candas365.es\/noticias\/inauguracion-de-una-exposicion-a-mas-voces-y-la-frontera-de-papel\/\" \/>\n\t<meta name=\"generator\" content=\"All in One SEO Pro (AIOSEO) 4.9.6.2\" \/>\n\t\t<meta property=\"og:locale\" content=\"es_ES\" \/>\n\t\t<meta property=\"og:site_name\" content=\"Cand\u00e1s 365\" \/>\n\t\t<meta property=\"og:type\" content=\"article\" \/>\n\t\t<meta property=\"og:title\" content=\"Inauguraci\u00f3n de \u2018Una exposici\u00f3n a m\u00e1s voces\u2019 y \u2018La frontera de papel\u2019 | Cand\u00e1s 365\" \/>\n\t\t<meta property=\"og:description\" content=\"Las dos exposiciones, enmarcadas en el Programa Mostra Espanha, se inauguran el 16 de noviembre en Lisboa. El jueves 16 de noviembre tendr\u00e1 lugar en Lisboa la inauguraci\u00f3n de dos nuevas propuestas art\u00edstico-culturales del programa Mostra Espanha 2017: &#039;Una exposici\u00f3n a m\u00e1s de dos voces&#039;, en la Galer\u00eda Trasboavista de Lisboa, y &#039;La frontera de\" \/>\n\t\t<meta property=\"og:url\" content=\"https:\/\/candas365.es\/noticias\/inauguracion-de-una-exposicion-a-mas-voces-y-la-frontera-de-papel\/\" \/>\n\t\t<meta property=\"og:image\" content=\"https:\/\/candas365.es\/noticias\/wp-content\/uploads\/2017\/11\/260917mostra-Espanha2.jpg\" \/>\n\t\t<meta property=\"og:image:secure_url\" content=\"https:\/\/candas365.es\/noticias\/wp-content\/uploads\/2017\/11\/260917mostra-Espanha2.jpg\" \/>\n\t\t<meta property=\"og:image:width\" content=\"496\" \/>\n\t\t<meta property=\"og:image:height\" content=\"329\" \/>\n\t\t<meta property=\"article:published_time\" content=\"2017-11-15T23:26:07+00:00\" \/>\n\t\t<meta property=\"article:modified_time\" content=\"2017-11-15T23:26:07+00:00\" \/>\n\t\t<meta property=\"article:publisher\" content=\"https:\/\/www.facebook.com\/Nachofdezber\" \/>\n\t\t<meta property=\"article:author\" content=\"https:\/\/www.facebook.com\/carrenoactualidad\" \/>\n\t\t<meta name=\"twitter:card\" content=\"summary_large_image\" \/>\n\t\t<meta name=\"twitter:site\" content=\"@NabercoDigital\" \/>\n\t\t<meta name=\"twitter:title\" content=\"Inauguraci\u00f3n de \u2018Una exposici\u00f3n a m\u00e1s voces\u2019 y \u2018La frontera de papel\u2019 | Cand\u00e1s 365\" \/>\n\t\t<meta name=\"twitter:description\" content=\"Las dos exposiciones, enmarcadas en el Programa Mostra Espanha, se inauguran el 16 de noviembre en Lisboa. El jueves 16 de noviembre tendr\u00e1 lugar en Lisboa la inauguraci\u00f3n de dos nuevas propuestas art\u00edstico-culturales del programa Mostra Espanha 2017: &#039;Una exposici\u00f3n a m\u00e1s de dos voces&#039;, en la Galer\u00eda Trasboavista de Lisboa, y &#039;La frontera de\" \/>\n\t\t<meta name=\"twitter:creator\" content=\"@nbasturias\" \/>\n\t\t<meta name=\"twitter:image\" content=\"https:\/\/candas365.es\/noticias\/wp-content\/uploads\/2017\/11\/260917mostra-Espanha2.jpg\" \/>\n\t\t<meta name=\"twitter:label1\" content=\"Escrito por\" \/>\n\t\t<meta name=\"twitter:data1\" content=\"Cand\u00e1s 365\" \/>\n\t\t<meta name=\"twitter:label2\" content=\"Tiempo de lectura estimado\" \/>\n\t\t<meta name=\"twitter:data2\" content=\"3 minutos\" \/>\n\t\t<script type=\"application\/ld+json\" class=\"aioseo-schema\">\n\t\t\t{\"@context\":\"https:\\\/\\\/schema.org\",\"@graph\":[{\"@type\":\"BreadcrumbList\",\"@id\":\"https:\\\/\\\/candas365.es\\\/noticias\\\/inauguracion-de-una-exposicion-a-mas-voces-y-la-frontera-de-papel\\\/#breadcrumblist\",\"itemListElement\":[{\"@type\":\"ListItem\",\"@id\":\"https:\\\/\\\/candas365.es\\\/noticias#listItem\",\"position\":1,\"name\":\"Home\",\"item\":\"https:\\\/\\\/candas365.es\\\/noticias\",\"nextItem\":{\"@type\":\"ListItem\",\"@id\":\"https:\\\/\\\/candas365.es\\\/noticias\\\/category\\\/agenda\\\/#listItem\",\"name\":\"Agenda\"}},{\"@type\":\"ListItem\",\"@id\":\"https:\\\/\\\/candas365.es\\\/noticias\\\/category\\\/agenda\\\/#listItem\",\"position\":2,\"name\":\"Agenda\",\"item\":\"https:\\\/\\\/candas365.es\\\/noticias\\\/category\\\/agenda\\\/\",\"nextItem\":{\"@type\":\"ListItem\",\"@id\":\"https:\\\/\\\/candas365.es\\\/noticias\\\/inauguracion-de-una-exposicion-a-mas-voces-y-la-frontera-de-papel\\\/#listItem\",\"name\":\"Inauguraci\\u00f3n de &#8216;Una exposici\\u00f3n a m\\u00e1s voces&#8217; y &#8216;La frontera de papel&#8217;\"},\"previousItem\":{\"@type\":\"ListItem\",\"@id\":\"https:\\\/\\\/candas365.es\\\/noticias#listItem\",\"name\":\"Home\"}},{\"@type\":\"ListItem\",\"@id\":\"https:\\\/\\\/candas365.es\\\/noticias\\\/inauguracion-de-una-exposicion-a-mas-voces-y-la-frontera-de-papel\\\/#listItem\",\"position\":3,\"name\":\"Inauguraci\\u00f3n de &#8216;Una exposici\\u00f3n a m\\u00e1s voces&#8217; y &#8216;La frontera de papel&#8217;\",\"previousItem\":{\"@type\":\"ListItem\",\"@id\":\"https:\\\/\\\/candas365.es\\\/noticias\\\/category\\\/agenda\\\/#listItem\",\"name\":\"Agenda\"}}]},{\"@type\":\"NewsArticle\",\"@id\":\"https:\\\/\\\/candas365.es\\\/noticias\\\/inauguracion-de-una-exposicion-a-mas-voces-y-la-frontera-de-papel\\\/#newsarticle\",\"name\":\"Inauguraci\\u00f3n de \\u2018Una exposici\\u00f3n a m\\u00e1s voces\\u2019 y \\u2018La frontera de papel\\u2019 | Cand\\u00e1s 365\",\"headline\":\"Inauguraci\\u00f3n de &#8216;Una exposici\\u00f3n a m\\u00e1s voces&#8217; y &#8216;La frontera de papel&#8217;\",\"author\":{\"@id\":\"https:\\\/\\\/candas365.es\\\/noticias\\\/author\\\/admin\\\/#author\"},\"publisher\":{\"@id\":\"https:\\\/\\\/candas365.es\\\/noticias\\\/#organization\"},\"image\":{\"@type\":\"ImageObject\",\"url\":\"https:\\\/\\\/candas365.es\\\/noticias\\\/wp-content\\\/uploads\\\/2017\\\/11\\\/260917mostra-Espanha2.jpg\",\"width\":496,\"height\":329},\"datePublished\":\"2017-11-15T23:26:07+01:00\",\"dateModified\":\"2017-11-15T23:26:07+01:00\",\"inLanguage\":\"es-ES\",\"mainEntityOfPage\":{\"@id\":\"https:\\\/\\\/candas365.es\\\/noticias\\\/inauguracion-de-una-exposicion-a-mas-voces-y-la-frontera-de-papel\\\/#webpage\"},\"isPartOf\":{\"@id\":\"https:\\\/\\\/candas365.es\\\/noticias\\\/inauguracion-de-una-exposicion-a-mas-voces-y-la-frontera-de-papel\\\/#webpage\"},\"articleSection\":\"Agenda\",\"dateline\":\"Publicado el noviembre 15, 2017.\"},{\"@type\":\"Organization\",\"@id\":\"https:\\\/\\\/candas365.es\\\/noticias\\\/#organization\",\"name\":\"Cand\\u00e1s 365\",\"description\":\"Cand\\u00e1s 365 es un diario digital independiente, fundado en 2012, con base en Asturias. Informamos con rigor sobre actualidad, sociedad, cultura y ocio, con una mirada local y global.\",\"url\":\"https:\\\/\\\/candas365.es\\\/noticias\\\/\",\"email\":\"info@candas365.es\",\"telephone\":\"+34652131393\",\"foundingDate\":\"2012-06-10\",\"logo\":{\"@type\":\"ImageObject\",\"url\":\"https:\\\/\\\/candas365.es\\\/noticias\\\/wp-content\\\/uploads\\\/2024\\\/09\\\/Candas-365-Redes.jpg\",\"@id\":\"https:\\\/\\\/candas365.es\\\/noticias\\\/inauguracion-de-una-exposicion-a-mas-voces-y-la-frontera-de-papel\\\/#organizationLogo\",\"width\":1152,\"height\":864,\"caption\":\"Cand\\u00e1s 365 Redes\"},\"image\":{\"@id\":\"https:\\\/\\\/candas365.es\\\/noticias\\\/inauguracion-de-una-exposicion-a-mas-voces-y-la-frontera-de-papel\\\/#organizationLogo\"},\"sameAs\":[\"https:\\\/\\\/www.facebook.com\\\/Nachofdezber\",\"https:\\\/\\\/x.com\\\/NabercoDigital\",\"https:\\\/\\\/www.instagram.com\\\/nachofdezber\\\/\",\"https:\\\/\\\/www.youtube.com\\\/channel\\\/UCZP-2wLEB9Rv6erhFmqVnvg\"],\"address\":{\"@id\":\"https:\\\/\\\/candas365.es\\\/noticias\\\/#postaladdress\",\"@type\":\"PostalAddress\",\"streetAddress\":\"san antonio 4, san antonio 4\",\"postalCode\":\"33430\",\"addressLocality\":\"Cand\\u00e1s\",\"addressRegion\":\"Asturias\",\"addressCountry\":\"ES\"}},{\"@type\":\"Person\",\"@id\":\"https:\\\/\\\/candas365.es\\\/noticias\\\/author\\\/admin\\\/#author\",\"url\":\"https:\\\/\\\/candas365.es\\\/noticias\\\/author\\\/admin\\\/\",\"name\":\"Cand\\u00e1s 365\",\"image\":{\"@type\":\"ImageObject\",\"@id\":\"https:\\\/\\\/candas365.es\\\/noticias\\\/inauguracion-de-una-exposicion-a-mas-voces-y-la-frontera-de-papel\\\/#authorImage\",\"url\":\"https:\\\/\\\/secure.gravatar.com\\\/avatar\\\/496a8e03d0c493ede1718b7934145dbdf8d89be1036b0eec9544e1094c9de390?s=96&d=mm&r=g\",\"width\":96,\"height\":96,\"caption\":\"Cand\\u00e1s 365\"},\"sameAs\":[\"https:\\\/\\\/www.facebook.com\\\/carrenoactualidad\",\"https:\\\/\\\/twitter.com\\\/nbasturias\",\"https:\\\/\\\/www.instagram.com\\\/nachofdezber\\\/\",\"https:\\\/\\\/www.youtube.com\\\/channel\\\/UCZP-2wLEB9Rv6erhFmqVnvg\"]},{\"@type\":\"WebPage\",\"@id\":\"https:\\\/\\\/candas365.es\\\/noticias\\\/inauguracion-de-una-exposicion-a-mas-voces-y-la-frontera-de-papel\\\/#webpage\",\"url\":\"https:\\\/\\\/candas365.es\\\/noticias\\\/inauguracion-de-una-exposicion-a-mas-voces-y-la-frontera-de-papel\\\/\",\"name\":\"Inauguraci\\u00f3n de \\u2018Una exposici\\u00f3n a m\\u00e1s voces\\u2019 y \\u2018La frontera de papel\\u2019 | Cand\\u00e1s 365\",\"description\":\"Las dos exposiciones, enmarcadas en el Programa Mostra Espanha, se inauguran el 16 de noviembre en Lisboa. El jueves 16 de noviembre tendr\\u00e1 lugar en Lisboa la inauguraci\\u00f3n de dos nuevas propuestas art\\u00edstico-culturales del programa Mostra Espanha 2017: 'Una exposici\\u00f3n a m\\u00e1s de dos voces', en la Galer\\u00eda Trasboavista de Lisboa, y 'La frontera de\",\"inLanguage\":\"es-ES\",\"isPartOf\":{\"@id\":\"https:\\\/\\\/candas365.es\\\/noticias\\\/#website\"},\"breadcrumb\":{\"@id\":\"https:\\\/\\\/candas365.es\\\/noticias\\\/inauguracion-de-una-exposicion-a-mas-voces-y-la-frontera-de-papel\\\/#breadcrumblist\"},\"author\":{\"@id\":\"https:\\\/\\\/candas365.es\\\/noticias\\\/author\\\/admin\\\/#author\"},\"creator\":{\"@id\":\"https:\\\/\\\/candas365.es\\\/noticias\\\/author\\\/admin\\\/#author\"},\"image\":{\"@type\":\"ImageObject\",\"url\":\"https:\\\/\\\/candas365.es\\\/noticias\\\/wp-content\\\/uploads\\\/2017\\\/11\\\/260917mostra-Espanha2.jpg\",\"@id\":\"https:\\\/\\\/candas365.es\\\/noticias\\\/inauguracion-de-una-exposicion-a-mas-voces-y-la-frontera-de-papel\\\/#mainImage\",\"width\":496,\"height\":329},\"primaryImageOfPage\":{\"@id\":\"https:\\\/\\\/candas365.es\\\/noticias\\\/inauguracion-de-una-exposicion-a-mas-voces-y-la-frontera-de-papel\\\/#mainImage\"},\"datePublished\":\"2017-11-15T23:26:07+01:00\",\"dateModified\":\"2017-11-15T23:26:07+01:00\"},{\"@type\":\"WebSite\",\"@id\":\"https:\\\/\\\/candas365.es\\\/noticias\\\/#website\",\"url\":\"https:\\\/\\\/candas365.es\\\/noticias\\\/\",\"name\":\"Cand\\u00e1s 365\",\"alternateName\":\"Cand\\u00e1s 365 Noticias\",\"description\":\"Actualidad desde Carre\\u00f1o para el mundo\",\"inLanguage\":\"es-ES\",\"publisher\":{\"@id\":\"https:\\\/\\\/candas365.es\\\/noticias\\\/#organization\"}}]}\n\t\t<\/script>\n\t\t<!-- All in One SEO Pro -->\r\n\t\t<title>Inauguraci\u00f3n de \u2018Una exposici\u00f3n a m\u00e1s voces\u2019 y \u2018La frontera de papel\u2019 | Cand\u00e1s 365<\/title>\n\n","aioseo_head_json":{"title":"Inauguraci\u00f3n de \u2018Una exposici\u00f3n a m\u00e1s voces\u2019 y \u2018La frontera de papel\u2019 | Cand\u00e1s 365","description":"Las dos exposiciones, enmarcadas en el Programa Mostra Espanha, se inauguran el 16 de noviembre en Lisboa. El jueves 16 de noviembre tendr\u00e1 lugar en Lisboa la inauguraci\u00f3n de dos nuevas propuestas art\u00edstico-culturales del programa Mostra Espanha 2017: 'Una exposici\u00f3n a m\u00e1s de dos voces', en la Galer\u00eda Trasboavista de Lisboa, y 'La frontera de","canonical_url":"https:\/\/candas365.es\/noticias\/inauguracion-de-una-exposicion-a-mas-voces-y-la-frontera-de-papel\/","robots":"max-image-preview:large","keywords":"agenda","webmasterTools":{"google-site-verification":"UA-32230408-1","msvalidate.01":"354F3CDFB2DA171B47FBE9ABF1F88D5","miscellaneous":""},"schema":{"@context":"https:\/\/schema.org","@graph":[{"@type":"BreadcrumbList","@id":"https:\/\/candas365.es\/noticias\/inauguracion-de-una-exposicion-a-mas-voces-y-la-frontera-de-papel\/#breadcrumblist","itemListElement":[{"@type":"ListItem","@id":"https:\/\/candas365.es\/noticias#listItem","position":1,"name":"Home","item":"https:\/\/candas365.es\/noticias","nextItem":{"@type":"ListItem","@id":"https:\/\/candas365.es\/noticias\/category\/agenda\/#listItem","name":"Agenda"}},{"@type":"ListItem","@id":"https:\/\/candas365.es\/noticias\/category\/agenda\/#listItem","position":2,"name":"Agenda","item":"https:\/\/candas365.es\/noticias\/category\/agenda\/","nextItem":{"@type":"ListItem","@id":"https:\/\/candas365.es\/noticias\/inauguracion-de-una-exposicion-a-mas-voces-y-la-frontera-de-papel\/#listItem","name":"Inauguraci\u00f3n de &#8216;Una exposici\u00f3n a m\u00e1s voces&#8217; y &#8216;La frontera de papel&#8217;"},"previousItem":{"@type":"ListItem","@id":"https:\/\/candas365.es\/noticias#listItem","name":"Home"}},{"@type":"ListItem","@id":"https:\/\/candas365.es\/noticias\/inauguracion-de-una-exposicion-a-mas-voces-y-la-frontera-de-papel\/#listItem","position":3,"name":"Inauguraci\u00f3n de &#8216;Una exposici\u00f3n a m\u00e1s voces&#8217; y &#8216;La frontera de papel&#8217;","previousItem":{"@type":"ListItem","@id":"https:\/\/candas365.es\/noticias\/category\/agenda\/#listItem","name":"Agenda"}}]},{"@type":"NewsArticle","@id":"https:\/\/candas365.es\/noticias\/inauguracion-de-una-exposicion-a-mas-voces-y-la-frontera-de-papel\/#newsarticle","name":"Inauguraci\u00f3n de \u2018Una exposici\u00f3n a m\u00e1s voces\u2019 y \u2018La frontera de papel\u2019 | Cand\u00e1s 365","headline":"Inauguraci\u00f3n de &#8216;Una exposici\u00f3n a m\u00e1s voces&#8217; y &#8216;La frontera de papel&#8217;","author":{"@id":"https:\/\/candas365.es\/noticias\/author\/admin\/#author"},"publisher":{"@id":"https:\/\/candas365.es\/noticias\/#organization"},"image":{"@type":"ImageObject","url":"https:\/\/candas365.es\/noticias\/wp-content\/uploads\/2017\/11\/260917mostra-Espanha2.jpg","width":496,"height":329},"datePublished":"2017-11-15T23:26:07+01:00","dateModified":"2017-11-15T23:26:07+01:00","inLanguage":"es-ES","mainEntityOfPage":{"@id":"https:\/\/candas365.es\/noticias\/inauguracion-de-una-exposicion-a-mas-voces-y-la-frontera-de-papel\/#webpage"},"isPartOf":{"@id":"https:\/\/candas365.es\/noticias\/inauguracion-de-una-exposicion-a-mas-voces-y-la-frontera-de-papel\/#webpage"},"articleSection":"Agenda","dateline":"Publicado el noviembre 15, 2017."},{"@type":"Organization","@id":"https:\/\/candas365.es\/noticias\/#organization","name":"Cand\u00e1s 365","description":"Cand\u00e1s 365 es un diario digital independiente, fundado en 2012, con base en Asturias. Informamos con rigor sobre actualidad, sociedad, cultura y ocio, con una mirada local y global.","url":"https:\/\/candas365.es\/noticias\/","email":"info@candas365.es","telephone":"+34652131393","foundingDate":"2012-06-10","logo":{"@type":"ImageObject","url":"https:\/\/candas365.es\/noticias\/wp-content\/uploads\/2024\/09\/Candas-365-Redes.jpg","@id":"https:\/\/candas365.es\/noticias\/inauguracion-de-una-exposicion-a-mas-voces-y-la-frontera-de-papel\/#organizationLogo","width":1152,"height":864,"caption":"Cand\u00e1s 365 Redes"},"image":{"@id":"https:\/\/candas365.es\/noticias\/inauguracion-de-una-exposicion-a-mas-voces-y-la-frontera-de-papel\/#organizationLogo"},"sameAs":["https:\/\/www.facebook.com\/Nachofdezber","https:\/\/x.com\/NabercoDigital","https:\/\/www.instagram.com\/nachofdezber\/","https:\/\/www.youtube.com\/channel\/UCZP-2wLEB9Rv6erhFmqVnvg"],"address":{"@id":"https:\/\/candas365.es\/noticias\/#postaladdress","@type":"PostalAddress","streetAddress":"san antonio 4, san antonio 4","postalCode":"33430","addressLocality":"Cand\u00e1s","addressRegion":"Asturias","addressCountry":"ES"}},{"@type":"Person","@id":"https:\/\/candas365.es\/noticias\/author\/admin\/#author","url":"https:\/\/candas365.es\/noticias\/author\/admin\/","name":"Cand\u00e1s 365","image":{"@type":"ImageObject","@id":"https:\/\/candas365.es\/noticias\/inauguracion-de-una-exposicion-a-mas-voces-y-la-frontera-de-papel\/#authorImage","url":"https:\/\/secure.gravatar.com\/avatar\/496a8e03d0c493ede1718b7934145dbdf8d89be1036b0eec9544e1094c9de390?s=96&d=mm&r=g","width":96,"height":96,"caption":"Cand\u00e1s 365"},"sameAs":["https:\/\/www.facebook.com\/carrenoactualidad","https:\/\/twitter.com\/nbasturias","https:\/\/www.instagram.com\/nachofdezber\/","https:\/\/www.youtube.com\/channel\/UCZP-2wLEB9Rv6erhFmqVnvg"]},{"@type":"WebPage","@id":"https:\/\/candas365.es\/noticias\/inauguracion-de-una-exposicion-a-mas-voces-y-la-frontera-de-papel\/#webpage","url":"https:\/\/candas365.es\/noticias\/inauguracion-de-una-exposicion-a-mas-voces-y-la-frontera-de-papel\/","name":"Inauguraci\u00f3n de \u2018Una exposici\u00f3n a m\u00e1s voces\u2019 y \u2018La frontera de papel\u2019 | Cand\u00e1s 365","description":"Las dos exposiciones, enmarcadas en el Programa Mostra Espanha, se inauguran el 16 de noviembre en Lisboa. El jueves 16 de noviembre tendr\u00e1 lugar en Lisboa la inauguraci\u00f3n de dos nuevas propuestas art\u00edstico-culturales del programa Mostra Espanha 2017: 'Una exposici\u00f3n a m\u00e1s de dos voces', en la Galer\u00eda Trasboavista de Lisboa, y 'La frontera de","inLanguage":"es-ES","isPartOf":{"@id":"https:\/\/candas365.es\/noticias\/#website"},"breadcrumb":{"@id":"https:\/\/candas365.es\/noticias\/inauguracion-de-una-exposicion-a-mas-voces-y-la-frontera-de-papel\/#breadcrumblist"},"author":{"@id":"https:\/\/candas365.es\/noticias\/author\/admin\/#author"},"creator":{"@id":"https:\/\/candas365.es\/noticias\/author\/admin\/#author"},"image":{"@type":"ImageObject","url":"https:\/\/candas365.es\/noticias\/wp-content\/uploads\/2017\/11\/260917mostra-Espanha2.jpg","@id":"https:\/\/candas365.es\/noticias\/inauguracion-de-una-exposicion-a-mas-voces-y-la-frontera-de-papel\/#mainImage","width":496,"height":329},"primaryImageOfPage":{"@id":"https:\/\/candas365.es\/noticias\/inauguracion-de-una-exposicion-a-mas-voces-y-la-frontera-de-papel\/#mainImage"},"datePublished":"2017-11-15T23:26:07+01:00","dateModified":"2017-11-15T23:26:07+01:00"},{"@type":"WebSite","@id":"https:\/\/candas365.es\/noticias\/#website","url":"https:\/\/candas365.es\/noticias\/","name":"Cand\u00e1s 365","alternateName":"Cand\u00e1s 365 Noticias","description":"Actualidad desde Carre\u00f1o para el mundo","inLanguage":"es-ES","publisher":{"@id":"https:\/\/candas365.es\/noticias\/#organization"}}]},"og:locale":"es_ES","og:site_name":"Cand\u00e1s 365","og:type":"article","og:title":"Inauguraci\u00f3n de \u2018Una exposici\u00f3n a m\u00e1s voces\u2019 y \u2018La frontera de papel\u2019 | Cand\u00e1s 365","og:description":"Las dos exposiciones, enmarcadas en el Programa Mostra Espanha, se inauguran el 16 de noviembre en Lisboa. El jueves 16 de noviembre tendr\u00e1 lugar en Lisboa la inauguraci\u00f3n de dos nuevas propuestas art\u00edstico-culturales del programa Mostra Espanha 2017: 'Una exposici\u00f3n a m\u00e1s de dos voces', en la Galer\u00eda Trasboavista de Lisboa, y 'La frontera de","og:url":"https:\/\/candas365.es\/noticias\/inauguracion-de-una-exposicion-a-mas-voces-y-la-frontera-de-papel\/","og:image":"https:\/\/candas365.es\/noticias\/wp-content\/uploads\/2017\/11\/260917mostra-Espanha2.jpg","og:image:secure_url":"https:\/\/candas365.es\/noticias\/wp-content\/uploads\/2017\/11\/260917mostra-Espanha2.jpg","og:image:width":496,"og:image:height":329,"article:published_time":"2017-11-15T23:26:07+00:00","article:modified_time":"2017-11-15T23:26:07+00:00","article:publisher":"https:\/\/www.facebook.com\/Nachofdezber","article:author":"https:\/\/www.facebook.com\/carrenoactualidad","twitter:card":"summary_large_image","twitter:site":"@NabercoDigital","twitter:title":"Inauguraci\u00f3n de \u2018Una exposici\u00f3n a m\u00e1s voces\u2019 y \u2018La frontera de papel\u2019 | Cand\u00e1s 365","twitter:description":"Las dos exposiciones, enmarcadas en el Programa Mostra Espanha, se inauguran el 16 de noviembre en Lisboa. El jueves 16 de noviembre tendr\u00e1 lugar en Lisboa la inauguraci\u00f3n de dos nuevas propuestas art\u00edstico-culturales del programa Mostra Espanha 2017: 'Una exposici\u00f3n a m\u00e1s de dos voces', en la Galer\u00eda Trasboavista de Lisboa, y 'La frontera de","twitter:creator":"@nbasturias","twitter:image":"https:\/\/candas365.es\/noticias\/wp-content\/uploads\/2017\/11\/260917mostra-Espanha2.jpg","twitter:label1":"Escrito por","twitter:data1":"Cand\u00e1s 365","twitter:label2":"Tiempo de lectura estimado","twitter:data2":"3 minutos"},"aioseo_meta_data":{"post_id":"84691","title":null,"description":null,"keywords":null,"keyphrases":null,"primary_term":null,"canonical_url":null,"og_title":null,"og_description":null,"og_object_type":"default","og_image_type":"default","og_image_url":null,"og_image_width":null,"og_image_height":null,"og_image_custom_url":null,"og_image_custom_fields":null,"og_video":null,"og_custom_url":null,"og_article_section":null,"og_article_tags":null,"twitter_use_og":false,"twitter_card":"default","twitter_image_type":"default","twitter_image_url":null,"twitter_image_custom_url":null,"twitter_image_custom_fields":null,"twitter_title":null,"twitter_description":null,"schema":{"blockGraphs":[],"customGraphs":[],"default":{"data":{"Article":[],"Course":[],"Dataset":[],"FAQPage":[],"Movie":[],"Person":[],"Product":[],"ProductReview":[],"Car":[],"Recipe":[],"Service":[],"SoftwareApplication":[],"WebPage":[]},"graphName":"","isEnabled":true},"graphs":[],"defaultGraph":"","defaultPostTypeGraph":""},"schema_type":null,"schema_type_options":null,"pillar_content":false,"robots_default":true,"robots_noindex":false,"robots_noarchive":false,"robots_nosnippet":false,"robots_nofollow":false,"robots_noimageindex":false,"robots_noodp":false,"robots_notranslate":false,"robots_max_snippet":null,"robots_max_videopreview":null,"robots_max_imagepreview":"large","priority":null,"frequency":null,"location":null,"local_seo":null,"seo_analyzer_scan_date":"2025-08-26 05:58:18","breadcrumb_settings":null,"limit_modified_date":false,"reviewed_by":null,"open_ai":null,"ai":null,"created":"2020-12-21 12:24:01","updated":"2025-08-26 05:58:18"},"aioseo_breadcrumb":"<div class=\"aioseo-breadcrumbs\"><span class=\"aioseo-breadcrumb\">\n\t<a href=\"https:\/\/candas365.es\/noticias\" title=\"Home\">Home<\/a>\n<\/span><span class=\"aioseo-breadcrumb-separator\">&ndash;<\/span><span class=\"aioseo-breadcrumb\">\n\t<a href=\"https:\/\/candas365.es\/noticias\/category\/agenda\/\" title=\"Agenda\">Agenda<\/a>\n<\/span><span class=\"aioseo-breadcrumb-separator\">&ndash;<\/span><span class=\"aioseo-breadcrumb\">\n\tInauguraci\u00f3n de \u2018Una exposici\u00f3n a m\u00e1s voces\u2019 y \u2018La frontera de papel\u2019\n<\/span><\/div>","aioseo_breadcrumb_json":[{"label":"Home","link":"https:\/\/candas365.es\/noticias"},{"label":"Agenda","link":"https:\/\/candas365.es\/noticias\/category\/agenda\/"},{"label":"Inauguraci\u00f3n de &#8216;Una exposici\u00f3n a m\u00e1s voces&#8217; y &#8216;La frontera de papel&#8217;","link":"https:\/\/candas365.es\/noticias\/inauguracion-de-una-exposicion-a-mas-voces-y-la-frontera-de-papel\/"}],"_links":{"self":[{"href":"https:\/\/candas365.es\/noticias\/wp-json\/wp\/v2\/posts\/84691","targetHints":{"allow":["GET"]}}],"collection":[{"href":"https:\/\/candas365.es\/noticias\/wp-json\/wp\/v2\/posts"}],"about":[{"href":"https:\/\/candas365.es\/noticias\/wp-json\/wp\/v2\/types\/post"}],"author":[{"embeddable":true,"href":"https:\/\/candas365.es\/noticias\/wp-json\/wp\/v2\/users\/1"}],"replies":[{"embeddable":true,"href":"https:\/\/candas365.es\/noticias\/wp-json\/wp\/v2\/comments?post=84691"}],"version-history":[{"count":0,"href":"https:\/\/candas365.es\/noticias\/wp-json\/wp\/v2\/posts\/84691\/revisions"}],"wp:featuredmedia":[{"embeddable":true,"href":"https:\/\/candas365.es\/noticias\/wp-json\/wp\/v2\/media\/84692"}],"wp:attachment":[{"href":"https:\/\/candas365.es\/noticias\/wp-json\/wp\/v2\/media?parent=84691"}],"wp:term":[{"taxonomy":"category","embeddable":true,"href":"https:\/\/candas365.es\/noticias\/wp-json\/wp\/v2\/categories?post=84691"},{"taxonomy":"post_tag","embeddable":true,"href":"https:\/\/candas365.es\/noticias\/wp-json\/wp\/v2\/tags?post=84691"}],"curies":[{"name":"wp","href":"https:\/\/api.w.org\/{rel}","templated":true}]}}