{"id":84602,"date":"2017-11-15T19:38:21","date_gmt":"2017-11-15T19:38:21","guid":{"rendered":"http:\/\/candas365.es\/noticias\/?p=84602"},"modified":"2017-11-15T19:38:21","modified_gmt":"2017-11-15T19:38:21","slug":"adicap-se-ha-reunido-en-candas","status":"publish","type":"post","link":"https:\/\/candas365.es\/noticias\/adicap-se-ha-reunido-en-candas\/","title":{"rendered":"ADICAP se ha reunido en Cand\u00e1s"},"content":{"rendered":"<p><img fetchpriority=\"high\" decoding=\"async\" class=\"alignleft size-medium wp-image-84603\" src=\"https:\/\/candas365.es\/noticias\/wp-content\/uploads\/2017\/11\/IMG_5944-360x270.jpg\" alt=\"\" width=\"360\" height=\"270\" srcset=\"https:\/\/candas365.es\/noticias\/wp-content\/uploads\/2017\/11\/IMG_5944-360x270.jpg 360w, https:\/\/candas365.es\/noticias\/wp-content\/uploads\/2017\/11\/IMG_5944-1920x1440.jpg 1920w, https:\/\/candas365.es\/noticias\/wp-content\/uploads\/2017\/11\/IMG_5944-768x576.jpg 768w, https:\/\/candas365.es\/noticias\/wp-content\/uploads\/2017\/11\/IMG_5944-640x480.jpg 640w, https:\/\/candas365.es\/noticias\/wp-content\/uploads\/2017\/11\/IMG_5944-80x60.jpg 80w, https:\/\/candas365.es\/noticias\/wp-content\/uploads\/2017\/11\/IMG_5944-265x198.jpg 265w, https:\/\/candas365.es\/noticias\/wp-content\/uploads\/2017\/11\/IMG_5944-696x522.jpg 696w, https:\/\/candas365.es\/noticias\/wp-content\/uploads\/2017\/11\/IMG_5944-1068x801.jpg 1068w, https:\/\/candas365.es\/noticias\/wp-content\/uploads\/2017\/11\/IMG_5944-560x420.jpg 560w, https:\/\/candas365.es\/noticias\/wp-content\/uploads\/2017\/11\/IMG_5944-90x67.jpg 90w, https:\/\/candas365.es\/noticias\/wp-content\/uploads\/2017\/11\/IMG_5944.jpg 2000w\" sizes=\"(max-width: 360px) 100vw, 360px\" \/>El Grupo de Desarrollo Rural \u201cAsociaci\u00f3n para el Desarrollo Integrado del Centro de Asturias Periurbano (ADICAP), se reuni\u00f3 esta ma\u00f1ana en Cand\u00e1s para proponer a la Consejer\u00eda de Desarrollo Rural y Recursos Naturales la aprobaci\u00f3n de ayudas Leader por un importe total de 358.156,69 \u20ac que supone casi el 100 % de los fondos asignados a este grupo.<\/p>\n<p>Las ayudas se corresponden a ocho solicitudes de ayuda, de un total de once, que se presentaron al segundo plazo de resoluci\u00f3n, que finaliz\u00f3 el pasado 30 de septiembre, de la convocatoria Leader 2017 para la comarca que engloba los municipios de Carre\u00f1o, Corvera, Goz\u00f3n y Llanera.<\/p>\n<p>Las 8 solicitudes aprobadas son proyectos empresariales de las cuales tres se ubican en Goz\u00f3n: una casa de aldea de tres trisqueles en Santana (108.578,51 \u20ac), un restaurante en el \u00e1rea recreativa de Moniello (64.118,44 \u20ac) y la adquisici\u00f3n de maquinaria para la modernizaci\u00f3n de una empresa de fabricaci\u00f3n de cocinas ubicada en Laviana (49.355,85 \u20ac), otros dos proyectos se ubican en Corvera: la ampliaci\u00f3n de un centro geri\u00e1trico en Molleda (64.118,44 \u20ac) y la adquisici\u00f3n de equipamiento para un establecimiento de productos agr\u00edcolas en Sol\u00eds (37.361,33 \u20ac), en Llanera dos proyectos: la adquisici\u00f3n de equipamiento para un centro ecuestre en Villardeveyo (8.520,67 \u20ac) y un proyecto de la medida de ticket rural en Severies, para desarrollar la actividad de adiestramiento y educaci\u00f3n canina (10.000 \u20ac) y por \u00faltimo, en Piedeloro (Carre\u00f1o), se ubica un proyecto para la ampliaci\u00f3n de las instalaciones y la adquisici\u00f3n de maquinaria de una explotaci\u00f3n hort\u00edcola (12.607,15 \u20ac).<\/p>\n<p>La presidenta de ADICAP y alcaldesa del Ayto de Carre\u00f1o, Amelia Fern\u00e1ndez, se\u00f1al\u00f3 que \u201cel Principado de Asturias se encuentra ya tramitando con car\u00e1cter anticipado la convocatoria del 2018, de esta manera en el pr\u00f3ximo mes de diciembre cabr\u00eda la posibilidad de estar nuevamente abierto el plazo para la presentaci\u00f3n de nuevas solicitudes de ayuda, una convocatoria que tendr\u00eda para ADICAP una partida presupuestaria de 435.626,52 \u20ac (359.527,95\u20ac para empresas, 52.285,58 \u20ac para entidades locales y 23.812,98 \u20ac para entidades sin \u00e1nimo de lucro)\u201d<\/p>\n","protected":false},"excerpt":{"rendered":"<p>El Grupo de Desarrollo Rural \u201cAsociaci\u00f3n para el Desarrollo Integrado del Centro de Asturias Periurbano (ADICAP), se reuni\u00f3 esta ma\u00f1ana en Cand\u00e1s para proponer a la Consejer\u00eda de Desarrollo Rural y Recursos Naturales la aprobaci\u00f3n de ayudas Leader por un importe total de 358.156,69 \u20ac que supone casi el 100 % de los fondos asignados<\/p>\n","protected":false},"author":1,"featured_media":84603,"comment_status":"closed","ping_status":"closed","sticky":false,"template":"","format":"standard","meta":{"footnotes":""},"categories":[2],"tags":[],"class_list":{"0":"post-84602","1":"post","2":"type-post","3":"status-publish","4":"format-standard","5":"has-post-thumbnail","7":"category-noticias-carreno"},"aioseo_notices":[],"aioseo_head":"\n\t\t<!-- All in One SEO Pro 4.9.6.2 - aioseo.com -->\n\t<meta name=\"description\" content=\"El Grupo de Desarrollo Rural \u201cAsociaci\u00f3n para el Desarrollo Integrado del Centro de Asturias Periurbano (ADICAP), se reuni\u00f3 esta ma\u00f1ana en Cand\u00e1s para proponer a la Consejer\u00eda de Desarrollo Rural y Recursos Naturales la aprobaci\u00f3n de ayudas Leader por un importe total de 358.156,69 \u20ac que supone casi el 100 % de los fondos asignados\" \/>\n\t<meta name=\"robots\" content=\"max-image-preview:large\" \/>\n\t<meta name=\"author\" content=\"Cand\u00e1s 365\"\/>\n\t<meta name=\"google-site-verification\" content=\"UA-32230408-1\" \/>\n\t<meta name=\"msvalidate.01\" content=\"354F3CDFB2DA171B47FBE9ABF1F88D5\" \/>\n\t<meta name=\"keywords\" content=\"noticias carre\u00f1o\" \/>\n\t<link rel=\"canonical\" href=\"https:\/\/candas365.es\/noticias\/adicap-se-ha-reunido-en-candas\/\" \/>\n\t<meta name=\"generator\" content=\"All in One SEO Pro (AIOSEO) 4.9.6.2\" \/>\n\t\t<meta property=\"og:locale\" content=\"es_ES\" \/>\n\t\t<meta property=\"og:site_name\" content=\"Cand\u00e1s 365\" \/>\n\t\t<meta property=\"og:type\" content=\"article\" \/>\n\t\t<meta property=\"og:title\" content=\"ADICAP se ha reunido en Cand\u00e1s | Cand\u00e1s 365\" \/>\n\t\t<meta property=\"og:description\" content=\"El Grupo de Desarrollo Rural \u201cAsociaci\u00f3n para el Desarrollo Integrado del Centro de Asturias Periurbano (ADICAP), se reuni\u00f3 esta ma\u00f1ana en Cand\u00e1s para proponer a la Consejer\u00eda de Desarrollo Rural y Recursos Naturales la aprobaci\u00f3n de ayudas Leader por un importe total de 358.156,69 \u20ac que supone casi el 100 % de los fondos asignados\" \/>\n\t\t<meta property=\"og:url\" content=\"https:\/\/candas365.es\/noticias\/adicap-se-ha-reunido-en-candas\/\" \/>\n\t\t<meta property=\"og:image\" content=\"https:\/\/candas365.es\/noticias\/wp-content\/uploads\/2017\/11\/IMG_5944.jpg\" \/>\n\t\t<meta property=\"og:image:secure_url\" content=\"https:\/\/candas365.es\/noticias\/wp-content\/uploads\/2017\/11\/IMG_5944.jpg\" \/>\n\t\t<meta property=\"og:image:width\" content=\"2000\" \/>\n\t\t<meta property=\"og:image:height\" content=\"1500\" \/>\n\t\t<meta property=\"article:published_time\" content=\"2017-11-15T19:38:21+00:00\" \/>\n\t\t<meta property=\"article:modified_time\" content=\"2017-11-15T19:38:21+00:00\" \/>\n\t\t<meta property=\"article:publisher\" content=\"https:\/\/www.facebook.com\/Nachofdezber\" \/>\n\t\t<meta property=\"article:author\" content=\"https:\/\/www.facebook.com\/carrenoactualidad\" \/>\n\t\t<meta name=\"twitter:card\" content=\"summary_large_image\" \/>\n\t\t<meta name=\"twitter:site\" content=\"@NabercoDigital\" \/>\n\t\t<meta name=\"twitter:title\" content=\"ADICAP se ha reunido en Cand\u00e1s | Cand\u00e1s 365\" \/>\n\t\t<meta name=\"twitter:description\" content=\"El Grupo de Desarrollo Rural \u201cAsociaci\u00f3n para el Desarrollo Integrado del Centro de Asturias Periurbano (ADICAP), se reuni\u00f3 esta ma\u00f1ana en Cand\u00e1s para proponer a la Consejer\u00eda de Desarrollo Rural y Recursos Naturales la aprobaci\u00f3n de ayudas Leader por un importe total de 358.156,69 \u20ac que supone casi el 100 % de los fondos asignados\" \/>\n\t\t<meta name=\"twitter:creator\" content=\"@nbasturias\" \/>\n\t\t<meta name=\"twitter:image\" content=\"https:\/\/candas365.es\/noticias\/wp-content\/uploads\/2017\/11\/IMG_5944.jpg\" \/>\n\t\t<meta name=\"twitter:label1\" content=\"Escrito por\" \/>\n\t\t<meta name=\"twitter:data1\" content=\"Cand\u00e1s 365\" \/>\n\t\t<meta name=\"twitter:label2\" content=\"Tiempo de lectura estimado\" \/>\n\t\t<meta name=\"twitter:data2\" content=\"2 minutos\" \/>\n\t\t<script type=\"application\/ld+json\" class=\"aioseo-schema\">\n\t\t\t{\"@context\":\"https:\\\/\\\/schema.org\",\"@graph\":[{\"@type\":\"BreadcrumbList\",\"@id\":\"https:\\\/\\\/candas365.es\\\/noticias\\\/adicap-se-ha-reunido-en-candas\\\/#breadcrumblist\",\"itemListElement\":[{\"@type\":\"ListItem\",\"@id\":\"https:\\\/\\\/candas365.es\\\/noticias#listItem\",\"position\":1,\"name\":\"Home\",\"item\":\"https:\\\/\\\/candas365.es\\\/noticias\",\"nextItem\":{\"@type\":\"ListItem\",\"@id\":\"https:\\\/\\\/candas365.es\\\/noticias\\\/category\\\/noticias-carreno\\\/#listItem\",\"name\":\"Noticias Carre\\u00f1o\"}},{\"@type\":\"ListItem\",\"@id\":\"https:\\\/\\\/candas365.es\\\/noticias\\\/category\\\/noticias-carreno\\\/#listItem\",\"position\":2,\"name\":\"Noticias Carre\\u00f1o\",\"item\":\"https:\\\/\\\/candas365.es\\\/noticias\\\/category\\\/noticias-carreno\\\/\",\"nextItem\":{\"@type\":\"ListItem\",\"@id\":\"https:\\\/\\\/candas365.es\\\/noticias\\\/adicap-se-ha-reunido-en-candas\\\/#listItem\",\"name\":\"ADICAP se ha reunido en Cand\\u00e1s\"},\"previousItem\":{\"@type\":\"ListItem\",\"@id\":\"https:\\\/\\\/candas365.es\\\/noticias#listItem\",\"name\":\"Home\"}},{\"@type\":\"ListItem\",\"@id\":\"https:\\\/\\\/candas365.es\\\/noticias\\\/adicap-se-ha-reunido-en-candas\\\/#listItem\",\"position\":3,\"name\":\"ADICAP se ha reunido en Cand\\u00e1s\",\"previousItem\":{\"@type\":\"ListItem\",\"@id\":\"https:\\\/\\\/candas365.es\\\/noticias\\\/category\\\/noticias-carreno\\\/#listItem\",\"name\":\"Noticias Carre\\u00f1o\"}}]},{\"@type\":\"NewsArticle\",\"@id\":\"https:\\\/\\\/candas365.es\\\/noticias\\\/adicap-se-ha-reunido-en-candas\\\/#newsarticle\",\"name\":\"ADICAP se ha reunido en Cand\\u00e1s | Cand\\u00e1s 365\",\"headline\":\"ADICAP se ha reunido en Cand\\u00e1s\",\"author\":{\"@id\":\"https:\\\/\\\/candas365.es\\\/noticias\\\/author\\\/admin\\\/#author\"},\"publisher\":{\"@id\":\"https:\\\/\\\/candas365.es\\\/noticias\\\/#organization\"},\"image\":{\"@type\":\"ImageObject\",\"url\":\"https:\\\/\\\/candas365.es\\\/noticias\\\/wp-content\\\/uploads\\\/2017\\\/11\\\/IMG_5944.jpg\",\"width\":2000,\"height\":1500},\"datePublished\":\"2017-11-15T19:38:21+01:00\",\"dateModified\":\"2017-11-15T19:38:21+01:00\",\"inLanguage\":\"es-ES\",\"mainEntityOfPage\":{\"@id\":\"https:\\\/\\\/candas365.es\\\/noticias\\\/adicap-se-ha-reunido-en-candas\\\/#webpage\"},\"isPartOf\":{\"@id\":\"https:\\\/\\\/candas365.es\\\/noticias\\\/adicap-se-ha-reunido-en-candas\\\/#webpage\"},\"articleSection\":\"Noticias Carre\\u00f1o\",\"dateline\":\"Publicado el noviembre 15, 2017.\"},{\"@type\":\"Organization\",\"@id\":\"https:\\\/\\\/candas365.es\\\/noticias\\\/#organization\",\"name\":\"Cand\\u00e1s 365\",\"description\":\"Cand\\u00e1s 365 es un diario digital independiente, fundado en 2012, con base en Asturias. Informamos con rigor sobre actualidad, sociedad, cultura y ocio, con una mirada local y global.\",\"url\":\"https:\\\/\\\/candas365.es\\\/noticias\\\/\",\"email\":\"info@candas365.es\",\"telephone\":\"+34652131393\",\"foundingDate\":\"2012-06-10\",\"logo\":{\"@type\":\"ImageObject\",\"url\":\"https:\\\/\\\/candas365.es\\\/noticias\\\/wp-content\\\/uploads\\\/2024\\\/09\\\/Candas-365-Redes.jpg\",\"@id\":\"https:\\\/\\\/candas365.es\\\/noticias\\\/adicap-se-ha-reunido-en-candas\\\/#organizationLogo\",\"width\":1152,\"height\":864,\"caption\":\"Cand\\u00e1s 365 Redes\"},\"image\":{\"@id\":\"https:\\\/\\\/candas365.es\\\/noticias\\\/adicap-se-ha-reunido-en-candas\\\/#organizationLogo\"},\"sameAs\":[\"https:\\\/\\\/www.facebook.com\\\/Nachofdezber\",\"https:\\\/\\\/x.com\\\/NabercoDigital\",\"https:\\\/\\\/www.instagram.com\\\/nachofdezber\\\/\",\"https:\\\/\\\/www.youtube.com\\\/channel\\\/UCZP-2wLEB9Rv6erhFmqVnvg\"],\"address\":{\"@id\":\"https:\\\/\\\/candas365.es\\\/noticias\\\/#postaladdress\",\"@type\":\"PostalAddress\",\"streetAddress\":\"san antonio 4, san antonio 4\",\"postalCode\":\"33430\",\"addressLocality\":\"Cand\\u00e1s\",\"addressRegion\":\"Asturias\",\"addressCountry\":\"ES\"}},{\"@type\":\"Person\",\"@id\":\"https:\\\/\\\/candas365.es\\\/noticias\\\/author\\\/admin\\\/#author\",\"url\":\"https:\\\/\\\/candas365.es\\\/noticias\\\/author\\\/admin\\\/\",\"name\":\"Cand\\u00e1s 365\",\"image\":{\"@type\":\"ImageObject\",\"@id\":\"https:\\\/\\\/candas365.es\\\/noticias\\\/adicap-se-ha-reunido-en-candas\\\/#authorImage\",\"url\":\"https:\\\/\\\/secure.gravatar.com\\\/avatar\\\/496a8e03d0c493ede1718b7934145dbdf8d89be1036b0eec9544e1094c9de390?s=96&d=mm&r=g\",\"width\":96,\"height\":96,\"caption\":\"Cand\\u00e1s 365\"},\"sameAs\":[\"https:\\\/\\\/www.facebook.com\\\/carrenoactualidad\",\"https:\\\/\\\/twitter.com\\\/nbasturias\",\"https:\\\/\\\/www.instagram.com\\\/nachofdezber\\\/\",\"https:\\\/\\\/www.youtube.com\\\/channel\\\/UCZP-2wLEB9Rv6erhFmqVnvg\"]},{\"@type\":\"WebPage\",\"@id\":\"https:\\\/\\\/candas365.es\\\/noticias\\\/adicap-se-ha-reunido-en-candas\\\/#webpage\",\"url\":\"https:\\\/\\\/candas365.es\\\/noticias\\\/adicap-se-ha-reunido-en-candas\\\/\",\"name\":\"ADICAP se ha reunido en Cand\\u00e1s | Cand\\u00e1s 365\",\"description\":\"El Grupo de Desarrollo Rural \\u201cAsociaci\\u00f3n para el Desarrollo Integrado del Centro de Asturias Periurbano (ADICAP), se reuni\\u00f3 esta ma\\u00f1ana en Cand\\u00e1s para proponer a la Consejer\\u00eda de Desarrollo Rural y Recursos Naturales la aprobaci\\u00f3n de ayudas Leader por un importe total de 358.156,69 \\u20ac que supone casi el 100 % de los fondos asignados\",\"inLanguage\":\"es-ES\",\"isPartOf\":{\"@id\":\"https:\\\/\\\/candas365.es\\\/noticias\\\/#website\"},\"breadcrumb\":{\"@id\":\"https:\\\/\\\/candas365.es\\\/noticias\\\/adicap-se-ha-reunido-en-candas\\\/#breadcrumblist\"},\"author\":{\"@id\":\"https:\\\/\\\/candas365.es\\\/noticias\\\/author\\\/admin\\\/#author\"},\"creator\":{\"@id\":\"https:\\\/\\\/candas365.es\\\/noticias\\\/author\\\/admin\\\/#author\"},\"image\":{\"@type\":\"ImageObject\",\"url\":\"https:\\\/\\\/candas365.es\\\/noticias\\\/wp-content\\\/uploads\\\/2017\\\/11\\\/IMG_5944.jpg\",\"@id\":\"https:\\\/\\\/candas365.es\\\/noticias\\\/adicap-se-ha-reunido-en-candas\\\/#mainImage\",\"width\":2000,\"height\":1500},\"primaryImageOfPage\":{\"@id\":\"https:\\\/\\\/candas365.es\\\/noticias\\\/adicap-se-ha-reunido-en-candas\\\/#mainImage\"},\"datePublished\":\"2017-11-15T19:38:21+01:00\",\"dateModified\":\"2017-11-15T19:38:21+01:00\"},{\"@type\":\"WebSite\",\"@id\":\"https:\\\/\\\/candas365.es\\\/noticias\\\/#website\",\"url\":\"https:\\\/\\\/candas365.es\\\/noticias\\\/\",\"name\":\"Cand\\u00e1s 365\",\"alternateName\":\"Cand\\u00e1s 365 Noticias\",\"description\":\"Actualidad desde Carre\\u00f1o para el mundo\",\"inLanguage\":\"es-ES\",\"publisher\":{\"@id\":\"https:\\\/\\\/candas365.es\\\/noticias\\\/#organization\"}}]}\n\t\t<\/script>\n\t\t<!-- All in One SEO Pro -->\r\n\t\t<title>ADICAP se ha reunido en Cand\u00e1s | Cand\u00e1s 365<\/title>\n\n","aioseo_head_json":{"title":"ADICAP se ha reunido en Cand\u00e1s | Cand\u00e1s 365","description":"El Grupo de Desarrollo Rural \u201cAsociaci\u00f3n para el Desarrollo Integrado del Centro de Asturias Periurbano (ADICAP), se reuni\u00f3 esta ma\u00f1ana en Cand\u00e1s para proponer a la Consejer\u00eda de Desarrollo Rural y Recursos Naturales la aprobaci\u00f3n de ayudas Leader por un importe total de 358.156,69 \u20ac que supone casi el 100 % de los fondos asignados","canonical_url":"https:\/\/candas365.es\/noticias\/adicap-se-ha-reunido-en-candas\/","robots":"max-image-preview:large","keywords":"noticias carre\u00f1o","webmasterTools":{"google-site-verification":"UA-32230408-1","msvalidate.01":"354F3CDFB2DA171B47FBE9ABF1F88D5","miscellaneous":""},"schema":{"@context":"https:\/\/schema.org","@graph":[{"@type":"BreadcrumbList","@id":"https:\/\/candas365.es\/noticias\/adicap-se-ha-reunido-en-candas\/#breadcrumblist","itemListElement":[{"@type":"ListItem","@id":"https:\/\/candas365.es\/noticias#listItem","position":1,"name":"Home","item":"https:\/\/candas365.es\/noticias","nextItem":{"@type":"ListItem","@id":"https:\/\/candas365.es\/noticias\/category\/noticias-carreno\/#listItem","name":"Noticias Carre\u00f1o"}},{"@type":"ListItem","@id":"https:\/\/candas365.es\/noticias\/category\/noticias-carreno\/#listItem","position":2,"name":"Noticias Carre\u00f1o","item":"https:\/\/candas365.es\/noticias\/category\/noticias-carreno\/","nextItem":{"@type":"ListItem","@id":"https:\/\/candas365.es\/noticias\/adicap-se-ha-reunido-en-candas\/#listItem","name":"ADICAP se ha reunido en Cand\u00e1s"},"previousItem":{"@type":"ListItem","@id":"https:\/\/candas365.es\/noticias#listItem","name":"Home"}},{"@type":"ListItem","@id":"https:\/\/candas365.es\/noticias\/adicap-se-ha-reunido-en-candas\/#listItem","position":3,"name":"ADICAP se ha reunido en Cand\u00e1s","previousItem":{"@type":"ListItem","@id":"https:\/\/candas365.es\/noticias\/category\/noticias-carreno\/#listItem","name":"Noticias Carre\u00f1o"}}]},{"@type":"NewsArticle","@id":"https:\/\/candas365.es\/noticias\/adicap-se-ha-reunido-en-candas\/#newsarticle","name":"ADICAP se ha reunido en Cand\u00e1s | Cand\u00e1s 365","headline":"ADICAP se ha reunido en Cand\u00e1s","author":{"@id":"https:\/\/candas365.es\/noticias\/author\/admin\/#author"},"publisher":{"@id":"https:\/\/candas365.es\/noticias\/#organization"},"image":{"@type":"ImageObject","url":"https:\/\/candas365.es\/noticias\/wp-content\/uploads\/2017\/11\/IMG_5944.jpg","width":2000,"height":1500},"datePublished":"2017-11-15T19:38:21+01:00","dateModified":"2017-11-15T19:38:21+01:00","inLanguage":"es-ES","mainEntityOfPage":{"@id":"https:\/\/candas365.es\/noticias\/adicap-se-ha-reunido-en-candas\/#webpage"},"isPartOf":{"@id":"https:\/\/candas365.es\/noticias\/adicap-se-ha-reunido-en-candas\/#webpage"},"articleSection":"Noticias Carre\u00f1o","dateline":"Publicado el noviembre 15, 2017."},{"@type":"Organization","@id":"https:\/\/candas365.es\/noticias\/#organization","name":"Cand\u00e1s 365","description":"Cand\u00e1s 365 es un diario digital independiente, fundado en 2012, con base en Asturias. Informamos con rigor sobre actualidad, sociedad, cultura y ocio, con una mirada local y global.","url":"https:\/\/candas365.es\/noticias\/","email":"info@candas365.es","telephone":"+34652131393","foundingDate":"2012-06-10","logo":{"@type":"ImageObject","url":"https:\/\/candas365.es\/noticias\/wp-content\/uploads\/2024\/09\/Candas-365-Redes.jpg","@id":"https:\/\/candas365.es\/noticias\/adicap-se-ha-reunido-en-candas\/#organizationLogo","width":1152,"height":864,"caption":"Cand\u00e1s 365 Redes"},"image":{"@id":"https:\/\/candas365.es\/noticias\/adicap-se-ha-reunido-en-candas\/#organizationLogo"},"sameAs":["https:\/\/www.facebook.com\/Nachofdezber","https:\/\/x.com\/NabercoDigital","https:\/\/www.instagram.com\/nachofdezber\/","https:\/\/www.youtube.com\/channel\/UCZP-2wLEB9Rv6erhFmqVnvg"],"address":{"@id":"https:\/\/candas365.es\/noticias\/#postaladdress","@type":"PostalAddress","streetAddress":"san antonio 4, san antonio 4","postalCode":"33430","addressLocality":"Cand\u00e1s","addressRegion":"Asturias","addressCountry":"ES"}},{"@type":"Person","@id":"https:\/\/candas365.es\/noticias\/author\/admin\/#author","url":"https:\/\/candas365.es\/noticias\/author\/admin\/","name":"Cand\u00e1s 365","image":{"@type":"ImageObject","@id":"https:\/\/candas365.es\/noticias\/adicap-se-ha-reunido-en-candas\/#authorImage","url":"https:\/\/secure.gravatar.com\/avatar\/496a8e03d0c493ede1718b7934145dbdf8d89be1036b0eec9544e1094c9de390?s=96&d=mm&r=g","width":96,"height":96,"caption":"Cand\u00e1s 365"},"sameAs":["https:\/\/www.facebook.com\/carrenoactualidad","https:\/\/twitter.com\/nbasturias","https:\/\/www.instagram.com\/nachofdezber\/","https:\/\/www.youtube.com\/channel\/UCZP-2wLEB9Rv6erhFmqVnvg"]},{"@type":"WebPage","@id":"https:\/\/candas365.es\/noticias\/adicap-se-ha-reunido-en-candas\/#webpage","url":"https:\/\/candas365.es\/noticias\/adicap-se-ha-reunido-en-candas\/","name":"ADICAP se ha reunido en Cand\u00e1s | Cand\u00e1s 365","description":"El Grupo de Desarrollo Rural \u201cAsociaci\u00f3n para el Desarrollo Integrado del Centro de Asturias Periurbano (ADICAP), se reuni\u00f3 esta ma\u00f1ana en Cand\u00e1s para proponer a la Consejer\u00eda de Desarrollo Rural y Recursos Naturales la aprobaci\u00f3n de ayudas Leader por un importe total de 358.156,69 \u20ac que supone casi el 100 % de los fondos asignados","inLanguage":"es-ES","isPartOf":{"@id":"https:\/\/candas365.es\/noticias\/#website"},"breadcrumb":{"@id":"https:\/\/candas365.es\/noticias\/adicap-se-ha-reunido-en-candas\/#breadcrumblist"},"author":{"@id":"https:\/\/candas365.es\/noticias\/author\/admin\/#author"},"creator":{"@id":"https:\/\/candas365.es\/noticias\/author\/admin\/#author"},"image":{"@type":"ImageObject","url":"https:\/\/candas365.es\/noticias\/wp-content\/uploads\/2017\/11\/IMG_5944.jpg","@id":"https:\/\/candas365.es\/noticias\/adicap-se-ha-reunido-en-candas\/#mainImage","width":2000,"height":1500},"primaryImageOfPage":{"@id":"https:\/\/candas365.es\/noticias\/adicap-se-ha-reunido-en-candas\/#mainImage"},"datePublished":"2017-11-15T19:38:21+01:00","dateModified":"2017-11-15T19:38:21+01:00"},{"@type":"WebSite","@id":"https:\/\/candas365.es\/noticias\/#website","url":"https:\/\/candas365.es\/noticias\/","name":"Cand\u00e1s 365","alternateName":"Cand\u00e1s 365 Noticias","description":"Actualidad desde Carre\u00f1o para el mundo","inLanguage":"es-ES","publisher":{"@id":"https:\/\/candas365.es\/noticias\/#organization"}}]},"og:locale":"es_ES","og:site_name":"Cand\u00e1s 365","og:type":"article","og:title":"ADICAP se ha reunido en Cand\u00e1s | Cand\u00e1s 365","og:description":"El Grupo de Desarrollo Rural \u201cAsociaci\u00f3n para el Desarrollo Integrado del Centro de Asturias Periurbano (ADICAP), se reuni\u00f3 esta ma\u00f1ana en Cand\u00e1s para proponer a la Consejer\u00eda de Desarrollo Rural y Recursos Naturales la aprobaci\u00f3n de ayudas Leader por un importe total de 358.156,69 \u20ac que supone casi el 100 % de los fondos asignados","og:url":"https:\/\/candas365.es\/noticias\/adicap-se-ha-reunido-en-candas\/","og:image":"https:\/\/candas365.es\/noticias\/wp-content\/uploads\/2017\/11\/IMG_5944.jpg","og:image:secure_url":"https:\/\/candas365.es\/noticias\/wp-content\/uploads\/2017\/11\/IMG_5944.jpg","og:image:width":2000,"og:image:height":1500,"article:published_time":"2017-11-15T19:38:21+00:00","article:modified_time":"2017-11-15T19:38:21+00:00","article:publisher":"https:\/\/www.facebook.com\/Nachofdezber","article:author":"https:\/\/www.facebook.com\/carrenoactualidad","twitter:card":"summary_large_image","twitter:site":"@NabercoDigital","twitter:title":"ADICAP se ha reunido en Cand\u00e1s | Cand\u00e1s 365","twitter:description":"El Grupo de Desarrollo Rural \u201cAsociaci\u00f3n para el Desarrollo Integrado del Centro de Asturias Periurbano (ADICAP), se reuni\u00f3 esta ma\u00f1ana en Cand\u00e1s para proponer a la Consejer\u00eda de Desarrollo Rural y Recursos Naturales la aprobaci\u00f3n de ayudas Leader por un importe total de 358.156,69 \u20ac que supone casi el 100 % de los fondos asignados","twitter:creator":"@nbasturias","twitter:image":"https:\/\/candas365.es\/noticias\/wp-content\/uploads\/2017\/11\/IMG_5944.jpg","twitter:label1":"Escrito por","twitter:data1":"Cand\u00e1s 365","twitter:label2":"Tiempo de lectura estimado","twitter:data2":"2 minutos"},"aioseo_meta_data":{"post_id":"84602","title":null,"description":null,"keywords":null,"keyphrases":null,"primary_term":null,"canonical_url":null,"og_title":null,"og_description":null,"og_object_type":"default","og_image_type":"default","og_image_url":null,"og_image_width":null,"og_image_height":null,"og_image_custom_url":null,"og_image_custom_fields":null,"og_video":null,"og_custom_url":null,"og_article_section":null,"og_article_tags":null,"twitter_use_og":false,"twitter_card":"default","twitter_image_type":"default","twitter_image_url":null,"twitter_image_custom_url":null,"twitter_image_custom_fields":null,"twitter_title":null,"twitter_description":null,"schema":{"blockGraphs":[],"customGraphs":[],"default":{"data":{"Article":[],"Course":[],"Dataset":[],"FAQPage":[],"Movie":[],"Person":[],"Product":[],"ProductReview":[],"Car":[],"Recipe":[],"Service":[],"SoftwareApplication":[],"WebPage":[]},"graphName":"","isEnabled":true},"graphs":[],"defaultGraph":"","defaultPostTypeGraph":""},"schema_type":null,"schema_type_options":null,"pillar_content":false,"robots_default":true,"robots_noindex":false,"robots_noarchive":false,"robots_nosnippet":false,"robots_nofollow":false,"robots_noimageindex":false,"robots_noodp":false,"robots_notranslate":false,"robots_max_snippet":null,"robots_max_videopreview":null,"robots_max_imagepreview":"large","priority":null,"frequency":null,"location":null,"local_seo":null,"seo_analyzer_scan_date":"2025-08-26 05:52:12","breadcrumb_settings":null,"limit_modified_date":false,"reviewed_by":null,"open_ai":null,"ai":null,"created":"2020-12-21 12:24:55","updated":"2025-08-26 05:52:12"},"aioseo_breadcrumb":"<div class=\"aioseo-breadcrumbs\"><span class=\"aioseo-breadcrumb\">\n\t<a href=\"https:\/\/candas365.es\/noticias\" title=\"Home\">Home<\/a>\n<\/span><span class=\"aioseo-breadcrumb-separator\">&ndash;<\/span><span class=\"aioseo-breadcrumb\">\n\t<a href=\"https:\/\/candas365.es\/noticias\/category\/noticias-carreno\/\" title=\"Noticias Carre\u00f1o\">Noticias Carre\u00f1o<\/a>\n<\/span><span class=\"aioseo-breadcrumb-separator\">&ndash;<\/span><span class=\"aioseo-breadcrumb\">\n\tADICAP se ha reunido en Cand\u00e1s\n<\/span><\/div>","aioseo_breadcrumb_json":[{"label":"Home","link":"https:\/\/candas365.es\/noticias"},{"label":"Noticias Carre\u00f1o","link":"https:\/\/candas365.es\/noticias\/category\/noticias-carreno\/"},{"label":"ADICAP se ha reunido en Cand\u00e1s","link":"https:\/\/candas365.es\/noticias\/adicap-se-ha-reunido-en-candas\/"}],"_links":{"self":[{"href":"https:\/\/candas365.es\/noticias\/wp-json\/wp\/v2\/posts\/84602","targetHints":{"allow":["GET"]}}],"collection":[{"href":"https:\/\/candas365.es\/noticias\/wp-json\/wp\/v2\/posts"}],"about":[{"href":"https:\/\/candas365.es\/noticias\/wp-json\/wp\/v2\/types\/post"}],"author":[{"embeddable":true,"href":"https:\/\/candas365.es\/noticias\/wp-json\/wp\/v2\/users\/1"}],"replies":[{"embeddable":true,"href":"https:\/\/candas365.es\/noticias\/wp-json\/wp\/v2\/comments?post=84602"}],"version-history":[{"count":0,"href":"https:\/\/candas365.es\/noticias\/wp-json\/wp\/v2\/posts\/84602\/revisions"}],"wp:featuredmedia":[{"embeddable":true,"href":"https:\/\/candas365.es\/noticias\/wp-json\/wp\/v2\/media\/84603"}],"wp:attachment":[{"href":"https:\/\/candas365.es\/noticias\/wp-json\/wp\/v2\/media?parent=84602"}],"wp:term":[{"taxonomy":"category","embeddable":true,"href":"https:\/\/candas365.es\/noticias\/wp-json\/wp\/v2\/categories?post=84602"},{"taxonomy":"post_tag","embeddable":true,"href":"https:\/\/candas365.es\/noticias\/wp-json\/wp\/v2\/tags?post=84602"}],"curies":[{"name":"wp","href":"https:\/\/api.w.org\/{rel}","templated":true}]}}