{"id":84558,"date":"2017-11-15T03:13:39","date_gmt":"2017-11-15T03:13:39","guid":{"rendered":"http:\/\/candas365.es\/noticias\/?p=84558"},"modified":"2017-11-15T03:13:39","modified_gmt":"2017-11-15T03:13:39","slug":"mariano-pena-esta-semana-en-atencion-obras","status":"publish","type":"post","link":"https:\/\/candas365.es\/noticias\/mariano-pena-esta-semana-en-atencion-obras\/","title":{"rendered":"Mariano Pe\u00f1a esta semana en \u201cAtenci\u00f3n Obras\u201d"},"content":{"rendered":"<p><img fetchpriority=\"high\" decoding=\"async\" class=\"alignleft size-medium wp-image-76605\" src=\"https:\/\/candas365.es\/noticias\/wp-content\/uploads\/2017\/07\/controls-1527175_960_720-360x270.jpg\" alt=\"\" width=\"360\" height=\"270\" srcset=\"https:\/\/candas365.es\/noticias\/wp-content\/uploads\/2017\/07\/controls-1527175_960_720-360x270.jpg 360w, https:\/\/candas365.es\/noticias\/wp-content\/uploads\/2017\/07\/controls-1527175_960_720-768x576.jpg 768w, https:\/\/candas365.es\/noticias\/wp-content\/uploads\/2017\/07\/controls-1527175_960_720-640x480.jpg 640w, https:\/\/candas365.es\/noticias\/wp-content\/uploads\/2017\/07\/controls-1527175_960_720-80x60.jpg 80w, https:\/\/candas365.es\/noticias\/wp-content\/uploads\/2017\/07\/controls-1527175_960_720-265x198.jpg 265w, https:\/\/candas365.es\/noticias\/wp-content\/uploads\/2017\/07\/controls-1527175_960_720-696x522.jpg 696w, https:\/\/candas365.es\/noticias\/wp-content\/uploads\/2017\/07\/controls-1527175_960_720-560x420.jpg 560w, https:\/\/candas365.es\/noticias\/wp-content\/uploads\/2017\/07\/controls-1527175_960_720-90x67.jpg 90w, https:\/\/candas365.es\/noticias\/wp-content\/uploads\/2017\/07\/controls-1527175_960_720.jpg 960w\" sizes=\"(max-width: 360px) 100vw, 360px\" \/>&#8216;Atenci\u00f3n Obras&#8217; habla esta semana con el actor Mariano Pe\u00f1a por su \u00faltima comedia &#8216;Obra de Dios, todo un \u00e9xito en Broadway. El programa cultural que presenta Cayetana Guill\u00e9n Cuervo ofrecer\u00e1 un ac\u00fastico especial de la artista emergente Mon Laferte y conversar\u00e1 con Vetusta Morla para conocer m\u00e1s de su cuarto disco. Adem\u00e1s, se har\u00e1 eco del debut de Fran Perea como director de teatro con la obra &#8216;Souvenir&#8217;.<\/p>\n<p>Mariano Pe\u00f1a protagoniza &#8216;Obra de Dios&#8217; en el Teatro Bellas Artes de Madrid a las \u00f3rdenes de la directora Tamzin Townsend. La obra llega a Espa\u00f1a despu\u00e9s de arrasar en Broadway. El actor hablar\u00e1 de su papel en esta divertida comedia y de otras facetas menos conocidas de su trayectoria profesional.<\/p>\n<p>La artista emergente de mayor \u00e9xito en Latinoam\u00e9rica, Mon Laferte, ha regalado al programa un precioso ac\u00fastico. Con cinco nominaciones a los Grammy latinos, que se fallan este jueves, actuar\u00e1 por primera vez en nuestro pa\u00eds el pr\u00f3ximo fin de semana.<\/p>\n<p>Tambi\u00e9n en clave musical, &#8216;Atenci\u00f3n Obras&#8217; hablar\u00e1 con Vestusta Morla que acaban de publicar su cuarto y esperado disco: &#8216;Mismo sitio, distinto lugar&#8217;.<\/p>\n<p>Adem\u00e1s, otro m\u00fasico, que tambi\u00e9n es actor, se lanza ahora a la direcci\u00f3n esc\u00e9nica: Fran Perea dirige &#8216;Souvenir&#8217;, una reflexi\u00f3n sobre la memoria. \u00bfC\u00f3mo ser\u00eda recordar absolutamente todo lo que nos ha pasado en la vida?<\/p>\n<p>Completar\u00e1 el programa el experto Elio Castro, que detallar\u00e1 sus propuestas cinematogr\u00e1ficas para los pr\u00f3ximos d\u00edas.<\/p>\n","protected":false},"excerpt":{"rendered":"<p>&#8216;Atenci\u00f3n Obras&#8217; habla esta semana con el actor Mariano Pe\u00f1a por su \u00faltima comedia &#8216;Obra de Dios, todo un \u00e9xito en Broadway. El programa cultural que presenta Cayetana Guill\u00e9n Cuervo ofrecer\u00e1 un ac\u00fastico especial de la artista emergente Mon Laferte y conversar\u00e1 con Vetusta Morla para conocer m\u00e1s de su cuarto disco. Adem\u00e1s, se har\u00e1<\/p>\n","protected":false},"author":1,"featured_media":76605,"comment_status":"closed","ping_status":"closed","sticky":false,"template":"","format":"standard","meta":{"footnotes":""},"categories":[1],"tags":[],"class_list":{"0":"post-84558","1":"post","2":"type-post","3":"status-publish","4":"format-standard","5":"has-post-thumbnail","7":"category-agenda"},"aioseo_notices":[],"aioseo_head":"\n\t\t<!-- All in One SEO Pro 4.9.6.2 - aioseo.com -->\n\t<meta name=\"description\" content=\"&#039;Atenci\u00f3n Obras&#039; habla esta semana con el actor Mariano Pe\u00f1a por su \u00faltima comedia &#039;Obra de Dios, todo un \u00e9xito en Broadway. El programa cultural que presenta Cayetana Guill\u00e9n Cuervo ofrecer\u00e1 un ac\u00fastico especial de la artista emergente Mon Laferte y conversar\u00e1 con Vetusta Morla para conocer m\u00e1s de su cuarto disco. Adem\u00e1s, se har\u00e1\" \/>\n\t<meta name=\"robots\" content=\"max-image-preview:large\" \/>\n\t<meta name=\"author\" content=\"Cand\u00e1s 365\"\/>\n\t<meta name=\"google-site-verification\" content=\"UA-32230408-1\" \/>\n\t<meta name=\"msvalidate.01\" content=\"354F3CDFB2DA171B47FBE9ABF1F88D5\" \/>\n\t<meta name=\"keywords\" content=\"agenda\" \/>\n\t<link rel=\"canonical\" href=\"https:\/\/candas365.es\/noticias\/mariano-pena-esta-semana-en-atencion-obras\/\" \/>\n\t<meta name=\"generator\" content=\"All in One SEO Pro (AIOSEO) 4.9.6.2\" \/>\n\t\t<meta property=\"og:locale\" content=\"es_ES\" \/>\n\t\t<meta property=\"og:site_name\" content=\"Cand\u00e1s 365\" \/>\n\t\t<meta property=\"og:type\" content=\"article\" \/>\n\t\t<meta property=\"og:title\" content=\"Mariano Pe\u00f1a esta semana en \u201cAtenci\u00f3n Obras\u201d | Cand\u00e1s 365\" \/>\n\t\t<meta property=\"og:description\" content=\"&#039;Atenci\u00f3n Obras&#039; habla esta semana con el actor Mariano Pe\u00f1a por su \u00faltima comedia &#039;Obra de Dios, todo un \u00e9xito en Broadway. El programa cultural que presenta Cayetana Guill\u00e9n Cuervo ofrecer\u00e1 un ac\u00fastico especial de la artista emergente Mon Laferte y conversar\u00e1 con Vetusta Morla para conocer m\u00e1s de su cuarto disco. Adem\u00e1s, se har\u00e1\" \/>\n\t\t<meta property=\"og:url\" content=\"https:\/\/candas365.es\/noticias\/mariano-pena-esta-semana-en-atencion-obras\/\" \/>\n\t\t<meta property=\"og:image\" content=\"https:\/\/candas365.es\/noticias\/wp-content\/uploads\/2017\/07\/controls-1527175_960_720.jpg\" \/>\n\t\t<meta property=\"og:image:secure_url\" content=\"https:\/\/candas365.es\/noticias\/wp-content\/uploads\/2017\/07\/controls-1527175_960_720.jpg\" \/>\n\t\t<meta property=\"og:image:width\" content=\"960\" \/>\n\t\t<meta property=\"og:image:height\" content=\"720\" \/>\n\t\t<meta property=\"article:published_time\" content=\"2017-11-15T03:13:39+00:00\" \/>\n\t\t<meta property=\"article:modified_time\" content=\"2017-11-15T03:13:39+00:00\" \/>\n\t\t<meta property=\"article:publisher\" content=\"https:\/\/www.facebook.com\/Nachofdezber\" \/>\n\t\t<meta property=\"article:author\" content=\"https:\/\/www.facebook.com\/carrenoactualidad\" \/>\n\t\t<meta name=\"twitter:card\" content=\"summary_large_image\" \/>\n\t\t<meta name=\"twitter:site\" content=\"@NabercoDigital\" \/>\n\t\t<meta name=\"twitter:title\" content=\"Mariano Pe\u00f1a esta semana en \u201cAtenci\u00f3n Obras\u201d | Cand\u00e1s 365\" \/>\n\t\t<meta name=\"twitter:description\" content=\"&#039;Atenci\u00f3n Obras&#039; habla esta semana con el actor Mariano Pe\u00f1a por su \u00faltima comedia &#039;Obra de Dios, todo un \u00e9xito en Broadway. El programa cultural que presenta Cayetana Guill\u00e9n Cuervo ofrecer\u00e1 un ac\u00fastico especial de la artista emergente Mon Laferte y conversar\u00e1 con Vetusta Morla para conocer m\u00e1s de su cuarto disco. Adem\u00e1s, se har\u00e1\" \/>\n\t\t<meta name=\"twitter:creator\" content=\"@nbasturias\" \/>\n\t\t<meta name=\"twitter:image\" content=\"https:\/\/candas365.es\/noticias\/wp-content\/uploads\/2017\/07\/controls-1527175_960_720.jpg\" \/>\n\t\t<meta name=\"twitter:label1\" content=\"Escrito por\" \/>\n\t\t<meta name=\"twitter:data1\" content=\"Cand\u00e1s 365\" \/>\n\t\t<meta name=\"twitter:label2\" content=\"Tiempo de lectura estimado\" \/>\n\t\t<meta name=\"twitter:data2\" content=\"1 minuto\" \/>\n\t\t<script type=\"application\/ld+json\" class=\"aioseo-schema\">\n\t\t\t{\"@context\":\"https:\\\/\\\/schema.org\",\"@graph\":[{\"@type\":\"BreadcrumbList\",\"@id\":\"https:\\\/\\\/candas365.es\\\/noticias\\\/mariano-pena-esta-semana-en-atencion-obras\\\/#breadcrumblist\",\"itemListElement\":[{\"@type\":\"ListItem\",\"@id\":\"https:\\\/\\\/candas365.es\\\/noticias#listItem\",\"position\":1,\"name\":\"Home\",\"item\":\"https:\\\/\\\/candas365.es\\\/noticias\",\"nextItem\":{\"@type\":\"ListItem\",\"@id\":\"https:\\\/\\\/candas365.es\\\/noticias\\\/category\\\/agenda\\\/#listItem\",\"name\":\"Agenda\"}},{\"@type\":\"ListItem\",\"@id\":\"https:\\\/\\\/candas365.es\\\/noticias\\\/category\\\/agenda\\\/#listItem\",\"position\":2,\"name\":\"Agenda\",\"item\":\"https:\\\/\\\/candas365.es\\\/noticias\\\/category\\\/agenda\\\/\",\"nextItem\":{\"@type\":\"ListItem\",\"@id\":\"https:\\\/\\\/candas365.es\\\/noticias\\\/mariano-pena-esta-semana-en-atencion-obras\\\/#listItem\",\"name\":\"Mariano Pe\\u00f1a esta semana en \\u201cAtenci\\u00f3n Obras\\u201d\"},\"previousItem\":{\"@type\":\"ListItem\",\"@id\":\"https:\\\/\\\/candas365.es\\\/noticias#listItem\",\"name\":\"Home\"}},{\"@type\":\"ListItem\",\"@id\":\"https:\\\/\\\/candas365.es\\\/noticias\\\/mariano-pena-esta-semana-en-atencion-obras\\\/#listItem\",\"position\":3,\"name\":\"Mariano Pe\\u00f1a esta semana en \\u201cAtenci\\u00f3n Obras\\u201d\",\"previousItem\":{\"@type\":\"ListItem\",\"@id\":\"https:\\\/\\\/candas365.es\\\/noticias\\\/category\\\/agenda\\\/#listItem\",\"name\":\"Agenda\"}}]},{\"@type\":\"NewsArticle\",\"@id\":\"https:\\\/\\\/candas365.es\\\/noticias\\\/mariano-pena-esta-semana-en-atencion-obras\\\/#newsarticle\",\"name\":\"Mariano Pe\\u00f1a esta semana en \\u201cAtenci\\u00f3n Obras\\u201d | Cand\\u00e1s 365\",\"headline\":\"Mariano Pe\\u00f1a esta semana en \\u201cAtenci\\u00f3n Obras\\u201d\",\"author\":{\"@id\":\"https:\\\/\\\/candas365.es\\\/noticias\\\/author\\\/admin\\\/#author\"},\"publisher\":{\"@id\":\"https:\\\/\\\/candas365.es\\\/noticias\\\/#organization\"},\"image\":{\"@type\":\"ImageObject\",\"url\":\"https:\\\/\\\/candas365.es\\\/noticias\\\/wp-content\\\/uploads\\\/2017\\\/07\\\/controls-1527175_960_720.jpg\",\"width\":960,\"height\":720},\"datePublished\":\"2017-11-15T03:13:39+01:00\",\"dateModified\":\"2017-11-15T03:13:39+01:00\",\"inLanguage\":\"es-ES\",\"mainEntityOfPage\":{\"@id\":\"https:\\\/\\\/candas365.es\\\/noticias\\\/mariano-pena-esta-semana-en-atencion-obras\\\/#webpage\"},\"isPartOf\":{\"@id\":\"https:\\\/\\\/candas365.es\\\/noticias\\\/mariano-pena-esta-semana-en-atencion-obras\\\/#webpage\"},\"articleSection\":\"Agenda\",\"dateline\":\"Publicado el noviembre 15, 2017.\"},{\"@type\":\"Organization\",\"@id\":\"https:\\\/\\\/candas365.es\\\/noticias\\\/#organization\",\"name\":\"Cand\\u00e1s 365\",\"description\":\"Cand\\u00e1s 365 es un diario digital independiente, fundado en 2012, con base en Asturias. Informamos con rigor sobre actualidad, sociedad, cultura y ocio, con una mirada local y global.\",\"url\":\"https:\\\/\\\/candas365.es\\\/noticias\\\/\",\"email\":\"info@candas365.es\",\"telephone\":\"+34652131393\",\"foundingDate\":\"2012-06-10\",\"logo\":{\"@type\":\"ImageObject\",\"url\":\"https:\\\/\\\/candas365.es\\\/noticias\\\/wp-content\\\/uploads\\\/2024\\\/09\\\/Candas-365-Redes.jpg\",\"@id\":\"https:\\\/\\\/candas365.es\\\/noticias\\\/mariano-pena-esta-semana-en-atencion-obras\\\/#organizationLogo\",\"width\":1152,\"height\":864,\"caption\":\"Cand\\u00e1s 365 Redes\"},\"image\":{\"@id\":\"https:\\\/\\\/candas365.es\\\/noticias\\\/mariano-pena-esta-semana-en-atencion-obras\\\/#organizationLogo\"},\"sameAs\":[\"https:\\\/\\\/www.facebook.com\\\/Nachofdezber\",\"https:\\\/\\\/x.com\\\/NabercoDigital\",\"https:\\\/\\\/www.instagram.com\\\/nachofdezber\\\/\",\"https:\\\/\\\/www.youtube.com\\\/channel\\\/UCZP-2wLEB9Rv6erhFmqVnvg\"],\"address\":{\"@id\":\"https:\\\/\\\/candas365.es\\\/noticias\\\/#postaladdress\",\"@type\":\"PostalAddress\",\"streetAddress\":\"san antonio 4, san antonio 4\",\"postalCode\":\"33430\",\"addressLocality\":\"Cand\\u00e1s\",\"addressRegion\":\"Asturias\",\"addressCountry\":\"ES\"}},{\"@type\":\"Person\",\"@id\":\"https:\\\/\\\/candas365.es\\\/noticias\\\/author\\\/admin\\\/#author\",\"url\":\"https:\\\/\\\/candas365.es\\\/noticias\\\/author\\\/admin\\\/\",\"name\":\"Cand\\u00e1s 365\",\"image\":{\"@type\":\"ImageObject\",\"@id\":\"https:\\\/\\\/candas365.es\\\/noticias\\\/mariano-pena-esta-semana-en-atencion-obras\\\/#authorImage\",\"url\":\"https:\\\/\\\/secure.gravatar.com\\\/avatar\\\/496a8e03d0c493ede1718b7934145dbdf8d89be1036b0eec9544e1094c9de390?s=96&d=mm&r=g\",\"width\":96,\"height\":96,\"caption\":\"Cand\\u00e1s 365\"},\"sameAs\":[\"https:\\\/\\\/www.facebook.com\\\/carrenoactualidad\",\"https:\\\/\\\/twitter.com\\\/nbasturias\",\"https:\\\/\\\/www.instagram.com\\\/nachofdezber\\\/\",\"https:\\\/\\\/www.youtube.com\\\/channel\\\/UCZP-2wLEB9Rv6erhFmqVnvg\"]},{\"@type\":\"WebPage\",\"@id\":\"https:\\\/\\\/candas365.es\\\/noticias\\\/mariano-pena-esta-semana-en-atencion-obras\\\/#webpage\",\"url\":\"https:\\\/\\\/candas365.es\\\/noticias\\\/mariano-pena-esta-semana-en-atencion-obras\\\/\",\"name\":\"Mariano Pe\\u00f1a esta semana en \\u201cAtenci\\u00f3n Obras\\u201d | Cand\\u00e1s 365\",\"description\":\"'Atenci\\u00f3n Obras' habla esta semana con el actor Mariano Pe\\u00f1a por su \\u00faltima comedia 'Obra de Dios, todo un \\u00e9xito en Broadway. El programa cultural que presenta Cayetana Guill\\u00e9n Cuervo ofrecer\\u00e1 un ac\\u00fastico especial de la artista emergente Mon Laferte y conversar\\u00e1 con Vetusta Morla para conocer m\\u00e1s de su cuarto disco. Adem\\u00e1s, se har\\u00e1\",\"inLanguage\":\"es-ES\",\"isPartOf\":{\"@id\":\"https:\\\/\\\/candas365.es\\\/noticias\\\/#website\"},\"breadcrumb\":{\"@id\":\"https:\\\/\\\/candas365.es\\\/noticias\\\/mariano-pena-esta-semana-en-atencion-obras\\\/#breadcrumblist\"},\"author\":{\"@id\":\"https:\\\/\\\/candas365.es\\\/noticias\\\/author\\\/admin\\\/#author\"},\"creator\":{\"@id\":\"https:\\\/\\\/candas365.es\\\/noticias\\\/author\\\/admin\\\/#author\"},\"image\":{\"@type\":\"ImageObject\",\"url\":\"https:\\\/\\\/candas365.es\\\/noticias\\\/wp-content\\\/uploads\\\/2017\\\/07\\\/controls-1527175_960_720.jpg\",\"@id\":\"https:\\\/\\\/candas365.es\\\/noticias\\\/mariano-pena-esta-semana-en-atencion-obras\\\/#mainImage\",\"width\":960,\"height\":720},\"primaryImageOfPage\":{\"@id\":\"https:\\\/\\\/candas365.es\\\/noticias\\\/mariano-pena-esta-semana-en-atencion-obras\\\/#mainImage\"},\"datePublished\":\"2017-11-15T03:13:39+01:00\",\"dateModified\":\"2017-11-15T03:13:39+01:00\"},{\"@type\":\"WebSite\",\"@id\":\"https:\\\/\\\/candas365.es\\\/noticias\\\/#website\",\"url\":\"https:\\\/\\\/candas365.es\\\/noticias\\\/\",\"name\":\"Cand\\u00e1s 365\",\"alternateName\":\"Cand\\u00e1s 365 Noticias\",\"description\":\"Actualidad desde Carre\\u00f1o para el mundo\",\"inLanguage\":\"es-ES\",\"publisher\":{\"@id\":\"https:\\\/\\\/candas365.es\\\/noticias\\\/#organization\"}}]}\n\t\t<\/script>\n\t\t<!-- All in One SEO Pro -->\r\n\t\t<title>Mariano Pe\u00f1a esta semana en \u201cAtenci\u00f3n Obras\u201d | Cand\u00e1s 365<\/title>\n\n","aioseo_head_json":{"title":"Mariano Pe\u00f1a esta semana en \u201cAtenci\u00f3n Obras\u201d | Cand\u00e1s 365","description":"'Atenci\u00f3n Obras' habla esta semana con el actor Mariano Pe\u00f1a por su \u00faltima comedia 'Obra de Dios, todo un \u00e9xito en Broadway. El programa cultural que presenta Cayetana Guill\u00e9n Cuervo ofrecer\u00e1 un ac\u00fastico especial de la artista emergente Mon Laferte y conversar\u00e1 con Vetusta Morla para conocer m\u00e1s de su cuarto disco. Adem\u00e1s, se har\u00e1","canonical_url":"https:\/\/candas365.es\/noticias\/mariano-pena-esta-semana-en-atencion-obras\/","robots":"max-image-preview:large","keywords":"agenda","webmasterTools":{"google-site-verification":"UA-32230408-1","msvalidate.01":"354F3CDFB2DA171B47FBE9ABF1F88D5","miscellaneous":""},"schema":{"@context":"https:\/\/schema.org","@graph":[{"@type":"BreadcrumbList","@id":"https:\/\/candas365.es\/noticias\/mariano-pena-esta-semana-en-atencion-obras\/#breadcrumblist","itemListElement":[{"@type":"ListItem","@id":"https:\/\/candas365.es\/noticias#listItem","position":1,"name":"Home","item":"https:\/\/candas365.es\/noticias","nextItem":{"@type":"ListItem","@id":"https:\/\/candas365.es\/noticias\/category\/agenda\/#listItem","name":"Agenda"}},{"@type":"ListItem","@id":"https:\/\/candas365.es\/noticias\/category\/agenda\/#listItem","position":2,"name":"Agenda","item":"https:\/\/candas365.es\/noticias\/category\/agenda\/","nextItem":{"@type":"ListItem","@id":"https:\/\/candas365.es\/noticias\/mariano-pena-esta-semana-en-atencion-obras\/#listItem","name":"Mariano Pe\u00f1a esta semana en \u201cAtenci\u00f3n Obras\u201d"},"previousItem":{"@type":"ListItem","@id":"https:\/\/candas365.es\/noticias#listItem","name":"Home"}},{"@type":"ListItem","@id":"https:\/\/candas365.es\/noticias\/mariano-pena-esta-semana-en-atencion-obras\/#listItem","position":3,"name":"Mariano Pe\u00f1a esta semana en \u201cAtenci\u00f3n Obras\u201d","previousItem":{"@type":"ListItem","@id":"https:\/\/candas365.es\/noticias\/category\/agenda\/#listItem","name":"Agenda"}}]},{"@type":"NewsArticle","@id":"https:\/\/candas365.es\/noticias\/mariano-pena-esta-semana-en-atencion-obras\/#newsarticle","name":"Mariano Pe\u00f1a esta semana en \u201cAtenci\u00f3n Obras\u201d | Cand\u00e1s 365","headline":"Mariano Pe\u00f1a esta semana en \u201cAtenci\u00f3n Obras\u201d","author":{"@id":"https:\/\/candas365.es\/noticias\/author\/admin\/#author"},"publisher":{"@id":"https:\/\/candas365.es\/noticias\/#organization"},"image":{"@type":"ImageObject","url":"https:\/\/candas365.es\/noticias\/wp-content\/uploads\/2017\/07\/controls-1527175_960_720.jpg","width":960,"height":720},"datePublished":"2017-11-15T03:13:39+01:00","dateModified":"2017-11-15T03:13:39+01:00","inLanguage":"es-ES","mainEntityOfPage":{"@id":"https:\/\/candas365.es\/noticias\/mariano-pena-esta-semana-en-atencion-obras\/#webpage"},"isPartOf":{"@id":"https:\/\/candas365.es\/noticias\/mariano-pena-esta-semana-en-atencion-obras\/#webpage"},"articleSection":"Agenda","dateline":"Publicado el noviembre 15, 2017."},{"@type":"Organization","@id":"https:\/\/candas365.es\/noticias\/#organization","name":"Cand\u00e1s 365","description":"Cand\u00e1s 365 es un diario digital independiente, fundado en 2012, con base en Asturias. Informamos con rigor sobre actualidad, sociedad, cultura y ocio, con una mirada local y global.","url":"https:\/\/candas365.es\/noticias\/","email":"info@candas365.es","telephone":"+34652131393","foundingDate":"2012-06-10","logo":{"@type":"ImageObject","url":"https:\/\/candas365.es\/noticias\/wp-content\/uploads\/2024\/09\/Candas-365-Redes.jpg","@id":"https:\/\/candas365.es\/noticias\/mariano-pena-esta-semana-en-atencion-obras\/#organizationLogo","width":1152,"height":864,"caption":"Cand\u00e1s 365 Redes"},"image":{"@id":"https:\/\/candas365.es\/noticias\/mariano-pena-esta-semana-en-atencion-obras\/#organizationLogo"},"sameAs":["https:\/\/www.facebook.com\/Nachofdezber","https:\/\/x.com\/NabercoDigital","https:\/\/www.instagram.com\/nachofdezber\/","https:\/\/www.youtube.com\/channel\/UCZP-2wLEB9Rv6erhFmqVnvg"],"address":{"@id":"https:\/\/candas365.es\/noticias\/#postaladdress","@type":"PostalAddress","streetAddress":"san antonio 4, san antonio 4","postalCode":"33430","addressLocality":"Cand\u00e1s","addressRegion":"Asturias","addressCountry":"ES"}},{"@type":"Person","@id":"https:\/\/candas365.es\/noticias\/author\/admin\/#author","url":"https:\/\/candas365.es\/noticias\/author\/admin\/","name":"Cand\u00e1s 365","image":{"@type":"ImageObject","@id":"https:\/\/candas365.es\/noticias\/mariano-pena-esta-semana-en-atencion-obras\/#authorImage","url":"https:\/\/secure.gravatar.com\/avatar\/496a8e03d0c493ede1718b7934145dbdf8d89be1036b0eec9544e1094c9de390?s=96&d=mm&r=g","width":96,"height":96,"caption":"Cand\u00e1s 365"},"sameAs":["https:\/\/www.facebook.com\/carrenoactualidad","https:\/\/twitter.com\/nbasturias","https:\/\/www.instagram.com\/nachofdezber\/","https:\/\/www.youtube.com\/channel\/UCZP-2wLEB9Rv6erhFmqVnvg"]},{"@type":"WebPage","@id":"https:\/\/candas365.es\/noticias\/mariano-pena-esta-semana-en-atencion-obras\/#webpage","url":"https:\/\/candas365.es\/noticias\/mariano-pena-esta-semana-en-atencion-obras\/","name":"Mariano Pe\u00f1a esta semana en \u201cAtenci\u00f3n Obras\u201d | Cand\u00e1s 365","description":"'Atenci\u00f3n Obras' habla esta semana con el actor Mariano Pe\u00f1a por su \u00faltima comedia 'Obra de Dios, todo un \u00e9xito en Broadway. El programa cultural que presenta Cayetana Guill\u00e9n Cuervo ofrecer\u00e1 un ac\u00fastico especial de la artista emergente Mon Laferte y conversar\u00e1 con Vetusta Morla para conocer m\u00e1s de su cuarto disco. Adem\u00e1s, se har\u00e1","inLanguage":"es-ES","isPartOf":{"@id":"https:\/\/candas365.es\/noticias\/#website"},"breadcrumb":{"@id":"https:\/\/candas365.es\/noticias\/mariano-pena-esta-semana-en-atencion-obras\/#breadcrumblist"},"author":{"@id":"https:\/\/candas365.es\/noticias\/author\/admin\/#author"},"creator":{"@id":"https:\/\/candas365.es\/noticias\/author\/admin\/#author"},"image":{"@type":"ImageObject","url":"https:\/\/candas365.es\/noticias\/wp-content\/uploads\/2017\/07\/controls-1527175_960_720.jpg","@id":"https:\/\/candas365.es\/noticias\/mariano-pena-esta-semana-en-atencion-obras\/#mainImage","width":960,"height":720},"primaryImageOfPage":{"@id":"https:\/\/candas365.es\/noticias\/mariano-pena-esta-semana-en-atencion-obras\/#mainImage"},"datePublished":"2017-11-15T03:13:39+01:00","dateModified":"2017-11-15T03:13:39+01:00"},{"@type":"WebSite","@id":"https:\/\/candas365.es\/noticias\/#website","url":"https:\/\/candas365.es\/noticias\/","name":"Cand\u00e1s 365","alternateName":"Cand\u00e1s 365 Noticias","description":"Actualidad desde Carre\u00f1o para el mundo","inLanguage":"es-ES","publisher":{"@id":"https:\/\/candas365.es\/noticias\/#organization"}}]},"og:locale":"es_ES","og:site_name":"Cand\u00e1s 365","og:type":"article","og:title":"Mariano Pe\u00f1a esta semana en \u201cAtenci\u00f3n Obras\u201d | Cand\u00e1s 365","og:description":"'Atenci\u00f3n Obras' habla esta semana con el actor Mariano Pe\u00f1a por su \u00faltima comedia 'Obra de Dios, todo un \u00e9xito en Broadway. El programa cultural que presenta Cayetana Guill\u00e9n Cuervo ofrecer\u00e1 un ac\u00fastico especial de la artista emergente Mon Laferte y conversar\u00e1 con Vetusta Morla para conocer m\u00e1s de su cuarto disco. Adem\u00e1s, se har\u00e1","og:url":"https:\/\/candas365.es\/noticias\/mariano-pena-esta-semana-en-atencion-obras\/","og:image":"https:\/\/candas365.es\/noticias\/wp-content\/uploads\/2017\/07\/controls-1527175_960_720.jpg","og:image:secure_url":"https:\/\/candas365.es\/noticias\/wp-content\/uploads\/2017\/07\/controls-1527175_960_720.jpg","og:image:width":960,"og:image:height":720,"article:published_time":"2017-11-15T03:13:39+00:00","article:modified_time":"2017-11-15T03:13:39+00:00","article:publisher":"https:\/\/www.facebook.com\/Nachofdezber","article:author":"https:\/\/www.facebook.com\/carrenoactualidad","twitter:card":"summary_large_image","twitter:site":"@NabercoDigital","twitter:title":"Mariano Pe\u00f1a esta semana en \u201cAtenci\u00f3n Obras\u201d | Cand\u00e1s 365","twitter:description":"'Atenci\u00f3n Obras' habla esta semana con el actor Mariano Pe\u00f1a por su \u00faltima comedia 'Obra de Dios, todo un \u00e9xito en Broadway. El programa cultural que presenta Cayetana Guill\u00e9n Cuervo ofrecer\u00e1 un ac\u00fastico especial de la artista emergente Mon Laferte y conversar\u00e1 con Vetusta Morla para conocer m\u00e1s de su cuarto disco. Adem\u00e1s, se har\u00e1","twitter:creator":"@nbasturias","twitter:image":"https:\/\/candas365.es\/noticias\/wp-content\/uploads\/2017\/07\/controls-1527175_960_720.jpg","twitter:label1":"Escrito por","twitter:data1":"Cand\u00e1s 365","twitter:label2":"Tiempo de lectura estimado","twitter:data2":"1 minuto"},"aioseo_meta_data":{"post_id":"84558","title":null,"description":null,"keywords":null,"keyphrases":null,"primary_term":null,"canonical_url":null,"og_title":null,"og_description":null,"og_object_type":"default","og_image_type":"default","og_image_url":null,"og_image_width":null,"og_image_height":null,"og_image_custom_url":null,"og_image_custom_fields":null,"og_video":null,"og_custom_url":null,"og_article_section":null,"og_article_tags":null,"twitter_use_og":false,"twitter_card":"default","twitter_image_type":"default","twitter_image_url":null,"twitter_image_custom_url":null,"twitter_image_custom_fields":null,"twitter_title":null,"twitter_description":null,"schema":{"blockGraphs":[],"customGraphs":[],"default":{"data":{"Article":[],"Course":[],"Dataset":[],"FAQPage":[],"Movie":[],"Person":[],"Product":[],"ProductReview":[],"Car":[],"Recipe":[],"Service":[],"SoftwareApplication":[],"WebPage":[]},"graphName":"","isEnabled":true},"graphs":[],"defaultGraph":"","defaultPostTypeGraph":""},"schema_type":null,"schema_type_options":null,"pillar_content":false,"robots_default":true,"robots_noindex":false,"robots_noarchive":false,"robots_nosnippet":false,"robots_nofollow":false,"robots_noimageindex":false,"robots_noodp":false,"robots_notranslate":false,"robots_max_snippet":null,"robots_max_videopreview":null,"robots_max_imagepreview":"large","priority":null,"frequency":null,"location":null,"local_seo":null,"seo_analyzer_scan_date":"2025-08-26 05:48:12","breadcrumb_settings":null,"limit_modified_date":false,"reviewed_by":null,"open_ai":null,"ai":null,"created":"2020-12-21 12:24:55","updated":"2025-08-26 05:48:12"},"aioseo_breadcrumb":"<div class=\"aioseo-breadcrumbs\"><span class=\"aioseo-breadcrumb\">\n\t<a href=\"https:\/\/candas365.es\/noticias\" title=\"Home\">Home<\/a>\n<\/span><span class=\"aioseo-breadcrumb-separator\">&ndash;<\/span><span class=\"aioseo-breadcrumb\">\n\t<a href=\"https:\/\/candas365.es\/noticias\/category\/agenda\/\" title=\"Agenda\">Agenda<\/a>\n<\/span><span class=\"aioseo-breadcrumb-separator\">&ndash;<\/span><span class=\"aioseo-breadcrumb\">\n\tMariano Pe\u00f1a esta semana en \u201cAtenci\u00f3n Obras\u201d\n<\/span><\/div>","aioseo_breadcrumb_json":[{"label":"Home","link":"https:\/\/candas365.es\/noticias"},{"label":"Agenda","link":"https:\/\/candas365.es\/noticias\/category\/agenda\/"},{"label":"Mariano Pe\u00f1a esta semana en \u201cAtenci\u00f3n Obras\u201d","link":"https:\/\/candas365.es\/noticias\/mariano-pena-esta-semana-en-atencion-obras\/"}],"_links":{"self":[{"href":"https:\/\/candas365.es\/noticias\/wp-json\/wp\/v2\/posts\/84558","targetHints":{"allow":["GET"]}}],"collection":[{"href":"https:\/\/candas365.es\/noticias\/wp-json\/wp\/v2\/posts"}],"about":[{"href":"https:\/\/candas365.es\/noticias\/wp-json\/wp\/v2\/types\/post"}],"author":[{"embeddable":true,"href":"https:\/\/candas365.es\/noticias\/wp-json\/wp\/v2\/users\/1"}],"replies":[{"embeddable":true,"href":"https:\/\/candas365.es\/noticias\/wp-json\/wp\/v2\/comments?post=84558"}],"version-history":[{"count":0,"href":"https:\/\/candas365.es\/noticias\/wp-json\/wp\/v2\/posts\/84558\/revisions"}],"wp:featuredmedia":[{"embeddable":true,"href":"https:\/\/candas365.es\/noticias\/wp-json\/wp\/v2\/media\/76605"}],"wp:attachment":[{"href":"https:\/\/candas365.es\/noticias\/wp-json\/wp\/v2\/media?parent=84558"}],"wp:term":[{"taxonomy":"category","embeddable":true,"href":"https:\/\/candas365.es\/noticias\/wp-json\/wp\/v2\/categories?post=84558"},{"taxonomy":"post_tag","embeddable":true,"href":"https:\/\/candas365.es\/noticias\/wp-json\/wp\/v2\/tags?post=84558"}],"curies":[{"name":"wp","href":"https:\/\/api.w.org\/{rel}","templated":true}]}}