{"id":84521,"date":"2017-11-14T22:59:39","date_gmt":"2017-11-14T22:59:39","guid":{"rendered":"http:\/\/candas365.es\/noticias\/?p=84521"},"modified":"2017-11-14T22:59:39","modified_gmt":"2017-11-14T22:59:39","slug":"100-dias-de-soledad-en-ficx-y-laboral-cinemateca","status":"publish","type":"post","link":"https:\/\/candas365.es\/noticias\/100-dias-de-soledad-en-ficx-y-laboral-cinemateca\/","title":{"rendered":"\u00ab100 d\u00edas de soledad\u00bb en FICX y Laboral Cinemateca"},"content":{"rendered":"<p><img fetchpriority=\"high\" decoding=\"async\" class=\"alignleft size-medium wp-image-84522\" src=\"https:\/\/candas365.es\/noticias\/wp-content\/uploads\/2017\/11\/100d\u00edasdesoledad-360x202.jpg\" alt=\"\" width=\"360\" height=\"202\" srcset=\"https:\/\/candas365.es\/noticias\/wp-content\/uploads\/2017\/11\/100d\u00edasdesoledad-360x202.jpg 360w, https:\/\/candas365.es\/noticias\/wp-content\/uploads\/2017\/11\/100d\u00edasdesoledad-768x432.jpg 768w, https:\/\/candas365.es\/noticias\/wp-content\/uploads\/2017\/11\/100d\u00edasdesoledad-655x368.jpg 655w, https:\/\/candas365.es\/noticias\/wp-content\/uploads\/2017\/11\/100d\u00edasdesoledad-696x391.jpg 696w, https:\/\/candas365.es\/noticias\/wp-content\/uploads\/2017\/11\/100d\u00edasdesoledad-747x420.jpg 747w, https:\/\/candas365.es\/noticias\/wp-content\/uploads\/2017\/11\/100d\u00edasdesoledad-499x280.jpg 499w, https:\/\/candas365.es\/noticias\/wp-content\/uploads\/2017\/11\/100d\u00edasdesoledad.jpg 850w\" sizes=\"(max-width: 360px) 100vw, 360px\" \/>El Festival Internacional de Cine de Gij\u00f3n y Laboral Cinemateca acogen el estreno en Europa del documental 100 d\u00edas de soledad, dirigido por el ovetense Jos\u00e9 D\u00edaz y Gerardo Olivares y producido por Jos\u00e9 Mar\u00eda Morales, que se estrenar\u00e1 el pr\u00f3ximo mes de enero en los circuitos de cine nacionales. La premi\u00e8re, enmarcada en los Pases Especiales del FICX, tendr\u00e1 lugar el s\u00e1bado 18 de noviembre a las 20:00 horas en el Teatro de Laboral Ciudad de la Cultura.<\/p>\n<p>El Viceconsejero de Cultura y Deporte del Principado, Vicente Dom\u00ednguez, acompa\u00f1ar\u00e1 el viernes en el evento al director de la pel\u00edcula, Jos\u00e9 D\u00edaz, al responsable de programaci\u00f3n del FICX, Tito Rodr\u00edguez, y a varios representantes de la productora Wanda Films. Las entradas para este evento ya pueden adquirirse en la Taquilla del Teatro Jovellanos y en la web del Festival de Cine de Gij\u00f3n www.gijonfilmfestival.com<\/p>\n<p>Turismo Asturias y Laboral Cinemateca, a trav\u00e9s de la Film Commission del Principado, han colaborado con este largometraje desarrollando diversas acciones de apoyo a la difusi\u00f3n y promoci\u00f3n, as\u00ed como en la organizaci\u00f3n en colaboraci\u00f3n con el FICX de su preestreno en Gij\u00f3n.<\/p>\n<p>Tras leer Walden o La vida en los bosques de H.D. Thoreau, Jos\u00e9 D\u00edaz decidi\u00f3 que ten\u00eda que emular la aventura vivida por el pensador americano y eligi\u00f3 para llevar a cabo su idea la Reserva de la Biosfera del Parque Natural de Redes, zona que conoc\u00eda a la perfecci\u00f3n. Cargado con varias c\u00e1maras fotogr\u00e1ficas y con la \u00fanica compa\u00f1\u00eda de su caballo Atila y algunas gallinas y ovejas, D\u00edaz se recluy\u00f3 durante 100 d\u00edas en una peque\u00f1a caba\u00f1a de Redes. Sin electricidad, ni reloj, ni comodidades\u2026 100 d\u00edas siendo autosuficiente y desconectado del mundo real y sus avances. \u00c9l solo con la naturaleza.<\/p>\n<p>De esta experiencia surge un documental que muestra al p\u00fablico im\u00e1genes impactantes, algunas a vista de dron, del bosque a la luz de la luna, la fauna salvaje en libertad, los sonidos de la noche o la oto\u00f1ada en el Parque de Redes, adem\u00e1s de las confesiones e impresiones del protagonista a lo largo de su aventura. La filmaci\u00f3n se llev\u00f3 a cabo entre el 12 de septiembre y el 19 de diciembre de 2015, periodo en el que m\u00e1s cambios se producen en la naturaleza y que han permitido grabar im\u00e1genes de gran belleza.<\/p>\n<p>El proyecto, nominado al Premio Especial del Jurado del prestigioso festival Jackson Hole Wildlife International Film Festival que se entrega en Wyoming (EEUU), est\u00e1 producido por Jos\u00e9 Mar\u00eda Morales, productor de m\u00e1s de 60 largometrajes como El crimen del padre Amaro, N\u00f3madas del viento, Entrelobos, Guadalquivir, El faro de las orcas o Cant\u00e1brico, los dominios del oso pardo, tambi\u00e9n rodada en Asturias.<\/p>\n<p>Jos\u00e9 D\u00edaz (Oviedo, 1966) es interiorista, fot\u00f3grafo y naturalista. Es autor de tres libros de naturaleza dedicados a Redes, Mi caba\u00f1a, mi mundo, Sentidos: Asturias a flor de piel y Entradas al Para\u00edso. D\u00edaz es gu\u00eda de monta\u00f1a y creador de Redes de Ensue\u00f1o, un proyecto de turismo vivencial que pretende ofrecer experiencias \u00fanicas en la naturaleza.<\/p>\n","protected":false},"excerpt":{"rendered":"<p>El Festival Internacional de Cine de Gij\u00f3n y Laboral Cinemateca acogen el estreno en Europa del documental 100 d\u00edas de soledad, dirigido por el ovetense Jos\u00e9 D\u00edaz y Gerardo Olivares y producido por Jos\u00e9 Mar\u00eda Morales, que se estrenar\u00e1 el pr\u00f3ximo mes de enero en los circuitos de cine nacionales. La premi\u00e8re, enmarcada en los<\/p>\n","protected":false},"author":1,"featured_media":84522,"comment_status":"closed","ping_status":"closed","sticky":false,"template":"","format":"standard","meta":{"footnotes":""},"categories":[1],"tags":[],"class_list":{"0":"post-84521","1":"post","2":"type-post","3":"status-publish","4":"format-standard","5":"has-post-thumbnail","7":"category-agenda"},"aioseo_notices":[],"aioseo_head":"\n\t\t<!-- All in One SEO Pro 4.9.6.2 - aioseo.com -->\n\t<meta name=\"description\" content=\"El Festival Internacional de Cine de Gij\u00f3n y Laboral Cinemateca acogen el estreno en Europa del documental 100 d\u00edas de soledad, dirigido por el ovetense Jos\u00e9 D\u00edaz y Gerardo Olivares y producido por Jos\u00e9 Mar\u00eda Morales, que se estrenar\u00e1 el pr\u00f3ximo mes de enero en los circuitos de cine nacionales. La premi\u00e8re, enmarcada en los\" \/>\n\t<meta name=\"robots\" content=\"max-image-preview:large\" \/>\n\t<meta name=\"author\" content=\"Cand\u00e1s 365\"\/>\n\t<meta name=\"google-site-verification\" content=\"UA-32230408-1\" \/>\n\t<meta name=\"msvalidate.01\" content=\"354F3CDFB2DA171B47FBE9ABF1F88D5\" \/>\n\t<meta name=\"keywords\" content=\"agenda\" \/>\n\t<link rel=\"canonical\" href=\"https:\/\/candas365.es\/noticias\/100-dias-de-soledad-en-ficx-y-laboral-cinemateca\/\" \/>\n\t<meta name=\"generator\" content=\"All in One SEO Pro (AIOSEO) 4.9.6.2\" \/>\n\t\t<meta property=\"og:locale\" content=\"es_ES\" \/>\n\t\t<meta property=\"og:site_name\" content=\"Cand\u00e1s 365\" \/>\n\t\t<meta property=\"og:type\" content=\"article\" \/>\n\t\t<meta property=\"og:title\" content=\"\u00ab100 d\u00edas de soledad\u00bb en FICX y Laboral Cinemateca | Cand\u00e1s 365\" \/>\n\t\t<meta property=\"og:description\" content=\"El Festival Internacional de Cine de Gij\u00f3n y Laboral Cinemateca acogen el estreno en Europa del documental 100 d\u00edas de soledad, dirigido por el ovetense Jos\u00e9 D\u00edaz y Gerardo Olivares y producido por Jos\u00e9 Mar\u00eda Morales, que se estrenar\u00e1 el pr\u00f3ximo mes de enero en los circuitos de cine nacionales. La premi\u00e8re, enmarcada en los\" \/>\n\t\t<meta property=\"og:url\" content=\"https:\/\/candas365.es\/noticias\/100-dias-de-soledad-en-ficx-y-laboral-cinemateca\/\" \/>\n\t\t<meta property=\"og:image\" content=\"https:\/\/candas365.es\/noticias\/wp-content\/uploads\/2017\/11\/100d\u00edasdesoledad.jpg\" \/>\n\t\t<meta property=\"og:image:secure_url\" content=\"https:\/\/candas365.es\/noticias\/wp-content\/uploads\/2017\/11\/100d\u00edasdesoledad.jpg\" \/>\n\t\t<meta property=\"og:image:width\" content=\"850\" \/>\n\t\t<meta property=\"og:image:height\" content=\"478\" \/>\n\t\t<meta property=\"article:published_time\" content=\"2017-11-14T22:59:39+00:00\" \/>\n\t\t<meta property=\"article:modified_time\" content=\"2017-11-14T22:59:39+00:00\" \/>\n\t\t<meta property=\"article:publisher\" content=\"https:\/\/www.facebook.com\/Nachofdezber\" \/>\n\t\t<meta property=\"article:author\" content=\"https:\/\/www.facebook.com\/carrenoactualidad\" \/>\n\t\t<meta name=\"twitter:card\" content=\"summary_large_image\" \/>\n\t\t<meta name=\"twitter:site\" content=\"@NabercoDigital\" \/>\n\t\t<meta name=\"twitter:title\" content=\"\u00ab100 d\u00edas de soledad\u00bb en FICX y Laboral Cinemateca | Cand\u00e1s 365\" \/>\n\t\t<meta name=\"twitter:description\" content=\"El Festival Internacional de Cine de Gij\u00f3n y Laboral Cinemateca acogen el estreno en Europa del documental 100 d\u00edas de soledad, dirigido por el ovetense Jos\u00e9 D\u00edaz y Gerardo Olivares y producido por Jos\u00e9 Mar\u00eda Morales, que se estrenar\u00e1 el pr\u00f3ximo mes de enero en los circuitos de cine nacionales. La premi\u00e8re, enmarcada en los\" \/>\n\t\t<meta name=\"twitter:creator\" content=\"@nbasturias\" \/>\n\t\t<meta name=\"twitter:image\" content=\"https:\/\/candas365.es\/noticias\/wp-content\/uploads\/2017\/11\/100d\u00edasdesoledad.jpg\" \/>\n\t\t<meta name=\"twitter:label1\" content=\"Escrito por\" \/>\n\t\t<meta name=\"twitter:data1\" content=\"Cand\u00e1s 365\" \/>\n\t\t<meta name=\"twitter:label2\" content=\"Tiempo de lectura estimado\" \/>\n\t\t<meta name=\"twitter:data2\" content=\"3 minutos\" \/>\n\t\t<script type=\"application\/ld+json\" class=\"aioseo-schema\">\n\t\t\t{\"@context\":\"https:\\\/\\\/schema.org\",\"@graph\":[{\"@type\":\"BreadcrumbList\",\"@id\":\"https:\\\/\\\/candas365.es\\\/noticias\\\/100-dias-de-soledad-en-ficx-y-laboral-cinemateca\\\/#breadcrumblist\",\"itemListElement\":[{\"@type\":\"ListItem\",\"@id\":\"https:\\\/\\\/candas365.es\\\/noticias#listItem\",\"position\":1,\"name\":\"Home\",\"item\":\"https:\\\/\\\/candas365.es\\\/noticias\",\"nextItem\":{\"@type\":\"ListItem\",\"@id\":\"https:\\\/\\\/candas365.es\\\/noticias\\\/category\\\/agenda\\\/#listItem\",\"name\":\"Agenda\"}},{\"@type\":\"ListItem\",\"@id\":\"https:\\\/\\\/candas365.es\\\/noticias\\\/category\\\/agenda\\\/#listItem\",\"position\":2,\"name\":\"Agenda\",\"item\":\"https:\\\/\\\/candas365.es\\\/noticias\\\/category\\\/agenda\\\/\",\"nextItem\":{\"@type\":\"ListItem\",\"@id\":\"https:\\\/\\\/candas365.es\\\/noticias\\\/100-dias-de-soledad-en-ficx-y-laboral-cinemateca\\\/#listItem\",\"name\":\"\\u00ab100 d\\u00edas de soledad\\u00bb en FICX y Laboral Cinemateca\"},\"previousItem\":{\"@type\":\"ListItem\",\"@id\":\"https:\\\/\\\/candas365.es\\\/noticias#listItem\",\"name\":\"Home\"}},{\"@type\":\"ListItem\",\"@id\":\"https:\\\/\\\/candas365.es\\\/noticias\\\/100-dias-de-soledad-en-ficx-y-laboral-cinemateca\\\/#listItem\",\"position\":3,\"name\":\"\\u00ab100 d\\u00edas de soledad\\u00bb en FICX y Laboral Cinemateca\",\"previousItem\":{\"@type\":\"ListItem\",\"@id\":\"https:\\\/\\\/candas365.es\\\/noticias\\\/category\\\/agenda\\\/#listItem\",\"name\":\"Agenda\"}}]},{\"@type\":\"NewsArticle\",\"@id\":\"https:\\\/\\\/candas365.es\\\/noticias\\\/100-dias-de-soledad-en-ficx-y-laboral-cinemateca\\\/#newsarticle\",\"name\":\"\\u00ab100 d\\u00edas de soledad\\u00bb en FICX y Laboral Cinemateca | Cand\\u00e1s 365\",\"headline\":\"\\u00ab100 d\\u00edas de soledad\\u00bb en FICX y Laboral Cinemateca\",\"author\":{\"@id\":\"https:\\\/\\\/candas365.es\\\/noticias\\\/author\\\/admin\\\/#author\"},\"publisher\":{\"@id\":\"https:\\\/\\\/candas365.es\\\/noticias\\\/#organization\"},\"image\":{\"@type\":\"ImageObject\",\"url\":\"https:\\\/\\\/candas365.es\\\/noticias\\\/wp-content\\\/uploads\\\/2017\\\/11\\\/100d\\u00edasdesoledad.jpg\",\"width\":850,\"height\":478},\"datePublished\":\"2017-11-14T22:59:39+01:00\",\"dateModified\":\"2017-11-14T22:59:39+01:00\",\"inLanguage\":\"es-ES\",\"mainEntityOfPage\":{\"@id\":\"https:\\\/\\\/candas365.es\\\/noticias\\\/100-dias-de-soledad-en-ficx-y-laboral-cinemateca\\\/#webpage\"},\"isPartOf\":{\"@id\":\"https:\\\/\\\/candas365.es\\\/noticias\\\/100-dias-de-soledad-en-ficx-y-laboral-cinemateca\\\/#webpage\"},\"articleSection\":\"Agenda\",\"dateline\":\"Publicado el noviembre 14, 2017.\"},{\"@type\":\"Organization\",\"@id\":\"https:\\\/\\\/candas365.es\\\/noticias\\\/#organization\",\"name\":\"Cand\\u00e1s 365\",\"description\":\"Cand\\u00e1s 365 es un diario digital independiente, fundado en 2012, con base en Asturias. Informamos con rigor sobre actualidad, sociedad, cultura y ocio, con una mirada local y global.\",\"url\":\"https:\\\/\\\/candas365.es\\\/noticias\\\/\",\"email\":\"info@candas365.es\",\"telephone\":\"+34652131393\",\"foundingDate\":\"2012-06-10\",\"logo\":{\"@type\":\"ImageObject\",\"url\":\"https:\\\/\\\/candas365.es\\\/noticias\\\/wp-content\\\/uploads\\\/2024\\\/09\\\/Candas-365-Redes.jpg\",\"@id\":\"https:\\\/\\\/candas365.es\\\/noticias\\\/100-dias-de-soledad-en-ficx-y-laboral-cinemateca\\\/#organizationLogo\",\"width\":1152,\"height\":864,\"caption\":\"Cand\\u00e1s 365 Redes\"},\"image\":{\"@id\":\"https:\\\/\\\/candas365.es\\\/noticias\\\/100-dias-de-soledad-en-ficx-y-laboral-cinemateca\\\/#organizationLogo\"},\"sameAs\":[\"https:\\\/\\\/www.facebook.com\\\/Nachofdezber\",\"https:\\\/\\\/x.com\\\/NabercoDigital\",\"https:\\\/\\\/www.instagram.com\\\/nachofdezber\\\/\",\"https:\\\/\\\/www.youtube.com\\\/channel\\\/UCZP-2wLEB9Rv6erhFmqVnvg\"],\"address\":{\"@id\":\"https:\\\/\\\/candas365.es\\\/noticias\\\/#postaladdress\",\"@type\":\"PostalAddress\",\"streetAddress\":\"san antonio 4, san antonio 4\",\"postalCode\":\"33430\",\"addressLocality\":\"Cand\\u00e1s\",\"addressRegion\":\"Asturias\",\"addressCountry\":\"ES\"}},{\"@type\":\"Person\",\"@id\":\"https:\\\/\\\/candas365.es\\\/noticias\\\/author\\\/admin\\\/#author\",\"url\":\"https:\\\/\\\/candas365.es\\\/noticias\\\/author\\\/admin\\\/\",\"name\":\"Cand\\u00e1s 365\",\"image\":{\"@type\":\"ImageObject\",\"@id\":\"https:\\\/\\\/candas365.es\\\/noticias\\\/100-dias-de-soledad-en-ficx-y-laboral-cinemateca\\\/#authorImage\",\"url\":\"https:\\\/\\\/secure.gravatar.com\\\/avatar\\\/496a8e03d0c493ede1718b7934145dbdf8d89be1036b0eec9544e1094c9de390?s=96&d=mm&r=g\",\"width\":96,\"height\":96,\"caption\":\"Cand\\u00e1s 365\"},\"sameAs\":[\"https:\\\/\\\/www.facebook.com\\\/carrenoactualidad\",\"https:\\\/\\\/twitter.com\\\/nbasturias\",\"https:\\\/\\\/www.instagram.com\\\/nachofdezber\\\/\",\"https:\\\/\\\/www.youtube.com\\\/channel\\\/UCZP-2wLEB9Rv6erhFmqVnvg\"]},{\"@type\":\"WebPage\",\"@id\":\"https:\\\/\\\/candas365.es\\\/noticias\\\/100-dias-de-soledad-en-ficx-y-laboral-cinemateca\\\/#webpage\",\"url\":\"https:\\\/\\\/candas365.es\\\/noticias\\\/100-dias-de-soledad-en-ficx-y-laboral-cinemateca\\\/\",\"name\":\"\\u00ab100 d\\u00edas de soledad\\u00bb en FICX y Laboral Cinemateca | Cand\\u00e1s 365\",\"description\":\"El Festival Internacional de Cine de Gij\\u00f3n y Laboral Cinemateca acogen el estreno en Europa del documental 100 d\\u00edas de soledad, dirigido por el ovetense Jos\\u00e9 D\\u00edaz y Gerardo Olivares y producido por Jos\\u00e9 Mar\\u00eda Morales, que se estrenar\\u00e1 el pr\\u00f3ximo mes de enero en los circuitos de cine nacionales. La premi\\u00e8re, enmarcada en los\",\"inLanguage\":\"es-ES\",\"isPartOf\":{\"@id\":\"https:\\\/\\\/candas365.es\\\/noticias\\\/#website\"},\"breadcrumb\":{\"@id\":\"https:\\\/\\\/candas365.es\\\/noticias\\\/100-dias-de-soledad-en-ficx-y-laboral-cinemateca\\\/#breadcrumblist\"},\"author\":{\"@id\":\"https:\\\/\\\/candas365.es\\\/noticias\\\/author\\\/admin\\\/#author\"},\"creator\":{\"@id\":\"https:\\\/\\\/candas365.es\\\/noticias\\\/author\\\/admin\\\/#author\"},\"image\":{\"@type\":\"ImageObject\",\"url\":\"https:\\\/\\\/candas365.es\\\/noticias\\\/wp-content\\\/uploads\\\/2017\\\/11\\\/100d\\u00edasdesoledad.jpg\",\"@id\":\"https:\\\/\\\/candas365.es\\\/noticias\\\/100-dias-de-soledad-en-ficx-y-laboral-cinemateca\\\/#mainImage\",\"width\":850,\"height\":478},\"primaryImageOfPage\":{\"@id\":\"https:\\\/\\\/candas365.es\\\/noticias\\\/100-dias-de-soledad-en-ficx-y-laboral-cinemateca\\\/#mainImage\"},\"datePublished\":\"2017-11-14T22:59:39+01:00\",\"dateModified\":\"2017-11-14T22:59:39+01:00\"},{\"@type\":\"WebSite\",\"@id\":\"https:\\\/\\\/candas365.es\\\/noticias\\\/#website\",\"url\":\"https:\\\/\\\/candas365.es\\\/noticias\\\/\",\"name\":\"Cand\\u00e1s 365\",\"alternateName\":\"Cand\\u00e1s 365 Noticias\",\"description\":\"Actualidad desde Carre\\u00f1o para el mundo\",\"inLanguage\":\"es-ES\",\"publisher\":{\"@id\":\"https:\\\/\\\/candas365.es\\\/noticias\\\/#organization\"}}]}\n\t\t<\/script>\n\t\t<!-- All in One SEO Pro -->\r\n\t\t<title>\u00ab100 d\u00edas de soledad\u00bb en FICX y Laboral Cinemateca | Cand\u00e1s 365<\/title>\n\n","aioseo_head_json":{"title":"\u00ab100 d\u00edas de soledad\u00bb en FICX y Laboral Cinemateca | Cand\u00e1s 365","description":"El Festival Internacional de Cine de Gij\u00f3n y Laboral Cinemateca acogen el estreno en Europa del documental 100 d\u00edas de soledad, dirigido por el ovetense Jos\u00e9 D\u00edaz y Gerardo Olivares y producido por Jos\u00e9 Mar\u00eda Morales, que se estrenar\u00e1 el pr\u00f3ximo mes de enero en los circuitos de cine nacionales. La premi\u00e8re, enmarcada en los","canonical_url":"https:\/\/candas365.es\/noticias\/100-dias-de-soledad-en-ficx-y-laboral-cinemateca\/","robots":"max-image-preview:large","keywords":"agenda","webmasterTools":{"google-site-verification":"UA-32230408-1","msvalidate.01":"354F3CDFB2DA171B47FBE9ABF1F88D5","miscellaneous":""},"schema":{"@context":"https:\/\/schema.org","@graph":[{"@type":"BreadcrumbList","@id":"https:\/\/candas365.es\/noticias\/100-dias-de-soledad-en-ficx-y-laboral-cinemateca\/#breadcrumblist","itemListElement":[{"@type":"ListItem","@id":"https:\/\/candas365.es\/noticias#listItem","position":1,"name":"Home","item":"https:\/\/candas365.es\/noticias","nextItem":{"@type":"ListItem","@id":"https:\/\/candas365.es\/noticias\/category\/agenda\/#listItem","name":"Agenda"}},{"@type":"ListItem","@id":"https:\/\/candas365.es\/noticias\/category\/agenda\/#listItem","position":2,"name":"Agenda","item":"https:\/\/candas365.es\/noticias\/category\/agenda\/","nextItem":{"@type":"ListItem","@id":"https:\/\/candas365.es\/noticias\/100-dias-de-soledad-en-ficx-y-laboral-cinemateca\/#listItem","name":"\u00ab100 d\u00edas de soledad\u00bb en FICX y Laboral Cinemateca"},"previousItem":{"@type":"ListItem","@id":"https:\/\/candas365.es\/noticias#listItem","name":"Home"}},{"@type":"ListItem","@id":"https:\/\/candas365.es\/noticias\/100-dias-de-soledad-en-ficx-y-laboral-cinemateca\/#listItem","position":3,"name":"\u00ab100 d\u00edas de soledad\u00bb en FICX y Laboral Cinemateca","previousItem":{"@type":"ListItem","@id":"https:\/\/candas365.es\/noticias\/category\/agenda\/#listItem","name":"Agenda"}}]},{"@type":"NewsArticle","@id":"https:\/\/candas365.es\/noticias\/100-dias-de-soledad-en-ficx-y-laboral-cinemateca\/#newsarticle","name":"\u00ab100 d\u00edas de soledad\u00bb en FICX y Laboral Cinemateca | Cand\u00e1s 365","headline":"\u00ab100 d\u00edas de soledad\u00bb en FICX y Laboral Cinemateca","author":{"@id":"https:\/\/candas365.es\/noticias\/author\/admin\/#author"},"publisher":{"@id":"https:\/\/candas365.es\/noticias\/#organization"},"image":{"@type":"ImageObject","url":"https:\/\/candas365.es\/noticias\/wp-content\/uploads\/2017\/11\/100d\u00edasdesoledad.jpg","width":850,"height":478},"datePublished":"2017-11-14T22:59:39+01:00","dateModified":"2017-11-14T22:59:39+01:00","inLanguage":"es-ES","mainEntityOfPage":{"@id":"https:\/\/candas365.es\/noticias\/100-dias-de-soledad-en-ficx-y-laboral-cinemateca\/#webpage"},"isPartOf":{"@id":"https:\/\/candas365.es\/noticias\/100-dias-de-soledad-en-ficx-y-laboral-cinemateca\/#webpage"},"articleSection":"Agenda","dateline":"Publicado el noviembre 14, 2017."},{"@type":"Organization","@id":"https:\/\/candas365.es\/noticias\/#organization","name":"Cand\u00e1s 365","description":"Cand\u00e1s 365 es un diario digital independiente, fundado en 2012, con base en Asturias. Informamos con rigor sobre actualidad, sociedad, cultura y ocio, con una mirada local y global.","url":"https:\/\/candas365.es\/noticias\/","email":"info@candas365.es","telephone":"+34652131393","foundingDate":"2012-06-10","logo":{"@type":"ImageObject","url":"https:\/\/candas365.es\/noticias\/wp-content\/uploads\/2024\/09\/Candas-365-Redes.jpg","@id":"https:\/\/candas365.es\/noticias\/100-dias-de-soledad-en-ficx-y-laboral-cinemateca\/#organizationLogo","width":1152,"height":864,"caption":"Cand\u00e1s 365 Redes"},"image":{"@id":"https:\/\/candas365.es\/noticias\/100-dias-de-soledad-en-ficx-y-laboral-cinemateca\/#organizationLogo"},"sameAs":["https:\/\/www.facebook.com\/Nachofdezber","https:\/\/x.com\/NabercoDigital","https:\/\/www.instagram.com\/nachofdezber\/","https:\/\/www.youtube.com\/channel\/UCZP-2wLEB9Rv6erhFmqVnvg"],"address":{"@id":"https:\/\/candas365.es\/noticias\/#postaladdress","@type":"PostalAddress","streetAddress":"san antonio 4, san antonio 4","postalCode":"33430","addressLocality":"Cand\u00e1s","addressRegion":"Asturias","addressCountry":"ES"}},{"@type":"Person","@id":"https:\/\/candas365.es\/noticias\/author\/admin\/#author","url":"https:\/\/candas365.es\/noticias\/author\/admin\/","name":"Cand\u00e1s 365","image":{"@type":"ImageObject","@id":"https:\/\/candas365.es\/noticias\/100-dias-de-soledad-en-ficx-y-laboral-cinemateca\/#authorImage","url":"https:\/\/secure.gravatar.com\/avatar\/496a8e03d0c493ede1718b7934145dbdf8d89be1036b0eec9544e1094c9de390?s=96&d=mm&r=g","width":96,"height":96,"caption":"Cand\u00e1s 365"},"sameAs":["https:\/\/www.facebook.com\/carrenoactualidad","https:\/\/twitter.com\/nbasturias","https:\/\/www.instagram.com\/nachofdezber\/","https:\/\/www.youtube.com\/channel\/UCZP-2wLEB9Rv6erhFmqVnvg"]},{"@type":"WebPage","@id":"https:\/\/candas365.es\/noticias\/100-dias-de-soledad-en-ficx-y-laboral-cinemateca\/#webpage","url":"https:\/\/candas365.es\/noticias\/100-dias-de-soledad-en-ficx-y-laboral-cinemateca\/","name":"\u00ab100 d\u00edas de soledad\u00bb en FICX y Laboral Cinemateca | Cand\u00e1s 365","description":"El Festival Internacional de Cine de Gij\u00f3n y Laboral Cinemateca acogen el estreno en Europa del documental 100 d\u00edas de soledad, dirigido por el ovetense Jos\u00e9 D\u00edaz y Gerardo Olivares y producido por Jos\u00e9 Mar\u00eda Morales, que se estrenar\u00e1 el pr\u00f3ximo mes de enero en los circuitos de cine nacionales. La premi\u00e8re, enmarcada en los","inLanguage":"es-ES","isPartOf":{"@id":"https:\/\/candas365.es\/noticias\/#website"},"breadcrumb":{"@id":"https:\/\/candas365.es\/noticias\/100-dias-de-soledad-en-ficx-y-laboral-cinemateca\/#breadcrumblist"},"author":{"@id":"https:\/\/candas365.es\/noticias\/author\/admin\/#author"},"creator":{"@id":"https:\/\/candas365.es\/noticias\/author\/admin\/#author"},"image":{"@type":"ImageObject","url":"https:\/\/candas365.es\/noticias\/wp-content\/uploads\/2017\/11\/100d\u00edasdesoledad.jpg","@id":"https:\/\/candas365.es\/noticias\/100-dias-de-soledad-en-ficx-y-laboral-cinemateca\/#mainImage","width":850,"height":478},"primaryImageOfPage":{"@id":"https:\/\/candas365.es\/noticias\/100-dias-de-soledad-en-ficx-y-laboral-cinemateca\/#mainImage"},"datePublished":"2017-11-14T22:59:39+01:00","dateModified":"2017-11-14T22:59:39+01:00"},{"@type":"WebSite","@id":"https:\/\/candas365.es\/noticias\/#website","url":"https:\/\/candas365.es\/noticias\/","name":"Cand\u00e1s 365","alternateName":"Cand\u00e1s 365 Noticias","description":"Actualidad desde Carre\u00f1o para el mundo","inLanguage":"es-ES","publisher":{"@id":"https:\/\/candas365.es\/noticias\/#organization"}}]},"og:locale":"es_ES","og:site_name":"Cand\u00e1s 365","og:type":"article","og:title":"\u00ab100 d\u00edas de soledad\u00bb en FICX y Laboral Cinemateca | Cand\u00e1s 365","og:description":"El Festival Internacional de Cine de Gij\u00f3n y Laboral Cinemateca acogen el estreno en Europa del documental 100 d\u00edas de soledad, dirigido por el ovetense Jos\u00e9 D\u00edaz y Gerardo Olivares y producido por Jos\u00e9 Mar\u00eda Morales, que se estrenar\u00e1 el pr\u00f3ximo mes de enero en los circuitos de cine nacionales. La premi\u00e8re, enmarcada en los","og:url":"https:\/\/candas365.es\/noticias\/100-dias-de-soledad-en-ficx-y-laboral-cinemateca\/","og:image":"https:\/\/candas365.es\/noticias\/wp-content\/uploads\/2017\/11\/100d\u00edasdesoledad.jpg","og:image:secure_url":"https:\/\/candas365.es\/noticias\/wp-content\/uploads\/2017\/11\/100d\u00edasdesoledad.jpg","og:image:width":850,"og:image:height":478,"article:published_time":"2017-11-14T22:59:39+00:00","article:modified_time":"2017-11-14T22:59:39+00:00","article:publisher":"https:\/\/www.facebook.com\/Nachofdezber","article:author":"https:\/\/www.facebook.com\/carrenoactualidad","twitter:card":"summary_large_image","twitter:site":"@NabercoDigital","twitter:title":"\u00ab100 d\u00edas de soledad\u00bb en FICX y Laboral Cinemateca | Cand\u00e1s 365","twitter:description":"El Festival Internacional de Cine de Gij\u00f3n y Laboral Cinemateca acogen el estreno en Europa del documental 100 d\u00edas de soledad, dirigido por el ovetense Jos\u00e9 D\u00edaz y Gerardo Olivares y producido por Jos\u00e9 Mar\u00eda Morales, que se estrenar\u00e1 el pr\u00f3ximo mes de enero en los circuitos de cine nacionales. La premi\u00e8re, enmarcada en los","twitter:creator":"@nbasturias","twitter:image":"https:\/\/candas365.es\/noticias\/wp-content\/uploads\/2017\/11\/100d\u00edasdesoledad.jpg","twitter:label1":"Escrito por","twitter:data1":"Cand\u00e1s 365","twitter:label2":"Tiempo de lectura estimado","twitter:data2":"3 minutos"},"aioseo_meta_data":{"post_id":"84521","title":null,"description":null,"keywords":null,"keyphrases":null,"primary_term":null,"canonical_url":null,"og_title":null,"og_description":null,"og_object_type":"default","og_image_type":"default","og_image_url":null,"og_image_width":null,"og_image_height":null,"og_image_custom_url":null,"og_image_custom_fields":null,"og_video":null,"og_custom_url":null,"og_article_section":null,"og_article_tags":null,"twitter_use_og":false,"twitter_card":"default","twitter_image_type":"default","twitter_image_url":null,"twitter_image_custom_url":null,"twitter_image_custom_fields":null,"twitter_title":null,"twitter_description":null,"schema":{"blockGraphs":[],"customGraphs":[],"default":{"data":{"Article":[],"Course":[],"Dataset":[],"FAQPage":[],"Movie":[],"Person":[],"Product":[],"ProductReview":[],"Car":[],"Recipe":[],"Service":[],"SoftwareApplication":[],"WebPage":[]},"graphName":"","isEnabled":true},"graphs":[],"defaultGraph":"","defaultPostTypeGraph":""},"schema_type":null,"schema_type_options":null,"pillar_content":false,"robots_default":true,"robots_noindex":false,"robots_noarchive":false,"robots_nosnippet":false,"robots_nofollow":false,"robots_noimageindex":false,"robots_noodp":false,"robots_notranslate":false,"robots_max_snippet":null,"robots_max_videopreview":null,"robots_max_imagepreview":"large","priority":null,"frequency":null,"location":null,"local_seo":null,"seo_analyzer_scan_date":"2025-08-26 05:46:08","breadcrumb_settings":null,"limit_modified_date":false,"reviewed_by":null,"open_ai":null,"ai":null,"created":"2020-12-21 12:24:55","updated":"2025-08-26 05:46:08"},"aioseo_breadcrumb":"<div class=\"aioseo-breadcrumbs\"><span class=\"aioseo-breadcrumb\">\n\t<a href=\"https:\/\/candas365.es\/noticias\" title=\"Home\">Home<\/a>\n<\/span><span class=\"aioseo-breadcrumb-separator\">&ndash;<\/span><span class=\"aioseo-breadcrumb\">\n\t<a href=\"https:\/\/candas365.es\/noticias\/category\/agenda\/\" title=\"Agenda\">Agenda<\/a>\n<\/span><span class=\"aioseo-breadcrumb-separator\">&ndash;<\/span><span class=\"aioseo-breadcrumb\">\n\t\u00ab100 d\u00edas de soledad\u00bb en FICX y Laboral Cinemateca\n<\/span><\/div>","aioseo_breadcrumb_json":[{"label":"Home","link":"https:\/\/candas365.es\/noticias"},{"label":"Agenda","link":"https:\/\/candas365.es\/noticias\/category\/agenda\/"},{"label":"\u00ab100 d\u00edas de soledad\u00bb en FICX y Laboral Cinemateca","link":"https:\/\/candas365.es\/noticias\/100-dias-de-soledad-en-ficx-y-laboral-cinemateca\/"}],"_links":{"self":[{"href":"https:\/\/candas365.es\/noticias\/wp-json\/wp\/v2\/posts\/84521","targetHints":{"allow":["GET"]}}],"collection":[{"href":"https:\/\/candas365.es\/noticias\/wp-json\/wp\/v2\/posts"}],"about":[{"href":"https:\/\/candas365.es\/noticias\/wp-json\/wp\/v2\/types\/post"}],"author":[{"embeddable":true,"href":"https:\/\/candas365.es\/noticias\/wp-json\/wp\/v2\/users\/1"}],"replies":[{"embeddable":true,"href":"https:\/\/candas365.es\/noticias\/wp-json\/wp\/v2\/comments?post=84521"}],"version-history":[{"count":0,"href":"https:\/\/candas365.es\/noticias\/wp-json\/wp\/v2\/posts\/84521\/revisions"}],"wp:featuredmedia":[{"embeddable":true,"href":"https:\/\/candas365.es\/noticias\/wp-json\/wp\/v2\/media\/84522"}],"wp:attachment":[{"href":"https:\/\/candas365.es\/noticias\/wp-json\/wp\/v2\/media?parent=84521"}],"wp:term":[{"taxonomy":"category","embeddable":true,"href":"https:\/\/candas365.es\/noticias\/wp-json\/wp\/v2\/categories?post=84521"},{"taxonomy":"post_tag","embeddable":true,"href":"https:\/\/candas365.es\/noticias\/wp-json\/wp\/v2\/tags?post=84521"}],"curies":[{"name":"wp","href":"https:\/\/api.w.org\/{rel}","templated":true}]}}