{"id":84332,"date":"2017-11-12T22:37:47","date_gmt":"2017-11-12T22:37:47","guid":{"rendered":"http:\/\/candas365.es\/noticias\/?p=84332"},"modified":"2017-11-12T22:37:47","modified_gmt":"2017-11-12T22:37:47","slug":"la-2-estrena-el-senor-de-los-bosques","status":"publish","type":"post","link":"https:\/\/candas365.es\/noticias\/la-2-estrena-el-senor-de-los-bosques\/","title":{"rendered":"La 2 estrena \u2018El se\u00f1or de los bosques\u2019"},"content":{"rendered":"<p><img fetchpriority=\"high\" decoding=\"async\" class=\"alignleft size-medium wp-image-84333\" src=\"https:\/\/candas365.es\/noticias\/wp-content\/uploads\/2017\/11\/Tele121101-360x189.jpg\" alt=\"\" width=\"360\" height=\"189\" srcset=\"https:\/\/candas365.es\/noticias\/wp-content\/uploads\/2017\/11\/Tele121101-360x189.jpg 360w, https:\/\/candas365.es\/noticias\/wp-content\/uploads\/2017\/11\/Tele121101-768x404.jpg 768w, https:\/\/candas365.es\/noticias\/wp-content\/uploads\/2017\/11\/Tele121101-655x344.jpg 655w, https:\/\/candas365.es\/noticias\/wp-content\/uploads\/2017\/11\/Tele121101-696x366.jpg 696w, https:\/\/candas365.es\/noticias\/wp-content\/uploads\/2017\/11\/Tele121101-1068x561.jpg 1068w, https:\/\/candas365.es\/noticias\/wp-content\/uploads\/2017\/11\/Tele121101-799x420.jpg 799w, https:\/\/candas365.es\/noticias\/wp-content\/uploads\/2017\/11\/Tele121101.jpg 1180w\" sizes=\"(max-width: 360px) 100vw, 360px\" \/>La 2 estrena \u2018El se\u00f1or de los bosques\u2019, serie documental que viaja por los bosques de Espa\u00f1a para mostrar el mundo de las setas con el experto Vicente Sevilla. Producido por RTVE en colaboraci\u00f3n con Zona Mixta, en cada entrega le acompa\u00f1a un personaje conocido y, tras la recolecci\u00f3n, preparar\u00e1n una receta con el cocinero Diego Ferrer.<\/p>\n<p>Con la gu\u00eda de Vicente Sevilla y la compa\u00f1\u00eda de conocidos personajes, \u2018El se\u00f1or de los bosques\u2019 viaja por Espa\u00f1a para encontrar, identificar y degustar setas, frutos silvestres, hierbas, flores y los frutos m\u00e1s apreciados que ofrece la naturaleza, adem\u00e1s de ense\u00f1ar buenas pr\u00e1cticas de conservaci\u00f3n forestal.<\/p>\n<p>El programa ense\u00f1a a distinguir las setas comestibles y las t\u00f3xicas, en un trabajo de prevenci\u00f3n. Asimismo, aprovecha la riqueza de las diferentes zonas geogr\u00e1ficas en oto\u00f1o para recoger diferentes frutos, como casta\u00f1as en el Bierzo, endrinas en Navarra o ar\u00e1ndanos en Galicia.<\/p>\n<p>Desp\u00faes del recorrido por el bosque, el experto mic\u00f3logo y su invitado buscar\u00e1n al cocinero Diego Ferrer, que instalar\u00e1 su cocina en un entorno natural cercano. All\u00ed preparar\u00e1 una sabrosa receta en la que aportar\u00e1 lo recogido como parte de los ingredientes.<\/p>\n<p><strong>Los invitados<\/strong><\/p>\n<p>El programa contar\u00e1 con personalidades del cine, el deporte y las letras. El primer invitado ser\u00e1 el paleont\u00f3logo Juan Luis Arsuaga, que recorrer\u00e1 Lanuza (Valle del Tena. Alto Arag\u00f3n).<\/p>\n<p>Le seguir\u00e1n, entre otros, la escritora Espido Freire en Orbaizeta (Selva de Irati), la exatleta Mar\u00eda Vasco en Durro (Valle de Bo\u00ed), el actor Guillermo Montesinos en Penyagolosa (Castell\u00f3n); el naturalista Joaqu\u00edn Ara\u00fajo en Las Villuercas (C\u00e1ceres); el actor Sergio Peris-Mencheta en Casta\u00f1ar de El Tiemblo (\u00c1vila); el mago Jorge Blass en Laguna Negra (Sierra de Urbi\u00f3n); la actriz y presentadora Esther Arroyo en Sierra de las Nieves (Ronda); el actor Edu Soto en Rascafr\u00eda (Madrid); la fot\u00f3grafa Ouka Lele en Canencia (Madrid); o el actor Roberto \u00c1lvarez en la Serran\u00eda de Cuenca.<\/p>\n<p><strong>Vicente Sevilla<\/strong><\/p>\n<p>Mic\u00f3logo, experto forestal y profesor de cursos sobre micolog\u00eda. Es colaborador de la Reserva de la Biosfera de la Sierra de Madrid y miembro de A.M.A. (Seatle, USA). Imparte anualmente diversos cursos sobre reconocimiento de las variedades de setas y acude a numerosas ponencias y seminarios por toda Espa\u00f1a. Es conocedor de inumerables especies de nuestros bosques, arbolado y flora.<\/p>\n<p><strong>Diego Ferrer<\/strong><\/p>\n<p>Comenz\u00f3 su trayectoria en las cocinas de Arzak y Mart\u00edn Berasategui. Es segundo de cocina del restaurante \u2018La Broche\u2019 (Sergi Arola), y asesor y consultor gastron\u00f3mico en restaurantes como \u2018Eguinoa\u2019 y \u2018Luna de Alcal\u00e1\u2019.<\/p>\n","protected":false},"excerpt":{"rendered":"<p>La 2 estrena \u2018El se\u00f1or de los bosques\u2019, serie documental que viaja por los bosques de Espa\u00f1a para mostrar el mundo de las setas con el experto Vicente Sevilla. Producido por RTVE en colaboraci\u00f3n con Zona Mixta, en cada entrega le acompa\u00f1a un personaje conocido y, tras la recolecci\u00f3n, preparar\u00e1n una receta con el cocinero<\/p>\n","protected":false},"author":1,"featured_media":84333,"comment_status":"closed","ping_status":"closed","sticky":false,"template":"","format":"standard","meta":{"footnotes":""},"categories":[1],"tags":[],"class_list":{"0":"post-84332","1":"post","2":"type-post","3":"status-publish","4":"format-standard","5":"has-post-thumbnail","7":"category-agenda"},"aioseo_notices":[],"aioseo_head":"\n\t\t<!-- All in One SEO Pro 4.9.6.2 - aioseo.com -->\n\t<meta name=\"description\" content=\"La 2 estrena \u2018El se\u00f1or de los bosques\u2019, serie documental que viaja por los bosques de Espa\u00f1a para mostrar el mundo de las setas con el experto Vicente Sevilla. Producido por RTVE en colaboraci\u00f3n con Zona Mixta, en cada entrega le acompa\u00f1a un personaje conocido y, tras la recolecci\u00f3n, preparar\u00e1n una receta con el cocinero\" \/>\n\t<meta name=\"robots\" content=\"max-image-preview:large\" \/>\n\t<meta name=\"author\" content=\"Cand\u00e1s 365\"\/>\n\t<meta name=\"google-site-verification\" content=\"UA-32230408-1\" \/>\n\t<meta name=\"msvalidate.01\" content=\"354F3CDFB2DA171B47FBE9ABF1F88D5\" \/>\n\t<meta name=\"keywords\" content=\"agenda\" \/>\n\t<link rel=\"canonical\" href=\"https:\/\/candas365.es\/noticias\/la-2-estrena-el-senor-de-los-bosques\/\" \/>\n\t<meta name=\"generator\" content=\"All in One SEO Pro (AIOSEO) 4.9.6.2\" \/>\n\t\t<meta property=\"og:locale\" content=\"es_ES\" \/>\n\t\t<meta property=\"og:site_name\" content=\"Cand\u00e1s 365\" \/>\n\t\t<meta property=\"og:type\" content=\"article\" \/>\n\t\t<meta property=\"og:title\" content=\"La 2 estrena \u2018El se\u00f1or de los bosques\u2019 | Cand\u00e1s 365\" \/>\n\t\t<meta property=\"og:description\" content=\"La 2 estrena \u2018El se\u00f1or de los bosques\u2019, serie documental que viaja por los bosques de Espa\u00f1a para mostrar el mundo de las setas con el experto Vicente Sevilla. Producido por RTVE en colaboraci\u00f3n con Zona Mixta, en cada entrega le acompa\u00f1a un personaje conocido y, tras la recolecci\u00f3n, preparar\u00e1n una receta con el cocinero\" \/>\n\t\t<meta property=\"og:url\" content=\"https:\/\/candas365.es\/noticias\/la-2-estrena-el-senor-de-los-bosques\/\" \/>\n\t\t<meta property=\"og:image\" content=\"https:\/\/candas365.es\/noticias\/wp-content\/uploads\/2017\/11\/Tele121101.jpg\" \/>\n\t\t<meta property=\"og:image:secure_url\" content=\"https:\/\/candas365.es\/noticias\/wp-content\/uploads\/2017\/11\/Tele121101.jpg\" \/>\n\t\t<meta property=\"og:image:width\" content=\"1180\" \/>\n\t\t<meta property=\"og:image:height\" content=\"620\" \/>\n\t\t<meta property=\"article:published_time\" content=\"2017-11-12T22:37:47+00:00\" \/>\n\t\t<meta property=\"article:modified_time\" content=\"2017-11-12T22:37:47+00:00\" \/>\n\t\t<meta property=\"article:publisher\" content=\"https:\/\/www.facebook.com\/Nachofdezber\" \/>\n\t\t<meta property=\"article:author\" content=\"https:\/\/www.facebook.com\/carrenoactualidad\" \/>\n\t\t<meta name=\"twitter:card\" content=\"summary_large_image\" \/>\n\t\t<meta name=\"twitter:site\" content=\"@NabercoDigital\" \/>\n\t\t<meta name=\"twitter:title\" content=\"La 2 estrena \u2018El se\u00f1or de los bosques\u2019 | Cand\u00e1s 365\" \/>\n\t\t<meta name=\"twitter:description\" content=\"La 2 estrena \u2018El se\u00f1or de los bosques\u2019, serie documental que viaja por los bosques de Espa\u00f1a para mostrar el mundo de las setas con el experto Vicente Sevilla. Producido por RTVE en colaboraci\u00f3n con Zona Mixta, en cada entrega le acompa\u00f1a un personaje conocido y, tras la recolecci\u00f3n, preparar\u00e1n una receta con el cocinero\" \/>\n\t\t<meta name=\"twitter:creator\" content=\"@nbasturias\" \/>\n\t\t<meta name=\"twitter:image\" content=\"https:\/\/candas365.es\/noticias\/wp-content\/uploads\/2017\/11\/Tele121101.jpg\" \/>\n\t\t<meta name=\"twitter:label1\" content=\"Escrito por\" \/>\n\t\t<meta name=\"twitter:data1\" content=\"Cand\u00e1s 365\" \/>\n\t\t<meta name=\"twitter:label2\" content=\"Tiempo de lectura estimado\" \/>\n\t\t<meta name=\"twitter:data2\" content=\"2 minutos\" \/>\n\t\t<script type=\"application\/ld+json\" class=\"aioseo-schema\">\n\t\t\t{\"@context\":\"https:\\\/\\\/schema.org\",\"@graph\":[{\"@type\":\"BreadcrumbList\",\"@id\":\"https:\\\/\\\/candas365.es\\\/noticias\\\/la-2-estrena-el-senor-de-los-bosques\\\/#breadcrumblist\",\"itemListElement\":[{\"@type\":\"ListItem\",\"@id\":\"https:\\\/\\\/candas365.es\\\/noticias#listItem\",\"position\":1,\"name\":\"Home\",\"item\":\"https:\\\/\\\/candas365.es\\\/noticias\",\"nextItem\":{\"@type\":\"ListItem\",\"@id\":\"https:\\\/\\\/candas365.es\\\/noticias\\\/category\\\/agenda\\\/#listItem\",\"name\":\"Agenda\"}},{\"@type\":\"ListItem\",\"@id\":\"https:\\\/\\\/candas365.es\\\/noticias\\\/category\\\/agenda\\\/#listItem\",\"position\":2,\"name\":\"Agenda\",\"item\":\"https:\\\/\\\/candas365.es\\\/noticias\\\/category\\\/agenda\\\/\",\"nextItem\":{\"@type\":\"ListItem\",\"@id\":\"https:\\\/\\\/candas365.es\\\/noticias\\\/la-2-estrena-el-senor-de-los-bosques\\\/#listItem\",\"name\":\"La 2 estrena \\u2018El se\\u00f1or de los bosques\\u2019\"},\"previousItem\":{\"@type\":\"ListItem\",\"@id\":\"https:\\\/\\\/candas365.es\\\/noticias#listItem\",\"name\":\"Home\"}},{\"@type\":\"ListItem\",\"@id\":\"https:\\\/\\\/candas365.es\\\/noticias\\\/la-2-estrena-el-senor-de-los-bosques\\\/#listItem\",\"position\":3,\"name\":\"La 2 estrena \\u2018El se\\u00f1or de los bosques\\u2019\",\"previousItem\":{\"@type\":\"ListItem\",\"@id\":\"https:\\\/\\\/candas365.es\\\/noticias\\\/category\\\/agenda\\\/#listItem\",\"name\":\"Agenda\"}}]},{\"@type\":\"NewsArticle\",\"@id\":\"https:\\\/\\\/candas365.es\\\/noticias\\\/la-2-estrena-el-senor-de-los-bosques\\\/#newsarticle\",\"name\":\"La 2 estrena \\u2018El se\\u00f1or de los bosques\\u2019 | Cand\\u00e1s 365\",\"headline\":\"La 2 estrena \\u2018El se\\u00f1or de los bosques\\u2019\",\"author\":{\"@id\":\"https:\\\/\\\/candas365.es\\\/noticias\\\/author\\\/admin\\\/#author\"},\"publisher\":{\"@id\":\"https:\\\/\\\/candas365.es\\\/noticias\\\/#organization\"},\"image\":{\"@type\":\"ImageObject\",\"url\":\"https:\\\/\\\/candas365.es\\\/noticias\\\/wp-content\\\/uploads\\\/2017\\\/11\\\/Tele121101.jpg\",\"width\":1180,\"height\":620},\"datePublished\":\"2017-11-12T22:37:47+01:00\",\"dateModified\":\"2017-11-12T22:37:47+01:00\",\"inLanguage\":\"es-ES\",\"mainEntityOfPage\":{\"@id\":\"https:\\\/\\\/candas365.es\\\/noticias\\\/la-2-estrena-el-senor-de-los-bosques\\\/#webpage\"},\"isPartOf\":{\"@id\":\"https:\\\/\\\/candas365.es\\\/noticias\\\/la-2-estrena-el-senor-de-los-bosques\\\/#webpage\"},\"articleSection\":\"Agenda\",\"dateline\":\"Publicado el noviembre 12, 2017.\"},{\"@type\":\"Organization\",\"@id\":\"https:\\\/\\\/candas365.es\\\/noticias\\\/#organization\",\"name\":\"Cand\\u00e1s 365\",\"description\":\"Cand\\u00e1s 365 es un diario digital independiente, fundado en 2012, con base en Asturias. Informamos con rigor sobre actualidad, sociedad, cultura y ocio, con una mirada local y global.\",\"url\":\"https:\\\/\\\/candas365.es\\\/noticias\\\/\",\"email\":\"info@candas365.es\",\"telephone\":\"+34652131393\",\"foundingDate\":\"2012-06-10\",\"logo\":{\"@type\":\"ImageObject\",\"url\":\"https:\\\/\\\/candas365.es\\\/noticias\\\/wp-content\\\/uploads\\\/2024\\\/09\\\/Candas-365-Redes.jpg\",\"@id\":\"https:\\\/\\\/candas365.es\\\/noticias\\\/la-2-estrena-el-senor-de-los-bosques\\\/#organizationLogo\",\"width\":1152,\"height\":864,\"caption\":\"Cand\\u00e1s 365 Redes\"},\"image\":{\"@id\":\"https:\\\/\\\/candas365.es\\\/noticias\\\/la-2-estrena-el-senor-de-los-bosques\\\/#organizationLogo\"},\"sameAs\":[\"https:\\\/\\\/www.facebook.com\\\/Nachofdezber\",\"https:\\\/\\\/x.com\\\/NabercoDigital\",\"https:\\\/\\\/www.instagram.com\\\/nachofdezber\\\/\",\"https:\\\/\\\/www.youtube.com\\\/channel\\\/UCZP-2wLEB9Rv6erhFmqVnvg\"],\"address\":{\"@id\":\"https:\\\/\\\/candas365.es\\\/noticias\\\/#postaladdress\",\"@type\":\"PostalAddress\",\"streetAddress\":\"san antonio 4, san antonio 4\",\"postalCode\":\"33430\",\"addressLocality\":\"Cand\\u00e1s\",\"addressRegion\":\"Asturias\",\"addressCountry\":\"ES\"}},{\"@type\":\"Person\",\"@id\":\"https:\\\/\\\/candas365.es\\\/noticias\\\/author\\\/admin\\\/#author\",\"url\":\"https:\\\/\\\/candas365.es\\\/noticias\\\/author\\\/admin\\\/\",\"name\":\"Cand\\u00e1s 365\",\"image\":{\"@type\":\"ImageObject\",\"@id\":\"https:\\\/\\\/candas365.es\\\/noticias\\\/la-2-estrena-el-senor-de-los-bosques\\\/#authorImage\",\"url\":\"https:\\\/\\\/secure.gravatar.com\\\/avatar\\\/496a8e03d0c493ede1718b7934145dbdf8d89be1036b0eec9544e1094c9de390?s=96&d=mm&r=g\",\"width\":96,\"height\":96,\"caption\":\"Cand\\u00e1s 365\"},\"sameAs\":[\"https:\\\/\\\/www.facebook.com\\\/carrenoactualidad\",\"https:\\\/\\\/twitter.com\\\/nbasturias\",\"https:\\\/\\\/www.instagram.com\\\/nachofdezber\\\/\",\"https:\\\/\\\/www.youtube.com\\\/channel\\\/UCZP-2wLEB9Rv6erhFmqVnvg\"]},{\"@type\":\"WebPage\",\"@id\":\"https:\\\/\\\/candas365.es\\\/noticias\\\/la-2-estrena-el-senor-de-los-bosques\\\/#webpage\",\"url\":\"https:\\\/\\\/candas365.es\\\/noticias\\\/la-2-estrena-el-senor-de-los-bosques\\\/\",\"name\":\"La 2 estrena \\u2018El se\\u00f1or de los bosques\\u2019 | Cand\\u00e1s 365\",\"description\":\"La 2 estrena \\u2018El se\\u00f1or de los bosques\\u2019, serie documental que viaja por los bosques de Espa\\u00f1a para mostrar el mundo de las setas con el experto Vicente Sevilla. Producido por RTVE en colaboraci\\u00f3n con Zona Mixta, en cada entrega le acompa\\u00f1a un personaje conocido y, tras la recolecci\\u00f3n, preparar\\u00e1n una receta con el cocinero\",\"inLanguage\":\"es-ES\",\"isPartOf\":{\"@id\":\"https:\\\/\\\/candas365.es\\\/noticias\\\/#website\"},\"breadcrumb\":{\"@id\":\"https:\\\/\\\/candas365.es\\\/noticias\\\/la-2-estrena-el-senor-de-los-bosques\\\/#breadcrumblist\"},\"author\":{\"@id\":\"https:\\\/\\\/candas365.es\\\/noticias\\\/author\\\/admin\\\/#author\"},\"creator\":{\"@id\":\"https:\\\/\\\/candas365.es\\\/noticias\\\/author\\\/admin\\\/#author\"},\"image\":{\"@type\":\"ImageObject\",\"url\":\"https:\\\/\\\/candas365.es\\\/noticias\\\/wp-content\\\/uploads\\\/2017\\\/11\\\/Tele121101.jpg\",\"@id\":\"https:\\\/\\\/candas365.es\\\/noticias\\\/la-2-estrena-el-senor-de-los-bosques\\\/#mainImage\",\"width\":1180,\"height\":620},\"primaryImageOfPage\":{\"@id\":\"https:\\\/\\\/candas365.es\\\/noticias\\\/la-2-estrena-el-senor-de-los-bosques\\\/#mainImage\"},\"datePublished\":\"2017-11-12T22:37:47+01:00\",\"dateModified\":\"2017-11-12T22:37:47+01:00\"},{\"@type\":\"WebSite\",\"@id\":\"https:\\\/\\\/candas365.es\\\/noticias\\\/#website\",\"url\":\"https:\\\/\\\/candas365.es\\\/noticias\\\/\",\"name\":\"Cand\\u00e1s 365\",\"alternateName\":\"Cand\\u00e1s 365 Noticias\",\"description\":\"Actualidad desde Carre\\u00f1o para el mundo\",\"inLanguage\":\"es-ES\",\"publisher\":{\"@id\":\"https:\\\/\\\/candas365.es\\\/noticias\\\/#organization\"}}]}\n\t\t<\/script>\n\t\t<!-- All in One SEO Pro -->\r\n\t\t<title>La 2 estrena \u2018El se\u00f1or de los bosques\u2019 | Cand\u00e1s 365<\/title>\n\n","aioseo_head_json":{"title":"La 2 estrena \u2018El se\u00f1or de los bosques\u2019 | Cand\u00e1s 365","description":"La 2 estrena \u2018El se\u00f1or de los bosques\u2019, serie documental que viaja por los bosques de Espa\u00f1a para mostrar el mundo de las setas con el experto Vicente Sevilla. Producido por RTVE en colaboraci\u00f3n con Zona Mixta, en cada entrega le acompa\u00f1a un personaje conocido y, tras la recolecci\u00f3n, preparar\u00e1n una receta con el cocinero","canonical_url":"https:\/\/candas365.es\/noticias\/la-2-estrena-el-senor-de-los-bosques\/","robots":"max-image-preview:large","keywords":"agenda","webmasterTools":{"google-site-verification":"UA-32230408-1","msvalidate.01":"354F3CDFB2DA171B47FBE9ABF1F88D5","miscellaneous":""},"schema":{"@context":"https:\/\/schema.org","@graph":[{"@type":"BreadcrumbList","@id":"https:\/\/candas365.es\/noticias\/la-2-estrena-el-senor-de-los-bosques\/#breadcrumblist","itemListElement":[{"@type":"ListItem","@id":"https:\/\/candas365.es\/noticias#listItem","position":1,"name":"Home","item":"https:\/\/candas365.es\/noticias","nextItem":{"@type":"ListItem","@id":"https:\/\/candas365.es\/noticias\/category\/agenda\/#listItem","name":"Agenda"}},{"@type":"ListItem","@id":"https:\/\/candas365.es\/noticias\/category\/agenda\/#listItem","position":2,"name":"Agenda","item":"https:\/\/candas365.es\/noticias\/category\/agenda\/","nextItem":{"@type":"ListItem","@id":"https:\/\/candas365.es\/noticias\/la-2-estrena-el-senor-de-los-bosques\/#listItem","name":"La 2 estrena \u2018El se\u00f1or de los bosques\u2019"},"previousItem":{"@type":"ListItem","@id":"https:\/\/candas365.es\/noticias#listItem","name":"Home"}},{"@type":"ListItem","@id":"https:\/\/candas365.es\/noticias\/la-2-estrena-el-senor-de-los-bosques\/#listItem","position":3,"name":"La 2 estrena \u2018El se\u00f1or de los bosques\u2019","previousItem":{"@type":"ListItem","@id":"https:\/\/candas365.es\/noticias\/category\/agenda\/#listItem","name":"Agenda"}}]},{"@type":"NewsArticle","@id":"https:\/\/candas365.es\/noticias\/la-2-estrena-el-senor-de-los-bosques\/#newsarticle","name":"La 2 estrena \u2018El se\u00f1or de los bosques\u2019 | Cand\u00e1s 365","headline":"La 2 estrena \u2018El se\u00f1or de los bosques\u2019","author":{"@id":"https:\/\/candas365.es\/noticias\/author\/admin\/#author"},"publisher":{"@id":"https:\/\/candas365.es\/noticias\/#organization"},"image":{"@type":"ImageObject","url":"https:\/\/candas365.es\/noticias\/wp-content\/uploads\/2017\/11\/Tele121101.jpg","width":1180,"height":620},"datePublished":"2017-11-12T22:37:47+01:00","dateModified":"2017-11-12T22:37:47+01:00","inLanguage":"es-ES","mainEntityOfPage":{"@id":"https:\/\/candas365.es\/noticias\/la-2-estrena-el-senor-de-los-bosques\/#webpage"},"isPartOf":{"@id":"https:\/\/candas365.es\/noticias\/la-2-estrena-el-senor-de-los-bosques\/#webpage"},"articleSection":"Agenda","dateline":"Publicado el noviembre 12, 2017."},{"@type":"Organization","@id":"https:\/\/candas365.es\/noticias\/#organization","name":"Cand\u00e1s 365","description":"Cand\u00e1s 365 es un diario digital independiente, fundado en 2012, con base en Asturias. Informamos con rigor sobre actualidad, sociedad, cultura y ocio, con una mirada local y global.","url":"https:\/\/candas365.es\/noticias\/","email":"info@candas365.es","telephone":"+34652131393","foundingDate":"2012-06-10","logo":{"@type":"ImageObject","url":"https:\/\/candas365.es\/noticias\/wp-content\/uploads\/2024\/09\/Candas-365-Redes.jpg","@id":"https:\/\/candas365.es\/noticias\/la-2-estrena-el-senor-de-los-bosques\/#organizationLogo","width":1152,"height":864,"caption":"Cand\u00e1s 365 Redes"},"image":{"@id":"https:\/\/candas365.es\/noticias\/la-2-estrena-el-senor-de-los-bosques\/#organizationLogo"},"sameAs":["https:\/\/www.facebook.com\/Nachofdezber","https:\/\/x.com\/NabercoDigital","https:\/\/www.instagram.com\/nachofdezber\/","https:\/\/www.youtube.com\/channel\/UCZP-2wLEB9Rv6erhFmqVnvg"],"address":{"@id":"https:\/\/candas365.es\/noticias\/#postaladdress","@type":"PostalAddress","streetAddress":"san antonio 4, san antonio 4","postalCode":"33430","addressLocality":"Cand\u00e1s","addressRegion":"Asturias","addressCountry":"ES"}},{"@type":"Person","@id":"https:\/\/candas365.es\/noticias\/author\/admin\/#author","url":"https:\/\/candas365.es\/noticias\/author\/admin\/","name":"Cand\u00e1s 365","image":{"@type":"ImageObject","@id":"https:\/\/candas365.es\/noticias\/la-2-estrena-el-senor-de-los-bosques\/#authorImage","url":"https:\/\/secure.gravatar.com\/avatar\/496a8e03d0c493ede1718b7934145dbdf8d89be1036b0eec9544e1094c9de390?s=96&d=mm&r=g","width":96,"height":96,"caption":"Cand\u00e1s 365"},"sameAs":["https:\/\/www.facebook.com\/carrenoactualidad","https:\/\/twitter.com\/nbasturias","https:\/\/www.instagram.com\/nachofdezber\/","https:\/\/www.youtube.com\/channel\/UCZP-2wLEB9Rv6erhFmqVnvg"]},{"@type":"WebPage","@id":"https:\/\/candas365.es\/noticias\/la-2-estrena-el-senor-de-los-bosques\/#webpage","url":"https:\/\/candas365.es\/noticias\/la-2-estrena-el-senor-de-los-bosques\/","name":"La 2 estrena \u2018El se\u00f1or de los bosques\u2019 | Cand\u00e1s 365","description":"La 2 estrena \u2018El se\u00f1or de los bosques\u2019, serie documental que viaja por los bosques de Espa\u00f1a para mostrar el mundo de las setas con el experto Vicente Sevilla. Producido por RTVE en colaboraci\u00f3n con Zona Mixta, en cada entrega le acompa\u00f1a un personaje conocido y, tras la recolecci\u00f3n, preparar\u00e1n una receta con el cocinero","inLanguage":"es-ES","isPartOf":{"@id":"https:\/\/candas365.es\/noticias\/#website"},"breadcrumb":{"@id":"https:\/\/candas365.es\/noticias\/la-2-estrena-el-senor-de-los-bosques\/#breadcrumblist"},"author":{"@id":"https:\/\/candas365.es\/noticias\/author\/admin\/#author"},"creator":{"@id":"https:\/\/candas365.es\/noticias\/author\/admin\/#author"},"image":{"@type":"ImageObject","url":"https:\/\/candas365.es\/noticias\/wp-content\/uploads\/2017\/11\/Tele121101.jpg","@id":"https:\/\/candas365.es\/noticias\/la-2-estrena-el-senor-de-los-bosques\/#mainImage","width":1180,"height":620},"primaryImageOfPage":{"@id":"https:\/\/candas365.es\/noticias\/la-2-estrena-el-senor-de-los-bosques\/#mainImage"},"datePublished":"2017-11-12T22:37:47+01:00","dateModified":"2017-11-12T22:37:47+01:00"},{"@type":"WebSite","@id":"https:\/\/candas365.es\/noticias\/#website","url":"https:\/\/candas365.es\/noticias\/","name":"Cand\u00e1s 365","alternateName":"Cand\u00e1s 365 Noticias","description":"Actualidad desde Carre\u00f1o para el mundo","inLanguage":"es-ES","publisher":{"@id":"https:\/\/candas365.es\/noticias\/#organization"}}]},"og:locale":"es_ES","og:site_name":"Cand\u00e1s 365","og:type":"article","og:title":"La 2 estrena \u2018El se\u00f1or de los bosques\u2019 | Cand\u00e1s 365","og:description":"La 2 estrena \u2018El se\u00f1or de los bosques\u2019, serie documental que viaja por los bosques de Espa\u00f1a para mostrar el mundo de las setas con el experto Vicente Sevilla. Producido por RTVE en colaboraci\u00f3n con Zona Mixta, en cada entrega le acompa\u00f1a un personaje conocido y, tras la recolecci\u00f3n, preparar\u00e1n una receta con el cocinero","og:url":"https:\/\/candas365.es\/noticias\/la-2-estrena-el-senor-de-los-bosques\/","og:image":"https:\/\/candas365.es\/noticias\/wp-content\/uploads\/2017\/11\/Tele121101.jpg","og:image:secure_url":"https:\/\/candas365.es\/noticias\/wp-content\/uploads\/2017\/11\/Tele121101.jpg","og:image:width":1180,"og:image:height":620,"article:published_time":"2017-11-12T22:37:47+00:00","article:modified_time":"2017-11-12T22:37:47+00:00","article:publisher":"https:\/\/www.facebook.com\/Nachofdezber","article:author":"https:\/\/www.facebook.com\/carrenoactualidad","twitter:card":"summary_large_image","twitter:site":"@NabercoDigital","twitter:title":"La 2 estrena \u2018El se\u00f1or de los bosques\u2019 | Cand\u00e1s 365","twitter:description":"La 2 estrena \u2018El se\u00f1or de los bosques\u2019, serie documental que viaja por los bosques de Espa\u00f1a para mostrar el mundo de las setas con el experto Vicente Sevilla. Producido por RTVE en colaboraci\u00f3n con Zona Mixta, en cada entrega le acompa\u00f1a un personaje conocido y, tras la recolecci\u00f3n, preparar\u00e1n una receta con el cocinero","twitter:creator":"@nbasturias","twitter:image":"https:\/\/candas365.es\/noticias\/wp-content\/uploads\/2017\/11\/Tele121101.jpg","twitter:label1":"Escrito por","twitter:data1":"Cand\u00e1s 365","twitter:label2":"Tiempo de lectura estimado","twitter:data2":"2 minutos"},"aioseo_meta_data":{"post_id":"84332","title":null,"description":null,"keywords":null,"keyphrases":null,"primary_term":null,"canonical_url":null,"og_title":null,"og_description":null,"og_object_type":"default","og_image_type":"default","og_image_url":null,"og_image_width":null,"og_image_height":null,"og_image_custom_url":null,"og_image_custom_fields":null,"og_video":null,"og_custom_url":null,"og_article_section":null,"og_article_tags":null,"twitter_use_og":false,"twitter_card":"default","twitter_image_type":"default","twitter_image_url":null,"twitter_image_custom_url":null,"twitter_image_custom_fields":null,"twitter_title":null,"twitter_description":null,"schema":{"blockGraphs":[],"customGraphs":[],"default":{"data":{"Article":[],"Course":[],"Dataset":[],"FAQPage":[],"Movie":[],"Person":[],"Product":[],"ProductReview":[],"Car":[],"Recipe":[],"Service":[],"SoftwareApplication":[],"WebPage":[]},"graphName":"","isEnabled":true},"graphs":[]},"schema_type":null,"schema_type_options":null,"pillar_content":false,"robots_default":true,"robots_noindex":false,"robots_noarchive":false,"robots_nosnippet":false,"robots_nofollow":false,"robots_noimageindex":false,"robots_noodp":false,"robots_notranslate":false,"robots_max_snippet":null,"robots_max_videopreview":null,"robots_max_imagepreview":"large","priority":null,"frequency":null,"location":null,"local_seo":null,"seo_analyzer_scan_date":"2025-08-26 05:30:17","breadcrumb_settings":null,"limit_modified_date":false,"reviewed_by":null,"open_ai":null,"ai":null,"created":"2020-12-21 12:25:56","updated":"2025-08-26 05:30:17"},"aioseo_breadcrumb":"<div class=\"aioseo-breadcrumbs\"><span class=\"aioseo-breadcrumb\">\n\t<a href=\"https:\/\/candas365.es\/noticias\" title=\"Home\">Home<\/a>\n<\/span><span class=\"aioseo-breadcrumb-separator\">&ndash;<\/span><span class=\"aioseo-breadcrumb\">\n\t<a href=\"https:\/\/candas365.es\/noticias\/category\/agenda\/\" title=\"Agenda\">Agenda<\/a>\n<\/span><span class=\"aioseo-breadcrumb-separator\">&ndash;<\/span><span class=\"aioseo-breadcrumb\">\n\tLa 2 estrena \u2018El se\u00f1or de los bosques\u2019\n<\/span><\/div>","aioseo_breadcrumb_json":[{"label":"Home","link":"https:\/\/candas365.es\/noticias"},{"label":"Agenda","link":"https:\/\/candas365.es\/noticias\/category\/agenda\/"},{"label":"La 2 estrena \u2018El se\u00f1or de los bosques\u2019","link":"https:\/\/candas365.es\/noticias\/la-2-estrena-el-senor-de-los-bosques\/"}],"_links":{"self":[{"href":"https:\/\/candas365.es\/noticias\/wp-json\/wp\/v2\/posts\/84332","targetHints":{"allow":["GET"]}}],"collection":[{"href":"https:\/\/candas365.es\/noticias\/wp-json\/wp\/v2\/posts"}],"about":[{"href":"https:\/\/candas365.es\/noticias\/wp-json\/wp\/v2\/types\/post"}],"author":[{"embeddable":true,"href":"https:\/\/candas365.es\/noticias\/wp-json\/wp\/v2\/users\/1"}],"replies":[{"embeddable":true,"href":"https:\/\/candas365.es\/noticias\/wp-json\/wp\/v2\/comments?post=84332"}],"version-history":[{"count":0,"href":"https:\/\/candas365.es\/noticias\/wp-json\/wp\/v2\/posts\/84332\/revisions"}],"wp:featuredmedia":[{"embeddable":true,"href":"https:\/\/candas365.es\/noticias\/wp-json\/wp\/v2\/media\/84333"}],"wp:attachment":[{"href":"https:\/\/candas365.es\/noticias\/wp-json\/wp\/v2\/media?parent=84332"}],"wp:term":[{"taxonomy":"category","embeddable":true,"href":"https:\/\/candas365.es\/noticias\/wp-json\/wp\/v2\/categories?post=84332"},{"taxonomy":"post_tag","embeddable":true,"href":"https:\/\/candas365.es\/noticias\/wp-json\/wp\/v2\/tags?post=84332"}],"curies":[{"name":"wp","href":"https:\/\/api.w.org\/{rel}","templated":true}]}}