{"id":84329,"date":"2017-11-12T22:35:42","date_gmt":"2017-11-12T22:35:42","guid":{"rendered":"http:\/\/candas365.es\/noticias\/?p=84329"},"modified":"2017-11-12T22:35:42","modified_gmt":"2017-11-12T22:35:42","slug":"ecocidio-este-lunes-en-portada","status":"publish","type":"post","link":"https:\/\/candas365.es\/noticias\/ecocidio-este-lunes-en-portada\/","title":{"rendered":"\u201cEcocidio\u201d est\u00e9 lunes \u201cEn Portada\u201d"},"content":{"rendered":"<p><img fetchpriority=\"high\" decoding=\"async\" class=\"alignleft size-medium wp-image-84330\" src=\"https:\/\/candas365.es\/noticias\/wp-content\/uploads\/2017\/11\/1510392399052-360x240.jpg\" alt=\"\" width=\"360\" height=\"240\" srcset=\"https:\/\/candas365.es\/noticias\/wp-content\/uploads\/2017\/11\/1510392399052-360x240.jpg 360w, https:\/\/candas365.es\/noticias\/wp-content\/uploads\/2017\/11\/1510392399052-768x512.jpg 768w, https:\/\/candas365.es\/noticias\/wp-content\/uploads\/2017\/11\/1510392399052-655x436.jpg 655w, https:\/\/candas365.es\/noticias\/wp-content\/uploads\/2017\/11\/1510392399052-696x464.jpg 696w, https:\/\/candas365.es\/noticias\/wp-content\/uploads\/2017\/11\/1510392399052-630x420.jpg 630w, https:\/\/candas365.es\/noticias\/wp-content\/uploads\/2017\/11\/1510392399052-84x55.jpg 84w, https:\/\/candas365.es\/noticias\/wp-content\/uploads\/2017\/11\/1510392399052.jpg 800w\" sizes=\"(max-width: 360px) 100vw, 360px\" \/>\u201cEcocidio\u201d es cualquier da\u00f1o masivo o destrucci\u00f3n ambiental de un territorio determinado de tal magnitud que ponga en peligro la supervivencia de sus habitantes. Se trata de una nueva tipolog\u00eda de delito en el Derecho Penal Internacional. &#8216;En Portada&#8217; abordar\u00e1 este lunes los efectos sobre el ecosistema y la poblaci\u00f3n de Indonesia del cultivo masivo de palma para extraer el aceite vegetal m\u00e1s consumido en el mundo.<\/p>\n<p>En Indonesia, sobre todo en las islas de Borneo y Sumatra, en las \u00faltimas d\u00e9cadas han proliferado los incendios, en su mayor\u00eda provocados, para el posterior cultivo de palmas aceiteras, de las que se extrae el aceite vegetal m\u00e1s consumido en el mundo. En 2015 las llamas devoraron 1,7 millones de hect\u00e1reas de bosque, una superficie equivalente a la provincia de Zaragoza. La mitad de los incendios se produjo en turberas, que, al arder, desprenden diez veces m\u00e1s CO2 que los incendios forestales. La niebla t\u00f3xica afect\u00f3 a varios pa\u00edses del Sudeste Asi\u00e1tico y caus\u00f3 decenas de muertes directas y unas 100.000 muertes prematuras.<\/p>\n<p>La isla de Borneo alberga casi la mitad de las plantaciones de palma aceitera que hay en todo el mundo y tiene el mayor \u00edndice de deforestaci\u00f3n del planeta. La r\u00e1pida desaparici\u00f3n de bosques y turberas est\u00e1 poniendo en peligro cr\u00edtico de extinci\u00f3n a especies protegidas, como el orangut\u00e1n. Tambi\u00e9n est\u00e1 afectando a la forma de vida de la poblaci\u00f3n local, incluidos algunos grupos ind\u00edgenas, con desplazamientos forzados y expropiaciones. Algunas organizaciones de derechos humanos tambi\u00e9n han denunciado las condiciones abusivas en las que est\u00e1n trabajando los empleados de plantaciones de palma aceitera.<\/p>\n<p>A su vez, la industria del aceite de palma se ha convertido en uno de los pilares de la econom\u00eda de Indonesia, el primer productor mundial, que, bajo la presidencia de Joko Widodo, est\u00e1 intentando regular las concesiones a las grandes corporaciones, para evitar quemas indiscriminadas y proteger el medio ambiente.<\/p>\n<p>Un equipo de &#8216;En Portada&#8217; ha viajado all\u00ed para comprobar sobre el terreno si los efectos que est\u00e1 teniendo el cultivo masivo de palma aceitera sobre el ecosistema y sobre la poblaci\u00f3n podr\u00edan constituir un ecocidio.<\/p>\n<p>&#8216;Ecocidio&#8217; es un reportaje con gui\u00f3n de Yolanda \u00c1lvarez; realizaci\u00f3n de \u00c1ngel Barroso; montaje de Jes\u00fas Mari Elorriaga; Imagen de Vicente Gil y Sonido de Irene Mart\u00edn; y producci\u00f3n de Ana Pastor y Lourdes Calvo.<\/p>\n","protected":false},"excerpt":{"rendered":"<p>\u201cEcocidio\u201d es cualquier da\u00f1o masivo o destrucci\u00f3n ambiental de un territorio determinado de tal magnitud que ponga en peligro la supervivencia de sus habitantes. Se trata de una nueva tipolog\u00eda de delito en el Derecho Penal Internacional. &#8216;En Portada&#8217; abordar\u00e1 este lunes los efectos sobre el ecosistema y la poblaci\u00f3n de Indonesia del cultivo masivo<\/p>\n","protected":false},"author":1,"featured_media":84330,"comment_status":"closed","ping_status":"closed","sticky":false,"template":"","format":"standard","meta":{"footnotes":""},"categories":[1],"tags":[],"class_list":{"0":"post-84329","1":"post","2":"type-post","3":"status-publish","4":"format-standard","5":"has-post-thumbnail","7":"category-agenda"},"aioseo_notices":[],"aioseo_head":"\n\t\t<!-- All in One SEO Pro 4.9.6.2 - aioseo.com -->\n\t<meta name=\"description\" content=\"\u201cEcocidio\u201d es cualquier da\u00f1o masivo o destrucci\u00f3n ambiental de un territorio determinado de tal magnitud que ponga en peligro la supervivencia de sus habitantes. Se trata de una nueva tipolog\u00eda de delito en el Derecho Penal Internacional. &#039;En Portada&#039; abordar\u00e1 este lunes los efectos sobre el ecosistema y la poblaci\u00f3n de Indonesia del cultivo masivo\" \/>\n\t<meta name=\"robots\" content=\"max-image-preview:large\" \/>\n\t<meta name=\"author\" content=\"Cand\u00e1s 365\"\/>\n\t<meta name=\"google-site-verification\" content=\"UA-32230408-1\" \/>\n\t<meta name=\"msvalidate.01\" content=\"354F3CDFB2DA171B47FBE9ABF1F88D5\" \/>\n\t<meta name=\"keywords\" content=\"agenda\" \/>\n\t<link rel=\"canonical\" href=\"https:\/\/candas365.es\/noticias\/ecocidio-este-lunes-en-portada\/\" \/>\n\t<meta name=\"generator\" content=\"All in One SEO Pro (AIOSEO) 4.9.6.2\" \/>\n\t\t<meta property=\"og:locale\" content=\"es_ES\" \/>\n\t\t<meta property=\"og:site_name\" content=\"Cand\u00e1s 365\" \/>\n\t\t<meta property=\"og:type\" content=\"article\" \/>\n\t\t<meta property=\"og:title\" content=\"\u201cEcocidio\u201d est\u00e9 lunes \u201cEn Portada\u201d | Cand\u00e1s 365\" \/>\n\t\t<meta property=\"og:description\" content=\"\u201cEcocidio\u201d es cualquier da\u00f1o masivo o destrucci\u00f3n ambiental de un territorio determinado de tal magnitud que ponga en peligro la supervivencia de sus habitantes. Se trata de una nueva tipolog\u00eda de delito en el Derecho Penal Internacional. &#039;En Portada&#039; abordar\u00e1 este lunes los efectos sobre el ecosistema y la poblaci\u00f3n de Indonesia del cultivo masivo\" \/>\n\t\t<meta property=\"og:url\" content=\"https:\/\/candas365.es\/noticias\/ecocidio-este-lunes-en-portada\/\" \/>\n\t\t<meta property=\"og:image\" content=\"https:\/\/candas365.es\/noticias\/wp-content\/uploads\/2017\/11\/1510392399052.jpg\" \/>\n\t\t<meta property=\"og:image:secure_url\" content=\"https:\/\/candas365.es\/noticias\/wp-content\/uploads\/2017\/11\/1510392399052.jpg\" \/>\n\t\t<meta property=\"og:image:width\" content=\"800\" \/>\n\t\t<meta property=\"og:image:height\" content=\"533\" \/>\n\t\t<meta property=\"article:published_time\" content=\"2017-11-12T22:35:42+00:00\" \/>\n\t\t<meta property=\"article:modified_time\" content=\"2017-11-12T22:35:42+00:00\" \/>\n\t\t<meta property=\"article:publisher\" content=\"https:\/\/www.facebook.com\/Nachofdezber\" \/>\n\t\t<meta property=\"article:author\" content=\"https:\/\/www.facebook.com\/carrenoactualidad\" \/>\n\t\t<meta name=\"twitter:card\" content=\"summary_large_image\" \/>\n\t\t<meta name=\"twitter:site\" content=\"@NabercoDigital\" \/>\n\t\t<meta name=\"twitter:title\" content=\"\u201cEcocidio\u201d est\u00e9 lunes \u201cEn Portada\u201d | Cand\u00e1s 365\" \/>\n\t\t<meta name=\"twitter:description\" content=\"\u201cEcocidio\u201d es cualquier da\u00f1o masivo o destrucci\u00f3n ambiental de un territorio determinado de tal magnitud que ponga en peligro la supervivencia de sus habitantes. Se trata de una nueva tipolog\u00eda de delito en el Derecho Penal Internacional. &#039;En Portada&#039; abordar\u00e1 este lunes los efectos sobre el ecosistema y la poblaci\u00f3n de Indonesia del cultivo masivo\" \/>\n\t\t<meta name=\"twitter:creator\" content=\"@nbasturias\" \/>\n\t\t<meta name=\"twitter:image\" content=\"https:\/\/candas365.es\/noticias\/wp-content\/uploads\/2017\/11\/1510392399052.jpg\" \/>\n\t\t<meta name=\"twitter:label1\" content=\"Escrito por\" \/>\n\t\t<meta name=\"twitter:data1\" content=\"Cand\u00e1s 365\" \/>\n\t\t<meta name=\"twitter:label2\" content=\"Tiempo de lectura estimado\" \/>\n\t\t<meta name=\"twitter:data2\" content=\"2 minutos\" \/>\n\t\t<script type=\"application\/ld+json\" class=\"aioseo-schema\">\n\t\t\t{\"@context\":\"https:\\\/\\\/schema.org\",\"@graph\":[{\"@type\":\"BreadcrumbList\",\"@id\":\"https:\\\/\\\/candas365.es\\\/noticias\\\/ecocidio-este-lunes-en-portada\\\/#breadcrumblist\",\"itemListElement\":[{\"@type\":\"ListItem\",\"@id\":\"https:\\\/\\\/candas365.es\\\/noticias#listItem\",\"position\":1,\"name\":\"Home\",\"item\":\"https:\\\/\\\/candas365.es\\\/noticias\",\"nextItem\":{\"@type\":\"ListItem\",\"@id\":\"https:\\\/\\\/candas365.es\\\/noticias\\\/category\\\/agenda\\\/#listItem\",\"name\":\"Agenda\"}},{\"@type\":\"ListItem\",\"@id\":\"https:\\\/\\\/candas365.es\\\/noticias\\\/category\\\/agenda\\\/#listItem\",\"position\":2,\"name\":\"Agenda\",\"item\":\"https:\\\/\\\/candas365.es\\\/noticias\\\/category\\\/agenda\\\/\",\"nextItem\":{\"@type\":\"ListItem\",\"@id\":\"https:\\\/\\\/candas365.es\\\/noticias\\\/ecocidio-este-lunes-en-portada\\\/#listItem\",\"name\":\"\\u201cEcocidio\\u201d est\\u00e9 lunes \\u201cEn Portada\\u201d\"},\"previousItem\":{\"@type\":\"ListItem\",\"@id\":\"https:\\\/\\\/candas365.es\\\/noticias#listItem\",\"name\":\"Home\"}},{\"@type\":\"ListItem\",\"@id\":\"https:\\\/\\\/candas365.es\\\/noticias\\\/ecocidio-este-lunes-en-portada\\\/#listItem\",\"position\":3,\"name\":\"\\u201cEcocidio\\u201d est\\u00e9 lunes \\u201cEn Portada\\u201d\",\"previousItem\":{\"@type\":\"ListItem\",\"@id\":\"https:\\\/\\\/candas365.es\\\/noticias\\\/category\\\/agenda\\\/#listItem\",\"name\":\"Agenda\"}}]},{\"@type\":\"NewsArticle\",\"@id\":\"https:\\\/\\\/candas365.es\\\/noticias\\\/ecocidio-este-lunes-en-portada\\\/#newsarticle\",\"name\":\"\\u201cEcocidio\\u201d est\\u00e9 lunes \\u201cEn Portada\\u201d | Cand\\u00e1s 365\",\"headline\":\"\\u201cEcocidio\\u201d est\\u00e9 lunes \\u201cEn Portada\\u201d\",\"author\":{\"@id\":\"https:\\\/\\\/candas365.es\\\/noticias\\\/author\\\/admin\\\/#author\"},\"publisher\":{\"@id\":\"https:\\\/\\\/candas365.es\\\/noticias\\\/#organization\"},\"image\":{\"@type\":\"ImageObject\",\"url\":\"https:\\\/\\\/candas365.es\\\/noticias\\\/wp-content\\\/uploads\\\/2017\\\/11\\\/1510392399052.jpg\",\"width\":800,\"height\":533},\"datePublished\":\"2017-11-12T22:35:42+01:00\",\"dateModified\":\"2017-11-12T22:35:42+01:00\",\"inLanguage\":\"es-ES\",\"mainEntityOfPage\":{\"@id\":\"https:\\\/\\\/candas365.es\\\/noticias\\\/ecocidio-este-lunes-en-portada\\\/#webpage\"},\"isPartOf\":{\"@id\":\"https:\\\/\\\/candas365.es\\\/noticias\\\/ecocidio-este-lunes-en-portada\\\/#webpage\"},\"articleSection\":\"Agenda\",\"dateline\":\"Publicado el noviembre 12, 2017.\"},{\"@type\":\"Organization\",\"@id\":\"https:\\\/\\\/candas365.es\\\/noticias\\\/#organization\",\"name\":\"Cand\\u00e1s 365\",\"description\":\"Cand\\u00e1s 365 es un diario digital independiente, fundado en 2012, con base en Asturias. Informamos con rigor sobre actualidad, sociedad, cultura y ocio, con una mirada local y global.\",\"url\":\"https:\\\/\\\/candas365.es\\\/noticias\\\/\",\"email\":\"info@candas365.es\",\"telephone\":\"+34652131393\",\"foundingDate\":\"2012-06-10\",\"logo\":{\"@type\":\"ImageObject\",\"url\":\"https:\\\/\\\/candas365.es\\\/noticias\\\/wp-content\\\/uploads\\\/2024\\\/09\\\/Candas-365-Redes.jpg\",\"@id\":\"https:\\\/\\\/candas365.es\\\/noticias\\\/ecocidio-este-lunes-en-portada\\\/#organizationLogo\",\"width\":1152,\"height\":864,\"caption\":\"Cand\\u00e1s 365 Redes\"},\"image\":{\"@id\":\"https:\\\/\\\/candas365.es\\\/noticias\\\/ecocidio-este-lunes-en-portada\\\/#organizationLogo\"},\"sameAs\":[\"https:\\\/\\\/www.facebook.com\\\/Nachofdezber\",\"https:\\\/\\\/x.com\\\/NabercoDigital\",\"https:\\\/\\\/www.instagram.com\\\/nachofdezber\\\/\",\"https:\\\/\\\/www.youtube.com\\\/channel\\\/UCZP-2wLEB9Rv6erhFmqVnvg\"],\"address\":{\"@id\":\"https:\\\/\\\/candas365.es\\\/noticias\\\/#postaladdress\",\"@type\":\"PostalAddress\",\"streetAddress\":\"san antonio 4, san antonio 4\",\"postalCode\":\"33430\",\"addressLocality\":\"Cand\\u00e1s\",\"addressRegion\":\"Asturias\",\"addressCountry\":\"ES\"}},{\"@type\":\"Person\",\"@id\":\"https:\\\/\\\/candas365.es\\\/noticias\\\/author\\\/admin\\\/#author\",\"url\":\"https:\\\/\\\/candas365.es\\\/noticias\\\/author\\\/admin\\\/\",\"name\":\"Cand\\u00e1s 365\",\"image\":{\"@type\":\"ImageObject\",\"@id\":\"https:\\\/\\\/candas365.es\\\/noticias\\\/ecocidio-este-lunes-en-portada\\\/#authorImage\",\"url\":\"https:\\\/\\\/secure.gravatar.com\\\/avatar\\\/496a8e03d0c493ede1718b7934145dbdf8d89be1036b0eec9544e1094c9de390?s=96&d=mm&r=g\",\"width\":96,\"height\":96,\"caption\":\"Cand\\u00e1s 365\"},\"sameAs\":[\"https:\\\/\\\/www.facebook.com\\\/carrenoactualidad\",\"https:\\\/\\\/twitter.com\\\/nbasturias\",\"https:\\\/\\\/www.instagram.com\\\/nachofdezber\\\/\",\"https:\\\/\\\/www.youtube.com\\\/channel\\\/UCZP-2wLEB9Rv6erhFmqVnvg\"]},{\"@type\":\"WebPage\",\"@id\":\"https:\\\/\\\/candas365.es\\\/noticias\\\/ecocidio-este-lunes-en-portada\\\/#webpage\",\"url\":\"https:\\\/\\\/candas365.es\\\/noticias\\\/ecocidio-este-lunes-en-portada\\\/\",\"name\":\"\\u201cEcocidio\\u201d est\\u00e9 lunes \\u201cEn Portada\\u201d | Cand\\u00e1s 365\",\"description\":\"\\u201cEcocidio\\u201d es cualquier da\\u00f1o masivo o destrucci\\u00f3n ambiental de un territorio determinado de tal magnitud que ponga en peligro la supervivencia de sus habitantes. Se trata de una nueva tipolog\\u00eda de delito en el Derecho Penal Internacional. 'En Portada' abordar\\u00e1 este lunes los efectos sobre el ecosistema y la poblaci\\u00f3n de Indonesia del cultivo masivo\",\"inLanguage\":\"es-ES\",\"isPartOf\":{\"@id\":\"https:\\\/\\\/candas365.es\\\/noticias\\\/#website\"},\"breadcrumb\":{\"@id\":\"https:\\\/\\\/candas365.es\\\/noticias\\\/ecocidio-este-lunes-en-portada\\\/#breadcrumblist\"},\"author\":{\"@id\":\"https:\\\/\\\/candas365.es\\\/noticias\\\/author\\\/admin\\\/#author\"},\"creator\":{\"@id\":\"https:\\\/\\\/candas365.es\\\/noticias\\\/author\\\/admin\\\/#author\"},\"image\":{\"@type\":\"ImageObject\",\"url\":\"https:\\\/\\\/candas365.es\\\/noticias\\\/wp-content\\\/uploads\\\/2017\\\/11\\\/1510392399052.jpg\",\"@id\":\"https:\\\/\\\/candas365.es\\\/noticias\\\/ecocidio-este-lunes-en-portada\\\/#mainImage\",\"width\":800,\"height\":533},\"primaryImageOfPage\":{\"@id\":\"https:\\\/\\\/candas365.es\\\/noticias\\\/ecocidio-este-lunes-en-portada\\\/#mainImage\"},\"datePublished\":\"2017-11-12T22:35:42+01:00\",\"dateModified\":\"2017-11-12T22:35:42+01:00\"},{\"@type\":\"WebSite\",\"@id\":\"https:\\\/\\\/candas365.es\\\/noticias\\\/#website\",\"url\":\"https:\\\/\\\/candas365.es\\\/noticias\\\/\",\"name\":\"Cand\\u00e1s 365\",\"alternateName\":\"Cand\\u00e1s 365 Noticias\",\"description\":\"Actualidad desde Carre\\u00f1o para el mundo\",\"inLanguage\":\"es-ES\",\"publisher\":{\"@id\":\"https:\\\/\\\/candas365.es\\\/noticias\\\/#organization\"}}]}\n\t\t<\/script>\n\t\t<!-- All in One SEO Pro -->\r\n\t\t<title>\u201cEcocidio\u201d est\u00e9 lunes \u201cEn Portada\u201d | Cand\u00e1s 365<\/title>\n\n","aioseo_head_json":{"title":"\u201cEcocidio\u201d est\u00e9 lunes \u201cEn Portada\u201d | Cand\u00e1s 365","description":"\u201cEcocidio\u201d es cualquier da\u00f1o masivo o destrucci\u00f3n ambiental de un territorio determinado de tal magnitud que ponga en peligro la supervivencia de sus habitantes. Se trata de una nueva tipolog\u00eda de delito en el Derecho Penal Internacional. 'En Portada' abordar\u00e1 este lunes los efectos sobre el ecosistema y la poblaci\u00f3n de Indonesia del cultivo masivo","canonical_url":"https:\/\/candas365.es\/noticias\/ecocidio-este-lunes-en-portada\/","robots":"max-image-preview:large","keywords":"agenda","webmasterTools":{"google-site-verification":"UA-32230408-1","msvalidate.01":"354F3CDFB2DA171B47FBE9ABF1F88D5","miscellaneous":""},"schema":{"@context":"https:\/\/schema.org","@graph":[{"@type":"BreadcrumbList","@id":"https:\/\/candas365.es\/noticias\/ecocidio-este-lunes-en-portada\/#breadcrumblist","itemListElement":[{"@type":"ListItem","@id":"https:\/\/candas365.es\/noticias#listItem","position":1,"name":"Home","item":"https:\/\/candas365.es\/noticias","nextItem":{"@type":"ListItem","@id":"https:\/\/candas365.es\/noticias\/category\/agenda\/#listItem","name":"Agenda"}},{"@type":"ListItem","@id":"https:\/\/candas365.es\/noticias\/category\/agenda\/#listItem","position":2,"name":"Agenda","item":"https:\/\/candas365.es\/noticias\/category\/agenda\/","nextItem":{"@type":"ListItem","@id":"https:\/\/candas365.es\/noticias\/ecocidio-este-lunes-en-portada\/#listItem","name":"\u201cEcocidio\u201d est\u00e9 lunes \u201cEn Portada\u201d"},"previousItem":{"@type":"ListItem","@id":"https:\/\/candas365.es\/noticias#listItem","name":"Home"}},{"@type":"ListItem","@id":"https:\/\/candas365.es\/noticias\/ecocidio-este-lunes-en-portada\/#listItem","position":3,"name":"\u201cEcocidio\u201d est\u00e9 lunes \u201cEn Portada\u201d","previousItem":{"@type":"ListItem","@id":"https:\/\/candas365.es\/noticias\/category\/agenda\/#listItem","name":"Agenda"}}]},{"@type":"NewsArticle","@id":"https:\/\/candas365.es\/noticias\/ecocidio-este-lunes-en-portada\/#newsarticle","name":"\u201cEcocidio\u201d est\u00e9 lunes \u201cEn Portada\u201d | Cand\u00e1s 365","headline":"\u201cEcocidio\u201d est\u00e9 lunes \u201cEn Portada\u201d","author":{"@id":"https:\/\/candas365.es\/noticias\/author\/admin\/#author"},"publisher":{"@id":"https:\/\/candas365.es\/noticias\/#organization"},"image":{"@type":"ImageObject","url":"https:\/\/candas365.es\/noticias\/wp-content\/uploads\/2017\/11\/1510392399052.jpg","width":800,"height":533},"datePublished":"2017-11-12T22:35:42+01:00","dateModified":"2017-11-12T22:35:42+01:00","inLanguage":"es-ES","mainEntityOfPage":{"@id":"https:\/\/candas365.es\/noticias\/ecocidio-este-lunes-en-portada\/#webpage"},"isPartOf":{"@id":"https:\/\/candas365.es\/noticias\/ecocidio-este-lunes-en-portada\/#webpage"},"articleSection":"Agenda","dateline":"Publicado el noviembre 12, 2017."},{"@type":"Organization","@id":"https:\/\/candas365.es\/noticias\/#organization","name":"Cand\u00e1s 365","description":"Cand\u00e1s 365 es un diario digital independiente, fundado en 2012, con base en Asturias. Informamos con rigor sobre actualidad, sociedad, cultura y ocio, con una mirada local y global.","url":"https:\/\/candas365.es\/noticias\/","email":"info@candas365.es","telephone":"+34652131393","foundingDate":"2012-06-10","logo":{"@type":"ImageObject","url":"https:\/\/candas365.es\/noticias\/wp-content\/uploads\/2024\/09\/Candas-365-Redes.jpg","@id":"https:\/\/candas365.es\/noticias\/ecocidio-este-lunes-en-portada\/#organizationLogo","width":1152,"height":864,"caption":"Cand\u00e1s 365 Redes"},"image":{"@id":"https:\/\/candas365.es\/noticias\/ecocidio-este-lunes-en-portada\/#organizationLogo"},"sameAs":["https:\/\/www.facebook.com\/Nachofdezber","https:\/\/x.com\/NabercoDigital","https:\/\/www.instagram.com\/nachofdezber\/","https:\/\/www.youtube.com\/channel\/UCZP-2wLEB9Rv6erhFmqVnvg"],"address":{"@id":"https:\/\/candas365.es\/noticias\/#postaladdress","@type":"PostalAddress","streetAddress":"san antonio 4, san antonio 4","postalCode":"33430","addressLocality":"Cand\u00e1s","addressRegion":"Asturias","addressCountry":"ES"}},{"@type":"Person","@id":"https:\/\/candas365.es\/noticias\/author\/admin\/#author","url":"https:\/\/candas365.es\/noticias\/author\/admin\/","name":"Cand\u00e1s 365","image":{"@type":"ImageObject","@id":"https:\/\/candas365.es\/noticias\/ecocidio-este-lunes-en-portada\/#authorImage","url":"https:\/\/secure.gravatar.com\/avatar\/496a8e03d0c493ede1718b7934145dbdf8d89be1036b0eec9544e1094c9de390?s=96&d=mm&r=g","width":96,"height":96,"caption":"Cand\u00e1s 365"},"sameAs":["https:\/\/www.facebook.com\/carrenoactualidad","https:\/\/twitter.com\/nbasturias","https:\/\/www.instagram.com\/nachofdezber\/","https:\/\/www.youtube.com\/channel\/UCZP-2wLEB9Rv6erhFmqVnvg"]},{"@type":"WebPage","@id":"https:\/\/candas365.es\/noticias\/ecocidio-este-lunes-en-portada\/#webpage","url":"https:\/\/candas365.es\/noticias\/ecocidio-este-lunes-en-portada\/","name":"\u201cEcocidio\u201d est\u00e9 lunes \u201cEn Portada\u201d | Cand\u00e1s 365","description":"\u201cEcocidio\u201d es cualquier da\u00f1o masivo o destrucci\u00f3n ambiental de un territorio determinado de tal magnitud que ponga en peligro la supervivencia de sus habitantes. Se trata de una nueva tipolog\u00eda de delito en el Derecho Penal Internacional. 'En Portada' abordar\u00e1 este lunes los efectos sobre el ecosistema y la poblaci\u00f3n de Indonesia del cultivo masivo","inLanguage":"es-ES","isPartOf":{"@id":"https:\/\/candas365.es\/noticias\/#website"},"breadcrumb":{"@id":"https:\/\/candas365.es\/noticias\/ecocidio-este-lunes-en-portada\/#breadcrumblist"},"author":{"@id":"https:\/\/candas365.es\/noticias\/author\/admin\/#author"},"creator":{"@id":"https:\/\/candas365.es\/noticias\/author\/admin\/#author"},"image":{"@type":"ImageObject","url":"https:\/\/candas365.es\/noticias\/wp-content\/uploads\/2017\/11\/1510392399052.jpg","@id":"https:\/\/candas365.es\/noticias\/ecocidio-este-lunes-en-portada\/#mainImage","width":800,"height":533},"primaryImageOfPage":{"@id":"https:\/\/candas365.es\/noticias\/ecocidio-este-lunes-en-portada\/#mainImage"},"datePublished":"2017-11-12T22:35:42+01:00","dateModified":"2017-11-12T22:35:42+01:00"},{"@type":"WebSite","@id":"https:\/\/candas365.es\/noticias\/#website","url":"https:\/\/candas365.es\/noticias\/","name":"Cand\u00e1s 365","alternateName":"Cand\u00e1s 365 Noticias","description":"Actualidad desde Carre\u00f1o para el mundo","inLanguage":"es-ES","publisher":{"@id":"https:\/\/candas365.es\/noticias\/#organization"}}]},"og:locale":"es_ES","og:site_name":"Cand\u00e1s 365","og:type":"article","og:title":"\u201cEcocidio\u201d est\u00e9 lunes \u201cEn Portada\u201d | Cand\u00e1s 365","og:description":"\u201cEcocidio\u201d es cualquier da\u00f1o masivo o destrucci\u00f3n ambiental de un territorio determinado de tal magnitud que ponga en peligro la supervivencia de sus habitantes. Se trata de una nueva tipolog\u00eda de delito en el Derecho Penal Internacional. 'En Portada' abordar\u00e1 este lunes los efectos sobre el ecosistema y la poblaci\u00f3n de Indonesia del cultivo masivo","og:url":"https:\/\/candas365.es\/noticias\/ecocidio-este-lunes-en-portada\/","og:image":"https:\/\/candas365.es\/noticias\/wp-content\/uploads\/2017\/11\/1510392399052.jpg","og:image:secure_url":"https:\/\/candas365.es\/noticias\/wp-content\/uploads\/2017\/11\/1510392399052.jpg","og:image:width":800,"og:image:height":533,"article:published_time":"2017-11-12T22:35:42+00:00","article:modified_time":"2017-11-12T22:35:42+00:00","article:publisher":"https:\/\/www.facebook.com\/Nachofdezber","article:author":"https:\/\/www.facebook.com\/carrenoactualidad","twitter:card":"summary_large_image","twitter:site":"@NabercoDigital","twitter:title":"\u201cEcocidio\u201d est\u00e9 lunes \u201cEn Portada\u201d | Cand\u00e1s 365","twitter:description":"\u201cEcocidio\u201d es cualquier da\u00f1o masivo o destrucci\u00f3n ambiental de un territorio determinado de tal magnitud que ponga en peligro la supervivencia de sus habitantes. Se trata de una nueva tipolog\u00eda de delito en el Derecho Penal Internacional. 'En Portada' abordar\u00e1 este lunes los efectos sobre el ecosistema y la poblaci\u00f3n de Indonesia del cultivo masivo","twitter:creator":"@nbasturias","twitter:image":"https:\/\/candas365.es\/noticias\/wp-content\/uploads\/2017\/11\/1510392399052.jpg","twitter:label1":"Escrito por","twitter:data1":"Cand\u00e1s 365","twitter:label2":"Tiempo de lectura estimado","twitter:data2":"2 minutos"},"aioseo_meta_data":{"post_id":"84329","title":null,"description":null,"keywords":null,"keyphrases":null,"primary_term":null,"canonical_url":null,"og_title":null,"og_description":null,"og_object_type":"default","og_image_type":"default","og_image_url":null,"og_image_width":null,"og_image_height":null,"og_image_custom_url":null,"og_image_custom_fields":null,"og_video":null,"og_custom_url":null,"og_article_section":null,"og_article_tags":null,"twitter_use_og":false,"twitter_card":"default","twitter_image_type":"default","twitter_image_url":null,"twitter_image_custom_url":null,"twitter_image_custom_fields":null,"twitter_title":null,"twitter_description":null,"schema":{"blockGraphs":[],"customGraphs":[],"default":{"data":{"Article":[],"Course":[],"Dataset":[],"FAQPage":[],"Movie":[],"Person":[],"Product":[],"ProductReview":[],"Car":[],"Recipe":[],"Service":[],"SoftwareApplication":[],"WebPage":[]},"graphName":"","isEnabled":true},"graphs":[],"defaultGraph":"","defaultPostTypeGraph":""},"schema_type":null,"schema_type_options":null,"pillar_content":false,"robots_default":true,"robots_noindex":false,"robots_noarchive":false,"robots_nosnippet":false,"robots_nofollow":false,"robots_noimageindex":false,"robots_noodp":false,"robots_notranslate":false,"robots_max_snippet":null,"robots_max_videopreview":null,"robots_max_imagepreview":"large","priority":null,"frequency":null,"location":null,"local_seo":null,"seo_analyzer_scan_date":"2025-08-26 05:30:16","breadcrumb_settings":null,"limit_modified_date":false,"reviewed_by":null,"open_ai":null,"ai":null,"created":"2020-12-21 12:25:56","updated":"2025-08-26 05:30:16"},"aioseo_breadcrumb":"<div class=\"aioseo-breadcrumbs\"><span class=\"aioseo-breadcrumb\">\n\t<a href=\"https:\/\/candas365.es\/noticias\" title=\"Home\">Home<\/a>\n<\/span><span class=\"aioseo-breadcrumb-separator\">&ndash;<\/span><span class=\"aioseo-breadcrumb\">\n\t<a href=\"https:\/\/candas365.es\/noticias\/category\/agenda\/\" title=\"Agenda\">Agenda<\/a>\n<\/span><span class=\"aioseo-breadcrumb-separator\">&ndash;<\/span><span class=\"aioseo-breadcrumb\">\n\t\u201cEcocidio\u201d est\u00e9 lunes \u201cEn Portada\u201d\n<\/span><\/div>","aioseo_breadcrumb_json":[{"label":"Home","link":"https:\/\/candas365.es\/noticias"},{"label":"Agenda","link":"https:\/\/candas365.es\/noticias\/category\/agenda\/"},{"label":"\u201cEcocidio\u201d est\u00e9 lunes \u201cEn Portada\u201d","link":"https:\/\/candas365.es\/noticias\/ecocidio-este-lunes-en-portada\/"}],"_links":{"self":[{"href":"https:\/\/candas365.es\/noticias\/wp-json\/wp\/v2\/posts\/84329","targetHints":{"allow":["GET"]}}],"collection":[{"href":"https:\/\/candas365.es\/noticias\/wp-json\/wp\/v2\/posts"}],"about":[{"href":"https:\/\/candas365.es\/noticias\/wp-json\/wp\/v2\/types\/post"}],"author":[{"embeddable":true,"href":"https:\/\/candas365.es\/noticias\/wp-json\/wp\/v2\/users\/1"}],"replies":[{"embeddable":true,"href":"https:\/\/candas365.es\/noticias\/wp-json\/wp\/v2\/comments?post=84329"}],"version-history":[{"count":0,"href":"https:\/\/candas365.es\/noticias\/wp-json\/wp\/v2\/posts\/84329\/revisions"}],"wp:featuredmedia":[{"embeddable":true,"href":"https:\/\/candas365.es\/noticias\/wp-json\/wp\/v2\/media\/84330"}],"wp:attachment":[{"href":"https:\/\/candas365.es\/noticias\/wp-json\/wp\/v2\/media?parent=84329"}],"wp:term":[{"taxonomy":"category","embeddable":true,"href":"https:\/\/candas365.es\/noticias\/wp-json\/wp\/v2\/categories?post=84329"},{"taxonomy":"post_tag","embeddable":true,"href":"https:\/\/candas365.es\/noticias\/wp-json\/wp\/v2\/tags?post=84329"}],"curies":[{"name":"wp","href":"https:\/\/api.w.org\/{rel}","templated":true}]}}