{"id":84136,"date":"2017-11-10T20:56:54","date_gmt":"2017-11-10T20:56:54","guid":{"rendered":"http:\/\/candas365.es\/noticias\/?p=84136"},"modified":"2017-11-10T20:56:54","modified_gmt":"2017-11-10T20:56:54","slug":"india-martinez-y-blas-canto-el-lunes-en-ot-2017","status":"publish","type":"post","link":"https:\/\/candas365.es\/noticias\/india-martinez-y-blas-canto-el-lunes-en-ot-2017\/","title":{"rendered":"India Mart\u00ednez y Blas Cant\u00f3 el lunes en OT 2017"},"content":{"rendered":"<p><img fetchpriority=\"high\" decoding=\"async\" class=\"alignleft size-medium wp-image-84137\" src=\"https:\/\/candas365.es\/noticias\/wp-content\/uploads\/2017\/11\/OT2017g2-360x203.jpg\" alt=\"\" width=\"360\" height=\"203\" srcset=\"https:\/\/candas365.es\/noticias\/wp-content\/uploads\/2017\/11\/OT2017g2-360x203.jpg 360w, https:\/\/candas365.es\/noticias\/wp-content\/uploads\/2017\/11\/OT2017g2-768x432.jpg 768w, https:\/\/candas365.es\/noticias\/wp-content\/uploads\/2017\/11\/OT2017g2-655x369.jpg 655w, https:\/\/candas365.es\/noticias\/wp-content\/uploads\/2017\/11\/OT2017g2-696x392.jpg 696w, https:\/\/candas365.es\/noticias\/wp-content\/uploads\/2017\/11\/OT2017g2-1068x601.jpg 1068w, https:\/\/candas365.es\/noticias\/wp-content\/uploads\/2017\/11\/OT2017g2-746x420.jpg 746w, https:\/\/candas365.es\/noticias\/wp-content\/uploads\/2017\/11\/OT2017g2-499x280.jpg 499w, https:\/\/candas365.es\/noticias\/wp-content\/uploads\/2017\/11\/OT2017g2.jpg 1180w\" sizes=\"(max-width: 360px) 100vw, 360px\" \/>La tercera gala de \u2018Operaci\u00f3n Triunfo\u2019 contar\u00e1 con las actuaciones en solitario de los nominados: Juan Antonio, que interpretar\u00e1 \u2018A puro dolor\u2019, del grupo Son by Four; y Roi, que interpretar\u00e1 \u2018When we where young\u2019, de Adele.<\/p>\n<p>Pese a no estar nominada, Aitana tambi\u00e9n cantar\u00e1 en solitario \u2018Issues\u2019, de Julia Michaels, ya que en esta gala el n\u00famero de concursantes es impar. El resto de actuaciones ser\u00e1n duetos: Marina y Cepeda cantar\u00e1n \u2018Complicidad\u2019, de Vanesa Mart\u00edn; Agoney y Ricky, \u2018Mientes\u2019, de Camila; Mireia y Raoul, \u2018La quiero a morir\u2019, de Francis Cabrel; Amaia y Alfred, \u2018City of Stars\u2019, de la banda sonora de \u2018La, la, Land\u2019; y Nerea y Ana Guerra, \u2018Cuidate\u2019, de La Oreja de Van Gogh. Adem\u00e1s, cantar\u00e1n juntos el tema \u2018I&#8217;m still standing\u2019, de Elton John.<\/p>\n<p>Tras las actuaciones se conocer\u00e1 el nombre del favorito del p\u00fablico (votado a trav\u00e9s de la App oficial), que no podr\u00e1 ser nominado. El jurado valorar\u00e1 al resto de los concursantes y propondr\u00e1 a 4 para abandonar la Academia. El claustro de profesores y los concursantes salvar\u00e1n a dos. Los otros dos quedar\u00e1n en manos del p\u00fablico y tendr\u00e1n que convencer a los espectadores en solitario en la siguiente gala. Se puede votar mediante la app, las llamadas telef\u00f3nicas y los sms.<\/p>\n<p><strong>India Mart\u00ednez y Blas Cant\u00f3, artistas invitados<\/strong><\/p>\n<p>Dos artistas muy reconocidos de nuestro pa\u00eds acudir\u00e1n como invitados este lunes a \u2018Operaci\u00f3n Triunfo\u2019: India Mart\u00ednez, que cantar\u00e1 su single \u2018Aguasanta\u2019; y Blas Cant\u00f3, que presentar\u00e1 su primer sencillo, \u2018In your bed\u2019.<\/p>\n<p>India Mart\u00ednez se ha confirmado como la figura n\u00famero uno del pop racial espa\u00f1ol con su \u00faltimo \u00e1lbum \u2018Te cuento un secreto\u2019, despu\u00e9s de conseguir el disco de platino con el \u00e1lbum de d\u00faos \u2018Dual\u2019 (2014). Con un Goya, tres nominaciones a los Grammy latinos y siete discos publicados, la voz de India es una de las m\u00e1s impactantes en nuestro pa\u00eds. La gira \u2018Tour Secreto\u2019 est\u00e1 siendo un \u00e9xito y terminar\u00e1 en febrero con los conciertos en Madrid y Barcelona.<\/p>\n<p>Blas Cant\u00f3 ha alcanzado con \u2018In your bed\u2019 los primeros puestos de las listas de ventas, el n\u00famero 1 en singles f\u00edsicos y ha sido nominado como Mejor artista revelaci\u00f3n y Mejor canci\u00f3n en Los 40 Music Awads. El cantante, que fue integrante de la banda Auryn, est\u00e1 ultimando los detalles de su primer disco de estudio en solitario y ha lanzado su segundo sencillo, \u2018Drunk &amp; Irresponsible\u2019.<\/p>\n","protected":false},"excerpt":{"rendered":"<p>La tercera gala de \u2018Operaci\u00f3n Triunfo\u2019 contar\u00e1 con las actuaciones en solitario de los nominados: Juan Antonio, que interpretar\u00e1 \u2018A puro dolor\u2019, del grupo Son by Four; y Roi, que interpretar\u00e1 \u2018When we where young\u2019, de Adele. Pese a no estar nominada, Aitana tambi\u00e9n cantar\u00e1 en solitario \u2018Issues\u2019, de Julia Michaels, ya que en esta<\/p>\n","protected":false},"author":1,"featured_media":84137,"comment_status":"closed","ping_status":"closed","sticky":false,"template":"","format":"standard","meta":{"footnotes":""},"categories":[1],"tags":[],"class_list":{"0":"post-84136","1":"post","2":"type-post","3":"status-publish","4":"format-standard","5":"has-post-thumbnail","7":"category-agenda"},"aioseo_notices":[],"aioseo_head":"\n\t\t<!-- All in One SEO Pro 4.9.6.2 - aioseo.com -->\n\t<meta name=\"description\" content=\"La tercera gala de \u2018Operaci\u00f3n Triunfo\u2019 contar\u00e1 con las actuaciones en solitario de los nominados: Juan Antonio, que interpretar\u00e1 \u2018A puro dolor\u2019, del grupo Son by Four; y Roi, que interpretar\u00e1 \u2018When we where young\u2019, de Adele. Pese a no estar nominada, Aitana tambi\u00e9n cantar\u00e1 en solitario \u2018Issues\u2019, de Julia Michaels, ya que en esta\" \/>\n\t<meta name=\"robots\" content=\"max-image-preview:large\" \/>\n\t<meta name=\"author\" content=\"Cand\u00e1s 365\"\/>\n\t<meta name=\"google-site-verification\" content=\"UA-32230408-1\" \/>\n\t<meta name=\"msvalidate.01\" content=\"354F3CDFB2DA171B47FBE9ABF1F88D5\" \/>\n\t<meta name=\"keywords\" content=\"agenda\" \/>\n\t<link rel=\"canonical\" href=\"https:\/\/candas365.es\/noticias\/india-martinez-y-blas-canto-el-lunes-en-ot-2017\/\" \/>\n\t<meta name=\"generator\" content=\"All in One SEO Pro (AIOSEO) 4.9.6.2\" \/>\n\t\t<meta property=\"og:locale\" content=\"es_ES\" \/>\n\t\t<meta property=\"og:site_name\" content=\"Cand\u00e1s 365\" \/>\n\t\t<meta property=\"og:type\" content=\"article\" \/>\n\t\t<meta property=\"og:title\" content=\"India Mart\u00ednez y Blas Cant\u00f3 el lunes en OT 2017 | Cand\u00e1s 365\" \/>\n\t\t<meta property=\"og:description\" content=\"La tercera gala de \u2018Operaci\u00f3n Triunfo\u2019 contar\u00e1 con las actuaciones en solitario de los nominados: Juan Antonio, que interpretar\u00e1 \u2018A puro dolor\u2019, del grupo Son by Four; y Roi, que interpretar\u00e1 \u2018When we where young\u2019, de Adele. Pese a no estar nominada, Aitana tambi\u00e9n cantar\u00e1 en solitario \u2018Issues\u2019, de Julia Michaels, ya que en esta\" \/>\n\t\t<meta property=\"og:url\" content=\"https:\/\/candas365.es\/noticias\/india-martinez-y-blas-canto-el-lunes-en-ot-2017\/\" \/>\n\t\t<meta property=\"og:image\" content=\"https:\/\/candas365.es\/noticias\/wp-content\/uploads\/2017\/11\/OT2017g2.jpg\" \/>\n\t\t<meta property=\"og:image:secure_url\" content=\"https:\/\/candas365.es\/noticias\/wp-content\/uploads\/2017\/11\/OT2017g2.jpg\" \/>\n\t\t<meta property=\"og:image:width\" content=\"1180\" \/>\n\t\t<meta property=\"og:image:height\" content=\"664\" \/>\n\t\t<meta property=\"article:published_time\" content=\"2017-11-10T20:56:54+00:00\" \/>\n\t\t<meta property=\"article:modified_time\" content=\"2017-11-10T20:56:54+00:00\" \/>\n\t\t<meta property=\"article:publisher\" content=\"https:\/\/www.facebook.com\/Nachofdezber\" \/>\n\t\t<meta property=\"article:author\" content=\"https:\/\/www.facebook.com\/carrenoactualidad\" \/>\n\t\t<meta name=\"twitter:card\" content=\"summary_large_image\" \/>\n\t\t<meta name=\"twitter:site\" content=\"@NabercoDigital\" \/>\n\t\t<meta name=\"twitter:title\" content=\"India Mart\u00ednez y Blas Cant\u00f3 el lunes en OT 2017 | Cand\u00e1s 365\" \/>\n\t\t<meta name=\"twitter:description\" content=\"La tercera gala de \u2018Operaci\u00f3n Triunfo\u2019 contar\u00e1 con las actuaciones en solitario de los nominados: Juan Antonio, que interpretar\u00e1 \u2018A puro dolor\u2019, del grupo Son by Four; y Roi, que interpretar\u00e1 \u2018When we where young\u2019, de Adele. Pese a no estar nominada, Aitana tambi\u00e9n cantar\u00e1 en solitario \u2018Issues\u2019, de Julia Michaels, ya que en esta\" \/>\n\t\t<meta name=\"twitter:creator\" content=\"@nbasturias\" \/>\n\t\t<meta name=\"twitter:image\" content=\"https:\/\/candas365.es\/noticias\/wp-content\/uploads\/2017\/11\/OT2017g2.jpg\" \/>\n\t\t<meta name=\"twitter:label1\" content=\"Escrito por\" \/>\n\t\t<meta name=\"twitter:data1\" content=\"Cand\u00e1s 365\" \/>\n\t\t<meta name=\"twitter:label2\" content=\"Tiempo de lectura estimado\" \/>\n\t\t<meta name=\"twitter:data2\" content=\"2 minutos\" \/>\n\t\t<script type=\"application\/ld+json\" class=\"aioseo-schema\">\n\t\t\t{\"@context\":\"https:\\\/\\\/schema.org\",\"@graph\":[{\"@type\":\"BreadcrumbList\",\"@id\":\"https:\\\/\\\/candas365.es\\\/noticias\\\/india-martinez-y-blas-canto-el-lunes-en-ot-2017\\\/#breadcrumblist\",\"itemListElement\":[{\"@type\":\"ListItem\",\"@id\":\"https:\\\/\\\/candas365.es\\\/noticias#listItem\",\"position\":1,\"name\":\"Home\",\"item\":\"https:\\\/\\\/candas365.es\\\/noticias\",\"nextItem\":{\"@type\":\"ListItem\",\"@id\":\"https:\\\/\\\/candas365.es\\\/noticias\\\/category\\\/agenda\\\/#listItem\",\"name\":\"Agenda\"}},{\"@type\":\"ListItem\",\"@id\":\"https:\\\/\\\/candas365.es\\\/noticias\\\/category\\\/agenda\\\/#listItem\",\"position\":2,\"name\":\"Agenda\",\"item\":\"https:\\\/\\\/candas365.es\\\/noticias\\\/category\\\/agenda\\\/\",\"nextItem\":{\"@type\":\"ListItem\",\"@id\":\"https:\\\/\\\/candas365.es\\\/noticias\\\/india-martinez-y-blas-canto-el-lunes-en-ot-2017\\\/#listItem\",\"name\":\"India Mart\\u00ednez y Blas Cant\\u00f3 el lunes en OT 2017\"},\"previousItem\":{\"@type\":\"ListItem\",\"@id\":\"https:\\\/\\\/candas365.es\\\/noticias#listItem\",\"name\":\"Home\"}},{\"@type\":\"ListItem\",\"@id\":\"https:\\\/\\\/candas365.es\\\/noticias\\\/india-martinez-y-blas-canto-el-lunes-en-ot-2017\\\/#listItem\",\"position\":3,\"name\":\"India Mart\\u00ednez y Blas Cant\\u00f3 el lunes en OT 2017\",\"previousItem\":{\"@type\":\"ListItem\",\"@id\":\"https:\\\/\\\/candas365.es\\\/noticias\\\/category\\\/agenda\\\/#listItem\",\"name\":\"Agenda\"}}]},{\"@type\":\"NewsArticle\",\"@id\":\"https:\\\/\\\/candas365.es\\\/noticias\\\/india-martinez-y-blas-canto-el-lunes-en-ot-2017\\\/#newsarticle\",\"name\":\"India Mart\\u00ednez y Blas Cant\\u00f3 el lunes en OT 2017 | Cand\\u00e1s 365\",\"headline\":\"India Mart\\u00ednez y Blas Cant\\u00f3 el lunes en OT 2017\",\"author\":{\"@id\":\"https:\\\/\\\/candas365.es\\\/noticias\\\/author\\\/admin\\\/#author\"},\"publisher\":{\"@id\":\"https:\\\/\\\/candas365.es\\\/noticias\\\/#organization\"},\"image\":{\"@type\":\"ImageObject\",\"url\":\"https:\\\/\\\/candas365.es\\\/noticias\\\/wp-content\\\/uploads\\\/2017\\\/11\\\/OT2017g2.jpg\",\"width\":1180,\"height\":664},\"datePublished\":\"2017-11-10T20:56:54+01:00\",\"dateModified\":\"2017-11-10T20:56:54+01:00\",\"inLanguage\":\"es-ES\",\"mainEntityOfPage\":{\"@id\":\"https:\\\/\\\/candas365.es\\\/noticias\\\/india-martinez-y-blas-canto-el-lunes-en-ot-2017\\\/#webpage\"},\"isPartOf\":{\"@id\":\"https:\\\/\\\/candas365.es\\\/noticias\\\/india-martinez-y-blas-canto-el-lunes-en-ot-2017\\\/#webpage\"},\"articleSection\":\"Agenda\",\"dateline\":\"Publicado el noviembre 10, 2017.\"},{\"@type\":\"Organization\",\"@id\":\"https:\\\/\\\/candas365.es\\\/noticias\\\/#organization\",\"name\":\"Cand\\u00e1s 365\",\"description\":\"Cand\\u00e1s 365 es un diario digital independiente, fundado en 2012, con base en Asturias. Informamos con rigor sobre actualidad, sociedad, cultura y ocio, con una mirada local y global.\",\"url\":\"https:\\\/\\\/candas365.es\\\/noticias\\\/\",\"email\":\"info@candas365.es\",\"telephone\":\"+34652131393\",\"foundingDate\":\"2012-06-10\",\"logo\":{\"@type\":\"ImageObject\",\"url\":\"https:\\\/\\\/candas365.es\\\/noticias\\\/wp-content\\\/uploads\\\/2024\\\/09\\\/Candas-365-Redes.jpg\",\"@id\":\"https:\\\/\\\/candas365.es\\\/noticias\\\/india-martinez-y-blas-canto-el-lunes-en-ot-2017\\\/#organizationLogo\",\"width\":1152,\"height\":864,\"caption\":\"Cand\\u00e1s 365 Redes\"},\"image\":{\"@id\":\"https:\\\/\\\/candas365.es\\\/noticias\\\/india-martinez-y-blas-canto-el-lunes-en-ot-2017\\\/#organizationLogo\"},\"sameAs\":[\"https:\\\/\\\/www.facebook.com\\\/Nachofdezber\",\"https:\\\/\\\/x.com\\\/NabercoDigital\",\"https:\\\/\\\/www.instagram.com\\\/nachofdezber\\\/\",\"https:\\\/\\\/www.youtube.com\\\/channel\\\/UCZP-2wLEB9Rv6erhFmqVnvg\"],\"address\":{\"@id\":\"https:\\\/\\\/candas365.es\\\/noticias\\\/#postaladdress\",\"@type\":\"PostalAddress\",\"streetAddress\":\"san antonio 4, san antonio 4\",\"postalCode\":\"33430\",\"addressLocality\":\"Cand\\u00e1s\",\"addressRegion\":\"Asturias\",\"addressCountry\":\"ES\"}},{\"@type\":\"Person\",\"@id\":\"https:\\\/\\\/candas365.es\\\/noticias\\\/author\\\/admin\\\/#author\",\"url\":\"https:\\\/\\\/candas365.es\\\/noticias\\\/author\\\/admin\\\/\",\"name\":\"Cand\\u00e1s 365\",\"image\":{\"@type\":\"ImageObject\",\"@id\":\"https:\\\/\\\/candas365.es\\\/noticias\\\/india-martinez-y-blas-canto-el-lunes-en-ot-2017\\\/#authorImage\",\"url\":\"https:\\\/\\\/secure.gravatar.com\\\/avatar\\\/496a8e03d0c493ede1718b7934145dbdf8d89be1036b0eec9544e1094c9de390?s=96&d=mm&r=g\",\"width\":96,\"height\":96,\"caption\":\"Cand\\u00e1s 365\"},\"sameAs\":[\"https:\\\/\\\/www.facebook.com\\\/carrenoactualidad\",\"https:\\\/\\\/twitter.com\\\/nbasturias\",\"https:\\\/\\\/www.instagram.com\\\/nachofdezber\\\/\",\"https:\\\/\\\/www.youtube.com\\\/channel\\\/UCZP-2wLEB9Rv6erhFmqVnvg\"]},{\"@type\":\"WebPage\",\"@id\":\"https:\\\/\\\/candas365.es\\\/noticias\\\/india-martinez-y-blas-canto-el-lunes-en-ot-2017\\\/#webpage\",\"url\":\"https:\\\/\\\/candas365.es\\\/noticias\\\/india-martinez-y-blas-canto-el-lunes-en-ot-2017\\\/\",\"name\":\"India Mart\\u00ednez y Blas Cant\\u00f3 el lunes en OT 2017 | Cand\\u00e1s 365\",\"description\":\"La tercera gala de \\u2018Operaci\\u00f3n Triunfo\\u2019 contar\\u00e1 con las actuaciones en solitario de los nominados: Juan Antonio, que interpretar\\u00e1 \\u2018A puro dolor\\u2019, del grupo Son by Four; y Roi, que interpretar\\u00e1 \\u2018When we where young\\u2019, de Adele. Pese a no estar nominada, Aitana tambi\\u00e9n cantar\\u00e1 en solitario \\u2018Issues\\u2019, de Julia Michaels, ya que en esta\",\"inLanguage\":\"es-ES\",\"isPartOf\":{\"@id\":\"https:\\\/\\\/candas365.es\\\/noticias\\\/#website\"},\"breadcrumb\":{\"@id\":\"https:\\\/\\\/candas365.es\\\/noticias\\\/india-martinez-y-blas-canto-el-lunes-en-ot-2017\\\/#breadcrumblist\"},\"author\":{\"@id\":\"https:\\\/\\\/candas365.es\\\/noticias\\\/author\\\/admin\\\/#author\"},\"creator\":{\"@id\":\"https:\\\/\\\/candas365.es\\\/noticias\\\/author\\\/admin\\\/#author\"},\"image\":{\"@type\":\"ImageObject\",\"url\":\"https:\\\/\\\/candas365.es\\\/noticias\\\/wp-content\\\/uploads\\\/2017\\\/11\\\/OT2017g2.jpg\",\"@id\":\"https:\\\/\\\/candas365.es\\\/noticias\\\/india-martinez-y-blas-canto-el-lunes-en-ot-2017\\\/#mainImage\",\"width\":1180,\"height\":664},\"primaryImageOfPage\":{\"@id\":\"https:\\\/\\\/candas365.es\\\/noticias\\\/india-martinez-y-blas-canto-el-lunes-en-ot-2017\\\/#mainImage\"},\"datePublished\":\"2017-11-10T20:56:54+01:00\",\"dateModified\":\"2017-11-10T20:56:54+01:00\"},{\"@type\":\"WebSite\",\"@id\":\"https:\\\/\\\/candas365.es\\\/noticias\\\/#website\",\"url\":\"https:\\\/\\\/candas365.es\\\/noticias\\\/\",\"name\":\"Cand\\u00e1s 365\",\"alternateName\":\"Cand\\u00e1s 365 Noticias\",\"description\":\"Actualidad desde Carre\\u00f1o para el mundo\",\"inLanguage\":\"es-ES\",\"publisher\":{\"@id\":\"https:\\\/\\\/candas365.es\\\/noticias\\\/#organization\"}}]}\n\t\t<\/script>\n\t\t<!-- All in One SEO Pro -->\r\n\t\t<title>India Mart\u00ednez y Blas Cant\u00f3 el lunes en OT 2017 | Cand\u00e1s 365<\/title>\n\n","aioseo_head_json":{"title":"India Mart\u00ednez y Blas Cant\u00f3 el lunes en OT 2017 | Cand\u00e1s 365","description":"La tercera gala de \u2018Operaci\u00f3n Triunfo\u2019 contar\u00e1 con las actuaciones en solitario de los nominados: Juan Antonio, que interpretar\u00e1 \u2018A puro dolor\u2019, del grupo Son by Four; y Roi, que interpretar\u00e1 \u2018When we where young\u2019, de Adele. Pese a no estar nominada, Aitana tambi\u00e9n cantar\u00e1 en solitario \u2018Issues\u2019, de Julia Michaels, ya que en esta","canonical_url":"https:\/\/candas365.es\/noticias\/india-martinez-y-blas-canto-el-lunes-en-ot-2017\/","robots":"max-image-preview:large","keywords":"agenda","webmasterTools":{"google-site-verification":"UA-32230408-1","msvalidate.01":"354F3CDFB2DA171B47FBE9ABF1F88D5","miscellaneous":""},"schema":{"@context":"https:\/\/schema.org","@graph":[{"@type":"BreadcrumbList","@id":"https:\/\/candas365.es\/noticias\/india-martinez-y-blas-canto-el-lunes-en-ot-2017\/#breadcrumblist","itemListElement":[{"@type":"ListItem","@id":"https:\/\/candas365.es\/noticias#listItem","position":1,"name":"Home","item":"https:\/\/candas365.es\/noticias","nextItem":{"@type":"ListItem","@id":"https:\/\/candas365.es\/noticias\/category\/agenda\/#listItem","name":"Agenda"}},{"@type":"ListItem","@id":"https:\/\/candas365.es\/noticias\/category\/agenda\/#listItem","position":2,"name":"Agenda","item":"https:\/\/candas365.es\/noticias\/category\/agenda\/","nextItem":{"@type":"ListItem","@id":"https:\/\/candas365.es\/noticias\/india-martinez-y-blas-canto-el-lunes-en-ot-2017\/#listItem","name":"India Mart\u00ednez y Blas Cant\u00f3 el lunes en OT 2017"},"previousItem":{"@type":"ListItem","@id":"https:\/\/candas365.es\/noticias#listItem","name":"Home"}},{"@type":"ListItem","@id":"https:\/\/candas365.es\/noticias\/india-martinez-y-blas-canto-el-lunes-en-ot-2017\/#listItem","position":3,"name":"India Mart\u00ednez y Blas Cant\u00f3 el lunes en OT 2017","previousItem":{"@type":"ListItem","@id":"https:\/\/candas365.es\/noticias\/category\/agenda\/#listItem","name":"Agenda"}}]},{"@type":"NewsArticle","@id":"https:\/\/candas365.es\/noticias\/india-martinez-y-blas-canto-el-lunes-en-ot-2017\/#newsarticle","name":"India Mart\u00ednez y Blas Cant\u00f3 el lunes en OT 2017 | Cand\u00e1s 365","headline":"India Mart\u00ednez y Blas Cant\u00f3 el lunes en OT 2017","author":{"@id":"https:\/\/candas365.es\/noticias\/author\/admin\/#author"},"publisher":{"@id":"https:\/\/candas365.es\/noticias\/#organization"},"image":{"@type":"ImageObject","url":"https:\/\/candas365.es\/noticias\/wp-content\/uploads\/2017\/11\/OT2017g2.jpg","width":1180,"height":664},"datePublished":"2017-11-10T20:56:54+01:00","dateModified":"2017-11-10T20:56:54+01:00","inLanguage":"es-ES","mainEntityOfPage":{"@id":"https:\/\/candas365.es\/noticias\/india-martinez-y-blas-canto-el-lunes-en-ot-2017\/#webpage"},"isPartOf":{"@id":"https:\/\/candas365.es\/noticias\/india-martinez-y-blas-canto-el-lunes-en-ot-2017\/#webpage"},"articleSection":"Agenda","dateline":"Publicado el noviembre 10, 2017."},{"@type":"Organization","@id":"https:\/\/candas365.es\/noticias\/#organization","name":"Cand\u00e1s 365","description":"Cand\u00e1s 365 es un diario digital independiente, fundado en 2012, con base en Asturias. Informamos con rigor sobre actualidad, sociedad, cultura y ocio, con una mirada local y global.","url":"https:\/\/candas365.es\/noticias\/","email":"info@candas365.es","telephone":"+34652131393","foundingDate":"2012-06-10","logo":{"@type":"ImageObject","url":"https:\/\/candas365.es\/noticias\/wp-content\/uploads\/2024\/09\/Candas-365-Redes.jpg","@id":"https:\/\/candas365.es\/noticias\/india-martinez-y-blas-canto-el-lunes-en-ot-2017\/#organizationLogo","width":1152,"height":864,"caption":"Cand\u00e1s 365 Redes"},"image":{"@id":"https:\/\/candas365.es\/noticias\/india-martinez-y-blas-canto-el-lunes-en-ot-2017\/#organizationLogo"},"sameAs":["https:\/\/www.facebook.com\/Nachofdezber","https:\/\/x.com\/NabercoDigital","https:\/\/www.instagram.com\/nachofdezber\/","https:\/\/www.youtube.com\/channel\/UCZP-2wLEB9Rv6erhFmqVnvg"],"address":{"@id":"https:\/\/candas365.es\/noticias\/#postaladdress","@type":"PostalAddress","streetAddress":"san antonio 4, san antonio 4","postalCode":"33430","addressLocality":"Cand\u00e1s","addressRegion":"Asturias","addressCountry":"ES"}},{"@type":"Person","@id":"https:\/\/candas365.es\/noticias\/author\/admin\/#author","url":"https:\/\/candas365.es\/noticias\/author\/admin\/","name":"Cand\u00e1s 365","image":{"@type":"ImageObject","@id":"https:\/\/candas365.es\/noticias\/india-martinez-y-blas-canto-el-lunes-en-ot-2017\/#authorImage","url":"https:\/\/secure.gravatar.com\/avatar\/496a8e03d0c493ede1718b7934145dbdf8d89be1036b0eec9544e1094c9de390?s=96&d=mm&r=g","width":96,"height":96,"caption":"Cand\u00e1s 365"},"sameAs":["https:\/\/www.facebook.com\/carrenoactualidad","https:\/\/twitter.com\/nbasturias","https:\/\/www.instagram.com\/nachofdezber\/","https:\/\/www.youtube.com\/channel\/UCZP-2wLEB9Rv6erhFmqVnvg"]},{"@type":"WebPage","@id":"https:\/\/candas365.es\/noticias\/india-martinez-y-blas-canto-el-lunes-en-ot-2017\/#webpage","url":"https:\/\/candas365.es\/noticias\/india-martinez-y-blas-canto-el-lunes-en-ot-2017\/","name":"India Mart\u00ednez y Blas Cant\u00f3 el lunes en OT 2017 | Cand\u00e1s 365","description":"La tercera gala de \u2018Operaci\u00f3n Triunfo\u2019 contar\u00e1 con las actuaciones en solitario de los nominados: Juan Antonio, que interpretar\u00e1 \u2018A puro dolor\u2019, del grupo Son by Four; y Roi, que interpretar\u00e1 \u2018When we where young\u2019, de Adele. Pese a no estar nominada, Aitana tambi\u00e9n cantar\u00e1 en solitario \u2018Issues\u2019, de Julia Michaels, ya que en esta","inLanguage":"es-ES","isPartOf":{"@id":"https:\/\/candas365.es\/noticias\/#website"},"breadcrumb":{"@id":"https:\/\/candas365.es\/noticias\/india-martinez-y-blas-canto-el-lunes-en-ot-2017\/#breadcrumblist"},"author":{"@id":"https:\/\/candas365.es\/noticias\/author\/admin\/#author"},"creator":{"@id":"https:\/\/candas365.es\/noticias\/author\/admin\/#author"},"image":{"@type":"ImageObject","url":"https:\/\/candas365.es\/noticias\/wp-content\/uploads\/2017\/11\/OT2017g2.jpg","@id":"https:\/\/candas365.es\/noticias\/india-martinez-y-blas-canto-el-lunes-en-ot-2017\/#mainImage","width":1180,"height":664},"primaryImageOfPage":{"@id":"https:\/\/candas365.es\/noticias\/india-martinez-y-blas-canto-el-lunes-en-ot-2017\/#mainImage"},"datePublished":"2017-11-10T20:56:54+01:00","dateModified":"2017-11-10T20:56:54+01:00"},{"@type":"WebSite","@id":"https:\/\/candas365.es\/noticias\/#website","url":"https:\/\/candas365.es\/noticias\/","name":"Cand\u00e1s 365","alternateName":"Cand\u00e1s 365 Noticias","description":"Actualidad desde Carre\u00f1o para el mundo","inLanguage":"es-ES","publisher":{"@id":"https:\/\/candas365.es\/noticias\/#organization"}}]},"og:locale":"es_ES","og:site_name":"Cand\u00e1s 365","og:type":"article","og:title":"India Mart\u00ednez y Blas Cant\u00f3 el lunes en OT 2017 | Cand\u00e1s 365","og:description":"La tercera gala de \u2018Operaci\u00f3n Triunfo\u2019 contar\u00e1 con las actuaciones en solitario de los nominados: Juan Antonio, que interpretar\u00e1 \u2018A puro dolor\u2019, del grupo Son by Four; y Roi, que interpretar\u00e1 \u2018When we where young\u2019, de Adele. Pese a no estar nominada, Aitana tambi\u00e9n cantar\u00e1 en solitario \u2018Issues\u2019, de Julia Michaels, ya que en esta","og:url":"https:\/\/candas365.es\/noticias\/india-martinez-y-blas-canto-el-lunes-en-ot-2017\/","og:image":"https:\/\/candas365.es\/noticias\/wp-content\/uploads\/2017\/11\/OT2017g2.jpg","og:image:secure_url":"https:\/\/candas365.es\/noticias\/wp-content\/uploads\/2017\/11\/OT2017g2.jpg","og:image:width":1180,"og:image:height":664,"article:published_time":"2017-11-10T20:56:54+00:00","article:modified_time":"2017-11-10T20:56:54+00:00","article:publisher":"https:\/\/www.facebook.com\/Nachofdezber","article:author":"https:\/\/www.facebook.com\/carrenoactualidad","twitter:card":"summary_large_image","twitter:site":"@NabercoDigital","twitter:title":"India Mart\u00ednez y Blas Cant\u00f3 el lunes en OT 2017 | Cand\u00e1s 365","twitter:description":"La tercera gala de \u2018Operaci\u00f3n Triunfo\u2019 contar\u00e1 con las actuaciones en solitario de los nominados: Juan Antonio, que interpretar\u00e1 \u2018A puro dolor\u2019, del grupo Son by Four; y Roi, que interpretar\u00e1 \u2018When we where young\u2019, de Adele. Pese a no estar nominada, Aitana tambi\u00e9n cantar\u00e1 en solitario \u2018Issues\u2019, de Julia Michaels, ya que en esta","twitter:creator":"@nbasturias","twitter:image":"https:\/\/candas365.es\/noticias\/wp-content\/uploads\/2017\/11\/OT2017g2.jpg","twitter:label1":"Escrito por","twitter:data1":"Cand\u00e1s 365","twitter:label2":"Tiempo de lectura estimado","twitter:data2":"2 minutos"},"aioseo_meta_data":{"post_id":"84136","title":null,"description":null,"keywords":null,"keyphrases":null,"primary_term":null,"canonical_url":null,"og_title":null,"og_description":null,"og_object_type":"default","og_image_type":"default","og_image_url":null,"og_image_width":null,"og_image_height":null,"og_image_custom_url":null,"og_image_custom_fields":null,"og_video":null,"og_custom_url":null,"og_article_section":null,"og_article_tags":null,"twitter_use_og":false,"twitter_card":"default","twitter_image_type":"default","twitter_image_url":null,"twitter_image_custom_url":null,"twitter_image_custom_fields":null,"twitter_title":null,"twitter_description":null,"schema":{"blockGraphs":[],"customGraphs":[],"default":{"data":{"Article":[],"Course":[],"Dataset":[],"FAQPage":[],"Movie":[],"Person":[],"Product":[],"ProductReview":[],"Car":[],"Recipe":[],"Service":[],"SoftwareApplication":[],"WebPage":[]},"graphName":"","isEnabled":true},"graphs":[],"defaultGraph":"","defaultPostTypeGraph":""},"schema_type":null,"schema_type_options":null,"pillar_content":false,"robots_default":true,"robots_noindex":false,"robots_noarchive":false,"robots_nosnippet":false,"robots_nofollow":false,"robots_noimageindex":false,"robots_noodp":false,"robots_notranslate":false,"robots_max_snippet":null,"robots_max_videopreview":null,"robots_max_imagepreview":"large","priority":null,"frequency":null,"location":null,"local_seo":null,"seo_analyzer_scan_date":"2025-08-26 05:14:15","breadcrumb_settings":null,"limit_modified_date":false,"reviewed_by":null,"open_ai":null,"ai":null,"created":"2020-12-21 12:26:58","updated":"2025-08-26 05:14:15"},"aioseo_breadcrumb":"<div class=\"aioseo-breadcrumbs\"><span class=\"aioseo-breadcrumb\">\n\t<a href=\"https:\/\/candas365.es\/noticias\" title=\"Home\">Home<\/a>\n<\/span><span class=\"aioseo-breadcrumb-separator\">&ndash;<\/span><span class=\"aioseo-breadcrumb\">\n\t<a href=\"https:\/\/candas365.es\/noticias\/category\/agenda\/\" title=\"Agenda\">Agenda<\/a>\n<\/span><span class=\"aioseo-breadcrumb-separator\">&ndash;<\/span><span class=\"aioseo-breadcrumb\">\n\tIndia Mart\u00ednez y Blas Cant\u00f3 el lunes en OT 2017\n<\/span><\/div>","aioseo_breadcrumb_json":[{"label":"Home","link":"https:\/\/candas365.es\/noticias"},{"label":"Agenda","link":"https:\/\/candas365.es\/noticias\/category\/agenda\/"},{"label":"India Mart\u00ednez y Blas Cant\u00f3 el lunes en OT 2017","link":"https:\/\/candas365.es\/noticias\/india-martinez-y-blas-canto-el-lunes-en-ot-2017\/"}],"_links":{"self":[{"href":"https:\/\/candas365.es\/noticias\/wp-json\/wp\/v2\/posts\/84136","targetHints":{"allow":["GET"]}}],"collection":[{"href":"https:\/\/candas365.es\/noticias\/wp-json\/wp\/v2\/posts"}],"about":[{"href":"https:\/\/candas365.es\/noticias\/wp-json\/wp\/v2\/types\/post"}],"author":[{"embeddable":true,"href":"https:\/\/candas365.es\/noticias\/wp-json\/wp\/v2\/users\/1"}],"replies":[{"embeddable":true,"href":"https:\/\/candas365.es\/noticias\/wp-json\/wp\/v2\/comments?post=84136"}],"version-history":[{"count":0,"href":"https:\/\/candas365.es\/noticias\/wp-json\/wp\/v2\/posts\/84136\/revisions"}],"wp:featuredmedia":[{"embeddable":true,"href":"https:\/\/candas365.es\/noticias\/wp-json\/wp\/v2\/media\/84137"}],"wp:attachment":[{"href":"https:\/\/candas365.es\/noticias\/wp-json\/wp\/v2\/media?parent=84136"}],"wp:term":[{"taxonomy":"category","embeddable":true,"href":"https:\/\/candas365.es\/noticias\/wp-json\/wp\/v2\/categories?post=84136"},{"taxonomy":"post_tag","embeddable":true,"href":"https:\/\/candas365.es\/noticias\/wp-json\/wp\/v2\/tags?post=84136"}],"curies":[{"name":"wp","href":"https:\/\/api.w.org\/{rel}","templated":true}]}}