{"id":84069,"date":"2017-11-10T18:57:04","date_gmt":"2017-11-10T18:57:04","guid":{"rendered":"http:\/\/candas365.es\/noticias\/?p=84069"},"modified":"2017-11-10T18:57:04","modified_gmt":"2017-11-10T18:57:04","slug":"cultura-de-genero-en-candas","status":"publish","type":"post","link":"https:\/\/candas365.es\/noticias\/cultura-de-genero-en-candas\/","title":{"rendered":"Cultura de G\u00e9nero, en Cand\u00e1s"},"content":{"rendered":"<p><img fetchpriority=\"high\" decoding=\"async\" class=\"alignleft size-medium wp-image-84070\" src=\"https:\/\/candas365.es\/noticias\/wp-content\/uploads\/2017\/11\/coffee-2608864_960_720-360x240.jpg\" alt=\"\" width=\"360\" height=\"240\" srcset=\"https:\/\/candas365.es\/noticias\/wp-content\/uploads\/2017\/11\/coffee-2608864_960_720-360x240.jpg 360w, https:\/\/candas365.es\/noticias\/wp-content\/uploads\/2017\/11\/coffee-2608864_960_720-768x512.jpg 768w, https:\/\/candas365.es\/noticias\/wp-content\/uploads\/2017\/11\/coffee-2608864_960_720-655x437.jpg 655w, https:\/\/candas365.es\/noticias\/wp-content\/uploads\/2017\/11\/coffee-2608864_960_720-696x464.jpg 696w, https:\/\/candas365.es\/noticias\/wp-content\/uploads\/2017\/11\/coffee-2608864_960_720-630x420.jpg 630w, https:\/\/candas365.es\/noticias\/wp-content\/uploads\/2017\/11\/coffee-2608864_960_720-84x55.jpg 84w, https:\/\/candas365.es\/noticias\/wp-content\/uploads\/2017\/11\/coffee-2608864_960_720.jpg 960w\" sizes=\"(max-width: 360px) 100vw, 360px\" \/>La Casa de Encuentros de las Mujeres de Carre\u00f1o acoge desde hoy, y en sucesivos viernes 17 y 24 de Noviembre y el viernes 1 de Diciembre de 16:30 a 18:30, esta actividad formativa.<\/p>\n<p>La misma forma parte de las actividades que impulsa la Asociaci\u00f3n Regional Mujeres con Tiempo Propio para mujeres mayores de 50 a\u00f1os que participaron y concluyeron el programa \u201c Tiempo Propio\u201d. Esta asociaci\u00f3n regional en la actualidad cuenta con doce vocal\u00edas, entre ellas una en el concejo de Carre\u00f1o.<\/p>\n<p>El taller que imparten en Cand\u00e1s tiene dos l\u00edneas de trabajo; la primera dar a conocer el Pacto Social contra la violencia de g\u00e9nero, la segunda visibilizar el papel de mujeres en la historia.<\/p>\n<p>Este taller se complementar\u00e1 adem\u00e1s con otras actividades culturales en las que participar\u00e1n el resto de vocal\u00edas de Asturias. Incluir\u00edan salidas a la Cueva de El Sidr\u00f3n o el Monasterio de Santa Maria Real de Las Huelgas.<\/p>\n<p>Adem\u00e1s en Mayo del 2018 se realizar\u00e1 la Jornada de Encuentro Anual de las Vocal\u00edas de Mujeres con Tiempo Propio en Asturias. Este a\u00f1o est\u00e1 previsto que el encuentro se realice en San Mart\u00edn del Rey Aurelio, ultima vocal\u00eda que a\u00fan no hab\u00eda acogido tal evento. Hasta la fecha han venido rotando el encuentro anual por todas las localidades.<\/p>\n","protected":false},"excerpt":{"rendered":"<p>La Casa de Encuentros de las Mujeres de Carre\u00f1o acoge desde hoy, y en sucesivos viernes 17 y 24 de Noviembre y el viernes 1 de Diciembre de 16:30 a 18:30, esta actividad formativa. La misma forma parte de las actividades que impulsa la Asociaci\u00f3n Regional Mujeres con Tiempo Propio para mujeres mayores de 50<\/p>\n","protected":false},"author":1,"featured_media":84070,"comment_status":"closed","ping_status":"closed","sticky":false,"template":"","format":"standard","meta":{"footnotes":""},"categories":[2],"tags":[],"class_list":{"0":"post-84069","1":"post","2":"type-post","3":"status-publish","4":"format-standard","5":"has-post-thumbnail","7":"category-noticias-carreno"},"aioseo_notices":[],"aioseo_head":"\n\t\t<!-- All in One SEO Pro 4.9.6.2 - aioseo.com -->\n\t<meta name=\"description\" content=\"La Casa de Encuentros de las Mujeres de Carre\u00f1o acoge desde hoy, y en sucesivos viernes 17 y 24 de Noviembre y el viernes 1 de Diciembre de 16:30 a 18:30, esta actividad formativa. La misma forma parte de las actividades que impulsa la Asociaci\u00f3n Regional Mujeres con Tiempo Propio para mujeres mayores de 50\" \/>\n\t<meta name=\"robots\" content=\"max-image-preview:large\" \/>\n\t<meta name=\"author\" content=\"Cand\u00e1s 365\"\/>\n\t<meta name=\"google-site-verification\" content=\"UA-32230408-1\" \/>\n\t<meta name=\"msvalidate.01\" content=\"354F3CDFB2DA171B47FBE9ABF1F88D5\" \/>\n\t<meta name=\"keywords\" content=\"noticias carre\u00f1o\" \/>\n\t<link rel=\"canonical\" href=\"https:\/\/candas365.es\/noticias\/cultura-de-genero-en-candas\/\" \/>\n\t<meta name=\"generator\" content=\"All in One SEO Pro (AIOSEO) 4.9.6.2\" \/>\n\t\t<meta property=\"og:locale\" content=\"es_ES\" \/>\n\t\t<meta property=\"og:site_name\" content=\"Cand\u00e1s 365\" \/>\n\t\t<meta property=\"og:type\" content=\"article\" \/>\n\t\t<meta property=\"og:title\" content=\"Cultura de G\u00e9nero, en Cand\u00e1s | Cand\u00e1s 365\" \/>\n\t\t<meta property=\"og:description\" content=\"La Casa de Encuentros de las Mujeres de Carre\u00f1o acoge desde hoy, y en sucesivos viernes 17 y 24 de Noviembre y el viernes 1 de Diciembre de 16:30 a 18:30, esta actividad formativa. La misma forma parte de las actividades que impulsa la Asociaci\u00f3n Regional Mujeres con Tiempo Propio para mujeres mayores de 50\" \/>\n\t\t<meta property=\"og:url\" content=\"https:\/\/candas365.es\/noticias\/cultura-de-genero-en-candas\/\" \/>\n\t\t<meta property=\"og:image\" content=\"https:\/\/candas365.es\/noticias\/wp-content\/uploads\/2017\/11\/coffee-2608864_960_720.jpg\" \/>\n\t\t<meta property=\"og:image:secure_url\" content=\"https:\/\/candas365.es\/noticias\/wp-content\/uploads\/2017\/11\/coffee-2608864_960_720.jpg\" \/>\n\t\t<meta property=\"og:image:width\" content=\"960\" \/>\n\t\t<meta property=\"og:image:height\" content=\"640\" \/>\n\t\t<meta property=\"article:published_time\" content=\"2017-11-10T18:57:04+00:00\" \/>\n\t\t<meta property=\"article:modified_time\" content=\"2017-11-10T18:57:04+00:00\" \/>\n\t\t<meta property=\"article:publisher\" content=\"https:\/\/www.facebook.com\/Nachofdezber\" \/>\n\t\t<meta property=\"article:author\" content=\"https:\/\/www.facebook.com\/carrenoactualidad\" \/>\n\t\t<meta name=\"twitter:card\" content=\"summary_large_image\" \/>\n\t\t<meta name=\"twitter:site\" content=\"@NabercoDigital\" \/>\n\t\t<meta name=\"twitter:title\" content=\"Cultura de G\u00e9nero, en Cand\u00e1s | Cand\u00e1s 365\" \/>\n\t\t<meta name=\"twitter:description\" content=\"La Casa de Encuentros de las Mujeres de Carre\u00f1o acoge desde hoy, y en sucesivos viernes 17 y 24 de Noviembre y el viernes 1 de Diciembre de 16:30 a 18:30, esta actividad formativa. La misma forma parte de las actividades que impulsa la Asociaci\u00f3n Regional Mujeres con Tiempo Propio para mujeres mayores de 50\" \/>\n\t\t<meta name=\"twitter:creator\" content=\"@nbasturias\" \/>\n\t\t<meta name=\"twitter:image\" content=\"https:\/\/candas365.es\/noticias\/wp-content\/uploads\/2017\/11\/coffee-2608864_960_720.jpg\" \/>\n\t\t<meta name=\"twitter:label1\" content=\"Escrito por\" \/>\n\t\t<meta name=\"twitter:data1\" content=\"Cand\u00e1s 365\" \/>\n\t\t<meta name=\"twitter:label2\" content=\"Tiempo de lectura estimado\" \/>\n\t\t<meta name=\"twitter:data2\" content=\"1 minuto\" \/>\n\t\t<script type=\"application\/ld+json\" class=\"aioseo-schema\">\n\t\t\t{\"@context\":\"https:\\\/\\\/schema.org\",\"@graph\":[{\"@type\":\"BreadcrumbList\",\"@id\":\"https:\\\/\\\/candas365.es\\\/noticias\\\/cultura-de-genero-en-candas\\\/#breadcrumblist\",\"itemListElement\":[{\"@type\":\"ListItem\",\"@id\":\"https:\\\/\\\/candas365.es\\\/noticias#listItem\",\"position\":1,\"name\":\"Home\",\"item\":\"https:\\\/\\\/candas365.es\\\/noticias\",\"nextItem\":{\"@type\":\"ListItem\",\"@id\":\"https:\\\/\\\/candas365.es\\\/noticias\\\/category\\\/noticias-carreno\\\/#listItem\",\"name\":\"Noticias Carre\\u00f1o\"}},{\"@type\":\"ListItem\",\"@id\":\"https:\\\/\\\/candas365.es\\\/noticias\\\/category\\\/noticias-carreno\\\/#listItem\",\"position\":2,\"name\":\"Noticias Carre\\u00f1o\",\"item\":\"https:\\\/\\\/candas365.es\\\/noticias\\\/category\\\/noticias-carreno\\\/\",\"nextItem\":{\"@type\":\"ListItem\",\"@id\":\"https:\\\/\\\/candas365.es\\\/noticias\\\/cultura-de-genero-en-candas\\\/#listItem\",\"name\":\"Cultura de G\\u00e9nero, en Cand\\u00e1s\"},\"previousItem\":{\"@type\":\"ListItem\",\"@id\":\"https:\\\/\\\/candas365.es\\\/noticias#listItem\",\"name\":\"Home\"}},{\"@type\":\"ListItem\",\"@id\":\"https:\\\/\\\/candas365.es\\\/noticias\\\/cultura-de-genero-en-candas\\\/#listItem\",\"position\":3,\"name\":\"Cultura de G\\u00e9nero, en Cand\\u00e1s\",\"previousItem\":{\"@type\":\"ListItem\",\"@id\":\"https:\\\/\\\/candas365.es\\\/noticias\\\/category\\\/noticias-carreno\\\/#listItem\",\"name\":\"Noticias Carre\\u00f1o\"}}]},{\"@type\":\"NewsArticle\",\"@id\":\"https:\\\/\\\/candas365.es\\\/noticias\\\/cultura-de-genero-en-candas\\\/#newsarticle\",\"name\":\"Cultura de G\\u00e9nero, en Cand\\u00e1s | Cand\\u00e1s 365\",\"headline\":\"Cultura de G\\u00e9nero, en Cand\\u00e1s\",\"author\":{\"@id\":\"https:\\\/\\\/candas365.es\\\/noticias\\\/author\\\/admin\\\/#author\"},\"publisher\":{\"@id\":\"https:\\\/\\\/candas365.es\\\/noticias\\\/#organization\"},\"image\":{\"@type\":\"ImageObject\",\"url\":\"https:\\\/\\\/candas365.es\\\/noticias\\\/wp-content\\\/uploads\\\/2017\\\/11\\\/coffee-2608864_960_720.jpg\",\"width\":960,\"height\":640},\"datePublished\":\"2017-11-10T18:57:04+01:00\",\"dateModified\":\"2017-11-10T18:57:04+01:00\",\"inLanguage\":\"es-ES\",\"mainEntityOfPage\":{\"@id\":\"https:\\\/\\\/candas365.es\\\/noticias\\\/cultura-de-genero-en-candas\\\/#webpage\"},\"isPartOf\":{\"@id\":\"https:\\\/\\\/candas365.es\\\/noticias\\\/cultura-de-genero-en-candas\\\/#webpage\"},\"articleSection\":\"Noticias Carre\\u00f1o\",\"dateline\":\"Publicado el noviembre 10, 2017.\"},{\"@type\":\"Organization\",\"@id\":\"https:\\\/\\\/candas365.es\\\/noticias\\\/#organization\",\"name\":\"Cand\\u00e1s 365\",\"description\":\"Cand\\u00e1s 365 es un diario digital independiente, fundado en 2012, con base en Asturias. Informamos con rigor sobre actualidad, sociedad, cultura y ocio, con una mirada local y global.\",\"url\":\"https:\\\/\\\/candas365.es\\\/noticias\\\/\",\"email\":\"info@candas365.es\",\"telephone\":\"+34652131393\",\"foundingDate\":\"2012-06-10\",\"logo\":{\"@type\":\"ImageObject\",\"url\":\"https:\\\/\\\/candas365.es\\\/noticias\\\/wp-content\\\/uploads\\\/2024\\\/09\\\/Candas-365-Redes.jpg\",\"@id\":\"https:\\\/\\\/candas365.es\\\/noticias\\\/cultura-de-genero-en-candas\\\/#organizationLogo\",\"width\":1152,\"height\":864,\"caption\":\"Cand\\u00e1s 365 Redes\"},\"image\":{\"@id\":\"https:\\\/\\\/candas365.es\\\/noticias\\\/cultura-de-genero-en-candas\\\/#organizationLogo\"},\"sameAs\":[\"https:\\\/\\\/www.facebook.com\\\/Nachofdezber\",\"https:\\\/\\\/x.com\\\/NabercoDigital\",\"https:\\\/\\\/www.instagram.com\\\/nachofdezber\\\/\",\"https:\\\/\\\/www.youtube.com\\\/channel\\\/UCZP-2wLEB9Rv6erhFmqVnvg\"],\"address\":{\"@id\":\"https:\\\/\\\/candas365.es\\\/noticias\\\/#postaladdress\",\"@type\":\"PostalAddress\",\"streetAddress\":\"san antonio 4, san antonio 4\",\"postalCode\":\"33430\",\"addressLocality\":\"Cand\\u00e1s\",\"addressRegion\":\"Asturias\",\"addressCountry\":\"ES\"}},{\"@type\":\"Person\",\"@id\":\"https:\\\/\\\/candas365.es\\\/noticias\\\/author\\\/admin\\\/#author\",\"url\":\"https:\\\/\\\/candas365.es\\\/noticias\\\/author\\\/admin\\\/\",\"name\":\"Cand\\u00e1s 365\",\"image\":{\"@type\":\"ImageObject\",\"@id\":\"https:\\\/\\\/candas365.es\\\/noticias\\\/cultura-de-genero-en-candas\\\/#authorImage\",\"url\":\"https:\\\/\\\/secure.gravatar.com\\\/avatar\\\/496a8e03d0c493ede1718b7934145dbdf8d89be1036b0eec9544e1094c9de390?s=96&d=mm&r=g\",\"width\":96,\"height\":96,\"caption\":\"Cand\\u00e1s 365\"},\"sameAs\":[\"https:\\\/\\\/www.facebook.com\\\/carrenoactualidad\",\"https:\\\/\\\/twitter.com\\\/nbasturias\",\"https:\\\/\\\/www.instagram.com\\\/nachofdezber\\\/\",\"https:\\\/\\\/www.youtube.com\\\/channel\\\/UCZP-2wLEB9Rv6erhFmqVnvg\"]},{\"@type\":\"WebPage\",\"@id\":\"https:\\\/\\\/candas365.es\\\/noticias\\\/cultura-de-genero-en-candas\\\/#webpage\",\"url\":\"https:\\\/\\\/candas365.es\\\/noticias\\\/cultura-de-genero-en-candas\\\/\",\"name\":\"Cultura de G\\u00e9nero, en Cand\\u00e1s | Cand\\u00e1s 365\",\"description\":\"La Casa de Encuentros de las Mujeres de Carre\\u00f1o acoge desde hoy, y en sucesivos viernes 17 y 24 de Noviembre y el viernes 1 de Diciembre de 16:30 a 18:30, esta actividad formativa. La misma forma parte de las actividades que impulsa la Asociaci\\u00f3n Regional Mujeres con Tiempo Propio para mujeres mayores de 50\",\"inLanguage\":\"es-ES\",\"isPartOf\":{\"@id\":\"https:\\\/\\\/candas365.es\\\/noticias\\\/#website\"},\"breadcrumb\":{\"@id\":\"https:\\\/\\\/candas365.es\\\/noticias\\\/cultura-de-genero-en-candas\\\/#breadcrumblist\"},\"author\":{\"@id\":\"https:\\\/\\\/candas365.es\\\/noticias\\\/author\\\/admin\\\/#author\"},\"creator\":{\"@id\":\"https:\\\/\\\/candas365.es\\\/noticias\\\/author\\\/admin\\\/#author\"},\"image\":{\"@type\":\"ImageObject\",\"url\":\"https:\\\/\\\/candas365.es\\\/noticias\\\/wp-content\\\/uploads\\\/2017\\\/11\\\/coffee-2608864_960_720.jpg\",\"@id\":\"https:\\\/\\\/candas365.es\\\/noticias\\\/cultura-de-genero-en-candas\\\/#mainImage\",\"width\":960,\"height\":640},\"primaryImageOfPage\":{\"@id\":\"https:\\\/\\\/candas365.es\\\/noticias\\\/cultura-de-genero-en-candas\\\/#mainImage\"},\"datePublished\":\"2017-11-10T18:57:04+01:00\",\"dateModified\":\"2017-11-10T18:57:04+01:00\"},{\"@type\":\"WebSite\",\"@id\":\"https:\\\/\\\/candas365.es\\\/noticias\\\/#website\",\"url\":\"https:\\\/\\\/candas365.es\\\/noticias\\\/\",\"name\":\"Cand\\u00e1s 365\",\"alternateName\":\"Cand\\u00e1s 365 Noticias\",\"description\":\"Actualidad desde Carre\\u00f1o para el mundo\",\"inLanguage\":\"es-ES\",\"publisher\":{\"@id\":\"https:\\\/\\\/candas365.es\\\/noticias\\\/#organization\"}}]}\n\t\t<\/script>\n\t\t<!-- All in One SEO Pro -->\r\n\t\t<title>Cultura de G\u00e9nero, en Cand\u00e1s | Cand\u00e1s 365<\/title>\n\n","aioseo_head_json":{"title":"Cultura de G\u00e9nero, en Cand\u00e1s | Cand\u00e1s 365","description":"La Casa de Encuentros de las Mujeres de Carre\u00f1o acoge desde hoy, y en sucesivos viernes 17 y 24 de Noviembre y el viernes 1 de Diciembre de 16:30 a 18:30, esta actividad formativa. La misma forma parte de las actividades que impulsa la Asociaci\u00f3n Regional Mujeres con Tiempo Propio para mujeres mayores de 50","canonical_url":"https:\/\/candas365.es\/noticias\/cultura-de-genero-en-candas\/","robots":"max-image-preview:large","keywords":"noticias carre\u00f1o","webmasterTools":{"google-site-verification":"UA-32230408-1","msvalidate.01":"354F3CDFB2DA171B47FBE9ABF1F88D5","miscellaneous":""},"schema":{"@context":"https:\/\/schema.org","@graph":[{"@type":"BreadcrumbList","@id":"https:\/\/candas365.es\/noticias\/cultura-de-genero-en-candas\/#breadcrumblist","itemListElement":[{"@type":"ListItem","@id":"https:\/\/candas365.es\/noticias#listItem","position":1,"name":"Home","item":"https:\/\/candas365.es\/noticias","nextItem":{"@type":"ListItem","@id":"https:\/\/candas365.es\/noticias\/category\/noticias-carreno\/#listItem","name":"Noticias Carre\u00f1o"}},{"@type":"ListItem","@id":"https:\/\/candas365.es\/noticias\/category\/noticias-carreno\/#listItem","position":2,"name":"Noticias Carre\u00f1o","item":"https:\/\/candas365.es\/noticias\/category\/noticias-carreno\/","nextItem":{"@type":"ListItem","@id":"https:\/\/candas365.es\/noticias\/cultura-de-genero-en-candas\/#listItem","name":"Cultura de G\u00e9nero, en Cand\u00e1s"},"previousItem":{"@type":"ListItem","@id":"https:\/\/candas365.es\/noticias#listItem","name":"Home"}},{"@type":"ListItem","@id":"https:\/\/candas365.es\/noticias\/cultura-de-genero-en-candas\/#listItem","position":3,"name":"Cultura de G\u00e9nero, en Cand\u00e1s","previousItem":{"@type":"ListItem","@id":"https:\/\/candas365.es\/noticias\/category\/noticias-carreno\/#listItem","name":"Noticias Carre\u00f1o"}}]},{"@type":"NewsArticle","@id":"https:\/\/candas365.es\/noticias\/cultura-de-genero-en-candas\/#newsarticle","name":"Cultura de G\u00e9nero, en Cand\u00e1s | Cand\u00e1s 365","headline":"Cultura de G\u00e9nero, en Cand\u00e1s","author":{"@id":"https:\/\/candas365.es\/noticias\/author\/admin\/#author"},"publisher":{"@id":"https:\/\/candas365.es\/noticias\/#organization"},"image":{"@type":"ImageObject","url":"https:\/\/candas365.es\/noticias\/wp-content\/uploads\/2017\/11\/coffee-2608864_960_720.jpg","width":960,"height":640},"datePublished":"2017-11-10T18:57:04+01:00","dateModified":"2017-11-10T18:57:04+01:00","inLanguage":"es-ES","mainEntityOfPage":{"@id":"https:\/\/candas365.es\/noticias\/cultura-de-genero-en-candas\/#webpage"},"isPartOf":{"@id":"https:\/\/candas365.es\/noticias\/cultura-de-genero-en-candas\/#webpage"},"articleSection":"Noticias Carre\u00f1o","dateline":"Publicado el noviembre 10, 2017."},{"@type":"Organization","@id":"https:\/\/candas365.es\/noticias\/#organization","name":"Cand\u00e1s 365","description":"Cand\u00e1s 365 es un diario digital independiente, fundado en 2012, con base en Asturias. Informamos con rigor sobre actualidad, sociedad, cultura y ocio, con una mirada local y global.","url":"https:\/\/candas365.es\/noticias\/","email":"info@candas365.es","telephone":"+34652131393","foundingDate":"2012-06-10","logo":{"@type":"ImageObject","url":"https:\/\/candas365.es\/noticias\/wp-content\/uploads\/2024\/09\/Candas-365-Redes.jpg","@id":"https:\/\/candas365.es\/noticias\/cultura-de-genero-en-candas\/#organizationLogo","width":1152,"height":864,"caption":"Cand\u00e1s 365 Redes"},"image":{"@id":"https:\/\/candas365.es\/noticias\/cultura-de-genero-en-candas\/#organizationLogo"},"sameAs":["https:\/\/www.facebook.com\/Nachofdezber","https:\/\/x.com\/NabercoDigital","https:\/\/www.instagram.com\/nachofdezber\/","https:\/\/www.youtube.com\/channel\/UCZP-2wLEB9Rv6erhFmqVnvg"],"address":{"@id":"https:\/\/candas365.es\/noticias\/#postaladdress","@type":"PostalAddress","streetAddress":"san antonio 4, san antonio 4","postalCode":"33430","addressLocality":"Cand\u00e1s","addressRegion":"Asturias","addressCountry":"ES"}},{"@type":"Person","@id":"https:\/\/candas365.es\/noticias\/author\/admin\/#author","url":"https:\/\/candas365.es\/noticias\/author\/admin\/","name":"Cand\u00e1s 365","image":{"@type":"ImageObject","@id":"https:\/\/candas365.es\/noticias\/cultura-de-genero-en-candas\/#authorImage","url":"https:\/\/secure.gravatar.com\/avatar\/496a8e03d0c493ede1718b7934145dbdf8d89be1036b0eec9544e1094c9de390?s=96&d=mm&r=g","width":96,"height":96,"caption":"Cand\u00e1s 365"},"sameAs":["https:\/\/www.facebook.com\/carrenoactualidad","https:\/\/twitter.com\/nbasturias","https:\/\/www.instagram.com\/nachofdezber\/","https:\/\/www.youtube.com\/channel\/UCZP-2wLEB9Rv6erhFmqVnvg"]},{"@type":"WebPage","@id":"https:\/\/candas365.es\/noticias\/cultura-de-genero-en-candas\/#webpage","url":"https:\/\/candas365.es\/noticias\/cultura-de-genero-en-candas\/","name":"Cultura de G\u00e9nero, en Cand\u00e1s | Cand\u00e1s 365","description":"La Casa de Encuentros de las Mujeres de Carre\u00f1o acoge desde hoy, y en sucesivos viernes 17 y 24 de Noviembre y el viernes 1 de Diciembre de 16:30 a 18:30, esta actividad formativa. La misma forma parte de las actividades que impulsa la Asociaci\u00f3n Regional Mujeres con Tiempo Propio para mujeres mayores de 50","inLanguage":"es-ES","isPartOf":{"@id":"https:\/\/candas365.es\/noticias\/#website"},"breadcrumb":{"@id":"https:\/\/candas365.es\/noticias\/cultura-de-genero-en-candas\/#breadcrumblist"},"author":{"@id":"https:\/\/candas365.es\/noticias\/author\/admin\/#author"},"creator":{"@id":"https:\/\/candas365.es\/noticias\/author\/admin\/#author"},"image":{"@type":"ImageObject","url":"https:\/\/candas365.es\/noticias\/wp-content\/uploads\/2017\/11\/coffee-2608864_960_720.jpg","@id":"https:\/\/candas365.es\/noticias\/cultura-de-genero-en-candas\/#mainImage","width":960,"height":640},"primaryImageOfPage":{"@id":"https:\/\/candas365.es\/noticias\/cultura-de-genero-en-candas\/#mainImage"},"datePublished":"2017-11-10T18:57:04+01:00","dateModified":"2017-11-10T18:57:04+01:00"},{"@type":"WebSite","@id":"https:\/\/candas365.es\/noticias\/#website","url":"https:\/\/candas365.es\/noticias\/","name":"Cand\u00e1s 365","alternateName":"Cand\u00e1s 365 Noticias","description":"Actualidad desde Carre\u00f1o para el mundo","inLanguage":"es-ES","publisher":{"@id":"https:\/\/candas365.es\/noticias\/#organization"}}]},"og:locale":"es_ES","og:site_name":"Cand\u00e1s 365","og:type":"article","og:title":"Cultura de G\u00e9nero, en Cand\u00e1s | Cand\u00e1s 365","og:description":"La Casa de Encuentros de las Mujeres de Carre\u00f1o acoge desde hoy, y en sucesivos viernes 17 y 24 de Noviembre y el viernes 1 de Diciembre de 16:30 a 18:30, esta actividad formativa. La misma forma parte de las actividades que impulsa la Asociaci\u00f3n Regional Mujeres con Tiempo Propio para mujeres mayores de 50","og:url":"https:\/\/candas365.es\/noticias\/cultura-de-genero-en-candas\/","og:image":"https:\/\/candas365.es\/noticias\/wp-content\/uploads\/2017\/11\/coffee-2608864_960_720.jpg","og:image:secure_url":"https:\/\/candas365.es\/noticias\/wp-content\/uploads\/2017\/11\/coffee-2608864_960_720.jpg","og:image:width":960,"og:image:height":640,"article:published_time":"2017-11-10T18:57:04+00:00","article:modified_time":"2017-11-10T18:57:04+00:00","article:publisher":"https:\/\/www.facebook.com\/Nachofdezber","article:author":"https:\/\/www.facebook.com\/carrenoactualidad","twitter:card":"summary_large_image","twitter:site":"@NabercoDigital","twitter:title":"Cultura de G\u00e9nero, en Cand\u00e1s | Cand\u00e1s 365","twitter:description":"La Casa de Encuentros de las Mujeres de Carre\u00f1o acoge desde hoy, y en sucesivos viernes 17 y 24 de Noviembre y el viernes 1 de Diciembre de 16:30 a 18:30, esta actividad formativa. La misma forma parte de las actividades que impulsa la Asociaci\u00f3n Regional Mujeres con Tiempo Propio para mujeres mayores de 50","twitter:creator":"@nbasturias","twitter:image":"https:\/\/candas365.es\/noticias\/wp-content\/uploads\/2017\/11\/coffee-2608864_960_720.jpg","twitter:label1":"Escrito por","twitter:data1":"Cand\u00e1s 365","twitter:label2":"Tiempo de lectura estimado","twitter:data2":"1 minuto"},"aioseo_meta_data":{"post_id":"84069","title":null,"description":null,"keywords":null,"keyphrases":null,"primary_term":null,"canonical_url":null,"og_title":null,"og_description":null,"og_object_type":"default","og_image_type":"default","og_image_url":null,"og_image_width":null,"og_image_height":null,"og_image_custom_url":null,"og_image_custom_fields":null,"og_video":null,"og_custom_url":null,"og_article_section":null,"og_article_tags":null,"twitter_use_og":false,"twitter_card":"default","twitter_image_type":"default","twitter_image_url":null,"twitter_image_custom_url":null,"twitter_image_custom_fields":null,"twitter_title":null,"twitter_description":null,"schema":{"blockGraphs":[],"customGraphs":[],"default":{"data":{"Article":[],"Course":[],"Dataset":[],"FAQPage":[],"Movie":[],"Person":[],"Product":[],"ProductReview":[],"Car":[],"Recipe":[],"Service":[],"SoftwareApplication":[],"WebPage":[]},"graphName":"","isEnabled":true},"graphs":[],"defaultGraph":"","defaultPostTypeGraph":""},"schema_type":null,"schema_type_options":null,"pillar_content":false,"robots_default":true,"robots_noindex":false,"robots_noarchive":false,"robots_nosnippet":false,"robots_nofollow":false,"robots_noimageindex":false,"robots_noodp":false,"robots_notranslate":false,"robots_max_snippet":null,"robots_max_videopreview":null,"robots_max_imagepreview":"large","priority":null,"frequency":null,"location":null,"local_seo":null,"seo_analyzer_scan_date":"2025-08-26 05:10:08","breadcrumb_settings":null,"limit_modified_date":false,"reviewed_by":null,"open_ai":null,"ai":null,"created":"2020-12-21 12:27:58","updated":"2025-08-26 05:10:08"},"aioseo_breadcrumb":"<div class=\"aioseo-breadcrumbs\"><span class=\"aioseo-breadcrumb\">\n\t<a href=\"https:\/\/candas365.es\/noticias\" title=\"Home\">Home<\/a>\n<\/span><span class=\"aioseo-breadcrumb-separator\">&ndash;<\/span><span class=\"aioseo-breadcrumb\">\n\t<a href=\"https:\/\/candas365.es\/noticias\/category\/noticias-carreno\/\" title=\"Noticias Carre\u00f1o\">Noticias Carre\u00f1o<\/a>\n<\/span><span class=\"aioseo-breadcrumb-separator\">&ndash;<\/span><span class=\"aioseo-breadcrumb\">\n\tCultura de G\u00e9nero, en Cand\u00e1s\n<\/span><\/div>","aioseo_breadcrumb_json":[{"label":"Home","link":"https:\/\/candas365.es\/noticias"},{"label":"Noticias Carre\u00f1o","link":"https:\/\/candas365.es\/noticias\/category\/noticias-carreno\/"},{"label":"Cultura de G\u00e9nero, en Cand\u00e1s","link":"https:\/\/candas365.es\/noticias\/cultura-de-genero-en-candas\/"}],"_links":{"self":[{"href":"https:\/\/candas365.es\/noticias\/wp-json\/wp\/v2\/posts\/84069","targetHints":{"allow":["GET"]}}],"collection":[{"href":"https:\/\/candas365.es\/noticias\/wp-json\/wp\/v2\/posts"}],"about":[{"href":"https:\/\/candas365.es\/noticias\/wp-json\/wp\/v2\/types\/post"}],"author":[{"embeddable":true,"href":"https:\/\/candas365.es\/noticias\/wp-json\/wp\/v2\/users\/1"}],"replies":[{"embeddable":true,"href":"https:\/\/candas365.es\/noticias\/wp-json\/wp\/v2\/comments?post=84069"}],"version-history":[{"count":0,"href":"https:\/\/candas365.es\/noticias\/wp-json\/wp\/v2\/posts\/84069\/revisions"}],"wp:featuredmedia":[{"embeddable":true,"href":"https:\/\/candas365.es\/noticias\/wp-json\/wp\/v2\/media\/84070"}],"wp:attachment":[{"href":"https:\/\/candas365.es\/noticias\/wp-json\/wp\/v2\/media?parent=84069"}],"wp:term":[{"taxonomy":"category","embeddable":true,"href":"https:\/\/candas365.es\/noticias\/wp-json\/wp\/v2\/categories?post=84069"},{"taxonomy":"post_tag","embeddable":true,"href":"https:\/\/candas365.es\/noticias\/wp-json\/wp\/v2\/tags?post=84069"}],"curies":[{"name":"wp","href":"https:\/\/api.w.org\/{rel}","templated":true}]}}