{"id":84063,"date":"2017-11-10T17:46:31","date_gmt":"2017-11-10T17:46:31","guid":{"rendered":"http:\/\/candas365.es\/noticias\/?p=84063"},"modified":"2017-11-10T17:46:31","modified_gmt":"2017-11-10T17:46:31","slug":"cocina-saludable-y-cocteles-sin-alcohol-en-carreno","status":"publish","type":"post","link":"https:\/\/candas365.es\/noticias\/cocina-saludable-y-cocteles-sin-alcohol-en-carreno\/","title":{"rendered":"\u00abCocina Saludable\u00bb y \u201cC\u00f3cteles sin Alcohol\u201d en Carre\u00f1o"},"content":{"rendered":"<p><img fetchpriority=\"high\" decoding=\"async\" class=\"alignleft size-medium wp-image-6453\" src=\"https:\/\/candas365.es\/noticias\/wp-content\/uploads\/2015\/01\/ayuntamiento-360x270.jpg\" alt=\"\" width=\"360\" height=\"270\" srcset=\"https:\/\/candas365.es\/noticias\/wp-content\/uploads\/2015\/01\/ayuntamiento-360x270.jpg 360w, https:\/\/candas365.es\/noticias\/wp-content\/uploads\/2015\/01\/ayuntamiento-640x480.jpg 640w, https:\/\/candas365.es\/noticias\/wp-content\/uploads\/2015\/01\/ayuntamiento-768x576.jpg 768w, https:\/\/candas365.es\/noticias\/wp-content\/uploads\/2015\/01\/ayuntamiento-150x113.jpg 150w, https:\/\/candas365.es\/noticias\/wp-content\/uploads\/2015\/01\/ayuntamiento-450x338.jpg 450w, https:\/\/candas365.es\/noticias\/wp-content\/uploads\/2015\/01\/ayuntamiento-80x60.jpg 80w, https:\/\/candas365.es\/noticias\/wp-content\/uploads\/2015\/01\/ayuntamiento-265x198.jpg 265w, https:\/\/candas365.es\/noticias\/wp-content\/uploads\/2015\/01\/ayuntamiento-696x522.jpg 696w, https:\/\/candas365.es\/noticias\/wp-content\/uploads\/2015\/01\/ayuntamiento-560x420.jpg 560w, https:\/\/candas365.es\/noticias\/wp-content\/uploads\/2015\/01\/ayuntamiento-90x67.jpg 90w, https:\/\/candas365.es\/noticias\/wp-content\/uploads\/2015\/01\/ayuntamiento.jpg 800w\" sizes=\"(max-width: 360px) 100vw, 360px\" \/>El Ayuntamiento de Carre\u00f1o a trav\u00e9s de la Concejal\u00eda de Juventud y la Oficina Joven de la Mancomunidad del Cabo Pe\u00f1as pone en marcha los talleres gratuitos \u00abCocina Saludable\u00bb y \u201cC\u00f3cteles sin Alcohol\u201d.<\/p>\n<p>Esta programaci\u00f3n de actividades formativas saludables se enmarcan dentro de las acciones que se realizar\u00e1n en el concejo dentro del Plan sobre Drogas para Asturias y financiado por la Consejer\u00eda de Sanidad.<\/p>\n<p>\u00abLos talleres ser\u00e1n impartidos, tras el correspondiente proceso de licitaci\u00f3n, por Magenta Consultor\u00eda. Se desarrollar\u00e1n en la Escuela de Sabores \u00abLa LLariega\u00bb ubicada en El Regueral y participar\u00e1n el Colegio San F\u00e9lix, el Colegio Poeta Ant\u00f3n, las escuelas rurales de Guimar\u00e1n-El Valle y Llorgozana y el IES de Cand\u00e1s\u00bb &#8211; explic\u00f3 la concejala del \u00e1rea Paula Cuervo.<\/p>\n<p>\u00abAdem\u00e1s abrimos un taller gratuito para familias, en el que podr\u00e1n participar todas las personas que lo deseen rellenando previamente la solicitud en la Oficina Joven Cabo Pe\u00f1as ubicada en el Centro Polivalente La Baraga\u00f1a\u00bb &#8211; continu\u00f3 la edil.<\/p>\n<p>Los talleres de \u201c Cocina saludable\u201d van dirigidos a ni\u00f1os y ni\u00f1as con edades comprendidas entre los 8 y los 12 a\u00f1os.<\/p>\n<p>Se persiguen con los mismos cinco objetivos:<\/p>\n<p>&#8211; Que conozcan los alimentos m\u00e1s recomendados para los\/as ni\u00f1os\/as<\/p>\n<p>&#8211; Que conozcan y sepan elaborar recetas creativas que resulten apetecibles para los\/as ni\u00f1os\/as.<\/p>\n<p>&#8211; Ampliar los conocimientos sobre alimentaci\u00f3n, naturaleza de los alimentos, sus colores, texturas y sabores.<\/p>\n<p>&#8211; Introducir a los\/as ni\u00f1os\/as en la cocina.<\/p>\n<p>Estos talleres se desarrollar\u00e1n los siguientes d\u00edas:<\/p>\n<p>27 y 28 de noviembre: CEIP Poeta Ant\u00f3n<\/p>\n<p>30 de noviembre: Escuelas Guimar\u00e1n- El Valle y Llorgozana.<\/p>\n<p>21 y 22 de diciembre: CEIP San F\u00e9lix<\/p>\n<p>\u00abActualmente los \u00edndices de obesidad derivado de unos malos h\u00e1bitos alimentarios en la poblaci\u00f3n joven alcanzan l\u00edmites preocupantes, consider\u00e1ndose ya un problema de salud p\u00fablica, de ah\u00ed que desde el Ayuntamiento de Carre\u00f1o vemos importante involucrar a los ni\u00f1os, las ni\u00f1as y adolescentes en una alimentaci\u00f3n saludable \u00bb coment\u00f3 Paula Cuervo.<\/p>\n<p>Los Talleres \u00abC\u00f3cteles sin alcohol\u00bb est\u00e1n destinados a j\u00f3venes con edades comprendidas entre los 12 y los 17 a\u00f1os y con ellos, se pretenden tres objetivos:<\/p>\n<p>&#8211; Sensibilizar sobre la incorporaci\u00f3n de h\u00e1bitos saludables y disociar el tiempo de ocio del consumo de bebidas alcoh\u00f3licas dando alternativas para divertirse sin necesidad de tomar alcohol.<\/p>\n<p>&#8211; Concienciar al alumnado a trav\u00e9s de actividades te\u00f3rico-pr\u00e1cticas para que eviten el consumo de alcohol.<\/p>\n<p>&#8211; Crearles una actitud de rechazo hacia el alcohol.<\/p>\n<p>El taller se desarrollar\u00e1 el 13 de diciembre con el alumnado del IES de Cand\u00e1s.<\/p>\n<p>\u201cActualmente el consumo de alcohol se inicia a los 13\/14 a\u00f1os, con todos los riegos que esta sustancia entra\u00f1a para la salud, de esta problem\u00e1tica nace este taller orientado a eliminar h\u00e1bitos nocivos y dotar a los\/as jovenes de alternativas al consumo de alcohol en el tiempo de ocio\u00bb explic\u00f3 la concejala.<\/p>\n<p>El taller \u00abcocina saludable para familias\u00bb tiene tres objetivos principales:<\/p>\n<p>&#8211; Formar a las familias de Carre\u00f1o en nutrici\u00f3n concienci\u00e1ndoles de los beneficios, tanto a nivel f\u00edsico como a nivel psicol\u00f3gico, de una cocina saludable y equilibrada.<\/p>\n<p>&#8211; Concienciar sobre la importancia de llevar una dieta saludable y equilibrada.<\/p>\n<p>&#8211; Dar herramientas nutricionales a padres y madres para que implementen en sus casas y a sus menores dietas saludables, sabrosas y divertidas.<\/p>\n<p>Este taller tendr\u00e1 lugar el 2 de Diciembre en la Escuela de Sabores \u00bb La Llariega\u00bb, la inscripci\u00f3n se puede descargar en la p\u00e1gina web del Ayuntamiento (www.ayto-carreno.es) y deber\u00e1 ser formalizada los d\u00edas 20-30 de noviembre en la Oficina Joven Cabo Pe\u00f1as ( Centro Polivalente La Baraga\u00f1a).<\/p>\n<p>\u00abCon este \u00faltimo taller gratuito y abierto a las familias de Carre\u00f1o pretendemos facilitar y proporcionar a las unidades familiares informaci\u00f3n y orientaci\u00f3n para que adquieran las herramientas necesarias para que puedan implantar en sus n\u00facleos familiares una adecuada alimentaci\u00f3n\u00bb concluy\u00f3 la concejala.<\/p>\n","protected":false},"excerpt":{"rendered":"<p>El Ayuntamiento de Carre\u00f1o a trav\u00e9s de la Concejal\u00eda de Juventud y la Oficina Joven de la Mancomunidad del Cabo Pe\u00f1as pone en marcha los talleres gratuitos \u00abCocina Saludable\u00bb y \u201cC\u00f3cteles sin Alcohol\u201d. Esta programaci\u00f3n de actividades formativas saludables se enmarcan dentro de las acciones que se realizar\u00e1n en el concejo dentro del Plan sobre<\/p>\n","protected":false},"author":1,"featured_media":6453,"comment_status":"closed","ping_status":"closed","sticky":false,"template":"","format":"standard","meta":{"footnotes":""},"categories":[2],"tags":[],"class_list":{"0":"post-84063","1":"post","2":"type-post","3":"status-publish","4":"format-standard","5":"has-post-thumbnail","7":"category-noticias-carreno"},"aioseo_notices":[],"aioseo_head":"\n\t\t<!-- All in One SEO Pro 4.9.6.2 - aioseo.com -->\n\t<meta name=\"description\" content=\"El Ayuntamiento de Carre\u00f1o a trav\u00e9s de la Concejal\u00eda de Juventud y la Oficina Joven de la Mancomunidad del Cabo Pe\u00f1as pone en marcha los talleres gratuitos &quot;Cocina Saludable&quot; y \u201cC\u00f3cteles sin Alcohol\u201d. Esta programaci\u00f3n de actividades formativas saludables se enmarcan dentro de las acciones que se realizar\u00e1n en el concejo dentro del Plan sobre\" \/>\n\t<meta name=\"robots\" content=\"max-image-preview:large\" \/>\n\t<meta name=\"author\" content=\"Cand\u00e1s 365\"\/>\n\t<meta name=\"google-site-verification\" content=\"UA-32230408-1\" \/>\n\t<meta name=\"msvalidate.01\" content=\"354F3CDFB2DA171B47FBE9ABF1F88D5\" \/>\n\t<meta name=\"keywords\" content=\"noticias carre\u00f1o\" \/>\n\t<link rel=\"canonical\" href=\"https:\/\/candas365.es\/noticias\/cocina-saludable-y-cocteles-sin-alcohol-en-carreno\/\" \/>\n\t<meta name=\"generator\" content=\"All in One SEO Pro (AIOSEO) 4.9.6.2\" \/>\n\t\t<meta property=\"og:locale\" content=\"es_ES\" \/>\n\t\t<meta property=\"og:site_name\" content=\"Cand\u00e1s 365\" \/>\n\t\t<meta property=\"og:type\" content=\"article\" \/>\n\t\t<meta property=\"og:title\" content=\"\u00abCocina Saludable\u00bb y \u201cC\u00f3cteles sin Alcohol\u201d en Carre\u00f1o | Cand\u00e1s 365\" \/>\n\t\t<meta property=\"og:description\" content=\"El Ayuntamiento de Carre\u00f1o a trav\u00e9s de la Concejal\u00eda de Juventud y la Oficina Joven de la Mancomunidad del Cabo Pe\u00f1as pone en marcha los talleres gratuitos &quot;Cocina Saludable&quot; y \u201cC\u00f3cteles sin Alcohol\u201d. Esta programaci\u00f3n de actividades formativas saludables se enmarcan dentro de las acciones que se realizar\u00e1n en el concejo dentro del Plan sobre\" \/>\n\t\t<meta property=\"og:url\" content=\"https:\/\/candas365.es\/noticias\/cocina-saludable-y-cocteles-sin-alcohol-en-carreno\/\" \/>\n\t\t<meta property=\"og:image\" content=\"https:\/\/candas365.es\/noticias\/wp-content\/uploads\/2015\/01\/ayuntamiento.jpg\" \/>\n\t\t<meta property=\"og:image:secure_url\" content=\"https:\/\/candas365.es\/noticias\/wp-content\/uploads\/2015\/01\/ayuntamiento.jpg\" \/>\n\t\t<meta property=\"og:image:width\" content=\"800\" \/>\n\t\t<meta property=\"og:image:height\" content=\"600\" \/>\n\t\t<meta property=\"article:published_time\" content=\"2017-11-10T17:46:31+00:00\" \/>\n\t\t<meta property=\"article:modified_time\" content=\"2017-11-10T17:46:31+00:00\" \/>\n\t\t<meta property=\"article:publisher\" content=\"https:\/\/www.facebook.com\/Nachofdezber\" \/>\n\t\t<meta property=\"article:author\" content=\"https:\/\/www.facebook.com\/carrenoactualidad\" \/>\n\t\t<meta name=\"twitter:card\" content=\"summary_large_image\" \/>\n\t\t<meta name=\"twitter:site\" content=\"@NabercoDigital\" \/>\n\t\t<meta name=\"twitter:title\" content=\"\u00abCocina Saludable\u00bb y \u201cC\u00f3cteles sin Alcohol\u201d en Carre\u00f1o | Cand\u00e1s 365\" \/>\n\t\t<meta name=\"twitter:description\" content=\"El Ayuntamiento de Carre\u00f1o a trav\u00e9s de la Concejal\u00eda de Juventud y la Oficina Joven de la Mancomunidad del Cabo Pe\u00f1as pone en marcha los talleres gratuitos &quot;Cocina Saludable&quot; y \u201cC\u00f3cteles sin Alcohol\u201d. Esta programaci\u00f3n de actividades formativas saludables se enmarcan dentro de las acciones que se realizar\u00e1n en el concejo dentro del Plan sobre\" \/>\n\t\t<meta name=\"twitter:creator\" content=\"@nbasturias\" \/>\n\t\t<meta name=\"twitter:image\" content=\"https:\/\/candas365.es\/noticias\/wp-content\/uploads\/2015\/01\/ayuntamiento.jpg\" \/>\n\t\t<meta name=\"twitter:label1\" content=\"Escrito por\" \/>\n\t\t<meta name=\"twitter:data1\" content=\"Cand\u00e1s 365\" \/>\n\t\t<meta name=\"twitter:label2\" content=\"Tiempo de lectura estimado\" \/>\n\t\t<meta name=\"twitter:data2\" content=\"3 minutos\" \/>\n\t\t<script type=\"application\/ld+json\" class=\"aioseo-schema\">\n\t\t\t{\"@context\":\"https:\\\/\\\/schema.org\",\"@graph\":[{\"@type\":\"BreadcrumbList\",\"@id\":\"https:\\\/\\\/candas365.es\\\/noticias\\\/cocina-saludable-y-cocteles-sin-alcohol-en-carreno\\\/#breadcrumblist\",\"itemListElement\":[{\"@type\":\"ListItem\",\"@id\":\"https:\\\/\\\/candas365.es\\\/noticias#listItem\",\"position\":1,\"name\":\"Home\",\"item\":\"https:\\\/\\\/candas365.es\\\/noticias\",\"nextItem\":{\"@type\":\"ListItem\",\"@id\":\"https:\\\/\\\/candas365.es\\\/noticias\\\/category\\\/noticias-carreno\\\/#listItem\",\"name\":\"Noticias Carre\\u00f1o\"}},{\"@type\":\"ListItem\",\"@id\":\"https:\\\/\\\/candas365.es\\\/noticias\\\/category\\\/noticias-carreno\\\/#listItem\",\"position\":2,\"name\":\"Noticias Carre\\u00f1o\",\"item\":\"https:\\\/\\\/candas365.es\\\/noticias\\\/category\\\/noticias-carreno\\\/\",\"nextItem\":{\"@type\":\"ListItem\",\"@id\":\"https:\\\/\\\/candas365.es\\\/noticias\\\/cocina-saludable-y-cocteles-sin-alcohol-en-carreno\\\/#listItem\",\"name\":\"\\u00abCocina Saludable\\u00bb y \\u201cC\\u00f3cteles sin Alcohol\\u201d en Carre\\u00f1o\"},\"previousItem\":{\"@type\":\"ListItem\",\"@id\":\"https:\\\/\\\/candas365.es\\\/noticias#listItem\",\"name\":\"Home\"}},{\"@type\":\"ListItem\",\"@id\":\"https:\\\/\\\/candas365.es\\\/noticias\\\/cocina-saludable-y-cocteles-sin-alcohol-en-carreno\\\/#listItem\",\"position\":3,\"name\":\"\\u00abCocina Saludable\\u00bb y \\u201cC\\u00f3cteles sin Alcohol\\u201d en Carre\\u00f1o\",\"previousItem\":{\"@type\":\"ListItem\",\"@id\":\"https:\\\/\\\/candas365.es\\\/noticias\\\/category\\\/noticias-carreno\\\/#listItem\",\"name\":\"Noticias Carre\\u00f1o\"}}]},{\"@type\":\"NewsArticle\",\"@id\":\"https:\\\/\\\/candas365.es\\\/noticias\\\/cocina-saludable-y-cocteles-sin-alcohol-en-carreno\\\/#newsarticle\",\"name\":\"\\u00abCocina Saludable\\u00bb y \\u201cC\\u00f3cteles sin Alcohol\\u201d en Carre\\u00f1o | Cand\\u00e1s 365\",\"headline\":\"\\u00abCocina Saludable\\u00bb y \\u201cC\\u00f3cteles sin Alcohol\\u201d en Carre\\u00f1o\",\"author\":{\"@id\":\"https:\\\/\\\/candas365.es\\\/noticias\\\/author\\\/admin\\\/#author\"},\"publisher\":{\"@id\":\"https:\\\/\\\/candas365.es\\\/noticias\\\/#organization\"},\"image\":{\"@type\":\"ImageObject\",\"url\":\"https:\\\/\\\/candas365.es\\\/noticias\\\/wp-content\\\/uploads\\\/2015\\\/01\\\/ayuntamiento.jpg\",\"width\":800,\"height\":600,\"caption\":\"Carre\\u00f1o\"},\"datePublished\":\"2017-11-10T17:46:31+01:00\",\"dateModified\":\"2017-11-10T17:46:31+01:00\",\"inLanguage\":\"es-ES\",\"mainEntityOfPage\":{\"@id\":\"https:\\\/\\\/candas365.es\\\/noticias\\\/cocina-saludable-y-cocteles-sin-alcohol-en-carreno\\\/#webpage\"},\"isPartOf\":{\"@id\":\"https:\\\/\\\/candas365.es\\\/noticias\\\/cocina-saludable-y-cocteles-sin-alcohol-en-carreno\\\/#webpage\"},\"articleSection\":\"Noticias Carre\\u00f1o\",\"dateline\":\"Publicado el noviembre 10, 2017.\"},{\"@type\":\"Organization\",\"@id\":\"https:\\\/\\\/candas365.es\\\/noticias\\\/#organization\",\"name\":\"Cand\\u00e1s 365\",\"description\":\"Cand\\u00e1s 365 es un diario digital independiente, fundado en 2012, con base en Asturias. Informamos con rigor sobre actualidad, sociedad, cultura y ocio, con una mirada local y global.\",\"url\":\"https:\\\/\\\/candas365.es\\\/noticias\\\/\",\"email\":\"info@candas365.es\",\"telephone\":\"+34652131393\",\"foundingDate\":\"2012-06-10\",\"logo\":{\"@type\":\"ImageObject\",\"url\":\"https:\\\/\\\/candas365.es\\\/noticias\\\/wp-content\\\/uploads\\\/2024\\\/09\\\/Candas-365-Redes.jpg\",\"@id\":\"https:\\\/\\\/candas365.es\\\/noticias\\\/cocina-saludable-y-cocteles-sin-alcohol-en-carreno\\\/#organizationLogo\",\"width\":1152,\"height\":864,\"caption\":\"Cand\\u00e1s 365 Redes\"},\"image\":{\"@id\":\"https:\\\/\\\/candas365.es\\\/noticias\\\/cocina-saludable-y-cocteles-sin-alcohol-en-carreno\\\/#organizationLogo\"},\"sameAs\":[\"https:\\\/\\\/www.facebook.com\\\/Nachofdezber\",\"https:\\\/\\\/x.com\\\/NabercoDigital\",\"https:\\\/\\\/www.instagram.com\\\/nachofdezber\\\/\",\"https:\\\/\\\/www.youtube.com\\\/channel\\\/UCZP-2wLEB9Rv6erhFmqVnvg\"],\"address\":{\"@id\":\"https:\\\/\\\/candas365.es\\\/noticias\\\/#postaladdress\",\"@type\":\"PostalAddress\",\"streetAddress\":\"san antonio 4, san antonio 4\",\"postalCode\":\"33430\",\"addressLocality\":\"Cand\\u00e1s\",\"addressRegion\":\"Asturias\",\"addressCountry\":\"ES\"}},{\"@type\":\"Person\",\"@id\":\"https:\\\/\\\/candas365.es\\\/noticias\\\/author\\\/admin\\\/#author\",\"url\":\"https:\\\/\\\/candas365.es\\\/noticias\\\/author\\\/admin\\\/\",\"name\":\"Cand\\u00e1s 365\",\"image\":{\"@type\":\"ImageObject\",\"@id\":\"https:\\\/\\\/candas365.es\\\/noticias\\\/cocina-saludable-y-cocteles-sin-alcohol-en-carreno\\\/#authorImage\",\"url\":\"https:\\\/\\\/secure.gravatar.com\\\/avatar\\\/496a8e03d0c493ede1718b7934145dbdf8d89be1036b0eec9544e1094c9de390?s=96&d=mm&r=g\",\"width\":96,\"height\":96,\"caption\":\"Cand\\u00e1s 365\"},\"sameAs\":[\"https:\\\/\\\/www.facebook.com\\\/carrenoactualidad\",\"https:\\\/\\\/twitter.com\\\/nbasturias\",\"https:\\\/\\\/www.instagram.com\\\/nachofdezber\\\/\",\"https:\\\/\\\/www.youtube.com\\\/channel\\\/UCZP-2wLEB9Rv6erhFmqVnvg\"]},{\"@type\":\"WebPage\",\"@id\":\"https:\\\/\\\/candas365.es\\\/noticias\\\/cocina-saludable-y-cocteles-sin-alcohol-en-carreno\\\/#webpage\",\"url\":\"https:\\\/\\\/candas365.es\\\/noticias\\\/cocina-saludable-y-cocteles-sin-alcohol-en-carreno\\\/\",\"name\":\"\\u00abCocina Saludable\\u00bb y \\u201cC\\u00f3cteles sin Alcohol\\u201d en Carre\\u00f1o | Cand\\u00e1s 365\",\"description\":\"El Ayuntamiento de Carre\\u00f1o a trav\\u00e9s de la Concejal\\u00eda de Juventud y la Oficina Joven de la Mancomunidad del Cabo Pe\\u00f1as pone en marcha los talleres gratuitos \\\"Cocina Saludable\\\" y \\u201cC\\u00f3cteles sin Alcohol\\u201d. Esta programaci\\u00f3n de actividades formativas saludables se enmarcan dentro de las acciones que se realizar\\u00e1n en el concejo dentro del Plan sobre\",\"inLanguage\":\"es-ES\",\"isPartOf\":{\"@id\":\"https:\\\/\\\/candas365.es\\\/noticias\\\/#website\"},\"breadcrumb\":{\"@id\":\"https:\\\/\\\/candas365.es\\\/noticias\\\/cocina-saludable-y-cocteles-sin-alcohol-en-carreno\\\/#breadcrumblist\"},\"author\":{\"@id\":\"https:\\\/\\\/candas365.es\\\/noticias\\\/author\\\/admin\\\/#author\"},\"creator\":{\"@id\":\"https:\\\/\\\/candas365.es\\\/noticias\\\/author\\\/admin\\\/#author\"},\"image\":{\"@type\":\"ImageObject\",\"url\":\"https:\\\/\\\/candas365.es\\\/noticias\\\/wp-content\\\/uploads\\\/2015\\\/01\\\/ayuntamiento.jpg\",\"@id\":\"https:\\\/\\\/candas365.es\\\/noticias\\\/cocina-saludable-y-cocteles-sin-alcohol-en-carreno\\\/#mainImage\",\"width\":800,\"height\":600,\"caption\":\"Carre\\u00f1o\"},\"primaryImageOfPage\":{\"@id\":\"https:\\\/\\\/candas365.es\\\/noticias\\\/cocina-saludable-y-cocteles-sin-alcohol-en-carreno\\\/#mainImage\"},\"datePublished\":\"2017-11-10T17:46:31+01:00\",\"dateModified\":\"2017-11-10T17:46:31+01:00\"},{\"@type\":\"WebSite\",\"@id\":\"https:\\\/\\\/candas365.es\\\/noticias\\\/#website\",\"url\":\"https:\\\/\\\/candas365.es\\\/noticias\\\/\",\"name\":\"Cand\\u00e1s 365\",\"alternateName\":\"Cand\\u00e1s 365 Noticias\",\"description\":\"Actualidad desde Carre\\u00f1o para el mundo\",\"inLanguage\":\"es-ES\",\"publisher\":{\"@id\":\"https:\\\/\\\/candas365.es\\\/noticias\\\/#organization\"}}]}\n\t\t<\/script>\n\t\t<!-- All in One SEO Pro -->\r\n\t\t<title>\u00abCocina Saludable\u00bb y \u201cC\u00f3cteles sin Alcohol\u201d en Carre\u00f1o | Cand\u00e1s 365<\/title>\n\n","aioseo_head_json":{"title":"\u00abCocina Saludable\u00bb y \u201cC\u00f3cteles sin Alcohol\u201d en Carre\u00f1o | Cand\u00e1s 365","description":"El Ayuntamiento de Carre\u00f1o a trav\u00e9s de la Concejal\u00eda de Juventud y la Oficina Joven de la Mancomunidad del Cabo Pe\u00f1as pone en marcha los talleres gratuitos \"Cocina Saludable\" y \u201cC\u00f3cteles sin Alcohol\u201d. Esta programaci\u00f3n de actividades formativas saludables se enmarcan dentro de las acciones que se realizar\u00e1n en el concejo dentro del Plan sobre","canonical_url":"https:\/\/candas365.es\/noticias\/cocina-saludable-y-cocteles-sin-alcohol-en-carreno\/","robots":"max-image-preview:large","keywords":"noticias carre\u00f1o","webmasterTools":{"google-site-verification":"UA-32230408-1","msvalidate.01":"354F3CDFB2DA171B47FBE9ABF1F88D5","miscellaneous":""},"schema":{"@context":"https:\/\/schema.org","@graph":[{"@type":"BreadcrumbList","@id":"https:\/\/candas365.es\/noticias\/cocina-saludable-y-cocteles-sin-alcohol-en-carreno\/#breadcrumblist","itemListElement":[{"@type":"ListItem","@id":"https:\/\/candas365.es\/noticias#listItem","position":1,"name":"Home","item":"https:\/\/candas365.es\/noticias","nextItem":{"@type":"ListItem","@id":"https:\/\/candas365.es\/noticias\/category\/noticias-carreno\/#listItem","name":"Noticias Carre\u00f1o"}},{"@type":"ListItem","@id":"https:\/\/candas365.es\/noticias\/category\/noticias-carreno\/#listItem","position":2,"name":"Noticias Carre\u00f1o","item":"https:\/\/candas365.es\/noticias\/category\/noticias-carreno\/","nextItem":{"@type":"ListItem","@id":"https:\/\/candas365.es\/noticias\/cocina-saludable-y-cocteles-sin-alcohol-en-carreno\/#listItem","name":"\u00abCocina Saludable\u00bb y \u201cC\u00f3cteles sin Alcohol\u201d en Carre\u00f1o"},"previousItem":{"@type":"ListItem","@id":"https:\/\/candas365.es\/noticias#listItem","name":"Home"}},{"@type":"ListItem","@id":"https:\/\/candas365.es\/noticias\/cocina-saludable-y-cocteles-sin-alcohol-en-carreno\/#listItem","position":3,"name":"\u00abCocina Saludable\u00bb y \u201cC\u00f3cteles sin Alcohol\u201d en Carre\u00f1o","previousItem":{"@type":"ListItem","@id":"https:\/\/candas365.es\/noticias\/category\/noticias-carreno\/#listItem","name":"Noticias Carre\u00f1o"}}]},{"@type":"NewsArticle","@id":"https:\/\/candas365.es\/noticias\/cocina-saludable-y-cocteles-sin-alcohol-en-carreno\/#newsarticle","name":"\u00abCocina Saludable\u00bb y \u201cC\u00f3cteles sin Alcohol\u201d en Carre\u00f1o | Cand\u00e1s 365","headline":"\u00abCocina Saludable\u00bb y \u201cC\u00f3cteles sin Alcohol\u201d en Carre\u00f1o","author":{"@id":"https:\/\/candas365.es\/noticias\/author\/admin\/#author"},"publisher":{"@id":"https:\/\/candas365.es\/noticias\/#organization"},"image":{"@type":"ImageObject","url":"https:\/\/candas365.es\/noticias\/wp-content\/uploads\/2015\/01\/ayuntamiento.jpg","width":800,"height":600,"caption":"Carre\u00f1o"},"datePublished":"2017-11-10T17:46:31+01:00","dateModified":"2017-11-10T17:46:31+01:00","inLanguage":"es-ES","mainEntityOfPage":{"@id":"https:\/\/candas365.es\/noticias\/cocina-saludable-y-cocteles-sin-alcohol-en-carreno\/#webpage"},"isPartOf":{"@id":"https:\/\/candas365.es\/noticias\/cocina-saludable-y-cocteles-sin-alcohol-en-carreno\/#webpage"},"articleSection":"Noticias Carre\u00f1o","dateline":"Publicado el noviembre 10, 2017."},{"@type":"Organization","@id":"https:\/\/candas365.es\/noticias\/#organization","name":"Cand\u00e1s 365","description":"Cand\u00e1s 365 es un diario digital independiente, fundado en 2012, con base en Asturias. Informamos con rigor sobre actualidad, sociedad, cultura y ocio, con una mirada local y global.","url":"https:\/\/candas365.es\/noticias\/","email":"info@candas365.es","telephone":"+34652131393","foundingDate":"2012-06-10","logo":{"@type":"ImageObject","url":"https:\/\/candas365.es\/noticias\/wp-content\/uploads\/2024\/09\/Candas-365-Redes.jpg","@id":"https:\/\/candas365.es\/noticias\/cocina-saludable-y-cocteles-sin-alcohol-en-carreno\/#organizationLogo","width":1152,"height":864,"caption":"Cand\u00e1s 365 Redes"},"image":{"@id":"https:\/\/candas365.es\/noticias\/cocina-saludable-y-cocteles-sin-alcohol-en-carreno\/#organizationLogo"},"sameAs":["https:\/\/www.facebook.com\/Nachofdezber","https:\/\/x.com\/NabercoDigital","https:\/\/www.instagram.com\/nachofdezber\/","https:\/\/www.youtube.com\/channel\/UCZP-2wLEB9Rv6erhFmqVnvg"],"address":{"@id":"https:\/\/candas365.es\/noticias\/#postaladdress","@type":"PostalAddress","streetAddress":"san antonio 4, san antonio 4","postalCode":"33430","addressLocality":"Cand\u00e1s","addressRegion":"Asturias","addressCountry":"ES"}},{"@type":"Person","@id":"https:\/\/candas365.es\/noticias\/author\/admin\/#author","url":"https:\/\/candas365.es\/noticias\/author\/admin\/","name":"Cand\u00e1s 365","image":{"@type":"ImageObject","@id":"https:\/\/candas365.es\/noticias\/cocina-saludable-y-cocteles-sin-alcohol-en-carreno\/#authorImage","url":"https:\/\/secure.gravatar.com\/avatar\/496a8e03d0c493ede1718b7934145dbdf8d89be1036b0eec9544e1094c9de390?s=96&d=mm&r=g","width":96,"height":96,"caption":"Cand\u00e1s 365"},"sameAs":["https:\/\/www.facebook.com\/carrenoactualidad","https:\/\/twitter.com\/nbasturias","https:\/\/www.instagram.com\/nachofdezber\/","https:\/\/www.youtube.com\/channel\/UCZP-2wLEB9Rv6erhFmqVnvg"]},{"@type":"WebPage","@id":"https:\/\/candas365.es\/noticias\/cocina-saludable-y-cocteles-sin-alcohol-en-carreno\/#webpage","url":"https:\/\/candas365.es\/noticias\/cocina-saludable-y-cocteles-sin-alcohol-en-carreno\/","name":"\u00abCocina Saludable\u00bb y \u201cC\u00f3cteles sin Alcohol\u201d en Carre\u00f1o | Cand\u00e1s 365","description":"El Ayuntamiento de Carre\u00f1o a trav\u00e9s de la Concejal\u00eda de Juventud y la Oficina Joven de la Mancomunidad del Cabo Pe\u00f1as pone en marcha los talleres gratuitos \"Cocina Saludable\" y \u201cC\u00f3cteles sin Alcohol\u201d. Esta programaci\u00f3n de actividades formativas saludables se enmarcan dentro de las acciones que se realizar\u00e1n en el concejo dentro del Plan sobre","inLanguage":"es-ES","isPartOf":{"@id":"https:\/\/candas365.es\/noticias\/#website"},"breadcrumb":{"@id":"https:\/\/candas365.es\/noticias\/cocina-saludable-y-cocteles-sin-alcohol-en-carreno\/#breadcrumblist"},"author":{"@id":"https:\/\/candas365.es\/noticias\/author\/admin\/#author"},"creator":{"@id":"https:\/\/candas365.es\/noticias\/author\/admin\/#author"},"image":{"@type":"ImageObject","url":"https:\/\/candas365.es\/noticias\/wp-content\/uploads\/2015\/01\/ayuntamiento.jpg","@id":"https:\/\/candas365.es\/noticias\/cocina-saludable-y-cocteles-sin-alcohol-en-carreno\/#mainImage","width":800,"height":600,"caption":"Carre\u00f1o"},"primaryImageOfPage":{"@id":"https:\/\/candas365.es\/noticias\/cocina-saludable-y-cocteles-sin-alcohol-en-carreno\/#mainImage"},"datePublished":"2017-11-10T17:46:31+01:00","dateModified":"2017-11-10T17:46:31+01:00"},{"@type":"WebSite","@id":"https:\/\/candas365.es\/noticias\/#website","url":"https:\/\/candas365.es\/noticias\/","name":"Cand\u00e1s 365","alternateName":"Cand\u00e1s 365 Noticias","description":"Actualidad desde Carre\u00f1o para el mundo","inLanguage":"es-ES","publisher":{"@id":"https:\/\/candas365.es\/noticias\/#organization"}}]},"og:locale":"es_ES","og:site_name":"Cand\u00e1s 365","og:type":"article","og:title":"\u00abCocina Saludable\u00bb y \u201cC\u00f3cteles sin Alcohol\u201d en Carre\u00f1o | Cand\u00e1s 365","og:description":"El Ayuntamiento de Carre\u00f1o a trav\u00e9s de la Concejal\u00eda de Juventud y la Oficina Joven de la Mancomunidad del Cabo Pe\u00f1as pone en marcha los talleres gratuitos &quot;Cocina Saludable&quot; y \u201cC\u00f3cteles sin Alcohol\u201d. Esta programaci\u00f3n de actividades formativas saludables se enmarcan dentro de las acciones que se realizar\u00e1n en el concejo dentro del Plan sobre","og:url":"https:\/\/candas365.es\/noticias\/cocina-saludable-y-cocteles-sin-alcohol-en-carreno\/","og:image":"https:\/\/candas365.es\/noticias\/wp-content\/uploads\/2015\/01\/ayuntamiento.jpg","og:image:secure_url":"https:\/\/candas365.es\/noticias\/wp-content\/uploads\/2015\/01\/ayuntamiento.jpg","og:image:width":800,"og:image:height":600,"article:published_time":"2017-11-10T17:46:31+00:00","article:modified_time":"2017-11-10T17:46:31+00:00","article:publisher":"https:\/\/www.facebook.com\/Nachofdezber","article:author":"https:\/\/www.facebook.com\/carrenoactualidad","twitter:card":"summary_large_image","twitter:site":"@NabercoDigital","twitter:title":"\u00abCocina Saludable\u00bb y \u201cC\u00f3cteles sin Alcohol\u201d en Carre\u00f1o | Cand\u00e1s 365","twitter:description":"El Ayuntamiento de Carre\u00f1o a trav\u00e9s de la Concejal\u00eda de Juventud y la Oficina Joven de la Mancomunidad del Cabo Pe\u00f1as pone en marcha los talleres gratuitos &quot;Cocina Saludable&quot; y \u201cC\u00f3cteles sin Alcohol\u201d. Esta programaci\u00f3n de actividades formativas saludables se enmarcan dentro de las acciones que se realizar\u00e1n en el concejo dentro del Plan sobre","twitter:creator":"@nbasturias","twitter:image":"https:\/\/candas365.es\/noticias\/wp-content\/uploads\/2015\/01\/ayuntamiento.jpg","twitter:label1":"Escrito por","twitter:data1":"Cand\u00e1s 365","twitter:label2":"Tiempo de lectura estimado","twitter:data2":"3 minutos"},"aioseo_meta_data":{"post_id":"84063","title":null,"description":null,"keywords":null,"keyphrases":null,"primary_term":null,"canonical_url":null,"og_title":null,"og_description":null,"og_object_type":"default","og_image_type":"default","og_image_url":null,"og_image_width":null,"og_image_height":null,"og_image_custom_url":null,"og_image_custom_fields":null,"og_video":null,"og_custom_url":null,"og_article_section":null,"og_article_tags":null,"twitter_use_og":false,"twitter_card":"default","twitter_image_type":"default","twitter_image_url":null,"twitter_image_custom_url":null,"twitter_image_custom_fields":null,"twitter_title":null,"twitter_description":null,"schema":{"blockGraphs":[],"customGraphs":[],"default":{"data":{"Article":[],"Course":[],"Dataset":[],"FAQPage":[],"Movie":[],"Person":[],"Product":[],"ProductReview":[],"Car":[],"Recipe":[],"Service":[],"SoftwareApplication":[],"WebPage":[]},"graphName":"","isEnabled":true},"graphs":[]},"schema_type":null,"schema_type_options":null,"pillar_content":false,"robots_default":true,"robots_noindex":false,"robots_noarchive":false,"robots_nosnippet":false,"robots_nofollow":false,"robots_noimageindex":false,"robots_noodp":false,"robots_notranslate":false,"robots_max_snippet":null,"robots_max_videopreview":null,"robots_max_imagepreview":"large","priority":null,"frequency":null,"location":null,"local_seo":null,"seo_analyzer_scan_date":"2025-08-26 05:08:18","breadcrumb_settings":null,"limit_modified_date":false,"reviewed_by":null,"open_ai":null,"ai":null,"created":"2020-12-21 12:27:58","updated":"2025-08-26 05:08:18"},"aioseo_breadcrumb":"<div class=\"aioseo-breadcrumbs\"><span class=\"aioseo-breadcrumb\">\n\t<a href=\"https:\/\/candas365.es\/noticias\" title=\"Home\">Home<\/a>\n<\/span><span class=\"aioseo-breadcrumb-separator\">&ndash;<\/span><span class=\"aioseo-breadcrumb\">\n\t<a href=\"https:\/\/candas365.es\/noticias\/category\/noticias-carreno\/\" title=\"Noticias Carre\u00f1o\">Noticias Carre\u00f1o<\/a>\n<\/span><span class=\"aioseo-breadcrumb-separator\">&ndash;<\/span><span class=\"aioseo-breadcrumb\">\n\t\u00abCocina Saludable\u00bb y \u201cC\u00f3cteles sin Alcohol\u201d en Carre\u00f1o\n<\/span><\/div>","aioseo_breadcrumb_json":[{"label":"Home","link":"https:\/\/candas365.es\/noticias"},{"label":"Noticias Carre\u00f1o","link":"https:\/\/candas365.es\/noticias\/category\/noticias-carreno\/"},{"label":"\u00abCocina Saludable\u00bb y \u201cC\u00f3cteles sin Alcohol\u201d en Carre\u00f1o","link":"https:\/\/candas365.es\/noticias\/cocina-saludable-y-cocteles-sin-alcohol-en-carreno\/"}],"_links":{"self":[{"href":"https:\/\/candas365.es\/noticias\/wp-json\/wp\/v2\/posts\/84063","targetHints":{"allow":["GET"]}}],"collection":[{"href":"https:\/\/candas365.es\/noticias\/wp-json\/wp\/v2\/posts"}],"about":[{"href":"https:\/\/candas365.es\/noticias\/wp-json\/wp\/v2\/types\/post"}],"author":[{"embeddable":true,"href":"https:\/\/candas365.es\/noticias\/wp-json\/wp\/v2\/users\/1"}],"replies":[{"embeddable":true,"href":"https:\/\/candas365.es\/noticias\/wp-json\/wp\/v2\/comments?post=84063"}],"version-history":[{"count":0,"href":"https:\/\/candas365.es\/noticias\/wp-json\/wp\/v2\/posts\/84063\/revisions"}],"wp:featuredmedia":[{"embeddable":true,"href":"https:\/\/candas365.es\/noticias\/wp-json\/wp\/v2\/media\/6453"}],"wp:attachment":[{"href":"https:\/\/candas365.es\/noticias\/wp-json\/wp\/v2\/media?parent=84063"}],"wp:term":[{"taxonomy":"category","embeddable":true,"href":"https:\/\/candas365.es\/noticias\/wp-json\/wp\/v2\/categories?post=84063"},{"taxonomy":"post_tag","embeddable":true,"href":"https:\/\/candas365.es\/noticias\/wp-json\/wp\/v2\/tags?post=84063"}],"curies":[{"name":"wp","href":"https:\/\/api.w.org\/{rel}","templated":true}]}}